{"id":1523,"date":"2013-03-21T12:45:35","date_gmt":"2013-03-21T12:45:35","guid":{"rendered":""},"modified":"2020-04-06T22:05:51","modified_gmt":"2020-04-06T20:05:51","slug":"vidhet-dhe-demtohet-rende-pjese-nga-afresku-i-onufrit-ne-kishen-e-shen-e-premtes-ne-valsh-te-elbasanit","status":"publish","type":"post","link":"https:\/\/orthodoxalbania.org\/2020\/2013\/03\/21\/vidhet-dhe-demtohet-rende-pjese-nga-afresku-i-onufrit-ne-kishen-e-shen-e-premtes-ne-valsh-te-elbasanit\/","title":{"rendered":"Vidhet dhe d\u00ebmtohet r\u00ebnd\u00eb pjes\u00eb nga afresku i Onufrit n\u00eb kish\u00ebn e Sh\u00ebn e Premtes n\u00eb Valsh t\u00eb Elbasanit. (7 Janar 2013)"},"content":{"rendered":"<p style=\"text-align: justify;\">\n\t<span style=\"font-family:tahoma,geneva,sans-serif;\"><span style=\"font-size: 12px;\"><img class=\"lazyload\" decoding=\"async\" src=\"data:image\/gif;base64,R0lGODlhAQABAAAAACH5BAEKAAEALAAAAAABAAEAAAICTAEAOw==\" data-orig-src=\"https:\/\/lh4.googleusercontent.com\/-p52J2L5u_h4\/UOwIgikBMII\/AAAAAAAABy4\/QvFLiqMvhPY\/s512\/2.jpg\" style=\"width: 200px; height: 495px; border-width: 1px; border-style: solid; margin: 10px; float: left;\" \/><\/span><\/span><\/p>\n<div style=\"text-align: justify;\">\n\t<span style=\"color:#000000;\"><span style=\"font-family: tahoma,geneva,sans-serif;\"><span style=\"font-size: 12px;\">&nbsp;&nbsp;&nbsp; N\u00eb k\u00ebto dit\u00eb t\u00eb nd\u00ebrrimit t\u00eb viteve \u00ebsht\u00eb vjedhur dhe d\u00ebmtuar r\u00ebnd\u00eb dy her\u00eb afresku&nbsp; i pikturuar nga Onufri n\u00eb kish\u00ebn e Sh\u00ebn e Premtes pran\u00eb fshatit Valsh t\u00eb Elbasanit. Kjo kish\u00eb e vog\u00ebl dhe thjesht\u00eb n\u00eb pamje, nj\u00eb nef\u00ebshe, me hajat nga per\u00ebndimi por m\u00eb unike p\u00ebrsa i perket vler\u00ebs s\u00eb afreskut, e pikturuar nga dora e Onufrit n\u00eb vitin 1554 ka q\u00ebn\u00eb gjithmon\u00eb nj\u00eb ekzemplar studimesh, analizash kimike, k\u00ebrkimesh dhe temash t\u00eb ndryshme diskutimesh shkencore n\u00eb fush\u00ebn e trash\u00ebgimis\u00eb kulturore. Jan\u00eb t\u00eb shumta referencat dhe botimet ku preken vlerat dhe teknikat e p\u00ebrdorura nga Onufri n\u00eb k\u00ebt\u00eb kish\u00eb.<\/span><\/span><\/span><\/div>\n<div style=\"text-align: justify;\">\n\t<br \/>\n\t<span style=\"color:#000000;\"><span style=\"font-family: tahoma,geneva,sans-serif;\"><span style=\"font-size: 12px;\">&nbsp;&nbsp;&nbsp; Por k\u00ebto nuk vlejn\u00eb asgj\u00eb p\u00ebr d\u00ebmtuesit dhe grabit\u00ebsit e k\u00ebtyre dit\u00ebve, t\u00eb cil\u00ebt t\u00eb qet\u00eb dhe t\u00eb pa shqet\u00ebsuar as nga organet e rendit vazhdojn\u00eb \u201cdetyr\u00ebn\u201d e tyre t\u00eb d\u00ebmtimit t\u00eb nj\u00eb nga kryeveprave t\u00eb trash\u00ebgimis\u00eb ton\u00eb kulturore.<\/span><\/span><\/span><\/div>\n<div style=\"text-align: justify;\">\n\t<br \/>\n\t<span style=\"color:#000000;\"><span style=\"font-family: tahoma,geneva,sans-serif;\"><span style=\"font-size: 12px;\">&nbsp;&nbsp;&nbsp; Nd\u00ebrhyrja e par\u00eb ka ndodhur n\u00eb dat\u00ebn 30 dhjetor \u00ebsht\u00eb konstatuar von\u00eb nga banor\u00ebt e fshatit, t\u00eb cil\u00ebt menj\u00ebh\u00ebr\u00eb kan\u00eb njoftuar policin\u00eb, drejtorin\u00eb rajonale t\u00eb monumenteve t\u00eb kultur\u00ebs dhe Kish\u00ebn Orthodhokse Autoqefale. D\u00ebmtimet dhe grabitjet e konstatuara ishin&nbsp; ishin tep\u00ebr t\u00eb r\u00ebnda. Keqb\u00ebr\u00ebsit duke mos qen\u00eb profesionist\u00eb t\u00eb \u00e7&#8217;montimeve t\u00eb afreskeve kan\u00eb d\u00ebmtuar afreskun me mjete primitive duke tentuar ta shk\u00ebpusin at\u00eb nga muri.<\/span><\/span><\/span><\/div>\n<div style=\"text-align: justify;\">\n\t<br \/>\n\t<span style=\"color:#000000;\"><span style=\"font-family: tahoma,geneva,sans-serif;\"><span style=\"font-size: 12px;\">&nbsp;&nbsp;&nbsp; Pjes\u00eb t\u00eb m\u00ebdha afresku t\u00eb th\u00ebrmuara gjendeshin n\u00eb tok\u00eb, dhe pjes\u00eb t\u00eb tjera q\u00eb mungonin fare. Duke mos hyr\u00eb shum\u00eb n\u00eb detaje t\u00eb cilat mund t\u2019i vlejn\u00eb m\u00eb mir\u00eb ekspertiz\u00ebs dhe restaurator\u00ebve, tendenca ka q\u00ebn\u00eb t\u00eb \u00e7&#8217;montohen kokat e shenjtor\u00ebve duke num\u00ebruar rreth pes\u00eb dhe p\u00ebrfshir\u00eb k\u00ebtu edhe shenjtoren e kish\u00ebs, Sh\u00ebn e Premten, ikona e s\u00eb cil\u00ebs nuk ekziston m\u00eb. \u00cbsht\u00eb e r\u00ebnd\u00ebsishme t\u00eb theksojm\u00eb se objekt i k\u00ebsaj grabitje \u00ebsht\u00eb b\u00ebr\u00eb edhe pjesa e mbishkrimit n\u00eb zon\u00ebn e sip\u00ebrme t\u00eb ikonostasit prej guri, e cila ishte jo vet\u00ebm pjes\u00eb e artit t\u00eb k\u00ebsaj kishe, por edhe burim informacioni.<\/span><\/span><\/span><\/div>\n<div style=\"text-align: justify;\">\n\t<br \/>\n\t<span style=\"color:#000000;\"><span style=\"font-family: tahoma,geneva,sans-serif;\"><span style=\"font-size: 12px;\">&nbsp;&nbsp;&nbsp;&nbsp; Pas k\u00ebtyre konstatimeve kisha u mbyll p\u00ebrs\u00ebri me \u00e7elsa t\u00eb rinj. Por duket q\u00eb reagimi i vak\u00ebt dhe pothuaj i pap\u00ebrfillsh\u00ebm nga organet kompetente b\u00ebri t\u00eb krijohej nj\u00eb situat\u00eb e sigurt\u00eb p\u00ebr keqb\u00ebr\u00ebsit t\u00eb cil\u00ebt jo m\u00eb shum\u00eb se gjasht\u00eb dit\u00eb m\u00eb von\u00eb rreth dat\u00ebs kat\u00ebr janar, realizuan nj\u00eb nd\u00ebrhyrje t\u00eb re dhe k\u00ebt\u00eb rradh\u00eb t\u00eb suksesshme duke marr\u00eb tashm\u00eb edhe pjes\u00eb t\u00eb tjera afresku. Pavar\u00ebsisht se duket e pabesueshme por afresku i Onufrit vazhdon t\u00eb vidhet ritmikisht dhe keqb\u00ebr\u00ebsit t\u00eb pa shqet\u00ebsuar nga organet e rendit t\u00eb cil\u00ebt ose jan\u00eb t\u00eb pa aft\u00eb ose na b\u00ebn t\u00eb mendojm\u00eb se jan\u00eb bashkpun\u00ebtor\u00eb t\u00eb tyre, vazhdojn\u00eb pun\u00ebn e tyre t\u00eb re tashm\u00eb t\u00eb grabitjeve t\u00eb afresk\u00ebve n\u00eb monumentet orthodhokse t\u00eb Shqip\u00ebris\u00eb.<\/span><\/span><\/span><\/div>\n<div style=\"text-align: justify;\">\n\t<br \/>\n\t<span style=\"color:#000000;\"><span style=\"font-family: tahoma,geneva,sans-serif;\"><span style=\"font-size: 12px;\">&nbsp;&nbsp;&nbsp; Duket sikur nj\u00eb periudh\u00eb e re po fillon, ajo e vjedhjes s\u00eb afresk\u00ebve, pasi u erdhi edhe fundi vjedhjeve n\u00eb vazhdim\u00ebsi t\u00eb&nbsp; ikonave, ikonostas\u00ebve, froneve t\u00eb dhespot\u00ebve, amvoneve dhe pjes\u00eb t\u00eb tjera arti t\u00eb interjeve t\u00eb kishave n\u00eb zon\u00ebn e Myzeqes\u00eb, n\u00eb zon\u00ebn e Gjirokastr\u00ebs, n\u00eb zon\u00ebn e Korc\u00ebs etj. Dhe si zakonisht gjendemi p\u00ebrball\u00eb organeve kompetente p\u00ebr ruajtjen ligj\u00ebrisht t\u00eb tyre t\u00eb cilat kan\u00eb q\u00ebn\u00eb dhe jan\u00eb n\u00eb nj\u00eb inkopetenc\u00eb t\u00eb plot\u00eb p\u00ebr kryerjen e detyr\u00ebs s\u00eb tyre.<\/span><\/span><\/span><\/div>\n<div style=\"text-align: justify;\">\n\t<br \/>\n\t<span style=\"color:#000000;\"><span style=\"font-family: tahoma,geneva,sans-serif;\"><span style=\"font-size: 12px;\">&nbsp;&nbsp;&nbsp; Duke u p\u00ebrpjekur kaq vjet dhe duke protestuar n\u00eb forma t\u00eb ndryshme kund\u00ebr k\u00ebtyre fenomeneve t\u00eb r\u00ebnda t\u00eb d\u00ebmtimit t\u00eb trash\u00ebgimis\u00eb son\u00eb kulturore, dhe p\u00ebrballe pa aftesis\u00eb s\u00eb shtetit p\u00ebr ti mbrojtur por dhe indiferenc\u00ebs s\u00eb tij e cila \u00ebsht\u00eb nj\u00eb tem\u00eb tjet\u00ebr p\u00ebr tu diskutuar, destinacioni dhe prognoza duket e qart\u00eb, do t\u00eb kemi humbje totale t\u00eb trash\u00ebgimis\u00eb s\u00eb krishter\u00eb e cila p\u00ebrb\u00ebn pjes\u00ebn m\u00eb t\u00eb r\u00ebnd\u00ebsishme t\u00eb trash\u00ebgimis\u00eb son\u00eb kulturore. Dhe n\u00eb p\u00ebrfundim mund t\u00eb shtojm\u00eb pyetjen se kujt i intereson nj\u00eb trash\u00ebgimi kulturore me vlerat e d\u00ebmtuara r\u00ebnd\u00eb t\u00eb artit kishtar orthodhoks t\u00eb cilat vijojn\u00eb ti n\u00ebnshtrohen n\u00eb vazhdim\u00ebsi ngjarjeve t\u00eb tilla si ajo q\u00eb p\u00ebrmend\u00ebm m\u00eb sip\u00ebr.&nbsp;&nbsp;&nbsp; &nbsp;<\/span><\/span><\/span><br \/>\n\t&nbsp;<\/div>\n<div style=\"text-align: right;\">\n\t<br \/>\n\t<span style=\"color:#000000;\"><span style=\"font-family: tahoma,geneva,sans-serif;\"><span style=\"font-size: 12px;\"><strong>Arkitekt Restaurator Gentian Stratob\u00ebrdha<\/strong><\/span><\/span><\/span><\/div>\n<div style=\"text-align: right;\">\n\t&nbsp;<\/div>\n<div style=\"text-align: justify;\">\n\t<span style=\"font-family:tahoma,geneva,sans-serif;\"><span style=\"font-size: 12px;\"><img class=\"lazyload\" decoding=\"async\" src=\"data:image\/gif;base64,R0lGODlhAQABAAAAACH5BAEKAAEALAAAAAABAAEAAAICTAEAOw==\" data-orig-src=\"https:\/\/lh3.googleusercontent.com\/-yTtwIU-dcuc\/UOwIf1Q7KMI\/AAAAAAAABy0\/G_H6iNErCiQ\/s640\/3.JPG\" style=\"width: 600px; height: 399px; border-width: 1px; border-style: solid; margin: 10px; float: left;\" \/><\/span><\/span><\/div>\n<div style=\"text-align: justify;\">\n\t<span style=\"font-family:tahoma,geneva,sans-serif;\"><span style=\"font-size: 12px;\"><img class=\"lazyload\" decoding=\"async\" src=\"data:image\/gif;base64,R0lGODlhAQABAAAAACH5BAEKAAEALAAAAAABAAEAAAICTAEAOw==\" data-orig-src=\"https:\/\/lh4.googleusercontent.com\/-p52J2L5u_h4\/UOwIgikBMII\/AAAAAAAABy4\/QvFLiqMvhPY\/s512\/2.jpg\" style=\"width: 600px; height: 495px; border-width: 1px; border-style: solid; margin: 10px; float: left;\" \/><\/span><\/span><\/div>\n<div style=\"text-align: justify;\">\n\t<span style=\"font-family:tahoma,geneva,sans-serif;\"><span style=\"font-size: 12px;\"><img class=\"lazyload\" decoding=\"async\" src=\"data:image\/gif;base64,R0lGODlhAQABAAAAACH5BAEKAAEALAAAAAABAAEAAAICTAEAOw==\" data-orig-src=\"https:\/\/lh5.googleusercontent.com\/-lUAacqFahIY\/UOwIgu8-sKI\/AAAAAAAABy8\/-QWmYa3NzTA\/s512\/1.jpg\" style=\"width: 600px; height: 480px; border-width: 1px; border-style: solid; margin: 10px; float: left;\" \/><\/span><\/span><br \/>\n\t&nbsp;<\/div>\n","protected":false},"excerpt":{"rendered":"<p>&nbsp;&nbsp;&nbsp; N\u00eb k\u00ebto dit\u00eb t\u00eb nd\u00ebrrimit t\u00eb viteve \u00ebsht\u00eb vjedhur dhe d\u00ebmtuar r\u00ebnd\u00eb dy her\u00eb afresku&nbsp; i pikturuar nga Onufri n\u00eb kish\u00ebn e Sh\u00ebn e Premtes pran\u00eb fshatit Valsh t\u00eb Elbasanit. Kjo kish\u00eb e vog\u00ebl dhe thjesht\u00eb n\u00eb pamje, nj\u00eb nef\u00ebshe, me hajat nga per\u00ebndimi por m\u00eb unike p\u00ebrsa i perket vler\u00ebs s\u00eb afreskut, e pikturuar nga dora e Onufrit n\u00eb vitin 1554 ka q\u00ebn\u00eb<\/p>\n","protected":false},"author":1,"featured_media":0,"comment_status":"open","ping_status":"open","sticky":false,"template":"","format":"standard","meta":{"_acf_changed":false,"pagelayer_contact_templates":[],"_pagelayer_content":"","inline_featured_image":false,"fifu_image_url":"","fifu_image_alt":"","footnotes":""},"categories":[108],"tags":[141,196,212],"class_list":["post-1523","post","type-post","status-publish","format-standard","hentry","category-lajme","tag-141","tag-tirane","tag-lajme-d27"],"acf":[],"yoast_head":"<!-- This site is optimized with the Yoast SEO plugin v27.2 - https:\/\/yoast.com\/product\/yoast-seo-wordpress\/ -->\n<title>Vidhet dhe d\u00ebmtohet r\u00ebnd\u00eb pjes\u00eb nga afresku i Onufrit n\u00eb kish\u00ebn e Sh\u00ebn e Premtes n\u00eb Valsh t\u00eb Elbasanit. (7 Janar 2013) - Kisha Orthodh\u03bfkse Autoqefale e Shqip\u00ebris\u00eb<\/title>\n<meta name=\"robots\" content=\"index, follow, max-snippet:-1, max-image-preview:large, max-video-preview:-1\" \/>\n<link rel=\"canonical\" href=\"https:\/\/orthodoxalbania.org\/2020\/2013\/03\/21\/vidhet-dhe-demtohet-rende-pjese-nga-afresku-i-onufrit-ne-kishen-e-shen-e-premtes-ne-valsh-te-elbasanit\/\" \/>\n<meta property=\"og:locale\" content=\"en_US\" \/>\n<meta property=\"og:type\" content=\"article\" \/>\n<meta property=\"og:title\" content=\"Vidhet dhe d\u00ebmtohet r\u00ebnd\u00eb pjes\u00eb nga afresku i Onufrit n\u00eb kish\u00ebn e Sh\u00ebn e Premtes n\u00eb Valsh t\u00eb Elbasanit. (7 Janar 2013) - Kisha Orthodh\u03bfkse Autoqefale e Shqip\u00ebris\u00eb\" \/>\n<meta property=\"og:description\" content=\"&nbsp;&nbsp;&nbsp; N\u00eb k\u00ebto dit\u00eb t\u00eb nd\u00ebrrimit t\u00eb viteve \u00ebsht\u00eb vjedhur dhe d\u00ebmtuar r\u00ebnd\u00eb dy her\u00eb afresku&nbsp; i pikturuar nga Onufri n\u00eb kish\u00ebn e Sh\u00ebn e Premtes pran\u00eb fshatit Valsh t\u00eb Elbasanit. Kjo kish\u00eb e vog\u00ebl dhe thjesht\u00eb n\u00eb pamje, nj\u00eb nef\u00ebshe, me hajat nga per\u00ebndimi por m\u00eb unike p\u00ebrsa i perket vler\u00ebs s\u00eb afreskut, e pikturuar nga dora e Onufrit n\u00eb vitin 1554 ka q\u00ebn\u00eb\" \/>\n<meta property=\"og:url\" content=\"https:\/\/orthodoxalbania.org\/2020\/2013\/03\/21\/vidhet-dhe-demtohet-rende-pjese-nga-afresku-i-onufrit-ne-kishen-e-shen-e-premtes-ne-valsh-te-elbasanit\/\" \/>\n<meta property=\"og:site_name\" content=\"Kisha Orthodh\u03bfkse Autoqefale e Shqip\u00ebris\u00eb\" \/>\n<meta property=\"article:publisher\" content=\"https:\/\/www.facebook.com\/koash1991\" \/>\n<meta property=\"article:published_time\" content=\"2013-03-21T12:45:35+00:00\" \/>\n<meta property=\"article:modified_time\" content=\"2020-04-06T20:05:51+00:00\" \/>\n<meta property=\"og:image\" content=\"https:\/\/lh4.googleusercontent.com\/-p52J2L5u_h4\/UOwIgikBMII\/AAAAAAAABy4\/QvFLiqMvhPY\/s512\/2.jpg\" \/>\n<meta name=\"author\" content=\"Kisha Orthodhokse\" \/>\n<meta name=\"twitter:card\" content=\"summary_large_image\" \/>\n<meta name=\"twitter:label1\" content=\"Written by\" \/>\n\t<meta name=\"twitter:data1\" content=\"Kisha Orthodhokse\" \/>\n\t<meta name=\"twitter:label2\" content=\"Est. reading time\" \/>\n\t<meta name=\"twitter:data2\" content=\"4 minutes\" \/>\n<script type=\"application\/ld+json\" class=\"yoast-schema-graph\">{\"@context\":\"https:\/\/schema.org\",\"@graph\":[{\"@type\":\"Article\",\"@id\":\"https:\/\/orthodoxalbania.org\/2020\/2013\/03\/21\/vidhet-dhe-demtohet-rende-pjese-nga-afresku-i-onufrit-ne-kishen-e-shen-e-premtes-ne-valsh-te-elbasanit\/#article\",\"isPartOf\":{\"@id\":\"https:\/\/orthodoxalbania.org\/2020\/2013\/03\/21\/vidhet-dhe-demtohet-rende-pjese-nga-afresku-i-onufrit-ne-kishen-e-shen-e-premtes-ne-valsh-te-elbasanit\/\"},\"author\":{\"name\":\"Kisha Orthodhokse\",\"@id\":\"https:\/\/orthodoxalbania.org\/2020\/#\/schema\/person\/0c387634a7063ac612d7ed9ce71c7e86\"},\"headline\":\"Vidhet dhe d\u00ebmtohet r\u00ebnd\u00eb pjes\u00eb nga afresku i Onufrit n\u00eb kish\u00ebn e Sh\u00ebn e Premtes n\u00eb Valsh t\u00eb Elbasanit. (7 Janar 2013)\",\"datePublished\":\"2013-03-21T12:45:35+00:00\",\"dateModified\":\"2020-04-06T20:05:51+00:00\",\"mainEntityOfPage\":{\"@id\":\"https:\/\/orthodoxalbania.org\/2020\/2013\/03\/21\/vidhet-dhe-demtohet-rende-pjese-nga-afresku-i-onufrit-ne-kishen-e-shen-e-premtes-ne-valsh-te-elbasanit\/\"},\"wordCount\":803,\"commentCount\":0,\"publisher\":{\"@id\":\"https:\/\/orthodoxalbania.org\/2020\/#organization\"},\"image\":{\"@id\":\"https:\/\/orthodoxalbania.org\/2020\/2013\/03\/21\/vidhet-dhe-demtohet-rende-pjese-nga-afresku-i-onufrit-ne-kishen-e-shen-e-premtes-ne-valsh-te-elbasanit\/#primaryimage\"},\"thumbnailUrl\":\"https:\/\/lh4.googleusercontent.com\/-p52J2L5u_h4\/UOwIgikBMII\/AAAAAAAABy4\/QvFLiqMvhPY\/s512\/2.jpg\",\"keywords\":[\"2013\",\"Kryepiskopata Tiran\u00eb\",\"lajme\"],\"articleSection\":[\"Lajme\"],\"inLanguage\":\"en-US\"},{\"@type\":\"WebPage\",\"@id\":\"https:\/\/orthodoxalbania.org\/2020\/2013\/03\/21\/vidhet-dhe-demtohet-rende-pjese-nga-afresku-i-onufrit-ne-kishen-e-shen-e-premtes-ne-valsh-te-elbasanit\/\",\"url\":\"https:\/\/orthodoxalbania.org\/2020\/2013\/03\/21\/vidhet-dhe-demtohet-rende-pjese-nga-afresku-i-onufrit-ne-kishen-e-shen-e-premtes-ne-valsh-te-elbasanit\/\",\"name\":\"Vidhet dhe d\u00ebmtohet r\u00ebnd\u00eb pjes\u00eb nga afresku i Onufrit n\u00eb kish\u00ebn e Sh\u00ebn e Premtes n\u00eb Valsh t\u00eb Elbasanit. (7 Janar 2013) - Kisha Orthodh\u03bfkse Autoqefale e Shqip\u00ebris\u00eb\",\"isPartOf\":{\"@id\":\"https:\/\/orthodoxalbania.org\/2020\/#website\"},\"primaryImageOfPage\":{\"@id\":\"https:\/\/orthodoxalbania.org\/2020\/2013\/03\/21\/vidhet-dhe-demtohet-rende-pjese-nga-afresku-i-onufrit-ne-kishen-e-shen-e-premtes-ne-valsh-te-elbasanit\/#primaryimage\"},\"image\":{\"@id\":\"https:\/\/orthodoxalbania.org\/2020\/2013\/03\/21\/vidhet-dhe-demtohet-rende-pjese-nga-afresku-i-onufrit-ne-kishen-e-shen-e-premtes-ne-valsh-te-elbasanit\/#primaryimage\"},\"thumbnailUrl\":\"https:\/\/lh4.googleusercontent.com\/-p52J2L5u_h4\/UOwIgikBMII\/AAAAAAAABy4\/QvFLiqMvhPY\/s512\/2.jpg\",\"datePublished\":\"2013-03-21T12:45:35+00:00\",\"dateModified\":\"2020-04-06T20:05:51+00:00\",\"breadcrumb\":{\"@id\":\"https:\/\/orthodoxalbania.org\/2020\/2013\/03\/21\/vidhet-dhe-demtohet-rende-pjese-nga-afresku-i-onufrit-ne-kishen-e-shen-e-premtes-ne-valsh-te-elbasanit\/#breadcrumb\"},\"inLanguage\":\"en-US\",\"potentialAction\":[{\"@type\":\"ReadAction\",\"target\":[\"https:\/\/orthodoxalbania.org\/2020\/2013\/03\/21\/vidhet-dhe-demtohet-rende-pjese-nga-afresku-i-onufrit-ne-kishen-e-shen-e-premtes-ne-valsh-te-elbasanit\/\"]}]},{\"@type\":\"ImageObject\",\"inLanguage\":\"en-US\",\"@id\":\"https:\/\/orthodoxalbania.org\/2020\/2013\/03\/21\/vidhet-dhe-demtohet-rende-pjese-nga-afresku-i-onufrit-ne-kishen-e-shen-e-premtes-ne-valsh-te-elbasanit\/#primaryimage\",\"url\":\"https:\/\/lh4.googleusercontent.com\/-p52J2L5u_h4\/UOwIgikBMII\/AAAAAAAABy4\/QvFLiqMvhPY\/s512\/2.jpg\",\"contentUrl\":\"https:\/\/lh4.googleusercontent.com\/-p52J2L5u_h4\/UOwIgikBMII\/AAAAAAAABy4\/QvFLiqMvhPY\/s512\/2.jpg\"},{\"@type\":\"BreadcrumbList\",\"@id\":\"https:\/\/orthodoxalbania.org\/2020\/2013\/03\/21\/vidhet-dhe-demtohet-rende-pjese-nga-afresku-i-onufrit-ne-kishen-e-shen-e-premtes-ne-valsh-te-elbasanit\/#breadcrumb\",\"itemListElement\":[{\"@type\":\"ListItem\",\"position\":1,\"name\":\"Home\",\"item\":\"https:\/\/orthodoxalbania.org\/2020\/\"},{\"@type\":\"ListItem\",\"position\":2,\"name\":\"Vidhet dhe d\u00ebmtohet r\u00ebnd\u00eb pjes\u00eb nga afresku i Onufrit n\u00eb kish\u00ebn e Sh\u00ebn e Premtes n\u00eb Valsh t\u00eb Elbasanit. (7 Janar 2013)\"}]},{\"@type\":\"WebSite\",\"@id\":\"https:\/\/orthodoxalbania.org\/2020\/#website\",\"url\":\"https:\/\/orthodoxalbania.org\/2020\/\",\"name\":\"Kisha Orthodh\u03bfkse Autoqefale e Shqip\u00ebris\u00eb\",\"description\":\"Fqja Zyrtare e Kish\u00ebs Orthodhokse Autoqefale e Shqip\u00ebris\u00eb me lajmet edhe informacionet zyrtare p\u00ebr struktur\u00ebn edhe veprimtarin e saj.\",\"publisher\":{\"@id\":\"https:\/\/orthodoxalbania.org\/2020\/#organization\"},\"potentialAction\":[{\"@type\":\"SearchAction\",\"target\":{\"@type\":\"EntryPoint\",\"urlTemplate\":\"https:\/\/orthodoxalbania.org\/2020\/?s={search_term_string}\"},\"query-input\":{\"@type\":\"PropertyValueSpecification\",\"valueRequired\":true,\"valueName\":\"search_term_string\"}}],\"inLanguage\":\"en-US\"},{\"@type\":\"Organization\",\"@id\":\"https:\/\/orthodoxalbania.org\/2020\/#organization\",\"name\":\"Kisha Orthodhokse Autoqefale e Shqip\u00ebris\u00eb\",\"url\":\"https:\/\/orthodoxalbania.org\/2020\/\",\"logo\":{\"@type\":\"ImageObject\",\"inLanguage\":\"en-US\",\"@id\":\"https:\/\/orthodoxalbania.org\/2020\/#\/schema\/logo\/image\/\",\"url\":\"https:\/\/orthodoxalbania.org\/2020\/wp-content\/uploads\/2020\/05\/albania.jpeg\",\"contentUrl\":\"https:\/\/orthodoxalbania.org\/2020\/wp-content\/uploads\/2020\/05\/albania.jpeg\",\"width\":540,\"height\":540,\"caption\":\"Kisha Orthodhokse Autoqefale e Shqip\u00ebris\u00eb\"},\"image\":{\"@id\":\"https:\/\/orthodoxalbania.org\/2020\/#\/schema\/logo\/image\/\"},\"sameAs\":[\"https:\/\/www.facebook.com\/koash1991\"]},{\"@type\":\"Person\",\"@id\":\"https:\/\/orthodoxalbania.org\/2020\/#\/schema\/person\/0c387634a7063ac612d7ed9ce71c7e86\",\"name\":\"Kisha Orthodhokse\",\"image\":{\"@type\":\"ImageObject\",\"inLanguage\":\"en-US\",\"@id\":\"https:\/\/secure.gravatar.com\/avatar\/596e7c417251e30f2fbb9c00e026fce61a695a00e51c889caded71c96cbbdde5?s=96&d=mm&r=g\",\"url\":\"https:\/\/secure.gravatar.com\/avatar\/596e7c417251e30f2fbb9c00e026fce61a695a00e51c889caded71c96cbbdde5?s=96&d=mm&r=g\",\"contentUrl\":\"https:\/\/secure.gravatar.com\/avatar\/596e7c417251e30f2fbb9c00e026fce61a695a00e51c889caded71c96cbbdde5?s=96&d=mm&r=g\",\"caption\":\"Kisha Orthodhokse\"}}]}<\/script>\n<!-- \/ Yoast SEO plugin. -->","yoast_head_json":{"title":"Vidhet dhe d\u00ebmtohet r\u00ebnd\u00eb pjes\u00eb nga afresku i Onufrit n\u00eb kish\u00ebn e Sh\u00ebn e Premtes n\u00eb Valsh t\u00eb Elbasanit. (7 Janar 2013) - Kisha Orthodh\u03bfkse Autoqefale e Shqip\u00ebris\u00eb","robots":{"index":"index","follow":"follow","max-snippet":"max-snippet:-1","max-image-preview":"max-image-preview:large","max-video-preview":"max-video-preview:-1"},"canonical":"https:\/\/orthodoxalbania.org\/2020\/2013\/03\/21\/vidhet-dhe-demtohet-rende-pjese-nga-afresku-i-onufrit-ne-kishen-e-shen-e-premtes-ne-valsh-te-elbasanit\/","og_locale":"en_US","og_type":"article","og_title":"Vidhet dhe d\u00ebmtohet r\u00ebnd\u00eb pjes\u00eb nga afresku i Onufrit n\u00eb kish\u00ebn e Sh\u00ebn e Premtes n\u00eb Valsh t\u00eb Elbasanit. (7 Janar 2013) - Kisha Orthodh\u03bfkse Autoqefale e Shqip\u00ebris\u00eb","og_description":"&nbsp;&nbsp;&nbsp; N\u00eb k\u00ebto dit\u00eb t\u00eb nd\u00ebrrimit t\u00eb viteve \u00ebsht\u00eb vjedhur dhe d\u00ebmtuar r\u00ebnd\u00eb dy her\u00eb afresku&nbsp; i pikturuar nga Onufri n\u00eb kish\u00ebn e Sh\u00ebn e Premtes pran\u00eb fshatit Valsh t\u00eb Elbasanit. Kjo kish\u00eb e vog\u00ebl dhe thjesht\u00eb n\u00eb pamje, nj\u00eb nef\u00ebshe, me hajat nga per\u00ebndimi por m\u00eb unike p\u00ebrsa i perket vler\u00ebs s\u00eb afreskut, e pikturuar nga dora e Onufrit n\u00eb vitin 1554 ka q\u00ebn\u00eb","og_url":"https:\/\/orthodoxalbania.org\/2020\/2013\/03\/21\/vidhet-dhe-demtohet-rende-pjese-nga-afresku-i-onufrit-ne-kishen-e-shen-e-premtes-ne-valsh-te-elbasanit\/","og_site_name":"Kisha Orthodh\u03bfkse Autoqefale e Shqip\u00ebris\u00eb","article_publisher":"https:\/\/www.facebook.com\/koash1991","article_published_time":"2013-03-21T12:45:35+00:00","article_modified_time":"2020-04-06T20:05:51+00:00","og_image":[{"url":"https:\/\/lh4.googleusercontent.com\/-p52J2L5u_h4\/UOwIgikBMII\/AAAAAAAABy4\/QvFLiqMvhPY\/s512\/2.jpg","type":"","width":"","height":""}],"author":"Kisha Orthodhokse","twitter_card":"summary_large_image","twitter_misc":{"Written by":"Kisha Orthodhokse","Est. reading time":"4 minutes"},"schema":{"@context":"https:\/\/schema.org","@graph":[{"@type":"Article","@id":"https:\/\/orthodoxalbania.org\/2020\/2013\/03\/21\/vidhet-dhe-demtohet-rende-pjese-nga-afresku-i-onufrit-ne-kishen-e-shen-e-premtes-ne-valsh-te-elbasanit\/#article","isPartOf":{"@id":"https:\/\/orthodoxalbania.org\/2020\/2013\/03\/21\/vidhet-dhe-demtohet-rende-pjese-nga-afresku-i-onufrit-ne-kishen-e-shen-e-premtes-ne-valsh-te-elbasanit\/"},"author":{"name":"Kisha Orthodhokse","@id":"https:\/\/orthodoxalbania.org\/2020\/#\/schema\/person\/0c387634a7063ac612d7ed9ce71c7e86"},"headline":"Vidhet dhe d\u00ebmtohet r\u00ebnd\u00eb pjes\u00eb nga afresku i Onufrit n\u00eb kish\u00ebn e Sh\u00ebn e Premtes n\u00eb Valsh t\u00eb Elbasanit. (7 Janar 2013)","datePublished":"2013-03-21T12:45:35+00:00","dateModified":"2020-04-06T20:05:51+00:00","mainEntityOfPage":{"@id":"https:\/\/orthodoxalbania.org\/2020\/2013\/03\/21\/vidhet-dhe-demtohet-rende-pjese-nga-afresku-i-onufrit-ne-kishen-e-shen-e-premtes-ne-valsh-te-elbasanit\/"},"wordCount":803,"commentCount":0,"publisher":{"@id":"https:\/\/orthodoxalbania.org\/2020\/#organization"},"image":{"@id":"https:\/\/orthodoxalbania.org\/2020\/2013\/03\/21\/vidhet-dhe-demtohet-rende-pjese-nga-afresku-i-onufrit-ne-kishen-e-shen-e-premtes-ne-valsh-te-elbasanit\/#primaryimage"},"thumbnailUrl":"https:\/\/lh4.googleusercontent.com\/-p52J2L5u_h4\/UOwIgikBMII\/AAAAAAAABy4\/QvFLiqMvhPY\/s512\/2.jpg","keywords":["2013","Kryepiskopata Tiran\u00eb","lajme"],"articleSection":["Lajme"],"inLanguage":"en-US"},{"@type":"WebPage","@id":"https:\/\/orthodoxalbania.org\/2020\/2013\/03\/21\/vidhet-dhe-demtohet-rende-pjese-nga-afresku-i-onufrit-ne-kishen-e-shen-e-premtes-ne-valsh-te-elbasanit\/","url":"https:\/\/orthodoxalbania.org\/2020\/2013\/03\/21\/vidhet-dhe-demtohet-rende-pjese-nga-afresku-i-onufrit-ne-kishen-e-shen-e-premtes-ne-valsh-te-elbasanit\/","name":"Vidhet dhe d\u00ebmtohet r\u00ebnd\u00eb pjes\u00eb nga afresku i Onufrit n\u00eb kish\u00ebn e Sh\u00ebn e Premtes n\u00eb Valsh t\u00eb Elbasanit. (7 Janar 2013) - Kisha Orthodh\u03bfkse Autoqefale e Shqip\u00ebris\u00eb","isPartOf":{"@id":"https:\/\/orthodoxalbania.org\/2020\/#website"},"primaryImageOfPage":{"@id":"https:\/\/orthodoxalbania.org\/2020\/2013\/03\/21\/vidhet-dhe-demtohet-rende-pjese-nga-afresku-i-onufrit-ne-kishen-e-shen-e-premtes-ne-valsh-te-elbasanit\/#primaryimage"},"image":{"@id":"https:\/\/orthodoxalbania.org\/2020\/2013\/03\/21\/vidhet-dhe-demtohet-rende-pjese-nga-afresku-i-onufrit-ne-kishen-e-shen-e-premtes-ne-valsh-te-elbasanit\/#primaryimage"},"thumbnailUrl":"https:\/\/lh4.googleusercontent.com\/-p52J2L5u_h4\/UOwIgikBMII\/AAAAAAAABy4\/QvFLiqMvhPY\/s512\/2.jpg","datePublished":"2013-03-21T12:45:35+00:00","dateModified":"2020-04-06T20:05:51+00:00","breadcrumb":{"@id":"https:\/\/orthodoxalbania.org\/2020\/2013\/03\/21\/vidhet-dhe-demtohet-rende-pjese-nga-afresku-i-onufrit-ne-kishen-e-shen-e-premtes-ne-valsh-te-elbasanit\/#breadcrumb"},"inLanguage":"en-US","potentialAction":[{"@type":"ReadAction","target":["https:\/\/orthodoxalbania.org\/2020\/2013\/03\/21\/vidhet-dhe-demtohet-rende-pjese-nga-afresku-i-onufrit-ne-kishen-e-shen-e-premtes-ne-valsh-te-elbasanit\/"]}]},{"@type":"ImageObject","inLanguage":"en-US","@id":"https:\/\/orthodoxalbania.org\/2020\/2013\/03\/21\/vidhet-dhe-demtohet-rende-pjese-nga-afresku-i-onufrit-ne-kishen-e-shen-e-premtes-ne-valsh-te-elbasanit\/#primaryimage","url":"https:\/\/lh4.googleusercontent.com\/-p52J2L5u_h4\/UOwIgikBMII\/AAAAAAAABy4\/QvFLiqMvhPY\/s512\/2.jpg","contentUrl":"https:\/\/lh4.googleusercontent.com\/-p52J2L5u_h4\/UOwIgikBMII\/AAAAAAAABy4\/QvFLiqMvhPY\/s512\/2.jpg"},{"@type":"BreadcrumbList","@id":"https:\/\/orthodoxalbania.org\/2020\/2013\/03\/21\/vidhet-dhe-demtohet-rende-pjese-nga-afresku-i-onufrit-ne-kishen-e-shen-e-premtes-ne-valsh-te-elbasanit\/#breadcrumb","itemListElement":[{"@type":"ListItem","position":1,"name":"Home","item":"https:\/\/orthodoxalbania.org\/2020\/"},{"@type":"ListItem","position":2,"name":"Vidhet dhe d\u00ebmtohet r\u00ebnd\u00eb pjes\u00eb nga afresku i Onufrit n\u00eb kish\u00ebn e Sh\u00ebn e Premtes n\u00eb Valsh t\u00eb Elbasanit. (7 Janar 2013)"}]},{"@type":"WebSite","@id":"https:\/\/orthodoxalbania.org\/2020\/#website","url":"https:\/\/orthodoxalbania.org\/2020\/","name":"Kisha Orthodh\u03bfkse Autoqefale e Shqip\u00ebris\u00eb","description":"Fqja Zyrtare e Kish\u00ebs Orthodhokse Autoqefale e Shqip\u00ebris\u00eb me lajmet edhe informacionet zyrtare p\u00ebr struktur\u00ebn edhe veprimtarin e saj.","publisher":{"@id":"https:\/\/orthodoxalbania.org\/2020\/#organization"},"potentialAction":[{"@type":"SearchAction","target":{"@type":"EntryPoint","urlTemplate":"https:\/\/orthodoxalbania.org\/2020\/?s={search_term_string}"},"query-input":{"@type":"PropertyValueSpecification","valueRequired":true,"valueName":"search_term_string"}}],"inLanguage":"en-US"},{"@type":"Organization","@id":"https:\/\/orthodoxalbania.org\/2020\/#organization","name":"Kisha Orthodhokse Autoqefale e Shqip\u00ebris\u00eb","url":"https:\/\/orthodoxalbania.org\/2020\/","logo":{"@type":"ImageObject","inLanguage":"en-US","@id":"https:\/\/orthodoxalbania.org\/2020\/#\/schema\/logo\/image\/","url":"https:\/\/orthodoxalbania.org\/2020\/wp-content\/uploads\/2020\/05\/albania.jpeg","contentUrl":"https:\/\/orthodoxalbania.org\/2020\/wp-content\/uploads\/2020\/05\/albania.jpeg","width":540,"height":540,"caption":"Kisha Orthodhokse Autoqefale e Shqip\u00ebris\u00eb"},"image":{"@id":"https:\/\/orthodoxalbania.org\/2020\/#\/schema\/logo\/image\/"},"sameAs":["https:\/\/www.facebook.com\/koash1991"]},{"@type":"Person","@id":"https:\/\/orthodoxalbania.org\/2020\/#\/schema\/person\/0c387634a7063ac612d7ed9ce71c7e86","name":"Kisha Orthodhokse","image":{"@type":"ImageObject","inLanguage":"en-US","@id":"https:\/\/secure.gravatar.com\/avatar\/596e7c417251e30f2fbb9c00e026fce61a695a00e51c889caded71c96cbbdde5?s=96&d=mm&r=g","url":"https:\/\/secure.gravatar.com\/avatar\/596e7c417251e30f2fbb9c00e026fce61a695a00e51c889caded71c96cbbdde5?s=96&d=mm&r=g","contentUrl":"https:\/\/secure.gravatar.com\/avatar\/596e7c417251e30f2fbb9c00e026fce61a695a00e51c889caded71c96cbbdde5?s=96&d=mm&r=g","caption":"Kisha Orthodhokse"}}]}},"_links":{"self":[{"href":"https:\/\/orthodoxalbania.org\/2020\/wp-json\/wp\/v2\/posts\/1523","targetHints":{"allow":["GET"]}}],"collection":[{"href":"https:\/\/orthodoxalbania.org\/2020\/wp-json\/wp\/v2\/posts"}],"about":[{"href":"https:\/\/orthodoxalbania.org\/2020\/wp-json\/wp\/v2\/types\/post"}],"author":[{"embeddable":true,"href":"https:\/\/orthodoxalbania.org\/2020\/wp-json\/wp\/v2\/users\/1"}],"replies":[{"embeddable":true,"href":"https:\/\/orthodoxalbania.org\/2020\/wp-json\/wp\/v2\/comments?post=1523"}],"version-history":[{"count":1,"href":"https:\/\/orthodoxalbania.org\/2020\/wp-json\/wp\/v2\/posts\/1523\/revisions"}],"predecessor-version":[{"id":15259,"href":"https:\/\/orthodoxalbania.org\/2020\/wp-json\/wp\/v2\/posts\/1523\/revisions\/15259"}],"wp:attachment":[{"href":"https:\/\/orthodoxalbania.org\/2020\/wp-json\/wp\/v2\/media?parent=1523"}],"wp:term":[{"taxonomy":"category","embeddable":true,"href":"https:\/\/orthodoxalbania.org\/2020\/wp-json\/wp\/v2\/categories?post=1523"},{"taxonomy":"post_tag","embeddable":true,"href":"https:\/\/orthodoxalbania.org\/2020\/wp-json\/wp\/v2\/tags?post=1523"}],"curies":[{"name":"wp","href":"https:\/\/api.w.org\/{rel}","templated":true}]}}