{"id":1522,"date":"2014-02-25T09:31:02","date_gmt":"2014-02-25T09:31:02","guid":{"rendered":""},"modified":"2020-04-06T22:05:20","modified_gmt":"2020-04-06T20:05:20","slug":"veprimtari-te-zyres-diakonia-agapes-te-kishes-dita-e-evropes-lindore","status":"publish","type":"post","link":"https:\/\/orthodoxalbania.org\/2020\/2014\/02\/25\/veprimtari-te-zyres-diakonia-agapes-te-kishes-dita-e-evropes-lindore\/","title":{"rendered":"Veprimtari t\u00eb Zyr\u00ebs Diakonia-Agapes t\u00eb Kish\u00ebs &#8211; Dita e Evrop\u00ebs Lindore. (25 Janar 2014)"},"content":{"rendered":"<p style=\"text-align: justify;\"><span style=\"font-family: helvetica; font-size: 12pt;\"><span style=\"color: #000000;\"><\/span><\/span><\/p>\n<p> <\/p>\n<p style=\"text-align: justify;\"><span style=\"font-family: helvetica; font-size: 12pt;\"><span style=\"color: #000000;\">&nbsp;&nbsp;&nbsp;<\/span><span style=\"color: #000000;\"> Edicioni i 26-t\u00eb i Dit\u00ebs s\u00eb Evrop\u00ebs Lindore, i mbajtur nga organizata humanitare zvicerane HEKS, m\u00eb 25 janar 2014 n\u00eb Zyrih, mblodhi s\u00eb bashku pes\u00eb organizata joqeveritare nga ky rajon, p\u00ebr t\u00eb prezantuar tek t\u00eb ftuarit kryesisht nga Zvicra, sh\u00ebrbimet sociale n\u00eb ndihm\u00eb t\u00eb grupeve n\u00eb nevoj\u00eb. <\/span><\/span><\/p>\n<p style=\"text-align: justify;\"><span style=\"color: #000000; font-size: 12pt; font-family: helvetica;\">&nbsp;&nbsp;&nbsp; Kryefjala e takimit ishte bashk\u00ebpunimi mes organizatave joqeveritare dhe institucioneve publike n\u00eb sektorin social. K\u00ebt\u00eb vit, i cili ishte i treti p\u00ebr nga pjes\u00ebmarrja, Kisha Orthodhokse Autoqefale e Shqip\u00ebris\u00eb, u prezantua me aktivitetin e zyr\u00ebs s\u00eb saj, Diakonia Agapes, dhe konkretisht me projektin \u201cFuqizim dhe praktika institucionale gjith\u00ebp\u00ebrfshir\u00ebse p\u00ebr komunitetin Egjiptian t\u00eb Shushic\u00ebs, Elbasan\u201d. Projekti i cili financohet nga HEKS, gjat\u00eb periudh\u00ebs korrik 2013 &#8211; maj 2014, synon t\u00eb rris\u00eb nd\u00ebrgjegj\u00ebsimin e komunitetit Egjiptian, si dhe institucioneve publike n\u00eb Shushic\u00eb, p\u00ebr t\u00eb drejtat e minoritetit Egjiptian. <\/span><\/p>\n<p style=\"text-align: justify;\"><span style=\"color: #000000; font-size: 12pt; font-family: helvetica;\">&nbsp;&nbsp;&nbsp; Aktivitetet synojn\u00eb t\u00eb p\u00ebrcjellin mesazhin e domosdoshm\u00ebris\u00eb s\u00eb njohjes dhe zbatimit t\u00eb kuadrit ligjor nga institucionet publike, me q\u00ebllim fuqizimin dhe rritjen e p\u00ebrfshirjes sociale t\u00eb k\u00ebtij komuniteti. Ajo q\u00eb u vler\u00ebsua nd\u00ebr t\u00eb tjera nga pjes\u00ebmarr\u00ebsit n\u00eb aktivitet, ishte m\u00ebnyra e zbatimit t\u00eb k\u00ebtij projekti nga Diakonia Agapes, q\u00eb i jep p\u00ebrpar\u00ebsi fuqizimit t\u00eb deg\u00ebs s\u00eb re lokale t\u00eb shoqat\u00ebs \u201cSfinksi\u201d t\u00eb Egjiptian\u00ebve t\u00eb Shqip\u00ebris\u00eb, p\u00ebr p\u00ebrfaq\u00ebsimin e k\u00ebtij komuniteti, identifikimit t\u00eb problemeve, gjetjes s\u00eb zgjidhjeve n\u00eb bashk\u00ebpunim me institucionet lokale dhe qendrore. Diakonia Agapes ushtron aktivitetin e saj q\u00eb prej vitit 1998, me misionin t\u00eb shpreh\u00eb dashurin\u00eb sakrifikuese t\u00eb Per\u00ebndis\u00eb p\u00ebr t\u00eb gjith\u00eb njer\u00ebzimin duke punuar ve\u00e7an\u00ebrisht me grupet sociale m\u00eb n\u00eb nevoj\u00eb t\u00eb shoq\u00ebris\u00eb. <\/span><\/p>\n<p style=\"text-align: justify;\"><span style=\"color: #000000; font-size: 12pt; font-family: helvetica;\">&nbsp;&nbsp;&nbsp; Gjat\u00eb aktivitetit \u201cDita e Evrop\u00ebs Lindore\u201d, pjes\u00ebmarr\u00ebsit pat\u00ebn rastin t\u00eb prezantohen edhe nj\u00eb her\u00eb me nismat sociale dhe zhvilluese t\u00eb Kish\u00ebs Orthodhokse Autoqefale t\u00eb Shqip\u00ebris\u00eb, e cila prej vitesh \u00ebsht\u00eb e pranishme me p\u00ebrpjekjet e saj p\u00ebr p\u00ebrparimin e shoq\u00ebris\u00eb shqiptare dhe bashkekzistenc\u00ebs n\u00eb nj\u00eb shoq\u00ebri me dashuri.<\/span><br \/><span style=\"font-size: 12pt; font-family: helvetica;\"> &nbsp;<\/span><\/p>\n<p style=\"text-align: right;\"><span style=\"color: #000000; font-size: 12pt; font-family: helvetica;\"> <strong>Oltiana Ndroqi<\/strong><\/span><\/p>\n<p style=\"text-align: right;\">&nbsp;<\/p>\n<p><span style=\"color: #000000;\"><span style=\"font-family: tahoma,geneva,sans-serif;\"><span style=\"font-size: 12px;\"><strong><img decoding=\"async\" class=\"lazyload HAa Eha\" style=\"height: 450px; width: 600px; margin: 10px auto; border-width: 1px; border-style: solid; display: block;\" alt=\"\" src=\"data:image\/gif;base64,R0lGODlhAQABAAAAACH5BAEKAAEALAAAAAABAAEAAAICTAEAOw==\" data-orig-src=\"https:\/\/lh6.googleusercontent.com\/nuYa62BW2zhIYbjX4zdiUOoE_S5ymlOE6ZDjoi3uCWQ=w958-h719-no\" \/><\/strong><\/span><\/span><\/span><\/p>\n","protected":false},"excerpt":{"rendered":"<p>&nbsp;&nbsp;&nbsp; Edicioni i 26-t\u00eb i Dit\u00ebs s\u00eb Evrop\u00ebs Lindore, i mbajtur nga organizata humanitare zvicerane HEKS, m\u00eb 25 janar 2014 n\u00eb Zyrih, mblodhi s\u00eb bashku pes\u00eb organizata joqeveritare nga ky rajon, p\u00ebr t\u00eb prezantuar tek t\u00eb ftuarit kryesisht nga Zvicra, sh\u00ebrbimet sociale n\u00eb ndihm\u00eb t\u00eb grupeve n\u00eb nevoj\u00eb. &nbsp;&nbsp;&nbsp; Kryefjala e takimit ishte bashk\u00ebpunimi mes organizatave joqeveritare dhe institucioneve publike n\u00eb sektorin social. K\u00ebt\u00eb vit,<\/p>\n","protected":false},"author":1,"featured_media":249,"comment_status":"open","ping_status":"open","sticky":false,"template":"","format":"standard","meta":{"_acf_changed":false,"pagelayer_contact_templates":[],"_pagelayer_content":"","inline_featured_image":false,"fifu_image_url":"","fifu_image_alt":"","footnotes":""},"categories":[108],"tags":[140,154,196,212,174],"class_list":["post-1522","post","type-post","status-publish","format-standard","has-post-thumbnail","hentry","category-lajme","tag-140","tag-aktivitete","tag-tirane","tag-lajme-d27","tag-diakonia-agapes"],"acf":[],"yoast_head":"<!-- This site is optimized with the Yoast SEO plugin v27.2 - https:\/\/yoast.com\/product\/yoast-seo-wordpress\/ -->\n<title>Veprimtari t\u00eb Zyr\u00ebs Diakonia-Agapes t\u00eb Kish\u00ebs - Dita e Evrop\u00ebs Lindore. (25 Janar 2014) - Kisha Orthodh\u03bfkse Autoqefale e Shqip\u00ebris\u00eb<\/title>\n<meta name=\"robots\" content=\"index, follow, max-snippet:-1, max-image-preview:large, max-video-preview:-1\" \/>\n<link rel=\"canonical\" href=\"https:\/\/orthodoxalbania.org\/2020\/2014\/02\/25\/veprimtari-te-zyres-diakonia-agapes-te-kishes-dita-e-evropes-lindore\/\" \/>\n<meta property=\"og:locale\" content=\"en_US\" \/>\n<meta property=\"og:type\" content=\"article\" \/>\n<meta property=\"og:title\" content=\"Veprimtari t\u00eb Zyr\u00ebs Diakonia-Agapes t\u00eb Kish\u00ebs - Dita e Evrop\u00ebs Lindore. (25 Janar 2014) - Kisha Orthodh\u03bfkse Autoqefale e Shqip\u00ebris\u00eb\" \/>\n<meta property=\"og:description\" content=\"&nbsp;&nbsp;&nbsp; Edicioni i 26-t\u00eb i Dit\u00ebs s\u00eb Evrop\u00ebs Lindore, i mbajtur nga organizata humanitare zvicerane HEKS, m\u00eb 25 janar 2014 n\u00eb Zyrih, mblodhi s\u00eb bashku pes\u00eb organizata joqeveritare nga ky rajon, p\u00ebr t\u00eb prezantuar tek t\u00eb ftuarit kryesisht nga Zvicra, sh\u00ebrbimet sociale n\u00eb ndihm\u00eb t\u00eb grupeve n\u00eb nevoj\u00eb. &nbsp;&nbsp;&nbsp; Kryefjala e takimit ishte bashk\u00ebpunimi mes organizatave joqeveritare dhe institucioneve publike n\u00eb sektorin social. K\u00ebt\u00eb vit,\" \/>\n<meta property=\"og:url\" content=\"https:\/\/orthodoxalbania.org\/2020\/2014\/02\/25\/veprimtari-te-zyres-diakonia-agapes-te-kishes-dita-e-evropes-lindore\/\" \/>\n<meta property=\"og:site_name\" content=\"Kisha Orthodh\u03bfkse Autoqefale e Shqip\u00ebris\u00eb\" \/>\n<meta property=\"article:publisher\" content=\"https:\/\/www.facebook.com\/koash1991\" \/>\n<meta property=\"article:published_time\" content=\"2014-02-25T09:31:02+00:00\" \/>\n<meta property=\"article:modified_time\" content=\"2020-04-06T20:05:20+00:00\" \/>\n<meta property=\"og:image\" content=\"https:\/\/orthodoxalbania.org\/2020\/wp-content\/uploads\/2020\/04\/nuYa62BW2zhIYbjX4zdiUOoE_S5ymlOE6ZDjoi3uCWQ-w958-h719-no.jpg\" \/>\n\t<meta property=\"og:image:width\" content=\"958\" \/>\n\t<meta property=\"og:image:height\" content=\"718\" \/>\n\t<meta property=\"og:image:type\" content=\"image\/jpeg\" \/>\n<meta name=\"author\" content=\"Kisha Orthodhokse\" \/>\n<meta name=\"twitter:card\" content=\"summary_large_image\" \/>\n<meta name=\"twitter:label1\" content=\"Written by\" \/>\n\t<meta name=\"twitter:data1\" content=\"Kisha Orthodhokse\" \/>\n\t<meta name=\"twitter:label2\" content=\"Est. reading time\" \/>\n\t<meta name=\"twitter:data2\" content=\"2 minutes\" \/>\n<script type=\"application\/ld+json\" class=\"yoast-schema-graph\">{\"@context\":\"https:\/\/schema.org\",\"@graph\":[{\"@type\":\"Article\",\"@id\":\"https:\/\/orthodoxalbania.org\/2020\/2014\/02\/25\/veprimtari-te-zyres-diakonia-agapes-te-kishes-dita-e-evropes-lindore\/#article\",\"isPartOf\":{\"@id\":\"https:\/\/orthodoxalbania.org\/2020\/2014\/02\/25\/veprimtari-te-zyres-diakonia-agapes-te-kishes-dita-e-evropes-lindore\/\"},\"author\":{\"name\":\"Kisha Orthodhokse\",\"@id\":\"https:\/\/orthodoxalbania.org\/2020\/#\/schema\/person\/0c387634a7063ac612d7ed9ce71c7e86\"},\"headline\":\"Veprimtari t\u00eb Zyr\u00ebs Diakonia-Agapes t\u00eb Kish\u00ebs &#8211; Dita e Evrop\u00ebs Lindore. (25 Janar 2014)\",\"datePublished\":\"2014-02-25T09:31:02+00:00\",\"dateModified\":\"2020-04-06T20:05:20+00:00\",\"mainEntityOfPage\":{\"@id\":\"https:\/\/orthodoxalbania.org\/2020\/2014\/02\/25\/veprimtari-te-zyres-diakonia-agapes-te-kishes-dita-e-evropes-lindore\/\"},\"wordCount\":383,\"commentCount\":0,\"publisher\":{\"@id\":\"https:\/\/orthodoxalbania.org\/2020\/#organization\"},\"image\":{\"@id\":\"https:\/\/orthodoxalbania.org\/2020\/2014\/02\/25\/veprimtari-te-zyres-diakonia-agapes-te-kishes-dita-e-evropes-lindore\/#primaryimage\"},\"thumbnailUrl\":\"https:\/\/orthodoxalbania.org\/2020\/wp-content\/uploads\/2020\/04\/nuYa62BW2zhIYbjX4zdiUOoE_S5ymlOE6ZDjoi3uCWQ-w958-h719-no.jpg\",\"keywords\":[\"2014\",\"Aktivitete\",\"Kryepiskopata Tiran\u00eb\",\"lajme\",\"Zyra \\\"Sh\u00ebrbimi i Dashuris\u00eb\\\"\"],\"articleSection\":[\"Lajme\"],\"inLanguage\":\"en-US\"},{\"@type\":\"WebPage\",\"@id\":\"https:\/\/orthodoxalbania.org\/2020\/2014\/02\/25\/veprimtari-te-zyres-diakonia-agapes-te-kishes-dita-e-evropes-lindore\/\",\"url\":\"https:\/\/orthodoxalbania.org\/2020\/2014\/02\/25\/veprimtari-te-zyres-diakonia-agapes-te-kishes-dita-e-evropes-lindore\/\",\"name\":\"Veprimtari t\u00eb Zyr\u00ebs Diakonia-Agapes t\u00eb Kish\u00ebs - Dita e Evrop\u00ebs Lindore. (25 Janar 2014) - Kisha Orthodh\u03bfkse Autoqefale e Shqip\u00ebris\u00eb\",\"isPartOf\":{\"@id\":\"https:\/\/orthodoxalbania.org\/2020\/#website\"},\"primaryImageOfPage\":{\"@id\":\"https:\/\/orthodoxalbania.org\/2020\/2014\/02\/25\/veprimtari-te-zyres-diakonia-agapes-te-kishes-dita-e-evropes-lindore\/#primaryimage\"},\"image\":{\"@id\":\"https:\/\/orthodoxalbania.org\/2020\/2014\/02\/25\/veprimtari-te-zyres-diakonia-agapes-te-kishes-dita-e-evropes-lindore\/#primaryimage\"},\"thumbnailUrl\":\"https:\/\/orthodoxalbania.org\/2020\/wp-content\/uploads\/2020\/04\/nuYa62BW2zhIYbjX4zdiUOoE_S5ymlOE6ZDjoi3uCWQ-w958-h719-no.jpg\",\"datePublished\":\"2014-02-25T09:31:02+00:00\",\"dateModified\":\"2020-04-06T20:05:20+00:00\",\"breadcrumb\":{\"@id\":\"https:\/\/orthodoxalbania.org\/2020\/2014\/02\/25\/veprimtari-te-zyres-diakonia-agapes-te-kishes-dita-e-evropes-lindore\/#breadcrumb\"},\"inLanguage\":\"en-US\",\"potentialAction\":[{\"@type\":\"ReadAction\",\"target\":[\"https:\/\/orthodoxalbania.org\/2020\/2014\/02\/25\/veprimtari-te-zyres-diakonia-agapes-te-kishes-dita-e-evropes-lindore\/\"]}]},{\"@type\":\"ImageObject\",\"inLanguage\":\"en-US\",\"@id\":\"https:\/\/orthodoxalbania.org\/2020\/2014\/02\/25\/veprimtari-te-zyres-diakonia-agapes-te-kishes-dita-e-evropes-lindore\/#primaryimage\",\"url\":\"https:\/\/orthodoxalbania.org\/2020\/wp-content\/uploads\/2020\/04\/nuYa62BW2zhIYbjX4zdiUOoE_S5ymlOE6ZDjoi3uCWQ-w958-h719-no.jpg\",\"contentUrl\":\"https:\/\/orthodoxalbania.org\/2020\/wp-content\/uploads\/2020\/04\/nuYa62BW2zhIYbjX4zdiUOoE_S5ymlOE6ZDjoi3uCWQ-w958-h719-no.jpg\",\"width\":958,\"height\":718},{\"@type\":\"BreadcrumbList\",\"@id\":\"https:\/\/orthodoxalbania.org\/2020\/2014\/02\/25\/veprimtari-te-zyres-diakonia-agapes-te-kishes-dita-e-evropes-lindore\/#breadcrumb\",\"itemListElement\":[{\"@type\":\"ListItem\",\"position\":1,\"name\":\"Home\",\"item\":\"https:\/\/orthodoxalbania.org\/2020\/\"},{\"@type\":\"ListItem\",\"position\":2,\"name\":\"Veprimtari t\u00eb Zyr\u00ebs Diakonia-Agapes t\u00eb Kish\u00ebs &#8211; Dita e Evrop\u00ebs Lindore. (25 Janar 2014)\"}]},{\"@type\":\"WebSite\",\"@id\":\"https:\/\/orthodoxalbania.org\/2020\/#website\",\"url\":\"https:\/\/orthodoxalbania.org\/2020\/\",\"name\":\"Kisha Orthodh\u03bfkse Autoqefale e Shqip\u00ebris\u00eb\",\"description\":\"Fqja Zyrtare e Kish\u00ebs Orthodhokse Autoqefale e Shqip\u00ebris\u00eb me lajmet edhe informacionet zyrtare p\u00ebr struktur\u00ebn edhe veprimtarin e saj.\",\"publisher\":{\"@id\":\"https:\/\/orthodoxalbania.org\/2020\/#organization\"},\"potentialAction\":[{\"@type\":\"SearchAction\",\"target\":{\"@type\":\"EntryPoint\",\"urlTemplate\":\"https:\/\/orthodoxalbania.org\/2020\/?s={search_term_string}\"},\"query-input\":{\"@type\":\"PropertyValueSpecification\",\"valueRequired\":true,\"valueName\":\"search_term_string\"}}],\"inLanguage\":\"en-US\"},{\"@type\":\"Organization\",\"@id\":\"https:\/\/orthodoxalbania.org\/2020\/#organization\",\"name\":\"Kisha Orthodhokse Autoqefale e Shqip\u00ebris\u00eb\",\"url\":\"https:\/\/orthodoxalbania.org\/2020\/\",\"logo\":{\"@type\":\"ImageObject\",\"inLanguage\":\"en-US\",\"@id\":\"https:\/\/orthodoxalbania.org\/2020\/#\/schema\/logo\/image\/\",\"url\":\"https:\/\/orthodoxalbania.org\/2020\/wp-content\/uploads\/2020\/05\/albania.jpeg\",\"contentUrl\":\"https:\/\/orthodoxalbania.org\/2020\/wp-content\/uploads\/2020\/05\/albania.jpeg\",\"width\":540,\"height\":540,\"caption\":\"Kisha Orthodhokse Autoqefale e Shqip\u00ebris\u00eb\"},\"image\":{\"@id\":\"https:\/\/orthodoxalbania.org\/2020\/#\/schema\/logo\/image\/\"},\"sameAs\":[\"https:\/\/www.facebook.com\/koash1991\"]},{\"@type\":\"Person\",\"@id\":\"https:\/\/orthodoxalbania.org\/2020\/#\/schema\/person\/0c387634a7063ac612d7ed9ce71c7e86\",\"name\":\"Kisha Orthodhokse\",\"image\":{\"@type\":\"ImageObject\",\"inLanguage\":\"en-US\",\"@id\":\"https:\/\/secure.gravatar.com\/avatar\/596e7c417251e30f2fbb9c00e026fce61a695a00e51c889caded71c96cbbdde5?s=96&d=mm&r=g\",\"url\":\"https:\/\/secure.gravatar.com\/avatar\/596e7c417251e30f2fbb9c00e026fce61a695a00e51c889caded71c96cbbdde5?s=96&d=mm&r=g\",\"contentUrl\":\"https:\/\/secure.gravatar.com\/avatar\/596e7c417251e30f2fbb9c00e026fce61a695a00e51c889caded71c96cbbdde5?s=96&d=mm&r=g\",\"caption\":\"Kisha Orthodhokse\"}}]}<\/script>\n<!-- \/ Yoast SEO plugin. -->","yoast_head_json":{"title":"Veprimtari t\u00eb Zyr\u00ebs Diakonia-Agapes t\u00eb Kish\u00ebs - Dita e Evrop\u00ebs Lindore. (25 Janar 2014) - Kisha Orthodh\u03bfkse Autoqefale e Shqip\u00ebris\u00eb","robots":{"index":"index","follow":"follow","max-snippet":"max-snippet:-1","max-image-preview":"max-image-preview:large","max-video-preview":"max-video-preview:-1"},"canonical":"https:\/\/orthodoxalbania.org\/2020\/2014\/02\/25\/veprimtari-te-zyres-diakonia-agapes-te-kishes-dita-e-evropes-lindore\/","og_locale":"en_US","og_type":"article","og_title":"Veprimtari t\u00eb Zyr\u00ebs Diakonia-Agapes t\u00eb Kish\u00ebs - Dita e Evrop\u00ebs Lindore. (25 Janar 2014) - Kisha Orthodh\u03bfkse Autoqefale e Shqip\u00ebris\u00eb","og_description":"&nbsp;&nbsp;&nbsp; Edicioni i 26-t\u00eb i Dit\u00ebs s\u00eb Evrop\u00ebs Lindore, i mbajtur nga organizata humanitare zvicerane HEKS, m\u00eb 25 janar 2014 n\u00eb Zyrih, mblodhi s\u00eb bashku pes\u00eb organizata joqeveritare nga ky rajon, p\u00ebr t\u00eb prezantuar tek t\u00eb ftuarit kryesisht nga Zvicra, sh\u00ebrbimet sociale n\u00eb ndihm\u00eb t\u00eb grupeve n\u00eb nevoj\u00eb. &nbsp;&nbsp;&nbsp; Kryefjala e takimit ishte bashk\u00ebpunimi mes organizatave joqeveritare dhe institucioneve publike n\u00eb sektorin social. K\u00ebt\u00eb vit,","og_url":"https:\/\/orthodoxalbania.org\/2020\/2014\/02\/25\/veprimtari-te-zyres-diakonia-agapes-te-kishes-dita-e-evropes-lindore\/","og_site_name":"Kisha Orthodh\u03bfkse Autoqefale e Shqip\u00ebris\u00eb","article_publisher":"https:\/\/www.facebook.com\/koash1991","article_published_time":"2014-02-25T09:31:02+00:00","article_modified_time":"2020-04-06T20:05:20+00:00","og_image":[{"width":958,"height":718,"url":"https:\/\/orthodoxalbania.org\/2020\/wp-content\/uploads\/2020\/04\/nuYa62BW2zhIYbjX4zdiUOoE_S5ymlOE6ZDjoi3uCWQ-w958-h719-no.jpg","type":"image\/jpeg"}],"author":"Kisha Orthodhokse","twitter_card":"summary_large_image","twitter_misc":{"Written by":"Kisha Orthodhokse","Est. reading time":"2 minutes"},"schema":{"@context":"https:\/\/schema.org","@graph":[{"@type":"Article","@id":"https:\/\/orthodoxalbania.org\/2020\/2014\/02\/25\/veprimtari-te-zyres-diakonia-agapes-te-kishes-dita-e-evropes-lindore\/#article","isPartOf":{"@id":"https:\/\/orthodoxalbania.org\/2020\/2014\/02\/25\/veprimtari-te-zyres-diakonia-agapes-te-kishes-dita-e-evropes-lindore\/"},"author":{"name":"Kisha Orthodhokse","@id":"https:\/\/orthodoxalbania.org\/2020\/#\/schema\/person\/0c387634a7063ac612d7ed9ce71c7e86"},"headline":"Veprimtari t\u00eb Zyr\u00ebs Diakonia-Agapes t\u00eb Kish\u00ebs &#8211; Dita e Evrop\u00ebs Lindore. (25 Janar 2014)","datePublished":"2014-02-25T09:31:02+00:00","dateModified":"2020-04-06T20:05:20+00:00","mainEntityOfPage":{"@id":"https:\/\/orthodoxalbania.org\/2020\/2014\/02\/25\/veprimtari-te-zyres-diakonia-agapes-te-kishes-dita-e-evropes-lindore\/"},"wordCount":383,"commentCount":0,"publisher":{"@id":"https:\/\/orthodoxalbania.org\/2020\/#organization"},"image":{"@id":"https:\/\/orthodoxalbania.org\/2020\/2014\/02\/25\/veprimtari-te-zyres-diakonia-agapes-te-kishes-dita-e-evropes-lindore\/#primaryimage"},"thumbnailUrl":"https:\/\/orthodoxalbania.org\/2020\/wp-content\/uploads\/2020\/04\/nuYa62BW2zhIYbjX4zdiUOoE_S5ymlOE6ZDjoi3uCWQ-w958-h719-no.jpg","keywords":["2014","Aktivitete","Kryepiskopata Tiran\u00eb","lajme","Zyra \"Sh\u00ebrbimi i Dashuris\u00eb\""],"articleSection":["Lajme"],"inLanguage":"en-US"},{"@type":"WebPage","@id":"https:\/\/orthodoxalbania.org\/2020\/2014\/02\/25\/veprimtari-te-zyres-diakonia-agapes-te-kishes-dita-e-evropes-lindore\/","url":"https:\/\/orthodoxalbania.org\/2020\/2014\/02\/25\/veprimtari-te-zyres-diakonia-agapes-te-kishes-dita-e-evropes-lindore\/","name":"Veprimtari t\u00eb Zyr\u00ebs Diakonia-Agapes t\u00eb Kish\u00ebs - Dita e Evrop\u00ebs Lindore. (25 Janar 2014) - Kisha Orthodh\u03bfkse Autoqefale e Shqip\u00ebris\u00eb","isPartOf":{"@id":"https:\/\/orthodoxalbania.org\/2020\/#website"},"primaryImageOfPage":{"@id":"https:\/\/orthodoxalbania.org\/2020\/2014\/02\/25\/veprimtari-te-zyres-diakonia-agapes-te-kishes-dita-e-evropes-lindore\/#primaryimage"},"image":{"@id":"https:\/\/orthodoxalbania.org\/2020\/2014\/02\/25\/veprimtari-te-zyres-diakonia-agapes-te-kishes-dita-e-evropes-lindore\/#primaryimage"},"thumbnailUrl":"https:\/\/orthodoxalbania.org\/2020\/wp-content\/uploads\/2020\/04\/nuYa62BW2zhIYbjX4zdiUOoE_S5ymlOE6ZDjoi3uCWQ-w958-h719-no.jpg","datePublished":"2014-02-25T09:31:02+00:00","dateModified":"2020-04-06T20:05:20+00:00","breadcrumb":{"@id":"https:\/\/orthodoxalbania.org\/2020\/2014\/02\/25\/veprimtari-te-zyres-diakonia-agapes-te-kishes-dita-e-evropes-lindore\/#breadcrumb"},"inLanguage":"en-US","potentialAction":[{"@type":"ReadAction","target":["https:\/\/orthodoxalbania.org\/2020\/2014\/02\/25\/veprimtari-te-zyres-diakonia-agapes-te-kishes-dita-e-evropes-lindore\/"]}]},{"@type":"ImageObject","inLanguage":"en-US","@id":"https:\/\/orthodoxalbania.org\/2020\/2014\/02\/25\/veprimtari-te-zyres-diakonia-agapes-te-kishes-dita-e-evropes-lindore\/#primaryimage","url":"https:\/\/orthodoxalbania.org\/2020\/wp-content\/uploads\/2020\/04\/nuYa62BW2zhIYbjX4zdiUOoE_S5ymlOE6ZDjoi3uCWQ-w958-h719-no.jpg","contentUrl":"https:\/\/orthodoxalbania.org\/2020\/wp-content\/uploads\/2020\/04\/nuYa62BW2zhIYbjX4zdiUOoE_S5ymlOE6ZDjoi3uCWQ-w958-h719-no.jpg","width":958,"height":718},{"@type":"BreadcrumbList","@id":"https:\/\/orthodoxalbania.org\/2020\/2014\/02\/25\/veprimtari-te-zyres-diakonia-agapes-te-kishes-dita-e-evropes-lindore\/#breadcrumb","itemListElement":[{"@type":"ListItem","position":1,"name":"Home","item":"https:\/\/orthodoxalbania.org\/2020\/"},{"@type":"ListItem","position":2,"name":"Veprimtari t\u00eb Zyr\u00ebs Diakonia-Agapes t\u00eb Kish\u00ebs &#8211; Dita e Evrop\u00ebs Lindore. (25 Janar 2014)"}]},{"@type":"WebSite","@id":"https:\/\/orthodoxalbania.org\/2020\/#website","url":"https:\/\/orthodoxalbania.org\/2020\/","name":"Kisha Orthodh\u03bfkse Autoqefale e Shqip\u00ebris\u00eb","description":"Fqja Zyrtare e Kish\u00ebs Orthodhokse Autoqefale e Shqip\u00ebris\u00eb me lajmet edhe informacionet zyrtare p\u00ebr struktur\u00ebn edhe veprimtarin e saj.","publisher":{"@id":"https:\/\/orthodoxalbania.org\/2020\/#organization"},"potentialAction":[{"@type":"SearchAction","target":{"@type":"EntryPoint","urlTemplate":"https:\/\/orthodoxalbania.org\/2020\/?s={search_term_string}"},"query-input":{"@type":"PropertyValueSpecification","valueRequired":true,"valueName":"search_term_string"}}],"inLanguage":"en-US"},{"@type":"Organization","@id":"https:\/\/orthodoxalbania.org\/2020\/#organization","name":"Kisha Orthodhokse Autoqefale e Shqip\u00ebris\u00eb","url":"https:\/\/orthodoxalbania.org\/2020\/","logo":{"@type":"ImageObject","inLanguage":"en-US","@id":"https:\/\/orthodoxalbania.org\/2020\/#\/schema\/logo\/image\/","url":"https:\/\/orthodoxalbania.org\/2020\/wp-content\/uploads\/2020\/05\/albania.jpeg","contentUrl":"https:\/\/orthodoxalbania.org\/2020\/wp-content\/uploads\/2020\/05\/albania.jpeg","width":540,"height":540,"caption":"Kisha Orthodhokse Autoqefale e Shqip\u00ebris\u00eb"},"image":{"@id":"https:\/\/orthodoxalbania.org\/2020\/#\/schema\/logo\/image\/"},"sameAs":["https:\/\/www.facebook.com\/koash1991"]},{"@type":"Person","@id":"https:\/\/orthodoxalbania.org\/2020\/#\/schema\/person\/0c387634a7063ac612d7ed9ce71c7e86","name":"Kisha Orthodhokse","image":{"@type":"ImageObject","inLanguage":"en-US","@id":"https:\/\/secure.gravatar.com\/avatar\/596e7c417251e30f2fbb9c00e026fce61a695a00e51c889caded71c96cbbdde5?s=96&d=mm&r=g","url":"https:\/\/secure.gravatar.com\/avatar\/596e7c417251e30f2fbb9c00e026fce61a695a00e51c889caded71c96cbbdde5?s=96&d=mm&r=g","contentUrl":"https:\/\/secure.gravatar.com\/avatar\/596e7c417251e30f2fbb9c00e026fce61a695a00e51c889caded71c96cbbdde5?s=96&d=mm&r=g","caption":"Kisha Orthodhokse"}}]}},"_links":{"self":[{"href":"https:\/\/orthodoxalbania.org\/2020\/wp-json\/wp\/v2\/posts\/1522","targetHints":{"allow":["GET"]}}],"collection":[{"href":"https:\/\/orthodoxalbania.org\/2020\/wp-json\/wp\/v2\/posts"}],"about":[{"href":"https:\/\/orthodoxalbania.org\/2020\/wp-json\/wp\/v2\/types\/post"}],"author":[{"embeddable":true,"href":"https:\/\/orthodoxalbania.org\/2020\/wp-json\/wp\/v2\/users\/1"}],"replies":[{"embeddable":true,"href":"https:\/\/orthodoxalbania.org\/2020\/wp-json\/wp\/v2\/comments?post=1522"}],"version-history":[{"count":1,"href":"https:\/\/orthodoxalbania.org\/2020\/wp-json\/wp\/v2\/posts\/1522\/revisions"}],"predecessor-version":[{"id":15122,"href":"https:\/\/orthodoxalbania.org\/2020\/wp-json\/wp\/v2\/posts\/1522\/revisions\/15122"}],"wp:featuredmedia":[{"embeddable":true,"href":"https:\/\/orthodoxalbania.org\/2020\/wp-json\/wp\/v2\/media\/249"}],"wp:attachment":[{"href":"https:\/\/orthodoxalbania.org\/2020\/wp-json\/wp\/v2\/media?parent=1522"}],"wp:term":[{"taxonomy":"category","embeddable":true,"href":"https:\/\/orthodoxalbania.org\/2020\/wp-json\/wp\/v2\/categories?post=1522"},{"taxonomy":"post_tag","embeddable":true,"href":"https:\/\/orthodoxalbania.org\/2020\/wp-json\/wp\/v2\/tags?post=1522"}],"curies":[{"name":"wp","href":"https:\/\/api.w.org\/{rel}","templated":true}]}}