{"id":1520,"date":"2008-02-26T00:00:00","date_gmt":"2008-02-26T00:00:00","guid":{"rendered":""},"modified":"2020-04-06T22:35:24","modified_gmt":"2020-04-06T20:35:24","slug":"veprimtari-te-larmishme-te-grave-vullnetare-ne-kuader-te-krishtlindjeve-2008","status":"publish","type":"post","link":"https:\/\/orthodoxalbania.org\/2020\/2008\/02\/26\/veprimtari-te-larmishme-te-grave-vullnetare-ne-kuader-te-krishtlindjeve-2008\/","title":{"rendered":"Veprimtari t\u00eb larmishme t\u00eb grave vullnetare n\u00eb kuad\u00ebr t\u00eb Krishtlindjeve. (2008)"},"content":{"rendered":"<div>&nbsp;<\/div>\n<table id=\"AutoNumber2\" style=\"border-collapse: collapse; width: 805px; height: 1773px;\" border=\"0\">\n<tbody>\n<tr>\n<td>\n<div><span style=\"color: #000000;\"><span style=\"font-family: tahoma,geneva,sans-serif;\"><span style=\"font-size: 12px;\"><img decoding=\"async\" class=\"lazyload HAa Eha\" style=\"border-width: 1px; border-style: solid; margin: 10px auto; display: block;\" alt=\"\" src=\"data:image\/svg+xml,%3Csvg%20xmlns%3D%27http%3A%2F%2Fwww.w3.org%2F2000%2Fsvg%27%20width%3D%27317%27%20height%3D%27238%27%20viewBox%3D%270%200%20317%20238%27%3E%3Crect%20width%3D%27317%27%20height%3D%27238%27%20fill-opacity%3D%220%22%2F%3E%3C%2Fsvg%3E\" data-orig-src=\"https:\/\/lh5.googleusercontent.com\/-v7ecSUyqn9E\/VJF9xML60EI\/AAAAAAAAIQE\/uceVgYcqh-k\/w448-h336-no\/01.jpg\" height=\"238\" width=\"317\" \/><\/span><\/span><\/span><\/div>\n<\/td>\n<td>\n<div class=\"style14\" style=\"text-align: justify;\"><span style=\"color: #000000;\"><span style=\"font-family: tahoma,geneva,sans-serif;\"><span style=\"font-size: 12px;\">&nbsp;&nbsp;&nbsp; Krishtlindjet sjellin g\u00ebzim m\u00eb t\u00eb madh kur secili jep di\u00e7ka nga vetja e tij. Ky parim mbetet burim frym\u00ebzimi p\u00ebr grat\u00eb vullnetare, t\u00eb cilat sh\u00ebrbejn\u00eb n\u00eb veprimtari t\u00eb ndryshme n\u00eb ndihm\u00eb t\u00eb njer\u00ebzve n\u00eb nevoj\u00eb.<\/span><\/span><\/span><\/div>\n<div class=\"style14\" style=\"text-align: justify;\"> <span style=\"color: #000000;\"><span style=\"font-family: tahoma,geneva,sans-serif;\"><span style=\"font-size: 12px;\">&nbsp;&nbsp;&nbsp; Muaji dhjetor filloi me nj\u00eb program t\u00eb pasur shpirt\u00ebror q\u00eb u parapri me agripnin\u00eb (nj\u00eb seri sh\u00ebrbesash fetare q\u00eb kryhen gjat\u00eb nat\u00ebs) organizuar n\u00eb kish\u00ebn \u201cUngjill\u00ebzimi i Hyjlind\u00ebses\u201d, Tiran\u00eb me rastin e fest\u00ebs s\u00eb madhe t\u00eb sh\u00ebn Nikoll\u00ebs.<\/span><\/span><\/span><\/div>\n<\/td>\n<\/tr>\n<tr>\n<td>\n<div class=\"style15\" style=\"text-align: justify;\"><span style=\"color: #000000;\"><span style=\"font-family: tahoma,geneva,sans-serif;\"><span style=\"font-size: 12px;\">&nbsp;&nbsp;&nbsp; Grat\u00eb p\u00ebrgatit\u00ebn buk\u00ebt e \u00ebmbla dhe grurin si edhe nxit\u00ebn besimtar\u00ebt t\u00eb merrnin pjes\u00eb n\u00eb agripni, n\u00eb nderim t\u00eb shenjtit mrekullib\u00ebr\u00ebs.<\/span><\/span><\/span><\/div>\n<div class=\"style15\" style=\"text-align: justify;\"> <span style=\"color: #000000;\"><span style=\"font-family: tahoma,geneva,sans-serif;\"><span style=\"font-size: 12px;\">&nbsp;&nbsp;&nbsp; Studimi biblik dhe bisedat e p\u00ebrjavshme n\u00ebn drejtimin e teolog\u00ebve ishin nj\u00eb pjes\u00eb tjet\u00ebr e r\u00ebnd\u00ebsishme e programit shpirt\u00ebror q\u00eb ndikon n\u00eb zgjerimin e njohurive fetare mbi besimin ton\u00eb orthodhoks dhe dha m\u00eb shum\u00eb njohuri rreth kuptimit t\u00eb fest\u00ebs s\u00eb Krishtlindjes.<\/span><\/span><\/span><\/div>\n<\/td>\n<td>\n<div><span style=\"color: #000000;\"><span style=\"font-family: tahoma,geneva,sans-serif;\"><span style=\"font-size: 12px;\"><img decoding=\"async\" class=\"lazyload HAa Eha\" style=\"border-width: 1px; border-style: solid; margin: 10px auto; display: block;\" alt=\"\" src=\"data:image\/svg+xml,%3Csvg%20xmlns%3D%27http%3A%2F%2Fwww.w3.org%2F2000%2Fsvg%27%20width%3D%27329%27%20height%3D%27247%27%20viewBox%3D%270%200%20329%20247%27%3E%3Crect%20width%3D%27329%27%20height%3D%27247%27%20fill-opacity%3D%220%22%2F%3E%3C%2Fsvg%3E\" data-orig-src=\"https:\/\/lh3.googleusercontent.com\/-kO4GOywHfOs\/VJF9xIUYrLI\/AAAAAAAAIQM\/WtWHqUKJuhg\/w448-h336-no\/02.jpg\" height=\"247\" width=\"329\" \/><\/span><\/span><\/span><\/div>\n<\/td>\n<\/tr>\n<tr>\n<td>\n<div><span style=\"color: #000000;\"><span style=\"font-family: tahoma,geneva,sans-serif;\"><span style=\"font-size: 12px;\"><img decoding=\"async\" class=\"lazyload HAa Eha\" style=\"border-width: 1px; border-style: solid; margin: 10px auto; display: block;\" alt=\"\" src=\"data:image\/svg+xml,%3Csvg%20xmlns%3D%27http%3A%2F%2Fwww.w3.org%2F2000%2Fsvg%27%20width%3D%27343%27%20height%3D%27257%27%20viewBox%3D%270%200%20343%20257%27%3E%3Crect%20width%3D%27343%27%20height%3D%27257%27%20fill-opacity%3D%220%22%2F%3E%3C%2Fsvg%3E\" data-orig-src=\"https:\/\/lh5.googleusercontent.com\/-TdQdmfxibGo\/VJF9xIcOcgI\/AAAAAAAAIQA\/RitEhuKrfbQ\/w448-h336-no\/03.JPG\" height=\"257\" width=\"343\" \/><\/span><\/span><\/span><\/div>\n<\/td>\n<td>\n<div class=\"style16\" style=\"text-align: justify;\"><span style=\"color: #000000;\"><span style=\"font-family: tahoma,geneva,sans-serif;\"><span style=\"font-size: 12px;\">&nbsp;&nbsp;&nbsp; Nj\u00eb tjet\u00ebr dimension i veprimtarive t\u00eb grave vullnetare kan\u00eb qen\u00eb edhe pritjet e ve\u00e7anta \u00e7do t\u00eb mart\u00eb dhe t\u00eb enjte gjat\u00eb gjith\u00eb me nevojtar\u00ebt, duke p\u00ebrgatitur dhe shp\u00ebrndar\u00eb pako me ushqime e veshmbathje tek 400 persona t\u00eb varf\u00ebr, jetim\u00eb, t\u00eb s\u00ebmur\u00eb, t\u00eb braktisur, invalid\u00eb etj.<br \/> <span class=\"style18\"> <\/span><\/span><\/span><\/span><\/div>\n<div class=\"style16\" style=\"text-align: justify;\">&nbsp;<\/div>\n<div class=\"style16\" style=\"text-align: justify;\"><span style=\"color: #000000;\"><span style=\"font-family: tahoma,geneva,sans-serif;\"><span style=\"font-size: 12px;\"><span class=\"style18\">&nbsp;&nbsp;&nbsp; N\u00eb k\u00ebt\u00eb periudh\u00eb festash, grat\u00eb orthodhokse, t\u00eb shoq\u00ebruara edhe nga klerik\u00ebt, vizituan rreth 100 gra t\u00eb moshuara dhe pleq t\u00eb vetmuar n\u00eb dy qendrat e sh\u00ebrbimit misionar t\u00eb motrave t\u00eb N\u00ebn\u00eb Terez\u00ebs ku u shp\u00ebrndan\u00eb \u00ebmb\u00eblsira, detergjente, veshmbathje q\u00eb i punuan vullnetarisht vet\u00eb grat\u00eb besimtare orthodhokse. <\/span><\/span><\/span><\/span><\/div>\n<\/td>\n<\/tr>\n<tr>\n<td>\n<div class=\"style17\" style=\"text-align: justify;\"><span style=\"color: #000000;\"><span style=\"font-family: tahoma,geneva,sans-serif;\"><span style=\"font-size: 12px;\">&nbsp;&nbsp;&nbsp;<span class=\"style18\"> Vizita urimi u kryen dit\u00ebn e mart\u00eb dt. 30 dhjetor edhe n\u00eb dy burgje t\u00eb Tiran\u00ebs, n\u00eb burgun nr. 325 dhe n\u00eb burgun nr. 313, ku u shp\u00ebrndar\u00eb 690 pako me \u00ebmb\u00eblsir\u00eb e veshmbathje p\u00ebr t\u00eb gjith\u00eb personat q\u00eb vuajn\u00eb d\u00ebnimin e tyre n\u00eb k\u00ebto burgje. Fondi p\u00ebr blerjen dhe p\u00ebrgatitjen e k\u00ebtyre pakove u mund\u00ebsua nga Bashk\u00ebsia Nd\u00ebrkomb\u00ebtare e Burgjeve (PFI), me qend\u00ebr n\u00eb Zvic\u00ebr.<\/span><\/span><\/span><\/span><\/div>\n<div class=\"style17\" style=\"text-align: justify;\"><span style=\"color: #000000;\"><span style=\"font-family: tahoma,geneva,sans-serif;\"><span style=\"font-size: 12px;\"><span class=\"style18\"><br \/> <span class=\"style19\"> <\/span><\/span><\/span><\/span><\/span><\/div>\n<div class=\"style17\" style=\"text-align: justify;\"><span style=\"color: #000000;\"><span style=\"font-family: tahoma,geneva,sans-serif;\"><span style=\"font-size: 12px;\"><span class=\"style18\"><span class=\"style19\">&nbsp;&nbsp;&nbsp; Gjithashtu u organizuan edhe vizita n\u00eb sht\u00ebpit\u00eb e besimtareve t\u00eb s\u00ebmura, kryesisht t\u00eb moshuar, ku edhe jan\u00eb dhuruar ndihma t\u00eb ndryshme.<\/span><\/span><\/span><\/span><\/span><\/div>\n<\/td>\n<td>\n<div><span style=\"color: #000000;\"><span style=\"font-family: tahoma,geneva,sans-serif;\"><span style=\"font-size: 12px;\"><img decoding=\"async\" class=\"lazyload HAa Eha\" style=\"border-width: 1px; border-style: solid; margin: 10px auto; display: block;\" alt=\"\" src=\"data:image\/svg+xml,%3Csvg%20xmlns%3D%27http%3A%2F%2Fwww.w3.org%2F2000%2Fsvg%27%20width%3D%27335%27%20height%3D%27251%27%20viewBox%3D%270%200%20335%20251%27%3E%3Crect%20width%3D%27335%27%20height%3D%27251%27%20fill-opacity%3D%220%22%2F%3E%3C%2Fsvg%3E\" data-orig-src=\"https:\/\/lh4.googleusercontent.com\/-d_Y4Wpm6UYI\/VJF9x-JmwaI\/AAAAAAAAIQk\/m_VZ2PYEZs4\/w448-h336-no\/04.jpg\" height=\"251\" width=\"335\" \/><\/span><\/span><\/span><\/div>\n<\/td>\n<\/tr>\n<tr>\n<td>\n<div><span style=\"color: #000000;\"><span style=\"font-family: tahoma,geneva,sans-serif;\"><span style=\"font-size: 12px;\"><img decoding=\"async\" class=\"lazyload HAa Eha\" style=\"border-width: 1px; border-style: solid; margin: 10px auto; display: block;\" alt=\"\" src=\"data:image\/svg+xml,%3Csvg%20xmlns%3D%27http%3A%2F%2Fwww.w3.org%2F2000%2Fsvg%27%20width%3D%27355%27%20height%3D%27266%27%20viewBox%3D%270%200%20355%20266%27%3E%3Crect%20width%3D%27355%27%20height%3D%27266%27%20fill-opacity%3D%220%22%2F%3E%3C%2Fsvg%3E\" data-orig-src=\"https:\/\/lh5.googleusercontent.com\/-VLE_J-NEP2Q\/VJF9yGeaT5I\/AAAAAAAAIQY\/dGPWBM7i7sQ\/w448-h336-no\/05.JPG\" height=\"266\" width=\"355\" \/><\/span><\/span><\/span><\/div>\n<\/td>\n<td>\n<div class=\"style18\" style=\"text-align: justify;\"><span style=\"color: #000000;\"><span style=\"font-family: tahoma,geneva,sans-serif;\"><span style=\"font-size: 12px;\"><span class=\"style19\">&nbsp;&nbsp;&nbsp; Grat\u00eb p\u00ebrcoll\u00ebn kudo urimet e p\u00ebrzem\u00ebrta t\u00eb Kryepiskopit Anastas, i cili mund\u00ebsoi pjes\u00ebn m\u00eb t\u00eb madhe t\u00eb fondeve shpenzuar p\u00ebr k\u00ebto dhurata.<br \/> &nbsp;<\/span><\/span><\/span><\/span><\/div>\n<div class=\"style18\" style=\"text-align: justify;\"><span style=\"color: #000000;\"><span style=\"font-family: tahoma,geneva,sans-serif;\"><span style=\"font-size: 12px;\"><span class=\"style19\">&nbsp; Gjat\u00eb k\u00ebsaj periudhe, nj\u00eb ndihm\u00eb t\u00eb r\u00ebnd\u00ebsishme dha edhe komuniteti i besimtar\u00ebve n\u00eb arkat e ndihm\u00ebs p\u00ebr t\u00eb varfrit n\u00eb dy kishat e Tiran\u00ebs.<\/span><\/span><\/span><\/span><\/div>\n<\/td>\n<\/tr>\n<tr>\n<td><img decoding=\"async\" class=\"lazyload HAa Eha\" style=\"margin: 10px auto; border: 1px solid; display: block;\" alt=\"\" src=\"data:image\/svg+xml,%3Csvg%20xmlns%3D%27http%3A%2F%2Fwww.w3.org%2F2000%2Fsvg%27%20width%3D%27350%27%20height%3D%27258%27%20viewBox%3D%270%200%20350%20258%27%3E%3Crect%20width%3D%27350%27%20height%3D%27258%27%20fill-opacity%3D%220%22%2F%3E%3C%2Fsvg%3E\" data-orig-src=\"https:\/\/lh6.googleusercontent.com\/--9klbOZ7Q_0\/VJF9ycNHLlI\/AAAAAAAAIQg\/aCsso7AiFO0\/w448-h331-no\/06.jpg\" height=\"258\" width=\"350\" \/><\/td>\n<td>\n<div class=\"style18\"><span style=\"color: #000000;\"><span style=\"font-family: tahoma,geneva,sans-serif;\"><span style=\"font-size: 12px;\"><span class=\"style19\"><img decoding=\"async\" class=\"lazyload HAa Eha\" style=\"margin: 10px auto; border: 1px solid; display: block;\" alt=\"\" src=\"data:image\/svg+xml,%3Csvg%20xmlns%3D%27http%3A%2F%2Fwww.w3.org%2F2000%2Fsvg%27%20width%3D%27350%27%20height%3D%27266%27%20viewBox%3D%270%200%20350%20266%27%3E%3Crect%20width%3D%27350%27%20height%3D%27266%27%20fill-opacity%3D%220%22%2F%3E%3C%2Fsvg%3E\" data-orig-src=\"https:\/\/lh6.googleusercontent.com\/-m7mFE4k6EfY\/VJF9yx23BqI\/AAAAAAAAIQo\/LzP23QwZoB0\/w443-h336-no\/07.jpg\" height=\"266\" width=\"350\" \/><\/span><\/span><\/span><\/span><\/div>\n<\/td>\n<\/tr>\n<\/tbody>\n<\/table>\n<table style=\"width: 806px; height: 99px;\" border=\"0\">\n<tbody>\n<tr>\n<td colspan=\"2\">\n<div><span style=\"color: #000000;\"><span style=\"font-family: tahoma,geneva,sans-serif;\"><span style=\"font-size: 12px;\"><strong>Rajmonda Shqevi<\/strong><\/span><\/span><\/span><\/div>\n<div> <span style=\"color: #000000;\"><span style=\"font-family: tahoma,geneva,sans-serif;\"><span style=\"font-size: 12px;\">P\u00ebrgjegj\u00ebse e Lidhjes s\u00eb Grave Orthodhokse<\/span><\/span><\/span><\/div>\n<div> <span style=\"color: #000000;\"><span style=\"font-family: tahoma,geneva,sans-serif;\"><span style=\"font-size: 12px;\">\u201cP\u00ebrhapja e Dashuris\u00eb\u201d<\/span><\/span><\/span><\/div>\n<p>&nbsp;<\/td>\n<\/tr>\n<\/tbody>\n<\/table>\n","protected":false},"excerpt":{"rendered":"<p>&nbsp; &nbsp;&nbsp;&nbsp; Krishtlindjet sjellin g\u00ebzim m\u00eb t\u00eb madh kur secili jep di\u00e7ka nga vetja e tij. Ky parim mbetet burim frym\u00ebzimi p\u00ebr grat\u00eb vullnetare, t\u00eb cilat sh\u00ebrbejn\u00eb n\u00eb veprimtari t\u00eb ndryshme n\u00eb ndihm\u00eb t\u00eb njer\u00ebzve n\u00eb nevoj\u00eb. &nbsp;&nbsp;&nbsp; Muaji dhjetor filloi me nj\u00eb program t\u00eb pasur shpirt\u00ebror q\u00eb u parapri me agripnin\u00eb (nj\u00eb seri sh\u00ebrbesash fetare q\u00eb kryhen gjat\u00eb nat\u00ebs) organizuar n\u00eb kish\u00ebn \u201cUngjill\u00ebzimi i<\/p>\n","protected":false},"author":1,"featured_media":0,"comment_status":"open","ping_status":"open","sticky":false,"template":"","format":"standard","meta":{"_acf_changed":false,"pagelayer_contact_templates":[],"_pagelayer_content":"","inline_featured_image":false,"fifu_image_url":"","fifu_image_alt":"","footnotes":""},"categories":[108],"tags":[146,154,196,212,187],"class_list":["post-1520","post","type-post","status-publish","format-standard","hentry","category-lajme","tag-146","tag-aktivitete","tag-tirane","tag-lajme-d27","tag-lidhja-e-grave-orthodhokse"],"acf":[],"yoast_head":"<!-- This site is optimized with the Yoast SEO plugin v27.2 - https:\/\/yoast.com\/product\/yoast-seo-wordpress\/ -->\n<title>Veprimtari t\u00eb larmishme t\u00eb grave vullnetare n\u00eb kuad\u00ebr t\u00eb Krishtlindjeve. (2008) - Kisha Orthodh\u03bfkse Autoqefale e Shqip\u00ebris\u00eb<\/title>\n<meta name=\"robots\" content=\"index, follow, max-snippet:-1, max-image-preview:large, max-video-preview:-1\" \/>\n<link rel=\"canonical\" href=\"https:\/\/orthodoxalbania.org\/2020\/2008\/02\/26\/veprimtari-te-larmishme-te-grave-vullnetare-ne-kuader-te-krishtlindjeve-2008\/\" \/>\n<meta property=\"og:locale\" content=\"en_US\" \/>\n<meta property=\"og:type\" content=\"article\" \/>\n<meta property=\"og:title\" content=\"Veprimtari t\u00eb larmishme t\u00eb grave vullnetare n\u00eb kuad\u00ebr t\u00eb Krishtlindjeve. (2008) - Kisha Orthodh\u03bfkse Autoqefale e Shqip\u00ebris\u00eb\" \/>\n<meta property=\"og:description\" content=\"&nbsp; &nbsp;&nbsp;&nbsp; Krishtlindjet sjellin g\u00ebzim m\u00eb t\u00eb madh kur secili jep di\u00e7ka nga vetja e tij. Ky parim mbetet burim frym\u00ebzimi p\u00ebr grat\u00eb vullnetare, t\u00eb cilat sh\u00ebrbejn\u00eb n\u00eb veprimtari t\u00eb ndryshme n\u00eb ndihm\u00eb t\u00eb njer\u00ebzve n\u00eb nevoj\u00eb. &nbsp;&nbsp;&nbsp; Muaji dhjetor filloi me nj\u00eb program t\u00eb pasur shpirt\u00ebror q\u00eb u parapri me agripnin\u00eb (nj\u00eb seri sh\u00ebrbesash fetare q\u00eb kryhen gjat\u00eb nat\u00ebs) organizuar n\u00eb kish\u00ebn \u201cUngjill\u00ebzimi i\" \/>\n<meta property=\"og:url\" content=\"https:\/\/orthodoxalbania.org\/2020\/2008\/02\/26\/veprimtari-te-larmishme-te-grave-vullnetare-ne-kuader-te-krishtlindjeve-2008\/\" \/>\n<meta property=\"og:site_name\" content=\"Kisha Orthodh\u03bfkse Autoqefale e Shqip\u00ebris\u00eb\" \/>\n<meta property=\"article:publisher\" content=\"https:\/\/www.facebook.com\/koash1991\" \/>\n<meta property=\"article:published_time\" content=\"2008-02-26T00:00:00+00:00\" \/>\n<meta property=\"article:modified_time\" content=\"2020-04-06T20:35:24+00:00\" \/>\n<meta property=\"og:image\" content=\"https:\/\/lh5.googleusercontent.com\/-v7ecSUyqn9E\/VJF9xML60EI\/AAAAAAAAIQE\/uceVgYcqh-k\/w448-h336-no\/01.jpg\" \/>\n<meta name=\"author\" content=\"Kisha Orthodhokse\" \/>\n<meta name=\"twitter:card\" content=\"summary_large_image\" \/>\n<meta name=\"twitter:label1\" content=\"Written by\" \/>\n\t<meta name=\"twitter:data1\" content=\"Kisha Orthodhokse\" \/>\n\t<meta name=\"twitter:label2\" content=\"Est. reading time\" \/>\n\t<meta name=\"twitter:data2\" content=\"2 minutes\" \/>\n<script type=\"application\/ld+json\" class=\"yoast-schema-graph\">{\"@context\":\"https:\/\/schema.org\",\"@graph\":[{\"@type\":\"Article\",\"@id\":\"https:\/\/orthodoxalbania.org\/2020\/2008\/02\/26\/veprimtari-te-larmishme-te-grave-vullnetare-ne-kuader-te-krishtlindjeve-2008\/#article\",\"isPartOf\":{\"@id\":\"https:\/\/orthodoxalbania.org\/2020\/2008\/02\/26\/veprimtari-te-larmishme-te-grave-vullnetare-ne-kuader-te-krishtlindjeve-2008\/\"},\"author\":{\"name\":\"Kisha Orthodhokse\",\"@id\":\"https:\/\/orthodoxalbania.org\/2020\/#\/schema\/person\/0c387634a7063ac612d7ed9ce71c7e86\"},\"headline\":\"Veprimtari t\u00eb larmishme t\u00eb grave vullnetare n\u00eb kuad\u00ebr t\u00eb Krishtlindjeve. (2008)\",\"datePublished\":\"2008-02-26T00:00:00+00:00\",\"dateModified\":\"2020-04-06T20:35:24+00:00\",\"mainEntityOfPage\":{\"@id\":\"https:\/\/orthodoxalbania.org\/2020\/2008\/02\/26\/veprimtari-te-larmishme-te-grave-vullnetare-ne-kuader-te-krishtlindjeve-2008\/\"},\"wordCount\":488,\"commentCount\":0,\"publisher\":{\"@id\":\"https:\/\/orthodoxalbania.org\/2020\/#organization\"},\"image\":{\"@id\":\"https:\/\/orthodoxalbania.org\/2020\/2008\/02\/26\/veprimtari-te-larmishme-te-grave-vullnetare-ne-kuader-te-krishtlindjeve-2008\/#primaryimage\"},\"thumbnailUrl\":\"https:\/\/lh5.googleusercontent.com\/-v7ecSUyqn9E\/VJF9xML60EI\/AAAAAAAAIQE\/uceVgYcqh-k\/w448-h336-no\/01.jpg\",\"keywords\":[\"2008\",\"Aktivitete\",\"Kryepiskopata Tiran\u00eb\",\"lajme\",\"Lidhja e Grave Orthodhokse\"],\"articleSection\":[\"Lajme\"],\"inLanguage\":\"en-US\"},{\"@type\":\"WebPage\",\"@id\":\"https:\/\/orthodoxalbania.org\/2020\/2008\/02\/26\/veprimtari-te-larmishme-te-grave-vullnetare-ne-kuader-te-krishtlindjeve-2008\/\",\"url\":\"https:\/\/orthodoxalbania.org\/2020\/2008\/02\/26\/veprimtari-te-larmishme-te-grave-vullnetare-ne-kuader-te-krishtlindjeve-2008\/\",\"name\":\"Veprimtari t\u00eb larmishme t\u00eb grave vullnetare n\u00eb kuad\u00ebr t\u00eb Krishtlindjeve. (2008) - Kisha Orthodh\u03bfkse Autoqefale e Shqip\u00ebris\u00eb\",\"isPartOf\":{\"@id\":\"https:\/\/orthodoxalbania.org\/2020\/#website\"},\"primaryImageOfPage\":{\"@id\":\"https:\/\/orthodoxalbania.org\/2020\/2008\/02\/26\/veprimtari-te-larmishme-te-grave-vullnetare-ne-kuader-te-krishtlindjeve-2008\/#primaryimage\"},\"image\":{\"@id\":\"https:\/\/orthodoxalbania.org\/2020\/2008\/02\/26\/veprimtari-te-larmishme-te-grave-vullnetare-ne-kuader-te-krishtlindjeve-2008\/#primaryimage\"},\"thumbnailUrl\":\"https:\/\/lh5.googleusercontent.com\/-v7ecSUyqn9E\/VJF9xML60EI\/AAAAAAAAIQE\/uceVgYcqh-k\/w448-h336-no\/01.jpg\",\"datePublished\":\"2008-02-26T00:00:00+00:00\",\"dateModified\":\"2020-04-06T20:35:24+00:00\",\"breadcrumb\":{\"@id\":\"https:\/\/orthodoxalbania.org\/2020\/2008\/02\/26\/veprimtari-te-larmishme-te-grave-vullnetare-ne-kuader-te-krishtlindjeve-2008\/#breadcrumb\"},\"inLanguage\":\"en-US\",\"potentialAction\":[{\"@type\":\"ReadAction\",\"target\":[\"https:\/\/orthodoxalbania.org\/2020\/2008\/02\/26\/veprimtari-te-larmishme-te-grave-vullnetare-ne-kuader-te-krishtlindjeve-2008\/\"]}]},{\"@type\":\"ImageObject\",\"inLanguage\":\"en-US\",\"@id\":\"https:\/\/orthodoxalbania.org\/2020\/2008\/02\/26\/veprimtari-te-larmishme-te-grave-vullnetare-ne-kuader-te-krishtlindjeve-2008\/#primaryimage\",\"url\":\"https:\/\/lh5.googleusercontent.com\/-v7ecSUyqn9E\/VJF9xML60EI\/AAAAAAAAIQE\/uceVgYcqh-k\/w448-h336-no\/01.jpg\",\"contentUrl\":\"https:\/\/lh5.googleusercontent.com\/-v7ecSUyqn9E\/VJF9xML60EI\/AAAAAAAAIQE\/uceVgYcqh-k\/w448-h336-no\/01.jpg\"},{\"@type\":\"BreadcrumbList\",\"@id\":\"https:\/\/orthodoxalbania.org\/2020\/2008\/02\/26\/veprimtari-te-larmishme-te-grave-vullnetare-ne-kuader-te-krishtlindjeve-2008\/#breadcrumb\",\"itemListElement\":[{\"@type\":\"ListItem\",\"position\":1,\"name\":\"Home\",\"item\":\"https:\/\/orthodoxalbania.org\/2020\/\"},{\"@type\":\"ListItem\",\"position\":2,\"name\":\"Veprimtari t\u00eb larmishme t\u00eb grave vullnetare n\u00eb kuad\u00ebr t\u00eb Krishtlindjeve. (2008)\"}]},{\"@type\":\"WebSite\",\"@id\":\"https:\/\/orthodoxalbania.org\/2020\/#website\",\"url\":\"https:\/\/orthodoxalbania.org\/2020\/\",\"name\":\"Kisha Orthodh\u03bfkse Autoqefale e Shqip\u00ebris\u00eb\",\"description\":\"Fqja Zyrtare e Kish\u00ebs Orthodhokse Autoqefale e Shqip\u00ebris\u00eb me lajmet edhe informacionet zyrtare p\u00ebr struktur\u00ebn edhe veprimtarin e saj.\",\"publisher\":{\"@id\":\"https:\/\/orthodoxalbania.org\/2020\/#organization\"},\"potentialAction\":[{\"@type\":\"SearchAction\",\"target\":{\"@type\":\"EntryPoint\",\"urlTemplate\":\"https:\/\/orthodoxalbania.org\/2020\/?s={search_term_string}\"},\"query-input\":{\"@type\":\"PropertyValueSpecification\",\"valueRequired\":true,\"valueName\":\"search_term_string\"}}],\"inLanguage\":\"en-US\"},{\"@type\":\"Organization\",\"@id\":\"https:\/\/orthodoxalbania.org\/2020\/#organization\",\"name\":\"Kisha Orthodhokse Autoqefale e Shqip\u00ebris\u00eb\",\"url\":\"https:\/\/orthodoxalbania.org\/2020\/\",\"logo\":{\"@type\":\"ImageObject\",\"inLanguage\":\"en-US\",\"@id\":\"https:\/\/orthodoxalbania.org\/2020\/#\/schema\/logo\/image\/\",\"url\":\"https:\/\/orthodoxalbania.org\/2020\/wp-content\/uploads\/2020\/05\/albania.jpeg\",\"contentUrl\":\"https:\/\/orthodoxalbania.org\/2020\/wp-content\/uploads\/2020\/05\/albania.jpeg\",\"width\":540,\"height\":540,\"caption\":\"Kisha Orthodhokse Autoqefale e Shqip\u00ebris\u00eb\"},\"image\":{\"@id\":\"https:\/\/orthodoxalbania.org\/2020\/#\/schema\/logo\/image\/\"},\"sameAs\":[\"https:\/\/www.facebook.com\/koash1991\"]},{\"@type\":\"Person\",\"@id\":\"https:\/\/orthodoxalbania.org\/2020\/#\/schema\/person\/0c387634a7063ac612d7ed9ce71c7e86\",\"name\":\"Kisha Orthodhokse\",\"image\":{\"@type\":\"ImageObject\",\"inLanguage\":\"en-US\",\"@id\":\"https:\/\/secure.gravatar.com\/avatar\/596e7c417251e30f2fbb9c00e026fce61a695a00e51c889caded71c96cbbdde5?s=96&d=mm&r=g\",\"url\":\"https:\/\/secure.gravatar.com\/avatar\/596e7c417251e30f2fbb9c00e026fce61a695a00e51c889caded71c96cbbdde5?s=96&d=mm&r=g\",\"contentUrl\":\"https:\/\/secure.gravatar.com\/avatar\/596e7c417251e30f2fbb9c00e026fce61a695a00e51c889caded71c96cbbdde5?s=96&d=mm&r=g\",\"caption\":\"Kisha Orthodhokse\"}}]}<\/script>\n<!-- \/ Yoast SEO plugin. -->","yoast_head_json":{"title":"Veprimtari t\u00eb larmishme t\u00eb grave vullnetare n\u00eb kuad\u00ebr t\u00eb Krishtlindjeve. (2008) - Kisha Orthodh\u03bfkse Autoqefale e Shqip\u00ebris\u00eb","robots":{"index":"index","follow":"follow","max-snippet":"max-snippet:-1","max-image-preview":"max-image-preview:large","max-video-preview":"max-video-preview:-1"},"canonical":"https:\/\/orthodoxalbania.org\/2020\/2008\/02\/26\/veprimtari-te-larmishme-te-grave-vullnetare-ne-kuader-te-krishtlindjeve-2008\/","og_locale":"en_US","og_type":"article","og_title":"Veprimtari t\u00eb larmishme t\u00eb grave vullnetare n\u00eb kuad\u00ebr t\u00eb Krishtlindjeve. (2008) - Kisha Orthodh\u03bfkse Autoqefale e Shqip\u00ebris\u00eb","og_description":"&nbsp; &nbsp;&nbsp;&nbsp; Krishtlindjet sjellin g\u00ebzim m\u00eb t\u00eb madh kur secili jep di\u00e7ka nga vetja e tij. Ky parim mbetet burim frym\u00ebzimi p\u00ebr grat\u00eb vullnetare, t\u00eb cilat sh\u00ebrbejn\u00eb n\u00eb veprimtari t\u00eb ndryshme n\u00eb ndihm\u00eb t\u00eb njer\u00ebzve n\u00eb nevoj\u00eb. &nbsp;&nbsp;&nbsp; Muaji dhjetor filloi me nj\u00eb program t\u00eb pasur shpirt\u00ebror q\u00eb u parapri me agripnin\u00eb (nj\u00eb seri sh\u00ebrbesash fetare q\u00eb kryhen gjat\u00eb nat\u00ebs) organizuar n\u00eb kish\u00ebn \u201cUngjill\u00ebzimi i","og_url":"https:\/\/orthodoxalbania.org\/2020\/2008\/02\/26\/veprimtari-te-larmishme-te-grave-vullnetare-ne-kuader-te-krishtlindjeve-2008\/","og_site_name":"Kisha Orthodh\u03bfkse Autoqefale e Shqip\u00ebris\u00eb","article_publisher":"https:\/\/www.facebook.com\/koash1991","article_published_time":"2008-02-26T00:00:00+00:00","article_modified_time":"2020-04-06T20:35:24+00:00","og_image":[{"url":"https:\/\/lh5.googleusercontent.com\/-v7ecSUyqn9E\/VJF9xML60EI\/AAAAAAAAIQE\/uceVgYcqh-k\/w448-h336-no\/01.jpg","type":"","width":"","height":""}],"author":"Kisha Orthodhokse","twitter_card":"summary_large_image","twitter_misc":{"Written by":"Kisha Orthodhokse","Est. reading time":"2 minutes"},"schema":{"@context":"https:\/\/schema.org","@graph":[{"@type":"Article","@id":"https:\/\/orthodoxalbania.org\/2020\/2008\/02\/26\/veprimtari-te-larmishme-te-grave-vullnetare-ne-kuader-te-krishtlindjeve-2008\/#article","isPartOf":{"@id":"https:\/\/orthodoxalbania.org\/2020\/2008\/02\/26\/veprimtari-te-larmishme-te-grave-vullnetare-ne-kuader-te-krishtlindjeve-2008\/"},"author":{"name":"Kisha Orthodhokse","@id":"https:\/\/orthodoxalbania.org\/2020\/#\/schema\/person\/0c387634a7063ac612d7ed9ce71c7e86"},"headline":"Veprimtari t\u00eb larmishme t\u00eb grave vullnetare n\u00eb kuad\u00ebr t\u00eb Krishtlindjeve. (2008)","datePublished":"2008-02-26T00:00:00+00:00","dateModified":"2020-04-06T20:35:24+00:00","mainEntityOfPage":{"@id":"https:\/\/orthodoxalbania.org\/2020\/2008\/02\/26\/veprimtari-te-larmishme-te-grave-vullnetare-ne-kuader-te-krishtlindjeve-2008\/"},"wordCount":488,"commentCount":0,"publisher":{"@id":"https:\/\/orthodoxalbania.org\/2020\/#organization"},"image":{"@id":"https:\/\/orthodoxalbania.org\/2020\/2008\/02\/26\/veprimtari-te-larmishme-te-grave-vullnetare-ne-kuader-te-krishtlindjeve-2008\/#primaryimage"},"thumbnailUrl":"https:\/\/lh5.googleusercontent.com\/-v7ecSUyqn9E\/VJF9xML60EI\/AAAAAAAAIQE\/uceVgYcqh-k\/w448-h336-no\/01.jpg","keywords":["2008","Aktivitete","Kryepiskopata Tiran\u00eb","lajme","Lidhja e Grave Orthodhokse"],"articleSection":["Lajme"],"inLanguage":"en-US"},{"@type":"WebPage","@id":"https:\/\/orthodoxalbania.org\/2020\/2008\/02\/26\/veprimtari-te-larmishme-te-grave-vullnetare-ne-kuader-te-krishtlindjeve-2008\/","url":"https:\/\/orthodoxalbania.org\/2020\/2008\/02\/26\/veprimtari-te-larmishme-te-grave-vullnetare-ne-kuader-te-krishtlindjeve-2008\/","name":"Veprimtari t\u00eb larmishme t\u00eb grave vullnetare n\u00eb kuad\u00ebr t\u00eb Krishtlindjeve. (2008) - Kisha Orthodh\u03bfkse Autoqefale e Shqip\u00ebris\u00eb","isPartOf":{"@id":"https:\/\/orthodoxalbania.org\/2020\/#website"},"primaryImageOfPage":{"@id":"https:\/\/orthodoxalbania.org\/2020\/2008\/02\/26\/veprimtari-te-larmishme-te-grave-vullnetare-ne-kuader-te-krishtlindjeve-2008\/#primaryimage"},"image":{"@id":"https:\/\/orthodoxalbania.org\/2020\/2008\/02\/26\/veprimtari-te-larmishme-te-grave-vullnetare-ne-kuader-te-krishtlindjeve-2008\/#primaryimage"},"thumbnailUrl":"https:\/\/lh5.googleusercontent.com\/-v7ecSUyqn9E\/VJF9xML60EI\/AAAAAAAAIQE\/uceVgYcqh-k\/w448-h336-no\/01.jpg","datePublished":"2008-02-26T00:00:00+00:00","dateModified":"2020-04-06T20:35:24+00:00","breadcrumb":{"@id":"https:\/\/orthodoxalbania.org\/2020\/2008\/02\/26\/veprimtari-te-larmishme-te-grave-vullnetare-ne-kuader-te-krishtlindjeve-2008\/#breadcrumb"},"inLanguage":"en-US","potentialAction":[{"@type":"ReadAction","target":["https:\/\/orthodoxalbania.org\/2020\/2008\/02\/26\/veprimtari-te-larmishme-te-grave-vullnetare-ne-kuader-te-krishtlindjeve-2008\/"]}]},{"@type":"ImageObject","inLanguage":"en-US","@id":"https:\/\/orthodoxalbania.org\/2020\/2008\/02\/26\/veprimtari-te-larmishme-te-grave-vullnetare-ne-kuader-te-krishtlindjeve-2008\/#primaryimage","url":"https:\/\/lh5.googleusercontent.com\/-v7ecSUyqn9E\/VJF9xML60EI\/AAAAAAAAIQE\/uceVgYcqh-k\/w448-h336-no\/01.jpg","contentUrl":"https:\/\/lh5.googleusercontent.com\/-v7ecSUyqn9E\/VJF9xML60EI\/AAAAAAAAIQE\/uceVgYcqh-k\/w448-h336-no\/01.jpg"},{"@type":"BreadcrumbList","@id":"https:\/\/orthodoxalbania.org\/2020\/2008\/02\/26\/veprimtari-te-larmishme-te-grave-vullnetare-ne-kuader-te-krishtlindjeve-2008\/#breadcrumb","itemListElement":[{"@type":"ListItem","position":1,"name":"Home","item":"https:\/\/orthodoxalbania.org\/2020\/"},{"@type":"ListItem","position":2,"name":"Veprimtari t\u00eb larmishme t\u00eb grave vullnetare n\u00eb kuad\u00ebr t\u00eb Krishtlindjeve. (2008)"}]},{"@type":"WebSite","@id":"https:\/\/orthodoxalbania.org\/2020\/#website","url":"https:\/\/orthodoxalbania.org\/2020\/","name":"Kisha Orthodh\u03bfkse Autoqefale e Shqip\u00ebris\u00eb","description":"Fqja Zyrtare e Kish\u00ebs Orthodhokse Autoqefale e Shqip\u00ebris\u00eb me lajmet edhe informacionet zyrtare p\u00ebr struktur\u00ebn edhe veprimtarin e saj.","publisher":{"@id":"https:\/\/orthodoxalbania.org\/2020\/#organization"},"potentialAction":[{"@type":"SearchAction","target":{"@type":"EntryPoint","urlTemplate":"https:\/\/orthodoxalbania.org\/2020\/?s={search_term_string}"},"query-input":{"@type":"PropertyValueSpecification","valueRequired":true,"valueName":"search_term_string"}}],"inLanguage":"en-US"},{"@type":"Organization","@id":"https:\/\/orthodoxalbania.org\/2020\/#organization","name":"Kisha Orthodhokse Autoqefale e Shqip\u00ebris\u00eb","url":"https:\/\/orthodoxalbania.org\/2020\/","logo":{"@type":"ImageObject","inLanguage":"en-US","@id":"https:\/\/orthodoxalbania.org\/2020\/#\/schema\/logo\/image\/","url":"https:\/\/orthodoxalbania.org\/2020\/wp-content\/uploads\/2020\/05\/albania.jpeg","contentUrl":"https:\/\/orthodoxalbania.org\/2020\/wp-content\/uploads\/2020\/05\/albania.jpeg","width":540,"height":540,"caption":"Kisha Orthodhokse Autoqefale e Shqip\u00ebris\u00eb"},"image":{"@id":"https:\/\/orthodoxalbania.org\/2020\/#\/schema\/logo\/image\/"},"sameAs":["https:\/\/www.facebook.com\/koash1991"]},{"@type":"Person","@id":"https:\/\/orthodoxalbania.org\/2020\/#\/schema\/person\/0c387634a7063ac612d7ed9ce71c7e86","name":"Kisha Orthodhokse","image":{"@type":"ImageObject","inLanguage":"en-US","@id":"https:\/\/secure.gravatar.com\/avatar\/596e7c417251e30f2fbb9c00e026fce61a695a00e51c889caded71c96cbbdde5?s=96&d=mm&r=g","url":"https:\/\/secure.gravatar.com\/avatar\/596e7c417251e30f2fbb9c00e026fce61a695a00e51c889caded71c96cbbdde5?s=96&d=mm&r=g","contentUrl":"https:\/\/secure.gravatar.com\/avatar\/596e7c417251e30f2fbb9c00e026fce61a695a00e51c889caded71c96cbbdde5?s=96&d=mm&r=g","caption":"Kisha Orthodhokse"}}]}},"_links":{"self":[{"href":"https:\/\/orthodoxalbania.org\/2020\/wp-json\/wp\/v2\/posts\/1520","targetHints":{"allow":["GET"]}}],"collection":[{"href":"https:\/\/orthodoxalbania.org\/2020\/wp-json\/wp\/v2\/posts"}],"about":[{"href":"https:\/\/orthodoxalbania.org\/2020\/wp-json\/wp\/v2\/types\/post"}],"author":[{"embeddable":true,"href":"https:\/\/orthodoxalbania.org\/2020\/wp-json\/wp\/v2\/users\/1"}],"replies":[{"embeddable":true,"href":"https:\/\/orthodoxalbania.org\/2020\/wp-json\/wp\/v2\/comments?post=1520"}],"version-history":[{"count":1,"href":"https:\/\/orthodoxalbania.org\/2020\/wp-json\/wp\/v2\/posts\/1520\/revisions"}],"predecessor-version":[{"id":15672,"href":"https:\/\/orthodoxalbania.org\/2020\/wp-json\/wp\/v2\/posts\/1520\/revisions\/15672"}],"wp:attachment":[{"href":"https:\/\/orthodoxalbania.org\/2020\/wp-json\/wp\/v2\/media?parent=1520"}],"wp:term":[{"taxonomy":"category","embeddable":true,"href":"https:\/\/orthodoxalbania.org\/2020\/wp-json\/wp\/v2\/categories?post=1520"},{"taxonomy":"post_tag","embeddable":true,"href":"https:\/\/orthodoxalbania.org\/2020\/wp-json\/wp\/v2\/tags?post=1520"}],"curies":[{"name":"wp","href":"https:\/\/api.w.org\/{rel}","templated":true}]}}