{"id":1519,"date":"2013-03-20T12:46:59","date_gmt":"2013-03-20T12:46:59","guid":{"rendered":""},"modified":"2020-04-06T22:32:26","modified_gmt":"2020-04-06T20:32:26","slug":"veprimtari-ne-perfundimin-e-vitit-shkollor-ne-mitropoline-e-gjirokastres","status":"publish","type":"post","link":"https:\/\/orthodoxalbania.org\/2020\/2013\/03\/20\/veprimtari-ne-perfundimin-e-vitit-shkollor-ne-mitropoline-e-gjirokastres\/","title":{"rendered":"Veprimtari n\u00eb p\u00ebrfundimin e vitit shkollor n\u00eb Mitropolin\u00eb e Gjirokastr\u00ebs. (10 Qershor 2010)"},"content":{"rendered":"<p style=\"text-align: justify;\"><span style=\"color: #000000; font-size: 10pt; font-family: tahoma,arial,helvetica,sans-serif;\"><img decoding=\"async\" class=\"lazyload HAa Eha\" style=\"height: 271px; width: 400px; border-width: 1px; border-style: solid; margin: 10px; float: left;\" alt=\"\" src=\"data:image\/gif;base64,R0lGODlhAQABAAAAACH5BAEKAAEALAAAAAABAAEAAAICTAEAOw==\" data-orig-src=\"https:\/\/lh3.googleusercontent.com\/-L4ikvdMsZHQ\/U_7XS51NcKI\/AAAAAAAABgg\/5uwj-lKyu1k\/w600-h407-no\/femijets_600x407.jpg\" \/>&nbsp;&nbsp;&nbsp; Nj\u00eb atmosfer\u00eb e ve\u00e7ant\u00eb g\u00ebzimi mbizot\u00ebroi gjat\u00eb gjith\u00eb k\u00ebtyre dit\u00ebve n\u00eb institucionet arsimore t\u00eb Mitropolis\u00eb s\u00eb shenjt\u00eb t\u00eb Gjirokastr\u00ebs. Ishte nj\u00eb g\u00ebzim i p\u00ebrligjur, sepse i g\u00ebzoheshin frytit t\u00eb mundimit t\u00eb p\u00ebrbashk\u00ebt me m\u00ebsuesit dhe pedagog\u00ebt e tyre. Dhe ishte kudo e pranishme ndjenja e thell\u00eb e fal\u00ebnderimit p\u00ebr Kryepiskopin Anastas, q\u00eb brenda sakrificash t\u00eb m\u00ebdha krijoi vatra t\u00eb tilla p\u00ebr arsim cil\u00ebsor dhe p\u00ebrkujdesje p\u00ebr nj\u00eb num\u00ebr kaq t\u00eb madh nx\u00ebn\u00ebsish dhe t\u00eb rinjsh. Fal\u00ebnderim nga nx\u00ebn\u00ebsit, por edhe nga prind\u00ebrit, t\u00eb cil\u00ebt e din\u00eb ta b\u00ebjn\u00eb dallimin e cil\u00ebsis\u00eb s\u00eb arsimit dhe kultur\u00ebs q\u00eb u jepet f\u00ebmij\u00ebve t\u00eb tyre dhe p\u00ebr klim\u00ebn e nj\u00eb familjeje t\u00eb madhe t\u00eb krishter\u00eb, q\u00eb krijohet p\u00ebrreth k\u00ebtyre vatrave arsimore t\u00eb Kish\u00ebs son\u00eb Orthodhokse.<\/span><\/p>\n<p style=\"text-align: center;\"><strong><span style=\"color: #000000; font-size: 10pt; font-family: tahoma,arial,helvetica,sans-serif;\">P\u00ebrfundimi i vitit shkollor p\u00ebr Shkoll\u00ebn 9-vje\u00e7are \u201cFrym\u00eb Dashurie\u201d<\/span><\/strong><\/p>\n<p style=\"text-align: justify;\"><span style=\"color: #000000; font-size: 10pt; font-family: tahoma,arial,helvetica,sans-serif;\">&nbsp;&nbsp;&nbsp; Pasditja e s\u00eb enjtes, 10 qershor, e gjall\u00ebroi n\u00eb ve\u00e7anti kompleksin arsimor \u201cKryqi i Nderuar\u201d, n\u00eb lagjet tradicionale t\u00eb Gjirokastr\u00ebs. N\u00eb sall\u00ebn e tij t\u00eb ceremonive b\u00ebhej festa e mbarimit t\u00eb vitit shkollor, p\u00ebr vog\u00eblush\u00ebt e shkoll\u00ebs 9-vje\u00e7are \u201cfrym\u00eb dashurie\u201d, q\u00eb \u00ebsht\u00eb n\u00eb vitin e saj t\u00eb dyt\u00eb t\u00eb funksionimit. M\u00ebsueset, me prind\u00ebrit etj., n\u00eb nj\u00eb pasdite me shum\u00eb bekim, ndanin p\u00ebrparimin e f\u00ebmij\u00ebve, mundimin shum\u00ebmujor t\u00eb m\u00ebsueseve dhe urimet p\u00ebr p\u00ebrparim m\u00eb t\u00eb madh n\u00eb vitin e ardhsh\u00ebm. Mes tyre p\u00ebr t\u00eb p\u00ebrcjell\u00eb dashurin\u00eb at\u00ebrore dhe k\u00ebshilla shpirt\u00ebrore ishte dhe mitropoliti i Gjirokastr\u00ebs, imzot Dhimitri, i cili ndjek me shum\u00eb kujdes zhvillimin e k\u00ebsaj qendre arsimore.<\/span><\/p>\n<p style=\"text-align: justify;\"><span style=\"color: #000000; font-size: 10pt; font-family: tahoma,arial,helvetica,sans-serif;\">&nbsp;&nbsp;&nbsp; N\u00eb t\u00eb dy klasat e saj shkolla ka 45 nx\u00ebn\u00ebs jo vet\u00ebm nga qyteti, por edhe fshatrat p\u00ebrreth. n\u00eb k\u00ebt\u00eb aspekt shkolla u vjen n\u00eb ndihm\u00eb familjeve, f\u00ebmij\u00ebt e t\u00eb cilave rrezikoheshin t\u00eb mbeteshin edhe pa shkoll\u00eb, pasi p\u00ebr shkak t\u00eb kriterit t\u00eb numrit n\u00eb k\u00ebto fshatra nuk ka m\u00ebsues. Shkolla zhvillon m\u00ebsim n\u00eb t\u00eb dy gjuh\u00ebt, dhe i jep r\u00ebnd\u00ebsi t\u00eb ve\u00e7ant\u00eb koherenc\u00ebs gjuh\u00ebsore t\u00eb f\u00ebmij\u00ebve. N\u00eb shkoll\u00eb merren q\u00eb n\u00eb fillim njohuri p\u00ebr gjuh\u00ebn angleze, aplikohen kompjuter\u00ebt dhe \u00e7do p\u00ebrvoj\u00eb tjet\u00ebr nga didaktika e pedagogjia bashk\u00ebkohore.<\/span><\/p>\n<p style=\"text-align: justify;\"><span style=\"color: #000000; font-size: 10pt; font-family: tahoma,arial,helvetica,sans-serif;\">&nbsp;&nbsp;&nbsp; Festa ishte nj\u00eb kuror\u00ebzim i p\u00ebrparimit t\u00eb tyre dhe n\u00eb nj\u00eb mas\u00eb t\u00eb konsiderueshme e treguan at\u00eb t\u00eb sintetizuar n\u00eb programin q\u00eb kishin p\u00ebrgatitur. Recitime n\u00eb t\u00eb dyja gjuh\u00ebt, k\u00ebng\u00eb dhe valle por edhe pjes\u00eb t\u00eb tilla q\u00eb synojn\u00eb t\u00eb kultivojn\u00eb tek brezi i ri ndjeshm\u00ebri p\u00ebr mjedisin n\u00eb t\u00eb cilin jetojm\u00eb dhe p\u00ebr kujdesin ekologjik.<\/span><\/p>\n<p style=\"text-align: justify;\"><span style=\"color: #000000; font-size: 10pt; font-family: tahoma,arial,helvetica,sans-serif;\">&nbsp;&nbsp;&nbsp; N\u00eb p\u00ebrfundim t\u00eb programit mitropoliti u shp\u00ebrndau nx\u00ebn\u00ebsve d\u00ebftesat e p\u00ebrparimit t\u00eb tyre dhe dhurata simbolike, me uratat q\u00eb t\u00eb kalojn\u00eb pushime t\u00eb g\u00ebzuara me familjet e tyre dhe t\u00eb takohen p\u00ebrs\u00ebri n\u00eb vjesht\u00eb.<\/span><\/p>\n<p style=\"text-align: center;\"><strong><span style=\"color: #000000; font-size: 10pt; font-family: tahoma,arial,helvetica,sans-serif;\">Ekspozit\u00eb me punime nga Shkolla e Mesme Profesionale \u201cApostull Pavli\u201d<\/span><\/strong><\/p>\n<p style=\"text-align: justify;\"><span style=\"color: #000000; font-size: 10pt; font-family: tahoma,arial,helvetica,sans-serif;\"><img decoding=\"async\" class=\"lazyload HAa Eha\" style=\"height: 277px; width: 369px; border-width: 1px; border-style: solid; margin: 10px; float: left;\" alt=\"\" src=\"data:image\/gif;base64,R0lGODlhAQABAAAAACH5BAEKAAEALAAAAAABAAEAAAICTAEAOw==\" data-orig-src=\"https:\/\/lh6.googleusercontent.com\/-Jib-xikbDTM\/U_7XRlpaSoI\/AAAAAAAABgk\/pqt40t5-SMY\/w640-h480-no\/Untitled2_640x480.jpg\" \/>&nbsp;&nbsp;&nbsp; Nx\u00ebn\u00ebsit e kat\u00ebr specialiteteve, me udh\u00ebzimet dhe mbik\u00ebqyrjen e m\u00ebsuesve t\u00eb tyre organizuan p\u00ebr dy jav\u00eb rresht nj\u00eb ekspozit\u00eb krejt t\u00eb ve\u00e7ant\u00eb punimesh. Me k\u00ebto aplikime treguan nivelin e lart\u00eb t\u00eb njohurive q\u00eb marrin n\u00eb k\u00ebt\u00eb shkoll\u00eb, por sidomos marrjen e shprehive praktike, aq shum\u00eb t\u00eb nevojshme p\u00ebr zgjedhjen q\u00eb ata kan\u00eb b\u00ebr\u00eb p\u00ebr profesionin q\u00eb do t\u00eb ushtrojn\u00eb ekspozita q\u00eb p\u00ebrfshinte aplikime t\u00eb instalimeve elektrike, zbatime praktike t\u00eb disa parimeve baz\u00eb t\u00eb fizik\u00ebs, p\u00ebrdorimin e energjis\u00eb diellore si burim energjie p\u00ebr sht\u00ebpit\u00eb dhe bizneset, u organizua fillimisht n\u00eb oborrin e shkoll\u00ebs. N\u00eb vazhdim u transferua n\u00eb oborrin e kish\u00ebs s\u00eb sh\u00ebn Harallambit, n\u00eb Sarand\u00eb, si edhe n\u00eb sall\u00ebn e veprimtarive t\u00eb kompleksit arsimor n\u00eb Dervician.<\/span><\/p>\n<p style=\"text-align: justify;\"><span style=\"color: #000000; font-size: 10pt; font-family: tahoma,arial,helvetica,sans-serif;\"><img decoding=\"async\" class=\"lazyload HAa Eha\" style=\"margin: 10px; float: right; border: 1px solid;\" alt=\"\" src=\"data:image\/svg+xml,%3Csvg%20xmlns%3D%27http%3A%2F%2Fwww.w3.org%2F2000%2Fsvg%27%20width%3D%27281%27%20height%3D%27211%27%20viewBox%3D%270%200%20281%20211%27%3E%3Crect%20width%3D%27281%27%20height%3D%27211%27%20fill-opacity%3D%220%22%2F%3E%3C%2Fsvg%3E\" data-orig-src=\"https:\/\/lh3.googleusercontent.com\/-ZfTBd42BKsI\/U_7XRntpjwI\/AAAAAAAABgc\/_GAy5XUGtCQ\/w640-h480-no\/Untitled6_640x480.jpg\" height=\"211\" width=\"281\" \/>&nbsp;&nbsp;&nbsp; Gjat\u00eb p\u00ebrgatitjes s\u00eb k\u00ebtyre punimeve, q\u00eb p\u00ebrfshinin makete funksionale t\u00eb nj\u00eb hidrocentrali, termosifon diellor, por edhe shum\u00eb shembuj nga fizika e val\u00ebve dhe fushave elektromagnetike, nx\u00ebn\u00ebsit stabilizonin konceptet baz\u00eb t\u00eb teoris\u00eb, por edhe aplikonin materiale e teknika progresive. Edhe nx\u00ebn\u00ebsit q\u00eb ndjekin kursin e informatik\u00ebs kishin p\u00ebrgatitur faqen e improvizuar t\u00eb shkoll\u00ebs n\u00eb internet.<\/span><\/p>\n<p style=\"text-align: justify;\"><span style=\"color: #000000; font-size: 10pt; font-family: tahoma,arial,helvetica,sans-serif;\">&nbsp;&nbsp;&nbsp; Sidoqoft\u00eb i gjith\u00eb komuniteti i arsimtar\u00ebve t\u00eb zon\u00ebs, nx\u00ebn\u00ebsve dhe shum\u00eb vizitor\u00ebve t\u00eb tjer\u00eb u shpreh me fjal\u00ebt m\u00eb t\u00eb mira p\u00ebr pun\u00ebn q\u00eb b\u00ebhet n\u00eb k\u00ebt\u00eb qend\u00ebr t\u00eb aft\u00ebsimit profesional t\u00eb Kish\u00ebs.<\/span><\/p>\n<p style=\"text-align: justify;\"><span style=\"color: #000000; font-size: 10pt; font-family: tahoma,arial,helvetica,sans-serif;\">&nbsp;&nbsp;&nbsp; Ekspozita ishte gjithashtu nj\u00eb rast shum\u00eb i mir\u00eb p\u00ebr promovimin e vet\u00eb shkoll\u00ebs n\u00eb komunitetin e arsimit n\u00eb t\u00eb gjith\u00eb zon\u00ebn e Mitropolis\u00eb s\u00eb Gjirokastr\u00ebs.<\/span><\/p>\n<p style=\"text-align: justify;\"><span style=\"color: #000000; font-size: 10pt; font-family: tahoma,arial,helvetica,sans-serif;\"><img decoding=\"async\" class=\"lazyload HAa Eha\" style=\"border-width: 1px; border-style: solid; margin: 10px; float: right;\" alt=\"\" src=\"data:image\/svg+xml,%3Csvg%20xmlns%3D%27http%3A%2F%2Fwww.w3.org%2F2000%2Fsvg%27%20width%3D%27296%27%20height%3D%27222%27%20viewBox%3D%270%200%20296%20222%27%3E%3Crect%20width%3D%27296%27%20height%3D%27222%27%20fill-opacity%3D%220%22%2F%3E%3C%2Fsvg%3E\" data-orig-src=\"https:\/\/lh4.googleusercontent.com\/-N7he615k23A\/U_7XRvU6XeI\/AAAAAAAABgQ\/sg8mTV7NO9Q\/w640-h480-no\/Untitled5_640x480.jpg\" height=\"222\" width=\"296\" \/>&nbsp;&nbsp;&nbsp; P\u00ebrve\u00e7 k\u00ebtij evenimenti, n\u00ebn kujdesin e drejtorit t\u00eb shkoll\u00ebs z. Th. Dalla, n\u00eb mesin e majit, me bekimin edhe t\u00eb mitropolitit t\u00eb Gjirokastr\u00ebs z. Dhimit\u00ebr, u organizua n\u00eb ambientet e shkoll\u00ebs edhe nj\u00eb veprimtari didaktike me m\u00ebsimdh\u00ebn\u00ebs t\u00eb shkollave publike t\u00eb zon\u00ebs s\u00eb Sarand\u00ebs, Delvin\u00ebs, por edhe t\u00eb Gjirokastr\u00ebs. N\u00eb t\u00eb u paraqit\u00ebn dy referate, nj\u00ebri q\u00eb lidhej me pedagogjin\u00eb dhe personalitetin e nx\u00ebn\u00ebsve dhe tjetri q\u00eb lidhej me aplikimin e kompjuterit n\u00eb didaktik\u00ebn e shkencave ekzakte. Nj\u00eb nga pedagog\u00ebt nga Greqia, bashk\u00ebpun\u00ebtor i Shkoll\u00ebs Profesionale \u201cApostull Pavli\u201d, me shum\u00eb kompetenc\u00eb u tregoi koleg\u00ebve mund\u00ebsit\u00eb e m\u00ebdha q\u00eb ofron teknologjia e lart\u00eb n\u00eb leht\u00ebsimin e procesit t\u00eb t\u00eb nx\u00ebnit nga nx\u00ebn\u00ebsit, por dhe n\u00eb t\u00eb b\u00ebrit m\u00eb interesante t\u00eb or\u00ebs s\u00eb m\u00ebsimit. Nga ana e arsimtar\u00ebve pjes\u00ebmarr\u00ebs u shpreh\u00ebn fal\u00ebnderime p\u00ebr k\u00ebt\u00eb seminar t\u00eb shkurt\u00ebr dhe p\u00ebr gatishm\u00ebrin\u00eb q\u00eb u shpreh nga ana e Shkoll\u00ebs s\u00eb Apostull Pavli p\u00ebr t\u2019i ndihmuar n\u00eb vijim.<\/span><\/p>\n<p style=\"text-align: justify;\"><span style=\"color: #000000; font-size: 10pt; font-family: tahoma,arial,helvetica,sans-serif;\"><img decoding=\"async\" class=\"lazyload HAa Eha\" style=\"height: 300px; width: 400px; border-width: 1px; border-style: solid; margin: 10px; float: left;\" alt=\"\" src=\"data:image\/svg+xml,%3Csvg%20xmlns%3D%27http%3A%2F%2Fwww.w3.org%2F2000%2Fsvg%27%20width%3D%27243%27%20height%3D%27182%27%20viewBox%3D%270%200%20243%20182%27%3E%3Crect%20width%3D%27243%27%20height%3D%27182%27%20fill-opacity%3D%220%22%2F%3E%3C%2Fsvg%3E\" data-orig-src=\"https:\/\/lh4.googleusercontent.com\/-zAGp0cxPSew\/U_7XSfEHiZI\/AAAAAAAABgY\/Vkg1NDQXPjY\/w640-h480-no\/Untitled_640x480.jpg\" height=\"182\" width=\"243\" \/>&nbsp;&nbsp;&nbsp; Me veprimtari t\u00eb k\u00ebsaj natyre, por edhe ekskursionet e ndryshme dhe takimet mes nx\u00ebn\u00ebsve t\u00eb shkollave t\u00eb zon\u00ebs duket qart\u00eb se kjo qend\u00ebr e arsimit profesional q\u00eb funksionon n\u00ebn kujdesin e Kryepiskopit Anastas \u00ebsht\u00eb nj\u00eb vat\u00ebr e ngroht\u00eb, q\u00eb me arritjet e saj rrezaton n\u00eb zon\u00ebn p\u00ebrreth.<\/span><\/p>\n<p style=\"text-align: right;\"><strong><span style=\"color: #000000; font-size: 10pt; font-family: tahoma,arial,helvetica,sans-serif;\">Korrespondenti i gazet\u00ebs \u201cNgjallja\u201d<\/span><\/strong><\/p>\n","protected":false},"excerpt":{"rendered":"<p>&nbsp;&nbsp;&nbsp; Nj\u00eb atmosfer\u00eb e ve\u00e7ant\u00eb g\u00ebzimi mbizot\u00ebroi gjat\u00eb gjith\u00eb k\u00ebtyre dit\u00ebve n\u00eb institucionet arsimore t\u00eb Mitropolis\u00eb s\u00eb shenjt\u00eb t\u00eb Gjirokastr\u00ebs. Ishte nj\u00eb g\u00ebzim i p\u00ebrligjur, sepse i g\u00ebzoheshin frytit t\u00eb mundimit t\u00eb p\u00ebrbashk\u00ebt me m\u00ebsuesit dhe pedagog\u00ebt e tyre. Dhe ishte kudo e pranishme ndjenja e thell\u00eb e fal\u00ebnderimit p\u00ebr Kryepiskopin Anastas, q\u00eb brenda sakrificash t\u00eb m\u00ebdha krijoi vatra t\u00eb tilla p\u00ebr arsim cil\u00ebsor dhe<\/p>\n","protected":false},"author":1,"featured_media":0,"comment_status":"open","ping_status":"open","sticky":false,"template":"","format":"standard","meta":{"_acf_changed":false,"pagelayer_contact_templates":[],"_pagelayer_content":"","inline_featured_image":false,"fifu_image_url":"","fifu_image_alt":"","footnotes":""},"categories":[108],"tags":[144,154,175,212,198],"class_list":["post-1519","post","type-post","status-publish","format-standard","hentry","category-lajme","tag-144","tag-aktivitete","tag-institucione-parashkollore-te-kishes-orthodhokse","tag-lajme-d27","tag-gjirokaster"],"acf":[],"yoast_head":"<!-- This site is optimized with the Yoast SEO plugin v27.2 - https:\/\/yoast.com\/product\/yoast-seo-wordpress\/ -->\n<title>Veprimtari n\u00eb p\u00ebrfundimin e vitit shkollor n\u00eb Mitropolin\u00eb e Gjirokastr\u00ebs. (10 Qershor 2010) - Kisha Orthodh\u03bfkse Autoqefale e Shqip\u00ebris\u00eb<\/title>\n<meta name=\"robots\" content=\"index, follow, max-snippet:-1, max-image-preview:large, max-video-preview:-1\" \/>\n<link rel=\"canonical\" href=\"https:\/\/orthodoxalbania.org\/2020\/2013\/03\/20\/veprimtari-ne-perfundimin-e-vitit-shkollor-ne-mitropoline-e-gjirokastres\/\" \/>\n<meta property=\"og:locale\" content=\"en_US\" \/>\n<meta property=\"og:type\" content=\"article\" \/>\n<meta property=\"og:title\" content=\"Veprimtari n\u00eb p\u00ebrfundimin e vitit shkollor n\u00eb Mitropolin\u00eb e Gjirokastr\u00ebs. (10 Qershor 2010) - Kisha Orthodh\u03bfkse Autoqefale e Shqip\u00ebris\u00eb\" \/>\n<meta property=\"og:description\" content=\"&nbsp;&nbsp;&nbsp; Nj\u00eb atmosfer\u00eb e ve\u00e7ant\u00eb g\u00ebzimi mbizot\u00ebroi gjat\u00eb gjith\u00eb k\u00ebtyre dit\u00ebve n\u00eb institucionet arsimore t\u00eb Mitropolis\u00eb s\u00eb shenjt\u00eb t\u00eb Gjirokastr\u00ebs. Ishte nj\u00eb g\u00ebzim i p\u00ebrligjur, sepse i g\u00ebzoheshin frytit t\u00eb mundimit t\u00eb p\u00ebrbashk\u00ebt me m\u00ebsuesit dhe pedagog\u00ebt e tyre. Dhe ishte kudo e pranishme ndjenja e thell\u00eb e fal\u00ebnderimit p\u00ebr Kryepiskopin Anastas, q\u00eb brenda sakrificash t\u00eb m\u00ebdha krijoi vatra t\u00eb tilla p\u00ebr arsim cil\u00ebsor dhe\" \/>\n<meta property=\"og:url\" content=\"https:\/\/orthodoxalbania.org\/2020\/2013\/03\/20\/veprimtari-ne-perfundimin-e-vitit-shkollor-ne-mitropoline-e-gjirokastres\/\" \/>\n<meta property=\"og:site_name\" content=\"Kisha Orthodh\u03bfkse Autoqefale e Shqip\u00ebris\u00eb\" \/>\n<meta property=\"article:publisher\" content=\"https:\/\/www.facebook.com\/koash1991\" \/>\n<meta property=\"article:published_time\" content=\"2013-03-20T12:46:59+00:00\" \/>\n<meta property=\"article:modified_time\" content=\"2020-04-06T20:32:26+00:00\" \/>\n<meta property=\"og:image\" content=\"https:\/\/lh3.googleusercontent.com\/-L4ikvdMsZHQ\/U_7XS51NcKI\/AAAAAAAABgg\/5uwj-lKyu1k\/w600-h407-no\/femijets_600x407.jpg\" \/>\n<meta name=\"author\" content=\"Kisha Orthodhokse\" \/>\n<meta name=\"twitter:card\" content=\"summary_large_image\" \/>\n<meta name=\"twitter:label1\" content=\"Written by\" \/>\n\t<meta name=\"twitter:data1\" content=\"Kisha Orthodhokse\" \/>\n\t<meta name=\"twitter:label2\" content=\"Est. reading time\" \/>\n\t<meta name=\"twitter:data2\" content=\"6 minutes\" \/>\n<script type=\"application\/ld+json\" class=\"yoast-schema-graph\">{\"@context\":\"https:\/\/schema.org\",\"@graph\":[{\"@type\":\"Article\",\"@id\":\"https:\/\/orthodoxalbania.org\/2020\/2013\/03\/20\/veprimtari-ne-perfundimin-e-vitit-shkollor-ne-mitropoline-e-gjirokastres\/#article\",\"isPartOf\":{\"@id\":\"https:\/\/orthodoxalbania.org\/2020\/2013\/03\/20\/veprimtari-ne-perfundimin-e-vitit-shkollor-ne-mitropoline-e-gjirokastres\/\"},\"author\":{\"name\":\"Kisha Orthodhokse\",\"@id\":\"https:\/\/orthodoxalbania.org\/2020\/#\/schema\/person\/0c387634a7063ac612d7ed9ce71c7e86\"},\"headline\":\"Veprimtari n\u00eb p\u00ebrfundimin e vitit shkollor n\u00eb Mitropolin\u00eb e Gjirokastr\u00ebs. (10 Qershor 2010)\",\"datePublished\":\"2013-03-20T12:46:59+00:00\",\"dateModified\":\"2020-04-06T20:32:26+00:00\",\"mainEntityOfPage\":{\"@id\":\"https:\/\/orthodoxalbania.org\/2020\/2013\/03\/20\/veprimtari-ne-perfundimin-e-vitit-shkollor-ne-mitropoline-e-gjirokastres\/\"},\"wordCount\":1118,\"commentCount\":0,\"publisher\":{\"@id\":\"https:\/\/orthodoxalbania.org\/2020\/#organization\"},\"image\":{\"@id\":\"https:\/\/orthodoxalbania.org\/2020\/2013\/03\/20\/veprimtari-ne-perfundimin-e-vitit-shkollor-ne-mitropoline-e-gjirokastres\/#primaryimage\"},\"thumbnailUrl\":\"https:\/\/lh3.googleusercontent.com\/-L4ikvdMsZHQ\/U_7XS51NcKI\/AAAAAAAABgg\/5uwj-lKyu1k\/w600-h407-no\/femijets_600x407.jpg\",\"keywords\":[\"2010\",\"Aktivitete\",\"Institucione Parashkollore t\u00eb Kish\u00ebs Orthodhokse\",\"lajme\",\"Mitropolia Gjirokast\u00ebr\"],\"articleSection\":[\"Lajme\"],\"inLanguage\":\"en-US\"},{\"@type\":\"WebPage\",\"@id\":\"https:\/\/orthodoxalbania.org\/2020\/2013\/03\/20\/veprimtari-ne-perfundimin-e-vitit-shkollor-ne-mitropoline-e-gjirokastres\/\",\"url\":\"https:\/\/orthodoxalbania.org\/2020\/2013\/03\/20\/veprimtari-ne-perfundimin-e-vitit-shkollor-ne-mitropoline-e-gjirokastres\/\",\"name\":\"Veprimtari n\u00eb p\u00ebrfundimin e vitit shkollor n\u00eb Mitropolin\u00eb e Gjirokastr\u00ebs. (10 Qershor 2010) - Kisha Orthodh\u03bfkse Autoqefale e Shqip\u00ebris\u00eb\",\"isPartOf\":{\"@id\":\"https:\/\/orthodoxalbania.org\/2020\/#website\"},\"primaryImageOfPage\":{\"@id\":\"https:\/\/orthodoxalbania.org\/2020\/2013\/03\/20\/veprimtari-ne-perfundimin-e-vitit-shkollor-ne-mitropoline-e-gjirokastres\/#primaryimage\"},\"image\":{\"@id\":\"https:\/\/orthodoxalbania.org\/2020\/2013\/03\/20\/veprimtari-ne-perfundimin-e-vitit-shkollor-ne-mitropoline-e-gjirokastres\/#primaryimage\"},\"thumbnailUrl\":\"https:\/\/lh3.googleusercontent.com\/-L4ikvdMsZHQ\/U_7XS51NcKI\/AAAAAAAABgg\/5uwj-lKyu1k\/w600-h407-no\/femijets_600x407.jpg\",\"datePublished\":\"2013-03-20T12:46:59+00:00\",\"dateModified\":\"2020-04-06T20:32:26+00:00\",\"breadcrumb\":{\"@id\":\"https:\/\/orthodoxalbania.org\/2020\/2013\/03\/20\/veprimtari-ne-perfundimin-e-vitit-shkollor-ne-mitropoline-e-gjirokastres\/#breadcrumb\"},\"inLanguage\":\"en-US\",\"potentialAction\":[{\"@type\":\"ReadAction\",\"target\":[\"https:\/\/orthodoxalbania.org\/2020\/2013\/03\/20\/veprimtari-ne-perfundimin-e-vitit-shkollor-ne-mitropoline-e-gjirokastres\/\"]}]},{\"@type\":\"ImageObject\",\"inLanguage\":\"en-US\",\"@id\":\"https:\/\/orthodoxalbania.org\/2020\/2013\/03\/20\/veprimtari-ne-perfundimin-e-vitit-shkollor-ne-mitropoline-e-gjirokastres\/#primaryimage\",\"url\":\"https:\/\/lh3.googleusercontent.com\/-L4ikvdMsZHQ\/U_7XS51NcKI\/AAAAAAAABgg\/5uwj-lKyu1k\/w600-h407-no\/femijets_600x407.jpg\",\"contentUrl\":\"https:\/\/lh3.googleusercontent.com\/-L4ikvdMsZHQ\/U_7XS51NcKI\/AAAAAAAABgg\/5uwj-lKyu1k\/w600-h407-no\/femijets_600x407.jpg\"},{\"@type\":\"BreadcrumbList\",\"@id\":\"https:\/\/orthodoxalbania.org\/2020\/2013\/03\/20\/veprimtari-ne-perfundimin-e-vitit-shkollor-ne-mitropoline-e-gjirokastres\/#breadcrumb\",\"itemListElement\":[{\"@type\":\"ListItem\",\"position\":1,\"name\":\"Home\",\"item\":\"https:\/\/orthodoxalbania.org\/2020\/\"},{\"@type\":\"ListItem\",\"position\":2,\"name\":\"Veprimtari n\u00eb p\u00ebrfundimin e vitit shkollor n\u00eb Mitropolin\u00eb e Gjirokastr\u00ebs. (10 Qershor 2010)\"}]},{\"@type\":\"WebSite\",\"@id\":\"https:\/\/orthodoxalbania.org\/2020\/#website\",\"url\":\"https:\/\/orthodoxalbania.org\/2020\/\",\"name\":\"Kisha Orthodh\u03bfkse Autoqefale e Shqip\u00ebris\u00eb\",\"description\":\"Fqja Zyrtare e Kish\u00ebs Orthodhokse Autoqefale e Shqip\u00ebris\u00eb me lajmet edhe informacionet zyrtare p\u00ebr struktur\u00ebn edhe veprimtarin e saj.\",\"publisher\":{\"@id\":\"https:\/\/orthodoxalbania.org\/2020\/#organization\"},\"potentialAction\":[{\"@type\":\"SearchAction\",\"target\":{\"@type\":\"EntryPoint\",\"urlTemplate\":\"https:\/\/orthodoxalbania.org\/2020\/?s={search_term_string}\"},\"query-input\":{\"@type\":\"PropertyValueSpecification\",\"valueRequired\":true,\"valueName\":\"search_term_string\"}}],\"inLanguage\":\"en-US\"},{\"@type\":\"Organization\",\"@id\":\"https:\/\/orthodoxalbania.org\/2020\/#organization\",\"name\":\"Kisha Orthodhokse Autoqefale e Shqip\u00ebris\u00eb\",\"url\":\"https:\/\/orthodoxalbania.org\/2020\/\",\"logo\":{\"@type\":\"ImageObject\",\"inLanguage\":\"en-US\",\"@id\":\"https:\/\/orthodoxalbania.org\/2020\/#\/schema\/logo\/image\/\",\"url\":\"https:\/\/orthodoxalbania.org\/2020\/wp-content\/uploads\/2020\/05\/albania.jpeg\",\"contentUrl\":\"https:\/\/orthodoxalbania.org\/2020\/wp-content\/uploads\/2020\/05\/albania.jpeg\",\"width\":540,\"height\":540,\"caption\":\"Kisha Orthodhokse Autoqefale e Shqip\u00ebris\u00eb\"},\"image\":{\"@id\":\"https:\/\/orthodoxalbania.org\/2020\/#\/schema\/logo\/image\/\"},\"sameAs\":[\"https:\/\/www.facebook.com\/koash1991\"]},{\"@type\":\"Person\",\"@id\":\"https:\/\/orthodoxalbania.org\/2020\/#\/schema\/person\/0c387634a7063ac612d7ed9ce71c7e86\",\"name\":\"Kisha Orthodhokse\",\"image\":{\"@type\":\"ImageObject\",\"inLanguage\":\"en-US\",\"@id\":\"https:\/\/secure.gravatar.com\/avatar\/596e7c417251e30f2fbb9c00e026fce61a695a00e51c889caded71c96cbbdde5?s=96&d=mm&r=g\",\"url\":\"https:\/\/secure.gravatar.com\/avatar\/596e7c417251e30f2fbb9c00e026fce61a695a00e51c889caded71c96cbbdde5?s=96&d=mm&r=g\",\"contentUrl\":\"https:\/\/secure.gravatar.com\/avatar\/596e7c417251e30f2fbb9c00e026fce61a695a00e51c889caded71c96cbbdde5?s=96&d=mm&r=g\",\"caption\":\"Kisha Orthodhokse\"}}]}<\/script>\n<!-- \/ Yoast SEO plugin. -->","yoast_head_json":{"title":"Veprimtari n\u00eb p\u00ebrfundimin e vitit shkollor n\u00eb Mitropolin\u00eb e Gjirokastr\u00ebs. (10 Qershor 2010) - Kisha Orthodh\u03bfkse Autoqefale e Shqip\u00ebris\u00eb","robots":{"index":"index","follow":"follow","max-snippet":"max-snippet:-1","max-image-preview":"max-image-preview:large","max-video-preview":"max-video-preview:-1"},"canonical":"https:\/\/orthodoxalbania.org\/2020\/2013\/03\/20\/veprimtari-ne-perfundimin-e-vitit-shkollor-ne-mitropoline-e-gjirokastres\/","og_locale":"en_US","og_type":"article","og_title":"Veprimtari n\u00eb p\u00ebrfundimin e vitit shkollor n\u00eb Mitropolin\u00eb e Gjirokastr\u00ebs. (10 Qershor 2010) - Kisha Orthodh\u03bfkse Autoqefale e Shqip\u00ebris\u00eb","og_description":"&nbsp;&nbsp;&nbsp; Nj\u00eb atmosfer\u00eb e ve\u00e7ant\u00eb g\u00ebzimi mbizot\u00ebroi gjat\u00eb gjith\u00eb k\u00ebtyre dit\u00ebve n\u00eb institucionet arsimore t\u00eb Mitropolis\u00eb s\u00eb shenjt\u00eb t\u00eb Gjirokastr\u00ebs. Ishte nj\u00eb g\u00ebzim i p\u00ebrligjur, sepse i g\u00ebzoheshin frytit t\u00eb mundimit t\u00eb p\u00ebrbashk\u00ebt me m\u00ebsuesit dhe pedagog\u00ebt e tyre. Dhe ishte kudo e pranishme ndjenja e thell\u00eb e fal\u00ebnderimit p\u00ebr Kryepiskopin Anastas, q\u00eb brenda sakrificash t\u00eb m\u00ebdha krijoi vatra t\u00eb tilla p\u00ebr arsim cil\u00ebsor dhe","og_url":"https:\/\/orthodoxalbania.org\/2020\/2013\/03\/20\/veprimtari-ne-perfundimin-e-vitit-shkollor-ne-mitropoline-e-gjirokastres\/","og_site_name":"Kisha Orthodh\u03bfkse Autoqefale e Shqip\u00ebris\u00eb","article_publisher":"https:\/\/www.facebook.com\/koash1991","article_published_time":"2013-03-20T12:46:59+00:00","article_modified_time":"2020-04-06T20:32:26+00:00","og_image":[{"url":"https:\/\/lh3.googleusercontent.com\/-L4ikvdMsZHQ\/U_7XS51NcKI\/AAAAAAAABgg\/5uwj-lKyu1k\/w600-h407-no\/femijets_600x407.jpg","type":"","width":"","height":""}],"author":"Kisha Orthodhokse","twitter_card":"summary_large_image","twitter_misc":{"Written by":"Kisha Orthodhokse","Est. reading time":"6 minutes"},"schema":{"@context":"https:\/\/schema.org","@graph":[{"@type":"Article","@id":"https:\/\/orthodoxalbania.org\/2020\/2013\/03\/20\/veprimtari-ne-perfundimin-e-vitit-shkollor-ne-mitropoline-e-gjirokastres\/#article","isPartOf":{"@id":"https:\/\/orthodoxalbania.org\/2020\/2013\/03\/20\/veprimtari-ne-perfundimin-e-vitit-shkollor-ne-mitropoline-e-gjirokastres\/"},"author":{"name":"Kisha Orthodhokse","@id":"https:\/\/orthodoxalbania.org\/2020\/#\/schema\/person\/0c387634a7063ac612d7ed9ce71c7e86"},"headline":"Veprimtari n\u00eb p\u00ebrfundimin e vitit shkollor n\u00eb Mitropolin\u00eb e Gjirokastr\u00ebs. (10 Qershor 2010)","datePublished":"2013-03-20T12:46:59+00:00","dateModified":"2020-04-06T20:32:26+00:00","mainEntityOfPage":{"@id":"https:\/\/orthodoxalbania.org\/2020\/2013\/03\/20\/veprimtari-ne-perfundimin-e-vitit-shkollor-ne-mitropoline-e-gjirokastres\/"},"wordCount":1118,"commentCount":0,"publisher":{"@id":"https:\/\/orthodoxalbania.org\/2020\/#organization"},"image":{"@id":"https:\/\/orthodoxalbania.org\/2020\/2013\/03\/20\/veprimtari-ne-perfundimin-e-vitit-shkollor-ne-mitropoline-e-gjirokastres\/#primaryimage"},"thumbnailUrl":"https:\/\/lh3.googleusercontent.com\/-L4ikvdMsZHQ\/U_7XS51NcKI\/AAAAAAAABgg\/5uwj-lKyu1k\/w600-h407-no\/femijets_600x407.jpg","keywords":["2010","Aktivitete","Institucione Parashkollore t\u00eb Kish\u00ebs Orthodhokse","lajme","Mitropolia Gjirokast\u00ebr"],"articleSection":["Lajme"],"inLanguage":"en-US"},{"@type":"WebPage","@id":"https:\/\/orthodoxalbania.org\/2020\/2013\/03\/20\/veprimtari-ne-perfundimin-e-vitit-shkollor-ne-mitropoline-e-gjirokastres\/","url":"https:\/\/orthodoxalbania.org\/2020\/2013\/03\/20\/veprimtari-ne-perfundimin-e-vitit-shkollor-ne-mitropoline-e-gjirokastres\/","name":"Veprimtari n\u00eb p\u00ebrfundimin e vitit shkollor n\u00eb Mitropolin\u00eb e Gjirokastr\u00ebs. (10 Qershor 2010) - Kisha Orthodh\u03bfkse Autoqefale e Shqip\u00ebris\u00eb","isPartOf":{"@id":"https:\/\/orthodoxalbania.org\/2020\/#website"},"primaryImageOfPage":{"@id":"https:\/\/orthodoxalbania.org\/2020\/2013\/03\/20\/veprimtari-ne-perfundimin-e-vitit-shkollor-ne-mitropoline-e-gjirokastres\/#primaryimage"},"image":{"@id":"https:\/\/orthodoxalbania.org\/2020\/2013\/03\/20\/veprimtari-ne-perfundimin-e-vitit-shkollor-ne-mitropoline-e-gjirokastres\/#primaryimage"},"thumbnailUrl":"https:\/\/lh3.googleusercontent.com\/-L4ikvdMsZHQ\/U_7XS51NcKI\/AAAAAAAABgg\/5uwj-lKyu1k\/w600-h407-no\/femijets_600x407.jpg","datePublished":"2013-03-20T12:46:59+00:00","dateModified":"2020-04-06T20:32:26+00:00","breadcrumb":{"@id":"https:\/\/orthodoxalbania.org\/2020\/2013\/03\/20\/veprimtari-ne-perfundimin-e-vitit-shkollor-ne-mitropoline-e-gjirokastres\/#breadcrumb"},"inLanguage":"en-US","potentialAction":[{"@type":"ReadAction","target":["https:\/\/orthodoxalbania.org\/2020\/2013\/03\/20\/veprimtari-ne-perfundimin-e-vitit-shkollor-ne-mitropoline-e-gjirokastres\/"]}]},{"@type":"ImageObject","inLanguage":"en-US","@id":"https:\/\/orthodoxalbania.org\/2020\/2013\/03\/20\/veprimtari-ne-perfundimin-e-vitit-shkollor-ne-mitropoline-e-gjirokastres\/#primaryimage","url":"https:\/\/lh3.googleusercontent.com\/-L4ikvdMsZHQ\/U_7XS51NcKI\/AAAAAAAABgg\/5uwj-lKyu1k\/w600-h407-no\/femijets_600x407.jpg","contentUrl":"https:\/\/lh3.googleusercontent.com\/-L4ikvdMsZHQ\/U_7XS51NcKI\/AAAAAAAABgg\/5uwj-lKyu1k\/w600-h407-no\/femijets_600x407.jpg"},{"@type":"BreadcrumbList","@id":"https:\/\/orthodoxalbania.org\/2020\/2013\/03\/20\/veprimtari-ne-perfundimin-e-vitit-shkollor-ne-mitropoline-e-gjirokastres\/#breadcrumb","itemListElement":[{"@type":"ListItem","position":1,"name":"Home","item":"https:\/\/orthodoxalbania.org\/2020\/"},{"@type":"ListItem","position":2,"name":"Veprimtari n\u00eb p\u00ebrfundimin e vitit shkollor n\u00eb Mitropolin\u00eb e Gjirokastr\u00ebs. (10 Qershor 2010)"}]},{"@type":"WebSite","@id":"https:\/\/orthodoxalbania.org\/2020\/#website","url":"https:\/\/orthodoxalbania.org\/2020\/","name":"Kisha Orthodh\u03bfkse Autoqefale e Shqip\u00ebris\u00eb","description":"Fqja Zyrtare e Kish\u00ebs Orthodhokse Autoqefale e Shqip\u00ebris\u00eb me lajmet edhe informacionet zyrtare p\u00ebr struktur\u00ebn edhe veprimtarin e saj.","publisher":{"@id":"https:\/\/orthodoxalbania.org\/2020\/#organization"},"potentialAction":[{"@type":"SearchAction","target":{"@type":"EntryPoint","urlTemplate":"https:\/\/orthodoxalbania.org\/2020\/?s={search_term_string}"},"query-input":{"@type":"PropertyValueSpecification","valueRequired":true,"valueName":"search_term_string"}}],"inLanguage":"en-US"},{"@type":"Organization","@id":"https:\/\/orthodoxalbania.org\/2020\/#organization","name":"Kisha Orthodhokse Autoqefale e Shqip\u00ebris\u00eb","url":"https:\/\/orthodoxalbania.org\/2020\/","logo":{"@type":"ImageObject","inLanguage":"en-US","@id":"https:\/\/orthodoxalbania.org\/2020\/#\/schema\/logo\/image\/","url":"https:\/\/orthodoxalbania.org\/2020\/wp-content\/uploads\/2020\/05\/albania.jpeg","contentUrl":"https:\/\/orthodoxalbania.org\/2020\/wp-content\/uploads\/2020\/05\/albania.jpeg","width":540,"height":540,"caption":"Kisha Orthodhokse Autoqefale e Shqip\u00ebris\u00eb"},"image":{"@id":"https:\/\/orthodoxalbania.org\/2020\/#\/schema\/logo\/image\/"},"sameAs":["https:\/\/www.facebook.com\/koash1991"]},{"@type":"Person","@id":"https:\/\/orthodoxalbania.org\/2020\/#\/schema\/person\/0c387634a7063ac612d7ed9ce71c7e86","name":"Kisha Orthodhokse","image":{"@type":"ImageObject","inLanguage":"en-US","@id":"https:\/\/secure.gravatar.com\/avatar\/596e7c417251e30f2fbb9c00e026fce61a695a00e51c889caded71c96cbbdde5?s=96&d=mm&r=g","url":"https:\/\/secure.gravatar.com\/avatar\/596e7c417251e30f2fbb9c00e026fce61a695a00e51c889caded71c96cbbdde5?s=96&d=mm&r=g","contentUrl":"https:\/\/secure.gravatar.com\/avatar\/596e7c417251e30f2fbb9c00e026fce61a695a00e51c889caded71c96cbbdde5?s=96&d=mm&r=g","caption":"Kisha Orthodhokse"}}]}},"_links":{"self":[{"href":"https:\/\/orthodoxalbania.org\/2020\/wp-json\/wp\/v2\/posts\/1519","targetHints":{"allow":["GET"]}}],"collection":[{"href":"https:\/\/orthodoxalbania.org\/2020\/wp-json\/wp\/v2\/posts"}],"about":[{"href":"https:\/\/orthodoxalbania.org\/2020\/wp-json\/wp\/v2\/types\/post"}],"author":[{"embeddable":true,"href":"https:\/\/orthodoxalbania.org\/2020\/wp-json\/wp\/v2\/users\/1"}],"replies":[{"embeddable":true,"href":"https:\/\/orthodoxalbania.org\/2020\/wp-json\/wp\/v2\/comments?post=1519"}],"version-history":[{"count":1,"href":"https:\/\/orthodoxalbania.org\/2020\/wp-json\/wp\/v2\/posts\/1519\/revisions"}],"predecessor-version":[{"id":15499,"href":"https:\/\/orthodoxalbania.org\/2020\/wp-json\/wp\/v2\/posts\/1519\/revisions\/15499"}],"wp:attachment":[{"href":"https:\/\/orthodoxalbania.org\/2020\/wp-json\/wp\/v2\/media?parent=1519"}],"wp:term":[{"taxonomy":"category","embeddable":true,"href":"https:\/\/orthodoxalbania.org\/2020\/wp-json\/wp\/v2\/categories?post=1519"},{"taxonomy":"post_tag","embeddable":true,"href":"https:\/\/orthodoxalbania.org\/2020\/wp-json\/wp\/v2\/tags?post=1519"}],"curies":[{"name":"wp","href":"https:\/\/api.w.org\/{rel}","templated":true}]}}