{"id":1518,"date":"2014-03-21T08:01:23","date_gmt":"2014-03-21T08:01:23","guid":{"rendered":""},"modified":"2020-04-06T22:05:19","modified_gmt":"2020-04-06T20:05:19","slug":"veprimtari-me-udheheqesit-rinore-orthodhokse-te-vendit","status":"publish","type":"post","link":"https:\/\/orthodoxalbania.org\/2020\/2014\/03\/21\/veprimtari-me-udheheqesit-rinore-orthodhokse-te-vendit\/","title":{"rendered":"Veprimtari me udh\u00ebheq\u00ebsit rinor\u00eb orthodhoks\u00eb t\u00eb vendit. (14 &#8211; 16 Mars 2014)"},"content":{"rendered":"<p style=\"text-align: justify;\"><span style=\"color: #000000; font-size: 12pt; font-family: helvetica;\"><\/span><\/p>\n<p> <\/p>\n<p style=\"text-align: justify;\"><span style=\"color: #000000; font-size: 12pt; font-family: helvetica;\">&nbsp; &nbsp; M\u00eb 14-16 mars 2014, u organizua nga Zyra e Rinis\u00eb Orthodhokse t\u00eb Kryepiskopat\u00ebs s\u00eb Tiran\u00ebs nj\u00eb takim tre ditor p\u00ebr udh\u00ebheq\u00ebsit e Rinis\u00eb Orthodhokse t\u00eb dioqezave t\u00eb vendit ton\u00eb. Ky takim me tem\u00eb: \u201cZell p\u00ebr Zotin\u201d u zhvillua n\u00eb mjediset e Akademis\u00eb Theologjike \u201cNgjallja e Krishtit\u201d, n\u00eb Sh\u00ebn Vlash. N\u00eb k\u00ebt\u00eb takim mor\u00ebn pjes\u00eb 55 t\u00eb rinj nga t\u00eb kat\u00ebr dioqezat e vendit dhe tre t\u00eb rinj amerikan\u00eb t\u00eb d\u00ebrguar nga Qendra Orthodhokse Misionare n\u00eb SHBA (OCMC), p\u00ebr t\u00eb ndihmuar n\u00eb k\u00ebt\u00eb veprimtari. Ky takim u bazua n\u00eb programin e p\u00ebrpunuar t\u00eb t\u00eb rinjve orthodhoks\u00eb t\u00eb kish\u00ebs s\u00eb Sh\u00ebn Pavlit, n\u00eb Irvine t\u00eb Kalifornis\u00eb (SHBA).&nbsp;<\/span><\/p>\n<p style=\"text-align: justify;\"><span style=\"font-size: 12pt; font-family: helvetica;\"><\/span><span style=\"color: #000000; font-size: 12pt; font-family: helvetica;\">&nbsp; &nbsp; Synimi i k\u00ebsaj veprimtarie ishte rip\u00ebrt\u00ebritja dhe mb\u00ebshtetja shpirt\u00ebrore dhe organizative e lidhjeve rinore t\u00eb dioqezave. Ajo u bazua n\u00eb tri n\u00ebntema qendrore: Gruri, Uji dhe Zjarri. Nj\u00eb nga objektivat ishte edhe krijimi i nj\u00eb modeli trajnimi, i cili mund t\u00eb zbatohet leht\u00eb n\u00eb famullin\u00eb (enorin\u00eb) e \u00e7donj\u00ebrit nga pjes\u00ebmarr\u00ebsit, t\u00eb ndihmuar p\u00ebr k\u00ebt\u00eb edhe nga Zyra e Rinis\u00eb Orthodhokse t\u00eb Kryepiskopat\u00ebs. <\/span><span style=\"color: #000000; font-size: 12pt; font-family: helvetica;\"><\/span><\/p>\n<p style=\"text-align: justify;\"><span style=\"font-size: 12pt; font-family: helvetica;\"><\/span><span style=\"color: #000000; font-size: 12pt; font-family: helvetica;\">&nbsp; &nbsp; P\u00ebrve\u00e7 referateve, programi i larmish\u00ebm p\u00ebrfshinte edhe diskutime n\u00eb grupe t\u00eb vogla, sh\u00ebrbesa adhuruese n\u00eb kish\u00eb, gatime t\u00eb grurit dhe buk\u00ebs s\u00eb mesh\u00ebs, njohje t\u00eb veprimtaris\u00eb rinore n\u00eb secil\u00ebn dioqez\u00eb, film artistik edukativ, ske\u00e7e e dramatizime t\u00eb p\u00ebrgatitura nga vet\u00eb t\u00eb rinjt\u00eb pjes\u00ebmarr\u00ebs etj.<\/span><\/p>\n<p style=\"text-align: justify;\"><span style=\"font-size: 12pt; font-family: helvetica;\"><\/span><span style=\"color: #000000; font-size: 12pt; font-family: helvetica;\">&nbsp; &nbsp; Ky program iu ofrua t\u00eb rinjve t\u00eb krishter\u00eb, q\u00eb t\u00eb p\u00ebrpiqen p\u00ebr t\u00eb b\u00ebr\u00eb nj\u00eb ndryshim cil\u00ebsor n\u00eb jet\u00ebn &nbsp;e tyre, p\u00ebr t\u00eb ndar\u00eb me t\u00eb tjer\u00ebt Dashurin\u00eb e Jisu Krishtit dhe p\u00ebr t\u00eb ofruar \u00e7far\u00eb kan\u00eb atyre q\u00eb jan\u00eb n\u00eb nevoj\u00eb. Privimi nga ngr\u00ebnia e ushqimeve rriti nd\u00ebrgjegj\u00ebsimin e t\u00eb rinjve orthodhoks\u00eb ndaj nevojave t\u00eb atyre personave q\u00eb kan\u00eb uri dhe nxiti kontributin e drejtp\u00ebrdrejt material t\u00eb t\u00eb rinjve n\u00eb ndihm\u00eb t\u00eb nevojtar\u00ebve. Kjo p\u00ebrpjekje n\u00eb t\u00eb cil\u00ebn kaluan pjes\u00ebmarr\u00ebsit i ndihmoi ata t\u00eb mblidhen s\u00eb bashku dhe t\u2019i shtrojn\u00eb vetes pyetjen: \u201cNga se varet v\u00ebrtet\u00eb jeta ime? Vet\u00ebm nga ushqimi apo edhe nga fjala e Per\u00ebndis\u00eb? A mund t\u00eb q\u00ebndrojm\u00eb indiferent\u00eb ndaj nevojave dhe uris\u00eb t\u00eb atyre q\u00eb na rrethojn\u00eb?\u201d <\/span><span style=\"font-size: 12pt; font-family: helvetica;\"><\/span><\/p>\n<p style=\"text-align: justify;\">&nbsp;<\/p>\n<p style=\"text-align: right;\"><span style=\"color: #000000; font-size: 12pt; font-family: helvetica;\"><strong>Dhjak Stefan Ritsi<\/strong><\/span><\/p>\n<div style=\"text-align: justify;\">&nbsp;<\/div>\n<div style=\"text-align: justify;\"><span style=\"color: #000000;\"><span style=\"font-family: tahoma,geneva,sans-serif;\"><span style=\"font-size: 12px;\"><img class=\"lazyload\" decoding=\"async\" style=\"height: 310px; width: 600px; margin: 10px; border-width: 1px; border-style: solid;\" alt=\"\" src=\"data:image\/gif;base64,R0lGODlhAQABAAAAACH5BAEKAAEALAAAAAABAAEAAAICTAEAOw==\" data-orig-src=\"https:\/\/lh6.googleusercontent.com\/-5-C36srbS6E\/Uyvv504IyjI\/AAAAAAAAHsg\/8zVGx4zdaG8\/w854-h441-no\/ne+tekst.jpg\" \/><\/span><\/span><\/span><\/div>\n<div><span style=\"color: #000000;\"><span style=\"font-family: tahoma,geneva,sans-serif;\"><span style=\"font-size: 12px;\"><img class=\"lazyload\" decoding=\"async\" style=\"height: 291px; width: 600px; margin: 10px; border-width: 1px; border-style: solid;\" alt=\"\" src=\"data:image\/gif;base64,R0lGODlhAQABAAAAACH5BAEKAAEALAAAAAABAAEAAAICTAEAOw==\" data-orig-src=\"https:\/\/lh3.googleusercontent.com\/-eANWuxTkqME\/Uyvv2xtMMSI\/AAAAAAAAHsI\/y92KgT3btck\/w958-h465-no\/2.jpg\" \/><\/span><\/span><\/span><\/div>\n<div><span style=\"color: #000000;\"><span style=\"font-family: tahoma,geneva,sans-serif;\"><span style=\"font-size: 12px;\"><img class=\"lazyload\" decoding=\"async\" style=\"height: 341px; width: 600px; margin: 10px; border-width: 1px; border-style: solid;\" alt=\"\" src=\"data:image\/gif;base64,R0lGODlhAQABAAAAACH5BAEKAAEALAAAAAABAAEAAAICTAEAOw==\" data-orig-src=\"https:\/\/lh3.googleusercontent.com\/-m4cm0o0l0eg\/Uyvv20hkK4I\/AAAAAAAAHrs\/5_v_1m4MJPY\/w789-h449-no\/3.jpg\" \/><\/span><\/span><\/span><\/div>\n<div><span style=\"color: #000000;\"><span style=\"font-family: tahoma,geneva,sans-serif;\"><span style=\"font-size: 12px;\"><img class=\"lazyload\" decoding=\"async\" style=\"height: 400px; width: 600px; margin: 10px; border-width: 1px; border-style: solid;\" alt=\"\" src=\"data:image\/gif;base64,R0lGODlhAQABAAAAACH5BAEKAAEALAAAAAABAAEAAAICTAEAOw==\" data-orig-src=\"https:\/\/lh3.googleusercontent.com\/-gYM9w54IAzU\/Uyvv3hVw2GI\/AAAAAAAAHr8\/37CGJ6nqjng\/w674-h449-no\/4.jpg\" \/><\/span><\/span><\/span><\/div>\n<div><span style=\"color: #000000;\"><span style=\"font-family: tahoma,geneva,sans-serif;\"><span style=\"font-size: 12px;\"><img class=\"lazyload\" decoding=\"async\" style=\"height: 901px; width: 600px; margin: 10px; border-width: 1px; border-style: solid;\" alt=\"\" src=\"data:image\/gif;base64,R0lGODlhAQABAAAAACH5BAEKAAEALAAAAAABAAEAAAICTAEAOw==\" data-orig-src=\"https:\/\/lh4.googleusercontent.com\/-HieScheK7Tc\/Uyvv4LmwPcI\/AAAAAAAAHsE\/QFC83YlRcbM\/w555-h833-no\/5.jpg\" \/><\/span><\/span><\/span><\/div>\n<div><span style=\"color: #000000;\"><span style=\"font-family: tahoma,geneva,sans-serif;\"><span style=\"font-size: 12px;\"><img class=\"lazyload\" decoding=\"async\" style=\"height: 675px; width: 400px; margin: 10px; border-width: 1px; border-style: solid;\" alt=\"\" src=\"data:image\/gif;base64,R0lGODlhAQABAAAAACH5BAEKAAEALAAAAAABAAEAAAICTAEAOw==\" data-orig-src=\"https:\/\/lh5.googleusercontent.com\/-hQrDbmfcEG0\/Uyvv4Fqf34I\/AAAAAAAAHsM\/g2FNQlGnzDo\/w266-h449-no\/6.jpg\" \/><\/span><\/span><\/span><\/div>\n<div><span style=\"color: #000000;\"><span style=\"font-family: tahoma,geneva,sans-serif;\"><span style=\"font-size: 12px;\"><img class=\"lazyload\" decoding=\"async\" style=\"height: 400px; width: 600px; margin: 10px; border-width: 1px; border-style: solid;\" alt=\"\" src=\"data:image\/gif;base64,R0lGODlhAQABAAAAACH5BAEKAAEALAAAAAABAAEAAAICTAEAOw==\" data-orig-src=\"https:\/\/lh6.googleusercontent.com\/-269HzCdVCkY\/Uyvv5LbB78I\/AAAAAAAAHsc\/1rBBGgLqQEM\/w958-h639-no\/7.jpg\" \/><\/span><\/span><\/span><\/div>\n<div><span style=\"color: #000000;\"><span style=\"font-family: tahoma,geneva,sans-serif;\"><span style=\"font-size: 12px;\"><img class=\"lazyload\" decoding=\"async\" style=\"height: 400px; width: 600px; margin: 10px; border-width: 1px; border-style: solid;\" alt=\"\" src=\"data:image\/gif;base64,R0lGODlhAQABAAAAACH5BAEKAAEALAAAAAABAAEAAAICTAEAOw==\" data-orig-src=\"https:\/\/lh4.googleusercontent.com\/-8SiyTu20jXo\/Uyvv52XWsgI\/AAAAAAAAHsk\/DNt4V_GQsO4\/w958-h639-no\/8.jpg\" \/><\/span><\/span><\/span><\/div>\n","protected":false},"excerpt":{"rendered":"<p>&nbsp; &nbsp; M\u00eb 14-16 mars 2014, u organizua nga Zyra e Rinis\u00eb Orthodhokse t\u00eb Kryepiskopat\u00ebs s\u00eb Tiran\u00ebs nj\u00eb takim tre ditor p\u00ebr udh\u00ebheq\u00ebsit e Rinis\u00eb Orthodhokse t\u00eb dioqezave t\u00eb vendit ton\u00eb. Ky takim me tem\u00eb: \u201cZell p\u00ebr Zotin\u201d u zhvillua n\u00eb mjediset e Akademis\u00eb Theologjike \u201cNgjallja e Krishtit\u201d, n\u00eb Sh\u00ebn Vlash. N\u00eb k\u00ebt\u00eb takim mor\u00ebn pjes\u00eb 55 t\u00eb rinj nga t\u00eb kat\u00ebr dioqezat e vendit<\/p>\n","protected":false},"author":1,"featured_media":1325,"comment_status":"open","ping_status":"open","sticky":false,"template":"","format":"standard","meta":{"_acf_changed":false,"pagelayer_contact_templates":[],"_pagelayer_content":"","inline_featured_image":false,"fifu_image_url":"","fifu_image_alt":"","footnotes":""},"categories":[108],"tags":[140,154,196,212,176],"class_list":["post-1518","post","type-post","status-publish","format-standard","has-post-thumbnail","hentry","category-lajme","tag-140","tag-aktivitete","tag-tirane","tag-lajme-d27","tag-rinia-orthodhokse"],"acf":[],"yoast_head":"<!-- This site is optimized with the Yoast SEO plugin v27.2 - https:\/\/yoast.com\/product\/yoast-seo-wordpress\/ -->\n<title>Veprimtari me udh\u00ebheq\u00ebsit rinor\u00eb orthodhoks\u00eb t\u00eb vendit. (14 - 16 Mars 2014) - Kisha Orthodh\u03bfkse Autoqefale e Shqip\u00ebris\u00eb<\/title>\n<meta name=\"robots\" content=\"index, follow, max-snippet:-1, max-image-preview:large, max-video-preview:-1\" \/>\n<link rel=\"canonical\" href=\"https:\/\/orthodoxalbania.org\/2020\/2014\/03\/21\/veprimtari-me-udheheqesit-rinore-orthodhokse-te-vendit\/\" \/>\n<meta property=\"og:locale\" content=\"en_US\" \/>\n<meta property=\"og:type\" content=\"article\" \/>\n<meta property=\"og:title\" content=\"Veprimtari me udh\u00ebheq\u00ebsit rinor\u00eb orthodhoks\u00eb t\u00eb vendit. (14 - 16 Mars 2014) - Kisha Orthodh\u03bfkse Autoqefale e Shqip\u00ebris\u00eb\" \/>\n<meta property=\"og:description\" content=\"&nbsp; &nbsp; M\u00eb 14-16 mars 2014, u organizua nga Zyra e Rinis\u00eb Orthodhokse t\u00eb Kryepiskopat\u00ebs s\u00eb Tiran\u00ebs nj\u00eb takim tre ditor p\u00ebr udh\u00ebheq\u00ebsit e Rinis\u00eb Orthodhokse t\u00eb dioqezave t\u00eb vendit ton\u00eb. Ky takim me tem\u00eb: \u201cZell p\u00ebr Zotin\u201d u zhvillua n\u00eb mjediset e Akademis\u00eb Theologjike \u201cNgjallja e Krishtit\u201d, n\u00eb Sh\u00ebn Vlash. N\u00eb k\u00ebt\u00eb takim mor\u00ebn pjes\u00eb 55 t\u00eb rinj nga t\u00eb kat\u00ebr dioqezat e vendit\" \/>\n<meta property=\"og:url\" content=\"https:\/\/orthodoxalbania.org\/2020\/2014\/03\/21\/veprimtari-me-udheheqesit-rinore-orthodhokse-te-vendit\/\" \/>\n<meta property=\"og:site_name\" content=\"Kisha Orthodh\u03bfkse Autoqefale e Shqip\u00ebris\u00eb\" \/>\n<meta property=\"article:publisher\" content=\"https:\/\/www.facebook.com\/koash1991\" \/>\n<meta property=\"article:published_time\" content=\"2014-03-21T08:01:23+00:00\" \/>\n<meta property=\"article:modified_time\" content=\"2020-04-06T20:05:19+00:00\" \/>\n<meta property=\"og:image\" content=\"https:\/\/orthodoxalbania.org\/2020\/wp-content\/uploads\/2020\/04\/ne-tekst.jpg\" \/>\n\t<meta property=\"og:image:width\" content=\"854\" \/>\n\t<meta property=\"og:image:height\" content=\"441\" \/>\n\t<meta property=\"og:image:type\" content=\"image\/jpeg\" \/>\n<meta name=\"author\" content=\"Kisha Orthodhokse\" \/>\n<meta name=\"twitter:card\" content=\"summary_large_image\" \/>\n<meta name=\"twitter:label1\" content=\"Written by\" \/>\n\t<meta name=\"twitter:data1\" content=\"Kisha Orthodhokse\" \/>\n\t<meta name=\"twitter:label2\" content=\"Est. reading time\" \/>\n\t<meta name=\"twitter:data2\" content=\"2 minutes\" \/>\n<script type=\"application\/ld+json\" class=\"yoast-schema-graph\">{\"@context\":\"https:\/\/schema.org\",\"@graph\":[{\"@type\":\"Article\",\"@id\":\"https:\/\/orthodoxalbania.org\/2020\/2014\/03\/21\/veprimtari-me-udheheqesit-rinore-orthodhokse-te-vendit\/#article\",\"isPartOf\":{\"@id\":\"https:\/\/orthodoxalbania.org\/2020\/2014\/03\/21\/veprimtari-me-udheheqesit-rinore-orthodhokse-te-vendit\/\"},\"author\":{\"name\":\"Kisha Orthodhokse\",\"@id\":\"https:\/\/orthodoxalbania.org\/2020\/#\/schema\/person\/0c387634a7063ac612d7ed9ce71c7e86\"},\"headline\":\"Veprimtari me udh\u00ebheq\u00ebsit rinor\u00eb orthodhoks\u00eb t\u00eb vendit. (14 &#8211; 16 Mars 2014)\",\"datePublished\":\"2014-03-21T08:01:23+00:00\",\"dateModified\":\"2020-04-06T20:05:19+00:00\",\"mainEntityOfPage\":{\"@id\":\"https:\/\/orthodoxalbania.org\/2020\/2014\/03\/21\/veprimtari-me-udheheqesit-rinore-orthodhokse-te-vendit\/\"},\"wordCount\":418,\"commentCount\":0,\"publisher\":{\"@id\":\"https:\/\/orthodoxalbania.org\/2020\/#organization\"},\"image\":{\"@id\":\"https:\/\/orthodoxalbania.org\/2020\/2014\/03\/21\/veprimtari-me-udheheqesit-rinore-orthodhokse-te-vendit\/#primaryimage\"},\"thumbnailUrl\":\"https:\/\/orthodoxalbania.org\/2020\/wp-content\/uploads\/2020\/04\/ne-tekst.jpg\",\"keywords\":[\"2014\",\"Aktivitete\",\"Kryepiskopata Tiran\u00eb\",\"lajme\",\"Rinia Orthodhokse\"],\"articleSection\":[\"Lajme\"],\"inLanguage\":\"en-US\"},{\"@type\":\"WebPage\",\"@id\":\"https:\/\/orthodoxalbania.org\/2020\/2014\/03\/21\/veprimtari-me-udheheqesit-rinore-orthodhokse-te-vendit\/\",\"url\":\"https:\/\/orthodoxalbania.org\/2020\/2014\/03\/21\/veprimtari-me-udheheqesit-rinore-orthodhokse-te-vendit\/\",\"name\":\"Veprimtari me udh\u00ebheq\u00ebsit rinor\u00eb orthodhoks\u00eb t\u00eb vendit. (14 - 16 Mars 2014) - Kisha Orthodh\u03bfkse Autoqefale e Shqip\u00ebris\u00eb\",\"isPartOf\":{\"@id\":\"https:\/\/orthodoxalbania.org\/2020\/#website\"},\"primaryImageOfPage\":{\"@id\":\"https:\/\/orthodoxalbania.org\/2020\/2014\/03\/21\/veprimtari-me-udheheqesit-rinore-orthodhokse-te-vendit\/#primaryimage\"},\"image\":{\"@id\":\"https:\/\/orthodoxalbania.org\/2020\/2014\/03\/21\/veprimtari-me-udheheqesit-rinore-orthodhokse-te-vendit\/#primaryimage\"},\"thumbnailUrl\":\"https:\/\/orthodoxalbania.org\/2020\/wp-content\/uploads\/2020\/04\/ne-tekst.jpg\",\"datePublished\":\"2014-03-21T08:01:23+00:00\",\"dateModified\":\"2020-04-06T20:05:19+00:00\",\"breadcrumb\":{\"@id\":\"https:\/\/orthodoxalbania.org\/2020\/2014\/03\/21\/veprimtari-me-udheheqesit-rinore-orthodhokse-te-vendit\/#breadcrumb\"},\"inLanguage\":\"en-US\",\"potentialAction\":[{\"@type\":\"ReadAction\",\"target\":[\"https:\/\/orthodoxalbania.org\/2020\/2014\/03\/21\/veprimtari-me-udheheqesit-rinore-orthodhokse-te-vendit\/\"]}]},{\"@type\":\"ImageObject\",\"inLanguage\":\"en-US\",\"@id\":\"https:\/\/orthodoxalbania.org\/2020\/2014\/03\/21\/veprimtari-me-udheheqesit-rinore-orthodhokse-te-vendit\/#primaryimage\",\"url\":\"https:\/\/orthodoxalbania.org\/2020\/wp-content\/uploads\/2020\/04\/ne-tekst.jpg\",\"contentUrl\":\"https:\/\/orthodoxalbania.org\/2020\/wp-content\/uploads\/2020\/04\/ne-tekst.jpg\",\"width\":854,\"height\":441},{\"@type\":\"BreadcrumbList\",\"@id\":\"https:\/\/orthodoxalbania.org\/2020\/2014\/03\/21\/veprimtari-me-udheheqesit-rinore-orthodhokse-te-vendit\/#breadcrumb\",\"itemListElement\":[{\"@type\":\"ListItem\",\"position\":1,\"name\":\"Home\",\"item\":\"https:\/\/orthodoxalbania.org\/2020\/\"},{\"@type\":\"ListItem\",\"position\":2,\"name\":\"Veprimtari me udh\u00ebheq\u00ebsit rinor\u00eb orthodhoks\u00eb t\u00eb vendit. (14 &#8211; 16 Mars 2014)\"}]},{\"@type\":\"WebSite\",\"@id\":\"https:\/\/orthodoxalbania.org\/2020\/#website\",\"url\":\"https:\/\/orthodoxalbania.org\/2020\/\",\"name\":\"Kisha Orthodh\u03bfkse Autoqefale e Shqip\u00ebris\u00eb\",\"description\":\"Fqja Zyrtare e Kish\u00ebs Orthodhokse Autoqefale e Shqip\u00ebris\u00eb me lajmet edhe informacionet zyrtare p\u00ebr struktur\u00ebn edhe veprimtarin e saj.\",\"publisher\":{\"@id\":\"https:\/\/orthodoxalbania.org\/2020\/#organization\"},\"potentialAction\":[{\"@type\":\"SearchAction\",\"target\":{\"@type\":\"EntryPoint\",\"urlTemplate\":\"https:\/\/orthodoxalbania.org\/2020\/?s={search_term_string}\"},\"query-input\":{\"@type\":\"PropertyValueSpecification\",\"valueRequired\":true,\"valueName\":\"search_term_string\"}}],\"inLanguage\":\"en-US\"},{\"@type\":\"Organization\",\"@id\":\"https:\/\/orthodoxalbania.org\/2020\/#organization\",\"name\":\"Kisha Orthodhokse Autoqefale e Shqip\u00ebris\u00eb\",\"url\":\"https:\/\/orthodoxalbania.org\/2020\/\",\"logo\":{\"@type\":\"ImageObject\",\"inLanguage\":\"en-US\",\"@id\":\"https:\/\/orthodoxalbania.org\/2020\/#\/schema\/logo\/image\/\",\"url\":\"https:\/\/orthodoxalbania.org\/2020\/wp-content\/uploads\/2020\/05\/albania.jpeg\",\"contentUrl\":\"https:\/\/orthodoxalbania.org\/2020\/wp-content\/uploads\/2020\/05\/albania.jpeg\",\"width\":540,\"height\":540,\"caption\":\"Kisha Orthodhokse Autoqefale e Shqip\u00ebris\u00eb\"},\"image\":{\"@id\":\"https:\/\/orthodoxalbania.org\/2020\/#\/schema\/logo\/image\/\"},\"sameAs\":[\"https:\/\/www.facebook.com\/koash1991\"]},{\"@type\":\"Person\",\"@id\":\"https:\/\/orthodoxalbania.org\/2020\/#\/schema\/person\/0c387634a7063ac612d7ed9ce71c7e86\",\"name\":\"Kisha Orthodhokse\",\"image\":{\"@type\":\"ImageObject\",\"inLanguage\":\"en-US\",\"@id\":\"https:\/\/secure.gravatar.com\/avatar\/596e7c417251e30f2fbb9c00e026fce61a695a00e51c889caded71c96cbbdde5?s=96&d=mm&r=g\",\"url\":\"https:\/\/secure.gravatar.com\/avatar\/596e7c417251e30f2fbb9c00e026fce61a695a00e51c889caded71c96cbbdde5?s=96&d=mm&r=g\",\"contentUrl\":\"https:\/\/secure.gravatar.com\/avatar\/596e7c417251e30f2fbb9c00e026fce61a695a00e51c889caded71c96cbbdde5?s=96&d=mm&r=g\",\"caption\":\"Kisha Orthodhokse\"}}]}<\/script>\n<!-- \/ Yoast SEO plugin. -->","yoast_head_json":{"title":"Veprimtari me udh\u00ebheq\u00ebsit rinor\u00eb orthodhoks\u00eb t\u00eb vendit. (14 - 16 Mars 2014) - Kisha Orthodh\u03bfkse Autoqefale e Shqip\u00ebris\u00eb","robots":{"index":"index","follow":"follow","max-snippet":"max-snippet:-1","max-image-preview":"max-image-preview:large","max-video-preview":"max-video-preview:-1"},"canonical":"https:\/\/orthodoxalbania.org\/2020\/2014\/03\/21\/veprimtari-me-udheheqesit-rinore-orthodhokse-te-vendit\/","og_locale":"en_US","og_type":"article","og_title":"Veprimtari me udh\u00ebheq\u00ebsit rinor\u00eb orthodhoks\u00eb t\u00eb vendit. (14 - 16 Mars 2014) - Kisha Orthodh\u03bfkse Autoqefale e Shqip\u00ebris\u00eb","og_description":"&nbsp; &nbsp; M\u00eb 14-16 mars 2014, u organizua nga Zyra e Rinis\u00eb Orthodhokse t\u00eb Kryepiskopat\u00ebs s\u00eb Tiran\u00ebs nj\u00eb takim tre ditor p\u00ebr udh\u00ebheq\u00ebsit e Rinis\u00eb Orthodhokse t\u00eb dioqezave t\u00eb vendit ton\u00eb. Ky takim me tem\u00eb: \u201cZell p\u00ebr Zotin\u201d u zhvillua n\u00eb mjediset e Akademis\u00eb Theologjike \u201cNgjallja e Krishtit\u201d, n\u00eb Sh\u00ebn Vlash. N\u00eb k\u00ebt\u00eb takim mor\u00ebn pjes\u00eb 55 t\u00eb rinj nga t\u00eb kat\u00ebr dioqezat e vendit","og_url":"https:\/\/orthodoxalbania.org\/2020\/2014\/03\/21\/veprimtari-me-udheheqesit-rinore-orthodhokse-te-vendit\/","og_site_name":"Kisha Orthodh\u03bfkse Autoqefale e Shqip\u00ebris\u00eb","article_publisher":"https:\/\/www.facebook.com\/koash1991","article_published_time":"2014-03-21T08:01:23+00:00","article_modified_time":"2020-04-06T20:05:19+00:00","og_image":[{"width":854,"height":441,"url":"https:\/\/orthodoxalbania.org\/2020\/wp-content\/uploads\/2020\/04\/ne-tekst.jpg","type":"image\/jpeg"}],"author":"Kisha Orthodhokse","twitter_card":"summary_large_image","twitter_misc":{"Written by":"Kisha Orthodhokse","Est. reading time":"2 minutes"},"schema":{"@context":"https:\/\/schema.org","@graph":[{"@type":"Article","@id":"https:\/\/orthodoxalbania.org\/2020\/2014\/03\/21\/veprimtari-me-udheheqesit-rinore-orthodhokse-te-vendit\/#article","isPartOf":{"@id":"https:\/\/orthodoxalbania.org\/2020\/2014\/03\/21\/veprimtari-me-udheheqesit-rinore-orthodhokse-te-vendit\/"},"author":{"name":"Kisha Orthodhokse","@id":"https:\/\/orthodoxalbania.org\/2020\/#\/schema\/person\/0c387634a7063ac612d7ed9ce71c7e86"},"headline":"Veprimtari me udh\u00ebheq\u00ebsit rinor\u00eb orthodhoks\u00eb t\u00eb vendit. (14 &#8211; 16 Mars 2014)","datePublished":"2014-03-21T08:01:23+00:00","dateModified":"2020-04-06T20:05:19+00:00","mainEntityOfPage":{"@id":"https:\/\/orthodoxalbania.org\/2020\/2014\/03\/21\/veprimtari-me-udheheqesit-rinore-orthodhokse-te-vendit\/"},"wordCount":418,"commentCount":0,"publisher":{"@id":"https:\/\/orthodoxalbania.org\/2020\/#organization"},"image":{"@id":"https:\/\/orthodoxalbania.org\/2020\/2014\/03\/21\/veprimtari-me-udheheqesit-rinore-orthodhokse-te-vendit\/#primaryimage"},"thumbnailUrl":"https:\/\/orthodoxalbania.org\/2020\/wp-content\/uploads\/2020\/04\/ne-tekst.jpg","keywords":["2014","Aktivitete","Kryepiskopata Tiran\u00eb","lajme","Rinia Orthodhokse"],"articleSection":["Lajme"],"inLanguage":"en-US"},{"@type":"WebPage","@id":"https:\/\/orthodoxalbania.org\/2020\/2014\/03\/21\/veprimtari-me-udheheqesit-rinore-orthodhokse-te-vendit\/","url":"https:\/\/orthodoxalbania.org\/2020\/2014\/03\/21\/veprimtari-me-udheheqesit-rinore-orthodhokse-te-vendit\/","name":"Veprimtari me udh\u00ebheq\u00ebsit rinor\u00eb orthodhoks\u00eb t\u00eb vendit. (14 - 16 Mars 2014) - Kisha Orthodh\u03bfkse Autoqefale e Shqip\u00ebris\u00eb","isPartOf":{"@id":"https:\/\/orthodoxalbania.org\/2020\/#website"},"primaryImageOfPage":{"@id":"https:\/\/orthodoxalbania.org\/2020\/2014\/03\/21\/veprimtari-me-udheheqesit-rinore-orthodhokse-te-vendit\/#primaryimage"},"image":{"@id":"https:\/\/orthodoxalbania.org\/2020\/2014\/03\/21\/veprimtari-me-udheheqesit-rinore-orthodhokse-te-vendit\/#primaryimage"},"thumbnailUrl":"https:\/\/orthodoxalbania.org\/2020\/wp-content\/uploads\/2020\/04\/ne-tekst.jpg","datePublished":"2014-03-21T08:01:23+00:00","dateModified":"2020-04-06T20:05:19+00:00","breadcrumb":{"@id":"https:\/\/orthodoxalbania.org\/2020\/2014\/03\/21\/veprimtari-me-udheheqesit-rinore-orthodhokse-te-vendit\/#breadcrumb"},"inLanguage":"en-US","potentialAction":[{"@type":"ReadAction","target":["https:\/\/orthodoxalbania.org\/2020\/2014\/03\/21\/veprimtari-me-udheheqesit-rinore-orthodhokse-te-vendit\/"]}]},{"@type":"ImageObject","inLanguage":"en-US","@id":"https:\/\/orthodoxalbania.org\/2020\/2014\/03\/21\/veprimtari-me-udheheqesit-rinore-orthodhokse-te-vendit\/#primaryimage","url":"https:\/\/orthodoxalbania.org\/2020\/wp-content\/uploads\/2020\/04\/ne-tekst.jpg","contentUrl":"https:\/\/orthodoxalbania.org\/2020\/wp-content\/uploads\/2020\/04\/ne-tekst.jpg","width":854,"height":441},{"@type":"BreadcrumbList","@id":"https:\/\/orthodoxalbania.org\/2020\/2014\/03\/21\/veprimtari-me-udheheqesit-rinore-orthodhokse-te-vendit\/#breadcrumb","itemListElement":[{"@type":"ListItem","position":1,"name":"Home","item":"https:\/\/orthodoxalbania.org\/2020\/"},{"@type":"ListItem","position":2,"name":"Veprimtari me udh\u00ebheq\u00ebsit rinor\u00eb orthodhoks\u00eb t\u00eb vendit. (14 &#8211; 16 Mars 2014)"}]},{"@type":"WebSite","@id":"https:\/\/orthodoxalbania.org\/2020\/#website","url":"https:\/\/orthodoxalbania.org\/2020\/","name":"Kisha Orthodh\u03bfkse Autoqefale e Shqip\u00ebris\u00eb","description":"Fqja Zyrtare e Kish\u00ebs Orthodhokse Autoqefale e Shqip\u00ebris\u00eb me lajmet edhe informacionet zyrtare p\u00ebr struktur\u00ebn edhe veprimtarin e saj.","publisher":{"@id":"https:\/\/orthodoxalbania.org\/2020\/#organization"},"potentialAction":[{"@type":"SearchAction","target":{"@type":"EntryPoint","urlTemplate":"https:\/\/orthodoxalbania.org\/2020\/?s={search_term_string}"},"query-input":{"@type":"PropertyValueSpecification","valueRequired":true,"valueName":"search_term_string"}}],"inLanguage":"en-US"},{"@type":"Organization","@id":"https:\/\/orthodoxalbania.org\/2020\/#organization","name":"Kisha Orthodhokse Autoqefale e Shqip\u00ebris\u00eb","url":"https:\/\/orthodoxalbania.org\/2020\/","logo":{"@type":"ImageObject","inLanguage":"en-US","@id":"https:\/\/orthodoxalbania.org\/2020\/#\/schema\/logo\/image\/","url":"https:\/\/orthodoxalbania.org\/2020\/wp-content\/uploads\/2020\/05\/albania.jpeg","contentUrl":"https:\/\/orthodoxalbania.org\/2020\/wp-content\/uploads\/2020\/05\/albania.jpeg","width":540,"height":540,"caption":"Kisha Orthodhokse Autoqefale e Shqip\u00ebris\u00eb"},"image":{"@id":"https:\/\/orthodoxalbania.org\/2020\/#\/schema\/logo\/image\/"},"sameAs":["https:\/\/www.facebook.com\/koash1991"]},{"@type":"Person","@id":"https:\/\/orthodoxalbania.org\/2020\/#\/schema\/person\/0c387634a7063ac612d7ed9ce71c7e86","name":"Kisha Orthodhokse","image":{"@type":"ImageObject","inLanguage":"en-US","@id":"https:\/\/secure.gravatar.com\/avatar\/596e7c417251e30f2fbb9c00e026fce61a695a00e51c889caded71c96cbbdde5?s=96&d=mm&r=g","url":"https:\/\/secure.gravatar.com\/avatar\/596e7c417251e30f2fbb9c00e026fce61a695a00e51c889caded71c96cbbdde5?s=96&d=mm&r=g","contentUrl":"https:\/\/secure.gravatar.com\/avatar\/596e7c417251e30f2fbb9c00e026fce61a695a00e51c889caded71c96cbbdde5?s=96&d=mm&r=g","caption":"Kisha Orthodhokse"}}]}},"_links":{"self":[{"href":"https:\/\/orthodoxalbania.org\/2020\/wp-json\/wp\/v2\/posts\/1518","targetHints":{"allow":["GET"]}}],"collection":[{"href":"https:\/\/orthodoxalbania.org\/2020\/wp-json\/wp\/v2\/posts"}],"about":[{"href":"https:\/\/orthodoxalbania.org\/2020\/wp-json\/wp\/v2\/types\/post"}],"author":[{"embeddable":true,"href":"https:\/\/orthodoxalbania.org\/2020\/wp-json\/wp\/v2\/users\/1"}],"replies":[{"embeddable":true,"href":"https:\/\/orthodoxalbania.org\/2020\/wp-json\/wp\/v2\/comments?post=1518"}],"version-history":[{"count":1,"href":"https:\/\/orthodoxalbania.org\/2020\/wp-json\/wp\/v2\/posts\/1518\/revisions"}],"predecessor-version":[{"id":15116,"href":"https:\/\/orthodoxalbania.org\/2020\/wp-json\/wp\/v2\/posts\/1518\/revisions\/15116"}],"wp:featuredmedia":[{"embeddable":true,"href":"https:\/\/orthodoxalbania.org\/2020\/wp-json\/wp\/v2\/media\/1325"}],"wp:attachment":[{"href":"https:\/\/orthodoxalbania.org\/2020\/wp-json\/wp\/v2\/media?parent=1518"}],"wp:term":[{"taxonomy":"category","embeddable":true,"href":"https:\/\/orthodoxalbania.org\/2020\/wp-json\/wp\/v2\/categories?post=1518"},{"taxonomy":"post_tag","embeddable":true,"href":"https:\/\/orthodoxalbania.org\/2020\/wp-json\/wp\/v2\/tags?post=1518"}],"curies":[{"name":"wp","href":"https:\/\/api.w.org\/{rel}","templated":true}]}}