{"id":1517,"date":"2008-02-26T00:00:00","date_gmt":"2008-02-26T00:00:00","guid":{"rendered":""},"modified":"2020-04-06T22:35:21","modified_gmt":"2020-04-06T20:35:21","slug":"veprimtari-me-femijet-neper-dioqeza-ne-kuader-te-pashkes-ata-ishin-te-gezuar-si-vete-pashka-prill-2008","status":"publish","type":"post","link":"https:\/\/orthodoxalbania.org\/2020\/2008\/02\/26\/veprimtari-me-femijet-neper-dioqeza-ne-kuader-te-pashkes-ata-ishin-te-gezuar-si-vete-pashka-prill-2008\/","title":{"rendered":"Veprimtari me f\u00ebmij\u00ebt n\u00ebp\u00ebr dioqeza n\u00eb kuad\u00ebr t\u00eb Pashk\u00ebs Ata ishin t\u00eb g\u00ebzuar si vet\u00eb Pashka. (Prill 2008)"},"content":{"rendered":"<table id=\"AutoNumber3\" border=\"0\">\n<tbody>\n<tr>\n<td rowspan=\"5\">\n<table id=\"AutoNumber4\" style=\"width: 824px; height: 2296px;\" border=\"0\">\n<tbody>\n<tr>\n<td>\n<p style=\"text-align: justify;\"><span style=\"color: #000000;\"><span style=\"font-family: tahoma,geneva,sans-serif;\"><span style=\"font-size: 12px;\">&nbsp;&nbsp;&nbsp; Fjal\u00ebt e ngrohta me buz\u00ebqeshjet e sinqerta t\u00eb f\u00ebmij\u00ebve si dhe urimet e p\u00ebrzem\u00ebrta t\u00eb prind\u00ebrve, ishin dhurata m\u00eb e ve\u00e7ant\u00eb gjat\u00eb periudh\u00ebs parap\u00ebrgatitore t\u00eb Pashk\u00ebs s\u00eb Madhe &nbsp;nga dt. 12\u201325 prill n\u00eb t\u00eb kat\u00ebr Dioqezat e Kish\u00ebs son\u00eb.<\/span><\/span><\/span><\/p>\n<p>&nbsp;<\/p>\n<\/td>\n<td>\n<p><span style=\"color: #000000;\"><span style=\"font-family: tahoma,geneva,sans-serif;\"><span style=\"font-size: 12px;\"><img decoding=\"async\" class=\"lazyload HAa Eha\" style=\"border-width: 1px; border-style: solid; margin: 10px auto; display: block;\" alt=\"\" src=\"data:image\/gif;base64,R0lGODlhAQABAAAAACH5BAEKAAEALAAAAAABAAEAAAICTAEAOw==\" data-orig-src=\"https:\/\/lh4.googleusercontent.com\/-W87ptOvQap0\/VIwKRfm-KbI\/AAAAAAAAHcQ\/8TWlEc760Lw\/w400-h300-no\/f[1].jpg\" \/><\/span><\/span><\/span><\/p>\n<\/td>\n<\/tr>\n<tr>\n<td>\n<p><span style=\"color: #000000;\"><span style=\"font-family: tahoma,geneva,sans-serif;\"><span style=\"font-size: 12px;\"><img decoding=\"async\" class=\"lazyload HAa Eha\" style=\"border-width: 1px; border-style: solid; margin: 10px auto; display: block;\" alt=\"\" src=\"data:image\/gif;base64,R0lGODlhAQABAAAAACH5BAEKAAEALAAAAAABAAEAAAICTAEAOw==\" data-orig-src=\"https:\/\/lh5.googleusercontent.com\/-gNi5c17ClfY\/VIwKRH38QoI\/AAAAAAAAHb8\/5-ZdvpO87LY\/w400-h300-no\/f[2].jpg\" \/><\/span><\/span><\/span><\/p>\n<\/td>\n<td>\n<p style=\"text-align: justify;\"><span style=\"color: #000000;\"><span style=\"font-family: tahoma,geneva,sans-serif;\"><span style=\"font-size: 12px;\">&nbsp;&nbsp;&nbsp; N\u00eb kuad\u00ebr t\u00eb fest\u00ebs s\u00eb Ngjalljes s\u00eb Krishtit, m\u00eb shum\u00eb se 1200 f\u00ebmij\u00eb mor\u00ebn pjes\u00eb n\u00eb aktivitete edukuese dhe arg\u00ebtuese, t\u00eb organizuara n\u00eb fund t\u00eb Kreshm\u00ebs s\u00eb Madhe nga Zyra e F\u00ebmij\u00ebve n\u00eb bashk\u00ebpunim me katekist\u00ebt e dioqezave. Ky aktivitet u zhvillua n\u00eb Tiran\u00eb, Elbasan, Gramsh, Shkod\u00ebr, Berat, Fier, Lushnje, Kor\u00e7\u00eb etj.<\/span><\/span><\/span><\/p>\n<\/td>\n<\/tr>\n<tr>\n<td>\n<p style=\"text-align: justify;\"><span style=\"color: #000000;\"><span style=\"font-family: tahoma,geneva,sans-serif;\"><span style=\"font-size: 12px;\">&nbsp;&nbsp;&nbsp; Disa dit\u00eb m\u00eb par\u00eb, f\u00ebmij\u00ebt ishin lajm\u00ebruar p\u00ebr zhvillimin e nj\u00eb veprimtarie t\u00eb ve\u00e7ant\u00eb dhe ata e prisnin pa durim. Aktiviteti ishte i larmish\u00ebm dhe i g\u00ebzuesh\u00ebm si vet\u00eb Pashka. F\u00ebmij\u00ebt ndaheshin n\u00eb grupe dhe merrnin m\u00ebsime rreth k\u00ebsaj feste, zhvilluan loj\u00ebra, k\u00ebng\u00eb dhe n\u00eb fund t\u00eb aktivitetit n\u00eb disa vende f\u00ebmij\u00ebt mor\u00ebn nga nj\u00eb pako si dhurat\u00eb festive. N\u00eb fytyrat e f\u00ebmij\u00ebve dukej nj\u00eb g\u00ebzim i ve\u00e7ant\u00eb dhe nd\u00ebrsa t\u00eb gjith\u00eb p\u00ebrfunduan pun\u00ebn e dor\u00ebs gjat\u00eb s\u00eb cil\u00ebs p\u00ebrgatit\u00ebn vez\u00ebn e Pashk\u00ebs, largoheshin t\u00eb g\u00ebzuar nga qendrat e me shpres\u00ebn se vitin tjet\u00ebr do t\u00eb m\u00ebsojn\u00eb dhe p\u00ebrjetojn\u00eb m\u00eb shum\u00eb rreth k\u00ebsaj feste t\u00eb madhe.<\/span><\/span><\/span><\/p>\n<\/td>\n<td>\n<p><span style=\"color: #000000;\"><span style=\"font-family: tahoma,geneva,sans-serif;\"><span style=\"font-size: 12px;\"><img decoding=\"async\" class=\"lazyload HAa Eha\" style=\"border-width: 1px; border-style: solid; margin: 10px auto; display: block;\" alt=\"\" src=\"data:image\/gif;base64,R0lGODlhAQABAAAAACH5BAEKAAEALAAAAAABAAEAAAICTAEAOw==\" data-orig-src=\"https:\/\/lh4.googleusercontent.com\/-RCl_b8tfSCU\/VIwKScTMKPI\/AAAAAAAAHcU\/_9-0eZogwow\/w300-h400-no\/f[7].jpg\" \/><\/span><\/span><\/span><\/p>\n<\/td>\n<\/tr>\n<tr>\n<td>\n<p><span style=\"color: #000000;\"><span style=\"font-family: tahoma,geneva,sans-serif;\"><span style=\"font-size: 12px;\"><img decoding=\"async\" class=\"lazyload HAa Eha\" style=\"border-width: 1px; border-style: solid; margin: 10px auto; display: block;\" alt=\"\" src=\"data:image\/gif;base64,R0lGODlhAQABAAAAACH5BAEKAAEALAAAAAABAAEAAAICTAEAOw==\" data-orig-src=\"https:\/\/lh5.googleusercontent.com\/-FtbpVK3rYk8\/VIwKRTbbErI\/AAAAAAAAHcA\/dJfSTkgOhkg\/w400-h300-no\/f[4].jpg\" \/><\/span><\/span><\/span><\/p>\n<\/td>\n<td>\n<p style=\"text-align: justify;\"><span style=\"color: #000000;\"><span style=\"font-family: tahoma,geneva,sans-serif;\"><span style=\"font-size: 12px;\">&nbsp;&nbsp;&nbsp; Vlen t\u00eb theksohet se programi e p\u00ebrmbushi q\u00ebllimin, duke e \u00e7uar lajmin e mir\u00eb te k\u00ebta f\u00ebmij\u00eb dhe familjet e tyre. Kjo u konstatua edhe nga p\u00ebrqendrimi q\u00eb pat\u00ebn n\u00eb m\u00ebsim, por mbi t\u00eb gjitha n\u00eb lutjet e fal\u00ebnderimit ndaj Per\u00ebndis\u00eb. Nj\u00eb pjes\u00eb e madhe e k\u00ebtyre f\u00ebmij\u00ebve ndihmuan klerik\u00ebt gjat\u00eb kryerjes s\u00eb sh\u00ebrbesave n\u00ebp\u00ebr kisha gjat\u00eb Jav\u00ebs s\u00eb Madhe. P\u00ebrgjat\u00eb m\u00ebsimit nuk munguan pyetjet e shumta dhe f\u00ebmij\u00ebt tregonin interes t\u00eb madh. M\u00ebsuesit u p\u00ebrpoq\u00ebn t\u00eb p\u00ebr\u00e7onin te f\u00ebmij\u00ebt kuptimin e k\u00ebsaj feste si edhe u shpjeguan kuptimin e vez\u00ebs s\u00eb kuqe.<\/span><\/span><\/span><\/p>\n<\/td>\n<\/tr>\n<tr>\n<td>\n<p style=\"text-align: justify;\"><span style=\"color: #000000;\"><span style=\"font-family: tahoma,geneva,sans-serif;\"><span style=\"font-size: 12px;\">&nbsp;&nbsp;&nbsp; Sindi nga Gramshi, n\u00eb klas\u00ebn e gjasht\u00eb na tha: \u201cNdryshe nga her\u00ebt e tjera, ky aktivitet ishte m\u00eb i ve\u00e7ant\u00eb. M\u00ebnyra se si ndjeheshim kur m\u00ebsonim rreth Pashk\u00ebs do t\u00eb mbetet e paharrueshme n\u00eb kujtes\u00ebn time\u201d. Nd\u00ebrsa Dionisi nga Tirana u shpreh: \u201cUn\u00eb dua t\u00eb jem nj\u00eb qiri i ndezur kudo q\u00eb shkoj\u201d. Gjat\u00eb nj\u00eb bisede me nj\u00eb prej prind\u00ebrve u konstatua edhe nj\u00eb fakt interesant: \u201cM\u00eb par\u00eb ishin prind\u00ebrit q\u00eb u m\u00ebsonin f\u00ebmij\u00ebve rreth besimit, nd\u00ebrsa tani jan\u00eb f\u00ebmij\u00ebt q\u00eb na m\u00ebsojn\u00eb ne prind\u00ebrve. Im bir na m\u00ebsoi troparin e Pashk\u00ebs si mua edhe gruas sime dhe gjithashtu m\u00ebsuam kuptimin e vez\u00ebs s\u00eb kuqe\u201d.<\/span><\/span><\/span><\/p>\n<p>&nbsp;<\/p>\n<\/td>\n<td>\n<p><span style=\"color: #000000;\"><span style=\"font-family: tahoma,geneva,sans-serif;\"><span style=\"font-size: 12px;\"><img decoding=\"async\" class=\"lazyload HAa Eha\" style=\"border-width: 1px; border-style: solid; margin: 10px auto; display: block;\" alt=\"\" src=\"data:image\/gif;base64,R0lGODlhAQABAAAAACH5BAEKAAEALAAAAAABAAEAAAICTAEAOw==\" data-orig-src=\"https:\/\/lh5.googleusercontent.com\/-S1mZ_NOiUOM\/VIwKRljkDdI\/AAAAAAAAHcY\/xiWEGp-yFo0\/w300-h400-no\/f[5].jpg\" \/><\/span><\/span><\/span><\/p>\n<\/td>\n<\/tr>\n<tr>\n<td>\n<p><span style=\"color: #000000;\"><span style=\"font-family: tahoma,geneva,sans-serif;\"><span style=\"font-size: 12px;\"><img decoding=\"async\" class=\"lazyload HAa Eha\" style=\"border-width: 1px; border-style: solid; margin: 10px auto; display: block;\" alt=\"\" src=\"data:image\/gif;base64,R0lGODlhAQABAAAAACH5BAEKAAEALAAAAAABAAEAAAICTAEAOw==\" data-orig-src=\"https:\/\/lh5.googleusercontent.com\/-7KOIQJsZdQ8\/VIwKR2XpI3I\/AAAAAAAAHcE\/wlsKnn5W1hk\/w400-h300-no\/f[6].jpg\" \/><\/span><\/span><\/span><\/p>\n<\/td>\n<td>\n<p style=\"text-align: justify;\"><span style=\"color: #000000;\"><span style=\"font-family: tahoma,geneva,sans-serif;\"><span style=\"font-size: 12px;\">&nbsp;&nbsp;&nbsp; Ky aktivitet pati nj\u00eb r\u00ebnd\u00ebsi t\u00eb madhe shpirt\u00ebrore sepse f\u00ebmij\u00ebt jo vet\u00ebm q\u00eb kaluan disa or\u00eb n\u00eb nj\u00eb shoq\u00ebri t\u00eb krishter\u00eb, por ata u njoh\u00ebn me m\u00ebsimin e Kish\u00ebs mbi Pashk\u00ebn e Madhe dhe p\u00ebrjetuan m\u00eb thell\u00eb p\u00ebsimet shp\u00ebtimtare dhe at\u00eb q\u00eb Zoti b\u00ebri p\u00ebr \u00e7donj\u00ebrin prej nesh personalisht p\u00ebr shp\u00ebtimin ton\u00eb dhe jet\u00ebn e p\u00ebrjetshme. Nj\u00eb ndihmes\u00eb t\u00eb r\u00ebnd\u00ebsishme n\u00eb realizimin e k\u00ebtij projekti dhan\u00eb edhe t\u00eb rinjt\u00eb e enorive tona.<\/span><\/span><\/span><\/p>\n<p>&nbsp;<\/p>\n<\/td>\n<\/tr>\n<tr>\n<td dir=\"ltr\" colspan=\"2\">\n<p style=\"text-align: justify;\"> <span style=\"color: #000000;\"><span style=\"font-family: tahoma,geneva,sans-serif;\"><span style=\"font-size: 12px;\">&nbsp;&nbsp;&nbsp; N\u00eb k\u00ebt\u00eb m\u00ebnyr\u00eb, g\u00ebzimi i periudh\u00ebs s\u00eb Pashk\u00ebs u shoq\u00ebrua me veprimtari t\u00eb shumta shpirt\u00ebrore dhe kulturore me f\u00ebmij\u00ebt. Ky aktivitet po kthehet n\u00eb nj\u00eb tradit\u00eb t\u00eb pasur t\u00eb Kish\u00ebs son\u00eb, e cila u jep mund\u00ebsin\u00eb grupmoshave t\u00eb reja p\u00ebr t\u00eb njohur besimin orthodhoks dhe t\u00eb b\u00ebhen an\u00ebtar\u00eb t\u00eb nj\u00eb komuniteti t\u00eb madh dashurie, me Krishtin n\u00eb qend\u00ebr. Atmosfera ishte entuziaste dhe shum\u00eb f\u00ebmij\u00eb p\u00ebrjetuan g\u00ebzimin e njohjes me nj\u00ebri-tjetrin, si dhe lutjeve e adhurimin s\u00eb bashku t\u00eb Per\u00ebndis\u00eb, duke d\u00ebshiruar t\u00eb ndjekin rrug\u00ebn e Krishtit p\u00ebr t\u00eb qen\u00eb an\u00ebtar\u00eb t\u00eb denj\u00eb t\u00eb Kish\u00ebs.<\/span><\/span><\/span><\/p>\n<p dir=\"ltr\">&nbsp;<\/p>\n<\/td>\n<\/tr>\n<tr>\n<td dir=\"ltr\" colspan=\"2\">\n<p>&nbsp;<\/p>\n<\/td>\n<\/tr>\n<tr>\n<td>\n<p><span style=\"color: #000000;\"><span style=\"font-family: tahoma,geneva,sans-serif;\"><span style=\"font-size: 12px;\"><strong>Zyra e F\u00ebmij\u00ebve, Tiran\u00eb<\/strong><\/span><\/span><\/span><\/p>\n<\/td>\n<td>&nbsp;<\/td>\n<\/tr>\n<\/tbody>\n<\/table>\n<\/td>\n<td>\n<p>&nbsp;<\/p>\n<\/td>\n<\/tr>\n<tr>\n<td>\n<p>&nbsp;<\/p>\n<\/td>\n<\/tr>\n<tr>\n<td>\n<p>&nbsp;<\/p>\n<\/td>\n<\/tr>\n<tr>\n<td>\n<p>&nbsp;<\/p>\n<\/td>\n<\/tr>\n<tr>\n<td>\n<p>&nbsp;<\/p>\n<\/td>\n<\/tr>\n<\/tbody>\n<\/table>\n<p><span style=\"color: #000000;\"><span style=\"font-family: tahoma,geneva,sans-serif;\"><span style=\"font-size: 12px;\">&nbsp;&nbsp;&nbsp;&nbsp;&nbsp;&nbsp;&nbsp;&nbsp;&nbsp;&nbsp;&nbsp;&nbsp;&nbsp;&nbsp;&nbsp;&nbsp;&nbsp;&nbsp;&nbsp;&nbsp;&nbsp;&nbsp;&nbsp;&nbsp;&nbsp;&nbsp;&nbsp;&nbsp;&nbsp;&nbsp;&nbsp;&nbsp;&nbsp;&nbsp;&nbsp;&nbsp;&nbsp;&nbsp;&nbsp;&nbsp;&nbsp;&nbsp;&nbsp;&nbsp;&nbsp;&nbsp;&nbsp;&nbsp;&nbsp;&nbsp;&nbsp;&nbsp;&nbsp;&nbsp;&nbsp;&nbsp;&nbsp;&nbsp;&nbsp;&nbsp;&nbsp;&nbsp;&nbsp;&nbsp;&nbsp;&nbsp;&nbsp;&nbsp;&nbsp;&nbsp;&nbsp;&nbsp;&nbsp;&nbsp;&nbsp;&nbsp;&nbsp;&nbsp;&nbsp;&nbsp;&nbsp;<\/span><\/span><\/span><\/p>\n<p>&nbsp;<\/p>\n","protected":false},"excerpt":{"rendered":"<p>&nbsp;&nbsp;&nbsp; Fjal\u00ebt e ngrohta me buz\u00ebqeshjet e sinqerta t\u00eb f\u00ebmij\u00ebve si dhe urimet e p\u00ebrzem\u00ebrta t\u00eb prind\u00ebrve, ishin dhurata m\u00eb e ve\u00e7ant\u00eb gjat\u00eb periudh\u00ebs parap\u00ebrgatitore t\u00eb Pashk\u00ebs s\u00eb Madhe &nbsp;nga dt. 12\u201325 prill n\u00eb t\u00eb kat\u00ebr Dioqezat e Kish\u00ebs son\u00eb. &nbsp; &nbsp;&nbsp;&nbsp; N\u00eb kuad\u00ebr t\u00eb fest\u00ebs s\u00eb Ngjalljes s\u00eb Krishtit, m\u00eb shum\u00eb se 1200 f\u00ebmij\u00eb mor\u00ebn pjes\u00eb n\u00eb aktivitete edukuese dhe arg\u00ebtuese, t\u00eb organizuara n\u00eb<\/p>\n","protected":false},"author":1,"featured_media":0,"comment_status":"open","ping_status":"open","sticky":false,"template":"","format":"standard","meta":{"_acf_changed":false,"pagelayer_contact_templates":[],"_pagelayer_content":"","inline_featured_image":false,"fifu_image_url":"","fifu_image_alt":"","footnotes":""},"categories":[108],"tags":[146,154,196,212,189,156],"class_list":["post-1517","post","type-post","status-publish","format-standard","hentry","category-lajme","tag-146","tag-aktivitete","tag-tirane","tag-lajme-d27","tag-pashke-2014","tag-femijet"],"acf":[],"yoast_head":"<!-- This site is optimized with the Yoast SEO plugin v27.2 - https:\/\/yoast.com\/product\/yoast-seo-wordpress\/ -->\n<title>Veprimtari me f\u00ebmij\u00ebt n\u00ebp\u00ebr dioqeza n\u00eb kuad\u00ebr t\u00eb Pashk\u00ebs Ata ishin t\u00eb g\u00ebzuar si vet\u00eb Pashka. (Prill 2008) - Kisha Orthodh\u03bfkse Autoqefale e Shqip\u00ebris\u00eb<\/title>\n<meta name=\"robots\" content=\"index, follow, max-snippet:-1, max-image-preview:large, max-video-preview:-1\" \/>\n<link rel=\"canonical\" href=\"https:\/\/orthodoxalbania.org\/2020\/2008\/02\/26\/veprimtari-me-femijet-neper-dioqeza-ne-kuader-te-pashkes-ata-ishin-te-gezuar-si-vete-pashka-prill-2008\/\" \/>\n<meta property=\"og:locale\" content=\"en_US\" \/>\n<meta property=\"og:type\" content=\"article\" \/>\n<meta property=\"og:title\" content=\"Veprimtari me f\u00ebmij\u00ebt n\u00ebp\u00ebr dioqeza n\u00eb kuad\u00ebr t\u00eb Pashk\u00ebs Ata ishin t\u00eb g\u00ebzuar si vet\u00eb Pashka. (Prill 2008) - Kisha Orthodh\u03bfkse Autoqefale e Shqip\u00ebris\u00eb\" \/>\n<meta property=\"og:description\" content=\"&nbsp;&nbsp;&nbsp; Fjal\u00ebt e ngrohta me buz\u00ebqeshjet e sinqerta t\u00eb f\u00ebmij\u00ebve si dhe urimet e p\u00ebrzem\u00ebrta t\u00eb prind\u00ebrve, ishin dhurata m\u00eb e ve\u00e7ant\u00eb gjat\u00eb periudh\u00ebs parap\u00ebrgatitore t\u00eb Pashk\u00ebs s\u00eb Madhe &nbsp;nga dt. 12\u201325 prill n\u00eb t\u00eb kat\u00ebr Dioqezat e Kish\u00ebs son\u00eb. &nbsp; &nbsp;&nbsp;&nbsp; N\u00eb kuad\u00ebr t\u00eb fest\u00ebs s\u00eb Ngjalljes s\u00eb Krishtit, m\u00eb shum\u00eb se 1200 f\u00ebmij\u00eb mor\u00ebn pjes\u00eb n\u00eb aktivitete edukuese dhe arg\u00ebtuese, t\u00eb organizuara n\u00eb\" \/>\n<meta property=\"og:url\" content=\"https:\/\/orthodoxalbania.org\/2020\/2008\/02\/26\/veprimtari-me-femijet-neper-dioqeza-ne-kuader-te-pashkes-ata-ishin-te-gezuar-si-vete-pashka-prill-2008\/\" \/>\n<meta property=\"og:site_name\" content=\"Kisha Orthodh\u03bfkse Autoqefale e Shqip\u00ebris\u00eb\" \/>\n<meta property=\"article:publisher\" content=\"https:\/\/www.facebook.com\/koash1991\" \/>\n<meta property=\"article:published_time\" content=\"2008-02-26T00:00:00+00:00\" \/>\n<meta property=\"article:modified_time\" content=\"2020-04-06T20:35:21+00:00\" \/>\n<meta property=\"og:image\" content=\"https:\/\/lh4.googleusercontent.com\/-W87ptOvQap0\/VIwKRfm-KbI\/AAAAAAAAHcQ\/8TWlEc760Lw\/w400-h300-no\/f%5B1%5D.jpg\" \/>\n<meta name=\"author\" content=\"Kisha Orthodhokse\" \/>\n<meta name=\"twitter:card\" content=\"summary_large_image\" \/>\n<meta name=\"twitter:label1\" content=\"Written by\" \/>\n\t<meta name=\"twitter:data1\" content=\"Kisha Orthodhokse\" \/>\n\t<meta name=\"twitter:label2\" content=\"Est. reading time\" \/>\n\t<meta name=\"twitter:data2\" content=\"4 minutes\" \/>\n<script type=\"application\/ld+json\" class=\"yoast-schema-graph\">{\"@context\":\"https:\/\/schema.org\",\"@graph\":[{\"@type\":\"Article\",\"@id\":\"https:\/\/orthodoxalbania.org\/2020\/2008\/02\/26\/veprimtari-me-femijet-neper-dioqeza-ne-kuader-te-pashkes-ata-ishin-te-gezuar-si-vete-pashka-prill-2008\/#article\",\"isPartOf\":{\"@id\":\"https:\/\/orthodoxalbania.org\/2020\/2008\/02\/26\/veprimtari-me-femijet-neper-dioqeza-ne-kuader-te-pashkes-ata-ishin-te-gezuar-si-vete-pashka-prill-2008\/\"},\"author\":{\"name\":\"Kisha Orthodhokse\",\"@id\":\"https:\/\/orthodoxalbania.org\/2020\/#\/schema\/person\/0c387634a7063ac612d7ed9ce71c7e86\"},\"headline\":\"Veprimtari me f\u00ebmij\u00ebt n\u00ebp\u00ebr dioqeza n\u00eb kuad\u00ebr t\u00eb Pashk\u00ebs Ata ishin t\u00eb g\u00ebzuar si vet\u00eb Pashka. (Prill 2008)\",\"datePublished\":\"2008-02-26T00:00:00+00:00\",\"dateModified\":\"2020-04-06T20:35:21+00:00\",\"mainEntityOfPage\":{\"@id\":\"https:\/\/orthodoxalbania.org\/2020\/2008\/02\/26\/veprimtari-me-femijet-neper-dioqeza-ne-kuader-te-pashkes-ata-ishin-te-gezuar-si-vete-pashka-prill-2008\/\"},\"wordCount\":865,\"commentCount\":0,\"publisher\":{\"@id\":\"https:\/\/orthodoxalbania.org\/2020\/#organization\"},\"image\":{\"@id\":\"https:\/\/orthodoxalbania.org\/2020\/2008\/02\/26\/veprimtari-me-femijet-neper-dioqeza-ne-kuader-te-pashkes-ata-ishin-te-gezuar-si-vete-pashka-prill-2008\/#primaryimage\"},\"thumbnailUrl\":\"https:\/\/lh4.googleusercontent.com\/-W87ptOvQap0\/VIwKRfm-KbI\/AAAAAAAAHcQ\/8TWlEc760Lw\/w400-h300-no\/f[1].jpg\",\"keywords\":[\"2008\",\"Aktivitete\",\"Kryepiskopata Tiran\u00eb\",\"lajme\",\"Pashk\u00eb\",\"Zyra e F\u00ebmij\u00ebve\"],\"articleSection\":[\"Lajme\"],\"inLanguage\":\"en-US\"},{\"@type\":\"WebPage\",\"@id\":\"https:\/\/orthodoxalbania.org\/2020\/2008\/02\/26\/veprimtari-me-femijet-neper-dioqeza-ne-kuader-te-pashkes-ata-ishin-te-gezuar-si-vete-pashka-prill-2008\/\",\"url\":\"https:\/\/orthodoxalbania.org\/2020\/2008\/02\/26\/veprimtari-me-femijet-neper-dioqeza-ne-kuader-te-pashkes-ata-ishin-te-gezuar-si-vete-pashka-prill-2008\/\",\"name\":\"Veprimtari me f\u00ebmij\u00ebt n\u00ebp\u00ebr dioqeza n\u00eb kuad\u00ebr t\u00eb Pashk\u00ebs Ata ishin t\u00eb g\u00ebzuar si vet\u00eb Pashka. (Prill 2008) - Kisha Orthodh\u03bfkse Autoqefale e Shqip\u00ebris\u00eb\",\"isPartOf\":{\"@id\":\"https:\/\/orthodoxalbania.org\/2020\/#website\"},\"primaryImageOfPage\":{\"@id\":\"https:\/\/orthodoxalbania.org\/2020\/2008\/02\/26\/veprimtari-me-femijet-neper-dioqeza-ne-kuader-te-pashkes-ata-ishin-te-gezuar-si-vete-pashka-prill-2008\/#primaryimage\"},\"image\":{\"@id\":\"https:\/\/orthodoxalbania.org\/2020\/2008\/02\/26\/veprimtari-me-femijet-neper-dioqeza-ne-kuader-te-pashkes-ata-ishin-te-gezuar-si-vete-pashka-prill-2008\/#primaryimage\"},\"thumbnailUrl\":\"https:\/\/lh4.googleusercontent.com\/-W87ptOvQap0\/VIwKRfm-KbI\/AAAAAAAAHcQ\/8TWlEc760Lw\/w400-h300-no\/f[1].jpg\",\"datePublished\":\"2008-02-26T00:00:00+00:00\",\"dateModified\":\"2020-04-06T20:35:21+00:00\",\"breadcrumb\":{\"@id\":\"https:\/\/orthodoxalbania.org\/2020\/2008\/02\/26\/veprimtari-me-femijet-neper-dioqeza-ne-kuader-te-pashkes-ata-ishin-te-gezuar-si-vete-pashka-prill-2008\/#breadcrumb\"},\"inLanguage\":\"en-US\",\"potentialAction\":[{\"@type\":\"ReadAction\",\"target\":[\"https:\/\/orthodoxalbania.org\/2020\/2008\/02\/26\/veprimtari-me-femijet-neper-dioqeza-ne-kuader-te-pashkes-ata-ishin-te-gezuar-si-vete-pashka-prill-2008\/\"]}]},{\"@type\":\"ImageObject\",\"inLanguage\":\"en-US\",\"@id\":\"https:\/\/orthodoxalbania.org\/2020\/2008\/02\/26\/veprimtari-me-femijet-neper-dioqeza-ne-kuader-te-pashkes-ata-ishin-te-gezuar-si-vete-pashka-prill-2008\/#primaryimage\",\"url\":\"https:\/\/lh4.googleusercontent.com\/-W87ptOvQap0\/VIwKRfm-KbI\/AAAAAAAAHcQ\/8TWlEc760Lw\/w400-h300-no\/f[1].jpg\",\"contentUrl\":\"https:\/\/lh4.googleusercontent.com\/-W87ptOvQap0\/VIwKRfm-KbI\/AAAAAAAAHcQ\/8TWlEc760Lw\/w400-h300-no\/f[1].jpg\"},{\"@type\":\"BreadcrumbList\",\"@id\":\"https:\/\/orthodoxalbania.org\/2020\/2008\/02\/26\/veprimtari-me-femijet-neper-dioqeza-ne-kuader-te-pashkes-ata-ishin-te-gezuar-si-vete-pashka-prill-2008\/#breadcrumb\",\"itemListElement\":[{\"@type\":\"ListItem\",\"position\":1,\"name\":\"Home\",\"item\":\"https:\/\/orthodoxalbania.org\/2020\/\"},{\"@type\":\"ListItem\",\"position\":2,\"name\":\"Veprimtari me f\u00ebmij\u00ebt n\u00ebp\u00ebr dioqeza n\u00eb kuad\u00ebr t\u00eb Pashk\u00ebs Ata ishin t\u00eb g\u00ebzuar si vet\u00eb Pashka. (Prill 2008)\"}]},{\"@type\":\"WebSite\",\"@id\":\"https:\/\/orthodoxalbania.org\/2020\/#website\",\"url\":\"https:\/\/orthodoxalbania.org\/2020\/\",\"name\":\"Kisha Orthodh\u03bfkse Autoqefale e Shqip\u00ebris\u00eb\",\"description\":\"Fqja Zyrtare e Kish\u00ebs Orthodhokse Autoqefale e Shqip\u00ebris\u00eb me lajmet edhe informacionet zyrtare p\u00ebr struktur\u00ebn edhe veprimtarin e saj.\",\"publisher\":{\"@id\":\"https:\/\/orthodoxalbania.org\/2020\/#organization\"},\"potentialAction\":[{\"@type\":\"SearchAction\",\"target\":{\"@type\":\"EntryPoint\",\"urlTemplate\":\"https:\/\/orthodoxalbania.org\/2020\/?s={search_term_string}\"},\"query-input\":{\"@type\":\"PropertyValueSpecification\",\"valueRequired\":true,\"valueName\":\"search_term_string\"}}],\"inLanguage\":\"en-US\"},{\"@type\":\"Organization\",\"@id\":\"https:\/\/orthodoxalbania.org\/2020\/#organization\",\"name\":\"Kisha Orthodhokse Autoqefale e Shqip\u00ebris\u00eb\",\"url\":\"https:\/\/orthodoxalbania.org\/2020\/\",\"logo\":{\"@type\":\"ImageObject\",\"inLanguage\":\"en-US\",\"@id\":\"https:\/\/orthodoxalbania.org\/2020\/#\/schema\/logo\/image\/\",\"url\":\"https:\/\/orthodoxalbania.org\/2020\/wp-content\/uploads\/2020\/05\/albania.jpeg\",\"contentUrl\":\"https:\/\/orthodoxalbania.org\/2020\/wp-content\/uploads\/2020\/05\/albania.jpeg\",\"width\":540,\"height\":540,\"caption\":\"Kisha Orthodhokse Autoqefale e Shqip\u00ebris\u00eb\"},\"image\":{\"@id\":\"https:\/\/orthodoxalbania.org\/2020\/#\/schema\/logo\/image\/\"},\"sameAs\":[\"https:\/\/www.facebook.com\/koash1991\"]},{\"@type\":\"Person\",\"@id\":\"https:\/\/orthodoxalbania.org\/2020\/#\/schema\/person\/0c387634a7063ac612d7ed9ce71c7e86\",\"name\":\"Kisha Orthodhokse\",\"image\":{\"@type\":\"ImageObject\",\"inLanguage\":\"en-US\",\"@id\":\"https:\/\/secure.gravatar.com\/avatar\/596e7c417251e30f2fbb9c00e026fce61a695a00e51c889caded71c96cbbdde5?s=96&d=mm&r=g\",\"url\":\"https:\/\/secure.gravatar.com\/avatar\/596e7c417251e30f2fbb9c00e026fce61a695a00e51c889caded71c96cbbdde5?s=96&d=mm&r=g\",\"contentUrl\":\"https:\/\/secure.gravatar.com\/avatar\/596e7c417251e30f2fbb9c00e026fce61a695a00e51c889caded71c96cbbdde5?s=96&d=mm&r=g\",\"caption\":\"Kisha Orthodhokse\"}}]}<\/script>\n<!-- \/ Yoast SEO plugin. -->","yoast_head_json":{"title":"Veprimtari me f\u00ebmij\u00ebt n\u00ebp\u00ebr dioqeza n\u00eb kuad\u00ebr t\u00eb Pashk\u00ebs Ata ishin t\u00eb g\u00ebzuar si vet\u00eb Pashka. (Prill 2008) - Kisha Orthodh\u03bfkse Autoqefale e Shqip\u00ebris\u00eb","robots":{"index":"index","follow":"follow","max-snippet":"max-snippet:-1","max-image-preview":"max-image-preview:large","max-video-preview":"max-video-preview:-1"},"canonical":"https:\/\/orthodoxalbania.org\/2020\/2008\/02\/26\/veprimtari-me-femijet-neper-dioqeza-ne-kuader-te-pashkes-ata-ishin-te-gezuar-si-vete-pashka-prill-2008\/","og_locale":"en_US","og_type":"article","og_title":"Veprimtari me f\u00ebmij\u00ebt n\u00ebp\u00ebr dioqeza n\u00eb kuad\u00ebr t\u00eb Pashk\u00ebs Ata ishin t\u00eb g\u00ebzuar si vet\u00eb Pashka. (Prill 2008) - Kisha Orthodh\u03bfkse Autoqefale e Shqip\u00ebris\u00eb","og_description":"&nbsp;&nbsp;&nbsp; Fjal\u00ebt e ngrohta me buz\u00ebqeshjet e sinqerta t\u00eb f\u00ebmij\u00ebve si dhe urimet e p\u00ebrzem\u00ebrta t\u00eb prind\u00ebrve, ishin dhurata m\u00eb e ve\u00e7ant\u00eb gjat\u00eb periudh\u00ebs parap\u00ebrgatitore t\u00eb Pashk\u00ebs s\u00eb Madhe &nbsp;nga dt. 12\u201325 prill n\u00eb t\u00eb kat\u00ebr Dioqezat e Kish\u00ebs son\u00eb. &nbsp; &nbsp;&nbsp;&nbsp; N\u00eb kuad\u00ebr t\u00eb fest\u00ebs s\u00eb Ngjalljes s\u00eb Krishtit, m\u00eb shum\u00eb se 1200 f\u00ebmij\u00eb mor\u00ebn pjes\u00eb n\u00eb aktivitete edukuese dhe arg\u00ebtuese, t\u00eb organizuara n\u00eb","og_url":"https:\/\/orthodoxalbania.org\/2020\/2008\/02\/26\/veprimtari-me-femijet-neper-dioqeza-ne-kuader-te-pashkes-ata-ishin-te-gezuar-si-vete-pashka-prill-2008\/","og_site_name":"Kisha Orthodh\u03bfkse Autoqefale e Shqip\u00ebris\u00eb","article_publisher":"https:\/\/www.facebook.com\/koash1991","article_published_time":"2008-02-26T00:00:00+00:00","article_modified_time":"2020-04-06T20:35:21+00:00","og_image":[{"url":"https:\/\/lh4.googleusercontent.com\/-W87ptOvQap0\/VIwKRfm-KbI\/AAAAAAAAHcQ\/8TWlEc760Lw\/w400-h300-no\/f[1].jpg","type":"","width":"","height":""}],"author":"Kisha Orthodhokse","twitter_card":"summary_large_image","twitter_misc":{"Written by":"Kisha Orthodhokse","Est. reading time":"4 minutes"},"schema":{"@context":"https:\/\/schema.org","@graph":[{"@type":"Article","@id":"https:\/\/orthodoxalbania.org\/2020\/2008\/02\/26\/veprimtari-me-femijet-neper-dioqeza-ne-kuader-te-pashkes-ata-ishin-te-gezuar-si-vete-pashka-prill-2008\/#article","isPartOf":{"@id":"https:\/\/orthodoxalbania.org\/2020\/2008\/02\/26\/veprimtari-me-femijet-neper-dioqeza-ne-kuader-te-pashkes-ata-ishin-te-gezuar-si-vete-pashka-prill-2008\/"},"author":{"name":"Kisha Orthodhokse","@id":"https:\/\/orthodoxalbania.org\/2020\/#\/schema\/person\/0c387634a7063ac612d7ed9ce71c7e86"},"headline":"Veprimtari me f\u00ebmij\u00ebt n\u00ebp\u00ebr dioqeza n\u00eb kuad\u00ebr t\u00eb Pashk\u00ebs Ata ishin t\u00eb g\u00ebzuar si vet\u00eb Pashka. (Prill 2008)","datePublished":"2008-02-26T00:00:00+00:00","dateModified":"2020-04-06T20:35:21+00:00","mainEntityOfPage":{"@id":"https:\/\/orthodoxalbania.org\/2020\/2008\/02\/26\/veprimtari-me-femijet-neper-dioqeza-ne-kuader-te-pashkes-ata-ishin-te-gezuar-si-vete-pashka-prill-2008\/"},"wordCount":865,"commentCount":0,"publisher":{"@id":"https:\/\/orthodoxalbania.org\/2020\/#organization"},"image":{"@id":"https:\/\/orthodoxalbania.org\/2020\/2008\/02\/26\/veprimtari-me-femijet-neper-dioqeza-ne-kuader-te-pashkes-ata-ishin-te-gezuar-si-vete-pashka-prill-2008\/#primaryimage"},"thumbnailUrl":"https:\/\/lh4.googleusercontent.com\/-W87ptOvQap0\/VIwKRfm-KbI\/AAAAAAAAHcQ\/8TWlEc760Lw\/w400-h300-no\/f[1].jpg","keywords":["2008","Aktivitete","Kryepiskopata Tiran\u00eb","lajme","Pashk\u00eb","Zyra e F\u00ebmij\u00ebve"],"articleSection":["Lajme"],"inLanguage":"en-US"},{"@type":"WebPage","@id":"https:\/\/orthodoxalbania.org\/2020\/2008\/02\/26\/veprimtari-me-femijet-neper-dioqeza-ne-kuader-te-pashkes-ata-ishin-te-gezuar-si-vete-pashka-prill-2008\/","url":"https:\/\/orthodoxalbania.org\/2020\/2008\/02\/26\/veprimtari-me-femijet-neper-dioqeza-ne-kuader-te-pashkes-ata-ishin-te-gezuar-si-vete-pashka-prill-2008\/","name":"Veprimtari me f\u00ebmij\u00ebt n\u00ebp\u00ebr dioqeza n\u00eb kuad\u00ebr t\u00eb Pashk\u00ebs Ata ishin t\u00eb g\u00ebzuar si vet\u00eb Pashka. (Prill 2008) - Kisha Orthodh\u03bfkse Autoqefale e Shqip\u00ebris\u00eb","isPartOf":{"@id":"https:\/\/orthodoxalbania.org\/2020\/#website"},"primaryImageOfPage":{"@id":"https:\/\/orthodoxalbania.org\/2020\/2008\/02\/26\/veprimtari-me-femijet-neper-dioqeza-ne-kuader-te-pashkes-ata-ishin-te-gezuar-si-vete-pashka-prill-2008\/#primaryimage"},"image":{"@id":"https:\/\/orthodoxalbania.org\/2020\/2008\/02\/26\/veprimtari-me-femijet-neper-dioqeza-ne-kuader-te-pashkes-ata-ishin-te-gezuar-si-vete-pashka-prill-2008\/#primaryimage"},"thumbnailUrl":"https:\/\/lh4.googleusercontent.com\/-W87ptOvQap0\/VIwKRfm-KbI\/AAAAAAAAHcQ\/8TWlEc760Lw\/w400-h300-no\/f[1].jpg","datePublished":"2008-02-26T00:00:00+00:00","dateModified":"2020-04-06T20:35:21+00:00","breadcrumb":{"@id":"https:\/\/orthodoxalbania.org\/2020\/2008\/02\/26\/veprimtari-me-femijet-neper-dioqeza-ne-kuader-te-pashkes-ata-ishin-te-gezuar-si-vete-pashka-prill-2008\/#breadcrumb"},"inLanguage":"en-US","potentialAction":[{"@type":"ReadAction","target":["https:\/\/orthodoxalbania.org\/2020\/2008\/02\/26\/veprimtari-me-femijet-neper-dioqeza-ne-kuader-te-pashkes-ata-ishin-te-gezuar-si-vete-pashka-prill-2008\/"]}]},{"@type":"ImageObject","inLanguage":"en-US","@id":"https:\/\/orthodoxalbania.org\/2020\/2008\/02\/26\/veprimtari-me-femijet-neper-dioqeza-ne-kuader-te-pashkes-ata-ishin-te-gezuar-si-vete-pashka-prill-2008\/#primaryimage","url":"https:\/\/lh4.googleusercontent.com\/-W87ptOvQap0\/VIwKRfm-KbI\/AAAAAAAAHcQ\/8TWlEc760Lw\/w400-h300-no\/f[1].jpg","contentUrl":"https:\/\/lh4.googleusercontent.com\/-W87ptOvQap0\/VIwKRfm-KbI\/AAAAAAAAHcQ\/8TWlEc760Lw\/w400-h300-no\/f[1].jpg"},{"@type":"BreadcrumbList","@id":"https:\/\/orthodoxalbania.org\/2020\/2008\/02\/26\/veprimtari-me-femijet-neper-dioqeza-ne-kuader-te-pashkes-ata-ishin-te-gezuar-si-vete-pashka-prill-2008\/#breadcrumb","itemListElement":[{"@type":"ListItem","position":1,"name":"Home","item":"https:\/\/orthodoxalbania.org\/2020\/"},{"@type":"ListItem","position":2,"name":"Veprimtari me f\u00ebmij\u00ebt n\u00ebp\u00ebr dioqeza n\u00eb kuad\u00ebr t\u00eb Pashk\u00ebs Ata ishin t\u00eb g\u00ebzuar si vet\u00eb Pashka. (Prill 2008)"}]},{"@type":"WebSite","@id":"https:\/\/orthodoxalbania.org\/2020\/#website","url":"https:\/\/orthodoxalbania.org\/2020\/","name":"Kisha Orthodh\u03bfkse Autoqefale e Shqip\u00ebris\u00eb","description":"Fqja Zyrtare e Kish\u00ebs Orthodhokse Autoqefale e Shqip\u00ebris\u00eb me lajmet edhe informacionet zyrtare p\u00ebr struktur\u00ebn edhe veprimtarin e saj.","publisher":{"@id":"https:\/\/orthodoxalbania.org\/2020\/#organization"},"potentialAction":[{"@type":"SearchAction","target":{"@type":"EntryPoint","urlTemplate":"https:\/\/orthodoxalbania.org\/2020\/?s={search_term_string}"},"query-input":{"@type":"PropertyValueSpecification","valueRequired":true,"valueName":"search_term_string"}}],"inLanguage":"en-US"},{"@type":"Organization","@id":"https:\/\/orthodoxalbania.org\/2020\/#organization","name":"Kisha Orthodhokse Autoqefale e Shqip\u00ebris\u00eb","url":"https:\/\/orthodoxalbania.org\/2020\/","logo":{"@type":"ImageObject","inLanguage":"en-US","@id":"https:\/\/orthodoxalbania.org\/2020\/#\/schema\/logo\/image\/","url":"https:\/\/orthodoxalbania.org\/2020\/wp-content\/uploads\/2020\/05\/albania.jpeg","contentUrl":"https:\/\/orthodoxalbania.org\/2020\/wp-content\/uploads\/2020\/05\/albania.jpeg","width":540,"height":540,"caption":"Kisha Orthodhokse Autoqefale e Shqip\u00ebris\u00eb"},"image":{"@id":"https:\/\/orthodoxalbania.org\/2020\/#\/schema\/logo\/image\/"},"sameAs":["https:\/\/www.facebook.com\/koash1991"]},{"@type":"Person","@id":"https:\/\/orthodoxalbania.org\/2020\/#\/schema\/person\/0c387634a7063ac612d7ed9ce71c7e86","name":"Kisha Orthodhokse","image":{"@type":"ImageObject","inLanguage":"en-US","@id":"https:\/\/secure.gravatar.com\/avatar\/596e7c417251e30f2fbb9c00e026fce61a695a00e51c889caded71c96cbbdde5?s=96&d=mm&r=g","url":"https:\/\/secure.gravatar.com\/avatar\/596e7c417251e30f2fbb9c00e026fce61a695a00e51c889caded71c96cbbdde5?s=96&d=mm&r=g","contentUrl":"https:\/\/secure.gravatar.com\/avatar\/596e7c417251e30f2fbb9c00e026fce61a695a00e51c889caded71c96cbbdde5?s=96&d=mm&r=g","caption":"Kisha Orthodhokse"}}]}},"_links":{"self":[{"href":"https:\/\/orthodoxalbania.org\/2020\/wp-json\/wp\/v2\/posts\/1517","targetHints":{"allow":["GET"]}}],"collection":[{"href":"https:\/\/orthodoxalbania.org\/2020\/wp-json\/wp\/v2\/posts"}],"about":[{"href":"https:\/\/orthodoxalbania.org\/2020\/wp-json\/wp\/v2\/types\/post"}],"author":[{"embeddable":true,"href":"https:\/\/orthodoxalbania.org\/2020\/wp-json\/wp\/v2\/users\/1"}],"replies":[{"embeddable":true,"href":"https:\/\/orthodoxalbania.org\/2020\/wp-json\/wp\/v2\/comments?post=1517"}],"version-history":[{"count":1,"href":"https:\/\/orthodoxalbania.org\/2020\/wp-json\/wp\/v2\/posts\/1517\/revisions"}],"predecessor-version":[{"id":15657,"href":"https:\/\/orthodoxalbania.org\/2020\/wp-json\/wp\/v2\/posts\/1517\/revisions\/15657"}],"wp:attachment":[{"href":"https:\/\/orthodoxalbania.org\/2020\/wp-json\/wp\/v2\/media?parent=1517"}],"wp:term":[{"taxonomy":"category","embeddable":true,"href":"https:\/\/orthodoxalbania.org\/2020\/wp-json\/wp\/v2\/categories?post=1517"},{"taxonomy":"post_tag","embeddable":true,"href":"https:\/\/orthodoxalbania.org\/2020\/wp-json\/wp\/v2\/tags?post=1517"}],"curies":[{"name":"wp","href":"https:\/\/api.w.org\/{rel}","templated":true}]}}