{"id":1516,"date":"2008-02-26T00:00:00","date_gmt":"2008-02-26T00:00:00","guid":{"rendered":""},"modified":"2020-04-06T22:35:19","modified_gmt":"2020-04-06T20:35:19","slug":"veprimtari-kulturore-argetuese-me-personat-me-aftesi-te-kufizuara-fizike-ata-kane-nje-bote-shpirterore-qe-te-mahnit-2008","status":"publish","type":"post","link":"https:\/\/orthodoxalbania.org\/2020\/2008\/02\/26\/veprimtari-kulturore-argetuese-me-personat-me-aftesi-te-kufizuara-fizike-ata-kane-nje-bote-shpirterore-qe-te-mahnit-2008\/","title":{"rendered":"Veprimtari kulturore \u2013 arg\u00ebtuese me personat me aft\u00ebsi t\u00eb kufizuara fizike &#8211; Ata kan\u00eb nj\u00eb bot\u00eb shpirt\u00ebrore q\u00eb t\u00eb mahnit &#8211; (Maj 2008)"},"content":{"rendered":"<table id=\"AutoNumber4\" style=\"width: 873px; height: 1448px;\" border=\"0\">\n<tbody>\n<tr>\n<td>\n<div style=\"text-align: justify;\"><span style=\"color: #000000;\"><span style=\"font-family: tahoma,geneva,sans-serif;\"><span style=\"font-size: 12px;\">&nbsp;&nbsp;&nbsp; Luftojn\u00eb \u00e7do dit\u00eb p\u00ebr t\u00eb drejtat e tyre, p\u00ebr t\u2019u arsimuar e pun\u00ebsuar dhe p\u00ebr t\u00eb pasur mund\u00ebsi t\u00eb barabarta. Lufta e tyre nuk \u00ebsht\u00eb nj\u00eb koh\u00eb e shkuar d\u00ebm, p\u00ebrkundrazi. N\u00ebse kthehemi n\u00eb histori, n\u00eb vitin 1992, n\u00eb nj\u00eb nga rezolutat e Kombeve t\u00eb Bashkuara, u p\u00ebrcaktua se data 3 dhjetor do t\u00eb jet\u00eb Dita Nd\u00ebrkomb\u00ebtare e Personave me Aft\u00ebsi t\u00eb Kufizuara dhe do t\u00eb kujtohet n\u00eb mbar\u00eb bot\u00ebn. Kjo dit\u00eb sh\u00ebrben p\u00ebr t\u00eb fokusuar v\u00ebmendjen ndaj eliminimit t\u00eb barrierave e pengesave t\u00eb shumta q\u00eb shpesh b\u00ebhen penges\u00eb n\u00eb pjes\u00ebmarrjen e plot\u00eb t\u00eb k\u00ebtyre personave n\u00eb jet\u00ebn shoq\u00ebrore.<\/span><\/span><\/span><\/div>\n<\/td>\n<td>\n<div><span style=\"color: #000000;\"><span style=\"font-family: tahoma,geneva,sans-serif;\"><span style=\"font-size: 12px;\"><img decoding=\"async\" class=\"lazyload HAa Eha\" style=\"border-width: 1px; border-style: solid; margin: 10px auto; display: block;\" alt=\"\" src=\"data:image\/gif;base64,R0lGODlhAQABAAAAACH5BAEKAAEALAAAAAABAAEAAAICTAEAOw==\" data-orig-src=\"https:\/\/lh5.googleusercontent.com\/-EkPKs_NllJQ\/VI7FXJ5uvFI\/AAAAAAAAHrs\/4cfCz9yQV4k\/w400-h300-no\/p[1].jpg\" \/><\/span><\/span><\/span><\/div>\n<\/td>\n<\/tr>\n<tr>\n<td>\n<div><span style=\"color: #000000;\"><span style=\"font-family: tahoma,geneva,sans-serif;\"><span style=\"font-size: 12px;\"><img decoding=\"async\" class=\"lazyload HAa Eha\" style=\"border-width: 1px; border-style: solid; margin: 10px auto; display: block;\" alt=\"\" src=\"data:image\/gif;base64,R0lGODlhAQABAAAAACH5BAEKAAEALAAAAAABAAEAAAICTAEAOw==\" data-orig-src=\"https:\/\/lh4.googleusercontent.com\/-Bnj4qKMhrqw\/VI7FW8OMaJI\/AAAAAAAAHro\/ejvGkoSbcCM\/w400-h300-no\/p2.jpg\" \/><\/span><\/span><\/span><\/div>\n<\/td>\n<td>\n<div style=\"text-align: justify;\"><span style=\"color: #000000;\"><span style=\"font-family: tahoma,geneva,sans-serif;\"><span style=\"font-size: 12px;\">&nbsp;&nbsp;&nbsp; Kisha Orthodhokse Autoqefale e Shqip\u00ebris\u00eb ka treguar nj\u00eb v\u00ebmendje t\u00eb ve\u00e7ant\u00eb ndaj personave me aft\u00ebsi t\u00eb kufizuara mendore por edhe atyre fizike, duke treguar dashurin\u00eb dhe kujdesin e saj. P\u00ebrmes aktiviteteve n\u00eb vite \u00ebsht\u00eb shprehur gatishm\u00ebria p\u00ebr t\u00eb q\u00ebndruar pran\u00eb n\u00eb lutje dhe ndihma shpirt\u00ebrore e materiale ndaj k\u00ebsaj pjese t\u00eb shoq\u00ebris\u00eb, q\u00eb m\u00eb shum\u00eb se \u00e7do gj\u00eb tjet\u00ebr ka nevoj\u00eb p\u00ebr dashuri. Prej 6 vjet\u00ebsh, Zyra e Rinis\u00eb e Kish\u00ebs son\u00eb organizon veprimtarin\u00eb \u201cFundjava e miq\u00ebsis\u00eb\u201d, si p\u00ebr t\u00eb treguar nj\u00eb miq\u00ebsi q\u00eb ka nisur dhe vazhdon me entuziaz\u00ebm, duke u b\u00ebr\u00eb edhe m\u00eb e bukur nga nj\u00ebri vit n\u00eb tjetrin.<\/span><\/span><\/span><\/div>\n<\/td>\n<\/tr>\n<tr>\n<td>\n<div style=\"text-align: justify;\"><span style=\"color: #000000;\"><span style=\"font-family: tahoma,geneva,sans-serif;\"><span style=\"font-size: 12px;\">&nbsp;&nbsp;&nbsp; Rreth 40 persona me aft\u00ebsi t\u00eb kufizuara nga Tirana, Kuk\u00ebsi, Tropoja, La\u00e7i, Fieri, Berati etj. mor\u00ebn pjes\u00eb n\u00eb datat 23-25 maj 2008 n\u00eb veprimtarin\u00eb \u201cFundjava e miq\u00ebsis\u00eb\u201d n\u00eb qytetin e Durr\u00ebsit. Tema e k\u00ebtij viti \u201cMiq\u00ebsia, nj\u00eb gur i \u00e7muar n\u00eb mozaikun e jet\u00ebs\u201d ishte n\u00eb sinkron me atmosfer\u00ebn brilante q\u00eb u krijua aty. P\u00ebrvoja e fituar nga vitet e kaluara tregoi se miq\u00ebsia mes t\u00eb rinjve orthodhoks\u00eb dhe personave me aft\u00ebsi t\u00eb kufizuara fizike \u00ebsht\u00eb rritur dhe forcuar nga viti n\u00eb vit. Tre dit\u00ebt e aktivitetit mor\u00ebn p\u00ebrmasat e nj\u00eb feste t\u00eb ve\u00e7ant\u00eb me loj\u00ebra e arg\u00ebtime, me biseda n\u00eb grupe, konkurse dijesh dhe vall\u00ebzimi.<\/span><\/span><\/span><\/div>\n<\/td>\n<td>\n<div><span style=\"color: #000000;\"><span style=\"font-family: tahoma,geneva,sans-serif;\"><span style=\"font-size: 12px;\"><img decoding=\"async\" class=\"lazyload HAa Eha\" style=\"border-width: 1px; border-style: solid; margin: 10px auto; display: block;\" alt=\"\" src=\"data:image\/gif;base64,R0lGODlhAQABAAAAACH5BAEKAAEALAAAAAABAAEAAAICTAEAOw==\" data-orig-src=\"https:\/\/lh3.googleusercontent.com\/-aElm_u-5TCI\/VI7FW0bGi5I\/AAAAAAAAHrw\/tNvZDhyFKlI\/w382-h320-no\/p3.jpg\" \/><\/span><\/span><\/span><\/div>\n<\/td>\n<\/tr>\n<tr>\n<td>\n<div><span style=\"color: #000000;\"><span style=\"font-family: tahoma,geneva,sans-serif;\"><span style=\"font-size: 12px;\"><img decoding=\"async\" class=\"lazyload HAa Eha\" style=\"border-width: 1px; border-style: solid; margin: 10px auto; display: block;\" alt=\"\" src=\"data:image\/gif;base64,R0lGODlhAQABAAAAACH5BAEKAAEALAAAAAABAAEAAAICTAEAOw==\" data-orig-src=\"https:\/\/lh3.googleusercontent.com\/-_FeT4LDli80\/VI7FW573AKI\/AAAAAAAAHrg\/4e6NGiA54J4\/w400-h300-no\/p4.jpg\" \/><\/span><\/span><\/span><\/div>\n<\/td>\n<td>\n<div style=\"text-align: justify;\"><span style=\"color: #000000;\"><span style=\"font-family: tahoma,geneva,sans-serif;\"><span style=\"font-size: 12px;\">&nbsp;&nbsp;&nbsp; Nuk \u00ebsht\u00eb e \u00e7uditshme t\u00eb shikosh se sa bukur din\u00eb t\u00eb k\u00ebrcejn\u00eb edhe k\u00ebta individ\u00eb, t\u00eb cil\u00ebt edhe pse ndodhen n\u00eb karrige me rrota ose n\u00eb paterica jan\u00eb t\u00eb aft\u00eb t\u00eb p\u00ebrshtaten edhe n\u00eb k\u00ebt\u00eb drejtim. Madje aft\u00ebsit\u00eb e tyre krijuese i kap\u00ebrcejn\u00eb hamendjet. N\u00eb nj\u00eb nga dit\u00ebt e k\u00ebtij aktiviteti, teologu z. Jorgo Papadhopuli foli pik\u00ebrisht p\u00ebr tem\u00ebn \u201cMiq\u00ebsia\u201d, duke i l\u00ebn\u00eb hap\u00ebsir\u00eb vet\u00eb pjes\u00ebmarr\u00ebsve t\u00eb shprehnin p\u00ebrmes historive t\u00eb ndryshme disa nga karakteristikat dhe t\u00eb v\u00ebrtetat e miq\u00ebsis\u00eb. Aktivizimi i tyre ishte i shk\u00eblqyer, duke m\u00ebsuar shum\u00eb nga nj\u00ebri-tjetri dhe duke p\u00ebrcjell\u00eb interesimin dhe miq\u00ebsin\u00eb mes tyre.<\/span><\/span><\/span><\/div>\n<\/td>\n<\/tr>\n<tr>\n<td colspan=\"2\">\n<div style=\"text-align: justify;\"><span style=\"color: #000000;\"><span style=\"font-family: tahoma,geneva,sans-serif;\"><span style=\"font-size: 12px;\">&nbsp;&nbsp;&nbsp; N\u00eb fytyrat e tyre lexohej g\u00ebzimi dhe energjia e jet\u00ebs. Shoq\u00ebria duhet t\u00eb sensibilizohet me pengesat q\u00eb p\u00ebrballin dhe p\u00ebrjetojn\u00eb k\u00ebta njer\u00ebz \u00e7do dit\u00eb t\u00eb jet\u00ebs s\u00eb tyre. Duhet thyer e flakur tej tabloja e zymt\u00eb q\u00eb e p\u00ebrshkruan k\u00ebt\u00eb kategori njer\u00ebzish si barr\u00eb e r\u00ebnd\u00eb e shoq\u00ebris\u00eb. Nj\u00eb mendim i gabuar, sepse ata jan\u00eb n\u00eb gjendje t\u00eb kontribuojn\u00eb n\u00eb jet\u00ebn ekonomike e kulturore t\u00eb komunitetit. Ata kan\u00eb potenciale n\u00eb vetvete dhe nj\u00eb bot\u00eb shpirt\u00ebrore q\u00eb t\u00eb mahnit.<\/span><\/span><\/span><\/div>\n<div style=\"text-align: justify;\">&nbsp;<\/div>\n<div style=\"text-align: justify;\"><span style=\"color: #000000;\"><span style=\"font-family: tahoma,geneva,sans-serif;\"><span style=\"font-size: 12px;\">&nbsp;&nbsp;&nbsp; T\u00eb gjith\u00eb pjes\u00ebmarr\u00ebsit u larguan nga ky aktivitet me dashuri dhe fal\u00ebnderim, duke marr\u00eb me vete kujtimet m\u00eb t\u00eb bukura, p\u00ebr t\u2019i treguar ato takimin tjet\u00ebr t\u00eb ardhsh\u00ebm, n\u00eb fundjav\u00ebn e shum\u00ebpritur t\u00eb miq\u00ebsis\u00eb.<\/span><\/span><\/span><\/div>\n<div>&nbsp;<\/div>\n<\/td>\n<\/tr>\n<tr>\n<td colspan=\"2\">\n<div>&nbsp;<\/div>\n<div><span style=\"color: #000000;\"><span style=\"font-family: tahoma,geneva,sans-serif;\"><span style=\"font-size: 12px;\"><strong>Isidor&nbsp; Koti<\/strong><\/span><\/span><\/span><\/div>\n<\/td>\n<\/tr>\n<\/tbody>\n<\/table>\n","protected":false},"excerpt":{"rendered":"<p>&nbsp;&nbsp;&nbsp; Luftojn\u00eb \u00e7do dit\u00eb p\u00ebr t\u00eb drejtat e tyre, p\u00ebr t\u2019u arsimuar e pun\u00ebsuar dhe p\u00ebr t\u00eb pasur mund\u00ebsi t\u00eb barabarta. Lufta e tyre nuk \u00ebsht\u00eb nj\u00eb koh\u00eb e shkuar d\u00ebm, p\u00ebrkundrazi. N\u00ebse kthehemi n\u00eb histori, n\u00eb vitin 1992, n\u00eb nj\u00eb nga rezolutat e Kombeve t\u00eb Bashkuara, u p\u00ebrcaktua se data 3 dhjetor do t\u00eb jet\u00eb Dita Nd\u00ebrkomb\u00ebtare e Personave me Aft\u00ebsi t\u00eb Kufizuara dhe<\/p>\n","protected":false},"author":1,"featured_media":0,"comment_status":"open","ping_status":"open","sticky":false,"template":"","format":"standard","meta":{"_acf_changed":false,"pagelayer_contact_templates":[],"_pagelayer_content":"","inline_featured_image":false,"fifu_image_url":"","fifu_image_alt":"","footnotes":""},"categories":[108],"tags":[146,154,196,212],"class_list":["post-1516","post","type-post","status-publish","format-standard","hentry","category-lajme","tag-146","tag-aktivitete","tag-tirane","tag-lajme-d27"],"acf":[],"yoast_head":"<!-- This site is optimized with the Yoast SEO plugin v27.2 - https:\/\/yoast.com\/product\/yoast-seo-wordpress\/ -->\n<title>Veprimtari kulturore \u2013 arg\u00ebtuese me personat me aft\u00ebsi t\u00eb kufizuara fizike - Ata kan\u00eb nj\u00eb bot\u00eb shpirt\u00ebrore q\u00eb t\u00eb mahnit - (Maj 2008) - Kisha Orthodh\u03bfkse Autoqefale e Shqip\u00ebris\u00eb<\/title>\n<meta name=\"robots\" content=\"index, follow, max-snippet:-1, max-image-preview:large, max-video-preview:-1\" \/>\n<link rel=\"canonical\" href=\"https:\/\/orthodoxalbania.org\/2020\/2008\/02\/26\/veprimtari-kulturore-argetuese-me-personat-me-aftesi-te-kufizuara-fizike-ata-kane-nje-bote-shpirterore-qe-te-mahnit-2008\/\" \/>\n<meta property=\"og:locale\" content=\"en_US\" \/>\n<meta property=\"og:type\" content=\"article\" \/>\n<meta property=\"og:title\" content=\"Veprimtari kulturore \u2013 arg\u00ebtuese me personat me aft\u00ebsi t\u00eb kufizuara fizike - Ata kan\u00eb nj\u00eb bot\u00eb shpirt\u00ebrore q\u00eb t\u00eb mahnit - (Maj 2008) - Kisha Orthodh\u03bfkse Autoqefale e Shqip\u00ebris\u00eb\" \/>\n<meta property=\"og:description\" content=\"&nbsp;&nbsp;&nbsp; Luftojn\u00eb \u00e7do dit\u00eb p\u00ebr t\u00eb drejtat e tyre, p\u00ebr t\u2019u arsimuar e pun\u00ebsuar dhe p\u00ebr t\u00eb pasur mund\u00ebsi t\u00eb barabarta. Lufta e tyre nuk \u00ebsht\u00eb nj\u00eb koh\u00eb e shkuar d\u00ebm, p\u00ebrkundrazi. N\u00ebse kthehemi n\u00eb histori, n\u00eb vitin 1992, n\u00eb nj\u00eb nga rezolutat e Kombeve t\u00eb Bashkuara, u p\u00ebrcaktua se data 3 dhjetor do t\u00eb jet\u00eb Dita Nd\u00ebrkomb\u00ebtare e Personave me Aft\u00ebsi t\u00eb Kufizuara dhe\" \/>\n<meta property=\"og:url\" content=\"https:\/\/orthodoxalbania.org\/2020\/2008\/02\/26\/veprimtari-kulturore-argetuese-me-personat-me-aftesi-te-kufizuara-fizike-ata-kane-nje-bote-shpirterore-qe-te-mahnit-2008\/\" \/>\n<meta property=\"og:site_name\" content=\"Kisha Orthodh\u03bfkse Autoqefale e Shqip\u00ebris\u00eb\" \/>\n<meta property=\"article:publisher\" content=\"https:\/\/www.facebook.com\/koash1991\" \/>\n<meta property=\"article:published_time\" content=\"2008-02-26T00:00:00+00:00\" \/>\n<meta property=\"article:modified_time\" content=\"2020-04-06T20:35:19+00:00\" \/>\n<meta property=\"og:image\" content=\"https:\/\/lh5.googleusercontent.com\/-EkPKs_NllJQ\/VI7FXJ5uvFI\/AAAAAAAAHrs\/4cfCz9yQV4k\/w400-h300-no\/p%5B1%5D.jpg\" \/>\n<meta name=\"author\" content=\"Kisha Orthodhokse\" \/>\n<meta name=\"twitter:card\" content=\"summary_large_image\" \/>\n<meta name=\"twitter:label1\" content=\"Written by\" \/>\n\t<meta name=\"twitter:data1\" content=\"Kisha Orthodhokse\" \/>\n\t<meta name=\"twitter:label2\" content=\"Est. reading time\" \/>\n\t<meta name=\"twitter:data2\" content=\"3 minutes\" \/>\n<script type=\"application\/ld+json\" class=\"yoast-schema-graph\">{\"@context\":\"https:\/\/schema.org\",\"@graph\":[{\"@type\":\"Article\",\"@id\":\"https:\/\/orthodoxalbania.org\/2020\/2008\/02\/26\/veprimtari-kulturore-argetuese-me-personat-me-aftesi-te-kufizuara-fizike-ata-kane-nje-bote-shpirterore-qe-te-mahnit-2008\/#article\",\"isPartOf\":{\"@id\":\"https:\/\/orthodoxalbania.org\/2020\/2008\/02\/26\/veprimtari-kulturore-argetuese-me-personat-me-aftesi-te-kufizuara-fizike-ata-kane-nje-bote-shpirterore-qe-te-mahnit-2008\/\"},\"author\":{\"name\":\"Kisha Orthodhokse\",\"@id\":\"https:\/\/orthodoxalbania.org\/2020\/#\/schema\/person\/0c387634a7063ac612d7ed9ce71c7e86\"},\"headline\":\"Veprimtari kulturore \u2013 arg\u00ebtuese me personat me aft\u00ebsi t\u00eb kufizuara fizike &#8211; Ata kan\u00eb nj\u00eb bot\u00eb shpirt\u00ebrore q\u00eb t\u00eb mahnit &#8211; (Maj 2008)\",\"datePublished\":\"2008-02-26T00:00:00+00:00\",\"dateModified\":\"2020-04-06T20:35:19+00:00\",\"mainEntityOfPage\":{\"@id\":\"https:\/\/orthodoxalbania.org\/2020\/2008\/02\/26\/veprimtari-kulturore-argetuese-me-personat-me-aftesi-te-kufizuara-fizike-ata-kane-nje-bote-shpirterore-qe-te-mahnit-2008\/\"},\"wordCount\":674,\"commentCount\":0,\"publisher\":{\"@id\":\"https:\/\/orthodoxalbania.org\/2020\/#organization\"},\"image\":{\"@id\":\"https:\/\/orthodoxalbania.org\/2020\/2008\/02\/26\/veprimtari-kulturore-argetuese-me-personat-me-aftesi-te-kufizuara-fizike-ata-kane-nje-bote-shpirterore-qe-te-mahnit-2008\/#primaryimage\"},\"thumbnailUrl\":\"https:\/\/lh5.googleusercontent.com\/-EkPKs_NllJQ\/VI7FXJ5uvFI\/AAAAAAAAHrs\/4cfCz9yQV4k\/w400-h300-no\/p[1].jpg\",\"keywords\":[\"2008\",\"Aktivitete\",\"Kryepiskopata Tiran\u00eb\",\"lajme\"],\"articleSection\":[\"Lajme\"],\"inLanguage\":\"en-US\"},{\"@type\":\"WebPage\",\"@id\":\"https:\/\/orthodoxalbania.org\/2020\/2008\/02\/26\/veprimtari-kulturore-argetuese-me-personat-me-aftesi-te-kufizuara-fizike-ata-kane-nje-bote-shpirterore-qe-te-mahnit-2008\/\",\"url\":\"https:\/\/orthodoxalbania.org\/2020\/2008\/02\/26\/veprimtari-kulturore-argetuese-me-personat-me-aftesi-te-kufizuara-fizike-ata-kane-nje-bote-shpirterore-qe-te-mahnit-2008\/\",\"name\":\"Veprimtari kulturore \u2013 arg\u00ebtuese me personat me aft\u00ebsi t\u00eb kufizuara fizike - Ata kan\u00eb nj\u00eb bot\u00eb shpirt\u00ebrore q\u00eb t\u00eb mahnit - (Maj 2008) - Kisha Orthodh\u03bfkse Autoqefale e Shqip\u00ebris\u00eb\",\"isPartOf\":{\"@id\":\"https:\/\/orthodoxalbania.org\/2020\/#website\"},\"primaryImageOfPage\":{\"@id\":\"https:\/\/orthodoxalbania.org\/2020\/2008\/02\/26\/veprimtari-kulturore-argetuese-me-personat-me-aftesi-te-kufizuara-fizike-ata-kane-nje-bote-shpirterore-qe-te-mahnit-2008\/#primaryimage\"},\"image\":{\"@id\":\"https:\/\/orthodoxalbania.org\/2020\/2008\/02\/26\/veprimtari-kulturore-argetuese-me-personat-me-aftesi-te-kufizuara-fizike-ata-kane-nje-bote-shpirterore-qe-te-mahnit-2008\/#primaryimage\"},\"thumbnailUrl\":\"https:\/\/lh5.googleusercontent.com\/-EkPKs_NllJQ\/VI7FXJ5uvFI\/AAAAAAAAHrs\/4cfCz9yQV4k\/w400-h300-no\/p[1].jpg\",\"datePublished\":\"2008-02-26T00:00:00+00:00\",\"dateModified\":\"2020-04-06T20:35:19+00:00\",\"breadcrumb\":{\"@id\":\"https:\/\/orthodoxalbania.org\/2020\/2008\/02\/26\/veprimtari-kulturore-argetuese-me-personat-me-aftesi-te-kufizuara-fizike-ata-kane-nje-bote-shpirterore-qe-te-mahnit-2008\/#breadcrumb\"},\"inLanguage\":\"en-US\",\"potentialAction\":[{\"@type\":\"ReadAction\",\"target\":[\"https:\/\/orthodoxalbania.org\/2020\/2008\/02\/26\/veprimtari-kulturore-argetuese-me-personat-me-aftesi-te-kufizuara-fizike-ata-kane-nje-bote-shpirterore-qe-te-mahnit-2008\/\"]}]},{\"@type\":\"ImageObject\",\"inLanguage\":\"en-US\",\"@id\":\"https:\/\/orthodoxalbania.org\/2020\/2008\/02\/26\/veprimtari-kulturore-argetuese-me-personat-me-aftesi-te-kufizuara-fizike-ata-kane-nje-bote-shpirterore-qe-te-mahnit-2008\/#primaryimage\",\"url\":\"https:\/\/lh5.googleusercontent.com\/-EkPKs_NllJQ\/VI7FXJ5uvFI\/AAAAAAAAHrs\/4cfCz9yQV4k\/w400-h300-no\/p[1].jpg\",\"contentUrl\":\"https:\/\/lh5.googleusercontent.com\/-EkPKs_NllJQ\/VI7FXJ5uvFI\/AAAAAAAAHrs\/4cfCz9yQV4k\/w400-h300-no\/p[1].jpg\"},{\"@type\":\"BreadcrumbList\",\"@id\":\"https:\/\/orthodoxalbania.org\/2020\/2008\/02\/26\/veprimtari-kulturore-argetuese-me-personat-me-aftesi-te-kufizuara-fizike-ata-kane-nje-bote-shpirterore-qe-te-mahnit-2008\/#breadcrumb\",\"itemListElement\":[{\"@type\":\"ListItem\",\"position\":1,\"name\":\"Home\",\"item\":\"https:\/\/orthodoxalbania.org\/2020\/\"},{\"@type\":\"ListItem\",\"position\":2,\"name\":\"Veprimtari kulturore \u2013 arg\u00ebtuese me personat me aft\u00ebsi t\u00eb kufizuara fizike &#8211; Ata kan\u00eb nj\u00eb bot\u00eb shpirt\u00ebrore q\u00eb t\u00eb mahnit &#8211; (Maj 2008)\"}]},{\"@type\":\"WebSite\",\"@id\":\"https:\/\/orthodoxalbania.org\/2020\/#website\",\"url\":\"https:\/\/orthodoxalbania.org\/2020\/\",\"name\":\"Kisha Orthodh\u03bfkse Autoqefale e Shqip\u00ebris\u00eb\",\"description\":\"Fqja Zyrtare e Kish\u00ebs Orthodhokse Autoqefale e Shqip\u00ebris\u00eb me lajmet edhe informacionet zyrtare p\u00ebr struktur\u00ebn edhe veprimtarin e saj.\",\"publisher\":{\"@id\":\"https:\/\/orthodoxalbania.org\/2020\/#organization\"},\"potentialAction\":[{\"@type\":\"SearchAction\",\"target\":{\"@type\":\"EntryPoint\",\"urlTemplate\":\"https:\/\/orthodoxalbania.org\/2020\/?s={search_term_string}\"},\"query-input\":{\"@type\":\"PropertyValueSpecification\",\"valueRequired\":true,\"valueName\":\"search_term_string\"}}],\"inLanguage\":\"en-US\"},{\"@type\":\"Organization\",\"@id\":\"https:\/\/orthodoxalbania.org\/2020\/#organization\",\"name\":\"Kisha Orthodhokse Autoqefale e Shqip\u00ebris\u00eb\",\"url\":\"https:\/\/orthodoxalbania.org\/2020\/\",\"logo\":{\"@type\":\"ImageObject\",\"inLanguage\":\"en-US\",\"@id\":\"https:\/\/orthodoxalbania.org\/2020\/#\/schema\/logo\/image\/\",\"url\":\"https:\/\/orthodoxalbania.org\/2020\/wp-content\/uploads\/2020\/05\/albania.jpeg\",\"contentUrl\":\"https:\/\/orthodoxalbania.org\/2020\/wp-content\/uploads\/2020\/05\/albania.jpeg\",\"width\":540,\"height\":540,\"caption\":\"Kisha Orthodhokse Autoqefale e Shqip\u00ebris\u00eb\"},\"image\":{\"@id\":\"https:\/\/orthodoxalbania.org\/2020\/#\/schema\/logo\/image\/\"},\"sameAs\":[\"https:\/\/www.facebook.com\/koash1991\"]},{\"@type\":\"Person\",\"@id\":\"https:\/\/orthodoxalbania.org\/2020\/#\/schema\/person\/0c387634a7063ac612d7ed9ce71c7e86\",\"name\":\"Kisha Orthodhokse\",\"image\":{\"@type\":\"ImageObject\",\"inLanguage\":\"en-US\",\"@id\":\"https:\/\/secure.gravatar.com\/avatar\/596e7c417251e30f2fbb9c00e026fce61a695a00e51c889caded71c96cbbdde5?s=96&d=mm&r=g\",\"url\":\"https:\/\/secure.gravatar.com\/avatar\/596e7c417251e30f2fbb9c00e026fce61a695a00e51c889caded71c96cbbdde5?s=96&d=mm&r=g\",\"contentUrl\":\"https:\/\/secure.gravatar.com\/avatar\/596e7c417251e30f2fbb9c00e026fce61a695a00e51c889caded71c96cbbdde5?s=96&d=mm&r=g\",\"caption\":\"Kisha Orthodhokse\"}}]}<\/script>\n<!-- \/ Yoast SEO plugin. -->","yoast_head_json":{"title":"Veprimtari kulturore \u2013 arg\u00ebtuese me personat me aft\u00ebsi t\u00eb kufizuara fizike - Ata kan\u00eb nj\u00eb bot\u00eb shpirt\u00ebrore q\u00eb t\u00eb mahnit - (Maj 2008) - Kisha Orthodh\u03bfkse Autoqefale e Shqip\u00ebris\u00eb","robots":{"index":"index","follow":"follow","max-snippet":"max-snippet:-1","max-image-preview":"max-image-preview:large","max-video-preview":"max-video-preview:-1"},"canonical":"https:\/\/orthodoxalbania.org\/2020\/2008\/02\/26\/veprimtari-kulturore-argetuese-me-personat-me-aftesi-te-kufizuara-fizike-ata-kane-nje-bote-shpirterore-qe-te-mahnit-2008\/","og_locale":"en_US","og_type":"article","og_title":"Veprimtari kulturore \u2013 arg\u00ebtuese me personat me aft\u00ebsi t\u00eb kufizuara fizike - Ata kan\u00eb nj\u00eb bot\u00eb shpirt\u00ebrore q\u00eb t\u00eb mahnit - (Maj 2008) - Kisha Orthodh\u03bfkse Autoqefale e Shqip\u00ebris\u00eb","og_description":"&nbsp;&nbsp;&nbsp; Luftojn\u00eb \u00e7do dit\u00eb p\u00ebr t\u00eb drejtat e tyre, p\u00ebr t\u2019u arsimuar e pun\u00ebsuar dhe p\u00ebr t\u00eb pasur mund\u00ebsi t\u00eb barabarta. Lufta e tyre nuk \u00ebsht\u00eb nj\u00eb koh\u00eb e shkuar d\u00ebm, p\u00ebrkundrazi. N\u00ebse kthehemi n\u00eb histori, n\u00eb vitin 1992, n\u00eb nj\u00eb nga rezolutat e Kombeve t\u00eb Bashkuara, u p\u00ebrcaktua se data 3 dhjetor do t\u00eb jet\u00eb Dita Nd\u00ebrkomb\u00ebtare e Personave me Aft\u00ebsi t\u00eb Kufizuara dhe","og_url":"https:\/\/orthodoxalbania.org\/2020\/2008\/02\/26\/veprimtari-kulturore-argetuese-me-personat-me-aftesi-te-kufizuara-fizike-ata-kane-nje-bote-shpirterore-qe-te-mahnit-2008\/","og_site_name":"Kisha Orthodh\u03bfkse Autoqefale e Shqip\u00ebris\u00eb","article_publisher":"https:\/\/www.facebook.com\/koash1991","article_published_time":"2008-02-26T00:00:00+00:00","article_modified_time":"2020-04-06T20:35:19+00:00","og_image":[{"url":"https:\/\/lh5.googleusercontent.com\/-EkPKs_NllJQ\/VI7FXJ5uvFI\/AAAAAAAAHrs\/4cfCz9yQV4k\/w400-h300-no\/p[1].jpg","type":"","width":"","height":""}],"author":"Kisha Orthodhokse","twitter_card":"summary_large_image","twitter_misc":{"Written by":"Kisha Orthodhokse","Est. reading time":"3 minutes"},"schema":{"@context":"https:\/\/schema.org","@graph":[{"@type":"Article","@id":"https:\/\/orthodoxalbania.org\/2020\/2008\/02\/26\/veprimtari-kulturore-argetuese-me-personat-me-aftesi-te-kufizuara-fizike-ata-kane-nje-bote-shpirterore-qe-te-mahnit-2008\/#article","isPartOf":{"@id":"https:\/\/orthodoxalbania.org\/2020\/2008\/02\/26\/veprimtari-kulturore-argetuese-me-personat-me-aftesi-te-kufizuara-fizike-ata-kane-nje-bote-shpirterore-qe-te-mahnit-2008\/"},"author":{"name":"Kisha Orthodhokse","@id":"https:\/\/orthodoxalbania.org\/2020\/#\/schema\/person\/0c387634a7063ac612d7ed9ce71c7e86"},"headline":"Veprimtari kulturore \u2013 arg\u00ebtuese me personat me aft\u00ebsi t\u00eb kufizuara fizike &#8211; Ata kan\u00eb nj\u00eb bot\u00eb shpirt\u00ebrore q\u00eb t\u00eb mahnit &#8211; (Maj 2008)","datePublished":"2008-02-26T00:00:00+00:00","dateModified":"2020-04-06T20:35:19+00:00","mainEntityOfPage":{"@id":"https:\/\/orthodoxalbania.org\/2020\/2008\/02\/26\/veprimtari-kulturore-argetuese-me-personat-me-aftesi-te-kufizuara-fizike-ata-kane-nje-bote-shpirterore-qe-te-mahnit-2008\/"},"wordCount":674,"commentCount":0,"publisher":{"@id":"https:\/\/orthodoxalbania.org\/2020\/#organization"},"image":{"@id":"https:\/\/orthodoxalbania.org\/2020\/2008\/02\/26\/veprimtari-kulturore-argetuese-me-personat-me-aftesi-te-kufizuara-fizike-ata-kane-nje-bote-shpirterore-qe-te-mahnit-2008\/#primaryimage"},"thumbnailUrl":"https:\/\/lh5.googleusercontent.com\/-EkPKs_NllJQ\/VI7FXJ5uvFI\/AAAAAAAAHrs\/4cfCz9yQV4k\/w400-h300-no\/p[1].jpg","keywords":["2008","Aktivitete","Kryepiskopata Tiran\u00eb","lajme"],"articleSection":["Lajme"],"inLanguage":"en-US"},{"@type":"WebPage","@id":"https:\/\/orthodoxalbania.org\/2020\/2008\/02\/26\/veprimtari-kulturore-argetuese-me-personat-me-aftesi-te-kufizuara-fizike-ata-kane-nje-bote-shpirterore-qe-te-mahnit-2008\/","url":"https:\/\/orthodoxalbania.org\/2020\/2008\/02\/26\/veprimtari-kulturore-argetuese-me-personat-me-aftesi-te-kufizuara-fizike-ata-kane-nje-bote-shpirterore-qe-te-mahnit-2008\/","name":"Veprimtari kulturore \u2013 arg\u00ebtuese me personat me aft\u00ebsi t\u00eb kufizuara fizike - Ata kan\u00eb nj\u00eb bot\u00eb shpirt\u00ebrore q\u00eb t\u00eb mahnit - (Maj 2008) - Kisha Orthodh\u03bfkse Autoqefale e Shqip\u00ebris\u00eb","isPartOf":{"@id":"https:\/\/orthodoxalbania.org\/2020\/#website"},"primaryImageOfPage":{"@id":"https:\/\/orthodoxalbania.org\/2020\/2008\/02\/26\/veprimtari-kulturore-argetuese-me-personat-me-aftesi-te-kufizuara-fizike-ata-kane-nje-bote-shpirterore-qe-te-mahnit-2008\/#primaryimage"},"image":{"@id":"https:\/\/orthodoxalbania.org\/2020\/2008\/02\/26\/veprimtari-kulturore-argetuese-me-personat-me-aftesi-te-kufizuara-fizike-ata-kane-nje-bote-shpirterore-qe-te-mahnit-2008\/#primaryimage"},"thumbnailUrl":"https:\/\/lh5.googleusercontent.com\/-EkPKs_NllJQ\/VI7FXJ5uvFI\/AAAAAAAAHrs\/4cfCz9yQV4k\/w400-h300-no\/p[1].jpg","datePublished":"2008-02-26T00:00:00+00:00","dateModified":"2020-04-06T20:35:19+00:00","breadcrumb":{"@id":"https:\/\/orthodoxalbania.org\/2020\/2008\/02\/26\/veprimtari-kulturore-argetuese-me-personat-me-aftesi-te-kufizuara-fizike-ata-kane-nje-bote-shpirterore-qe-te-mahnit-2008\/#breadcrumb"},"inLanguage":"en-US","potentialAction":[{"@type":"ReadAction","target":["https:\/\/orthodoxalbania.org\/2020\/2008\/02\/26\/veprimtari-kulturore-argetuese-me-personat-me-aftesi-te-kufizuara-fizike-ata-kane-nje-bote-shpirterore-qe-te-mahnit-2008\/"]}]},{"@type":"ImageObject","inLanguage":"en-US","@id":"https:\/\/orthodoxalbania.org\/2020\/2008\/02\/26\/veprimtari-kulturore-argetuese-me-personat-me-aftesi-te-kufizuara-fizike-ata-kane-nje-bote-shpirterore-qe-te-mahnit-2008\/#primaryimage","url":"https:\/\/lh5.googleusercontent.com\/-EkPKs_NllJQ\/VI7FXJ5uvFI\/AAAAAAAAHrs\/4cfCz9yQV4k\/w400-h300-no\/p[1].jpg","contentUrl":"https:\/\/lh5.googleusercontent.com\/-EkPKs_NllJQ\/VI7FXJ5uvFI\/AAAAAAAAHrs\/4cfCz9yQV4k\/w400-h300-no\/p[1].jpg"},{"@type":"BreadcrumbList","@id":"https:\/\/orthodoxalbania.org\/2020\/2008\/02\/26\/veprimtari-kulturore-argetuese-me-personat-me-aftesi-te-kufizuara-fizike-ata-kane-nje-bote-shpirterore-qe-te-mahnit-2008\/#breadcrumb","itemListElement":[{"@type":"ListItem","position":1,"name":"Home","item":"https:\/\/orthodoxalbania.org\/2020\/"},{"@type":"ListItem","position":2,"name":"Veprimtari kulturore \u2013 arg\u00ebtuese me personat me aft\u00ebsi t\u00eb kufizuara fizike &#8211; Ata kan\u00eb nj\u00eb bot\u00eb shpirt\u00ebrore q\u00eb t\u00eb mahnit &#8211; (Maj 2008)"}]},{"@type":"WebSite","@id":"https:\/\/orthodoxalbania.org\/2020\/#website","url":"https:\/\/orthodoxalbania.org\/2020\/","name":"Kisha Orthodh\u03bfkse Autoqefale e Shqip\u00ebris\u00eb","description":"Fqja Zyrtare e Kish\u00ebs Orthodhokse Autoqefale e Shqip\u00ebris\u00eb me lajmet edhe informacionet zyrtare p\u00ebr struktur\u00ebn edhe veprimtarin e saj.","publisher":{"@id":"https:\/\/orthodoxalbania.org\/2020\/#organization"},"potentialAction":[{"@type":"SearchAction","target":{"@type":"EntryPoint","urlTemplate":"https:\/\/orthodoxalbania.org\/2020\/?s={search_term_string}"},"query-input":{"@type":"PropertyValueSpecification","valueRequired":true,"valueName":"search_term_string"}}],"inLanguage":"en-US"},{"@type":"Organization","@id":"https:\/\/orthodoxalbania.org\/2020\/#organization","name":"Kisha Orthodhokse Autoqefale e Shqip\u00ebris\u00eb","url":"https:\/\/orthodoxalbania.org\/2020\/","logo":{"@type":"ImageObject","inLanguage":"en-US","@id":"https:\/\/orthodoxalbania.org\/2020\/#\/schema\/logo\/image\/","url":"https:\/\/orthodoxalbania.org\/2020\/wp-content\/uploads\/2020\/05\/albania.jpeg","contentUrl":"https:\/\/orthodoxalbania.org\/2020\/wp-content\/uploads\/2020\/05\/albania.jpeg","width":540,"height":540,"caption":"Kisha Orthodhokse Autoqefale e Shqip\u00ebris\u00eb"},"image":{"@id":"https:\/\/orthodoxalbania.org\/2020\/#\/schema\/logo\/image\/"},"sameAs":["https:\/\/www.facebook.com\/koash1991"]},{"@type":"Person","@id":"https:\/\/orthodoxalbania.org\/2020\/#\/schema\/person\/0c387634a7063ac612d7ed9ce71c7e86","name":"Kisha Orthodhokse","image":{"@type":"ImageObject","inLanguage":"en-US","@id":"https:\/\/secure.gravatar.com\/avatar\/596e7c417251e30f2fbb9c00e026fce61a695a00e51c889caded71c96cbbdde5?s=96&d=mm&r=g","url":"https:\/\/secure.gravatar.com\/avatar\/596e7c417251e30f2fbb9c00e026fce61a695a00e51c889caded71c96cbbdde5?s=96&d=mm&r=g","contentUrl":"https:\/\/secure.gravatar.com\/avatar\/596e7c417251e30f2fbb9c00e026fce61a695a00e51c889caded71c96cbbdde5?s=96&d=mm&r=g","caption":"Kisha Orthodhokse"}}]}},"_links":{"self":[{"href":"https:\/\/orthodoxalbania.org\/2020\/wp-json\/wp\/v2\/posts\/1516","targetHints":{"allow":["GET"]}}],"collection":[{"href":"https:\/\/orthodoxalbania.org\/2020\/wp-json\/wp\/v2\/posts"}],"about":[{"href":"https:\/\/orthodoxalbania.org\/2020\/wp-json\/wp\/v2\/types\/post"}],"author":[{"embeddable":true,"href":"https:\/\/orthodoxalbania.org\/2020\/wp-json\/wp\/v2\/users\/1"}],"replies":[{"embeddable":true,"href":"https:\/\/orthodoxalbania.org\/2020\/wp-json\/wp\/v2\/comments?post=1516"}],"version-history":[{"count":1,"href":"https:\/\/orthodoxalbania.org\/2020\/wp-json\/wp\/v2\/posts\/1516\/revisions"}],"predecessor-version":[{"id":15647,"href":"https:\/\/orthodoxalbania.org\/2020\/wp-json\/wp\/v2\/posts\/1516\/revisions\/15647"}],"wp:attachment":[{"href":"https:\/\/orthodoxalbania.org\/2020\/wp-json\/wp\/v2\/media?parent=1516"}],"wp:term":[{"taxonomy":"category","embeddable":true,"href":"https:\/\/orthodoxalbania.org\/2020\/wp-json\/wp\/v2\/categories?post=1516"},{"taxonomy":"post_tag","embeddable":true,"href":"https:\/\/orthodoxalbania.org\/2020\/wp-json\/wp\/v2\/tags?post=1516"}],"curies":[{"name":"wp","href":"https:\/\/api.w.org\/{rel}","templated":true}]}}