{"id":1515,"date":"2006-02-26T00:00:00","date_gmt":"2006-02-26T00:00:00","guid":{"rendered":""},"modified":"2020-04-06T22:36:00","modified_gmt":"2020-04-06T20:36:00","slug":"veprimtari-kulturore-me-femijet-kosovare-per-thellimin-e-miqesise-korrik-06","status":"publish","type":"post","link":"https:\/\/orthodoxalbania.org\/2020\/2006\/02\/26\/veprimtari-kulturore-me-femijet-kosovare-per-thellimin-e-miqesise-korrik-06\/","title":{"rendered":"Veprimtari kulturore me f\u00ebmij\u00ebt kosovar\u00eb p\u00ebr thellimin e miq\u00ebsis\u00eb. (Korrik 2006)"},"content":{"rendered":"<div style=\"text-align: justify;\"><span style=\"color: #000000;\"><span style=\"font-family: tahoma,geneva,sans-serif;\"><span style=\"font-size: 12px;\"><img decoding=\"async\" class=\"lazyload HAa Eha\" style=\"border-width: 1px; border-style: solid; margin: 10px; float: left;\" alt=\"\" src=\"data:image\/svg+xml,%3Csvg%20xmlns%3D%27http%3A%2F%2Fwww.w3.org%2F2000%2Fsvg%27%20width%3D%27229%27%20height%3D%27173%27%20viewBox%3D%270%200%20229%20173%27%3E%3Crect%20width%3D%27229%27%20height%3D%27173%27%20fill-opacity%3D%220%22%2F%3E%3C%2Fsvg%3E\" data-orig-src=\"https:\/\/lh6.googleusercontent.com\/-iirMFCYOWF8\/VIbwjMidfpI\/AAAAAAAAFhI\/AWkV9SIjrYo\/w350-h263-no\/festafund.jpg\" height=\"173\" width=\"229\" \/>&nbsp;&nbsp;&nbsp;&nbsp; Bashk\u00ebpunimi i krijuar midis t\u00eb rinjve shqiptar\u00eb dhe atyre kosovar\u00eb t\u00eb cil\u00ebt erdh\u00ebn n\u00eb Shqip\u00ebri gjat\u00eb 1999-\u00ebs ka ndjekur nj\u00eb tradit\u00eb t\u00eb ve\u00e7ant\u00eb p\u00ebrgjat\u00eb k\u00ebtyre viteve. P\u00ebrmes kampeve me natyr\u00eb edukative dhe arg\u00ebtuese me f\u00ebmij\u00ebt e familjeve kosovare \u00ebsht\u00eb realizuar nj\u00eb bashk\u00ebpunim i ngusht\u00eb n\u00eb shk\u00ebmbimin e eksperiencave dhe thellimin e miq\u00ebsis\u00eb, e cila nisi gjat\u00eb koh\u00ebs s\u00eb luft\u00ebs dhe vijon t\u00eb rritet \u00e7do vit.<\/p>\n<p> &nbsp;&nbsp;&nbsp;&nbsp; Rreth 1200 f\u00ebmij\u00eb kosovar\u00eb mor\u00ebn pjes\u00eb edhe k\u00ebt\u00eb ver\u00eb n\u00eb kampet e organizuara nga Kisha Orthodhokse Autoqefale e Shqip\u00ebris\u00eb n\u00eb komun\u00ebn e Malishev\u00ebs. 25 vullnetar\u00eb t\u00eb rinj nga kjo Kish\u00eb organizuan tre kampe p\u00ebrgjat\u00eb dy jav\u00ebve. Q\u00ebllimi i k\u00ebtij aktiviteti ishte forcimi i miq\u00ebsis\u00eb midis t\u00eb rinjve shqiptar\u00ebve t\u00eb Kosov\u00ebs dhe t\u00eb Shqip\u00ebris\u00eb si dhe arg\u00ebtimi i f\u00ebmij\u00ebve. Ky aktivitet u krye me lejen e drejtoris\u00eb arsimore t\u00eb komun\u00ebs s\u00eb Malishev\u00ebs n\u00eb shkollat 9 vje\u00e7are \u201cIbrahim Mazreku\u201d n\u00eb Malishev\u00eb, shkoll\u00ebn 9 vje\u00e7are \u201cNaim Frash\u00ebri\u201d n\u00eb Banja dhe n\u00eb deg\u00ebn e saj me t\u00eb nj\u00ebjtin em\u00ebr n\u00eb Begaj.<\/span><\/span><\/span><\/div>\n<div style=\"text-align: justify;\">&nbsp;<\/div>\n<div style=\"text-align: justify;\"><span style=\"color: #000000;\"><span style=\"font-family: tahoma,geneva,sans-serif;\"><span style=\"font-size: 12px;\">&nbsp;&nbsp;&nbsp;&nbsp; Programi ishte i p\u00ebrb\u00ebr\u00eb nga loj\u00ebra t\u00eb ndryshme, pun\u00ebdore, k\u00ebng\u00eb e diskutime. \u00c7do kamp kuror\u00ebzohej nga nj\u00eb fest\u00eb e p\u00ebrgatitur nga vet\u00eb f\u00ebmij\u00ebt. N\u00eb k\u00ebt\u00eb fest\u00eb ishin ftuar drejtues t\u00eb qeveris\u00eb lokale, arsimtar\u00eb t\u00eb shkollave n\u00eb t\u00eb cil\u00ebn kryheshin kampet si dhe prind\u00ebr t\u00eb vet\u00eb f\u00ebmij\u00ebve. Kampi n\u00eb shkoll\u00ebn \u201cIbrahim Mazreku\u201d mbante emrin \u201cMiq\u00ebsia\u201d, nd\u00ebrsa n\u00eb shkoll\u00ebn e Begajt mbante emrin \u201cShpresa\u201d e nd\u00ebrsa n\u00eb shkoll\u00ebn \u201cNaim Frash\u00ebri\u201d n\u00eb Banja kampi mbante emrin \u201cMir\u00ebsia\u201d. F\u00ebmij\u00ebt ndaheshin n\u00eb grupmosha t\u00eb ndryshme dhe \u00e7do grup mbante emrin e nj\u00eb virtyti si \u201cPaqja, Falja, Dashuria, Respekti, G\u00ebzimi, etj\u201d. T\u00eb gjith\u00eb k\u00ebta emra nuk i shikonim n\u00eb pik\u00ebpamjen morale, por n\u00eb at\u00eb jetike, k\u00ebto emra nuk ishin thjesht disa cil\u00ebsi t\u00eb thata, por vlera jet\u00ebsore, t\u00eb cilat p\u00ebrb\u00ebjn\u00eb themelin e nj\u00eb shoq\u00ebrie t\u00eb sh\u00ebndosh\u00eb dhe q\u00eb formojn\u00eb te \u00e7dokush nj\u00eb njeri me vlera.<\/span><\/span><\/span><\/div>\n<div style=\"text-align: justify;\"><span style=\"color: #000000;\"><span style=\"font-family: tahoma,geneva,sans-serif;\"><span style=\"font-size: 12px;\">Pik\u00ebrisht p\u00ebr k\u00ebt\u00eb arsye ky aktivitet duhet par\u00eb edhe si nj\u00eb privilegj dhe nj\u00eb dhurat\u00eb nga Per\u00ebndia, sepse t\u00eb gjitha loj\u00ebrat, vallet, k\u00ebng\u00ebt dhe \u00e7do gj\u00eb arg\u00ebtuese q\u00eb ndam\u00eb me f\u00ebmij\u00ebt e Kosov\u00eb kishte p\u00ebr baz\u00eb nj\u00eb dashuri t\u00eb nd\u00ebrsjellt\u00eb midis nesh dhe f\u00ebmij\u00ebve nj\u00eb dashuri, q\u00eb na b\u00ebn\u00eb t\u00eb sigurt\u00eb se aktiviteti yn\u00eb kishte q\u00ebn\u00eb i suksessh\u00ebm.<\/span><\/span><\/span><\/div>\n<div style=\"text-align: justify;\"> <span style=\"color: #000000;\"><span style=\"font-family: tahoma,geneva,sans-serif;\"><span style=\"font-size: 12px;\"><img decoding=\"async\" class=\"lazyload HAa Eha\" style=\"height: 200px; width: 300px; border-width: 1px; border-style: solid; margin: 10px; float: left;\" alt=\"\" src=\"data:image\/gif;base64,R0lGODlhAQABAAAAACH5BAEKAAEALAAAAAABAAEAAAICTAEAOw==\" data-orig-src=\"https:\/\/lh6.googleusercontent.com\/-4kJYiK_Vpho\/VIbwjO0csTI\/AAAAAAAAFhY\/oeAgaCho94A\/w350-h233-no\/fotogrup.jpg\" \/>&nbsp;&nbsp;&nbsp;&nbsp; Drejtor\u00ebt e shkollave kan\u00eb treguar interes p\u00ebr k\u00ebt\u00eb aktivitet dhe kan\u00eb shprehur mir\u00ebnjohjet e tyre si dhe kan\u00eb shfaqur k\u00ebrkes\u00ebn p\u00ebr vazhdim\u00ebsin\u00eb e kampeve edhe n\u00eb vitet e ardhshme. \u201cOrganizimi i kampit \u00ebsht\u00eb i mir\u00ebseardhur p\u00ebr f\u00ebmij\u00ebt q\u00eb tashm\u00eb kan\u00eb p\u00ebrfunduar m\u00ebsimet\u201d &#8211; u shpreh z. Rexhep Mazreku, drejtor i shkoll\u00ebs fillore \u201cIbrahim Mazreku\u201d n\u00eb Malishev\u00eb.<\/span><\/span><\/span><\/div>\n<div style=\"text-align: justify;\"><span style=\"color: #000000;\"><span style=\"font-family: tahoma,geneva,sans-serif;\"><span style=\"font-size: 12px;\">Tashm\u00eb q\u00eb prej 5 vjet\u00ebsh Kisha Orthodhokse Autoqefale e Shqip\u00ebris\u00eb organizon kampe t\u00eb tilla n\u00eb shkolla t\u00eb ndryshme t\u00eb k\u00ebsaj komune. K\u00ebto kampe jan\u00eb kryer n\u00eb bashk\u00ebpunim me m\u00ebsuesit e shkollave p\u00ebrkat\u00ebse. F\u00ebmij\u00ebt, prind\u00ebrit dhe m\u00ebsuesit kan\u00eb treguar interes p\u00ebr vazhdim\u00ebsin\u00eb e tyre p\u00ebrgjat\u00eb k\u00ebtyre viteve. Kjo ishte nj\u00eb mund\u00ebsi arg\u00ebtimi p\u00ebr f\u00ebmij\u00ebt dhe forcimi i nj\u00eb miq\u00ebsie t\u00eb lindur gjat\u00eb koh\u00ebs s\u00eb luft\u00ebs. K\u00ebt\u00eb vit treguan interes t\u00eb ve\u00e7ant\u00eb edhe mediat kosovare si gazeta Lajm, Z\u00ebri, radio Dukagjini, Kosovaonline, t\u00eb cilat e kan\u00eb pasqyruar organizimin e k\u00ebtyre kampeve n\u00eb faqet dhe transmetimet e tyre.<\/span><\/span><\/span><br \/> &nbsp;<\/div>\n<div style=\"text-align: justify;\"><span style=\"color: #000000;\"><span style=\"font-family: tahoma,geneva,sans-serif;\"><span style=\"font-size: 12px;\">&nbsp;&nbsp;&nbsp;&nbsp; \u201cGjith\u00e7ka ka filluar gjat\u00eb koh\u00ebs s\u00eb luft\u00ebs kur Kisha Orthodhokse Autoqefale e Shqip\u00ebris\u00eb ka ndihmuar mbi 33.000 kosovar\u00eb duke u siguruar atyre nj\u00eb ndihm\u00eb prej rreth 12 milion dollar\u00eb. Ajo vazhdoi t\u00eb ofroj\u00eb ndihm\u00ebn e saj edhe kur shum\u00eb kosovar\u00eb u kthyen n\u00eb Kosov\u00eb duke i ndihmuar ata n\u00eb nevojat m\u00eb imediate. K\u00ebshtu lindi nj\u00eb miq\u00ebsi t\u00eb cil\u00ebn e vazhduam me k\u00ebto kampe\u201d\u2013shprehet Gabriela Bezhani, koordinatore e Zyr\u00ebs s\u00eb F\u00ebmij\u00ebve n\u00eb Kish\u00ebn Orthodhokse t\u00eb Shqip\u00ebris\u00eb. N\u00eb muajin gusht do t\u00eb organizohet nj\u00eb kamp tjet\u00ebr me f\u00ebmij\u00ebt e fshatit t\u00eb Caralluk\u00ebs n\u00eb komun\u00ebn e Malishev\u00ebs. N\u00eb k\u00ebt\u00eb kamp priten t\u00eb marrin pjes\u00eb rreth 530 f\u00ebmij\u00eb.<\/span><\/span><\/span><\/div>\n<div style=\"text-align: justify;\">&nbsp;<\/div>\n<div style=\"text-align: justify;\"><span style=\"color: #000000;\"><span style=\"font-family: tahoma,geneva,sans-serif;\"><span style=\"font-size: 12px;\">Gabriela Bezhani dhe Glen Lla\u00e7i<\/span><\/span><\/span><\/div>\n<div style=\"text-align: justify;\">&nbsp;<\/div>\n<div style=\"text-align: justify;\"><span style=\"color: #000000;\"><img decoding=\"async\" class=\"lazyload HAa Eha\" style=\"height: 200px; width: 300px; border-width: 1px; border-style: solid; margin: 10px;\" alt=\"\" src=\"data:image\/gif;base64,R0lGODlhAQABAAAAACH5BAEKAAEALAAAAAABAAEAAAICTAEAOw==\" data-orig-src=\"https:\/\/lh6.googleusercontent.com\/-XOkJrTRamMA\/VIbwjJo8aTI\/AAAAAAAAFg8\/X-gS6b8Bwhg\/w350-h233-no\/lojolimp.jpg\" \/><\/span><\/div>\n<div style=\"text-align: justify;\">&nbsp;<\/div>\n<div style=\"text-align: justify;\"><span style=\"color: #000000;\"><img decoding=\"async\" class=\"lazyload HAa Eha\" style=\"height: 200px; width: 300px; border-width: 1px; border-style: solid; margin: 10px;\" alt=\"\" src=\"data:image\/gif;base64,R0lGODlhAQABAAAAACH5BAEKAAEALAAAAAABAAEAAAICTAEAOw==\" data-orig-src=\"https:\/\/lh4.googleusercontent.com\/-CZH1qPdhihk\/VIbwju9EoUI\/AAAAAAAAFhc\/M8oY1uiHHok\/w350-h233-no\/punedor.jpg\" \/><\/span><\/div>\n<div style=\"text-align: justify;\">&nbsp;<\/div>\n<div style=\"text-align: justify;\"><span style=\"color: #000000;\"><img decoding=\"async\" class=\"lazyload HAa Eha\" style=\"height: 200px; width: 300px; border-width: 1px; border-style: solid; margin: 10px;\" alt=\"\" src=\"data:image\/gif;base64,R0lGODlhAQABAAAAACH5BAEKAAEALAAAAAABAAEAAAICTAEAOw==\" data-orig-src=\"https:\/\/lh4.googleusercontent.com\/-82yHQ8rFEp4\/VIbwj4oX0jI\/AAAAAAAAFhM\/mOpmgevl8IM\/w350-h233-no\/untitled1.jpg\" \/><\/span><\/div>\n<div style=\"text-align: justify;\">&nbsp;<\/div>\n<div style=\"text-align: justify;\"><span style=\"color: #000000;\"><img decoding=\"async\" class=\"lazyload HAa Eha\" style=\"height: 200px; width: 300px; border-width: 1px; border-style: solid; margin: 10px;\" alt=\"\" src=\"data:image\/gif;base64,R0lGODlhAQABAAAAACH5BAEKAAEALAAAAAABAAEAAAICTAEAOw==\" data-orig-src=\"https:\/\/lh5.googleusercontent.com\/-fG0Uwam_68c\/VIbwkLqBD0I\/AAAAAAAAFhQ\/kpnbjGppqNQ\/w350-h233-no\/untitled2.jpg\" \/><\/span><\/div>\n","protected":false},"excerpt":{"rendered":"<p>&nbsp;&nbsp;&nbsp;&nbsp; Bashk\u00ebpunimi i krijuar midis t\u00eb rinjve shqiptar\u00eb dhe atyre kosovar\u00eb t\u00eb cil\u00ebt erdh\u00ebn n\u00eb Shqip\u00ebri gjat\u00eb 1999-\u00ebs ka ndjekur nj\u00eb tradit\u00eb t\u00eb ve\u00e7ant\u00eb p\u00ebrgjat\u00eb k\u00ebtyre viteve. P\u00ebrmes kampeve me natyr\u00eb edukative dhe arg\u00ebtuese me f\u00ebmij\u00ebt e familjeve kosovare \u00ebsht\u00eb realizuar nj\u00eb bashk\u00ebpunim i ngusht\u00eb n\u00eb shk\u00ebmbimin e eksperiencave dhe thellimin e miq\u00ebsis\u00eb, e cila nisi gjat\u00eb koh\u00ebs s\u00eb luft\u00ebs dhe vijon t\u00eb rritet \u00e7do<\/p>\n","protected":false},"author":1,"featured_media":0,"comment_status":"open","ping_status":"open","sticky":false,"template":"","format":"standard","meta":{"_acf_changed":false,"pagelayer_contact_templates":[],"_pagelayer_content":"","inline_featured_image":false,"fifu_image_url":"","fifu_image_alt":"","footnotes":""},"categories":[108],"tags":[148,200,196,212,156],"class_list":["post-1515","post","type-post","status-publish","format-standard","hentry","category-lajme","tag-148","tag-kampe-verore","tag-tirane","tag-lajme-d27","tag-femijet"],"acf":[],"yoast_head":"<!-- This site is optimized with the Yoast SEO plugin v27.2 - https:\/\/yoast.com\/product\/yoast-seo-wordpress\/ -->\n<title>Veprimtari kulturore me f\u00ebmij\u00ebt kosovar\u00eb p\u00ebr thellimin e miq\u00ebsis\u00eb. (Korrik 2006) - Kisha Orthodh\u03bfkse Autoqefale e Shqip\u00ebris\u00eb<\/title>\n<meta name=\"robots\" content=\"index, follow, max-snippet:-1, max-image-preview:large, max-video-preview:-1\" \/>\n<link rel=\"canonical\" href=\"https:\/\/orthodoxalbania.org\/2020\/2006\/02\/26\/veprimtari-kulturore-me-femijet-kosovare-per-thellimin-e-miqesise-korrik-06\/\" \/>\n<meta property=\"og:locale\" content=\"en_US\" \/>\n<meta property=\"og:type\" content=\"article\" \/>\n<meta property=\"og:title\" content=\"Veprimtari kulturore me f\u00ebmij\u00ebt kosovar\u00eb p\u00ebr thellimin e miq\u00ebsis\u00eb. (Korrik 2006) - Kisha Orthodh\u03bfkse Autoqefale e Shqip\u00ebris\u00eb\" \/>\n<meta property=\"og:description\" content=\"&nbsp;&nbsp;&nbsp;&nbsp; Bashk\u00ebpunimi i krijuar midis t\u00eb rinjve shqiptar\u00eb dhe atyre kosovar\u00eb t\u00eb cil\u00ebt erdh\u00ebn n\u00eb Shqip\u00ebri gjat\u00eb 1999-\u00ebs ka ndjekur nj\u00eb tradit\u00eb t\u00eb ve\u00e7ant\u00eb p\u00ebrgjat\u00eb k\u00ebtyre viteve. P\u00ebrmes kampeve me natyr\u00eb edukative dhe arg\u00ebtuese me f\u00ebmij\u00ebt e familjeve kosovare \u00ebsht\u00eb realizuar nj\u00eb bashk\u00ebpunim i ngusht\u00eb n\u00eb shk\u00ebmbimin e eksperiencave dhe thellimin e miq\u00ebsis\u00eb, e cila nisi gjat\u00eb koh\u00ebs s\u00eb luft\u00ebs dhe vijon t\u00eb rritet \u00e7do\" \/>\n<meta property=\"og:url\" content=\"https:\/\/orthodoxalbania.org\/2020\/2006\/02\/26\/veprimtari-kulturore-me-femijet-kosovare-per-thellimin-e-miqesise-korrik-06\/\" \/>\n<meta property=\"og:site_name\" content=\"Kisha Orthodh\u03bfkse Autoqefale e Shqip\u00ebris\u00eb\" \/>\n<meta property=\"article:publisher\" content=\"https:\/\/www.facebook.com\/koash1991\" \/>\n<meta property=\"article:published_time\" content=\"2006-02-26T00:00:00+00:00\" \/>\n<meta property=\"article:modified_time\" content=\"2020-04-06T20:36:00+00:00\" \/>\n<meta property=\"og:image\" content=\"https:\/\/lh6.googleusercontent.com\/-iirMFCYOWF8\/VIbwjMidfpI\/AAAAAAAAFhI\/AWkV9SIjrYo\/w350-h263-no\/festafund.jpg\" \/>\n<meta name=\"author\" content=\"Kisha Orthodhokse\" \/>\n<meta name=\"twitter:card\" content=\"summary_large_image\" \/>\n<meta name=\"twitter:label1\" content=\"Written by\" \/>\n\t<meta name=\"twitter:data1\" content=\"Kisha Orthodhokse\" \/>\n\t<meta name=\"twitter:label2\" content=\"Est. reading time\" \/>\n\t<meta name=\"twitter:data2\" content=\"4 minutes\" \/>\n<script type=\"application\/ld+json\" class=\"yoast-schema-graph\">{\"@context\":\"https:\/\/schema.org\",\"@graph\":[{\"@type\":\"Article\",\"@id\":\"https:\/\/orthodoxalbania.org\/2020\/2006\/02\/26\/veprimtari-kulturore-me-femijet-kosovare-per-thellimin-e-miqesise-korrik-06\/#article\",\"isPartOf\":{\"@id\":\"https:\/\/orthodoxalbania.org\/2020\/2006\/02\/26\/veprimtari-kulturore-me-femijet-kosovare-per-thellimin-e-miqesise-korrik-06\/\"},\"author\":{\"name\":\"Kisha Orthodhokse\",\"@id\":\"https:\/\/orthodoxalbania.org\/2020\/#\/schema\/person\/0c387634a7063ac612d7ed9ce71c7e86\"},\"headline\":\"Veprimtari kulturore me f\u00ebmij\u00ebt kosovar\u00eb p\u00ebr thellimin e miq\u00ebsis\u00eb. (Korrik 2006)\",\"datePublished\":\"2006-02-26T00:00:00+00:00\",\"dateModified\":\"2020-04-06T20:36:00+00:00\",\"mainEntityOfPage\":{\"@id\":\"https:\/\/orthodoxalbania.org\/2020\/2006\/02\/26\/veprimtari-kulturore-me-femijet-kosovare-per-thellimin-e-miqesise-korrik-06\/\"},\"wordCount\":813,\"commentCount\":0,\"publisher\":{\"@id\":\"https:\/\/orthodoxalbania.org\/2020\/#organization\"},\"image\":{\"@id\":\"https:\/\/orthodoxalbania.org\/2020\/2006\/02\/26\/veprimtari-kulturore-me-femijet-kosovare-per-thellimin-e-miqesise-korrik-06\/#primaryimage\"},\"thumbnailUrl\":\"https:\/\/lh6.googleusercontent.com\/-iirMFCYOWF8\/VIbwjMidfpI\/AAAAAAAAFhI\/AWkV9SIjrYo\/w350-h263-no\/festafund.jpg\",\"keywords\":[\"2006\",\"Kampe verore\",\"Kryepiskopata Tiran\u00eb\",\"lajme\",\"Zyra e F\u00ebmij\u00ebve\"],\"articleSection\":[\"Lajme\"],\"inLanguage\":\"en-US\"},{\"@type\":\"WebPage\",\"@id\":\"https:\/\/orthodoxalbania.org\/2020\/2006\/02\/26\/veprimtari-kulturore-me-femijet-kosovare-per-thellimin-e-miqesise-korrik-06\/\",\"url\":\"https:\/\/orthodoxalbania.org\/2020\/2006\/02\/26\/veprimtari-kulturore-me-femijet-kosovare-per-thellimin-e-miqesise-korrik-06\/\",\"name\":\"Veprimtari kulturore me f\u00ebmij\u00ebt kosovar\u00eb p\u00ebr thellimin e miq\u00ebsis\u00eb. (Korrik 2006) - Kisha Orthodh\u03bfkse Autoqefale e Shqip\u00ebris\u00eb\",\"isPartOf\":{\"@id\":\"https:\/\/orthodoxalbania.org\/2020\/#website\"},\"primaryImageOfPage\":{\"@id\":\"https:\/\/orthodoxalbania.org\/2020\/2006\/02\/26\/veprimtari-kulturore-me-femijet-kosovare-per-thellimin-e-miqesise-korrik-06\/#primaryimage\"},\"image\":{\"@id\":\"https:\/\/orthodoxalbania.org\/2020\/2006\/02\/26\/veprimtari-kulturore-me-femijet-kosovare-per-thellimin-e-miqesise-korrik-06\/#primaryimage\"},\"thumbnailUrl\":\"https:\/\/lh6.googleusercontent.com\/-iirMFCYOWF8\/VIbwjMidfpI\/AAAAAAAAFhI\/AWkV9SIjrYo\/w350-h263-no\/festafund.jpg\",\"datePublished\":\"2006-02-26T00:00:00+00:00\",\"dateModified\":\"2020-04-06T20:36:00+00:00\",\"breadcrumb\":{\"@id\":\"https:\/\/orthodoxalbania.org\/2020\/2006\/02\/26\/veprimtari-kulturore-me-femijet-kosovare-per-thellimin-e-miqesise-korrik-06\/#breadcrumb\"},\"inLanguage\":\"en-US\",\"potentialAction\":[{\"@type\":\"ReadAction\",\"target\":[\"https:\/\/orthodoxalbania.org\/2020\/2006\/02\/26\/veprimtari-kulturore-me-femijet-kosovare-per-thellimin-e-miqesise-korrik-06\/\"]}]},{\"@type\":\"ImageObject\",\"inLanguage\":\"en-US\",\"@id\":\"https:\/\/orthodoxalbania.org\/2020\/2006\/02\/26\/veprimtari-kulturore-me-femijet-kosovare-per-thellimin-e-miqesise-korrik-06\/#primaryimage\",\"url\":\"https:\/\/lh6.googleusercontent.com\/-iirMFCYOWF8\/VIbwjMidfpI\/AAAAAAAAFhI\/AWkV9SIjrYo\/w350-h263-no\/festafund.jpg\",\"contentUrl\":\"https:\/\/lh6.googleusercontent.com\/-iirMFCYOWF8\/VIbwjMidfpI\/AAAAAAAAFhI\/AWkV9SIjrYo\/w350-h263-no\/festafund.jpg\"},{\"@type\":\"BreadcrumbList\",\"@id\":\"https:\/\/orthodoxalbania.org\/2020\/2006\/02\/26\/veprimtari-kulturore-me-femijet-kosovare-per-thellimin-e-miqesise-korrik-06\/#breadcrumb\",\"itemListElement\":[{\"@type\":\"ListItem\",\"position\":1,\"name\":\"Home\",\"item\":\"https:\/\/orthodoxalbania.org\/2020\/\"},{\"@type\":\"ListItem\",\"position\":2,\"name\":\"Veprimtari kulturore me f\u00ebmij\u00ebt kosovar\u00eb p\u00ebr thellimin e miq\u00ebsis\u00eb. (Korrik 2006)\"}]},{\"@type\":\"WebSite\",\"@id\":\"https:\/\/orthodoxalbania.org\/2020\/#website\",\"url\":\"https:\/\/orthodoxalbania.org\/2020\/\",\"name\":\"Kisha Orthodh\u03bfkse Autoqefale e Shqip\u00ebris\u00eb\",\"description\":\"Fqja Zyrtare e Kish\u00ebs Orthodhokse Autoqefale e Shqip\u00ebris\u00eb me lajmet edhe informacionet zyrtare p\u00ebr struktur\u00ebn edhe veprimtarin e saj.\",\"publisher\":{\"@id\":\"https:\/\/orthodoxalbania.org\/2020\/#organization\"},\"potentialAction\":[{\"@type\":\"SearchAction\",\"target\":{\"@type\":\"EntryPoint\",\"urlTemplate\":\"https:\/\/orthodoxalbania.org\/2020\/?s={search_term_string}\"},\"query-input\":{\"@type\":\"PropertyValueSpecification\",\"valueRequired\":true,\"valueName\":\"search_term_string\"}}],\"inLanguage\":\"en-US\"},{\"@type\":\"Organization\",\"@id\":\"https:\/\/orthodoxalbania.org\/2020\/#organization\",\"name\":\"Kisha Orthodhokse Autoqefale e Shqip\u00ebris\u00eb\",\"url\":\"https:\/\/orthodoxalbania.org\/2020\/\",\"logo\":{\"@type\":\"ImageObject\",\"inLanguage\":\"en-US\",\"@id\":\"https:\/\/orthodoxalbania.org\/2020\/#\/schema\/logo\/image\/\",\"url\":\"https:\/\/orthodoxalbania.org\/2020\/wp-content\/uploads\/2020\/05\/albania.jpeg\",\"contentUrl\":\"https:\/\/orthodoxalbania.org\/2020\/wp-content\/uploads\/2020\/05\/albania.jpeg\",\"width\":540,\"height\":540,\"caption\":\"Kisha Orthodhokse Autoqefale e Shqip\u00ebris\u00eb\"},\"image\":{\"@id\":\"https:\/\/orthodoxalbania.org\/2020\/#\/schema\/logo\/image\/\"},\"sameAs\":[\"https:\/\/www.facebook.com\/koash1991\"]},{\"@type\":\"Person\",\"@id\":\"https:\/\/orthodoxalbania.org\/2020\/#\/schema\/person\/0c387634a7063ac612d7ed9ce71c7e86\",\"name\":\"Kisha Orthodhokse\",\"image\":{\"@type\":\"ImageObject\",\"inLanguage\":\"en-US\",\"@id\":\"https:\/\/secure.gravatar.com\/avatar\/596e7c417251e30f2fbb9c00e026fce61a695a00e51c889caded71c96cbbdde5?s=96&d=mm&r=g\",\"url\":\"https:\/\/secure.gravatar.com\/avatar\/596e7c417251e30f2fbb9c00e026fce61a695a00e51c889caded71c96cbbdde5?s=96&d=mm&r=g\",\"contentUrl\":\"https:\/\/secure.gravatar.com\/avatar\/596e7c417251e30f2fbb9c00e026fce61a695a00e51c889caded71c96cbbdde5?s=96&d=mm&r=g\",\"caption\":\"Kisha Orthodhokse\"}}]}<\/script>\n<!-- \/ Yoast SEO plugin. -->","yoast_head_json":{"title":"Veprimtari kulturore me f\u00ebmij\u00ebt kosovar\u00eb p\u00ebr thellimin e miq\u00ebsis\u00eb. (Korrik 2006) - Kisha Orthodh\u03bfkse Autoqefale e Shqip\u00ebris\u00eb","robots":{"index":"index","follow":"follow","max-snippet":"max-snippet:-1","max-image-preview":"max-image-preview:large","max-video-preview":"max-video-preview:-1"},"canonical":"https:\/\/orthodoxalbania.org\/2020\/2006\/02\/26\/veprimtari-kulturore-me-femijet-kosovare-per-thellimin-e-miqesise-korrik-06\/","og_locale":"en_US","og_type":"article","og_title":"Veprimtari kulturore me f\u00ebmij\u00ebt kosovar\u00eb p\u00ebr thellimin e miq\u00ebsis\u00eb. (Korrik 2006) - Kisha Orthodh\u03bfkse Autoqefale e Shqip\u00ebris\u00eb","og_description":"&nbsp;&nbsp;&nbsp;&nbsp; Bashk\u00ebpunimi i krijuar midis t\u00eb rinjve shqiptar\u00eb dhe atyre kosovar\u00eb t\u00eb cil\u00ebt erdh\u00ebn n\u00eb Shqip\u00ebri gjat\u00eb 1999-\u00ebs ka ndjekur nj\u00eb tradit\u00eb t\u00eb ve\u00e7ant\u00eb p\u00ebrgjat\u00eb k\u00ebtyre viteve. P\u00ebrmes kampeve me natyr\u00eb edukative dhe arg\u00ebtuese me f\u00ebmij\u00ebt e familjeve kosovare \u00ebsht\u00eb realizuar nj\u00eb bashk\u00ebpunim i ngusht\u00eb n\u00eb shk\u00ebmbimin e eksperiencave dhe thellimin e miq\u00ebsis\u00eb, e cila nisi gjat\u00eb koh\u00ebs s\u00eb luft\u00ebs dhe vijon t\u00eb rritet \u00e7do","og_url":"https:\/\/orthodoxalbania.org\/2020\/2006\/02\/26\/veprimtari-kulturore-me-femijet-kosovare-per-thellimin-e-miqesise-korrik-06\/","og_site_name":"Kisha Orthodh\u03bfkse Autoqefale e Shqip\u00ebris\u00eb","article_publisher":"https:\/\/www.facebook.com\/koash1991","article_published_time":"2006-02-26T00:00:00+00:00","article_modified_time":"2020-04-06T20:36:00+00:00","og_image":[{"url":"https:\/\/lh6.googleusercontent.com\/-iirMFCYOWF8\/VIbwjMidfpI\/AAAAAAAAFhI\/AWkV9SIjrYo\/w350-h263-no\/festafund.jpg","type":"","width":"","height":""}],"author":"Kisha Orthodhokse","twitter_card":"summary_large_image","twitter_misc":{"Written by":"Kisha Orthodhokse","Est. reading time":"4 minutes"},"schema":{"@context":"https:\/\/schema.org","@graph":[{"@type":"Article","@id":"https:\/\/orthodoxalbania.org\/2020\/2006\/02\/26\/veprimtari-kulturore-me-femijet-kosovare-per-thellimin-e-miqesise-korrik-06\/#article","isPartOf":{"@id":"https:\/\/orthodoxalbania.org\/2020\/2006\/02\/26\/veprimtari-kulturore-me-femijet-kosovare-per-thellimin-e-miqesise-korrik-06\/"},"author":{"name":"Kisha Orthodhokse","@id":"https:\/\/orthodoxalbania.org\/2020\/#\/schema\/person\/0c387634a7063ac612d7ed9ce71c7e86"},"headline":"Veprimtari kulturore me f\u00ebmij\u00ebt kosovar\u00eb p\u00ebr thellimin e miq\u00ebsis\u00eb. (Korrik 2006)","datePublished":"2006-02-26T00:00:00+00:00","dateModified":"2020-04-06T20:36:00+00:00","mainEntityOfPage":{"@id":"https:\/\/orthodoxalbania.org\/2020\/2006\/02\/26\/veprimtari-kulturore-me-femijet-kosovare-per-thellimin-e-miqesise-korrik-06\/"},"wordCount":813,"commentCount":0,"publisher":{"@id":"https:\/\/orthodoxalbania.org\/2020\/#organization"},"image":{"@id":"https:\/\/orthodoxalbania.org\/2020\/2006\/02\/26\/veprimtari-kulturore-me-femijet-kosovare-per-thellimin-e-miqesise-korrik-06\/#primaryimage"},"thumbnailUrl":"https:\/\/lh6.googleusercontent.com\/-iirMFCYOWF8\/VIbwjMidfpI\/AAAAAAAAFhI\/AWkV9SIjrYo\/w350-h263-no\/festafund.jpg","keywords":["2006","Kampe verore","Kryepiskopata Tiran\u00eb","lajme","Zyra e F\u00ebmij\u00ebve"],"articleSection":["Lajme"],"inLanguage":"en-US"},{"@type":"WebPage","@id":"https:\/\/orthodoxalbania.org\/2020\/2006\/02\/26\/veprimtari-kulturore-me-femijet-kosovare-per-thellimin-e-miqesise-korrik-06\/","url":"https:\/\/orthodoxalbania.org\/2020\/2006\/02\/26\/veprimtari-kulturore-me-femijet-kosovare-per-thellimin-e-miqesise-korrik-06\/","name":"Veprimtari kulturore me f\u00ebmij\u00ebt kosovar\u00eb p\u00ebr thellimin e miq\u00ebsis\u00eb. (Korrik 2006) - Kisha Orthodh\u03bfkse Autoqefale e Shqip\u00ebris\u00eb","isPartOf":{"@id":"https:\/\/orthodoxalbania.org\/2020\/#website"},"primaryImageOfPage":{"@id":"https:\/\/orthodoxalbania.org\/2020\/2006\/02\/26\/veprimtari-kulturore-me-femijet-kosovare-per-thellimin-e-miqesise-korrik-06\/#primaryimage"},"image":{"@id":"https:\/\/orthodoxalbania.org\/2020\/2006\/02\/26\/veprimtari-kulturore-me-femijet-kosovare-per-thellimin-e-miqesise-korrik-06\/#primaryimage"},"thumbnailUrl":"https:\/\/lh6.googleusercontent.com\/-iirMFCYOWF8\/VIbwjMidfpI\/AAAAAAAAFhI\/AWkV9SIjrYo\/w350-h263-no\/festafund.jpg","datePublished":"2006-02-26T00:00:00+00:00","dateModified":"2020-04-06T20:36:00+00:00","breadcrumb":{"@id":"https:\/\/orthodoxalbania.org\/2020\/2006\/02\/26\/veprimtari-kulturore-me-femijet-kosovare-per-thellimin-e-miqesise-korrik-06\/#breadcrumb"},"inLanguage":"en-US","potentialAction":[{"@type":"ReadAction","target":["https:\/\/orthodoxalbania.org\/2020\/2006\/02\/26\/veprimtari-kulturore-me-femijet-kosovare-per-thellimin-e-miqesise-korrik-06\/"]}]},{"@type":"ImageObject","inLanguage":"en-US","@id":"https:\/\/orthodoxalbania.org\/2020\/2006\/02\/26\/veprimtari-kulturore-me-femijet-kosovare-per-thellimin-e-miqesise-korrik-06\/#primaryimage","url":"https:\/\/lh6.googleusercontent.com\/-iirMFCYOWF8\/VIbwjMidfpI\/AAAAAAAAFhI\/AWkV9SIjrYo\/w350-h263-no\/festafund.jpg","contentUrl":"https:\/\/lh6.googleusercontent.com\/-iirMFCYOWF8\/VIbwjMidfpI\/AAAAAAAAFhI\/AWkV9SIjrYo\/w350-h263-no\/festafund.jpg"},{"@type":"BreadcrumbList","@id":"https:\/\/orthodoxalbania.org\/2020\/2006\/02\/26\/veprimtari-kulturore-me-femijet-kosovare-per-thellimin-e-miqesise-korrik-06\/#breadcrumb","itemListElement":[{"@type":"ListItem","position":1,"name":"Home","item":"https:\/\/orthodoxalbania.org\/2020\/"},{"@type":"ListItem","position":2,"name":"Veprimtari kulturore me f\u00ebmij\u00ebt kosovar\u00eb p\u00ebr thellimin e miq\u00ebsis\u00eb. (Korrik 2006)"}]},{"@type":"WebSite","@id":"https:\/\/orthodoxalbania.org\/2020\/#website","url":"https:\/\/orthodoxalbania.org\/2020\/","name":"Kisha Orthodh\u03bfkse Autoqefale e Shqip\u00ebris\u00eb","description":"Fqja Zyrtare e Kish\u00ebs Orthodhokse Autoqefale e Shqip\u00ebris\u00eb me lajmet edhe informacionet zyrtare p\u00ebr struktur\u00ebn edhe veprimtarin e saj.","publisher":{"@id":"https:\/\/orthodoxalbania.org\/2020\/#organization"},"potentialAction":[{"@type":"SearchAction","target":{"@type":"EntryPoint","urlTemplate":"https:\/\/orthodoxalbania.org\/2020\/?s={search_term_string}"},"query-input":{"@type":"PropertyValueSpecification","valueRequired":true,"valueName":"search_term_string"}}],"inLanguage":"en-US"},{"@type":"Organization","@id":"https:\/\/orthodoxalbania.org\/2020\/#organization","name":"Kisha Orthodhokse Autoqefale e Shqip\u00ebris\u00eb","url":"https:\/\/orthodoxalbania.org\/2020\/","logo":{"@type":"ImageObject","inLanguage":"en-US","@id":"https:\/\/orthodoxalbania.org\/2020\/#\/schema\/logo\/image\/","url":"https:\/\/orthodoxalbania.org\/2020\/wp-content\/uploads\/2020\/05\/albania.jpeg","contentUrl":"https:\/\/orthodoxalbania.org\/2020\/wp-content\/uploads\/2020\/05\/albania.jpeg","width":540,"height":540,"caption":"Kisha Orthodhokse Autoqefale e Shqip\u00ebris\u00eb"},"image":{"@id":"https:\/\/orthodoxalbania.org\/2020\/#\/schema\/logo\/image\/"},"sameAs":["https:\/\/www.facebook.com\/koash1991"]},{"@type":"Person","@id":"https:\/\/orthodoxalbania.org\/2020\/#\/schema\/person\/0c387634a7063ac612d7ed9ce71c7e86","name":"Kisha Orthodhokse","image":{"@type":"ImageObject","inLanguage":"en-US","@id":"https:\/\/secure.gravatar.com\/avatar\/596e7c417251e30f2fbb9c00e026fce61a695a00e51c889caded71c96cbbdde5?s=96&d=mm&r=g","url":"https:\/\/secure.gravatar.com\/avatar\/596e7c417251e30f2fbb9c00e026fce61a695a00e51c889caded71c96cbbdde5?s=96&d=mm&r=g","contentUrl":"https:\/\/secure.gravatar.com\/avatar\/596e7c417251e30f2fbb9c00e026fce61a695a00e51c889caded71c96cbbdde5?s=96&d=mm&r=g","caption":"Kisha Orthodhokse"}}]}},"_links":{"self":[{"href":"https:\/\/orthodoxalbania.org\/2020\/wp-json\/wp\/v2\/posts\/1515","targetHints":{"allow":["GET"]}}],"collection":[{"href":"https:\/\/orthodoxalbania.org\/2020\/wp-json\/wp\/v2\/posts"}],"about":[{"href":"https:\/\/orthodoxalbania.org\/2020\/wp-json\/wp\/v2\/types\/post"}],"author":[{"embeddable":true,"href":"https:\/\/orthodoxalbania.org\/2020\/wp-json\/wp\/v2\/users\/1"}],"replies":[{"embeddable":true,"href":"https:\/\/orthodoxalbania.org\/2020\/wp-json\/wp\/v2\/comments?post=1515"}],"version-history":[{"count":1,"href":"https:\/\/orthodoxalbania.org\/2020\/wp-json\/wp\/v2\/posts\/1515\/revisions"}],"predecessor-version":[{"id":15819,"href":"https:\/\/orthodoxalbania.org\/2020\/wp-json\/wp\/v2\/posts\/1515\/revisions\/15819"}],"wp:attachment":[{"href":"https:\/\/orthodoxalbania.org\/2020\/wp-json\/wp\/v2\/media?parent=1515"}],"wp:term":[{"taxonomy":"category","embeddable":true,"href":"https:\/\/orthodoxalbania.org\/2020\/wp-json\/wp\/v2\/categories?post=1515"},{"taxonomy":"post_tag","embeddable":true,"href":"https:\/\/orthodoxalbania.org\/2020\/wp-json\/wp\/v2\/tags?post=1515"}],"curies":[{"name":"wp","href":"https:\/\/api.w.org\/{rel}","templated":true}]}}