{"id":1513,"date":"2007-02-26T00:00:00","date_gmt":"2007-02-26T00:00:00","guid":{"rendered":""},"modified":"2020-04-06T22:35:35","modified_gmt":"2020-04-06T20:35:35","slug":"veprimtari-festive-me-rastin-e-28-29-nentorit-2007","status":"publish","type":"post","link":"https:\/\/orthodoxalbania.org\/2020\/2007\/02\/26\/veprimtari-festive-me-rastin-e-28-29-nentorit-2007\/","title":{"rendered":"Veprimtari festive me rastin e 28 \u2013 29 N\u00ebntorit. (2007)"},"content":{"rendered":"<p style=\"text-align: justify;\"><span style=\"color: #000000;\"><span style=\"font-family: tahoma,geneva,sans-serif;\"><span style=\"font-size: 12px;\"><strong>&nbsp;&nbsp;&nbsp; N\u00eb institucionet arsimore t\u00eb Kish\u00ebs son\u00eb u organizuan veprimtari kulturore dhe bamir\u00ebsie me rastin e Festave Komb\u00ebtare t\u00eb 28 \u2013 29 N\u00ebntorit. Si \u00e7do vit, ato u kremtuan me solemnitet nga brezat e rinj, t\u00eb cil\u00ebt nderojn\u00eb vepr\u00ebn dhe sakrificat e paraardh\u00ebsve.<br \/> &nbsp;<\/strong><\/span><\/span><\/span><\/p>\n<table id=\"AutoNumber2\" style=\"width: 839px; height: 1524px; margin-right: auto; margin-left: auto;\">\n<tbody>\n<tr>\n<td>\n<p><span style=\"color: #000000;\"><span style=\"font-family: tahoma,geneva,sans-serif;\"><span style=\"font-size: 12px;\"><img decoding=\"async\" class=\"lazyload HAa Eha\" style=\"border-width: 1px; border-style: solid; margin: 10px auto; display: block;\" alt=\"\" src=\"data:image\/gif;base64,R0lGODlhAQABAAAAACH5BAEKAAEALAAAAAABAAEAAAICTAEAOw==\" data-orig-src=\"https:\/\/lh4.googleusercontent.com\/-hBlvq8WUBeI\/VIrUUMNV49I\/AAAAAAAAHDU\/v6xIW6uytVg\/w400-h214-no\/pic1.jpg\" \/><\/span><\/span><\/span><\/p>\n<\/td>\n<td>\n<p style=\"text-align: justify;\"><span style=\"color: #000000;\"><span style=\"font-family: tahoma,geneva,sans-serif;\"><span style=\"font-size: 12px;\">&nbsp;&nbsp;&nbsp; Data 22 n\u00ebntor ishte e ve\u00e7ant\u00eb n\u00eb shkoll\u00ebn shqiptaro-amerikane &#8220;Protagonist\u00ebt&#8221;, n\u00eb Tiran\u00eb. N\u00eb klasat fillore m\u00ebsuesit fol\u00ebn p\u00ebr historikun e flamurit, nd\u00ebrsa nx\u00ebn\u00ebsit recituan vjersha e poezi atdhetare. M\u00eb pas, t\u00eb gjith\u00eb u mblodh\u00ebn n\u00eb oborrin e shkoll\u00ebs, me flamuj t\u00eb p\u00ebrgatitur nga vet\u00eb nx\u00ebn\u00ebsit n\u00eb or\u00ebn e artit dhe k\u00ebnduan s\u00eb bashku himnin dhe k\u00ebng\u00ebn e flamurit.<\/span><\/span><\/span><\/p>\n<\/td>\n<\/tr>\n<tr>\n<td>\n<p style=\"text-align: justify;\"><span style=\"color: #000000;\"><span style=\"font-family: tahoma,geneva,sans-serif;\"><span style=\"font-size: 12px;\">&nbsp;&nbsp;&nbsp; Nx\u00ebn\u00ebsit e klasave t\u00eb larta kishin p\u00ebrgatitur dramatizimin &#8220;N\u00ebntori i dyt\u00eb&#8221;, me personazhe kryesore Ismail Qemalin, Isa Boletinin, Marigo Pozio etj., por edhe historikun e Dit\u00ebs s\u00eb Fal\u00ebnderimeve, nj\u00eb nga festat komb\u00ebtare t\u00eb SHBA.<\/span><\/span><\/span><\/p>\n<\/td>\n<td>\n<p><span style=\"color: #000000;\"><span style=\"font-family: tahoma,geneva,sans-serif;\"><span style=\"font-size: 12px;\"><img decoding=\"async\" class=\"lazyload HAa Eha\" style=\"border-width: 1px; border-style: solid; margin: 10px auto; display: block;\" alt=\"\" src=\"data:image\/gif;base64,R0lGODlhAQABAAAAACH5BAEKAAEALAAAAAABAAEAAAICTAEAOw==\" data-orig-src=\"https:\/\/lh4.googleusercontent.com\/-yk6wDkYjIFg\/VIrUUX21fnI\/AAAAAAAAHDg\/mX4SwMxcqfU\/w400-h279-no\/pic2.jpg\" \/><\/span><\/span><\/span><\/p>\n<\/td>\n<\/tr>\n<tr>\n<td>\n<p><span style=\"color: #000000;\"><span style=\"font-family: tahoma,geneva,sans-serif;\"><span style=\"font-size: 12px;\"><img decoding=\"async\" class=\"lazyload HAa Eha\" style=\"border-width: 1px; border-style: solid; margin: 10px auto; display: block;\" alt=\"\" src=\"data:image\/gif;base64,R0lGODlhAQABAAAAACH5BAEKAAEALAAAAAABAAEAAAICTAEAOw==\" data-orig-src=\"https:\/\/lh5.googleusercontent.com\/-as5Z74slFOM\/VIrUUR2t3BI\/AAAAAAAAHDQ\/5tOzvsn5rhU\/w400-h353-no\/pic3.jpg\" \/><\/span><\/span><\/span><\/p>\n<\/td>\n<td>\n<p style=\"text-align: justify;\"><span style=\"color: #000000;\"><span style=\"font-family: tahoma,geneva,sans-serif;\"><span style=\"font-size: 12px;\">&nbsp;&nbsp;&nbsp; Nj\u00eb aktivitet shum\u00eb i r\u00ebnd\u00ebsish\u00ebm ishte edhe vepra bamir\u00ebse ndaj moshatar\u00ebve me probleme ekonomike e sociale. Deri n\u00eb dat\u00ebn 22 n\u00ebntor, nx\u00ebn\u00ebsit e k\u00ebsaj shkolle kishin mbledhur dhurata n\u00eb veshje e ushqime p\u00ebr f\u00ebmij\u00ebt n\u00eb nevoj\u00eb. K\u00ebto dhurata drejtuesit e shkoll\u00ebs bashk\u00eb me m\u00ebsuesit i \u00e7uan n\u00eb organizat\u00ebn &#8220;The children of the World&#8221;, p\u00ebr f\u00ebmij\u00ebt rom\u00eb.<\/span><\/span><\/span><\/p>\n<\/td>\n<\/tr>\n<tr>\n<td>\n<p style=\"text-align: justify;\"><span style=\"color: #000000;\"><span style=\"font-family: tahoma,geneva,sans-serif;\"><span style=\"font-size: 12px;\">&nbsp;&nbsp;&nbsp; N\u00eb kuad\u00ebr t\u00eb festave komb\u00ebtare t\u00eb n\u00ebntorit \u00ebsht\u00eb kthyer n\u00eb tradit\u00eb organizimi i aktiviteteve t\u00eb ve\u00e7anta edhe n\u00eb Akademin\u00eb Teologjike \u201cNgjallja e Krishtit\u201d. Student\u00ebt e k\u00ebsaj Akademie p\u00ebrcoll\u00ebn mesazhin e tyre p\u00ebr festat, duke vler\u00ebsuar p\u00ebrpjekjet e popullit p\u00ebr pavar\u00ebsin\u00eb dhe \u00e7lirimin e atdheut.<\/span><\/span><\/span><\/p>\n<\/td>\n<td>\n<p><span style=\"color: #000000;\"><span style=\"font-family: tahoma,geneva,sans-serif;\"><span style=\"font-size: 12px;\"><img decoding=\"async\" class=\"lazyload HAa Eha\" style=\"border-width: 1px; border-style: solid; margin: 10px auto; display: block;\" alt=\"\" src=\"data:image\/gif;base64,R0lGODlhAQABAAAAACH5BAEKAAEALAAAAAABAAEAAAICTAEAOw==\" data-orig-src=\"https:\/\/lh6.googleusercontent.com\/-0z8A458JcpQ\/VIrUUlIYS8I\/AAAAAAAAHDY\/-4hlKPOG7yQ\/w400-h314-no\/pic4.jpg\" \/><\/span><\/span><\/span><\/p>\n<\/td>\n<\/tr>\n<tr>\n<td colspan=\"2\">\n<p style=\"text-align: justify;\"> <span style=\"color: #000000;\"><span style=\"font-family: tahoma,geneva,sans-serif;\"><span style=\"font-size: 12px;\">&nbsp;&nbsp;&nbsp; Veprimtaria filloi me troparin \u201cP\u00ebrluftesh\u00ebs gjenerale\u201d dhe m\u00eb pas u mbajt referati me tem\u00eb \u201cDita e Pavar\u00ebsis\u00eb\u201d, nga pedagogu i l\u00ebnd\u00ebs s\u00eb historis\u00eb n\u00eb k\u00ebt\u00eb Akademi, at\u00eb Emanuel Lusha. Gjat\u00eb referatit, ai p\u00ebrmendi p\u00ebrpjekjet e shumta t\u00eb popullit ton\u00eb n\u00eb shekuj, duke theksuar rolin e figur\u00ebs s\u00eb heroit ton\u00eb komb\u00ebtar Gjergj Kastriotit dhe m\u00eb pas at\u00eb t\u00eb atdhetar\u00ebve t\u00eb shumt\u00eb q\u00eb kontribuuan n\u00eb shpalljen e Pavar\u00ebsis\u00eb dhe \u00c7lirimin e Shqip\u00ebris\u00eb nga okupator\u00ebt.<\/span><\/span><\/span><\/p>\n<p style=\"text-align: justify;\"><span style=\"color: #000000;\"><span style=\"font-family: tahoma,geneva,sans-serif;\"><span style=\"font-size: 12px;\">&nbsp;&nbsp;&nbsp; N\u00eb referatet e tjera u fol se si u krijua Himni komb\u00ebtar dhe p\u00ebr Flamurin kuq e zi, simbolet e kombit ton\u00eb. N\u00eb k\u00ebto kumtesa u kujtua lufta shekullore q\u00eb ka b\u00ebr\u00eb populli yn\u00eb p\u00ebr t\u00eb fituar lirin\u00eb.<\/span><\/span><\/span><\/p>\n<p style=\"text-align: justify;\"><span style=\"color: #000000;\"><span style=\"font-family: tahoma,geneva,sans-serif;\"><span style=\"font-size: 12px;\">&nbsp;&nbsp;&nbsp; Krahas k\u00ebtyre referateve atmosfera e fest\u00ebs u b\u00eb dhe m\u00eb e bukur me buqet\u00ebn e recitimeve dhe k\u00ebng\u00ebve q\u00eb soll\u00ebn f\u00ebmij\u00ebt e sht\u00ebpis\u00eb \u201cShpresa\u201d.<\/span><\/span><\/span><\/p>\n<p style=\"text-align: justify;\"><span style=\"color: #000000;\"><span style=\"font-family: tahoma,geneva,sans-serif;\"><span style=\"font-size: 12px;\">&nbsp;&nbsp;&nbsp; M\u00eb pas u mbajt nj\u00eb minut\u00eb heshtje n\u00eb nderim t\u00eb t\u00eb r\u00ebn\u00ebve, q\u00eb u pasua nga k\u00ebndimi i Himnit ton\u00eb komb\u00ebtar. Aktiviteti u mbyll me p\u00ebrsh\u00ebndetjen e rastit nga z\u00ebvend\u00ebsdrejtori i Akademis\u00eb, Hir\u00ebsi Nikolla, i cili theksoi r\u00ebnd\u00ebsin\u00eb e liris\u00eb: <strong>\u201c<em>Zoti e la njeriun e lir\u00eb, ndaj t\u00eb gjith\u00eb duhet ta respektojm\u00eb lirin\u00eb<\/em>\u201d.<\/strong><\/span><\/span><\/span><\/p>\n<\/td>\n<\/tr>\n<tr>\n<td>\n<p>&nbsp;<\/p>\n<p>&nbsp;<\/p>\n<p><span style=\"color: #000000;\"><span style=\"font-family: tahoma,geneva,sans-serif;\"><span style=\"font-size: 12px;\"><strong>P\u00ebrgatit\u00ebn:<\/strong><\/span><\/span><\/span><\/p>\n<p><span style=\"color: #000000;\"><span style=\"font-family: tahoma,geneva,sans-serif;\"><span style=\"font-size: 12px;\"><strong>Luljeta Pjetri, Nestilda Dangaj<\/strong><\/span><\/span><\/span><\/p>\n<\/td>\n<td>&nbsp;<\/td>\n<\/tr>\n<\/tbody>\n<\/table>\n","protected":false},"excerpt":{"rendered":"<p>&nbsp;&nbsp;&nbsp; N\u00eb institucionet arsimore t\u00eb Kish\u00ebs son\u00eb u organizuan veprimtari kulturore dhe bamir\u00ebsie me rastin e Festave Komb\u00ebtare t\u00eb 28 \u2013 29 N\u00ebntorit. Si \u00e7do vit, ato u kremtuan me solemnitet nga brezat e rinj, t\u00eb cil\u00ebt nderojn\u00eb vepr\u00ebn dhe sakrificat e paraardh\u00ebsve. &nbsp; &nbsp;&nbsp;&nbsp; Data 22 n\u00ebntor ishte e ve\u00e7ant\u00eb n\u00eb shkoll\u00ebn shqiptaro-amerikane &#8220;Protagonist\u00ebt&#8221;, n\u00eb Tiran\u00eb. N\u00eb klasat fillore m\u00ebsuesit fol\u00ebn p\u00ebr historikun e<\/p>\n","protected":false},"author":1,"featured_media":0,"comment_status":"open","ping_status":"open","sticky":false,"template":"","format":"standard","meta":{"_acf_changed":false,"pagelayer_contact_templates":[],"_pagelayer_content":"","inline_featured_image":false,"fifu_image_url":"","fifu_image_alt":"","footnotes":""},"categories":[108],"tags":[147,154,196,212],"class_list":["post-1513","post","type-post","status-publish","format-standard","hentry","category-lajme","tag-147","tag-aktivitete","tag-tirane","tag-lajme-d27"],"acf":[],"yoast_head":"<!-- This site is optimized with the Yoast SEO plugin v27.2 - https:\/\/yoast.com\/product\/yoast-seo-wordpress\/ -->\n<title>Veprimtari festive me rastin e 28 \u2013 29 N\u00ebntorit. (2007) - Kisha Orthodh\u03bfkse Autoqefale e Shqip\u00ebris\u00eb<\/title>\n<meta name=\"robots\" content=\"index, follow, max-snippet:-1, max-image-preview:large, max-video-preview:-1\" \/>\n<link rel=\"canonical\" href=\"https:\/\/orthodoxalbania.org\/2020\/2007\/02\/26\/veprimtari-festive-me-rastin-e-28-29-nentorit-2007\/\" \/>\n<meta property=\"og:locale\" content=\"en_US\" \/>\n<meta property=\"og:type\" content=\"article\" \/>\n<meta property=\"og:title\" content=\"Veprimtari festive me rastin e 28 \u2013 29 N\u00ebntorit. (2007) - Kisha Orthodh\u03bfkse Autoqefale e Shqip\u00ebris\u00eb\" \/>\n<meta property=\"og:description\" content=\"&nbsp;&nbsp;&nbsp; N\u00eb institucionet arsimore t\u00eb Kish\u00ebs son\u00eb u organizuan veprimtari kulturore dhe bamir\u00ebsie me rastin e Festave Komb\u00ebtare t\u00eb 28 \u2013 29 N\u00ebntorit. Si \u00e7do vit, ato u kremtuan me solemnitet nga brezat e rinj, t\u00eb cil\u00ebt nderojn\u00eb vepr\u00ebn dhe sakrificat e paraardh\u00ebsve. &nbsp; &nbsp;&nbsp;&nbsp; Data 22 n\u00ebntor ishte e ve\u00e7ant\u00eb n\u00eb shkoll\u00ebn shqiptaro-amerikane &#8220;Protagonist\u00ebt&#8221;, n\u00eb Tiran\u00eb. N\u00eb klasat fillore m\u00ebsuesit fol\u00ebn p\u00ebr historikun e\" \/>\n<meta property=\"og:url\" content=\"https:\/\/orthodoxalbania.org\/2020\/2007\/02\/26\/veprimtari-festive-me-rastin-e-28-29-nentorit-2007\/\" \/>\n<meta property=\"og:site_name\" content=\"Kisha Orthodh\u03bfkse Autoqefale e Shqip\u00ebris\u00eb\" \/>\n<meta property=\"article:publisher\" content=\"https:\/\/www.facebook.com\/koash1991\" \/>\n<meta property=\"article:published_time\" content=\"2007-02-26T00:00:00+00:00\" \/>\n<meta property=\"article:modified_time\" content=\"2020-04-06T20:35:35+00:00\" \/>\n<meta property=\"og:image\" content=\"https:\/\/lh4.googleusercontent.com\/-hBlvq8WUBeI\/VIrUUMNV49I\/AAAAAAAAHDU\/v6xIW6uytVg\/w400-h214-no\/pic1.jpg\" \/>\n<meta name=\"author\" content=\"Kisha Orthodhokse\" \/>\n<meta name=\"twitter:card\" content=\"summary_large_image\" \/>\n<meta name=\"twitter:label1\" content=\"Written by\" \/>\n\t<meta name=\"twitter:data1\" content=\"Kisha Orthodhokse\" \/>\n\t<meta name=\"twitter:label2\" content=\"Est. reading time\" \/>\n\t<meta name=\"twitter:data2\" content=\"3 minutes\" \/>\n<script type=\"application\/ld+json\" class=\"yoast-schema-graph\">{\"@context\":\"https:\/\/schema.org\",\"@graph\":[{\"@type\":\"Article\",\"@id\":\"https:\/\/orthodoxalbania.org\/2020\/2007\/02\/26\/veprimtari-festive-me-rastin-e-28-29-nentorit-2007\/#article\",\"isPartOf\":{\"@id\":\"https:\/\/orthodoxalbania.org\/2020\/2007\/02\/26\/veprimtari-festive-me-rastin-e-28-29-nentorit-2007\/\"},\"author\":{\"name\":\"Kisha Orthodhokse\",\"@id\":\"https:\/\/orthodoxalbania.org\/2020\/#\/schema\/person\/0c387634a7063ac612d7ed9ce71c7e86\"},\"headline\":\"Veprimtari festive me rastin e 28 \u2013 29 N\u00ebntorit. (2007)\",\"datePublished\":\"2007-02-26T00:00:00+00:00\",\"dateModified\":\"2020-04-06T20:35:35+00:00\",\"mainEntityOfPage\":{\"@id\":\"https:\/\/orthodoxalbania.org\/2020\/2007\/02\/26\/veprimtari-festive-me-rastin-e-28-29-nentorit-2007\/\"},\"wordCount\":566,\"commentCount\":0,\"publisher\":{\"@id\":\"https:\/\/orthodoxalbania.org\/2020\/#organization\"},\"image\":{\"@id\":\"https:\/\/orthodoxalbania.org\/2020\/2007\/02\/26\/veprimtari-festive-me-rastin-e-28-29-nentorit-2007\/#primaryimage\"},\"thumbnailUrl\":\"https:\/\/lh4.googleusercontent.com\/-hBlvq8WUBeI\/VIrUUMNV49I\/AAAAAAAAHDU\/v6xIW6uytVg\/w400-h214-no\/pic1.jpg\",\"keywords\":[\"2007\",\"Aktivitete\",\"Kryepiskopata Tiran\u00eb\",\"lajme\"],\"articleSection\":[\"Lajme\"],\"inLanguage\":\"en-US\"},{\"@type\":\"WebPage\",\"@id\":\"https:\/\/orthodoxalbania.org\/2020\/2007\/02\/26\/veprimtari-festive-me-rastin-e-28-29-nentorit-2007\/\",\"url\":\"https:\/\/orthodoxalbania.org\/2020\/2007\/02\/26\/veprimtari-festive-me-rastin-e-28-29-nentorit-2007\/\",\"name\":\"Veprimtari festive me rastin e 28 \u2013 29 N\u00ebntorit. (2007) - Kisha Orthodh\u03bfkse Autoqefale e Shqip\u00ebris\u00eb\",\"isPartOf\":{\"@id\":\"https:\/\/orthodoxalbania.org\/2020\/#website\"},\"primaryImageOfPage\":{\"@id\":\"https:\/\/orthodoxalbania.org\/2020\/2007\/02\/26\/veprimtari-festive-me-rastin-e-28-29-nentorit-2007\/#primaryimage\"},\"image\":{\"@id\":\"https:\/\/orthodoxalbania.org\/2020\/2007\/02\/26\/veprimtari-festive-me-rastin-e-28-29-nentorit-2007\/#primaryimage\"},\"thumbnailUrl\":\"https:\/\/lh4.googleusercontent.com\/-hBlvq8WUBeI\/VIrUUMNV49I\/AAAAAAAAHDU\/v6xIW6uytVg\/w400-h214-no\/pic1.jpg\",\"datePublished\":\"2007-02-26T00:00:00+00:00\",\"dateModified\":\"2020-04-06T20:35:35+00:00\",\"breadcrumb\":{\"@id\":\"https:\/\/orthodoxalbania.org\/2020\/2007\/02\/26\/veprimtari-festive-me-rastin-e-28-29-nentorit-2007\/#breadcrumb\"},\"inLanguage\":\"en-US\",\"potentialAction\":[{\"@type\":\"ReadAction\",\"target\":[\"https:\/\/orthodoxalbania.org\/2020\/2007\/02\/26\/veprimtari-festive-me-rastin-e-28-29-nentorit-2007\/\"]}]},{\"@type\":\"ImageObject\",\"inLanguage\":\"en-US\",\"@id\":\"https:\/\/orthodoxalbania.org\/2020\/2007\/02\/26\/veprimtari-festive-me-rastin-e-28-29-nentorit-2007\/#primaryimage\",\"url\":\"https:\/\/lh4.googleusercontent.com\/-hBlvq8WUBeI\/VIrUUMNV49I\/AAAAAAAAHDU\/v6xIW6uytVg\/w400-h214-no\/pic1.jpg\",\"contentUrl\":\"https:\/\/lh4.googleusercontent.com\/-hBlvq8WUBeI\/VIrUUMNV49I\/AAAAAAAAHDU\/v6xIW6uytVg\/w400-h214-no\/pic1.jpg\"},{\"@type\":\"BreadcrumbList\",\"@id\":\"https:\/\/orthodoxalbania.org\/2020\/2007\/02\/26\/veprimtari-festive-me-rastin-e-28-29-nentorit-2007\/#breadcrumb\",\"itemListElement\":[{\"@type\":\"ListItem\",\"position\":1,\"name\":\"Home\",\"item\":\"https:\/\/orthodoxalbania.org\/2020\/\"},{\"@type\":\"ListItem\",\"position\":2,\"name\":\"Veprimtari festive me rastin e 28 \u2013 29 N\u00ebntorit. (2007)\"}]},{\"@type\":\"WebSite\",\"@id\":\"https:\/\/orthodoxalbania.org\/2020\/#website\",\"url\":\"https:\/\/orthodoxalbania.org\/2020\/\",\"name\":\"Kisha Orthodh\u03bfkse Autoqefale e Shqip\u00ebris\u00eb\",\"description\":\"Fqja Zyrtare e Kish\u00ebs Orthodhokse Autoqefale e Shqip\u00ebris\u00eb me lajmet edhe informacionet zyrtare p\u00ebr struktur\u00ebn edhe veprimtarin e saj.\",\"publisher\":{\"@id\":\"https:\/\/orthodoxalbania.org\/2020\/#organization\"},\"potentialAction\":[{\"@type\":\"SearchAction\",\"target\":{\"@type\":\"EntryPoint\",\"urlTemplate\":\"https:\/\/orthodoxalbania.org\/2020\/?s={search_term_string}\"},\"query-input\":{\"@type\":\"PropertyValueSpecification\",\"valueRequired\":true,\"valueName\":\"search_term_string\"}}],\"inLanguage\":\"en-US\"},{\"@type\":\"Organization\",\"@id\":\"https:\/\/orthodoxalbania.org\/2020\/#organization\",\"name\":\"Kisha Orthodhokse Autoqefale e Shqip\u00ebris\u00eb\",\"url\":\"https:\/\/orthodoxalbania.org\/2020\/\",\"logo\":{\"@type\":\"ImageObject\",\"inLanguage\":\"en-US\",\"@id\":\"https:\/\/orthodoxalbania.org\/2020\/#\/schema\/logo\/image\/\",\"url\":\"https:\/\/orthodoxalbania.org\/2020\/wp-content\/uploads\/2020\/05\/albania.jpeg\",\"contentUrl\":\"https:\/\/orthodoxalbania.org\/2020\/wp-content\/uploads\/2020\/05\/albania.jpeg\",\"width\":540,\"height\":540,\"caption\":\"Kisha Orthodhokse Autoqefale e Shqip\u00ebris\u00eb\"},\"image\":{\"@id\":\"https:\/\/orthodoxalbania.org\/2020\/#\/schema\/logo\/image\/\"},\"sameAs\":[\"https:\/\/www.facebook.com\/koash1991\"]},{\"@type\":\"Person\",\"@id\":\"https:\/\/orthodoxalbania.org\/2020\/#\/schema\/person\/0c387634a7063ac612d7ed9ce71c7e86\",\"name\":\"Kisha Orthodhokse\",\"image\":{\"@type\":\"ImageObject\",\"inLanguage\":\"en-US\",\"@id\":\"https:\/\/secure.gravatar.com\/avatar\/596e7c417251e30f2fbb9c00e026fce61a695a00e51c889caded71c96cbbdde5?s=96&d=mm&r=g\",\"url\":\"https:\/\/secure.gravatar.com\/avatar\/596e7c417251e30f2fbb9c00e026fce61a695a00e51c889caded71c96cbbdde5?s=96&d=mm&r=g\",\"contentUrl\":\"https:\/\/secure.gravatar.com\/avatar\/596e7c417251e30f2fbb9c00e026fce61a695a00e51c889caded71c96cbbdde5?s=96&d=mm&r=g\",\"caption\":\"Kisha Orthodhokse\"}}]}<\/script>\n<!-- \/ Yoast SEO plugin. -->","yoast_head_json":{"title":"Veprimtari festive me rastin e 28 \u2013 29 N\u00ebntorit. (2007) - Kisha Orthodh\u03bfkse Autoqefale e Shqip\u00ebris\u00eb","robots":{"index":"index","follow":"follow","max-snippet":"max-snippet:-1","max-image-preview":"max-image-preview:large","max-video-preview":"max-video-preview:-1"},"canonical":"https:\/\/orthodoxalbania.org\/2020\/2007\/02\/26\/veprimtari-festive-me-rastin-e-28-29-nentorit-2007\/","og_locale":"en_US","og_type":"article","og_title":"Veprimtari festive me rastin e 28 \u2013 29 N\u00ebntorit. (2007) - Kisha Orthodh\u03bfkse Autoqefale e Shqip\u00ebris\u00eb","og_description":"&nbsp;&nbsp;&nbsp; N\u00eb institucionet arsimore t\u00eb Kish\u00ebs son\u00eb u organizuan veprimtari kulturore dhe bamir\u00ebsie me rastin e Festave Komb\u00ebtare t\u00eb 28 \u2013 29 N\u00ebntorit. Si \u00e7do vit, ato u kremtuan me solemnitet nga brezat e rinj, t\u00eb cil\u00ebt nderojn\u00eb vepr\u00ebn dhe sakrificat e paraardh\u00ebsve. &nbsp; &nbsp;&nbsp;&nbsp; Data 22 n\u00ebntor ishte e ve\u00e7ant\u00eb n\u00eb shkoll\u00ebn shqiptaro-amerikane &#8220;Protagonist\u00ebt&#8221;, n\u00eb Tiran\u00eb. N\u00eb klasat fillore m\u00ebsuesit fol\u00ebn p\u00ebr historikun e","og_url":"https:\/\/orthodoxalbania.org\/2020\/2007\/02\/26\/veprimtari-festive-me-rastin-e-28-29-nentorit-2007\/","og_site_name":"Kisha Orthodh\u03bfkse Autoqefale e Shqip\u00ebris\u00eb","article_publisher":"https:\/\/www.facebook.com\/koash1991","article_published_time":"2007-02-26T00:00:00+00:00","article_modified_time":"2020-04-06T20:35:35+00:00","og_image":[{"url":"https:\/\/lh4.googleusercontent.com\/-hBlvq8WUBeI\/VIrUUMNV49I\/AAAAAAAAHDU\/v6xIW6uytVg\/w400-h214-no\/pic1.jpg","type":"","width":"","height":""}],"author":"Kisha Orthodhokse","twitter_card":"summary_large_image","twitter_misc":{"Written by":"Kisha Orthodhokse","Est. reading time":"3 minutes"},"schema":{"@context":"https:\/\/schema.org","@graph":[{"@type":"Article","@id":"https:\/\/orthodoxalbania.org\/2020\/2007\/02\/26\/veprimtari-festive-me-rastin-e-28-29-nentorit-2007\/#article","isPartOf":{"@id":"https:\/\/orthodoxalbania.org\/2020\/2007\/02\/26\/veprimtari-festive-me-rastin-e-28-29-nentorit-2007\/"},"author":{"name":"Kisha Orthodhokse","@id":"https:\/\/orthodoxalbania.org\/2020\/#\/schema\/person\/0c387634a7063ac612d7ed9ce71c7e86"},"headline":"Veprimtari festive me rastin e 28 \u2013 29 N\u00ebntorit. (2007)","datePublished":"2007-02-26T00:00:00+00:00","dateModified":"2020-04-06T20:35:35+00:00","mainEntityOfPage":{"@id":"https:\/\/orthodoxalbania.org\/2020\/2007\/02\/26\/veprimtari-festive-me-rastin-e-28-29-nentorit-2007\/"},"wordCount":566,"commentCount":0,"publisher":{"@id":"https:\/\/orthodoxalbania.org\/2020\/#organization"},"image":{"@id":"https:\/\/orthodoxalbania.org\/2020\/2007\/02\/26\/veprimtari-festive-me-rastin-e-28-29-nentorit-2007\/#primaryimage"},"thumbnailUrl":"https:\/\/lh4.googleusercontent.com\/-hBlvq8WUBeI\/VIrUUMNV49I\/AAAAAAAAHDU\/v6xIW6uytVg\/w400-h214-no\/pic1.jpg","keywords":["2007","Aktivitete","Kryepiskopata Tiran\u00eb","lajme"],"articleSection":["Lajme"],"inLanguage":"en-US"},{"@type":"WebPage","@id":"https:\/\/orthodoxalbania.org\/2020\/2007\/02\/26\/veprimtari-festive-me-rastin-e-28-29-nentorit-2007\/","url":"https:\/\/orthodoxalbania.org\/2020\/2007\/02\/26\/veprimtari-festive-me-rastin-e-28-29-nentorit-2007\/","name":"Veprimtari festive me rastin e 28 \u2013 29 N\u00ebntorit. (2007) - Kisha Orthodh\u03bfkse Autoqefale e Shqip\u00ebris\u00eb","isPartOf":{"@id":"https:\/\/orthodoxalbania.org\/2020\/#website"},"primaryImageOfPage":{"@id":"https:\/\/orthodoxalbania.org\/2020\/2007\/02\/26\/veprimtari-festive-me-rastin-e-28-29-nentorit-2007\/#primaryimage"},"image":{"@id":"https:\/\/orthodoxalbania.org\/2020\/2007\/02\/26\/veprimtari-festive-me-rastin-e-28-29-nentorit-2007\/#primaryimage"},"thumbnailUrl":"https:\/\/lh4.googleusercontent.com\/-hBlvq8WUBeI\/VIrUUMNV49I\/AAAAAAAAHDU\/v6xIW6uytVg\/w400-h214-no\/pic1.jpg","datePublished":"2007-02-26T00:00:00+00:00","dateModified":"2020-04-06T20:35:35+00:00","breadcrumb":{"@id":"https:\/\/orthodoxalbania.org\/2020\/2007\/02\/26\/veprimtari-festive-me-rastin-e-28-29-nentorit-2007\/#breadcrumb"},"inLanguage":"en-US","potentialAction":[{"@type":"ReadAction","target":["https:\/\/orthodoxalbania.org\/2020\/2007\/02\/26\/veprimtari-festive-me-rastin-e-28-29-nentorit-2007\/"]}]},{"@type":"ImageObject","inLanguage":"en-US","@id":"https:\/\/orthodoxalbania.org\/2020\/2007\/02\/26\/veprimtari-festive-me-rastin-e-28-29-nentorit-2007\/#primaryimage","url":"https:\/\/lh4.googleusercontent.com\/-hBlvq8WUBeI\/VIrUUMNV49I\/AAAAAAAAHDU\/v6xIW6uytVg\/w400-h214-no\/pic1.jpg","contentUrl":"https:\/\/lh4.googleusercontent.com\/-hBlvq8WUBeI\/VIrUUMNV49I\/AAAAAAAAHDU\/v6xIW6uytVg\/w400-h214-no\/pic1.jpg"},{"@type":"BreadcrumbList","@id":"https:\/\/orthodoxalbania.org\/2020\/2007\/02\/26\/veprimtari-festive-me-rastin-e-28-29-nentorit-2007\/#breadcrumb","itemListElement":[{"@type":"ListItem","position":1,"name":"Home","item":"https:\/\/orthodoxalbania.org\/2020\/"},{"@type":"ListItem","position":2,"name":"Veprimtari festive me rastin e 28 \u2013 29 N\u00ebntorit. (2007)"}]},{"@type":"WebSite","@id":"https:\/\/orthodoxalbania.org\/2020\/#website","url":"https:\/\/orthodoxalbania.org\/2020\/","name":"Kisha Orthodh\u03bfkse Autoqefale e Shqip\u00ebris\u00eb","description":"Fqja Zyrtare e Kish\u00ebs Orthodhokse Autoqefale e Shqip\u00ebris\u00eb me lajmet edhe informacionet zyrtare p\u00ebr struktur\u00ebn edhe veprimtarin e saj.","publisher":{"@id":"https:\/\/orthodoxalbania.org\/2020\/#organization"},"potentialAction":[{"@type":"SearchAction","target":{"@type":"EntryPoint","urlTemplate":"https:\/\/orthodoxalbania.org\/2020\/?s={search_term_string}"},"query-input":{"@type":"PropertyValueSpecification","valueRequired":true,"valueName":"search_term_string"}}],"inLanguage":"en-US"},{"@type":"Organization","@id":"https:\/\/orthodoxalbania.org\/2020\/#organization","name":"Kisha Orthodhokse Autoqefale e Shqip\u00ebris\u00eb","url":"https:\/\/orthodoxalbania.org\/2020\/","logo":{"@type":"ImageObject","inLanguage":"en-US","@id":"https:\/\/orthodoxalbania.org\/2020\/#\/schema\/logo\/image\/","url":"https:\/\/orthodoxalbania.org\/2020\/wp-content\/uploads\/2020\/05\/albania.jpeg","contentUrl":"https:\/\/orthodoxalbania.org\/2020\/wp-content\/uploads\/2020\/05\/albania.jpeg","width":540,"height":540,"caption":"Kisha Orthodhokse Autoqefale e Shqip\u00ebris\u00eb"},"image":{"@id":"https:\/\/orthodoxalbania.org\/2020\/#\/schema\/logo\/image\/"},"sameAs":["https:\/\/www.facebook.com\/koash1991"]},{"@type":"Person","@id":"https:\/\/orthodoxalbania.org\/2020\/#\/schema\/person\/0c387634a7063ac612d7ed9ce71c7e86","name":"Kisha Orthodhokse","image":{"@type":"ImageObject","inLanguage":"en-US","@id":"https:\/\/secure.gravatar.com\/avatar\/596e7c417251e30f2fbb9c00e026fce61a695a00e51c889caded71c96cbbdde5?s=96&d=mm&r=g","url":"https:\/\/secure.gravatar.com\/avatar\/596e7c417251e30f2fbb9c00e026fce61a695a00e51c889caded71c96cbbdde5?s=96&d=mm&r=g","contentUrl":"https:\/\/secure.gravatar.com\/avatar\/596e7c417251e30f2fbb9c00e026fce61a695a00e51c889caded71c96cbbdde5?s=96&d=mm&r=g","caption":"Kisha Orthodhokse"}}]}},"_links":{"self":[{"href":"https:\/\/orthodoxalbania.org\/2020\/wp-json\/wp\/v2\/posts\/1513","targetHints":{"allow":["GET"]}}],"collection":[{"href":"https:\/\/orthodoxalbania.org\/2020\/wp-json\/wp\/v2\/posts"}],"about":[{"href":"https:\/\/orthodoxalbania.org\/2020\/wp-json\/wp\/v2\/types\/post"}],"author":[{"embeddable":true,"href":"https:\/\/orthodoxalbania.org\/2020\/wp-json\/wp\/v2\/users\/1"}],"replies":[{"embeddable":true,"href":"https:\/\/orthodoxalbania.org\/2020\/wp-json\/wp\/v2\/comments?post=1513"}],"version-history":[{"count":1,"href":"https:\/\/orthodoxalbania.org\/2020\/wp-json\/wp\/v2\/posts\/1513\/revisions"}],"predecessor-version":[{"id":15717,"href":"https:\/\/orthodoxalbania.org\/2020\/wp-json\/wp\/v2\/posts\/1513\/revisions\/15717"}],"wp:attachment":[{"href":"https:\/\/orthodoxalbania.org\/2020\/wp-json\/wp\/v2\/media?parent=1513"}],"wp:term":[{"taxonomy":"category","embeddable":true,"href":"https:\/\/orthodoxalbania.org\/2020\/wp-json\/wp\/v2\/categories?post=1513"},{"taxonomy":"post_tag","embeddable":true,"href":"https:\/\/orthodoxalbania.org\/2020\/wp-json\/wp\/v2\/tags?post=1513"}],"curies":[{"name":"wp","href":"https:\/\/api.w.org\/{rel}","templated":true}]}}