{"id":1512,"date":"2015-02-24T16:23:41","date_gmt":"2015-02-24T16:23:41","guid":{"rendered":""},"modified":"2020-04-06T22:02:18","modified_gmt":"2020-04-06T20:02:18","slug":"veprimtari-e-rendesishme-nderfetare-ne-tirane","status":"publish","type":"post","link":"https:\/\/orthodoxalbania.org\/2020\/2015\/02\/24\/veprimtari-e-rendesishme-nderfetare-ne-tirane\/","title":{"rendered":"Veprimtari e r\u00ebnd\u00ebsishme nd\u00ebrfetare n\u00eb Tiran\u00eb"},"content":{"rendered":"<p style=\"text-align: center;\"><span style=\"color: #800000; font-size: 12pt; font-family: helvetica;\"><\/span><\/p>\n<p> <\/p>\n<p style=\"text-align: center;\"><span style=\"color: #800000; font-size: 12pt; font-family: helvetica;\"><strong>Veprimtari e r\u00ebnd\u00ebsishme nd\u00ebrfetare n\u00eb Tiran\u00eb<\/strong><\/span><span style=\"font-size: 12pt; font-family: helvetica;\"> <br \/><\/span><\/p>\n<p style=\"text-align: center;\">&nbsp;<\/p>\n<p style=\"text-align: justify;\"><span style=\"color: #000000; font-size: 12pt; font-family: helvetica;\">&nbsp;&nbsp;&nbsp; N\u00eb p\u00ebrkujtim t\u00eb 20-vjetorit t\u00eb p\u00ebrfundimit t\u00eb luft\u00ebs s\u00eb fundit n\u00eb Ballkan, Komuniteti Sant\u2019Egidio, n\u00eb bashk\u00ebpunim me Konferenc\u00ebn Ipeshkvnore t\u00eb Shqip\u00ebris\u00eb, Kish\u00ebn Orthodhokse Autoqefale t\u00eb Shqip\u00ebris\u00eb dhe Qeverin\u00eb e Shqip\u00ebris\u00eb do t\u00eb promovojn\u00eb \u201cTakimin e 28-t\u00eb Nd\u00ebrkomb\u00ebtar p\u00ebr Paqen\u201d, i cili do t\u00eb mbahet n\u00eb Tiran\u00eb n\u00eb datat 6, 7 dhe 8 shtator 2015.<\/span><\/p>\n<p style=\"text-align: justify;\"><span style=\"color: #000000; font-size: 12pt; font-family: helvetica;\">&nbsp;&nbsp;&nbsp; N\u00eb k\u00ebto koh\u00ebra t\u00eb nd\u00ebrlikuara dhe t\u00eb v\u00ebshtira q\u00eb po jetojm\u00eb, p\u00ebrfaq\u00ebsues t\u00eb Kish\u00ebs s\u00eb Krishter\u00eb dhe udh\u00ebheq\u00ebs t\u00eb t\u00eb gjitha Besimeve Fetare Bot\u00ebrore do t\u00eb mblidhen n\u00eb Tiran\u00eb p\u00ebr t\u00eb dialoguar dhe p\u00ebr t\u2019u lutur p\u00ebr paqen: ata do t\u00eb sjellin frym\u00ebn e takimeve t\u00eb Asizit n\u00eb Shqip\u00ebri. K\u00ebshtu, n\u00eb shtatorin e ardhsh\u00ebm, Tirana do t\u00eb jet\u00eb kryeqyteti i paqes n\u00eb Evrop\u00eb dhe n\u00eb mbar\u00eb Bot\u00ebn.<\/span><\/p>\n<p style=\"text-align: justify;\"><span style=\"font-size: 12pt; font-family: helvetica;\"><\/span><span style=\"color: #000000; font-size: 12pt; font-family: helvetica;\">&nbsp;&nbsp;&nbsp; M\u00eb 24 shkurt 2015, kjo ngjarje e r\u00ebnd\u00ebsishme u prezantua n\u00eb mjediset e Hotel Tirana International nga z. Marco Impagliazzo, President i Komunitetit t\u00eb Sant&#8217;Egidio; z. Erion Veliaj, Minist\u00ebr i Mir\u00ebqenies Sociale dhe Rinis\u00eb; nga Kisha Orthodhokse Autoqefale e Shqip\u00ebris\u00eb Hir\u00ebsia e Tij Andoni, Episkop i Kruj\u00ebs; nga Kisha Katolike Mons. Lu\u00e7jan Avgustini, Z\u00ebvend\u00ebskryetar i Konferenc\u00ebs Ipeshkvnore, si dhe p\u00ebrsh\u00ebndet\u00ebn Z\u00ebvend\u00ebskryetari i Komunitetit Musliman z. Bujar Spahiu dhe Kryegjyshi Bot\u00ebror Bektashian z. Edmond Brahimaj.<\/span><\/p>\n<p style=\"text-align: justify;\"><span style=\"font-size: 12pt; font-family: helvetica;\"><\/span><span style=\"color: #000000; font-size: 12pt; font-family: helvetica;\">&nbsp;&nbsp;&nbsp; Konferenca p\u00ebr shtyp u hap nga prof. Roberto Quattrucci, Sekretar i P\u00ebrgjithsh\u00ebm i Komunitetit Sant Egidio. Pastaj, Z. Marco Impagliazzo, pasi ngriti lart d\u00ebshmin\u00eb e harmonis\u00eb fetare n\u00eb Shqip\u00ebri, theksoi simbolik\u00ebn e organizimit n\u00eb Tiran\u00eb t\u00eb k\u00ebsaj mbledhjeje, q\u00eb do pres\u00eb&nbsp; 5 mij\u00eb t\u00eb ftuar nga t\u00eb gjitha an\u00ebt e globit, mes t\u00eb cil\u00ebve qindra udh\u00ebheq\u00ebs fetar\u00eb dhe personalitete bot\u00ebrore. Ai fal\u00ebnderoi p\u00ebr mb\u00ebshtetjen dhe p\u00ebrmendi takimet e b\u00ebra dhe mb\u00ebshtetjen e marr\u00eb nga Kryeministri, nga Kryepiskopi Anastas etj.<\/span><\/p>\n<p style=\"text-align: justify;\"><span style=\"font-size: 12pt; font-family: helvetica;\"><\/span><span style=\"color: #000000; font-size: 12pt; font-family: helvetica;\">&nbsp;&nbsp;&nbsp; Hir\u00ebsi Andoni, n\u00eb p\u00ebrsh\u00ebndetjen e tij, shprehu k\u00ebnaq\u00ebsin\u00eb dhe mb\u00ebshtetjen p\u00ebr k\u00ebt\u00eb veprimtari nga Kisha jon\u00eb, duke v\u00ebn\u00eb n\u00eb dukje r\u00ebnd\u00ebsin\u00eb e p\u00ebrhapjes s\u00eb mesazhit t\u00eb bashk\u00ebjetes\u00ebs dhe bashk\u00ebpunimit nd\u00ebrfetare, gj\u00eb q\u00eb v\u00eb m\u00eb n\u00eb pah rolin e komuniteteve fetare dhe t\u00eb drejtuesve t\u00eb tyre n\u00eb k\u00ebt\u00eb proces, duke zbehur k\u00ebshtu z\u00ebrat q\u00eb e mohojn\u00eb k\u00ebt\u00eb kontribut dhe kujtoi rolin aktiv q\u00eb Kisha jon\u00eb ka pasur gjithmon\u00eb n\u00eb veprimtari t\u00eb tilla. Ai ve\u00e7oi vler\u00ebsimin nd\u00ebrkomb\u00ebtar p\u00ebr k\u00ebt\u00eb kontribut q\u00eb iu b\u00eb vitin e kaluar Kryepiskopit Anastas, duke e rizgjedhur President Nderi t\u00eb \u201cFet\u00eb p\u00ebr Paqen\u201d, organizata m\u00eb e madhe nd\u00ebrfetare n\u00eb bot\u00eb. Hir\u00ebsi Andoni theksoi dhe d\u00ebshmin\u00eb e paqes dhe bashk\u00ebpunimit q\u00eb u dha nga drejtuesit e Kishave Orthodhokse me rastin e shenjt\u00ebrimit t\u00eb Katedrales \u201cNgjallja e Krishtit\u201d dhe gjat\u00eb vizit\u00ebs s\u00eb Papa Franceskut n\u00eb vendin ton\u00eb.<\/span><\/p>\n<p style=\"text-align: justify;\"><span style=\"font-size: 12pt; font-family: helvetica;\"><\/span><span style=\"color: #000000; font-size: 12pt; font-family: helvetica;\">&nbsp;&nbsp;&nbsp; I fundit e mori fjal\u00ebn Ministri Veliaj, i cili tha se: \u201cKy takim do jet\u00eb nj\u00eb mund\u00ebsi e mir\u00eb p\u00ebr t\u2019i dh\u00ebn\u00eb Europ\u00ebs nj\u00eb arsye m\u00eb shum\u00eb pse Shqip\u00ebria duhet t\u00eb jet\u00eb nj\u00eb vend an\u00ebtar i Bashkimit Europian.<span class=\"text_exposed_show\">\u201c<\/span> Besoj se ky do jet\u00eb nj\u00eb argument shum\u00eb i fort\u00eb dhe q\u00eb flet m\u00eb shum\u00eb se \u00e7do fjal\u00eb tjet\u00ebr pse Shqip\u00ebria duhet t\u00eb jet\u00eb pjes\u00eb e Europ\u00ebs. M\u00eb tej ai shtoi se ky \u00ebsht\u00eb nj\u00eb rast i mir\u00eb q\u00eb Shqip\u00ebria t\u00eb kthehet edhe n\u00eb nj\u00eb model t\u00eb ndrysh\u00ebm turizmi, ku rreth 5 mij\u00eb t\u00eb ftuarit n\u00eb k\u00ebt\u00eb aktivitet do ken\u00eb mund\u00ebsi q\u00eb t\u00eb njihen me vlerat dhe kultur\u00ebn shpirt\u00ebrore t\u00eb shqiptar\u00ebve, duke vizituar vende t\u00eb ndryshme. Duke prezantuar programin e k\u00ebtij aktiviteti, Ministri Veliaj theksoi se takimi do filloj\u00eb me nj\u00eb aktivitet t\u00eb madh n\u00eb Pallatin e Kongreseve n\u00eb dat\u00ebn 6 shtator, nd\u00ebrkoh\u00eb q\u00eb n\u00eb dat\u00ebn 7 jan\u00eb parashikuar t\u00eb mbahen afro 12 aktivitete t\u00eb ndryshme dhe n\u00eb dat\u00ebn 8 do t\u00eb mbahet ceremonia e mbylljes. Ai informoi gjithashtu, se n\u00eb k\u00ebt\u00eb takim pritet t\u00eb marrin pjes\u00eb udh\u00ebheq\u00ebs fetar\u00eb dhe personalitete t\u00eb tjera bot\u00ebrore, nd\u00ebrsa garantoi se qeveria shqiptare do ta mb\u00ebshtes\u00eb k\u00ebt\u00eb aktivitet.<\/span><\/p>\n<p style=\"text-align: justify;\">&nbsp;<\/p>\n<p style=\"text-align: justify;\"><span style=\"font-size: 12pt; font-family: helvetica;\"><\/span><\/p>\n<p style=\"text-align: right;\"><strong><span style=\"color: #000000; font-size: 12pt; font-family: helvetica;\">Tiran\u00eb, 24 shkurt 2015<\/span><\/strong><\/p>\n<p style=\"text-align: right;\">&nbsp;<\/p>\n<p style=\"text-align: right;\">&nbsp;<\/p>\n<p style=\"text-align: center;\"><span style=\"color: #000000; font-size: 12pt; font-family: helvetica;\"><strong>Zyra e Shtypit<\/strong><\/span><\/p>\n<p style=\"text-align: center;\"><span style=\"color: #000000; font-size: 12pt; font-family: helvetica;\"><strong>e Kish\u00ebs Orthodhokse Autoqefale t\u00eb Shqip\u00ebris\u00eb<\/strong><\/span><\/p>\n<p style=\"text-align: center;\"><span style=\"font-size: 12pt; font-family: helvetica;\"><\/span><\/p>\n<p><span style=\"font-size: 12pt; font-family: helvetica;\"><img decoding=\"async\" class=\"lazyload HAa Eha\" style=\"height: 491px; width: 736px; border-width: 1px; border-style: solid; margin: 10px auto; display: block;\" alt=\"\" src=\"data:image\/gif;base64,R0lGODlhAQABAAAAACH5BAEKAAEALAAAAAABAAEAAAICTAEAOw==\" data-orig-src=\"https:\/\/lh3.googleusercontent.com\/-8iJ-rMdUPBI\/VO2m4mvga-I\/AAAAAAAALRo\/9qRkQ4jTlYY\/w958-h639-no\/10998255_845781145482442_4375418548216227320_n.jpg\" \/><\/span><\/p>\n<p><span style=\"font-size: 12pt; font-family: helvetica;\"><img decoding=\"async\" class=\"lazyload HAa Eha\" style=\"height: 491px; width: 736px; border-width: 1px; border-style: solid; margin: 10px auto; display: block;\" alt=\"\" src=\"data:image\/gif;base64,R0lGODlhAQABAAAAACH5BAEKAAEALAAAAAABAAEAAAICTAEAOw==\" data-orig-src=\"https:\/\/lh3.googleusercontent.com\/-B87mpHCqy6A\/VO27UnbRG4I\/AAAAAAAALSE\/BrzMn3y3bdY\/w958-h719-no\/IMG_6375.JPG\" \/><\/span><\/p>\n<p><span style=\"font-size: 12pt; font-family: helvetica;\"><img decoding=\"async\" class=\"lazyload HAa Eha\" style=\"height: 415px; width: 736px; border-width: 1px; border-style: solid; margin: 10px auto; display: block;\" alt=\"\" src=\"data:image\/gif;base64,R0lGODlhAQABAAAAACH5BAEKAAEALAAAAAABAAEAAAICTAEAOw==\" data-orig-src=\"https:\/\/lh5.googleusercontent.com\/-m0c7HAbi_5s\/VO27S27PAwI\/AAAAAAAALR8\/TkXiw-hDQTk\/w600-h338-no\/albania-incontro-religioni2.jpg\" \/><\/span><\/p>\n<p><span style=\"font-size: 12pt; font-family: helvetica;\"><img decoding=\"async\" class=\"lazyload HAa Eha\" style=\"height: 490px; width: 736px; border-width: 1px; border-style: solid; margin: 10px auto; display: block;\" alt=\"\" src=\"data:image\/gif;base64,R0lGODlhAQABAAAAACH5BAEKAAEALAAAAAABAAEAAAICTAEAOw==\" data-orig-src=\"https:\/\/lh5.googleusercontent.com\/-DeGudF8KjJA\/VO2m4YWtYFI\/AAAAAAAALRk\/nPUwcrYiDwA\/w620-h413-no\/160008_1.jpg\" \/><\/span><\/p>\n<p><span style=\"font-size: 12pt; font-family: helvetica;\"><img decoding=\"async\" class=\"lazyload HAa Eha\" style=\"width: 736px; height: 387px; border-width: 1px; border-style: solid; margin: 10px auto; display: block;\" alt=\"\" src=\"data:image\/gif;base64,R0lGODlhAQABAAAAACH5BAEKAAEALAAAAAABAAEAAAICTAEAOw==\" data-orig-src=\"https:\/\/lh5.googleusercontent.com\/-hAEs5op25UU\/VOywDNAOrPI\/AAAAAAAALRI\/3jg6luB_rw0\/w643-h338-no\/Sant%2BEgidio.jpg\" \/><\/span><\/p>\n<p id=\"ckimgrsz\" style=\"left: 18px; top: 18px;\">&nbsp;<\/p>\n<div class=\"preview\"><span style=\"font-size: 12pt; font-family: helvetica;\"><\/span><\/div>\n<p>&nbsp;<\/p>\n","protected":false},"excerpt":{"rendered":"<p>Veprimtari e r\u00ebnd\u00ebsishme nd\u00ebrfetare n\u00eb Tiran\u00eb &nbsp; &nbsp;&nbsp;&nbsp; N\u00eb p\u00ebrkujtim t\u00eb 20-vjetorit t\u00eb p\u00ebrfundimit t\u00eb luft\u00ebs s\u00eb fundit n\u00eb Ballkan, Komuniteti Sant\u2019Egidio, n\u00eb bashk\u00ebpunim me Konferenc\u00ebn Ipeshkvnore t\u00eb Shqip\u00ebris\u00eb, Kish\u00ebn Orthodhokse Autoqefale t\u00eb Shqip\u00ebris\u00eb dhe Qeverin\u00eb e Shqip\u00ebris\u00eb do t\u00eb promovojn\u00eb \u201cTakimin e 28-t\u00eb Nd\u00ebrkomb\u00ebtar p\u00ebr Paqen\u201d, i cili do t\u00eb mbahet n\u00eb Tiran\u00eb n\u00eb datat 6, 7 dhe 8 shtator 2015. &nbsp;&nbsp;&nbsp; N\u00eb k\u00ebto<\/p>\n","protected":false},"author":1,"featured_media":634,"comment_status":"open","ping_status":"open","sticky":false,"template":"","format":"standard","meta":{"_acf_changed":false,"pagelayer_contact_templates":[],"_pagelayer_content":"","inline_featured_image":false,"fifu_image_url":"","fifu_image_alt":"","footnotes":""},"categories":[108],"tags":[139,154,162,196,212],"class_list":["post-1512","post","type-post","status-publish","format-standard","has-post-thumbnail","hentry","category-lajme","tag-139","tag-aktivitete","tag-aktivitete-nderfetare","tag-tirane","tag-lajme-d27"],"acf":[],"yoast_head":"<!-- This site is optimized with the Yoast SEO plugin v27.2 - https:\/\/yoast.com\/product\/yoast-seo-wordpress\/ -->\n<title>Veprimtari e r\u00ebnd\u00ebsishme nd\u00ebrfetare n\u00eb Tiran\u00eb - Kisha Orthodh\u03bfkse Autoqefale e Shqip\u00ebris\u00eb<\/title>\n<meta name=\"robots\" content=\"index, follow, max-snippet:-1, max-image-preview:large, max-video-preview:-1\" \/>\n<link rel=\"canonical\" href=\"https:\/\/orthodoxalbania.org\/2020\/2015\/02\/24\/veprimtari-e-rendesishme-nderfetare-ne-tirane\/\" \/>\n<meta property=\"og:locale\" content=\"en_US\" \/>\n<meta property=\"og:type\" content=\"article\" \/>\n<meta property=\"og:title\" content=\"Veprimtari e r\u00ebnd\u00ebsishme nd\u00ebrfetare n\u00eb Tiran\u00eb - Kisha Orthodh\u03bfkse Autoqefale e Shqip\u00ebris\u00eb\" \/>\n<meta property=\"og:description\" content=\"Veprimtari e r\u00ebnd\u00ebsishme nd\u00ebrfetare n\u00eb Tiran\u00eb &nbsp; &nbsp;&nbsp;&nbsp; N\u00eb p\u00ebrkujtim t\u00eb 20-vjetorit t\u00eb p\u00ebrfundimit t\u00eb luft\u00ebs s\u00eb fundit n\u00eb Ballkan, Komuniteti Sant\u2019Egidio, n\u00eb bashk\u00ebpunim me Konferenc\u00ebn Ipeshkvnore t\u00eb Shqip\u00ebris\u00eb, Kish\u00ebn Orthodhokse Autoqefale t\u00eb Shqip\u00ebris\u00eb dhe Qeverin\u00eb e Shqip\u00ebris\u00eb do t\u00eb promovojn\u00eb \u201cTakimin e 28-t\u00eb Nd\u00ebrkomb\u00ebtar p\u00ebr Paqen\u201d, i cili do t\u00eb mbahet n\u00eb Tiran\u00eb n\u00eb datat 6, 7 dhe 8 shtator 2015. &nbsp;&nbsp;&nbsp; N\u00eb k\u00ebto\" \/>\n<meta property=\"og:url\" content=\"https:\/\/orthodoxalbania.org\/2020\/2015\/02\/24\/veprimtari-e-rendesishme-nderfetare-ne-tirane\/\" \/>\n<meta property=\"og:site_name\" content=\"Kisha Orthodh\u03bfkse Autoqefale e Shqip\u00ebris\u00eb\" \/>\n<meta property=\"article:publisher\" content=\"https:\/\/www.facebook.com\/koash1991\" \/>\n<meta property=\"article:published_time\" content=\"2015-02-24T16:23:41+00:00\" \/>\n<meta property=\"article:modified_time\" content=\"2020-04-06T20:02:18+00:00\" \/>\n<meta property=\"og:image\" content=\"https:\/\/orthodoxalbania.org\/2020\/wp-content\/uploads\/2020\/04\/10998255_845781145482442_4375418548216227320_n.jpg\" \/>\n\t<meta property=\"og:image:width\" content=\"150\" \/>\n\t<meta property=\"og:image:height\" content=\"150\" \/>\n\t<meta property=\"og:image:type\" content=\"image\/jpeg\" \/>\n<meta name=\"author\" content=\"Kisha Orthodhokse\" \/>\n<meta name=\"twitter:card\" content=\"summary_large_image\" \/>\n<meta name=\"twitter:label1\" content=\"Written by\" \/>\n\t<meta name=\"twitter:data1\" content=\"Kisha Orthodhokse\" \/>\n\t<meta name=\"twitter:label2\" content=\"Est. reading time\" \/>\n\t<meta name=\"twitter:data2\" content=\"4 minutes\" \/>\n<script type=\"application\/ld+json\" class=\"yoast-schema-graph\">{\"@context\":\"https:\/\/schema.org\",\"@graph\":[{\"@type\":\"Article\",\"@id\":\"https:\/\/orthodoxalbania.org\/2020\/2015\/02\/24\/veprimtari-e-rendesishme-nderfetare-ne-tirane\/#article\",\"isPartOf\":{\"@id\":\"https:\/\/orthodoxalbania.org\/2020\/2015\/02\/24\/veprimtari-e-rendesishme-nderfetare-ne-tirane\/\"},\"author\":{\"name\":\"Kisha Orthodhokse\",\"@id\":\"https:\/\/orthodoxalbania.org\/2020\/#\/schema\/person\/0c387634a7063ac612d7ed9ce71c7e86\"},\"headline\":\"Veprimtari e r\u00ebnd\u00ebsishme nd\u00ebrfetare n\u00eb Tiran\u00eb\",\"datePublished\":\"2015-02-24T16:23:41+00:00\",\"dateModified\":\"2020-04-06T20:02:18+00:00\",\"mainEntityOfPage\":{\"@id\":\"https:\/\/orthodoxalbania.org\/2020\/2015\/02\/24\/veprimtari-e-rendesishme-nderfetare-ne-tirane\/\"},\"wordCount\":777,\"commentCount\":0,\"publisher\":{\"@id\":\"https:\/\/orthodoxalbania.org\/2020\/#organization\"},\"image\":{\"@id\":\"https:\/\/orthodoxalbania.org\/2020\/2015\/02\/24\/veprimtari-e-rendesishme-nderfetare-ne-tirane\/#primaryimage\"},\"thumbnailUrl\":\"https:\/\/orthodoxalbania.org\/2020\/wp-content\/uploads\/2020\/04\/10998255_845781145482442_4375418548216227320_n.jpg\",\"keywords\":[\"2015\",\"Aktivitete\",\"Aktivitete Nd\u00ebrfetare\",\"Kryepiskopata Tiran\u00eb\",\"lajme\"],\"articleSection\":[\"Lajme\"],\"inLanguage\":\"en-US\"},{\"@type\":\"WebPage\",\"@id\":\"https:\/\/orthodoxalbania.org\/2020\/2015\/02\/24\/veprimtari-e-rendesishme-nderfetare-ne-tirane\/\",\"url\":\"https:\/\/orthodoxalbania.org\/2020\/2015\/02\/24\/veprimtari-e-rendesishme-nderfetare-ne-tirane\/\",\"name\":\"Veprimtari e r\u00ebnd\u00ebsishme nd\u00ebrfetare n\u00eb Tiran\u00eb - Kisha Orthodh\u03bfkse Autoqefale e Shqip\u00ebris\u00eb\",\"isPartOf\":{\"@id\":\"https:\/\/orthodoxalbania.org\/2020\/#website\"},\"primaryImageOfPage\":{\"@id\":\"https:\/\/orthodoxalbania.org\/2020\/2015\/02\/24\/veprimtari-e-rendesishme-nderfetare-ne-tirane\/#primaryimage\"},\"image\":{\"@id\":\"https:\/\/orthodoxalbania.org\/2020\/2015\/02\/24\/veprimtari-e-rendesishme-nderfetare-ne-tirane\/#primaryimage\"},\"thumbnailUrl\":\"https:\/\/orthodoxalbania.org\/2020\/wp-content\/uploads\/2020\/04\/10998255_845781145482442_4375418548216227320_n.jpg\",\"datePublished\":\"2015-02-24T16:23:41+00:00\",\"dateModified\":\"2020-04-06T20:02:18+00:00\",\"breadcrumb\":{\"@id\":\"https:\/\/orthodoxalbania.org\/2020\/2015\/02\/24\/veprimtari-e-rendesishme-nderfetare-ne-tirane\/#breadcrumb\"},\"inLanguage\":\"en-US\",\"potentialAction\":[{\"@type\":\"ReadAction\",\"target\":[\"https:\/\/orthodoxalbania.org\/2020\/2015\/02\/24\/veprimtari-e-rendesishme-nderfetare-ne-tirane\/\"]}]},{\"@type\":\"ImageObject\",\"inLanguage\":\"en-US\",\"@id\":\"https:\/\/orthodoxalbania.org\/2020\/2015\/02\/24\/veprimtari-e-rendesishme-nderfetare-ne-tirane\/#primaryimage\",\"url\":\"https:\/\/orthodoxalbania.org\/2020\/wp-content\/uploads\/2020\/04\/10998255_845781145482442_4375418548216227320_n.jpg\",\"contentUrl\":\"https:\/\/orthodoxalbania.org\/2020\/wp-content\/uploads\/2020\/04\/10998255_845781145482442_4375418548216227320_n.jpg\",\"width\":150,\"height\":150},{\"@type\":\"BreadcrumbList\",\"@id\":\"https:\/\/orthodoxalbania.org\/2020\/2015\/02\/24\/veprimtari-e-rendesishme-nderfetare-ne-tirane\/#breadcrumb\",\"itemListElement\":[{\"@type\":\"ListItem\",\"position\":1,\"name\":\"Home\",\"item\":\"https:\/\/orthodoxalbania.org\/2020\/\"},{\"@type\":\"ListItem\",\"position\":2,\"name\":\"Veprimtari e r\u00ebnd\u00ebsishme nd\u00ebrfetare n\u00eb Tiran\u00eb\"}]},{\"@type\":\"WebSite\",\"@id\":\"https:\/\/orthodoxalbania.org\/2020\/#website\",\"url\":\"https:\/\/orthodoxalbania.org\/2020\/\",\"name\":\"Kisha Orthodh\u03bfkse Autoqefale e Shqip\u00ebris\u00eb\",\"description\":\"Fqja Zyrtare e Kish\u00ebs Orthodhokse Autoqefale e Shqip\u00ebris\u00eb me lajmet edhe informacionet zyrtare p\u00ebr struktur\u00ebn edhe veprimtarin e saj.\",\"publisher\":{\"@id\":\"https:\/\/orthodoxalbania.org\/2020\/#organization\"},\"potentialAction\":[{\"@type\":\"SearchAction\",\"target\":{\"@type\":\"EntryPoint\",\"urlTemplate\":\"https:\/\/orthodoxalbania.org\/2020\/?s={search_term_string}\"},\"query-input\":{\"@type\":\"PropertyValueSpecification\",\"valueRequired\":true,\"valueName\":\"search_term_string\"}}],\"inLanguage\":\"en-US\"},{\"@type\":\"Organization\",\"@id\":\"https:\/\/orthodoxalbania.org\/2020\/#organization\",\"name\":\"Kisha Orthodhokse Autoqefale e Shqip\u00ebris\u00eb\",\"url\":\"https:\/\/orthodoxalbania.org\/2020\/\",\"logo\":{\"@type\":\"ImageObject\",\"inLanguage\":\"en-US\",\"@id\":\"https:\/\/orthodoxalbania.org\/2020\/#\/schema\/logo\/image\/\",\"url\":\"https:\/\/orthodoxalbania.org\/2020\/wp-content\/uploads\/2020\/05\/albania.jpeg\",\"contentUrl\":\"https:\/\/orthodoxalbania.org\/2020\/wp-content\/uploads\/2020\/05\/albania.jpeg\",\"width\":540,\"height\":540,\"caption\":\"Kisha Orthodhokse Autoqefale e Shqip\u00ebris\u00eb\"},\"image\":{\"@id\":\"https:\/\/orthodoxalbania.org\/2020\/#\/schema\/logo\/image\/\"},\"sameAs\":[\"https:\/\/www.facebook.com\/koash1991\"]},{\"@type\":\"Person\",\"@id\":\"https:\/\/orthodoxalbania.org\/2020\/#\/schema\/person\/0c387634a7063ac612d7ed9ce71c7e86\",\"name\":\"Kisha Orthodhokse\",\"image\":{\"@type\":\"ImageObject\",\"inLanguage\":\"en-US\",\"@id\":\"https:\/\/secure.gravatar.com\/avatar\/596e7c417251e30f2fbb9c00e026fce61a695a00e51c889caded71c96cbbdde5?s=96&d=mm&r=g\",\"url\":\"https:\/\/secure.gravatar.com\/avatar\/596e7c417251e30f2fbb9c00e026fce61a695a00e51c889caded71c96cbbdde5?s=96&d=mm&r=g\",\"contentUrl\":\"https:\/\/secure.gravatar.com\/avatar\/596e7c417251e30f2fbb9c00e026fce61a695a00e51c889caded71c96cbbdde5?s=96&d=mm&r=g\",\"caption\":\"Kisha Orthodhokse\"}}]}<\/script>\n<!-- \/ Yoast SEO plugin. -->","yoast_head_json":{"title":"Veprimtari e r\u00ebnd\u00ebsishme nd\u00ebrfetare n\u00eb Tiran\u00eb - Kisha Orthodh\u03bfkse Autoqefale e Shqip\u00ebris\u00eb","robots":{"index":"index","follow":"follow","max-snippet":"max-snippet:-1","max-image-preview":"max-image-preview:large","max-video-preview":"max-video-preview:-1"},"canonical":"https:\/\/orthodoxalbania.org\/2020\/2015\/02\/24\/veprimtari-e-rendesishme-nderfetare-ne-tirane\/","og_locale":"en_US","og_type":"article","og_title":"Veprimtari e r\u00ebnd\u00ebsishme nd\u00ebrfetare n\u00eb Tiran\u00eb - Kisha Orthodh\u03bfkse Autoqefale e Shqip\u00ebris\u00eb","og_description":"Veprimtari e r\u00ebnd\u00ebsishme nd\u00ebrfetare n\u00eb Tiran\u00eb &nbsp; &nbsp;&nbsp;&nbsp; N\u00eb p\u00ebrkujtim t\u00eb 20-vjetorit t\u00eb p\u00ebrfundimit t\u00eb luft\u00ebs s\u00eb fundit n\u00eb Ballkan, Komuniteti Sant\u2019Egidio, n\u00eb bashk\u00ebpunim me Konferenc\u00ebn Ipeshkvnore t\u00eb Shqip\u00ebris\u00eb, Kish\u00ebn Orthodhokse Autoqefale t\u00eb Shqip\u00ebris\u00eb dhe Qeverin\u00eb e Shqip\u00ebris\u00eb do t\u00eb promovojn\u00eb \u201cTakimin e 28-t\u00eb Nd\u00ebrkomb\u00ebtar p\u00ebr Paqen\u201d, i cili do t\u00eb mbahet n\u00eb Tiran\u00eb n\u00eb datat 6, 7 dhe 8 shtator 2015. &nbsp;&nbsp;&nbsp; N\u00eb k\u00ebto","og_url":"https:\/\/orthodoxalbania.org\/2020\/2015\/02\/24\/veprimtari-e-rendesishme-nderfetare-ne-tirane\/","og_site_name":"Kisha Orthodh\u03bfkse Autoqefale e Shqip\u00ebris\u00eb","article_publisher":"https:\/\/www.facebook.com\/koash1991","article_published_time":"2015-02-24T16:23:41+00:00","article_modified_time":"2020-04-06T20:02:18+00:00","og_image":[{"width":150,"height":150,"url":"https:\/\/orthodoxalbania.org\/2020\/wp-content\/uploads\/2020\/04\/10998255_845781145482442_4375418548216227320_n.jpg","type":"image\/jpeg"}],"author":"Kisha Orthodhokse","twitter_card":"summary_large_image","twitter_misc":{"Written by":"Kisha Orthodhokse","Est. reading time":"4 minutes"},"schema":{"@context":"https:\/\/schema.org","@graph":[{"@type":"Article","@id":"https:\/\/orthodoxalbania.org\/2020\/2015\/02\/24\/veprimtari-e-rendesishme-nderfetare-ne-tirane\/#article","isPartOf":{"@id":"https:\/\/orthodoxalbania.org\/2020\/2015\/02\/24\/veprimtari-e-rendesishme-nderfetare-ne-tirane\/"},"author":{"name":"Kisha Orthodhokse","@id":"https:\/\/orthodoxalbania.org\/2020\/#\/schema\/person\/0c387634a7063ac612d7ed9ce71c7e86"},"headline":"Veprimtari e r\u00ebnd\u00ebsishme nd\u00ebrfetare n\u00eb Tiran\u00eb","datePublished":"2015-02-24T16:23:41+00:00","dateModified":"2020-04-06T20:02:18+00:00","mainEntityOfPage":{"@id":"https:\/\/orthodoxalbania.org\/2020\/2015\/02\/24\/veprimtari-e-rendesishme-nderfetare-ne-tirane\/"},"wordCount":777,"commentCount":0,"publisher":{"@id":"https:\/\/orthodoxalbania.org\/2020\/#organization"},"image":{"@id":"https:\/\/orthodoxalbania.org\/2020\/2015\/02\/24\/veprimtari-e-rendesishme-nderfetare-ne-tirane\/#primaryimage"},"thumbnailUrl":"https:\/\/orthodoxalbania.org\/2020\/wp-content\/uploads\/2020\/04\/10998255_845781145482442_4375418548216227320_n.jpg","keywords":["2015","Aktivitete","Aktivitete Nd\u00ebrfetare","Kryepiskopata Tiran\u00eb","lajme"],"articleSection":["Lajme"],"inLanguage":"en-US"},{"@type":"WebPage","@id":"https:\/\/orthodoxalbania.org\/2020\/2015\/02\/24\/veprimtari-e-rendesishme-nderfetare-ne-tirane\/","url":"https:\/\/orthodoxalbania.org\/2020\/2015\/02\/24\/veprimtari-e-rendesishme-nderfetare-ne-tirane\/","name":"Veprimtari e r\u00ebnd\u00ebsishme nd\u00ebrfetare n\u00eb Tiran\u00eb - Kisha Orthodh\u03bfkse Autoqefale e Shqip\u00ebris\u00eb","isPartOf":{"@id":"https:\/\/orthodoxalbania.org\/2020\/#website"},"primaryImageOfPage":{"@id":"https:\/\/orthodoxalbania.org\/2020\/2015\/02\/24\/veprimtari-e-rendesishme-nderfetare-ne-tirane\/#primaryimage"},"image":{"@id":"https:\/\/orthodoxalbania.org\/2020\/2015\/02\/24\/veprimtari-e-rendesishme-nderfetare-ne-tirane\/#primaryimage"},"thumbnailUrl":"https:\/\/orthodoxalbania.org\/2020\/wp-content\/uploads\/2020\/04\/10998255_845781145482442_4375418548216227320_n.jpg","datePublished":"2015-02-24T16:23:41+00:00","dateModified":"2020-04-06T20:02:18+00:00","breadcrumb":{"@id":"https:\/\/orthodoxalbania.org\/2020\/2015\/02\/24\/veprimtari-e-rendesishme-nderfetare-ne-tirane\/#breadcrumb"},"inLanguage":"en-US","potentialAction":[{"@type":"ReadAction","target":["https:\/\/orthodoxalbania.org\/2020\/2015\/02\/24\/veprimtari-e-rendesishme-nderfetare-ne-tirane\/"]}]},{"@type":"ImageObject","inLanguage":"en-US","@id":"https:\/\/orthodoxalbania.org\/2020\/2015\/02\/24\/veprimtari-e-rendesishme-nderfetare-ne-tirane\/#primaryimage","url":"https:\/\/orthodoxalbania.org\/2020\/wp-content\/uploads\/2020\/04\/10998255_845781145482442_4375418548216227320_n.jpg","contentUrl":"https:\/\/orthodoxalbania.org\/2020\/wp-content\/uploads\/2020\/04\/10998255_845781145482442_4375418548216227320_n.jpg","width":150,"height":150},{"@type":"BreadcrumbList","@id":"https:\/\/orthodoxalbania.org\/2020\/2015\/02\/24\/veprimtari-e-rendesishme-nderfetare-ne-tirane\/#breadcrumb","itemListElement":[{"@type":"ListItem","position":1,"name":"Home","item":"https:\/\/orthodoxalbania.org\/2020\/"},{"@type":"ListItem","position":2,"name":"Veprimtari e r\u00ebnd\u00ebsishme nd\u00ebrfetare n\u00eb Tiran\u00eb"}]},{"@type":"WebSite","@id":"https:\/\/orthodoxalbania.org\/2020\/#website","url":"https:\/\/orthodoxalbania.org\/2020\/","name":"Kisha Orthodh\u03bfkse Autoqefale e Shqip\u00ebris\u00eb","description":"Fqja Zyrtare e Kish\u00ebs Orthodhokse Autoqefale e Shqip\u00ebris\u00eb me lajmet edhe informacionet zyrtare p\u00ebr struktur\u00ebn edhe veprimtarin e saj.","publisher":{"@id":"https:\/\/orthodoxalbania.org\/2020\/#organization"},"potentialAction":[{"@type":"SearchAction","target":{"@type":"EntryPoint","urlTemplate":"https:\/\/orthodoxalbania.org\/2020\/?s={search_term_string}"},"query-input":{"@type":"PropertyValueSpecification","valueRequired":true,"valueName":"search_term_string"}}],"inLanguage":"en-US"},{"@type":"Organization","@id":"https:\/\/orthodoxalbania.org\/2020\/#organization","name":"Kisha Orthodhokse Autoqefale e Shqip\u00ebris\u00eb","url":"https:\/\/orthodoxalbania.org\/2020\/","logo":{"@type":"ImageObject","inLanguage":"en-US","@id":"https:\/\/orthodoxalbania.org\/2020\/#\/schema\/logo\/image\/","url":"https:\/\/orthodoxalbania.org\/2020\/wp-content\/uploads\/2020\/05\/albania.jpeg","contentUrl":"https:\/\/orthodoxalbania.org\/2020\/wp-content\/uploads\/2020\/05\/albania.jpeg","width":540,"height":540,"caption":"Kisha Orthodhokse Autoqefale e Shqip\u00ebris\u00eb"},"image":{"@id":"https:\/\/orthodoxalbania.org\/2020\/#\/schema\/logo\/image\/"},"sameAs":["https:\/\/www.facebook.com\/koash1991"]},{"@type":"Person","@id":"https:\/\/orthodoxalbania.org\/2020\/#\/schema\/person\/0c387634a7063ac612d7ed9ce71c7e86","name":"Kisha Orthodhokse","image":{"@type":"ImageObject","inLanguage":"en-US","@id":"https:\/\/secure.gravatar.com\/avatar\/596e7c417251e30f2fbb9c00e026fce61a695a00e51c889caded71c96cbbdde5?s=96&d=mm&r=g","url":"https:\/\/secure.gravatar.com\/avatar\/596e7c417251e30f2fbb9c00e026fce61a695a00e51c889caded71c96cbbdde5?s=96&d=mm&r=g","contentUrl":"https:\/\/secure.gravatar.com\/avatar\/596e7c417251e30f2fbb9c00e026fce61a695a00e51c889caded71c96cbbdde5?s=96&d=mm&r=g","caption":"Kisha Orthodhokse"}}]}},"_links":{"self":[{"href":"https:\/\/orthodoxalbania.org\/2020\/wp-json\/wp\/v2\/posts\/1512","targetHints":{"allow":["GET"]}}],"collection":[{"href":"https:\/\/orthodoxalbania.org\/2020\/wp-json\/wp\/v2\/posts"}],"about":[{"href":"https:\/\/orthodoxalbania.org\/2020\/wp-json\/wp\/v2\/types\/post"}],"author":[{"embeddable":true,"href":"https:\/\/orthodoxalbania.org\/2020\/wp-json\/wp\/v2\/users\/1"}],"replies":[{"embeddable":true,"href":"https:\/\/orthodoxalbania.org\/2020\/wp-json\/wp\/v2\/comments?post=1512"}],"version-history":[{"count":1,"href":"https:\/\/orthodoxalbania.org\/2020\/wp-json\/wp\/v2\/posts\/1512\/revisions"}],"predecessor-version":[{"id":15028,"href":"https:\/\/orthodoxalbania.org\/2020\/wp-json\/wp\/v2\/posts\/1512\/revisions\/15028"}],"wp:featuredmedia":[{"embeddable":true,"href":"https:\/\/orthodoxalbania.org\/2020\/wp-json\/wp\/v2\/media\/634"}],"wp:attachment":[{"href":"https:\/\/orthodoxalbania.org\/2020\/wp-json\/wp\/v2\/media?parent=1512"}],"wp:term":[{"taxonomy":"category","embeddable":true,"href":"https:\/\/orthodoxalbania.org\/2020\/wp-json\/wp\/v2\/categories?post=1512"},{"taxonomy":"post_tag","embeddable":true,"href":"https:\/\/orthodoxalbania.org\/2020\/wp-json\/wp\/v2\/tags?post=1512"}],"curies":[{"name":"wp","href":"https:\/\/api.w.org\/{rel}","templated":true}]}}