{"id":1511,"date":"2015-01-30T12:40:40","date_gmt":"2015-01-30T12:40:40","guid":{"rendered":""},"modified":"2020-04-06T22:02:19","modified_gmt":"2020-04-06T20:02:19","slug":"veprimtari-e-lidhjes-se-intelektualeve-orthodhokse","status":"publish","type":"post","link":"https:\/\/orthodoxalbania.org\/2020\/2015\/01\/30\/veprimtari-e-lidhjes-se-intelektualeve-orthodhokse\/","title":{"rendered":"Veprimtari e Lidhjes s\u00eb Intelektual\u00ebve Orthodhoks\u00eb"},"content":{"rendered":"<p style=\"text-align: center;\"><span style=\"font-family: tahoma,geneva,sans-serif;\"><span style=\"font-size: 12px;\"><span style=\"color: #b22222; font-size: 12pt; font-family: helvetica;\"><\/span><\/span><\/span><\/p>\n<p> <\/p>\n<p style=\"text-align: center;\"><span style=\"font-family: tahoma,geneva,sans-serif;\"><span style=\"font-size: 12px;\"><span style=\"color: #b22222; font-size: 12pt; font-family: helvetica;\"><strong>Tre Hierark\u00ebt \u2013 M\u00ebsuesit e M\u00ebdhenj Ekumenik\u00eb t\u00eb Kish\u00ebs son\u00eb<\/strong><\/span><\/span><\/span><\/p>\n<p style=\"text-align: center;\">&nbsp;<\/p>\n<p style=\"text-align: justify;\"><span style=\"color: #000000; font-size: 12pt; font-family: helvetica;\">&nbsp;&nbsp;&nbsp; Dit\u00ebn e enjte pasdite, m\u00eb 29 janar, Qendra Kulturore, n\u00eb Kompleksin e Katedrales&nbsp; \u201cNgjallja e Krishtit\u201d, n\u00eb Tiran\u00eb pati nj\u00eb gjall\u00ebri t\u00eb ve\u00e7ant\u00eb. Qindra intelektual\u00eb orthodhoks\u00eb kryeqytetas u mblodh\u00ebn n\u00eb nj\u00eb veprimtari t\u00eb Lidhjes s\u00eb tyre, e cila ishte e para n\u00eb vazhd\u00ebn e aktiviteteve q\u00eb kan\u00eb si q\u00ebllim njohjen m\u00eb t\u00eb mir\u00eb nga ana e tyre t\u00eb Besimit Orthodhoks. K\u00ebt\u00eb radh\u00eb, ajo iu kushtua figur\u00ebs s\u00eb Tre Hierark\u00ebve t\u00eb m\u00ebdhenj, m\u00ebsuesve&nbsp; t\u00eb shk\u00eblqyer orthodhoks\u00eb, Sh\u00ebn Joan Gojartit, Sh\u00ebn Vasilit t\u00eb Madh dhe Sh\u00ebn Grigor Theologut, t\u00eb cil\u00ebt i kremtojm\u00eb s\u00eb bashku m\u00eb 30 janar. Kjo e kremte \u00ebsht\u00eb gjithmon\u00eb e mbushur me aktivitete q\u00eb marrin shkas nga veprimtaria e tyre e jasht\u00ebzakonshme.<\/span><\/p>\n<p style=\"text-align: justify;\"><span style=\"color: #000000; font-size: 12pt; font-family: helvetica;\">&nbsp;&nbsp;&nbsp; Takimi u hap nga Kryetari i K\u00ebshillit Ekzekutiv t\u00eb Lidhjes s\u00eb Intelektual\u00ebve Orthodhoks\u00eb, prof. dr. Robert Andoni, i cili ftoi Kryepiskopin e Tiran\u00ebs, Durr\u00ebsit dhe t\u00eb Gjith\u00eb Shqip\u00ebris\u00eb,&nbsp; Prof. Dr. Anastasin t\u00eb mbante ligj\u00ebrat\u00ebn e k\u00ebsaj veprimtarie t\u00eb par\u00eb, me tem\u00eb: \u201cN\u00eb rrug\u00ebn e et\u00ebrve \u2013 Kuptimi dinamik i tradit\u00ebs s\u00eb Tre Hierark\u00ebve\u201d. Nd\u00ebr t\u00eb tjera u theksua se:<\/span><\/p>\n<p style=\"text-align: justify;\"><span style=\"color: #000000; font-size: 12pt; font-family: helvetica;\">&nbsp;&nbsp;&nbsp; \u201cRevolucioni shoq\u00ebror dhe shpirt\u00ebror, q\u00eb do t\u00eb shp\u00ebtonte bot\u00ebn\u201d &#8211; thoshte nj\u00eb prej kund\u00ebrshtar\u00ebve t\u00eb Ungjillit- \u201cdo t\u00eb ndodh\u00eb kur t\u00eb krishter\u00ebt t\u00eb vendosin t\u00eb jetojn\u00eb me t\u00eb v\u00ebrtet\u00eb Krishterimin e tyre\u201d (Klemenso). Edhe pse konteksti n\u00eb k\u00ebt\u00eb rast ishte sarkastik, fjala e tij \u00ebsht\u00eb e ngarkuar me t\u00eb v\u00ebrtet\u00eb. Nuk mjafton vet\u00ebm \u201cnj\u00eb vendim\u201d p\u00ebr dik\u00eb q\u00eb t\u00eb jetoj\u00eb \u201cn\u00eb Krishtin\u201d. Zonat e jet\u00ebs shpirt\u00ebrore jan\u00eb t\u00eb v\u00ebshtira p\u00ebr t\u2019u kaluar dhe kan\u00eb nevoj\u00eb p\u00ebr udh\u00ebheqje dhe mund; ve\u00e7an\u00ebrisht n\u00eb dit\u00ebt tona, kur nj\u00eb p\u00ebshtjellim dhe nervoziz\u00ebm i ve\u00e7ant\u00eb, si mjegull e dendur, ka pllakosur zemr\u00ebn dhe mendjen. N\u00eb k\u00ebt\u00eb rrug\u00ebtim t\u00eb r\u00ebnd\u00ebsish\u00ebm, udh\u00ebrr\u00ebfyesit ideal\u00eb p\u00ebr gjetjen e Per\u00ebndis\u00eb, t\u00eb bashk\u00ebnjeriut ton\u00eb dhe t\u00eb vetvetes mbeten edhe sot, \u201ctre ndri\u00e7uesit e m\u00ebdhenj t\u00eb Trinis\u00eb s\u00eb tridiellshme\u201d t\u00eb cil\u00ebt, qysh prej fillimit, Lindja Orthodhokse i konsideroi si \u201cpredikues hyjfol\u00ebs, maj\u00ebn e m\u00ebsuesve\u201d.<\/span><\/p>\n<p style=\"text-align: justify;\"><span style=\"color: #000000; font-size: 12pt; font-family: helvetica;\">&nbsp;&nbsp;&nbsp; Arsyeja q\u00eb Kisha i nxjerr n\u00eb pah \u201csi m\u00ebsues ekumenik\u00eb\u201d&nbsp; k\u00ebta Tre Hierark\u00eb (shih p\u00ebrl\u00ebshimin e \u00e7do sh\u00ebrbese t\u00eb shenjt\u00eb) \u00ebsht\u00eb pik\u00ebrisht fakti se ata arrit\u00ebn t\u00eb mish\u00ebrojn\u00eb di\u00e7ka m\u00eb t\u00eb r\u00ebnd\u00ebsishme nga tipi i t\u00eb diturit t\u00eb thjesht\u00eb, t\u00eb osh\u00ebnarit ose t\u00eb asketit t\u00eb thjesht\u00eb, t\u00eb pun\u00ebtorit t\u00eb mir\u00ebfillt\u00eb social; arrit\u00ebn t\u00eb realizojn\u00eb dhe t\u00eb na l\u00ebn\u00eb shembullin e llojit t\u00eb \u201cnjeriut t\u00eb plot\u00ebsuar\u201d, t\u00eb \u201cnjeriut t\u00eb ri\u201d q\u00eb jeton me t\u00eb v\u00ebrtet\u00eb \u201cn\u00eb Zotin\u201d dhe e p\u00ebrdor plot\u00ebsisht \u201cdhurat\u00ebn e Shpirtit t\u00eb Shenjt\u00eb\u201d.<\/span><\/p>\n<p style=\"text-align: justify;\"><span style=\"color: #000000; font-size: 12pt; font-family: helvetica;\">&nbsp;&nbsp;&nbsp; P\u00ebrqasja m\u00eb esenciale n\u00eb frym\u00ebn, zemr\u00ebn dhe vullnetin e tyre mund t\u00eb rezultoj\u00eb shp\u00ebtimtare p\u00ebr ne q\u00eb, n\u00eb pjes\u00ebn m\u00eb t\u00eb madhe, e jetojm\u00eb Ungjillin n\u00eb m\u00ebnyr\u00eb fragmentare, duke theksuar nj\u00ebanshm\u00ebrisht, her\u00eb nj\u00eb element dhe her\u00eb nj\u00eb tjet\u00ebr&#8230;.<\/span><\/p>\n<p style=\"text-align: justify;\"><span style=\"color: #000000; font-size: 12pt; font-family: helvetica;\">&nbsp;&nbsp;&nbsp; &#8230; Vet\u00ebm kur ripag\u00ebzohemi n\u00eb frym\u00ebn e Et\u00ebrve t\u00eb m\u00ebdhenj t\u00eb Kish\u00ebs son\u00eb, kur koordinojm\u00eb mendimin, zemr\u00ebn, vullnetin ton\u00eb, me t\u00eb tyrin, do t\u00eb jetojm\u00eb krishterimin ton\u00eb n\u00eb plot\u00ebsin\u00eb e tij dhe do t\u00eb g\u00ebzojm\u00eb bukurin\u00eb e tij t\u00eb d\u00eblir\u00eb dhe t\u00eb paper\u00ebnduar.<\/span><\/p>\n<p style=\"text-align: justify;\"><span style=\"color: #000000; font-size: 12pt; font-family: helvetica;\">&nbsp;&nbsp;&nbsp; &#8230; Kjo nuk do t\u00eb thot\u00eb kthim prapa. Do t\u00eb thot\u00eb p\u00ebrparim. \u201cB\u00ebhet fjal\u00eb p\u00ebr nj\u00eb besnik\u00ebri fryme, jo kopjim t\u00eb germ\u00ebs\u201d. B\u00ebhet fjal\u00eb p\u00ebr nj\u00eb vazhdim t\u00eb v\u00ebrtet\u00eb t\u00eb jet\u00ebs dhe t\u00eb mendimit, t\u00eb frym\u00ebzimit. Mesazhi i sakt\u00eb nuk \u00ebsht\u00eb \u201cprapa tek Et\u00ebrit\u201d por \u201cp\u00ebrpara n\u00eb frym\u00ebn e Et\u00ebrve!\u201d, q\u00eb t\u00eb ecim p\u00ebrpara n\u00eb k\u00ebt\u00eb bot\u00eb t\u00eb l\u00ebkundur, me p\u00ebrqendrimin shpirt\u00ebror, me rrept\u00ebsin\u00eb e d\u00eblir\u00eb dhe t\u00eb \u00ebmb\u00ebl t\u00eb parimeve, me dijen dhe dashurin\u00eb p\u00ebr njeriun, me vendosm\u00ebrin\u00eb dhe guximin \u201ce bijve t\u00eb Per\u00ebndis\u00eb\u201d. Q\u00eb t\u00eb ndiejm\u00eb koh\u00ebn ton\u00eb dhe t\u00eb na ndiej\u00eb edhe ajo si forc\u00eb sh\u00ebndeti dhe shprese.\u201d<\/span><\/p>\n<p style=\"text-align: justify;\"><span style=\"color: #000000; font-size: 12pt; font-family: helvetica;\">&nbsp;&nbsp;&nbsp; Kjo ligj\u00ebrat\u00eb e Kryepiskopit Anastas do t\u00eb botohet e plot\u00eb n\u00eb numrin e ardhsh\u00ebm t\u00eb revist\u00ebs \u201cK\u00ebrkim\u201d.<\/span><\/p>\n<p style=\"text-align: justify;\"><span style=\"color: #000000; font-size: 12pt; font-family: helvetica;\">&nbsp;&nbsp;&nbsp; N\u00eb fillim dhe n\u00eb fund t\u00eb veprimtaris\u00eb, kori bizantin \u201cJoan Kukuzeli\u201d psali himne p\u00ebr Tre Hierark\u00ebt.<\/span><\/p>\n<p style=\"text-align: justify;\"><span style=\"color: #000000; font-size: 12pt; font-family: helvetica;\">&nbsp;&nbsp;&nbsp; Veprimtarin\u00eb e mbylli sekretari i Lidhjes, prof. dr. Pirro Prifti, i cili njoftoi t\u00eb pranishmit se veprimtari t\u00eb tilla do t\u00eb organizohen t\u00eb enjten e fundit t\u00eb \u00e7do muaji, me tema t\u00eb larmishme dhe diskutime.<\/span><\/p>\n<p style=\"text-align: justify;\">&nbsp;<\/p>\n<p style=\"text-align: justify;\">&nbsp;<\/p>\n<div><img decoding=\"async\" class=\"lazyload HAa Eha cke-resize\" style=\"border-width: 1px; border-style: solid; margin: 10px auto; display: block;\" alt=\"\" src=\"data:image\/gif;base64,R0lGODlhAQABAAAAACH5BAEKAAEALAAAAAABAAEAAAICTAEAOw==\" data-orig-src=\"https:\/\/lh5.googleusercontent.com\/-GILsYPdZB5A\/VMx-sMQ1XEI\/AAAAAAAALJc\/ifguDz1zqfU\/w958-h639-no\/Intellectual_January-5.jpg\" \/><\/div>\n<div><img decoding=\"async\" class=\"lazyload HAa Eha\" style=\"border-width: 1px; border-style: solid; margin: 10px auto; display: block;\" alt=\"\" src=\"data:image\/gif;base64,R0lGODlhAQABAAAAACH5BAEKAAEALAAAAAABAAEAAAICTAEAOw==\" data-orig-src=\"https:\/\/lh5.googleusercontent.com\/-moqSft73uOg\/VMx-rqrR2VI\/AAAAAAAALJY\/xZVr60colgU\/w539-h823-no\/Intellectual_January-4.jpg\" \/><\/div>\n<div><img decoding=\"async\" class=\"lazyload HAa Eha\" style=\"border-width: 1px; border-style: solid; margin: 10px auto; display: block;\" alt=\"\" src=\"data:image\/gif;base64,R0lGODlhAQABAAAAACH5BAEKAAEALAAAAAABAAEAAAICTAEAOw==\" data-orig-src=\"https:\/\/lh4.googleusercontent.com\/-KsL_Cfp5ihQ\/VMt54KM5yQI\/AAAAAAAALIY\/qlVu0xYKORM\/w958-h639-no\/DSC_0008.JPG\" \/><\/div>\n<div><img decoding=\"async\" class=\"lazyload HAa Eha\" style=\"border-width: 1px; border-style: solid; margin: 10px auto; display: block;\" alt=\"\" src=\"data:image\/gif;base64,R0lGODlhAQABAAAAACH5BAEKAAEALAAAAAABAAEAAAICTAEAOw==\" data-orig-src=\"https:\/\/lh5.googleusercontent.com\/-xkOXZHbJ-x8\/VMt55jQwMuI\/AAAAAAAALIg\/fBaRasejcoo\/w958-h639-no\/DSC_0048.JPG\" \/><\/div>\n<div><img decoding=\"async\" class=\"lazyload HAa Eha\" style=\"border-width: 1px; border-style: solid; margin: 10px auto; display: block;\" alt=\"\" src=\"data:image\/gif;base64,R0lGODlhAQABAAAAACH5BAEKAAEALAAAAAABAAEAAAICTAEAOw==\" data-orig-src=\"https:\/\/lh6.googleusercontent.com\/-gHujD2cuwjY\/VMx-tZ-Gf0I\/AAAAAAAALJk\/rdLO0-E65ds\/w958-h663-no\/Intellectual_January-6.jpg\" \/><\/div>\n<div id=\"ckimgrsz\" style=\"left: 203px; top: 550px;\">\n<div class=\"preview\">&nbsp;<\/div>\n<\/div>\n","protected":false},"excerpt":{"rendered":"<p>Tre Hierark\u00ebt \u2013 M\u00ebsuesit e M\u00ebdhenj Ekumenik\u00eb t\u00eb Kish\u00ebs son\u00eb &nbsp; &nbsp;&nbsp;&nbsp; Dit\u00ebn e enjte pasdite, m\u00eb 29 janar, Qendra Kulturore, n\u00eb Kompleksin e Katedrales&nbsp; \u201cNgjallja e Krishtit\u201d, n\u00eb Tiran\u00eb pati nj\u00eb gjall\u00ebri t\u00eb ve\u00e7ant\u00eb. Qindra intelektual\u00eb orthodhoks\u00eb kryeqytetas u mblodh\u00ebn n\u00eb nj\u00eb veprimtari t\u00eb Lidhjes s\u00eb tyre, e cila ishte e para n\u00eb vazhd\u00ebn e aktiviteteve q\u00eb kan\u00eb si q\u00ebllim njohjen m\u00eb t\u00eb mir\u00eb<\/p>\n","protected":false},"author":1,"featured_media":252,"comment_status":"open","ping_status":"open","sticky":false,"template":"","format":"standard","meta":{"_acf_changed":false,"pagelayer_contact_templates":[],"_pagelayer_content":"","inline_featured_image":false,"fifu_image_url":"","fifu_image_alt":"","footnotes":""},"categories":[108],"tags":[139,154,184,196,212,160],"class_list":["post-1511","post","type-post","status-publish","format-standard","has-post-thumbnail","hentry","category-lajme","tag-139","tag-aktivitete","tag-katedralja-ngjallja-e-krishtit-tirane","tag-tirane","tag-lajme-d27","tag-lidhja-e-intelektualeve-orthodhokse"],"acf":[],"yoast_head":"<!-- This site is optimized with the Yoast SEO plugin v27.2 - https:\/\/yoast.com\/product\/yoast-seo-wordpress\/ -->\n<title>Veprimtari e Lidhjes s\u00eb Intelektual\u00ebve Orthodhoks\u00eb - Kisha Orthodh\u03bfkse Autoqefale e Shqip\u00ebris\u00eb<\/title>\n<meta name=\"robots\" content=\"index, follow, max-snippet:-1, max-image-preview:large, max-video-preview:-1\" \/>\n<link rel=\"canonical\" href=\"https:\/\/orthodoxalbania.org\/2020\/2015\/01\/30\/veprimtari-e-lidhjes-se-intelektualeve-orthodhokse\/\" \/>\n<meta property=\"og:locale\" content=\"en_US\" \/>\n<meta property=\"og:type\" content=\"article\" \/>\n<meta property=\"og:title\" content=\"Veprimtari e Lidhjes s\u00eb Intelektual\u00ebve Orthodhoks\u00eb - Kisha Orthodh\u03bfkse Autoqefale e Shqip\u00ebris\u00eb\" \/>\n<meta property=\"og:description\" content=\"Tre Hierark\u00ebt \u2013 M\u00ebsuesit e M\u00ebdhenj Ekumenik\u00eb t\u00eb Kish\u00ebs son\u00eb &nbsp; &nbsp;&nbsp;&nbsp; Dit\u00ebn e enjte pasdite, m\u00eb 29 janar, Qendra Kulturore, n\u00eb Kompleksin e Katedrales&nbsp; \u201cNgjallja e Krishtit\u201d, n\u00eb Tiran\u00eb pati nj\u00eb gjall\u00ebri t\u00eb ve\u00e7ant\u00eb. Qindra intelektual\u00eb orthodhoks\u00eb kryeqytetas u mblodh\u00ebn n\u00eb nj\u00eb veprimtari t\u00eb Lidhjes s\u00eb tyre, e cila ishte e para n\u00eb vazhd\u00ebn e aktiviteteve q\u00eb kan\u00eb si q\u00ebllim njohjen m\u00eb t\u00eb mir\u00eb\" \/>\n<meta property=\"og:url\" content=\"https:\/\/orthodoxalbania.org\/2020\/2015\/01\/30\/veprimtari-e-lidhjes-se-intelektualeve-orthodhokse\/\" \/>\n<meta property=\"og:site_name\" content=\"Kisha Orthodh\u03bfkse Autoqefale e Shqip\u00ebris\u00eb\" \/>\n<meta property=\"article:publisher\" content=\"https:\/\/www.facebook.com\/koash1991\" \/>\n<meta property=\"article:published_time\" content=\"2015-01-30T12:40:40+00:00\" \/>\n<meta property=\"article:modified_time\" content=\"2020-04-06T20:02:19+00:00\" \/>\n<meta property=\"og:image\" content=\"https:\/\/orthodoxalbania.org\/2020\/wp-content\/uploads\/2020\/04\/Intellectual_January-5.jpg\" \/>\n\t<meta property=\"og:image:width\" content=\"150\" \/>\n\t<meta property=\"og:image:height\" content=\"150\" \/>\n\t<meta property=\"og:image:type\" content=\"image\/jpeg\" \/>\n<meta name=\"author\" content=\"Kisha Orthodhokse\" \/>\n<meta name=\"twitter:card\" content=\"summary_large_image\" \/>\n<meta name=\"twitter:label1\" content=\"Written by\" \/>\n\t<meta name=\"twitter:data1\" content=\"Kisha Orthodhokse\" \/>\n\t<meta name=\"twitter:label2\" content=\"Est. reading time\" \/>\n\t<meta name=\"twitter:data2\" content=\"4 minutes\" \/>\n<script type=\"application\/ld+json\" class=\"yoast-schema-graph\">{\"@context\":\"https:\/\/schema.org\",\"@graph\":[{\"@type\":\"Article\",\"@id\":\"https:\/\/orthodoxalbania.org\/2020\/2015\/01\/30\/veprimtari-e-lidhjes-se-intelektualeve-orthodhokse\/#article\",\"isPartOf\":{\"@id\":\"https:\/\/orthodoxalbania.org\/2020\/2015\/01\/30\/veprimtari-e-lidhjes-se-intelektualeve-orthodhokse\/\"},\"author\":{\"name\":\"Kisha Orthodhokse\",\"@id\":\"https:\/\/orthodoxalbania.org\/2020\/#\/schema\/person\/0c387634a7063ac612d7ed9ce71c7e86\"},\"headline\":\"Veprimtari e Lidhjes s\u00eb Intelektual\u00ebve Orthodhoks\u00eb\",\"datePublished\":\"2015-01-30T12:40:40+00:00\",\"dateModified\":\"2020-04-06T20:02:19+00:00\",\"mainEntityOfPage\":{\"@id\":\"https:\/\/orthodoxalbania.org\/2020\/2015\/01\/30\/veprimtari-e-lidhjes-se-intelektualeve-orthodhokse\/\"},\"wordCount\":849,\"commentCount\":0,\"publisher\":{\"@id\":\"https:\/\/orthodoxalbania.org\/2020\/#organization\"},\"image\":{\"@id\":\"https:\/\/orthodoxalbania.org\/2020\/2015\/01\/30\/veprimtari-e-lidhjes-se-intelektualeve-orthodhokse\/#primaryimage\"},\"thumbnailUrl\":\"https:\/\/orthodoxalbania.org\/2020\/wp-content\/uploads\/2020\/04\/Intellectual_January-5.jpg\",\"keywords\":[\"2015\",\"Aktivitete\",\"Katedralja \u201cNgjallja e Krishtit\u201d Tiran\u00eb\",\"Kryepiskopata Tiran\u00eb\",\"lajme\",\"Lidhja e Intelektual\u00ebve Orthodhoks\u00eb\"],\"articleSection\":[\"Lajme\"],\"inLanguage\":\"en-US\"},{\"@type\":\"WebPage\",\"@id\":\"https:\/\/orthodoxalbania.org\/2020\/2015\/01\/30\/veprimtari-e-lidhjes-se-intelektualeve-orthodhokse\/\",\"url\":\"https:\/\/orthodoxalbania.org\/2020\/2015\/01\/30\/veprimtari-e-lidhjes-se-intelektualeve-orthodhokse\/\",\"name\":\"Veprimtari e Lidhjes s\u00eb Intelektual\u00ebve Orthodhoks\u00eb - Kisha Orthodh\u03bfkse Autoqefale e Shqip\u00ebris\u00eb\",\"isPartOf\":{\"@id\":\"https:\/\/orthodoxalbania.org\/2020\/#website\"},\"primaryImageOfPage\":{\"@id\":\"https:\/\/orthodoxalbania.org\/2020\/2015\/01\/30\/veprimtari-e-lidhjes-se-intelektualeve-orthodhokse\/#primaryimage\"},\"image\":{\"@id\":\"https:\/\/orthodoxalbania.org\/2020\/2015\/01\/30\/veprimtari-e-lidhjes-se-intelektualeve-orthodhokse\/#primaryimage\"},\"thumbnailUrl\":\"https:\/\/orthodoxalbania.org\/2020\/wp-content\/uploads\/2020\/04\/Intellectual_January-5.jpg\",\"datePublished\":\"2015-01-30T12:40:40+00:00\",\"dateModified\":\"2020-04-06T20:02:19+00:00\",\"breadcrumb\":{\"@id\":\"https:\/\/orthodoxalbania.org\/2020\/2015\/01\/30\/veprimtari-e-lidhjes-se-intelektualeve-orthodhokse\/#breadcrumb\"},\"inLanguage\":\"en-US\",\"potentialAction\":[{\"@type\":\"ReadAction\",\"target\":[\"https:\/\/orthodoxalbania.org\/2020\/2015\/01\/30\/veprimtari-e-lidhjes-se-intelektualeve-orthodhokse\/\"]}]},{\"@type\":\"ImageObject\",\"inLanguage\":\"en-US\",\"@id\":\"https:\/\/orthodoxalbania.org\/2020\/2015\/01\/30\/veprimtari-e-lidhjes-se-intelektualeve-orthodhokse\/#primaryimage\",\"url\":\"https:\/\/orthodoxalbania.org\/2020\/wp-content\/uploads\/2020\/04\/Intellectual_January-5.jpg\",\"contentUrl\":\"https:\/\/orthodoxalbania.org\/2020\/wp-content\/uploads\/2020\/04\/Intellectual_January-5.jpg\",\"width\":150,\"height\":150},{\"@type\":\"BreadcrumbList\",\"@id\":\"https:\/\/orthodoxalbania.org\/2020\/2015\/01\/30\/veprimtari-e-lidhjes-se-intelektualeve-orthodhokse\/#breadcrumb\",\"itemListElement\":[{\"@type\":\"ListItem\",\"position\":1,\"name\":\"Home\",\"item\":\"https:\/\/orthodoxalbania.org\/2020\/\"},{\"@type\":\"ListItem\",\"position\":2,\"name\":\"Veprimtari e Lidhjes s\u00eb Intelektual\u00ebve Orthodhoks\u00eb\"}]},{\"@type\":\"WebSite\",\"@id\":\"https:\/\/orthodoxalbania.org\/2020\/#website\",\"url\":\"https:\/\/orthodoxalbania.org\/2020\/\",\"name\":\"Kisha Orthodh\u03bfkse Autoqefale e Shqip\u00ebris\u00eb\",\"description\":\"Fqja Zyrtare e Kish\u00ebs Orthodhokse Autoqefale e Shqip\u00ebris\u00eb me lajmet edhe informacionet zyrtare p\u00ebr struktur\u00ebn edhe veprimtarin e saj.\",\"publisher\":{\"@id\":\"https:\/\/orthodoxalbania.org\/2020\/#organization\"},\"potentialAction\":[{\"@type\":\"SearchAction\",\"target\":{\"@type\":\"EntryPoint\",\"urlTemplate\":\"https:\/\/orthodoxalbania.org\/2020\/?s={search_term_string}\"},\"query-input\":{\"@type\":\"PropertyValueSpecification\",\"valueRequired\":true,\"valueName\":\"search_term_string\"}}],\"inLanguage\":\"en-US\"},{\"@type\":\"Organization\",\"@id\":\"https:\/\/orthodoxalbania.org\/2020\/#organization\",\"name\":\"Kisha Orthodhokse Autoqefale e Shqip\u00ebris\u00eb\",\"url\":\"https:\/\/orthodoxalbania.org\/2020\/\",\"logo\":{\"@type\":\"ImageObject\",\"inLanguage\":\"en-US\",\"@id\":\"https:\/\/orthodoxalbania.org\/2020\/#\/schema\/logo\/image\/\",\"url\":\"https:\/\/orthodoxalbania.org\/2020\/wp-content\/uploads\/2020\/05\/albania.jpeg\",\"contentUrl\":\"https:\/\/orthodoxalbania.org\/2020\/wp-content\/uploads\/2020\/05\/albania.jpeg\",\"width\":540,\"height\":540,\"caption\":\"Kisha Orthodhokse Autoqefale e Shqip\u00ebris\u00eb\"},\"image\":{\"@id\":\"https:\/\/orthodoxalbania.org\/2020\/#\/schema\/logo\/image\/\"},\"sameAs\":[\"https:\/\/www.facebook.com\/koash1991\"]},{\"@type\":\"Person\",\"@id\":\"https:\/\/orthodoxalbania.org\/2020\/#\/schema\/person\/0c387634a7063ac612d7ed9ce71c7e86\",\"name\":\"Kisha Orthodhokse\",\"image\":{\"@type\":\"ImageObject\",\"inLanguage\":\"en-US\",\"@id\":\"https:\/\/secure.gravatar.com\/avatar\/596e7c417251e30f2fbb9c00e026fce61a695a00e51c889caded71c96cbbdde5?s=96&d=mm&r=g\",\"url\":\"https:\/\/secure.gravatar.com\/avatar\/596e7c417251e30f2fbb9c00e026fce61a695a00e51c889caded71c96cbbdde5?s=96&d=mm&r=g\",\"contentUrl\":\"https:\/\/secure.gravatar.com\/avatar\/596e7c417251e30f2fbb9c00e026fce61a695a00e51c889caded71c96cbbdde5?s=96&d=mm&r=g\",\"caption\":\"Kisha Orthodhokse\"}}]}<\/script>\n<!-- \/ Yoast SEO plugin. -->","yoast_head_json":{"title":"Veprimtari e Lidhjes s\u00eb Intelektual\u00ebve Orthodhoks\u00eb - Kisha Orthodh\u03bfkse Autoqefale e Shqip\u00ebris\u00eb","robots":{"index":"index","follow":"follow","max-snippet":"max-snippet:-1","max-image-preview":"max-image-preview:large","max-video-preview":"max-video-preview:-1"},"canonical":"https:\/\/orthodoxalbania.org\/2020\/2015\/01\/30\/veprimtari-e-lidhjes-se-intelektualeve-orthodhokse\/","og_locale":"en_US","og_type":"article","og_title":"Veprimtari e Lidhjes s\u00eb Intelektual\u00ebve Orthodhoks\u00eb - Kisha Orthodh\u03bfkse Autoqefale e Shqip\u00ebris\u00eb","og_description":"Tre Hierark\u00ebt \u2013 M\u00ebsuesit e M\u00ebdhenj Ekumenik\u00eb t\u00eb Kish\u00ebs son\u00eb &nbsp; &nbsp;&nbsp;&nbsp; Dit\u00ebn e enjte pasdite, m\u00eb 29 janar, Qendra Kulturore, n\u00eb Kompleksin e Katedrales&nbsp; \u201cNgjallja e Krishtit\u201d, n\u00eb Tiran\u00eb pati nj\u00eb gjall\u00ebri t\u00eb ve\u00e7ant\u00eb. Qindra intelektual\u00eb orthodhoks\u00eb kryeqytetas u mblodh\u00ebn n\u00eb nj\u00eb veprimtari t\u00eb Lidhjes s\u00eb tyre, e cila ishte e para n\u00eb vazhd\u00ebn e aktiviteteve q\u00eb kan\u00eb si q\u00ebllim njohjen m\u00eb t\u00eb mir\u00eb","og_url":"https:\/\/orthodoxalbania.org\/2020\/2015\/01\/30\/veprimtari-e-lidhjes-se-intelektualeve-orthodhokse\/","og_site_name":"Kisha Orthodh\u03bfkse Autoqefale e Shqip\u00ebris\u00eb","article_publisher":"https:\/\/www.facebook.com\/koash1991","article_published_time":"2015-01-30T12:40:40+00:00","article_modified_time":"2020-04-06T20:02:19+00:00","og_image":[{"width":150,"height":150,"url":"https:\/\/orthodoxalbania.org\/2020\/wp-content\/uploads\/2020\/04\/Intellectual_January-5.jpg","type":"image\/jpeg"}],"author":"Kisha Orthodhokse","twitter_card":"summary_large_image","twitter_misc":{"Written by":"Kisha Orthodhokse","Est. reading time":"4 minutes"},"schema":{"@context":"https:\/\/schema.org","@graph":[{"@type":"Article","@id":"https:\/\/orthodoxalbania.org\/2020\/2015\/01\/30\/veprimtari-e-lidhjes-se-intelektualeve-orthodhokse\/#article","isPartOf":{"@id":"https:\/\/orthodoxalbania.org\/2020\/2015\/01\/30\/veprimtari-e-lidhjes-se-intelektualeve-orthodhokse\/"},"author":{"name":"Kisha Orthodhokse","@id":"https:\/\/orthodoxalbania.org\/2020\/#\/schema\/person\/0c387634a7063ac612d7ed9ce71c7e86"},"headline":"Veprimtari e Lidhjes s\u00eb Intelektual\u00ebve Orthodhoks\u00eb","datePublished":"2015-01-30T12:40:40+00:00","dateModified":"2020-04-06T20:02:19+00:00","mainEntityOfPage":{"@id":"https:\/\/orthodoxalbania.org\/2020\/2015\/01\/30\/veprimtari-e-lidhjes-se-intelektualeve-orthodhokse\/"},"wordCount":849,"commentCount":0,"publisher":{"@id":"https:\/\/orthodoxalbania.org\/2020\/#organization"},"image":{"@id":"https:\/\/orthodoxalbania.org\/2020\/2015\/01\/30\/veprimtari-e-lidhjes-se-intelektualeve-orthodhokse\/#primaryimage"},"thumbnailUrl":"https:\/\/orthodoxalbania.org\/2020\/wp-content\/uploads\/2020\/04\/Intellectual_January-5.jpg","keywords":["2015","Aktivitete","Katedralja \u201cNgjallja e Krishtit\u201d Tiran\u00eb","Kryepiskopata Tiran\u00eb","lajme","Lidhja e Intelektual\u00ebve Orthodhoks\u00eb"],"articleSection":["Lajme"],"inLanguage":"en-US"},{"@type":"WebPage","@id":"https:\/\/orthodoxalbania.org\/2020\/2015\/01\/30\/veprimtari-e-lidhjes-se-intelektualeve-orthodhokse\/","url":"https:\/\/orthodoxalbania.org\/2020\/2015\/01\/30\/veprimtari-e-lidhjes-se-intelektualeve-orthodhokse\/","name":"Veprimtari e Lidhjes s\u00eb Intelektual\u00ebve Orthodhoks\u00eb - Kisha Orthodh\u03bfkse Autoqefale e Shqip\u00ebris\u00eb","isPartOf":{"@id":"https:\/\/orthodoxalbania.org\/2020\/#website"},"primaryImageOfPage":{"@id":"https:\/\/orthodoxalbania.org\/2020\/2015\/01\/30\/veprimtari-e-lidhjes-se-intelektualeve-orthodhokse\/#primaryimage"},"image":{"@id":"https:\/\/orthodoxalbania.org\/2020\/2015\/01\/30\/veprimtari-e-lidhjes-se-intelektualeve-orthodhokse\/#primaryimage"},"thumbnailUrl":"https:\/\/orthodoxalbania.org\/2020\/wp-content\/uploads\/2020\/04\/Intellectual_January-5.jpg","datePublished":"2015-01-30T12:40:40+00:00","dateModified":"2020-04-06T20:02:19+00:00","breadcrumb":{"@id":"https:\/\/orthodoxalbania.org\/2020\/2015\/01\/30\/veprimtari-e-lidhjes-se-intelektualeve-orthodhokse\/#breadcrumb"},"inLanguage":"en-US","potentialAction":[{"@type":"ReadAction","target":["https:\/\/orthodoxalbania.org\/2020\/2015\/01\/30\/veprimtari-e-lidhjes-se-intelektualeve-orthodhokse\/"]}]},{"@type":"ImageObject","inLanguage":"en-US","@id":"https:\/\/orthodoxalbania.org\/2020\/2015\/01\/30\/veprimtari-e-lidhjes-se-intelektualeve-orthodhokse\/#primaryimage","url":"https:\/\/orthodoxalbania.org\/2020\/wp-content\/uploads\/2020\/04\/Intellectual_January-5.jpg","contentUrl":"https:\/\/orthodoxalbania.org\/2020\/wp-content\/uploads\/2020\/04\/Intellectual_January-5.jpg","width":150,"height":150},{"@type":"BreadcrumbList","@id":"https:\/\/orthodoxalbania.org\/2020\/2015\/01\/30\/veprimtari-e-lidhjes-se-intelektualeve-orthodhokse\/#breadcrumb","itemListElement":[{"@type":"ListItem","position":1,"name":"Home","item":"https:\/\/orthodoxalbania.org\/2020\/"},{"@type":"ListItem","position":2,"name":"Veprimtari e Lidhjes s\u00eb Intelektual\u00ebve Orthodhoks\u00eb"}]},{"@type":"WebSite","@id":"https:\/\/orthodoxalbania.org\/2020\/#website","url":"https:\/\/orthodoxalbania.org\/2020\/","name":"Kisha Orthodh\u03bfkse Autoqefale e Shqip\u00ebris\u00eb","description":"Fqja Zyrtare e Kish\u00ebs Orthodhokse Autoqefale e Shqip\u00ebris\u00eb me lajmet edhe informacionet zyrtare p\u00ebr struktur\u00ebn edhe veprimtarin e saj.","publisher":{"@id":"https:\/\/orthodoxalbania.org\/2020\/#organization"},"potentialAction":[{"@type":"SearchAction","target":{"@type":"EntryPoint","urlTemplate":"https:\/\/orthodoxalbania.org\/2020\/?s={search_term_string}"},"query-input":{"@type":"PropertyValueSpecification","valueRequired":true,"valueName":"search_term_string"}}],"inLanguage":"en-US"},{"@type":"Organization","@id":"https:\/\/orthodoxalbania.org\/2020\/#organization","name":"Kisha Orthodhokse Autoqefale e Shqip\u00ebris\u00eb","url":"https:\/\/orthodoxalbania.org\/2020\/","logo":{"@type":"ImageObject","inLanguage":"en-US","@id":"https:\/\/orthodoxalbania.org\/2020\/#\/schema\/logo\/image\/","url":"https:\/\/orthodoxalbania.org\/2020\/wp-content\/uploads\/2020\/05\/albania.jpeg","contentUrl":"https:\/\/orthodoxalbania.org\/2020\/wp-content\/uploads\/2020\/05\/albania.jpeg","width":540,"height":540,"caption":"Kisha Orthodhokse Autoqefale e Shqip\u00ebris\u00eb"},"image":{"@id":"https:\/\/orthodoxalbania.org\/2020\/#\/schema\/logo\/image\/"},"sameAs":["https:\/\/www.facebook.com\/koash1991"]},{"@type":"Person","@id":"https:\/\/orthodoxalbania.org\/2020\/#\/schema\/person\/0c387634a7063ac612d7ed9ce71c7e86","name":"Kisha Orthodhokse","image":{"@type":"ImageObject","inLanguage":"en-US","@id":"https:\/\/secure.gravatar.com\/avatar\/596e7c417251e30f2fbb9c00e026fce61a695a00e51c889caded71c96cbbdde5?s=96&d=mm&r=g","url":"https:\/\/secure.gravatar.com\/avatar\/596e7c417251e30f2fbb9c00e026fce61a695a00e51c889caded71c96cbbdde5?s=96&d=mm&r=g","contentUrl":"https:\/\/secure.gravatar.com\/avatar\/596e7c417251e30f2fbb9c00e026fce61a695a00e51c889caded71c96cbbdde5?s=96&d=mm&r=g","caption":"Kisha Orthodhokse"}}]}},"_links":{"self":[{"href":"https:\/\/orthodoxalbania.org\/2020\/wp-json\/wp\/v2\/posts\/1511","targetHints":{"allow":["GET"]}}],"collection":[{"href":"https:\/\/orthodoxalbania.org\/2020\/wp-json\/wp\/v2\/posts"}],"about":[{"href":"https:\/\/orthodoxalbania.org\/2020\/wp-json\/wp\/v2\/types\/post"}],"author":[{"embeddable":true,"href":"https:\/\/orthodoxalbania.org\/2020\/wp-json\/wp\/v2\/users\/1"}],"replies":[{"embeddable":true,"href":"https:\/\/orthodoxalbania.org\/2020\/wp-json\/wp\/v2\/comments?post=1511"}],"version-history":[{"count":1,"href":"https:\/\/orthodoxalbania.org\/2020\/wp-json\/wp\/v2\/posts\/1511\/revisions"}],"predecessor-version":[{"id":15033,"href":"https:\/\/orthodoxalbania.org\/2020\/wp-json\/wp\/v2\/posts\/1511\/revisions\/15033"}],"wp:featuredmedia":[{"embeddable":true,"href":"https:\/\/orthodoxalbania.org\/2020\/wp-json\/wp\/v2\/media\/252"}],"wp:attachment":[{"href":"https:\/\/orthodoxalbania.org\/2020\/wp-json\/wp\/v2\/media?parent=1511"}],"wp:term":[{"taxonomy":"category","embeddable":true,"href":"https:\/\/orthodoxalbania.org\/2020\/wp-json\/wp\/v2\/categories?post=1511"},{"taxonomy":"post_tag","embeddable":true,"href":"https:\/\/orthodoxalbania.org\/2020\/wp-json\/wp\/v2\/tags?post=1511"}],"curies":[{"name":"wp","href":"https:\/\/api.w.org\/{rel}","templated":true}]}}