{"id":1510,"date":"2013-03-21T11:53:10","date_gmt":"2013-03-21T11:53:10","guid":{"rendered":""},"modified":"2020-04-06T22:06:06","modified_gmt":"2020-04-06T20:06:06","slug":"veprimtari-e-kishes-ne-institutin-e-riedukimit-te-te-miturve-ne-kavaje","status":"publish","type":"post","link":"https:\/\/orthodoxalbania.org\/2020\/2013\/03\/21\/veprimtari-e-kishes-ne-institutin-e-riedukimit-te-te-miturve-ne-kavaje\/","title":{"rendered":"Veprimtari e Kish\u00ebs n\u00eb Institutin e Riedukimit t\u00eb t\u00eb Miturve n\u00eb Kavaj\u00eb. (15 &#8211; 25 Prill 2012)"},"content":{"rendered":"<div style=\"text-align: justify;\">\n\t<span style=\"color:#000000;\"><span style=\"font-family: tahoma,geneva,sans-serif;\"><span style=\"font-size: 12px;\"><span lang=\"SQ\">&nbsp;&nbsp;&nbsp; Nj\u00eb veprimtari e bukur, emocionuese dhe arg\u00ebtuese do t\u00eb mbetet gjat\u00eb n\u00eb kujtes\u00ebn e t\u00eb miturve t\u00eb Institutit t\u00eb Riedukimit n\u00eb Kavaj\u00eb. N\u00eb kuad\u00ebr t\u00eb periudh\u00ebs festive&nbsp; t\u00eb Pashk\u00ebs, p\u00ebr t\u2019i dh\u00ebn\u00eb nj\u00eb impuls m\u00eb shum\u00eb jet\u00ebs n\u00eb k\u00ebt\u00eb institucion riedukimi, me bekimin dhe mund\u00ebsit\u00eb e krijuara nga Kryepiskopit Anastas, n\u00eb datat 15 dhe 25 prill, u realizuan n\u00eb t\u00eb veprimtari festive dhe arg\u00ebtuese.<\/span><\/span><\/span><\/span><\/div>\n<div style=\"text-align: justify;\">\n\t<br \/>\n\t<span style=\"color:#000000;\"><span style=\"font-family: tahoma,geneva,sans-serif;\"><span style=\"font-size: 12px;\"><span style=\"line-height: 150%;\">&nbsp;&nbsp;&nbsp; T\u00eb ftuar ishin parodist\u00ebt e Vlor\u00ebs, t\u00eb cil\u00ebt soll\u00ebn humor dhe g\u00ebzim, nd\u00ebrkoh\u00eb q\u00eb f\u00ebmij\u00ebt u arg\u00ebtuan edhe me pjes\u00eb t\u00eb tjera t\u00eb k\u00ebndshme t\u00eb veprimtaris\u00eb, si k\u00ebng\u00eb, kokteil, takime dhe biseda t\u00eb ndryshme me t\u00eb ftuarit.<\/span><\/span><\/span><\/span><\/div>\n<div style=\"text-align: justify;\">\n\t<br \/>\n\t<span style=\"color:#000000;\"><span style=\"font-family: tahoma,geneva,sans-serif;\"><span style=\"font-size: 12px;\"><span lang=\"SQ\">&nbsp;&nbsp;&nbsp; Koordinatori i k\u00ebsaj nisme ishte At\u00eb Jani Tereziu, i cili bashk\u00ebpunoi me drejtorin e k\u00ebtij instituti, z. Xhevat Hylviu dhe znj. Myfarete Laze, Drejtoresh\u00eb e pun\u00ebve sociale n\u00eb drejtorin\u00eb e burgjeve.<\/span><\/span><\/span><\/span><\/div>\n<div style=\"text-align: justify;\">\n\t<br \/>\n\t<span style=\"color:#000000;\"><span style=\"font-family: tahoma,geneva,sans-serif;\"><span style=\"font-size: 12px;\"><span style=\"line-height: 150%;\">&nbsp;&nbsp;&nbsp; P\u00ebrfaq\u00ebsuesit e institucioneve fal\u00ebnderuan Kish\u00ebn Orthodhokse p\u00ebr k\u00ebt\u00eb nism\u00eb kaq t\u00eb vlefshme dhe t\u00eb bukur dhe shpreh\u00ebn d\u00ebshir\u00ebn <\/span><span style=\"line-height: 150%;\">&nbsp;q\u00eb ky bashk\u00ebpunim t\u00eb vazhdoj\u00eb edhe m\u00eb aktivitete t\u00eb tjera n\u00eb t\u00eb ardhmen.<\/span><\/span><\/span><\/span><\/div>\n","protected":false},"excerpt":{"rendered":"<p>&nbsp;&nbsp;&nbsp; Nj\u00eb veprimtari e bukur, emocionuese dhe arg\u00ebtuese do t\u00eb mbetet gjat\u00eb n\u00eb kujtes\u00ebn e t\u00eb miturve t\u00eb Institutit t\u00eb Riedukimit n\u00eb Kavaj\u00eb. N\u00eb kuad\u00ebr t\u00eb periudh\u00ebs festive&nbsp; t\u00eb Pashk\u00ebs, p\u00ebr t\u2019i dh\u00ebn\u00eb nj\u00eb impuls m\u00eb shum\u00eb jet\u00ebs n\u00eb k\u00ebt\u00eb institucion riedukimi, me bekimin dhe mund\u00ebsit\u00eb e krijuara nga Kryepiskopit Anastas, n\u00eb datat 15 dhe 25 prill, u realizuan n\u00eb t\u00eb veprimtari festive dhe arg\u00ebtuese.<\/p>\n","protected":false},"author":1,"featured_media":0,"comment_status":"open","ping_status":"open","sticky":false,"template":"","format":"standard","meta":{"_acf_changed":false,"pagelayer_contact_templates":[],"_pagelayer_content":"","inline_featured_image":false,"fifu_image_url":"","fifu_image_alt":"","footnotes":""},"categories":[108],"tags":[142,154,196,212],"class_list":["post-1510","post","type-post","status-publish","format-standard","hentry","category-lajme","tag-142","tag-aktivitete","tag-tirane","tag-lajme-d27"],"acf":[],"yoast_head":"<!-- This site is optimized with the Yoast SEO plugin v27.2 - https:\/\/yoast.com\/product\/yoast-seo-wordpress\/ -->\n<title>Veprimtari e Kish\u00ebs n\u00eb Institutin e Riedukimit t\u00eb t\u00eb Miturve n\u00eb Kavaj\u00eb. (15 - 25 Prill 2012) - Kisha Orthodh\u03bfkse Autoqefale e Shqip\u00ebris\u00eb<\/title>\n<meta name=\"robots\" content=\"index, follow, max-snippet:-1, max-image-preview:large, max-video-preview:-1\" \/>\n<link rel=\"canonical\" href=\"https:\/\/orthodoxalbania.org\/2020\/2013\/03\/21\/veprimtari-e-kishes-ne-institutin-e-riedukimit-te-te-miturve-ne-kavaje\/\" \/>\n<meta property=\"og:locale\" content=\"en_US\" \/>\n<meta property=\"og:type\" content=\"article\" \/>\n<meta property=\"og:title\" content=\"Veprimtari e Kish\u00ebs n\u00eb Institutin e Riedukimit t\u00eb t\u00eb Miturve n\u00eb Kavaj\u00eb. (15 - 25 Prill 2012) - Kisha Orthodh\u03bfkse Autoqefale e Shqip\u00ebris\u00eb\" \/>\n<meta property=\"og:description\" content=\"&nbsp;&nbsp;&nbsp; Nj\u00eb veprimtari e bukur, emocionuese dhe arg\u00ebtuese do t\u00eb mbetet gjat\u00eb n\u00eb kujtes\u00ebn e t\u00eb miturve t\u00eb Institutit t\u00eb Riedukimit n\u00eb Kavaj\u00eb. N\u00eb kuad\u00ebr t\u00eb periudh\u00ebs festive&nbsp; t\u00eb Pashk\u00ebs, p\u00ebr t\u2019i dh\u00ebn\u00eb nj\u00eb impuls m\u00eb shum\u00eb jet\u00ebs n\u00eb k\u00ebt\u00eb institucion riedukimi, me bekimin dhe mund\u00ebsit\u00eb e krijuara nga Kryepiskopit Anastas, n\u00eb datat 15 dhe 25 prill, u realizuan n\u00eb t\u00eb veprimtari festive dhe arg\u00ebtuese.\" \/>\n<meta property=\"og:url\" content=\"https:\/\/orthodoxalbania.org\/2020\/2013\/03\/21\/veprimtari-e-kishes-ne-institutin-e-riedukimit-te-te-miturve-ne-kavaje\/\" \/>\n<meta property=\"og:site_name\" content=\"Kisha Orthodh\u03bfkse Autoqefale e Shqip\u00ebris\u00eb\" \/>\n<meta property=\"article:publisher\" content=\"https:\/\/www.facebook.com\/koash1991\" \/>\n<meta property=\"article:published_time\" content=\"2013-03-21T11:53:10+00:00\" \/>\n<meta property=\"article:modified_time\" content=\"2020-04-06T20:06:06+00:00\" \/>\n<meta property=\"og:image\" content=\"https:\/\/orthodoxalbania.org\/2020\/wp-content\/uploads\/2021\/02\/LogoLastALb-200.png\" \/>\n\t<meta property=\"og:image:width\" content=\"200\" \/>\n\t<meta property=\"og:image:height\" content=\"172\" \/>\n\t<meta property=\"og:image:type\" content=\"image\/png\" \/>\n<meta name=\"author\" content=\"Kisha Orthodhokse\" \/>\n<meta name=\"twitter:card\" content=\"summary_large_image\" \/>\n<meta name=\"twitter:label1\" content=\"Written by\" \/>\n\t<meta name=\"twitter:data1\" content=\"Kisha Orthodhokse\" \/>\n\t<meta name=\"twitter:label2\" content=\"Est. reading time\" \/>\n\t<meta name=\"twitter:data2\" content=\"1 minute\" \/>\n<script type=\"application\/ld+json\" class=\"yoast-schema-graph\">{\"@context\":\"https:\/\/schema.org\",\"@graph\":[{\"@type\":\"Article\",\"@id\":\"https:\/\/orthodoxalbania.org\/2020\/2013\/03\/21\/veprimtari-e-kishes-ne-institutin-e-riedukimit-te-te-miturve-ne-kavaje\/#article\",\"isPartOf\":{\"@id\":\"https:\/\/orthodoxalbania.org\/2020\/2013\/03\/21\/veprimtari-e-kishes-ne-institutin-e-riedukimit-te-te-miturve-ne-kavaje\/\"},\"author\":{\"name\":\"Kisha Orthodhokse\",\"@id\":\"https:\/\/orthodoxalbania.org\/2020\/#\/schema\/person\/0c387634a7063ac612d7ed9ce71c7e86\"},\"headline\":\"Veprimtari e Kish\u00ebs n\u00eb Institutin e Riedukimit t\u00eb t\u00eb Miturve n\u00eb Kavaj\u00eb. (15 &#8211; 25 Prill 2012)\",\"datePublished\":\"2013-03-21T11:53:10+00:00\",\"dateModified\":\"2020-04-06T20:06:06+00:00\",\"mainEntityOfPage\":{\"@id\":\"https:\/\/orthodoxalbania.org\/2020\/2013\/03\/21\/veprimtari-e-kishes-ne-institutin-e-riedukimit-te-te-miturve-ne-kavaje\/\"},\"wordCount\":227,\"commentCount\":0,\"publisher\":{\"@id\":\"https:\/\/orthodoxalbania.org\/2020\/#organization\"},\"keywords\":[\"2012\",\"Aktivitete\",\"Kryepiskopata Tiran\u00eb\",\"lajme\"],\"articleSection\":[\"Lajme\"],\"inLanguage\":\"en-US\"},{\"@type\":\"WebPage\",\"@id\":\"https:\/\/orthodoxalbania.org\/2020\/2013\/03\/21\/veprimtari-e-kishes-ne-institutin-e-riedukimit-te-te-miturve-ne-kavaje\/\",\"url\":\"https:\/\/orthodoxalbania.org\/2020\/2013\/03\/21\/veprimtari-e-kishes-ne-institutin-e-riedukimit-te-te-miturve-ne-kavaje\/\",\"name\":\"Veprimtari e Kish\u00ebs n\u00eb Institutin e Riedukimit t\u00eb t\u00eb Miturve n\u00eb Kavaj\u00eb. (15 - 25 Prill 2012) - Kisha Orthodh\u03bfkse Autoqefale e Shqip\u00ebris\u00eb\",\"isPartOf\":{\"@id\":\"https:\/\/orthodoxalbania.org\/2020\/#website\"},\"datePublished\":\"2013-03-21T11:53:10+00:00\",\"dateModified\":\"2020-04-06T20:06:06+00:00\",\"breadcrumb\":{\"@id\":\"https:\/\/orthodoxalbania.org\/2020\/2013\/03\/21\/veprimtari-e-kishes-ne-institutin-e-riedukimit-te-te-miturve-ne-kavaje\/#breadcrumb\"},\"inLanguage\":\"en-US\",\"potentialAction\":[{\"@type\":\"ReadAction\",\"target\":[\"https:\/\/orthodoxalbania.org\/2020\/2013\/03\/21\/veprimtari-e-kishes-ne-institutin-e-riedukimit-te-te-miturve-ne-kavaje\/\"]}]},{\"@type\":\"BreadcrumbList\",\"@id\":\"https:\/\/orthodoxalbania.org\/2020\/2013\/03\/21\/veprimtari-e-kishes-ne-institutin-e-riedukimit-te-te-miturve-ne-kavaje\/#breadcrumb\",\"itemListElement\":[{\"@type\":\"ListItem\",\"position\":1,\"name\":\"Home\",\"item\":\"https:\/\/orthodoxalbania.org\/2020\/\"},{\"@type\":\"ListItem\",\"position\":2,\"name\":\"Veprimtari e Kish\u00ebs n\u00eb Institutin e Riedukimit t\u00eb t\u00eb Miturve n\u00eb Kavaj\u00eb. (15 &#8211; 25 Prill 2012)\"}]},{\"@type\":\"WebSite\",\"@id\":\"https:\/\/orthodoxalbania.org\/2020\/#website\",\"url\":\"https:\/\/orthodoxalbania.org\/2020\/\",\"name\":\"Kisha Orthodh\u03bfkse Autoqefale e Shqip\u00ebris\u00eb\",\"description\":\"Fqja Zyrtare e Kish\u00ebs Orthodhokse Autoqefale e Shqip\u00ebris\u00eb me lajmet edhe informacionet zyrtare p\u00ebr struktur\u00ebn edhe veprimtarin e saj.\",\"publisher\":{\"@id\":\"https:\/\/orthodoxalbania.org\/2020\/#organization\"},\"potentialAction\":[{\"@type\":\"SearchAction\",\"target\":{\"@type\":\"EntryPoint\",\"urlTemplate\":\"https:\/\/orthodoxalbania.org\/2020\/?s={search_term_string}\"},\"query-input\":{\"@type\":\"PropertyValueSpecification\",\"valueRequired\":true,\"valueName\":\"search_term_string\"}}],\"inLanguage\":\"en-US\"},{\"@type\":\"Organization\",\"@id\":\"https:\/\/orthodoxalbania.org\/2020\/#organization\",\"name\":\"Kisha Orthodhokse Autoqefale e Shqip\u00ebris\u00eb\",\"url\":\"https:\/\/orthodoxalbania.org\/2020\/\",\"logo\":{\"@type\":\"ImageObject\",\"inLanguage\":\"en-US\",\"@id\":\"https:\/\/orthodoxalbania.org\/2020\/#\/schema\/logo\/image\/\",\"url\":\"https:\/\/orthodoxalbania.org\/2020\/wp-content\/uploads\/2020\/05\/albania.jpeg\",\"contentUrl\":\"https:\/\/orthodoxalbania.org\/2020\/wp-content\/uploads\/2020\/05\/albania.jpeg\",\"width\":540,\"height\":540,\"caption\":\"Kisha Orthodhokse Autoqefale e Shqip\u00ebris\u00eb\"},\"image\":{\"@id\":\"https:\/\/orthodoxalbania.org\/2020\/#\/schema\/logo\/image\/\"},\"sameAs\":[\"https:\/\/www.facebook.com\/koash1991\"]},{\"@type\":\"Person\",\"@id\":\"https:\/\/orthodoxalbania.org\/2020\/#\/schema\/person\/0c387634a7063ac612d7ed9ce71c7e86\",\"name\":\"Kisha Orthodhokse\",\"image\":{\"@type\":\"ImageObject\",\"inLanguage\":\"en-US\",\"@id\":\"https:\/\/secure.gravatar.com\/avatar\/596e7c417251e30f2fbb9c00e026fce61a695a00e51c889caded71c96cbbdde5?s=96&d=mm&r=g\",\"url\":\"https:\/\/secure.gravatar.com\/avatar\/596e7c417251e30f2fbb9c00e026fce61a695a00e51c889caded71c96cbbdde5?s=96&d=mm&r=g\",\"contentUrl\":\"https:\/\/secure.gravatar.com\/avatar\/596e7c417251e30f2fbb9c00e026fce61a695a00e51c889caded71c96cbbdde5?s=96&d=mm&r=g\",\"caption\":\"Kisha Orthodhokse\"}}]}<\/script>\n<!-- \/ Yoast SEO plugin. -->","yoast_head_json":{"title":"Veprimtari e Kish\u00ebs n\u00eb Institutin e Riedukimit t\u00eb t\u00eb Miturve n\u00eb Kavaj\u00eb. (15 - 25 Prill 2012) - Kisha Orthodh\u03bfkse Autoqefale e Shqip\u00ebris\u00eb","robots":{"index":"index","follow":"follow","max-snippet":"max-snippet:-1","max-image-preview":"max-image-preview:large","max-video-preview":"max-video-preview:-1"},"canonical":"https:\/\/orthodoxalbania.org\/2020\/2013\/03\/21\/veprimtari-e-kishes-ne-institutin-e-riedukimit-te-te-miturve-ne-kavaje\/","og_locale":"en_US","og_type":"article","og_title":"Veprimtari e Kish\u00ebs n\u00eb Institutin e Riedukimit t\u00eb t\u00eb Miturve n\u00eb Kavaj\u00eb. (15 - 25 Prill 2012) - Kisha Orthodh\u03bfkse Autoqefale e Shqip\u00ebris\u00eb","og_description":"&nbsp;&nbsp;&nbsp; Nj\u00eb veprimtari e bukur, emocionuese dhe arg\u00ebtuese do t\u00eb mbetet gjat\u00eb n\u00eb kujtes\u00ebn e t\u00eb miturve t\u00eb Institutit t\u00eb Riedukimit n\u00eb Kavaj\u00eb. N\u00eb kuad\u00ebr t\u00eb periudh\u00ebs festive&nbsp; t\u00eb Pashk\u00ebs, p\u00ebr t\u2019i dh\u00ebn\u00eb nj\u00eb impuls m\u00eb shum\u00eb jet\u00ebs n\u00eb k\u00ebt\u00eb institucion riedukimi, me bekimin dhe mund\u00ebsit\u00eb e krijuara nga Kryepiskopit Anastas, n\u00eb datat 15 dhe 25 prill, u realizuan n\u00eb t\u00eb veprimtari festive dhe arg\u00ebtuese.","og_url":"https:\/\/orthodoxalbania.org\/2020\/2013\/03\/21\/veprimtari-e-kishes-ne-institutin-e-riedukimit-te-te-miturve-ne-kavaje\/","og_site_name":"Kisha Orthodh\u03bfkse Autoqefale e Shqip\u00ebris\u00eb","article_publisher":"https:\/\/www.facebook.com\/koash1991","article_published_time":"2013-03-21T11:53:10+00:00","article_modified_time":"2020-04-06T20:06:06+00:00","og_image":[{"width":200,"height":172,"url":"https:\/\/orthodoxalbania.org\/2020\/wp-content\/uploads\/2021\/02\/LogoLastALb-200.png","type":"image\/png"}],"author":"Kisha Orthodhokse","twitter_card":"summary_large_image","twitter_misc":{"Written by":"Kisha Orthodhokse","Est. reading time":"1 minute"},"schema":{"@context":"https:\/\/schema.org","@graph":[{"@type":"Article","@id":"https:\/\/orthodoxalbania.org\/2020\/2013\/03\/21\/veprimtari-e-kishes-ne-institutin-e-riedukimit-te-te-miturve-ne-kavaje\/#article","isPartOf":{"@id":"https:\/\/orthodoxalbania.org\/2020\/2013\/03\/21\/veprimtari-e-kishes-ne-institutin-e-riedukimit-te-te-miturve-ne-kavaje\/"},"author":{"name":"Kisha Orthodhokse","@id":"https:\/\/orthodoxalbania.org\/2020\/#\/schema\/person\/0c387634a7063ac612d7ed9ce71c7e86"},"headline":"Veprimtari e Kish\u00ebs n\u00eb Institutin e Riedukimit t\u00eb t\u00eb Miturve n\u00eb Kavaj\u00eb. (15 &#8211; 25 Prill 2012)","datePublished":"2013-03-21T11:53:10+00:00","dateModified":"2020-04-06T20:06:06+00:00","mainEntityOfPage":{"@id":"https:\/\/orthodoxalbania.org\/2020\/2013\/03\/21\/veprimtari-e-kishes-ne-institutin-e-riedukimit-te-te-miturve-ne-kavaje\/"},"wordCount":227,"commentCount":0,"publisher":{"@id":"https:\/\/orthodoxalbania.org\/2020\/#organization"},"keywords":["2012","Aktivitete","Kryepiskopata Tiran\u00eb","lajme"],"articleSection":["Lajme"],"inLanguage":"en-US"},{"@type":"WebPage","@id":"https:\/\/orthodoxalbania.org\/2020\/2013\/03\/21\/veprimtari-e-kishes-ne-institutin-e-riedukimit-te-te-miturve-ne-kavaje\/","url":"https:\/\/orthodoxalbania.org\/2020\/2013\/03\/21\/veprimtari-e-kishes-ne-institutin-e-riedukimit-te-te-miturve-ne-kavaje\/","name":"Veprimtari e Kish\u00ebs n\u00eb Institutin e Riedukimit t\u00eb t\u00eb Miturve n\u00eb Kavaj\u00eb. (15 - 25 Prill 2012) - Kisha Orthodh\u03bfkse Autoqefale e Shqip\u00ebris\u00eb","isPartOf":{"@id":"https:\/\/orthodoxalbania.org\/2020\/#website"},"datePublished":"2013-03-21T11:53:10+00:00","dateModified":"2020-04-06T20:06:06+00:00","breadcrumb":{"@id":"https:\/\/orthodoxalbania.org\/2020\/2013\/03\/21\/veprimtari-e-kishes-ne-institutin-e-riedukimit-te-te-miturve-ne-kavaje\/#breadcrumb"},"inLanguage":"en-US","potentialAction":[{"@type":"ReadAction","target":["https:\/\/orthodoxalbania.org\/2020\/2013\/03\/21\/veprimtari-e-kishes-ne-institutin-e-riedukimit-te-te-miturve-ne-kavaje\/"]}]},{"@type":"BreadcrumbList","@id":"https:\/\/orthodoxalbania.org\/2020\/2013\/03\/21\/veprimtari-e-kishes-ne-institutin-e-riedukimit-te-te-miturve-ne-kavaje\/#breadcrumb","itemListElement":[{"@type":"ListItem","position":1,"name":"Home","item":"https:\/\/orthodoxalbania.org\/2020\/"},{"@type":"ListItem","position":2,"name":"Veprimtari e Kish\u00ebs n\u00eb Institutin e Riedukimit t\u00eb t\u00eb Miturve n\u00eb Kavaj\u00eb. (15 &#8211; 25 Prill 2012)"}]},{"@type":"WebSite","@id":"https:\/\/orthodoxalbania.org\/2020\/#website","url":"https:\/\/orthodoxalbania.org\/2020\/","name":"Kisha Orthodh\u03bfkse Autoqefale e Shqip\u00ebris\u00eb","description":"Fqja Zyrtare e Kish\u00ebs Orthodhokse Autoqefale e Shqip\u00ebris\u00eb me lajmet edhe informacionet zyrtare p\u00ebr struktur\u00ebn edhe veprimtarin e saj.","publisher":{"@id":"https:\/\/orthodoxalbania.org\/2020\/#organization"},"potentialAction":[{"@type":"SearchAction","target":{"@type":"EntryPoint","urlTemplate":"https:\/\/orthodoxalbania.org\/2020\/?s={search_term_string}"},"query-input":{"@type":"PropertyValueSpecification","valueRequired":true,"valueName":"search_term_string"}}],"inLanguage":"en-US"},{"@type":"Organization","@id":"https:\/\/orthodoxalbania.org\/2020\/#organization","name":"Kisha Orthodhokse Autoqefale e Shqip\u00ebris\u00eb","url":"https:\/\/orthodoxalbania.org\/2020\/","logo":{"@type":"ImageObject","inLanguage":"en-US","@id":"https:\/\/orthodoxalbania.org\/2020\/#\/schema\/logo\/image\/","url":"https:\/\/orthodoxalbania.org\/2020\/wp-content\/uploads\/2020\/05\/albania.jpeg","contentUrl":"https:\/\/orthodoxalbania.org\/2020\/wp-content\/uploads\/2020\/05\/albania.jpeg","width":540,"height":540,"caption":"Kisha Orthodhokse Autoqefale e Shqip\u00ebris\u00eb"},"image":{"@id":"https:\/\/orthodoxalbania.org\/2020\/#\/schema\/logo\/image\/"},"sameAs":["https:\/\/www.facebook.com\/koash1991"]},{"@type":"Person","@id":"https:\/\/orthodoxalbania.org\/2020\/#\/schema\/person\/0c387634a7063ac612d7ed9ce71c7e86","name":"Kisha Orthodhokse","image":{"@type":"ImageObject","inLanguage":"en-US","@id":"https:\/\/secure.gravatar.com\/avatar\/596e7c417251e30f2fbb9c00e026fce61a695a00e51c889caded71c96cbbdde5?s=96&d=mm&r=g","url":"https:\/\/secure.gravatar.com\/avatar\/596e7c417251e30f2fbb9c00e026fce61a695a00e51c889caded71c96cbbdde5?s=96&d=mm&r=g","contentUrl":"https:\/\/secure.gravatar.com\/avatar\/596e7c417251e30f2fbb9c00e026fce61a695a00e51c889caded71c96cbbdde5?s=96&d=mm&r=g","caption":"Kisha Orthodhokse"}}]}},"_links":{"self":[{"href":"https:\/\/orthodoxalbania.org\/2020\/wp-json\/wp\/v2\/posts\/1510","targetHints":{"allow":["GET"]}}],"collection":[{"href":"https:\/\/orthodoxalbania.org\/2020\/wp-json\/wp\/v2\/posts"}],"about":[{"href":"https:\/\/orthodoxalbania.org\/2020\/wp-json\/wp\/v2\/types\/post"}],"author":[{"embeddable":true,"href":"https:\/\/orthodoxalbania.org\/2020\/wp-json\/wp\/v2\/users\/1"}],"replies":[{"embeddable":true,"href":"https:\/\/orthodoxalbania.org\/2020\/wp-json\/wp\/v2\/comments?post=1510"}],"version-history":[{"count":1,"href":"https:\/\/orthodoxalbania.org\/2020\/wp-json\/wp\/v2\/posts\/1510\/revisions"}],"predecessor-version":[{"id":15329,"href":"https:\/\/orthodoxalbania.org\/2020\/wp-json\/wp\/v2\/posts\/1510\/revisions\/15329"}],"wp:attachment":[{"href":"https:\/\/orthodoxalbania.org\/2020\/wp-json\/wp\/v2\/media?parent=1510"}],"wp:term":[{"taxonomy":"category","embeddable":true,"href":"https:\/\/orthodoxalbania.org\/2020\/wp-json\/wp\/v2\/categories?post=1510"},{"taxonomy":"post_tag","embeddable":true,"href":"https:\/\/orthodoxalbania.org\/2020\/wp-json\/wp\/v2\/tags?post=1510"}],"curies":[{"name":"wp","href":"https:\/\/api.w.org\/{rel}","templated":true}]}}