{"id":1509,"date":"2013-04-09T10:31:08","date_gmt":"2013-04-09T10:31:08","guid":{"rendered":""},"modified":"2020-04-06T22:05:46","modified_gmt":"2020-04-06T20:05:46","slug":"edikti-i-milanos-nje-ngjarje-e-rendesishme-ne-historine-e-kishes-dhe-te-njerezimit","status":"publish","type":"post","link":"https:\/\/orthodoxalbania.org\/2020\/2013\/04\/09\/edikti-i-milanos-nje-ngjarje-e-rendesishme-ne-historine-e-kishes-dhe-te-njerezimit\/","title":{"rendered":"Vendimet e Milanos &#8211; nj\u00eb ngjarje e r\u00ebnd\u00ebsishme n\u00eb historin\u00eb e Kish\u00ebs dhe t\u00eb njer\u00ebzimit. ( 9 Prill 2013)"},"content":{"rendered":"<div style=\"text-align: center;\">\n\t<span style=\"font-family:tahoma,geneva,sans-serif;\"><span style=\"font-size: 12px;\"><img class=\"lazyload\" decoding=\"async\" alt=\"\" src=\"data:image\/gif;base64,R0lGODlhAQABAAAAACH5BAEKAAEALAAAAAABAAEAAAICTAEAOw==\" data-orig-src=\"https:\/\/lh3.googleusercontent.com\/-bemNvhwuaGA\/UX4oNMN0XSI\/AAAAAAAADu4\/NUDktXYCUu8\/s912\/romans-roman%20empire.jpg\" style=\"margin: 10px; width: 700px; height: 355px; border-width: 1px; border-style: solid;\" \/><\/span><\/span><\/div>\n<div>\n\t<span style=\"font-family:tahoma,geneva,sans-serif;\"><span style=\"font-size: 12px;\">&nbsp; &nbsp; <span style=\"color: rgb(255, 0, 0);\">&nbsp;<\/span><\/span><\/span><\/div>\n<div style=\"text-align: center;\">\n\t<span style=\"font-family:tahoma,geneva,sans-serif;\"><span style=\"font-size: 12px;\"><span style=\"color: rgb(255, 0, 0);\"><b style=\"font-family: Arial; text-align: center; text-indent: 0.5in;\"><span lang=\"SQ\" style=\"line-height: 115%;\">Me rastin e 1700 vjetorit t\u00eb shpalljes s\u00eb liris\u00eb fetare<\/span><\/b><\/span><\/span><\/span><\/div>\n<div style=\"text-align: center;\">\n\t&nbsp;<\/div>\n<div class=\"MsoNormal\" style=\"text-indent: 0.5in;\">\n\t<span style=\"font-family:tahoma,geneva,sans-serif;\"><span style=\"font-size: 12px;\"><span style=\"color: rgb(0, 0, 0);\"><span lang=\"SQ\" style=\"line-height: 115%;\">Sivjet mbushen 1700 vjet nga vendimet historike t\u00eb Mediolan\u00ebs, t\u00eb cilat ishin mjaft t\u00eb r\u00ebnd\u00ebsishme p\u00ebr Kish\u00ebn dhe Krishterimin. N\u00eb k\u00ebt\u00eb artikull do t\u00eb shohim ngjarjet historike si dhe r\u00ebnd\u00ebsin\u00eb e k\u00ebtyre vendimeve p\u00ebr Kish\u00ebn dhe jet\u00ebn e saj.<\/span><\/span><\/span><\/span><\/div>\n<div class=\"MsoNormal\" style=\"text-indent: 0.5in;\">\n\t&nbsp;<\/div>\n<div class=\"MsoNormal\" style=\"text-indent: 0.5in;\">\n\t<span lang=\"SQ\" style=\"font-size:12.0pt;mso-bidi-font-size:11.0pt;line-height:115%;mso-ansi-language:\nSQ\"><o:p><\/o:p><\/span><\/div>\n<div class=\"MsoListParagraph\" style=\"margin-left: 1in; text-indent: -0.25in;\">\n\t<span style=\"font-family:tahoma,geneva,sans-serif;\"><span style=\"font-size: 12px;\"><!--[if !supportLists]--><span style=\"color: rgb(51, 102, 255);\"><b><span lang=\"SQ\" style=\"line-height: 115%;\">a)<span style=\"font-weight: normal; line-height: normal;\">&nbsp;&nbsp;&nbsp;&nbsp;&nbsp; <\/span><\/span><\/b><!--[endif]--><b><u><span lang=\"SQ\" style=\"line-height: 115%;\">Konteksti historik i p<\/span><\/u><\/b><b><u><span lang=\"SQ\" style=\"line-height: 115%;\">\u00ebrndjekjeve<\/span><\/u><\/b><\/span><\/span><\/span><\/div>\n<div class=\"MsoListParagraph\" style=\"margin-left: 1in; text-indent: -0.25in;\">\n\t&nbsp;<\/div>\n<div class=\"MsoListParagraph\" style=\"margin-left: 1in; text-indent: -0.25in;\">\n\t<b><u><span lang=\"SQ\" style=\"font-size:12.0pt;mso-bidi-font-size:11.0pt;line-height:115%;\nmso-ansi-language:SQ\"><o:p><\/o:p><\/span><\/u><\/b><\/div>\n<div class=\"MsoNormal\" style=\"text-indent: 0.5in;\">\n\t<span style=\"font-family:tahoma,geneva,sans-serif;\"><span style=\"font-size: 12px;\"><span style=\"color: rgb(0, 0, 0);\"><span lang=\"SQ\" style=\"line-height: 115%;\">Pas ngjalljes s\u00eb Tij, Krishti urdh\u00ebroi nx\u00ebn\u00ebsit e Tij: <i>\u201cshkoni pra m\u00ebsoni gjith\u00eb kombet, pag\u00ebzohini ata&#8230;m\u00ebsohuni atyre q\u00eb t\u00eb ruajn\u00eb t\u00eb gjitha sa ju kam porositur&#8230;\u201d(Mt. 28:19-20)<\/i>.&nbsp;&nbsp; Megjith\u00ebse nx\u00ebn\u00ebsit e Zotit p\u00ebr t\u00eb zbatuar porosin\u00eb e M\u00ebsuesit t\u00eb tyre t\u00eb dashur me zell t\u00eb madh &#8211; pas dit\u00ebs s\u00eb Pendikostis\u00eb &#8211; u shp\u00ebrndan\u00eb n\u00ebp\u00ebr kombe p\u00ebr t\u2019 u transmetuar atyre lajmin gazmor t\u00eb Ngjalljes, Ungjilli n\u00eb rrug\u00ebn e tij hasi n\u00eb shum\u00eb probleme, pengesa, k\u00ebrc\u00ebnime dhe v\u00ebshtir\u00ebsi. <\/span><\/span><\/span><\/span><\/div>\n<div class=\"MsoNormal\" style=\"text-indent: 0.5in;\">\n\t&nbsp;<\/div>\n<div class=\"MsoNormal\" style=\"text-indent: 0.5in;\">\n\t<span lang=\"SQ\" style=\"font-size:12.0pt;mso-bidi-font-size:11.0pt;line-height:115%;mso-ansi-language:\nSQ\"><o:p><\/o:p><\/span><\/div>\n<div class=\"MsoNormal\" style=\"text-indent: 0.5in; text-align: justify;\">\n\t<span style=\"font-family:tahoma,geneva,sans-serif;\"><span style=\"font-size: 12px;\"><span style=\"color: rgb(0, 0, 0);\"><span lang=\"SQ\" style=\"line-height: 115%;\">Pengesat e para erdh\u00ebn nga judenjt\u00eb. M\u00eb pas, nga funksionar\u00ebt e lart\u00eb dhe nga idhtar\u00ebt e thjesht\u00eb fanatik\u00eb t\u00eb paganizmit. Por k\u00ebrc\u00ebnimi m\u00eb i madh dhe reagimi m\u00eb i ashp\u00ebr e m\u00eb i dhunsh\u00ebm erdhi kryesisht nga pushteti romak n\u00eb fuqi. Perandor\u00ebt e ndrysh\u00ebm romak\u00eb q\u00eb nga mezi i shek. I e deri n\u00eb fillim t\u00eb shek. IV nuk pranuan realitetin e ri, Krishterimin, dhe me m\u00ebnyra t\u00eb ndryshme, urdh\u00ebra dhe ligje u p\u00ebrpoq\u00ebn jo vet\u00ebm q\u00eb t\u00eb pengohej p\u00ebrhapja e Ungjillit n\u00eb Perandorin\u00eb e tyre t\u00eb st\u00ebrmadhe, por m\u00eb tep\u00ebr q\u00eb Ai t\u00eb zhdukej. P\u00ebr tre shekuj me radh\u00eb pushteti romak refuzoi t\u00eb njihte Krishterimin si fe t\u00eb ligjshme dhe me k\u00ebt\u00eb preteks p\u00ebrndoqi t\u00eb krishter\u00ebt, duke p\u00ebrdorur kund\u00ebr tyre \u00e7<\/span><span lang=\"SQ\" style=\"line-height: 115%;\">do lloj torture t\u00eb eg\u00ebr dhe <\/span><span lang=\"SQ\" style=\"line-height: 115%;\">\u00e7njer\u00ebzore q\u00eb ekzistonte, ose q\u00eb mund t\u00eb shpikte mendja e shthurur dhe e s\u00ebmur\u00eb e njeriut. Burgosjet, internimet, konfiskimet e pasurive, torturat dhe vrasjet ishin di\u00e7ka e zakonshmep\u00ebr pushtetar\u00ebt dhe pagan\u00ebt. P\u00ebr t\u00eb gjitha k\u00ebto masa t\u00eb krishter\u00ebt kishin dijeni t\u00eb plot\u00eb dhe megjithat\u00eb shumica e tyre vazhduan t\u00eb besonin tek Jisu Krishti dhe i duruan me guxim dhe vendosm\u00ebri gjith\u00eb padrejt\u00ebsit\u00eb dhe rreziqet, akoma edhe vdekjen.<\/span><\/span><\/span><\/span><\/div>\n<div class=\"MsoNormal\" style=\"text-indent: 0.5in;\">\n\t&nbsp;<\/div>\n<div class=\"MsoNormal\" style=\"text-indent: 0.5in;\">\n\t<span lang=\"SQ\" style=\"font-size:12.0pt;mso-bidi-font-size:\n11.0pt;line-height:115%;mso-ansi-language:SQ\"><o:p><\/o:p><\/span><\/div>\n<div class=\"MsoNormal\" style=\"text-indent: 0.5in; text-align: justify;\">\n\t<span style=\"font-family:tahoma,geneva,sans-serif;\"><span style=\"font-size: 12px;\"><span style=\"color: rgb(0, 0, 0);\"><span lang=\"SQ\" style=\"line-height: 115%;\">Si\u00e7<\/span><span lang=\"SQ\" style=\"line-height: 115%;\"> dihet, perandori i par\u00eb romak q\u00eb p\u00ebrndoqi t\u00eb krishter\u00ebt ishte Neroni (viti 64 pas Krishtit). Por nga mezi i shek. III \u2013 fillim shek. IV,masat do t<\/span><span lang=\"SQ\" style=\"line-height: 115%;\">\u00eb<\/span><span lang=\"SQ\" style=\"line-height: 115%;\"> ashp<\/span><span lang=\"SQ\" style=\"line-height: 115%;\">\u00eb<\/span><span lang=\"SQ\" style=\"line-height: 115%;\">rsoheshin shum<\/span><span lang=\"SQ\" style=\"line-height: 115%;\">\u00eb<\/span><span lang=\"SQ\" style=\"line-height: 115%;\">. Treperandor\u00eb brenda 55 vjet<\/span><span lang=\"SQ\" style=\"line-height: 115%;\">\u00ebsh do t\u00eb nxirrnin 7 dekrete (Deki 1, Valeriani 2, Dioklitiani 4) t\u00eb posatshme kund\u00ebr krishter\u00ebve t\u00eb gjith\u00eb perandoris\u00eb. Mjaftonte q\u00eb dikush t\u00eb pohonte se ishte i krishter dhe menj\u00ebher\u00eb arrestohej e torturohejdhe n.q.s. k\u00ebmb\u00ebngulte, vritej. Kjo situat\u00eb u b\u00eb akoma dhe m\u00eb e v\u00ebshtir\u00eb n\u00eb dekad\u00ebn e par\u00eb t\u00eb shek. IV, kur bashk\u00ebsunduesit e Lindjes Galeri dhe nipi i tij Maksimini shtr\u00ebnguan masat, duke u p\u00ebrpjekur q\u00eb t\u00eb zbatoheshin me p\u00ebrpikm\u00ebri ligjet n\u00eb fuqi kund\u00ebr Krishterimit. Vet\u00ebm n\u00eb dit\u00ebt e fundit t\u00eb jet\u00ebs s\u00eb tij Galeri kuptoi se ishte e pamundur t\u00eb zhdukej Krishterimi dhe m\u00eb 30 prill 311 nxorri dekret, me t\u00eb cilin u lejonte t\u00eb krishter\u00ebve t\u00eb ushtronin lirsh\u00ebm besimin dhe adhurimin e tyre, pa shkaktuar trazira n\u00eb shtet dhe pa prishur rendin publik. Ky dekret u zbatua nga Konstandini dhe Likini n\u00eb krahinat e tyre ku ata sundonin. Nj\u00eb vit m\u00eb von\u00eb, vegimi i dyfisht\u00eb q\u00eb iu shfaq Konstandinit para betej\u00ebs me Maksendin (28 tetor 312)si dhe fitorja kund\u00ebr tij, u b\u00ebn\u00eb shkaqet kryesore q\u00eb t\u00eb ndryshonte pozicioni shtet\u00ebror ndaj Krishterimit.<\/span><\/span><\/span><\/span><\/div>\n<div class=\"MsoNormal\" style=\"text-indent: 0.5in;\">\n\t&nbsp;<\/div>\n<div class=\"MsoNormal\" style=\"text-indent: 0.5in;\">\n\t<span lang=\"SQ\" style=\"font-size:12.0pt;mso-bidi-font-size:11.0pt;\nline-height:115%;mso-ansi-language:SQ\"><o:p><\/o:p><\/span><\/div>\n<div class=\"MsoNormal\" style=\"text-indent: 0.5in;\">\n\t<span style=\"font-family:tahoma,geneva,sans-serif;\"><span style=\"font-size: 12px;\"><span style=\"color: rgb(0, 0, 0);\"><span lang=\"SQ\" style=\"line-height: 115%;\">K\u00ebshtu, disa muaj m\u00eb von\u00eb \u2013 fund i janarit ose fillim i shkurtit 313 \u2013 dy bashk\u00ebsundimtar\u00ebt e vet\u00ebm, Konstandini dhe Likini, u takuan n\u00eb qytetin e Mediolan\u00ebs (Milano e sotme) me rastin e martes\u00ebs s\u00eb t\u00eb dytit me motr\u00ebn e Konstandinit. Atje, Konstandini e bindi Likinin q\u00eb jo vet\u00ebm t\u00eb liheshin t\u00eb krishter\u00ebt t\u00eb lir\u00eb t\u00eb adhuronin Per\u00ebndin\u00eb e tyre (dekreti i vitit 311), por edhe Krishterimi t\u00eb njihej si fe e ligjshme nga shteti romak.<\/span><\/span><\/span><\/span><span lang=\"SQ\" style=\"font-size:12.0pt;mso-bidi-font-size:11.0pt;line-height:115%;mso-ansi-language:\nSQ\"><o:p><\/o:p><\/span><\/div>\n<div class=\"MsoListParagraph\" style=\"margin-left: 1in; text-indent: -0.25in;\">\n\t&nbsp;<\/div>\n<div class=\"MsoListParagraph\" style=\"margin-left: 1in; text-indent: -0.25in;\">\n\t<span style=\"font-family:tahoma,geneva,sans-serif;\"><span style=\"font-size: 12px;\"><!--[if !supportLists]--><span style=\"color: rgb(51, 102, 255);\"><b><span lang=\"SQ\" style=\"line-height: 115%;\">b)<span style=\"font-weight: normal; line-height: normal;\">&nbsp;&nbsp;&nbsp;&nbsp; <\/span><\/span><\/b><!--[endif]--><b><u><span lang=\"SQ\" style=\"line-height: 115%;\">R\u00ebnd\u00ebsia e vendimeve t\u00eb Mediolan\u00ebs p\u00ebr Kish\u00ebn<\/span><\/u><\/b><\/span><\/span><\/span><\/div>\n<div class=\"MsoListParagraph\" style=\"margin-left: 1in; text-indent: -0.25in; text-align: justify;\">\n\t&nbsp;<\/div>\n<div class=\"MsoListParagraph\" style=\"margin-left: 1in; text-indent: -0.25in; text-align: justify;\">\n\t<b><u><span lang=\"SQ\" style=\"font-size:12.0pt;\nmso-bidi-font-size:11.0pt;line-height:115%;mso-ansi-language:SQ\"><o:p><\/o:p><\/span><\/u><\/b><\/div>\n<div class=\"MsoNormal\" style=\"text-indent: 0.5in; text-align: justify;\">\n\t<span style=\"font-family:tahoma,geneva,sans-serif;\"><span style=\"font-size: 12px;\"><span style=\"color: rgb(0, 0, 0);\"><span lang=\"SQ\" style=\"line-height: 115%;\">Megjith\u00ebse n\u00eb gjuh\u00ebn dhe n\u00eb rrethet e ndryshme kishtare ka dep\u00ebrtuar dhe p\u00ebrdoret nga shum\u00ebpersona shprehja \u201cEdikti i Mediolan\u00ebs\u201d, shum\u00eb historian\u00eb dhe studiues\u00eb t\u00eb historis\u00eb s\u00eb kish\u00ebs t\u00eb dy shekujve t\u00eb fundit pohojn\u00eb se nuk \u00ebsht\u00eb gjetur ndonj\u00eb dekret (Edictum) i till\u00eb. Prandaj dhe atapranojn\u00eb se n\u00eb Mediolan\u00eb u morr\u00ebn vendime me goj\u00eb dhe nuk u shpall ndonj\u00eb dekret. T\u00eb dh\u00ebnat e vetme q\u00eb na kan\u00eb arritur deri n\u00eb dit\u00ebt e sotme jan\u00eb d\u00ebshmit\u00eb e Laktantit (Lactantius, jetoi deri<\/span><span lang=\"SQ\" style=\"line-height: 115%;\">m\u00eb320) dhe t\u00ebEfsevit t\u00eb Qesaris\u00eb(<\/span><span lang=\"SQ\" style=\"line-height: 115%;\">\u00b1 265\u2013340) n\u00eb latinisht dhe greqishtrespektivisht, ku edhe ata mbase bazohen. I pari, edukatori i Krispit birit t\u00eb Konstandinit, n\u00eb vepr\u00ebn e tij \u201cVdekja e persekutor\u00ebve\u201d (De mortibus persecutorum, 48) e shkruar midis viteve 318-3<a name=\"_GoBack\"><\/a>20, p\u00ebrmend faktin se Likini n\u00eb muajin qershor 313 u d\u00ebrgoi nj\u00eb let\u00ebr (rescripta) komandat\u00ebve t\u00eb krahinave t\u00eb Lindjes, me t\u00eb cil\u00ebn ata njoftoheshin p\u00ebr vendimet e Mediolan\u00ebs (<i>p\u00ebr p\u00ebrmbajtjen e k\u00ebsaj letre shih: Migne, PL 7, 267-270<\/i>). T\u00eb nj\u00ebjt\u00ebn gj\u00eb p\u00ebrmend edhe Efsevi n\u00eb Historin\u00eb e tij t\u00eb Kish\u00ebs (<i>shih: Migne, PG20, 880-885).<\/i><\/span><\/span><\/span><\/span><\/div>\n<div class=\"MsoNormal\" style=\"text-indent: 0.5in; text-align: justify;\">\n\t&nbsp;<\/div>\n<div class=\"MsoNormal\" style=\"text-indent: 0.5in; text-align: justify;\">\n\t<span lang=\"SQ\" style=\"font-size:12.0pt;mso-bidi-font-size:11.0pt;\nline-height:115%;mso-ansi-language:SQ\"><o:p><\/o:p><\/span><\/div>\n<div class=\"MsoNormal\" style=\"text-indent: 0.25in; text-align: justify;\">\n\t<span style=\"font-family:tahoma,geneva,sans-serif;\"><span style=\"font-size: 12px;\"><span style=\"color: rgb(0, 0, 0);\"><span lang=\"SQ\" style=\"line-height: 115%;\">Sidoqoft\u00eb, vendimet e Mediolan\u00ebs, padyshim ishin mjaft t\u00eb r\u00ebnd\u00ebsishme p\u00ebr Kish\u00ebn, sepse me ato: <\/span><\/span><\/span><\/span><\/div>\n<div class=\"MsoNormal\" style=\"text-indent: 0.25in; text-align: justify;\">\n\t&nbsp;<\/div>\n<div class=\"MsoNormal\" style=\"text-indent: 0.25in; text-align: justify;\">\n\t<span lang=\"SQ\" style=\"font-size:12.0pt;mso-bidi-font-size:\n11.0pt;line-height:115%;mso-ansi-language:SQ\"><o:p><\/o:p><\/span><\/div>\n<div class=\"MsoListParagraphCxSpFirst\" style=\"text-indent: -0.25in; text-align: justify;\">\n\t<span style=\"font-family:tahoma,geneva,sans-serif;\"><span style=\"font-size: 12px;\"><span style=\"color: rgb(0, 0, 0);\"><!--[if !supportLists]--><span lang=\"SQ\" style=\"line-height: 115%;\">1)<span style=\"line-height: normal;\">&nbsp;&nbsp;&nbsp;&nbsp;&nbsp; <\/span><\/span><!--[endif]--><span lang=\"SQ\" style=\"line-height: 115%;\">1) U njoh Krishterimi si fe e ligjshme nga shteti (njohja e par\u00eb juridike e Kish\u00ebs nga shteti).<\/span><\/span><\/span><\/span><\/div>\n<div class=\"MsoListParagraphCxSpFirst\" style=\"text-indent: -0.25in; text-align: justify;\">\n\t&nbsp;<\/div>\n<div class=\"MsoListParagraphCxSpFirst\" style=\"text-indent: -0.25in; text-align: justify;\">\n\t<span lang=\"SQ\" style=\"font-size:12.0pt;\nmso-bidi-font-size:11.0pt;line-height:115%;mso-ansi-language:SQ\"><o:p><\/o:p><\/span><\/div>\n<div class=\"MsoListParagraphCxSpMiddle\" style=\"text-indent: -0.25in; text-align: justify;\">\n\t<span style=\"font-family:tahoma,geneva,sans-serif;\"><span style=\"font-size: 12px;\"><span style=\"color: rgb(0, 0, 0);\"><!--[if !supportLists]--><span lang=\"SQ\" style=\"line-height: 115%;\">2)<span style=\"line-height: normal;\">&nbsp;&nbsp;&nbsp;&nbsp; 2)&nbsp; <\/span><\/span><!--[endif]--><span lang=\"SQ\" style=\"line-height: 115%;\">Iu njoh e drejta e pron\u00ebsis\u00eb dhe iu kthyhen pronat (varrezat, kishat etj.) e konfiskuara nga shteti romak gjat\u00eb p\u00ebrndjekjeve.<\/span><\/span><\/span><\/span><\/div>\n<div class=\"MsoListParagraphCxSpMiddle\" style=\"text-indent: -0.25in; text-align: justify;\">\n\t&nbsp;<\/div>\n<div class=\"MsoListParagraphCxSpMiddle\" style=\"text-indent: -0.25in; text-align: justify;\">\n\t<span lang=\"SQ\" style=\"font-size:12.0pt;\nmso-bidi-font-size:11.0pt;line-height:115%;mso-ansi-language:SQ\"><o:p><\/o:p><\/span><\/div>\n<div class=\"MsoListParagraphCxSpMiddle\" style=\"text-indent: -0.25in; text-align: justify;\">\n\t<span style=\"font-family:tahoma,geneva,sans-serif;\"><span style=\"font-size: 12px;\"><span style=\"color: rgb(0, 0, 0);\"><!--[if !supportLists]--><span lang=\"SQ\" style=\"line-height: 115%;\">3)<span style=\"line-height: normal;\">&nbsp;&nbsp;&nbsp;&nbsp;&nbsp; <\/span><\/span><!--[endif]--><span lang=\"SQ\" style=\"line-height: 115%;\">3) T\u00eb gjith\u00eb banor\u00ebt e perandoris\u00eb ishin t\u00eb lir\u00eb t\u00eb zgjidhnin fen\u00eb q\u00eb d\u00ebshironin t\u00eb ndiqnin (n\u00eb k\u00ebt\u00eb rast edhe Krishterimin).<\/span><\/span><\/span><\/span><\/div>\n<div class=\"MsoListParagraphCxSpMiddle\" style=\"text-indent: -0.25in; text-align: justify;\">\n\t&nbsp;<\/div>\n<div class=\"MsoListParagraphCxSpMiddle\" style=\"text-indent: -0.25in; text-align: justify;\">\n\t<span lang=\"SQ\" style=\"font-size:12.0pt;\nmso-bidi-font-size:11.0pt;line-height:115%;mso-ansi-language:SQ\"><o:p><\/o:p><\/span><\/div>\n<div class=\"MsoListParagraphCxSpLast\" style=\"text-indent: -0.25in; text-align: justify;\">\n\t<span style=\"font-family:tahoma,geneva,sans-serif;\"><span style=\"font-size: 12px;\"><span style=\"color: rgb(0, 0, 0);\"><!--[if !supportLists]--><span lang=\"SQ\" style=\"line-height: 115%;\">4)<span style=\"line-height: normal;\">&nbsp;&nbsp;&nbsp;&nbsp;&nbsp; 4) <\/span><\/span><!--[endif]--><span lang=\"SQ\" style=\"line-height: 115%;\">Automatikisht u jepeshin fund p\u00ebrndjekjeve ndaj t\u00eb krishter\u00ebve (megjith\u00ebse vala e p\u00ebrndjekjeve do t\u00eb vazhdonte nga Likini pak m\u00eb von\u00eb e deri n\u00eb vitin 324 dhe m\u00eb pas nga Julian Apostati n\u00eb vitet 360-63).<\/span><\/span><\/span><\/span><\/div>\n<div class=\"MsoListParagraphCxSpLast\" style=\"text-indent: -0.25in; text-align: justify;\">\n\t&nbsp;<\/div>\n<div class=\"MsoListParagraphCxSpLast\" style=\"text-indent: -0.25in; text-align: justify;\">\n\t<span lang=\"SQ\" style=\"font-size:12.0pt;\nmso-bidi-font-size:11.0pt;line-height:115%;mso-ansi-language:SQ\"><o:p><\/o:p><\/span><\/div>\n<div class=\"MsoNormal\" style=\"text-indent: 0.25in; text-align: justify;\">\n\t<span style=\"font-family:tahoma,geneva,sans-serif;\"><span style=\"font-size: 12px;\"><span style=\"color: rgb(0, 0, 0);\"><span lang=\"SQ\" style=\"line-height: 115%;\">Sigurisht, k\u00ebto vendime ndikuan pozitivisht jo vet\u00ebm n\u00eb shoq\u00ebrin\u00eb e at\u00ebhershme romake, por kryesisht n\u00eb jet\u00ebn e kish\u00ebs, sepse pati nj\u00eb zhvillim t\u00eb madh: <i>s\u00eb pari,<\/i> adhurimi hyjnor, i cili mundej t\u00eb kryhej i lir\u00eb, <i>s\u00eb dyti,<\/i>u shtua numri i qytetar\u00ebve q\u00eb zgjidhnin Krishterimin si fe t\u00eb tyre, <i>s\u00eb treti,<\/i>organizimi administrativ i kishave pati nj\u00ebhov t\u00eb madh dhe <i>s\u00ebfundmi<\/i>, arkitektura kishtare, pasi u nd\u00ebrtuan kisha t\u00eb m\u00ebdha, t\u00eb bukura dhe madh\u00ebshtore.<\/span><\/span><\/span><\/span><\/div>\n<div class=\"MsoNormal\" style=\"text-indent: 0.25in; text-align: justify;\">\n\t&nbsp;<\/div>\n<div class=\"MsoNormal\" style=\"text-indent: 0.25in; text-align: justify;\">\n\t<span lang=\"SQ\" style=\"font-size:12.0pt;\nmso-bidi-font-size:11.0pt;line-height:115%;mso-ansi-language:SQ\"><o:p><\/o:p><\/span><\/div>\n<div class=\"MsoNormal\" style=\"text-indent: 0.25in; text-align: justify;\">\n\t<span style=\"font-family:tahoma,geneva,sans-serif;\"><span style=\"font-size: 12px;\"><span style=\"color: rgb(0, 0, 0);\"><span lang=\"SQ\" style=\"line-height: 115%;\">Duke p\u00ebrfunduar, mund t\u00eb themi se me vendimet e Mediolan\u00ebs u shpall qart\u00eb humbja p\u00eb<\/span><span lang=\"SQ\" style=\"line-height: 115%;\">rfundimtare e idhulltaris<\/span><span lang=\"SQ\" style=\"line-height: 115%;\">\u00eb<\/span><span lang=\"SQ\" style=\"line-height: 115%;\">si dhe d\u00ebshtimi i politik\u00ebs fetare q\u00eb pushteti romak kishte ndjekur p\u00ebr afro tre shekuj me radh\u00eb n\u00eb lidhje me Krishterimin dhe t\u00eb krishter\u00ebt. K\u00ebshtu n<\/span><span lang=\"SQ\" style=\"line-height: 115%;\">\u00eb fund, Mbret\u00ebria e Qesarit u dor\u00ebzua dhe triumfoi Mbret\u00ebria e Krishtit Per\u00ebndis\u00eb.<\/span><\/span><\/span><\/span><\/div>\n<div class=\"MsoNormal\" style=\"text-indent: 0.25in; text-align: justify;\">\n\t&nbsp;<\/div>\n<div class=\"MsoNormal\" style=\"text-indent: 0.25in; text-align: justify;\">\n\t<span lang=\"SQ\" style=\"font-size:12.0pt;mso-bidi-font-size:11.0pt;line-height:115%;mso-ansi-language:\nSQ\"><o:p><\/o:p><\/span><\/div>\n<div style=\"text-align: right;\">\n\t<br \/>\n\t<span style=\"font-family:tahoma,geneva,sans-serif;\"><span style=\"font-size: 12px;\"><span style=\"color: rgb(0, 0, 0);\"><strong>Arkimandrit Kozma Sovjani<\/strong><br \/>\n\t&nbsp;<\/span><\/span><\/span><\/div>\n<div>\n\t&nbsp;<\/div>\n","protected":false},"excerpt":{"rendered":"<p>&nbsp; &nbsp; &nbsp; Me rastin e 1700 vjetorit t\u00eb shpalljes s\u00eb liris\u00eb fetare &nbsp; Sivjet mbushen 1700 vjet nga vendimet historike t\u00eb Mediolan\u00ebs, t\u00eb cilat ishin mjaft t\u00eb r\u00ebnd\u00ebsishme p\u00ebr Kish\u00ebn dhe Krishterimin. N\u00eb k\u00ebt\u00eb artikull do t\u00eb shohim ngjarjet historike si dhe r\u00ebnd\u00ebsin\u00eb e k\u00ebtyre vendimeve p\u00ebr Kish\u00ebn dhe jet\u00ebn e saj. &nbsp; a)&nbsp;&nbsp;&nbsp;&nbsp;&nbsp; Konteksti historik i p\u00ebrndjekjeve &nbsp; Pas ngjalljes s\u00eb Tij, Krishti<\/p>\n","protected":false},"author":1,"featured_media":0,"comment_status":"open","ping_status":"open","sticky":false,"template":"","format":"standard","meta":{"_acf_changed":false,"pagelayer_contact_templates":[],"_pagelayer_content":"","inline_featured_image":false,"fifu_image_url":"","fifu_image_alt":"","footnotes":""},"categories":[108],"tags":[141,196,212],"class_list":["post-1509","post","type-post","status-publish","format-standard","hentry","category-lajme","tag-141","tag-tirane","tag-lajme-d27"],"acf":[],"yoast_head":"<!-- This site is optimized with the Yoast SEO plugin v27.2 - https:\/\/yoast.com\/product\/yoast-seo-wordpress\/ -->\n<title>Vendimet e Milanos - nj\u00eb ngjarje e r\u00ebnd\u00ebsishme n\u00eb historin\u00eb e Kish\u00ebs dhe t\u00eb njer\u00ebzimit. ( 9 Prill 2013) - Kisha Orthodh\u03bfkse Autoqefale e Shqip\u00ebris\u00eb<\/title>\n<meta name=\"robots\" content=\"index, follow, max-snippet:-1, max-image-preview:large, max-video-preview:-1\" \/>\n<link rel=\"canonical\" href=\"https:\/\/orthodoxalbania.org\/2020\/2013\/04\/09\/edikti-i-milanos-nje-ngjarje-e-rendesishme-ne-historine-e-kishes-dhe-te-njerezimit\/\" \/>\n<meta property=\"og:locale\" content=\"en_US\" \/>\n<meta property=\"og:type\" content=\"article\" \/>\n<meta property=\"og:title\" content=\"Vendimet e Milanos - nj\u00eb ngjarje e r\u00ebnd\u00ebsishme n\u00eb historin\u00eb e Kish\u00ebs dhe t\u00eb njer\u00ebzimit. ( 9 Prill 2013) - Kisha Orthodh\u03bfkse Autoqefale e Shqip\u00ebris\u00eb\" \/>\n<meta property=\"og:description\" content=\"&nbsp; &nbsp; &nbsp; Me rastin e 1700 vjetorit t\u00eb shpalljes s\u00eb liris\u00eb fetare &nbsp; Sivjet mbushen 1700 vjet nga vendimet historike t\u00eb Mediolan\u00ebs, t\u00eb cilat ishin mjaft t\u00eb r\u00ebnd\u00ebsishme p\u00ebr Kish\u00ebn dhe Krishterimin. N\u00eb k\u00ebt\u00eb artikull do t\u00eb shohim ngjarjet historike si dhe r\u00ebnd\u00ebsin\u00eb e k\u00ebtyre vendimeve p\u00ebr Kish\u00ebn dhe jet\u00ebn e saj. &nbsp; a)&nbsp;&nbsp;&nbsp;&nbsp;&nbsp; Konteksti historik i p\u00ebrndjekjeve &nbsp; Pas ngjalljes s\u00eb Tij, Krishti\" \/>\n<meta property=\"og:url\" content=\"https:\/\/orthodoxalbania.org\/2020\/2013\/04\/09\/edikti-i-milanos-nje-ngjarje-e-rendesishme-ne-historine-e-kishes-dhe-te-njerezimit\/\" \/>\n<meta property=\"og:site_name\" content=\"Kisha Orthodh\u03bfkse Autoqefale e Shqip\u00ebris\u00eb\" \/>\n<meta property=\"article:publisher\" content=\"https:\/\/www.facebook.com\/koash1991\" \/>\n<meta property=\"article:published_time\" content=\"2013-04-09T10:31:08+00:00\" \/>\n<meta property=\"article:modified_time\" content=\"2020-04-06T20:05:46+00:00\" \/>\n<meta property=\"og:image\" content=\"https:\/\/lh3.googleusercontent.com\/-bemNvhwuaGA\/UX4oNMN0XSI\/AAAAAAAADu4\/NUDktXYCUu8\/s912\/romans-roman%20empire.jpg\" \/>\n<meta name=\"author\" content=\"Kisha Orthodhokse\" \/>\n<meta name=\"twitter:card\" content=\"summary_large_image\" \/>\n<meta name=\"twitter:label1\" content=\"Written by\" \/>\n\t<meta name=\"twitter:data1\" content=\"Kisha Orthodhokse\" \/>\n\t<meta name=\"twitter:label2\" content=\"Est. reading time\" \/>\n\t<meta name=\"twitter:data2\" content=\"6 minutes\" \/>\n<script type=\"application\/ld+json\" class=\"yoast-schema-graph\">{\"@context\":\"https:\/\/schema.org\",\"@graph\":[{\"@type\":\"Article\",\"@id\":\"https:\/\/orthodoxalbania.org\/2020\/2013\/04\/09\/edikti-i-milanos-nje-ngjarje-e-rendesishme-ne-historine-e-kishes-dhe-te-njerezimit\/#article\",\"isPartOf\":{\"@id\":\"https:\/\/orthodoxalbania.org\/2020\/2013\/04\/09\/edikti-i-milanos-nje-ngjarje-e-rendesishme-ne-historine-e-kishes-dhe-te-njerezimit\/\"},\"author\":{\"name\":\"Kisha Orthodhokse\",\"@id\":\"https:\/\/orthodoxalbania.org\/2020\/#\/schema\/person\/0c387634a7063ac612d7ed9ce71c7e86\"},\"headline\":\"Vendimet e Milanos &#8211; nj\u00eb ngjarje e r\u00ebnd\u00ebsishme n\u00eb historin\u00eb e Kish\u00ebs dhe t\u00eb njer\u00ebzimit. ( 9 Prill 2013)\",\"datePublished\":\"2013-04-09T10:31:08+00:00\",\"dateModified\":\"2020-04-06T20:05:46+00:00\",\"mainEntityOfPage\":{\"@id\":\"https:\/\/orthodoxalbania.org\/2020\/2013\/04\/09\/edikti-i-milanos-nje-ngjarje-e-rendesishme-ne-historine-e-kishes-dhe-te-njerezimit\/\"},\"wordCount\":1258,\"commentCount\":0,\"publisher\":{\"@id\":\"https:\/\/orthodoxalbania.org\/2020\/#organization\"},\"image\":{\"@id\":\"https:\/\/orthodoxalbania.org\/2020\/2013\/04\/09\/edikti-i-milanos-nje-ngjarje-e-rendesishme-ne-historine-e-kishes-dhe-te-njerezimit\/#primaryimage\"},\"thumbnailUrl\":\"https:\/\/lh3.googleusercontent.com\/-bemNvhwuaGA\/UX4oNMN0XSI\/AAAAAAAADu4\/NUDktXYCUu8\/s912\/romans-roman%20empire.jpg\",\"keywords\":[\"2013\",\"Kryepiskopata Tiran\u00eb\",\"lajme\"],\"articleSection\":[\"Lajme\"],\"inLanguage\":\"en-US\"},{\"@type\":\"WebPage\",\"@id\":\"https:\/\/orthodoxalbania.org\/2020\/2013\/04\/09\/edikti-i-milanos-nje-ngjarje-e-rendesishme-ne-historine-e-kishes-dhe-te-njerezimit\/\",\"url\":\"https:\/\/orthodoxalbania.org\/2020\/2013\/04\/09\/edikti-i-milanos-nje-ngjarje-e-rendesishme-ne-historine-e-kishes-dhe-te-njerezimit\/\",\"name\":\"Vendimet e Milanos - nj\u00eb ngjarje e r\u00ebnd\u00ebsishme n\u00eb historin\u00eb e Kish\u00ebs dhe t\u00eb njer\u00ebzimit. ( 9 Prill 2013) - Kisha Orthodh\u03bfkse Autoqefale e Shqip\u00ebris\u00eb\",\"isPartOf\":{\"@id\":\"https:\/\/orthodoxalbania.org\/2020\/#website\"},\"primaryImageOfPage\":{\"@id\":\"https:\/\/orthodoxalbania.org\/2020\/2013\/04\/09\/edikti-i-milanos-nje-ngjarje-e-rendesishme-ne-historine-e-kishes-dhe-te-njerezimit\/#primaryimage\"},\"image\":{\"@id\":\"https:\/\/orthodoxalbania.org\/2020\/2013\/04\/09\/edikti-i-milanos-nje-ngjarje-e-rendesishme-ne-historine-e-kishes-dhe-te-njerezimit\/#primaryimage\"},\"thumbnailUrl\":\"https:\/\/lh3.googleusercontent.com\/-bemNvhwuaGA\/UX4oNMN0XSI\/AAAAAAAADu4\/NUDktXYCUu8\/s912\/romans-roman%20empire.jpg\",\"datePublished\":\"2013-04-09T10:31:08+00:00\",\"dateModified\":\"2020-04-06T20:05:46+00:00\",\"breadcrumb\":{\"@id\":\"https:\/\/orthodoxalbania.org\/2020\/2013\/04\/09\/edikti-i-milanos-nje-ngjarje-e-rendesishme-ne-historine-e-kishes-dhe-te-njerezimit\/#breadcrumb\"},\"inLanguage\":\"en-US\",\"potentialAction\":[{\"@type\":\"ReadAction\",\"target\":[\"https:\/\/orthodoxalbania.org\/2020\/2013\/04\/09\/edikti-i-milanos-nje-ngjarje-e-rendesishme-ne-historine-e-kishes-dhe-te-njerezimit\/\"]}]},{\"@type\":\"ImageObject\",\"inLanguage\":\"en-US\",\"@id\":\"https:\/\/orthodoxalbania.org\/2020\/2013\/04\/09\/edikti-i-milanos-nje-ngjarje-e-rendesishme-ne-historine-e-kishes-dhe-te-njerezimit\/#primaryimage\",\"url\":\"https:\/\/lh3.googleusercontent.com\/-bemNvhwuaGA\/UX4oNMN0XSI\/AAAAAAAADu4\/NUDktXYCUu8\/s912\/romans-roman%20empire.jpg\",\"contentUrl\":\"https:\/\/lh3.googleusercontent.com\/-bemNvhwuaGA\/UX4oNMN0XSI\/AAAAAAAADu4\/NUDktXYCUu8\/s912\/romans-roman%20empire.jpg\"},{\"@type\":\"BreadcrumbList\",\"@id\":\"https:\/\/orthodoxalbania.org\/2020\/2013\/04\/09\/edikti-i-milanos-nje-ngjarje-e-rendesishme-ne-historine-e-kishes-dhe-te-njerezimit\/#breadcrumb\",\"itemListElement\":[{\"@type\":\"ListItem\",\"position\":1,\"name\":\"Home\",\"item\":\"https:\/\/orthodoxalbania.org\/2020\/\"},{\"@type\":\"ListItem\",\"position\":2,\"name\":\"Vendimet e Milanos &#8211; nj\u00eb ngjarje e r\u00ebnd\u00ebsishme n\u00eb historin\u00eb e Kish\u00ebs dhe t\u00eb njer\u00ebzimit. ( 9 Prill 2013)\"}]},{\"@type\":\"WebSite\",\"@id\":\"https:\/\/orthodoxalbania.org\/2020\/#website\",\"url\":\"https:\/\/orthodoxalbania.org\/2020\/\",\"name\":\"Kisha Orthodh\u03bfkse Autoqefale e Shqip\u00ebris\u00eb\",\"description\":\"Fqja Zyrtare e Kish\u00ebs Orthodhokse Autoqefale e Shqip\u00ebris\u00eb me lajmet edhe informacionet zyrtare p\u00ebr struktur\u00ebn edhe veprimtarin e saj.\",\"publisher\":{\"@id\":\"https:\/\/orthodoxalbania.org\/2020\/#organization\"},\"potentialAction\":[{\"@type\":\"SearchAction\",\"target\":{\"@type\":\"EntryPoint\",\"urlTemplate\":\"https:\/\/orthodoxalbania.org\/2020\/?s={search_term_string}\"},\"query-input\":{\"@type\":\"PropertyValueSpecification\",\"valueRequired\":true,\"valueName\":\"search_term_string\"}}],\"inLanguage\":\"en-US\"},{\"@type\":\"Organization\",\"@id\":\"https:\/\/orthodoxalbania.org\/2020\/#organization\",\"name\":\"Kisha Orthodhokse Autoqefale e Shqip\u00ebris\u00eb\",\"url\":\"https:\/\/orthodoxalbania.org\/2020\/\",\"logo\":{\"@type\":\"ImageObject\",\"inLanguage\":\"en-US\",\"@id\":\"https:\/\/orthodoxalbania.org\/2020\/#\/schema\/logo\/image\/\",\"url\":\"https:\/\/orthodoxalbania.org\/2020\/wp-content\/uploads\/2020\/05\/albania.jpeg\",\"contentUrl\":\"https:\/\/orthodoxalbania.org\/2020\/wp-content\/uploads\/2020\/05\/albania.jpeg\",\"width\":540,\"height\":540,\"caption\":\"Kisha Orthodhokse Autoqefale e Shqip\u00ebris\u00eb\"},\"image\":{\"@id\":\"https:\/\/orthodoxalbania.org\/2020\/#\/schema\/logo\/image\/\"},\"sameAs\":[\"https:\/\/www.facebook.com\/koash1991\"]},{\"@type\":\"Person\",\"@id\":\"https:\/\/orthodoxalbania.org\/2020\/#\/schema\/person\/0c387634a7063ac612d7ed9ce71c7e86\",\"name\":\"Kisha Orthodhokse\",\"image\":{\"@type\":\"ImageObject\",\"inLanguage\":\"en-US\",\"@id\":\"https:\/\/secure.gravatar.com\/avatar\/596e7c417251e30f2fbb9c00e026fce61a695a00e51c889caded71c96cbbdde5?s=96&d=mm&r=g\",\"url\":\"https:\/\/secure.gravatar.com\/avatar\/596e7c417251e30f2fbb9c00e026fce61a695a00e51c889caded71c96cbbdde5?s=96&d=mm&r=g\",\"contentUrl\":\"https:\/\/secure.gravatar.com\/avatar\/596e7c417251e30f2fbb9c00e026fce61a695a00e51c889caded71c96cbbdde5?s=96&d=mm&r=g\",\"caption\":\"Kisha Orthodhokse\"}}]}<\/script>\n<!-- \/ Yoast SEO plugin. -->","yoast_head_json":{"title":"Vendimet e Milanos - nj\u00eb ngjarje e r\u00ebnd\u00ebsishme n\u00eb historin\u00eb e Kish\u00ebs dhe t\u00eb njer\u00ebzimit. ( 9 Prill 2013) - Kisha Orthodh\u03bfkse Autoqefale e Shqip\u00ebris\u00eb","robots":{"index":"index","follow":"follow","max-snippet":"max-snippet:-1","max-image-preview":"max-image-preview:large","max-video-preview":"max-video-preview:-1"},"canonical":"https:\/\/orthodoxalbania.org\/2020\/2013\/04\/09\/edikti-i-milanos-nje-ngjarje-e-rendesishme-ne-historine-e-kishes-dhe-te-njerezimit\/","og_locale":"en_US","og_type":"article","og_title":"Vendimet e Milanos - nj\u00eb ngjarje e r\u00ebnd\u00ebsishme n\u00eb historin\u00eb e Kish\u00ebs dhe t\u00eb njer\u00ebzimit. ( 9 Prill 2013) - Kisha Orthodh\u03bfkse Autoqefale e Shqip\u00ebris\u00eb","og_description":"&nbsp; &nbsp; &nbsp; Me rastin e 1700 vjetorit t\u00eb shpalljes s\u00eb liris\u00eb fetare &nbsp; Sivjet mbushen 1700 vjet nga vendimet historike t\u00eb Mediolan\u00ebs, t\u00eb cilat ishin mjaft t\u00eb r\u00ebnd\u00ebsishme p\u00ebr Kish\u00ebn dhe Krishterimin. N\u00eb k\u00ebt\u00eb artikull do t\u00eb shohim ngjarjet historike si dhe r\u00ebnd\u00ebsin\u00eb e k\u00ebtyre vendimeve p\u00ebr Kish\u00ebn dhe jet\u00ebn e saj. &nbsp; a)&nbsp;&nbsp;&nbsp;&nbsp;&nbsp; Konteksti historik i p\u00ebrndjekjeve &nbsp; Pas ngjalljes s\u00eb Tij, Krishti","og_url":"https:\/\/orthodoxalbania.org\/2020\/2013\/04\/09\/edikti-i-milanos-nje-ngjarje-e-rendesishme-ne-historine-e-kishes-dhe-te-njerezimit\/","og_site_name":"Kisha Orthodh\u03bfkse Autoqefale e Shqip\u00ebris\u00eb","article_publisher":"https:\/\/www.facebook.com\/koash1991","article_published_time":"2013-04-09T10:31:08+00:00","article_modified_time":"2020-04-06T20:05:46+00:00","og_image":[{"url":"https:\/\/lh3.googleusercontent.com\/-bemNvhwuaGA\/UX4oNMN0XSI\/AAAAAAAADu4\/NUDktXYCUu8\/s912\/romans-roman%20empire.jpg","type":"","width":"","height":""}],"author":"Kisha Orthodhokse","twitter_card":"summary_large_image","twitter_misc":{"Written by":"Kisha Orthodhokse","Est. reading time":"6 minutes"},"schema":{"@context":"https:\/\/schema.org","@graph":[{"@type":"Article","@id":"https:\/\/orthodoxalbania.org\/2020\/2013\/04\/09\/edikti-i-milanos-nje-ngjarje-e-rendesishme-ne-historine-e-kishes-dhe-te-njerezimit\/#article","isPartOf":{"@id":"https:\/\/orthodoxalbania.org\/2020\/2013\/04\/09\/edikti-i-milanos-nje-ngjarje-e-rendesishme-ne-historine-e-kishes-dhe-te-njerezimit\/"},"author":{"name":"Kisha Orthodhokse","@id":"https:\/\/orthodoxalbania.org\/2020\/#\/schema\/person\/0c387634a7063ac612d7ed9ce71c7e86"},"headline":"Vendimet e Milanos &#8211; nj\u00eb ngjarje e r\u00ebnd\u00ebsishme n\u00eb historin\u00eb e Kish\u00ebs dhe t\u00eb njer\u00ebzimit. ( 9 Prill 2013)","datePublished":"2013-04-09T10:31:08+00:00","dateModified":"2020-04-06T20:05:46+00:00","mainEntityOfPage":{"@id":"https:\/\/orthodoxalbania.org\/2020\/2013\/04\/09\/edikti-i-milanos-nje-ngjarje-e-rendesishme-ne-historine-e-kishes-dhe-te-njerezimit\/"},"wordCount":1258,"commentCount":0,"publisher":{"@id":"https:\/\/orthodoxalbania.org\/2020\/#organization"},"image":{"@id":"https:\/\/orthodoxalbania.org\/2020\/2013\/04\/09\/edikti-i-milanos-nje-ngjarje-e-rendesishme-ne-historine-e-kishes-dhe-te-njerezimit\/#primaryimage"},"thumbnailUrl":"https:\/\/lh3.googleusercontent.com\/-bemNvhwuaGA\/UX4oNMN0XSI\/AAAAAAAADu4\/NUDktXYCUu8\/s912\/romans-roman%20empire.jpg","keywords":["2013","Kryepiskopata Tiran\u00eb","lajme"],"articleSection":["Lajme"],"inLanguage":"en-US"},{"@type":"WebPage","@id":"https:\/\/orthodoxalbania.org\/2020\/2013\/04\/09\/edikti-i-milanos-nje-ngjarje-e-rendesishme-ne-historine-e-kishes-dhe-te-njerezimit\/","url":"https:\/\/orthodoxalbania.org\/2020\/2013\/04\/09\/edikti-i-milanos-nje-ngjarje-e-rendesishme-ne-historine-e-kishes-dhe-te-njerezimit\/","name":"Vendimet e Milanos - nj\u00eb ngjarje e r\u00ebnd\u00ebsishme n\u00eb historin\u00eb e Kish\u00ebs dhe t\u00eb njer\u00ebzimit. ( 9 Prill 2013) - Kisha Orthodh\u03bfkse Autoqefale e Shqip\u00ebris\u00eb","isPartOf":{"@id":"https:\/\/orthodoxalbania.org\/2020\/#website"},"primaryImageOfPage":{"@id":"https:\/\/orthodoxalbania.org\/2020\/2013\/04\/09\/edikti-i-milanos-nje-ngjarje-e-rendesishme-ne-historine-e-kishes-dhe-te-njerezimit\/#primaryimage"},"image":{"@id":"https:\/\/orthodoxalbania.org\/2020\/2013\/04\/09\/edikti-i-milanos-nje-ngjarje-e-rendesishme-ne-historine-e-kishes-dhe-te-njerezimit\/#primaryimage"},"thumbnailUrl":"https:\/\/lh3.googleusercontent.com\/-bemNvhwuaGA\/UX4oNMN0XSI\/AAAAAAAADu4\/NUDktXYCUu8\/s912\/romans-roman%20empire.jpg","datePublished":"2013-04-09T10:31:08+00:00","dateModified":"2020-04-06T20:05:46+00:00","breadcrumb":{"@id":"https:\/\/orthodoxalbania.org\/2020\/2013\/04\/09\/edikti-i-milanos-nje-ngjarje-e-rendesishme-ne-historine-e-kishes-dhe-te-njerezimit\/#breadcrumb"},"inLanguage":"en-US","potentialAction":[{"@type":"ReadAction","target":["https:\/\/orthodoxalbania.org\/2020\/2013\/04\/09\/edikti-i-milanos-nje-ngjarje-e-rendesishme-ne-historine-e-kishes-dhe-te-njerezimit\/"]}]},{"@type":"ImageObject","inLanguage":"en-US","@id":"https:\/\/orthodoxalbania.org\/2020\/2013\/04\/09\/edikti-i-milanos-nje-ngjarje-e-rendesishme-ne-historine-e-kishes-dhe-te-njerezimit\/#primaryimage","url":"https:\/\/lh3.googleusercontent.com\/-bemNvhwuaGA\/UX4oNMN0XSI\/AAAAAAAADu4\/NUDktXYCUu8\/s912\/romans-roman%20empire.jpg","contentUrl":"https:\/\/lh3.googleusercontent.com\/-bemNvhwuaGA\/UX4oNMN0XSI\/AAAAAAAADu4\/NUDktXYCUu8\/s912\/romans-roman%20empire.jpg"},{"@type":"BreadcrumbList","@id":"https:\/\/orthodoxalbania.org\/2020\/2013\/04\/09\/edikti-i-milanos-nje-ngjarje-e-rendesishme-ne-historine-e-kishes-dhe-te-njerezimit\/#breadcrumb","itemListElement":[{"@type":"ListItem","position":1,"name":"Home","item":"https:\/\/orthodoxalbania.org\/2020\/"},{"@type":"ListItem","position":2,"name":"Vendimet e Milanos &#8211; nj\u00eb ngjarje e r\u00ebnd\u00ebsishme n\u00eb historin\u00eb e Kish\u00ebs dhe t\u00eb njer\u00ebzimit. ( 9 Prill 2013)"}]},{"@type":"WebSite","@id":"https:\/\/orthodoxalbania.org\/2020\/#website","url":"https:\/\/orthodoxalbania.org\/2020\/","name":"Kisha Orthodh\u03bfkse Autoqefale e Shqip\u00ebris\u00eb","description":"Fqja Zyrtare e Kish\u00ebs Orthodhokse Autoqefale e Shqip\u00ebris\u00eb me lajmet edhe informacionet zyrtare p\u00ebr struktur\u00ebn edhe veprimtarin e saj.","publisher":{"@id":"https:\/\/orthodoxalbania.org\/2020\/#organization"},"potentialAction":[{"@type":"SearchAction","target":{"@type":"EntryPoint","urlTemplate":"https:\/\/orthodoxalbania.org\/2020\/?s={search_term_string}"},"query-input":{"@type":"PropertyValueSpecification","valueRequired":true,"valueName":"search_term_string"}}],"inLanguage":"en-US"},{"@type":"Organization","@id":"https:\/\/orthodoxalbania.org\/2020\/#organization","name":"Kisha Orthodhokse Autoqefale e Shqip\u00ebris\u00eb","url":"https:\/\/orthodoxalbania.org\/2020\/","logo":{"@type":"ImageObject","inLanguage":"en-US","@id":"https:\/\/orthodoxalbania.org\/2020\/#\/schema\/logo\/image\/","url":"https:\/\/orthodoxalbania.org\/2020\/wp-content\/uploads\/2020\/05\/albania.jpeg","contentUrl":"https:\/\/orthodoxalbania.org\/2020\/wp-content\/uploads\/2020\/05\/albania.jpeg","width":540,"height":540,"caption":"Kisha Orthodhokse Autoqefale e Shqip\u00ebris\u00eb"},"image":{"@id":"https:\/\/orthodoxalbania.org\/2020\/#\/schema\/logo\/image\/"},"sameAs":["https:\/\/www.facebook.com\/koash1991"]},{"@type":"Person","@id":"https:\/\/orthodoxalbania.org\/2020\/#\/schema\/person\/0c387634a7063ac612d7ed9ce71c7e86","name":"Kisha Orthodhokse","image":{"@type":"ImageObject","inLanguage":"en-US","@id":"https:\/\/secure.gravatar.com\/avatar\/596e7c417251e30f2fbb9c00e026fce61a695a00e51c889caded71c96cbbdde5?s=96&d=mm&r=g","url":"https:\/\/secure.gravatar.com\/avatar\/596e7c417251e30f2fbb9c00e026fce61a695a00e51c889caded71c96cbbdde5?s=96&d=mm&r=g","contentUrl":"https:\/\/secure.gravatar.com\/avatar\/596e7c417251e30f2fbb9c00e026fce61a695a00e51c889caded71c96cbbdde5?s=96&d=mm&r=g","caption":"Kisha Orthodhokse"}}]}},"_links":{"self":[{"href":"https:\/\/orthodoxalbania.org\/2020\/wp-json\/wp\/v2\/posts\/1509","targetHints":{"allow":["GET"]}}],"collection":[{"href":"https:\/\/orthodoxalbania.org\/2020\/wp-json\/wp\/v2\/posts"}],"about":[{"href":"https:\/\/orthodoxalbania.org\/2020\/wp-json\/wp\/v2\/types\/post"}],"author":[{"embeddable":true,"href":"https:\/\/orthodoxalbania.org\/2020\/wp-json\/wp\/v2\/users\/1"}],"replies":[{"embeddable":true,"href":"https:\/\/orthodoxalbania.org\/2020\/wp-json\/wp\/v2\/comments?post=1509"}],"version-history":[{"count":1,"href":"https:\/\/orthodoxalbania.org\/2020\/wp-json\/wp\/v2\/posts\/1509\/revisions"}],"predecessor-version":[{"id":15235,"href":"https:\/\/orthodoxalbania.org\/2020\/wp-json\/wp\/v2\/posts\/1509\/revisions\/15235"}],"wp:attachment":[{"href":"https:\/\/orthodoxalbania.org\/2020\/wp-json\/wp\/v2\/media?parent=1509"}],"wp:term":[{"taxonomy":"category","embeddable":true,"href":"https:\/\/orthodoxalbania.org\/2020\/wp-json\/wp\/v2\/categories?post=1509"},{"taxonomy":"post_tag","embeddable":true,"href":"https:\/\/orthodoxalbania.org\/2020\/wp-json\/wp\/v2\/tags?post=1509"}],"curies":[{"name":"wp","href":"https:\/\/api.w.org\/{rel}","templated":true}]}}