{"id":1503,"date":"2013-12-26T14:36:06","date_gmt":"2013-12-26T14:36:06","guid":{"rendered":""},"modified":"2020-04-06T22:05:24","modified_gmt":"2020-04-06T20:05:24","slug":"urime-te-shumta-dhe-te-ngrohta-kryepiskopi-anastas-priti-vizitore-te-shumte-ne-seline-e-re-te-sinodit-te-shenjte","status":"publish","type":"post","link":"https:\/\/orthodoxalbania.org\/2020\/2013\/12\/26\/urime-te-shumta-dhe-te-ngrohta-kryepiskopi-anastas-priti-vizitore-te-shumte-ne-seline-e-re-te-sinodit-te-shenjte\/","title":{"rendered":"Urime t\u00eb shumta dhe t\u00eb ngrohta &#8211; Kryepiskopi Anastas priti vizitor\u00eb t\u00eb shumt\u00eb n\u00eb selin\u00eb e re t\u00eb Sinodit t\u00eb Shenjt\u00eb &#8211; Dhjetor 2013."},"content":{"rendered":"<div style=\"text-align: justify;\">\n\t<span style=\"font-size:12px;\"><span style=\"font-family: tahoma,geneva,sans-serif;\"><img decoding=\"async\" class=\"lazyload HAa Eha\" src=\"data:image\/gif;base64,R0lGODlhAQABAAAAACH5BAEKAAEALAAAAAABAAEAAAICTAEAOw==\" data-orig-src=\"https:\/\/lh6.googleusercontent.com\/-ytkMF7cq_Eg\/Urw3pAeVvuI\/AAAAAAAAHHw\/eiB7u-wdg9Q\/w644-h339-no\/big_25_dhjetor_rama.jpg\" style=\"height: 158px; width: 300px; margin: 10px; float: left; border-width: 1px; border-style: solid;\" \/>&nbsp;&nbsp;&nbsp; <span style=\"color:#000000;\">Dit\u00ebn e Krishtlindjes, pas Liturgjis\u00eb Hyjnore, n\u00eb or\u00ebn 12.00, Kryepiskopi Anastas, i shoq\u00ebruar nga&nbsp; Episkopi i Apollonis\u00eb Nikolla, i Kruj\u00ebs Andoni, i Amantias Nathanaili dhe i Bylisit Asti, prit\u00ebn vizitat e urimit. Pritja u b\u00eb n\u00eb sall\u00ebn e madhe t\u00eb godin\u00ebs s\u00eb re t\u00eb Sinodit t\u00eb shenjt\u00eb, pjes\u00eb e kompleksit t\u00eb Katedrales \u201cNgjallja e Krishtit\u201d. Erdh\u00ebn p\u00ebr t\u00eb uruar Presidenti Nishani, Kryeministri Rama, Kryetari i Kuvendit Meta, Kryetari i PD dhe kryebashkiaku Basha, ministra, kryetar\u00eb partish, diplomat\u00eb, intelektual\u00eb dhe personalitete t\u00eb shquar, besimtar\u00eb etj.<\/span><\/span><\/span><\/div>\n<div style=\"text-align: justify;\">\n\t<br \/>\n\t<span style=\"font-size:12px;\"><span style=\"font-family: tahoma,geneva,sans-serif;\"><span style=\"color:#000000;\">&nbsp;&nbsp; P\u00ebr t\u00eb uruar erdh\u00ebn edhe p\u00ebrfaq\u00ebsues t\u00eb komuniteteve t\u00eb tjera fetare, Kryetari i Komunitetit Musliman, Haxhi Selim Mu\u00e7a, Kryegjyshi<\/span><\/span><\/span><span style=\"font-size:12px;\"><span style=\"font-family: tahoma,geneva,sans-serif;\"><span style=\"color:#000000;\">Bektashin, Baba Edmond Brahimaj, Nunci Apostolik Mons. Iglezias, p\u00ebrfaq\u00ebsues t\u00eb V\u00ebllaz\u00ebris\u00eb Ungjillore, komunitetit Halvetian etj.<\/span><\/span><\/span><\/div>\n<div style=\"text-align: justify;\">\n\t<br \/>\n\t<span style=\"font-size:12px;\"><span style=\"font-family: tahoma,geneva,sans-serif;\"><span style=\"color:#000000;\">&nbsp;&nbsp;&nbsp; T\u00eb pranishmit uruan Kryepiskopin dhe besimtar\u00ebt orthodhoks\u00eb p\u00ebr fest\u00ebn, duke theksuar nd\u00ebr t\u00eb tjera:<\/span><\/span><\/span><\/div>\n<div style=\"text-align: justify;\">\n\t<br \/>\n\t<span style=\"font-size:12px;\"><span style=\"font-family: tahoma,geneva,sans-serif;\"><span style=\"color:#000000;\">&nbsp;&nbsp;&nbsp; Presidenti Nishani: \u201cD\u00ebshiroj t\u00eb uroj m\u00eb shum\u00eb paqe n\u00eb shpirtrat tan\u00eb, m\u00eb shum\u00eb qet\u00ebsi n\u00eb mendjet tona\u201d.<\/span><\/span><\/span><\/div>\n<div style=\"text-align: justify;\">\n\t<br \/>\n\t<span style=\"font-size:12px;\"><span style=\"font-family: tahoma,geneva,sans-serif;\"><span style=\"color:#000000;\">&nbsp;&nbsp;&nbsp; Kryeministri Edi Rama: \u201cU uroj g\u00ebzuar Krishtlindjet t\u00eb gjith\u00ebve, \u00ebsht\u00eb nj\u00eb fest\u00eb e t\u00eb gjith\u00ebve si t\u00eb gjitha festat e m\u00ebdha t\u00eb besimeve fetare t\u00eb vendit ton\u00eb dhe p\u00ebrfitoj nga rasti q\u00eb t\u00eb n\u00ebnvizoj k\u00ebnaq\u00ebsin\u00eb n\u00eb k\u00ebt\u00eb dit\u00eb kur fryma e solidaritetit me m\u00eb t\u00eb dob\u00ebtit, me ata n\u00eb nevoj\u00eb dhe me t\u00eb gjith\u00eb ata q\u00eb k\u00ebrkojn\u00eb nj\u00eb rrug\u00eb shprese kulmon\u201d.<\/span><\/span><\/span><\/div>\n<div style=\"text-align: justify;\">\n\t<br \/>\n\t<span style=\"font-size:12px;\"><span style=\"font-family: tahoma,geneva,sans-serif;\"><span style=\"color:#000000;\">&nbsp;&nbsp;&nbsp; Kryetari i PD, Lulzim Basha: \u201cUrime p\u00ebr \u00e7do vat\u00ebr shqiptare q\u00eb t\u00eb marr\u00eb bekimin e Zotit, p\u00ebr t\u00eb gjith\u00eb njer\u00ebzit anemban\u00eb bot\u00ebs. Dua t\u00eb shpreh krenarin\u00eb q\u00eb jam kryetar i nj\u00eb bashkie t\u00eb nj\u00eb qyteti, i nj\u00eb vendi q\u00eb feston me shpirt tolerance. G\u00ebzuar\u201d.<\/span><\/span><\/span><\/div>\n<div style=\"text-align: justify;\">\n\t<br \/>\n\t<span style=\"font-size:12px;\"><span style=\"font-family: tahoma,geneva,sans-serif;\"><span style=\"color:#000000;\">&nbsp;&nbsp;&nbsp; Kryetari i Kuvendit, Ilir Meta: \u201cLindje dhe drit\u00eb, rilindin dhe forcohen shpresat tona p\u00ebr nj\u00eb Shqip\u00ebri m\u00eb t\u00eb mir\u00eb, jo vet\u00ebm p\u00ebr veten ton\u00eb, por edhe p\u00ebr brezat q\u00eb vijn\u00eb. Sot \u00ebsht\u00eb nj\u00eb dit\u00eb q\u00eb na b\u00ebn me t\u00eb bashkuar, m\u00eb solidar\u00eb p\u00ebr t\u00eb punuar s\u00eb bashku p\u00ebr nj\u00eb Shqip\u00ebri q\u00eb d\u00ebshirojn\u00eb t\u00eb gjith\u00eb qytetar\u00ebt tan\u00eb. G\u00ebzuar\u201d&nbsp; <\/span><\/span><\/span><\/div>\n<p style=\"text-align: justify;\">\n\t<span style=\"font-size:12px;\"><span style=\"font-family: tahoma,geneva,sans-serif;\"><span style=\"font-size:12px;\"><span style=\"font-family: tahoma,geneva,sans-serif;\"><img decoding=\"async\" class=\"lazyload HAa Eha\" src=\"data:image\/gif;base64,R0lGODlhAQABAAAAACH5BAEKAAEALAAAAAABAAEAAAICTAEAOw==\" data-orig-src=\"https:\/\/lh5.googleusercontent.com\/-vGlNRZKzwSA\/Urw3n5gN9nI\/AAAAAAAAHHk\/m0FivEyIk3g\/w798-h575-no\/DSC_30221.jpg\" style=\"height: 432px; width: 600px; margin: 10px; border-width: 1px; border-style: solid;\" \/><img decoding=\"async\" class=\"lazyload HAa Eha\" src=\"data:image\/gif;base64,R0lGODlhAQABAAAAACH5BAEKAAEALAAAAAABAAEAAAICTAEAOw==\" data-orig-src=\"https:\/\/lh4.googleusercontent.com\/-p7ucf-LdCFM\/Ury3Fd6oLZI\/AAAAAAAAHII\/GmNzMFv82io\/w640-h393-no\/meta_25.12.2013.jpg\" style=\"height: 368px; width: 600px; border-width: 1px; border-style: solid; margin: 10px;\" \/><\/span><\/span><\/span><\/span><\/p>\n<p style=\"text-align: justify;\">\n\t<span style=\"font-size:12px;\"><span style=\"font-family: tahoma,geneva,sans-serif;\"><span style=\"font-size:12px;\"><span style=\"font-family: tahoma,geneva,sans-serif;\"><span style=\"font-size:12px;\"><span style=\"font-family: tahoma,geneva,sans-serif;\"><img decoding=\"async\" class=\"lazyload HAa Eha\" src=\"data:image\/gif;base64,R0lGODlhAQABAAAAACH5BAEKAAEALAAAAAABAAEAAAICTAEAOw==\" data-orig-src=\"https:\/\/lh6.googleusercontent.com\/-ytkMF7cq_Eg\/Urw3pAeVvuI\/AAAAAAAAHHw\/eiB7u-wdg9Q\/w644-h339-no\/big_25_dhjetor_rama.jpg\" style=\"width: 600px; margin: 10px; float: left; height: 316px; border-width: 1px; border-style: solid;\" \/><\/span><\/span><\/span><\/span><\/span><\/span><\/p>\n<p style=\"text-align: justify;\">\n\t&nbsp;<\/p>\n<p style=\"text-align: justify;\">\n\t&nbsp;<\/p>\n<p style=\"text-align: justify;\">\n\t&nbsp;<\/p>\n<p style=\"text-align: justify;\">\n\t&nbsp;<\/p>\n<p style=\"text-align: justify;\">\n\t&nbsp;<\/p>\n<p style=\"text-align: justify;\">\n\t&nbsp;<\/p>\n<p style=\"text-align: justify;\">\n\t&nbsp;<\/p>\n<p style=\"text-align: justify;\">\n\t<img decoding=\"async\" class=\"lazyload HAa Eha\" src=\"data:image\/gif;base64,R0lGODlhAQABAAAAACH5BAEKAAEALAAAAAABAAEAAAICTAEAOw==\" data-orig-src=\"https:\/\/lh5.googleusercontent.com\/-wBdmt0vZ_pw\/Urw14jhdv_I\/AAAAAAAAHGo\/bU4sXI_axWs\/w535-h449-no\/Basha%2C+ne+qender...jpg\" style=\"height: 504px; width: 600px; margin: 10px; border-width: 1px; border-style: solid;\" \/><img decoding=\"async\" class=\"lazyload HAa Eha\" src=\"data:image\/gif;base64,R0lGODlhAQABAAAAACH5BAEKAAEALAAAAAABAAEAAAICTAEAOw==\" data-orig-src=\"https:\/\/lh6.googleusercontent.com\/-TkR95JMDTqw\/Urw3nzPBFhI\/AAAAAAAAHHo\/Nd4cpC1DiIs\/w863-h575-no\/DSC_0234.JPG\" style=\"height: 400px; width: 600px; margin: 10px; border-width: 1px; border-style: solid;\" \/><\/p>\n<p style=\"text-align: justify;\">\n\t&nbsp;<\/p>\n","protected":false},"excerpt":{"rendered":"<p>&nbsp;&nbsp;&nbsp; Dit\u00ebn e Krishtlindjes, pas Liturgjis\u00eb Hyjnore, n\u00eb or\u00ebn 12.00, Kryepiskopi Anastas, i shoq\u00ebruar nga&nbsp; Episkopi i Apollonis\u00eb Nikolla, i Kruj\u00ebs Andoni, i Amantias Nathanaili dhe i Bylisit Asti, prit\u00ebn vizitat e urimit. Pritja u b\u00eb n\u00eb sall\u00ebn e madhe t\u00eb godin\u00ebs s\u00eb re t\u00eb Sinodit t\u00eb shenjt\u00eb, pjes\u00eb e kompleksit t\u00eb Katedrales \u201cNgjallja e Krishtit\u201d. Erdh\u00ebn p\u00ebr t\u00eb uruar Presidenti Nishani, Kryeministri Rama, Kryetari<\/p>\n","protected":false},"author":1,"featured_media":0,"comment_status":"open","ping_status":"open","sticky":false,"template":"","format":"standard","meta":{"_acf_changed":false,"pagelayer_contact_templates":[],"_pagelayer_content":"","inline_featured_image":false,"fifu_image_url":"","fifu_image_alt":"","footnotes":""},"categories":[108],"tags":[141,184,192,196,201,212],"class_list":["post-1503","post","type-post","status-publish","format-standard","hentry","category-lajme","tag-141","tag-katedralja-ngjallja-e-krishtit-tirane","tag-krishtlindje","tag-tirane","tag-kryepiskopi-anastas","tag-lajme-d27"],"acf":[],"yoast_head":"<!-- This site is optimized with the Yoast SEO plugin v27.2 - https:\/\/yoast.com\/product\/yoast-seo-wordpress\/ -->\n<title>Urime t\u00eb shumta dhe t\u00eb ngrohta - Kryepiskopi Anastas priti vizitor\u00eb t\u00eb shumt\u00eb n\u00eb selin\u00eb e re t\u00eb Sinodit t\u00eb Shenjt\u00eb - Dhjetor 2013. - Kisha Orthodh\u03bfkse Autoqefale e Shqip\u00ebris\u00eb<\/title>\n<meta name=\"robots\" content=\"index, follow, max-snippet:-1, max-image-preview:large, max-video-preview:-1\" \/>\n<link rel=\"canonical\" href=\"https:\/\/orthodoxalbania.org\/2020\/2013\/12\/26\/urime-te-shumta-dhe-te-ngrohta-kryepiskopi-anastas-priti-vizitore-te-shumte-ne-seline-e-re-te-sinodit-te-shenjte\/\" \/>\n<meta property=\"og:locale\" content=\"en_US\" \/>\n<meta property=\"og:type\" content=\"article\" \/>\n<meta property=\"og:title\" content=\"Urime t\u00eb shumta dhe t\u00eb ngrohta - Kryepiskopi Anastas priti vizitor\u00eb t\u00eb shumt\u00eb n\u00eb selin\u00eb e re t\u00eb Sinodit t\u00eb Shenjt\u00eb - Dhjetor 2013. - Kisha Orthodh\u03bfkse Autoqefale e Shqip\u00ebris\u00eb\" \/>\n<meta property=\"og:description\" content=\"&nbsp;&nbsp;&nbsp; Dit\u00ebn e Krishtlindjes, pas Liturgjis\u00eb Hyjnore, n\u00eb or\u00ebn 12.00, Kryepiskopi Anastas, i shoq\u00ebruar nga&nbsp; Episkopi i Apollonis\u00eb Nikolla, i Kruj\u00ebs Andoni, i Amantias Nathanaili dhe i Bylisit Asti, prit\u00ebn vizitat e urimit. Pritja u b\u00eb n\u00eb sall\u00ebn e madhe t\u00eb godin\u00ebs s\u00eb re t\u00eb Sinodit t\u00eb shenjt\u00eb, pjes\u00eb e kompleksit t\u00eb Katedrales \u201cNgjallja e Krishtit\u201d. Erdh\u00ebn p\u00ebr t\u00eb uruar Presidenti Nishani, Kryeministri Rama, Kryetari\" \/>\n<meta property=\"og:url\" content=\"https:\/\/orthodoxalbania.org\/2020\/2013\/12\/26\/urime-te-shumta-dhe-te-ngrohta-kryepiskopi-anastas-priti-vizitore-te-shumte-ne-seline-e-re-te-sinodit-te-shenjte\/\" \/>\n<meta property=\"og:site_name\" content=\"Kisha Orthodh\u03bfkse Autoqefale e Shqip\u00ebris\u00eb\" \/>\n<meta property=\"article:publisher\" content=\"https:\/\/www.facebook.com\/koash1991\" \/>\n<meta property=\"article:published_time\" content=\"2013-12-26T14:36:06+00:00\" \/>\n<meta property=\"article:modified_time\" content=\"2020-04-06T20:05:24+00:00\" \/>\n<meta property=\"og:image\" content=\"https:\/\/lh6.googleusercontent.com\/-ytkMF7cq_Eg\/Urw3pAeVvuI\/AAAAAAAAHHw\/eiB7u-wdg9Q\/w644-h339-no\/big_25_dhjetor_rama.jpg\" \/>\n<meta name=\"author\" content=\"Kisha Orthodhokse\" \/>\n<meta name=\"twitter:card\" content=\"summary_large_image\" \/>\n<meta name=\"twitter:label1\" content=\"Written by\" \/>\n\t<meta name=\"twitter:data1\" content=\"Kisha Orthodhokse\" \/>\n\t<meta name=\"twitter:label2\" content=\"Est. reading time\" \/>\n\t<meta name=\"twitter:data2\" content=\"2 minutes\" \/>\n<script type=\"application\/ld+json\" class=\"yoast-schema-graph\">{\"@context\":\"https:\/\/schema.org\",\"@graph\":[{\"@type\":\"Article\",\"@id\":\"https:\/\/orthodoxalbania.org\/2020\/2013\/12\/26\/urime-te-shumta-dhe-te-ngrohta-kryepiskopi-anastas-priti-vizitore-te-shumte-ne-seline-e-re-te-sinodit-te-shenjte\/#article\",\"isPartOf\":{\"@id\":\"https:\/\/orthodoxalbania.org\/2020\/2013\/12\/26\/urime-te-shumta-dhe-te-ngrohta-kryepiskopi-anastas-priti-vizitore-te-shumte-ne-seline-e-re-te-sinodit-te-shenjte\/\"},\"author\":{\"name\":\"Kisha Orthodhokse\",\"@id\":\"https:\/\/orthodoxalbania.org\/2020\/#\/schema\/person\/0c387634a7063ac612d7ed9ce71c7e86\"},\"headline\":\"Urime t\u00eb shumta dhe t\u00eb ngrohta &#8211; Kryepiskopi Anastas priti vizitor\u00eb t\u00eb shumt\u00eb n\u00eb selin\u00eb e re t\u00eb Sinodit t\u00eb Shenjt\u00eb &#8211; Dhjetor 2013.\",\"datePublished\":\"2013-12-26T14:36:06+00:00\",\"dateModified\":\"2020-04-06T20:05:24+00:00\",\"mainEntityOfPage\":{\"@id\":\"https:\/\/orthodoxalbania.org\/2020\/2013\/12\/26\/urime-te-shumta-dhe-te-ngrohta-kryepiskopi-anastas-priti-vizitore-te-shumte-ne-seline-e-re-te-sinodit-te-shenjte\/\"},\"wordCount\":416,\"commentCount\":0,\"publisher\":{\"@id\":\"https:\/\/orthodoxalbania.org\/2020\/#organization\"},\"image\":{\"@id\":\"https:\/\/orthodoxalbania.org\/2020\/2013\/12\/26\/urime-te-shumta-dhe-te-ngrohta-kryepiskopi-anastas-priti-vizitore-te-shumte-ne-seline-e-re-te-sinodit-te-shenjte\/#primaryimage\"},\"thumbnailUrl\":\"https:\/\/lh6.googleusercontent.com\/-ytkMF7cq_Eg\/Urw3pAeVvuI\/AAAAAAAAHHw\/eiB7u-wdg9Q\/w644-h339-no\/big_25_dhjetor_rama.jpg\",\"keywords\":[\"2013\",\"Katedralja \u201cNgjallja e Krishtit\u201d Tiran\u00eb\",\"Krishtlindje\",\"Kryepiskopata Tiran\u00eb\",\"Kryepiskopi Anastas\",\"lajme\"],\"articleSection\":[\"Lajme\"],\"inLanguage\":\"en-US\"},{\"@type\":\"WebPage\",\"@id\":\"https:\/\/orthodoxalbania.org\/2020\/2013\/12\/26\/urime-te-shumta-dhe-te-ngrohta-kryepiskopi-anastas-priti-vizitore-te-shumte-ne-seline-e-re-te-sinodit-te-shenjte\/\",\"url\":\"https:\/\/orthodoxalbania.org\/2020\/2013\/12\/26\/urime-te-shumta-dhe-te-ngrohta-kryepiskopi-anastas-priti-vizitore-te-shumte-ne-seline-e-re-te-sinodit-te-shenjte\/\",\"name\":\"Urime t\u00eb shumta dhe t\u00eb ngrohta - Kryepiskopi Anastas priti vizitor\u00eb t\u00eb shumt\u00eb n\u00eb selin\u00eb e re t\u00eb Sinodit t\u00eb Shenjt\u00eb - Dhjetor 2013. - Kisha Orthodh\u03bfkse Autoqefale e Shqip\u00ebris\u00eb\",\"isPartOf\":{\"@id\":\"https:\/\/orthodoxalbania.org\/2020\/#website\"},\"primaryImageOfPage\":{\"@id\":\"https:\/\/orthodoxalbania.org\/2020\/2013\/12\/26\/urime-te-shumta-dhe-te-ngrohta-kryepiskopi-anastas-priti-vizitore-te-shumte-ne-seline-e-re-te-sinodit-te-shenjte\/#primaryimage\"},\"image\":{\"@id\":\"https:\/\/orthodoxalbania.org\/2020\/2013\/12\/26\/urime-te-shumta-dhe-te-ngrohta-kryepiskopi-anastas-priti-vizitore-te-shumte-ne-seline-e-re-te-sinodit-te-shenjte\/#primaryimage\"},\"thumbnailUrl\":\"https:\/\/lh6.googleusercontent.com\/-ytkMF7cq_Eg\/Urw3pAeVvuI\/AAAAAAAAHHw\/eiB7u-wdg9Q\/w644-h339-no\/big_25_dhjetor_rama.jpg\",\"datePublished\":\"2013-12-26T14:36:06+00:00\",\"dateModified\":\"2020-04-06T20:05:24+00:00\",\"breadcrumb\":{\"@id\":\"https:\/\/orthodoxalbania.org\/2020\/2013\/12\/26\/urime-te-shumta-dhe-te-ngrohta-kryepiskopi-anastas-priti-vizitore-te-shumte-ne-seline-e-re-te-sinodit-te-shenjte\/#breadcrumb\"},\"inLanguage\":\"en-US\",\"potentialAction\":[{\"@type\":\"ReadAction\",\"target\":[\"https:\/\/orthodoxalbania.org\/2020\/2013\/12\/26\/urime-te-shumta-dhe-te-ngrohta-kryepiskopi-anastas-priti-vizitore-te-shumte-ne-seline-e-re-te-sinodit-te-shenjte\/\"]}]},{\"@type\":\"ImageObject\",\"inLanguage\":\"en-US\",\"@id\":\"https:\/\/orthodoxalbania.org\/2020\/2013\/12\/26\/urime-te-shumta-dhe-te-ngrohta-kryepiskopi-anastas-priti-vizitore-te-shumte-ne-seline-e-re-te-sinodit-te-shenjte\/#primaryimage\",\"url\":\"https:\/\/lh6.googleusercontent.com\/-ytkMF7cq_Eg\/Urw3pAeVvuI\/AAAAAAAAHHw\/eiB7u-wdg9Q\/w644-h339-no\/big_25_dhjetor_rama.jpg\",\"contentUrl\":\"https:\/\/lh6.googleusercontent.com\/-ytkMF7cq_Eg\/Urw3pAeVvuI\/AAAAAAAAHHw\/eiB7u-wdg9Q\/w644-h339-no\/big_25_dhjetor_rama.jpg\"},{\"@type\":\"BreadcrumbList\",\"@id\":\"https:\/\/orthodoxalbania.org\/2020\/2013\/12\/26\/urime-te-shumta-dhe-te-ngrohta-kryepiskopi-anastas-priti-vizitore-te-shumte-ne-seline-e-re-te-sinodit-te-shenjte\/#breadcrumb\",\"itemListElement\":[{\"@type\":\"ListItem\",\"position\":1,\"name\":\"Home\",\"item\":\"https:\/\/orthodoxalbania.org\/2020\/\"},{\"@type\":\"ListItem\",\"position\":2,\"name\":\"Urime t\u00eb shumta dhe t\u00eb ngrohta &#8211; Kryepiskopi Anastas priti vizitor\u00eb t\u00eb shumt\u00eb n\u00eb selin\u00eb e re t\u00eb Sinodit t\u00eb Shenjt\u00eb &#8211; Dhjetor 2013.\"}]},{\"@type\":\"WebSite\",\"@id\":\"https:\/\/orthodoxalbania.org\/2020\/#website\",\"url\":\"https:\/\/orthodoxalbania.org\/2020\/\",\"name\":\"Kisha Orthodh\u03bfkse Autoqefale e Shqip\u00ebris\u00eb\",\"description\":\"Fqja Zyrtare e Kish\u00ebs Orthodhokse Autoqefale e Shqip\u00ebris\u00eb me lajmet edhe informacionet zyrtare p\u00ebr struktur\u00ebn edhe veprimtarin e saj.\",\"publisher\":{\"@id\":\"https:\/\/orthodoxalbania.org\/2020\/#organization\"},\"potentialAction\":[{\"@type\":\"SearchAction\",\"target\":{\"@type\":\"EntryPoint\",\"urlTemplate\":\"https:\/\/orthodoxalbania.org\/2020\/?s={search_term_string}\"},\"query-input\":{\"@type\":\"PropertyValueSpecification\",\"valueRequired\":true,\"valueName\":\"search_term_string\"}}],\"inLanguage\":\"en-US\"},{\"@type\":\"Organization\",\"@id\":\"https:\/\/orthodoxalbania.org\/2020\/#organization\",\"name\":\"Kisha Orthodhokse Autoqefale e Shqip\u00ebris\u00eb\",\"url\":\"https:\/\/orthodoxalbania.org\/2020\/\",\"logo\":{\"@type\":\"ImageObject\",\"inLanguage\":\"en-US\",\"@id\":\"https:\/\/orthodoxalbania.org\/2020\/#\/schema\/logo\/image\/\",\"url\":\"https:\/\/orthodoxalbania.org\/2020\/wp-content\/uploads\/2020\/05\/albania.jpeg\",\"contentUrl\":\"https:\/\/orthodoxalbania.org\/2020\/wp-content\/uploads\/2020\/05\/albania.jpeg\",\"width\":540,\"height\":540,\"caption\":\"Kisha Orthodhokse Autoqefale e Shqip\u00ebris\u00eb\"},\"image\":{\"@id\":\"https:\/\/orthodoxalbania.org\/2020\/#\/schema\/logo\/image\/\"},\"sameAs\":[\"https:\/\/www.facebook.com\/koash1991\"]},{\"@type\":\"Person\",\"@id\":\"https:\/\/orthodoxalbania.org\/2020\/#\/schema\/person\/0c387634a7063ac612d7ed9ce71c7e86\",\"name\":\"Kisha Orthodhokse\",\"image\":{\"@type\":\"ImageObject\",\"inLanguage\":\"en-US\",\"@id\":\"https:\/\/secure.gravatar.com\/avatar\/596e7c417251e30f2fbb9c00e026fce61a695a00e51c889caded71c96cbbdde5?s=96&d=mm&r=g\",\"url\":\"https:\/\/secure.gravatar.com\/avatar\/596e7c417251e30f2fbb9c00e026fce61a695a00e51c889caded71c96cbbdde5?s=96&d=mm&r=g\",\"contentUrl\":\"https:\/\/secure.gravatar.com\/avatar\/596e7c417251e30f2fbb9c00e026fce61a695a00e51c889caded71c96cbbdde5?s=96&d=mm&r=g\",\"caption\":\"Kisha Orthodhokse\"}}]}<\/script>\n<!-- \/ Yoast SEO plugin. -->","yoast_head_json":{"title":"Urime t\u00eb shumta dhe t\u00eb ngrohta - Kryepiskopi Anastas priti vizitor\u00eb t\u00eb shumt\u00eb n\u00eb selin\u00eb e re t\u00eb Sinodit t\u00eb Shenjt\u00eb - Dhjetor 2013. - Kisha Orthodh\u03bfkse Autoqefale e Shqip\u00ebris\u00eb","robots":{"index":"index","follow":"follow","max-snippet":"max-snippet:-1","max-image-preview":"max-image-preview:large","max-video-preview":"max-video-preview:-1"},"canonical":"https:\/\/orthodoxalbania.org\/2020\/2013\/12\/26\/urime-te-shumta-dhe-te-ngrohta-kryepiskopi-anastas-priti-vizitore-te-shumte-ne-seline-e-re-te-sinodit-te-shenjte\/","og_locale":"en_US","og_type":"article","og_title":"Urime t\u00eb shumta dhe t\u00eb ngrohta - Kryepiskopi Anastas priti vizitor\u00eb t\u00eb shumt\u00eb n\u00eb selin\u00eb e re t\u00eb Sinodit t\u00eb Shenjt\u00eb - Dhjetor 2013. - Kisha Orthodh\u03bfkse Autoqefale e Shqip\u00ebris\u00eb","og_description":"&nbsp;&nbsp;&nbsp; Dit\u00ebn e Krishtlindjes, pas Liturgjis\u00eb Hyjnore, n\u00eb or\u00ebn 12.00, Kryepiskopi Anastas, i shoq\u00ebruar nga&nbsp; Episkopi i Apollonis\u00eb Nikolla, i Kruj\u00ebs Andoni, i Amantias Nathanaili dhe i Bylisit Asti, prit\u00ebn vizitat e urimit. Pritja u b\u00eb n\u00eb sall\u00ebn e madhe t\u00eb godin\u00ebs s\u00eb re t\u00eb Sinodit t\u00eb shenjt\u00eb, pjes\u00eb e kompleksit t\u00eb Katedrales \u201cNgjallja e Krishtit\u201d. Erdh\u00ebn p\u00ebr t\u00eb uruar Presidenti Nishani, Kryeministri Rama, Kryetari","og_url":"https:\/\/orthodoxalbania.org\/2020\/2013\/12\/26\/urime-te-shumta-dhe-te-ngrohta-kryepiskopi-anastas-priti-vizitore-te-shumte-ne-seline-e-re-te-sinodit-te-shenjte\/","og_site_name":"Kisha Orthodh\u03bfkse Autoqefale e Shqip\u00ebris\u00eb","article_publisher":"https:\/\/www.facebook.com\/koash1991","article_published_time":"2013-12-26T14:36:06+00:00","article_modified_time":"2020-04-06T20:05:24+00:00","og_image":[{"url":"https:\/\/lh6.googleusercontent.com\/-ytkMF7cq_Eg\/Urw3pAeVvuI\/AAAAAAAAHHw\/eiB7u-wdg9Q\/w644-h339-no\/big_25_dhjetor_rama.jpg","type":"","width":"","height":""}],"author":"Kisha Orthodhokse","twitter_card":"summary_large_image","twitter_misc":{"Written by":"Kisha Orthodhokse","Est. reading time":"2 minutes"},"schema":{"@context":"https:\/\/schema.org","@graph":[{"@type":"Article","@id":"https:\/\/orthodoxalbania.org\/2020\/2013\/12\/26\/urime-te-shumta-dhe-te-ngrohta-kryepiskopi-anastas-priti-vizitore-te-shumte-ne-seline-e-re-te-sinodit-te-shenjte\/#article","isPartOf":{"@id":"https:\/\/orthodoxalbania.org\/2020\/2013\/12\/26\/urime-te-shumta-dhe-te-ngrohta-kryepiskopi-anastas-priti-vizitore-te-shumte-ne-seline-e-re-te-sinodit-te-shenjte\/"},"author":{"name":"Kisha Orthodhokse","@id":"https:\/\/orthodoxalbania.org\/2020\/#\/schema\/person\/0c387634a7063ac612d7ed9ce71c7e86"},"headline":"Urime t\u00eb shumta dhe t\u00eb ngrohta &#8211; Kryepiskopi Anastas priti vizitor\u00eb t\u00eb shumt\u00eb n\u00eb selin\u00eb e re t\u00eb Sinodit t\u00eb Shenjt\u00eb &#8211; Dhjetor 2013.","datePublished":"2013-12-26T14:36:06+00:00","dateModified":"2020-04-06T20:05:24+00:00","mainEntityOfPage":{"@id":"https:\/\/orthodoxalbania.org\/2020\/2013\/12\/26\/urime-te-shumta-dhe-te-ngrohta-kryepiskopi-anastas-priti-vizitore-te-shumte-ne-seline-e-re-te-sinodit-te-shenjte\/"},"wordCount":416,"commentCount":0,"publisher":{"@id":"https:\/\/orthodoxalbania.org\/2020\/#organization"},"image":{"@id":"https:\/\/orthodoxalbania.org\/2020\/2013\/12\/26\/urime-te-shumta-dhe-te-ngrohta-kryepiskopi-anastas-priti-vizitore-te-shumte-ne-seline-e-re-te-sinodit-te-shenjte\/#primaryimage"},"thumbnailUrl":"https:\/\/lh6.googleusercontent.com\/-ytkMF7cq_Eg\/Urw3pAeVvuI\/AAAAAAAAHHw\/eiB7u-wdg9Q\/w644-h339-no\/big_25_dhjetor_rama.jpg","keywords":["2013","Katedralja \u201cNgjallja e Krishtit\u201d Tiran\u00eb","Krishtlindje","Kryepiskopata Tiran\u00eb","Kryepiskopi Anastas","lajme"],"articleSection":["Lajme"],"inLanguage":"en-US"},{"@type":"WebPage","@id":"https:\/\/orthodoxalbania.org\/2020\/2013\/12\/26\/urime-te-shumta-dhe-te-ngrohta-kryepiskopi-anastas-priti-vizitore-te-shumte-ne-seline-e-re-te-sinodit-te-shenjte\/","url":"https:\/\/orthodoxalbania.org\/2020\/2013\/12\/26\/urime-te-shumta-dhe-te-ngrohta-kryepiskopi-anastas-priti-vizitore-te-shumte-ne-seline-e-re-te-sinodit-te-shenjte\/","name":"Urime t\u00eb shumta dhe t\u00eb ngrohta - Kryepiskopi Anastas priti vizitor\u00eb t\u00eb shumt\u00eb n\u00eb selin\u00eb e re t\u00eb Sinodit t\u00eb Shenjt\u00eb - Dhjetor 2013. - Kisha Orthodh\u03bfkse Autoqefale e Shqip\u00ebris\u00eb","isPartOf":{"@id":"https:\/\/orthodoxalbania.org\/2020\/#website"},"primaryImageOfPage":{"@id":"https:\/\/orthodoxalbania.org\/2020\/2013\/12\/26\/urime-te-shumta-dhe-te-ngrohta-kryepiskopi-anastas-priti-vizitore-te-shumte-ne-seline-e-re-te-sinodit-te-shenjte\/#primaryimage"},"image":{"@id":"https:\/\/orthodoxalbania.org\/2020\/2013\/12\/26\/urime-te-shumta-dhe-te-ngrohta-kryepiskopi-anastas-priti-vizitore-te-shumte-ne-seline-e-re-te-sinodit-te-shenjte\/#primaryimage"},"thumbnailUrl":"https:\/\/lh6.googleusercontent.com\/-ytkMF7cq_Eg\/Urw3pAeVvuI\/AAAAAAAAHHw\/eiB7u-wdg9Q\/w644-h339-no\/big_25_dhjetor_rama.jpg","datePublished":"2013-12-26T14:36:06+00:00","dateModified":"2020-04-06T20:05:24+00:00","breadcrumb":{"@id":"https:\/\/orthodoxalbania.org\/2020\/2013\/12\/26\/urime-te-shumta-dhe-te-ngrohta-kryepiskopi-anastas-priti-vizitore-te-shumte-ne-seline-e-re-te-sinodit-te-shenjte\/#breadcrumb"},"inLanguage":"en-US","potentialAction":[{"@type":"ReadAction","target":["https:\/\/orthodoxalbania.org\/2020\/2013\/12\/26\/urime-te-shumta-dhe-te-ngrohta-kryepiskopi-anastas-priti-vizitore-te-shumte-ne-seline-e-re-te-sinodit-te-shenjte\/"]}]},{"@type":"ImageObject","inLanguage":"en-US","@id":"https:\/\/orthodoxalbania.org\/2020\/2013\/12\/26\/urime-te-shumta-dhe-te-ngrohta-kryepiskopi-anastas-priti-vizitore-te-shumte-ne-seline-e-re-te-sinodit-te-shenjte\/#primaryimage","url":"https:\/\/lh6.googleusercontent.com\/-ytkMF7cq_Eg\/Urw3pAeVvuI\/AAAAAAAAHHw\/eiB7u-wdg9Q\/w644-h339-no\/big_25_dhjetor_rama.jpg","contentUrl":"https:\/\/lh6.googleusercontent.com\/-ytkMF7cq_Eg\/Urw3pAeVvuI\/AAAAAAAAHHw\/eiB7u-wdg9Q\/w644-h339-no\/big_25_dhjetor_rama.jpg"},{"@type":"BreadcrumbList","@id":"https:\/\/orthodoxalbania.org\/2020\/2013\/12\/26\/urime-te-shumta-dhe-te-ngrohta-kryepiskopi-anastas-priti-vizitore-te-shumte-ne-seline-e-re-te-sinodit-te-shenjte\/#breadcrumb","itemListElement":[{"@type":"ListItem","position":1,"name":"Home","item":"https:\/\/orthodoxalbania.org\/2020\/"},{"@type":"ListItem","position":2,"name":"Urime t\u00eb shumta dhe t\u00eb ngrohta &#8211; Kryepiskopi Anastas priti vizitor\u00eb t\u00eb shumt\u00eb n\u00eb selin\u00eb e re t\u00eb Sinodit t\u00eb Shenjt\u00eb &#8211; Dhjetor 2013."}]},{"@type":"WebSite","@id":"https:\/\/orthodoxalbania.org\/2020\/#website","url":"https:\/\/orthodoxalbania.org\/2020\/","name":"Kisha Orthodh\u03bfkse Autoqefale e Shqip\u00ebris\u00eb","description":"Fqja Zyrtare e Kish\u00ebs Orthodhokse Autoqefale e Shqip\u00ebris\u00eb me lajmet edhe informacionet zyrtare p\u00ebr struktur\u00ebn edhe veprimtarin e saj.","publisher":{"@id":"https:\/\/orthodoxalbania.org\/2020\/#organization"},"potentialAction":[{"@type":"SearchAction","target":{"@type":"EntryPoint","urlTemplate":"https:\/\/orthodoxalbania.org\/2020\/?s={search_term_string}"},"query-input":{"@type":"PropertyValueSpecification","valueRequired":true,"valueName":"search_term_string"}}],"inLanguage":"en-US"},{"@type":"Organization","@id":"https:\/\/orthodoxalbania.org\/2020\/#organization","name":"Kisha Orthodhokse Autoqefale e Shqip\u00ebris\u00eb","url":"https:\/\/orthodoxalbania.org\/2020\/","logo":{"@type":"ImageObject","inLanguage":"en-US","@id":"https:\/\/orthodoxalbania.org\/2020\/#\/schema\/logo\/image\/","url":"https:\/\/orthodoxalbania.org\/2020\/wp-content\/uploads\/2020\/05\/albania.jpeg","contentUrl":"https:\/\/orthodoxalbania.org\/2020\/wp-content\/uploads\/2020\/05\/albania.jpeg","width":540,"height":540,"caption":"Kisha Orthodhokse Autoqefale e Shqip\u00ebris\u00eb"},"image":{"@id":"https:\/\/orthodoxalbania.org\/2020\/#\/schema\/logo\/image\/"},"sameAs":["https:\/\/www.facebook.com\/koash1991"]},{"@type":"Person","@id":"https:\/\/orthodoxalbania.org\/2020\/#\/schema\/person\/0c387634a7063ac612d7ed9ce71c7e86","name":"Kisha Orthodhokse","image":{"@type":"ImageObject","inLanguage":"en-US","@id":"https:\/\/secure.gravatar.com\/avatar\/596e7c417251e30f2fbb9c00e026fce61a695a00e51c889caded71c96cbbdde5?s=96&d=mm&r=g","url":"https:\/\/secure.gravatar.com\/avatar\/596e7c417251e30f2fbb9c00e026fce61a695a00e51c889caded71c96cbbdde5?s=96&d=mm&r=g","contentUrl":"https:\/\/secure.gravatar.com\/avatar\/596e7c417251e30f2fbb9c00e026fce61a695a00e51c889caded71c96cbbdde5?s=96&d=mm&r=g","caption":"Kisha Orthodhokse"}}]}},"_links":{"self":[{"href":"https:\/\/orthodoxalbania.org\/2020\/wp-json\/wp\/v2\/posts\/1503","targetHints":{"allow":["GET"]}}],"collection":[{"href":"https:\/\/orthodoxalbania.org\/2020\/wp-json\/wp\/v2\/posts"}],"about":[{"href":"https:\/\/orthodoxalbania.org\/2020\/wp-json\/wp\/v2\/types\/post"}],"author":[{"embeddable":true,"href":"https:\/\/orthodoxalbania.org\/2020\/wp-json\/wp\/v2\/users\/1"}],"replies":[{"embeddable":true,"href":"https:\/\/orthodoxalbania.org\/2020\/wp-json\/wp\/v2\/comments?post=1503"}],"version-history":[{"count":1,"href":"https:\/\/orthodoxalbania.org\/2020\/wp-json\/wp\/v2\/posts\/1503\/revisions"}],"predecessor-version":[{"id":15138,"href":"https:\/\/orthodoxalbania.org\/2020\/wp-json\/wp\/v2\/posts\/1503\/revisions\/15138"}],"wp:attachment":[{"href":"https:\/\/orthodoxalbania.org\/2020\/wp-json\/wp\/v2\/media?parent=1503"}],"wp:term":[{"taxonomy":"category","embeddable":true,"href":"https:\/\/orthodoxalbania.org\/2020\/wp-json\/wp\/v2\/categories?post=1503"},{"taxonomy":"post_tag","embeddable":true,"href":"https:\/\/orthodoxalbania.org\/2020\/wp-json\/wp\/v2\/tags?post=1503"}],"curies":[{"name":"wp","href":"https:\/\/api.w.org\/{rel}","templated":true}]}}