{"id":150,"date":"2008-02-26T00:00:00","date_gmt":"2008-02-26T00:00:00","guid":{"rendered":""},"modified":"2020-04-06T22:35:23","modified_gmt":"2020-04-06T20:35:23","slug":"1-qershori-festa-e-femijeve-2008","status":"publish","type":"post","link":"https:\/\/orthodoxalbania.org\/2020\/2008\/02\/26\/1-qershori-festa-e-femijeve-2008\/","title":{"rendered":"1 Qershori festa e f\u00ebmij\u00ebve. (2008)"},"content":{"rendered":"<table id=\"AutoNumber2\" border=\"0\">\n<tbody>\n<tr>\n<td>\n<div><span style=\"color: #000000; font-family: helvetica;\"><span style=\"font-size: 12px;\"><img decoding=\"async\" class=\"lazyload HAa Eha\" style=\"margin: 10px auto; display: block; border: 1px solid;\" alt=\"\" src=\"data:image\/gif;base64,R0lGODlhAQABAAAAACH5BAEKAAEALAAAAAABAAEAAAICTAEAOw==\" data-orig-src=\"https:\/\/lh4.googleusercontent.com\/-SPvtKKnABJc\/VI7IILpqsEI\/AAAAAAAAHtY\/Kn32Ac3iw3I\/w400-h280-no\/1.jpg\" \/><\/span><\/span><\/div>\n<\/td>\n<td>\n<div style=\"text-align: justify;\"><span style=\"color: #000000; font-family: helvetica; font-size: 12pt;\">&nbsp;&nbsp;&nbsp;<\/span><\/div>\n<div style=\"text-align: justify;\"><span style=\"color: #000000; font-family: helvetica; font-size: 12pt;\">&nbsp;&nbsp;&nbsp; 1 qershori, festa e f\u00ebmij\u00ebve, tashm\u00eb \u00ebsht\u00eb nd\u00ebr dit\u00ebt m\u00eb festive e m\u00eb t\u00eb ve\u00e7anta. Brenda atmosfer\u00ebs ku p\u00ebrfshihen t\u00eb gjith\u00eb, n\u00eb k\u00ebt\u00eb dit\u00eb flasin lulet, lodrat, t\u00eb qeshurat dhe z\u00ebrat gazmor\u00eb t\u00eb f\u00ebmij\u00ebve. Me \u00e7ilt\u00ebrsin\u00eb dhe pafaj\u00ebsin\u00eb e tyre, ata t\u00eb p\u00ebrfshijn\u00eb n\u00eb buz\u00ebqeshjen e g\u00ebzimin e tyre t\u00eb past\u00ebr.<\/span><\/div>\n<div dir=\"ltr\" style=\"text-align: justify;\"><span style=\"font-family: helvetica; font-size: 12pt;\"><\/span><\/div>\n<\/td>\n<\/tr>\n<tr>\n<td>\n<div style=\"text-align: justify;\"><span style=\"color: #000000; font-family: helvetica; font-size: 12pt;\">&nbsp;&nbsp;&nbsp; Me k\u00ebt\u00eb rast, Zyra e F\u00ebmij\u00ebve pran\u00eb Kish\u00ebs Orthodhokse Autoqefale t\u00eb Shqip\u00ebris\u00eb dhe Zyra e Koordinimit t\u00eb P\u00ebrkujdesjeve Ditore (kopshteve) n\u00eb Tiran\u00eb, por edhe n\u00eb rrethe t\u00eb tjera t\u00eb vendit ka organizuar nj\u00eb dit\u00eb festive me t\u00eb gjith\u00eb f\u00ebmij\u00ebt q\u00eb jan\u00eb p\u00ebrfshir\u00eb n\u00eb veprimtarit\u00eb e Kish\u00ebs. M\u00eb shum\u00eb se loj\u00ebra, vizita dhe piknik\u00eb ne vende t\u00eb ndryshme turistike, dashuria dhe ngroht\u00ebsia q\u00eb p\u00ebrcoll\u00ebn f\u00ebmij\u00ebt k\u00ebt\u00eb 1 qershor dominuan n\u00eb \u00e7do ambient.<\/span><\/div>\n<\/td>\n<td>\n<div><span style=\"color: #000000; font-family: helvetica; font-size: 12pt;\"><img decoding=\"async\" class=\"lazyload HAa Eha\" style=\"border-width: 1px; border-style: solid; margin: 10px auto; display: block;\" alt=\"\" src=\"data:image\/gif;base64,R0lGODlhAQABAAAAACH5BAEKAAEALAAAAAABAAEAAAICTAEAOw==\" data-orig-src=\"https:\/\/lh4.googleusercontent.com\/-vMyh_VZGsdw\/VI7IH3Us9MI\/AAAAAAAAHs0\/FnxbhDcN86w\/w400-h265-no\/3.jpg\" \/><\/span><\/div>\n<\/td>\n<\/tr>\n<tr>\n<td>\n<div><span style=\"color: #000000; font-family: helvetica; font-size: 12pt;\"><img decoding=\"async\" class=\"lazyload HAa Eha\" style=\"border-width: 1px; border-style: solid; margin: 10px auto; display: block;\" alt=\"\" src=\"data:image\/gif;base64,R0lGODlhAQABAAAAACH5BAEKAAEALAAAAAABAAEAAAICTAEAOw==\" data-orig-src=\"https:\/\/lh3.googleusercontent.com\/-RewgvFgYv0c\/VI7IIX0tnYI\/AAAAAAAAHtg\/FQq53Jauf78\/w400-h243-no\/5.jpg\" \/><\/span><\/div>\n<\/td>\n<td>\n<div style=\"text-align: justify;\"><span style=\"color: #000000; font-family: helvetica; font-size: 12pt;\">&nbsp;&nbsp;&nbsp; Tashm\u00eb \u00ebsht\u00eb tradit\u00eb t\u00eb festohet kjo fest\u00eb n\u00eb t\u00eb gjitha kopshtet e Kish\u00ebs son\u00eb n\u00eb mbar\u00eb vendin. Organizimi i fest\u00ebs s\u00eb 1 qershorit u b\u00eb n\u00eb ambientet e kopshteve ose sallat prit\u00ebse t\u00eb kishave n\u00ebp\u00ebr rrethe ku t\u00eb pranish\u00ebm ishin prind\u00ebrit dhe t\u00eb ftuar t\u00eb tjer\u00eb. F\u00ebmij\u00ebt dhuruan momente gazmore, emocionuese duke interpretuar, k\u00ebnduar e recituar dhe duke vall\u00ebzuar s\u00eb bashku.<\/span><\/div>\n<\/td>\n<\/tr>\n<tr>\n<td colspan=\"2\">\n<div style=\"text-align: justify;\"><span style=\"color: #000000; font-family: helvetica; font-size: 12pt;\">&nbsp;&nbsp;&nbsp; \u00c7do klas\u00eb kishte p\u00ebrgatitur nj\u00eb program t\u00eb ve\u00e7ant\u00eb. F\u00ebmij\u00ebt recituan e k\u00ebnduan dhe shfaq\u00ebn disa dramatizime si \u201cP\u00ebllumbi dhe bleta\u201d, \u201cTre fluturat dhe derrkuci\u201d. Gjithashtu u shtrua edhe kokteil. Aktivitete t\u00eb tilla, n\u00eb k\u00ebt\u00eb m\u00ebnyr\u00eb b\u00ebhen pjes\u00eb e edukimit t\u00eb tyre, duke i treguar se do t\u00eb jen\u00eb gjithnj\u00eb n\u00ebn kujdesin e edukatoreve t\u00eb tyre dhe s\u2019do t\u00eb mungoj\u00eb kurr\u00eb v\u00ebmendja e plot\u00eb ndaj gjith\u00e7kaje q\u00eb ka lidhje me ta.<\/span><\/div>\n<\/td>\n<\/tr>\n<tr>\n<td>\n<div><span style=\"color: #000000; font-family: helvetica; font-size: 12pt;\"><img decoding=\"async\" class=\"lazyload HAa Eha\" style=\"border-width: 1px; border-style: solid; margin: 10px auto; display: block;\" alt=\"\" src=\"data:image\/gif;base64,R0lGODlhAQABAAAAACH5BAEKAAEALAAAAAABAAEAAAICTAEAOw==\" data-orig-src=\"https:\/\/lh4.googleusercontent.com\/-qjp9Yl0EXiY\/VI7IJGoUcjI\/AAAAAAAAHtM\/ia4-RFfFxts\/w400-h251-no\/6.jpg\" \/><\/span><\/div>\n<\/td>\n<td>\n<div style=\"text-align: justify;\"><span style=\"color: #000000; font-family: helvetica; font-size: 12pt;\">&nbsp;&nbsp;&nbsp; F\u00ebmij\u00ebt e sht\u00ebpis\u00eb \u201cShpresa\u201d n\u00eb Manastirin e Sh\u00ebn Vlashit n\u00eb Durr\u00ebs, nj\u00eb dit\u00eb m\u00eb par\u00eb, n\u00eb dat\u00ebn 31 maj, organizuan nj\u00eb pritje me koncert festiv dhe kokteil n\u00eb ambientet shum\u00eb t\u00eb bukura t\u00eb sht\u00ebpis\u00eb s\u00eb tyre, dhurat\u00eb e Kryepiskopit Anastas. Kishin ftuar dhe erdh\u00ebn p\u00ebr t\u00eb g\u00ebzuar s\u00eb bashku me f\u00ebmij\u00ebt, deputet\u00eb t\u00eb zon\u00ebs, p\u00ebrfaq\u00ebsues nga Bashkia e Durr\u00ebsit, m\u00ebsuesit dhe drejtuesit e shkollave ku ata m\u00ebsojn\u00eb.<\/span><\/div>\n<\/td>\n<\/tr>\n<tr>\n<td>\n<div style=\"text-align: justify;\"><span style=\"color: #000000; font-family: helvetica; font-size: 12pt;\">&nbsp;&nbsp;&nbsp; M\u00eb 1 qershor, dit\u00ebn e fest\u00ebs, pasi meshuan n\u00eb Kish\u00ebn e Manastirit t\u00eb Sh\u00ebn Vlashit organizuan nj\u00eb piknik s\u00eb bashku n\u00eb ferm\u00ebn e Manastirit ku ata pan\u00eb si rriteshin dhe si kujdeseshin punonj\u00ebsit e ferm\u00ebs p\u00ebr kafsh\u00ebt, p\u00ebr blet\u00ebt, p\u00ebr prodhimet bujq\u00ebsore si dhe bashk\u00ebbiseduan me punonj\u00ebsit, duke m\u00ebsuar se t\u00eb gjitha k\u00ebto arrihen me pun\u00eb dhe me dashuri.<\/span><\/div>\n<\/td>\n<td>\n<div><span style=\"color: #000000; font-family: helvetica; font-size: 12pt;\"><img decoding=\"async\" class=\"lazyload HAa Eha\" style=\"border-width: 1px; border-style: solid; margin: 10px auto; display: block;\" alt=\"\" src=\"data:image\/gif;base64,R0lGODlhAQABAAAAACH5BAEKAAEALAAAAAABAAEAAAICTAEAOw==\" data-orig-src=\"https:\/\/lh6.googleusercontent.com\/-McW7Yq_LMuc\/VI7IJMp9B_I\/AAAAAAAAHtU\/bytTMIEide0\/w400-h265-no\/7.jpg\" \/><\/span><\/div>\n<\/td>\n<\/tr>\n<tr>\n<td>\n<div style=\"text-align: center;\"><span style=\"font-family: helvetica; font-size: 12pt;\"><\/span><\/div>\n<div><span style=\"color: #000000; font-family: helvetica; font-size: 12pt;\"><img decoding=\"async\" class=\"lazyload HAa Eha\" style=\"border-width: 1px; border-style: solid; margin: 10px auto; display: block;\" alt=\"\" src=\"data:image\/gif;base64,R0lGODlhAQABAAAAACH5BAEKAAEALAAAAAABAAEAAAICTAEAOw==\" data-orig-src=\"https:\/\/lh6.googleusercontent.com\/-O5r_D4YX9FU\/VI7IIEO3foI\/AAAAAAAAHs8\/fCOkw5g3bWg\/w400-h261-no\/10.jpg\" \/><\/span><\/div>\n<\/td>\n<td>\n<div style=\"text-align: justify;\"><span style=\"color: #000000; font-family: helvetica; font-size: 12pt;\">&nbsp;&nbsp;&nbsp; M\u00ebsuese Polikseni, p\u00ebrgjegj\u00ebsja e Sht\u00ebpis\u00eb s\u00eb F\u00ebmij\u00ebve \u201cShpresa\u201d, u tregoi f\u00ebmij\u00ebve: \u201c\u2026ato patatet aq t\u00eb mira dhe qep\u00ebt aq t\u00eb mira, vijn\u00eb prej k\u00ebtij vendi dhe prej k\u00ebtyre pun\u00ebtor\u00ebve q\u00eb derdhin djers\u00ebn\u201d. M\u00eb pas, ata vizituan ish-rezervatin e Rrushkullit, ku tani jan\u00eb vendosur kafsh\u00eb t\u00eb ndryshme, q\u00eb nga rosat, ariu, tigri, gamilja etj.<\/span><\/div>\n<\/td>\n<\/tr>\n<tr>\n<td>\n<div style=\"text-align: justify;\"><span style=\"color: #000000; font-family: helvetica; font-size: 12pt;\">&nbsp;&nbsp;&nbsp; F\u00ebmij\u00ebt u k\u00ebnaq\u00ebn shum\u00eb me k\u00ebt\u00eb bukuri natyrore. Or\u00ebt e drek\u00ebs i kaluan n\u00eb brigjet e detit \u201cAdriatik\u201d. G\u00ebzimin e k\u00ebsaj dite, f\u00ebmij\u00ebt e sht\u00ebpis\u00eb \u201cShpresa\u201d ua transmetuan nj\u00eb dit\u00eb m\u00eb von\u00eb student\u00ebve t\u00eb Akademis\u00eb Teologjike \u201cNgjallja e Krishtit\u201d n\u00eb Manastirin e Sh\u00ebn Vlashit. Ata organizuan nj\u00eb koncert festiv p\u00ebr t\u00eb festuar s\u00eb bashku.<\/span><\/div>\n<\/td>\n<td>\n<div><span style=\"color: #000000; font-family: helvetica; font-size: 12pt;\"><img decoding=\"async\" class=\"lazyload HAa Eha\" style=\"border-width: 1px; border-style: solid; margin: 10px auto; display: block;\" alt=\"\" src=\"data:image\/gif;base64,R0lGODlhAQABAAAAACH5BAEKAAEALAAAAAABAAEAAAICTAEAOw==\" data-orig-src=\"https:\/\/lh3.googleusercontent.com\/-4JAfeLd_yok\/VI7IJar9BfI\/AAAAAAAAHtc\/9La46aixjIo\/w400-h247-no\/8.jpg\" \/><\/span><\/div>\n<\/td>\n<\/tr>\n<tr>\n<td dir=\"ltr\" colspan=\"2\">\n<div dir=\"ltr\" style=\"text-align: justify;\"><span style=\"color: #000000; font-family: helvetica; font-size: 12pt;\">&nbsp;&nbsp;&nbsp; Nd\u00ebrkoh\u00eb edhe n\u00eb Tiran\u00eb, Zyra Qendrore e F\u00ebmij\u00ebve t\u00eb Kish\u00ebs son\u00eb, organizoi me grupet e f\u00ebmij\u00ebve t\u00eb komunitetit rom n\u00eb Kinostudio, t\u00eb f\u00ebmij\u00ebve q\u00eb banojn\u00eb n\u00eb Bathore, t\u00eb f\u00ebmij\u00ebve n\u00eb qendr\u00ebn shpirt\u00ebrore\u2013arsimore \u201cThavor\u201d, t\u00eb f\u00ebmij\u00ebve q\u00eb banojn\u00eb pran\u00eb \u201cShkoll\u00ebs s\u00eb Kuqe\u201d dhe atyre t\u00eb Kish\u00ebs \u201cUngjill\u00ebzimi i Per\u00ebndilind\u00ebses Mari\u201d piknik n\u00eb Malin e Dajtit dhe n\u00eb kodrat e Liqenit Artificial, pran\u00eb kish\u00ebs s\u00eb Sh\u00ebn Prokopit. K\u00ebng\u00ebt, loj\u00ebrat dhe arg\u00ebtimi kan\u00eb qen\u00eb pjes\u00eb e aktiviteteve t\u00eb larmishme t\u00eb f\u00ebmij\u00ebve t\u00eb kryeqytetit.Kjo dit\u00eb tregoi se t\u00eb gjith\u00eb kemi nevoj\u00eb p\u00ebr momente qet\u00ebsie shpirt\u00ebrore e g\u00ebzim, t\u00eb cilat na i japin m\u00eb mir\u00eb dhe m\u00eb shum\u00eb se kushdo tjet\u00ebr f\u00ebmij\u00ebt, pjes\u00eb shum\u00eb e r\u00ebnd\u00ebsishme e t\u00eb gjith\u00ebve ne, p\u00ebr t\u00eb cil\u00ebt ushqejm\u00eb dashuri t\u00eb pap\u00ebrshkrueshme.<\/span><\/div>\n<\/td>\n<\/tr>\n<tr>\n<td dir=\"ltr\" colspan=\"2\">\n<div><span style=\"color: #000000; font-family: helvetica; font-size: 12pt;\">&nbsp;&nbsp;&nbsp;&nbsp;<\/span><\/div>\n<\/td>\n<\/tr>\n<tr>\n<td dir=\"ltr\" colspan=\"2\">\n<div><span style=\"font-family: helvetica; font-size: 12pt;\"><\/span><\/div>\n<div><span style=\"font-family: helvetica; font-size: 12pt;\"><\/span><\/div>\n<\/td>\n<\/tr>\n<tr>\n<td dir=\"ltr\" colspan=\"2\">\n<div style=\"text-align: justify;\"><span style=\"color: #000000; font-family: helvetica; font-size: 12pt;\"><strong>Julia Pjetri&amp; Isidor Koti<\/strong><\/span><\/div>\n<\/td>\n<\/tr>\n<\/tbody>\n<\/table>\n","protected":false},"excerpt":{"rendered":"<p>&nbsp;&nbsp;&nbsp; &nbsp;&nbsp;&nbsp; 1 qershori, festa e f\u00ebmij\u00ebve, tashm\u00eb \u00ebsht\u00eb nd\u00ebr dit\u00ebt m\u00eb festive e m\u00eb t\u00eb ve\u00e7anta. Brenda atmosfer\u00ebs ku p\u00ebrfshihen t\u00eb gjith\u00eb, n\u00eb k\u00ebt\u00eb dit\u00eb flasin lulet, lodrat, t\u00eb qeshurat dhe z\u00ebrat gazmor\u00eb t\u00eb f\u00ebmij\u00ebve. Me \u00e7ilt\u00ebrsin\u00eb dhe pafaj\u00ebsin\u00eb e tyre, ata t\u00eb p\u00ebrfshijn\u00eb n\u00eb buz\u00ebqeshjen e g\u00ebzimin e tyre t\u00eb past\u00ebr. &nbsp;&nbsp;&nbsp; Me k\u00ebt\u00eb rast, Zyra e F\u00ebmij\u00ebve pran\u00eb Kish\u00ebs Orthodhokse Autoqefale t\u00eb<\/p>\n","protected":false},"author":1,"featured_media":0,"comment_status":"open","ping_status":"open","sticky":false,"template":"","format":"standard","meta":{"_acf_changed":false,"pagelayer_contact_templates":[],"_pagelayer_content":"","inline_featured_image":false,"fifu_image_url":"","fifu_image_alt":"","footnotes":""},"categories":[108],"tags":[146,154,196,212],"class_list":["post-150","post","type-post","status-publish","format-standard","hentry","category-lajme","tag-146","tag-aktivitete","tag-tirane","tag-lajme-d27"],"acf":[],"yoast_head":"<!-- This site is optimized with the Yoast SEO plugin v27.2 - https:\/\/yoast.com\/product\/yoast-seo-wordpress\/ -->\n<title>1 Qershori festa e f\u00ebmij\u00ebve. (2008) - Kisha Orthodh\u03bfkse Autoqefale e Shqip\u00ebris\u00eb<\/title>\n<meta name=\"robots\" content=\"index, follow, max-snippet:-1, max-image-preview:large, max-video-preview:-1\" \/>\n<link rel=\"canonical\" href=\"https:\/\/orthodoxalbania.org\/2020\/2008\/02\/26\/1-qershori-festa-e-femijeve-2008\/\" \/>\n<meta property=\"og:locale\" content=\"en_US\" \/>\n<meta property=\"og:type\" content=\"article\" \/>\n<meta property=\"og:title\" content=\"1 Qershori festa e f\u00ebmij\u00ebve. (2008) - Kisha Orthodh\u03bfkse Autoqefale e Shqip\u00ebris\u00eb\" \/>\n<meta property=\"og:description\" content=\"&nbsp;&nbsp;&nbsp; &nbsp;&nbsp;&nbsp; 1 qershori, festa e f\u00ebmij\u00ebve, tashm\u00eb \u00ebsht\u00eb nd\u00ebr dit\u00ebt m\u00eb festive e m\u00eb t\u00eb ve\u00e7anta. Brenda atmosfer\u00ebs ku p\u00ebrfshihen t\u00eb gjith\u00eb, n\u00eb k\u00ebt\u00eb dit\u00eb flasin lulet, lodrat, t\u00eb qeshurat dhe z\u00ebrat gazmor\u00eb t\u00eb f\u00ebmij\u00ebve. Me \u00e7ilt\u00ebrsin\u00eb dhe pafaj\u00ebsin\u00eb e tyre, ata t\u00eb p\u00ebrfshijn\u00eb n\u00eb buz\u00ebqeshjen e g\u00ebzimin e tyre t\u00eb past\u00ebr. &nbsp;&nbsp;&nbsp; Me k\u00ebt\u00eb rast, Zyra e F\u00ebmij\u00ebve pran\u00eb Kish\u00ebs Orthodhokse Autoqefale t\u00eb\" \/>\n<meta property=\"og:url\" content=\"https:\/\/orthodoxalbania.org\/2020\/2008\/02\/26\/1-qershori-festa-e-femijeve-2008\/\" \/>\n<meta property=\"og:site_name\" content=\"Kisha Orthodh\u03bfkse Autoqefale e Shqip\u00ebris\u00eb\" \/>\n<meta property=\"article:publisher\" content=\"https:\/\/www.facebook.com\/koash1991\" \/>\n<meta property=\"article:published_time\" content=\"2008-02-26T00:00:00+00:00\" \/>\n<meta property=\"article:modified_time\" content=\"2020-04-06T20:35:23+00:00\" \/>\n<meta property=\"og:image\" content=\"https:\/\/lh4.googleusercontent.com\/-SPvtKKnABJc\/VI7IILpqsEI\/AAAAAAAAHtY\/Kn32Ac3iw3I\/w400-h280-no\/1.jpg\" \/>\n<meta name=\"author\" content=\"Kisha Orthodhokse\" \/>\n<meta name=\"twitter:card\" content=\"summary_large_image\" \/>\n<meta name=\"twitter:label1\" content=\"Written by\" \/>\n\t<meta name=\"twitter:data1\" content=\"Kisha Orthodhokse\" \/>\n\t<meta name=\"twitter:label2\" content=\"Est. reading time\" \/>\n\t<meta name=\"twitter:data2\" content=\"4 minutes\" \/>\n<script type=\"application\/ld+json\" class=\"yoast-schema-graph\">{\"@context\":\"https:\/\/schema.org\",\"@graph\":[{\"@type\":\"Article\",\"@id\":\"https:\/\/orthodoxalbania.org\/2020\/2008\/02\/26\/1-qershori-festa-e-femijeve-2008\/#article\",\"isPartOf\":{\"@id\":\"https:\/\/orthodoxalbania.org\/2020\/2008\/02\/26\/1-qershori-festa-e-femijeve-2008\/\"},\"author\":{\"name\":\"Kisha Orthodhokse\",\"@id\":\"https:\/\/orthodoxalbania.org\/2020\/#\/schema\/person\/0c387634a7063ac612d7ed9ce71c7e86\"},\"headline\":\"1 Qershori festa e f\u00ebmij\u00ebve. (2008)\",\"datePublished\":\"2008-02-26T00:00:00+00:00\",\"dateModified\":\"2020-04-06T20:35:23+00:00\",\"mainEntityOfPage\":{\"@id\":\"https:\/\/orthodoxalbania.org\/2020\/2008\/02\/26\/1-qershori-festa-e-femijeve-2008\/\"},\"wordCount\":813,\"commentCount\":0,\"publisher\":{\"@id\":\"https:\/\/orthodoxalbania.org\/2020\/#organization\"},\"image\":{\"@id\":\"https:\/\/orthodoxalbania.org\/2020\/2008\/02\/26\/1-qershori-festa-e-femijeve-2008\/#primaryimage\"},\"thumbnailUrl\":\"https:\/\/lh4.googleusercontent.com\/-SPvtKKnABJc\/VI7IILpqsEI\/AAAAAAAAHtY\/Kn32Ac3iw3I\/w400-h280-no\/1.jpg\",\"keywords\":[\"2008\",\"Aktivitete\",\"Kryepiskopata Tiran\u00eb\",\"lajme\"],\"articleSection\":[\"Lajme\"],\"inLanguage\":\"en-US\"},{\"@type\":\"WebPage\",\"@id\":\"https:\/\/orthodoxalbania.org\/2020\/2008\/02\/26\/1-qershori-festa-e-femijeve-2008\/\",\"url\":\"https:\/\/orthodoxalbania.org\/2020\/2008\/02\/26\/1-qershori-festa-e-femijeve-2008\/\",\"name\":\"1 Qershori festa e f\u00ebmij\u00ebve. (2008) - Kisha Orthodh\u03bfkse Autoqefale e Shqip\u00ebris\u00eb\",\"isPartOf\":{\"@id\":\"https:\/\/orthodoxalbania.org\/2020\/#website\"},\"primaryImageOfPage\":{\"@id\":\"https:\/\/orthodoxalbania.org\/2020\/2008\/02\/26\/1-qershori-festa-e-femijeve-2008\/#primaryimage\"},\"image\":{\"@id\":\"https:\/\/orthodoxalbania.org\/2020\/2008\/02\/26\/1-qershori-festa-e-femijeve-2008\/#primaryimage\"},\"thumbnailUrl\":\"https:\/\/lh4.googleusercontent.com\/-SPvtKKnABJc\/VI7IILpqsEI\/AAAAAAAAHtY\/Kn32Ac3iw3I\/w400-h280-no\/1.jpg\",\"datePublished\":\"2008-02-26T00:00:00+00:00\",\"dateModified\":\"2020-04-06T20:35:23+00:00\",\"breadcrumb\":{\"@id\":\"https:\/\/orthodoxalbania.org\/2020\/2008\/02\/26\/1-qershori-festa-e-femijeve-2008\/#breadcrumb\"},\"inLanguage\":\"en-US\",\"potentialAction\":[{\"@type\":\"ReadAction\",\"target\":[\"https:\/\/orthodoxalbania.org\/2020\/2008\/02\/26\/1-qershori-festa-e-femijeve-2008\/\"]}]},{\"@type\":\"ImageObject\",\"inLanguage\":\"en-US\",\"@id\":\"https:\/\/orthodoxalbania.org\/2020\/2008\/02\/26\/1-qershori-festa-e-femijeve-2008\/#primaryimage\",\"url\":\"https:\/\/lh4.googleusercontent.com\/-SPvtKKnABJc\/VI7IILpqsEI\/AAAAAAAAHtY\/Kn32Ac3iw3I\/w400-h280-no\/1.jpg\",\"contentUrl\":\"https:\/\/lh4.googleusercontent.com\/-SPvtKKnABJc\/VI7IILpqsEI\/AAAAAAAAHtY\/Kn32Ac3iw3I\/w400-h280-no\/1.jpg\"},{\"@type\":\"BreadcrumbList\",\"@id\":\"https:\/\/orthodoxalbania.org\/2020\/2008\/02\/26\/1-qershori-festa-e-femijeve-2008\/#breadcrumb\",\"itemListElement\":[{\"@type\":\"ListItem\",\"position\":1,\"name\":\"Home\",\"item\":\"https:\/\/orthodoxalbania.org\/2020\/\"},{\"@type\":\"ListItem\",\"position\":2,\"name\":\"1 Qershori festa e f\u00ebmij\u00ebve. (2008)\"}]},{\"@type\":\"WebSite\",\"@id\":\"https:\/\/orthodoxalbania.org\/2020\/#website\",\"url\":\"https:\/\/orthodoxalbania.org\/2020\/\",\"name\":\"Kisha Orthodh\u03bfkse Autoqefale e Shqip\u00ebris\u00eb\",\"description\":\"Fqja Zyrtare e Kish\u00ebs Orthodhokse Autoqefale e Shqip\u00ebris\u00eb me lajmet edhe informacionet zyrtare p\u00ebr struktur\u00ebn edhe veprimtarin e saj.\",\"publisher\":{\"@id\":\"https:\/\/orthodoxalbania.org\/2020\/#organization\"},\"potentialAction\":[{\"@type\":\"SearchAction\",\"target\":{\"@type\":\"EntryPoint\",\"urlTemplate\":\"https:\/\/orthodoxalbania.org\/2020\/?s={search_term_string}\"},\"query-input\":{\"@type\":\"PropertyValueSpecification\",\"valueRequired\":true,\"valueName\":\"search_term_string\"}}],\"inLanguage\":\"en-US\"},{\"@type\":\"Organization\",\"@id\":\"https:\/\/orthodoxalbania.org\/2020\/#organization\",\"name\":\"Kisha Orthodhokse Autoqefale e Shqip\u00ebris\u00eb\",\"url\":\"https:\/\/orthodoxalbania.org\/2020\/\",\"logo\":{\"@type\":\"ImageObject\",\"inLanguage\":\"en-US\",\"@id\":\"https:\/\/orthodoxalbania.org\/2020\/#\/schema\/logo\/image\/\",\"url\":\"https:\/\/orthodoxalbania.org\/2020\/wp-content\/uploads\/2020\/05\/albania.jpeg\",\"contentUrl\":\"https:\/\/orthodoxalbania.org\/2020\/wp-content\/uploads\/2020\/05\/albania.jpeg\",\"width\":540,\"height\":540,\"caption\":\"Kisha Orthodhokse Autoqefale e Shqip\u00ebris\u00eb\"},\"image\":{\"@id\":\"https:\/\/orthodoxalbania.org\/2020\/#\/schema\/logo\/image\/\"},\"sameAs\":[\"https:\/\/www.facebook.com\/koash1991\"]},{\"@type\":\"Person\",\"@id\":\"https:\/\/orthodoxalbania.org\/2020\/#\/schema\/person\/0c387634a7063ac612d7ed9ce71c7e86\",\"name\":\"Kisha Orthodhokse\",\"image\":{\"@type\":\"ImageObject\",\"inLanguage\":\"en-US\",\"@id\":\"https:\/\/secure.gravatar.com\/avatar\/596e7c417251e30f2fbb9c00e026fce61a695a00e51c889caded71c96cbbdde5?s=96&d=mm&r=g\",\"url\":\"https:\/\/secure.gravatar.com\/avatar\/596e7c417251e30f2fbb9c00e026fce61a695a00e51c889caded71c96cbbdde5?s=96&d=mm&r=g\",\"contentUrl\":\"https:\/\/secure.gravatar.com\/avatar\/596e7c417251e30f2fbb9c00e026fce61a695a00e51c889caded71c96cbbdde5?s=96&d=mm&r=g\",\"caption\":\"Kisha Orthodhokse\"}}]}<\/script>\n<!-- \/ Yoast SEO plugin. -->","yoast_head_json":{"title":"1 Qershori festa e f\u00ebmij\u00ebve. (2008) - Kisha Orthodh\u03bfkse Autoqefale e Shqip\u00ebris\u00eb","robots":{"index":"index","follow":"follow","max-snippet":"max-snippet:-1","max-image-preview":"max-image-preview:large","max-video-preview":"max-video-preview:-1"},"canonical":"https:\/\/orthodoxalbania.org\/2020\/2008\/02\/26\/1-qershori-festa-e-femijeve-2008\/","og_locale":"en_US","og_type":"article","og_title":"1 Qershori festa e f\u00ebmij\u00ebve. (2008) - Kisha Orthodh\u03bfkse Autoqefale e Shqip\u00ebris\u00eb","og_description":"&nbsp;&nbsp;&nbsp; &nbsp;&nbsp;&nbsp; 1 qershori, festa e f\u00ebmij\u00ebve, tashm\u00eb \u00ebsht\u00eb nd\u00ebr dit\u00ebt m\u00eb festive e m\u00eb t\u00eb ve\u00e7anta. Brenda atmosfer\u00ebs ku p\u00ebrfshihen t\u00eb gjith\u00eb, n\u00eb k\u00ebt\u00eb dit\u00eb flasin lulet, lodrat, t\u00eb qeshurat dhe z\u00ebrat gazmor\u00eb t\u00eb f\u00ebmij\u00ebve. Me \u00e7ilt\u00ebrsin\u00eb dhe pafaj\u00ebsin\u00eb e tyre, ata t\u00eb p\u00ebrfshijn\u00eb n\u00eb buz\u00ebqeshjen e g\u00ebzimin e tyre t\u00eb past\u00ebr. &nbsp;&nbsp;&nbsp; Me k\u00ebt\u00eb rast, Zyra e F\u00ebmij\u00ebve pran\u00eb Kish\u00ebs Orthodhokse Autoqefale t\u00eb","og_url":"https:\/\/orthodoxalbania.org\/2020\/2008\/02\/26\/1-qershori-festa-e-femijeve-2008\/","og_site_name":"Kisha Orthodh\u03bfkse Autoqefale e Shqip\u00ebris\u00eb","article_publisher":"https:\/\/www.facebook.com\/koash1991","article_published_time":"2008-02-26T00:00:00+00:00","article_modified_time":"2020-04-06T20:35:23+00:00","og_image":[{"url":"https:\/\/lh4.googleusercontent.com\/-SPvtKKnABJc\/VI7IILpqsEI\/AAAAAAAAHtY\/Kn32Ac3iw3I\/w400-h280-no\/1.jpg","type":"","width":"","height":""}],"author":"Kisha Orthodhokse","twitter_card":"summary_large_image","twitter_misc":{"Written by":"Kisha Orthodhokse","Est. reading time":"4 minutes"},"schema":{"@context":"https:\/\/schema.org","@graph":[{"@type":"Article","@id":"https:\/\/orthodoxalbania.org\/2020\/2008\/02\/26\/1-qershori-festa-e-femijeve-2008\/#article","isPartOf":{"@id":"https:\/\/orthodoxalbania.org\/2020\/2008\/02\/26\/1-qershori-festa-e-femijeve-2008\/"},"author":{"name":"Kisha Orthodhokse","@id":"https:\/\/orthodoxalbania.org\/2020\/#\/schema\/person\/0c387634a7063ac612d7ed9ce71c7e86"},"headline":"1 Qershori festa e f\u00ebmij\u00ebve. (2008)","datePublished":"2008-02-26T00:00:00+00:00","dateModified":"2020-04-06T20:35:23+00:00","mainEntityOfPage":{"@id":"https:\/\/orthodoxalbania.org\/2020\/2008\/02\/26\/1-qershori-festa-e-femijeve-2008\/"},"wordCount":813,"commentCount":0,"publisher":{"@id":"https:\/\/orthodoxalbania.org\/2020\/#organization"},"image":{"@id":"https:\/\/orthodoxalbania.org\/2020\/2008\/02\/26\/1-qershori-festa-e-femijeve-2008\/#primaryimage"},"thumbnailUrl":"https:\/\/lh4.googleusercontent.com\/-SPvtKKnABJc\/VI7IILpqsEI\/AAAAAAAAHtY\/Kn32Ac3iw3I\/w400-h280-no\/1.jpg","keywords":["2008","Aktivitete","Kryepiskopata Tiran\u00eb","lajme"],"articleSection":["Lajme"],"inLanguage":"en-US"},{"@type":"WebPage","@id":"https:\/\/orthodoxalbania.org\/2020\/2008\/02\/26\/1-qershori-festa-e-femijeve-2008\/","url":"https:\/\/orthodoxalbania.org\/2020\/2008\/02\/26\/1-qershori-festa-e-femijeve-2008\/","name":"1 Qershori festa e f\u00ebmij\u00ebve. (2008) - Kisha Orthodh\u03bfkse Autoqefale e Shqip\u00ebris\u00eb","isPartOf":{"@id":"https:\/\/orthodoxalbania.org\/2020\/#website"},"primaryImageOfPage":{"@id":"https:\/\/orthodoxalbania.org\/2020\/2008\/02\/26\/1-qershori-festa-e-femijeve-2008\/#primaryimage"},"image":{"@id":"https:\/\/orthodoxalbania.org\/2020\/2008\/02\/26\/1-qershori-festa-e-femijeve-2008\/#primaryimage"},"thumbnailUrl":"https:\/\/lh4.googleusercontent.com\/-SPvtKKnABJc\/VI7IILpqsEI\/AAAAAAAAHtY\/Kn32Ac3iw3I\/w400-h280-no\/1.jpg","datePublished":"2008-02-26T00:00:00+00:00","dateModified":"2020-04-06T20:35:23+00:00","breadcrumb":{"@id":"https:\/\/orthodoxalbania.org\/2020\/2008\/02\/26\/1-qershori-festa-e-femijeve-2008\/#breadcrumb"},"inLanguage":"en-US","potentialAction":[{"@type":"ReadAction","target":["https:\/\/orthodoxalbania.org\/2020\/2008\/02\/26\/1-qershori-festa-e-femijeve-2008\/"]}]},{"@type":"ImageObject","inLanguage":"en-US","@id":"https:\/\/orthodoxalbania.org\/2020\/2008\/02\/26\/1-qershori-festa-e-femijeve-2008\/#primaryimage","url":"https:\/\/lh4.googleusercontent.com\/-SPvtKKnABJc\/VI7IILpqsEI\/AAAAAAAAHtY\/Kn32Ac3iw3I\/w400-h280-no\/1.jpg","contentUrl":"https:\/\/lh4.googleusercontent.com\/-SPvtKKnABJc\/VI7IILpqsEI\/AAAAAAAAHtY\/Kn32Ac3iw3I\/w400-h280-no\/1.jpg"},{"@type":"BreadcrumbList","@id":"https:\/\/orthodoxalbania.org\/2020\/2008\/02\/26\/1-qershori-festa-e-femijeve-2008\/#breadcrumb","itemListElement":[{"@type":"ListItem","position":1,"name":"Home","item":"https:\/\/orthodoxalbania.org\/2020\/"},{"@type":"ListItem","position":2,"name":"1 Qershori festa e f\u00ebmij\u00ebve. (2008)"}]},{"@type":"WebSite","@id":"https:\/\/orthodoxalbania.org\/2020\/#website","url":"https:\/\/orthodoxalbania.org\/2020\/","name":"Kisha Orthodh\u03bfkse Autoqefale e Shqip\u00ebris\u00eb","description":"Fqja Zyrtare e Kish\u00ebs Orthodhokse Autoqefale e Shqip\u00ebris\u00eb me lajmet edhe informacionet zyrtare p\u00ebr struktur\u00ebn edhe veprimtarin e saj.","publisher":{"@id":"https:\/\/orthodoxalbania.org\/2020\/#organization"},"potentialAction":[{"@type":"SearchAction","target":{"@type":"EntryPoint","urlTemplate":"https:\/\/orthodoxalbania.org\/2020\/?s={search_term_string}"},"query-input":{"@type":"PropertyValueSpecification","valueRequired":true,"valueName":"search_term_string"}}],"inLanguage":"en-US"},{"@type":"Organization","@id":"https:\/\/orthodoxalbania.org\/2020\/#organization","name":"Kisha Orthodhokse Autoqefale e Shqip\u00ebris\u00eb","url":"https:\/\/orthodoxalbania.org\/2020\/","logo":{"@type":"ImageObject","inLanguage":"en-US","@id":"https:\/\/orthodoxalbania.org\/2020\/#\/schema\/logo\/image\/","url":"https:\/\/orthodoxalbania.org\/2020\/wp-content\/uploads\/2020\/05\/albania.jpeg","contentUrl":"https:\/\/orthodoxalbania.org\/2020\/wp-content\/uploads\/2020\/05\/albania.jpeg","width":540,"height":540,"caption":"Kisha Orthodhokse Autoqefale e Shqip\u00ebris\u00eb"},"image":{"@id":"https:\/\/orthodoxalbania.org\/2020\/#\/schema\/logo\/image\/"},"sameAs":["https:\/\/www.facebook.com\/koash1991"]},{"@type":"Person","@id":"https:\/\/orthodoxalbania.org\/2020\/#\/schema\/person\/0c387634a7063ac612d7ed9ce71c7e86","name":"Kisha Orthodhokse","image":{"@type":"ImageObject","inLanguage":"en-US","@id":"https:\/\/secure.gravatar.com\/avatar\/596e7c417251e30f2fbb9c00e026fce61a695a00e51c889caded71c96cbbdde5?s=96&d=mm&r=g","url":"https:\/\/secure.gravatar.com\/avatar\/596e7c417251e30f2fbb9c00e026fce61a695a00e51c889caded71c96cbbdde5?s=96&d=mm&r=g","contentUrl":"https:\/\/secure.gravatar.com\/avatar\/596e7c417251e30f2fbb9c00e026fce61a695a00e51c889caded71c96cbbdde5?s=96&d=mm&r=g","caption":"Kisha Orthodhokse"}}]}},"_links":{"self":[{"href":"https:\/\/orthodoxalbania.org\/2020\/wp-json\/wp\/v2\/posts\/150","targetHints":{"allow":["GET"]}}],"collection":[{"href":"https:\/\/orthodoxalbania.org\/2020\/wp-json\/wp\/v2\/posts"}],"about":[{"href":"https:\/\/orthodoxalbania.org\/2020\/wp-json\/wp\/v2\/types\/post"}],"author":[{"embeddable":true,"href":"https:\/\/orthodoxalbania.org\/2020\/wp-json\/wp\/v2\/users\/1"}],"replies":[{"embeddable":true,"href":"https:\/\/orthodoxalbania.org\/2020\/wp-json\/wp\/v2\/comments?post=150"}],"version-history":[{"count":1,"href":"https:\/\/orthodoxalbania.org\/2020\/wp-json\/wp\/v2\/posts\/150\/revisions"}],"predecessor-version":[{"id":15667,"href":"https:\/\/orthodoxalbania.org\/2020\/wp-json\/wp\/v2\/posts\/150\/revisions\/15667"}],"wp:attachment":[{"href":"https:\/\/orthodoxalbania.org\/2020\/wp-json\/wp\/v2\/media?parent=150"}],"wp:term":[{"taxonomy":"category","embeddable":true,"href":"https:\/\/orthodoxalbania.org\/2020\/wp-json\/wp\/v2\/categories?post=150"},{"taxonomy":"post_tag","embeddable":true,"href":"https:\/\/orthodoxalbania.org\/2020\/wp-json\/wp\/v2\/tags?post=150"}],"curies":[{"name":"wp","href":"https:\/\/api.w.org\/{rel}","templated":true}]}}