{"id":1499,"date":"2013-03-21T09:57:50","date_gmt":"2013-03-21T09:57:50","guid":{"rendered":""},"modified":"2020-04-06T22:32:01","modified_gmt":"2020-04-06T20:32:01","slug":"udhetim-ne-kampet-verore-te-vajzave-2011","status":"publish","type":"post","link":"https:\/\/orthodoxalbania.org\/2020\/2013\/03\/21\/udhetim-ne-kampet-verore-te-vajzave-2011\/","title":{"rendered":"Udh\u00ebtim n\u00eb kampet verore t\u00eb vajzave 2011. (30 Qershor &#8211; 4 Gusht 2011)"},"content":{"rendered":"<table border=\"0\">\n<tbody>\n<tr>\n<td>\n<div class=\"style7\">\n<div class=\"style10\">&nbsp;<\/div>\n<div style=\"text-align: justify;\"><span style=\"color: #000000;\"><span style=\"font-family: tahoma,geneva,sans-serif;\"><span style=\"font-size: 12px;\"><span class=\"style13\">&nbsp;&nbsp;&nbsp; <\/span><span class=\"style10\">Me thirrjen e Krishtit &#8220;Eja pas meje&#8221; filloi p\u00ebrjetimi m\u00eb i bukur p\u00ebr vajzat pjes\u00ebmarr\u00ebse n\u00eb kampin veror &#8220;Bariu i Mir\u00eb&#8221;, n\u00eb Manastirin e hijsh\u00ebm t\u00eb sh\u00ebn Joan Vladimirit, pran\u00eb qytetit t\u00eb Elbasanit. P\u00ebr t\u00eb tremb\u00ebdhjetin vit, ky manastir i hirsh\u00ebm mblodhi 220 vajza pjes\u00ebmarr\u00ebse nga qytete t\u00eb ndryshme t\u00eb Shqip\u00ebris\u00eb, si Tirana, Durr\u00ebsi, Elbasani, Vlora, Berati, Gjirokastra, Kor\u00e7a, Fieri, Lushnj\u00eb etj. si dhe rreth 50 vajza drejtuese t\u00eb programeve dhe aktivitetet t\u00eb kampit, studente t\u00eb Akademis\u00eb Teologjike, t\u00eb reja nga grupe t\u00eb ndryshme rinore etj.<\/span><\/span><\/span><\/span><\/div>\n<div style=\"text-align: justify;\"> <span style=\"color: #000000;\"><span style=\"font-family: tahoma,geneva,sans-serif;\"><span style=\"font-size: 12px;\"><span class=\"style10\"><span class=\"style14\">&nbsp;&nbsp;&nbsp; <\/span>Programi i kampit u zhvillua nga 30 qershor &#8211; 4 gusht 2011 n\u00eb tre periudha dhjet\u00eb ditore p\u00ebr grupmoshat 10 &#8211; 12 vje\u00e7are, 13-15 vje\u00e7are dhe 16 &#8211; 25 vje\u00e7are.<\/span><\/span><\/span><\/span><\/div>\n<div style=\"text-align: justify;\"> <span style=\"color: #000000;\"><span style=\"font-family: tahoma,geneva,sans-serif;\"><span style=\"font-size: 12px;\"><span class=\"style10\"><span class=\"style14\">&nbsp;&nbsp;&nbsp; <\/span>T\u00eb gjitha vajzat udh\u00ebtuan s\u00eb bashku n\u00eb p\u00ebrjetimin e besimit orthodhoks, n\u00ebp\u00ebrmjet lutjes s\u00eb p\u00ebrditshme n\u00eb fillim e mbarim t\u00eb dit\u00ebs, takimit n\u00eb grupe t\u00eb vogla me tem\u00eb: &#8220;M\u00ebsoj p\u00ebr Per\u00ebndin\u00eb&#8221;, pjes\u00ebmarrjes n\u00eb mistere t\u00eb ndryshme si Liturgjia Hyjnore, Rr\u00ebfimi i shenjt\u00eb, dhe Pag\u00ebzimi. Sh\u00ebrbesat kishtare kryheshin nga At\u00eb Viktor B\u00ebrdufi, prifti i kampit t\u00eb vajzave, prej t\u00eb cilit u pag\u00ebzuan edhe 23 vajza t\u00eb cilat iu shtuan an\u00ebtar\u00ebve t\u00eb Kish\u00ebs son\u00eb.<\/span><\/span><\/span><\/span><\/div>\n<div style=\"text-align: justify;\"> <span style=\"color: #000000;\"><span style=\"font-family: tahoma,geneva,sans-serif;\"><span style=\"font-size: 12px;\"><span class=\"style10\"><span class=\"style14\">&nbsp;&nbsp;&nbsp; <\/span>Me interes t\u00eb ve\u00e7ant\u00eb n\u00eb programin e kampit ishin referatet e drejtuara nga imzot Ignati, Hir\u00ebsi Nikolla, Hir\u00ebsi Andoni, dhe murgesh\u00eb Rakela. Temat e trajtuara ishin: <em>&#8220;Zoti \u00ebsht\u00eb bariu im&#8221;<\/em>, <em>&#8220;I lumtur \u00ebsht\u00eb njeriu, besimi i t\u00eb cilit \u00ebsht\u00eb Zoti&#8221;<\/em>, \u201c<em>Ki frik\u00eb nga Zoti dhe g\u00ebzohu me dridhma&#8221;<\/em> dhe <em>&#8220;T\u00eb ec\u00ebsh pas Krishtit \u00ebsht\u00eb vendim p\u00ebr gjith\u00eb jet\u00ebn&#8221;<\/em>. K\u00ebto biseda rrit\u00ebn me tep\u00ebr njohurit\u00eb mbi besimin ton\u00eb dhe hap\u00ebn vizione t\u00eb reja n\u00eb udh\u00ebtimin drejt Zotit.<\/span><\/span><\/span><\/span><\/div>\n<div style=\"text-align: justify;\"> <span style=\"color: #000000;\"><span style=\"font-family: tahoma,geneva,sans-serif;\"><span style=\"font-size: 12px;\"><span class=\"style10\"><span class=\"style14\">&nbsp;&nbsp;&nbsp; <\/span>Meditimet e mbr\u00ebmjes, koha e qet\u00eb vet\u00ebm me Per\u00ebndin\u00eb n\u00eb fillim t\u00eb dit\u00ebs, reflektimet e drejtueseve mbi tema t\u00eb ndryshme t\u00eb jet\u00ebs shpirt\u00ebrore, jet\u00ebt e shenjtor\u00ebve q\u00eb mbante secili grup ndihmuan gjithashtu n\u00eb udh\u00ebtim 10 ditor t\u00eb vajzave pjes\u00ebmarr\u00ebse.<\/span><\/span><\/span><\/span><\/div>\n<div style=\"text-align: justify;\"> <span style=\"color: #000000;\"><span style=\"font-family: tahoma,geneva,sans-serif;\"><span style=\"font-size: 12px;\"><span class=\"style10\">&nbsp;&nbsp;&nbsp;&nbsp; Pjes\u00eb e pandar\u00eb e programit ishin dhe aktivitetet e tjera q\u00eb lidheshin me probleme dhe \u00e7\u00ebshtje t\u00eb ndryshme t\u00eb jet\u00ebs s\u00eb p\u00ebrditshme. &#8220;Miku i librit&#8221;, paraqitja dhe diskutimi mbi tema sociale si: aborti, lidhjet e parakohshme, koha p\u00ebr t&#8217;u p\u00ebrgatitur p\u00ebr t\u00eb ardhmen, facebook- u, televizori dhe or\u00ebt e kaluara me t\u00eb, si t\u00eb zgjedhim nj\u00eb shoq\u00ebri q\u00eb nd\u00ebrton, misioni n\u00eb familjet tona, alkooli etj. Nevoja p\u00ebr t\u00eb m\u00ebsuar dhe p\u00ebr t&#8217;u nd\u00ebrgjegj\u00ebsuar p\u00ebr k\u00ebto \u00e7\u00ebshtje, q\u00ebndrimi q\u00eb duhet t\u00eb mbajm\u00eb, si dhe m\u00ebsimi q\u00eb na jep Kisha jon\u00eb ishin r\u00ebnd\u00ebsia e k\u00ebtyre aktiviteteve.<\/span><\/span><\/span><\/span><\/div>\n<div style=\"text-align: justify;\"> <span style=\"color: #000000;\"><span style=\"font-family: tahoma,geneva,sans-serif;\"><span style=\"font-size: 12px;\"><span class=\"style10\"><span class=\"style14\">&nbsp;&nbsp;&nbsp; <\/span>Aktivitete t\u00eb tjera krijuese dhe arg\u00ebtuese, si punime dore, loj\u00ebra e konkurse sportive, drama e ske\u00e7e t\u00eb ndryshme me tematika t\u00eb shum\u00ebllojshme ndihmuan vajzat pjes\u00ebmarr\u00ebse n\u00eb forcimin e komunitetit p\u00ebrgjat\u00eb dit\u00ebve t\u00eb kampit, i cili ofronte \u00e7do dit\u00eb e m\u00eb tep\u00ebr bukurin\u00eb e p\u00ebrjetimit t\u00eb besimit t\u00eb krishter\u00eb orthodhoks.<\/span><\/span><\/span><\/span><\/div>\n<div style=\"text-align: justify;\"> <span style=\"color: #000000;\"><span style=\"font-family: tahoma,geneva,sans-serif;\"><span style=\"font-size: 12px;\"><span class=\"style10\"><span class=\"style14\">&nbsp;&nbsp;&nbsp; <\/span>M\u00ebnyra e t\u00eb jetuarit t\u00eb jet\u00ebs s\u00eb krishter\u00eb n\u00eb kamp \u00ebsht\u00eb nj\u00eb model p\u00ebr t&#8217;u ndjekur gjat\u00eb gjith\u00eb jet\u00ebs, prandaj dhe vajzat pjes\u00ebmarr\u00ebse si \u00e7do vit edhe sivjet u pajis\u00ebn me materiale t\u00eb ndryshme q\u00eb do t\u00eb ndihmojn\u00eb udh\u00ebtimin e tyre gjat\u00eb vitit n\u00eb vazhdim. Shkrimi i shenjt\u00eb, libri i lutjes, jet\u00ebt e disa shenjtor\u00ebve, librat &#8220;Ne besojm\u00eb&#8221; e &#8220;Kisha rritet&#8221; q\u00eb ndihmojn\u00eb n\u00eb rritjen e njohurive mbi besimin etj, ishin disa nga materialet n\u00eb dosjen e p\u00ebrgatitur p\u00ebr vajzat pjes\u00ebmarr\u00ebse. K\u00ebng\u00eb e himne t\u00eb ndryshme gjall\u00ebronin atmosfer\u00ebn e kampit \u00e7do dit\u00eb.<\/span><\/span><\/span><\/span><\/div>\n<div style=\"text-align: justify;\"> <span style=\"color: #000000;\"><span style=\"font-family: tahoma,geneva,sans-serif;\"><span style=\"font-size: 12px;\"><span class=\"style10\">&nbsp; &nbsp; Dhurata m\u00eb e madhe q\u00eb mund t\u00eb t\u00eb b\u00ebj\u00eb dikush, \u00ebsht\u00eb t\u00eb t\u00eb ofroj\u00eb te Zoti. Kjo \u00ebsht\u00eb dhurata m\u00eb e \u00e7muar q\u00eb Kisha jon\u00eb n\u00ebn drejtimin e kryebariut t\u00eb saj Imzot Anastasit e b\u00ebn t\u00eb mundur \u00e7do vit, p\u00ebr qindra t\u00eb rinj e t\u00eb reja nga e gjith\u00eb Shqip\u00ebria.<\/span><\/span><\/span><\/span><\/div>\n<div style=\"text-align: justify;\">&nbsp;<\/div>\n<div class=\"style10\"><span style=\"color: #000000;\"><span style=\"font-family: tahoma,geneva,sans-serif;\"><span style=\"font-size: 12px;\"><strong>Ana Baba<\/strong><\/span><\/span><\/span><\/div>\n<\/div>\n<\/td>\n<\/tr>\n<\/tbody>\n<\/table>\n","protected":false},"excerpt":{"rendered":"<p>&nbsp; &nbsp;&nbsp;&nbsp; Me thirrjen e Krishtit &#8220;Eja pas meje&#8221; filloi p\u00ebrjetimi m\u00eb i bukur p\u00ebr vajzat pjes\u00ebmarr\u00ebse n\u00eb kampin veror &#8220;Bariu i Mir\u00eb&#8221;, n\u00eb Manastirin e hijsh\u00ebm t\u00eb sh\u00ebn Joan Vladimirit, pran\u00eb qytetit t\u00eb Elbasanit. P\u00ebr t\u00eb tremb\u00ebdhjetin vit, ky manastir i hirsh\u00ebm mblodhi 220 vajza pjes\u00ebmarr\u00ebse nga qytete t\u00eb ndryshme t\u00eb Shqip\u00ebris\u00eb, si Tirana, Durr\u00ebsi, Elbasani, Vlora, Berati, Gjirokastra, Kor\u00e7a, Fieri, Lushnj\u00eb etj. si<\/p>\n","protected":false},"author":1,"featured_media":0,"comment_status":"open","ping_status":"open","sticky":false,"template":"","format":"standard","meta":{"_acf_changed":false,"pagelayer_contact_templates":[],"_pagelayer_content":"","inline_featured_image":false,"fifu_image_url":"","fifu_image_alt":"","footnotes":""},"categories":[108],"tags":[143,200,196,212],"class_list":["post-1499","post","type-post","status-publish","format-standard","hentry","category-lajme","tag-143","tag-kampe-verore","tag-tirane","tag-lajme-d27"],"acf":[],"yoast_head":"<!-- This site is optimized with the Yoast SEO plugin v27.2 - https:\/\/yoast.com\/product\/yoast-seo-wordpress\/ -->\n<title>Udh\u00ebtim n\u00eb kampet verore t\u00eb vajzave 2011. (30 Qershor - 4 Gusht 2011) - Kisha Orthodh\u03bfkse Autoqefale e Shqip\u00ebris\u00eb<\/title>\n<meta name=\"robots\" content=\"index, follow, max-snippet:-1, max-image-preview:large, max-video-preview:-1\" \/>\n<link rel=\"canonical\" href=\"https:\/\/orthodoxalbania.org\/2020\/2013\/03\/21\/udhetim-ne-kampet-verore-te-vajzave-2011\/\" \/>\n<meta property=\"og:locale\" content=\"en_US\" \/>\n<meta property=\"og:type\" content=\"article\" \/>\n<meta property=\"og:title\" content=\"Udh\u00ebtim n\u00eb kampet verore t\u00eb vajzave 2011. (30 Qershor - 4 Gusht 2011) - Kisha Orthodh\u03bfkse Autoqefale e Shqip\u00ebris\u00eb\" \/>\n<meta property=\"og:description\" content=\"&nbsp; &nbsp;&nbsp;&nbsp; Me thirrjen e Krishtit &#8220;Eja pas meje&#8221; filloi p\u00ebrjetimi m\u00eb i bukur p\u00ebr vajzat pjes\u00ebmarr\u00ebse n\u00eb kampin veror &#8220;Bariu i Mir\u00eb&#8221;, n\u00eb Manastirin e hijsh\u00ebm t\u00eb sh\u00ebn Joan Vladimirit, pran\u00eb qytetit t\u00eb Elbasanit. P\u00ebr t\u00eb tremb\u00ebdhjetin vit, ky manastir i hirsh\u00ebm mblodhi 220 vajza pjes\u00ebmarr\u00ebse nga qytete t\u00eb ndryshme t\u00eb Shqip\u00ebris\u00eb, si Tirana, Durr\u00ebsi, Elbasani, Vlora, Berati, Gjirokastra, Kor\u00e7a, Fieri, Lushnj\u00eb etj. si\" \/>\n<meta property=\"og:url\" content=\"https:\/\/orthodoxalbania.org\/2020\/2013\/03\/21\/udhetim-ne-kampet-verore-te-vajzave-2011\/\" \/>\n<meta property=\"og:site_name\" content=\"Kisha Orthodh\u03bfkse Autoqefale e Shqip\u00ebris\u00eb\" \/>\n<meta property=\"article:publisher\" content=\"https:\/\/www.facebook.com\/koash1991\" \/>\n<meta property=\"article:published_time\" content=\"2013-03-21T09:57:50+00:00\" \/>\n<meta property=\"article:modified_time\" content=\"2020-04-06T20:32:01+00:00\" \/>\n<meta property=\"og:image\" content=\"https:\/\/orthodoxalbania.org\/2020\/wp-content\/uploads\/2021\/02\/LogoLastALb-200.png\" \/>\n\t<meta property=\"og:image:width\" content=\"200\" \/>\n\t<meta property=\"og:image:height\" content=\"172\" \/>\n\t<meta property=\"og:image:type\" content=\"image\/png\" \/>\n<meta name=\"author\" content=\"Kisha Orthodhokse\" \/>\n<meta name=\"twitter:card\" content=\"summary_large_image\" \/>\n<meta name=\"twitter:label1\" content=\"Written by\" \/>\n\t<meta name=\"twitter:data1\" content=\"Kisha Orthodhokse\" \/>\n\t<meta name=\"twitter:label2\" content=\"Est. reading time\" \/>\n\t<meta name=\"twitter:data2\" content=\"4 minutes\" \/>\n<script type=\"application\/ld+json\" class=\"yoast-schema-graph\">{\"@context\":\"https:\/\/schema.org\",\"@graph\":[{\"@type\":\"Article\",\"@id\":\"https:\/\/orthodoxalbania.org\/2020\/2013\/03\/21\/udhetim-ne-kampet-verore-te-vajzave-2011\/#article\",\"isPartOf\":{\"@id\":\"https:\/\/orthodoxalbania.org\/2020\/2013\/03\/21\/udhetim-ne-kampet-verore-te-vajzave-2011\/\"},\"author\":{\"name\":\"Kisha Orthodhokse\",\"@id\":\"https:\/\/orthodoxalbania.org\/2020\/#\/schema\/person\/0c387634a7063ac612d7ed9ce71c7e86\"},\"headline\":\"Udh\u00ebtim n\u00eb kampet verore t\u00eb vajzave 2011. (30 Qershor &#8211; 4 Gusht 2011)\",\"datePublished\":\"2013-03-21T09:57:50+00:00\",\"dateModified\":\"2020-04-06T20:32:01+00:00\",\"mainEntityOfPage\":{\"@id\":\"https:\/\/orthodoxalbania.org\/2020\/2013\/03\/21\/udhetim-ne-kampet-verore-te-vajzave-2011\/\"},\"wordCount\":729,\"commentCount\":0,\"publisher\":{\"@id\":\"https:\/\/orthodoxalbania.org\/2020\/#organization\"},\"keywords\":[\"2011\",\"Kampe verore\",\"Kryepiskopata Tiran\u00eb\",\"lajme\"],\"articleSection\":[\"Lajme\"],\"inLanguage\":\"en-US\"},{\"@type\":\"WebPage\",\"@id\":\"https:\/\/orthodoxalbania.org\/2020\/2013\/03\/21\/udhetim-ne-kampet-verore-te-vajzave-2011\/\",\"url\":\"https:\/\/orthodoxalbania.org\/2020\/2013\/03\/21\/udhetim-ne-kampet-verore-te-vajzave-2011\/\",\"name\":\"Udh\u00ebtim n\u00eb kampet verore t\u00eb vajzave 2011. (30 Qershor - 4 Gusht 2011) - Kisha Orthodh\u03bfkse Autoqefale e Shqip\u00ebris\u00eb\",\"isPartOf\":{\"@id\":\"https:\/\/orthodoxalbania.org\/2020\/#website\"},\"datePublished\":\"2013-03-21T09:57:50+00:00\",\"dateModified\":\"2020-04-06T20:32:01+00:00\",\"breadcrumb\":{\"@id\":\"https:\/\/orthodoxalbania.org\/2020\/2013\/03\/21\/udhetim-ne-kampet-verore-te-vajzave-2011\/#breadcrumb\"},\"inLanguage\":\"en-US\",\"potentialAction\":[{\"@type\":\"ReadAction\",\"target\":[\"https:\/\/orthodoxalbania.org\/2020\/2013\/03\/21\/udhetim-ne-kampet-verore-te-vajzave-2011\/\"]}]},{\"@type\":\"BreadcrumbList\",\"@id\":\"https:\/\/orthodoxalbania.org\/2020\/2013\/03\/21\/udhetim-ne-kampet-verore-te-vajzave-2011\/#breadcrumb\",\"itemListElement\":[{\"@type\":\"ListItem\",\"position\":1,\"name\":\"Home\",\"item\":\"https:\/\/orthodoxalbania.org\/2020\/\"},{\"@type\":\"ListItem\",\"position\":2,\"name\":\"Udh\u00ebtim n\u00eb kampet verore t\u00eb vajzave 2011. (30 Qershor &#8211; 4 Gusht 2011)\"}]},{\"@type\":\"WebSite\",\"@id\":\"https:\/\/orthodoxalbania.org\/2020\/#website\",\"url\":\"https:\/\/orthodoxalbania.org\/2020\/\",\"name\":\"Kisha Orthodh\u03bfkse Autoqefale e Shqip\u00ebris\u00eb\",\"description\":\"Fqja Zyrtare e Kish\u00ebs Orthodhokse Autoqefale e Shqip\u00ebris\u00eb me lajmet edhe informacionet zyrtare p\u00ebr struktur\u00ebn edhe veprimtarin e saj.\",\"publisher\":{\"@id\":\"https:\/\/orthodoxalbania.org\/2020\/#organization\"},\"potentialAction\":[{\"@type\":\"SearchAction\",\"target\":{\"@type\":\"EntryPoint\",\"urlTemplate\":\"https:\/\/orthodoxalbania.org\/2020\/?s={search_term_string}\"},\"query-input\":{\"@type\":\"PropertyValueSpecification\",\"valueRequired\":true,\"valueName\":\"search_term_string\"}}],\"inLanguage\":\"en-US\"},{\"@type\":\"Organization\",\"@id\":\"https:\/\/orthodoxalbania.org\/2020\/#organization\",\"name\":\"Kisha Orthodhokse Autoqefale e Shqip\u00ebris\u00eb\",\"url\":\"https:\/\/orthodoxalbania.org\/2020\/\",\"logo\":{\"@type\":\"ImageObject\",\"inLanguage\":\"en-US\",\"@id\":\"https:\/\/orthodoxalbania.org\/2020\/#\/schema\/logo\/image\/\",\"url\":\"https:\/\/orthodoxalbania.org\/2020\/wp-content\/uploads\/2020\/05\/albania.jpeg\",\"contentUrl\":\"https:\/\/orthodoxalbania.org\/2020\/wp-content\/uploads\/2020\/05\/albania.jpeg\",\"width\":540,\"height\":540,\"caption\":\"Kisha Orthodhokse Autoqefale e Shqip\u00ebris\u00eb\"},\"image\":{\"@id\":\"https:\/\/orthodoxalbania.org\/2020\/#\/schema\/logo\/image\/\"},\"sameAs\":[\"https:\/\/www.facebook.com\/koash1991\"]},{\"@type\":\"Person\",\"@id\":\"https:\/\/orthodoxalbania.org\/2020\/#\/schema\/person\/0c387634a7063ac612d7ed9ce71c7e86\",\"name\":\"Kisha Orthodhokse\",\"image\":{\"@type\":\"ImageObject\",\"inLanguage\":\"en-US\",\"@id\":\"https:\/\/secure.gravatar.com\/avatar\/596e7c417251e30f2fbb9c00e026fce61a695a00e51c889caded71c96cbbdde5?s=96&d=mm&r=g\",\"url\":\"https:\/\/secure.gravatar.com\/avatar\/596e7c417251e30f2fbb9c00e026fce61a695a00e51c889caded71c96cbbdde5?s=96&d=mm&r=g\",\"contentUrl\":\"https:\/\/secure.gravatar.com\/avatar\/596e7c417251e30f2fbb9c00e026fce61a695a00e51c889caded71c96cbbdde5?s=96&d=mm&r=g\",\"caption\":\"Kisha Orthodhokse\"}}]}<\/script>\n<!-- \/ Yoast SEO plugin. -->","yoast_head_json":{"title":"Udh\u00ebtim n\u00eb kampet verore t\u00eb vajzave 2011. (30 Qershor - 4 Gusht 2011) - Kisha Orthodh\u03bfkse Autoqefale e Shqip\u00ebris\u00eb","robots":{"index":"index","follow":"follow","max-snippet":"max-snippet:-1","max-image-preview":"max-image-preview:large","max-video-preview":"max-video-preview:-1"},"canonical":"https:\/\/orthodoxalbania.org\/2020\/2013\/03\/21\/udhetim-ne-kampet-verore-te-vajzave-2011\/","og_locale":"en_US","og_type":"article","og_title":"Udh\u00ebtim n\u00eb kampet verore t\u00eb vajzave 2011. (30 Qershor - 4 Gusht 2011) - Kisha Orthodh\u03bfkse Autoqefale e Shqip\u00ebris\u00eb","og_description":"&nbsp; &nbsp;&nbsp;&nbsp; Me thirrjen e Krishtit &#8220;Eja pas meje&#8221; filloi p\u00ebrjetimi m\u00eb i bukur p\u00ebr vajzat pjes\u00ebmarr\u00ebse n\u00eb kampin veror &#8220;Bariu i Mir\u00eb&#8221;, n\u00eb Manastirin e hijsh\u00ebm t\u00eb sh\u00ebn Joan Vladimirit, pran\u00eb qytetit t\u00eb Elbasanit. P\u00ebr t\u00eb tremb\u00ebdhjetin vit, ky manastir i hirsh\u00ebm mblodhi 220 vajza pjes\u00ebmarr\u00ebse nga qytete t\u00eb ndryshme t\u00eb Shqip\u00ebris\u00eb, si Tirana, Durr\u00ebsi, Elbasani, Vlora, Berati, Gjirokastra, Kor\u00e7a, Fieri, Lushnj\u00eb etj. si","og_url":"https:\/\/orthodoxalbania.org\/2020\/2013\/03\/21\/udhetim-ne-kampet-verore-te-vajzave-2011\/","og_site_name":"Kisha Orthodh\u03bfkse Autoqefale e Shqip\u00ebris\u00eb","article_publisher":"https:\/\/www.facebook.com\/koash1991","article_published_time":"2013-03-21T09:57:50+00:00","article_modified_time":"2020-04-06T20:32:01+00:00","og_image":[{"width":200,"height":172,"url":"https:\/\/orthodoxalbania.org\/2020\/wp-content\/uploads\/2021\/02\/LogoLastALb-200.png","type":"image\/png"}],"author":"Kisha Orthodhokse","twitter_card":"summary_large_image","twitter_misc":{"Written by":"Kisha Orthodhokse","Est. reading time":"4 minutes"},"schema":{"@context":"https:\/\/schema.org","@graph":[{"@type":"Article","@id":"https:\/\/orthodoxalbania.org\/2020\/2013\/03\/21\/udhetim-ne-kampet-verore-te-vajzave-2011\/#article","isPartOf":{"@id":"https:\/\/orthodoxalbania.org\/2020\/2013\/03\/21\/udhetim-ne-kampet-verore-te-vajzave-2011\/"},"author":{"name":"Kisha Orthodhokse","@id":"https:\/\/orthodoxalbania.org\/2020\/#\/schema\/person\/0c387634a7063ac612d7ed9ce71c7e86"},"headline":"Udh\u00ebtim n\u00eb kampet verore t\u00eb vajzave 2011. (30 Qershor &#8211; 4 Gusht 2011)","datePublished":"2013-03-21T09:57:50+00:00","dateModified":"2020-04-06T20:32:01+00:00","mainEntityOfPage":{"@id":"https:\/\/orthodoxalbania.org\/2020\/2013\/03\/21\/udhetim-ne-kampet-verore-te-vajzave-2011\/"},"wordCount":729,"commentCount":0,"publisher":{"@id":"https:\/\/orthodoxalbania.org\/2020\/#organization"},"keywords":["2011","Kampe verore","Kryepiskopata Tiran\u00eb","lajme"],"articleSection":["Lajme"],"inLanguage":"en-US"},{"@type":"WebPage","@id":"https:\/\/orthodoxalbania.org\/2020\/2013\/03\/21\/udhetim-ne-kampet-verore-te-vajzave-2011\/","url":"https:\/\/orthodoxalbania.org\/2020\/2013\/03\/21\/udhetim-ne-kampet-verore-te-vajzave-2011\/","name":"Udh\u00ebtim n\u00eb kampet verore t\u00eb vajzave 2011. (30 Qershor - 4 Gusht 2011) - Kisha Orthodh\u03bfkse Autoqefale e Shqip\u00ebris\u00eb","isPartOf":{"@id":"https:\/\/orthodoxalbania.org\/2020\/#website"},"datePublished":"2013-03-21T09:57:50+00:00","dateModified":"2020-04-06T20:32:01+00:00","breadcrumb":{"@id":"https:\/\/orthodoxalbania.org\/2020\/2013\/03\/21\/udhetim-ne-kampet-verore-te-vajzave-2011\/#breadcrumb"},"inLanguage":"en-US","potentialAction":[{"@type":"ReadAction","target":["https:\/\/orthodoxalbania.org\/2020\/2013\/03\/21\/udhetim-ne-kampet-verore-te-vajzave-2011\/"]}]},{"@type":"BreadcrumbList","@id":"https:\/\/orthodoxalbania.org\/2020\/2013\/03\/21\/udhetim-ne-kampet-verore-te-vajzave-2011\/#breadcrumb","itemListElement":[{"@type":"ListItem","position":1,"name":"Home","item":"https:\/\/orthodoxalbania.org\/2020\/"},{"@type":"ListItem","position":2,"name":"Udh\u00ebtim n\u00eb kampet verore t\u00eb vajzave 2011. (30 Qershor &#8211; 4 Gusht 2011)"}]},{"@type":"WebSite","@id":"https:\/\/orthodoxalbania.org\/2020\/#website","url":"https:\/\/orthodoxalbania.org\/2020\/","name":"Kisha Orthodh\u03bfkse Autoqefale e Shqip\u00ebris\u00eb","description":"Fqja Zyrtare e Kish\u00ebs Orthodhokse Autoqefale e Shqip\u00ebris\u00eb me lajmet edhe informacionet zyrtare p\u00ebr struktur\u00ebn edhe veprimtarin e saj.","publisher":{"@id":"https:\/\/orthodoxalbania.org\/2020\/#organization"},"potentialAction":[{"@type":"SearchAction","target":{"@type":"EntryPoint","urlTemplate":"https:\/\/orthodoxalbania.org\/2020\/?s={search_term_string}"},"query-input":{"@type":"PropertyValueSpecification","valueRequired":true,"valueName":"search_term_string"}}],"inLanguage":"en-US"},{"@type":"Organization","@id":"https:\/\/orthodoxalbania.org\/2020\/#organization","name":"Kisha Orthodhokse Autoqefale e Shqip\u00ebris\u00eb","url":"https:\/\/orthodoxalbania.org\/2020\/","logo":{"@type":"ImageObject","inLanguage":"en-US","@id":"https:\/\/orthodoxalbania.org\/2020\/#\/schema\/logo\/image\/","url":"https:\/\/orthodoxalbania.org\/2020\/wp-content\/uploads\/2020\/05\/albania.jpeg","contentUrl":"https:\/\/orthodoxalbania.org\/2020\/wp-content\/uploads\/2020\/05\/albania.jpeg","width":540,"height":540,"caption":"Kisha Orthodhokse Autoqefale e Shqip\u00ebris\u00eb"},"image":{"@id":"https:\/\/orthodoxalbania.org\/2020\/#\/schema\/logo\/image\/"},"sameAs":["https:\/\/www.facebook.com\/koash1991"]},{"@type":"Person","@id":"https:\/\/orthodoxalbania.org\/2020\/#\/schema\/person\/0c387634a7063ac612d7ed9ce71c7e86","name":"Kisha Orthodhokse","image":{"@type":"ImageObject","inLanguage":"en-US","@id":"https:\/\/secure.gravatar.com\/avatar\/596e7c417251e30f2fbb9c00e026fce61a695a00e51c889caded71c96cbbdde5?s=96&d=mm&r=g","url":"https:\/\/secure.gravatar.com\/avatar\/596e7c417251e30f2fbb9c00e026fce61a695a00e51c889caded71c96cbbdde5?s=96&d=mm&r=g","contentUrl":"https:\/\/secure.gravatar.com\/avatar\/596e7c417251e30f2fbb9c00e026fce61a695a00e51c889caded71c96cbbdde5?s=96&d=mm&r=g","caption":"Kisha Orthodhokse"}}]}},"_links":{"self":[{"href":"https:\/\/orthodoxalbania.org\/2020\/wp-json\/wp\/v2\/posts\/1499","targetHints":{"allow":["GET"]}}],"collection":[{"href":"https:\/\/orthodoxalbania.org\/2020\/wp-json\/wp\/v2\/posts"}],"about":[{"href":"https:\/\/orthodoxalbania.org\/2020\/wp-json\/wp\/v2\/types\/post"}],"author":[{"embeddable":true,"href":"https:\/\/orthodoxalbania.org\/2020\/wp-json\/wp\/v2\/users\/1"}],"replies":[{"embeddable":true,"href":"https:\/\/orthodoxalbania.org\/2020\/wp-json\/wp\/v2\/comments?post=1499"}],"version-history":[{"count":1,"href":"https:\/\/orthodoxalbania.org\/2020\/wp-json\/wp\/v2\/posts\/1499\/revisions"}],"predecessor-version":[{"id":15373,"href":"https:\/\/orthodoxalbania.org\/2020\/wp-json\/wp\/v2\/posts\/1499\/revisions\/15373"}],"wp:attachment":[{"href":"https:\/\/orthodoxalbania.org\/2020\/wp-json\/wp\/v2\/media?parent=1499"}],"wp:term":[{"taxonomy":"category","embeddable":true,"href":"https:\/\/orthodoxalbania.org\/2020\/wp-json\/wp\/v2\/categories?post=1499"},{"taxonomy":"post_tag","embeddable":true,"href":"https:\/\/orthodoxalbania.org\/2020\/wp-json\/wp\/v2\/tags?post=1499"}],"curies":[{"name":"wp","href":"https:\/\/api.w.org\/{rel}","templated":true}]}}