{"id":1498,"date":"2013-03-20T12:52:51","date_gmt":"2013-03-20T12:52:51","guid":{"rendered":""},"modified":"2020-04-06T22:32:24","modified_gmt":"2020-04-06T20:32:24","slug":"udhetim-ne-kampet-verore-te-djemve-zvernec-2010","status":"publish","type":"post","link":"https:\/\/orthodoxalbania.org\/2020\/2013\/03\/20\/udhetim-ne-kampet-verore-te-djemve-zvernec-2010\/","title":{"rendered":"Udh\u00ebtim n\u00eb kampet verore t\u00eb djemve \u2013 Zv\u00ebrnec 2010. (21 Qershor &#8211; 4 Gusht 2010)"},"content":{"rendered":"<p style=\"text-align: center;\"><span style=\"color: #000000;\"><strong><span style=\"font-family: tahoma,geneva,sans-serif;\"><span style=\"font-size: 12px;\">Kampi I<\/span><\/span><\/strong><\/span><\/p>\n<p style=\"text-align: center;\">&nbsp;<\/p>\n<p style=\"text-align: justify;\"><span style=\"color: #000000;\"><span style=\"font-family: tahoma,geneva,sans-serif;\"><span style=\"font-size: 12px;\">&nbsp;&nbsp;&nbsp;&nbsp; <\/span><\/span><\/span><span style=\"color: #b22222;\"><span style=\"font-family: tahoma,geneva,sans-serif;\"><span style=\"font-size: 12px;\"><strong>Shp\u00ebrndar\u00ebs t\u00eb Drit\u00ebs q\u00eb mor\u00ebn gjat\u00eb kampit<\/strong><\/span><\/span><\/span><\/p>\n<p style=\"text-align: justify;\"><span style=\"color: #000000;\"><span style=\"font-family: tahoma,geneva,sans-serif;\"><span style=\"font-size: 12px;\">&nbsp;&nbsp;&nbsp;&nbsp; Rreth 120 f\u00ebmij\u00eb t\u00eb moshave 11-15 vje\u00e7, t\u00eb ardhur nga rrethe t\u00eb ndryshme t\u00eb vendit, u mblodh\u00ebn s\u00eb bashku p\u00ebr t\u00eb pushuar n\u00eb kampin \u201cRilindja\u201d, t\u00eb Kish\u00ebs son\u00eb. Ai u mbajt n\u00eb ishullin e bukur t\u00eb Zv\u00ebrnecit gjat\u00eb periudh\u00ebs 21 qershor &#8211; 1 korrik. P\u00ebrve\u00e7 larmis\u00eb dhe aktiviteteve t\u00eb shumta q\u00eb ofronte kampi, dy do t\u00eb ishin ngjarjet m\u00eb kryesore t\u00eb k\u00ebtyre dhjet\u00eb dit\u00ebve: pag\u00ebzimi i 21 f\u00ebmij\u00ebve si dhe ardhja e Mitropolitit t\u00eb Beratit, Hir\u00ebsis\u00eb s\u00eb Tij, Ignatit, i cili gjithmon\u00eb e gjen mund\u00ebsin\u00eb, brenda programit t\u00eb tij t\u00eb ngarkuar, q\u00eb&nbsp;t\u2019i vizitoj\u00eb t\u00eb rinjt\u00eb, duke u kthyer k\u00ebshtu n\u00eb nj\u00eb mik t\u00eb v\u00ebrtet\u00eb t\u00eb kampeve. Mitropoliti u foli f\u00ebmij\u00ebve mbi Apostuj e Shenjt\u00eb dhe sidomos mbi dy Protokorifenjt\u00eb, Petron dhe Pavlin. Hir\u00ebsia e Tij i ftoi f\u00ebmij\u00ebt q\u00eb t\u00eb ndiqnin shembullin e Apostujve, duke shp\u00ebrndar\u00eb drit\u00ebn e Krishtit q\u00eb mor\u00ebn gjat\u00eb kampit edhe me shok\u00ebt e tyre kur t\u00eb ktheheshin n\u00eb sht\u00ebpi.<\/span><\/span><\/span><\/p>\n<p style=\"text-align: right;\"><span style=\"color: #000000;\"><span style=\"font-family: tahoma,geneva,sans-serif;\"><span style=\"font-size: 12px;\"><strong>Aleks \u00c7uri<\/strong><\/span><\/span><\/span><br \/>&nbsp;<\/p>\n<p style=\"text-align: center;\"><span style=\"color: #000000;\"><strong><span style=\"font-family: tahoma,geneva,sans-serif;\"><span style=\"font-size: 12px;\">Kampi II<\/span><\/span><\/strong><\/span><\/p>\n<p style=\"text-align: justify;\">&nbsp; <br \/> <span style=\"color: #b22222;\"><span style=\"font-family: tahoma,geneva,sans-serif;\"><span style=\"font-size: 12px;\"><strong>&nbsp;&nbsp;&nbsp;&nbsp; \u201cAty ku jan\u00eb dy ose tre n\u00eb emrin Tim, aty jam edhe Un\u00eb\u201d(Mt. 18: 20 )<\/strong><\/span><\/span><\/span><\/p>\n<p style=\"text-align: justify;\"><span style=\"color: #000000;\"><span style=\"font-family: tahoma,geneva,sans-serif;\"><span style=\"font-size: 12px;\">&nbsp;&nbsp;&nbsp; N\u00eb datat 9 me 19 korrik u zhvillua kampi i dyt\u00eb \u2018Rilindja\u2019, n\u00eb t\u00eb cilin mor\u00ebn&nbsp;pjes\u00eb 90 t\u00eb rinj t\u00eb moshave 14 deri n\u00eb 17 vje\u00e7. Ashtu si t\u00eb tjer\u00ebt, ky kamp u realizua me bekimin dhe fondet e siguruara nga Kryepiskopi Anastas. Sip\u00ebrmarr\u00ebsit ishin pedagog\u00ebt dhe student\u00ebt e Akademis\u00eb Teologjike \u201cNgjallja e Krishtit\u201d n\u00eb Sh\u00ebn Vlash t\u00eb Durr\u00ebsit. N\u00eb k\u00ebt\u00eb kamp mor\u00ebn pjes\u00eb 90 t\u00eb rinj q\u00eb vinin pothuajse nga e gjith\u00eb Shqip\u00ebria. Tema kryesore e kampit ishte: \u201cKrishti, Drita e Bot\u00ebs\u201d. T\u00eb rinjt\u00eb u mblodh\u00ebn p\u00ebr t\u00eb kaluar 10 dit\u00eb ndryshe nga jeta e tyre e p\u00ebrditshme: me lutje, p\u00ebrkushtim, disiplin\u00eb, dhe mbi t\u00eb gjitha shijuan jet\u00ebn n\u00eb bashk\u00ebsi, q\u00eb \u00ebsht\u00eb&nbsp;misioni i Kish\u00ebs dhe d\u00ebshira e vet\u00eb Zotit, sepse Ai tha: \u201cAty ku jan\u00eb dy ose tre n\u00eb emrin Tim, aty jam edhe Un\u00eb\u201d (Mt. 18: 20). Ndryshe nga vitet e tjera, k\u00ebt\u00eb vit kampi i dyt\u00eb solli nj\u00eb risi n\u00eb programin e tij. Temat dhe referatet u zhvilluan n\u00ebp\u00ebr 4 grupe q\u00eb em\u00ebrtoheshin: grupi i Sh\u00ebn Joan Teologut, ku u diskutuan kryesisht tema shpirt\u00ebrore, grupi i Sh\u00ebn Joan Gojartit ku u mbajt\u00ebn tema sociale me interes p\u00ebr t\u00eb rinjt\u00eb, grupi i Sh\u00ebn Joan Kukuzelit ku t\u00eb rinjt\u00eb m\u00ebsuan t\u00eb psalnin e t\u2019i k\u00ebndonin Per\u00ebndis\u00eb me z\u00ebrat e tyre engj\u00ebllor\u00eb, si dhe u njoh\u00ebn me teologjin\u00eb e himneve dhe m\u00ebnyr\u00ebn sesi kisha e b\u00ebri t\u00eb saj\u00ebn muzik\u00ebn bizantine. Dhe grupi i kat\u00ebrt ishte ai i Nazaretit ku t\u00eb rinjt\u00eb m\u00ebsuan rreth artit kishtar dhe pun\u00ebs s\u00eb dor\u00ebs. Ata praktikuan b\u00ebrjen e ikonave me duart e tyre, t\u00eb komboskinave, kryqeve, si dhe&nbsp;u njoh\u00ebn me r\u00ebnd\u00ebsin\u00eb q\u00eb kan\u00eb ato n\u00eb jet\u00ebn e besimtarit orthodhoks. Gjithashtu k\u00ebtij kampi nuk i munguan as loj\u00ebrat dhe aktivitetet sportive. T\u00eb tilla ishin&nbsp;kampionati i futbollit, loj\u00ebrat olimpike buz\u00eb detit, kampionatet e ndryshme t\u00eb tavll\u00ebs, shahut, ping-pongut dhe dominos\u00eb. Jeta n\u00eb bashk\u00ebsi q\u00eb ka n\u00eb qend\u00ebr t\u00eb saj Per\u00ebndin\u00eb, i cili \u00ebsht\u00eb dh\u00ebn\u00ebsi i \u00e7do t\u00eb mire, kaloi edhe n\u00eb k\u00ebt\u00eb kamp me paqe dhe dashuri.<br \/> <\/span><\/span><\/span><\/p>\n<p style=\"text-align: right;\"><span style=\"color: #000000;\"><span style=\"font-family: tahoma,geneva,sans-serif;\"><span style=\"font-size: 12px;\"><strong>Niko Kodheli<\/strong><\/span><\/span><\/span><br \/>&nbsp;<\/p>\n<p style=\"text-align: center;\"><span style=\"color: #000000;\"><strong><span style=\"font-family: tahoma,geneva,sans-serif;\"><span style=\"font-size: 12px;\">Kampi III<\/span><\/span><\/strong><\/span><\/p>\n<p style=\"text-align: justify;\"> <span style=\"color: #b22222;\"><span style=\"font-family: tahoma,geneva,sans-serif;\"><span style=\"font-size: 12px;\"><strong>&nbsp;&nbsp;&nbsp; Koh\u00eb formimi shpirt\u00ebror<\/strong><\/span><\/span><\/span><\/p>\n<p style=\"text-align: justify;\"><span style=\"color: #000000;\"><span style=\"font-family: tahoma,geneva,sans-serif;\"><span style=\"font-size: 12px;\">&nbsp;&nbsp;&nbsp; N\u00eb ambientet e manastirit t\u00eb hirsh\u00ebm \u201cFjetja e T\u00ebr\u00ebshenjt\u00ebs\u201d, Zv\u00ebrnec, nga data 26 korrik \u2013 4 gusht u zhvillua Kampi \u2018Rilindja\u201d p\u00ebr t\u00eb rinjt\u00eb nga mosha 17 &#8211; 30 vje\u00e7. Programi i kampit u mb\u00ebshtet mbi q\u00ebllimin p\u00ebr t\u2019i ndihmuar ata n\u00eb forcimin shpirt\u00ebror. K\u00ebshtu n\u00eb programin e kampit b\u00ebnin pjes\u00eb: lutja e m\u00ebngjesit, studimi biblik mbi festat Zot\u00ebrore (Ungjill\u00ebzimi, Lindja e Zotit Jisu Krisht, Ipapandia, Pag\u00ebzimi, Shp\u00ebrfytyrimi, Kryq\u00ebzimi, Ngjallja dhe Zbritja e Shpirtit t\u00eb Shenjt\u00eb), diskutimi shpirt\u00ebror n\u00eb mbr\u00ebmje, duke u mb\u00ebshtetur tek libri i Kryepiskopit Anastas \u201cMesazhe hyjnore\u201d. N\u00eb nj\u00eb nga k\u00ebto diskutime ishte referues edhe At\u00eb Justini, i cili mbajti tem\u00ebn \u201cVdekja dhe koncepti i krishter\u00eb mbi t\u00eb\u201d. Bekim p\u00ebr kampin ishte edhe pag\u00ebzimi i tet\u00eb pjes\u00ebmarr\u00ebsve. Moment i r\u00ebnd\u00ebsish\u00ebm ishte dhe shfaqja e filmave t\u00eb ndrysh\u00ebm si \u201cRroba e Krishtit\u201d, \u201cDhimitri dhe gladiator\u00ebt\u201d. Gjat\u00eb periudh\u00ebs s\u00eb kampit kishin mund\u00ebsin\u00eb t\u00eb p\u00ebrkujtonim 18 vjetorin e fron\u00ebzimit t\u00eb Kryepiskopit Anastas. P\u00ebr t\u00eb kujtuar k\u00ebt\u00eb ngjarje t\u00eb r\u00ebnd\u00ebsishme p\u00ebr historin\u00eb e Kish\u00ebs son\u00eb u shfaq dokumentari mbi 18 vitet e rind\u00ebrtimit t\u00eb Kish\u00ebs son\u00eb n\u00ebn drejtimin e Kryepiskopit. Nj\u00ebkoh\u00ebsisht n\u00eb nj\u00eb nga vaktet e ngr\u00ebnies u lexuan artikuj apo shkrime t\u00eb ndryshme q\u00eb i referoheshin k\u00ebsaj ngjarje dhe k\u00ebtyre 18 viteve p\u00ebr t\u00eb krijuar ne gjith\u00eb pjes\u00ebmarr\u00ebsit nj\u00eb ndjenj\u00eb shprese, g\u00ebzimi dhe mir\u00ebnjohje ndaj personit q\u00eb me intelektin, mundimin dhe mbi t\u00eb gjitha besimin e tij b\u00ebri q\u00eb kisha t\u00eb futet n\u00eb rrug\u00ebn e rind\u00ebrtimit, forcimin dhe misionit shpirt\u00ebror t\u00eb saj. Koha e formimit dhe forcimit shpirt\u00ebror ishte e nd\u00ebrthurur me aktivitet sportive n\u00eb ambientet e manastirit dhe n\u00eb bregun e detit. N\u00eb kamp mor\u00ebn pjes\u00eb 45 t\u00eb rinj, t\u00eb cil\u00ebt arrit\u00ebn t\u00eb kap\u00ebrcenin diferenc\u00ebn e mosh\u00ebs, nivelin intelektual, duke forcuan njohjen dhe miq\u00ebsin\u00eb e tyre. Ky \u00ebsht\u00eb nj\u00eb p\u00ebrjetim t\u00eb cilin ta ofron hiri i Per\u00ebndis\u00eb, nd\u00ebrmjetimi i t\u00eb T\u00ebr\u00ebshenjt\u00ebs, emrin e t\u00eb cil\u00ebs mban manastiri. Kampi u drejtua nga z. Thoma \u00c7om\u00ebni dhe Arkimandrit Asti Bakallbashi me bashk\u00ebpunimin e palodhur dhe t\u00eb frytsh\u00ebm student\u00ebve t\u00eb teologjis\u00eb n\u00eb Athin\u00eb, n\u00eb Akademin\u00eb Teologjike \u201cNgjallja e Krishtit\u201d si dhe t\u00eb rinj student\u00eb, t\u00eb cil\u00ebt jan\u00eb bashk\u00ebpun\u00ebtor t\u00eb Qendr\u00ebs Studentore e cila funksionon prej vitesh n\u00eb Qytetin Studenti. Kampi iu rikthye dhe nj\u00eb tradite t\u00eb vjet\u00ebr n\u00eb em\u00ebrtimin e grupeve. Gjasht\u00eb grupet e formuar mbanin emrat e shenjtor\u00ebve q\u00eb ishin nga ky vend si sh\u00ebn Asti, sh\u00ebn Nikodhimi, sh\u00ebn Donati, sh\u00ebn Elefteri, por dhe shenjtor\u00ebt q\u00eb u martirizuan n\u00eb k\u00ebt\u00eb vend sh\u00ebn Joan Vladimiri dhe Sh\u00ebn Kozmai i Kolkondasit. Kampi ofroi mund\u00ebsin\u00eb p\u00ebr rip\u00ebrt\u00ebritje shpirt\u00ebrore dhe forcim t\u00eb lidhjeve shoq\u00ebrore midis pjes\u00ebmarr\u00ebsve.<\/span><\/span><\/span><\/p>\n<p style=\"text-align: right;\">&nbsp;<span style=\"color: #000000;\"><span style=\"font-family: tahoma,geneva,sans-serif;\"><span style=\"font-size: 12px;\"><strong>Thoma \u00c7om\u00ebni<\/strong><\/span><\/span><\/span><\/p>\n","protected":false},"excerpt":{"rendered":"<p>Kampi I &nbsp; &nbsp;&nbsp;&nbsp;&nbsp; Shp\u00ebrndar\u00ebs t\u00eb Drit\u00ebs q\u00eb mor\u00ebn gjat\u00eb kampit &nbsp;&nbsp;&nbsp;&nbsp; Rreth 120 f\u00ebmij\u00eb t\u00eb moshave 11-15 vje\u00e7, t\u00eb ardhur nga rrethe t\u00eb ndryshme t\u00eb vendit, u mblodh\u00ebn s\u00eb bashku p\u00ebr t\u00eb pushuar n\u00eb kampin \u201cRilindja\u201d, t\u00eb Kish\u00ebs son\u00eb. Ai u mbajt n\u00eb ishullin e bukur t\u00eb Zv\u00ebrnecit gjat\u00eb periudh\u00ebs 21 qershor &#8211; 1 korrik. P\u00ebrve\u00e7 larmis\u00eb dhe aktiviteteve t\u00eb shumta q\u00eb ofronte kampi,<\/p>\n","protected":false},"author":1,"featured_media":0,"comment_status":"open","ping_status":"open","sticky":false,"template":"","format":"standard","meta":{"_acf_changed":false,"pagelayer_contact_templates":[],"_pagelayer_content":"","inline_featured_image":false,"fifu_image_url":"","fifu_image_alt":"","footnotes":""},"categories":[108],"tags":[144,200,196,212],"class_list":["post-1498","post","type-post","status-publish","format-standard","hentry","category-lajme","tag-144","tag-kampe-verore","tag-tirane","tag-lajme-d27"],"acf":[],"yoast_head":"<!-- This site is optimized with the Yoast SEO plugin v27.2 - https:\/\/yoast.com\/product\/yoast-seo-wordpress\/ -->\n<title>Udh\u00ebtim n\u00eb kampet verore t\u00eb djemve \u2013 Zv\u00ebrnec 2010. (21 Qershor - 4 Gusht 2010) - Kisha Orthodh\u03bfkse Autoqefale e Shqip\u00ebris\u00eb<\/title>\n<meta name=\"robots\" content=\"index, follow, max-snippet:-1, max-image-preview:large, max-video-preview:-1\" \/>\n<link rel=\"canonical\" href=\"https:\/\/orthodoxalbania.org\/2020\/2013\/03\/20\/udhetim-ne-kampet-verore-te-djemve-zvernec-2010\/\" \/>\n<meta property=\"og:locale\" content=\"en_US\" \/>\n<meta property=\"og:type\" content=\"article\" \/>\n<meta property=\"og:title\" content=\"Udh\u00ebtim n\u00eb kampet verore t\u00eb djemve \u2013 Zv\u00ebrnec 2010. (21 Qershor - 4 Gusht 2010) - Kisha Orthodh\u03bfkse Autoqefale e Shqip\u00ebris\u00eb\" \/>\n<meta property=\"og:description\" content=\"Kampi I &nbsp; &nbsp;&nbsp;&nbsp;&nbsp; Shp\u00ebrndar\u00ebs t\u00eb Drit\u00ebs q\u00eb mor\u00ebn gjat\u00eb kampit &nbsp;&nbsp;&nbsp;&nbsp; Rreth 120 f\u00ebmij\u00eb t\u00eb moshave 11-15 vje\u00e7, t\u00eb ardhur nga rrethe t\u00eb ndryshme t\u00eb vendit, u mblodh\u00ebn s\u00eb bashku p\u00ebr t\u00eb pushuar n\u00eb kampin \u201cRilindja\u201d, t\u00eb Kish\u00ebs son\u00eb. Ai u mbajt n\u00eb ishullin e bukur t\u00eb Zv\u00ebrnecit gjat\u00eb periudh\u00ebs 21 qershor &#8211; 1 korrik. P\u00ebrve\u00e7 larmis\u00eb dhe aktiviteteve t\u00eb shumta q\u00eb ofronte kampi,\" \/>\n<meta property=\"og:url\" content=\"https:\/\/orthodoxalbania.org\/2020\/2013\/03\/20\/udhetim-ne-kampet-verore-te-djemve-zvernec-2010\/\" \/>\n<meta property=\"og:site_name\" content=\"Kisha Orthodh\u03bfkse Autoqefale e Shqip\u00ebris\u00eb\" \/>\n<meta property=\"article:publisher\" content=\"https:\/\/www.facebook.com\/koash1991\" \/>\n<meta property=\"article:published_time\" content=\"2013-03-20T12:52:51+00:00\" \/>\n<meta property=\"article:modified_time\" content=\"2020-04-06T20:32:24+00:00\" \/>\n<meta property=\"og:image\" content=\"https:\/\/orthodoxalbania.org\/2020\/wp-content\/uploads\/2021\/02\/LogoLastALb-200.png\" \/>\n\t<meta property=\"og:image:width\" content=\"200\" \/>\n\t<meta property=\"og:image:height\" content=\"172\" \/>\n\t<meta property=\"og:image:type\" content=\"image\/png\" \/>\n<meta name=\"author\" content=\"Kisha Orthodhokse\" \/>\n<meta name=\"twitter:card\" content=\"summary_large_image\" \/>\n<meta name=\"twitter:label1\" content=\"Written by\" \/>\n\t<meta name=\"twitter:data1\" content=\"Kisha Orthodhokse\" \/>\n\t<meta name=\"twitter:label2\" content=\"Est. reading time\" \/>\n\t<meta name=\"twitter:data2\" content=\"6 minutes\" \/>\n<script type=\"application\/ld+json\" class=\"yoast-schema-graph\">{\"@context\":\"https:\/\/schema.org\",\"@graph\":[{\"@type\":\"Article\",\"@id\":\"https:\/\/orthodoxalbania.org\/2020\/2013\/03\/20\/udhetim-ne-kampet-verore-te-djemve-zvernec-2010\/#article\",\"isPartOf\":{\"@id\":\"https:\/\/orthodoxalbania.org\/2020\/2013\/03\/20\/udhetim-ne-kampet-verore-te-djemve-zvernec-2010\/\"},\"author\":{\"name\":\"Kisha Orthodhokse\",\"@id\":\"https:\/\/orthodoxalbania.org\/2020\/#\/schema\/person\/0c387634a7063ac612d7ed9ce71c7e86\"},\"headline\":\"Udh\u00ebtim n\u00eb kampet verore t\u00eb djemve \u2013 Zv\u00ebrnec 2010. (21 Qershor &#8211; 4 Gusht 2010)\",\"datePublished\":\"2013-03-20T12:52:51+00:00\",\"dateModified\":\"2020-04-06T20:32:24+00:00\",\"mainEntityOfPage\":{\"@id\":\"https:\/\/orthodoxalbania.org\/2020\/2013\/03\/20\/udhetim-ne-kampet-verore-te-djemve-zvernec-2010\/\"},\"wordCount\":1162,\"commentCount\":0,\"publisher\":{\"@id\":\"https:\/\/orthodoxalbania.org\/2020\/#organization\"},\"keywords\":[\"2010\",\"Kampe verore\",\"Kryepiskopata Tiran\u00eb\",\"lajme\"],\"articleSection\":[\"Lajme\"],\"inLanguage\":\"en-US\"},{\"@type\":\"WebPage\",\"@id\":\"https:\/\/orthodoxalbania.org\/2020\/2013\/03\/20\/udhetim-ne-kampet-verore-te-djemve-zvernec-2010\/\",\"url\":\"https:\/\/orthodoxalbania.org\/2020\/2013\/03\/20\/udhetim-ne-kampet-verore-te-djemve-zvernec-2010\/\",\"name\":\"Udh\u00ebtim n\u00eb kampet verore t\u00eb djemve \u2013 Zv\u00ebrnec 2010. (21 Qershor - 4 Gusht 2010) - Kisha Orthodh\u03bfkse Autoqefale e Shqip\u00ebris\u00eb\",\"isPartOf\":{\"@id\":\"https:\/\/orthodoxalbania.org\/2020\/#website\"},\"datePublished\":\"2013-03-20T12:52:51+00:00\",\"dateModified\":\"2020-04-06T20:32:24+00:00\",\"breadcrumb\":{\"@id\":\"https:\/\/orthodoxalbania.org\/2020\/2013\/03\/20\/udhetim-ne-kampet-verore-te-djemve-zvernec-2010\/#breadcrumb\"},\"inLanguage\":\"en-US\",\"potentialAction\":[{\"@type\":\"ReadAction\",\"target\":[\"https:\/\/orthodoxalbania.org\/2020\/2013\/03\/20\/udhetim-ne-kampet-verore-te-djemve-zvernec-2010\/\"]}]},{\"@type\":\"BreadcrumbList\",\"@id\":\"https:\/\/orthodoxalbania.org\/2020\/2013\/03\/20\/udhetim-ne-kampet-verore-te-djemve-zvernec-2010\/#breadcrumb\",\"itemListElement\":[{\"@type\":\"ListItem\",\"position\":1,\"name\":\"Home\",\"item\":\"https:\/\/orthodoxalbania.org\/2020\/\"},{\"@type\":\"ListItem\",\"position\":2,\"name\":\"Udh\u00ebtim n\u00eb kampet verore t\u00eb djemve \u2013 Zv\u00ebrnec 2010. (21 Qershor &#8211; 4 Gusht 2010)\"}]},{\"@type\":\"WebSite\",\"@id\":\"https:\/\/orthodoxalbania.org\/2020\/#website\",\"url\":\"https:\/\/orthodoxalbania.org\/2020\/\",\"name\":\"Kisha Orthodh\u03bfkse Autoqefale e Shqip\u00ebris\u00eb\",\"description\":\"Fqja Zyrtare e Kish\u00ebs Orthodhokse Autoqefale e Shqip\u00ebris\u00eb me lajmet edhe informacionet zyrtare p\u00ebr struktur\u00ebn edhe veprimtarin e saj.\",\"publisher\":{\"@id\":\"https:\/\/orthodoxalbania.org\/2020\/#organization\"},\"potentialAction\":[{\"@type\":\"SearchAction\",\"target\":{\"@type\":\"EntryPoint\",\"urlTemplate\":\"https:\/\/orthodoxalbania.org\/2020\/?s={search_term_string}\"},\"query-input\":{\"@type\":\"PropertyValueSpecification\",\"valueRequired\":true,\"valueName\":\"search_term_string\"}}],\"inLanguage\":\"en-US\"},{\"@type\":\"Organization\",\"@id\":\"https:\/\/orthodoxalbania.org\/2020\/#organization\",\"name\":\"Kisha Orthodhokse Autoqefale e Shqip\u00ebris\u00eb\",\"url\":\"https:\/\/orthodoxalbania.org\/2020\/\",\"logo\":{\"@type\":\"ImageObject\",\"inLanguage\":\"en-US\",\"@id\":\"https:\/\/orthodoxalbania.org\/2020\/#\/schema\/logo\/image\/\",\"url\":\"https:\/\/orthodoxalbania.org\/2020\/wp-content\/uploads\/2020\/05\/albania.jpeg\",\"contentUrl\":\"https:\/\/orthodoxalbania.org\/2020\/wp-content\/uploads\/2020\/05\/albania.jpeg\",\"width\":540,\"height\":540,\"caption\":\"Kisha Orthodhokse Autoqefale e Shqip\u00ebris\u00eb\"},\"image\":{\"@id\":\"https:\/\/orthodoxalbania.org\/2020\/#\/schema\/logo\/image\/\"},\"sameAs\":[\"https:\/\/www.facebook.com\/koash1991\"]},{\"@type\":\"Person\",\"@id\":\"https:\/\/orthodoxalbania.org\/2020\/#\/schema\/person\/0c387634a7063ac612d7ed9ce71c7e86\",\"name\":\"Kisha Orthodhokse\",\"image\":{\"@type\":\"ImageObject\",\"inLanguage\":\"en-US\",\"@id\":\"https:\/\/secure.gravatar.com\/avatar\/596e7c417251e30f2fbb9c00e026fce61a695a00e51c889caded71c96cbbdde5?s=96&d=mm&r=g\",\"url\":\"https:\/\/secure.gravatar.com\/avatar\/596e7c417251e30f2fbb9c00e026fce61a695a00e51c889caded71c96cbbdde5?s=96&d=mm&r=g\",\"contentUrl\":\"https:\/\/secure.gravatar.com\/avatar\/596e7c417251e30f2fbb9c00e026fce61a695a00e51c889caded71c96cbbdde5?s=96&d=mm&r=g\",\"caption\":\"Kisha Orthodhokse\"}}]}<\/script>\n<!-- \/ Yoast SEO plugin. -->","yoast_head_json":{"title":"Udh\u00ebtim n\u00eb kampet verore t\u00eb djemve \u2013 Zv\u00ebrnec 2010. (21 Qershor - 4 Gusht 2010) - Kisha Orthodh\u03bfkse Autoqefale e Shqip\u00ebris\u00eb","robots":{"index":"index","follow":"follow","max-snippet":"max-snippet:-1","max-image-preview":"max-image-preview:large","max-video-preview":"max-video-preview:-1"},"canonical":"https:\/\/orthodoxalbania.org\/2020\/2013\/03\/20\/udhetim-ne-kampet-verore-te-djemve-zvernec-2010\/","og_locale":"en_US","og_type":"article","og_title":"Udh\u00ebtim n\u00eb kampet verore t\u00eb djemve \u2013 Zv\u00ebrnec 2010. (21 Qershor - 4 Gusht 2010) - Kisha Orthodh\u03bfkse Autoqefale e Shqip\u00ebris\u00eb","og_description":"Kampi I &nbsp; &nbsp;&nbsp;&nbsp;&nbsp; Shp\u00ebrndar\u00ebs t\u00eb Drit\u00ebs q\u00eb mor\u00ebn gjat\u00eb kampit &nbsp;&nbsp;&nbsp;&nbsp; Rreth 120 f\u00ebmij\u00eb t\u00eb moshave 11-15 vje\u00e7, t\u00eb ardhur nga rrethe t\u00eb ndryshme t\u00eb vendit, u mblodh\u00ebn s\u00eb bashku p\u00ebr t\u00eb pushuar n\u00eb kampin \u201cRilindja\u201d, t\u00eb Kish\u00ebs son\u00eb. Ai u mbajt n\u00eb ishullin e bukur t\u00eb Zv\u00ebrnecit gjat\u00eb periudh\u00ebs 21 qershor &#8211; 1 korrik. P\u00ebrve\u00e7 larmis\u00eb dhe aktiviteteve t\u00eb shumta q\u00eb ofronte kampi,","og_url":"https:\/\/orthodoxalbania.org\/2020\/2013\/03\/20\/udhetim-ne-kampet-verore-te-djemve-zvernec-2010\/","og_site_name":"Kisha Orthodh\u03bfkse Autoqefale e Shqip\u00ebris\u00eb","article_publisher":"https:\/\/www.facebook.com\/koash1991","article_published_time":"2013-03-20T12:52:51+00:00","article_modified_time":"2020-04-06T20:32:24+00:00","og_image":[{"width":200,"height":172,"url":"https:\/\/orthodoxalbania.org\/2020\/wp-content\/uploads\/2021\/02\/LogoLastALb-200.png","type":"image\/png"}],"author":"Kisha Orthodhokse","twitter_card":"summary_large_image","twitter_misc":{"Written by":"Kisha Orthodhokse","Est. reading time":"6 minutes"},"schema":{"@context":"https:\/\/schema.org","@graph":[{"@type":"Article","@id":"https:\/\/orthodoxalbania.org\/2020\/2013\/03\/20\/udhetim-ne-kampet-verore-te-djemve-zvernec-2010\/#article","isPartOf":{"@id":"https:\/\/orthodoxalbania.org\/2020\/2013\/03\/20\/udhetim-ne-kampet-verore-te-djemve-zvernec-2010\/"},"author":{"name":"Kisha Orthodhokse","@id":"https:\/\/orthodoxalbania.org\/2020\/#\/schema\/person\/0c387634a7063ac612d7ed9ce71c7e86"},"headline":"Udh\u00ebtim n\u00eb kampet verore t\u00eb djemve \u2013 Zv\u00ebrnec 2010. (21 Qershor &#8211; 4 Gusht 2010)","datePublished":"2013-03-20T12:52:51+00:00","dateModified":"2020-04-06T20:32:24+00:00","mainEntityOfPage":{"@id":"https:\/\/orthodoxalbania.org\/2020\/2013\/03\/20\/udhetim-ne-kampet-verore-te-djemve-zvernec-2010\/"},"wordCount":1162,"commentCount":0,"publisher":{"@id":"https:\/\/orthodoxalbania.org\/2020\/#organization"},"keywords":["2010","Kampe verore","Kryepiskopata Tiran\u00eb","lajme"],"articleSection":["Lajme"],"inLanguage":"en-US"},{"@type":"WebPage","@id":"https:\/\/orthodoxalbania.org\/2020\/2013\/03\/20\/udhetim-ne-kampet-verore-te-djemve-zvernec-2010\/","url":"https:\/\/orthodoxalbania.org\/2020\/2013\/03\/20\/udhetim-ne-kampet-verore-te-djemve-zvernec-2010\/","name":"Udh\u00ebtim n\u00eb kampet verore t\u00eb djemve \u2013 Zv\u00ebrnec 2010. (21 Qershor - 4 Gusht 2010) - Kisha Orthodh\u03bfkse Autoqefale e Shqip\u00ebris\u00eb","isPartOf":{"@id":"https:\/\/orthodoxalbania.org\/2020\/#website"},"datePublished":"2013-03-20T12:52:51+00:00","dateModified":"2020-04-06T20:32:24+00:00","breadcrumb":{"@id":"https:\/\/orthodoxalbania.org\/2020\/2013\/03\/20\/udhetim-ne-kampet-verore-te-djemve-zvernec-2010\/#breadcrumb"},"inLanguage":"en-US","potentialAction":[{"@type":"ReadAction","target":["https:\/\/orthodoxalbania.org\/2020\/2013\/03\/20\/udhetim-ne-kampet-verore-te-djemve-zvernec-2010\/"]}]},{"@type":"BreadcrumbList","@id":"https:\/\/orthodoxalbania.org\/2020\/2013\/03\/20\/udhetim-ne-kampet-verore-te-djemve-zvernec-2010\/#breadcrumb","itemListElement":[{"@type":"ListItem","position":1,"name":"Home","item":"https:\/\/orthodoxalbania.org\/2020\/"},{"@type":"ListItem","position":2,"name":"Udh\u00ebtim n\u00eb kampet verore t\u00eb djemve \u2013 Zv\u00ebrnec 2010. (21 Qershor &#8211; 4 Gusht 2010)"}]},{"@type":"WebSite","@id":"https:\/\/orthodoxalbania.org\/2020\/#website","url":"https:\/\/orthodoxalbania.org\/2020\/","name":"Kisha Orthodh\u03bfkse Autoqefale e Shqip\u00ebris\u00eb","description":"Fqja Zyrtare e Kish\u00ebs Orthodhokse Autoqefale e Shqip\u00ebris\u00eb me lajmet edhe informacionet zyrtare p\u00ebr struktur\u00ebn edhe veprimtarin e saj.","publisher":{"@id":"https:\/\/orthodoxalbania.org\/2020\/#organization"},"potentialAction":[{"@type":"SearchAction","target":{"@type":"EntryPoint","urlTemplate":"https:\/\/orthodoxalbania.org\/2020\/?s={search_term_string}"},"query-input":{"@type":"PropertyValueSpecification","valueRequired":true,"valueName":"search_term_string"}}],"inLanguage":"en-US"},{"@type":"Organization","@id":"https:\/\/orthodoxalbania.org\/2020\/#organization","name":"Kisha Orthodhokse Autoqefale e Shqip\u00ebris\u00eb","url":"https:\/\/orthodoxalbania.org\/2020\/","logo":{"@type":"ImageObject","inLanguage":"en-US","@id":"https:\/\/orthodoxalbania.org\/2020\/#\/schema\/logo\/image\/","url":"https:\/\/orthodoxalbania.org\/2020\/wp-content\/uploads\/2020\/05\/albania.jpeg","contentUrl":"https:\/\/orthodoxalbania.org\/2020\/wp-content\/uploads\/2020\/05\/albania.jpeg","width":540,"height":540,"caption":"Kisha Orthodhokse Autoqefale e Shqip\u00ebris\u00eb"},"image":{"@id":"https:\/\/orthodoxalbania.org\/2020\/#\/schema\/logo\/image\/"},"sameAs":["https:\/\/www.facebook.com\/koash1991"]},{"@type":"Person","@id":"https:\/\/orthodoxalbania.org\/2020\/#\/schema\/person\/0c387634a7063ac612d7ed9ce71c7e86","name":"Kisha Orthodhokse","image":{"@type":"ImageObject","inLanguage":"en-US","@id":"https:\/\/secure.gravatar.com\/avatar\/596e7c417251e30f2fbb9c00e026fce61a695a00e51c889caded71c96cbbdde5?s=96&d=mm&r=g","url":"https:\/\/secure.gravatar.com\/avatar\/596e7c417251e30f2fbb9c00e026fce61a695a00e51c889caded71c96cbbdde5?s=96&d=mm&r=g","contentUrl":"https:\/\/secure.gravatar.com\/avatar\/596e7c417251e30f2fbb9c00e026fce61a695a00e51c889caded71c96cbbdde5?s=96&d=mm&r=g","caption":"Kisha Orthodhokse"}}]}},"_links":{"self":[{"href":"https:\/\/orthodoxalbania.org\/2020\/wp-json\/wp\/v2\/posts\/1498","targetHints":{"allow":["GET"]}}],"collection":[{"href":"https:\/\/orthodoxalbania.org\/2020\/wp-json\/wp\/v2\/posts"}],"about":[{"href":"https:\/\/orthodoxalbania.org\/2020\/wp-json\/wp\/v2\/types\/post"}],"author":[{"embeddable":true,"href":"https:\/\/orthodoxalbania.org\/2020\/wp-json\/wp\/v2\/users\/1"}],"replies":[{"embeddable":true,"href":"https:\/\/orthodoxalbania.org\/2020\/wp-json\/wp\/v2\/comments?post=1498"}],"version-history":[{"count":1,"href":"https:\/\/orthodoxalbania.org\/2020\/wp-json\/wp\/v2\/posts\/1498\/revisions"}],"predecessor-version":[{"id":15489,"href":"https:\/\/orthodoxalbania.org\/2020\/wp-json\/wp\/v2\/posts\/1498\/revisions\/15489"}],"wp:attachment":[{"href":"https:\/\/orthodoxalbania.org\/2020\/wp-json\/wp\/v2\/media?parent=1498"}],"wp:term":[{"taxonomy":"category","embeddable":true,"href":"https:\/\/orthodoxalbania.org\/2020\/wp-json\/wp\/v2\/categories?post=1498"},{"taxonomy":"post_tag","embeddable":true,"href":"https:\/\/orthodoxalbania.org\/2020\/wp-json\/wp\/v2\/tags?post=1498"}],"curies":[{"name":"wp","href":"https:\/\/api.w.org\/{rel}","templated":true}]}}