{"id":1497,"date":"2013-03-21T09:57:06","date_gmt":"2013-03-21T09:57:06","guid":{"rendered":""},"modified":"2020-04-06T22:32:01","modified_gmt":"2020-04-06T20:32:01","slug":"udhetim-ne-kampet-verore-te-djemve-2011","status":"publish","type":"post","link":"https:\/\/orthodoxalbania.org\/2020\/2013\/03\/21\/udhetim-ne-kampet-verore-te-djemve-2011\/","title":{"rendered":"Udh\u00ebtim n\u00eb kampet verore t\u00eb djemve 2011. (30 Qershor &#8211; 3 Gusht 2011)"},"content":{"rendered":"<table border=\"0\">\n<tbody>\n<tr>\n<td>\n<div class=\"style7\">\n<div>&nbsp;<\/div>\n<div style=\"text-align: center;\"><span style=\"color: #b22222;\"><span style=\"font-family: tahoma,geneva,sans-serif;\"><span style=\"font-size: 12px;\">&nbsp;<strong>Kampi i par\u00eb: \u201c<em>F\u00ebmij\u00ebt pat\u00ebn bekimin e madh t\u00eb njohin Krishtin<\/em>\u201d<\/strong><\/span><\/span><\/span><\/div>\n<div>&nbsp;<\/div>\n<div style=\"text-align: justify;\"><span style=\"color: #000000;\"><span style=\"font-family: tahoma,geneva,sans-serif;\"><span style=\"font-size: 12px;\"><span class=\"style14\">&nbsp; &nbsp; <\/span>Me hirin e Per\u00ebndis\u00eb&nbsp; dhe me p\u00ebrkujdesjen e Kryepeshkopit t\u00eb Tiran\u00ebs, Imzot Anastasit, n\u00eb Manastirin e \u201cFjejtjes s\u00eb Hylind\u00ebses Mari\u201d, n\u00eb Zv\u00ebrnec t\u00eb Vlor\u00ebs, u zhvillua kampingu i par\u00eb p\u00ebr k\u00ebt\u00eb ver\u00eb, me f\u00ebmij\u00ebt. Ky kamping u drejtua nga Zyra e F\u00ebmij\u00ebve n\u00ebn drejtimin e Z. Nathan Hoppe. T\u00eb pranish\u00ebm n\u00eb k\u00ebt\u00eb kamp, ishin pjesmarr\u00ebs rreth 100 f\u00ebmij\u00eb bashk\u00eb me stafin, i cili p\u00ebrb\u00ebhej nga katekist\u00eb, student\u00eb t\u00eb Akademis\u00eb Teologjike \u201cNgallja e Krishtit\u201d, si edhe student\u00eb t\u00eb tjer\u00eb q\u00eb studiojn\u00eb brenda dhe jasht\u00eb Shqip\u00ebris\u00eb. K\u00ebt\u00eb vit n\u00eb kamp u pag\u00ebzuan 13 f\u00ebmij\u00eb nga Mitropoliti i Beratit, Vlor\u00ebs, Kanin\u00ebs dhe gjith\u00eb Myzeqes\u00eb, Imzot Ignati, i cili mbajti edhe referatin e tij p\u00ebrkat\u00ebs. Gjithashtu nuk mungoi n\u00eb kamp At\u00eb Joan Trebicka, i cili kreu Misterin e Rr\u00ebfimit. Ai ishte edhe refurues i nj\u00eb teme p\u00ebr f\u00ebmij\u00ebt.<\/span><\/span><\/span><\/div>\n<div style=\"text-align: justify;\"> <span style=\"color: #000000;\"><span style=\"font-family: tahoma,geneva,sans-serif;\"><span style=\"font-size: 12px;\">&nbsp;<span class=\"style14\"> &nbsp; <\/span>K\u00ebshtu n\u00eb thelb t\u00eb gjith\u00e7kaje ky kamping ishte i vlefsh\u00ebm p\u00ebr t\u00eb gjith\u00eb pjesmarr\u00ebsit, sepse edhe nj\u00eb her\u00eb pat\u00ebm bekimin e madh t\u00eb jetojm\u00eb m\u00eb Krishtin, duke m\u00ebsuar teorikisht mbi besimin dhe duke e zbatuar praktikisht me lutje, me studimin e Bibl\u00ebs, si edhe me pjes\u00ebmarrjen n\u00eb Misteret e Shenjta t\u00eb Kish\u00ebs son\u00eb Orthodhokse. <\/span><\/span><\/span><\/div>\n<div>&nbsp;<\/div>\n<div style=\"text-align: right;\"><span style=\"color: #000000;\"><span style=\"font-family: tahoma,geneva,sans-serif;\"><span style=\"font-size: 12px;\"><strong>Joan Qako<\/strong>&nbsp;<\/span><\/span><\/span><\/div>\n<div>&nbsp;<\/div>\n<div style=\"text-align: center;\"><span style=\"color: #b22222;\"><span style=\"font-family: tahoma,geneva,sans-serif;\"><span style=\"font-size: 12px;\"><strong>Kampi i dyt\u00eb: \u201c<em>Nd\u00ebrgjegj\u00ebsimi i t\u00eb rinjve mbi rolin, tradit\u00ebn dhe rrug\u00ebn q\u00eb ka p\u00ebrshkruar besimi i krishter\u00eb n\u00eb Shqip\u00ebri<\/em>\u201d<\/strong><\/span><\/span><\/span><\/div>\n<div>&nbsp;<\/div>\n<div style=\"text-align: justify;\"><span style=\"color: #000000;\"><span style=\"font-family: tahoma,geneva,sans-serif;\"><span style=\"font-size: 12px;\">&nbsp; &nbsp; Periudha e dyt\u00eb e kampit \u201cRilindja\u201d p\u00ebr djemt\u00eb u zhvillua k\u00ebt\u00eb vit nga datat 13-22 korrik 2011. \u00cbsht\u00eb b\u00ebr\u00eb tradit\u00eb q\u00eb ky kamp t\u00eb drejtohet nga pedagog\u00ebt e Akademis\u00eb Teologjike, t\u00eb cil\u00ebt s\u00eb bashku me student\u00ebt dhe bashk\u00ebpun\u00ebtor\u00ebt e ndrysh\u00ebm krijojn\u00eb nj\u00eb program shpirt\u00ebror dhe shoq\u00ebror. Kampi konsiderohet si nj\u00eb moment ku duhen nd\u00ebrthurur momentet lut\u00ebse, pjes\u00ebmarrja n\u00eb jet\u00eb litugjikale, studimi i Shkrimit t\u00eb Shenjt\u00eb, diskutimet shpirt\u00ebrore me arg\u00ebtimin n\u00eb loj\u00ebra t\u00eb ndryshme sportive n\u00eb kamp dhe n\u00eb plazh, pastrim dhe mbrojtje ambienti si dhe shfaqja e filmave dhe dokumentar\u00ebve t\u00eb ndrysh\u00ebm me p\u00ebrmbajtje shpirt\u00ebrore dhe shoq\u00ebrore.<\/span><\/span><\/span><\/div>\n<div style=\"text-align: justify;\"> <span style=\"color: #000000;\"><span style=\"font-family: tahoma,geneva,sans-serif;\"><span style=\"font-size: 12px;\">&nbsp;<span class=\"style14\"> &nbsp; <\/span>G\u00ebzimi q\u00eb t\u00eb krijon pranimi i Krishtit, kampist\u00ebt e p\u00ebrjetuan kur tet\u00eb nga pjes\u00ebtar\u00ebt e kampit pranuan, pohuan dhe u pag\u00ebzuan n\u00eb emrin e Trinis\u00eb s\u00eb Shenjt\u00eb. Misteri q\u00eb ofroi k\u00ebt\u00eb g\u00ebzim u drejtua nga Episkopi i Apollonis\u00eb, Imzot Nikolla dhe nj\u00ebkoh\u00ebsisht edhe drejtori i Akademis\u00eb Teologjike \u201cNgjallja e Krishtit\u201d.<\/span><\/span><\/span><\/div>\n<div style=\"text-align: justify;\"> <span style=\"color: #000000;\"><span style=\"font-family: tahoma,geneva,sans-serif;\"><span style=\"font-size: 12px;\">&nbsp;<span class=\"style14\"> &nbsp; <\/span>Pjes\u00eb e r\u00ebnd\u00ebsishme e kampit ishte nd\u00ebrgjegj\u00ebsimi i t\u00eb rinjve mbi rolin, tradit\u00ebn dhe rrug\u00ebn q\u00eb ka p\u00ebrshkruar besimi i krishter\u00eb n\u00eb Shqip\u00ebri. P\u00ebr nj\u00eb pjes\u00eb t\u00eb kampist\u00ebve p\u00ebrjetuan k\u00ebt\u00eb mrekulli me vizit\u00ebn dhe kryerjen e sh\u00ebrbes\u00ebs s\u00eb Dhoksologjis\u00eb n\u00eb katedralen q\u00eb po nd\u00ebrtohet n\u00eb Tiran\u00eb. Ky p\u00ebrjetim p\u00ebrkon me ardhjen e par\u00eb t\u00eb Kryepiskopit Anastas m\u00eb 16 Korrik 1991, n\u00eb Shqip\u00ebri, dit\u00eb e cila p\u00ebr disa t\u00eb rinj \u00ebsht\u00eb e panjohur dhe \u00ebsht\u00eb e v\u00ebshtir\u00eb edhe t\u00eb kuptojn\u00eb rrug\u00ebn q\u00eb ka p\u00ebrshkuar rind\u00ebrtimi i Kish\u00ebs ton\u00eb q\u00eb nga fillimet. <\/span><\/span><\/span><\/div>\n<div>&nbsp;<\/div>\n<div style=\"text-align: right;\"><span style=\"color: #000000;\"><span style=\"font-family: tahoma,geneva,sans-serif;\"><span style=\"font-size: 12px;\"><strong>Thoma \u00c7om\u00ebni<\/strong><\/span><\/span><\/span><\/div>\n<div style=\"text-align: center;\"> <span style=\"color: #b22222;\"><span style=\"font-family: tahoma,geneva,sans-serif;\"><span style=\"font-size: 12px;\"><strong>Kampi 3: \u201c<em>Mir\u00ebnjohje ndaj Kish\u00ebs q\u00eb ofroi nj\u00eb jet\u00eb reale dhe me p\u00ebrjetime t\u00eb ve\u00e7anta<\/em>\u201d<\/strong> <\/span><\/span><\/span><\/div>\n<div style=\"text-align: center;\">&nbsp;<\/div>\n<div style=\"text-align: justify;\"><span style=\"color: #000000;\"><span style=\"font-family: tahoma,geneva,sans-serif;\"><span style=\"font-size: 12px;\">&nbsp;<span class=\"style14\"> &nbsp; <\/span>Nga datat 25 korrik deri n\u00eb dat\u00eb 3 gusht 2011 u zhvillua kampi i tret\u00eb p\u00ebr t\u00eb rinj t\u00eb mosh\u00ebs 16 &#8211; 25 vje\u00e7 ku mor\u00ebn pjes\u00eb rreth 60 t\u00eb rinj t\u00eb k\u00ebtyre moshave dhe nj\u00eb staf drejtues prej rreth 20 persona ku p\u00ebrfshiheshin klerik\u00eb t\u00eb Kish\u00ebs son\u00eb Orthodhokse, teolog\u00eb, katekist\u00eb si edhe t\u00eb rinj vullnetar\u00eb, t\u00eb cil\u00ebt ndihmojn\u00eb katekist\u00ebt n\u00eb aktivitetin e tyre gjat\u00eb gjith\u00eb vitit. Ky kamping drejtohej nga Arqimandrit Asti Bakallbashi s\u00eb bashku me klerikun At\u00eb Petro Halili dhe katekistin Robert Pelushi.<\/span><\/span><\/span><\/div>\n<div style=\"text-align: justify;\"> <span style=\"color: #000000;\"><span style=\"font-family: tahoma,geneva,sans-serif;\"><span style=\"font-size: 12px;\">&nbsp;<span class=\"style14\"> &nbsp; <\/span>Tema e k\u00ebtij kampi ishte &#8220;Eja pas Meje&#8221;. Nj\u00eb bekim i ve\u00e7ant\u00eb p\u00ebr t\u00eb pranishmit ishte vizita dhe biseda e mbajtur nga Episkopi i Apollonis\u00eb Nikolla si edhe vizita e Mitropolitit t\u00eb Beratit, Imzot Ignati. Q\u00ebllimi i k\u00ebtij kampi ishte q\u00eb n\u00ebp\u00ebrmjet jet\u00ebs, lutjeve, bisedave dhe predikimeve t\u00eb p\u00ebr\u00e7onte te t\u00eb rinjt\u00eb \u201c\u2026q\u00eb e vetmja rrug\u00eb p\u00ebr t\u00eb ecur me Krishtin \u00ebsht\u00eb m\u00ebnyra e t\u00eb jetuarit sipas m\u00ebsimeve t\u00eb vet\u00eb Zotit dhe Kish\u00ebs s\u00eb Shenjt\u00eb Orthodhokse, e cila \u00ebsht\u00eb shpresa dhe streha e vetme p\u00ebr \u00e7do njeri p\u00ebr t\u00eb ecur n\u00eb rrug\u00ebn e shp\u00ebtimit\u201d.<\/span><\/span><\/span><\/div>\n<div style=\"text-align: justify;\"> <span style=\"color: #000000;\"><span style=\"font-family: tahoma,geneva,sans-serif;\"><span style=\"font-size: 12px;\">&nbsp;<span class=\"style14\"> &nbsp; <\/span>Nata e fundit, e cila u shoq\u00ebrua me shp\u00ebrndarjen e dhuratave p\u00ebr fituesit e lojrave dhe konkurseve t\u00eb ndrysh\u00ebm organizuar gjat\u00eb periudh\u00ebs s\u00eb kampit, dhe p\u00ebrsh\u00ebndetjet e ndryshme, nuk mund t\u00eb hiqet nga memoria e gjith\u00eb kampist\u00ebve, t\u00eb cil\u00ebt shpreheshin mjaft mir\u00ebnjoh\u00ebs ndaj Kish\u00ebs q\u00eb u ofroi <em>nj\u00eb jet\u00eb reale ndryshe nga ajo q\u00eb ofron jeta e p\u00ebrditshme<\/em>.<\/span><\/span><\/span><\/div>\n<div style=\"text-align: right;\"> <span style=\"color: #000000;\"><span style=\"font-family: tahoma,geneva,sans-serif;\"><span style=\"font-size: 12px;\"><strong>&nbsp;<\/strong><br \/> <strong>Dhjakon Grigor Pelushi<\/strong><\/span><\/span><\/span><\/div>\n<div>&nbsp;<\/div>\n<\/div>\n<\/td>\n<\/tr>\n<\/tbody>\n<\/table>\n","protected":false},"excerpt":{"rendered":"<p>&nbsp; &nbsp;Kampi i par\u00eb: \u201cF\u00ebmij\u00ebt pat\u00ebn bekimin e madh t\u00eb njohin Krishtin\u201d &nbsp; &nbsp; &nbsp; Me hirin e Per\u00ebndis\u00eb&nbsp; dhe me p\u00ebrkujdesjen e Kryepeshkopit t\u00eb Tiran\u00ebs, Imzot Anastasit, n\u00eb Manastirin e \u201cFjejtjes s\u00eb Hylind\u00ebses Mari\u201d, n\u00eb Zv\u00ebrnec t\u00eb Vlor\u00ebs, u zhvillua kampingu i par\u00eb p\u00ebr k\u00ebt\u00eb ver\u00eb, me f\u00ebmij\u00ebt. Ky kamping u drejtua nga Zyra e F\u00ebmij\u00ebve n\u00ebn drejtimin e Z. Nathan Hoppe. T\u00eb pranish\u00ebm<\/p>\n","protected":false},"author":1,"featured_media":0,"comment_status":"open","ping_status":"open","sticky":false,"template":"","format":"standard","meta":{"_acf_changed":false,"pagelayer_contact_templates":[],"_pagelayer_content":"","inline_featured_image":false,"fifu_image_url":"","fifu_image_alt":"","footnotes":""},"categories":[108],"tags":[143,200,196,212],"class_list":["post-1497","post","type-post","status-publish","format-standard","hentry","category-lajme","tag-143","tag-kampe-verore","tag-tirane","tag-lajme-d27"],"acf":[],"yoast_head":"<!-- This site is optimized with the Yoast SEO plugin v27.2 - https:\/\/yoast.com\/product\/yoast-seo-wordpress\/ -->\n<title>Udh\u00ebtim n\u00eb kampet verore t\u00eb djemve 2011. (30 Qershor - 3 Gusht 2011) - Kisha Orthodh\u03bfkse Autoqefale e Shqip\u00ebris\u00eb<\/title>\n<meta name=\"robots\" content=\"index, follow, max-snippet:-1, max-image-preview:large, max-video-preview:-1\" \/>\n<link rel=\"canonical\" href=\"https:\/\/orthodoxalbania.org\/2020\/2013\/03\/21\/udhetim-ne-kampet-verore-te-djemve-2011\/\" \/>\n<meta property=\"og:locale\" content=\"en_US\" \/>\n<meta property=\"og:type\" content=\"article\" \/>\n<meta property=\"og:title\" content=\"Udh\u00ebtim n\u00eb kampet verore t\u00eb djemve 2011. (30 Qershor - 3 Gusht 2011) - Kisha Orthodh\u03bfkse Autoqefale e Shqip\u00ebris\u00eb\" \/>\n<meta property=\"og:description\" content=\"&nbsp; &nbsp;Kampi i par\u00eb: \u201cF\u00ebmij\u00ebt pat\u00ebn bekimin e madh t\u00eb njohin Krishtin\u201d &nbsp; &nbsp; &nbsp; Me hirin e Per\u00ebndis\u00eb&nbsp; dhe me p\u00ebrkujdesjen e Kryepeshkopit t\u00eb Tiran\u00ebs, Imzot Anastasit, n\u00eb Manastirin e \u201cFjejtjes s\u00eb Hylind\u00ebses Mari\u201d, n\u00eb Zv\u00ebrnec t\u00eb Vlor\u00ebs, u zhvillua kampingu i par\u00eb p\u00ebr k\u00ebt\u00eb ver\u00eb, me f\u00ebmij\u00ebt. Ky kamping u drejtua nga Zyra e F\u00ebmij\u00ebve n\u00ebn drejtimin e Z. Nathan Hoppe. T\u00eb pranish\u00ebm\" \/>\n<meta property=\"og:url\" content=\"https:\/\/orthodoxalbania.org\/2020\/2013\/03\/21\/udhetim-ne-kampet-verore-te-djemve-2011\/\" \/>\n<meta property=\"og:site_name\" content=\"Kisha Orthodh\u03bfkse Autoqefale e Shqip\u00ebris\u00eb\" \/>\n<meta property=\"article:publisher\" content=\"https:\/\/www.facebook.com\/koash1991\" \/>\n<meta property=\"article:published_time\" content=\"2013-03-21T09:57:06+00:00\" \/>\n<meta property=\"article:modified_time\" content=\"2020-04-06T20:32:01+00:00\" \/>\n<meta property=\"og:image\" content=\"https:\/\/orthodoxalbania.org\/2020\/wp-content\/uploads\/2021\/02\/LogoLastALb-200.png\" \/>\n\t<meta property=\"og:image:width\" content=\"200\" \/>\n\t<meta property=\"og:image:height\" content=\"172\" \/>\n\t<meta property=\"og:image:type\" content=\"image\/png\" \/>\n<meta name=\"author\" content=\"Kisha Orthodhokse\" \/>\n<meta name=\"twitter:card\" content=\"summary_large_image\" \/>\n<meta name=\"twitter:label1\" content=\"Written by\" \/>\n\t<meta name=\"twitter:data1\" content=\"Kisha Orthodhokse\" \/>\n\t<meta name=\"twitter:label2\" content=\"Est. reading time\" \/>\n\t<meta name=\"twitter:data2\" content=\"4 minutes\" \/>\n<script type=\"application\/ld+json\" class=\"yoast-schema-graph\">{\"@context\":\"https:\/\/schema.org\",\"@graph\":[{\"@type\":\"Article\",\"@id\":\"https:\/\/orthodoxalbania.org\/2020\/2013\/03\/21\/udhetim-ne-kampet-verore-te-djemve-2011\/#article\",\"isPartOf\":{\"@id\":\"https:\/\/orthodoxalbania.org\/2020\/2013\/03\/21\/udhetim-ne-kampet-verore-te-djemve-2011\/\"},\"author\":{\"name\":\"Kisha Orthodhokse\",\"@id\":\"https:\/\/orthodoxalbania.org\/2020\/#\/schema\/person\/0c387634a7063ac612d7ed9ce71c7e86\"},\"headline\":\"Udh\u00ebtim n\u00eb kampet verore t\u00eb djemve 2011. (30 Qershor &#8211; 3 Gusht 2011)\",\"datePublished\":\"2013-03-21T09:57:06+00:00\",\"dateModified\":\"2020-04-06T20:32:01+00:00\",\"mainEntityOfPage\":{\"@id\":\"https:\/\/orthodoxalbania.org\/2020\/2013\/03\/21\/udhetim-ne-kampet-verore-te-djemve-2011\/\"},\"wordCount\":892,\"commentCount\":0,\"publisher\":{\"@id\":\"https:\/\/orthodoxalbania.org\/2020\/#organization\"},\"keywords\":[\"2011\",\"Kampe verore\",\"Kryepiskopata Tiran\u00eb\",\"lajme\"],\"articleSection\":[\"Lajme\"],\"inLanguage\":\"en-US\"},{\"@type\":\"WebPage\",\"@id\":\"https:\/\/orthodoxalbania.org\/2020\/2013\/03\/21\/udhetim-ne-kampet-verore-te-djemve-2011\/\",\"url\":\"https:\/\/orthodoxalbania.org\/2020\/2013\/03\/21\/udhetim-ne-kampet-verore-te-djemve-2011\/\",\"name\":\"Udh\u00ebtim n\u00eb kampet verore t\u00eb djemve 2011. (30 Qershor - 3 Gusht 2011) - Kisha Orthodh\u03bfkse Autoqefale e Shqip\u00ebris\u00eb\",\"isPartOf\":{\"@id\":\"https:\/\/orthodoxalbania.org\/2020\/#website\"},\"datePublished\":\"2013-03-21T09:57:06+00:00\",\"dateModified\":\"2020-04-06T20:32:01+00:00\",\"breadcrumb\":{\"@id\":\"https:\/\/orthodoxalbania.org\/2020\/2013\/03\/21\/udhetim-ne-kampet-verore-te-djemve-2011\/#breadcrumb\"},\"inLanguage\":\"en-US\",\"potentialAction\":[{\"@type\":\"ReadAction\",\"target\":[\"https:\/\/orthodoxalbania.org\/2020\/2013\/03\/21\/udhetim-ne-kampet-verore-te-djemve-2011\/\"]}]},{\"@type\":\"BreadcrumbList\",\"@id\":\"https:\/\/orthodoxalbania.org\/2020\/2013\/03\/21\/udhetim-ne-kampet-verore-te-djemve-2011\/#breadcrumb\",\"itemListElement\":[{\"@type\":\"ListItem\",\"position\":1,\"name\":\"Home\",\"item\":\"https:\/\/orthodoxalbania.org\/2020\/\"},{\"@type\":\"ListItem\",\"position\":2,\"name\":\"Udh\u00ebtim n\u00eb kampet verore t\u00eb djemve 2011. (30 Qershor &#8211; 3 Gusht 2011)\"}]},{\"@type\":\"WebSite\",\"@id\":\"https:\/\/orthodoxalbania.org\/2020\/#website\",\"url\":\"https:\/\/orthodoxalbania.org\/2020\/\",\"name\":\"Kisha Orthodh\u03bfkse Autoqefale e Shqip\u00ebris\u00eb\",\"description\":\"Fqja Zyrtare e Kish\u00ebs Orthodhokse Autoqefale e Shqip\u00ebris\u00eb me lajmet edhe informacionet zyrtare p\u00ebr struktur\u00ebn edhe veprimtarin e saj.\",\"publisher\":{\"@id\":\"https:\/\/orthodoxalbania.org\/2020\/#organization\"},\"potentialAction\":[{\"@type\":\"SearchAction\",\"target\":{\"@type\":\"EntryPoint\",\"urlTemplate\":\"https:\/\/orthodoxalbania.org\/2020\/?s={search_term_string}\"},\"query-input\":{\"@type\":\"PropertyValueSpecification\",\"valueRequired\":true,\"valueName\":\"search_term_string\"}}],\"inLanguage\":\"en-US\"},{\"@type\":\"Organization\",\"@id\":\"https:\/\/orthodoxalbania.org\/2020\/#organization\",\"name\":\"Kisha Orthodhokse Autoqefale e Shqip\u00ebris\u00eb\",\"url\":\"https:\/\/orthodoxalbania.org\/2020\/\",\"logo\":{\"@type\":\"ImageObject\",\"inLanguage\":\"en-US\",\"@id\":\"https:\/\/orthodoxalbania.org\/2020\/#\/schema\/logo\/image\/\",\"url\":\"https:\/\/orthodoxalbania.org\/2020\/wp-content\/uploads\/2020\/05\/albania.jpeg\",\"contentUrl\":\"https:\/\/orthodoxalbania.org\/2020\/wp-content\/uploads\/2020\/05\/albania.jpeg\",\"width\":540,\"height\":540,\"caption\":\"Kisha Orthodhokse Autoqefale e Shqip\u00ebris\u00eb\"},\"image\":{\"@id\":\"https:\/\/orthodoxalbania.org\/2020\/#\/schema\/logo\/image\/\"},\"sameAs\":[\"https:\/\/www.facebook.com\/koash1991\"]},{\"@type\":\"Person\",\"@id\":\"https:\/\/orthodoxalbania.org\/2020\/#\/schema\/person\/0c387634a7063ac612d7ed9ce71c7e86\",\"name\":\"Kisha Orthodhokse\",\"image\":{\"@type\":\"ImageObject\",\"inLanguage\":\"en-US\",\"@id\":\"https:\/\/secure.gravatar.com\/avatar\/596e7c417251e30f2fbb9c00e026fce61a695a00e51c889caded71c96cbbdde5?s=96&d=mm&r=g\",\"url\":\"https:\/\/secure.gravatar.com\/avatar\/596e7c417251e30f2fbb9c00e026fce61a695a00e51c889caded71c96cbbdde5?s=96&d=mm&r=g\",\"contentUrl\":\"https:\/\/secure.gravatar.com\/avatar\/596e7c417251e30f2fbb9c00e026fce61a695a00e51c889caded71c96cbbdde5?s=96&d=mm&r=g\",\"caption\":\"Kisha Orthodhokse\"}}]}<\/script>\n<!-- \/ Yoast SEO plugin. -->","yoast_head_json":{"title":"Udh\u00ebtim n\u00eb kampet verore t\u00eb djemve 2011. (30 Qershor - 3 Gusht 2011) - Kisha Orthodh\u03bfkse Autoqefale e Shqip\u00ebris\u00eb","robots":{"index":"index","follow":"follow","max-snippet":"max-snippet:-1","max-image-preview":"max-image-preview:large","max-video-preview":"max-video-preview:-1"},"canonical":"https:\/\/orthodoxalbania.org\/2020\/2013\/03\/21\/udhetim-ne-kampet-verore-te-djemve-2011\/","og_locale":"en_US","og_type":"article","og_title":"Udh\u00ebtim n\u00eb kampet verore t\u00eb djemve 2011. (30 Qershor - 3 Gusht 2011) - Kisha Orthodh\u03bfkse Autoqefale e Shqip\u00ebris\u00eb","og_description":"&nbsp; &nbsp;Kampi i par\u00eb: \u201cF\u00ebmij\u00ebt pat\u00ebn bekimin e madh t\u00eb njohin Krishtin\u201d &nbsp; &nbsp; &nbsp; Me hirin e Per\u00ebndis\u00eb&nbsp; dhe me p\u00ebrkujdesjen e Kryepeshkopit t\u00eb Tiran\u00ebs, Imzot Anastasit, n\u00eb Manastirin e \u201cFjejtjes s\u00eb Hylind\u00ebses Mari\u201d, n\u00eb Zv\u00ebrnec t\u00eb Vlor\u00ebs, u zhvillua kampingu i par\u00eb p\u00ebr k\u00ebt\u00eb ver\u00eb, me f\u00ebmij\u00ebt. Ky kamping u drejtua nga Zyra e F\u00ebmij\u00ebve n\u00ebn drejtimin e Z. Nathan Hoppe. T\u00eb pranish\u00ebm","og_url":"https:\/\/orthodoxalbania.org\/2020\/2013\/03\/21\/udhetim-ne-kampet-verore-te-djemve-2011\/","og_site_name":"Kisha Orthodh\u03bfkse Autoqefale e Shqip\u00ebris\u00eb","article_publisher":"https:\/\/www.facebook.com\/koash1991","article_published_time":"2013-03-21T09:57:06+00:00","article_modified_time":"2020-04-06T20:32:01+00:00","og_image":[{"width":200,"height":172,"url":"https:\/\/orthodoxalbania.org\/2020\/wp-content\/uploads\/2021\/02\/LogoLastALb-200.png","type":"image\/png"}],"author":"Kisha Orthodhokse","twitter_card":"summary_large_image","twitter_misc":{"Written by":"Kisha Orthodhokse","Est. reading time":"4 minutes"},"schema":{"@context":"https:\/\/schema.org","@graph":[{"@type":"Article","@id":"https:\/\/orthodoxalbania.org\/2020\/2013\/03\/21\/udhetim-ne-kampet-verore-te-djemve-2011\/#article","isPartOf":{"@id":"https:\/\/orthodoxalbania.org\/2020\/2013\/03\/21\/udhetim-ne-kampet-verore-te-djemve-2011\/"},"author":{"name":"Kisha Orthodhokse","@id":"https:\/\/orthodoxalbania.org\/2020\/#\/schema\/person\/0c387634a7063ac612d7ed9ce71c7e86"},"headline":"Udh\u00ebtim n\u00eb kampet verore t\u00eb djemve 2011. (30 Qershor &#8211; 3 Gusht 2011)","datePublished":"2013-03-21T09:57:06+00:00","dateModified":"2020-04-06T20:32:01+00:00","mainEntityOfPage":{"@id":"https:\/\/orthodoxalbania.org\/2020\/2013\/03\/21\/udhetim-ne-kampet-verore-te-djemve-2011\/"},"wordCount":892,"commentCount":0,"publisher":{"@id":"https:\/\/orthodoxalbania.org\/2020\/#organization"},"keywords":["2011","Kampe verore","Kryepiskopata Tiran\u00eb","lajme"],"articleSection":["Lajme"],"inLanguage":"en-US"},{"@type":"WebPage","@id":"https:\/\/orthodoxalbania.org\/2020\/2013\/03\/21\/udhetim-ne-kampet-verore-te-djemve-2011\/","url":"https:\/\/orthodoxalbania.org\/2020\/2013\/03\/21\/udhetim-ne-kampet-verore-te-djemve-2011\/","name":"Udh\u00ebtim n\u00eb kampet verore t\u00eb djemve 2011. (30 Qershor - 3 Gusht 2011) - Kisha Orthodh\u03bfkse Autoqefale e Shqip\u00ebris\u00eb","isPartOf":{"@id":"https:\/\/orthodoxalbania.org\/2020\/#website"},"datePublished":"2013-03-21T09:57:06+00:00","dateModified":"2020-04-06T20:32:01+00:00","breadcrumb":{"@id":"https:\/\/orthodoxalbania.org\/2020\/2013\/03\/21\/udhetim-ne-kampet-verore-te-djemve-2011\/#breadcrumb"},"inLanguage":"en-US","potentialAction":[{"@type":"ReadAction","target":["https:\/\/orthodoxalbania.org\/2020\/2013\/03\/21\/udhetim-ne-kampet-verore-te-djemve-2011\/"]}]},{"@type":"BreadcrumbList","@id":"https:\/\/orthodoxalbania.org\/2020\/2013\/03\/21\/udhetim-ne-kampet-verore-te-djemve-2011\/#breadcrumb","itemListElement":[{"@type":"ListItem","position":1,"name":"Home","item":"https:\/\/orthodoxalbania.org\/2020\/"},{"@type":"ListItem","position":2,"name":"Udh\u00ebtim n\u00eb kampet verore t\u00eb djemve 2011. (30 Qershor &#8211; 3 Gusht 2011)"}]},{"@type":"WebSite","@id":"https:\/\/orthodoxalbania.org\/2020\/#website","url":"https:\/\/orthodoxalbania.org\/2020\/","name":"Kisha Orthodh\u03bfkse Autoqefale e Shqip\u00ebris\u00eb","description":"Fqja Zyrtare e Kish\u00ebs Orthodhokse Autoqefale e Shqip\u00ebris\u00eb me lajmet edhe informacionet zyrtare p\u00ebr struktur\u00ebn edhe veprimtarin e saj.","publisher":{"@id":"https:\/\/orthodoxalbania.org\/2020\/#organization"},"potentialAction":[{"@type":"SearchAction","target":{"@type":"EntryPoint","urlTemplate":"https:\/\/orthodoxalbania.org\/2020\/?s={search_term_string}"},"query-input":{"@type":"PropertyValueSpecification","valueRequired":true,"valueName":"search_term_string"}}],"inLanguage":"en-US"},{"@type":"Organization","@id":"https:\/\/orthodoxalbania.org\/2020\/#organization","name":"Kisha Orthodhokse Autoqefale e Shqip\u00ebris\u00eb","url":"https:\/\/orthodoxalbania.org\/2020\/","logo":{"@type":"ImageObject","inLanguage":"en-US","@id":"https:\/\/orthodoxalbania.org\/2020\/#\/schema\/logo\/image\/","url":"https:\/\/orthodoxalbania.org\/2020\/wp-content\/uploads\/2020\/05\/albania.jpeg","contentUrl":"https:\/\/orthodoxalbania.org\/2020\/wp-content\/uploads\/2020\/05\/albania.jpeg","width":540,"height":540,"caption":"Kisha Orthodhokse Autoqefale e Shqip\u00ebris\u00eb"},"image":{"@id":"https:\/\/orthodoxalbania.org\/2020\/#\/schema\/logo\/image\/"},"sameAs":["https:\/\/www.facebook.com\/koash1991"]},{"@type":"Person","@id":"https:\/\/orthodoxalbania.org\/2020\/#\/schema\/person\/0c387634a7063ac612d7ed9ce71c7e86","name":"Kisha Orthodhokse","image":{"@type":"ImageObject","inLanguage":"en-US","@id":"https:\/\/secure.gravatar.com\/avatar\/596e7c417251e30f2fbb9c00e026fce61a695a00e51c889caded71c96cbbdde5?s=96&d=mm&r=g","url":"https:\/\/secure.gravatar.com\/avatar\/596e7c417251e30f2fbb9c00e026fce61a695a00e51c889caded71c96cbbdde5?s=96&d=mm&r=g","contentUrl":"https:\/\/secure.gravatar.com\/avatar\/596e7c417251e30f2fbb9c00e026fce61a695a00e51c889caded71c96cbbdde5?s=96&d=mm&r=g","caption":"Kisha Orthodhokse"}}]}},"_links":{"self":[{"href":"https:\/\/orthodoxalbania.org\/2020\/wp-json\/wp\/v2\/posts\/1497","targetHints":{"allow":["GET"]}}],"collection":[{"href":"https:\/\/orthodoxalbania.org\/2020\/wp-json\/wp\/v2\/posts"}],"about":[{"href":"https:\/\/orthodoxalbania.org\/2020\/wp-json\/wp\/v2\/types\/post"}],"author":[{"embeddable":true,"href":"https:\/\/orthodoxalbania.org\/2020\/wp-json\/wp\/v2\/users\/1"}],"replies":[{"embeddable":true,"href":"https:\/\/orthodoxalbania.org\/2020\/wp-json\/wp\/v2\/comments?post=1497"}],"version-history":[{"count":1,"href":"https:\/\/orthodoxalbania.org\/2020\/wp-json\/wp\/v2\/posts\/1497\/revisions"}],"predecessor-version":[{"id":15374,"href":"https:\/\/orthodoxalbania.org\/2020\/wp-json\/wp\/v2\/posts\/1497\/revisions\/15374"}],"wp:attachment":[{"href":"https:\/\/orthodoxalbania.org\/2020\/wp-json\/wp\/v2\/media?parent=1497"}],"wp:term":[{"taxonomy":"category","embeddable":true,"href":"https:\/\/orthodoxalbania.org\/2020\/wp-json\/wp\/v2\/categories?post=1497"},{"taxonomy":"post_tag","embeddable":true,"href":"https:\/\/orthodoxalbania.org\/2020\/wp-json\/wp\/v2\/tags?post=1497"}],"curies":[{"name":"wp","href":"https:\/\/api.w.org\/{rel}","templated":true}]}}