{"id":1493,"date":"2014-01-30T13:45:28","date_gmt":"2014-01-30T13:45:28","guid":{"rendered":""},"modified":"2020-04-06T22:05:21","modified_gmt":"2020-04-06T20:05:21","slug":"u-zhvillua-ceremonia-e-dorezimit-kryepiskopit-anastas-te-titullit-doktor-nderi-i-shkencave-humane-nga-universiteti-katolik-fordham-nju-jork","status":"publish","type":"post","link":"https:\/\/orthodoxalbania.org\/2020\/2014\/01\/30\/u-zhvillua-ceremonia-e-dorezimit-kryepiskopit-anastas-te-titullit-doktor-nderi-i-shkencave-humane-nga-universiteti-katolik-fordham-nju-jork\/","title":{"rendered":"U zhvillua ceremonia e dor\u00ebzimit Kryepiskopit Anastas t\u00eb titullit \u201cDoktor  nderi i Shkencave Humane&#8221;, nga Universiteti Katolik Fordham, Nju Jork. (29 Janar 2014)"},"content":{"rendered":"<p style=\"text-align: justify;\"><span style=\"color: #000000;\"><span style=\"font-family: tahoma,geneva,sans-serif;\"><span style=\"font-size: 12px;\"><img decoding=\"async\" class=\"lazyload HAa Eha\" style=\"height: 218px; width: 300px; margin: 10px; float: left; border-width: 1px; border-style: solid;\" alt=\"\" src=\"data:image\/gif;base64,R0lGODlhAQABAAAAACH5BAEKAAEALAAAAAABAAEAAAICTAEAOw==\" data-orig-src=\"https:\/\/lh6.googleusercontent.com\/-q6LhHBaW8kU\/UupQ-2fV_FI\/AAAAAAAAHcw\/Hyjk03ko1dw\/w640-h466-no\/ANASTASIOS-DEMETRIOS-FORDHAM5.JPG\" \/><span style=\"font-size: 12pt; font-family: helvetica;\">&nbsp;&nbsp;&nbsp; N\u00eb dat\u00ebn 28 janar pasdite (kur n\u00eb Shqip\u00ebri ishin or\u00ebt e para t\u00eb m\u00ebngjesit t\u00eb dat\u00ebs 29), n\u00eb kish\u00ebn e Universitetit t\u00eb Fordham u zhvillua ceremonia e nderimit t\u00eb Kryepiskopit Anastas me titullin \u201cDoktor Nderi i Shkencave Humane\u201d.<\/span><\/span> <\/span> <\/span><\/p>\n<p style=\"text-align: justify;\"><span style=\"color: #000000; font-size: 12pt; font-family: helvetica;\">&nbsp;&nbsp;&nbsp; N\u00eb ceremoni, ku mor\u00ebn pjes\u00eb rreth 500 vet\u00eb, an\u00ebtar\u00ebt e bordit t\u00eb fondacionit t\u00eb Universitetit, student\u00eb, klerik\u00eb, personalitete, besimtar\u00eb etj., shum\u00eb t\u00eb ardhur nga larg, me gjith\u00eb temperaturat e acarta, nderuan edhe Kryepiskopi i Kish\u00ebs Orthodhokse t\u00eb Amerik\u00ebs, Hir\u00ebsia&nbsp; e Tij Dhimitri, Mitropoliti i Kor\u00e7\u00ebs, Hir\u00ebsi Joani, Kryepiskopi i New England dhe Dioqez\u00ebs shqiptare t\u00eb Kish\u00ebs Orthodhokse n\u00eb Amerik\u00eb, Hir\u00ebsi Nikoni, episkopi Dioqez\u00ebs shqiptare t\u00eb Kish\u00ebs Orthodhokse t\u00eb Amerik\u00ebs, Hir\u00ebsi Ilia Ketri etj.<\/span><\/p>\n<p style=\"text-align: justify;\"><span style=\"color: #000000; font-size: 12pt; font-family: helvetica;\">&nbsp;&nbsp;&nbsp; Ceremonia u hap nga provosti Stiv\u00ebn Fridman, i cili b\u00ebri fjal\u00ebn e hapjes duke theksuar se Universiteti e quan veten t\u00eb bekuar q\u00eb \u00ebsht\u00eb nj\u00eb sht\u00ebpi p\u00ebr Orthodhoksin\u00eb dhe q\u00eb ka t\u00eb vetmin program orthodhoks t\u00eb studimeve n\u00eb SHBA. Pastaj, ai ftoi Presidentin e universitetit, z. Josif M. MkKshejn, t\u00eb paraqiste n\u00eb detaj vepr\u00ebn shum\u00eb vje\u00e7are t\u00eb Kryepiskopit.<\/span><\/p>\n<p style=\"text-align: justify;\"><span style=\"color: #000000; font-size: 12pt; font-family: helvetica;\">&nbsp;&nbsp;&nbsp; \u201cSot Fordhami \u00ebsht\u00eb krenar t\u00eb nderoj\u00eb Fortlumturin\u00eb e tij, Anastasin, Kryepiskop i Tiran\u00ebs, Durr\u00ebsit dhe Gjith\u00eb Shqip\u00ebris\u00eb, nj\u00eb udh\u00ebheq\u00ebs frym\u00ebzues, i cili gjithmon\u00eb bindet t\u00eb shkoj\u00eb aty ku e th\u00ebrret Per\u00ebndia, qoft\u00eb n\u00eb Lindje, n\u00eb Afrik\u00eb apo n\u00eb Shqip\u00ebri \u2013 ku triumfoi t\u00eb ringjallte Kish\u00ebn Ortodokse pas tiranis\u00eb komuniste.\u201d , tha Presidenti i universitetit.<\/span><\/p>\n<p style=\"text-align: justify;\"><span style=\"color: #000000; font-size: 12pt; font-family: helvetica;\">&nbsp;&nbsp;&nbsp; Presidenti e vazhdoi fjal\u00ebn e tij me nj\u00eb p\u00ebrmbledhje t\u00eb shkurt\u00ebr t\u00eb biografis\u00eb t\u00eb Kryepiskopit Anastas dhe m\u00eb tej theksoi vepr\u00ebn e tij n\u00eb Afrik\u00eb, arritjet e m\u00ebdha aty q\u00eb p\u00ebrfshinin themelimin e Seminarit t\u00eb Patriarkan\u00ebs, ku u dor\u00ebzuan 62 prift\u00ebrinj afrikan\u00eb dhe u bekuan 42 lexues (anagnost\u00eb) nga tet\u00eb fise afrikane. M\u00eb pas ai foli p\u00ebr sfid\u00ebn e madhe, kur Patriarkana Ekumenike e caktoi Kryepiskop t\u00eb Kish\u00ebs Orthodhokse Autoqefale t\u00eb Shqip\u00ebris\u00eb, m\u00eb 1992. Z. MkKshejn foli p\u00ebr arritjet e Kish\u00ebs gjat\u00eb k\u00ebtyre viteve,ve\u00e7uar nd\u00ebrtimin e Katedrales \u201cNgjallja e Krishtit\u201d, n\u00eb Tiran\u00eb, nj\u00eb nga m\u00eb t\u00eb m\u00ebdhat\u00eb n\u00eb bot\u00eb, nd\u00ebrtimin e Akademis\u00eb fetare n\u00eb Durr\u00ebs, nga ku kan\u00eb dal\u00eb 145 klerik\u00eb t\u00eb rinj, themelimin e nj\u00eb sht\u00ebpie f\u00ebmij\u00ebsh, shkollave t\u00eb ndryshme dhe universitetit \u201cLogos\u201d.<\/span><\/p>\n<p style=\"text-align: justify;\"><span style=\"color: #000000; font-size: 12pt; font-family: helvetica;\">&nbsp;&nbsp;&nbsp; Presidenti ve\u00e7oi pun\u00ebn bamir\u00ebse t\u00eb Kish\u00ebs jo vet\u00ebm p\u00ebr besimtar\u00ebt, por p\u00ebr t\u00eb gjith\u00eb shqiptar\u00ebt. N\u00ebn udh\u00ebheqjen e Kryepiskopit Kisha shp\u00ebrndau qindra ton ushqime dhe furnizimesh p\u00ebr refugjat\u00ebt e gjith\u00eb besimeve gjat\u00eb kriz\u00ebs n\u00eb Kosov\u00eb. N\u00eb m\u00ebnyr\u00eb t\u00eb palodhur Kryepiskopi ka dh\u00ebn\u00eb kontributin e tij p\u00ebr t\u00eb leht\u00ebsuar tensionet n\u00eb Ballkan dhe p\u00ebr k\u00ebt\u00eb n\u00eb vitin 2000 ai u zgjodh kandidat p\u00ebr \u00c7mimin Nobel p\u00ebr Paqen.<\/span><\/p>\n<p style=\"text-align: justify;\"><span style=\"color: #000000; font-size: 12pt; font-family: helvetica;\">&nbsp;&nbsp;&nbsp; Fjala e Presidentit vuri gjithashtu n\u00eb dukje arritjet e Kryepiskopit n\u00eb fush\u00ebn akademike. Fortlumturia e Tij ka studiuar fet\u00eb e bot\u00ebs: Krisht\u00ebrimin, Hinduizmin, Budizmin, Taoizmin, Konfucianizmin, Islamin dhe fet\u00eb afrikane \u2013 n\u00eb vende t\u00eb ndryshme. P\u00ebrkushtimi i tij n\u00eb dialogun nd\u00ebrkristian i ka dh\u00ebn\u00eb atij njohje nd\u00ebrkomb\u00ebtare. Ai flet kat\u00ebr gjuh\u00eb dhe lexon pes\u00eb. \u00cbsht\u00eb autor i nj\u00eb shumice botimesh, duke p\u00ebrfshir\u00eb k\u00ebtu dhe nj\u00eb studim t\u00eb Islamit n\u00eb vitin 1975, i pari i botuar n\u00eb Greqi dhe i pari nga nj\u00eb i teolog i krishter\u00eb orthodhoks.<\/span><\/p>\n<p style=\"text-align: justify;\"><span style=\"color: #000000; font-size: 12pt; font-family: helvetica;\">&nbsp;&nbsp;&nbsp; N\u00eb mbyllje t\u00eb fjal\u00ebs s\u00eb tij, Presidenti, s\u00eb bashku me sekretaren e bordit t\u00eb fondacionit t\u00eb universitetit, znj. Nora Ahern-Grose i dhan\u00eb KryepiskopitAnastas nderimin e lart\u00eb, Doktoratur\u00ebn e nderit n\u00eb Letrat Humane.<\/span><\/p>\n<p style=\"text-align: justify;\"><span style=\"color: #000000; font-size: 12pt; font-family: helvetica;\">&nbsp;&nbsp;&nbsp; N\u00eb ceremoni p\u00ebrsh\u00ebndeti edhe Kryepiskopi i Kish\u00ebs Orthodhokse t\u00eb Amerik\u00ebs, Hir\u00ebsia e Tij Dhimitri.<\/span><\/p>\n<p style=\"text-align: justify;\"><span style=\"color: #000000; font-size: 12pt; font-family: helvetica;\">&nbsp;&nbsp;&nbsp; M\u00eb pas, fjalimin kryesor n\u00eb ceremoni e mbajti Kryepiskopi Anastas, i cili me shum\u00eb p\u00ebrul\u00ebsi tha q\u00eb un\u00eb jam thjesht nj\u00eb qiri para shenjtor\u00ebve. &#8220;Ndarja e Lajmit t\u00eb Mir\u00eb n\u00eb nj\u00eb vend Multifetar: Reflektime Teologjike mbi&nbsp; Fet\u00eb e tjera\u201d, ishte tema t\u00eb cil\u00ebn ai ndau me t\u00eb gjith\u00eb pjes\u00ebmarr\u00ebsit.<\/span><\/p>\n<p style=\"text-align: justify;\"><span style=\"color: #000000; font-size: 12pt; font-family: helvetica;\">&nbsp;&nbsp;&nbsp; Fortlumturia e Tij tha se: \u201cLajmi i mir\u00eb \u00ebsht\u00eb se Biri i Per\u00ebndis\u00eb, Fjala u b\u00eb njeri dhe u ringjall dhe \u00ebsht\u00eb gjithmon\u00eb me ne. Besimi i krishter\u00eb thekson se mish\u00ebrimi i Per\u00ebndis\u00eb \u00ebsht\u00eb dashuri dhe n\u00eb t\u00eb nj\u00ebjt\u00ebn koh\u00eb ofron hir hyjnor. Padyshim \u00e7dokush \u00ebsht\u00eb i lir\u00eb t\u2019i pranoj\u00eb ose t\u2019i kund\u00ebrshtoj\u00eb k\u00ebto m\u00ebsime, por marr\u00ebdh\u00ebniet e krishtera vazhdojn\u00eb t\u00eb shpallin me dashuri se liria p\u00ebr t\u00eb dashur nuk \u00ebsht\u00eb e kufizuar nga feja e t\u00eb tjer\u00ebve&#8230; Kemi kuptuar se p\u00ebr t\u00eb ruajtur nj\u00eb dialog mir\u00ebkuptimi midis komuniteteve t\u00eb ndryshme fetare kan\u00eb shum\u00eb r\u00ebnd\u00ebsi k\u00ebto vlera: mbrojtja e mjedisit natyror, kund\u00ebrshtimi i dhun\u00ebs kudo, pajtimi, zhvillimi, drejt\u00ebsia bot\u00ebrore dhe paqja n\u00eb nivel lokal dhe nd\u00ebrkomb\u00ebtar.\u201d\u2026<\/span><\/p>\n<p style=\"text-align: justify;\"><span style=\"color: #000000; font-size: 12pt; font-family: helvetica;\">&nbsp;&nbsp;&nbsp; \u2026\u201cPra, jemi thirrur t\u00eb ofrojm\u00eb t\u00eb gjitha ngjyrat e spektrit t\u00eb drit\u00ebs: Drit\u00ebn e paqes, Drit\u00ebn e drejt\u00ebsis\u00eb, Drit\u00ebn e s\u00eb v\u00ebrtet\u00ebs, Drit\u00ebn e krijueshm\u00ebris\u00eb, Drit\u00ebn e shpres\u00ebs, Drit\u00ebn e ngjalljes, Drit\u00ebn e dashuris\u00eb\u2026 Misioni dhe detyra par\u00ebsore e Kish\u00ebs \u00ebsht\u00eb t\u00eb transmetoj\u00eb n\u00eb \u00e7do qoshe t\u00eb planetit spektrin e plot\u00eb t\u00eb k\u00ebsaj drite t\u00eb Krishtit t\u00eb Ngjallur, p\u00ebr t\u00eb bashkuar t\u00eb gjith\u00eb njer\u00ebzit me burimin e Fjal\u00ebs, Dashuris\u00eb, dhe Drit\u00ebs, Krishtin\u201d, p\u00ebrfundoi fjalimin e tij KryepiskopiAnastas.<\/span><\/p>\n<p style=\"text-align: justify;\"><span style=\"color: #000000; font-size: 12pt; font-family: helvetica;\">&nbsp;&nbsp;&nbsp; T\u00eb pranishmit e shumt\u00eb nga shtete t\u00eb t\u00eb ndryshme t\u00eb Amerik\u00ebs dhe juridiksione t\u00eb ndryshme Orthodhokse u miktprit\u00ebn nga Universiteti i Fordham n\u00eb pritjen e organizuar p\u00ebr k\u00ebt\u00eb ceremoni.<\/span><\/p>\n<p style=\"text-align: center;\"><span style=\"color: #000000; font-size: 12pt; font-family: helvetica;\"> <strong>29. 01.2014<\/strong><\/span><\/p>\n<p style=\"text-align: center;\"><span style=\"color: #000000; font-size: 12pt; font-family: helvetica;\"> <strong>Zyra e Shtypit<br \/> e Kish\u00ebs Orthodhokse Autoqefale t\u00eb Shqip\u00ebris\u00eb<\/strong><\/span><\/p>\n<p style=\"text-align: center;\"><span style=\"font-size: 12pt; font-family: helvetica;\"><\/span><\/p>\n<p><span style=\"color: #000000; font-size: 12pt; font-family: helvetica;\"><strong><img decoding=\"async\" class=\"lazyload HAa Eha\" style=\"height: 437px; width: 600px; margin: 10px; border-width: 1px; border-style: solid;\" alt=\"\" src=\"data:image\/gif;base64,R0lGODlhAQABAAAAACH5BAEKAAEALAAAAAABAAEAAAICTAEAOw==\" data-orig-src=\"https:\/\/lh6.googleusercontent.com\/-PJkrmJkQ_No\/UupQ9u_gi-I\/AAAAAAAAHcg\/S84H876HHug\/w640-h466-no\/ANASTASIOS-DEMETRIOS-FORDHAM15.JPG\" \/><strong><img decoding=\"async\" class=\"lazyload HAa Eha\" style=\"height: 437px; width: 600px; margin: 10px; border-width: 1px; border-style: solid;\" alt=\"\" src=\"data:image\/gif;base64,R0lGODlhAQABAAAAACH5BAEKAAEALAAAAAABAAEAAAICTAEAOw==\" data-orig-src=\"https:\/\/lh6.googleusercontent.com\/-q6LhHBaW8kU\/UupQ-2fV_FI\/AAAAAAAAHcw\/Hyjk03ko1dw\/w640-h466-no\/ANASTASIOS-DEMETRIOS-FORDHAM5.JPG\" \/><\/strong><img decoding=\"async\" class=\"lazyload HAa Eha\" style=\"height: 437px; width: 600px; border-width: 1px; border-style: solid; margin: 10px;\" alt=\"\" src=\"data:image\/gif;base64,R0lGODlhAQABAAAAACH5BAEKAAEALAAAAAABAAEAAAICTAEAOw==\" data-orig-src=\"https:\/\/lh4.googleusercontent.com\/-GRG6zAy7ePg\/UurBAV7k6wI\/AAAAAAAAHe8\/q2G5wOlLj30\/w800-h582-no\/ANASTASIOS-DEMETRIOS-FORDHAM3.JPG\" \/><\/strong><\/span><\/p>\n<p><span style=\"color: #000000; font-size: 12pt; font-family: helvetica;\"><strong><img decoding=\"async\" class=\"lazyload HAa Eha\" style=\"height: 399px; width: 600px; border-width: 1px; border-style: solid; margin: 10px;\" alt=\"\" src=\"data:image\/gif;base64,R0lGODlhAQABAAAAACH5BAEKAAEALAAAAAABAAEAAAICTAEAOw==\" data-orig-src=\"https:\/\/lh3.googleusercontent.com\/-3hMRVPO_CmE\/Uuq-5jwXDvI\/AAAAAAAAHec\/ZHFZGa-J31w\/w800-h532-no\/ANASTASIOS-DEMETRIOS-FORDHAM12.JPG\" \/><\/strong><\/span><\/p>\n<p><span style=\"color: #000000; font-size: 12pt; font-family: helvetica;\"><img decoding=\"async\" class=\"lazyload HAa Eha\" style=\"height: 437px; width: 600px; border-width: 1px; border-style: solid; margin: 10px;\" alt=\"\" src=\"data:image\/gif;base64,R0lGODlhAQABAAAAACH5BAEKAAEALAAAAAABAAEAAAICTAEAOw==\" data-orig-src=\"https:\/\/lh6.googleusercontent.com\/-I8ZRgpzSRcQ\/UurAF_cqpkI\/AAAAAAAAHes\/W--QgKmnqHM\/w800-h582-no\/ANASTASIOS-DEMETRIOS-FORDHAM1.JPG\" \/><\/span><\/p>\n<p><span style=\"color: #000000; font-size: 12pt; font-family: helvetica;\"><strong><img decoding=\"async\" class=\"lazyload HAa Eha\" style=\"height: 399px; width: 600px; border-width: 1px; border-style: solid; margin: 10px;\" alt=\"\" src=\"data:image\/gif;base64,R0lGODlhAQABAAAAACH5BAEKAAEALAAAAAABAAEAAAICTAEAOw==\" data-orig-src=\"https:\/\/lh5.googleusercontent.com\/-vfIxhzcBHx4\/Uuq7q08YhSI\/AAAAAAAAHds\/USOud9aKOjk\/w800-h532-no\/ANASTASIOS-DEMETRIOS-FORDHAM11.JPG\" \/><\/strong><\/span><\/p>\n<p><span style=\"color: #000000; font-size: 12pt; font-family: helvetica;\"><strong><img decoding=\"async\" class=\"lazyload HAa Eha\" style=\"height: 399px; width: 600px; border-width: 1px; border-style: solid; margin: 10px;\" alt=\"\" src=\"data:image\/gif;base64,R0lGODlhAQABAAAAACH5BAEKAAEALAAAAAABAAEAAAICTAEAOw==\" data-orig-src=\"https:\/\/lh4.googleusercontent.com\/-Im8LdH7hcTE\/Uuq7SnmgDcI\/AAAAAAAAHdc\/MaWETlXkyjU\/w800-h532-no\/ANASTASIOS-DEMETRIOS-FORDHAM13.JPG\" \/><\/strong><\/span><\/p>\n<p><span style=\"color: #000000; font-size: 12pt; font-family: helvetica;\"><strong><img decoding=\"async\" class=\"lazyload HAa Eha\" style=\"height: 437px; width: 600px; border-width: 1px; border-style: solid; margin: 10px;\" alt=\"\" src=\"data:image\/gif;base64,R0lGODlhAQABAAAAACH5BAEKAAEALAAAAAABAAEAAAICTAEAOw==\" data-orig-src=\"https:\/\/lh5.googleusercontent.com\/-BB9BGFeHXQQ\/Uuq73msmynI\/AAAAAAAAHeE\/OHAIi6PQmWI\/w800-h582-no\/ANASTASIOS-DEMETRIOS-FORDHAM18.JPG\" \/><\/strong><\/span><\/p>\n<p><span style=\"color: #000000; font-size: 12pt; font-family: helvetica;\"><img decoding=\"async\" class=\"lazyload HAa Eha\" style=\"height: 399px; width: 600px; border-width: 1px; border-style: solid; margin: 10px;\" alt=\"\" src=\"data:image\/gif;base64,R0lGODlhAQABAAAAACH5BAEKAAEALAAAAAABAAEAAAICTAEAOw==\" data-orig-src=\"https:\/\/lh3.googleusercontent.com\/-Riuxn_wbYi8\/Uuq70nF5RRI\/AAAAAAAAHd8\/o4nDcCoP45Y\/w800-h532-no\/ANASTASIOS-DEMETRIOS9.JPG\" \/><\/span><\/p>\n<p><span style=\"color: #000000; font-size: 12pt; font-family: helvetica;\"><img decoding=\"async\" class=\"lazyload HAa Eha\" style=\"height: 399px; width: 600px; border-width: 1px; border-style: solid; margin: 10px;\" alt=\"\" src=\"data:image\/gif;base64,R0lGODlhAQABAAAAACH5BAEKAAEALAAAAAABAAEAAAICTAEAOw==\" data-orig-src=\"https:\/\/lh5.googleusercontent.com\/-cwm-W_hFioM\/Uuq7JXTmuKI\/AAAAAAAAHdM\/LHECgaDOUlk\/w640-h426-no\/ANASTASIOS-DEMETRIOS6.JPG\" \/><\/span><\/p>\n<p><span style=\"color: #000000; font-size: 12pt; font-family: helvetica;\"><strong>&nbsp;&nbsp;&nbsp; Foto nga&nbsp; <span class=\"fbPhotoCaptionText\">Dhimitri Panagos<\/span> <\/strong> <\/span><\/p>\n<p><span style=\"font-size: 12pt; font-family: helvetica;\"><\/span><\/p>\n<p><span style=\"font-size: 12pt; font-family: helvetica;\"><\/span><\/p>\n<p><span style=\"font-size: 12pt; font-family: helvetica;\"><\/span><\/p>\n","protected":false},"excerpt":{"rendered":"<p>&nbsp;&nbsp;&nbsp; N\u00eb dat\u00ebn 28 janar pasdite (kur n\u00eb Shqip\u00ebri ishin or\u00ebt e para t\u00eb m\u00ebngjesit t\u00eb dat\u00ebs 29), n\u00eb kish\u00ebn e Universitetit t\u00eb Fordham u zhvillua ceremonia e nderimit t\u00eb Kryepiskopit Anastas me titullin \u201cDoktor Nderi i Shkencave Humane\u201d. &nbsp;&nbsp;&nbsp; N\u00eb ceremoni, ku mor\u00ebn pjes\u00eb rreth 500 vet\u00eb, an\u00ebtar\u00ebt e bordit t\u00eb fondacionit t\u00eb Universitetit, student\u00eb, klerik\u00eb, personalitete, besimtar\u00eb etj., shum\u00eb t\u00eb ardhur nga larg,<\/p>\n","protected":false},"author":1,"featured_media":586,"comment_status":"open","ping_status":"open","sticky":false,"template":"","format":"standard","meta":{"_acf_changed":false,"pagelayer_contact_templates":[],"_pagelayer_content":"","inline_featured_image":false,"fifu_image_url":"","fifu_image_alt":"","footnotes":""},"categories":[108],"tags":[140,153,196,201,212],"class_list":["post-1493","post","type-post","status-publish","format-standard","has-post-thumbnail","hentry","category-lajme","tag-140","tag-deklarata-njoftime-zyrtare-d75","tag-tirane","tag-kryepiskopi-anastas","tag-lajme-d27"],"acf":[],"yoast_head":"<!-- This site is optimized with the Yoast SEO plugin v27.2 - https:\/\/yoast.com\/product\/yoast-seo-wordpress\/ -->\n<title>U zhvillua ceremonia e dor\u00ebzimit Kryepiskopit Anastas t\u00eb titullit \u201cDoktor nderi i Shkencave Humane&quot;, nga Universiteti Katolik Fordham, Nju Jork. (29 Janar 2014) - Kisha Orthodh\u03bfkse Autoqefale e Shqip\u00ebris\u00eb<\/title>\n<meta name=\"robots\" content=\"index, follow, max-snippet:-1, max-image-preview:large, max-video-preview:-1\" \/>\n<link rel=\"canonical\" href=\"https:\/\/orthodoxalbania.org\/2020\/2014\/01\/30\/u-zhvillua-ceremonia-e-dorezimit-kryepiskopit-anastas-te-titullit-doktor-nderi-i-shkencave-humane-nga-universiteti-katolik-fordham-nju-jork\/\" \/>\n<meta property=\"og:locale\" content=\"en_US\" \/>\n<meta property=\"og:type\" content=\"article\" \/>\n<meta property=\"og:title\" content=\"U zhvillua ceremonia e dor\u00ebzimit Kryepiskopit Anastas t\u00eb titullit \u201cDoktor nderi i Shkencave Humane&quot;, nga Universiteti Katolik Fordham, Nju Jork. (29 Janar 2014) - Kisha Orthodh\u03bfkse Autoqefale e Shqip\u00ebris\u00eb\" \/>\n<meta property=\"og:description\" content=\"&nbsp;&nbsp;&nbsp; N\u00eb dat\u00ebn 28 janar pasdite (kur n\u00eb Shqip\u00ebri ishin or\u00ebt e para t\u00eb m\u00ebngjesit t\u00eb dat\u00ebs 29), n\u00eb kish\u00ebn e Universitetit t\u00eb Fordham u zhvillua ceremonia e nderimit t\u00eb Kryepiskopit Anastas me titullin \u201cDoktor Nderi i Shkencave Humane\u201d. &nbsp;&nbsp;&nbsp; N\u00eb ceremoni, ku mor\u00ebn pjes\u00eb rreth 500 vet\u00eb, an\u00ebtar\u00ebt e bordit t\u00eb fondacionit t\u00eb Universitetit, student\u00eb, klerik\u00eb, personalitete, besimtar\u00eb etj., shum\u00eb t\u00eb ardhur nga larg,\" \/>\n<meta property=\"og:url\" content=\"https:\/\/orthodoxalbania.org\/2020\/2014\/01\/30\/u-zhvillua-ceremonia-e-dorezimit-kryepiskopit-anastas-te-titullit-doktor-nderi-i-shkencave-humane-nga-universiteti-katolik-fordham-nju-jork\/\" \/>\n<meta property=\"og:site_name\" content=\"Kisha Orthodh\u03bfkse Autoqefale e Shqip\u00ebris\u00eb\" \/>\n<meta property=\"article:publisher\" content=\"https:\/\/www.facebook.com\/koash1991\" \/>\n<meta property=\"article:published_time\" content=\"2014-01-30T13:45:28+00:00\" \/>\n<meta property=\"article:modified_time\" content=\"2020-04-06T20:05:21+00:00\" \/>\n<meta property=\"og:image\" content=\"https:\/\/orthodoxalbania.org\/2020\/wp-content\/uploads\/2020\/04\/ANASTASIOS-DEMETRIOS-FORDHAM5.JPG\" \/>\n\t<meta property=\"og:image:width\" content=\"640\" \/>\n\t<meta property=\"og:image:height\" content=\"466\" \/>\n\t<meta property=\"og:image:type\" content=\"image\/jpeg\" \/>\n<meta name=\"author\" content=\"Kisha Orthodhokse\" \/>\n<meta name=\"twitter:card\" content=\"summary_large_image\" \/>\n<meta name=\"twitter:label1\" content=\"Written by\" \/>\n\t<meta name=\"twitter:data1\" content=\"Kisha Orthodhokse\" \/>\n\t<meta name=\"twitter:label2\" content=\"Est. reading time\" \/>\n\t<meta name=\"twitter:data2\" content=\"5 minutes\" \/>\n<script type=\"application\/ld+json\" class=\"yoast-schema-graph\">{\"@context\":\"https:\/\/schema.org\",\"@graph\":[{\"@type\":\"Article\",\"@id\":\"https:\/\/orthodoxalbania.org\/2020\/2014\/01\/30\/u-zhvillua-ceremonia-e-dorezimit-kryepiskopit-anastas-te-titullit-doktor-nderi-i-shkencave-humane-nga-universiteti-katolik-fordham-nju-jork\/#article\",\"isPartOf\":{\"@id\":\"https:\/\/orthodoxalbania.org\/2020\/2014\/01\/30\/u-zhvillua-ceremonia-e-dorezimit-kryepiskopit-anastas-te-titullit-doktor-nderi-i-shkencave-humane-nga-universiteti-katolik-fordham-nju-jork\/\"},\"author\":{\"name\":\"Kisha Orthodhokse\",\"@id\":\"https:\/\/orthodoxalbania.org\/2020\/#\/schema\/person\/0c387634a7063ac612d7ed9ce71c7e86\"},\"headline\":\"U zhvillua ceremonia e dor\u00ebzimit Kryepiskopit Anastas t\u00eb titullit \u201cDoktor nderi i Shkencave Humane&#8221;, nga Universiteti Katolik Fordham, Nju Jork. (29 Janar 2014)\",\"datePublished\":\"2014-01-30T13:45:28+00:00\",\"dateModified\":\"2020-04-06T20:05:21+00:00\",\"mainEntityOfPage\":{\"@id\":\"https:\/\/orthodoxalbania.org\/2020\/2014\/01\/30\/u-zhvillua-ceremonia-e-dorezimit-kryepiskopit-anastas-te-titullit-doktor-nderi-i-shkencave-humane-nga-universiteti-katolik-fordham-nju-jork\/\"},\"wordCount\":1047,\"commentCount\":0,\"publisher\":{\"@id\":\"https:\/\/orthodoxalbania.org\/2020\/#organization\"},\"image\":{\"@id\":\"https:\/\/orthodoxalbania.org\/2020\/2014\/01\/30\/u-zhvillua-ceremonia-e-dorezimit-kryepiskopit-anastas-te-titullit-doktor-nderi-i-shkencave-humane-nga-universiteti-katolik-fordham-nju-jork\/#primaryimage\"},\"thumbnailUrl\":\"https:\/\/orthodoxalbania.org\/2020\/wp-content\/uploads\/2020\/04\/ANASTASIOS-DEMETRIOS-FORDHAM5.JPG\",\"keywords\":[\"2014\",\"Deklarata - Njoftime Zyrtare\",\"Kryepiskopata Tiran\u00eb\",\"Kryepiskopi Anastas\",\"lajme\"],\"articleSection\":[\"Lajme\"],\"inLanguage\":\"en-US\"},{\"@type\":\"WebPage\",\"@id\":\"https:\/\/orthodoxalbania.org\/2020\/2014\/01\/30\/u-zhvillua-ceremonia-e-dorezimit-kryepiskopit-anastas-te-titullit-doktor-nderi-i-shkencave-humane-nga-universiteti-katolik-fordham-nju-jork\/\",\"url\":\"https:\/\/orthodoxalbania.org\/2020\/2014\/01\/30\/u-zhvillua-ceremonia-e-dorezimit-kryepiskopit-anastas-te-titullit-doktor-nderi-i-shkencave-humane-nga-universiteti-katolik-fordham-nju-jork\/\",\"name\":\"U zhvillua ceremonia e dor\u00ebzimit Kryepiskopit Anastas t\u00eb titullit \u201cDoktor nderi i Shkencave Humane\\\", nga Universiteti Katolik Fordham, Nju Jork. (29 Janar 2014) - Kisha Orthodh\u03bfkse Autoqefale e Shqip\u00ebris\u00eb\",\"isPartOf\":{\"@id\":\"https:\/\/orthodoxalbania.org\/2020\/#website\"},\"primaryImageOfPage\":{\"@id\":\"https:\/\/orthodoxalbania.org\/2020\/2014\/01\/30\/u-zhvillua-ceremonia-e-dorezimit-kryepiskopit-anastas-te-titullit-doktor-nderi-i-shkencave-humane-nga-universiteti-katolik-fordham-nju-jork\/#primaryimage\"},\"image\":{\"@id\":\"https:\/\/orthodoxalbania.org\/2020\/2014\/01\/30\/u-zhvillua-ceremonia-e-dorezimit-kryepiskopit-anastas-te-titullit-doktor-nderi-i-shkencave-humane-nga-universiteti-katolik-fordham-nju-jork\/#primaryimage\"},\"thumbnailUrl\":\"https:\/\/orthodoxalbania.org\/2020\/wp-content\/uploads\/2020\/04\/ANASTASIOS-DEMETRIOS-FORDHAM5.JPG\",\"datePublished\":\"2014-01-30T13:45:28+00:00\",\"dateModified\":\"2020-04-06T20:05:21+00:00\",\"breadcrumb\":{\"@id\":\"https:\/\/orthodoxalbania.org\/2020\/2014\/01\/30\/u-zhvillua-ceremonia-e-dorezimit-kryepiskopit-anastas-te-titullit-doktor-nderi-i-shkencave-humane-nga-universiteti-katolik-fordham-nju-jork\/#breadcrumb\"},\"inLanguage\":\"en-US\",\"potentialAction\":[{\"@type\":\"ReadAction\",\"target\":[\"https:\/\/orthodoxalbania.org\/2020\/2014\/01\/30\/u-zhvillua-ceremonia-e-dorezimit-kryepiskopit-anastas-te-titullit-doktor-nderi-i-shkencave-humane-nga-universiteti-katolik-fordham-nju-jork\/\"]}]},{\"@type\":\"ImageObject\",\"inLanguage\":\"en-US\",\"@id\":\"https:\/\/orthodoxalbania.org\/2020\/2014\/01\/30\/u-zhvillua-ceremonia-e-dorezimit-kryepiskopit-anastas-te-titullit-doktor-nderi-i-shkencave-humane-nga-universiteti-katolik-fordham-nju-jork\/#primaryimage\",\"url\":\"https:\/\/orthodoxalbania.org\/2020\/wp-content\/uploads\/2020\/04\/ANASTASIOS-DEMETRIOS-FORDHAM5.JPG\",\"contentUrl\":\"https:\/\/orthodoxalbania.org\/2020\/wp-content\/uploads\/2020\/04\/ANASTASIOS-DEMETRIOS-FORDHAM5.JPG\",\"width\":640,\"height\":466},{\"@type\":\"BreadcrumbList\",\"@id\":\"https:\/\/orthodoxalbania.org\/2020\/2014\/01\/30\/u-zhvillua-ceremonia-e-dorezimit-kryepiskopit-anastas-te-titullit-doktor-nderi-i-shkencave-humane-nga-universiteti-katolik-fordham-nju-jork\/#breadcrumb\",\"itemListElement\":[{\"@type\":\"ListItem\",\"position\":1,\"name\":\"Home\",\"item\":\"https:\/\/orthodoxalbania.org\/2020\/\"},{\"@type\":\"ListItem\",\"position\":2,\"name\":\"U zhvillua ceremonia e dor\u00ebzimit Kryepiskopit Anastas t\u00eb titullit \u201cDoktor nderi i Shkencave Humane&#8221;, nga Universiteti Katolik Fordham, Nju Jork. (29 Janar 2014)\"}]},{\"@type\":\"WebSite\",\"@id\":\"https:\/\/orthodoxalbania.org\/2020\/#website\",\"url\":\"https:\/\/orthodoxalbania.org\/2020\/\",\"name\":\"Kisha Orthodh\u03bfkse Autoqefale e Shqip\u00ebris\u00eb\",\"description\":\"Fqja Zyrtare e Kish\u00ebs Orthodhokse Autoqefale e Shqip\u00ebris\u00eb me lajmet edhe informacionet zyrtare p\u00ebr struktur\u00ebn edhe veprimtarin e saj.\",\"publisher\":{\"@id\":\"https:\/\/orthodoxalbania.org\/2020\/#organization\"},\"potentialAction\":[{\"@type\":\"SearchAction\",\"target\":{\"@type\":\"EntryPoint\",\"urlTemplate\":\"https:\/\/orthodoxalbania.org\/2020\/?s={search_term_string}\"},\"query-input\":{\"@type\":\"PropertyValueSpecification\",\"valueRequired\":true,\"valueName\":\"search_term_string\"}}],\"inLanguage\":\"en-US\"},{\"@type\":\"Organization\",\"@id\":\"https:\/\/orthodoxalbania.org\/2020\/#organization\",\"name\":\"Kisha Orthodhokse Autoqefale e Shqip\u00ebris\u00eb\",\"url\":\"https:\/\/orthodoxalbania.org\/2020\/\",\"logo\":{\"@type\":\"ImageObject\",\"inLanguage\":\"en-US\",\"@id\":\"https:\/\/orthodoxalbania.org\/2020\/#\/schema\/logo\/image\/\",\"url\":\"https:\/\/orthodoxalbania.org\/2020\/wp-content\/uploads\/2020\/05\/albania.jpeg\",\"contentUrl\":\"https:\/\/orthodoxalbania.org\/2020\/wp-content\/uploads\/2020\/05\/albania.jpeg\",\"width\":540,\"height\":540,\"caption\":\"Kisha Orthodhokse Autoqefale e Shqip\u00ebris\u00eb\"},\"image\":{\"@id\":\"https:\/\/orthodoxalbania.org\/2020\/#\/schema\/logo\/image\/\"},\"sameAs\":[\"https:\/\/www.facebook.com\/koash1991\"]},{\"@type\":\"Person\",\"@id\":\"https:\/\/orthodoxalbania.org\/2020\/#\/schema\/person\/0c387634a7063ac612d7ed9ce71c7e86\",\"name\":\"Kisha Orthodhokse\",\"image\":{\"@type\":\"ImageObject\",\"inLanguage\":\"en-US\",\"@id\":\"https:\/\/secure.gravatar.com\/avatar\/596e7c417251e30f2fbb9c00e026fce61a695a00e51c889caded71c96cbbdde5?s=96&d=mm&r=g\",\"url\":\"https:\/\/secure.gravatar.com\/avatar\/596e7c417251e30f2fbb9c00e026fce61a695a00e51c889caded71c96cbbdde5?s=96&d=mm&r=g\",\"contentUrl\":\"https:\/\/secure.gravatar.com\/avatar\/596e7c417251e30f2fbb9c00e026fce61a695a00e51c889caded71c96cbbdde5?s=96&d=mm&r=g\",\"caption\":\"Kisha Orthodhokse\"}}]}<\/script>\n<!-- \/ Yoast SEO plugin. -->","yoast_head_json":{"title":"U zhvillua ceremonia e dor\u00ebzimit Kryepiskopit Anastas t\u00eb titullit \u201cDoktor nderi i Shkencave Humane\", nga Universiteti Katolik Fordham, Nju Jork. (29 Janar 2014) - Kisha Orthodh\u03bfkse Autoqefale e Shqip\u00ebris\u00eb","robots":{"index":"index","follow":"follow","max-snippet":"max-snippet:-1","max-image-preview":"max-image-preview:large","max-video-preview":"max-video-preview:-1"},"canonical":"https:\/\/orthodoxalbania.org\/2020\/2014\/01\/30\/u-zhvillua-ceremonia-e-dorezimit-kryepiskopit-anastas-te-titullit-doktor-nderi-i-shkencave-humane-nga-universiteti-katolik-fordham-nju-jork\/","og_locale":"en_US","og_type":"article","og_title":"U zhvillua ceremonia e dor\u00ebzimit Kryepiskopit Anastas t\u00eb titullit \u201cDoktor nderi i Shkencave Humane\", nga Universiteti Katolik Fordham, Nju Jork. (29 Janar 2014) - Kisha Orthodh\u03bfkse Autoqefale e Shqip\u00ebris\u00eb","og_description":"&nbsp;&nbsp;&nbsp; N\u00eb dat\u00ebn 28 janar pasdite (kur n\u00eb Shqip\u00ebri ishin or\u00ebt e para t\u00eb m\u00ebngjesit t\u00eb dat\u00ebs 29), n\u00eb kish\u00ebn e Universitetit t\u00eb Fordham u zhvillua ceremonia e nderimit t\u00eb Kryepiskopit Anastas me titullin \u201cDoktor Nderi i Shkencave Humane\u201d. &nbsp;&nbsp;&nbsp; N\u00eb ceremoni, ku mor\u00ebn pjes\u00eb rreth 500 vet\u00eb, an\u00ebtar\u00ebt e bordit t\u00eb fondacionit t\u00eb Universitetit, student\u00eb, klerik\u00eb, personalitete, besimtar\u00eb etj., shum\u00eb t\u00eb ardhur nga larg,","og_url":"https:\/\/orthodoxalbania.org\/2020\/2014\/01\/30\/u-zhvillua-ceremonia-e-dorezimit-kryepiskopit-anastas-te-titullit-doktor-nderi-i-shkencave-humane-nga-universiteti-katolik-fordham-nju-jork\/","og_site_name":"Kisha Orthodh\u03bfkse Autoqefale e Shqip\u00ebris\u00eb","article_publisher":"https:\/\/www.facebook.com\/koash1991","article_published_time":"2014-01-30T13:45:28+00:00","article_modified_time":"2020-04-06T20:05:21+00:00","og_image":[{"width":640,"height":466,"url":"https:\/\/orthodoxalbania.org\/2020\/wp-content\/uploads\/2020\/04\/ANASTASIOS-DEMETRIOS-FORDHAM5.JPG","type":"image\/jpeg"}],"author":"Kisha Orthodhokse","twitter_card":"summary_large_image","twitter_misc":{"Written by":"Kisha Orthodhokse","Est. reading time":"5 minutes"},"schema":{"@context":"https:\/\/schema.org","@graph":[{"@type":"Article","@id":"https:\/\/orthodoxalbania.org\/2020\/2014\/01\/30\/u-zhvillua-ceremonia-e-dorezimit-kryepiskopit-anastas-te-titullit-doktor-nderi-i-shkencave-humane-nga-universiteti-katolik-fordham-nju-jork\/#article","isPartOf":{"@id":"https:\/\/orthodoxalbania.org\/2020\/2014\/01\/30\/u-zhvillua-ceremonia-e-dorezimit-kryepiskopit-anastas-te-titullit-doktor-nderi-i-shkencave-humane-nga-universiteti-katolik-fordham-nju-jork\/"},"author":{"name":"Kisha Orthodhokse","@id":"https:\/\/orthodoxalbania.org\/2020\/#\/schema\/person\/0c387634a7063ac612d7ed9ce71c7e86"},"headline":"U zhvillua ceremonia e dor\u00ebzimit Kryepiskopit Anastas t\u00eb titullit \u201cDoktor nderi i Shkencave Humane&#8221;, nga Universiteti Katolik Fordham, Nju Jork. (29 Janar 2014)","datePublished":"2014-01-30T13:45:28+00:00","dateModified":"2020-04-06T20:05:21+00:00","mainEntityOfPage":{"@id":"https:\/\/orthodoxalbania.org\/2020\/2014\/01\/30\/u-zhvillua-ceremonia-e-dorezimit-kryepiskopit-anastas-te-titullit-doktor-nderi-i-shkencave-humane-nga-universiteti-katolik-fordham-nju-jork\/"},"wordCount":1047,"commentCount":0,"publisher":{"@id":"https:\/\/orthodoxalbania.org\/2020\/#organization"},"image":{"@id":"https:\/\/orthodoxalbania.org\/2020\/2014\/01\/30\/u-zhvillua-ceremonia-e-dorezimit-kryepiskopit-anastas-te-titullit-doktor-nderi-i-shkencave-humane-nga-universiteti-katolik-fordham-nju-jork\/#primaryimage"},"thumbnailUrl":"https:\/\/orthodoxalbania.org\/2020\/wp-content\/uploads\/2020\/04\/ANASTASIOS-DEMETRIOS-FORDHAM5.JPG","keywords":["2014","Deklarata - Njoftime Zyrtare","Kryepiskopata Tiran\u00eb","Kryepiskopi Anastas","lajme"],"articleSection":["Lajme"],"inLanguage":"en-US"},{"@type":"WebPage","@id":"https:\/\/orthodoxalbania.org\/2020\/2014\/01\/30\/u-zhvillua-ceremonia-e-dorezimit-kryepiskopit-anastas-te-titullit-doktor-nderi-i-shkencave-humane-nga-universiteti-katolik-fordham-nju-jork\/","url":"https:\/\/orthodoxalbania.org\/2020\/2014\/01\/30\/u-zhvillua-ceremonia-e-dorezimit-kryepiskopit-anastas-te-titullit-doktor-nderi-i-shkencave-humane-nga-universiteti-katolik-fordham-nju-jork\/","name":"U zhvillua ceremonia e dor\u00ebzimit Kryepiskopit Anastas t\u00eb titullit \u201cDoktor nderi i Shkencave Humane\", nga Universiteti Katolik Fordham, Nju Jork. (29 Janar 2014) - Kisha Orthodh\u03bfkse Autoqefale e Shqip\u00ebris\u00eb","isPartOf":{"@id":"https:\/\/orthodoxalbania.org\/2020\/#website"},"primaryImageOfPage":{"@id":"https:\/\/orthodoxalbania.org\/2020\/2014\/01\/30\/u-zhvillua-ceremonia-e-dorezimit-kryepiskopit-anastas-te-titullit-doktor-nderi-i-shkencave-humane-nga-universiteti-katolik-fordham-nju-jork\/#primaryimage"},"image":{"@id":"https:\/\/orthodoxalbania.org\/2020\/2014\/01\/30\/u-zhvillua-ceremonia-e-dorezimit-kryepiskopit-anastas-te-titullit-doktor-nderi-i-shkencave-humane-nga-universiteti-katolik-fordham-nju-jork\/#primaryimage"},"thumbnailUrl":"https:\/\/orthodoxalbania.org\/2020\/wp-content\/uploads\/2020\/04\/ANASTASIOS-DEMETRIOS-FORDHAM5.JPG","datePublished":"2014-01-30T13:45:28+00:00","dateModified":"2020-04-06T20:05:21+00:00","breadcrumb":{"@id":"https:\/\/orthodoxalbania.org\/2020\/2014\/01\/30\/u-zhvillua-ceremonia-e-dorezimit-kryepiskopit-anastas-te-titullit-doktor-nderi-i-shkencave-humane-nga-universiteti-katolik-fordham-nju-jork\/#breadcrumb"},"inLanguage":"en-US","potentialAction":[{"@type":"ReadAction","target":["https:\/\/orthodoxalbania.org\/2020\/2014\/01\/30\/u-zhvillua-ceremonia-e-dorezimit-kryepiskopit-anastas-te-titullit-doktor-nderi-i-shkencave-humane-nga-universiteti-katolik-fordham-nju-jork\/"]}]},{"@type":"ImageObject","inLanguage":"en-US","@id":"https:\/\/orthodoxalbania.org\/2020\/2014\/01\/30\/u-zhvillua-ceremonia-e-dorezimit-kryepiskopit-anastas-te-titullit-doktor-nderi-i-shkencave-humane-nga-universiteti-katolik-fordham-nju-jork\/#primaryimage","url":"https:\/\/orthodoxalbania.org\/2020\/wp-content\/uploads\/2020\/04\/ANASTASIOS-DEMETRIOS-FORDHAM5.JPG","contentUrl":"https:\/\/orthodoxalbania.org\/2020\/wp-content\/uploads\/2020\/04\/ANASTASIOS-DEMETRIOS-FORDHAM5.JPG","width":640,"height":466},{"@type":"BreadcrumbList","@id":"https:\/\/orthodoxalbania.org\/2020\/2014\/01\/30\/u-zhvillua-ceremonia-e-dorezimit-kryepiskopit-anastas-te-titullit-doktor-nderi-i-shkencave-humane-nga-universiteti-katolik-fordham-nju-jork\/#breadcrumb","itemListElement":[{"@type":"ListItem","position":1,"name":"Home","item":"https:\/\/orthodoxalbania.org\/2020\/"},{"@type":"ListItem","position":2,"name":"U zhvillua ceremonia e dor\u00ebzimit Kryepiskopit Anastas t\u00eb titullit \u201cDoktor nderi i Shkencave Humane&#8221;, nga Universiteti Katolik Fordham, Nju Jork. (29 Janar 2014)"}]},{"@type":"WebSite","@id":"https:\/\/orthodoxalbania.org\/2020\/#website","url":"https:\/\/orthodoxalbania.org\/2020\/","name":"Kisha Orthodh\u03bfkse Autoqefale e Shqip\u00ebris\u00eb","description":"Fqja Zyrtare e Kish\u00ebs Orthodhokse Autoqefale e Shqip\u00ebris\u00eb me lajmet edhe informacionet zyrtare p\u00ebr struktur\u00ebn edhe veprimtarin e saj.","publisher":{"@id":"https:\/\/orthodoxalbania.org\/2020\/#organization"},"potentialAction":[{"@type":"SearchAction","target":{"@type":"EntryPoint","urlTemplate":"https:\/\/orthodoxalbania.org\/2020\/?s={search_term_string}"},"query-input":{"@type":"PropertyValueSpecification","valueRequired":true,"valueName":"search_term_string"}}],"inLanguage":"en-US"},{"@type":"Organization","@id":"https:\/\/orthodoxalbania.org\/2020\/#organization","name":"Kisha Orthodhokse Autoqefale e Shqip\u00ebris\u00eb","url":"https:\/\/orthodoxalbania.org\/2020\/","logo":{"@type":"ImageObject","inLanguage":"en-US","@id":"https:\/\/orthodoxalbania.org\/2020\/#\/schema\/logo\/image\/","url":"https:\/\/orthodoxalbania.org\/2020\/wp-content\/uploads\/2020\/05\/albania.jpeg","contentUrl":"https:\/\/orthodoxalbania.org\/2020\/wp-content\/uploads\/2020\/05\/albania.jpeg","width":540,"height":540,"caption":"Kisha Orthodhokse Autoqefale e Shqip\u00ebris\u00eb"},"image":{"@id":"https:\/\/orthodoxalbania.org\/2020\/#\/schema\/logo\/image\/"},"sameAs":["https:\/\/www.facebook.com\/koash1991"]},{"@type":"Person","@id":"https:\/\/orthodoxalbania.org\/2020\/#\/schema\/person\/0c387634a7063ac612d7ed9ce71c7e86","name":"Kisha Orthodhokse","image":{"@type":"ImageObject","inLanguage":"en-US","@id":"https:\/\/secure.gravatar.com\/avatar\/596e7c417251e30f2fbb9c00e026fce61a695a00e51c889caded71c96cbbdde5?s=96&d=mm&r=g","url":"https:\/\/secure.gravatar.com\/avatar\/596e7c417251e30f2fbb9c00e026fce61a695a00e51c889caded71c96cbbdde5?s=96&d=mm&r=g","contentUrl":"https:\/\/secure.gravatar.com\/avatar\/596e7c417251e30f2fbb9c00e026fce61a695a00e51c889caded71c96cbbdde5?s=96&d=mm&r=g","caption":"Kisha Orthodhokse"}}]}},"_links":{"self":[{"href":"https:\/\/orthodoxalbania.org\/2020\/wp-json\/wp\/v2\/posts\/1493","targetHints":{"allow":["GET"]}}],"collection":[{"href":"https:\/\/orthodoxalbania.org\/2020\/wp-json\/wp\/v2\/posts"}],"about":[{"href":"https:\/\/orthodoxalbania.org\/2020\/wp-json\/wp\/v2\/types\/post"}],"author":[{"embeddable":true,"href":"https:\/\/orthodoxalbania.org\/2020\/wp-json\/wp\/v2\/users\/1"}],"replies":[{"embeddable":true,"href":"https:\/\/orthodoxalbania.org\/2020\/wp-json\/wp\/v2\/comments?post=1493"}],"version-history":[{"count":1,"href":"https:\/\/orthodoxalbania.org\/2020\/wp-json\/wp\/v2\/posts\/1493\/revisions"}],"predecessor-version":[{"id":15126,"href":"https:\/\/orthodoxalbania.org\/2020\/wp-json\/wp\/v2\/posts\/1493\/revisions\/15126"}],"wp:featuredmedia":[{"embeddable":true,"href":"https:\/\/orthodoxalbania.org\/2020\/wp-json\/wp\/v2\/media\/586"}],"wp:attachment":[{"href":"https:\/\/orthodoxalbania.org\/2020\/wp-json\/wp\/v2\/media?parent=1493"}],"wp:term":[{"taxonomy":"category","embeddable":true,"href":"https:\/\/orthodoxalbania.org\/2020\/wp-json\/wp\/v2\/categories?post=1493"},{"taxonomy":"post_tag","embeddable":true,"href":"https:\/\/orthodoxalbania.org\/2020\/wp-json\/wp\/v2\/tags?post=1493"}],"curies":[{"name":"wp","href":"https:\/\/api.w.org\/{rel}","templated":true}]}}