{"id":1491,"date":"2014-12-15T18:30:50","date_gmt":"2014-12-15T18:30:50","guid":{"rendered":""},"modified":"2020-04-06T22:02:20","modified_gmt":"2020-04-06T20:02:20","slug":"u-zhvillua-asambleja-e-lidhjes-orthodhokse-te-rinise-se-shqiperise","status":"publish","type":"post","link":"https:\/\/orthodoxalbania.org\/2020\/2014\/12\/15\/u-zhvillua-asambleja-e-lidhjes-orthodhokse-te-rinise-se-shqiperise\/","title":{"rendered":"U zhvillua Asambleja e Lidhjes Orthodhokse t\u00eb Rinis\u00eb s\u00eb Shqip\u00ebris\u00eb"},"content":{"rendered":"<p style=\"text-align: justify;\">\n\t<span style=\"color: #000000; font-size: 12pt; font-family: helvetica;\">&nbsp; &nbsp; Rreth 380 t\u00eb rinj e t\u00eb reja, t\u00eb mosh\u00ebs nga 18-30 vje\u00e7, p\u00ebrfaq\u00ebsues t\u00eb grupeve rinore nga qytete t\u00eb ndryshme t\u00eb vendit, u mblodh\u00ebn t\u00eb shtun\u00ebn, 13 dhjetor 2014, n\u00eb Qendr\u00ebn Kulturore t\u00eb Katedrales \u201cNgjallja e Krishtit\u201d, n\u00eb Tiran\u00eb, p\u00ebr zhvillimin dhe forcimin e m\u00ebtejsh\u00ebm t\u00eb Lidhjes Orthodhokse t\u00eb Rinis\u00eb s\u00eb Shqip\u00ebris\u00eb, q\u00eb \u00ebsht\u00eb krijuar n\u00eb p\u00ebrputhje me Statutin e Kish\u00ebs Orthodhokse Autoqefale t\u00eb Shqip\u00ebris\u00eb. Kjo Lidhje ka si q\u00ebllim pjes\u00ebmarrjen aktive t\u00eb t\u00eb rinjve n\u00eb jet\u00ebn e Kish\u00ebs, kultivimin e miq\u00ebsis\u00eb, njohjen m\u00eb t\u00eb mir\u00eb t\u00eb besimit orthodhoks, d\u00ebshmin\u00eb e krishter\u00eb dhe sh\u00ebrbimin.<\/span><\/p>\n<p style=\"text-align: justify;\">\n\t<span style=\"color: #000000; font-size: 12pt; font-family: helvetica;\">&nbsp; &nbsp; Me koordinator Episkopin e Apollonis\u00eb Nikolla, Asambleja u zhvillua n\u00eb dy pjes\u00eb: N\u00eb pjes\u00ebn e par\u00eb, grupe rinore nga qytete t\u00eb ndryshme shfaq\u00ebn nj\u00eb program festiv Krishtlindjesh. N\u00eb pjes\u00ebn e dyt\u00eb, Kryepiskopi Anastas mbajti ligj\u00ebrat\u00ebn me tem\u00eb: \u201c<em>Duke k\u00ebrkuar kat\u00ebr vlera t\u00eb m\u00ebdha jete\u201d, <\/em>me pik\u00ebnisje vargun e T.S. Eliot<em>\u201cKu \u00ebsht\u00eb urt\u00ebsia q\u00eb e kemi humbur brenda dijes? Ku \u00ebsht\u00eb dija q\u00eb e kemi humbur brenda informacionit?\u201d. Kryepiskopi, duke p\u00ebrfunduar tha: \u201cUroj me gjith\u00eb shpirt: Le t\u00eb jet\u00eb ecuria e jet\u00ebs suaj nj\u00eb ngjitje e vazhdueshme, nga informimi i thjesht\u00eb drejt dijes sistematike, nga dija <\/em><em>drejt <strong>urt\u00ebsis<\/strong><\/em><strong><em>\u00eb&nbsp;<\/em><\/strong><em>\u201cq\u00eb&nbsp;vjen q\u00eb lartazi\u201d. Nj\u00eb lart\u00ebsim i vazhduesh\u00ebm nga egocentrismi drejt <strong>liris\u00eb<\/strong> s\u00eb v\u00ebrtet\u00eb. Nga lidhje t\u00eb pap\u00ebrgjegjshme n\u00eb dukje afektive, n\u00eb lidhjen e q\u00ebndrueshme&nbsp; afektive t\u00eb v\u00ebrtet\u00eb t\u00eb bekuar nga Per\u00ebndia dhe kryesisht drejt p\u00ebrjetimit esencial t\u00eb <strong>dashuris\u00eb<\/strong> s\u00eb krishter\u00eb. Nj\u00eb hap final nga pjes\u00ebmarrja mekanike n\u00eb ceremoni fetare, drejt besimit t\u00eb gjall\u00eb&nbsp; te Per\u00ebndia, ku Shpirti i Shenjt\u00eb mbizot\u00ebron dhe vulos jet\u00ebn ton\u00eb me drit\u00ebn, energjit\u00eb, fuqin\u00eb e Tij. Nj\u00eb <strong>besim<\/strong> q\u00eb e b\u00ebn qenien ton\u00eb t\u00eb hapet drejt pafund\u00ebsis\u00eb, duke pasur bashkudh\u00ebtare pranin\u00eb e Atij q\u00eb \u00ebsht\u00eb Dashuri. Krishtit q\u00eb \u00ebsht\u00eb gith\u00e7ka\u201d.<\/em><\/span><\/p>\n<p style=\"text-align: justify;\">\n\t<span style=\"color: #000000; font-size: 12pt; font-family: helvetica;\">&nbsp; &nbsp; M\u00eb pas vijoi zgjedhja e an\u00ebtar\u00ebve t\u00eb K\u00ebshillit Ekzekutiv. N\u00eb fillim Episkopi i Bylisit, Asti, u b\u00ebri t\u00eb njohur an\u00ebtar\u00ebve t\u00eb Asambles\u00eb m\u00ebnyr\u00ebn e zhvillimit t\u00eb votimit. U votua lista e kandidaturave q\u00eb u propozua direkt n\u00eb sall\u00eb prej t\u00eb pranishm\u00ebve t\u00eb ndar\u00eb n\u00eb kat\u00ebr grupe: ai i Kryepiskopat\u00ebs dhe t\u00eb tri Mitropolive.<\/span><\/p>\n<p style=\"text-align: justify;\">\n\t<span style=\"color: #000000; font-size: 12pt; font-family: helvetica;\">&nbsp;&nbsp;&nbsp; N\u00eb fund, K\u00ebshilli Ekzekutiv, i p\u00ebrb\u00ebr\u00eb nga 13 an\u00ebtar\u00eb (7 t\u00eb rinj dhe 6 t\u00eb reja), zhvilloi takimin e par\u00eb n\u00eb zyr\u00ebn e Kryepiskopit, i cili theksoi se t\u00eb rinjt\u00eb orthodhoks\u00eb duhet t\u00eb ken\u00eb nj\u00eb rol t\u00eb p\u00ebrgjegjsh\u00ebm, rip\u00ebrt\u00ebrit\u00ebs dhe par\u00ebsor n\u00eb Kish\u00eb.<\/span><\/p>\n<p style=\"text-align: justify;\">\n\t&nbsp;<\/p>\n<p style=\"text-align: right;\">\n\t<strong><span style=\"color: #000000; font-size: 12pt; font-family: helvetica;\">15 dhjetor 2014<\/span><\/strong><\/p>\n<p style=\"text-align: right;\">\n\t&nbsp;<\/p>\n<p style=\"text-align: center;\">\n\t<strong><span style=\"color: #000000; font-size: 12pt; font-family: helvetica;\">Zyra e Shtypit<\/span><\/strong><\/p>\n<p style=\"text-align: center;\">\n\t<strong><span style=\"color: #000000;\"><span style=\"font-family: tahoma,geneva,sans-serif;\"><span style=\"font-size: 12px;\"><span style=\"font-size: 12pt; font-family: helvetica;\">e Kish\u00ebs Orthodhokse Autoqefale t\u00eb Shqip\u00ebris<\/span><span style=\"font-size: 12pt; font-family: helvetica;\">\u00eb<\/span><\/span><\/span><\/span><\/strong><\/p>\n<div>\n\t&nbsp;<\/div>\n<p>\n\t<img class=\"lazyload\" decoding=\"async\" alt=\"\" src=\"data:image\/gif;base64,R0lGODlhAQABAAAAACH5BAEKAAEALAAAAAABAAEAAAICTAEAOw==\" data-orig-src=\"https:\/\/lh3.googleusercontent.com\/-WAffozwwdCk\/VI8mGlNYdeI\/AAAAAAAACiA\/VUKAYiKDud8\/w958-h626-no\/untitled-216.jpg\" style=\"border-width: 1px; border-style: solid; margin: 10px auto; display: block;\" \/><\/p>\n<table style=\"width: 500px; margin-right: auto; margin-left: auto;\">\n<tbody>\n<tr>\n<td style=\"width: 482px;\">\n\t\t\t\t<img class=\"lazyload\" decoding=\"async\" alt=\"\" src=\"data:image\/gif;base64,R0lGODlhAQABAAAAACH5BAEKAAEALAAAAAABAAEAAAICTAEAOw==\" data-orig-src=\"https:\/\/lh3.googleusercontent.com\/-uIn6oYIFr5A\/VI8mHJs0IiI\/AAAAAAAACiM\/fN6tnZIRnAs\/w958-h639-no\/untitled-88.jpg\" style=\"height: 333px; width: 500px; border-width: 1px; border-style: solid; margin: 10px;\" \/><\/td>\n<td style=\"width: 5px;\">\n\t\t\t\t<img class=\"lazyload\" decoding=\"async\" alt=\"\" src=\"data:image\/gif;base64,R0lGODlhAQABAAAAACH5BAEKAAEALAAAAAABAAEAAAICTAEAOw==\" data-orig-src=\"https:\/\/lh6.googleusercontent.com\/-JUkpiXD8oVk\/VI8mHDqj7gI\/AAAAAAAACiQ\/BSlS_rygOZA\/w958-h639-no\/untitled-237.jpg\" style=\"height: 333px; width: 500px; border-width: 1px; border-style: solid; margin: 10px;\" \/><\/td>\n<\/tr>\n<\/tbody>\n<\/table>\n<p>\n\t&nbsp;<\/p>\n","protected":false},"excerpt":{"rendered":"<p>&nbsp; &nbsp; Rreth 380 t\u00eb rinj e t\u00eb reja, t\u00eb mosh\u00ebs nga 18-30 vje\u00e7, p\u00ebrfaq\u00ebsues t\u00eb grupeve rinore nga qytete t\u00eb ndryshme t\u00eb vendit, u mblodh\u00ebn t\u00eb shtun\u00ebn, 13 dhjetor 2014, n\u00eb Qendr\u00ebn Kulturore t\u00eb Katedrales \u201cNgjallja e Krishtit\u201d, n\u00eb Tiran\u00eb, p\u00ebr zhvillimin dhe forcimin e m\u00ebtejsh\u00ebm t\u00eb Lidhjes Orthodhokse t\u00eb Rinis\u00eb s\u00eb Shqip\u00ebris\u00eb, q\u00eb \u00ebsht\u00eb krijuar n\u00eb p\u00ebrputhje me Statutin e Kish\u00ebs Orthodhokse Autoqefale<\/p>\n","protected":false},"author":14,"featured_media":1288,"comment_status":"open","ping_status":"open","sticky":false,"template":"","format":"standard","meta":{"_acf_changed":false,"pagelayer_contact_templates":[],"_pagelayer_content":"","inline_featured_image":false,"fifu_image_url":"","fifu_image_alt":"","footnotes":""},"categories":[108],"tags":[140,154,184,196,212,166,176],"class_list":["post-1491","post","type-post","status-publish","format-standard","has-post-thumbnail","hentry","category-lajme","tag-140","tag-aktivitete","tag-katedralja-ngjallja-e-krishtit-tirane","tag-tirane","tag-lajme-d27","tag-lidhja-orthodhokse-e-rinise","tag-rinia-orthodhokse"],"acf":[],"yoast_head":"<!-- This site is optimized with the Yoast SEO plugin v27.2 - https:\/\/yoast.com\/product\/yoast-seo-wordpress\/ -->\n<title>U zhvillua Asambleja e Lidhjes Orthodhokse t\u00eb Rinis\u00eb s\u00eb Shqip\u00ebris\u00eb - Kisha Orthodh\u03bfkse Autoqefale e Shqip\u00ebris\u00eb<\/title>\n<meta name=\"robots\" content=\"index, follow, max-snippet:-1, max-image-preview:large, max-video-preview:-1\" \/>\n<link rel=\"canonical\" href=\"https:\/\/orthodoxalbania.org\/2020\/2014\/12\/15\/u-zhvillua-asambleja-e-lidhjes-orthodhokse-te-rinise-se-shqiperise\/\" \/>\n<meta property=\"og:locale\" content=\"en_US\" \/>\n<meta property=\"og:type\" content=\"article\" \/>\n<meta property=\"og:title\" content=\"U zhvillua Asambleja e Lidhjes Orthodhokse t\u00eb Rinis\u00eb s\u00eb Shqip\u00ebris\u00eb - Kisha Orthodh\u03bfkse Autoqefale e Shqip\u00ebris\u00eb\" \/>\n<meta property=\"og:description\" content=\"&nbsp; &nbsp; Rreth 380 t\u00eb rinj e t\u00eb reja, t\u00eb mosh\u00ebs nga 18-30 vje\u00e7, p\u00ebrfaq\u00ebsues t\u00eb grupeve rinore nga qytete t\u00eb ndryshme t\u00eb vendit, u mblodh\u00ebn t\u00eb shtun\u00ebn, 13 dhjetor 2014, n\u00eb Qendr\u00ebn Kulturore t\u00eb Katedrales \u201cNgjallja e Krishtit\u201d, n\u00eb Tiran\u00eb, p\u00ebr zhvillimin dhe forcimin e m\u00ebtejsh\u00ebm t\u00eb Lidhjes Orthodhokse t\u00eb Rinis\u00eb s\u00eb Shqip\u00ebris\u00eb, q\u00eb \u00ebsht\u00eb krijuar n\u00eb p\u00ebrputhje me Statutin e Kish\u00ebs Orthodhokse Autoqefale\" \/>\n<meta property=\"og:url\" content=\"https:\/\/orthodoxalbania.org\/2020\/2014\/12\/15\/u-zhvillua-asambleja-e-lidhjes-orthodhokse-te-rinise-se-shqiperise\/\" \/>\n<meta property=\"og:site_name\" content=\"Kisha Orthodh\u03bfkse Autoqefale e Shqip\u00ebris\u00eb\" \/>\n<meta property=\"article:publisher\" content=\"https:\/\/www.facebook.com\/koash1991\" \/>\n<meta property=\"article:published_time\" content=\"2014-12-15T18:30:50+00:00\" \/>\n<meta property=\"article:modified_time\" content=\"2020-04-06T20:02:20+00:00\" \/>\n<meta property=\"og:image\" content=\"https:\/\/orthodoxalbania.org\/2020\/wp-content\/uploads\/2020\/04\/untitled-216.jpg\" \/>\n\t<meta property=\"og:image:width\" content=\"958\" \/>\n\t<meta property=\"og:image:height\" content=\"626\" \/>\n\t<meta property=\"og:image:type\" content=\"image\/jpeg\" \/>\n<meta name=\"author\" content=\"neo_admin\" \/>\n<meta name=\"twitter:card\" content=\"summary_large_image\" \/>\n<meta name=\"twitter:label1\" content=\"Written by\" \/>\n\t<meta name=\"twitter:data1\" content=\"neo_admin\" \/>\n\t<meta name=\"twitter:label2\" content=\"Est. reading time\" \/>\n\t<meta name=\"twitter:data2\" content=\"2 minutes\" \/>\n<script type=\"application\/ld+json\" class=\"yoast-schema-graph\">{\"@context\":\"https:\/\/schema.org\",\"@graph\":[{\"@type\":\"Article\",\"@id\":\"https:\/\/orthodoxalbania.org\/2020\/2014\/12\/15\/u-zhvillua-asambleja-e-lidhjes-orthodhokse-te-rinise-se-shqiperise\/#article\",\"isPartOf\":{\"@id\":\"https:\/\/orthodoxalbania.org\/2020\/2014\/12\/15\/u-zhvillua-asambleja-e-lidhjes-orthodhokse-te-rinise-se-shqiperise\/\"},\"author\":{\"name\":\"neo_admin\",\"@id\":\"https:\/\/orthodoxalbania.org\/2020\/#\/schema\/person\/dd2bdc135b53c60d45b8bb329565cf6d\"},\"headline\":\"U zhvillua Asambleja e Lidhjes Orthodhokse t\u00eb Rinis\u00eb s\u00eb Shqip\u00ebris\u00eb\",\"datePublished\":\"2014-12-15T18:30:50+00:00\",\"dateModified\":\"2020-04-06T20:02:20+00:00\",\"mainEntityOfPage\":{\"@id\":\"https:\/\/orthodoxalbania.org\/2020\/2014\/12\/15\/u-zhvillua-asambleja-e-lidhjes-orthodhokse-te-rinise-se-shqiperise\/\"},\"wordCount\":490,\"commentCount\":0,\"publisher\":{\"@id\":\"https:\/\/orthodoxalbania.org\/2020\/#organization\"},\"image\":{\"@id\":\"https:\/\/orthodoxalbania.org\/2020\/2014\/12\/15\/u-zhvillua-asambleja-e-lidhjes-orthodhokse-te-rinise-se-shqiperise\/#primaryimage\"},\"thumbnailUrl\":\"https:\/\/orthodoxalbania.org\/2020\/wp-content\/uploads\/2020\/04\/untitled-216.jpg\",\"keywords\":[\"2014\",\"Aktivitete\",\"Katedralja \u201cNgjallja e Krishtit\u201d Tiran\u00eb\",\"Kryepiskopata Tiran\u00eb\",\"lajme\",\"Lidhja Orthodhokse e Rinis\u00eb\",\"Rinia Orthodhokse\"],\"articleSection\":[\"Lajme\"],\"inLanguage\":\"en-US\"},{\"@type\":\"WebPage\",\"@id\":\"https:\/\/orthodoxalbania.org\/2020\/2014\/12\/15\/u-zhvillua-asambleja-e-lidhjes-orthodhokse-te-rinise-se-shqiperise\/\",\"url\":\"https:\/\/orthodoxalbania.org\/2020\/2014\/12\/15\/u-zhvillua-asambleja-e-lidhjes-orthodhokse-te-rinise-se-shqiperise\/\",\"name\":\"U zhvillua Asambleja e Lidhjes Orthodhokse t\u00eb Rinis\u00eb s\u00eb Shqip\u00ebris\u00eb - Kisha Orthodh\u03bfkse Autoqefale e Shqip\u00ebris\u00eb\",\"isPartOf\":{\"@id\":\"https:\/\/orthodoxalbania.org\/2020\/#website\"},\"primaryImageOfPage\":{\"@id\":\"https:\/\/orthodoxalbania.org\/2020\/2014\/12\/15\/u-zhvillua-asambleja-e-lidhjes-orthodhokse-te-rinise-se-shqiperise\/#primaryimage\"},\"image\":{\"@id\":\"https:\/\/orthodoxalbania.org\/2020\/2014\/12\/15\/u-zhvillua-asambleja-e-lidhjes-orthodhokse-te-rinise-se-shqiperise\/#primaryimage\"},\"thumbnailUrl\":\"https:\/\/orthodoxalbania.org\/2020\/wp-content\/uploads\/2020\/04\/untitled-216.jpg\",\"datePublished\":\"2014-12-15T18:30:50+00:00\",\"dateModified\":\"2020-04-06T20:02:20+00:00\",\"breadcrumb\":{\"@id\":\"https:\/\/orthodoxalbania.org\/2020\/2014\/12\/15\/u-zhvillua-asambleja-e-lidhjes-orthodhokse-te-rinise-se-shqiperise\/#breadcrumb\"},\"inLanguage\":\"en-US\",\"potentialAction\":[{\"@type\":\"ReadAction\",\"target\":[\"https:\/\/orthodoxalbania.org\/2020\/2014\/12\/15\/u-zhvillua-asambleja-e-lidhjes-orthodhokse-te-rinise-se-shqiperise\/\"]}]},{\"@type\":\"ImageObject\",\"inLanguage\":\"en-US\",\"@id\":\"https:\/\/orthodoxalbania.org\/2020\/2014\/12\/15\/u-zhvillua-asambleja-e-lidhjes-orthodhokse-te-rinise-se-shqiperise\/#primaryimage\",\"url\":\"https:\/\/orthodoxalbania.org\/2020\/wp-content\/uploads\/2020\/04\/untitled-216.jpg\",\"contentUrl\":\"https:\/\/orthodoxalbania.org\/2020\/wp-content\/uploads\/2020\/04\/untitled-216.jpg\",\"width\":958,\"height\":626},{\"@type\":\"BreadcrumbList\",\"@id\":\"https:\/\/orthodoxalbania.org\/2020\/2014\/12\/15\/u-zhvillua-asambleja-e-lidhjes-orthodhokse-te-rinise-se-shqiperise\/#breadcrumb\",\"itemListElement\":[{\"@type\":\"ListItem\",\"position\":1,\"name\":\"Home\",\"item\":\"https:\/\/orthodoxalbania.org\/2020\/\"},{\"@type\":\"ListItem\",\"position\":2,\"name\":\"U zhvillua Asambleja e Lidhjes Orthodhokse t\u00eb Rinis\u00eb s\u00eb Shqip\u00ebris\u00eb\"}]},{\"@type\":\"WebSite\",\"@id\":\"https:\/\/orthodoxalbania.org\/2020\/#website\",\"url\":\"https:\/\/orthodoxalbania.org\/2020\/\",\"name\":\"Kisha Orthodh\u03bfkse Autoqefale e Shqip\u00ebris\u00eb\",\"description\":\"Fqja Zyrtare e Kish\u00ebs Orthodhokse Autoqefale e Shqip\u00ebris\u00eb me lajmet edhe informacionet zyrtare p\u00ebr struktur\u00ebn edhe veprimtarin e saj.\",\"publisher\":{\"@id\":\"https:\/\/orthodoxalbania.org\/2020\/#organization\"},\"potentialAction\":[{\"@type\":\"SearchAction\",\"target\":{\"@type\":\"EntryPoint\",\"urlTemplate\":\"https:\/\/orthodoxalbania.org\/2020\/?s={search_term_string}\"},\"query-input\":{\"@type\":\"PropertyValueSpecification\",\"valueRequired\":true,\"valueName\":\"search_term_string\"}}],\"inLanguage\":\"en-US\"},{\"@type\":\"Organization\",\"@id\":\"https:\/\/orthodoxalbania.org\/2020\/#organization\",\"name\":\"Kisha Orthodhokse Autoqefale e Shqip\u00ebris\u00eb\",\"url\":\"https:\/\/orthodoxalbania.org\/2020\/\",\"logo\":{\"@type\":\"ImageObject\",\"inLanguage\":\"en-US\",\"@id\":\"https:\/\/orthodoxalbania.org\/2020\/#\/schema\/logo\/image\/\",\"url\":\"https:\/\/orthodoxalbania.org\/2020\/wp-content\/uploads\/2020\/05\/albania.jpeg\",\"contentUrl\":\"https:\/\/orthodoxalbania.org\/2020\/wp-content\/uploads\/2020\/05\/albania.jpeg\",\"width\":540,\"height\":540,\"caption\":\"Kisha Orthodhokse Autoqefale e Shqip\u00ebris\u00eb\"},\"image\":{\"@id\":\"https:\/\/orthodoxalbania.org\/2020\/#\/schema\/logo\/image\/\"},\"sameAs\":[\"https:\/\/www.facebook.com\/koash1991\"]},{\"@type\":\"Person\",\"@id\":\"https:\/\/orthodoxalbania.org\/2020\/#\/schema\/person\/dd2bdc135b53c60d45b8bb329565cf6d\",\"name\":\"neo_admin\",\"image\":{\"@type\":\"ImageObject\",\"inLanguage\":\"en-US\",\"@id\":\"https:\/\/secure.gravatar.com\/avatar\/53e6cdc30765aade0129f85e5aeb50124b1d3f5bb9a70373be31e4eb328371e0?s=96&d=mm&r=g\",\"url\":\"https:\/\/secure.gravatar.com\/avatar\/53e6cdc30765aade0129f85e5aeb50124b1d3f5bb9a70373be31e4eb328371e0?s=96&d=mm&r=g\",\"contentUrl\":\"https:\/\/secure.gravatar.com\/avatar\/53e6cdc30765aade0129f85e5aeb50124b1d3f5bb9a70373be31e4eb328371e0?s=96&d=mm&r=g\",\"caption\":\"neo_admin\"}}]}<\/script>\n<!-- \/ Yoast SEO plugin. -->","yoast_head_json":{"title":"U zhvillua Asambleja e Lidhjes Orthodhokse t\u00eb Rinis\u00eb s\u00eb Shqip\u00ebris\u00eb - Kisha Orthodh\u03bfkse Autoqefale e Shqip\u00ebris\u00eb","robots":{"index":"index","follow":"follow","max-snippet":"max-snippet:-1","max-image-preview":"max-image-preview:large","max-video-preview":"max-video-preview:-1"},"canonical":"https:\/\/orthodoxalbania.org\/2020\/2014\/12\/15\/u-zhvillua-asambleja-e-lidhjes-orthodhokse-te-rinise-se-shqiperise\/","og_locale":"en_US","og_type":"article","og_title":"U zhvillua Asambleja e Lidhjes Orthodhokse t\u00eb Rinis\u00eb s\u00eb Shqip\u00ebris\u00eb - Kisha Orthodh\u03bfkse Autoqefale e Shqip\u00ebris\u00eb","og_description":"&nbsp; &nbsp; Rreth 380 t\u00eb rinj e t\u00eb reja, t\u00eb mosh\u00ebs nga 18-30 vje\u00e7, p\u00ebrfaq\u00ebsues t\u00eb grupeve rinore nga qytete t\u00eb ndryshme t\u00eb vendit, u mblodh\u00ebn t\u00eb shtun\u00ebn, 13 dhjetor 2014, n\u00eb Qendr\u00ebn Kulturore t\u00eb Katedrales \u201cNgjallja e Krishtit\u201d, n\u00eb Tiran\u00eb, p\u00ebr zhvillimin dhe forcimin e m\u00ebtejsh\u00ebm t\u00eb Lidhjes Orthodhokse t\u00eb Rinis\u00eb s\u00eb Shqip\u00ebris\u00eb, q\u00eb \u00ebsht\u00eb krijuar n\u00eb p\u00ebrputhje me Statutin e Kish\u00ebs Orthodhokse Autoqefale","og_url":"https:\/\/orthodoxalbania.org\/2020\/2014\/12\/15\/u-zhvillua-asambleja-e-lidhjes-orthodhokse-te-rinise-se-shqiperise\/","og_site_name":"Kisha Orthodh\u03bfkse Autoqefale e Shqip\u00ebris\u00eb","article_publisher":"https:\/\/www.facebook.com\/koash1991","article_published_time":"2014-12-15T18:30:50+00:00","article_modified_time":"2020-04-06T20:02:20+00:00","og_image":[{"width":958,"height":626,"url":"https:\/\/orthodoxalbania.org\/2020\/wp-content\/uploads\/2020\/04\/untitled-216.jpg","type":"image\/jpeg"}],"author":"neo_admin","twitter_card":"summary_large_image","twitter_misc":{"Written by":"neo_admin","Est. reading time":"2 minutes"},"schema":{"@context":"https:\/\/schema.org","@graph":[{"@type":"Article","@id":"https:\/\/orthodoxalbania.org\/2020\/2014\/12\/15\/u-zhvillua-asambleja-e-lidhjes-orthodhokse-te-rinise-se-shqiperise\/#article","isPartOf":{"@id":"https:\/\/orthodoxalbania.org\/2020\/2014\/12\/15\/u-zhvillua-asambleja-e-lidhjes-orthodhokse-te-rinise-se-shqiperise\/"},"author":{"name":"neo_admin","@id":"https:\/\/orthodoxalbania.org\/2020\/#\/schema\/person\/dd2bdc135b53c60d45b8bb329565cf6d"},"headline":"U zhvillua Asambleja e Lidhjes Orthodhokse t\u00eb Rinis\u00eb s\u00eb Shqip\u00ebris\u00eb","datePublished":"2014-12-15T18:30:50+00:00","dateModified":"2020-04-06T20:02:20+00:00","mainEntityOfPage":{"@id":"https:\/\/orthodoxalbania.org\/2020\/2014\/12\/15\/u-zhvillua-asambleja-e-lidhjes-orthodhokse-te-rinise-se-shqiperise\/"},"wordCount":490,"commentCount":0,"publisher":{"@id":"https:\/\/orthodoxalbania.org\/2020\/#organization"},"image":{"@id":"https:\/\/orthodoxalbania.org\/2020\/2014\/12\/15\/u-zhvillua-asambleja-e-lidhjes-orthodhokse-te-rinise-se-shqiperise\/#primaryimage"},"thumbnailUrl":"https:\/\/orthodoxalbania.org\/2020\/wp-content\/uploads\/2020\/04\/untitled-216.jpg","keywords":["2014","Aktivitete","Katedralja \u201cNgjallja e Krishtit\u201d Tiran\u00eb","Kryepiskopata Tiran\u00eb","lajme","Lidhja Orthodhokse e Rinis\u00eb","Rinia Orthodhokse"],"articleSection":["Lajme"],"inLanguage":"en-US"},{"@type":"WebPage","@id":"https:\/\/orthodoxalbania.org\/2020\/2014\/12\/15\/u-zhvillua-asambleja-e-lidhjes-orthodhokse-te-rinise-se-shqiperise\/","url":"https:\/\/orthodoxalbania.org\/2020\/2014\/12\/15\/u-zhvillua-asambleja-e-lidhjes-orthodhokse-te-rinise-se-shqiperise\/","name":"U zhvillua Asambleja e Lidhjes Orthodhokse t\u00eb Rinis\u00eb s\u00eb Shqip\u00ebris\u00eb - Kisha Orthodh\u03bfkse Autoqefale e Shqip\u00ebris\u00eb","isPartOf":{"@id":"https:\/\/orthodoxalbania.org\/2020\/#website"},"primaryImageOfPage":{"@id":"https:\/\/orthodoxalbania.org\/2020\/2014\/12\/15\/u-zhvillua-asambleja-e-lidhjes-orthodhokse-te-rinise-se-shqiperise\/#primaryimage"},"image":{"@id":"https:\/\/orthodoxalbania.org\/2020\/2014\/12\/15\/u-zhvillua-asambleja-e-lidhjes-orthodhokse-te-rinise-se-shqiperise\/#primaryimage"},"thumbnailUrl":"https:\/\/orthodoxalbania.org\/2020\/wp-content\/uploads\/2020\/04\/untitled-216.jpg","datePublished":"2014-12-15T18:30:50+00:00","dateModified":"2020-04-06T20:02:20+00:00","breadcrumb":{"@id":"https:\/\/orthodoxalbania.org\/2020\/2014\/12\/15\/u-zhvillua-asambleja-e-lidhjes-orthodhokse-te-rinise-se-shqiperise\/#breadcrumb"},"inLanguage":"en-US","potentialAction":[{"@type":"ReadAction","target":["https:\/\/orthodoxalbania.org\/2020\/2014\/12\/15\/u-zhvillua-asambleja-e-lidhjes-orthodhokse-te-rinise-se-shqiperise\/"]}]},{"@type":"ImageObject","inLanguage":"en-US","@id":"https:\/\/orthodoxalbania.org\/2020\/2014\/12\/15\/u-zhvillua-asambleja-e-lidhjes-orthodhokse-te-rinise-se-shqiperise\/#primaryimage","url":"https:\/\/orthodoxalbania.org\/2020\/wp-content\/uploads\/2020\/04\/untitled-216.jpg","contentUrl":"https:\/\/orthodoxalbania.org\/2020\/wp-content\/uploads\/2020\/04\/untitled-216.jpg","width":958,"height":626},{"@type":"BreadcrumbList","@id":"https:\/\/orthodoxalbania.org\/2020\/2014\/12\/15\/u-zhvillua-asambleja-e-lidhjes-orthodhokse-te-rinise-se-shqiperise\/#breadcrumb","itemListElement":[{"@type":"ListItem","position":1,"name":"Home","item":"https:\/\/orthodoxalbania.org\/2020\/"},{"@type":"ListItem","position":2,"name":"U zhvillua Asambleja e Lidhjes Orthodhokse t\u00eb Rinis\u00eb s\u00eb Shqip\u00ebris\u00eb"}]},{"@type":"WebSite","@id":"https:\/\/orthodoxalbania.org\/2020\/#website","url":"https:\/\/orthodoxalbania.org\/2020\/","name":"Kisha Orthodh\u03bfkse Autoqefale e Shqip\u00ebris\u00eb","description":"Fqja Zyrtare e Kish\u00ebs Orthodhokse Autoqefale e Shqip\u00ebris\u00eb me lajmet edhe informacionet zyrtare p\u00ebr struktur\u00ebn edhe veprimtarin e saj.","publisher":{"@id":"https:\/\/orthodoxalbania.org\/2020\/#organization"},"potentialAction":[{"@type":"SearchAction","target":{"@type":"EntryPoint","urlTemplate":"https:\/\/orthodoxalbania.org\/2020\/?s={search_term_string}"},"query-input":{"@type":"PropertyValueSpecification","valueRequired":true,"valueName":"search_term_string"}}],"inLanguage":"en-US"},{"@type":"Organization","@id":"https:\/\/orthodoxalbania.org\/2020\/#organization","name":"Kisha Orthodhokse Autoqefale e Shqip\u00ebris\u00eb","url":"https:\/\/orthodoxalbania.org\/2020\/","logo":{"@type":"ImageObject","inLanguage":"en-US","@id":"https:\/\/orthodoxalbania.org\/2020\/#\/schema\/logo\/image\/","url":"https:\/\/orthodoxalbania.org\/2020\/wp-content\/uploads\/2020\/05\/albania.jpeg","contentUrl":"https:\/\/orthodoxalbania.org\/2020\/wp-content\/uploads\/2020\/05\/albania.jpeg","width":540,"height":540,"caption":"Kisha Orthodhokse Autoqefale e Shqip\u00ebris\u00eb"},"image":{"@id":"https:\/\/orthodoxalbania.org\/2020\/#\/schema\/logo\/image\/"},"sameAs":["https:\/\/www.facebook.com\/koash1991"]},{"@type":"Person","@id":"https:\/\/orthodoxalbania.org\/2020\/#\/schema\/person\/dd2bdc135b53c60d45b8bb329565cf6d","name":"neo_admin","image":{"@type":"ImageObject","inLanguage":"en-US","@id":"https:\/\/secure.gravatar.com\/avatar\/53e6cdc30765aade0129f85e5aeb50124b1d3f5bb9a70373be31e4eb328371e0?s=96&d=mm&r=g","url":"https:\/\/secure.gravatar.com\/avatar\/53e6cdc30765aade0129f85e5aeb50124b1d3f5bb9a70373be31e4eb328371e0?s=96&d=mm&r=g","contentUrl":"https:\/\/secure.gravatar.com\/avatar\/53e6cdc30765aade0129f85e5aeb50124b1d3f5bb9a70373be31e4eb328371e0?s=96&d=mm&r=g","caption":"neo_admin"}}]}},"_links":{"self":[{"href":"https:\/\/orthodoxalbania.org\/2020\/wp-json\/wp\/v2\/posts\/1491","targetHints":{"allow":["GET"]}}],"collection":[{"href":"https:\/\/orthodoxalbania.org\/2020\/wp-json\/wp\/v2\/posts"}],"about":[{"href":"https:\/\/orthodoxalbania.org\/2020\/wp-json\/wp\/v2\/types\/post"}],"author":[{"embeddable":true,"href":"https:\/\/orthodoxalbania.org\/2020\/wp-json\/wp\/v2\/users\/14"}],"replies":[{"embeddable":true,"href":"https:\/\/orthodoxalbania.org\/2020\/wp-json\/wp\/v2\/comments?post=1491"}],"version-history":[{"count":1,"href":"https:\/\/orthodoxalbania.org\/2020\/wp-json\/wp\/v2\/posts\/1491\/revisions"}],"predecessor-version":[{"id":15041,"href":"https:\/\/orthodoxalbania.org\/2020\/wp-json\/wp\/v2\/posts\/1491\/revisions\/15041"}],"wp:featuredmedia":[{"embeddable":true,"href":"https:\/\/orthodoxalbania.org\/2020\/wp-json\/wp\/v2\/media\/1288"}],"wp:attachment":[{"href":"https:\/\/orthodoxalbania.org\/2020\/wp-json\/wp\/v2\/media?parent=1491"}],"wp:term":[{"taxonomy":"category","embeddable":true,"href":"https:\/\/orthodoxalbania.org\/2020\/wp-json\/wp\/v2\/categories?post=1491"},{"taxonomy":"post_tag","embeddable":true,"href":"https:\/\/orthodoxalbania.org\/2020\/wp-json\/wp\/v2\/tags?post=1491"}],"curies":[{"name":"wp","href":"https:\/\/api.w.org\/{rel}","templated":true}]}}