{"id":149,"date":"2008-02-26T00:00:00","date_gmt":"2008-02-26T00:00:00","guid":{"rendered":""},"modified":"2020-04-06T22:35:24","modified_gmt":"2020-04-06T20:35:24","slug":"perfaqesues-te-mediave-kishtare-evropiane-krijojne-rrjetin-e-ri-mediatik-merr-pjese-edhe-kisha-jone-2008","status":"publish","type":"post","link":"https:\/\/orthodoxalbania.org\/2020\/2008\/02\/26\/perfaqesues-te-mediave-kishtare-evropiane-krijojne-rrjetin-e-ri-mediatik-merr-pjese-edhe-kisha-jone-2008\/","title":{"rendered":"P\u00ebrfaq\u00ebsues t\u00eb mediave kishtare evropiane krijojn\u00eb rrjetin e ri mediatik, merr pjes\u00eb edhe Kisha jon\u00eb. (2008)"},"content":{"rendered":"<div style=\"text-align: justify;\"><span style=\"font-family: helvetica; font-size: 12pt;\"><span style=\"color: #000000;\">&nbsp;&nbsp;&nbsp;&nbsp; Pas takimit t\u00eb par\u00eb n\u00eb Sibiu t\u00eb Rumanis\u00eb dhe Asambles\u00eb s\u00eb Tret\u00eb Ekumenike, q\u00eb u mbajt n\u00eb shtator t\u00eb vitit t\u00eb kaluar, rreth 40 p\u00ebrfaq\u00ebsues nga 18 shtete t\u00eb ndryshme t\u00eb kontinentit ton\u00eb q\u00eb punojn\u00eb n\u00eb mediat e krishtera evropiane u mblodh\u00ebn n\u00eb Gjenev\u00eb t\u00eb Zvicr\u00ebs n\u00eb dt. 5-7 Shtator 2008 p\u00ebr t\u00eb themeluar zyrtarisht rrjetin e p\u00ebrfaq\u00ebsuesve t\u00eb mediave t\u00eb kishave evropiane me emrin PONEC. Ky rrjet mb\u00ebshtetet nga Zyra e Komunikimit pran\u00eb K\u00ebshillit Evropian t\u00eb Kishave (CEC). N\u00eb k\u00ebt\u00eb takim mori pjes\u00eb edhe Kisha jon\u00eb.<\/p>\n<p> &nbsp;&nbsp;&nbsp; \u201cDuke e konsideruar rolin e komunikimit profesional t\u00eb kishave si nj\u00eb thirrje t\u00eb ve\u00e7ant\u00eb, q\u00ebllimi i PONEC \u00ebsht\u00eb t\u00eb forcoj\u00eb komunikimin e brendsh\u00ebm, t\u00eb jasht\u00ebm dhe dialogun nd\u00ebrfetar p\u00ebrmes shk\u00ebmbimit t\u00eb praktikave m\u00eb t\u00eb mira, duke inkurajuar lidershipin e kishave evropiane dhe p\u00ebr ta integruar at\u00eb n\u00eb nj\u00eb dimension t\u00eb ri, n\u00eb m\u00ebnyr\u00eb q\u00eb z\u00ebri i kishave t\u00eb krishtera t\u00eb d\u00ebgjohet qart\u00eb n\u00eb Evrop\u00eb dhe institucionet e saj\u201d &#8211; ishte thelbi i deklarat\u00ebs s\u00eb p\u00ebrbashk\u00ebt t\u00eb PONEC.<\/p>\n<p> &nbsp;&nbsp;&nbsp; Takimi nisi n\u00eb Qendr\u00ebn Ekumenike n\u00eb Gjenev\u00eb. \u201cEkumenizmi \u00ebsht\u00eb n\u00eb vetvete komunikim. Ai ofron sfida n\u00eb l\u00ebvizjen ekumenik n\u00eb mbar\u00eb Evrop\u00ebn dhe na jep mund\u00ebsin\u00eb t\u00eb jetojm\u00eb brenda shembujve q\u00eb sjell \u00e7do Kish\u00eb. Komunikimi \u00ebsht\u00eb institucion n\u00eb vetvete p\u00ebr t\u00eb balancuar interesat\u201d &#8211; theksoi n\u00eb fjal\u00ebn hap\u00ebse Rev. Colin Williams, Sekretar i P\u00ebrgjithsh\u00ebm i K\u00ebshillit Europian t\u00eb Kishave.<\/p>\n<p> &nbsp;&nbsp;&nbsp; T\u00eb nd\u00ebrtojm\u00eb nj\u00eb institucion komunikimi n\u00eb familjen ekumenike. Me k\u00ebt\u00eb ide e nisi fjal\u00ebn e tij, drejtori i programit p\u00ebr Ekumenizmin n\u00eb K\u00ebshillin Bot\u00ebror t\u00eb Kishave, Martin Robra. Ai n\u00ebnvizoi faktin se marr\u00ebdh\u00ebniet e mira varen nga komunikimi i mir\u00eb, duke u ndalur n\u00eb \u00e7\u00ebshtjen se si duhet t\u00eb nd\u00ebrtojm\u00eb nj\u00eb media ekumenike p\u00ebrball\u00eb nj\u00eb media sekulare dhe si mund ta b\u00ebjm\u00eb ne sot ekumenizmin m\u00eb t\u00eb komunikuesh\u00ebm, m\u00eb aktiv dhe m\u00eb t\u00eb organizuar.<\/p>\n<p> &nbsp;&nbsp;&nbsp; \u201cP\u00ebrball\u00eb konflikteve dhe ndasive ne duhet t\u00eb jemi s\u00eb bashku dhe unik. Vizioni yn\u00eb kalon p\u00ebrmes komunikimit. Ne duhet t\u00eb kuptojm\u00eb misionin \u2013 tha nd\u00ebr t\u00eb tjera edhe fol\u00ebsi tjet\u00ebr i panelit, Rev. Dr. Sitri Nyomi, Sekretar i P\u00ebrgjithsh\u00ebm i Aleanc\u00ebs Bot\u00ebrore t\u00eb kishave reformatore.<\/p>\n<p> &nbsp;&nbsp;&nbsp; Q\u00ebllimi i k\u00ebtij rrjeti t\u00eb ri mediatik t\u00eb kishave \u00ebsht\u00eb shk\u00ebmbimi i eksperiencave profesionale, mbledhja e informacioneve dhe lan\u00e7imi i tyre n\u00eb mediat kishtare kudo n\u00eb Evrop\u00eb. PONEC bashkon t\u00eb gjith\u00eb p\u00ebrfaq\u00ebsuesit e departamenteve t\u00eb komunikimit t\u00eb kishave evropiane n\u00eb trupin ekumenik (kishat anglikane, katolike e vjet\u00ebr, orthodhokse dhe protestante) duke ndjekur tre hapa t\u00eb r\u00ebnd\u00ebsish\u00ebm: nd\u00ebrtimi i urave t\u00eb reja t\u00eb komunikimit, shpresa p\u00ebr t\u00eb ardhmen e bashk\u00ebpunimit dhe vizioni i ri n\u00eb teknologjin\u00eb e re bashk\u00ebkohore.&nbsp;<\/p>\n<p> &nbsp;&nbsp;&nbsp; Ky rrjet do t\u00eb punoj\u00eb p\u00ebrmes komunikimit t\u00eb rregullt elektronik (me seksion interaktiv n\u00eb faqen e internetit t\u00eb K\u00ebshillit Evropian t\u00eb Kishave<a href=\"http:\/\/www.ceceurope.org\/\"> <\/a><\/span><a href=\"http:\/\/www.ceceurope.org\/\"><span style=\"color: #000000;\">www.cec.kek.org<\/span><\/a><span style=\"color: #000000;\"> ) dhe n\u00eb rastet e takimeve dhe mbledhjeve t\u00eb k\u00ebtij K\u00ebshilli.<\/p>\n<p> &nbsp;&nbsp;&nbsp; PONEC do t\u00eb ofroj\u00eb hap\u00ebsir\u00eb p\u00ebr an\u00ebtar\u00ebt q\u00eb t\u00eb reflektojn\u00eb n\u00eb strategjit\u00eb e komuniteteve t\u00eb krishtera n\u00eb Europ\u00eb dhe t\u00eb shk\u00ebmbejn\u00eb \u201cpraktikat e mira\u201d. N\u00eb ve\u00e7anti, PONEC \u00ebsht\u00eb duke reflektuar p\u00ebr m\u00ebnyr\u00ebn se si mund t\u00eb integrohen dimensionet e komunikimit n\u00eb lidershipin e kishave evropiane, si t\u00eb forcohet z\u00ebri i kishave dhe l\u00ebvizjeve ekumenike dhe t\u00eb d\u00ebgjohet n\u00eb mbar\u00eb Evrop\u00ebn, n\u00eb ve\u00e7anti n\u00eb bashk\u00ebpunimin me institucionet evropiane, t\u00eb rinovohet komunikimi p\u00ebrball\u00eb medias sekulare dhe si t\u00eb rritet an\u00ebtar\u00ebsia n\u00eb mediat e krishtera, duke u p\u00ebrqasur me teknologjin\u00eb e re t\u00eb informacionit.<\/span><\/span><\/div>\n<div style=\"text-align: right;\">\n<p><span style=\"color: #000000; font-family: helvetica; font-size: 12pt;\"> <strong><span class=\"style12\">&nbsp;&nbsp;&nbsp;&nbsp; Isidor Koti<\/span><\/strong><br \/> &nbsp;&nbsp;&nbsp;&nbsp; <\/span><\/div>\n","protected":false},"excerpt":{"rendered":"<p>&nbsp;&nbsp;&nbsp;&nbsp; Pas takimit t\u00eb par\u00eb n\u00eb Sibiu t\u00eb Rumanis\u00eb dhe Asambles\u00eb s\u00eb Tret\u00eb Ekumenike, q\u00eb u mbajt n\u00eb shtator t\u00eb vitit t\u00eb kaluar, rreth 40 p\u00ebrfaq\u00ebsues nga 18 shtete t\u00eb ndryshme t\u00eb kontinentit ton\u00eb q\u00eb punojn\u00eb n\u00eb mediat e krishtera evropiane u mblodh\u00ebn n\u00eb Gjenev\u00eb t\u00eb Zvicr\u00ebs n\u00eb dt. 5-7 Shtator 2008 p\u00ebr t\u00eb themeluar zyrtarisht rrjetin e p\u00ebrfaq\u00ebsuesve t\u00eb mediave t\u00eb kishave evropiane me<\/p>\n","protected":false},"author":1,"featured_media":0,"comment_status":"open","ping_status":"open","sticky":false,"template":"","format":"standard","meta":{"_acf_changed":false,"pagelayer_contact_templates":[],"_pagelayer_content":"","inline_featured_image":false,"fifu_image_url":"","fifu_image_alt":"","footnotes":""},"categories":[108],"tags":[146,153,196,212],"class_list":["post-149","post","type-post","status-publish","format-standard","hentry","category-lajme","tag-146","tag-deklarata-njoftime-zyrtare-d75","tag-tirane","tag-lajme-d27"],"acf":[],"yoast_head":"<!-- This site is optimized with the Yoast SEO plugin v27.2 - https:\/\/yoast.com\/product\/yoast-seo-wordpress\/ -->\n<title>P\u00ebrfaq\u00ebsues t\u00eb mediave kishtare evropiane krijojn\u00eb rrjetin e ri mediatik, merr pjes\u00eb edhe Kisha jon\u00eb. (2008) - Kisha Orthodh\u03bfkse Autoqefale e Shqip\u00ebris\u00eb<\/title>\n<meta name=\"robots\" content=\"index, follow, max-snippet:-1, max-image-preview:large, max-video-preview:-1\" \/>\n<link rel=\"canonical\" href=\"https:\/\/orthodoxalbania.org\/2020\/2008\/02\/26\/perfaqesues-te-mediave-kishtare-evropiane-krijojne-rrjetin-e-ri-mediatik-merr-pjese-edhe-kisha-jone-2008\/\" \/>\n<meta property=\"og:locale\" content=\"en_US\" \/>\n<meta property=\"og:type\" content=\"article\" \/>\n<meta property=\"og:title\" content=\"P\u00ebrfaq\u00ebsues t\u00eb mediave kishtare evropiane krijojn\u00eb rrjetin e ri mediatik, merr pjes\u00eb edhe Kisha jon\u00eb. (2008) - Kisha Orthodh\u03bfkse Autoqefale e Shqip\u00ebris\u00eb\" \/>\n<meta property=\"og:description\" content=\"&nbsp;&nbsp;&nbsp;&nbsp; Pas takimit t\u00eb par\u00eb n\u00eb Sibiu t\u00eb Rumanis\u00eb dhe Asambles\u00eb s\u00eb Tret\u00eb Ekumenike, q\u00eb u mbajt n\u00eb shtator t\u00eb vitit t\u00eb kaluar, rreth 40 p\u00ebrfaq\u00ebsues nga 18 shtete t\u00eb ndryshme t\u00eb kontinentit ton\u00eb q\u00eb punojn\u00eb n\u00eb mediat e krishtera evropiane u mblodh\u00ebn n\u00eb Gjenev\u00eb t\u00eb Zvicr\u00ebs n\u00eb dt. 5-7 Shtator 2008 p\u00ebr t\u00eb themeluar zyrtarisht rrjetin e p\u00ebrfaq\u00ebsuesve t\u00eb mediave t\u00eb kishave evropiane me\" \/>\n<meta property=\"og:url\" content=\"https:\/\/orthodoxalbania.org\/2020\/2008\/02\/26\/perfaqesues-te-mediave-kishtare-evropiane-krijojne-rrjetin-e-ri-mediatik-merr-pjese-edhe-kisha-jone-2008\/\" \/>\n<meta property=\"og:site_name\" content=\"Kisha Orthodh\u03bfkse Autoqefale e Shqip\u00ebris\u00eb\" \/>\n<meta property=\"article:publisher\" content=\"https:\/\/www.facebook.com\/koash1991\" \/>\n<meta property=\"article:published_time\" content=\"2008-02-26T00:00:00+00:00\" \/>\n<meta property=\"article:modified_time\" content=\"2020-04-06T20:35:24+00:00\" \/>\n<meta property=\"og:image\" content=\"https:\/\/orthodoxalbania.org\/2020\/wp-content\/uploads\/2021\/02\/LogoLastALb-200.png\" \/>\n\t<meta property=\"og:image:width\" content=\"200\" \/>\n\t<meta property=\"og:image:height\" content=\"172\" \/>\n\t<meta property=\"og:image:type\" content=\"image\/png\" \/>\n<meta name=\"author\" content=\"Kisha Orthodhokse\" \/>\n<meta name=\"twitter:card\" content=\"summary_large_image\" \/>\n<meta name=\"twitter:label1\" content=\"Written by\" \/>\n\t<meta name=\"twitter:data1\" content=\"Kisha Orthodhokse\" \/>\n\t<meta name=\"twitter:label2\" content=\"Est. reading time\" \/>\n\t<meta name=\"twitter:data2\" content=\"3 minutes\" \/>\n<script type=\"application\/ld+json\" class=\"yoast-schema-graph\">{\"@context\":\"https:\/\/schema.org\",\"@graph\":[{\"@type\":\"Article\",\"@id\":\"https:\/\/orthodoxalbania.org\/2020\/2008\/02\/26\/perfaqesues-te-mediave-kishtare-evropiane-krijojne-rrjetin-e-ri-mediatik-merr-pjese-edhe-kisha-jone-2008\/#article\",\"isPartOf\":{\"@id\":\"https:\/\/orthodoxalbania.org\/2020\/2008\/02\/26\/perfaqesues-te-mediave-kishtare-evropiane-krijojne-rrjetin-e-ri-mediatik-merr-pjese-edhe-kisha-jone-2008\/\"},\"author\":{\"name\":\"Kisha Orthodhokse\",\"@id\":\"https:\/\/orthodoxalbania.org\/2020\/#\/schema\/person\/0c387634a7063ac612d7ed9ce71c7e86\"},\"headline\":\"P\u00ebrfaq\u00ebsues t\u00eb mediave kishtare evropiane krijojn\u00eb rrjetin e ri mediatik, merr pjes\u00eb edhe Kisha jon\u00eb. (2008)\",\"datePublished\":\"2008-02-26T00:00:00+00:00\",\"dateModified\":\"2020-04-06T20:35:24+00:00\",\"mainEntityOfPage\":{\"@id\":\"https:\/\/orthodoxalbania.org\/2020\/2008\/02\/26\/perfaqesues-te-mediave-kishtare-evropiane-krijojne-rrjetin-e-ri-mediatik-merr-pjese-edhe-kisha-jone-2008\/\"},\"wordCount\":688,\"commentCount\":0,\"publisher\":{\"@id\":\"https:\/\/orthodoxalbania.org\/2020\/#organization\"},\"keywords\":[\"2008\",\"Deklarata - Njoftime Zyrtare\",\"Kryepiskopata Tiran\u00eb\",\"lajme\"],\"articleSection\":[\"Lajme\"],\"inLanguage\":\"en-US\"},{\"@type\":\"WebPage\",\"@id\":\"https:\/\/orthodoxalbania.org\/2020\/2008\/02\/26\/perfaqesues-te-mediave-kishtare-evropiane-krijojne-rrjetin-e-ri-mediatik-merr-pjese-edhe-kisha-jone-2008\/\",\"url\":\"https:\/\/orthodoxalbania.org\/2020\/2008\/02\/26\/perfaqesues-te-mediave-kishtare-evropiane-krijojne-rrjetin-e-ri-mediatik-merr-pjese-edhe-kisha-jone-2008\/\",\"name\":\"P\u00ebrfaq\u00ebsues t\u00eb mediave kishtare evropiane krijojn\u00eb rrjetin e ri mediatik, merr pjes\u00eb edhe Kisha jon\u00eb. (2008) - Kisha Orthodh\u03bfkse Autoqefale e Shqip\u00ebris\u00eb\",\"isPartOf\":{\"@id\":\"https:\/\/orthodoxalbania.org\/2020\/#website\"},\"datePublished\":\"2008-02-26T00:00:00+00:00\",\"dateModified\":\"2020-04-06T20:35:24+00:00\",\"breadcrumb\":{\"@id\":\"https:\/\/orthodoxalbania.org\/2020\/2008\/02\/26\/perfaqesues-te-mediave-kishtare-evropiane-krijojne-rrjetin-e-ri-mediatik-merr-pjese-edhe-kisha-jone-2008\/#breadcrumb\"},\"inLanguage\":\"en-US\",\"potentialAction\":[{\"@type\":\"ReadAction\",\"target\":[\"https:\/\/orthodoxalbania.org\/2020\/2008\/02\/26\/perfaqesues-te-mediave-kishtare-evropiane-krijojne-rrjetin-e-ri-mediatik-merr-pjese-edhe-kisha-jone-2008\/\"]}]},{\"@type\":\"BreadcrumbList\",\"@id\":\"https:\/\/orthodoxalbania.org\/2020\/2008\/02\/26\/perfaqesues-te-mediave-kishtare-evropiane-krijojne-rrjetin-e-ri-mediatik-merr-pjese-edhe-kisha-jone-2008\/#breadcrumb\",\"itemListElement\":[{\"@type\":\"ListItem\",\"position\":1,\"name\":\"Home\",\"item\":\"https:\/\/orthodoxalbania.org\/2020\/\"},{\"@type\":\"ListItem\",\"position\":2,\"name\":\"P\u00ebrfaq\u00ebsues t\u00eb mediave kishtare evropiane krijojn\u00eb rrjetin e ri mediatik, merr pjes\u00eb edhe Kisha jon\u00eb. (2008)\"}]},{\"@type\":\"WebSite\",\"@id\":\"https:\/\/orthodoxalbania.org\/2020\/#website\",\"url\":\"https:\/\/orthodoxalbania.org\/2020\/\",\"name\":\"Kisha Orthodh\u03bfkse Autoqefale e Shqip\u00ebris\u00eb\",\"description\":\"Fqja Zyrtare e Kish\u00ebs Orthodhokse Autoqefale e Shqip\u00ebris\u00eb me lajmet edhe informacionet zyrtare p\u00ebr struktur\u00ebn edhe veprimtarin e saj.\",\"publisher\":{\"@id\":\"https:\/\/orthodoxalbania.org\/2020\/#organization\"},\"potentialAction\":[{\"@type\":\"SearchAction\",\"target\":{\"@type\":\"EntryPoint\",\"urlTemplate\":\"https:\/\/orthodoxalbania.org\/2020\/?s={search_term_string}\"},\"query-input\":{\"@type\":\"PropertyValueSpecification\",\"valueRequired\":true,\"valueName\":\"search_term_string\"}}],\"inLanguage\":\"en-US\"},{\"@type\":\"Organization\",\"@id\":\"https:\/\/orthodoxalbania.org\/2020\/#organization\",\"name\":\"Kisha Orthodhokse Autoqefale e Shqip\u00ebris\u00eb\",\"url\":\"https:\/\/orthodoxalbania.org\/2020\/\",\"logo\":{\"@type\":\"ImageObject\",\"inLanguage\":\"en-US\",\"@id\":\"https:\/\/orthodoxalbania.org\/2020\/#\/schema\/logo\/image\/\",\"url\":\"https:\/\/orthodoxalbania.org\/2020\/wp-content\/uploads\/2020\/05\/albania.jpeg\",\"contentUrl\":\"https:\/\/orthodoxalbania.org\/2020\/wp-content\/uploads\/2020\/05\/albania.jpeg\",\"width\":540,\"height\":540,\"caption\":\"Kisha Orthodhokse Autoqefale e Shqip\u00ebris\u00eb\"},\"image\":{\"@id\":\"https:\/\/orthodoxalbania.org\/2020\/#\/schema\/logo\/image\/\"},\"sameAs\":[\"https:\/\/www.facebook.com\/koash1991\"]},{\"@type\":\"Person\",\"@id\":\"https:\/\/orthodoxalbania.org\/2020\/#\/schema\/person\/0c387634a7063ac612d7ed9ce71c7e86\",\"name\":\"Kisha Orthodhokse\",\"image\":{\"@type\":\"ImageObject\",\"inLanguage\":\"en-US\",\"@id\":\"https:\/\/secure.gravatar.com\/avatar\/596e7c417251e30f2fbb9c00e026fce61a695a00e51c889caded71c96cbbdde5?s=96&d=mm&r=g\",\"url\":\"https:\/\/secure.gravatar.com\/avatar\/596e7c417251e30f2fbb9c00e026fce61a695a00e51c889caded71c96cbbdde5?s=96&d=mm&r=g\",\"contentUrl\":\"https:\/\/secure.gravatar.com\/avatar\/596e7c417251e30f2fbb9c00e026fce61a695a00e51c889caded71c96cbbdde5?s=96&d=mm&r=g\",\"caption\":\"Kisha Orthodhokse\"}}]}<\/script>\n<!-- \/ Yoast SEO plugin. -->","yoast_head_json":{"title":"P\u00ebrfaq\u00ebsues t\u00eb mediave kishtare evropiane krijojn\u00eb rrjetin e ri mediatik, merr pjes\u00eb edhe Kisha jon\u00eb. (2008) - Kisha Orthodh\u03bfkse Autoqefale e Shqip\u00ebris\u00eb","robots":{"index":"index","follow":"follow","max-snippet":"max-snippet:-1","max-image-preview":"max-image-preview:large","max-video-preview":"max-video-preview:-1"},"canonical":"https:\/\/orthodoxalbania.org\/2020\/2008\/02\/26\/perfaqesues-te-mediave-kishtare-evropiane-krijojne-rrjetin-e-ri-mediatik-merr-pjese-edhe-kisha-jone-2008\/","og_locale":"en_US","og_type":"article","og_title":"P\u00ebrfaq\u00ebsues t\u00eb mediave kishtare evropiane krijojn\u00eb rrjetin e ri mediatik, merr pjes\u00eb edhe Kisha jon\u00eb. (2008) - Kisha Orthodh\u03bfkse Autoqefale e Shqip\u00ebris\u00eb","og_description":"&nbsp;&nbsp;&nbsp;&nbsp; Pas takimit t\u00eb par\u00eb n\u00eb Sibiu t\u00eb Rumanis\u00eb dhe Asambles\u00eb s\u00eb Tret\u00eb Ekumenike, q\u00eb u mbajt n\u00eb shtator t\u00eb vitit t\u00eb kaluar, rreth 40 p\u00ebrfaq\u00ebsues nga 18 shtete t\u00eb ndryshme t\u00eb kontinentit ton\u00eb q\u00eb punojn\u00eb n\u00eb mediat e krishtera evropiane u mblodh\u00ebn n\u00eb Gjenev\u00eb t\u00eb Zvicr\u00ebs n\u00eb dt. 5-7 Shtator 2008 p\u00ebr t\u00eb themeluar zyrtarisht rrjetin e p\u00ebrfaq\u00ebsuesve t\u00eb mediave t\u00eb kishave evropiane me","og_url":"https:\/\/orthodoxalbania.org\/2020\/2008\/02\/26\/perfaqesues-te-mediave-kishtare-evropiane-krijojne-rrjetin-e-ri-mediatik-merr-pjese-edhe-kisha-jone-2008\/","og_site_name":"Kisha Orthodh\u03bfkse Autoqefale e Shqip\u00ebris\u00eb","article_publisher":"https:\/\/www.facebook.com\/koash1991","article_published_time":"2008-02-26T00:00:00+00:00","article_modified_time":"2020-04-06T20:35:24+00:00","og_image":[{"width":200,"height":172,"url":"https:\/\/orthodoxalbania.org\/2020\/wp-content\/uploads\/2021\/02\/LogoLastALb-200.png","type":"image\/png"}],"author":"Kisha Orthodhokse","twitter_card":"summary_large_image","twitter_misc":{"Written by":"Kisha Orthodhokse","Est. reading time":"3 minutes"},"schema":{"@context":"https:\/\/schema.org","@graph":[{"@type":"Article","@id":"https:\/\/orthodoxalbania.org\/2020\/2008\/02\/26\/perfaqesues-te-mediave-kishtare-evropiane-krijojne-rrjetin-e-ri-mediatik-merr-pjese-edhe-kisha-jone-2008\/#article","isPartOf":{"@id":"https:\/\/orthodoxalbania.org\/2020\/2008\/02\/26\/perfaqesues-te-mediave-kishtare-evropiane-krijojne-rrjetin-e-ri-mediatik-merr-pjese-edhe-kisha-jone-2008\/"},"author":{"name":"Kisha Orthodhokse","@id":"https:\/\/orthodoxalbania.org\/2020\/#\/schema\/person\/0c387634a7063ac612d7ed9ce71c7e86"},"headline":"P\u00ebrfaq\u00ebsues t\u00eb mediave kishtare evropiane krijojn\u00eb rrjetin e ri mediatik, merr pjes\u00eb edhe Kisha jon\u00eb. (2008)","datePublished":"2008-02-26T00:00:00+00:00","dateModified":"2020-04-06T20:35:24+00:00","mainEntityOfPage":{"@id":"https:\/\/orthodoxalbania.org\/2020\/2008\/02\/26\/perfaqesues-te-mediave-kishtare-evropiane-krijojne-rrjetin-e-ri-mediatik-merr-pjese-edhe-kisha-jone-2008\/"},"wordCount":688,"commentCount":0,"publisher":{"@id":"https:\/\/orthodoxalbania.org\/2020\/#organization"},"keywords":["2008","Deklarata - Njoftime Zyrtare","Kryepiskopata Tiran\u00eb","lajme"],"articleSection":["Lajme"],"inLanguage":"en-US"},{"@type":"WebPage","@id":"https:\/\/orthodoxalbania.org\/2020\/2008\/02\/26\/perfaqesues-te-mediave-kishtare-evropiane-krijojne-rrjetin-e-ri-mediatik-merr-pjese-edhe-kisha-jone-2008\/","url":"https:\/\/orthodoxalbania.org\/2020\/2008\/02\/26\/perfaqesues-te-mediave-kishtare-evropiane-krijojne-rrjetin-e-ri-mediatik-merr-pjese-edhe-kisha-jone-2008\/","name":"P\u00ebrfaq\u00ebsues t\u00eb mediave kishtare evropiane krijojn\u00eb rrjetin e ri mediatik, merr pjes\u00eb edhe Kisha jon\u00eb. (2008) - Kisha Orthodh\u03bfkse Autoqefale e Shqip\u00ebris\u00eb","isPartOf":{"@id":"https:\/\/orthodoxalbania.org\/2020\/#website"},"datePublished":"2008-02-26T00:00:00+00:00","dateModified":"2020-04-06T20:35:24+00:00","breadcrumb":{"@id":"https:\/\/orthodoxalbania.org\/2020\/2008\/02\/26\/perfaqesues-te-mediave-kishtare-evropiane-krijojne-rrjetin-e-ri-mediatik-merr-pjese-edhe-kisha-jone-2008\/#breadcrumb"},"inLanguage":"en-US","potentialAction":[{"@type":"ReadAction","target":["https:\/\/orthodoxalbania.org\/2020\/2008\/02\/26\/perfaqesues-te-mediave-kishtare-evropiane-krijojne-rrjetin-e-ri-mediatik-merr-pjese-edhe-kisha-jone-2008\/"]}]},{"@type":"BreadcrumbList","@id":"https:\/\/orthodoxalbania.org\/2020\/2008\/02\/26\/perfaqesues-te-mediave-kishtare-evropiane-krijojne-rrjetin-e-ri-mediatik-merr-pjese-edhe-kisha-jone-2008\/#breadcrumb","itemListElement":[{"@type":"ListItem","position":1,"name":"Home","item":"https:\/\/orthodoxalbania.org\/2020\/"},{"@type":"ListItem","position":2,"name":"P\u00ebrfaq\u00ebsues t\u00eb mediave kishtare evropiane krijojn\u00eb rrjetin e ri mediatik, merr pjes\u00eb edhe Kisha jon\u00eb. (2008)"}]},{"@type":"WebSite","@id":"https:\/\/orthodoxalbania.org\/2020\/#website","url":"https:\/\/orthodoxalbania.org\/2020\/","name":"Kisha Orthodh\u03bfkse Autoqefale e Shqip\u00ebris\u00eb","description":"Fqja Zyrtare e Kish\u00ebs Orthodhokse Autoqefale e Shqip\u00ebris\u00eb me lajmet edhe informacionet zyrtare p\u00ebr struktur\u00ebn edhe veprimtarin e saj.","publisher":{"@id":"https:\/\/orthodoxalbania.org\/2020\/#organization"},"potentialAction":[{"@type":"SearchAction","target":{"@type":"EntryPoint","urlTemplate":"https:\/\/orthodoxalbania.org\/2020\/?s={search_term_string}"},"query-input":{"@type":"PropertyValueSpecification","valueRequired":true,"valueName":"search_term_string"}}],"inLanguage":"en-US"},{"@type":"Organization","@id":"https:\/\/orthodoxalbania.org\/2020\/#organization","name":"Kisha Orthodhokse Autoqefale e Shqip\u00ebris\u00eb","url":"https:\/\/orthodoxalbania.org\/2020\/","logo":{"@type":"ImageObject","inLanguage":"en-US","@id":"https:\/\/orthodoxalbania.org\/2020\/#\/schema\/logo\/image\/","url":"https:\/\/orthodoxalbania.org\/2020\/wp-content\/uploads\/2020\/05\/albania.jpeg","contentUrl":"https:\/\/orthodoxalbania.org\/2020\/wp-content\/uploads\/2020\/05\/albania.jpeg","width":540,"height":540,"caption":"Kisha Orthodhokse Autoqefale e Shqip\u00ebris\u00eb"},"image":{"@id":"https:\/\/orthodoxalbania.org\/2020\/#\/schema\/logo\/image\/"},"sameAs":["https:\/\/www.facebook.com\/koash1991"]},{"@type":"Person","@id":"https:\/\/orthodoxalbania.org\/2020\/#\/schema\/person\/0c387634a7063ac612d7ed9ce71c7e86","name":"Kisha Orthodhokse","image":{"@type":"ImageObject","inLanguage":"en-US","@id":"https:\/\/secure.gravatar.com\/avatar\/596e7c417251e30f2fbb9c00e026fce61a695a00e51c889caded71c96cbbdde5?s=96&d=mm&r=g","url":"https:\/\/secure.gravatar.com\/avatar\/596e7c417251e30f2fbb9c00e026fce61a695a00e51c889caded71c96cbbdde5?s=96&d=mm&r=g","contentUrl":"https:\/\/secure.gravatar.com\/avatar\/596e7c417251e30f2fbb9c00e026fce61a695a00e51c889caded71c96cbbdde5?s=96&d=mm&r=g","caption":"Kisha Orthodhokse"}}]}},"_links":{"self":[{"href":"https:\/\/orthodoxalbania.org\/2020\/wp-json\/wp\/v2\/posts\/149","targetHints":{"allow":["GET"]}}],"collection":[{"href":"https:\/\/orthodoxalbania.org\/2020\/wp-json\/wp\/v2\/posts"}],"about":[{"href":"https:\/\/orthodoxalbania.org\/2020\/wp-json\/wp\/v2\/types\/post"}],"author":[{"embeddable":true,"href":"https:\/\/orthodoxalbania.org\/2020\/wp-json\/wp\/v2\/users\/1"}],"replies":[{"embeddable":true,"href":"https:\/\/orthodoxalbania.org\/2020\/wp-json\/wp\/v2\/comments?post=149"}],"version-history":[{"count":1,"href":"https:\/\/orthodoxalbania.org\/2020\/wp-json\/wp\/v2\/posts\/149\/revisions"}],"predecessor-version":[{"id":15673,"href":"https:\/\/orthodoxalbania.org\/2020\/wp-json\/wp\/v2\/posts\/149\/revisions\/15673"}],"wp:attachment":[{"href":"https:\/\/orthodoxalbania.org\/2020\/wp-json\/wp\/v2\/media?parent=149"}],"wp:term":[{"taxonomy":"category","embeddable":true,"href":"https:\/\/orthodoxalbania.org\/2020\/wp-json\/wp\/v2\/categories?post=149"},{"taxonomy":"post_tag","embeddable":true,"href":"https:\/\/orthodoxalbania.org\/2020\/wp-json\/wp\/v2\/tags?post=149"}],"curies":[{"name":"wp","href":"https:\/\/api.w.org\/{rel}","templated":true}]}}