{"id":1489,"date":"2013-11-15T11:38:14","date_gmt":"2013-11-15T11:38:14","guid":{"rendered":""},"modified":"2020-04-06T22:05:28","modified_gmt":"2020-04-06T20:05:28","slug":"u-zhvillua-asambleja-e-10-e-kbk-ne-busan-2","status":"publish","type":"post","link":"https:\/\/orthodoxalbania.org\/2020\/2013\/11\/15\/u-zhvillua-asambleja-e-10-e-kbk-ne-busan-2\/","title":{"rendered":"U zhvillua Asambleja e 10 e WCC n\u00eb Busan.(30 Tetor-8 N\u00ebntor 2013)"},"content":{"rendered":"<div style=\"text-align: justify;\">\n\t<span style=\"color:#000000;\"><span style=\"font-family: tahoma,geneva,sans-serif;\"><span style=\"font-size: 12px;\"><img decoding=\"async\" class=\"lazyload HAa Eha\" src=\"data:image\/gif;base64,R0lGODlhAQABAAAAACH5BAEKAAEALAAAAAABAAEAAAICTAEAOw==\" data-orig-src=\"https:\/\/lh6.googleusercontent.com\/-9jjeKziFpss\/UoYGTbANB-I\/AAAAAAAAG3I\/mIigo-fPFbk\/w702-h467-no\/Foto+1%2C+WCC.JPG\" style=\"height: 200px; width: 300px; margin: 10px; float: left; border-width: 1px; border-style: solid;\" \/>&nbsp; &nbsp; N\u00eb datat 30 Tetor-8 N\u00ebntor 2013, u zhvillua Asambleja e 10 e WCC. K\u00ebt\u00eb her\u00eb asambleja e p\u00ebrgjithshme ishte caktuar t\u00eb b\u00ebhej n\u00eb qytetin Busan t\u00eb Kores\u00eb s\u00eb Jugut. Tema e k\u00ebsaj asambleje ishte \u201cZot i jet\u00ebs, na drejto n\u00eb drejt\u00ebsi edhe paqe.\u201d<\/span><\/span><\/span><\/div>\n<div style=\"text-align: justify;\">\n\t<br \/>\n\t<span style=\"color:#000000;\"><span style=\"font-family: tahoma,geneva,sans-serif;\"><span style=\"font-size: 12px;\">&nbsp;&nbsp;&nbsp; Punimet e asambles\u00eb bazoheshin pra n\u00eb k\u00ebto koncepte t\u00eb drejt\u00ebsis\u00eb dhe t\u00eb paqes. Besoj se nj\u00eb arsye e r\u00ebnd\u00ebsishme pse u vendos q\u00eb asambleja t\u00eb zhvillonte punimet e saj n\u00eb Kore \u00ebsht\u00eb e qart\u00eb. P\u00ebrpjekja p\u00ebr paqen dhe t\u00eb jetuarit n\u00eb harmoni s\u00eb bashku, \u00ebsht\u00eb nj\u00eb \u00e7\u00ebshtje par\u00ebsore p\u00ebr popullin e Kores\u00eb, t\u00eb cil\u00ebt prej vitesh jetojn\u00eb t\u00eb ndar\u00eb, madje nj\u00eb pjes\u00eb kryesore e pun\u00ebs dhe lutjes s\u00eb asambles\u00eb ishte bashkimi i gadishullit Korean.<\/p>\n<p>\t&nbsp;&nbsp;&nbsp; K\u00ebshilli Bot\u00ebror i Kishave \u00ebsht\u00eb n\u00eb fakt nj\u00eb organizat\u00eb e krishter\u00eb, q\u00eb ka nj\u00eb rol shum\u00eb t\u00eb r\u00ebnd\u00ebsish\u00ebm jo vet\u00ebm n\u00eb ruajtjes e paqes, t\u00eb t\u00eb drejtave t\u00eb njeriut, n\u00eb dialogun mes t\u00eb krishter\u00ebve, edhe sidomos n\u00eb dialogun e t\u00eb krishter\u00ebve me bot\u00ebn. Ai p\u00ebrb\u00ebn nj\u00eb nga shprehjet m\u00eb t\u00eb arrira t\u00eb l\u00ebvizjes ekumenike, q\u00ebllimi i s\u00eb cil\u00ebs \u00ebsht\u00eb bashkimi i t\u00eb krishter\u00ebve kudo n\u00eb bot\u00eb n\u00eb Zotin ton\u00eb Jisu Krisht.<\/span><\/span><\/span><\/div>\n<div style=\"text-align: justify;\">\n\t<br \/>\n\t<span style=\"color:#000000;\"><span style=\"font-family: tahoma,geneva,sans-serif;\"><span style=\"font-size: 12px;\">&nbsp;&nbsp;&nbsp; N\u00eb k\u00ebt\u00eb organiz\u00ebm t\u00eb r\u00ebnd\u00ebsish\u00ebm ka an\u00ebtar\u00eb nga m\u00eb shum\u00eb se 110 vende. Jan\u00eb an\u00ebtar\u00eb rreth 345 kisha, duke p\u00ebrfshir\u00eb kishat orthodhokse, anglikane, baptiste, luterane, metodiste, presvitariane, t\u00eb reformuara, t\u00eb pavaruar etj. K\u00ebto kisha shtrihen n\u00eb rajone t\u00eb ndryshme t\u00eb bot\u00ebs n\u00eb Amerik\u00eb, Afrik\u00eb, Azi, Europ\u00eb, Karaibe, Pacifik, Lindje e Mesme etj. Numri i pjes\u00ebmarr\u00ebsve n\u00eb k\u00ebt\u00eb aktivitet madh\u00ebshtor, q\u00eb zhvillohet 1 her\u00eb n\u00eb 7 vjet, arrinte deri n\u00eb 5.000, duke p\u00ebrfshir\u00eb edhe pjes\u00ebtar\u00ebt e kishave koreane.<\/span><\/span><\/span><\/div>\n<div style=\"text-align: justify;\">\n\t<br \/>\n\t<span style=\"color:#000000;\"><span style=\"font-family: tahoma,geneva,sans-serif;\"><span style=\"font-size: 12px;\">&nbsp;&nbsp;&nbsp; Bota orthodhokse p\u00ebrfaq\u00ebsohej nga delegacione t\u00eb shteteve t\u00eb ndryshme, nga episkop\u00eb, laik\u00eb, t\u00eb rinj etj. Pjes\u00ebmarr\u00ebsit ishin nga Rusia, Serbia, Polonia, Ukraina, Finlanda, Greqia, Shqip\u00ebria, Antiokia, Konstandinopoja, Shtetet e Bashkuara, madje edhe nga Kenia, Zimbabve dhe Australia.<\/span><\/span><\/span><\/div>\n<div style=\"text-align: justify;\">\n\t<br \/>\n\t<span style=\"color:#000000;\"><span style=\"font-family: tahoma,geneva,sans-serif;\"><span style=\"font-size: 12px;\">&nbsp;&nbsp;&nbsp; Program ishte i larmish\u00ebm. P\u00ebrve\u00e7 pjes\u00ebs kryesore q\u00eb lidhej me pun\u00ebn e asambles\u00eb p\u00ebr drejt\u00ebsin\u00eb, paqen, misionin dhe d\u00ebshmin\u00eb e krishter\u00eb, pat\u00ebm mund\u00ebsin\u00eb t\u00eb reflektonin, t\u00eb studionim n\u00eb grupe t\u00eb vogla pasazhe biblike, t\u00eb bisedonim p\u00ebr sfidat e bot\u00ebs s\u00eb sotme etj.<\/span><\/span><\/span><\/div>\n<div style=\"text-align: justify;\">\n\t<br \/>\n\t<span style=\"color:#000000;\"><span style=\"font-family: tahoma,geneva,sans-serif;\"><span style=\"font-size: 12px;\">&nbsp;&nbsp;&nbsp; Po ashtu, pat\u00ebn bekimin t\u00eb vizitonim edhe komunitete orthodhokse n\u00eb Seul edhe Busan dhe t\u00eb m\u00ebsonim di\u00e7ka p\u00ebr kultur\u00ebn dhe traditat e k\u00ebtij populli. Morr\u00ebm vesh q\u00eb orthodhoksia ishte e pranishme n\u00eb at\u00eb vend q\u00eb prej 38 vjet\u00ebsh dhe q\u00eb me bekimin e Zotit pun\u00ebtor\u00ebt e ungjillit kishin arritur t\u00eb krijonin deri tashm\u00eb 7 enori.<\/span><\/span><\/span><\/div>\n<div style=\"text-align: justify;\">\n\t<br \/>\n\t<span style=\"color:#000000;\"><span style=\"font-family: tahoma,geneva,sans-serif;\"><span style=\"font-size: 12px;\">&nbsp;&nbsp; &nbsp; Kjo asamble p\u00ebrb\u00ebnte nj\u00eb aktivitet bot\u00ebror shum\u00eb t\u00eb r\u00ebnd\u00ebsish\u00ebm p\u00ebr gjith\u00eb bot\u00ebn e krishter\u00eb.<\/span><\/span><\/span><\/div>\n<div style=\"text-align: right;\">\n<p>\t<span style=\"color:#000000;\"><span style=\"font-family: tahoma,geneva,sans-serif;\"><span style=\"font-size: 12px;\"><strong>Gabriela Dalipi<\/strong><\/span><\/span><\/span><\/div>\n<div style=\"text-align: justify;\">\n\t&nbsp;<\/div>\n<div style=\"text-align: justify;\">\n\t&nbsp;<\/div>\n<div style=\"text-align: justify;\">\n\t<span style=\"color:#000000;\"><span style=\"font-family: tahoma,geneva,sans-serif;\"><span style=\"font-size: 12px;\"><strong><img decoding=\"async\" class=\"lazyload HAa Eha\" src=\"data:image\/gif;base64,R0lGODlhAQABAAAAACH5BAEKAAEALAAAAAABAAEAAAICTAEAOw==\" data-orig-src=\"https:\/\/lh6.googleusercontent.com\/-9jjeKziFpss\/UoYGTbANB-I\/AAAAAAAAG3I\/mIigo-fPFbk\/w702-h467-no\/Foto+1%2C+WCC.JPG\" style=\"height: 399px; width: 600px; margin: 10px; border-width: 1px; border-style: solid;\" \/><\/strong><\/span><\/span><\/span><\/div>\n<div style=\"text-align: justify;\">\n\t<span style=\"color:#000000;\"><span style=\"font-family: tahoma,geneva,sans-serif;\"><span style=\"font-size: 12px;\"><strong><img decoding=\"async\" class=\"lazyload HAa Eha\" src=\"data:image\/gif;base64,R0lGODlhAQABAAAAACH5BAEKAAEALAAAAAABAAEAAAICTAEAOw==\" data-orig-src=\"https:\/\/lh6.googleusercontent.com\/-OHZXi-yOwJE\/UoYGUMD0XdI\/AAAAAAAAG3Q\/uwJklbiuxWU\/w702-h467-no\/Foto+2+WCC.JPG\" style=\"height: 399px; width: 600px; margin: 10px; border-width: 1px; border-style: solid;\" \/><\/strong><\/span><\/span><\/span><\/div>\n<div style=\"text-align: justify;\">\n\t<span style=\"color:#000000;\"><span style=\"font-family: tahoma,geneva,sans-serif;\"><span style=\"font-size: 12px;\"><strong><img decoding=\"async\" class=\"lazyload HAa Eha\" src=\"data:image\/gif;base64,R0lGODlhAQABAAAAACH5BAEKAAEALAAAAAABAAEAAAICTAEAOw==\" data-orig-src=\"https:\/\/lh3.googleusercontent.com\/-WPrRZRZ36HA\/UoYGcwOiuFI\/AAAAAAAAG3Y\/LIY-au-_sVA\/w702-h524-no\/Foto+3%2C+WCC.JPG\" style=\"height: 448px; width: 600px; margin: 10px; border-width: 1px; border-style: solid;\" \/><\/strong><\/span><\/span><\/span><\/div>\n","protected":false},"excerpt":{"rendered":"<p>&nbsp; &nbsp; N\u00eb datat 30 Tetor-8 N\u00ebntor 2013, u zhvillua Asambleja e 10 e WCC. K\u00ebt\u00eb her\u00eb asambleja e p\u00ebrgjithshme ishte caktuar t\u00eb b\u00ebhej n\u00eb qytetin Busan t\u00eb Kores\u00eb s\u00eb Jugut. Tema e k\u00ebsaj asambleje ishte \u201cZot i jet\u00ebs, na drejto n\u00eb drejt\u00ebsi edhe paqe.\u201d &nbsp;&nbsp;&nbsp; Punimet e asambles\u00eb bazoheshin pra n\u00eb k\u00ebto koncepte t\u00eb drejt\u00ebsis\u00eb dhe t\u00eb paqes. Besoj se nj\u00eb arsye e r\u00ebnd\u00ebsishme<\/p>\n","protected":false},"author":1,"featured_media":0,"comment_status":"open","ping_status":"open","sticky":false,"template":"","format":"standard","meta":{"_acf_changed":false,"pagelayer_contact_templates":[],"_pagelayer_content":"","inline_featured_image":false,"fifu_image_url":"","fifu_image_alt":"","footnotes":""},"categories":[108],"tags":[141,153,196,212],"class_list":["post-1489","post","type-post","status-publish","format-standard","hentry","category-lajme","tag-141","tag-deklarata-njoftime-zyrtare-d75","tag-tirane","tag-lajme-d27"],"acf":[],"yoast_head":"<!-- This site is optimized with the Yoast SEO plugin v27.2 - https:\/\/yoast.com\/product\/yoast-seo-wordpress\/ -->\n<title>U zhvillua Asambleja e 10 e WCC n\u00eb Busan.(30 Tetor-8 N\u00ebntor 2013) - Kisha Orthodh\u03bfkse Autoqefale e Shqip\u00ebris\u00eb<\/title>\n<meta name=\"robots\" content=\"index, follow, max-snippet:-1, max-image-preview:large, max-video-preview:-1\" \/>\n<link rel=\"canonical\" href=\"https:\/\/orthodoxalbania.org\/2020\/2013\/11\/15\/u-zhvillua-asambleja-e-10-e-kbk-ne-busan-2\/\" \/>\n<meta property=\"og:locale\" content=\"en_US\" \/>\n<meta property=\"og:type\" content=\"article\" \/>\n<meta property=\"og:title\" content=\"U zhvillua Asambleja e 10 e WCC n\u00eb Busan.(30 Tetor-8 N\u00ebntor 2013) - Kisha Orthodh\u03bfkse Autoqefale e Shqip\u00ebris\u00eb\" \/>\n<meta property=\"og:description\" content=\"&nbsp; &nbsp; N\u00eb datat 30 Tetor-8 N\u00ebntor 2013, u zhvillua Asambleja e 10 e WCC. K\u00ebt\u00eb her\u00eb asambleja e p\u00ebrgjithshme ishte caktuar t\u00eb b\u00ebhej n\u00eb qytetin Busan t\u00eb Kores\u00eb s\u00eb Jugut. Tema e k\u00ebsaj asambleje ishte \u201cZot i jet\u00ebs, na drejto n\u00eb drejt\u00ebsi edhe paqe.\u201d &nbsp;&nbsp;&nbsp; Punimet e asambles\u00eb bazoheshin pra n\u00eb k\u00ebto koncepte t\u00eb drejt\u00ebsis\u00eb dhe t\u00eb paqes. Besoj se nj\u00eb arsye e r\u00ebnd\u00ebsishme\" \/>\n<meta property=\"og:url\" content=\"https:\/\/orthodoxalbania.org\/2020\/2013\/11\/15\/u-zhvillua-asambleja-e-10-e-kbk-ne-busan-2\/\" \/>\n<meta property=\"og:site_name\" content=\"Kisha Orthodh\u03bfkse Autoqefale e Shqip\u00ebris\u00eb\" \/>\n<meta property=\"article:publisher\" content=\"https:\/\/www.facebook.com\/koash1991\" \/>\n<meta property=\"article:published_time\" content=\"2013-11-15T11:38:14+00:00\" \/>\n<meta property=\"article:modified_time\" content=\"2020-04-06T20:05:28+00:00\" \/>\n<meta property=\"og:image\" content=\"https:\/\/lh6.googleusercontent.com\/-9jjeKziFpss\/UoYGTbANB-I\/AAAAAAAAG3I\/mIigo-fPFbk\/w702-h467-no\/Foto+1%2C+WCC.JPG\" \/>\n<meta name=\"author\" content=\"Kisha Orthodhokse\" \/>\n<meta name=\"twitter:card\" content=\"summary_large_image\" \/>\n<meta name=\"twitter:label1\" content=\"Written by\" \/>\n\t<meta name=\"twitter:data1\" content=\"Kisha Orthodhokse\" \/>\n\t<meta name=\"twitter:label2\" content=\"Est. reading time\" \/>\n\t<meta name=\"twitter:data2\" content=\"3 minutes\" \/>\n<script type=\"application\/ld+json\" class=\"yoast-schema-graph\">{\"@context\":\"https:\/\/schema.org\",\"@graph\":[{\"@type\":\"Article\",\"@id\":\"https:\/\/orthodoxalbania.org\/2020\/2013\/11\/15\/u-zhvillua-asambleja-e-10-e-kbk-ne-busan-2\/#article\",\"isPartOf\":{\"@id\":\"https:\/\/orthodoxalbania.org\/2020\/2013\/11\/15\/u-zhvillua-asambleja-e-10-e-kbk-ne-busan-2\/\"},\"author\":{\"name\":\"Kisha Orthodhokse\",\"@id\":\"https:\/\/orthodoxalbania.org\/2020\/#\/schema\/person\/0c387634a7063ac612d7ed9ce71c7e86\"},\"headline\":\"U zhvillua Asambleja e 10 e WCC n\u00eb Busan.(30 Tetor-8 N\u00ebntor 2013)\",\"datePublished\":\"2013-11-15T11:38:14+00:00\",\"dateModified\":\"2020-04-06T20:05:28+00:00\",\"mainEntityOfPage\":{\"@id\":\"https:\/\/orthodoxalbania.org\/2020\/2013\/11\/15\/u-zhvillua-asambleja-e-10-e-kbk-ne-busan-2\/\"},\"wordCount\":524,\"commentCount\":0,\"publisher\":{\"@id\":\"https:\/\/orthodoxalbania.org\/2020\/#organization\"},\"image\":{\"@id\":\"https:\/\/orthodoxalbania.org\/2020\/2013\/11\/15\/u-zhvillua-asambleja-e-10-e-kbk-ne-busan-2\/#primaryimage\"},\"thumbnailUrl\":\"https:\/\/lh6.googleusercontent.com\/-9jjeKziFpss\/UoYGTbANB-I\/AAAAAAAAG3I\/mIigo-fPFbk\/w702-h467-no\/Foto+1%2C+WCC.JPG\",\"keywords\":[\"2013\",\"Deklarata - Njoftime Zyrtare\",\"Kryepiskopata Tiran\u00eb\",\"lajme\"],\"articleSection\":[\"Lajme\"],\"inLanguage\":\"en-US\"},{\"@type\":\"WebPage\",\"@id\":\"https:\/\/orthodoxalbania.org\/2020\/2013\/11\/15\/u-zhvillua-asambleja-e-10-e-kbk-ne-busan-2\/\",\"url\":\"https:\/\/orthodoxalbania.org\/2020\/2013\/11\/15\/u-zhvillua-asambleja-e-10-e-kbk-ne-busan-2\/\",\"name\":\"U zhvillua Asambleja e 10 e WCC n\u00eb Busan.(30 Tetor-8 N\u00ebntor 2013) - Kisha Orthodh\u03bfkse Autoqefale e Shqip\u00ebris\u00eb\",\"isPartOf\":{\"@id\":\"https:\/\/orthodoxalbania.org\/2020\/#website\"},\"primaryImageOfPage\":{\"@id\":\"https:\/\/orthodoxalbania.org\/2020\/2013\/11\/15\/u-zhvillua-asambleja-e-10-e-kbk-ne-busan-2\/#primaryimage\"},\"image\":{\"@id\":\"https:\/\/orthodoxalbania.org\/2020\/2013\/11\/15\/u-zhvillua-asambleja-e-10-e-kbk-ne-busan-2\/#primaryimage\"},\"thumbnailUrl\":\"https:\/\/lh6.googleusercontent.com\/-9jjeKziFpss\/UoYGTbANB-I\/AAAAAAAAG3I\/mIigo-fPFbk\/w702-h467-no\/Foto+1%2C+WCC.JPG\",\"datePublished\":\"2013-11-15T11:38:14+00:00\",\"dateModified\":\"2020-04-06T20:05:28+00:00\",\"breadcrumb\":{\"@id\":\"https:\/\/orthodoxalbania.org\/2020\/2013\/11\/15\/u-zhvillua-asambleja-e-10-e-kbk-ne-busan-2\/#breadcrumb\"},\"inLanguage\":\"en-US\",\"potentialAction\":[{\"@type\":\"ReadAction\",\"target\":[\"https:\/\/orthodoxalbania.org\/2020\/2013\/11\/15\/u-zhvillua-asambleja-e-10-e-kbk-ne-busan-2\/\"]}]},{\"@type\":\"ImageObject\",\"inLanguage\":\"en-US\",\"@id\":\"https:\/\/orthodoxalbania.org\/2020\/2013\/11\/15\/u-zhvillua-asambleja-e-10-e-kbk-ne-busan-2\/#primaryimage\",\"url\":\"https:\/\/lh6.googleusercontent.com\/-9jjeKziFpss\/UoYGTbANB-I\/AAAAAAAAG3I\/mIigo-fPFbk\/w702-h467-no\/Foto+1%2C+WCC.JPG\",\"contentUrl\":\"https:\/\/lh6.googleusercontent.com\/-9jjeKziFpss\/UoYGTbANB-I\/AAAAAAAAG3I\/mIigo-fPFbk\/w702-h467-no\/Foto+1%2C+WCC.JPG\"},{\"@type\":\"BreadcrumbList\",\"@id\":\"https:\/\/orthodoxalbania.org\/2020\/2013\/11\/15\/u-zhvillua-asambleja-e-10-e-kbk-ne-busan-2\/#breadcrumb\",\"itemListElement\":[{\"@type\":\"ListItem\",\"position\":1,\"name\":\"Home\",\"item\":\"https:\/\/orthodoxalbania.org\/2020\/\"},{\"@type\":\"ListItem\",\"position\":2,\"name\":\"U zhvillua Asambleja e 10 e WCC n\u00eb Busan.(30 Tetor-8 N\u00ebntor 2013)\"}]},{\"@type\":\"WebSite\",\"@id\":\"https:\/\/orthodoxalbania.org\/2020\/#website\",\"url\":\"https:\/\/orthodoxalbania.org\/2020\/\",\"name\":\"Kisha Orthodh\u03bfkse Autoqefale e Shqip\u00ebris\u00eb\",\"description\":\"Fqja Zyrtare e Kish\u00ebs Orthodhokse Autoqefale e Shqip\u00ebris\u00eb me lajmet edhe informacionet zyrtare p\u00ebr struktur\u00ebn edhe veprimtarin e saj.\",\"publisher\":{\"@id\":\"https:\/\/orthodoxalbania.org\/2020\/#organization\"},\"potentialAction\":[{\"@type\":\"SearchAction\",\"target\":{\"@type\":\"EntryPoint\",\"urlTemplate\":\"https:\/\/orthodoxalbania.org\/2020\/?s={search_term_string}\"},\"query-input\":{\"@type\":\"PropertyValueSpecification\",\"valueRequired\":true,\"valueName\":\"search_term_string\"}}],\"inLanguage\":\"en-US\"},{\"@type\":\"Organization\",\"@id\":\"https:\/\/orthodoxalbania.org\/2020\/#organization\",\"name\":\"Kisha Orthodhokse Autoqefale e Shqip\u00ebris\u00eb\",\"url\":\"https:\/\/orthodoxalbania.org\/2020\/\",\"logo\":{\"@type\":\"ImageObject\",\"inLanguage\":\"en-US\",\"@id\":\"https:\/\/orthodoxalbania.org\/2020\/#\/schema\/logo\/image\/\",\"url\":\"https:\/\/orthodoxalbania.org\/2020\/wp-content\/uploads\/2020\/05\/albania.jpeg\",\"contentUrl\":\"https:\/\/orthodoxalbania.org\/2020\/wp-content\/uploads\/2020\/05\/albania.jpeg\",\"width\":540,\"height\":540,\"caption\":\"Kisha Orthodhokse Autoqefale e Shqip\u00ebris\u00eb\"},\"image\":{\"@id\":\"https:\/\/orthodoxalbania.org\/2020\/#\/schema\/logo\/image\/\"},\"sameAs\":[\"https:\/\/www.facebook.com\/koash1991\"]},{\"@type\":\"Person\",\"@id\":\"https:\/\/orthodoxalbania.org\/2020\/#\/schema\/person\/0c387634a7063ac612d7ed9ce71c7e86\",\"name\":\"Kisha Orthodhokse\",\"image\":{\"@type\":\"ImageObject\",\"inLanguage\":\"en-US\",\"@id\":\"https:\/\/secure.gravatar.com\/avatar\/596e7c417251e30f2fbb9c00e026fce61a695a00e51c889caded71c96cbbdde5?s=96&d=mm&r=g\",\"url\":\"https:\/\/secure.gravatar.com\/avatar\/596e7c417251e30f2fbb9c00e026fce61a695a00e51c889caded71c96cbbdde5?s=96&d=mm&r=g\",\"contentUrl\":\"https:\/\/secure.gravatar.com\/avatar\/596e7c417251e30f2fbb9c00e026fce61a695a00e51c889caded71c96cbbdde5?s=96&d=mm&r=g\",\"caption\":\"Kisha Orthodhokse\"}}]}<\/script>\n<!-- \/ Yoast SEO plugin. -->","yoast_head_json":{"title":"U zhvillua Asambleja e 10 e WCC n\u00eb Busan.(30 Tetor-8 N\u00ebntor 2013) - Kisha Orthodh\u03bfkse Autoqefale e Shqip\u00ebris\u00eb","robots":{"index":"index","follow":"follow","max-snippet":"max-snippet:-1","max-image-preview":"max-image-preview:large","max-video-preview":"max-video-preview:-1"},"canonical":"https:\/\/orthodoxalbania.org\/2020\/2013\/11\/15\/u-zhvillua-asambleja-e-10-e-kbk-ne-busan-2\/","og_locale":"en_US","og_type":"article","og_title":"U zhvillua Asambleja e 10 e WCC n\u00eb Busan.(30 Tetor-8 N\u00ebntor 2013) - Kisha Orthodh\u03bfkse Autoqefale e Shqip\u00ebris\u00eb","og_description":"&nbsp; &nbsp; N\u00eb datat 30 Tetor-8 N\u00ebntor 2013, u zhvillua Asambleja e 10 e WCC. K\u00ebt\u00eb her\u00eb asambleja e p\u00ebrgjithshme ishte caktuar t\u00eb b\u00ebhej n\u00eb qytetin Busan t\u00eb Kores\u00eb s\u00eb Jugut. Tema e k\u00ebsaj asambleje ishte \u201cZot i jet\u00ebs, na drejto n\u00eb drejt\u00ebsi edhe paqe.\u201d &nbsp;&nbsp;&nbsp; Punimet e asambles\u00eb bazoheshin pra n\u00eb k\u00ebto koncepte t\u00eb drejt\u00ebsis\u00eb dhe t\u00eb paqes. Besoj se nj\u00eb arsye e r\u00ebnd\u00ebsishme","og_url":"https:\/\/orthodoxalbania.org\/2020\/2013\/11\/15\/u-zhvillua-asambleja-e-10-e-kbk-ne-busan-2\/","og_site_name":"Kisha Orthodh\u03bfkse Autoqefale e Shqip\u00ebris\u00eb","article_publisher":"https:\/\/www.facebook.com\/koash1991","article_published_time":"2013-11-15T11:38:14+00:00","article_modified_time":"2020-04-06T20:05:28+00:00","og_image":[{"url":"https:\/\/lh6.googleusercontent.com\/-9jjeKziFpss\/UoYGTbANB-I\/AAAAAAAAG3I\/mIigo-fPFbk\/w702-h467-no\/Foto+1%2C+WCC.JPG","type":"","width":"","height":""}],"author":"Kisha Orthodhokse","twitter_card":"summary_large_image","twitter_misc":{"Written by":"Kisha Orthodhokse","Est. reading time":"3 minutes"},"schema":{"@context":"https:\/\/schema.org","@graph":[{"@type":"Article","@id":"https:\/\/orthodoxalbania.org\/2020\/2013\/11\/15\/u-zhvillua-asambleja-e-10-e-kbk-ne-busan-2\/#article","isPartOf":{"@id":"https:\/\/orthodoxalbania.org\/2020\/2013\/11\/15\/u-zhvillua-asambleja-e-10-e-kbk-ne-busan-2\/"},"author":{"name":"Kisha Orthodhokse","@id":"https:\/\/orthodoxalbania.org\/2020\/#\/schema\/person\/0c387634a7063ac612d7ed9ce71c7e86"},"headline":"U zhvillua Asambleja e 10 e WCC n\u00eb Busan.(30 Tetor-8 N\u00ebntor 2013)","datePublished":"2013-11-15T11:38:14+00:00","dateModified":"2020-04-06T20:05:28+00:00","mainEntityOfPage":{"@id":"https:\/\/orthodoxalbania.org\/2020\/2013\/11\/15\/u-zhvillua-asambleja-e-10-e-kbk-ne-busan-2\/"},"wordCount":524,"commentCount":0,"publisher":{"@id":"https:\/\/orthodoxalbania.org\/2020\/#organization"},"image":{"@id":"https:\/\/orthodoxalbania.org\/2020\/2013\/11\/15\/u-zhvillua-asambleja-e-10-e-kbk-ne-busan-2\/#primaryimage"},"thumbnailUrl":"https:\/\/lh6.googleusercontent.com\/-9jjeKziFpss\/UoYGTbANB-I\/AAAAAAAAG3I\/mIigo-fPFbk\/w702-h467-no\/Foto+1%2C+WCC.JPG","keywords":["2013","Deklarata - Njoftime Zyrtare","Kryepiskopata Tiran\u00eb","lajme"],"articleSection":["Lajme"],"inLanguage":"en-US"},{"@type":"WebPage","@id":"https:\/\/orthodoxalbania.org\/2020\/2013\/11\/15\/u-zhvillua-asambleja-e-10-e-kbk-ne-busan-2\/","url":"https:\/\/orthodoxalbania.org\/2020\/2013\/11\/15\/u-zhvillua-asambleja-e-10-e-kbk-ne-busan-2\/","name":"U zhvillua Asambleja e 10 e WCC n\u00eb Busan.(30 Tetor-8 N\u00ebntor 2013) - Kisha Orthodh\u03bfkse Autoqefale e Shqip\u00ebris\u00eb","isPartOf":{"@id":"https:\/\/orthodoxalbania.org\/2020\/#website"},"primaryImageOfPage":{"@id":"https:\/\/orthodoxalbania.org\/2020\/2013\/11\/15\/u-zhvillua-asambleja-e-10-e-kbk-ne-busan-2\/#primaryimage"},"image":{"@id":"https:\/\/orthodoxalbania.org\/2020\/2013\/11\/15\/u-zhvillua-asambleja-e-10-e-kbk-ne-busan-2\/#primaryimage"},"thumbnailUrl":"https:\/\/lh6.googleusercontent.com\/-9jjeKziFpss\/UoYGTbANB-I\/AAAAAAAAG3I\/mIigo-fPFbk\/w702-h467-no\/Foto+1%2C+WCC.JPG","datePublished":"2013-11-15T11:38:14+00:00","dateModified":"2020-04-06T20:05:28+00:00","breadcrumb":{"@id":"https:\/\/orthodoxalbania.org\/2020\/2013\/11\/15\/u-zhvillua-asambleja-e-10-e-kbk-ne-busan-2\/#breadcrumb"},"inLanguage":"en-US","potentialAction":[{"@type":"ReadAction","target":["https:\/\/orthodoxalbania.org\/2020\/2013\/11\/15\/u-zhvillua-asambleja-e-10-e-kbk-ne-busan-2\/"]}]},{"@type":"ImageObject","inLanguage":"en-US","@id":"https:\/\/orthodoxalbania.org\/2020\/2013\/11\/15\/u-zhvillua-asambleja-e-10-e-kbk-ne-busan-2\/#primaryimage","url":"https:\/\/lh6.googleusercontent.com\/-9jjeKziFpss\/UoYGTbANB-I\/AAAAAAAAG3I\/mIigo-fPFbk\/w702-h467-no\/Foto+1%2C+WCC.JPG","contentUrl":"https:\/\/lh6.googleusercontent.com\/-9jjeKziFpss\/UoYGTbANB-I\/AAAAAAAAG3I\/mIigo-fPFbk\/w702-h467-no\/Foto+1%2C+WCC.JPG"},{"@type":"BreadcrumbList","@id":"https:\/\/orthodoxalbania.org\/2020\/2013\/11\/15\/u-zhvillua-asambleja-e-10-e-kbk-ne-busan-2\/#breadcrumb","itemListElement":[{"@type":"ListItem","position":1,"name":"Home","item":"https:\/\/orthodoxalbania.org\/2020\/"},{"@type":"ListItem","position":2,"name":"U zhvillua Asambleja e 10 e WCC n\u00eb Busan.(30 Tetor-8 N\u00ebntor 2013)"}]},{"@type":"WebSite","@id":"https:\/\/orthodoxalbania.org\/2020\/#website","url":"https:\/\/orthodoxalbania.org\/2020\/","name":"Kisha Orthodh\u03bfkse Autoqefale e Shqip\u00ebris\u00eb","description":"Fqja Zyrtare e Kish\u00ebs Orthodhokse Autoqefale e Shqip\u00ebris\u00eb me lajmet edhe informacionet zyrtare p\u00ebr struktur\u00ebn edhe veprimtarin e saj.","publisher":{"@id":"https:\/\/orthodoxalbania.org\/2020\/#organization"},"potentialAction":[{"@type":"SearchAction","target":{"@type":"EntryPoint","urlTemplate":"https:\/\/orthodoxalbania.org\/2020\/?s={search_term_string}"},"query-input":{"@type":"PropertyValueSpecification","valueRequired":true,"valueName":"search_term_string"}}],"inLanguage":"en-US"},{"@type":"Organization","@id":"https:\/\/orthodoxalbania.org\/2020\/#organization","name":"Kisha Orthodhokse Autoqefale e Shqip\u00ebris\u00eb","url":"https:\/\/orthodoxalbania.org\/2020\/","logo":{"@type":"ImageObject","inLanguage":"en-US","@id":"https:\/\/orthodoxalbania.org\/2020\/#\/schema\/logo\/image\/","url":"https:\/\/orthodoxalbania.org\/2020\/wp-content\/uploads\/2020\/05\/albania.jpeg","contentUrl":"https:\/\/orthodoxalbania.org\/2020\/wp-content\/uploads\/2020\/05\/albania.jpeg","width":540,"height":540,"caption":"Kisha Orthodhokse Autoqefale e Shqip\u00ebris\u00eb"},"image":{"@id":"https:\/\/orthodoxalbania.org\/2020\/#\/schema\/logo\/image\/"},"sameAs":["https:\/\/www.facebook.com\/koash1991"]},{"@type":"Person","@id":"https:\/\/orthodoxalbania.org\/2020\/#\/schema\/person\/0c387634a7063ac612d7ed9ce71c7e86","name":"Kisha Orthodhokse","image":{"@type":"ImageObject","inLanguage":"en-US","@id":"https:\/\/secure.gravatar.com\/avatar\/596e7c417251e30f2fbb9c00e026fce61a695a00e51c889caded71c96cbbdde5?s=96&d=mm&r=g","url":"https:\/\/secure.gravatar.com\/avatar\/596e7c417251e30f2fbb9c00e026fce61a695a00e51c889caded71c96cbbdde5?s=96&d=mm&r=g","contentUrl":"https:\/\/secure.gravatar.com\/avatar\/596e7c417251e30f2fbb9c00e026fce61a695a00e51c889caded71c96cbbdde5?s=96&d=mm&r=g","caption":"Kisha Orthodhokse"}}]}},"_links":{"self":[{"href":"https:\/\/orthodoxalbania.org\/2020\/wp-json\/wp\/v2\/posts\/1489","targetHints":{"allow":["GET"]}}],"collection":[{"href":"https:\/\/orthodoxalbania.org\/2020\/wp-json\/wp\/v2\/posts"}],"about":[{"href":"https:\/\/orthodoxalbania.org\/2020\/wp-json\/wp\/v2\/types\/post"}],"author":[{"embeddable":true,"href":"https:\/\/orthodoxalbania.org\/2020\/wp-json\/wp\/v2\/users\/1"}],"replies":[{"embeddable":true,"href":"https:\/\/orthodoxalbania.org\/2020\/wp-json\/wp\/v2\/comments?post=1489"}],"version-history":[{"count":1,"href":"https:\/\/orthodoxalbania.org\/2020\/wp-json\/wp\/v2\/posts\/1489\/revisions"}],"predecessor-version":[{"id":15156,"href":"https:\/\/orthodoxalbania.org\/2020\/wp-json\/wp\/v2\/posts\/1489\/revisions\/15156"}],"wp:attachment":[{"href":"https:\/\/orthodoxalbania.org\/2020\/wp-json\/wp\/v2\/media?parent=1489"}],"wp:term":[{"taxonomy":"category","embeddable":true,"href":"https:\/\/orthodoxalbania.org\/2020\/wp-json\/wp\/v2\/categories?post=1489"},{"taxonomy":"post_tag","embeddable":true,"href":"https:\/\/orthodoxalbania.org\/2020\/wp-json\/wp\/v2\/tags?post=1489"}],"curies":[{"name":"wp","href":"https:\/\/api.w.org\/{rel}","templated":true}]}}