{"id":1488,"date":"2013-03-21T10:15:09","date_gmt":"2013-03-21T10:15:09","guid":{"rendered":""},"modified":"2020-04-06T22:31:58","modified_gmt":"2020-04-06T20:31:58","slug":"u-rihap-mensa-e-te-varferve-ne-tirane","status":"publish","type":"post","link":"https:\/\/orthodoxalbania.org\/2020\/2013\/03\/21\/u-rihap-mensa-e-te-varferve-ne-tirane\/","title":{"rendered":"U rihap Mensa e t\u00eb varf\u00ebrve n\u00eb Tiran\u00eb. (11 Tetor 2011)"},"content":{"rendered":"<div style=\"text-align: justify;\"><span style=\"color: #000000;\"><span style=\"font-family: tahoma,geneva,sans-serif;\"><span style=\"font-size: 12px;\"><span class=\"style10\">&nbsp; &nbsp; N\u00eb11 tetor 2011, u rihap&nbsp; ne te nj\u00ebjtin vend, n\u00eb rrug\u00ebn \u201cQemal Stafa\u201d mensa n\u00eb ndihm\u00eb t\u00eb personave m\u00eb nevojtar\u00eb \u201cShoq\u00ebria e dashuris\u00eb\u201d. Zyra e grave e Kish\u00ebs mori p\u00ebrsip\u00ebr ta vazhdoj\u00eb k\u00ebt\u00eb aktivitet n\u00eb bashk\u00ebpunim me nj\u00eb grup vullnetar\u00ebsh.<\/span><\/span><\/span><\/span><\/div>\n<div style=\"text-align: justify;\"> <span style=\"color: #000000;\"><span style=\"font-family: tahoma,geneva,sans-serif;\"><span style=\"font-size: 12px;\"><span class=\"style10\">&nbsp;&nbsp;&nbsp; Ajo funksionon \u00e7do t\u00eb mart\u00eb dhe te enjte, n\u00eb or\u00ebn 11:00.&nbsp; Fillimisht do t\u00eb han\u00eb drek\u00eb 40 persona t\u00eb mosh\u00ebs s\u00eb tret\u00eb, t\u00eb vetmuar dhe me aft\u00ebsi t\u00eb kufizuara. Shpenzimet do t\u00eb mbulohen nga Kryepiskopi Anastas dhe nga kontributet q\u00eb ftohet t\u00eb jap\u00eb komuniteti besimtar i Kish\u00ebs.<\/span><\/span><\/span><\/span><\/div>\n<div style=\"text-align: justify;\">&nbsp;<\/div>\n<div style=\"text-align: justify;\"><span style=\"color: #000000;\"><span style=\"font-family: tahoma,geneva,sans-serif;\"><span style=\"font-size: 12px;\"><span class=\"style10\">&nbsp;&nbsp;&nbsp; Ftohen t\u00eb gjith\u00eb ata q\u00eb duan t\u00eb kontribuojn\u00eb me t\u00eb holla, ushqime etj., apo q\u00eb kan\u00eb d\u00ebshir\u00eb t\u00eb sh\u00ebrbejn\u00eb vullnetarisht, t\u2019i bashkohen k\u00ebtij misioni fisnik.<\/span><\/span><\/span><\/span><\/div>\n<div style=\"text-align: justify;\">&nbsp;<\/div>\n<div style=\"text-align: right;\"><span style=\"color: #000000;\"><span style=\"font-family: tahoma,geneva,sans-serif;\"><span style=\"font-size: 12px;\"><strong>Rajmonda Shqevi<\/strong><\/span><\/span><\/span><\/div>\n<div style=\"text-align: right;\">&nbsp;<\/div>\n<table style=\"margin-right: auto; margin-left: auto;\">\n<tbody>\n<tr>\n<td style=\"text-align: justify;\"><span style=\"color: #000000;\"><img decoding=\"async\" class=\"lazyload HAa Eha\" style=\"height: 254px; width: 339px; border-width: 1px; border-style: solid; margin: 10px;\" alt=\"\" src=\"data:image\/gif;base64,R0lGODlhAQABAAAAACH5BAEKAAEALAAAAAABAAEAAAICTAEAOw==\" data-orig-src=\"https:\/\/lh5.googleusercontent.com\/-vR-WQ09EA1s\/VARCP_GwrfI\/AAAAAAAACkI\/_ylYjppCEJ4\/w448-h336-no\/Foto%2B1.JPG\" \/><\/span><\/td>\n<td style=\"text-align: justify;\"><span style=\"color: #000000;\"><img decoding=\"async\" class=\"lazyload HAa Eha\" style=\"height: 254px; width: 339px; border-width: 1px; border-style: solid; margin: 10px;\" alt=\"\" src=\"data:image\/gif;base64,R0lGODlhAQABAAAAACH5BAEKAAEALAAAAAABAAEAAAICTAEAOw==\" data-orig-src=\"https:\/\/lh3.googleusercontent.com\/-mtMerXW5mi0\/VARCPy0mV3I\/AAAAAAAACkM\/WqNSQQpqrCU\/w448-h336-no\/Foto%2B2.JPG\" \/><\/span><\/td>\n<\/tr>\n<tr>\n<td style=\"text-align: justify;\"><span style=\"color: #000000;\"><img decoding=\"async\" class=\"lazyload HAa Eha\" style=\"height: 254px; width: 339px; border-width: 1px; border-style: solid; margin: 10px;\" alt=\"\" src=\"data:image\/gif;base64,R0lGODlhAQABAAAAACH5BAEKAAEALAAAAAABAAEAAAICTAEAOw==\" data-orig-src=\"https:\/\/lh5.googleusercontent.com\/-v7m_xKgPpDs\/VARCPrCJVqI\/AAAAAAAACjo\/rC1J0Q2VMkc\/w448-h336-no\/Foto%2B3.JPG\" \/><\/span><\/td>\n<td style=\"text-align: justify;\"><span style=\"color: #000000;\"><img decoding=\"async\" class=\"lazyload HAa Eha\" style=\"height: 254px; width: 339px; border-width: 1px; border-style: solid; margin: 10px;\" alt=\"\" src=\"data:image\/gif;base64,R0lGODlhAQABAAAAACH5BAEKAAEALAAAAAABAAEAAAICTAEAOw==\" data-orig-src=\"https:\/\/lh3.googleusercontent.com\/-FBeYLNg0OlE\/VARCQsZLzyI\/AAAAAAAACkA\/hSP7YtZa8Qk\/w448-h336-no\/Foto%2B4.JPG\" \/><\/span><\/td>\n<\/tr>\n<tr>\n<td style=\"text-align: justify;\"><span style=\"color: #000000;\"><img decoding=\"async\" class=\"lazyload HAa Eha\" style=\"height: 254px; width: 339px; border-width: 1px; border-style: solid; margin: 10px;\" alt=\"\" src=\"data:image\/gif;base64,R0lGODlhAQABAAAAACH5BAEKAAEALAAAAAABAAEAAAICTAEAOw==\" data-orig-src=\"https:\/\/lh4.googleusercontent.com\/-9XImti8x2p0\/VARCQoNgbTI\/AAAAAAAACj8\/tX7X06fyBXg\/w448-h336-no\/foto%2B5.JPG\" \/><\/span><\/td>\n<td style=\"text-align: justify;\"><span style=\"color: #000000;\"><img decoding=\"async\" class=\"lazyload HAa Eha\" style=\"height: 254px; width: 339px; border-width: 1px; border-style: solid; margin: 10px;\" alt=\"\" src=\"data:image\/gif;base64,R0lGODlhAQABAAAAACH5BAEKAAEALAAAAAABAAEAAAICTAEAOw==\" data-orig-src=\"https:\/\/lh5.googleusercontent.com\/-is-7uyNfehA\/VARCRIDPdQI\/AAAAAAAACkE\/8aHvrvjZKkw\/w448-h336-no\/foto%2B6.JPG\" \/><\/span><\/td>\n<\/tr>\n<\/tbody>\n<\/table>\n","protected":false},"excerpt":{"rendered":"<p>&nbsp; &nbsp; N\u00eb11 tetor 2011, u rihap&nbsp; ne te nj\u00ebjtin vend, n\u00eb rrug\u00ebn \u201cQemal Stafa\u201d mensa n\u00eb ndihm\u00eb t\u00eb personave m\u00eb nevojtar\u00eb \u201cShoq\u00ebria e dashuris\u00eb\u201d. Zyra e grave e Kish\u00ebs mori p\u00ebrsip\u00ebr ta vazhdoj\u00eb k\u00ebt\u00eb aktivitet n\u00eb bashk\u00ebpunim me nj\u00eb grup vullnetar\u00ebsh. &nbsp;&nbsp;&nbsp; Ajo funksionon \u00e7do t\u00eb mart\u00eb dhe te enjte, n\u00eb or\u00ebn 11:00.&nbsp; Fillimisht do t\u00eb han\u00eb drek\u00eb 40 persona t\u00eb mosh\u00ebs s\u00eb tret\u00eb,<\/p>\n","protected":false},"author":1,"featured_media":0,"comment_status":"open","ping_status":"open","sticky":false,"template":"","format":"standard","meta":{"_acf_changed":false,"pagelayer_contact_templates":[],"_pagelayer_content":"","inline_featured_image":false,"fifu_image_url":"","fifu_image_alt":"","footnotes":""},"categories":[108],"tags":[143,633,196,212],"class_list":["post-1488","post","type-post","status-publish","format-standard","hentry","category-lajme","tag-143","tag-donacionendihma","tag-tirane","tag-lajme-d27"],"acf":[],"yoast_head":"<!-- This site is optimized with the Yoast SEO plugin v27.2 - https:\/\/yoast.com\/product\/yoast-seo-wordpress\/ -->\n<title>U rihap Mensa e t\u00eb varf\u00ebrve n\u00eb Tiran\u00eb. (11 Tetor 2011) - Kisha Orthodh\u03bfkse Autoqefale e Shqip\u00ebris\u00eb<\/title>\n<meta name=\"robots\" content=\"index, follow, max-snippet:-1, max-image-preview:large, max-video-preview:-1\" \/>\n<link rel=\"canonical\" href=\"https:\/\/orthodoxalbania.org\/2020\/2013\/03\/21\/u-rihap-mensa-e-te-varferve-ne-tirane\/\" \/>\n<meta property=\"og:locale\" content=\"en_US\" \/>\n<meta property=\"og:type\" content=\"article\" \/>\n<meta property=\"og:title\" content=\"U rihap Mensa e t\u00eb varf\u00ebrve n\u00eb Tiran\u00eb. (11 Tetor 2011) - Kisha Orthodh\u03bfkse Autoqefale e Shqip\u00ebris\u00eb\" \/>\n<meta property=\"og:description\" content=\"&nbsp; &nbsp; N\u00eb11 tetor 2011, u rihap&nbsp; ne te nj\u00ebjtin vend, n\u00eb rrug\u00ebn \u201cQemal Stafa\u201d mensa n\u00eb ndihm\u00eb t\u00eb personave m\u00eb nevojtar\u00eb \u201cShoq\u00ebria e dashuris\u00eb\u201d. Zyra e grave e Kish\u00ebs mori p\u00ebrsip\u00ebr ta vazhdoj\u00eb k\u00ebt\u00eb aktivitet n\u00eb bashk\u00ebpunim me nj\u00eb grup vullnetar\u00ebsh. &nbsp;&nbsp;&nbsp; Ajo funksionon \u00e7do t\u00eb mart\u00eb dhe te enjte, n\u00eb or\u00ebn 11:00.&nbsp; Fillimisht do t\u00eb han\u00eb drek\u00eb 40 persona t\u00eb mosh\u00ebs s\u00eb tret\u00eb,\" \/>\n<meta property=\"og:url\" content=\"https:\/\/orthodoxalbania.org\/2020\/2013\/03\/21\/u-rihap-mensa-e-te-varferve-ne-tirane\/\" \/>\n<meta property=\"og:site_name\" content=\"Kisha Orthodh\u03bfkse Autoqefale e Shqip\u00ebris\u00eb\" \/>\n<meta property=\"article:publisher\" content=\"https:\/\/www.facebook.com\/koash1991\" \/>\n<meta property=\"article:published_time\" content=\"2013-03-21T10:15:09+00:00\" \/>\n<meta property=\"article:modified_time\" content=\"2020-04-06T20:31:58+00:00\" \/>\n<meta property=\"og:image\" content=\"https:\/\/lh5.googleusercontent.com\/-vR-WQ09EA1s\/VARCP_GwrfI\/AAAAAAAACkI\/_ylYjppCEJ4\/w448-h336-no\/Foto%2B1.JPG\" \/>\n<meta name=\"author\" content=\"Kisha Orthodhokse\" \/>\n<meta name=\"twitter:card\" content=\"summary_large_image\" \/>\n<meta name=\"twitter:label1\" content=\"Written by\" \/>\n\t<meta name=\"twitter:data1\" content=\"Kisha Orthodhokse\" \/>\n\t<meta name=\"twitter:label2\" content=\"Est. reading time\" \/>\n\t<meta name=\"twitter:data2\" content=\"1 minute\" \/>\n<script type=\"application\/ld+json\" class=\"yoast-schema-graph\">{\"@context\":\"https:\/\/schema.org\",\"@graph\":[{\"@type\":\"Article\",\"@id\":\"https:\/\/orthodoxalbania.org\/2020\/2013\/03\/21\/u-rihap-mensa-e-te-varferve-ne-tirane\/#article\",\"isPartOf\":{\"@id\":\"https:\/\/orthodoxalbania.org\/2020\/2013\/03\/21\/u-rihap-mensa-e-te-varferve-ne-tirane\/\"},\"author\":{\"name\":\"Kisha Orthodhokse\",\"@id\":\"https:\/\/orthodoxalbania.org\/2020\/#\/schema\/person\/0c387634a7063ac612d7ed9ce71c7e86\"},\"headline\":\"U rihap Mensa e t\u00eb varf\u00ebrve n\u00eb Tiran\u00eb. (11 Tetor 2011)\",\"datePublished\":\"2013-03-21T10:15:09+00:00\",\"dateModified\":\"2020-04-06T20:31:58+00:00\",\"mainEntityOfPage\":{\"@id\":\"https:\/\/orthodoxalbania.org\/2020\/2013\/03\/21\/u-rihap-mensa-e-te-varferve-ne-tirane\/\"},\"wordCount\":151,\"commentCount\":0,\"publisher\":{\"@id\":\"https:\/\/orthodoxalbania.org\/2020\/#organization\"},\"image\":{\"@id\":\"https:\/\/orthodoxalbania.org\/2020\/2013\/03\/21\/u-rihap-mensa-e-te-varferve-ne-tirane\/#primaryimage\"},\"thumbnailUrl\":\"https:\/\/lh5.googleusercontent.com\/-vR-WQ09EA1s\/VARCP_GwrfI\/AAAAAAAACkI\/_ylYjppCEJ4\/w448-h336-no\/Foto%2B1.JPG\",\"keywords\":[\"2011\",\"DonacioneNdihma\",\"Kryepiskopata Tiran\u00eb\",\"lajme\"],\"articleSection\":[\"Lajme\"],\"inLanguage\":\"en-US\"},{\"@type\":\"WebPage\",\"@id\":\"https:\/\/orthodoxalbania.org\/2020\/2013\/03\/21\/u-rihap-mensa-e-te-varferve-ne-tirane\/\",\"url\":\"https:\/\/orthodoxalbania.org\/2020\/2013\/03\/21\/u-rihap-mensa-e-te-varferve-ne-tirane\/\",\"name\":\"U rihap Mensa e t\u00eb varf\u00ebrve n\u00eb Tiran\u00eb. (11 Tetor 2011) - Kisha Orthodh\u03bfkse Autoqefale e Shqip\u00ebris\u00eb\",\"isPartOf\":{\"@id\":\"https:\/\/orthodoxalbania.org\/2020\/#website\"},\"primaryImageOfPage\":{\"@id\":\"https:\/\/orthodoxalbania.org\/2020\/2013\/03\/21\/u-rihap-mensa-e-te-varferve-ne-tirane\/#primaryimage\"},\"image\":{\"@id\":\"https:\/\/orthodoxalbania.org\/2020\/2013\/03\/21\/u-rihap-mensa-e-te-varferve-ne-tirane\/#primaryimage\"},\"thumbnailUrl\":\"https:\/\/lh5.googleusercontent.com\/-vR-WQ09EA1s\/VARCP_GwrfI\/AAAAAAAACkI\/_ylYjppCEJ4\/w448-h336-no\/Foto%2B1.JPG\",\"datePublished\":\"2013-03-21T10:15:09+00:00\",\"dateModified\":\"2020-04-06T20:31:58+00:00\",\"breadcrumb\":{\"@id\":\"https:\/\/orthodoxalbania.org\/2020\/2013\/03\/21\/u-rihap-mensa-e-te-varferve-ne-tirane\/#breadcrumb\"},\"inLanguage\":\"en-US\",\"potentialAction\":[{\"@type\":\"ReadAction\",\"target\":[\"https:\/\/orthodoxalbania.org\/2020\/2013\/03\/21\/u-rihap-mensa-e-te-varferve-ne-tirane\/\"]}]},{\"@type\":\"ImageObject\",\"inLanguage\":\"en-US\",\"@id\":\"https:\/\/orthodoxalbania.org\/2020\/2013\/03\/21\/u-rihap-mensa-e-te-varferve-ne-tirane\/#primaryimage\",\"url\":\"https:\/\/lh5.googleusercontent.com\/-vR-WQ09EA1s\/VARCP_GwrfI\/AAAAAAAACkI\/_ylYjppCEJ4\/w448-h336-no\/Foto%2B1.JPG\",\"contentUrl\":\"https:\/\/lh5.googleusercontent.com\/-vR-WQ09EA1s\/VARCP_GwrfI\/AAAAAAAACkI\/_ylYjppCEJ4\/w448-h336-no\/Foto%2B1.JPG\"},{\"@type\":\"BreadcrumbList\",\"@id\":\"https:\/\/orthodoxalbania.org\/2020\/2013\/03\/21\/u-rihap-mensa-e-te-varferve-ne-tirane\/#breadcrumb\",\"itemListElement\":[{\"@type\":\"ListItem\",\"position\":1,\"name\":\"Home\",\"item\":\"https:\/\/orthodoxalbania.org\/2020\/\"},{\"@type\":\"ListItem\",\"position\":2,\"name\":\"U rihap Mensa e t\u00eb varf\u00ebrve n\u00eb Tiran\u00eb. (11 Tetor 2011)\"}]},{\"@type\":\"WebSite\",\"@id\":\"https:\/\/orthodoxalbania.org\/2020\/#website\",\"url\":\"https:\/\/orthodoxalbania.org\/2020\/\",\"name\":\"Kisha Orthodh\u03bfkse Autoqefale e Shqip\u00ebris\u00eb\",\"description\":\"Fqja Zyrtare e Kish\u00ebs Orthodhokse Autoqefale e Shqip\u00ebris\u00eb me lajmet edhe informacionet zyrtare p\u00ebr struktur\u00ebn edhe veprimtarin e saj.\",\"publisher\":{\"@id\":\"https:\/\/orthodoxalbania.org\/2020\/#organization\"},\"potentialAction\":[{\"@type\":\"SearchAction\",\"target\":{\"@type\":\"EntryPoint\",\"urlTemplate\":\"https:\/\/orthodoxalbania.org\/2020\/?s={search_term_string}\"},\"query-input\":{\"@type\":\"PropertyValueSpecification\",\"valueRequired\":true,\"valueName\":\"search_term_string\"}}],\"inLanguage\":\"en-US\"},{\"@type\":\"Organization\",\"@id\":\"https:\/\/orthodoxalbania.org\/2020\/#organization\",\"name\":\"Kisha Orthodhokse Autoqefale e Shqip\u00ebris\u00eb\",\"url\":\"https:\/\/orthodoxalbania.org\/2020\/\",\"logo\":{\"@type\":\"ImageObject\",\"inLanguage\":\"en-US\",\"@id\":\"https:\/\/orthodoxalbania.org\/2020\/#\/schema\/logo\/image\/\",\"url\":\"https:\/\/orthodoxalbania.org\/2020\/wp-content\/uploads\/2020\/05\/albania.jpeg\",\"contentUrl\":\"https:\/\/orthodoxalbania.org\/2020\/wp-content\/uploads\/2020\/05\/albania.jpeg\",\"width\":540,\"height\":540,\"caption\":\"Kisha Orthodhokse Autoqefale e Shqip\u00ebris\u00eb\"},\"image\":{\"@id\":\"https:\/\/orthodoxalbania.org\/2020\/#\/schema\/logo\/image\/\"},\"sameAs\":[\"https:\/\/www.facebook.com\/koash1991\"]},{\"@type\":\"Person\",\"@id\":\"https:\/\/orthodoxalbania.org\/2020\/#\/schema\/person\/0c387634a7063ac612d7ed9ce71c7e86\",\"name\":\"Kisha Orthodhokse\",\"image\":{\"@type\":\"ImageObject\",\"inLanguage\":\"en-US\",\"@id\":\"https:\/\/secure.gravatar.com\/avatar\/596e7c417251e30f2fbb9c00e026fce61a695a00e51c889caded71c96cbbdde5?s=96&d=mm&r=g\",\"url\":\"https:\/\/secure.gravatar.com\/avatar\/596e7c417251e30f2fbb9c00e026fce61a695a00e51c889caded71c96cbbdde5?s=96&d=mm&r=g\",\"contentUrl\":\"https:\/\/secure.gravatar.com\/avatar\/596e7c417251e30f2fbb9c00e026fce61a695a00e51c889caded71c96cbbdde5?s=96&d=mm&r=g\",\"caption\":\"Kisha Orthodhokse\"}}]}<\/script>\n<!-- \/ Yoast SEO plugin. -->","yoast_head_json":{"title":"U rihap Mensa e t\u00eb varf\u00ebrve n\u00eb Tiran\u00eb. (11 Tetor 2011) - Kisha Orthodh\u03bfkse Autoqefale e Shqip\u00ebris\u00eb","robots":{"index":"index","follow":"follow","max-snippet":"max-snippet:-1","max-image-preview":"max-image-preview:large","max-video-preview":"max-video-preview:-1"},"canonical":"https:\/\/orthodoxalbania.org\/2020\/2013\/03\/21\/u-rihap-mensa-e-te-varferve-ne-tirane\/","og_locale":"en_US","og_type":"article","og_title":"U rihap Mensa e t\u00eb varf\u00ebrve n\u00eb Tiran\u00eb. (11 Tetor 2011) - Kisha Orthodh\u03bfkse Autoqefale e Shqip\u00ebris\u00eb","og_description":"&nbsp; &nbsp; N\u00eb11 tetor 2011, u rihap&nbsp; ne te nj\u00ebjtin vend, n\u00eb rrug\u00ebn \u201cQemal Stafa\u201d mensa n\u00eb ndihm\u00eb t\u00eb personave m\u00eb nevojtar\u00eb \u201cShoq\u00ebria e dashuris\u00eb\u201d. Zyra e grave e Kish\u00ebs mori p\u00ebrsip\u00ebr ta vazhdoj\u00eb k\u00ebt\u00eb aktivitet n\u00eb bashk\u00ebpunim me nj\u00eb grup vullnetar\u00ebsh. &nbsp;&nbsp;&nbsp; Ajo funksionon \u00e7do t\u00eb mart\u00eb dhe te enjte, n\u00eb or\u00ebn 11:00.&nbsp; Fillimisht do t\u00eb han\u00eb drek\u00eb 40 persona t\u00eb mosh\u00ebs s\u00eb tret\u00eb,","og_url":"https:\/\/orthodoxalbania.org\/2020\/2013\/03\/21\/u-rihap-mensa-e-te-varferve-ne-tirane\/","og_site_name":"Kisha Orthodh\u03bfkse Autoqefale e Shqip\u00ebris\u00eb","article_publisher":"https:\/\/www.facebook.com\/koash1991","article_published_time":"2013-03-21T10:15:09+00:00","article_modified_time":"2020-04-06T20:31:58+00:00","og_image":[{"url":"https:\/\/lh5.googleusercontent.com\/-vR-WQ09EA1s\/VARCP_GwrfI\/AAAAAAAACkI\/_ylYjppCEJ4\/w448-h336-no\/Foto%2B1.JPG","type":"","width":"","height":""}],"author":"Kisha Orthodhokse","twitter_card":"summary_large_image","twitter_misc":{"Written by":"Kisha Orthodhokse","Est. reading time":"1 minute"},"schema":{"@context":"https:\/\/schema.org","@graph":[{"@type":"Article","@id":"https:\/\/orthodoxalbania.org\/2020\/2013\/03\/21\/u-rihap-mensa-e-te-varferve-ne-tirane\/#article","isPartOf":{"@id":"https:\/\/orthodoxalbania.org\/2020\/2013\/03\/21\/u-rihap-mensa-e-te-varferve-ne-tirane\/"},"author":{"name":"Kisha Orthodhokse","@id":"https:\/\/orthodoxalbania.org\/2020\/#\/schema\/person\/0c387634a7063ac612d7ed9ce71c7e86"},"headline":"U rihap Mensa e t\u00eb varf\u00ebrve n\u00eb Tiran\u00eb. (11 Tetor 2011)","datePublished":"2013-03-21T10:15:09+00:00","dateModified":"2020-04-06T20:31:58+00:00","mainEntityOfPage":{"@id":"https:\/\/orthodoxalbania.org\/2020\/2013\/03\/21\/u-rihap-mensa-e-te-varferve-ne-tirane\/"},"wordCount":151,"commentCount":0,"publisher":{"@id":"https:\/\/orthodoxalbania.org\/2020\/#organization"},"image":{"@id":"https:\/\/orthodoxalbania.org\/2020\/2013\/03\/21\/u-rihap-mensa-e-te-varferve-ne-tirane\/#primaryimage"},"thumbnailUrl":"https:\/\/lh5.googleusercontent.com\/-vR-WQ09EA1s\/VARCP_GwrfI\/AAAAAAAACkI\/_ylYjppCEJ4\/w448-h336-no\/Foto%2B1.JPG","keywords":["2011","DonacioneNdihma","Kryepiskopata Tiran\u00eb","lajme"],"articleSection":["Lajme"],"inLanguage":"en-US"},{"@type":"WebPage","@id":"https:\/\/orthodoxalbania.org\/2020\/2013\/03\/21\/u-rihap-mensa-e-te-varferve-ne-tirane\/","url":"https:\/\/orthodoxalbania.org\/2020\/2013\/03\/21\/u-rihap-mensa-e-te-varferve-ne-tirane\/","name":"U rihap Mensa e t\u00eb varf\u00ebrve n\u00eb Tiran\u00eb. (11 Tetor 2011) - Kisha Orthodh\u03bfkse Autoqefale e Shqip\u00ebris\u00eb","isPartOf":{"@id":"https:\/\/orthodoxalbania.org\/2020\/#website"},"primaryImageOfPage":{"@id":"https:\/\/orthodoxalbania.org\/2020\/2013\/03\/21\/u-rihap-mensa-e-te-varferve-ne-tirane\/#primaryimage"},"image":{"@id":"https:\/\/orthodoxalbania.org\/2020\/2013\/03\/21\/u-rihap-mensa-e-te-varferve-ne-tirane\/#primaryimage"},"thumbnailUrl":"https:\/\/lh5.googleusercontent.com\/-vR-WQ09EA1s\/VARCP_GwrfI\/AAAAAAAACkI\/_ylYjppCEJ4\/w448-h336-no\/Foto%2B1.JPG","datePublished":"2013-03-21T10:15:09+00:00","dateModified":"2020-04-06T20:31:58+00:00","breadcrumb":{"@id":"https:\/\/orthodoxalbania.org\/2020\/2013\/03\/21\/u-rihap-mensa-e-te-varferve-ne-tirane\/#breadcrumb"},"inLanguage":"en-US","potentialAction":[{"@type":"ReadAction","target":["https:\/\/orthodoxalbania.org\/2020\/2013\/03\/21\/u-rihap-mensa-e-te-varferve-ne-tirane\/"]}]},{"@type":"ImageObject","inLanguage":"en-US","@id":"https:\/\/orthodoxalbania.org\/2020\/2013\/03\/21\/u-rihap-mensa-e-te-varferve-ne-tirane\/#primaryimage","url":"https:\/\/lh5.googleusercontent.com\/-vR-WQ09EA1s\/VARCP_GwrfI\/AAAAAAAACkI\/_ylYjppCEJ4\/w448-h336-no\/Foto%2B1.JPG","contentUrl":"https:\/\/lh5.googleusercontent.com\/-vR-WQ09EA1s\/VARCP_GwrfI\/AAAAAAAACkI\/_ylYjppCEJ4\/w448-h336-no\/Foto%2B1.JPG"},{"@type":"BreadcrumbList","@id":"https:\/\/orthodoxalbania.org\/2020\/2013\/03\/21\/u-rihap-mensa-e-te-varferve-ne-tirane\/#breadcrumb","itemListElement":[{"@type":"ListItem","position":1,"name":"Home","item":"https:\/\/orthodoxalbania.org\/2020\/"},{"@type":"ListItem","position":2,"name":"U rihap Mensa e t\u00eb varf\u00ebrve n\u00eb Tiran\u00eb. (11 Tetor 2011)"}]},{"@type":"WebSite","@id":"https:\/\/orthodoxalbania.org\/2020\/#website","url":"https:\/\/orthodoxalbania.org\/2020\/","name":"Kisha Orthodh\u03bfkse Autoqefale e Shqip\u00ebris\u00eb","description":"Fqja Zyrtare e Kish\u00ebs Orthodhokse Autoqefale e Shqip\u00ebris\u00eb me lajmet edhe informacionet zyrtare p\u00ebr struktur\u00ebn edhe veprimtarin e saj.","publisher":{"@id":"https:\/\/orthodoxalbania.org\/2020\/#organization"},"potentialAction":[{"@type":"SearchAction","target":{"@type":"EntryPoint","urlTemplate":"https:\/\/orthodoxalbania.org\/2020\/?s={search_term_string}"},"query-input":{"@type":"PropertyValueSpecification","valueRequired":true,"valueName":"search_term_string"}}],"inLanguage":"en-US"},{"@type":"Organization","@id":"https:\/\/orthodoxalbania.org\/2020\/#organization","name":"Kisha Orthodhokse Autoqefale e Shqip\u00ebris\u00eb","url":"https:\/\/orthodoxalbania.org\/2020\/","logo":{"@type":"ImageObject","inLanguage":"en-US","@id":"https:\/\/orthodoxalbania.org\/2020\/#\/schema\/logo\/image\/","url":"https:\/\/orthodoxalbania.org\/2020\/wp-content\/uploads\/2020\/05\/albania.jpeg","contentUrl":"https:\/\/orthodoxalbania.org\/2020\/wp-content\/uploads\/2020\/05\/albania.jpeg","width":540,"height":540,"caption":"Kisha Orthodhokse Autoqefale e Shqip\u00ebris\u00eb"},"image":{"@id":"https:\/\/orthodoxalbania.org\/2020\/#\/schema\/logo\/image\/"},"sameAs":["https:\/\/www.facebook.com\/koash1991"]},{"@type":"Person","@id":"https:\/\/orthodoxalbania.org\/2020\/#\/schema\/person\/0c387634a7063ac612d7ed9ce71c7e86","name":"Kisha Orthodhokse","image":{"@type":"ImageObject","inLanguage":"en-US","@id":"https:\/\/secure.gravatar.com\/avatar\/596e7c417251e30f2fbb9c00e026fce61a695a00e51c889caded71c96cbbdde5?s=96&d=mm&r=g","url":"https:\/\/secure.gravatar.com\/avatar\/596e7c417251e30f2fbb9c00e026fce61a695a00e51c889caded71c96cbbdde5?s=96&d=mm&r=g","contentUrl":"https:\/\/secure.gravatar.com\/avatar\/596e7c417251e30f2fbb9c00e026fce61a695a00e51c889caded71c96cbbdde5?s=96&d=mm&r=g","caption":"Kisha Orthodhokse"}}]}},"_links":{"self":[{"href":"https:\/\/orthodoxalbania.org\/2020\/wp-json\/wp\/v2\/posts\/1488","targetHints":{"allow":["GET"]}}],"collection":[{"href":"https:\/\/orthodoxalbania.org\/2020\/wp-json\/wp\/v2\/posts"}],"about":[{"href":"https:\/\/orthodoxalbania.org\/2020\/wp-json\/wp\/v2\/types\/post"}],"author":[{"embeddable":true,"href":"https:\/\/orthodoxalbania.org\/2020\/wp-json\/wp\/v2\/users\/1"}],"replies":[{"embeddable":true,"href":"https:\/\/orthodoxalbania.org\/2020\/wp-json\/wp\/v2\/comments?post=1488"}],"version-history":[{"count":1,"href":"https:\/\/orthodoxalbania.org\/2020\/wp-json\/wp\/v2\/posts\/1488\/revisions"}],"predecessor-version":[{"id":15360,"href":"https:\/\/orthodoxalbania.org\/2020\/wp-json\/wp\/v2\/posts\/1488\/revisions\/15360"}],"wp:attachment":[{"href":"https:\/\/orthodoxalbania.org\/2020\/wp-json\/wp\/v2\/media?parent=1488"}],"wp:term":[{"taxonomy":"category","embeddable":true,"href":"https:\/\/orthodoxalbania.org\/2020\/wp-json\/wp\/v2\/categories?post=1488"},{"taxonomy":"post_tag","embeddable":true,"href":"https:\/\/orthodoxalbania.org\/2020\/wp-json\/wp\/v2\/tags?post=1488"}],"curies":[{"name":"wp","href":"https:\/\/api.w.org\/{rel}","templated":true}]}}