{"id":1486,"date":"2014-02-14T11:03:56","date_gmt":"2014-02-14T11:03:56","guid":{"rendered":""},"modified":"2020-04-06T22:05:21","modified_gmt":"2020-04-06T20:05:21","slug":"u-promovua-libri-me-i-ri-i-kryepiskopit-anastas-ringritja-e-kishes-orthodhokse-autoqefale-te-shqiperise-1991-2012","status":"publish","type":"post","link":"https:\/\/orthodoxalbania.org\/2020\/2014\/02\/14\/u-promovua-libri-me-i-ri-i-kryepiskopit-anastas-ringritja-e-kishes-orthodhokse-autoqefale-te-shqiperise-1991-2012\/","title":{"rendered":"U promovua libri m\u00eb i ri i Kryepiskopit Anastas \u201cRingritja e Kish\u00ebs Orthodhokse Autoqefale t\u00eb Shqip\u00ebris\u00eb (1991-2012)\u201d. (13 Shkurt 2014)"},"content":{"rendered":"<p style=\"text-align: justify;\"><span style=\"font-family: helvetica; font-size: 12pt;\"><span style=\"color: #000000;\"><img decoding=\"async\" class=\"lazyload HAa Eha\" style=\"height: 223px; width: 300px; margin: 10px; float: left; border-width: 1px; border-style: solid;\" alt=\"\" src=\"data:image\/gif;base64,R0lGODlhAQABAAAAACH5BAEKAAEALAAAAAABAAEAAAICTAEAOw==\" data-orig-src=\"https:\/\/lh6.googleusercontent.com\/-Rif4d49Wvn4\/Uv3yoSitGjI\/AAAAAAAAHi8\/YFjT8PPZmIg\/w958-h711-no\/IMG_1222.jpg\" \/>&nbsp; &nbsp; <\/span><span style=\"color: #000000;\">M\u00eb 13 shkurt 2014 pasdite, n\u00eb sall\u00ebn e pritjeve t\u00eb Kompleksit Sinodik t\u00eb Shenjt\u00eb, pran\u00eb katedrales s\u00eb re \u201cNgjallja e Krishtit\u201d, u b\u00eb promovimi i librit \u201cRingritja e Kish\u00ebs Orthodhokse Autoqefale t\u00eb Shqip\u00ebris\u00eb (1991-2012)\u201d, t\u00eb Kryepiskopit t\u00eb Tiran\u00ebs, Durr\u00ebsit dhe t\u00eb Gjith\u00eb Shqip\u00ebris\u00eb, Forlumturis\u00eb s\u00eb Tij, Prof. Dr. Anastasit.<\/span> <\/span><\/p>\n<p style=\"text-align: justify;\"><span style=\"color: #000000; font-size: 12pt; font-family: helvetica;\">&nbsp;&nbsp;&nbsp; Merrnin pjes\u00eb intelektual\u00eb t\u00eb njohur dhe drejtues t\u00eb institucioneve arsimore e k\u00ebrkimore, n\u00ebnkryetari i Parlamentit, z. Vangjel Dule, deputet\u00eb e politikan\u00eb, p\u00ebrfaq\u00ebsues t\u00eb komuniteteve t\u00eb tjera fetare, p\u00ebrfaq\u00ebsues diplomatik\u00eb, klerik\u00eb e besimtar\u00eb, pedagog\u00eb dhe student\u00eb t\u00eb Akademis\u00eb Teologjike \u201cNgjallja e Krishtit\u201d etj. Merrnin pjes\u00eb edhe t\u00eb gjith\u00eb an\u00ebtar\u00ebt e Sinodit t\u00eb Shenjt\u00eb t\u00eb Kish\u00ebs. <\/span><\/p>\n<p style=\"text-align: justify;\"><span style=\"color: #000000; font-size: 12pt; font-family: helvetica;\">&nbsp;&nbsp;&nbsp; Promovimin e hapi Mitropoliti i Kor\u00e7\u00ebs, Hir\u00ebsia e tij Joani, i cili u ndal tek vepra hierapostolike dhe kontributin e pashembullt t\u00eb Kryepiskopit Anastas n\u00eb ringritjen e Kish\u00ebs ton\u00eb, por edhe tek profili i tij prej intelektuali dhe studiuesi t\u00eb njohur bot\u00ebrisht.<\/span><\/p>\n<p style=\"text-align: justify;\"><span style=\"color: #000000; font-size: 12pt; font-family: helvetica;\"><img decoding=\"async\" class=\"lazyload HAa Eha\" style=\"height: 300px; width: 200px; margin: 10px; float: right; border-width: 1px; border-style: solid;\" alt=\"\" src=\"data:image\/gif;base64,R0lGODlhAQABAAAAACH5BAEKAAEALAAAAAABAAEAAAICTAEAOw==\" data-orig-src=\"https:\/\/lh3.googleusercontent.com\/-8iIdS9hDpkA\/Uv3ys5HtSVI\/AAAAAAAAHjM\/j6mT_-0c7iA\/w553-h830-no\/IMG_1279.jpg\" \/>&nbsp; &nbsp; P\u00ebr vlerat e librit dhe personalitetin e Kryepiskopit fol\u00ebn Prof. Dr. Paskal Milo, Rektori i Universitetit t\u00eb Tiran\u00ebs, Prof. Dr. Dhori Kule, Prof. Dr. Vaso Tole, Prof. Dr. Shaban Sinani dhe Prof. Dr. Beatri\u00e7e Polo. <\/span><\/p>\n<p style=\"text-align: justify;\"><span style=\"color: #000000; font-size: 12pt; font-family: helvetica;\">&nbsp;&nbsp;&nbsp; Ligj\u00ebruesit i m\u00ebshuan n\u00eb ve\u00e7anti rolit t\u00eb Kryepiskopit, q\u00eb nj\u00ebher\u00ebsh me veprimtarin\u00eb p\u00ebr ringjalljen e besimit orthodhoks k\u00ebmb\u00ebnguli ve\u00e7an\u00ebrisht edhe n\u00eb veprimtari paralele sociale, n\u00eb promovimin e vlerave t\u00eb paqes dhe t\u00eb bashkekzistenc\u00ebs n\u00eb harmoni, por edhe n\u00eb forcimin e moralit orthodhoks, si kontribut p\u00ebr sh\u00ebndoshjen e mbar\u00eb shoq\u00ebris\u00eb. T\u00eb gjith\u00eb fol\u00ebsit e nderuar, personalitete shkencore t\u00eb mir\u00ebfillta n\u00eb sektorin e tyre, ishin koherent\u00eb n\u00eb nj\u00eb pik\u00eb, se ve\u00e7an\u00ebrisht pas leximit t\u00eb k\u00ebtij libri, i cili b\u00ebn panoram\u00ebn dhe p\u00ebrmbledhjen e gjith\u00e7kaje ka ndodhur p\u00ebr 23 vjet me Kish\u00ebn Orthodhokse Autoqefale t\u00eb Shqip\u00ebris\u00eb, del edhe m\u00eb i mpreht\u00eb konkluzioni se agresiviteti mediatik dhe shpesh her\u00eb politik ndaj saj dhe posa\u00e7\u00ebrisht kund\u00ebr Primatit t\u00eb saj \u00ebsht\u00eb krejt\u00ebsisht i pabaz\u00eb, pa etik\u00eb dhe i padobish\u00ebm p\u00ebr Shqip\u00ebrin\u00eb. <\/span><\/p>\n<p style=\"text-align: justify;\"><span style=\"color: #000000; font-size: 12pt; font-family: helvetica;\">&nbsp;&nbsp;&nbsp; N\u00eb fund, Kryepiskopi Anastas fal\u00ebnderoi p\u00ebr fjal\u00ebt e ngrohta dhe vler\u00ebsimet q\u00eb iu b\u00ebn\u00eb. <\/span><\/p>\n<p style=\"text-align: justify;\"><span style=\"color: #000000; font-size: 12pt; font-family: helvetica;\">&nbsp;&nbsp;&nbsp; Pastaj u shfaq nj\u00eb film i shkurt\u00ebr dokumentar p\u00ebr vepr\u00ebn dhe jet\u00ebn e Kryepiskopit Anastas, duke u ndalur ve\u00e7an\u00ebrisht n\u00eb kontributin e jasht\u00ebzakonsh\u00ebm n\u00eb ringritjen nga g\u00ebrmadhat dhe p\u00ebrparimin e Kish\u00ebs son\u00eb n\u00eb k\u00ebto 23 vjet. &nbsp; <\/span><\/p>\n<p style=\"text-align: justify;\"><span style=\"color: #000000; font-size: 12pt; font-family: helvetica;\">&nbsp;&nbsp;&nbsp; Libri nis m\u00eb nj\u00eb p\u00ebrmbledhje t\u00eb shkurt\u00ebr p\u00ebr historikun e krishterimit dhe t\u00eb orthodhoksis\u00eb n\u00eb trevat e Shqip\u00ebris\u00eb, p\u00ebr t\u00eb vazhduar m\u00eb pas me rrug\u00ebtimin e Kish\u00ebs Orthodhokse Autoqefale t\u00eb Shqip\u00ebris\u00eb q\u00eb nga viti 1991, duke u ndalur n\u00eb fushat e ve\u00e7anta t\u00eb k\u00ebsaj vepre titanike, problemeve t\u00eb dala dhe m\u00ebnyr\u00ebs s\u00eb si ato jan\u00eb zgjidhur. <\/span><\/p>\n<p style=\"text-align: justify;\"><span style=\"color: #000000; font-size: 12pt; font-family: helvetica;\">&nbsp;&nbsp;&nbsp; Libri \u00ebsht\u00eb mjaft i pasur edhe me fotografi dhe me nj\u00eb p\u00ebrmbledhje n\u00eb anglisht. <\/span><\/p>\n<p style=\"text-align: justify;\"><span style=\"color: #000000; font-size: 12pt; font-family: helvetica;\">&nbsp;&nbsp;&nbsp; Gjithashtu, nj\u00eb pjes\u00eb mjaft e r\u00ebnd\u00ebsishme e tij \u00ebsht\u00eb edhe ajo dokumentare, ku botohen t\u00eb plot\u00eb \u201cTomosi Patriarkal\u201d i Autoqefalis\u00eb i vitit 1937, Statuti n\u00eb fuqi i Kish\u00ebs son\u00eb i vitit 2006, Marr\u00ebveshja e n\u00ebnshkruar me shtetin 2009 etj. <\/span><\/p>\n<p style=\"text-align: justify;\">&nbsp;<\/p>\n<p style=\"text-align: justify;\"><span style=\"font-family: tahoma,geneva,sans-serif;\"><span style=\"font-size: 12px;\"><span style=\"color: #000000;\"><img decoding=\"async\" class=\"lazyload HAa Eha\" style=\"height: 445px; width: 600px; margin: 10px; border-width: 1px; border-style: solid;\" alt=\"\" src=\"data:image\/gif;base64,R0lGODlhAQABAAAAACH5BAEKAAEALAAAAAABAAEAAAICTAEAOw==\" data-orig-src=\"https:\/\/lh6.googleusercontent.com\/-Rif4d49Wvn4\/Uv3yoSitGjI\/AAAAAAAAHi8\/YFjT8PPZmIg\/w958-h711-no\/IMG_1222.jpg\" \/><\/span><\/span> <\/span><\/p>\n<p style=\"text-align: justify;\"><img decoding=\"async\" class=\"lazyload HAa Eha\" style=\"height: 400px; width: 600px; margin: 10px; border-width: 1px; border-style: solid;\" alt=\"\" src=\"data:image\/gif;base64,R0lGODlhAQABAAAAACH5BAEKAAEALAAAAAABAAEAAAICTAEAOw==\" data-orig-src=\"https:\/\/lh4.googleusercontent.com\/-28WNvZlmFPY\/Uv3ypY7-qjI\/AAAAAAAAHjE\/EtnP5DQHaHg\/w958-h639-no\/IMG_1243.jpg\" \/><\/p>\n<p style=\"text-align: justify;\"><img decoding=\"async\" class=\"lazyload HAa Eha\" style=\"height: 458px; width: 600px; margin: 10px; border-width: 1px; border-style: solid;\" alt=\"\" src=\"data:image\/gif;base64,R0lGODlhAQABAAAAACH5BAEKAAEALAAAAAABAAEAAAICTAEAOw==\" data-orig-src=\"https:\/\/lh6.googleusercontent.com\/-fQWRZGoJy-0\/Uv3ywf6O7WI\/AAAAAAAAHjU\/uQZTmSs0oS0\/w958-h732-no\/IMG_1352.jpg\" \/><\/p>\n<p style=\"text-align: justify;\"><img decoding=\"async\" class=\"lazyload HAa Eha\" style=\"margin: 10px; border-width: 1px; border-style: solid;\" alt=\"\" src=\"data:image\/gif;base64,R0lGODlhAQABAAAAACH5BAEKAAEALAAAAAABAAEAAAICTAEAOw==\" data-orig-src=\"https:\/\/lh5.googleusercontent.com\/-4eAEBXbeovQ\/Uv3y0C1a-9I\/AAAAAAAAHjc\/c7Iq1k9pXMc\/w553-h830-no\/IMG_1361.jpg\" \/><\/p>\n<p style=\"text-align: justify;\"><img decoding=\"async\" class=\"lazyload HAa Eha\" style=\"height: 228px; width: 600px; margin: 10px; border-width: 1px; border-style: solid;\" alt=\"\" src=\"data:image\/gif;base64,R0lGODlhAQABAAAAACH5BAEKAAEALAAAAAABAAEAAAICTAEAOw==\" data-orig-src=\"https:\/\/lh3.googleusercontent.com\/-GvCLlTXKotA\/Uv3ykWz8aMI\/AAAAAAAAHi0\/pvGMR90yih8\/w958-h364-no\/photo+1.JPG\" \/><\/p>\n","protected":false},"excerpt":{"rendered":"<p>&nbsp; &nbsp; M\u00eb 13 shkurt 2014 pasdite, n\u00eb sall\u00ebn e pritjeve t\u00eb Kompleksit Sinodik t\u00eb Shenjt\u00eb, pran\u00eb katedrales s\u00eb re \u201cNgjallja e Krishtit\u201d, u b\u00eb promovimi i librit \u201cRingritja e Kish\u00ebs Orthodhokse Autoqefale t\u00eb Shqip\u00ebris\u00eb (1991-2012)\u201d, t\u00eb Kryepiskopit t\u00eb Tiran\u00ebs, Durr\u00ebsit dhe t\u00eb Gjith\u00eb Shqip\u00ebris\u00eb, Forlumturis\u00eb s\u00eb Tij, Prof. Dr. Anastasit. &nbsp;&nbsp;&nbsp; Merrnin pjes\u00eb intelektual\u00eb t\u00eb njohur dhe drejtues t\u00eb institucioneve arsimore e k\u00ebrkimore, n\u00ebnkryetari<\/p>\n","protected":false},"author":1,"featured_media":1487,"comment_status":"open","ping_status":"open","sticky":false,"template":"","format":"standard","meta":{"_acf_changed":false,"pagelayer_contact_templates":[],"_pagelayer_content":"","inline_featured_image":false,"fifu_image_url":"","fifu_image_alt":"","footnotes":""},"categories":[108],"tags":[140,184,196,201,212,607],"class_list":["post-1486","post","type-post","status-publish","format-standard","has-post-thumbnail","hentry","category-lajme","tag-140","tag-katedralja-ngjallja-e-krishtit-tirane","tag-tirane","tag-kryepiskopi-anastas","tag-lajme-d27","tag-promovimepublikime"],"acf":[],"yoast_head":"<!-- This site is optimized with the Yoast SEO plugin v27.2 - https:\/\/yoast.com\/product\/yoast-seo-wordpress\/ -->\n<title>U promovua libri m\u00eb i ri i Kryepiskopit Anastas \u201cRingritja e Kish\u00ebs Orthodhokse Autoqefale t\u00eb Shqip\u00ebris\u00eb (1991-2012)\u201d. (13 Shkurt 2014) - Kisha Orthodh\u03bfkse Autoqefale e Shqip\u00ebris\u00eb<\/title>\n<meta name=\"robots\" content=\"index, follow, max-snippet:-1, max-image-preview:large, max-video-preview:-1\" \/>\n<link rel=\"canonical\" href=\"https:\/\/orthodoxalbania.org\/2020\/2014\/02\/14\/u-promovua-libri-me-i-ri-i-kryepiskopit-anastas-ringritja-e-kishes-orthodhokse-autoqefale-te-shqiperise-1991-2012\/\" \/>\n<meta property=\"og:locale\" content=\"en_US\" \/>\n<meta property=\"og:type\" content=\"article\" \/>\n<meta property=\"og:title\" content=\"U promovua libri m\u00eb i ri i Kryepiskopit Anastas \u201cRingritja e Kish\u00ebs Orthodhokse Autoqefale t\u00eb Shqip\u00ebris\u00eb (1991-2012)\u201d. (13 Shkurt 2014) - Kisha Orthodh\u03bfkse Autoqefale e Shqip\u00ebris\u00eb\" \/>\n<meta property=\"og:description\" content=\"&nbsp; &nbsp; M\u00eb 13 shkurt 2014 pasdite, n\u00eb sall\u00ebn e pritjeve t\u00eb Kompleksit Sinodik t\u00eb Shenjt\u00eb, pran\u00eb katedrales s\u00eb re \u201cNgjallja e Krishtit\u201d, u b\u00eb promovimi i librit \u201cRingritja e Kish\u00ebs Orthodhokse Autoqefale t\u00eb Shqip\u00ebris\u00eb (1991-2012)\u201d, t\u00eb Kryepiskopit t\u00eb Tiran\u00ebs, Durr\u00ebsit dhe t\u00eb Gjith\u00eb Shqip\u00ebris\u00eb, Forlumturis\u00eb s\u00eb Tij, Prof. Dr. Anastasit. &nbsp;&nbsp;&nbsp; Merrnin pjes\u00eb intelektual\u00eb t\u00eb njohur dhe drejtues t\u00eb institucioneve arsimore e k\u00ebrkimore, n\u00ebnkryetari\" \/>\n<meta property=\"og:url\" content=\"https:\/\/orthodoxalbania.org\/2020\/2014\/02\/14\/u-promovua-libri-me-i-ri-i-kryepiskopit-anastas-ringritja-e-kishes-orthodhokse-autoqefale-te-shqiperise-1991-2012\/\" \/>\n<meta property=\"og:site_name\" content=\"Kisha Orthodh\u03bfkse Autoqefale e Shqip\u00ebris\u00eb\" \/>\n<meta property=\"article:publisher\" content=\"https:\/\/www.facebook.com\/koash1991\" \/>\n<meta property=\"article:published_time\" content=\"2014-02-14T11:03:56+00:00\" \/>\n<meta property=\"article:modified_time\" content=\"2020-04-06T20:05:21+00:00\" \/>\n<meta property=\"og:image\" content=\"https:\/\/orthodoxalbania.org\/2020\/wp-content\/uploads\/2020\/04\/IMG_1222.jpg\" \/>\n\t<meta property=\"og:image:width\" content=\"958\" \/>\n\t<meta property=\"og:image:height\" content=\"711\" \/>\n\t<meta property=\"og:image:type\" content=\"image\/jpeg\" \/>\n<meta name=\"author\" content=\"Kisha Orthodhokse\" \/>\n<meta name=\"twitter:card\" content=\"summary_large_image\" \/>\n<meta name=\"twitter:label1\" content=\"Written by\" \/>\n\t<meta name=\"twitter:data1\" content=\"Kisha Orthodhokse\" \/>\n\t<meta name=\"twitter:label2\" content=\"Est. reading time\" \/>\n\t<meta name=\"twitter:data2\" content=\"3 minutes\" \/>\n<script type=\"application\/ld+json\" class=\"yoast-schema-graph\">{\"@context\":\"https:\/\/schema.org\",\"@graph\":[{\"@type\":\"Article\",\"@id\":\"https:\/\/orthodoxalbania.org\/2020\/2014\/02\/14\/u-promovua-libri-me-i-ri-i-kryepiskopit-anastas-ringritja-e-kishes-orthodhokse-autoqefale-te-shqiperise-1991-2012\/#article\",\"isPartOf\":{\"@id\":\"https:\/\/orthodoxalbania.org\/2020\/2014\/02\/14\/u-promovua-libri-me-i-ri-i-kryepiskopit-anastas-ringritja-e-kishes-orthodhokse-autoqefale-te-shqiperise-1991-2012\/\"},\"author\":{\"name\":\"Kisha Orthodhokse\",\"@id\":\"https:\/\/orthodoxalbania.org\/2020\/#\/schema\/person\/0c387634a7063ac612d7ed9ce71c7e86\"},\"headline\":\"U promovua libri m\u00eb i ri i Kryepiskopit Anastas \u201cRingritja e Kish\u00ebs Orthodhokse Autoqefale t\u00eb Shqip\u00ebris\u00eb (1991-2012)\u201d. (13 Shkurt 2014)\",\"datePublished\":\"2014-02-14T11:03:56+00:00\",\"dateModified\":\"2020-04-06T20:05:21+00:00\",\"mainEntityOfPage\":{\"@id\":\"https:\/\/orthodoxalbania.org\/2020\/2014\/02\/14\/u-promovua-libri-me-i-ri-i-kryepiskopit-anastas-ringritja-e-kishes-orthodhokse-autoqefale-te-shqiperise-1991-2012\/\"},\"wordCount\":596,\"commentCount\":0,\"publisher\":{\"@id\":\"https:\/\/orthodoxalbania.org\/2020\/#organization\"},\"image\":{\"@id\":\"https:\/\/orthodoxalbania.org\/2020\/2014\/02\/14\/u-promovua-libri-me-i-ri-i-kryepiskopit-anastas-ringritja-e-kishes-orthodhokse-autoqefale-te-shqiperise-1991-2012\/#primaryimage\"},\"thumbnailUrl\":\"https:\/\/orthodoxalbania.org\/2020\/wp-content\/uploads\/2020\/04\/IMG_1222.jpg\",\"keywords\":[\"2014\",\"Katedralja \u201cNgjallja e Krishtit\u201d Tiran\u00eb\",\"Kryepiskopata Tiran\u00eb\",\"Kryepiskopi Anastas\",\"lajme\",\"PromovimePublikime\"],\"articleSection\":[\"Lajme\"],\"inLanguage\":\"en-US\"},{\"@type\":\"WebPage\",\"@id\":\"https:\/\/orthodoxalbania.org\/2020\/2014\/02\/14\/u-promovua-libri-me-i-ri-i-kryepiskopit-anastas-ringritja-e-kishes-orthodhokse-autoqefale-te-shqiperise-1991-2012\/\",\"url\":\"https:\/\/orthodoxalbania.org\/2020\/2014\/02\/14\/u-promovua-libri-me-i-ri-i-kryepiskopit-anastas-ringritja-e-kishes-orthodhokse-autoqefale-te-shqiperise-1991-2012\/\",\"name\":\"U promovua libri m\u00eb i ri i Kryepiskopit Anastas \u201cRingritja e Kish\u00ebs Orthodhokse Autoqefale t\u00eb Shqip\u00ebris\u00eb (1991-2012)\u201d. (13 Shkurt 2014) - Kisha Orthodh\u03bfkse Autoqefale e Shqip\u00ebris\u00eb\",\"isPartOf\":{\"@id\":\"https:\/\/orthodoxalbania.org\/2020\/#website\"},\"primaryImageOfPage\":{\"@id\":\"https:\/\/orthodoxalbania.org\/2020\/2014\/02\/14\/u-promovua-libri-me-i-ri-i-kryepiskopit-anastas-ringritja-e-kishes-orthodhokse-autoqefale-te-shqiperise-1991-2012\/#primaryimage\"},\"image\":{\"@id\":\"https:\/\/orthodoxalbania.org\/2020\/2014\/02\/14\/u-promovua-libri-me-i-ri-i-kryepiskopit-anastas-ringritja-e-kishes-orthodhokse-autoqefale-te-shqiperise-1991-2012\/#primaryimage\"},\"thumbnailUrl\":\"https:\/\/orthodoxalbania.org\/2020\/wp-content\/uploads\/2020\/04\/IMG_1222.jpg\",\"datePublished\":\"2014-02-14T11:03:56+00:00\",\"dateModified\":\"2020-04-06T20:05:21+00:00\",\"breadcrumb\":{\"@id\":\"https:\/\/orthodoxalbania.org\/2020\/2014\/02\/14\/u-promovua-libri-me-i-ri-i-kryepiskopit-anastas-ringritja-e-kishes-orthodhokse-autoqefale-te-shqiperise-1991-2012\/#breadcrumb\"},\"inLanguage\":\"en-US\",\"potentialAction\":[{\"@type\":\"ReadAction\",\"target\":[\"https:\/\/orthodoxalbania.org\/2020\/2014\/02\/14\/u-promovua-libri-me-i-ri-i-kryepiskopit-anastas-ringritja-e-kishes-orthodhokse-autoqefale-te-shqiperise-1991-2012\/\"]}]},{\"@type\":\"ImageObject\",\"inLanguage\":\"en-US\",\"@id\":\"https:\/\/orthodoxalbania.org\/2020\/2014\/02\/14\/u-promovua-libri-me-i-ri-i-kryepiskopit-anastas-ringritja-e-kishes-orthodhokse-autoqefale-te-shqiperise-1991-2012\/#primaryimage\",\"url\":\"https:\/\/orthodoxalbania.org\/2020\/wp-content\/uploads\/2020\/04\/IMG_1222.jpg\",\"contentUrl\":\"https:\/\/orthodoxalbania.org\/2020\/wp-content\/uploads\/2020\/04\/IMG_1222.jpg\",\"width\":958,\"height\":711},{\"@type\":\"BreadcrumbList\",\"@id\":\"https:\/\/orthodoxalbania.org\/2020\/2014\/02\/14\/u-promovua-libri-me-i-ri-i-kryepiskopit-anastas-ringritja-e-kishes-orthodhokse-autoqefale-te-shqiperise-1991-2012\/#breadcrumb\",\"itemListElement\":[{\"@type\":\"ListItem\",\"position\":1,\"name\":\"Home\",\"item\":\"https:\/\/orthodoxalbania.org\/2020\/\"},{\"@type\":\"ListItem\",\"position\":2,\"name\":\"U promovua libri m\u00eb i ri i Kryepiskopit Anastas \u201cRingritja e Kish\u00ebs Orthodhokse Autoqefale t\u00eb Shqip\u00ebris\u00eb (1991-2012)\u201d. (13 Shkurt 2014)\"}]},{\"@type\":\"WebSite\",\"@id\":\"https:\/\/orthodoxalbania.org\/2020\/#website\",\"url\":\"https:\/\/orthodoxalbania.org\/2020\/\",\"name\":\"Kisha Orthodh\u03bfkse Autoqefale e Shqip\u00ebris\u00eb\",\"description\":\"Fqja Zyrtare e Kish\u00ebs Orthodhokse Autoqefale e Shqip\u00ebris\u00eb me lajmet edhe informacionet zyrtare p\u00ebr struktur\u00ebn edhe veprimtarin e saj.\",\"publisher\":{\"@id\":\"https:\/\/orthodoxalbania.org\/2020\/#organization\"},\"potentialAction\":[{\"@type\":\"SearchAction\",\"target\":{\"@type\":\"EntryPoint\",\"urlTemplate\":\"https:\/\/orthodoxalbania.org\/2020\/?s={search_term_string}\"},\"query-input\":{\"@type\":\"PropertyValueSpecification\",\"valueRequired\":true,\"valueName\":\"search_term_string\"}}],\"inLanguage\":\"en-US\"},{\"@type\":\"Organization\",\"@id\":\"https:\/\/orthodoxalbania.org\/2020\/#organization\",\"name\":\"Kisha Orthodhokse Autoqefale e Shqip\u00ebris\u00eb\",\"url\":\"https:\/\/orthodoxalbania.org\/2020\/\",\"logo\":{\"@type\":\"ImageObject\",\"inLanguage\":\"en-US\",\"@id\":\"https:\/\/orthodoxalbania.org\/2020\/#\/schema\/logo\/image\/\",\"url\":\"https:\/\/orthodoxalbania.org\/2020\/wp-content\/uploads\/2020\/05\/albania.jpeg\",\"contentUrl\":\"https:\/\/orthodoxalbania.org\/2020\/wp-content\/uploads\/2020\/05\/albania.jpeg\",\"width\":540,\"height\":540,\"caption\":\"Kisha Orthodhokse Autoqefale e Shqip\u00ebris\u00eb\"},\"image\":{\"@id\":\"https:\/\/orthodoxalbania.org\/2020\/#\/schema\/logo\/image\/\"},\"sameAs\":[\"https:\/\/www.facebook.com\/koash1991\"]},{\"@type\":\"Person\",\"@id\":\"https:\/\/orthodoxalbania.org\/2020\/#\/schema\/person\/0c387634a7063ac612d7ed9ce71c7e86\",\"name\":\"Kisha Orthodhokse\",\"image\":{\"@type\":\"ImageObject\",\"inLanguage\":\"en-US\",\"@id\":\"https:\/\/secure.gravatar.com\/avatar\/596e7c417251e30f2fbb9c00e026fce61a695a00e51c889caded71c96cbbdde5?s=96&d=mm&r=g\",\"url\":\"https:\/\/secure.gravatar.com\/avatar\/596e7c417251e30f2fbb9c00e026fce61a695a00e51c889caded71c96cbbdde5?s=96&d=mm&r=g\",\"contentUrl\":\"https:\/\/secure.gravatar.com\/avatar\/596e7c417251e30f2fbb9c00e026fce61a695a00e51c889caded71c96cbbdde5?s=96&d=mm&r=g\",\"caption\":\"Kisha Orthodhokse\"}}]}<\/script>\n<!-- \/ Yoast SEO plugin. -->","yoast_head_json":{"title":"U promovua libri m\u00eb i ri i Kryepiskopit Anastas \u201cRingritja e Kish\u00ebs Orthodhokse Autoqefale t\u00eb Shqip\u00ebris\u00eb (1991-2012)\u201d. (13 Shkurt 2014) - Kisha Orthodh\u03bfkse Autoqefale e Shqip\u00ebris\u00eb","robots":{"index":"index","follow":"follow","max-snippet":"max-snippet:-1","max-image-preview":"max-image-preview:large","max-video-preview":"max-video-preview:-1"},"canonical":"https:\/\/orthodoxalbania.org\/2020\/2014\/02\/14\/u-promovua-libri-me-i-ri-i-kryepiskopit-anastas-ringritja-e-kishes-orthodhokse-autoqefale-te-shqiperise-1991-2012\/","og_locale":"en_US","og_type":"article","og_title":"U promovua libri m\u00eb i ri i Kryepiskopit Anastas \u201cRingritja e Kish\u00ebs Orthodhokse Autoqefale t\u00eb Shqip\u00ebris\u00eb (1991-2012)\u201d. (13 Shkurt 2014) - Kisha Orthodh\u03bfkse Autoqefale e Shqip\u00ebris\u00eb","og_description":"&nbsp; &nbsp; M\u00eb 13 shkurt 2014 pasdite, n\u00eb sall\u00ebn e pritjeve t\u00eb Kompleksit Sinodik t\u00eb Shenjt\u00eb, pran\u00eb katedrales s\u00eb re \u201cNgjallja e Krishtit\u201d, u b\u00eb promovimi i librit \u201cRingritja e Kish\u00ebs Orthodhokse Autoqefale t\u00eb Shqip\u00ebris\u00eb (1991-2012)\u201d, t\u00eb Kryepiskopit t\u00eb Tiran\u00ebs, Durr\u00ebsit dhe t\u00eb Gjith\u00eb Shqip\u00ebris\u00eb, Forlumturis\u00eb s\u00eb Tij, Prof. Dr. Anastasit. &nbsp;&nbsp;&nbsp; Merrnin pjes\u00eb intelektual\u00eb t\u00eb njohur dhe drejtues t\u00eb institucioneve arsimore e k\u00ebrkimore, n\u00ebnkryetari","og_url":"https:\/\/orthodoxalbania.org\/2020\/2014\/02\/14\/u-promovua-libri-me-i-ri-i-kryepiskopit-anastas-ringritja-e-kishes-orthodhokse-autoqefale-te-shqiperise-1991-2012\/","og_site_name":"Kisha Orthodh\u03bfkse Autoqefale e Shqip\u00ebris\u00eb","article_publisher":"https:\/\/www.facebook.com\/koash1991","article_published_time":"2014-02-14T11:03:56+00:00","article_modified_time":"2020-04-06T20:05:21+00:00","og_image":[{"width":958,"height":711,"url":"https:\/\/orthodoxalbania.org\/2020\/wp-content\/uploads\/2020\/04\/IMG_1222.jpg","type":"image\/jpeg"}],"author":"Kisha Orthodhokse","twitter_card":"summary_large_image","twitter_misc":{"Written by":"Kisha Orthodhokse","Est. reading time":"3 minutes"},"schema":{"@context":"https:\/\/schema.org","@graph":[{"@type":"Article","@id":"https:\/\/orthodoxalbania.org\/2020\/2014\/02\/14\/u-promovua-libri-me-i-ri-i-kryepiskopit-anastas-ringritja-e-kishes-orthodhokse-autoqefale-te-shqiperise-1991-2012\/#article","isPartOf":{"@id":"https:\/\/orthodoxalbania.org\/2020\/2014\/02\/14\/u-promovua-libri-me-i-ri-i-kryepiskopit-anastas-ringritja-e-kishes-orthodhokse-autoqefale-te-shqiperise-1991-2012\/"},"author":{"name":"Kisha Orthodhokse","@id":"https:\/\/orthodoxalbania.org\/2020\/#\/schema\/person\/0c387634a7063ac612d7ed9ce71c7e86"},"headline":"U promovua libri m\u00eb i ri i Kryepiskopit Anastas \u201cRingritja e Kish\u00ebs Orthodhokse Autoqefale t\u00eb Shqip\u00ebris\u00eb (1991-2012)\u201d. (13 Shkurt 2014)","datePublished":"2014-02-14T11:03:56+00:00","dateModified":"2020-04-06T20:05:21+00:00","mainEntityOfPage":{"@id":"https:\/\/orthodoxalbania.org\/2020\/2014\/02\/14\/u-promovua-libri-me-i-ri-i-kryepiskopit-anastas-ringritja-e-kishes-orthodhokse-autoqefale-te-shqiperise-1991-2012\/"},"wordCount":596,"commentCount":0,"publisher":{"@id":"https:\/\/orthodoxalbania.org\/2020\/#organization"},"image":{"@id":"https:\/\/orthodoxalbania.org\/2020\/2014\/02\/14\/u-promovua-libri-me-i-ri-i-kryepiskopit-anastas-ringritja-e-kishes-orthodhokse-autoqefale-te-shqiperise-1991-2012\/#primaryimage"},"thumbnailUrl":"https:\/\/orthodoxalbania.org\/2020\/wp-content\/uploads\/2020\/04\/IMG_1222.jpg","keywords":["2014","Katedralja \u201cNgjallja e Krishtit\u201d Tiran\u00eb","Kryepiskopata Tiran\u00eb","Kryepiskopi Anastas","lajme","PromovimePublikime"],"articleSection":["Lajme"],"inLanguage":"en-US"},{"@type":"WebPage","@id":"https:\/\/orthodoxalbania.org\/2020\/2014\/02\/14\/u-promovua-libri-me-i-ri-i-kryepiskopit-anastas-ringritja-e-kishes-orthodhokse-autoqefale-te-shqiperise-1991-2012\/","url":"https:\/\/orthodoxalbania.org\/2020\/2014\/02\/14\/u-promovua-libri-me-i-ri-i-kryepiskopit-anastas-ringritja-e-kishes-orthodhokse-autoqefale-te-shqiperise-1991-2012\/","name":"U promovua libri m\u00eb i ri i Kryepiskopit Anastas \u201cRingritja e Kish\u00ebs Orthodhokse Autoqefale t\u00eb Shqip\u00ebris\u00eb (1991-2012)\u201d. (13 Shkurt 2014) - Kisha Orthodh\u03bfkse Autoqefale e Shqip\u00ebris\u00eb","isPartOf":{"@id":"https:\/\/orthodoxalbania.org\/2020\/#website"},"primaryImageOfPage":{"@id":"https:\/\/orthodoxalbania.org\/2020\/2014\/02\/14\/u-promovua-libri-me-i-ri-i-kryepiskopit-anastas-ringritja-e-kishes-orthodhokse-autoqefale-te-shqiperise-1991-2012\/#primaryimage"},"image":{"@id":"https:\/\/orthodoxalbania.org\/2020\/2014\/02\/14\/u-promovua-libri-me-i-ri-i-kryepiskopit-anastas-ringritja-e-kishes-orthodhokse-autoqefale-te-shqiperise-1991-2012\/#primaryimage"},"thumbnailUrl":"https:\/\/orthodoxalbania.org\/2020\/wp-content\/uploads\/2020\/04\/IMG_1222.jpg","datePublished":"2014-02-14T11:03:56+00:00","dateModified":"2020-04-06T20:05:21+00:00","breadcrumb":{"@id":"https:\/\/orthodoxalbania.org\/2020\/2014\/02\/14\/u-promovua-libri-me-i-ri-i-kryepiskopit-anastas-ringritja-e-kishes-orthodhokse-autoqefale-te-shqiperise-1991-2012\/#breadcrumb"},"inLanguage":"en-US","potentialAction":[{"@type":"ReadAction","target":["https:\/\/orthodoxalbania.org\/2020\/2014\/02\/14\/u-promovua-libri-me-i-ri-i-kryepiskopit-anastas-ringritja-e-kishes-orthodhokse-autoqefale-te-shqiperise-1991-2012\/"]}]},{"@type":"ImageObject","inLanguage":"en-US","@id":"https:\/\/orthodoxalbania.org\/2020\/2014\/02\/14\/u-promovua-libri-me-i-ri-i-kryepiskopit-anastas-ringritja-e-kishes-orthodhokse-autoqefale-te-shqiperise-1991-2012\/#primaryimage","url":"https:\/\/orthodoxalbania.org\/2020\/wp-content\/uploads\/2020\/04\/IMG_1222.jpg","contentUrl":"https:\/\/orthodoxalbania.org\/2020\/wp-content\/uploads\/2020\/04\/IMG_1222.jpg","width":958,"height":711},{"@type":"BreadcrumbList","@id":"https:\/\/orthodoxalbania.org\/2020\/2014\/02\/14\/u-promovua-libri-me-i-ri-i-kryepiskopit-anastas-ringritja-e-kishes-orthodhokse-autoqefale-te-shqiperise-1991-2012\/#breadcrumb","itemListElement":[{"@type":"ListItem","position":1,"name":"Home","item":"https:\/\/orthodoxalbania.org\/2020\/"},{"@type":"ListItem","position":2,"name":"U promovua libri m\u00eb i ri i Kryepiskopit Anastas \u201cRingritja e Kish\u00ebs Orthodhokse Autoqefale t\u00eb Shqip\u00ebris\u00eb (1991-2012)\u201d. (13 Shkurt 2014)"}]},{"@type":"WebSite","@id":"https:\/\/orthodoxalbania.org\/2020\/#website","url":"https:\/\/orthodoxalbania.org\/2020\/","name":"Kisha Orthodh\u03bfkse Autoqefale e Shqip\u00ebris\u00eb","description":"Fqja Zyrtare e Kish\u00ebs Orthodhokse Autoqefale e Shqip\u00ebris\u00eb me lajmet edhe informacionet zyrtare p\u00ebr struktur\u00ebn edhe veprimtarin e saj.","publisher":{"@id":"https:\/\/orthodoxalbania.org\/2020\/#organization"},"potentialAction":[{"@type":"SearchAction","target":{"@type":"EntryPoint","urlTemplate":"https:\/\/orthodoxalbania.org\/2020\/?s={search_term_string}"},"query-input":{"@type":"PropertyValueSpecification","valueRequired":true,"valueName":"search_term_string"}}],"inLanguage":"en-US"},{"@type":"Organization","@id":"https:\/\/orthodoxalbania.org\/2020\/#organization","name":"Kisha Orthodhokse Autoqefale e Shqip\u00ebris\u00eb","url":"https:\/\/orthodoxalbania.org\/2020\/","logo":{"@type":"ImageObject","inLanguage":"en-US","@id":"https:\/\/orthodoxalbania.org\/2020\/#\/schema\/logo\/image\/","url":"https:\/\/orthodoxalbania.org\/2020\/wp-content\/uploads\/2020\/05\/albania.jpeg","contentUrl":"https:\/\/orthodoxalbania.org\/2020\/wp-content\/uploads\/2020\/05\/albania.jpeg","width":540,"height":540,"caption":"Kisha Orthodhokse Autoqefale e Shqip\u00ebris\u00eb"},"image":{"@id":"https:\/\/orthodoxalbania.org\/2020\/#\/schema\/logo\/image\/"},"sameAs":["https:\/\/www.facebook.com\/koash1991"]},{"@type":"Person","@id":"https:\/\/orthodoxalbania.org\/2020\/#\/schema\/person\/0c387634a7063ac612d7ed9ce71c7e86","name":"Kisha Orthodhokse","image":{"@type":"ImageObject","inLanguage":"en-US","@id":"https:\/\/secure.gravatar.com\/avatar\/596e7c417251e30f2fbb9c00e026fce61a695a00e51c889caded71c96cbbdde5?s=96&d=mm&r=g","url":"https:\/\/secure.gravatar.com\/avatar\/596e7c417251e30f2fbb9c00e026fce61a695a00e51c889caded71c96cbbdde5?s=96&d=mm&r=g","contentUrl":"https:\/\/secure.gravatar.com\/avatar\/596e7c417251e30f2fbb9c00e026fce61a695a00e51c889caded71c96cbbdde5?s=96&d=mm&r=g","caption":"Kisha Orthodhokse"}}]}},"_links":{"self":[{"href":"https:\/\/orthodoxalbania.org\/2020\/wp-json\/wp\/v2\/posts\/1486","targetHints":{"allow":["GET"]}}],"collection":[{"href":"https:\/\/orthodoxalbania.org\/2020\/wp-json\/wp\/v2\/posts"}],"about":[{"href":"https:\/\/orthodoxalbania.org\/2020\/wp-json\/wp\/v2\/types\/post"}],"author":[{"embeddable":true,"href":"https:\/\/orthodoxalbania.org\/2020\/wp-json\/wp\/v2\/users\/1"}],"replies":[{"embeddable":true,"href":"https:\/\/orthodoxalbania.org\/2020\/wp-json\/wp\/v2\/comments?post=1486"}],"version-history":[{"count":1,"href":"https:\/\/orthodoxalbania.org\/2020\/wp-json\/wp\/v2\/posts\/1486\/revisions"}],"predecessor-version":[{"id":15123,"href":"https:\/\/orthodoxalbania.org\/2020\/wp-json\/wp\/v2\/posts\/1486\/revisions\/15123"}],"wp:featuredmedia":[{"embeddable":true,"href":"https:\/\/orthodoxalbania.org\/2020\/wp-json\/wp\/v2\/media\/1487"}],"wp:attachment":[{"href":"https:\/\/orthodoxalbania.org\/2020\/wp-json\/wp\/v2\/media?parent=1486"}],"wp:term":[{"taxonomy":"category","embeddable":true,"href":"https:\/\/orthodoxalbania.org\/2020\/wp-json\/wp\/v2\/categories?post=1486"},{"taxonomy":"post_tag","embeddable":true,"href":"https:\/\/orthodoxalbania.org\/2020\/wp-json\/wp\/v2\/tags?post=1486"}],"curies":[{"name":"wp","href":"https:\/\/api.w.org\/{rel}","templated":true}]}}