{"id":1484,"date":"2013-03-21T10:05:58","date_gmt":"2013-03-21T10:05:58","guid":{"rendered":""},"modified":"2020-04-06T22:31:59","modified_gmt":"2020-04-06T20:31:59","slug":"u-mblodh-ne-vendin-tone-komisioni-miks-per-dialogun-anglikano-orthodhoks","status":"publish","type":"post","link":"https:\/\/orthodoxalbania.org\/2020\/2013\/03\/21\/u-mblodh-ne-vendin-tone-komisioni-miks-per-dialogun-anglikano-orthodhoks\/","title":{"rendered":"U mblodh n\u00eb vendin ton\u00eb Komisioni Miks p\u00ebr Dialogun Anglikano-Orthodhoks. (16 &#8211; 23 Shtator 2011)"},"content":{"rendered":"<div class=\"style10\" style=\"text-align: justify;\"><span style=\"color: #000000;\"><span style=\"font-family: tahoma,geneva,sans-serif;\"><span style=\"font-size: 12px;\"><img decoding=\"async\" class=\"lazyload HAa Eha\" style=\"height: 227px; width: 378px; border-width: 1px; border-style: solid; margin: 10px; float: left;\" alt=\"\" src=\"data:image\/gif;base64,R0lGODlhAQABAAAAACH5BAEKAAEALAAAAAABAAEAAAICTAEAOw==\" data-orig-src=\"https:\/\/lh6.googleusercontent.com\/-6kIZFkgWXw4\/VAQ-DEQog2I\/AAAAAAAACio\/gNlMnWz8WBc\/w600-h361-no\/Formal%2BGroup%2B1%2B-%2BCopy_600x361.jpg\" \/> &nbsp; &nbsp; Nga 16- 23 shtator 2011, n\u00eb mjediset e Manastirit t\u00eb Ri t\u00eb Sh\u00ebn Vlashit dhe t\u00eb Akademis\u00eb Teologjike \u201cNgjallja e Krishtit\u201d, pran\u00eb Durr\u00ebsit, zhvilloi punimet Komisioni Miks p\u00ebr Dialogun Anglikano-Orthodhoks. \u00cbsht\u00eb hera e par\u00eb q\u00eb ky Komision mblidhet n\u00eb vendin ton\u00eb, me ftes\u00eb t\u00eb Kryepiskopit t\u00eb Tiran\u00ebs dhe t\u00eb gjith\u00eb Shqip\u00ebris\u00eb, Anastasit.<\/span><\/span><\/span><\/div>\n<div class=\"style10\" style=\"text-align: justify;\"> <span style=\"color: #000000;\"><span style=\"font-family: tahoma,geneva,sans-serif;\"><span style=\"font-size: 12px;\">&nbsp;&nbsp;&nbsp; T\u00eb diel\u00ebn, 18 shtator, miqt\u00eb nga Kishat Orthodhokse dhe Anglikane mor\u00ebn pjes\u00eb n\u00eb Liturgjin\u00eb Hyjnore, n\u00eb Kish\u00ebn \u201cUngjill\u00ebzimi i Hyjlind\u00ebses\u201d, n\u00eb Tiran\u00eb, ku Hierark\u00ebt orthodhoks\u00eb bashk\u00ebcelebruan. Predikimin e rastit e mbajti Episkopi Kalistos (Ware), nga Britania, Patriarkana Ekumenike, teolog i njohur bot\u00ebrisht dhe bashk\u00ebkryetar i k\u00ebtij Komisioni.<\/span><\/span><\/span><\/div>\n<div class=\"style10\" style=\"text-align: justify;\"> <span style=\"color: #000000;\"><span style=\"font-family: tahoma,geneva,sans-serif;\"><span style=\"font-size: 12px;\">&nbsp;&nbsp;&nbsp; Midis dy Kishave ka pasur marr\u00ebdh\u00ebnie miq\u00ebsore q\u00eb prej disa shekujsh, por ky dialog teologjik&nbsp; i drejtp\u00ebrdrejt\u00eb ka nisur q\u00eb nga viti 1973, n\u00eb Oksford. Rrjedhoj\u00eb kan\u00eb qen\u00eb&nbsp; tre raporte, p\u00ebr tema teologjike me interes t\u00eb p\u00ebrbashk\u00ebt. Tani ka nisur nj\u00eb faz\u00eb e re, ku po diskutohet p\u00ebr p\u00ebrgjegj\u00ebsin\u00eb e t\u00eb krishter\u00ebve p\u00ebr Krijes\u00ebn e Per\u00ebndis\u00eb dhe p\u00ebr mjedisin, si dhe p\u00ebr p\u00ebrgjegj\u00ebsin\u00eb e tyre p\u00ebr mbrojtjen e t\u00eb drejtave t\u00eb njeriut.<\/span><\/span><\/span><\/div>\n<div class=\"style10\" style=\"text-align: justify;\"> <span style=\"color: #000000;\"><span style=\"font-family: tahoma,geneva,sans-serif;\"><span style=\"font-size: 12px;\"><img decoding=\"async\" class=\"lazyload HAa Eha\" style=\"height: 190px; width: 253px; border-width: 1px; border-style: solid; margin: 10px; float: right;\" alt=\"\" src=\"data:image\/gif;base64,R0lGODlhAQABAAAAACH5BAEKAAEALAAAAAABAAEAAAICTAEAOw==\" data-orig-src=\"https:\/\/lh5.googleusercontent.com\/-6z6DYFYbA2U\/VAQ-DJ_gSEI\/AAAAAAAACis\/kYgur_KeqqQ\/w600-h450-no\/People%2B2_600x450.jpg\" \/>&nbsp;&nbsp; Kisha Orthodhokse u p\u00ebrfaq\u00ebsua n\u00eb takim nga Mitropoliti Kalistos, Patriarkana Ekumenike; Mitropoliti Serafim i Zimbabves, Patriarkana e Aleksandris\u00eb; Mitropoliti Nifon i T\u00ebrgovishtes, Patriarkana e Rumanis\u00eb, Mitropoliti Krisostom i Kitiut, Kisha e Qipros; Episkopi Ilia, Kisha e Shqip\u00ebris\u00eb, si dhe nga teolog\u00eb laik\u00eb dhe klerik\u00eb nga Kishat e Rusis\u00eb, Serbis\u00eb, Greqis\u00eb, Polonis\u00eb. Bashk\u00ebkryetari Anglikan i komisionit ishte episkopi Roger Heft, nga Australia.<\/span><\/span><\/span><\/div>\n<div class=\"style10\" style=\"text-align: justify;\">&nbsp;<\/div>\n<div class=\"style10\" style=\"text-align: justify;\">&nbsp;<\/div>\n<div style=\"text-align: justify;\">&nbsp;<\/div>\n<div style=\"text-align: justify;\">&nbsp;<\/div>\n<div style=\"text-align: justify;\">&nbsp;<\/div>\n<div style=\"text-align: center;\">&nbsp;<\/div>\n<div style=\"text-align: center;\"><span style=\"color: #000000;\"><span style=\"font-family: tahoma,geneva,sans-serif;\"><span style=\"font-size: 12px;\"><span class=\"style10\">23. 9. 2011<\/span><\/span><\/span><\/span><\/div>\n<div style=\"text-align: center;\"><span style=\"color: #000000;\"><span style=\"font-family: tahoma,geneva,sans-serif;\"><span style=\"font-size: 12px;\"><span class=\"style10\"><br \/> <strong>Zyra e Shtypit<\/strong><br \/> <strong>e Kish\u00ebs Orthodhokse Autoqefale t\u00eb Shqip\u00ebris\u00eb<\/strong><\/span><\/span><\/span><\/span><\/div>\n","protected":false},"excerpt":{"rendered":"<p>&nbsp; &nbsp; Nga 16- 23 shtator 2011, n\u00eb mjediset e Manastirit t\u00eb Ri t\u00eb Sh\u00ebn Vlashit dhe t\u00eb Akademis\u00eb Teologjike \u201cNgjallja e Krishtit\u201d, pran\u00eb Durr\u00ebsit, zhvilloi punimet Komisioni Miks p\u00ebr Dialogun Anglikano-Orthodhoks. \u00cbsht\u00eb hera e par\u00eb q\u00eb ky Komision mblidhet n\u00eb vendin ton\u00eb, me ftes\u00eb t\u00eb Kryepiskopit t\u00eb Tiran\u00ebs dhe t\u00eb gjith\u00eb Shqip\u00ebris\u00eb, Anastasit. &nbsp;&nbsp;&nbsp; T\u00eb diel\u00ebn, 18 shtator, miqt\u00eb nga Kishat Orthodhokse dhe Anglikane<\/p>\n","protected":false},"author":1,"featured_media":0,"comment_status":"open","ping_status":"open","sticky":false,"template":"","format":"standard","meta":{"_acf_changed":false,"pagelayer_contact_templates":[],"_pagelayer_content":"","inline_featured_image":false,"fifu_image_url":"","fifu_image_alt":"","footnotes":""},"categories":[108],"tags":[143,153,196,212],"class_list":["post-1484","post","type-post","status-publish","format-standard","hentry","category-lajme","tag-143","tag-deklarata-njoftime-zyrtare-d75","tag-tirane","tag-lajme-d27"],"acf":[],"yoast_head":"<!-- This site is optimized with the Yoast SEO plugin v27.2 - https:\/\/yoast.com\/product\/yoast-seo-wordpress\/ -->\n<title>U mblodh n\u00eb vendin ton\u00eb Komisioni Miks p\u00ebr Dialogun Anglikano-Orthodhoks. (16 - 23 Shtator 2011) - Kisha Orthodh\u03bfkse Autoqefale e Shqip\u00ebris\u00eb<\/title>\n<meta name=\"robots\" content=\"index, follow, max-snippet:-1, max-image-preview:large, max-video-preview:-1\" \/>\n<link rel=\"canonical\" href=\"https:\/\/orthodoxalbania.org\/2020\/2013\/03\/21\/u-mblodh-ne-vendin-tone-komisioni-miks-per-dialogun-anglikano-orthodhoks\/\" \/>\n<meta property=\"og:locale\" content=\"en_US\" \/>\n<meta property=\"og:type\" content=\"article\" \/>\n<meta property=\"og:title\" content=\"U mblodh n\u00eb vendin ton\u00eb Komisioni Miks p\u00ebr Dialogun Anglikano-Orthodhoks. (16 - 23 Shtator 2011) - Kisha Orthodh\u03bfkse Autoqefale e Shqip\u00ebris\u00eb\" \/>\n<meta property=\"og:description\" content=\"&nbsp; &nbsp; Nga 16- 23 shtator 2011, n\u00eb mjediset e Manastirit t\u00eb Ri t\u00eb Sh\u00ebn Vlashit dhe t\u00eb Akademis\u00eb Teologjike \u201cNgjallja e Krishtit\u201d, pran\u00eb Durr\u00ebsit, zhvilloi punimet Komisioni Miks p\u00ebr Dialogun Anglikano-Orthodhoks. \u00cbsht\u00eb hera e par\u00eb q\u00eb ky Komision mblidhet n\u00eb vendin ton\u00eb, me ftes\u00eb t\u00eb Kryepiskopit t\u00eb Tiran\u00ebs dhe t\u00eb gjith\u00eb Shqip\u00ebris\u00eb, Anastasit. &nbsp;&nbsp;&nbsp; T\u00eb diel\u00ebn, 18 shtator, miqt\u00eb nga Kishat Orthodhokse dhe Anglikane\" \/>\n<meta property=\"og:url\" content=\"https:\/\/orthodoxalbania.org\/2020\/2013\/03\/21\/u-mblodh-ne-vendin-tone-komisioni-miks-per-dialogun-anglikano-orthodhoks\/\" \/>\n<meta property=\"og:site_name\" content=\"Kisha Orthodh\u03bfkse Autoqefale e Shqip\u00ebris\u00eb\" \/>\n<meta property=\"article:publisher\" content=\"https:\/\/www.facebook.com\/koash1991\" \/>\n<meta property=\"article:published_time\" content=\"2013-03-21T10:05:58+00:00\" \/>\n<meta property=\"article:modified_time\" content=\"2020-04-06T20:31:59+00:00\" \/>\n<meta property=\"og:image\" content=\"https:\/\/lh6.googleusercontent.com\/-6kIZFkgWXw4\/VAQ-DEQog2I\/AAAAAAAACio\/gNlMnWz8WBc\/w600-h361-no\/Formal%2BGroup%2B1%2B-%2BCopy_600x361.jpg\" \/>\n<meta name=\"author\" content=\"Kisha Orthodhokse\" \/>\n<meta name=\"twitter:card\" content=\"summary_large_image\" \/>\n<meta name=\"twitter:label1\" content=\"Written by\" \/>\n\t<meta name=\"twitter:data1\" content=\"Kisha Orthodhokse\" \/>\n\t<meta name=\"twitter:label2\" content=\"Est. reading time\" \/>\n\t<meta name=\"twitter:data2\" content=\"1 minute\" \/>\n<script type=\"application\/ld+json\" class=\"yoast-schema-graph\">{\"@context\":\"https:\/\/schema.org\",\"@graph\":[{\"@type\":\"Article\",\"@id\":\"https:\/\/orthodoxalbania.org\/2020\/2013\/03\/21\/u-mblodh-ne-vendin-tone-komisioni-miks-per-dialogun-anglikano-orthodhoks\/#article\",\"isPartOf\":{\"@id\":\"https:\/\/orthodoxalbania.org\/2020\/2013\/03\/21\/u-mblodh-ne-vendin-tone-komisioni-miks-per-dialogun-anglikano-orthodhoks\/\"},\"author\":{\"name\":\"Kisha Orthodhokse\",\"@id\":\"https:\/\/orthodoxalbania.org\/2020\/#\/schema\/person\/0c387634a7063ac612d7ed9ce71c7e86\"},\"headline\":\"U mblodh n\u00eb vendin ton\u00eb Komisioni Miks p\u00ebr Dialogun Anglikano-Orthodhoks. (16 &#8211; 23 Shtator 2011)\",\"datePublished\":\"2013-03-21T10:05:58+00:00\",\"dateModified\":\"2020-04-06T20:31:59+00:00\",\"mainEntityOfPage\":{\"@id\":\"https:\/\/orthodoxalbania.org\/2020\/2013\/03\/21\/u-mblodh-ne-vendin-tone-komisioni-miks-per-dialogun-anglikano-orthodhoks\/\"},\"wordCount\":309,\"commentCount\":0,\"publisher\":{\"@id\":\"https:\/\/orthodoxalbania.org\/2020\/#organization\"},\"image\":{\"@id\":\"https:\/\/orthodoxalbania.org\/2020\/2013\/03\/21\/u-mblodh-ne-vendin-tone-komisioni-miks-per-dialogun-anglikano-orthodhoks\/#primaryimage\"},\"thumbnailUrl\":\"https:\/\/lh6.googleusercontent.com\/-6kIZFkgWXw4\/VAQ-DEQog2I\/AAAAAAAACio\/gNlMnWz8WBc\/w600-h361-no\/Formal%2BGroup%2B1%2B-%2BCopy_600x361.jpg\",\"keywords\":[\"2011\",\"Deklarata - Njoftime Zyrtare\",\"Kryepiskopata Tiran\u00eb\",\"lajme\"],\"articleSection\":[\"Lajme\"],\"inLanguage\":\"en-US\"},{\"@type\":\"WebPage\",\"@id\":\"https:\/\/orthodoxalbania.org\/2020\/2013\/03\/21\/u-mblodh-ne-vendin-tone-komisioni-miks-per-dialogun-anglikano-orthodhoks\/\",\"url\":\"https:\/\/orthodoxalbania.org\/2020\/2013\/03\/21\/u-mblodh-ne-vendin-tone-komisioni-miks-per-dialogun-anglikano-orthodhoks\/\",\"name\":\"U mblodh n\u00eb vendin ton\u00eb Komisioni Miks p\u00ebr Dialogun Anglikano-Orthodhoks. (16 - 23 Shtator 2011) - Kisha Orthodh\u03bfkse Autoqefale e Shqip\u00ebris\u00eb\",\"isPartOf\":{\"@id\":\"https:\/\/orthodoxalbania.org\/2020\/#website\"},\"primaryImageOfPage\":{\"@id\":\"https:\/\/orthodoxalbania.org\/2020\/2013\/03\/21\/u-mblodh-ne-vendin-tone-komisioni-miks-per-dialogun-anglikano-orthodhoks\/#primaryimage\"},\"image\":{\"@id\":\"https:\/\/orthodoxalbania.org\/2020\/2013\/03\/21\/u-mblodh-ne-vendin-tone-komisioni-miks-per-dialogun-anglikano-orthodhoks\/#primaryimage\"},\"thumbnailUrl\":\"https:\/\/lh6.googleusercontent.com\/-6kIZFkgWXw4\/VAQ-DEQog2I\/AAAAAAAACio\/gNlMnWz8WBc\/w600-h361-no\/Formal%2BGroup%2B1%2B-%2BCopy_600x361.jpg\",\"datePublished\":\"2013-03-21T10:05:58+00:00\",\"dateModified\":\"2020-04-06T20:31:59+00:00\",\"breadcrumb\":{\"@id\":\"https:\/\/orthodoxalbania.org\/2020\/2013\/03\/21\/u-mblodh-ne-vendin-tone-komisioni-miks-per-dialogun-anglikano-orthodhoks\/#breadcrumb\"},\"inLanguage\":\"en-US\",\"potentialAction\":[{\"@type\":\"ReadAction\",\"target\":[\"https:\/\/orthodoxalbania.org\/2020\/2013\/03\/21\/u-mblodh-ne-vendin-tone-komisioni-miks-per-dialogun-anglikano-orthodhoks\/\"]}]},{\"@type\":\"ImageObject\",\"inLanguage\":\"en-US\",\"@id\":\"https:\/\/orthodoxalbania.org\/2020\/2013\/03\/21\/u-mblodh-ne-vendin-tone-komisioni-miks-per-dialogun-anglikano-orthodhoks\/#primaryimage\",\"url\":\"https:\/\/lh6.googleusercontent.com\/-6kIZFkgWXw4\/VAQ-DEQog2I\/AAAAAAAACio\/gNlMnWz8WBc\/w600-h361-no\/Formal%2BGroup%2B1%2B-%2BCopy_600x361.jpg\",\"contentUrl\":\"https:\/\/lh6.googleusercontent.com\/-6kIZFkgWXw4\/VAQ-DEQog2I\/AAAAAAAACio\/gNlMnWz8WBc\/w600-h361-no\/Formal%2BGroup%2B1%2B-%2BCopy_600x361.jpg\"},{\"@type\":\"BreadcrumbList\",\"@id\":\"https:\/\/orthodoxalbania.org\/2020\/2013\/03\/21\/u-mblodh-ne-vendin-tone-komisioni-miks-per-dialogun-anglikano-orthodhoks\/#breadcrumb\",\"itemListElement\":[{\"@type\":\"ListItem\",\"position\":1,\"name\":\"Home\",\"item\":\"https:\/\/orthodoxalbania.org\/2020\/\"},{\"@type\":\"ListItem\",\"position\":2,\"name\":\"U mblodh n\u00eb vendin ton\u00eb Komisioni Miks p\u00ebr Dialogun Anglikano-Orthodhoks. (16 &#8211; 23 Shtator 2011)\"}]},{\"@type\":\"WebSite\",\"@id\":\"https:\/\/orthodoxalbania.org\/2020\/#website\",\"url\":\"https:\/\/orthodoxalbania.org\/2020\/\",\"name\":\"Kisha Orthodh\u03bfkse Autoqefale e Shqip\u00ebris\u00eb\",\"description\":\"Fqja Zyrtare e Kish\u00ebs Orthodhokse Autoqefale e Shqip\u00ebris\u00eb me lajmet edhe informacionet zyrtare p\u00ebr struktur\u00ebn edhe veprimtarin e saj.\",\"publisher\":{\"@id\":\"https:\/\/orthodoxalbania.org\/2020\/#organization\"},\"potentialAction\":[{\"@type\":\"SearchAction\",\"target\":{\"@type\":\"EntryPoint\",\"urlTemplate\":\"https:\/\/orthodoxalbania.org\/2020\/?s={search_term_string}\"},\"query-input\":{\"@type\":\"PropertyValueSpecification\",\"valueRequired\":true,\"valueName\":\"search_term_string\"}}],\"inLanguage\":\"en-US\"},{\"@type\":\"Organization\",\"@id\":\"https:\/\/orthodoxalbania.org\/2020\/#organization\",\"name\":\"Kisha Orthodhokse Autoqefale e Shqip\u00ebris\u00eb\",\"url\":\"https:\/\/orthodoxalbania.org\/2020\/\",\"logo\":{\"@type\":\"ImageObject\",\"inLanguage\":\"en-US\",\"@id\":\"https:\/\/orthodoxalbania.org\/2020\/#\/schema\/logo\/image\/\",\"url\":\"https:\/\/orthodoxalbania.org\/2020\/wp-content\/uploads\/2020\/05\/albania.jpeg\",\"contentUrl\":\"https:\/\/orthodoxalbania.org\/2020\/wp-content\/uploads\/2020\/05\/albania.jpeg\",\"width\":540,\"height\":540,\"caption\":\"Kisha Orthodhokse Autoqefale e Shqip\u00ebris\u00eb\"},\"image\":{\"@id\":\"https:\/\/orthodoxalbania.org\/2020\/#\/schema\/logo\/image\/\"},\"sameAs\":[\"https:\/\/www.facebook.com\/koash1991\"]},{\"@type\":\"Person\",\"@id\":\"https:\/\/orthodoxalbania.org\/2020\/#\/schema\/person\/0c387634a7063ac612d7ed9ce71c7e86\",\"name\":\"Kisha Orthodhokse\",\"image\":{\"@type\":\"ImageObject\",\"inLanguage\":\"en-US\",\"@id\":\"https:\/\/secure.gravatar.com\/avatar\/596e7c417251e30f2fbb9c00e026fce61a695a00e51c889caded71c96cbbdde5?s=96&d=mm&r=g\",\"url\":\"https:\/\/secure.gravatar.com\/avatar\/596e7c417251e30f2fbb9c00e026fce61a695a00e51c889caded71c96cbbdde5?s=96&d=mm&r=g\",\"contentUrl\":\"https:\/\/secure.gravatar.com\/avatar\/596e7c417251e30f2fbb9c00e026fce61a695a00e51c889caded71c96cbbdde5?s=96&d=mm&r=g\",\"caption\":\"Kisha Orthodhokse\"}}]}<\/script>\n<!-- \/ Yoast SEO plugin. -->","yoast_head_json":{"title":"U mblodh n\u00eb vendin ton\u00eb Komisioni Miks p\u00ebr Dialogun Anglikano-Orthodhoks. (16 - 23 Shtator 2011) - Kisha Orthodh\u03bfkse Autoqefale e Shqip\u00ebris\u00eb","robots":{"index":"index","follow":"follow","max-snippet":"max-snippet:-1","max-image-preview":"max-image-preview:large","max-video-preview":"max-video-preview:-1"},"canonical":"https:\/\/orthodoxalbania.org\/2020\/2013\/03\/21\/u-mblodh-ne-vendin-tone-komisioni-miks-per-dialogun-anglikano-orthodhoks\/","og_locale":"en_US","og_type":"article","og_title":"U mblodh n\u00eb vendin ton\u00eb Komisioni Miks p\u00ebr Dialogun Anglikano-Orthodhoks. (16 - 23 Shtator 2011) - Kisha Orthodh\u03bfkse Autoqefale e Shqip\u00ebris\u00eb","og_description":"&nbsp; &nbsp; Nga 16- 23 shtator 2011, n\u00eb mjediset e Manastirit t\u00eb Ri t\u00eb Sh\u00ebn Vlashit dhe t\u00eb Akademis\u00eb Teologjike \u201cNgjallja e Krishtit\u201d, pran\u00eb Durr\u00ebsit, zhvilloi punimet Komisioni Miks p\u00ebr Dialogun Anglikano-Orthodhoks. \u00cbsht\u00eb hera e par\u00eb q\u00eb ky Komision mblidhet n\u00eb vendin ton\u00eb, me ftes\u00eb t\u00eb Kryepiskopit t\u00eb Tiran\u00ebs dhe t\u00eb gjith\u00eb Shqip\u00ebris\u00eb, Anastasit. &nbsp;&nbsp;&nbsp; T\u00eb diel\u00ebn, 18 shtator, miqt\u00eb nga Kishat Orthodhokse dhe Anglikane","og_url":"https:\/\/orthodoxalbania.org\/2020\/2013\/03\/21\/u-mblodh-ne-vendin-tone-komisioni-miks-per-dialogun-anglikano-orthodhoks\/","og_site_name":"Kisha Orthodh\u03bfkse Autoqefale e Shqip\u00ebris\u00eb","article_publisher":"https:\/\/www.facebook.com\/koash1991","article_published_time":"2013-03-21T10:05:58+00:00","article_modified_time":"2020-04-06T20:31:59+00:00","og_image":[{"url":"https:\/\/lh6.googleusercontent.com\/-6kIZFkgWXw4\/VAQ-DEQog2I\/AAAAAAAACio\/gNlMnWz8WBc\/w600-h361-no\/Formal%2BGroup%2B1%2B-%2BCopy_600x361.jpg","type":"","width":"","height":""}],"author":"Kisha Orthodhokse","twitter_card":"summary_large_image","twitter_misc":{"Written by":"Kisha Orthodhokse","Est. reading time":"1 minute"},"schema":{"@context":"https:\/\/schema.org","@graph":[{"@type":"Article","@id":"https:\/\/orthodoxalbania.org\/2020\/2013\/03\/21\/u-mblodh-ne-vendin-tone-komisioni-miks-per-dialogun-anglikano-orthodhoks\/#article","isPartOf":{"@id":"https:\/\/orthodoxalbania.org\/2020\/2013\/03\/21\/u-mblodh-ne-vendin-tone-komisioni-miks-per-dialogun-anglikano-orthodhoks\/"},"author":{"name":"Kisha Orthodhokse","@id":"https:\/\/orthodoxalbania.org\/2020\/#\/schema\/person\/0c387634a7063ac612d7ed9ce71c7e86"},"headline":"U mblodh n\u00eb vendin ton\u00eb Komisioni Miks p\u00ebr Dialogun Anglikano-Orthodhoks. (16 &#8211; 23 Shtator 2011)","datePublished":"2013-03-21T10:05:58+00:00","dateModified":"2020-04-06T20:31:59+00:00","mainEntityOfPage":{"@id":"https:\/\/orthodoxalbania.org\/2020\/2013\/03\/21\/u-mblodh-ne-vendin-tone-komisioni-miks-per-dialogun-anglikano-orthodhoks\/"},"wordCount":309,"commentCount":0,"publisher":{"@id":"https:\/\/orthodoxalbania.org\/2020\/#organization"},"image":{"@id":"https:\/\/orthodoxalbania.org\/2020\/2013\/03\/21\/u-mblodh-ne-vendin-tone-komisioni-miks-per-dialogun-anglikano-orthodhoks\/#primaryimage"},"thumbnailUrl":"https:\/\/lh6.googleusercontent.com\/-6kIZFkgWXw4\/VAQ-DEQog2I\/AAAAAAAACio\/gNlMnWz8WBc\/w600-h361-no\/Formal%2BGroup%2B1%2B-%2BCopy_600x361.jpg","keywords":["2011","Deklarata - Njoftime Zyrtare","Kryepiskopata Tiran\u00eb","lajme"],"articleSection":["Lajme"],"inLanguage":"en-US"},{"@type":"WebPage","@id":"https:\/\/orthodoxalbania.org\/2020\/2013\/03\/21\/u-mblodh-ne-vendin-tone-komisioni-miks-per-dialogun-anglikano-orthodhoks\/","url":"https:\/\/orthodoxalbania.org\/2020\/2013\/03\/21\/u-mblodh-ne-vendin-tone-komisioni-miks-per-dialogun-anglikano-orthodhoks\/","name":"U mblodh n\u00eb vendin ton\u00eb Komisioni Miks p\u00ebr Dialogun Anglikano-Orthodhoks. (16 - 23 Shtator 2011) - Kisha Orthodh\u03bfkse Autoqefale e Shqip\u00ebris\u00eb","isPartOf":{"@id":"https:\/\/orthodoxalbania.org\/2020\/#website"},"primaryImageOfPage":{"@id":"https:\/\/orthodoxalbania.org\/2020\/2013\/03\/21\/u-mblodh-ne-vendin-tone-komisioni-miks-per-dialogun-anglikano-orthodhoks\/#primaryimage"},"image":{"@id":"https:\/\/orthodoxalbania.org\/2020\/2013\/03\/21\/u-mblodh-ne-vendin-tone-komisioni-miks-per-dialogun-anglikano-orthodhoks\/#primaryimage"},"thumbnailUrl":"https:\/\/lh6.googleusercontent.com\/-6kIZFkgWXw4\/VAQ-DEQog2I\/AAAAAAAACio\/gNlMnWz8WBc\/w600-h361-no\/Formal%2BGroup%2B1%2B-%2BCopy_600x361.jpg","datePublished":"2013-03-21T10:05:58+00:00","dateModified":"2020-04-06T20:31:59+00:00","breadcrumb":{"@id":"https:\/\/orthodoxalbania.org\/2020\/2013\/03\/21\/u-mblodh-ne-vendin-tone-komisioni-miks-per-dialogun-anglikano-orthodhoks\/#breadcrumb"},"inLanguage":"en-US","potentialAction":[{"@type":"ReadAction","target":["https:\/\/orthodoxalbania.org\/2020\/2013\/03\/21\/u-mblodh-ne-vendin-tone-komisioni-miks-per-dialogun-anglikano-orthodhoks\/"]}]},{"@type":"ImageObject","inLanguage":"en-US","@id":"https:\/\/orthodoxalbania.org\/2020\/2013\/03\/21\/u-mblodh-ne-vendin-tone-komisioni-miks-per-dialogun-anglikano-orthodhoks\/#primaryimage","url":"https:\/\/lh6.googleusercontent.com\/-6kIZFkgWXw4\/VAQ-DEQog2I\/AAAAAAAACio\/gNlMnWz8WBc\/w600-h361-no\/Formal%2BGroup%2B1%2B-%2BCopy_600x361.jpg","contentUrl":"https:\/\/lh6.googleusercontent.com\/-6kIZFkgWXw4\/VAQ-DEQog2I\/AAAAAAAACio\/gNlMnWz8WBc\/w600-h361-no\/Formal%2BGroup%2B1%2B-%2BCopy_600x361.jpg"},{"@type":"BreadcrumbList","@id":"https:\/\/orthodoxalbania.org\/2020\/2013\/03\/21\/u-mblodh-ne-vendin-tone-komisioni-miks-per-dialogun-anglikano-orthodhoks\/#breadcrumb","itemListElement":[{"@type":"ListItem","position":1,"name":"Home","item":"https:\/\/orthodoxalbania.org\/2020\/"},{"@type":"ListItem","position":2,"name":"U mblodh n\u00eb vendin ton\u00eb Komisioni Miks p\u00ebr Dialogun Anglikano-Orthodhoks. (16 &#8211; 23 Shtator 2011)"}]},{"@type":"WebSite","@id":"https:\/\/orthodoxalbania.org\/2020\/#website","url":"https:\/\/orthodoxalbania.org\/2020\/","name":"Kisha Orthodh\u03bfkse Autoqefale e Shqip\u00ebris\u00eb","description":"Fqja Zyrtare e Kish\u00ebs Orthodhokse Autoqefale e Shqip\u00ebris\u00eb me lajmet edhe informacionet zyrtare p\u00ebr struktur\u00ebn edhe veprimtarin e saj.","publisher":{"@id":"https:\/\/orthodoxalbania.org\/2020\/#organization"},"potentialAction":[{"@type":"SearchAction","target":{"@type":"EntryPoint","urlTemplate":"https:\/\/orthodoxalbania.org\/2020\/?s={search_term_string}"},"query-input":{"@type":"PropertyValueSpecification","valueRequired":true,"valueName":"search_term_string"}}],"inLanguage":"en-US"},{"@type":"Organization","@id":"https:\/\/orthodoxalbania.org\/2020\/#organization","name":"Kisha Orthodhokse Autoqefale e Shqip\u00ebris\u00eb","url":"https:\/\/orthodoxalbania.org\/2020\/","logo":{"@type":"ImageObject","inLanguage":"en-US","@id":"https:\/\/orthodoxalbania.org\/2020\/#\/schema\/logo\/image\/","url":"https:\/\/orthodoxalbania.org\/2020\/wp-content\/uploads\/2020\/05\/albania.jpeg","contentUrl":"https:\/\/orthodoxalbania.org\/2020\/wp-content\/uploads\/2020\/05\/albania.jpeg","width":540,"height":540,"caption":"Kisha Orthodhokse Autoqefale e Shqip\u00ebris\u00eb"},"image":{"@id":"https:\/\/orthodoxalbania.org\/2020\/#\/schema\/logo\/image\/"},"sameAs":["https:\/\/www.facebook.com\/koash1991"]},{"@type":"Person","@id":"https:\/\/orthodoxalbania.org\/2020\/#\/schema\/person\/0c387634a7063ac612d7ed9ce71c7e86","name":"Kisha Orthodhokse","image":{"@type":"ImageObject","inLanguage":"en-US","@id":"https:\/\/secure.gravatar.com\/avatar\/596e7c417251e30f2fbb9c00e026fce61a695a00e51c889caded71c96cbbdde5?s=96&d=mm&r=g","url":"https:\/\/secure.gravatar.com\/avatar\/596e7c417251e30f2fbb9c00e026fce61a695a00e51c889caded71c96cbbdde5?s=96&d=mm&r=g","contentUrl":"https:\/\/secure.gravatar.com\/avatar\/596e7c417251e30f2fbb9c00e026fce61a695a00e51c889caded71c96cbbdde5?s=96&d=mm&r=g","caption":"Kisha Orthodhokse"}}]}},"_links":{"self":[{"href":"https:\/\/orthodoxalbania.org\/2020\/wp-json\/wp\/v2\/posts\/1484","targetHints":{"allow":["GET"]}}],"collection":[{"href":"https:\/\/orthodoxalbania.org\/2020\/wp-json\/wp\/v2\/posts"}],"about":[{"href":"https:\/\/orthodoxalbania.org\/2020\/wp-json\/wp\/v2\/types\/post"}],"author":[{"embeddable":true,"href":"https:\/\/orthodoxalbania.org\/2020\/wp-json\/wp\/v2\/users\/1"}],"replies":[{"embeddable":true,"href":"https:\/\/orthodoxalbania.org\/2020\/wp-json\/wp\/v2\/comments?post=1484"}],"version-history":[{"count":1,"href":"https:\/\/orthodoxalbania.org\/2020\/wp-json\/wp\/v2\/posts\/1484\/revisions"}],"predecessor-version":[{"id":15363,"href":"https:\/\/orthodoxalbania.org\/2020\/wp-json\/wp\/v2\/posts\/1484\/revisions\/15363"}],"wp:attachment":[{"href":"https:\/\/orthodoxalbania.org\/2020\/wp-json\/wp\/v2\/media?parent=1484"}],"wp:term":[{"taxonomy":"category","embeddable":true,"href":"https:\/\/orthodoxalbania.org\/2020\/wp-json\/wp\/v2\/categories?post=1484"},{"taxonomy":"post_tag","embeddable":true,"href":"https:\/\/orthodoxalbania.org\/2020\/wp-json\/wp\/v2\/tags?post=1484"}],"curies":[{"name":"wp","href":"https:\/\/api.w.org\/{rel}","templated":true}]}}