{"id":1483,"date":"2014-09-29T12:30:37","date_gmt":"2014-09-29T12:30:37","guid":{"rendered":""},"modified":"2021-11-08T14:52:59","modified_gmt":"2021-11-08T13:52:59","slug":"u-mblodh-asambleja-kleriko-laike-e-kishes-orthodhokse-autoqefale-te-shqiperise","status":"publish","type":"post","link":"https:\/\/orthodoxalbania.org\/2020\/2014\/09\/29\/u-mblodh-asambleja-kleriko-laike-e-kishes-orthodhokse-autoqefale-te-shqiperise\/","title":{"rendered":"U mblodh Asambleja Kleriko &#8211; Laike e Kish\u00ebs Orthodhokse Autoqefale t\u00eb Shqip\u00ebris\u00eb."},"content":{"rendered":"<p>&nbsp;<\/p>\n<p style=\"text-align: justify;\"><span style=\"font-size: 12pt; font-family: helvetica;\"><img decoding=\"async\" class=\"lazyload \" style=\"border: 0px none; height: 144px; width: 143px; display: block; margin-left: auto; margin-right: auto;\" src=\"data:image\/gif;base64,R0lGODlhAQABAAAAACH5BAEKAAEALAAAAAABAAEAAAICTAEAOw==\" data-orig-src=\"https:\/\/lh4.googleusercontent.com\/-p6oTSlUmOrM\/U0UABsfjknI\/AAAAAAAAATs\/zlJeoFRksRE\/s577-no\/logo.png\" alt=\"\" \/><\/span><\/p>\n<h4 style=\"text-align: center;\"><span style=\"color: #000000; font-size: 12pt; font-family: georgia, palatino, serif;\">KISHA ORTHODHOKSE AUTOQEFALE E SHQIP\u00cbRIS\u00cb<\/span><\/h4>\n<p>&nbsp;<\/p>\n<h4 style=\"text-align: center;\"><strong>Njoftim p\u00ebr Shtyp.<\/strong><\/h4>\n<h4 style=\"text-align: center;\"><strong>U mblodh Asambleja Kleriko &#8211; Laike e Kish\u00ebs Orthodhokse Autoqefale t\u00eb Shqip\u00ebris\u00eb.<\/strong><\/h4>\n<p style=\"text-align: justify;\"><span style=\"font-size: 12pt; font-family: georgia, palatino, serif;\"><span style=\"color: #000000;\">\u00a0 \u00a0 Brenda nj\u00eb klime v\u00ebllaz\u00ebrore, m\u00eb 26 dhe 27 shtator 2014, n\u00eb ambientet e Manastirit t\u00eb Ri t\u00eb Sh\u00ebn Vlashit, n\u00ebn kryesimin e Fortlumturis\u00eb s\u00eb Tij, Kryepiskopit t\u00eb Tiran\u00ebs, Durr\u00ebsit dhe t\u00eb Gjith\u00eb Shqip\u00ebris\u00eb, Anastasit, u mblodh Asambleja Kleriko-Laike e Kish\u00ebs Orthodhokse Autoqefale t\u00eb Shqip\u00ebris\u00eb. Mbledhja e saj parashikohet nga Statuti i Kish\u00ebs. N\u00eb punimet e saj, mor\u00ebn pjes\u00eb m\u00eb shum\u00eb se 200 an\u00ebtar\u00eb nga Kryepiskopata dhe tri Mitropolit\u00eb (24 klerik\u00eb dhe 24 laik\u00eb nga secila mitropoli; 8 burra, 8 gra dhe 8 t\u00eb rinj), si dhe bashk\u00ebpun\u00ebtor\u00eb, t\u00eb cil\u00ebt diskutuan n\u00eb mbledhjen e an\u00ebtar\u00ebsis\u00eb dhe n\u00eb grupe pune \u00e7\u00ebshtje q\u00eb kan\u00eb lidhje me jet\u00ebn e Kish\u00ebs, duke b\u00ebr\u00eb dhe propozime p\u00ebr ecurin\u00eb e saj n\u00eb shoq\u00ebrin\u00eb e sotme shqiptare.<\/span><\/span><\/p>\n<p style=\"text-align: justify;\"><span style=\"color: #000000; font-size: 12pt; font-family: georgia, palatino, serif;\">\u00a0\u00a0\u00a0 Boshti kryesor i Asambles\u00eb ishte referati i Kryepiskopit Anastas, me tem\u00eb \u201cTradita dhe vizioni i bashkekzistenc\u00ebs paq\u00ebsore t\u00eb komuniteteve fetare n\u00eb Shqip\u00ebri\u201d, i cili n\u00eb p\u00ebrfundim t\u00eb fjal\u00ebs s\u00eb tij theksoi: \u201cAjo q\u00eb k\u00ebrkohet nuk \u00ebsht\u00eb thjesht toleranc\u00eb fetare, pranim i thjesht\u00eb, shmangie e fes\u00eb nga acarime t\u00eb ndryshme, por di\u00e7ka m\u00eb pozitive. Respekt i nd\u00ebrsjell\u00eb dhe mir\u00ebkuptim, reciprocitet, bashk\u00ebpunim krijues n\u00eb q\u00ebllime t\u00eb p\u00ebrbashk\u00ebta humanitare dhe vigjilim n\u00eb ruajtjen e ekosistemit t\u00eb rajonit. P\u00ebrpjekje e q\u00ebndrueshme p\u00ebr harmoni shoq\u00ebrore, dashuri autentike e shprehur n\u00eb vep\u00ebr. \u201cAi q\u00eb do Per\u00ebndin\u00eb, nuk mundet q\u00eb t\u00eb mos e doj\u00eb edhe \u00e7do njeri si veten e tij\u201d (Sh\u00ebn Maksim Konfesori)\u201d.\u00a0<\/span><\/p>\n<p style=\"text-align: justify;\"><span style=\"color: #000000; font-size: 12pt; font-family: georgia, palatino, serif;\">\u00a0\u00a0 N\u00eb mbledhjen e an\u00ebtar\u00ebsis\u00eb u mbajt\u00ebn edhe k\u00ebto referate: 1. \u201cRoli i komunitetit orthodhoks n\u00eb pavar\u00ebsin\u00eb dhe stabilizimin e shtetit shqiptar\u201d, nga prof. dr. Arqile Berxoli; 2. \u201cCensusi i vitit 2011 i popullsis\u00eb s\u00eb Shqip\u00ebris\u00eb\u201d, nga prof. dr. Ilia Telo; 3. \u201cKontributi i Kish\u00ebs Orthodhokse n\u00eb shoq\u00ebrin\u00eb shqiptare\u201d, nga prof. dr. Gjergji Pendavinji; 4. \u201cP\u00ebrballimi i sulmeve kund\u00ebr Kish\u00ebs Orthodhokse Autoqefale t\u00eb Shqip\u00ebris\u00eb\u201d, nga Orfea Beci dhe 5. \u201cNektar Terpo, pararend\u00ebs i Sh\u00ebn Kozma Etolosit dhe vlerat q\u00eb kultivoi komuniteti orthodhoks\u201d, nga prof. asc. dr. Vasil Tushi.<\/span><\/p>\n<p style=\"text-align: justify;\"><span style=\"color: #000000; font-size: 12pt; font-family: georgia, palatino, serif;\">\u00a0\u00a0 M\u00eb tej, n\u00eb punimet n\u00eb grupe, n\u00ebn drejtimin e hir\u00ebsive, Mitropolitit t\u00eb Beratit Ignatit, t\u00eb Kor\u00e7\u00ebs Joanit, t\u00eb Gjirokastr\u00ebs Dhimitrit dhe t\u00eb Episkopit t\u00eb Apollonis\u00eb Nikolla, diskutimet vun\u00eb n\u00eb dukje p\u00ebrpjekjet e qarqeve t\u00eb ndryshme, q\u00eb duan t\u00eb godasin p\u00ebrparimin e duksh\u00ebm t\u00eb Kish\u00ebs Orthodhokse Autoqefale t\u00eb Shqip\u00ebris\u00eb dhe detyr\u00ebn e intelektual\u00ebve t\u00eb shfaqin t\u00eb v\u00ebrtet\u00ebn. N\u00eb m\u00ebnyr\u00eb t\u00eb ve\u00e7ant\u00eb u theksua detyrimi i pjes\u00ebmarrjes aktive t\u00eb klerik\u00ebve dhe t\u00eb laik\u00ebve n\u00eb vepr\u00ebn e saj edukuese, duke respektuar karakterin multifetar t\u00eb shoq\u00ebris\u00eb shqiptare. Paralelisht me punimet e Ansambles\u00eb, an\u00ebtar\u00ebt e saj u njoh\u00ebn me programet e Kish\u00ebs n\u00eb sektor\u00ebt e arsimit dhe sh\u00ebndetit, q\u00eb lidhen me d\u00ebshmin\u00eb bashk\u00ebkohore t\u00eb Orthodhoksis\u00eb n\u00eb shoq\u00ebrin\u00eb shqiptare.<\/span><\/p>\n<p style=\"text-align: justify;\"><span style=\"color: #000000; font-size: 12pt; font-family: georgia, palatino, serif;\">\u00a0\u00a0 Asambleja Kleriko-Laike u dha rastin an\u00ebtar\u00ebve t\u00eb saj t\u00eb nd\u00ebrgjegj\u00ebsohen p\u00ebr p\u00ebrgjegj\u00ebsin\u00eb e tyre n\u00eb p\u00ebrparimin e Kish\u00ebs, 23 vite pas ringritjes nga themelet t\u00eb saj dhe t\u00eb theksojn\u00eb edhe nj\u00eb her\u00eb unitetin e pazgjidhsh\u00ebm t\u00eb an\u00ebtar\u00ebve t\u00eb Kish\u00ebs Orthodhokse Autoqefale t\u00eb Shqip\u00ebris\u00eb.<\/span><\/p>\n<p style=\"text-align: right;\"><span style=\"font-family: georgia, palatino, serif;\"><strong><em><span style=\"color: #000000; font-size: 12pt;\">Tiran\u00eb 29 shtator 2014<br \/>\n<\/span><\/em><\/strong><\/span><span style=\"font-family: georgia, palatino, serif;\"><em><span style=\"color: #000000; font-size: 12pt;\"><strong>(Zyra e Shtypit e Kish\u00ebs Orthodhokse Autoqefale t\u00eb Shqip\u00ebris\u00eb)<\/strong><\/span><\/em><\/span><\/p>\n<p><img class=\"lazyload\" decoding=\"async\" style=\"border-width: 1px; border-style: solid; margin: 10px auto; display: block;\" src=\"data:image\/gif;base64,R0lGODlhAQABAAAAACH5BAEKAAEALAAAAAABAAEAAAICTAEAOw==\" data-orig-src=\"https:\/\/lh6.googleusercontent.com\/-gpDAeM9-8v8\/VClP2JpaLfI\/AAAAAAAACOI\/5HIsy3Rla1E\/w958-h719-no\/SHVL.jpg\" alt=\"\" \/><\/p>\n<p><img class=\"lazyload\" decoding=\"async\" style=\"border-width: 1px; border-style: solid; margin: 10px auto; display: block;\" src=\"data:image\/gif;base64,R0lGODlhAQABAAAAACH5BAEKAAEALAAAAAABAAEAAAICTAEAOw==\" data-orig-src=\"https:\/\/lh4.googleusercontent.com\/-jC5I2A-12b0\/VClP0JaZb_I\/AAAAAAAACN4\/c-ycFlBIaB8\/w958-h549-no\/2.jpg\" alt=\"\" \/><\/p>\n<p><img class=\"lazyload\" decoding=\"async\" style=\"border-width: 1px; border-style: solid; margin: 10px auto; display: block;\" src=\"data:image\/gif;base64,R0lGODlhAQABAAAAACH5BAEKAAEALAAAAAABAAEAAAICTAEAOw==\" data-orig-src=\"https:\/\/lh3.googleusercontent.com\/-oEli00jjXSs\/VClP0dJ5JwI\/AAAAAAAACOA\/YC2xH7hSDmY\/w958-h639-no\/3.jpg\" alt=\"\" \/><\/p>\n<p style=\"text-align: right;\">\n","protected":false},"excerpt":{"rendered":"<p>&nbsp; KISHA ORTHODHOKSE AUTOQEFALE E SHQIP\u00cbRIS\u00cb &nbsp; Njoftim p\u00ebr Shtyp. U mblodh Asambleja Kleriko &#8211; Laike e Kish\u00ebs Orthodhokse Autoqefale t\u00eb Shqip\u00ebris\u00eb. \u00a0 \u00a0 Brenda nj\u00eb klime v\u00ebllaz\u00ebrore, m\u00eb 26 dhe 27 shtator 2014, n\u00eb ambientet e Manastirit t\u00eb Ri t\u00eb Sh\u00ebn Vlashit, n\u00ebn kryesimin e Fortlumturis\u00eb s\u00eb Tij, Kryepiskopit t\u00eb Tiran\u00ebs, Durr\u00ebsit dhe t\u00eb Gjith\u00eb Shqip\u00ebris\u00eb, Anastasit, u mblodh Asambleja Kleriko-Laike e Kish\u00ebs Orthodhokse<\/p>\n","protected":false},"author":14,"featured_media":56554,"comment_status":"closed","ping_status":"closed","sticky":false,"template":"","format":"standard","meta":{"_acf_changed":false,"pagelayer_contact_templates":[],"_pagelayer_content":"","inline_featured_image":false,"fifu_image_url":"https:\/\/lh6.googleusercontent.com\/-gpDAeM9-8v8\/VClP2JpaLfI\/AAAAAAAACOI\/5HIsy3Rla1E\/w958-h719-no\/SHVL.jpg","fifu_image_alt":"","footnotes":""},"categories":[108],"tags":[140,169,154,173,606,196,212],"class_list":["post-1483","post","type-post","status-publish","format-standard","has-post-thumbnail","hentry","category-lajme","tag-140","tag-akademia-teologjike","tag-aktivitete","tag-asambleja-kleriko-laike","tag-census-artikuj","tag-tirane","tag-lajme-d27"],"acf":[],"yoast_head":"<!-- This site is optimized with the Yoast SEO plugin v27.2 - https:\/\/yoast.com\/product\/yoast-seo-wordpress\/ -->\n<title>U mblodh Asambleja Kleriko - Laike e Kish\u00ebs Orthodhokse Autoqefale t\u00eb Shqip\u00ebris\u00eb. - Kisha Orthodh\u03bfkse Autoqefale e Shqip\u00ebris\u00eb<\/title>\n<meta name=\"robots\" content=\"index, follow, max-snippet:-1, max-image-preview:large, max-video-preview:-1\" \/>\n<link rel=\"canonical\" href=\"https:\/\/orthodoxalbania.org\/2020\/2014\/09\/29\/u-mblodh-asambleja-kleriko-laike-e-kishes-orthodhokse-autoqefale-te-shqiperise\/\" \/>\n<meta property=\"og:locale\" content=\"en_US\" \/>\n<meta property=\"og:type\" content=\"article\" \/>\n<meta property=\"og:title\" content=\"U mblodh Asambleja Kleriko - Laike e Kish\u00ebs Orthodhokse Autoqefale t\u00eb Shqip\u00ebris\u00eb. - Kisha Orthodh\u03bfkse Autoqefale e Shqip\u00ebris\u00eb\" \/>\n<meta property=\"og:description\" content=\"&nbsp; KISHA ORTHODHOKSE AUTOQEFALE E SHQIP\u00cbRIS\u00cb &nbsp; Njoftim p\u00ebr Shtyp. U mblodh Asambleja Kleriko &#8211; Laike e Kish\u00ebs Orthodhokse Autoqefale t\u00eb Shqip\u00ebris\u00eb. \u00a0 \u00a0 Brenda nj\u00eb klime v\u00ebllaz\u00ebrore, m\u00eb 26 dhe 27 shtator 2014, n\u00eb ambientet e Manastirit t\u00eb Ri t\u00eb Sh\u00ebn Vlashit, n\u00ebn kryesimin e Fortlumturis\u00eb s\u00eb Tij, Kryepiskopit t\u00eb Tiran\u00ebs, Durr\u00ebsit dhe t\u00eb Gjith\u00eb Shqip\u00ebris\u00eb, Anastasit, u mblodh Asambleja Kleriko-Laike e Kish\u00ebs Orthodhokse\" \/>\n<meta property=\"og:url\" content=\"https:\/\/orthodoxalbania.org\/2020\/2014\/09\/29\/u-mblodh-asambleja-kleriko-laike-e-kishes-orthodhokse-autoqefale-te-shqiperise\/\" \/>\n<meta property=\"og:site_name\" content=\"Kisha Orthodh\u03bfkse Autoqefale e Shqip\u00ebris\u00eb\" \/>\n<meta property=\"article:publisher\" content=\"https:\/\/www.facebook.com\/koash1991\" \/>\n<meta property=\"article:published_time\" content=\"2014-09-29T12:30:37+00:00\" \/>\n<meta property=\"article:modified_time\" content=\"2021-11-08T13:52:59+00:00\" \/>\n<meta property=\"og:image\" content=\"https:\/\/lh6.googleusercontent.com\/-gpDAeM9-8v8\/VClP2JpaLfI\/AAAAAAAACOI\/5HIsy3Rla1E\/w958-h719-no\/SHVL.jpg\" \/>\n<meta name=\"author\" content=\"neo_admin\" \/>\n<meta name=\"twitter:card\" content=\"summary_large_image\" \/>\n<meta name=\"twitter:image\" content=\"https:\/\/lh6.googleusercontent.com\/-gpDAeM9-8v8\/VClP2JpaLfI\/AAAAAAAACOI\/5HIsy3Rla1E\/w958-h719-no\/SHVL.jpg\" \/>\n<meta name=\"twitter:label1\" content=\"Written by\" \/>\n\t<meta name=\"twitter:data1\" content=\"neo_admin\" \/>\n\t<meta name=\"twitter:label2\" content=\"Est. reading time\" \/>\n\t<meta name=\"twitter:data2\" content=\"3 minutes\" \/>\n<script type=\"application\/ld+json\" class=\"yoast-schema-graph\">{\"@context\":\"https:\/\/schema.org\",\"@graph\":[{\"@type\":\"Article\",\"@id\":\"https:\/\/orthodoxalbania.org\/2020\/2014\/09\/29\/u-mblodh-asambleja-kleriko-laike-e-kishes-orthodhokse-autoqefale-te-shqiperise\/#article\",\"isPartOf\":{\"@id\":\"https:\/\/orthodoxalbania.org\/2020\/2014\/09\/29\/u-mblodh-asambleja-kleriko-laike-e-kishes-orthodhokse-autoqefale-te-shqiperise\/\"},\"author\":{\"name\":\"neo_admin\",\"@id\":\"https:\/\/orthodoxalbania.org\/2020\/#\/schema\/person\/dd2bdc135b53c60d45b8bb329565cf6d\"},\"headline\":\"U mblodh Asambleja Kleriko &#8211; Laike e Kish\u00ebs Orthodhokse Autoqefale t\u00eb Shqip\u00ebris\u00eb.\",\"datePublished\":\"2014-09-29T12:30:37+00:00\",\"dateModified\":\"2021-11-08T13:52:59+00:00\",\"mainEntityOfPage\":{\"@id\":\"https:\/\/orthodoxalbania.org\/2020\/2014\/09\/29\/u-mblodh-asambleja-kleriko-laike-e-kishes-orthodhokse-autoqefale-te-shqiperise\/\"},\"wordCount\":605,\"publisher\":{\"@id\":\"https:\/\/orthodoxalbania.org\/2020\/#organization\"},\"image\":{\"@id\":\"https:\/\/orthodoxalbania.org\/2020\/2014\/09\/29\/u-mblodh-asambleja-kleriko-laike-e-kishes-orthodhokse-autoqefale-te-shqiperise\/#primaryimage\"},\"thumbnailUrl\":\"https:\/\/lh6.googleusercontent.com\/-gpDAeM9-8v8\/VClP2JpaLfI\/AAAAAAAACOI\/5HIsy3Rla1E\/w958-h719-no\/SHVL.jpg\",\"keywords\":[\"2014\",\"Akademia Teologjike\",\"Aktivitete\",\"Asambleja Kleriko - Laike\",\"Census Artikuj\",\"Kryepiskopata Tiran\u00eb\",\"lajme\"],\"articleSection\":[\"Lajme\"],\"inLanguage\":\"en-US\"},{\"@type\":\"WebPage\",\"@id\":\"https:\/\/orthodoxalbania.org\/2020\/2014\/09\/29\/u-mblodh-asambleja-kleriko-laike-e-kishes-orthodhokse-autoqefale-te-shqiperise\/\",\"url\":\"https:\/\/orthodoxalbania.org\/2020\/2014\/09\/29\/u-mblodh-asambleja-kleriko-laike-e-kishes-orthodhokse-autoqefale-te-shqiperise\/\",\"name\":\"U mblodh Asambleja Kleriko - Laike e Kish\u00ebs Orthodhokse Autoqefale t\u00eb Shqip\u00ebris\u00eb. - Kisha Orthodh\u03bfkse Autoqefale e Shqip\u00ebris\u00eb\",\"isPartOf\":{\"@id\":\"https:\/\/orthodoxalbania.org\/2020\/#website\"},\"primaryImageOfPage\":{\"@id\":\"https:\/\/orthodoxalbania.org\/2020\/2014\/09\/29\/u-mblodh-asambleja-kleriko-laike-e-kishes-orthodhokse-autoqefale-te-shqiperise\/#primaryimage\"},\"image\":{\"@id\":\"https:\/\/orthodoxalbania.org\/2020\/2014\/09\/29\/u-mblodh-asambleja-kleriko-laike-e-kishes-orthodhokse-autoqefale-te-shqiperise\/#primaryimage\"},\"thumbnailUrl\":\"https:\/\/lh6.googleusercontent.com\/-gpDAeM9-8v8\/VClP2JpaLfI\/AAAAAAAACOI\/5HIsy3Rla1E\/w958-h719-no\/SHVL.jpg\",\"datePublished\":\"2014-09-29T12:30:37+00:00\",\"dateModified\":\"2021-11-08T13:52:59+00:00\",\"breadcrumb\":{\"@id\":\"https:\/\/orthodoxalbania.org\/2020\/2014\/09\/29\/u-mblodh-asambleja-kleriko-laike-e-kishes-orthodhokse-autoqefale-te-shqiperise\/#breadcrumb\"},\"inLanguage\":\"en-US\",\"potentialAction\":[{\"@type\":\"ReadAction\",\"target\":[\"https:\/\/orthodoxalbania.org\/2020\/2014\/09\/29\/u-mblodh-asambleja-kleriko-laike-e-kishes-orthodhokse-autoqefale-te-shqiperise\/\"]}]},{\"@type\":\"ImageObject\",\"inLanguage\":\"en-US\",\"@id\":\"https:\/\/orthodoxalbania.org\/2020\/2014\/09\/29\/u-mblodh-asambleja-kleriko-laike-e-kishes-orthodhokse-autoqefale-te-shqiperise\/#primaryimage\",\"url\":\"https:\/\/lh6.googleusercontent.com\/-gpDAeM9-8v8\/VClP2JpaLfI\/AAAAAAAACOI\/5HIsy3Rla1E\/w958-h719-no\/SHVL.jpg\",\"contentUrl\":\"https:\/\/lh6.googleusercontent.com\/-gpDAeM9-8v8\/VClP2JpaLfI\/AAAAAAAACOI\/5HIsy3Rla1E\/w958-h719-no\/SHVL.jpg\",\"width\":\"958\",\"height\":\"718\"},{\"@type\":\"BreadcrumbList\",\"@id\":\"https:\/\/orthodoxalbania.org\/2020\/2014\/09\/29\/u-mblodh-asambleja-kleriko-laike-e-kishes-orthodhokse-autoqefale-te-shqiperise\/#breadcrumb\",\"itemListElement\":[{\"@type\":\"ListItem\",\"position\":1,\"name\":\"Home\",\"item\":\"https:\/\/orthodoxalbania.org\/2020\/\"},{\"@type\":\"ListItem\",\"position\":2,\"name\":\"U mblodh Asambleja Kleriko &#8211; Laike e Kish\u00ebs Orthodhokse Autoqefale t\u00eb Shqip\u00ebris\u00eb.\"}]},{\"@type\":\"WebSite\",\"@id\":\"https:\/\/orthodoxalbania.org\/2020\/#website\",\"url\":\"https:\/\/orthodoxalbania.org\/2020\/\",\"name\":\"Kisha Orthodh\u03bfkse Autoqefale e Shqip\u00ebris\u00eb\",\"description\":\"Fqja Zyrtare e Kish\u00ebs Orthodhokse Autoqefale e Shqip\u00ebris\u00eb me lajmet edhe informacionet zyrtare p\u00ebr struktur\u00ebn edhe veprimtarin e saj.\",\"publisher\":{\"@id\":\"https:\/\/orthodoxalbania.org\/2020\/#organization\"},\"potentialAction\":[{\"@type\":\"SearchAction\",\"target\":{\"@type\":\"EntryPoint\",\"urlTemplate\":\"https:\/\/orthodoxalbania.org\/2020\/?s={search_term_string}\"},\"query-input\":{\"@type\":\"PropertyValueSpecification\",\"valueRequired\":true,\"valueName\":\"search_term_string\"}}],\"inLanguage\":\"en-US\"},{\"@type\":\"Organization\",\"@id\":\"https:\/\/orthodoxalbania.org\/2020\/#organization\",\"name\":\"Kisha Orthodhokse Autoqefale e Shqip\u00ebris\u00eb\",\"url\":\"https:\/\/orthodoxalbania.org\/2020\/\",\"logo\":{\"@type\":\"ImageObject\",\"inLanguage\":\"en-US\",\"@id\":\"https:\/\/orthodoxalbania.org\/2020\/#\/schema\/logo\/image\/\",\"url\":\"https:\/\/orthodoxalbania.org\/2020\/wp-content\/uploads\/2020\/05\/albania.jpeg\",\"contentUrl\":\"https:\/\/orthodoxalbania.org\/2020\/wp-content\/uploads\/2020\/05\/albania.jpeg\",\"width\":540,\"height\":540,\"caption\":\"Kisha Orthodhokse Autoqefale e Shqip\u00ebris\u00eb\"},\"image\":{\"@id\":\"https:\/\/orthodoxalbania.org\/2020\/#\/schema\/logo\/image\/\"},\"sameAs\":[\"https:\/\/www.facebook.com\/koash1991\"]},{\"@type\":\"Person\",\"@id\":\"https:\/\/orthodoxalbania.org\/2020\/#\/schema\/person\/dd2bdc135b53c60d45b8bb329565cf6d\",\"name\":\"neo_admin\",\"image\":{\"@type\":\"ImageObject\",\"inLanguage\":\"en-US\",\"@id\":\"https:\/\/secure.gravatar.com\/avatar\/53e6cdc30765aade0129f85e5aeb50124b1d3f5bb9a70373be31e4eb328371e0?s=96&d=mm&r=g\",\"url\":\"https:\/\/secure.gravatar.com\/avatar\/53e6cdc30765aade0129f85e5aeb50124b1d3f5bb9a70373be31e4eb328371e0?s=96&d=mm&r=g\",\"contentUrl\":\"https:\/\/secure.gravatar.com\/avatar\/53e6cdc30765aade0129f85e5aeb50124b1d3f5bb9a70373be31e4eb328371e0?s=96&d=mm&r=g\",\"caption\":\"neo_admin\"}}]}<\/script>\n<!-- \/ Yoast SEO plugin. -->","yoast_head_json":{"title":"U mblodh Asambleja Kleriko - Laike e Kish\u00ebs Orthodhokse Autoqefale t\u00eb Shqip\u00ebris\u00eb. - Kisha Orthodh\u03bfkse Autoqefale e Shqip\u00ebris\u00eb","robots":{"index":"index","follow":"follow","max-snippet":"max-snippet:-1","max-image-preview":"max-image-preview:large","max-video-preview":"max-video-preview:-1"},"canonical":"https:\/\/orthodoxalbania.org\/2020\/2014\/09\/29\/u-mblodh-asambleja-kleriko-laike-e-kishes-orthodhokse-autoqefale-te-shqiperise\/","og_locale":"en_US","og_type":"article","og_title":"U mblodh Asambleja Kleriko - Laike e Kish\u00ebs Orthodhokse Autoqefale t\u00eb Shqip\u00ebris\u00eb. - Kisha Orthodh\u03bfkse Autoqefale e Shqip\u00ebris\u00eb","og_description":"&nbsp; KISHA ORTHODHOKSE AUTOQEFALE E SHQIP\u00cbRIS\u00cb &nbsp; Njoftim p\u00ebr Shtyp. U mblodh Asambleja Kleriko &#8211; Laike e Kish\u00ebs Orthodhokse Autoqefale t\u00eb Shqip\u00ebris\u00eb. \u00a0 \u00a0 Brenda nj\u00eb klime v\u00ebllaz\u00ebrore, m\u00eb 26 dhe 27 shtator 2014, n\u00eb ambientet e Manastirit t\u00eb Ri t\u00eb Sh\u00ebn Vlashit, n\u00ebn kryesimin e Fortlumturis\u00eb s\u00eb Tij, Kryepiskopit t\u00eb Tiran\u00ebs, Durr\u00ebsit dhe t\u00eb Gjith\u00eb Shqip\u00ebris\u00eb, Anastasit, u mblodh Asambleja Kleriko-Laike e Kish\u00ebs Orthodhokse","og_url":"https:\/\/orthodoxalbania.org\/2020\/2014\/09\/29\/u-mblodh-asambleja-kleriko-laike-e-kishes-orthodhokse-autoqefale-te-shqiperise\/","og_site_name":"Kisha Orthodh\u03bfkse Autoqefale e Shqip\u00ebris\u00eb","article_publisher":"https:\/\/www.facebook.com\/koash1991","article_published_time":"2014-09-29T12:30:37+00:00","article_modified_time":"2021-11-08T13:52:59+00:00","og_image":[{"url":"https:\/\/lh6.googleusercontent.com\/-gpDAeM9-8v8\/VClP2JpaLfI\/AAAAAAAACOI\/5HIsy3Rla1E\/w958-h719-no\/SHVL.jpg","type":"","width":"","height":""}],"author":"neo_admin","twitter_card":"summary_large_image","twitter_image":"https:\/\/lh6.googleusercontent.com\/-gpDAeM9-8v8\/VClP2JpaLfI\/AAAAAAAACOI\/5HIsy3Rla1E\/w958-h719-no\/SHVL.jpg","twitter_misc":{"Written by":"neo_admin","Est. reading time":"3 minutes"},"schema":{"@context":"https:\/\/schema.org","@graph":[{"@type":"Article","@id":"https:\/\/orthodoxalbania.org\/2020\/2014\/09\/29\/u-mblodh-asambleja-kleriko-laike-e-kishes-orthodhokse-autoqefale-te-shqiperise\/#article","isPartOf":{"@id":"https:\/\/orthodoxalbania.org\/2020\/2014\/09\/29\/u-mblodh-asambleja-kleriko-laike-e-kishes-orthodhokse-autoqefale-te-shqiperise\/"},"author":{"name":"neo_admin","@id":"https:\/\/orthodoxalbania.org\/2020\/#\/schema\/person\/dd2bdc135b53c60d45b8bb329565cf6d"},"headline":"U mblodh Asambleja Kleriko &#8211; Laike e Kish\u00ebs Orthodhokse Autoqefale t\u00eb Shqip\u00ebris\u00eb.","datePublished":"2014-09-29T12:30:37+00:00","dateModified":"2021-11-08T13:52:59+00:00","mainEntityOfPage":{"@id":"https:\/\/orthodoxalbania.org\/2020\/2014\/09\/29\/u-mblodh-asambleja-kleriko-laike-e-kishes-orthodhokse-autoqefale-te-shqiperise\/"},"wordCount":605,"publisher":{"@id":"https:\/\/orthodoxalbania.org\/2020\/#organization"},"image":{"@id":"https:\/\/orthodoxalbania.org\/2020\/2014\/09\/29\/u-mblodh-asambleja-kleriko-laike-e-kishes-orthodhokse-autoqefale-te-shqiperise\/#primaryimage"},"thumbnailUrl":"https:\/\/lh6.googleusercontent.com\/-gpDAeM9-8v8\/VClP2JpaLfI\/AAAAAAAACOI\/5HIsy3Rla1E\/w958-h719-no\/SHVL.jpg","keywords":["2014","Akademia Teologjike","Aktivitete","Asambleja Kleriko - Laike","Census Artikuj","Kryepiskopata Tiran\u00eb","lajme"],"articleSection":["Lajme"],"inLanguage":"en-US"},{"@type":"WebPage","@id":"https:\/\/orthodoxalbania.org\/2020\/2014\/09\/29\/u-mblodh-asambleja-kleriko-laike-e-kishes-orthodhokse-autoqefale-te-shqiperise\/","url":"https:\/\/orthodoxalbania.org\/2020\/2014\/09\/29\/u-mblodh-asambleja-kleriko-laike-e-kishes-orthodhokse-autoqefale-te-shqiperise\/","name":"U mblodh Asambleja Kleriko - Laike e Kish\u00ebs Orthodhokse Autoqefale t\u00eb Shqip\u00ebris\u00eb. - Kisha Orthodh\u03bfkse Autoqefale e Shqip\u00ebris\u00eb","isPartOf":{"@id":"https:\/\/orthodoxalbania.org\/2020\/#website"},"primaryImageOfPage":{"@id":"https:\/\/orthodoxalbania.org\/2020\/2014\/09\/29\/u-mblodh-asambleja-kleriko-laike-e-kishes-orthodhokse-autoqefale-te-shqiperise\/#primaryimage"},"image":{"@id":"https:\/\/orthodoxalbania.org\/2020\/2014\/09\/29\/u-mblodh-asambleja-kleriko-laike-e-kishes-orthodhokse-autoqefale-te-shqiperise\/#primaryimage"},"thumbnailUrl":"https:\/\/lh6.googleusercontent.com\/-gpDAeM9-8v8\/VClP2JpaLfI\/AAAAAAAACOI\/5HIsy3Rla1E\/w958-h719-no\/SHVL.jpg","datePublished":"2014-09-29T12:30:37+00:00","dateModified":"2021-11-08T13:52:59+00:00","breadcrumb":{"@id":"https:\/\/orthodoxalbania.org\/2020\/2014\/09\/29\/u-mblodh-asambleja-kleriko-laike-e-kishes-orthodhokse-autoqefale-te-shqiperise\/#breadcrumb"},"inLanguage":"en-US","potentialAction":[{"@type":"ReadAction","target":["https:\/\/orthodoxalbania.org\/2020\/2014\/09\/29\/u-mblodh-asambleja-kleriko-laike-e-kishes-orthodhokse-autoqefale-te-shqiperise\/"]}]},{"@type":"ImageObject","inLanguage":"en-US","@id":"https:\/\/orthodoxalbania.org\/2020\/2014\/09\/29\/u-mblodh-asambleja-kleriko-laike-e-kishes-orthodhokse-autoqefale-te-shqiperise\/#primaryimage","url":"https:\/\/lh6.googleusercontent.com\/-gpDAeM9-8v8\/VClP2JpaLfI\/AAAAAAAACOI\/5HIsy3Rla1E\/w958-h719-no\/SHVL.jpg","contentUrl":"https:\/\/lh6.googleusercontent.com\/-gpDAeM9-8v8\/VClP2JpaLfI\/AAAAAAAACOI\/5HIsy3Rla1E\/w958-h719-no\/SHVL.jpg","width":"958","height":"718"},{"@type":"BreadcrumbList","@id":"https:\/\/orthodoxalbania.org\/2020\/2014\/09\/29\/u-mblodh-asambleja-kleriko-laike-e-kishes-orthodhokse-autoqefale-te-shqiperise\/#breadcrumb","itemListElement":[{"@type":"ListItem","position":1,"name":"Home","item":"https:\/\/orthodoxalbania.org\/2020\/"},{"@type":"ListItem","position":2,"name":"U mblodh Asambleja Kleriko &#8211; Laike e Kish\u00ebs Orthodhokse Autoqefale t\u00eb Shqip\u00ebris\u00eb."}]},{"@type":"WebSite","@id":"https:\/\/orthodoxalbania.org\/2020\/#website","url":"https:\/\/orthodoxalbania.org\/2020\/","name":"Kisha Orthodh\u03bfkse Autoqefale e Shqip\u00ebris\u00eb","description":"Fqja Zyrtare e Kish\u00ebs Orthodhokse Autoqefale e Shqip\u00ebris\u00eb me lajmet edhe informacionet zyrtare p\u00ebr struktur\u00ebn edhe veprimtarin e saj.","publisher":{"@id":"https:\/\/orthodoxalbania.org\/2020\/#organization"},"potentialAction":[{"@type":"SearchAction","target":{"@type":"EntryPoint","urlTemplate":"https:\/\/orthodoxalbania.org\/2020\/?s={search_term_string}"},"query-input":{"@type":"PropertyValueSpecification","valueRequired":true,"valueName":"search_term_string"}}],"inLanguage":"en-US"},{"@type":"Organization","@id":"https:\/\/orthodoxalbania.org\/2020\/#organization","name":"Kisha Orthodhokse Autoqefale e Shqip\u00ebris\u00eb","url":"https:\/\/orthodoxalbania.org\/2020\/","logo":{"@type":"ImageObject","inLanguage":"en-US","@id":"https:\/\/orthodoxalbania.org\/2020\/#\/schema\/logo\/image\/","url":"https:\/\/orthodoxalbania.org\/2020\/wp-content\/uploads\/2020\/05\/albania.jpeg","contentUrl":"https:\/\/orthodoxalbania.org\/2020\/wp-content\/uploads\/2020\/05\/albania.jpeg","width":540,"height":540,"caption":"Kisha Orthodhokse Autoqefale e Shqip\u00ebris\u00eb"},"image":{"@id":"https:\/\/orthodoxalbania.org\/2020\/#\/schema\/logo\/image\/"},"sameAs":["https:\/\/www.facebook.com\/koash1991"]},{"@type":"Person","@id":"https:\/\/orthodoxalbania.org\/2020\/#\/schema\/person\/dd2bdc135b53c60d45b8bb329565cf6d","name":"neo_admin","image":{"@type":"ImageObject","inLanguage":"en-US","@id":"https:\/\/secure.gravatar.com\/avatar\/53e6cdc30765aade0129f85e5aeb50124b1d3f5bb9a70373be31e4eb328371e0?s=96&d=mm&r=g","url":"https:\/\/secure.gravatar.com\/avatar\/53e6cdc30765aade0129f85e5aeb50124b1d3f5bb9a70373be31e4eb328371e0?s=96&d=mm&r=g","contentUrl":"https:\/\/secure.gravatar.com\/avatar\/53e6cdc30765aade0129f85e5aeb50124b1d3f5bb9a70373be31e4eb328371e0?s=96&d=mm&r=g","caption":"neo_admin"}}]}},"_links":{"self":[{"href":"https:\/\/orthodoxalbania.org\/2020\/wp-json\/wp\/v2\/posts\/1483","targetHints":{"allow":["GET"]}}],"collection":[{"href":"https:\/\/orthodoxalbania.org\/2020\/wp-json\/wp\/v2\/posts"}],"about":[{"href":"https:\/\/orthodoxalbania.org\/2020\/wp-json\/wp\/v2\/types\/post"}],"author":[{"embeddable":true,"href":"https:\/\/orthodoxalbania.org\/2020\/wp-json\/wp\/v2\/users\/14"}],"replies":[{"embeddable":true,"href":"https:\/\/orthodoxalbania.org\/2020\/wp-json\/wp\/v2\/comments?post=1483"}],"version-history":[{"count":4,"href":"https:\/\/orthodoxalbania.org\/2020\/wp-json\/wp\/v2\/posts\/1483\/revisions"}],"predecessor-version":[{"id":56556,"href":"https:\/\/orthodoxalbania.org\/2020\/wp-json\/wp\/v2\/posts\/1483\/revisions\/56556"}],"wp:featuredmedia":[{"embeddable":true,"href":"https:\/\/orthodoxalbania.org\/2020\/wp-json\/wp\/v2\/media\/56554"}],"wp:attachment":[{"href":"https:\/\/orthodoxalbania.org\/2020\/wp-json\/wp\/v2\/media?parent=1483"}],"wp:term":[{"taxonomy":"category","embeddable":true,"href":"https:\/\/orthodoxalbania.org\/2020\/wp-json\/wp\/v2\/categories?post=1483"},{"taxonomy":"post_tag","embeddable":true,"href":"https:\/\/orthodoxalbania.org\/2020\/wp-json\/wp\/v2\/tags?post=1483"}],"curies":[{"name":"wp","href":"https:\/\/api.w.org\/{rel}","templated":true}]}}