{"id":1481,"date":"2014-08-17T19:56:43","date_gmt":"2014-08-17T19:56:43","guid":{"rendered":""},"modified":"2020-04-06T22:02:24","modified_gmt":"2020-04-06T20:02:24","slug":"u-krye-shenjterimi-i-kishes-se-hirshme-ungjillezimi-i-perendilindeses-ne-kelcyre","status":"publish","type":"post","link":"https:\/\/orthodoxalbania.org\/2020\/2014\/08\/17\/u-krye-shenjterimi-i-kishes-se-hirshme-ungjillezimi-i-perendilindeses-ne-kelcyre\/","title":{"rendered":"U krye Shenjt\u00ebrimi i kish\u00ebs s\u00eb hirshme \u201cUngjill\u00ebzimi i Per\u00ebndilind\u00ebses\u201d, n\u00eb K\u00eblcyr\u00eb. (17 Gusht 2014)"},"content":{"rendered":"<p style=\"text-align: center;\">\n\t<span style=\"font-size: 12pt; font-family: helvetica; color: #800000;\">&nbsp;<strong><em>&#8230;E v\u00ebrteta, dashuria, pendimi dhe p\u00ebrul\u00ebsia&#8230; arm\u00ebt e besimtarit ndaj fuqive demonike&#8230;<\/em><\/strong><\/span><\/p>\n<p style=\"text-align: justify;\">\n\t&nbsp;<\/p>\n<p style=\"text-align: justify;\">\n\t<span style=\"color: #000000; font-size: 12pt; font-family: helvetica;\">&nbsp;&nbsp; Brenda nj\u00eb atmosfere hareje dhe p\u00ebrkushtimi shpirt\u00ebror, Fortlumturia e Tij, Kryepiskopi i Tiran\u00ebs, Durr\u00ebsit dhe i Gjith\u00eb Shqip\u00ebris\u00eb, Anastasi, kreu sot Shenjt\u00ebrimin e kish\u00ebs s\u00eb hirshme \u201cUngjill\u00ebzimi i Per\u00ebndilind\u00ebses\u201d, n\u00eb qytez\u00ebn e K\u00eblcyr\u00ebs. Ai celebroi s\u00eb bashku me Mitropolitiin e Gjirokastr\u00ebs Dhimitrin dhe Episkopin e Amantias Nathanailin, si dhe me shum\u00eb klerik\u00eb t\u00eb k\u00ebsaj Mitropolie. Q\u00eb her\u00ebt n\u00eb m\u00ebngjes qindra besimtar\u00eb, mes tyre shum\u00eb t\u00eb rinj, nga enoria e K\u00eblcyr\u00ebs, por dhe e gjith\u00eb treva e P\u00ebrmetit, kishin mbushur oborrin e Kish\u00ebs, duke marr\u00eb pjes\u00eb me lutjen e tyre n\u00eb aktin e hirsh\u00ebm t\u00eb Shenjt\u00ebrimit, me litanin\u00eb e lipsaneve t\u00eb shenjta dhe n\u00eb vazhdim, me shenjt\u00ebrimin e Tryez\u00ebs s\u00eb Shenjt\u00eb.<\/span><\/p>\n<p style=\"text-align: justify;\">\n\t<span style=\"color: #000000; font-size: 12pt; font-family: helvetica;\">&nbsp;&nbsp; M\u00eb pas vazhdoi Liturgjia Hyjnore, ku Kori i Shkoll\u00ebs s\u00eb Muzik\u00ebs Bizantine t\u00eb Kryepiskopat\u00ebs s\u00eb Hirshme t\u00eb Tiran\u00ebs i dha nj\u00eb p\u00ebrmas\u00eb m\u00eb t\u00eb lart\u00eb e shpirt\u00ebrore gjith\u00eb sh\u00ebrbesave.<\/span><\/p>\n<p style=\"text-align: justify;\">\n\t<span style=\"color: #000000; font-size: 12pt; font-family: helvetica;\">&nbsp;&nbsp; Kisha e re q\u00eb u shenjt\u00ebrua nga Kryepiskopi Anastas (e kat\u00ebrta brenda pak jav\u00ebsh, nga cepi n\u00eb cep t\u00eb Shqip\u00ebris\u00eb pas Shenjt\u00ebrimit t\u00eb Katedrales s\u00eb Tiran\u00ebs; kish\u00ebs \u201cLindja e Zotit Krisht\u201d, n\u00eb Shkod\u00ebr; kish\u00ebs \u201cNgjallja e Zotit\u201d, n\u00eb Pogradec dhe \u201cDyzet\u00eb Shenjtor\u00ebt\u201d, n\u00eb Aliko dhe e fundit kjo n\u00eb K\u00eblcyr\u00eb \u201cUngjill\u00ebzimin i Per\u00ebndilind\u00ebses\u201d), u nd\u00ebrtua n\u00eb periudh\u00ebn 1994-1996 dhe \u00ebsht\u00eb e tipit bazilik\u00eb me kube, me sip\u00ebrfaqe t\u00eb p\u00ebrgjithshme q\u00eb arrin 300m2. Ndodhet n\u00eb qend\u00ebr t\u00eb qytez\u00ebs dhe p\u00ebrb\u00ebn pik\u00eb referimi t\u00eb qytetit t\u00eb krijuar relativisht rishtazi.<\/span><\/p>\n<p style=\"text-align: justify;\">\n\t<span style=\"color: #000000; font-size: 12pt; font-family: helvetica;\">&nbsp;&nbsp; N\u00eb fund t\u00eb Liturgjis\u00eb Hyjnore, Kryepiskopi Anastas u foli besimtar\u00ebve si p\u00ebr tipikon\u00eb e Shenjt\u00ebrimit dhe kuptimin e pranis\u00eb s\u00eb Tempullit Orthodhoks n\u00eb jet\u00ebn e komunitetit adhurues, por dhe t\u00eb qytetit n\u00eb t\u00eb cilin ai jeton dhe aktivizohet, si dhe mbi Ungjillin e dit\u00ebs. Fortlumturia e Tij i nxiti besimtar\u00ebt q\u00eb t\u00eb jetojn\u00eb me t\u00eb v\u00ebrtet\u00eb besimin dhe q\u00eb t\u00eb armatosen p\u00ebrdit\u00eb me arm\u00ebt ndaj t\u00eb cilave fuqit\u00eb demonike (q\u00eb jan\u00eb t\u00eb pranishme edhe n\u00eb shoq\u00ebrin\u00eb e sotme njer\u00ebzore dhe p\u00ebrpiqen ta zhysin at\u00eb n\u00eb korrupsion dhe padrejt\u00ebsi), nuk munden ve\u00e7se t\u00eb jen\u00eb krejt t\u00eb pafuqishme dhe t\u00eb parrezikshme. K\u00ebto arm\u00eb jan\u00eb: e v\u00ebrteta, p\u00ebrul\u00ebsia, dashuria dhe pendimi. Ato do t\u00eb duhet t\u00eb kultivohen pand\u00ebrprer\u00eb edhe me lutjen n\u00eb k\u00ebt\u00eb kish\u00eb t\u00eb re orthodhokse. Dhe p\u00ebrs\u00ebri edhe nj\u00eb her\u00eb tjet\u00ebr p\u00ebrs\u00ebriti porosin\u00eb e tij at\u00ebrore q\u00eb ne t\u00eb krishter\u00ebt orthodhoks\u00eb t\u00eb mos mjaftohemi me haren\u00eb e godinave adhuruese, t\u00eb reja apo t\u00eb rikonstruktruktuara, por p\u00ebrdit\u00eb t\u00eb tregojm\u00eb kujdes t\u00eb nd\u00ebrtojm\u00eb veten ton\u00eb si tempuj t\u00eb Per\u00ebndis\u00eb s\u00eb gjall\u00eb.<\/span><\/p>\n<p style=\"text-align: justify;\">\n\t<span style=\"color: #000000; font-size: 12pt; font-family: helvetica;\">&nbsp;&nbsp; N\u00eb Qendr\u00ebn Shpirt\u00ebrore n\u00eb krah t\u00eb kish\u00ebs vijoi qerasje tradicionale nga ana e enoris\u00eb s\u00eb Ungjill\u00ebzimit, n\u00eb nj\u00eb amtosfer\u00eb t\u00eb p\u00ebrzem\u00ebrt dhe mbushur me k\u00ebng\u00eb tradicionale t\u00eb zon\u00ebs s\u00eb P\u00ebrmetit.<\/span><\/p>\n<p style=\"text-align: justify;\">\n\t<span style=\"color: #000000; font-size: 12pt; font-family: helvetica;\">&nbsp;&nbsp; Duhet kujtuar k\u00ebtu, se para pak vitesh K\u00ebshilli i Bashkis\u00eb s\u00eb K\u00eblcyr\u00ebs, n\u00eb shenj\u00eb vler\u00ebsimi p\u00ebr nism\u00ebn e Kryepiskopit Anastas q\u00eb n\u00eb qytetin e tyre t\u00eb nd\u00ebrtohet kjo kish\u00eb e bukur, vendosi q\u00eb rrug\u00ebn p\u00ebrpara saj dhe n\u00eb sheshin qendror t\u00eb qytez\u00ebs ta em\u00ebrtoj\u00eb \u201cRruga Kryepiskopi Anastas\u201d.<\/span><\/p>\n<p style=\"text-align: justify;\">\n\t<span style=\"color: #000000; font-size: 12pt; font-family: helvetica;\">&nbsp;&nbsp; N\u00eb k\u00ebt\u00eb g\u00ebzim t\u00eb ve\u00e7ant\u00eb t\u00eb besimtar\u00ebve t\u00eb K\u00eblcyr\u00ebs p\u00ebr shenjt\u00ebrimin e Kish\u00ebs s\u00eb tyre i pranish\u00ebm ishte edhe N\u00ebnkryetari i Parlamentit, z. Vangjel Dule dhe personalitete t\u00eb tjera.<\/span><\/p>\n<p style=\"text-align: justify;\">\n\t<span style=\"color: #000000; font-size: 12pt; font-family: helvetica;\">&nbsp;&nbsp; P\u00ebr t\u00eb gjith\u00eb Mitropolin\u00eb e Gjirokastr\u00ebs kjo prani e Kryepiskopit Anastas dhe shenjt\u00ebrimi i dyfisht\u00eb p\u00ebrb\u00ebjn\u00eb nj\u00eb not\u00eb t\u00eb ve\u00e7ant\u00eb festive dhe rast p\u00ebr nj\u00eb p\u00ebrjetim m\u00eb t\u00eb thell\u00eb t\u00eb k\u00ebtyre tubimeve adhuruese n\u00eb kuadrin e s\u00eb Kremtes s\u00eb Fjetjes t\u00eb s\u00eb T\u00ebr\u00ebshenjt\u00ebs Mari, q\u00eb populli e mbiquan edhe Pashk\u00eb e Ver\u00ebs. Ky ishte rast i ve\u00e7ant\u00eb edhe p\u00ebr dhjetra besimtar\u00eb t\u00eb k\u00ebtyre trevave, q\u00eb jetojn\u00eb dhe punojn\u00eb m\u00eb s\u00eb shumti n\u00eb Greqi.<\/span><\/p>\n<p style=\"text-align: justify;\">\n\t&nbsp;<\/p>\n<p style=\"text-align: justify;\">\n\t<span style=\"color: #000000; font-size: 12pt; font-family: helvetica;\"><strong>K\u00eblcyr\u00eb, 17 Gusht 2014<\/strong><\/span><\/p>\n<p style=\"text-align: justify;\">\n\t<span style=\"color: #000000; font-size: 12pt; font-family: helvetica;\"><strong>Foto: Dhjakon Stefan Ritsi<\/strong><\/span><\/p>\n<p style=\"text-align: justify;\">\n\t&nbsp;<\/p>\n<p style=\"text-align: justify;\">\n\t&nbsp;<\/p>\n<div>\n\t<img decoding=\"async\" alt=\"\" class=\"lazyload HAa Eha\" src=\"data:image\/gif;base64,R0lGODlhAQABAAAAACH5BAEKAAEALAAAAAABAAEAAAICTAEAOw==\" data-orig-src=\"https:\/\/lh5.googleusercontent.com\/-ZLxjT_TLJqI\/U_EAJST1AVI\/AAAAAAAAA0U\/4C2M0m0E1O4\/w958-h639-no\/1.jpg\" style=\"height: 400px; width: 600px; border-width: 1px; border-style: solid; margin: 10px auto; display: block;\" \/><\/div>\n<div>\n\t<img decoding=\"async\" alt=\"\" class=\"lazyload HAa Eha\" src=\"data:image\/gif;base64,R0lGODlhAQABAAAAACH5BAEKAAEALAAAAAABAAEAAAICTAEAOw==\" data-orig-src=\"https:\/\/lh6.googleusercontent.com\/-WlajTV7sFSo\/U_EAOIC_IBI\/AAAAAAAAAyo\/9ZLGqpOBGGA\/w537-h805-no\/2.jpg\" style=\"height: 899px; width: 600px; border-width: 1px; border-style: solid; margin: 10px auto; display: block;\" \/><\/div>\n<div>\n\t<img decoding=\"async\" alt=\"\" class=\"lazyload HAa Eha\" src=\"data:image\/gif;base64,R0lGODlhAQABAAAAACH5BAEKAAEALAAAAAABAAEAAAICTAEAOw==\" data-orig-src=\"https:\/\/lh4.googleusercontent.com\/--Th3HGLKs3A\/U_EASZkApcI\/AAAAAAAAAzU\/IpxTsi_8lNY\/w537-h805-no\/3.jpg\" style=\"height: 899px; width: 600px; border-width: 1px; border-style: solid; margin: 10px auto; display: block;\" \/><\/div>\n<div>\n\t<img decoding=\"async\" alt=\"\" class=\"lazyload HAa Eha\" src=\"data:image\/gif;base64,R0lGODlhAQABAAAAACH5BAEKAAEALAAAAAABAAEAAAICTAEAOw==\" data-orig-src=\"https:\/\/lh5.googleusercontent.com\/-Tkm3H1VRIsA\/U_EATKUqXaI\/AAAAAAAAAzg\/YX_GdtXRkWw\/w537-h805-no\/4.jpg\" style=\"height: 899px; width: 600px; border-width: 1px; border-style: solid; margin: 10px auto; display: block;\" \/><\/div>\n<div>\n\t<img decoding=\"async\" alt=\"\" class=\"lazyload HAa Eha\" src=\"data:image\/gif;base64,R0lGODlhAQABAAAAACH5BAEKAAEALAAAAAABAAEAAAICTAEAOw==\" data-orig-src=\"https:\/\/lh3.googleusercontent.com\/-RZUivQYX24g\/U_EATZcpTZI\/AAAAAAAAAzo\/Hho9bZN4jVM\/w537-h805-no\/5.jpg\" style=\"height: 899px; width: 600px; border-width: 1px; border-style: solid; margin: 10px auto; display: block;\" \/><\/div>\n<div>\n\t<img decoding=\"async\" alt=\"\" class=\"lazyload HAa Eha\" src=\"data:image\/gif;base64,R0lGODlhAQABAAAAACH5BAEKAAEALAAAAAABAAEAAAICTAEAOw==\" data-orig-src=\"https:\/\/lh4.googleusercontent.com\/-Or1-GiS3lmk\/U_ED270skVI\/AAAAAAAAA08\/-IYByUpyAFg\/w519-h805-no\/10609644_831729823504313_2768510345636821240_n.jpg\" style=\"height: 931px; width: 600px; border-width: 1px; border-style: solid; margin: 10px auto; display: block;\" \/><\/div>\n<div>\n\t<img decoding=\"async\" alt=\"\" class=\"lazyload HAa Eha\" src=\"data:image\/gif;base64,R0lGODlhAQABAAAAACH5BAEKAAEALAAAAAABAAEAAAICTAEAOw==\" data-orig-src=\"https:\/\/lh3.googleusercontent.com\/-LP4joVLu8kI\/U_EAUBumfVI\/AAAAAAAAAz8\/uH495frFuwQ\/w958-h639-no\/6.jpg\" style=\"height: 400px; width: 600px; border-width: 1px; border-style: solid; margin: 10px auto; display: block;\" \/><\/div>\n<div>\n\t<img decoding=\"async\" alt=\"\" class=\"lazyload HAa Eha\" src=\"data:image\/gif;base64,R0lGODlhAQABAAAAACH5BAEKAAEALAAAAAABAAEAAAICTAEAOw==\" data-orig-src=\"https:\/\/lh5.googleusercontent.com\/-V2gyZbrQHSI\/U_EAUS2RzxI\/AAAAAAAAAz4\/Q-ZhcqQc0N4\/w537-h805-no\/7.jpg\" style=\"height: 899px; width: 600px; border-width: 1px; border-style: solid; margin: 10px auto; display: block;\" \/><\/div>\n<div>\n\t<img decoding=\"async\" alt=\"\" class=\"lazyload HAa Eha\" src=\"data:image\/gif;base64,R0lGODlhAQABAAAAACH5BAEKAAEALAAAAAABAAEAAAICTAEAOw==\" data-orig-src=\"https:\/\/lh6.googleusercontent.com\/-A3nuZRIZ7q4\/U_EAWiF7HyI\/AAAAAAAAA0Q\/y4ioIjMJZxY\/w958-h639-no\/8.jpg\" style=\"height: 400px; width: 600px; border-width: 1px; border-style: solid; margin: 10px auto; display: block;\" \/><\/div>\n<div>\n\t<img decoding=\"async\" alt=\"\" class=\"lazyload HAa Eha\" src=\"data:image\/gif;base64,R0lGODlhAQABAAAAACH5BAEKAAEALAAAAAABAAEAAAICTAEAOw==\" data-orig-src=\"https:\/\/lh5.googleusercontent.com\/-UAR8CGDUX0M\/U_EAV0F_eRI\/AAAAAAAAA0M\/l10HKvH9fHM\/w958-h639-no\/9.jpg\" style=\"height: 400px; width: 600px; border-width: 1px; border-style: solid; margin: 10px auto; display: block;\" \/><\/div>\n<div>\n\t<img decoding=\"async\" alt=\"\" class=\"lazyload HAa Eha\" src=\"data:image\/gif;base64,R0lGODlhAQABAAAAACH5BAEKAAEALAAAAAABAAEAAAICTAEAOw==\" data-orig-src=\"https:\/\/lh4.googleusercontent.com\/-ADT_U0hK1Cc\/U_EAJpYpI7I\/AAAAAAAAAxc\/HwZZLIEIVcY\/w537-h805-no\/11.jpg\" style=\"height: 899px; width: 600px; border-width: 1px; border-style: solid; margin: 10px auto; display: block;\" \/><\/div>\n<div>\n\t<img decoding=\"async\" alt=\"\" class=\"lazyload HAa Eha\" src=\"data:image\/gif;base64,R0lGODlhAQABAAAAACH5BAEKAAEALAAAAAABAAEAAAICTAEAOw==\" data-orig-src=\"https:\/\/lh3.googleusercontent.com\/-_MlXnXjBXAQ\/U_EAJ4yT-pI\/AAAAAAAAAyY\/aHZ4zoy5Ji4\/w537-h805-no\/12.jpg\" style=\"height: 899px; width: 600px; border-width: 1px; border-style: solid; margin: 10px auto; display: block;\" \/><\/div>\n<div>\n\t<img decoding=\"async\" alt=\"\" class=\"lazyload HAa Eha\" src=\"data:image\/gif;base64,R0lGODlhAQABAAAAACH5BAEKAAEALAAAAAABAAEAAAICTAEAOw==\" data-orig-src=\"https:\/\/lh6.googleusercontent.com\/-V329sjSBhsA\/U_EAKeZ5hII\/AAAAAAAAAxo\/sJXk6wzBF-M\/w662-h805-no\/13.jpg\" style=\"height: 730px; width: 600px; border-width: 1px; border-style: solid; margin: 10px auto; display: block;\" \/><\/div>\n<div>\n\t<img decoding=\"async\" alt=\"\" class=\"lazyload HAa Eha\" src=\"data:image\/gif;base64,R0lGODlhAQABAAAAACH5BAEKAAEALAAAAAABAAEAAAICTAEAOw==\" data-orig-src=\"https:\/\/lh6.googleusercontent.com\/-pXvBWIIMYJ8\/U_EAK3qeMVI\/AAAAAAAAAxs\/vu-q50jqimk\/w958-h639-no\/14.jpg\" style=\"height: 400px; width: 600px; border-width: 1px; border-style: solid; margin: 10px auto; display: block;\" \/><\/div>\n<div>\n\t<img decoding=\"async\" alt=\"\" class=\"lazyload HAa Eha\" src=\"data:image\/gif;base64,R0lGODlhAQABAAAAACH5BAEKAAEALAAAAAABAAEAAAICTAEAOw==\" data-orig-src=\"https:\/\/lh4.googleusercontent.com\/-6tBlVWqqelA\/U_EALWF61LI\/AAAAAAAAAyE\/fqeMZUeHEBc\/w958-h639-no\/15.jpg\" style=\"height: 400px; width: 600px; border-width: 1px; border-style: solid; margin: 10px auto; display: block;\" \/><\/div>\n<div>\n\t<img decoding=\"async\" alt=\"\" class=\"lazyload HAa Eha\" src=\"data:image\/gif;base64,R0lGODlhAQABAAAAACH5BAEKAAEALAAAAAABAAEAAAICTAEAOw==\" data-orig-src=\"https:\/\/lh4.googleusercontent.com\/-e7iXoIwAw3w\/U_EALyQWT0I\/AAAAAAAAAx4\/G1x07pMwUc8\/w517-h805-no\/16.jpg\" style=\"height: 934px; width: 600px; border-width: 1px; border-style: solid; margin: 10px auto; display: block;\" \/><\/div>\n<div>\n\t<img decoding=\"async\" alt=\"\" class=\"lazyload HAa Eha\" src=\"data:image\/gif;base64,R0lGODlhAQABAAAAACH5BAEKAAEALAAAAAABAAEAAAICTAEAOw==\" data-orig-src=\"https:\/\/lh4.googleusercontent.com\/-OQoaOa0E9dY\/U_EAM7eM4HI\/AAAAAAAAAyI\/8YR9Taz5-p0\/w958-h639-no\/17.jpg\" style=\"height: 400px; width: 600px; border-width: 1px; border-style: solid; margin: 10px auto; display: block;\" \/><\/div>\n<div>\n\t<img decoding=\"async\" alt=\"\" class=\"lazyload HAa Eha\" src=\"data:image\/gif;base64,R0lGODlhAQABAAAAACH5BAEKAAEALAAAAAABAAEAAAICTAEAOw==\" data-orig-src=\"https:\/\/lh3.googleusercontent.com\/-X7wgJrbO79M\/U_EANJgNVrI\/AAAAAAAAAyM\/YyCYM_JsYjk\/w958-h672-no\/18.jpg\" style=\"height: 421px; width: 600px; border-width: 1px; border-style: solid; margin: 10px auto; display: block;\" \/><\/div>\n<div>\n\t<img decoding=\"async\" alt=\"\" class=\"lazyload HAa Eha\" src=\"data:image\/gif;base64,R0lGODlhAQABAAAAACH5BAEKAAEALAAAAAABAAEAAAICTAEAOw==\" data-orig-src=\"https:\/\/lh5.googleusercontent.com\/-jaKbbvQ5S6A\/U_EANlp-WSI\/AAAAAAAAAyc\/f0GdXHLaYDI\/w537-h805-no\/19.jpg\" style=\"height: 899px; width: 600px; border-width: 1px; border-style: solid; margin: 10px auto; display: block;\" \/><\/div>\n<div>\n\t<img decoding=\"async\" alt=\"\" class=\"lazyload HAa Eha\" src=\"data:image\/gif;base64,R0lGODlhAQABAAAAACH5BAEKAAEALAAAAAABAAEAAAICTAEAOw==\" data-orig-src=\"https:\/\/lh4.googleusercontent.com\/-hB2cn7SGrTs\/U_EAO2rYgzI\/AAAAAAAAA0A\/9lV_8SV4M_U\/w537-h805-no\/20.jpg\" style=\"height: 899px; width: 600px; border-width: 1px; border-style: solid; margin: 10px auto; display: block;\" \/><\/div>\n<div>\n\t<img decoding=\"async\" alt=\"\" class=\"lazyload HAa Eha\" src=\"data:image\/gif;base64,R0lGODlhAQABAAAAACH5BAEKAAEALAAAAAABAAEAAAICTAEAOw==\" data-orig-src=\"https:\/\/lh3.googleusercontent.com\/-TnE5jtKBdBQ\/U_EAPApecJI\/AAAAAAAAAz0\/H-62qgyY838\/w537-h805-no\/21.jpg\" style=\"height: 899px; width: 600px; border-width: 1px; border-style: solid; margin: 10px auto; display: block;\" \/><\/div>\n<div>\n\t<img decoding=\"async\" alt=\"\" class=\"lazyload HAa Eha\" src=\"data:image\/gif;base64,R0lGODlhAQABAAAAACH5BAEKAAEALAAAAAABAAEAAAICTAEAOw==\" data-orig-src=\"https:\/\/lh3.googleusercontent.com\/-JJ9SBVBXvkM\/U_EAP5RPCEI\/AAAAAAAAAy0\/18oRr2dULOM\/w958-h639-no\/22.jpg\" style=\"height: 400px; width: 600px; border-width: 1px; border-style: solid; margin: 10px auto; display: block;\" \/><\/div>\n<div>\n\t<img decoding=\"async\" alt=\"\" class=\"lazyload HAa Eha\" src=\"data:image\/gif;base64,R0lGODlhAQABAAAAACH5BAEKAAEALAAAAAABAAEAAAICTAEAOw==\" data-orig-src=\"https:\/\/lh5.googleusercontent.com\/-MOsnH-43H68\/U_EAQGqI4nI\/AAAAAAAAAy8\/7dgVzJu-3Pw\/w537-h805-no\/23.jpg\" style=\"height: 899px; width: 600px; border-width: 1px; border-style: solid; margin: 10px auto; display: block;\" \/><\/div>\n<div>\n\t<img decoding=\"async\" alt=\"\" class=\"lazyload HAa Eha\" src=\"data:image\/gif;base64,R0lGODlhAQABAAAAACH5BAEKAAEALAAAAAABAAEAAAICTAEAOw==\" data-orig-src=\"https:\/\/lh6.googleusercontent.com\/-fsfCaeF8ESM\/U_EAQhM9mdI\/AAAAAAAAAzE\/Wmnfo7ZbnSQ\/w634-h805-no\/24.jpg\" style=\"height: 762px; width: 600px; border-width: 1px; border-style: solid; margin: 10px auto; display: block;\" \/><\/div>\n<div>\n\t<img decoding=\"async\" alt=\"\" class=\"lazyload HAa Eha\" src=\"data:image\/gif;base64,R0lGODlhAQABAAAAACH5BAEKAAEALAAAAAABAAEAAAICTAEAOw==\" data-orig-src=\"https:\/\/lh3.googleusercontent.com\/-olnQ_jVVWVQ\/U_EAR37Pb1I\/AAAAAAAAAzQ\/fKUGlRcSuAM\/w958-h639-no\/26.jpg\" style=\"height: 400px; width: 600px; border-width: 1px; border-style: solid; margin: 10px auto; display: block;\" \/><\/div>\n<div>\n\t<img decoding=\"async\" alt=\"\" class=\"lazyload HAa Eha\" src=\"data:image\/gif;base64,R0lGODlhAQABAAAAACH5BAEKAAEALAAAAAABAAEAAAICTAEAOw==\" data-orig-src=\"https:\/\/lh3.googleusercontent.com\/-uuLBOdqzupA\/U_EARUS1fvI\/AAAAAAAAAzk\/HIIAAPKfozk\/w958-h639-no\/25.jpg\" style=\"height: 400px; width: 600px; border-width: 1px; border-style: solid; margin: 10px auto; display: block;\" \/><\/div>\n<div style=\"text-align: justify;\">\n\t&nbsp;<\/div>\n","protected":false},"excerpt":{"rendered":"<p>&nbsp;&#8230;E v\u00ebrteta, dashuria, pendimi dhe p\u00ebrul\u00ebsia&#8230; arm\u00ebt e besimtarit ndaj fuqive demonike&#8230; &nbsp; &nbsp;&nbsp; Brenda nj\u00eb atmosfere hareje dhe p\u00ebrkushtimi shpirt\u00ebror, Fortlumturia e Tij, Kryepiskopi i Tiran\u00ebs, Durr\u00ebsit dhe i Gjith\u00eb Shqip\u00ebris\u00eb, Anastasi, kreu sot Shenjt\u00ebrimin e kish\u00ebs s\u00eb hirshme \u201cUngjill\u00ebzimi i Per\u00ebndilind\u00ebses\u201d, n\u00eb qytez\u00ebn e K\u00eblcyr\u00ebs. Ai celebroi s\u00eb bashku me Mitropolitiin e Gjirokastr\u00ebs Dhimitrin dhe Episkopin e Amantias Nathanailin, si dhe me shum\u00eb<\/p>\n","protected":false},"author":1,"featured_media":1375,"comment_status":"open","ping_status":"open","sticky":false,"template":"","format":"standard","meta":{"_acf_changed":false,"pagelayer_contact_templates":[],"_pagelayer_content":"","inline_featured_image":false,"fifu_image_url":"","fifu_image_alt":"","footnotes":""},"categories":[108],"tags":[140,153,212,198,171],"class_list":["post-1481","post","type-post","status-publish","format-standard","has-post-thumbnail","hentry","category-lajme","tag-140","tag-deklarata-njoftime-zyrtare-d75","tag-lajme-d27","tag-gjirokaster","tag-shenjterime"],"acf":[],"yoast_head":"<!-- This site is optimized with the Yoast SEO plugin v27.2 - https:\/\/yoast.com\/product\/yoast-seo-wordpress\/ -->\n<title>U krye Shenjt\u00ebrimi i kish\u00ebs s\u00eb hirshme \u201cUngjill\u00ebzimi i Per\u00ebndilind\u00ebses\u201d, n\u00eb K\u00eblcyr\u00eb. (17 Gusht 2014) - Kisha Orthodh\u03bfkse Autoqefale e Shqip\u00ebris\u00eb<\/title>\n<meta name=\"robots\" content=\"index, follow, max-snippet:-1, max-image-preview:large, max-video-preview:-1\" \/>\n<link rel=\"canonical\" href=\"https:\/\/orthodoxalbania.org\/2020\/2014\/08\/17\/u-krye-shenjterimi-i-kishes-se-hirshme-ungjillezimi-i-perendilindeses-ne-kelcyre\/\" \/>\n<meta property=\"og:locale\" content=\"en_US\" \/>\n<meta property=\"og:type\" content=\"article\" \/>\n<meta property=\"og:title\" content=\"U krye Shenjt\u00ebrimi i kish\u00ebs s\u00eb hirshme \u201cUngjill\u00ebzimi i Per\u00ebndilind\u00ebses\u201d, n\u00eb K\u00eblcyr\u00eb. (17 Gusht 2014) - Kisha Orthodh\u03bfkse Autoqefale e Shqip\u00ebris\u00eb\" \/>\n<meta property=\"og:description\" content=\"&nbsp;&#8230;E v\u00ebrteta, dashuria, pendimi dhe p\u00ebrul\u00ebsia&#8230; arm\u00ebt e besimtarit ndaj fuqive demonike&#8230; &nbsp; &nbsp;&nbsp; Brenda nj\u00eb atmosfere hareje dhe p\u00ebrkushtimi shpirt\u00ebror, Fortlumturia e Tij, Kryepiskopi i Tiran\u00ebs, Durr\u00ebsit dhe i Gjith\u00eb Shqip\u00ebris\u00eb, Anastasi, kreu sot Shenjt\u00ebrimin e kish\u00ebs s\u00eb hirshme \u201cUngjill\u00ebzimi i Per\u00ebndilind\u00ebses\u201d, n\u00eb qytez\u00ebn e K\u00eblcyr\u00ebs. Ai celebroi s\u00eb bashku me Mitropolitiin e Gjirokastr\u00ebs Dhimitrin dhe Episkopin e Amantias Nathanailin, si dhe me shum\u00eb\" \/>\n<meta property=\"og:url\" content=\"https:\/\/orthodoxalbania.org\/2020\/2014\/08\/17\/u-krye-shenjterimi-i-kishes-se-hirshme-ungjillezimi-i-perendilindeses-ne-kelcyre\/\" \/>\n<meta property=\"og:site_name\" content=\"Kisha Orthodh\u03bfkse Autoqefale e Shqip\u00ebris\u00eb\" \/>\n<meta property=\"article:publisher\" content=\"https:\/\/www.facebook.com\/koash1991\" \/>\n<meta property=\"article:published_time\" content=\"2014-08-17T19:56:43+00:00\" \/>\n<meta property=\"article:modified_time\" content=\"2020-04-06T20:02:24+00:00\" \/>\n<meta property=\"og:image\" content=\"https:\/\/orthodoxalbania.org\/2020\/wp-content\/uploads\/2020\/04\/6.jpg\" \/>\n\t<meta property=\"og:image:width\" content=\"150\" \/>\n\t<meta property=\"og:image:height\" content=\"150\" \/>\n\t<meta property=\"og:image:type\" content=\"image\/jpeg\" \/>\n<meta name=\"author\" content=\"Kisha Orthodhokse\" \/>\n<meta name=\"twitter:card\" content=\"summary_large_image\" \/>\n<meta name=\"twitter:label1\" content=\"Written by\" \/>\n\t<meta name=\"twitter:data1\" content=\"Kisha Orthodhokse\" \/>\n\t<meta name=\"twitter:label2\" content=\"Est. reading time\" \/>\n\t<meta name=\"twitter:data2\" content=\"4 minutes\" \/>\n<script type=\"application\/ld+json\" class=\"yoast-schema-graph\">{\"@context\":\"https:\/\/schema.org\",\"@graph\":[{\"@type\":\"Article\",\"@id\":\"https:\/\/orthodoxalbania.org\/2020\/2014\/08\/17\/u-krye-shenjterimi-i-kishes-se-hirshme-ungjillezimi-i-perendilindeses-ne-kelcyre\/#article\",\"isPartOf\":{\"@id\":\"https:\/\/orthodoxalbania.org\/2020\/2014\/08\/17\/u-krye-shenjterimi-i-kishes-se-hirshme-ungjillezimi-i-perendilindeses-ne-kelcyre\/\"},\"author\":{\"name\":\"Kisha Orthodhokse\",\"@id\":\"https:\/\/orthodoxalbania.org\/2020\/#\/schema\/person\/0c387634a7063ac612d7ed9ce71c7e86\"},\"headline\":\"U krye Shenjt\u00ebrimi i kish\u00ebs s\u00eb hirshme \u201cUngjill\u00ebzimi i Per\u00ebndilind\u00ebses\u201d, n\u00eb K\u00eblcyr\u00eb. (17 Gusht 2014)\",\"datePublished\":\"2014-08-17T19:56:43+00:00\",\"dateModified\":\"2020-04-06T20:02:24+00:00\",\"mainEntityOfPage\":{\"@id\":\"https:\/\/orthodoxalbania.org\/2020\/2014\/08\/17\/u-krye-shenjterimi-i-kishes-se-hirshme-ungjillezimi-i-perendilindeses-ne-kelcyre\/\"},\"wordCount\":769,\"commentCount\":0,\"publisher\":{\"@id\":\"https:\/\/orthodoxalbania.org\/2020\/#organization\"},\"image\":{\"@id\":\"https:\/\/orthodoxalbania.org\/2020\/2014\/08\/17\/u-krye-shenjterimi-i-kishes-se-hirshme-ungjillezimi-i-perendilindeses-ne-kelcyre\/#primaryimage\"},\"thumbnailUrl\":\"https:\/\/orthodoxalbania.org\/2020\/wp-content\/uploads\/2020\/04\/6.jpg\",\"keywords\":[\"2014\",\"Deklarata - Njoftime Zyrtare\",\"lajme\",\"Mitropolia Gjirokast\u00ebr\",\"Shenjt\u00ebrime\"],\"articleSection\":[\"Lajme\"],\"inLanguage\":\"en-US\"},{\"@type\":\"WebPage\",\"@id\":\"https:\/\/orthodoxalbania.org\/2020\/2014\/08\/17\/u-krye-shenjterimi-i-kishes-se-hirshme-ungjillezimi-i-perendilindeses-ne-kelcyre\/\",\"url\":\"https:\/\/orthodoxalbania.org\/2020\/2014\/08\/17\/u-krye-shenjterimi-i-kishes-se-hirshme-ungjillezimi-i-perendilindeses-ne-kelcyre\/\",\"name\":\"U krye Shenjt\u00ebrimi i kish\u00ebs s\u00eb hirshme \u201cUngjill\u00ebzimi i Per\u00ebndilind\u00ebses\u201d, n\u00eb K\u00eblcyr\u00eb. (17 Gusht 2014) - Kisha Orthodh\u03bfkse Autoqefale e Shqip\u00ebris\u00eb\",\"isPartOf\":{\"@id\":\"https:\/\/orthodoxalbania.org\/2020\/#website\"},\"primaryImageOfPage\":{\"@id\":\"https:\/\/orthodoxalbania.org\/2020\/2014\/08\/17\/u-krye-shenjterimi-i-kishes-se-hirshme-ungjillezimi-i-perendilindeses-ne-kelcyre\/#primaryimage\"},\"image\":{\"@id\":\"https:\/\/orthodoxalbania.org\/2020\/2014\/08\/17\/u-krye-shenjterimi-i-kishes-se-hirshme-ungjillezimi-i-perendilindeses-ne-kelcyre\/#primaryimage\"},\"thumbnailUrl\":\"https:\/\/orthodoxalbania.org\/2020\/wp-content\/uploads\/2020\/04\/6.jpg\",\"datePublished\":\"2014-08-17T19:56:43+00:00\",\"dateModified\":\"2020-04-06T20:02:24+00:00\",\"breadcrumb\":{\"@id\":\"https:\/\/orthodoxalbania.org\/2020\/2014\/08\/17\/u-krye-shenjterimi-i-kishes-se-hirshme-ungjillezimi-i-perendilindeses-ne-kelcyre\/#breadcrumb\"},\"inLanguage\":\"en-US\",\"potentialAction\":[{\"@type\":\"ReadAction\",\"target\":[\"https:\/\/orthodoxalbania.org\/2020\/2014\/08\/17\/u-krye-shenjterimi-i-kishes-se-hirshme-ungjillezimi-i-perendilindeses-ne-kelcyre\/\"]}]},{\"@type\":\"ImageObject\",\"inLanguage\":\"en-US\",\"@id\":\"https:\/\/orthodoxalbania.org\/2020\/2014\/08\/17\/u-krye-shenjterimi-i-kishes-se-hirshme-ungjillezimi-i-perendilindeses-ne-kelcyre\/#primaryimage\",\"url\":\"https:\/\/orthodoxalbania.org\/2020\/wp-content\/uploads\/2020\/04\/6.jpg\",\"contentUrl\":\"https:\/\/orthodoxalbania.org\/2020\/wp-content\/uploads\/2020\/04\/6.jpg\",\"width\":150,\"height\":150},{\"@type\":\"BreadcrumbList\",\"@id\":\"https:\/\/orthodoxalbania.org\/2020\/2014\/08\/17\/u-krye-shenjterimi-i-kishes-se-hirshme-ungjillezimi-i-perendilindeses-ne-kelcyre\/#breadcrumb\",\"itemListElement\":[{\"@type\":\"ListItem\",\"position\":1,\"name\":\"Home\",\"item\":\"https:\/\/orthodoxalbania.org\/2020\/\"},{\"@type\":\"ListItem\",\"position\":2,\"name\":\"U krye Shenjt\u00ebrimi i kish\u00ebs s\u00eb hirshme \u201cUngjill\u00ebzimi i Per\u00ebndilind\u00ebses\u201d, n\u00eb K\u00eblcyr\u00eb. (17 Gusht 2014)\"}]},{\"@type\":\"WebSite\",\"@id\":\"https:\/\/orthodoxalbania.org\/2020\/#website\",\"url\":\"https:\/\/orthodoxalbania.org\/2020\/\",\"name\":\"Kisha Orthodh\u03bfkse Autoqefale e Shqip\u00ebris\u00eb\",\"description\":\"Fqja Zyrtare e Kish\u00ebs Orthodhokse Autoqefale e Shqip\u00ebris\u00eb me lajmet edhe informacionet zyrtare p\u00ebr struktur\u00ebn edhe veprimtarin e saj.\",\"publisher\":{\"@id\":\"https:\/\/orthodoxalbania.org\/2020\/#organization\"},\"potentialAction\":[{\"@type\":\"SearchAction\",\"target\":{\"@type\":\"EntryPoint\",\"urlTemplate\":\"https:\/\/orthodoxalbania.org\/2020\/?s={search_term_string}\"},\"query-input\":{\"@type\":\"PropertyValueSpecification\",\"valueRequired\":true,\"valueName\":\"search_term_string\"}}],\"inLanguage\":\"en-US\"},{\"@type\":\"Organization\",\"@id\":\"https:\/\/orthodoxalbania.org\/2020\/#organization\",\"name\":\"Kisha Orthodhokse Autoqefale e Shqip\u00ebris\u00eb\",\"url\":\"https:\/\/orthodoxalbania.org\/2020\/\",\"logo\":{\"@type\":\"ImageObject\",\"inLanguage\":\"en-US\",\"@id\":\"https:\/\/orthodoxalbania.org\/2020\/#\/schema\/logo\/image\/\",\"url\":\"https:\/\/orthodoxalbania.org\/2020\/wp-content\/uploads\/2020\/05\/albania.jpeg\",\"contentUrl\":\"https:\/\/orthodoxalbania.org\/2020\/wp-content\/uploads\/2020\/05\/albania.jpeg\",\"width\":540,\"height\":540,\"caption\":\"Kisha Orthodhokse Autoqefale e Shqip\u00ebris\u00eb\"},\"image\":{\"@id\":\"https:\/\/orthodoxalbania.org\/2020\/#\/schema\/logo\/image\/\"},\"sameAs\":[\"https:\/\/www.facebook.com\/koash1991\"]},{\"@type\":\"Person\",\"@id\":\"https:\/\/orthodoxalbania.org\/2020\/#\/schema\/person\/0c387634a7063ac612d7ed9ce71c7e86\",\"name\":\"Kisha Orthodhokse\",\"image\":{\"@type\":\"ImageObject\",\"inLanguage\":\"en-US\",\"@id\":\"https:\/\/secure.gravatar.com\/avatar\/596e7c417251e30f2fbb9c00e026fce61a695a00e51c889caded71c96cbbdde5?s=96&d=mm&r=g\",\"url\":\"https:\/\/secure.gravatar.com\/avatar\/596e7c417251e30f2fbb9c00e026fce61a695a00e51c889caded71c96cbbdde5?s=96&d=mm&r=g\",\"contentUrl\":\"https:\/\/secure.gravatar.com\/avatar\/596e7c417251e30f2fbb9c00e026fce61a695a00e51c889caded71c96cbbdde5?s=96&d=mm&r=g\",\"caption\":\"Kisha Orthodhokse\"}}]}<\/script>\n<!-- \/ Yoast SEO plugin. -->","yoast_head_json":{"title":"U krye Shenjt\u00ebrimi i kish\u00ebs s\u00eb hirshme \u201cUngjill\u00ebzimi i Per\u00ebndilind\u00ebses\u201d, n\u00eb K\u00eblcyr\u00eb. (17 Gusht 2014) - Kisha Orthodh\u03bfkse Autoqefale e Shqip\u00ebris\u00eb","robots":{"index":"index","follow":"follow","max-snippet":"max-snippet:-1","max-image-preview":"max-image-preview:large","max-video-preview":"max-video-preview:-1"},"canonical":"https:\/\/orthodoxalbania.org\/2020\/2014\/08\/17\/u-krye-shenjterimi-i-kishes-se-hirshme-ungjillezimi-i-perendilindeses-ne-kelcyre\/","og_locale":"en_US","og_type":"article","og_title":"U krye Shenjt\u00ebrimi i kish\u00ebs s\u00eb hirshme \u201cUngjill\u00ebzimi i Per\u00ebndilind\u00ebses\u201d, n\u00eb K\u00eblcyr\u00eb. (17 Gusht 2014) - Kisha Orthodh\u03bfkse Autoqefale e Shqip\u00ebris\u00eb","og_description":"&nbsp;&#8230;E v\u00ebrteta, dashuria, pendimi dhe p\u00ebrul\u00ebsia&#8230; arm\u00ebt e besimtarit ndaj fuqive demonike&#8230; &nbsp; &nbsp;&nbsp; Brenda nj\u00eb atmosfere hareje dhe p\u00ebrkushtimi shpirt\u00ebror, Fortlumturia e Tij, Kryepiskopi i Tiran\u00ebs, Durr\u00ebsit dhe i Gjith\u00eb Shqip\u00ebris\u00eb, Anastasi, kreu sot Shenjt\u00ebrimin e kish\u00ebs s\u00eb hirshme \u201cUngjill\u00ebzimi i Per\u00ebndilind\u00ebses\u201d, n\u00eb qytez\u00ebn e K\u00eblcyr\u00ebs. Ai celebroi s\u00eb bashku me Mitropolitiin e Gjirokastr\u00ebs Dhimitrin dhe Episkopin e Amantias Nathanailin, si dhe me shum\u00eb","og_url":"https:\/\/orthodoxalbania.org\/2020\/2014\/08\/17\/u-krye-shenjterimi-i-kishes-se-hirshme-ungjillezimi-i-perendilindeses-ne-kelcyre\/","og_site_name":"Kisha Orthodh\u03bfkse Autoqefale e Shqip\u00ebris\u00eb","article_publisher":"https:\/\/www.facebook.com\/koash1991","article_published_time":"2014-08-17T19:56:43+00:00","article_modified_time":"2020-04-06T20:02:24+00:00","og_image":[{"width":150,"height":150,"url":"https:\/\/orthodoxalbania.org\/2020\/wp-content\/uploads\/2020\/04\/6.jpg","type":"image\/jpeg"}],"author":"Kisha Orthodhokse","twitter_card":"summary_large_image","twitter_misc":{"Written by":"Kisha Orthodhokse","Est. reading time":"4 minutes"},"schema":{"@context":"https:\/\/schema.org","@graph":[{"@type":"Article","@id":"https:\/\/orthodoxalbania.org\/2020\/2014\/08\/17\/u-krye-shenjterimi-i-kishes-se-hirshme-ungjillezimi-i-perendilindeses-ne-kelcyre\/#article","isPartOf":{"@id":"https:\/\/orthodoxalbania.org\/2020\/2014\/08\/17\/u-krye-shenjterimi-i-kishes-se-hirshme-ungjillezimi-i-perendilindeses-ne-kelcyre\/"},"author":{"name":"Kisha Orthodhokse","@id":"https:\/\/orthodoxalbania.org\/2020\/#\/schema\/person\/0c387634a7063ac612d7ed9ce71c7e86"},"headline":"U krye Shenjt\u00ebrimi i kish\u00ebs s\u00eb hirshme \u201cUngjill\u00ebzimi i Per\u00ebndilind\u00ebses\u201d, n\u00eb K\u00eblcyr\u00eb. (17 Gusht 2014)","datePublished":"2014-08-17T19:56:43+00:00","dateModified":"2020-04-06T20:02:24+00:00","mainEntityOfPage":{"@id":"https:\/\/orthodoxalbania.org\/2020\/2014\/08\/17\/u-krye-shenjterimi-i-kishes-se-hirshme-ungjillezimi-i-perendilindeses-ne-kelcyre\/"},"wordCount":769,"commentCount":0,"publisher":{"@id":"https:\/\/orthodoxalbania.org\/2020\/#organization"},"image":{"@id":"https:\/\/orthodoxalbania.org\/2020\/2014\/08\/17\/u-krye-shenjterimi-i-kishes-se-hirshme-ungjillezimi-i-perendilindeses-ne-kelcyre\/#primaryimage"},"thumbnailUrl":"https:\/\/orthodoxalbania.org\/2020\/wp-content\/uploads\/2020\/04\/6.jpg","keywords":["2014","Deklarata - Njoftime Zyrtare","lajme","Mitropolia Gjirokast\u00ebr","Shenjt\u00ebrime"],"articleSection":["Lajme"],"inLanguage":"en-US"},{"@type":"WebPage","@id":"https:\/\/orthodoxalbania.org\/2020\/2014\/08\/17\/u-krye-shenjterimi-i-kishes-se-hirshme-ungjillezimi-i-perendilindeses-ne-kelcyre\/","url":"https:\/\/orthodoxalbania.org\/2020\/2014\/08\/17\/u-krye-shenjterimi-i-kishes-se-hirshme-ungjillezimi-i-perendilindeses-ne-kelcyre\/","name":"U krye Shenjt\u00ebrimi i kish\u00ebs s\u00eb hirshme \u201cUngjill\u00ebzimi i Per\u00ebndilind\u00ebses\u201d, n\u00eb K\u00eblcyr\u00eb. (17 Gusht 2014) - Kisha Orthodh\u03bfkse Autoqefale e Shqip\u00ebris\u00eb","isPartOf":{"@id":"https:\/\/orthodoxalbania.org\/2020\/#website"},"primaryImageOfPage":{"@id":"https:\/\/orthodoxalbania.org\/2020\/2014\/08\/17\/u-krye-shenjterimi-i-kishes-se-hirshme-ungjillezimi-i-perendilindeses-ne-kelcyre\/#primaryimage"},"image":{"@id":"https:\/\/orthodoxalbania.org\/2020\/2014\/08\/17\/u-krye-shenjterimi-i-kishes-se-hirshme-ungjillezimi-i-perendilindeses-ne-kelcyre\/#primaryimage"},"thumbnailUrl":"https:\/\/orthodoxalbania.org\/2020\/wp-content\/uploads\/2020\/04\/6.jpg","datePublished":"2014-08-17T19:56:43+00:00","dateModified":"2020-04-06T20:02:24+00:00","breadcrumb":{"@id":"https:\/\/orthodoxalbania.org\/2020\/2014\/08\/17\/u-krye-shenjterimi-i-kishes-se-hirshme-ungjillezimi-i-perendilindeses-ne-kelcyre\/#breadcrumb"},"inLanguage":"en-US","potentialAction":[{"@type":"ReadAction","target":["https:\/\/orthodoxalbania.org\/2020\/2014\/08\/17\/u-krye-shenjterimi-i-kishes-se-hirshme-ungjillezimi-i-perendilindeses-ne-kelcyre\/"]}]},{"@type":"ImageObject","inLanguage":"en-US","@id":"https:\/\/orthodoxalbania.org\/2020\/2014\/08\/17\/u-krye-shenjterimi-i-kishes-se-hirshme-ungjillezimi-i-perendilindeses-ne-kelcyre\/#primaryimage","url":"https:\/\/orthodoxalbania.org\/2020\/wp-content\/uploads\/2020\/04\/6.jpg","contentUrl":"https:\/\/orthodoxalbania.org\/2020\/wp-content\/uploads\/2020\/04\/6.jpg","width":150,"height":150},{"@type":"BreadcrumbList","@id":"https:\/\/orthodoxalbania.org\/2020\/2014\/08\/17\/u-krye-shenjterimi-i-kishes-se-hirshme-ungjillezimi-i-perendilindeses-ne-kelcyre\/#breadcrumb","itemListElement":[{"@type":"ListItem","position":1,"name":"Home","item":"https:\/\/orthodoxalbania.org\/2020\/"},{"@type":"ListItem","position":2,"name":"U krye Shenjt\u00ebrimi i kish\u00ebs s\u00eb hirshme \u201cUngjill\u00ebzimi i Per\u00ebndilind\u00ebses\u201d, n\u00eb K\u00eblcyr\u00eb. (17 Gusht 2014)"}]},{"@type":"WebSite","@id":"https:\/\/orthodoxalbania.org\/2020\/#website","url":"https:\/\/orthodoxalbania.org\/2020\/","name":"Kisha Orthodh\u03bfkse Autoqefale e Shqip\u00ebris\u00eb","description":"Fqja Zyrtare e Kish\u00ebs Orthodhokse Autoqefale e Shqip\u00ebris\u00eb me lajmet edhe informacionet zyrtare p\u00ebr struktur\u00ebn edhe veprimtarin e saj.","publisher":{"@id":"https:\/\/orthodoxalbania.org\/2020\/#organization"},"potentialAction":[{"@type":"SearchAction","target":{"@type":"EntryPoint","urlTemplate":"https:\/\/orthodoxalbania.org\/2020\/?s={search_term_string}"},"query-input":{"@type":"PropertyValueSpecification","valueRequired":true,"valueName":"search_term_string"}}],"inLanguage":"en-US"},{"@type":"Organization","@id":"https:\/\/orthodoxalbania.org\/2020\/#organization","name":"Kisha Orthodhokse Autoqefale e Shqip\u00ebris\u00eb","url":"https:\/\/orthodoxalbania.org\/2020\/","logo":{"@type":"ImageObject","inLanguage":"en-US","@id":"https:\/\/orthodoxalbania.org\/2020\/#\/schema\/logo\/image\/","url":"https:\/\/orthodoxalbania.org\/2020\/wp-content\/uploads\/2020\/05\/albania.jpeg","contentUrl":"https:\/\/orthodoxalbania.org\/2020\/wp-content\/uploads\/2020\/05\/albania.jpeg","width":540,"height":540,"caption":"Kisha Orthodhokse Autoqefale e Shqip\u00ebris\u00eb"},"image":{"@id":"https:\/\/orthodoxalbania.org\/2020\/#\/schema\/logo\/image\/"},"sameAs":["https:\/\/www.facebook.com\/koash1991"]},{"@type":"Person","@id":"https:\/\/orthodoxalbania.org\/2020\/#\/schema\/person\/0c387634a7063ac612d7ed9ce71c7e86","name":"Kisha Orthodhokse","image":{"@type":"ImageObject","inLanguage":"en-US","@id":"https:\/\/secure.gravatar.com\/avatar\/596e7c417251e30f2fbb9c00e026fce61a695a00e51c889caded71c96cbbdde5?s=96&d=mm&r=g","url":"https:\/\/secure.gravatar.com\/avatar\/596e7c417251e30f2fbb9c00e026fce61a695a00e51c889caded71c96cbbdde5?s=96&d=mm&r=g","contentUrl":"https:\/\/secure.gravatar.com\/avatar\/596e7c417251e30f2fbb9c00e026fce61a695a00e51c889caded71c96cbbdde5?s=96&d=mm&r=g","caption":"Kisha Orthodhokse"}}]}},"_links":{"self":[{"href":"https:\/\/orthodoxalbania.org\/2020\/wp-json\/wp\/v2\/posts\/1481","targetHints":{"allow":["GET"]}}],"collection":[{"href":"https:\/\/orthodoxalbania.org\/2020\/wp-json\/wp\/v2\/posts"}],"about":[{"href":"https:\/\/orthodoxalbania.org\/2020\/wp-json\/wp\/v2\/types\/post"}],"author":[{"embeddable":true,"href":"https:\/\/orthodoxalbania.org\/2020\/wp-json\/wp\/v2\/users\/1"}],"replies":[{"embeddable":true,"href":"https:\/\/orthodoxalbania.org\/2020\/wp-json\/wp\/v2\/comments?post=1481"}],"version-history":[{"count":1,"href":"https:\/\/orthodoxalbania.org\/2020\/wp-json\/wp\/v2\/posts\/1481\/revisions"}],"predecessor-version":[{"id":15067,"href":"https:\/\/orthodoxalbania.org\/2020\/wp-json\/wp\/v2\/posts\/1481\/revisions\/15067"}],"wp:featuredmedia":[{"embeddable":true,"href":"https:\/\/orthodoxalbania.org\/2020\/wp-json\/wp\/v2\/media\/1375"}],"wp:attachment":[{"href":"https:\/\/orthodoxalbania.org\/2020\/wp-json\/wp\/v2\/media?parent=1481"}],"wp:term":[{"taxonomy":"category","embeddable":true,"href":"https:\/\/orthodoxalbania.org\/2020\/wp-json\/wp\/v2\/categories?post=1481"},{"taxonomy":"post_tag","embeddable":true,"href":"https:\/\/orthodoxalbania.org\/2020\/wp-json\/wp\/v2\/tags?post=1481"}],"curies":[{"name":"wp","href":"https:\/\/api.w.org\/{rel}","templated":true}]}}