{"id":1480,"date":"2014-08-16T08:09:07","date_gmt":"2014-08-16T08:09:07","guid":{"rendered":""},"modified":"2020-04-06T22:02:25","modified_gmt":"2020-04-06T20:02:25","slug":"u-krye-shenjterimi-i-kishes-se-hirshme-te-dyzete-shenjtoreve-martire-ne-aliko","status":"publish","type":"post","link":"https:\/\/orthodoxalbania.org\/2020\/2014\/08\/16\/u-krye-shenjterimi-i-kishes-se-hirshme-te-dyzete-shenjtoreve-martire-ne-aliko\/","title":{"rendered":"U krye Shenjt\u00ebrimi i kish\u00ebs s\u00eb hirshme t\u00eb Dyzet\u00eb Shenjtor\u00ebve Martir\u00eb n\u00eb Aliko, Sarand\u00eb. (15 Gusht 2014)"},"content":{"rendered":"<p style=\"text-align: center;\">\n\t<span style=\"color: #800000; font-size: 12pt; font-family: helvetica;\"><strong>\u201c&#8230;KISHAT E HIRSHME NA KUJTOJN\u00cb PAND\u00cbRPRERJE PRANIN\u00cb E PER\u00cbNDIS\u00cb DHE DETYRAT TONA NDAJ BESIMIT&#8230;\u201d<\/strong><\/span><\/p>\n<p style=\"text-align: center;\">\n\t&nbsp;<\/p>\n<p style=\"text-align: justify;\">\n\t<span style=\"color: #000000; font-size: 12pt; font-family: helvetica;\">&nbsp; &nbsp; Qindra besimtar\u00eb tejmbush\u00ebn kish\u00ebn e hirshme t\u00eb Dyzet\u00eb Shenjtor\u00ebve Martir\u00eb n\u00eb Aliko, fshat ky n\u00eb zon\u00ebn e Vurgut, p\u00ebr t\u00eb marr\u00eb pjes\u00eb n\u00eb veprimtarit\u00eb adhuruese p\u00ebr Fjetjen e T\u00ebr\u00ebshenjt\u00ebs Mari. N\u00eb gjirin e tyre ishte Kryepiskopi i Tiran\u00ebs, Durr\u00ebsit dhe i Gjith\u00eb Shqip\u00ebris\u00eb, Fortlumturia e Tij Anastasi, i cili s\u00eb bashku me Mitropolitin e Gjirokastr\u00ebs, Imzot Dhimitrin dhe Episkopin e Amantias z. Nathanail, kreu Sh\u00ebrbes\u00ebn e Shenjt\u00ebrimit dhe n\u00eb vazhdim Liturgjin\u00eb Hyjnore.<\/span><\/p>\n<p style=\"text-align: justify;\">\n\t<span style=\"color: #000000; font-size: 12pt; font-family: helvetica;\">&nbsp;&nbsp;&nbsp; Ne fjal\u00ebn e tij, Kryepiskopi u foli besimtar\u00ebve ve\u00e7 t\u00eb tjerash edhe p\u00ebr vepr\u00ebn e pasur q\u00eb ka zhvilluar Kisha e jon\u00eb n\u00eb sektorin shpirt\u00ebror, n\u00eb ngritjen e kishave e godinave t\u00eb tjera ndihm\u00ebse, zhvillimin e vepr\u00ebs s\u00eb saj sociale e filantropike etj.<\/span><\/p>\n<p style=\"text-align: justify;\">\n\t<span style=\"color: #000000; font-size: 12pt; font-family: helvetica;\">&nbsp;&nbsp;&nbsp; Me rastin edhe t\u00eb Shenjt\u00ebrimit t\u00eb kish\u00ebs s\u00eb re fortt\u00ebbukur t\u00eb Dyzet\u00eb Shenjtor\u00ebve, Kryepiskopi u ndal n\u00eb r\u00ebnd\u00ebsin\u00eb e kish\u00ebs&nbsp;(tempullit) orthdhokse, si epiqend\u00ebr e Enoris\u00eb s\u00eb besimtar\u00ebve dhe t\u00eb jet\u00ebs s\u00eb tyre shpirt\u00ebrore. Me Orthodhoksin\u00eb bashk\u00ebudh\u00ebtar\u00eb jan\u00eb e v\u00ebrteta, dashuria dhe bukuria. T\u00eb tria k\u00ebto simbolizohen n\u00eb m\u00ebnyr\u00ebn m\u00eb t\u00eb mir\u00eb n\u00eb tempullin orthodhoks, ku ve\u00e7 t\u00eb tjerash promovohet kultura. Nd\u00ebrtesat e adhurimit t\u00eb krishter\u00eb, q\u00eb u shtuan gjat\u00eb gjith\u00eb k\u00ebtyre viteve t\u00eb ringritjes s\u00eb Kish\u00ebs son\u00eb, n\u00eb qytete dhe fshatra, jan\u00eb gjithashtu edhe stoli arkitektonike, por edhe qendra t\u00eb ngritjes kulturore t\u00eb komunitetit t\u00eb besimtar\u00ebve. Me fjal\u00ebt e tij Fortlumturia e Tij i nxiti besimtar\u00ebt e Alikos q\u00eb t\u00eb tregojn\u00eb kujdes m\u00eb t\u00eb madh p\u00ebr kish\u00ebn e tyre t\u00eb re dhe sidomos, q\u00eb ta ngrohin at\u00eb me lutjen e tyre dhe pjes\u00ebmarrjen intensive n\u00eb mbledhjet adhuruese. Ta shnd\u00ebrrojn\u00eb at\u00eb n\u00eb nj\u00eb qend\u00ebr t\u00eb dashuris\u00eb p\u00ebr Per\u00ebndin\u00eb, por edhe p\u00ebr njeriun &#8211; v\u00eblla.<\/span><\/p>\n<p style=\"text-align: justify;\">\n\t<span style=\"color: #000000; font-size: 12pt; font-family: helvetica;\">&nbsp;&nbsp;&nbsp; Kisha e hirshme e Dyzet\u00eb Shenjtor\u00ebve n\u00eb Aliko u nd\u00ebrtua me inisiativ\u00ebn dhe fondet q\u00eb grumbulloi Kryepiskopi Anastas gjat\u00eb periudh\u00ebs 2006-2009. \u00cbsht\u00eb nj\u00eb kish\u00eb shum\u00eb e bukur me kube, me peristil n\u00eb fasad\u00eb dhe an\u00ebn jugore, me kambanore t\u00eb lart\u00ebsuar dhe nj\u00eb oborr, q\u00eb p\u00ebrb\u00ebn edhe nj\u00eb shesh-park t\u00eb bukur p\u00ebr komunitetin. N\u00eb katin p\u00ebrdhes t\u00eb kish\u00ebs ka mjedise p\u00ebr funksionimin e nj\u00eb qendre shpirt\u00ebrore t\u00eb enoris\u00eb, me sall\u00eb polifunksionale veprimtarish etj.<\/span><\/p>\n<p style=\"text-align: justify;\">\n\t&nbsp;<\/p>\n<p style=\"text-align: center;\">\n\t<span style=\"color: #800000;\"><strong><span style=\"font-size: 12pt; font-family: helvetica;\">***<\/span><\/strong><\/span><\/p>\n<p style=\"text-align: center;\">\n\t&nbsp;<\/p>\n<p style=\"text-align: justify;\">\n\t<span style=\"color: #000000; font-size: 12pt; font-family: helvetica;\">&nbsp;&nbsp;&nbsp; Pas p\u00ebrfundimit&nbsp;&nbsp;t\u00eb Liturgjis\u00eb Hyjnore, n\u00eb oborrin e kish\u00ebs s\u00eb porsashenjt\u00ebruar t\u00eb mbushur plot e p\u00ebrplot nga besimtar\u00ebt, nga autoriteti i pushtetit lokal, u organizua ceremonia e dor\u00ebzimit Kryepiskopit Anastas t\u00eb titullit \u201cQytetar nderi\u201d i Komun\u00ebs s\u00eb Alikos, si shprehje e fal\u00ebnderimit dhe mir\u00ebnjohjes s\u00eb gjith\u00eb banor\u00ebve t\u00eb zon\u00ebs p\u00ebr gjith\u00e7ka ai ka b\u00ebr\u00eb p\u00ebr ringritjen nga hiri i shkat\u00ebrrimit komunist t\u00eb Kish\u00ebs Orthodhokse n\u00eb Shqip\u00ebri, por edhe konkretisht n\u00eb fshatrat dhe enorit\u00eb e zon\u00ebs. Kryepiskopin e p\u00ebrsh\u00ebndeti Kryetari i Komun\u00ebs, z. Kristo Kaishi, q\u00eb i dor\u00ebzoi edhe titullin. Gjithashtu, p\u00ebrsh\u00ebndeti me k\u00ebt\u00eb rast edhe N\u00ebnkryetari i Parlamentit dhe deputet i zon\u00ebs, z. Vangjel Dule.<\/span><\/p>\n<p style=\"text-align: justify;\">\n\t<span style=\"color: #000000; font-size: 12pt; font-family: helvetica;\">&nbsp;&nbsp;&nbsp; Kryepiskopi Anastas duke fal\u00ebnderuar p\u00ebr k\u00ebt\u00eb gjest t\u00eb K\u00ebshillit t\u00eb Komun\u00ebs, por edhe p\u00ebr fjal\u00ebt e ngrohta t\u00eb dashuris\u00eb q\u00eb u than\u00eb, theksoi se m\u00eb e r\u00ebnd\u00ebsishmja q\u00eb ka ndodhur gjat\u00eb k\u00ebtyre nj\u00ebzet\u00eb e tre viteve \u00ebsht\u00eb fakti se ai q\u00ebndroi pran\u00eb njer\u00ebzve, s\u00eb bashku me grigj\u00ebn orthodhokse, duke mir\u00ebkuptuar g\u00ebzimet dhe hidh\u00ebrimet e tyre, duke ndar\u00eb me dashuri me ta gjith\u00e7ka pati, me respekt ndaj dinjitetit t\u00eb \u00e7do njeriu.<\/span><\/p>\n<p style=\"text-align: justify;\">\n\t&nbsp;<\/p>\n<p style=\"text-align: center;\">\n\t<span style=\"color: #800000; font-family: helvetica; font-size: 12pt;\">***<\/span><\/p>\n<p style=\"text-align: center;\">\n\t&nbsp;<\/p>\n<p style=\"text-align: justify;\">\n\t<span style=\"color: #000000; font-size: 12pt; font-family: helvetica;\">&nbsp;&nbsp;&nbsp; T\u00eb diel\u00ebn, 17 gusht Kryepiskopi Anastas, s\u00eb bashku me Mitropolitin e Gjirokastr\u00ebs z. Dhimit\u00ebr do t\u00eb kryej\u00eb Sh\u00ebrbes\u00ebn e Shenjt\u00ebrimit t\u00eb kish\u00ebs s\u00eb hirshme t\u00eb Ungjill\u00ebzimit t\u00eb Per\u00ebndilind\u00ebses, q\u00eb ngrihet n\u00eb qend\u00ebr t\u00eb qytez\u00ebs s\u00eb K\u00eblcyr\u00ebs. Kjo kish\u00eb u nd\u00ebrtua nga ana e Kryepiskopit n\u00eb vitet e para, 1994-1996 dhe \u00ebsht\u00eb e tipit bazilik\u00eb me kube dhe kull\u00eb kambanoreje. \u00cbsht\u00eb ngritur n\u00eb truall pron\u00eb e Kish\u00ebs dhe q\u00eb at\u00ebher\u00eb meshohet pa nd\u00ebrprer\u00eb.&nbsp;&nbsp;N\u00eb krah t\u00eb saj ngrihet gjithashtu nj\u00eb qend\u00ebr enorike shpirt\u00ebrore.<\/span><\/p>\n<p style=\"text-align: justify;\">\n\t&nbsp;<\/p>\n<p style=\"text-align: justify;\">\n\t<span style=\"font-size: 12pt; font-family: helvetica;\"><strong><span style=\"color: #000000;\">(Gjirokast\u00ebr, 15 gusht 2014)<\/span><\/strong><\/span><\/p>\n<p style=\"text-align: justify;\">\n\t&nbsp;<\/p>\n<p style=\"text-align: justify;\">\n\t<span style=\"font-size: 12pt; font-family: helvetica;\"><strong><span style=\"color: #000000;\">Foto: Dhjakon Stephanos Ritsi<\/span><\/strong><\/span><\/p>\n<p style=\"text-align: justify;\">\n\t&nbsp;<\/p>\n<p style=\"text-align: justify;\">\n\t&nbsp;<\/p>\n<div>\n\t<img decoding=\"async\" alt=\"\" class=\"lazyload HAa Eha\" src=\"data:image\/gif;base64,R0lGODlhAQABAAAAACH5BAEKAAEALAAAAAABAAEAAAICTAEAOw==\" data-orig-src=\"https:\/\/lh6.googleusercontent.com\/-7csTw37OlDY\/U-8ex17C_NI\/AAAAAAAAAvQ\/3q21AybNokw\/w958-h644-no\/10402531_830650133612282_1235417078886029665_n.jpg\" style=\"height: 403px; width: 600px; border-width: 1px; border-style: solid; margin: 10px auto; display: block;\" \/><\/div>\n<div>\n\t<img decoding=\"async\" alt=\"\" class=\"lazyload HAa Eha\" src=\"data:image\/gif;base64,R0lGODlhAQABAAAAACH5BAEKAAEALAAAAAABAAEAAAICTAEAOw==\" data-orig-src=\"https:\/\/lh6.googleusercontent.com\/-WhF5mFd_tRA\/U-8fAGdxWAI\/AAAAAAAAAvg\/IZQH797bPvw\/w958-h639-no\/10556328_830650216945607_7206222610295152816_n(2).jpg\" style=\"height: 400px; width: 600px; border-width: 1px; border-style: solid; margin: 10px auto; display: block;\" \/><\/div>\n<div>\n\t<img decoding=\"async\" alt=\"\" class=\"lazyload HAa Eha\" src=\"data:image\/gif;base64,R0lGODlhAQABAAAAACH5BAEKAAEALAAAAAABAAEAAAICTAEAOw==\" data-orig-src=\"https:\/\/lh3.googleusercontent.com\/-9RREf-SULrE\/U-8Ofa9v7HI\/AAAAAAAAAro\/DDyzpgqmJro\/w868-h479-no\/foto%2Blogo%2Baliko.jpg\" style=\"height: 331px; width: 600px; border-width: 1px; border-style: solid; margin: 10px auto; display: block;\" \/><\/div>\n<div>\n\t<img decoding=\"async\" alt=\"\" class=\"lazyload HAa Eha\" src=\"data:image\/gif;base64,R0lGODlhAQABAAAAACH5BAEKAAEALAAAAAABAAEAAAICTAEAOw==\" data-orig-src=\"https:\/\/lh5.googleusercontent.com\/-kIzHE9_dqe0\/U-8fagwej7I\/AAAAAAAAAvw\/e_Y6pWPSjfI\/w958-h639-no\/10606237_830650243612271_5322804593441542104_n(1).jpg\" style=\"height: 400px; width: 600px; border-width: 1px; border-style: solid; margin: 10px auto; display: block;\" \/><\/div>\n<div>\n\t<img decoding=\"async\" alt=\"\" class=\"lazyload HAa Eha\" src=\"data:image\/gif;base64,R0lGODlhAQABAAAAACH5BAEKAAEALAAAAAABAAEAAAICTAEAOw==\" data-orig-src=\"https:\/\/lh5.googleusercontent.com\/-wfkPDrXdjOg\/U-8dh3iVIWI\/AAAAAAAAAvA\/dXiZSpHWkng\/w958-h639-no\/10590499_830650323612263_4120847195809284015_n(2).jpg\" style=\"height: 400px; width: 600px; border-width: 1px; border-style: solid; margin: 10px auto; display: block;\" \/><\/div>\n<div>\n\t<img decoding=\"async\" alt=\"\" class=\"lazyload HAa Eha\" src=\"data:image\/gif;base64,R0lGODlhAQABAAAAACH5BAEKAAEALAAAAAABAAEAAAICTAEAOw==\" data-orig-src=\"https:\/\/lh3.googleusercontent.com\/-HaOAgQhNqHE\/U-8dgsB_qAI\/AAAAAAAAAu4\/OsL709rIR6w\/w958-h665-no\/10616661_830650340278928_9127598359793595228_n(1).jpg\" style=\"height: 416px; width: 600px; border-width: 1px; border-style: solid; margin: 10px auto; display: block;\" \/><\/div>\n<div>\n\t<img decoding=\"async\" alt=\"\" class=\"lazyload HAa Eha\" src=\"data:image\/gif;base64,R0lGODlhAQABAAAAACH5BAEKAAEALAAAAAABAAEAAAICTAEAOw==\" data-orig-src=\"https:\/\/lh4.googleusercontent.com\/-KPMEBUHB34s\/U-8f1l8J2RI\/AAAAAAAAAwA\/b485del21dI\/w958-h639-no\/1621969_830650320278930_1307026142305387221_n(1).jpg\" style=\"height: 400px; width: 600px; border-width: 1px; border-style: solid; margin: 10px auto; display: block;\" \/><\/div>\n<div>\n\t<img decoding=\"async\" alt=\"\" class=\"lazyload HAa Eha\" src=\"data:image\/gif;base64,R0lGODlhAQABAAAAACH5BAEKAAEALAAAAAABAAEAAAICTAEAOw==\" data-orig-src=\"https:\/\/lh3.googleusercontent.com\/-CBSNML2U6nM\/U-8Nf5EExkI\/AAAAAAAAAq8\/ctfiNqnT_yo\/w549-h823-no\/16029_830650463612249_5963655245215097623_n.jpg\" style=\"height: 899px; width: 600px; border-width: 1px; border-style: solid; margin: 10px auto; display: block;\" \/><\/div>\n<div>\n\t<img decoding=\"async\" alt=\"\" class=\"lazyload HAa Eha\" src=\"data:image\/gif;base64,R0lGODlhAQABAAAAACH5BAEKAAEALAAAAAABAAEAAAICTAEAOw==\" data-orig-src=\"https:\/\/lh5.googleusercontent.com\/-vDJfZHfnbAo\/U-8gOcuKO0I\/AAAAAAAAAwQ\/0w3jRp6vlHI\/w549-h823-no\/10569027_830650406945588_9045196365088268463_n.jpg\" style=\"height: 899px; width: 600px; border-width: 1px; border-style: solid; margin: 10px auto; display: block;\" \/><\/div>\n<div>\n\t<img decoding=\"async\" alt=\"\" class=\"lazyload HAa Eha\" src=\"data:image\/gif;base64,R0lGODlhAQABAAAAACH5BAEKAAEALAAAAAABAAEAAAICTAEAOw==\" data-orig-src=\"https:\/\/lh3.googleusercontent.com\/-o42251GXrc4\/U-8gfQcoeVI\/AAAAAAAAAwk\/3oT0z0fdYSw\/w592-h823-no\/10551119_830650616945567_2406928705735214039_n.jpg\" style=\"height: 834px; width: 600px; border-width: 1px; border-style: solid; margin: 10px auto; display: block;\" \/><\/div>\n<div>\n\t<img decoding=\"async\" alt=\"\" class=\"lazyload HAa Eha\" src=\"data:image\/gif;base64,R0lGODlhAQABAAAAACH5BAEKAAEALAAAAAABAAEAAAICTAEAOw==\" data-orig-src=\"https:\/\/lh6.googleusercontent.com\/-vZ6KA6ypfL4\/U-8cXz9twfI\/AAAAAAAAAto\/0YsqrEhAiyw\/w549-h823-no\/10610701_830650593612236_2661114693055529914_n.jpg\" style=\"height: 899px; width: 600px; border-width: 1px; border-style: solid; margin: 10px auto; display: block;\" \/><\/div>\n<div>\n\t<img decoding=\"async\" alt=\"\" class=\"lazyload HAa Eha\" src=\"data:image\/gif;base64,R0lGODlhAQABAAAAACH5BAEKAAEALAAAAAABAAEAAAICTAEAOw==\" data-orig-src=\"https:\/\/lh6.googleusercontent.com\/-LqIihjumVsY\/U-8cTGYAztI\/AAAAAAAAAuI\/mHEYgLFt3Bw\/w549-h823-no\/10365732_830650680278894_2539128728361464717_n.jpg\" style=\"height: 899px; width: 600px; border-width: 1px; border-style: solid; margin: 10px auto; display: block;\" \/><\/div>\n<div>\n\t<img decoding=\"async\" alt=\"\" class=\"lazyload HAa Eha\" src=\"data:image\/gif;base64,R0lGODlhAQABAAAAACH5BAEKAAEALAAAAAABAAEAAAICTAEAOw==\" data-orig-src=\"https:\/\/lh6.googleusercontent.com\/-OJ__6WLsd3o\/U-8hQk_SNgI\/AAAAAAAAAww\/flehmvO9-xo\/w549-h823-no\/10487280_830650786945550_8394506843780899349_n.jpg\" style=\"height: 899px; width: 600px; border-width: 1px; border-style: solid; margin: 10px auto; display: block;\" \/><\/div>\n<div>\n\t<img decoding=\"async\" alt=\"\" class=\"lazyload HAa Eha\" src=\"data:image\/gif;base64,R0lGODlhAQABAAAAACH5BAEKAAEALAAAAAABAAEAAAICTAEAOw==\" data-orig-src=\"https:\/\/lh6.googleusercontent.com\/-rY3APaw5-Tc\/U-8cUU6PfWI\/AAAAAAAAAso\/sMhr-6z4S5E\/w549-h823-no\/10429372_830650703612225_4081681061014784946_n.jpg\" style=\"height: 899px; width: 600px; border-width: 1px; border-style: solid; margin: 10px auto; display: block;\" \/><\/div>\n<div>\n\t<img decoding=\"async\" alt=\"\" class=\"lazyload HAa Eha\" src=\"data:image\/gif;base64,R0lGODlhAQABAAAAACH5BAEKAAEALAAAAAABAAEAAAICTAEAOw==\" data-orig-src=\"https:\/\/lh5.googleusercontent.com\/-NL2Ez2q6vXs\/U-8cTBXy5NI\/AAAAAAAAAuQ\/DRiH9zbNof4\/w958-h594-no\/10342432_830650743612221_6021652675934672937_n.jpg\" style=\"height: 372px; width: 600px; border-width: 1px; border-style: solid; margin: 10px auto; display: block;\" \/><\/div>\n<div>\n\t<img decoding=\"async\" alt=\"\" class=\"lazyload HAa Eha\" src=\"data:image\/gif;base64,R0lGODlhAQABAAAAACH5BAEKAAEALAAAAAABAAEAAAICTAEAOw==\" data-orig-src=\"https:\/\/lh3.googleusercontent.com\/-bfEIfaD65U0\/U-8cU3WRlRI\/AAAAAAAAAt8\/yIhlSgN7Lk4\/w500-h823-no\/10473504_830650760278886_4164545702861450986_n.jpg\" style=\"height: 988px; width: 600px; border-width: 1px; border-style: solid; margin: 10px auto; display: block;\" \/><\/div>\n<div>\n\t<img decoding=\"async\" alt=\"\" class=\"lazyload HAa Eha\" src=\"data:image\/gif;base64,R0lGODlhAQABAAAAACH5BAEKAAEALAAAAAABAAEAAAICTAEAOw==\" data-orig-src=\"https:\/\/lh4.googleusercontent.com\/-TcxIAkkDBP8\/U-8cTwrzz8I\/AAAAAAAAAsc\/FKLAF8tPrN8\/w549-h823-no\/10404166_830650790278883_5758548546645572464_n.jpg\" style=\"height: 899px; width: 600px; border-width: 1px; border-style: solid; margin: 10px auto; display: block;\" \/><\/div>\n<div>\n\t<img decoding=\"async\" alt=\"\" class=\"lazyload HAa Eha\" src=\"data:image\/gif;base64,R0lGODlhAQABAAAAACH5BAEKAAEALAAAAAABAAEAAAICTAEAOw==\" data-orig-src=\"https:\/\/lh4.googleusercontent.com\/-fS-n0GCOowU\/U-8cTvnHcOI\/AAAAAAAAAuU\/qF6gX80dUCw\/w958-h639-no\/10369898_830650816945547_8542614224889649312_n.jpg\" style=\"height: 400px; width: 600px; border-width: 1px; border-style: solid; margin: 10px auto; display: block;\" \/><\/div>\n<div>\n\t<img decoding=\"async\" alt=\"\" class=\"lazyload HAa Eha\" src=\"data:image\/gif;base64,R0lGODlhAQABAAAAACH5BAEKAAEALAAAAAABAAEAAAICTAEAOw==\" data-orig-src=\"https:\/\/lh6.googleusercontent.com\/-EyzoV1dZ-uU\/U-8cUC-c3aI\/AAAAAAAAAuA\/swzrV0DSq8g\/w549-h823-no\/10419003_830650866945542_4426642141076750893_n.jpg\" style=\"height: 899px; width: 600px; border-width: 1px; border-style: solid; margin: 10px auto; display: block;\" \/><\/div>\n<div>\n\t<img decoding=\"async\" alt=\"\" class=\"lazyload HAa Eha\" src=\"data:image\/gif;base64,R0lGODlhAQABAAAAACH5BAEKAAEALAAAAAABAAEAAAICTAEAOw==\" data-orig-src=\"https:\/\/lh3.googleusercontent.com\/-JIij9G2RmPM\/U-8cXNUpejI\/AAAAAAAAAtc\/X2hh_NyqRcI\/w549-h823-no\/10559903_830650893612206_6460661001926547921_n.jpg\" style=\"height: 899px; width: 600px; border-width: 1px; border-style: solid; margin: 10px auto; display: block;\" \/><\/div>\n<div>\n\t<img decoding=\"async\" alt=\"\" class=\"lazyload HAa Eha\" src=\"data:image\/gif;base64,R0lGODlhAQABAAAAACH5BAEKAAEALAAAAAABAAEAAAICTAEAOw==\" data-orig-src=\"https:\/\/lh4.googleusercontent.com\/-3SBvmfAlG5g\/U-8cTGnRyII\/AAAAAAAAAsQ\/cb0Gl6AzkLw\/w958-h639-no\/10365970_830650873612208_8284536479992695474_n.jpg\" style=\"height: 400px; width: 600px; border-width: 1px; border-style: solid; margin: 10px auto; display: block;\" \/><\/div>\n<div>\n\t<img decoding=\"async\" alt=\"\" class=\"lazyload HAa Eha\" src=\"data:image\/gif;base64,R0lGODlhAQABAAAAACH5BAEKAAEALAAAAAABAAEAAAICTAEAOw==\" data-orig-src=\"https:\/\/lh6.googleusercontent.com\/-SabIlmpKHiU\/U-8cVxWcJrI\/AAAAAAAAAtA\/vY8cmjDsfY0\/w958-h639-no\/10550902_830650983612197_1505715885232096031_n.jpg\" style=\"height: 400px; width: 600px; border-width: 1px; border-style: solid; margin: 10px auto; display: block;\" \/><\/div>\n<div>\n\t<img decoding=\"async\" alt=\"\" class=\"lazyload HAa Eha\" src=\"data:image\/gif;base64,R0lGODlhAQABAAAAACH5BAEKAAEALAAAAAABAAEAAAICTAEAOw==\" data-orig-src=\"https:\/\/lh5.googleusercontent.com\/-4eFZQUJQFV4\/U-8NeE8ObtI\/AAAAAAAAArI\/30tiMROjmWk\/w958-h639-no\/10534302_830651026945526_7174025883641044836_n.jpg\" style=\"height: 400px; width: 600px; border-width: 1px; border-style: solid; margin: 10px auto; display: block;\" \/><\/div>\n<div>\n\t<img decoding=\"async\" alt=\"\" class=\"lazyload HAa Eha\" src=\"data:image\/gif;base64,R0lGODlhAQABAAAAACH5BAEKAAEALAAAAAABAAEAAAICTAEAOw==\" data-orig-src=\"https:\/\/lh3.googleusercontent.com\/-6BVQtFo46vs\/U-8Ne1a5DEI\/AAAAAAAAArE\/3dkqmtO8DbQ\/w958-h639-no\/10557465_830651093612186_7435638061087422091_n.jpg\" style=\"height: 400px; width: 600px; border-width: 1px; border-style: solid; margin: 10px auto; display: block;\" \/><\/div>\n<div>\n\t<img decoding=\"async\" alt=\"\" class=\"lazyload HAa Eha\" src=\"data:image\/gif;base64,R0lGODlhAQABAAAAACH5BAEKAAEALAAAAAABAAEAAAICTAEAOw==\" data-orig-src=\"https:\/\/lh4.googleusercontent.com\/-PzMReYeUJZY\/U-8cYb1ZJFI\/AAAAAAAAAtw\/h_gxW28ghRY\/w549-h823-no\/10614355_830651040278858_5659570409870761466_n.jpg\" style=\"height: 899px; width: 600px; border-width: 1px; border-style: solid; margin: 10px auto; display: block;\" \/><\/div>\n<div>\n\t<img decoding=\"async\" alt=\"\" class=\"lazyload HAa Eha\" src=\"data:image\/gif;base64,R0lGODlhAQABAAAAACH5BAEKAAEALAAAAAABAAEAAAICTAEAOw==\" data-orig-src=\"https:\/\/lh6.googleusercontent.com\/-JqDkUPzLuxw\/U-8cYq30_4I\/AAAAAAAAAuE\/51kma061nnc\/w549-h823-no\/1555559_830651110278851_6947219399354927469_n.jpg\" style=\"height: 899px; width: 600px; border-width: 1px; border-style: solid; margin: 10px auto; display: block;\" \/><\/div>\n<div>\n\t<img decoding=\"async\" alt=\"\" class=\"lazyload HAa Eha\" src=\"data:image\/gif;base64,R0lGODlhAQABAAAAACH5BAEKAAEALAAAAAABAAEAAAICTAEAOw==\" data-orig-src=\"https:\/\/lh3.googleusercontent.com\/-_5zqU2BA0VY\/U-8cXib3DrI\/AAAAAAAAAtk\/wxXIiqq1l4w\/w633-h823-no\/10559903_830651150278847_3498797134358794750_n.jpg\" style=\"height: 780px; width: 600px; border-width: 1px; border-style: solid; margin: 10px auto; display: block;\" \/><\/div>\n<div>\n\t<img decoding=\"async\" alt=\"\" class=\"lazyload HAa Eha\" src=\"data:image\/gif;base64,R0lGODlhAQABAAAAACH5BAEKAAEALAAAAAABAAEAAAICTAEAOw==\" data-orig-src=\"https:\/\/lh3.googleusercontent.com\/-cnSJ8TlKP9Q\/U-8cWZt3IVI\/AAAAAAAAAtI\/UI-HOTqYdpc\/w958-h639-no\/10553548_830651210278841_1457486070882523151_n.jpg\" style=\"height: 400px; width: 600px; border-width: 1px; border-style: solid; margin: 10px auto; display: block;\" \/><\/div>\n<div>\n\t<img decoding=\"async\" alt=\"\" class=\"lazyload HAa Eha\" src=\"data:image\/gif;base64,R0lGODlhAQABAAAAACH5BAEKAAEALAAAAAABAAEAAAICTAEAOw==\" data-orig-src=\"https:\/\/lh5.googleusercontent.com\/-BfPclE5I26I\/U-8cWMInPXI\/AAAAAAAAAtQ\/IpGJVL1w8uM\/w549-h823-no\/10550918_830651390278823_854851649056485447_n.jpg\" style=\"height: 899px; width: 600px; border-width: 1px; border-style: solid; margin: 10px auto; display: block;\" \/><\/div>\n<div>\n\t<img decoding=\"async\" alt=\"\" class=\"lazyload HAa Eha\" src=\"data:image\/gif;base64,R0lGODlhAQABAAAAACH5BAEKAAEALAAAAAABAAEAAAICTAEAOw==\" data-orig-src=\"https:\/\/lh3.googleusercontent.com\/-Sf5mSytEkQk\/U-8NfcPyedI\/AAAAAAAAAq4\/u6DUSQwtAUY\/w549-h823-no\/1521959_830651396945489_2295183505555573997_n.jpg\" style=\"height: 899px; width: 600px; border-width: 1px; border-style: solid; margin: 10px auto; display: block;\" \/><\/div>\n<div style=\"text-align: justify;\">\n\t&nbsp;<\/div>\n<div style=\"text-align: justify;\">\n\t&nbsp;<\/div>\n<div style=\"text-align: justify;\">\n\t&nbsp;<\/div>\n<div style=\"text-align: justify;\">\n\t&nbsp;<\/div>\n<div style=\"text-align: justify;\">\n\t&nbsp;<\/div>\n<div style=\"text-align: justify;\">\n\t&nbsp;<\/div>\n<div style=\"text-align: justify;\">\n\t&nbsp;<\/div>\n<div style=\"text-align: justify;\">\n\t&nbsp;<\/div>\n<div style=\"text-align: justify;\">\n\t&nbsp;<\/div>\n<div style=\"text-align: justify;\">\n\t&nbsp;<\/div>\n<div style=\"text-align: justify;\">\n\t&nbsp;<\/div>\n<div style=\"text-align: justify;\">\n\t&nbsp;<\/div>\n<div style=\"text-align: justify;\">\n\t&nbsp;<\/div>\n<div style=\"text-align: justify;\">\n\t&nbsp;<\/div>\n<div style=\"text-align: justify;\">\n\t&nbsp;<\/div>\n<div style=\"text-align: justify;\">\n\t&nbsp;<\/div>\n<div style=\"text-align: justify;\">\n\t&nbsp;<\/div>\n<div style=\"text-align: justify;\">\n\t&nbsp;<\/div>\n","protected":false},"excerpt":{"rendered":"<p>\u201c&#8230;KISHAT E HIRSHME NA KUJTOJN\u00cb PAND\u00cbRPRERJE PRANIN\u00cb E PER\u00cbNDIS\u00cb DHE DETYRAT TONA NDAJ BESIMIT&#8230;\u201d &nbsp; &nbsp; &nbsp; Qindra besimtar\u00eb tejmbush\u00ebn kish\u00ebn e hirshme t\u00eb Dyzet\u00eb Shenjtor\u00ebve Martir\u00eb n\u00eb Aliko, fshat ky n\u00eb zon\u00ebn e Vurgut, p\u00ebr t\u00eb marr\u00eb pjes\u00eb n\u00eb veprimtarit\u00eb adhuruese p\u00ebr Fjetjen e T\u00ebr\u00ebshenjt\u00ebs Mari. N\u00eb gjirin e tyre ishte Kryepiskopi i Tiran\u00ebs, Durr\u00ebsit dhe i Gjith\u00eb Shqip\u00ebris\u00eb, Fortlumturia e Tij Anastasi, i<\/p>\n","protected":false},"author":1,"featured_media":1377,"comment_status":"open","ping_status":"open","sticky":false,"template":"","format":"standard","meta":{"_acf_changed":false,"pagelayer_contact_templates":[],"_pagelayer_content":"","inline_featured_image":false,"fifu_image_url":"","fifu_image_alt":"","footnotes":""},"categories":[108],"tags":[140,153,212,198,171],"class_list":["post-1480","post","type-post","status-publish","format-standard","has-post-thumbnail","hentry","category-lajme","tag-140","tag-deklarata-njoftime-zyrtare-d75","tag-lajme-d27","tag-gjirokaster","tag-shenjterime"],"acf":[],"yoast_head":"<!-- This site is optimized with the Yoast SEO plugin v27.2 - https:\/\/yoast.com\/product\/yoast-seo-wordpress\/ -->\n<title>U krye Shenjt\u00ebrimi i kish\u00ebs s\u00eb hirshme t\u00eb Dyzet\u00eb Shenjtor\u00ebve Martir\u00eb n\u00eb Aliko, Sarand\u00eb. (15 Gusht 2014) - Kisha Orthodh\u03bfkse Autoqefale e Shqip\u00ebris\u00eb<\/title>\n<meta name=\"robots\" content=\"index, follow, max-snippet:-1, max-image-preview:large, max-video-preview:-1\" \/>\n<link rel=\"canonical\" href=\"https:\/\/orthodoxalbania.org\/2020\/2014\/08\/16\/u-krye-shenjterimi-i-kishes-se-hirshme-te-dyzete-shenjtoreve-martire-ne-aliko\/\" \/>\n<meta property=\"og:locale\" content=\"en_US\" \/>\n<meta property=\"og:type\" content=\"article\" \/>\n<meta property=\"og:title\" content=\"U krye Shenjt\u00ebrimi i kish\u00ebs s\u00eb hirshme t\u00eb Dyzet\u00eb Shenjtor\u00ebve Martir\u00eb n\u00eb Aliko, Sarand\u00eb. (15 Gusht 2014) - Kisha Orthodh\u03bfkse Autoqefale e Shqip\u00ebris\u00eb\" \/>\n<meta property=\"og:description\" content=\"\u201c&#8230;KISHAT E HIRSHME NA KUJTOJN\u00cb PAND\u00cbRPRERJE PRANIN\u00cb E PER\u00cbNDIS\u00cb DHE DETYRAT TONA NDAJ BESIMIT&#8230;\u201d &nbsp; &nbsp; &nbsp; Qindra besimtar\u00eb tejmbush\u00ebn kish\u00ebn e hirshme t\u00eb Dyzet\u00eb Shenjtor\u00ebve Martir\u00eb n\u00eb Aliko, fshat ky n\u00eb zon\u00ebn e Vurgut, p\u00ebr t\u00eb marr\u00eb pjes\u00eb n\u00eb veprimtarit\u00eb adhuruese p\u00ebr Fjetjen e T\u00ebr\u00ebshenjt\u00ebs Mari. N\u00eb gjirin e tyre ishte Kryepiskopi i Tiran\u00ebs, Durr\u00ebsit dhe i Gjith\u00eb Shqip\u00ebris\u00eb, Fortlumturia e Tij Anastasi, i\" \/>\n<meta property=\"og:url\" content=\"https:\/\/orthodoxalbania.org\/2020\/2014\/08\/16\/u-krye-shenjterimi-i-kishes-se-hirshme-te-dyzete-shenjtoreve-martire-ne-aliko\/\" \/>\n<meta property=\"og:site_name\" content=\"Kisha Orthodh\u03bfkse Autoqefale e Shqip\u00ebris\u00eb\" \/>\n<meta property=\"article:publisher\" content=\"https:\/\/www.facebook.com\/koash1991\" \/>\n<meta property=\"article:published_time\" content=\"2014-08-16T08:09:07+00:00\" \/>\n<meta property=\"article:modified_time\" content=\"2020-04-06T20:02:25+00:00\" \/>\n<meta property=\"og:image\" content=\"https:\/\/orthodoxalbania.org\/2020\/wp-content\/uploads\/2020\/04\/foto%2Blogo%2Baliko.jpg\" \/>\n\t<meta property=\"og:image:width\" content=\"150\" \/>\n\t<meta property=\"og:image:height\" content=\"150\" \/>\n\t<meta property=\"og:image:type\" content=\"image\/jpeg\" \/>\n<meta name=\"author\" content=\"Kisha Orthodhokse\" \/>\n<meta name=\"twitter:card\" content=\"summary_large_image\" \/>\n<meta name=\"twitter:label1\" content=\"Written by\" \/>\n\t<meta name=\"twitter:data1\" content=\"Kisha Orthodhokse\" \/>\n\t<meta name=\"twitter:label2\" content=\"Est. reading time\" \/>\n\t<meta name=\"twitter:data2\" content=\"4 minutes\" \/>\n<script type=\"application\/ld+json\" class=\"yoast-schema-graph\">{\"@context\":\"https:\/\/schema.org\",\"@graph\":[{\"@type\":\"Article\",\"@id\":\"https:\/\/orthodoxalbania.org\/2020\/2014\/08\/16\/u-krye-shenjterimi-i-kishes-se-hirshme-te-dyzete-shenjtoreve-martire-ne-aliko\/#article\",\"isPartOf\":{\"@id\":\"https:\/\/orthodoxalbania.org\/2020\/2014\/08\/16\/u-krye-shenjterimi-i-kishes-se-hirshme-te-dyzete-shenjtoreve-martire-ne-aliko\/\"},\"author\":{\"name\":\"Kisha Orthodhokse\",\"@id\":\"https:\/\/orthodoxalbania.org\/2020\/#\/schema\/person\/0c387634a7063ac612d7ed9ce71c7e86\"},\"headline\":\"U krye Shenjt\u00ebrimi i kish\u00ebs s\u00eb hirshme t\u00eb Dyzet\u00eb Shenjtor\u00ebve Martir\u00eb n\u00eb Aliko, Sarand\u00eb. (15 Gusht 2014)\",\"datePublished\":\"2014-08-16T08:09:07+00:00\",\"dateModified\":\"2020-04-06T20:02:25+00:00\",\"mainEntityOfPage\":{\"@id\":\"https:\/\/orthodoxalbania.org\/2020\/2014\/08\/16\/u-krye-shenjterimi-i-kishes-se-hirshme-te-dyzete-shenjtoreve-martire-ne-aliko\/\"},\"wordCount\":824,\"commentCount\":0,\"publisher\":{\"@id\":\"https:\/\/orthodoxalbania.org\/2020\/#organization\"},\"image\":{\"@id\":\"https:\/\/orthodoxalbania.org\/2020\/2014\/08\/16\/u-krye-shenjterimi-i-kishes-se-hirshme-te-dyzete-shenjtoreve-martire-ne-aliko\/#primaryimage\"},\"thumbnailUrl\":\"https:\/\/orthodoxalbania.org\/2020\/wp-content\/uploads\/2020\/04\/foto%2Blogo%2Baliko.jpg\",\"keywords\":[\"2014\",\"Deklarata - Njoftime Zyrtare\",\"lajme\",\"Mitropolia Gjirokast\u00ebr\",\"Shenjt\u00ebrime\"],\"articleSection\":[\"Lajme\"],\"inLanguage\":\"en-US\"},{\"@type\":\"WebPage\",\"@id\":\"https:\/\/orthodoxalbania.org\/2020\/2014\/08\/16\/u-krye-shenjterimi-i-kishes-se-hirshme-te-dyzete-shenjtoreve-martire-ne-aliko\/\",\"url\":\"https:\/\/orthodoxalbania.org\/2020\/2014\/08\/16\/u-krye-shenjterimi-i-kishes-se-hirshme-te-dyzete-shenjtoreve-martire-ne-aliko\/\",\"name\":\"U krye Shenjt\u00ebrimi i kish\u00ebs s\u00eb hirshme t\u00eb Dyzet\u00eb Shenjtor\u00ebve Martir\u00eb n\u00eb Aliko, Sarand\u00eb. (15 Gusht 2014) - Kisha Orthodh\u03bfkse Autoqefale e Shqip\u00ebris\u00eb\",\"isPartOf\":{\"@id\":\"https:\/\/orthodoxalbania.org\/2020\/#website\"},\"primaryImageOfPage\":{\"@id\":\"https:\/\/orthodoxalbania.org\/2020\/2014\/08\/16\/u-krye-shenjterimi-i-kishes-se-hirshme-te-dyzete-shenjtoreve-martire-ne-aliko\/#primaryimage\"},\"image\":{\"@id\":\"https:\/\/orthodoxalbania.org\/2020\/2014\/08\/16\/u-krye-shenjterimi-i-kishes-se-hirshme-te-dyzete-shenjtoreve-martire-ne-aliko\/#primaryimage\"},\"thumbnailUrl\":\"https:\/\/orthodoxalbania.org\/2020\/wp-content\/uploads\/2020\/04\/foto%2Blogo%2Baliko.jpg\",\"datePublished\":\"2014-08-16T08:09:07+00:00\",\"dateModified\":\"2020-04-06T20:02:25+00:00\",\"breadcrumb\":{\"@id\":\"https:\/\/orthodoxalbania.org\/2020\/2014\/08\/16\/u-krye-shenjterimi-i-kishes-se-hirshme-te-dyzete-shenjtoreve-martire-ne-aliko\/#breadcrumb\"},\"inLanguage\":\"en-US\",\"potentialAction\":[{\"@type\":\"ReadAction\",\"target\":[\"https:\/\/orthodoxalbania.org\/2020\/2014\/08\/16\/u-krye-shenjterimi-i-kishes-se-hirshme-te-dyzete-shenjtoreve-martire-ne-aliko\/\"]}]},{\"@type\":\"ImageObject\",\"inLanguage\":\"en-US\",\"@id\":\"https:\/\/orthodoxalbania.org\/2020\/2014\/08\/16\/u-krye-shenjterimi-i-kishes-se-hirshme-te-dyzete-shenjtoreve-martire-ne-aliko\/#primaryimage\",\"url\":\"https:\/\/orthodoxalbania.org\/2020\/wp-content\/uploads\/2020\/04\/foto%2Blogo%2Baliko.jpg\",\"contentUrl\":\"https:\/\/orthodoxalbania.org\/2020\/wp-content\/uploads\/2020\/04\/foto%2Blogo%2Baliko.jpg\",\"width\":150,\"height\":150},{\"@type\":\"BreadcrumbList\",\"@id\":\"https:\/\/orthodoxalbania.org\/2020\/2014\/08\/16\/u-krye-shenjterimi-i-kishes-se-hirshme-te-dyzete-shenjtoreve-martire-ne-aliko\/#breadcrumb\",\"itemListElement\":[{\"@type\":\"ListItem\",\"position\":1,\"name\":\"Home\",\"item\":\"https:\/\/orthodoxalbania.org\/2020\/\"},{\"@type\":\"ListItem\",\"position\":2,\"name\":\"U krye Shenjt\u00ebrimi i kish\u00ebs s\u00eb hirshme t\u00eb Dyzet\u00eb Shenjtor\u00ebve Martir\u00eb n\u00eb Aliko, Sarand\u00eb. (15 Gusht 2014)\"}]},{\"@type\":\"WebSite\",\"@id\":\"https:\/\/orthodoxalbania.org\/2020\/#website\",\"url\":\"https:\/\/orthodoxalbania.org\/2020\/\",\"name\":\"Kisha Orthodh\u03bfkse Autoqefale e Shqip\u00ebris\u00eb\",\"description\":\"Fqja Zyrtare e Kish\u00ebs Orthodhokse Autoqefale e Shqip\u00ebris\u00eb me lajmet edhe informacionet zyrtare p\u00ebr struktur\u00ebn edhe veprimtarin e saj.\",\"publisher\":{\"@id\":\"https:\/\/orthodoxalbania.org\/2020\/#organization\"},\"potentialAction\":[{\"@type\":\"SearchAction\",\"target\":{\"@type\":\"EntryPoint\",\"urlTemplate\":\"https:\/\/orthodoxalbania.org\/2020\/?s={search_term_string}\"},\"query-input\":{\"@type\":\"PropertyValueSpecification\",\"valueRequired\":true,\"valueName\":\"search_term_string\"}}],\"inLanguage\":\"en-US\"},{\"@type\":\"Organization\",\"@id\":\"https:\/\/orthodoxalbania.org\/2020\/#organization\",\"name\":\"Kisha Orthodhokse Autoqefale e Shqip\u00ebris\u00eb\",\"url\":\"https:\/\/orthodoxalbania.org\/2020\/\",\"logo\":{\"@type\":\"ImageObject\",\"inLanguage\":\"en-US\",\"@id\":\"https:\/\/orthodoxalbania.org\/2020\/#\/schema\/logo\/image\/\",\"url\":\"https:\/\/orthodoxalbania.org\/2020\/wp-content\/uploads\/2020\/05\/albania.jpeg\",\"contentUrl\":\"https:\/\/orthodoxalbania.org\/2020\/wp-content\/uploads\/2020\/05\/albania.jpeg\",\"width\":540,\"height\":540,\"caption\":\"Kisha Orthodhokse Autoqefale e Shqip\u00ebris\u00eb\"},\"image\":{\"@id\":\"https:\/\/orthodoxalbania.org\/2020\/#\/schema\/logo\/image\/\"},\"sameAs\":[\"https:\/\/www.facebook.com\/koash1991\"]},{\"@type\":\"Person\",\"@id\":\"https:\/\/orthodoxalbania.org\/2020\/#\/schema\/person\/0c387634a7063ac612d7ed9ce71c7e86\",\"name\":\"Kisha Orthodhokse\",\"image\":{\"@type\":\"ImageObject\",\"inLanguage\":\"en-US\",\"@id\":\"https:\/\/secure.gravatar.com\/avatar\/596e7c417251e30f2fbb9c00e026fce61a695a00e51c889caded71c96cbbdde5?s=96&d=mm&r=g\",\"url\":\"https:\/\/secure.gravatar.com\/avatar\/596e7c417251e30f2fbb9c00e026fce61a695a00e51c889caded71c96cbbdde5?s=96&d=mm&r=g\",\"contentUrl\":\"https:\/\/secure.gravatar.com\/avatar\/596e7c417251e30f2fbb9c00e026fce61a695a00e51c889caded71c96cbbdde5?s=96&d=mm&r=g\",\"caption\":\"Kisha Orthodhokse\"}}]}<\/script>\n<!-- \/ Yoast SEO plugin. -->","yoast_head_json":{"title":"U krye Shenjt\u00ebrimi i kish\u00ebs s\u00eb hirshme t\u00eb Dyzet\u00eb Shenjtor\u00ebve Martir\u00eb n\u00eb Aliko, Sarand\u00eb. (15 Gusht 2014) - Kisha Orthodh\u03bfkse Autoqefale e Shqip\u00ebris\u00eb","robots":{"index":"index","follow":"follow","max-snippet":"max-snippet:-1","max-image-preview":"max-image-preview:large","max-video-preview":"max-video-preview:-1"},"canonical":"https:\/\/orthodoxalbania.org\/2020\/2014\/08\/16\/u-krye-shenjterimi-i-kishes-se-hirshme-te-dyzete-shenjtoreve-martire-ne-aliko\/","og_locale":"en_US","og_type":"article","og_title":"U krye Shenjt\u00ebrimi i kish\u00ebs s\u00eb hirshme t\u00eb Dyzet\u00eb Shenjtor\u00ebve Martir\u00eb n\u00eb Aliko, Sarand\u00eb. (15 Gusht 2014) - Kisha Orthodh\u03bfkse Autoqefale e Shqip\u00ebris\u00eb","og_description":"\u201c&#8230;KISHAT E HIRSHME NA KUJTOJN\u00cb PAND\u00cbRPRERJE PRANIN\u00cb E PER\u00cbNDIS\u00cb DHE DETYRAT TONA NDAJ BESIMIT&#8230;\u201d &nbsp; &nbsp; &nbsp; Qindra besimtar\u00eb tejmbush\u00ebn kish\u00ebn e hirshme t\u00eb Dyzet\u00eb Shenjtor\u00ebve Martir\u00eb n\u00eb Aliko, fshat ky n\u00eb zon\u00ebn e Vurgut, p\u00ebr t\u00eb marr\u00eb pjes\u00eb n\u00eb veprimtarit\u00eb adhuruese p\u00ebr Fjetjen e T\u00ebr\u00ebshenjt\u00ebs Mari. N\u00eb gjirin e tyre ishte Kryepiskopi i Tiran\u00ebs, Durr\u00ebsit dhe i Gjith\u00eb Shqip\u00ebris\u00eb, Fortlumturia e Tij Anastasi, i","og_url":"https:\/\/orthodoxalbania.org\/2020\/2014\/08\/16\/u-krye-shenjterimi-i-kishes-se-hirshme-te-dyzete-shenjtoreve-martire-ne-aliko\/","og_site_name":"Kisha Orthodh\u03bfkse Autoqefale e Shqip\u00ebris\u00eb","article_publisher":"https:\/\/www.facebook.com\/koash1991","article_published_time":"2014-08-16T08:09:07+00:00","article_modified_time":"2020-04-06T20:02:25+00:00","og_image":[{"width":150,"height":150,"url":"https:\/\/orthodoxalbania.org\/2020\/wp-content\/uploads\/2020\/04\/foto%2Blogo%2Baliko.jpg","type":"image\/jpeg"}],"author":"Kisha Orthodhokse","twitter_card":"summary_large_image","twitter_misc":{"Written by":"Kisha Orthodhokse","Est. reading time":"4 minutes"},"schema":{"@context":"https:\/\/schema.org","@graph":[{"@type":"Article","@id":"https:\/\/orthodoxalbania.org\/2020\/2014\/08\/16\/u-krye-shenjterimi-i-kishes-se-hirshme-te-dyzete-shenjtoreve-martire-ne-aliko\/#article","isPartOf":{"@id":"https:\/\/orthodoxalbania.org\/2020\/2014\/08\/16\/u-krye-shenjterimi-i-kishes-se-hirshme-te-dyzete-shenjtoreve-martire-ne-aliko\/"},"author":{"name":"Kisha Orthodhokse","@id":"https:\/\/orthodoxalbania.org\/2020\/#\/schema\/person\/0c387634a7063ac612d7ed9ce71c7e86"},"headline":"U krye Shenjt\u00ebrimi i kish\u00ebs s\u00eb hirshme t\u00eb Dyzet\u00eb Shenjtor\u00ebve Martir\u00eb n\u00eb Aliko, Sarand\u00eb. (15 Gusht 2014)","datePublished":"2014-08-16T08:09:07+00:00","dateModified":"2020-04-06T20:02:25+00:00","mainEntityOfPage":{"@id":"https:\/\/orthodoxalbania.org\/2020\/2014\/08\/16\/u-krye-shenjterimi-i-kishes-se-hirshme-te-dyzete-shenjtoreve-martire-ne-aliko\/"},"wordCount":824,"commentCount":0,"publisher":{"@id":"https:\/\/orthodoxalbania.org\/2020\/#organization"},"image":{"@id":"https:\/\/orthodoxalbania.org\/2020\/2014\/08\/16\/u-krye-shenjterimi-i-kishes-se-hirshme-te-dyzete-shenjtoreve-martire-ne-aliko\/#primaryimage"},"thumbnailUrl":"https:\/\/orthodoxalbania.org\/2020\/wp-content\/uploads\/2020\/04\/foto%2Blogo%2Baliko.jpg","keywords":["2014","Deklarata - Njoftime Zyrtare","lajme","Mitropolia Gjirokast\u00ebr","Shenjt\u00ebrime"],"articleSection":["Lajme"],"inLanguage":"en-US"},{"@type":"WebPage","@id":"https:\/\/orthodoxalbania.org\/2020\/2014\/08\/16\/u-krye-shenjterimi-i-kishes-se-hirshme-te-dyzete-shenjtoreve-martire-ne-aliko\/","url":"https:\/\/orthodoxalbania.org\/2020\/2014\/08\/16\/u-krye-shenjterimi-i-kishes-se-hirshme-te-dyzete-shenjtoreve-martire-ne-aliko\/","name":"U krye Shenjt\u00ebrimi i kish\u00ebs s\u00eb hirshme t\u00eb Dyzet\u00eb Shenjtor\u00ebve Martir\u00eb n\u00eb Aliko, Sarand\u00eb. (15 Gusht 2014) - Kisha Orthodh\u03bfkse Autoqefale e Shqip\u00ebris\u00eb","isPartOf":{"@id":"https:\/\/orthodoxalbania.org\/2020\/#website"},"primaryImageOfPage":{"@id":"https:\/\/orthodoxalbania.org\/2020\/2014\/08\/16\/u-krye-shenjterimi-i-kishes-se-hirshme-te-dyzete-shenjtoreve-martire-ne-aliko\/#primaryimage"},"image":{"@id":"https:\/\/orthodoxalbania.org\/2020\/2014\/08\/16\/u-krye-shenjterimi-i-kishes-se-hirshme-te-dyzete-shenjtoreve-martire-ne-aliko\/#primaryimage"},"thumbnailUrl":"https:\/\/orthodoxalbania.org\/2020\/wp-content\/uploads\/2020\/04\/foto%2Blogo%2Baliko.jpg","datePublished":"2014-08-16T08:09:07+00:00","dateModified":"2020-04-06T20:02:25+00:00","breadcrumb":{"@id":"https:\/\/orthodoxalbania.org\/2020\/2014\/08\/16\/u-krye-shenjterimi-i-kishes-se-hirshme-te-dyzete-shenjtoreve-martire-ne-aliko\/#breadcrumb"},"inLanguage":"en-US","potentialAction":[{"@type":"ReadAction","target":["https:\/\/orthodoxalbania.org\/2020\/2014\/08\/16\/u-krye-shenjterimi-i-kishes-se-hirshme-te-dyzete-shenjtoreve-martire-ne-aliko\/"]}]},{"@type":"ImageObject","inLanguage":"en-US","@id":"https:\/\/orthodoxalbania.org\/2020\/2014\/08\/16\/u-krye-shenjterimi-i-kishes-se-hirshme-te-dyzete-shenjtoreve-martire-ne-aliko\/#primaryimage","url":"https:\/\/orthodoxalbania.org\/2020\/wp-content\/uploads\/2020\/04\/foto%2Blogo%2Baliko.jpg","contentUrl":"https:\/\/orthodoxalbania.org\/2020\/wp-content\/uploads\/2020\/04\/foto%2Blogo%2Baliko.jpg","width":150,"height":150},{"@type":"BreadcrumbList","@id":"https:\/\/orthodoxalbania.org\/2020\/2014\/08\/16\/u-krye-shenjterimi-i-kishes-se-hirshme-te-dyzete-shenjtoreve-martire-ne-aliko\/#breadcrumb","itemListElement":[{"@type":"ListItem","position":1,"name":"Home","item":"https:\/\/orthodoxalbania.org\/2020\/"},{"@type":"ListItem","position":2,"name":"U krye Shenjt\u00ebrimi i kish\u00ebs s\u00eb hirshme t\u00eb Dyzet\u00eb Shenjtor\u00ebve Martir\u00eb n\u00eb Aliko, Sarand\u00eb. (15 Gusht 2014)"}]},{"@type":"WebSite","@id":"https:\/\/orthodoxalbania.org\/2020\/#website","url":"https:\/\/orthodoxalbania.org\/2020\/","name":"Kisha Orthodh\u03bfkse Autoqefale e Shqip\u00ebris\u00eb","description":"Fqja Zyrtare e Kish\u00ebs Orthodhokse Autoqefale e Shqip\u00ebris\u00eb me lajmet edhe informacionet zyrtare p\u00ebr struktur\u00ebn edhe veprimtarin e saj.","publisher":{"@id":"https:\/\/orthodoxalbania.org\/2020\/#organization"},"potentialAction":[{"@type":"SearchAction","target":{"@type":"EntryPoint","urlTemplate":"https:\/\/orthodoxalbania.org\/2020\/?s={search_term_string}"},"query-input":{"@type":"PropertyValueSpecification","valueRequired":true,"valueName":"search_term_string"}}],"inLanguage":"en-US"},{"@type":"Organization","@id":"https:\/\/orthodoxalbania.org\/2020\/#organization","name":"Kisha Orthodhokse Autoqefale e Shqip\u00ebris\u00eb","url":"https:\/\/orthodoxalbania.org\/2020\/","logo":{"@type":"ImageObject","inLanguage":"en-US","@id":"https:\/\/orthodoxalbania.org\/2020\/#\/schema\/logo\/image\/","url":"https:\/\/orthodoxalbania.org\/2020\/wp-content\/uploads\/2020\/05\/albania.jpeg","contentUrl":"https:\/\/orthodoxalbania.org\/2020\/wp-content\/uploads\/2020\/05\/albania.jpeg","width":540,"height":540,"caption":"Kisha Orthodhokse Autoqefale e Shqip\u00ebris\u00eb"},"image":{"@id":"https:\/\/orthodoxalbania.org\/2020\/#\/schema\/logo\/image\/"},"sameAs":["https:\/\/www.facebook.com\/koash1991"]},{"@type":"Person","@id":"https:\/\/orthodoxalbania.org\/2020\/#\/schema\/person\/0c387634a7063ac612d7ed9ce71c7e86","name":"Kisha Orthodhokse","image":{"@type":"ImageObject","inLanguage":"en-US","@id":"https:\/\/secure.gravatar.com\/avatar\/596e7c417251e30f2fbb9c00e026fce61a695a00e51c889caded71c96cbbdde5?s=96&d=mm&r=g","url":"https:\/\/secure.gravatar.com\/avatar\/596e7c417251e30f2fbb9c00e026fce61a695a00e51c889caded71c96cbbdde5?s=96&d=mm&r=g","contentUrl":"https:\/\/secure.gravatar.com\/avatar\/596e7c417251e30f2fbb9c00e026fce61a695a00e51c889caded71c96cbbdde5?s=96&d=mm&r=g","caption":"Kisha Orthodhokse"}}]}},"_links":{"self":[{"href":"https:\/\/orthodoxalbania.org\/2020\/wp-json\/wp\/v2\/posts\/1480","targetHints":{"allow":["GET"]}}],"collection":[{"href":"https:\/\/orthodoxalbania.org\/2020\/wp-json\/wp\/v2\/posts"}],"about":[{"href":"https:\/\/orthodoxalbania.org\/2020\/wp-json\/wp\/v2\/types\/post"}],"author":[{"embeddable":true,"href":"https:\/\/orthodoxalbania.org\/2020\/wp-json\/wp\/v2\/users\/1"}],"replies":[{"embeddable":true,"href":"https:\/\/orthodoxalbania.org\/2020\/wp-json\/wp\/v2\/comments?post=1480"}],"version-history":[{"count":1,"href":"https:\/\/orthodoxalbania.org\/2020\/wp-json\/wp\/v2\/posts\/1480\/revisions"}],"predecessor-version":[{"id":15068,"href":"https:\/\/orthodoxalbania.org\/2020\/wp-json\/wp\/v2\/posts\/1480\/revisions\/15068"}],"wp:featuredmedia":[{"embeddable":true,"href":"https:\/\/orthodoxalbania.org\/2020\/wp-json\/wp\/v2\/media\/1377"}],"wp:attachment":[{"href":"https:\/\/orthodoxalbania.org\/2020\/wp-json\/wp\/v2\/media?parent=1480"}],"wp:term":[{"taxonomy":"category","embeddable":true,"href":"https:\/\/orthodoxalbania.org\/2020\/wp-json\/wp\/v2\/categories?post=1480"},{"taxonomy":"post_tag","embeddable":true,"href":"https:\/\/orthodoxalbania.org\/2020\/wp-json\/wp\/v2\/tags?post=1480"}],"curies":[{"name":"wp","href":"https:\/\/api.w.org\/{rel}","templated":true}]}}