{"id":148,"date":"2008-02-26T00:00:00","date_gmt":"2008-02-26T00:00:00","guid":{"rendered":""},"modified":"2020-04-06T22:35:26","modified_gmt":"2020-04-06T20:35:26","slug":"nxenesit-e-shkolles-shqiptaro-amerikane-protagonistet-ne-tirane-duke-pritur-krishtlindjet-2008","status":"publish","type":"post","link":"https:\/\/orthodoxalbania.org\/2020\/2008\/02\/26\/nxenesit-e-shkolles-shqiptaro-amerikane-protagonistet-ne-tirane-duke-pritur-krishtlindjet-2008\/","title":{"rendered":"Nx\u00ebn\u00ebsit e shkoll\u00ebs shqiptaro-amerikane \u201cProtagonist\u00ebt\u201d n\u00eb Tiran\u00eb duke pritur Krishtlindjet. (2008)"},"content":{"rendered":"<table style=\"width: 983px; height: 1668px;\" border=\"0\">\n<tbody>\n<tr>\n<td>\n<div><span style=\"color: #000000;\"><span style=\"font-family: tahoma,geneva,sans-serif;\"><span style=\"font-size: 12px;\"><img decoding=\"async\" class=\"lazyload HAa Eha\" style=\"border-width: 1px; border-style: solid; margin: 10px auto; display: block;\" alt=\"\" src=\"data:image\/gif;base64,R0lGODlhAQABAAAAACH5BAEKAAEALAAAAAABAAEAAAICTAEAOw==\" data-orig-src=\"https:\/\/lh5.googleusercontent.com\/-Hvfz8qBVAIk\/VJKRg6FdKJI\/AAAAAAAAIZQ\/qcAln0m7cTo\/w448-h252-no\/1.jpg\" \/><\/span><\/span><\/span><\/div>\n<\/td>\n<td>\n<p style=\"text-align: justify;\"><span style=\"color: #000000;\"><span style=\"font-family: tahoma,geneva,sans-serif;\"><span style=\"font-size: 12px;\">&nbsp;&nbsp;&nbsp; <span style=\"font-family: helvetica; font-size: 12pt;\">Atmosfera festive e Krishtlindjes nisi t\u00eb ndihej q\u00eb n\u00eb or\u00ebt e para t\u00eb m\u00ebngjesit t\u00eb dat\u00ebs 19 dhjetor, kur nx\u00ebn\u00ebsit e shkoll\u00ebs fillore 9-vje\u00e7are shqiptaro-amerikane \u201cProtagonist\u00ebt\u201d n\u00eb kryeqytet, po p\u00ebrgatiteshin p\u00ebr ta pritur sa m\u00eb mir\u00eb Krishtin-Foshnje, p\u00ebrmes nj\u00eb programi festiv.<\/span><\/span><\/span><\/span><\/p>\n<\/td>\n<\/tr>\n<tr>\n<td>\n<div style=\"text-align: justify;\"><span style=\"color: #000000;\"><span style=\"font-family: tahoma,geneva,sans-serif;\"><span style=\"font-size: 12px;\">&nbsp;&nbsp;<span style=\"font-family: helvetica; font-size: 12pt;\">&nbsp; N\u00eb k\u00ebt\u00eb atmosfer\u00eb t\u00eb prag Krishtlindjes, si gjithmon\u00eb p\u00ebrgatitja e par\u00eb \u00ebsht\u00eb ajo e zbukurimit t\u00eb ambientit, por nx\u00ebn\u00ebsit ishin zbukuruar dhe stolisur enkas p\u00ebr k\u00ebt\u00eb program, m\u00eb shum\u00eb se \u00e7do dit\u00eb tjet\u00ebr.<\/span><\/span><\/span><\/span><\/div>\n<\/td>\n<td>\n<div><span style=\"color: #000000;\"><span style=\"font-family: tahoma,geneva,sans-serif;\"><span style=\"font-size: 12px;\"><img decoding=\"async\" class=\"lazyload HAa Eha\" style=\"border-width: 1px; border-style: solid; margin: 10px auto; display: block;\" alt=\"\" src=\"data:image\/gif;base64,R0lGODlhAQABAAAAACH5BAEKAAEALAAAAAABAAEAAAICTAEAOw==\" data-orig-src=\"https:\/\/lh4.googleusercontent.com\/-IXq4G2NnSe8\/VJKRhAjbWpI\/AAAAAAAAIY0\/2i7ZM9yzTyg\/w448-h252-no\/2.jpg\" \/><\/span><\/span><\/span><\/div>\n<\/td>\n<\/tr>\n<tr>\n<td>\n<div><span style=\"color: #000000;\"><span style=\"font-family: tahoma,geneva,sans-serif;\"><span style=\"font-size: 12px;\"><img decoding=\"async\" class=\"lazyload HAa Eha\" style=\"border-width: 1px; border-style: solid; margin: 10px auto; display: block;\" alt=\"\" src=\"data:image\/gif;base64,R0lGODlhAQABAAAAACH5BAEKAAEALAAAAAABAAEAAAICTAEAOw==\" data-orig-src=\"https:\/\/lh6.googleusercontent.com\/-rxIWyulXXnI\/VJKRhMsDgZI\/AAAAAAAAIZI\/0RJ-6fWMcl4\/w448-h252-no\/3.jpg\" \/><\/span><\/span><\/span><\/div>\n<\/td>\n<td>\n<div style=\"text-align: justify;\"><span style=\"color: #000000;\"><span style=\"font-family: tahoma,geneva,sans-serif;\"><span style=\"font-size: 12px;\">&nbsp;&nbsp;&nbsp;<span style=\"font-family: helvetica; font-size: 12pt;\"> Salla e Muzeut Historik Komb\u00ebtar n\u00eb qend\u00ebr t\u00eb Tiran\u00ebs ishte plot me prind\u00ebr, f\u00ebmij\u00eb dhe t\u00eb ftuar t\u00eb tjer\u00eb, t\u00eb cil\u00ebt prisnin pa durim shfaqjen festive t\u00eb 160 nx\u00ebn\u00ebsve t\u00eb shkoll\u00ebs \u201cProtagonist\u00ebt\u201d. Mes t\u00eb ftuarve, ishte edhe Kryepiskopi Anastas, i cili g\u00ebzohej me g\u00ebzimin e f\u00ebmij\u00ebve k\u00ebt\u00eb dit\u00eb t\u00eb ve\u00e7ant\u00eb p\u00ebr ta.<\/span><\/span><\/span><\/span><\/div>\n<\/td>\n<\/tr>\n<tr>\n<td>\n<div style=\"text-align: justify;\"><span style=\"color: #000000; font-family: helvetica; font-size: 12pt;\">&nbsp;&nbsp; Dritat e bukura shum\u00ebngjyr\u00ebshe q\u00eb shprehin madh\u00ebshtin\u00eb e k\u00ebtyre festave, shoq\u00ebruar me pankart\u00ebn \u201cJa Krishti lind, lavd\u00ebrojeni\u201d ishin skena dhe mesazhi kryesor q\u00eb p\u00ebrcillej n\u00eb syt\u00eb e t\u00eb gjith\u00ebve. Kjo atmosfer\u00eb festive nuk mund t\u00eb jet\u00eb asgj\u00eb tjet\u00ebr ve\u00e7se nj\u00eb prelud Krishtlindjesh.<\/span><\/div>\n<\/td>\n<td>\n<div><span style=\"color: #000000;\"><span style=\"font-family: tahoma,geneva,sans-serif;\"><span style=\"font-size: 12px;\"><img decoding=\"async\" class=\"lazyload HAa Eha\" style=\"border-width: 1px; border-style: solid; margin: 10px auto; display: block;\" alt=\"\" src=\"data:image\/gif;base64,R0lGODlhAQABAAAAACH5BAEKAAEALAAAAAABAAEAAAICTAEAOw==\" data-orig-src=\"https:\/\/lh5.googleusercontent.com\/-a72q28IbmRQ\/VJKRhokO1hI\/AAAAAAAAIY8\/-H7SyCr6fLs\/w448-h252-no\/4.jpg\" \/><\/span><\/span><\/span><\/div>\n<\/td>\n<\/tr>\n<tr>\n<td>\n<div><span style=\"color: #000000;\"><span style=\"font-family: tahoma,geneva,sans-serif;\"><span style=\"font-size: 12px;\"><img decoding=\"async\" class=\"lazyload HAa Eha\" style=\"border-width: 1px; border-style: solid; margin: 10px auto; display: block;\" alt=\"\" src=\"data:image\/gif;base64,R0lGODlhAQABAAAAACH5BAEKAAEALAAAAAABAAEAAAICTAEAOw==\" data-orig-src=\"https:\/\/lh3.googleusercontent.com\/-GmZxypY7-Wg\/VJKRh1dVpxI\/AAAAAAAAIZM\/NxX3B01J2dU\/w448-h252-no\/5.jpg\" \/><\/span><\/span><\/span><\/div>\n<\/td>\n<td>\n<div style=\"text-align: justify;\"><span style=\"color: #000000;\"><span style=\"font-family: tahoma,geneva,sans-serif;\"><span style=\"font-size: 12px;\">&nbsp;&nbsp;&nbsp;<span style=\"font-family: helvetica; font-size: 12pt;\"> Programi nisi me p\u00ebrcjelljen e mesazheve nga ana e f\u00ebmij\u00ebve si p\u00ebr t\u2019i lajm\u00ebruar njer\u00ebzit se po afrojn\u00eb Krishtlindjet dhe duhet t\u00eb b\u00ebhen gati, duke i shtuar k\u00ebshtu edhe m\u00eb shum\u00eb g\u00ebzimin k\u00ebsaj feste. N\u00eb vazhdim, nx\u00ebn\u00ebsit e k\u00ebsaj shkolle k\u00ebnduan k\u00ebng\u00eb, recituan poezi, luajt\u00ebn n\u00eb piano, duke treguar se \u00e7far\u00eb kishin m\u00ebsuar gjat\u00eb gjith\u00eb vitit n\u00eb gjuh\u00ebn shqip, anglisht dhe greqisht dhe duke shprehur nj\u00ebkoh\u00ebsisht edhe talentet e tyre n\u00eb fusha t\u00eb ndryshme.<\/span><\/span><\/span><\/span><\/div>\n<\/td>\n<\/tr>\n<tr>\n<td>\n<div style=\"text-align: justify;\"><span style=\"color: #000000;\"><span style=\"font-family: tahoma,geneva,sans-serif;\"><span style=\"font-size: 12px;\">&nbsp;&nbsp;&nbsp;<span style=\"font-family: helvetica; font-size: 12pt;\"> Aktiviteti ishte nj\u00eb theksim i atmosfer\u00ebs s\u00eb g\u00ebzueshme dhe shpres\u00ebdh\u00ebn\u00ebse q\u00eb sjell p\u00ebr mbar\u00eb bot\u00ebn dhe f\u00ebmij\u00ebt n\u00eb ve\u00e7anti kjo fest\u00eb kaq e madhe dhe kaq dometh\u00ebn\u00ebse.<\/span><\/span><\/span><\/span><\/div>\n<\/td>\n<td><span style=\"color: #000000;\"><span style=\"font-family: tahoma,geneva,sans-serif;\"><span style=\"font-size: 12px;\"><img decoding=\"async\" class=\"lazyload HAa Eha\" style=\"border-width: 1px; border-style: solid; margin: 10px auto; display: block;\" alt=\"\" src=\"data:image\/gif;base64,R0lGODlhAQABAAAAACH5BAEKAAEALAAAAAABAAEAAAICTAEAOw==\" data-orig-src=\"https:\/\/lh4.googleusercontent.com\/-bW4xfk0arjs\/VJKRhxUy32I\/AAAAAAAAIZE\/pZzeDHTNfVM\/w448-h252-no\/6.jpg\" \/><\/span><\/span><\/span><\/td>\n<\/tr>\n<\/tbody>\n<\/table>\n<table border=\"0\">\n<tbody>\n<tr>\n<th style=\"text-align: justify;\" scope=\"col\"><span style=\"color: #000000; font-size: 12pt; font-family: helvetica;\"><strong>Isidor Koti<\/strong><\/span><\/th>\n<\/tr>\n<\/tbody>\n<\/table>\n","protected":false},"excerpt":{"rendered":"<p>&nbsp;&nbsp;&nbsp; Atmosfera festive e Krishtlindjes nisi t\u00eb ndihej q\u00eb n\u00eb or\u00ebt e para t\u00eb m\u00ebngjesit t\u00eb dat\u00ebs 19 dhjetor, kur nx\u00ebn\u00ebsit e shkoll\u00ebs fillore 9-vje\u00e7are shqiptaro-amerikane \u201cProtagonist\u00ebt\u201d n\u00eb kryeqytet, po p\u00ebrgatiteshin p\u00ebr ta pritur sa m\u00eb mir\u00eb Krishtin-Foshnje, p\u00ebrmes nj\u00eb programi festiv. &nbsp;&nbsp;&nbsp; N\u00eb k\u00ebt\u00eb atmosfer\u00eb t\u00eb prag Krishtlindjes, si gjithmon\u00eb p\u00ebrgatitja e par\u00eb \u00ebsht\u00eb ajo e zbukurimit t\u00eb ambientit, por nx\u00ebn\u00ebsit ishin zbukuruar dhe<\/p>\n","protected":false},"author":1,"featured_media":0,"comment_status":"open","ping_status":"open","sticky":false,"template":"","format":"standard","meta":{"_acf_changed":false,"pagelayer_contact_templates":[],"_pagelayer_content":"","inline_featured_image":false,"fifu_image_url":"","fifu_image_alt":"","footnotes":""},"categories":[108],"tags":[146,175,196,201,212],"class_list":["post-148","post","type-post","status-publish","format-standard","hentry","category-lajme","tag-146","tag-institucione-parashkollore-te-kishes-orthodhokse","tag-tirane","tag-kryepiskopi-anastas","tag-lajme-d27"],"acf":[],"yoast_head":"<!-- This site is optimized with the Yoast SEO plugin v27.2 - https:\/\/yoast.com\/product\/yoast-seo-wordpress\/ -->\n<title>Nx\u00ebn\u00ebsit e shkoll\u00ebs shqiptaro-amerikane \u201cProtagonist\u00ebt\u201d n\u00eb Tiran\u00eb duke pritur Krishtlindjet. (2008) - Kisha Orthodh\u03bfkse Autoqefale e Shqip\u00ebris\u00eb<\/title>\n<meta name=\"robots\" content=\"index, follow, max-snippet:-1, max-image-preview:large, max-video-preview:-1\" \/>\n<link rel=\"canonical\" href=\"https:\/\/orthodoxalbania.org\/2020\/2008\/02\/26\/nxenesit-e-shkolles-shqiptaro-amerikane-protagonistet-ne-tirane-duke-pritur-krishtlindjet-2008\/\" \/>\n<meta property=\"og:locale\" content=\"en_US\" \/>\n<meta property=\"og:type\" content=\"article\" \/>\n<meta property=\"og:title\" content=\"Nx\u00ebn\u00ebsit e shkoll\u00ebs shqiptaro-amerikane \u201cProtagonist\u00ebt\u201d n\u00eb Tiran\u00eb duke pritur Krishtlindjet. (2008) - Kisha Orthodh\u03bfkse Autoqefale e Shqip\u00ebris\u00eb\" \/>\n<meta property=\"og:description\" content=\"&nbsp;&nbsp;&nbsp; Atmosfera festive e Krishtlindjes nisi t\u00eb ndihej q\u00eb n\u00eb or\u00ebt e para t\u00eb m\u00ebngjesit t\u00eb dat\u00ebs 19 dhjetor, kur nx\u00ebn\u00ebsit e shkoll\u00ebs fillore 9-vje\u00e7are shqiptaro-amerikane \u201cProtagonist\u00ebt\u201d n\u00eb kryeqytet, po p\u00ebrgatiteshin p\u00ebr ta pritur sa m\u00eb mir\u00eb Krishtin-Foshnje, p\u00ebrmes nj\u00eb programi festiv. &nbsp;&nbsp;&nbsp; N\u00eb k\u00ebt\u00eb atmosfer\u00eb t\u00eb prag Krishtlindjes, si gjithmon\u00eb p\u00ebrgatitja e par\u00eb \u00ebsht\u00eb ajo e zbukurimit t\u00eb ambientit, por nx\u00ebn\u00ebsit ishin zbukuruar dhe\" \/>\n<meta property=\"og:url\" content=\"https:\/\/orthodoxalbania.org\/2020\/2008\/02\/26\/nxenesit-e-shkolles-shqiptaro-amerikane-protagonistet-ne-tirane-duke-pritur-krishtlindjet-2008\/\" \/>\n<meta property=\"og:site_name\" content=\"Kisha Orthodh\u03bfkse Autoqefale e Shqip\u00ebris\u00eb\" \/>\n<meta property=\"article:publisher\" content=\"https:\/\/www.facebook.com\/koash1991\" \/>\n<meta property=\"article:published_time\" content=\"2008-02-26T00:00:00+00:00\" \/>\n<meta property=\"article:modified_time\" content=\"2020-04-06T20:35:26+00:00\" \/>\n<meta property=\"og:image\" content=\"https:\/\/lh5.googleusercontent.com\/-Hvfz8qBVAIk\/VJKRg6FdKJI\/AAAAAAAAIZQ\/qcAln0m7cTo\/w448-h252-no\/1.jpg\" \/>\n<meta name=\"author\" content=\"Kisha Orthodhokse\" \/>\n<meta name=\"twitter:card\" content=\"summary_large_image\" \/>\n<meta name=\"twitter:label1\" content=\"Written by\" \/>\n\t<meta name=\"twitter:data1\" content=\"Kisha Orthodhokse\" \/>\n\t<meta name=\"twitter:label2\" content=\"Est. reading time\" \/>\n\t<meta name=\"twitter:data2\" content=\"2 minutes\" \/>\n<script type=\"application\/ld+json\" class=\"yoast-schema-graph\">{\"@context\":\"https:\/\/schema.org\",\"@graph\":[{\"@type\":\"Article\",\"@id\":\"https:\/\/orthodoxalbania.org\/2020\/2008\/02\/26\/nxenesit-e-shkolles-shqiptaro-amerikane-protagonistet-ne-tirane-duke-pritur-krishtlindjet-2008\/#article\",\"isPartOf\":{\"@id\":\"https:\/\/orthodoxalbania.org\/2020\/2008\/02\/26\/nxenesit-e-shkolles-shqiptaro-amerikane-protagonistet-ne-tirane-duke-pritur-krishtlindjet-2008\/\"},\"author\":{\"name\":\"Kisha Orthodhokse\",\"@id\":\"https:\/\/orthodoxalbania.org\/2020\/#\/schema\/person\/0c387634a7063ac612d7ed9ce71c7e86\"},\"headline\":\"Nx\u00ebn\u00ebsit e shkoll\u00ebs shqiptaro-amerikane \u201cProtagonist\u00ebt\u201d n\u00eb Tiran\u00eb duke pritur Krishtlindjet. (2008)\",\"datePublished\":\"2008-02-26T00:00:00+00:00\",\"dateModified\":\"2020-04-06T20:35:26+00:00\",\"mainEntityOfPage\":{\"@id\":\"https:\/\/orthodoxalbania.org\/2020\/2008\/02\/26\/nxenesit-e-shkolles-shqiptaro-amerikane-protagonistet-ne-tirane-duke-pritur-krishtlindjet-2008\/\"},\"wordCount\":379,\"commentCount\":0,\"publisher\":{\"@id\":\"https:\/\/orthodoxalbania.org\/2020\/#organization\"},\"image\":{\"@id\":\"https:\/\/orthodoxalbania.org\/2020\/2008\/02\/26\/nxenesit-e-shkolles-shqiptaro-amerikane-protagonistet-ne-tirane-duke-pritur-krishtlindjet-2008\/#primaryimage\"},\"thumbnailUrl\":\"https:\/\/lh5.googleusercontent.com\/-Hvfz8qBVAIk\/VJKRg6FdKJI\/AAAAAAAAIZQ\/qcAln0m7cTo\/w448-h252-no\/1.jpg\",\"keywords\":[\"2008\",\"Institucione Parashkollore t\u00eb Kish\u00ebs Orthodhokse\",\"Kryepiskopata Tiran\u00eb\",\"Kryepiskopi Anastas\",\"lajme\"],\"articleSection\":[\"Lajme\"],\"inLanguage\":\"en-US\"},{\"@type\":\"WebPage\",\"@id\":\"https:\/\/orthodoxalbania.org\/2020\/2008\/02\/26\/nxenesit-e-shkolles-shqiptaro-amerikane-protagonistet-ne-tirane-duke-pritur-krishtlindjet-2008\/\",\"url\":\"https:\/\/orthodoxalbania.org\/2020\/2008\/02\/26\/nxenesit-e-shkolles-shqiptaro-amerikane-protagonistet-ne-tirane-duke-pritur-krishtlindjet-2008\/\",\"name\":\"Nx\u00ebn\u00ebsit e shkoll\u00ebs shqiptaro-amerikane \u201cProtagonist\u00ebt\u201d n\u00eb Tiran\u00eb duke pritur Krishtlindjet. (2008) - Kisha Orthodh\u03bfkse Autoqefale e Shqip\u00ebris\u00eb\",\"isPartOf\":{\"@id\":\"https:\/\/orthodoxalbania.org\/2020\/#website\"},\"primaryImageOfPage\":{\"@id\":\"https:\/\/orthodoxalbania.org\/2020\/2008\/02\/26\/nxenesit-e-shkolles-shqiptaro-amerikane-protagonistet-ne-tirane-duke-pritur-krishtlindjet-2008\/#primaryimage\"},\"image\":{\"@id\":\"https:\/\/orthodoxalbania.org\/2020\/2008\/02\/26\/nxenesit-e-shkolles-shqiptaro-amerikane-protagonistet-ne-tirane-duke-pritur-krishtlindjet-2008\/#primaryimage\"},\"thumbnailUrl\":\"https:\/\/lh5.googleusercontent.com\/-Hvfz8qBVAIk\/VJKRg6FdKJI\/AAAAAAAAIZQ\/qcAln0m7cTo\/w448-h252-no\/1.jpg\",\"datePublished\":\"2008-02-26T00:00:00+00:00\",\"dateModified\":\"2020-04-06T20:35:26+00:00\",\"breadcrumb\":{\"@id\":\"https:\/\/orthodoxalbania.org\/2020\/2008\/02\/26\/nxenesit-e-shkolles-shqiptaro-amerikane-protagonistet-ne-tirane-duke-pritur-krishtlindjet-2008\/#breadcrumb\"},\"inLanguage\":\"en-US\",\"potentialAction\":[{\"@type\":\"ReadAction\",\"target\":[\"https:\/\/orthodoxalbania.org\/2020\/2008\/02\/26\/nxenesit-e-shkolles-shqiptaro-amerikane-protagonistet-ne-tirane-duke-pritur-krishtlindjet-2008\/\"]}]},{\"@type\":\"ImageObject\",\"inLanguage\":\"en-US\",\"@id\":\"https:\/\/orthodoxalbania.org\/2020\/2008\/02\/26\/nxenesit-e-shkolles-shqiptaro-amerikane-protagonistet-ne-tirane-duke-pritur-krishtlindjet-2008\/#primaryimage\",\"url\":\"https:\/\/lh5.googleusercontent.com\/-Hvfz8qBVAIk\/VJKRg6FdKJI\/AAAAAAAAIZQ\/qcAln0m7cTo\/w448-h252-no\/1.jpg\",\"contentUrl\":\"https:\/\/lh5.googleusercontent.com\/-Hvfz8qBVAIk\/VJKRg6FdKJI\/AAAAAAAAIZQ\/qcAln0m7cTo\/w448-h252-no\/1.jpg\"},{\"@type\":\"BreadcrumbList\",\"@id\":\"https:\/\/orthodoxalbania.org\/2020\/2008\/02\/26\/nxenesit-e-shkolles-shqiptaro-amerikane-protagonistet-ne-tirane-duke-pritur-krishtlindjet-2008\/#breadcrumb\",\"itemListElement\":[{\"@type\":\"ListItem\",\"position\":1,\"name\":\"Home\",\"item\":\"https:\/\/orthodoxalbania.org\/2020\/\"},{\"@type\":\"ListItem\",\"position\":2,\"name\":\"Nx\u00ebn\u00ebsit e shkoll\u00ebs shqiptaro-amerikane \u201cProtagonist\u00ebt\u201d n\u00eb Tiran\u00eb duke pritur Krishtlindjet. (2008)\"}]},{\"@type\":\"WebSite\",\"@id\":\"https:\/\/orthodoxalbania.org\/2020\/#website\",\"url\":\"https:\/\/orthodoxalbania.org\/2020\/\",\"name\":\"Kisha Orthodh\u03bfkse Autoqefale e Shqip\u00ebris\u00eb\",\"description\":\"Fqja Zyrtare e Kish\u00ebs Orthodhokse Autoqefale e Shqip\u00ebris\u00eb me lajmet edhe informacionet zyrtare p\u00ebr struktur\u00ebn edhe veprimtarin e saj.\",\"publisher\":{\"@id\":\"https:\/\/orthodoxalbania.org\/2020\/#organization\"},\"potentialAction\":[{\"@type\":\"SearchAction\",\"target\":{\"@type\":\"EntryPoint\",\"urlTemplate\":\"https:\/\/orthodoxalbania.org\/2020\/?s={search_term_string}\"},\"query-input\":{\"@type\":\"PropertyValueSpecification\",\"valueRequired\":true,\"valueName\":\"search_term_string\"}}],\"inLanguage\":\"en-US\"},{\"@type\":\"Organization\",\"@id\":\"https:\/\/orthodoxalbania.org\/2020\/#organization\",\"name\":\"Kisha Orthodhokse Autoqefale e Shqip\u00ebris\u00eb\",\"url\":\"https:\/\/orthodoxalbania.org\/2020\/\",\"logo\":{\"@type\":\"ImageObject\",\"inLanguage\":\"en-US\",\"@id\":\"https:\/\/orthodoxalbania.org\/2020\/#\/schema\/logo\/image\/\",\"url\":\"https:\/\/orthodoxalbania.org\/2020\/wp-content\/uploads\/2020\/05\/albania.jpeg\",\"contentUrl\":\"https:\/\/orthodoxalbania.org\/2020\/wp-content\/uploads\/2020\/05\/albania.jpeg\",\"width\":540,\"height\":540,\"caption\":\"Kisha Orthodhokse Autoqefale e Shqip\u00ebris\u00eb\"},\"image\":{\"@id\":\"https:\/\/orthodoxalbania.org\/2020\/#\/schema\/logo\/image\/\"},\"sameAs\":[\"https:\/\/www.facebook.com\/koash1991\"]},{\"@type\":\"Person\",\"@id\":\"https:\/\/orthodoxalbania.org\/2020\/#\/schema\/person\/0c387634a7063ac612d7ed9ce71c7e86\",\"name\":\"Kisha Orthodhokse\",\"image\":{\"@type\":\"ImageObject\",\"inLanguage\":\"en-US\",\"@id\":\"https:\/\/secure.gravatar.com\/avatar\/596e7c417251e30f2fbb9c00e026fce61a695a00e51c889caded71c96cbbdde5?s=96&d=mm&r=g\",\"url\":\"https:\/\/secure.gravatar.com\/avatar\/596e7c417251e30f2fbb9c00e026fce61a695a00e51c889caded71c96cbbdde5?s=96&d=mm&r=g\",\"contentUrl\":\"https:\/\/secure.gravatar.com\/avatar\/596e7c417251e30f2fbb9c00e026fce61a695a00e51c889caded71c96cbbdde5?s=96&d=mm&r=g\",\"caption\":\"Kisha Orthodhokse\"}}]}<\/script>\n<!-- \/ Yoast SEO plugin. -->","yoast_head_json":{"title":"Nx\u00ebn\u00ebsit e shkoll\u00ebs shqiptaro-amerikane \u201cProtagonist\u00ebt\u201d n\u00eb Tiran\u00eb duke pritur Krishtlindjet. (2008) - Kisha Orthodh\u03bfkse Autoqefale e Shqip\u00ebris\u00eb","robots":{"index":"index","follow":"follow","max-snippet":"max-snippet:-1","max-image-preview":"max-image-preview:large","max-video-preview":"max-video-preview:-1"},"canonical":"https:\/\/orthodoxalbania.org\/2020\/2008\/02\/26\/nxenesit-e-shkolles-shqiptaro-amerikane-protagonistet-ne-tirane-duke-pritur-krishtlindjet-2008\/","og_locale":"en_US","og_type":"article","og_title":"Nx\u00ebn\u00ebsit e shkoll\u00ebs shqiptaro-amerikane \u201cProtagonist\u00ebt\u201d n\u00eb Tiran\u00eb duke pritur Krishtlindjet. (2008) - Kisha Orthodh\u03bfkse Autoqefale e Shqip\u00ebris\u00eb","og_description":"&nbsp;&nbsp;&nbsp; Atmosfera festive e Krishtlindjes nisi t\u00eb ndihej q\u00eb n\u00eb or\u00ebt e para t\u00eb m\u00ebngjesit t\u00eb dat\u00ebs 19 dhjetor, kur nx\u00ebn\u00ebsit e shkoll\u00ebs fillore 9-vje\u00e7are shqiptaro-amerikane \u201cProtagonist\u00ebt\u201d n\u00eb kryeqytet, po p\u00ebrgatiteshin p\u00ebr ta pritur sa m\u00eb mir\u00eb Krishtin-Foshnje, p\u00ebrmes nj\u00eb programi festiv. &nbsp;&nbsp;&nbsp; N\u00eb k\u00ebt\u00eb atmosfer\u00eb t\u00eb prag Krishtlindjes, si gjithmon\u00eb p\u00ebrgatitja e par\u00eb \u00ebsht\u00eb ajo e zbukurimit t\u00eb ambientit, por nx\u00ebn\u00ebsit ishin zbukuruar dhe","og_url":"https:\/\/orthodoxalbania.org\/2020\/2008\/02\/26\/nxenesit-e-shkolles-shqiptaro-amerikane-protagonistet-ne-tirane-duke-pritur-krishtlindjet-2008\/","og_site_name":"Kisha Orthodh\u03bfkse Autoqefale e Shqip\u00ebris\u00eb","article_publisher":"https:\/\/www.facebook.com\/koash1991","article_published_time":"2008-02-26T00:00:00+00:00","article_modified_time":"2020-04-06T20:35:26+00:00","og_image":[{"url":"https:\/\/lh5.googleusercontent.com\/-Hvfz8qBVAIk\/VJKRg6FdKJI\/AAAAAAAAIZQ\/qcAln0m7cTo\/w448-h252-no\/1.jpg","type":"","width":"","height":""}],"author":"Kisha Orthodhokse","twitter_card":"summary_large_image","twitter_misc":{"Written by":"Kisha Orthodhokse","Est. reading time":"2 minutes"},"schema":{"@context":"https:\/\/schema.org","@graph":[{"@type":"Article","@id":"https:\/\/orthodoxalbania.org\/2020\/2008\/02\/26\/nxenesit-e-shkolles-shqiptaro-amerikane-protagonistet-ne-tirane-duke-pritur-krishtlindjet-2008\/#article","isPartOf":{"@id":"https:\/\/orthodoxalbania.org\/2020\/2008\/02\/26\/nxenesit-e-shkolles-shqiptaro-amerikane-protagonistet-ne-tirane-duke-pritur-krishtlindjet-2008\/"},"author":{"name":"Kisha Orthodhokse","@id":"https:\/\/orthodoxalbania.org\/2020\/#\/schema\/person\/0c387634a7063ac612d7ed9ce71c7e86"},"headline":"Nx\u00ebn\u00ebsit e shkoll\u00ebs shqiptaro-amerikane \u201cProtagonist\u00ebt\u201d n\u00eb Tiran\u00eb duke pritur Krishtlindjet. (2008)","datePublished":"2008-02-26T00:00:00+00:00","dateModified":"2020-04-06T20:35:26+00:00","mainEntityOfPage":{"@id":"https:\/\/orthodoxalbania.org\/2020\/2008\/02\/26\/nxenesit-e-shkolles-shqiptaro-amerikane-protagonistet-ne-tirane-duke-pritur-krishtlindjet-2008\/"},"wordCount":379,"commentCount":0,"publisher":{"@id":"https:\/\/orthodoxalbania.org\/2020\/#organization"},"image":{"@id":"https:\/\/orthodoxalbania.org\/2020\/2008\/02\/26\/nxenesit-e-shkolles-shqiptaro-amerikane-protagonistet-ne-tirane-duke-pritur-krishtlindjet-2008\/#primaryimage"},"thumbnailUrl":"https:\/\/lh5.googleusercontent.com\/-Hvfz8qBVAIk\/VJKRg6FdKJI\/AAAAAAAAIZQ\/qcAln0m7cTo\/w448-h252-no\/1.jpg","keywords":["2008","Institucione Parashkollore t\u00eb Kish\u00ebs Orthodhokse","Kryepiskopata Tiran\u00eb","Kryepiskopi Anastas","lajme"],"articleSection":["Lajme"],"inLanguage":"en-US"},{"@type":"WebPage","@id":"https:\/\/orthodoxalbania.org\/2020\/2008\/02\/26\/nxenesit-e-shkolles-shqiptaro-amerikane-protagonistet-ne-tirane-duke-pritur-krishtlindjet-2008\/","url":"https:\/\/orthodoxalbania.org\/2020\/2008\/02\/26\/nxenesit-e-shkolles-shqiptaro-amerikane-protagonistet-ne-tirane-duke-pritur-krishtlindjet-2008\/","name":"Nx\u00ebn\u00ebsit e shkoll\u00ebs shqiptaro-amerikane \u201cProtagonist\u00ebt\u201d n\u00eb Tiran\u00eb duke pritur Krishtlindjet. (2008) - Kisha Orthodh\u03bfkse Autoqefale e Shqip\u00ebris\u00eb","isPartOf":{"@id":"https:\/\/orthodoxalbania.org\/2020\/#website"},"primaryImageOfPage":{"@id":"https:\/\/orthodoxalbania.org\/2020\/2008\/02\/26\/nxenesit-e-shkolles-shqiptaro-amerikane-protagonistet-ne-tirane-duke-pritur-krishtlindjet-2008\/#primaryimage"},"image":{"@id":"https:\/\/orthodoxalbania.org\/2020\/2008\/02\/26\/nxenesit-e-shkolles-shqiptaro-amerikane-protagonistet-ne-tirane-duke-pritur-krishtlindjet-2008\/#primaryimage"},"thumbnailUrl":"https:\/\/lh5.googleusercontent.com\/-Hvfz8qBVAIk\/VJKRg6FdKJI\/AAAAAAAAIZQ\/qcAln0m7cTo\/w448-h252-no\/1.jpg","datePublished":"2008-02-26T00:00:00+00:00","dateModified":"2020-04-06T20:35:26+00:00","breadcrumb":{"@id":"https:\/\/orthodoxalbania.org\/2020\/2008\/02\/26\/nxenesit-e-shkolles-shqiptaro-amerikane-protagonistet-ne-tirane-duke-pritur-krishtlindjet-2008\/#breadcrumb"},"inLanguage":"en-US","potentialAction":[{"@type":"ReadAction","target":["https:\/\/orthodoxalbania.org\/2020\/2008\/02\/26\/nxenesit-e-shkolles-shqiptaro-amerikane-protagonistet-ne-tirane-duke-pritur-krishtlindjet-2008\/"]}]},{"@type":"ImageObject","inLanguage":"en-US","@id":"https:\/\/orthodoxalbania.org\/2020\/2008\/02\/26\/nxenesit-e-shkolles-shqiptaro-amerikane-protagonistet-ne-tirane-duke-pritur-krishtlindjet-2008\/#primaryimage","url":"https:\/\/lh5.googleusercontent.com\/-Hvfz8qBVAIk\/VJKRg6FdKJI\/AAAAAAAAIZQ\/qcAln0m7cTo\/w448-h252-no\/1.jpg","contentUrl":"https:\/\/lh5.googleusercontent.com\/-Hvfz8qBVAIk\/VJKRg6FdKJI\/AAAAAAAAIZQ\/qcAln0m7cTo\/w448-h252-no\/1.jpg"},{"@type":"BreadcrumbList","@id":"https:\/\/orthodoxalbania.org\/2020\/2008\/02\/26\/nxenesit-e-shkolles-shqiptaro-amerikane-protagonistet-ne-tirane-duke-pritur-krishtlindjet-2008\/#breadcrumb","itemListElement":[{"@type":"ListItem","position":1,"name":"Home","item":"https:\/\/orthodoxalbania.org\/2020\/"},{"@type":"ListItem","position":2,"name":"Nx\u00ebn\u00ebsit e shkoll\u00ebs shqiptaro-amerikane \u201cProtagonist\u00ebt\u201d n\u00eb Tiran\u00eb duke pritur Krishtlindjet. (2008)"}]},{"@type":"WebSite","@id":"https:\/\/orthodoxalbania.org\/2020\/#website","url":"https:\/\/orthodoxalbania.org\/2020\/","name":"Kisha Orthodh\u03bfkse Autoqefale e Shqip\u00ebris\u00eb","description":"Fqja Zyrtare e Kish\u00ebs Orthodhokse Autoqefale e Shqip\u00ebris\u00eb me lajmet edhe informacionet zyrtare p\u00ebr struktur\u00ebn edhe veprimtarin e saj.","publisher":{"@id":"https:\/\/orthodoxalbania.org\/2020\/#organization"},"potentialAction":[{"@type":"SearchAction","target":{"@type":"EntryPoint","urlTemplate":"https:\/\/orthodoxalbania.org\/2020\/?s={search_term_string}"},"query-input":{"@type":"PropertyValueSpecification","valueRequired":true,"valueName":"search_term_string"}}],"inLanguage":"en-US"},{"@type":"Organization","@id":"https:\/\/orthodoxalbania.org\/2020\/#organization","name":"Kisha Orthodhokse Autoqefale e Shqip\u00ebris\u00eb","url":"https:\/\/orthodoxalbania.org\/2020\/","logo":{"@type":"ImageObject","inLanguage":"en-US","@id":"https:\/\/orthodoxalbania.org\/2020\/#\/schema\/logo\/image\/","url":"https:\/\/orthodoxalbania.org\/2020\/wp-content\/uploads\/2020\/05\/albania.jpeg","contentUrl":"https:\/\/orthodoxalbania.org\/2020\/wp-content\/uploads\/2020\/05\/albania.jpeg","width":540,"height":540,"caption":"Kisha Orthodhokse Autoqefale e Shqip\u00ebris\u00eb"},"image":{"@id":"https:\/\/orthodoxalbania.org\/2020\/#\/schema\/logo\/image\/"},"sameAs":["https:\/\/www.facebook.com\/koash1991"]},{"@type":"Person","@id":"https:\/\/orthodoxalbania.org\/2020\/#\/schema\/person\/0c387634a7063ac612d7ed9ce71c7e86","name":"Kisha Orthodhokse","image":{"@type":"ImageObject","inLanguage":"en-US","@id":"https:\/\/secure.gravatar.com\/avatar\/596e7c417251e30f2fbb9c00e026fce61a695a00e51c889caded71c96cbbdde5?s=96&d=mm&r=g","url":"https:\/\/secure.gravatar.com\/avatar\/596e7c417251e30f2fbb9c00e026fce61a695a00e51c889caded71c96cbbdde5?s=96&d=mm&r=g","contentUrl":"https:\/\/secure.gravatar.com\/avatar\/596e7c417251e30f2fbb9c00e026fce61a695a00e51c889caded71c96cbbdde5?s=96&d=mm&r=g","caption":"Kisha Orthodhokse"}}]}},"_links":{"self":[{"href":"https:\/\/orthodoxalbania.org\/2020\/wp-json\/wp\/v2\/posts\/148","targetHints":{"allow":["GET"]}}],"collection":[{"href":"https:\/\/orthodoxalbania.org\/2020\/wp-json\/wp\/v2\/posts"}],"about":[{"href":"https:\/\/orthodoxalbania.org\/2020\/wp-json\/wp\/v2\/types\/post"}],"author":[{"embeddable":true,"href":"https:\/\/orthodoxalbania.org\/2020\/wp-json\/wp\/v2\/users\/1"}],"replies":[{"embeddable":true,"href":"https:\/\/orthodoxalbania.org\/2020\/wp-json\/wp\/v2\/comments?post=148"}],"version-history":[{"count":1,"href":"https:\/\/orthodoxalbania.org\/2020\/wp-json\/wp\/v2\/posts\/148\/revisions"}],"predecessor-version":[{"id":15679,"href":"https:\/\/orthodoxalbania.org\/2020\/wp-json\/wp\/v2\/posts\/148\/revisions\/15679"}],"wp:attachment":[{"href":"https:\/\/orthodoxalbania.org\/2020\/wp-json\/wp\/v2\/media?parent=148"}],"wp:term":[{"taxonomy":"category","embeddable":true,"href":"https:\/\/orthodoxalbania.org\/2020\/wp-json\/wp\/v2\/categories?post=148"},{"taxonomy":"post_tag","embeddable":true,"href":"https:\/\/orthodoxalbania.org\/2020\/wp-json\/wp\/v2\/tags?post=148"}],"curies":[{"name":"wp","href":"https:\/\/api.w.org\/{rel}","templated":true}]}}