{"id":1479,"date":"2013-11-05T13:22:09","date_gmt":"2013-11-05T13:22:09","guid":{"rendered":""},"modified":"2020-04-06T22:05:29","modified_gmt":"2020-04-06T20:05:29","slug":"u-krijua-lidhja-e-intelektualeve-orthodhokse-te-kishes-orthodhokse-autoqefale-te-shqiperise","status":"publish","type":"post","link":"https:\/\/orthodoxalbania.org\/2020\/2013\/11\/05\/u-krijua-lidhja-e-intelektualeve-orthodhokse-te-kishes-orthodhokse-autoqefale-te-shqiperise\/","title":{"rendered":"U krijua Lidhja e Intelektual\u00ebve Orthodhoks\u00eb t\u00eb Kish\u00ebs Orthodhokse Autoqefale t\u00eb Shqip\u00ebris\u00eb. (12 Tetor 2013)"},"content":{"rendered":"<div style=\"text-align: justify;\">\n\t<img decoding=\"async\" class=\"lazyload HAa Eha\" src=\"data:image\/gif;base64,R0lGODlhAQABAAAAACH5BAEKAAEALAAAAAABAAEAAAICTAEAOw==\" data-orig-src=\"https:\/\/lh3.googleusercontent.com\/-IVSQ4BAvCWI\/UnjtYBciRRI\/AAAAAAAAG0I\/Y9oOGWkuKhA\/w702-h468-no\/DSC_0093.JPG\" style=\"height: 233px; width: 350px; margin: 10px; float: left; border-width: 1px; border-style: solid;\" \/><span style=\"font-family:tahoma,geneva,sans-serif;\"><span style=\"font-size: 12px;\">&nbsp;&nbsp;&nbsp;<span style=\"color:#000000;\"> M\u00eb 12 tetor, u mbajt takimi i par\u00eb zyrtar i Lidhjes s\u00eb Intelektual\u00ebve Orthodhoks\u00eb t\u00eb Kish\u00ebs son\u00eb. N\u00eb t\u00eb mor\u00ebn pjes\u00eb intelektual\u00eb nga Kryepiskopata dhe p\u00ebrfaq\u00ebsues nga mitropolit\u00eb. Mori pjes\u00eb edhe Kryepiskopi Anastas, an\u00ebtar\u00eb t\u00eb Sinodit t\u00eb Shenjt\u00eb etj. Ai u zhvillua n\u00eb sall\u00ebn pran\u00eb kish\u00ebs \u201cUngjill\u00ebzimi i Hyjlind\u00ebses\u201d, n\u00eb Tiran\u00eb.<\/span><\/span><\/span><\/div>\n<div style=\"text-align: justify;\">\n\t<br \/>\n\t<span style=\"color:#000000;\"><span style=\"font-family: tahoma,geneva,sans-serif;\"><span style=\"font-size: 12px;\">&nbsp;&nbsp;&nbsp; Takimi u hap me lutje dhe m\u00eb pas foli Kryepiskopi Anastas, i cili e vuri theksin te domosdoshm\u00ebria e bashk\u00ebpunimit dhe e luft\u00ebs kund\u00ebr padrejt\u00ebsis\u00eb. Fortlumturia e Tij p\u00ebrmendi si shembull aktet e padrejta dhe vandale kund\u00ebr kish\u00ebs s\u00eb P\u00ebrmetit dhe tha se n\u00eb k\u00ebto raste duhet t\u00eb d\u00ebgjohet m\u00eb shum\u00eb z\u00ebri i intelektual\u00ebve orthodhoks\u00eb kund\u00ebr atyre grupeve q\u00eb synojn\u00eb nj\u00eb Kish\u00eb dhe komunitet Orthodhoks t\u00eb dob\u00ebt, gj\u00eb e cila u pa si te Censusi ashtu dhe te sulmet n\u00eb P\u00ebrmet e kudo ku Kisha ka detyrat dhe t\u00eb drejtat e saj.<\/span><\/span><\/span><\/div>\n<div style=\"text-align: justify;\">\n\t<br \/>\n\t<span style=\"color:#000000;\"><span style=\"font-family: tahoma,geneva,sans-serif;\"><span style=\"font-size: 12px;\">&nbsp;&nbsp;&nbsp; M\u00eb pas foli prof. Pirro Prifti, i cili p\u00ebrmendi rolin e padiskutuesh\u00ebm historiko-fetar dhe social t\u00eb Kish\u00ebs dhe Komunitetit Orthodhoks n\u00eb formimin e shtetit shqiptar, kontributin e padiskutuesh\u00ebm t\u00eb k\u00ebtij komuniteti dhe t\u00eb Kish\u00ebs q\u00eb nga Pavar\u00ebsia e deri n\u00eb rivendosjen e demokracis\u00eb, si dhe gjat\u00eb k\u00ebtyre viteve. Ai vuri n\u00eb pah rolin e madh t\u00eb dy korifejve t\u00eb Kish\u00ebs Orthodhokse Autoqefale te Shqip\u00ebris\u00eb, Imzot Theofan Nolit dhe t\u00eb Kryepiskopit Anastas, ku i pari e b\u00ebri Kish\u00ebn t\u00eb flas\u00eb shqip, kurse i dyti e ringjalli nga vdekja ateiste komuniste Kish\u00ebn dhe Komunitetin Orthodhoks t\u00eb Shqip\u00ebris\u00eb.<\/span><\/span><\/span><\/div>\n<div style=\"text-align: justify;\">\n\t<br \/>\n\t<span style=\"color:#000000;\"><span style=\"font-family: tahoma,geneva,sans-serif;\"><span style=\"font-size: 12px;\">&nbsp;&nbsp;&nbsp;&nbsp; N\u00eb takim fol\u00ebn m\u00eb pas prof. Robert Andoni, Thoma Mi\u00e7o, Theodhor Kota, Stavri Trako, znj. Anastasi Pite etj.<\/span><\/span><\/span><\/div>\n<div style=\"text-align: justify;\">\n\t<br \/>\n\t<span style=\"color:#000000;\"><span style=\"font-family: tahoma,geneva,sans-serif;\"><span style=\"font-size: 12px;\">&nbsp;&nbsp;&nbsp; Pas tij Lidhjes dhe grupit organizator i mbetet nj\u00eb detyr\u00eb e madhe p\u00ebrpara, p\u00ebr t\u00eb p\u00ebrmbushur objektivat dhe detyrat e dala. N\u00eb takim u miratua nj\u00eb projekt statuts, n\u00eb t\u00eb cilin theksohet se Lidhja funksionon brenda Kish\u00ebs Orthodhokse Autoqefale t\u00eb Shqip\u00ebris\u00eb, si nj\u00eb organiz\u00ebm q\u00eb studion, propozon e b\u00ebn sugjerime p\u00ebr \u00e7\u00ebshtjet e ndryshme dhe luan nj\u00eb rol aktiv n\u00eb mb\u00ebshtetje dhe mbrojtje t\u00eb Kish\u00ebs. Aktivizimi i organeve t\u00eb tjera t\u00eb saj do t\u00eb b\u00ebhet m\u00eb von\u00eb, pas organizmit t\u00eb saj edhe n\u00eb mitropolit\u00eb. Lidhja do t\u00eb ket\u00eb nj\u00eb zyr\u00eb koordinimi n\u00eb selin\u00eb e Sinodit t\u00eb Shenjt\u00eb n\u00eb Tiran\u00eb.<\/span><\/span><\/span><\/div>\n<div style=\"text-align: justify;\">\n\t<br \/>\n\t<span style=\"color:#000000;\"><span style=\"font-family: tahoma,geneva,sans-serif;\"><span style=\"font-size: 12px;\">&nbsp;&nbsp;&nbsp; Krijimi i k\u00ebsaj Lidhjeje u b\u00eb i nevojsh\u00ebm p\u00ebr disa arsye si: forcimi dhe fuqizimi i Komunitetit Orthodhoks n\u00ebp\u00ebrmjet bashk\u00ebpunimit t\u00eb ngusht\u00eb midis besimtar\u00ebve dhe organizmave t\u00eb Kish\u00ebs. Shtrirja e veprimtaris\u00eb n\u00eb t\u00eb gjitha mitropolit\u00eb, duke pasur koordinim mes tyre. Objektivi ve\u00e7ant\u00eb i saj \u00ebsht\u00eb edhe puna me brezin m\u00eb t\u00eb ri t\u00eb intelektual\u00ebve orthodhoks\u00eb.<\/span><\/span><\/span><\/div>\n<div style=\"text-align: justify;\">\n\t<br \/>\n\t<span style=\"color:#000000;\"><span style=\"font-family: tahoma,geneva,sans-serif;\"><span style=\"font-size: 12px;\">&nbsp;&nbsp;&nbsp; Nj\u00eb synim i ve\u00e7ant\u00eb i Lidhjes mendohet se do t\u00eb jet\u00eb edhe krijimi i nj\u00eb arkivi historiko fetar i Komunitetit Orthodhoks dhe nxjerrja n\u00eb pah e kontributit p\u00ebr Kish\u00ebn e personaliteteve m\u00eb t\u00eb shquara orthodhokse, brenda dhe jasht\u00eb vendit.<\/span><\/span><\/span><\/div>\n<div style=\"text-align: justify;\">\n\t<br \/>\n\t<span style=\"color:#000000;\"><span style=\"font-family: tahoma,geneva,sans-serif;\"><span style=\"font-size: 12px;\">&nbsp;&nbsp;&nbsp; Lidhja e Intelektual\u00ebve Orthodhoks\u00eb do synoj\u00eb edhe bashk\u00ebpunimin me lidhje e organizma t\u00eb ngjash\u00ebm jasht\u00eb vendit, n\u00eb vendet orthodhokse t\u00eb Ballkanit dhe m\u00eb gjer\u00eb, por edhe me SHBA, Rusin\u00eb etj.<\/span><\/span><\/span><\/div>\n<div style=\"text-align: justify;\">\n\t<br \/>\n\t<span style=\"color:#000000;\"><span style=\"font-family: tahoma,geneva,sans-serif;\"><span style=\"font-size: 12px;\">&nbsp;&nbsp;&nbsp; Nj\u00eb objektiv tjet\u00ebr \u00ebsht\u00eb edhe bashk\u00ebpunimi aktiv me intelektual\u00ebt e komuniteteve t\u00eb tjera fetare t\u00eb vendit ton\u00eb, p\u00ebr t\u00eb diskutuar m\u00ebnyr\u00ebn e p\u00ebrballimit t\u00eb problemeve t\u00eb ndryshme dhe bashk\u00ebpunimin sa m\u00eb t\u00eb frytsh\u00ebm p\u00ebr forcimin e harmonis\u00eb fetare, si nj\u00eb vler\u00eb unike p\u00ebr t\u00eb cil\u00ebn mburremi, por edhe duhet t\u00eb punoj m\u00eb shum\u00eb p\u00ebr ta ruajtur t\u00eb pac\u00ebnuar.<\/span><\/span><\/span><\/div>\n<p style=\"text-align: right;\">\n<p>\t<span style=\"color:#000000;\"><span style=\"font-family: tahoma,geneva,sans-serif;\"><span style=\"font-size: 12px;\"><strong>Edvin Ziso<\/strong><\/span><\/span><\/span><\/p>\n<p style=\"text-align: justify;\">\n\t&nbsp;<\/p>\n<p style=\"text-align: justify;\">\n\t<img decoding=\"async\" class=\"lazyload HAa Eha\" src=\"data:image\/gif;base64,R0lGODlhAQABAAAAACH5BAEKAAEALAAAAAABAAEAAAICTAEAOw==\" data-orig-src=\"https:\/\/lh3.googleusercontent.com\/-m1cZIlEqQhk\/UnjtfTeZKLI\/AAAAAAAAG0I\/ln1npowrh2I\/w702-h468-no\/DSC_0157.JPG\" style=\"height: 400px; width: 600px; margin: 10px; border-width: 1px; border-style: solid;\" \/><\/p>\n<p style=\"text-align: justify;\">\n\t<img decoding=\"async\" class=\"lazyload HAa Eha\" src=\"data:image\/gif;base64,R0lGODlhAQABAAAAACH5BAEKAAEALAAAAAABAAEAAAICTAEAOw==\" data-orig-src=\"https:\/\/lh4.googleusercontent.com\/-CZbZc7cL1BM\/UnjtcdvKXXI\/AAAAAAAAG0I\/ud637_fzALY\/w702-h468-no\/DSC_0144.JPG\" style=\"height: 400px; width: 600px; margin: 10px; border-width: 1px; border-style: solid;\" \/><\/p>\n<p style=\"text-align: justify;\">\n\t&nbsp;<\/p>\n","protected":false},"excerpt":{"rendered":"<p>&nbsp;&nbsp;&nbsp; M\u00eb 12 tetor, u mbajt takimi i par\u00eb zyrtar i Lidhjes s\u00eb Intelektual\u00ebve Orthodhoks\u00eb t\u00eb Kish\u00ebs son\u00eb. N\u00eb t\u00eb mor\u00ebn pjes\u00eb intelektual\u00eb nga Kryepiskopata dhe p\u00ebrfaq\u00ebsues nga mitropolit\u00eb. Mori pjes\u00eb edhe Kryepiskopi Anastas, an\u00ebtar\u00eb t\u00eb Sinodit t\u00eb Shenjt\u00eb etj. Ai u zhvillua n\u00eb sall\u00ebn pran\u00eb kish\u00ebs \u201cUngjill\u00ebzimi i Hyjlind\u00ebses\u201d, n\u00eb Tiran\u00eb. &nbsp;&nbsp;&nbsp; Takimi u hap me lutje dhe m\u00eb pas foli Kryepiskopi Anastas, i<\/p>\n","protected":false},"author":1,"featured_media":0,"comment_status":"open","ping_status":"open","sticky":false,"template":"","format":"standard","meta":{"_acf_changed":false,"pagelayer_contact_templates":[],"_pagelayer_content":"","inline_featured_image":false,"fifu_image_url":"","fifu_image_alt":"","footnotes":""},"categories":[108],"tags":[141,153,196,201,212,160],"class_list":["post-1479","post","type-post","status-publish","format-standard","hentry","category-lajme","tag-141","tag-deklarata-njoftime-zyrtare-d75","tag-tirane","tag-kryepiskopi-anastas","tag-lajme-d27","tag-lidhja-e-intelektualeve-orthodhokse"],"acf":[],"yoast_head":"<!-- This site is optimized with the Yoast SEO plugin v27.2 - https:\/\/yoast.com\/product\/yoast-seo-wordpress\/ -->\n<title>U krijua Lidhja e Intelektual\u00ebve Orthodhoks\u00eb t\u00eb Kish\u00ebs Orthodhokse Autoqefale t\u00eb Shqip\u00ebris\u00eb. (12 Tetor 2013) - Kisha Orthodh\u03bfkse Autoqefale e Shqip\u00ebris\u00eb<\/title>\n<meta name=\"robots\" content=\"index, follow, max-snippet:-1, max-image-preview:large, max-video-preview:-1\" \/>\n<link rel=\"canonical\" href=\"https:\/\/orthodoxalbania.org\/2020\/2013\/11\/05\/u-krijua-lidhja-e-intelektualeve-orthodhokse-te-kishes-orthodhokse-autoqefale-te-shqiperise\/\" \/>\n<meta property=\"og:locale\" content=\"en_US\" \/>\n<meta property=\"og:type\" content=\"article\" \/>\n<meta property=\"og:title\" content=\"U krijua Lidhja e Intelektual\u00ebve Orthodhoks\u00eb t\u00eb Kish\u00ebs Orthodhokse Autoqefale t\u00eb Shqip\u00ebris\u00eb. (12 Tetor 2013) - Kisha Orthodh\u03bfkse Autoqefale e Shqip\u00ebris\u00eb\" \/>\n<meta property=\"og:description\" content=\"&nbsp;&nbsp;&nbsp; M\u00eb 12 tetor, u mbajt takimi i par\u00eb zyrtar i Lidhjes s\u00eb Intelektual\u00ebve Orthodhoks\u00eb t\u00eb Kish\u00ebs son\u00eb. N\u00eb t\u00eb mor\u00ebn pjes\u00eb intelektual\u00eb nga Kryepiskopata dhe p\u00ebrfaq\u00ebsues nga mitropolit\u00eb. Mori pjes\u00eb edhe Kryepiskopi Anastas, an\u00ebtar\u00eb t\u00eb Sinodit t\u00eb Shenjt\u00eb etj. Ai u zhvillua n\u00eb sall\u00ebn pran\u00eb kish\u00ebs \u201cUngjill\u00ebzimi i Hyjlind\u00ebses\u201d, n\u00eb Tiran\u00eb. &nbsp;&nbsp;&nbsp; Takimi u hap me lutje dhe m\u00eb pas foli Kryepiskopi Anastas, i\" \/>\n<meta property=\"og:url\" content=\"https:\/\/orthodoxalbania.org\/2020\/2013\/11\/05\/u-krijua-lidhja-e-intelektualeve-orthodhokse-te-kishes-orthodhokse-autoqefale-te-shqiperise\/\" \/>\n<meta property=\"og:site_name\" content=\"Kisha Orthodh\u03bfkse Autoqefale e Shqip\u00ebris\u00eb\" \/>\n<meta property=\"article:publisher\" content=\"https:\/\/www.facebook.com\/koash1991\" \/>\n<meta property=\"article:published_time\" content=\"2013-11-05T13:22:09+00:00\" \/>\n<meta property=\"article:modified_time\" content=\"2020-04-06T20:05:29+00:00\" \/>\n<meta property=\"og:image\" content=\"https:\/\/lh3.googleusercontent.com\/-IVSQ4BAvCWI\/UnjtYBciRRI\/AAAAAAAAG0I\/Y9oOGWkuKhA\/w702-h468-no\/DSC_0093.JPG\" \/>\n<meta name=\"author\" content=\"Kisha Orthodhokse\" \/>\n<meta name=\"twitter:card\" content=\"summary_large_image\" \/>\n<meta name=\"twitter:label1\" content=\"Written by\" \/>\n\t<meta name=\"twitter:data1\" content=\"Kisha Orthodhokse\" \/>\n\t<meta name=\"twitter:label2\" content=\"Est. reading time\" \/>\n\t<meta name=\"twitter:data2\" content=\"3 minutes\" \/>\n<script type=\"application\/ld+json\" class=\"yoast-schema-graph\">{\"@context\":\"https:\/\/schema.org\",\"@graph\":[{\"@type\":\"Article\",\"@id\":\"https:\/\/orthodoxalbania.org\/2020\/2013\/11\/05\/u-krijua-lidhja-e-intelektualeve-orthodhokse-te-kishes-orthodhokse-autoqefale-te-shqiperise\/#article\",\"isPartOf\":{\"@id\":\"https:\/\/orthodoxalbania.org\/2020\/2013\/11\/05\/u-krijua-lidhja-e-intelektualeve-orthodhokse-te-kishes-orthodhokse-autoqefale-te-shqiperise\/\"},\"author\":{\"name\":\"Kisha Orthodhokse\",\"@id\":\"https:\/\/orthodoxalbania.org\/2020\/#\/schema\/person\/0c387634a7063ac612d7ed9ce71c7e86\"},\"headline\":\"U krijua Lidhja e Intelektual\u00ebve Orthodhoks\u00eb t\u00eb Kish\u00ebs Orthodhokse Autoqefale t\u00eb Shqip\u00ebris\u00eb. (12 Tetor 2013)\",\"datePublished\":\"2013-11-05T13:22:09+00:00\",\"dateModified\":\"2020-04-06T20:05:29+00:00\",\"mainEntityOfPage\":{\"@id\":\"https:\/\/orthodoxalbania.org\/2020\/2013\/11\/05\/u-krijua-lidhja-e-intelektualeve-orthodhokse-te-kishes-orthodhokse-autoqefale-te-shqiperise\/\"},\"wordCount\":667,\"commentCount\":0,\"publisher\":{\"@id\":\"https:\/\/orthodoxalbania.org\/2020\/#organization\"},\"image\":{\"@id\":\"https:\/\/orthodoxalbania.org\/2020\/2013\/11\/05\/u-krijua-lidhja-e-intelektualeve-orthodhokse-te-kishes-orthodhokse-autoqefale-te-shqiperise\/#primaryimage\"},\"thumbnailUrl\":\"https:\/\/lh3.googleusercontent.com\/-IVSQ4BAvCWI\/UnjtYBciRRI\/AAAAAAAAG0I\/Y9oOGWkuKhA\/w702-h468-no\/DSC_0093.JPG\",\"keywords\":[\"2013\",\"Deklarata - Njoftime Zyrtare\",\"Kryepiskopata Tiran\u00eb\",\"Kryepiskopi Anastas\",\"lajme\",\"Lidhja e Intelektual\u00ebve Orthodhoks\u00eb\"],\"articleSection\":[\"Lajme\"],\"inLanguage\":\"en-US\"},{\"@type\":\"WebPage\",\"@id\":\"https:\/\/orthodoxalbania.org\/2020\/2013\/11\/05\/u-krijua-lidhja-e-intelektualeve-orthodhokse-te-kishes-orthodhokse-autoqefale-te-shqiperise\/\",\"url\":\"https:\/\/orthodoxalbania.org\/2020\/2013\/11\/05\/u-krijua-lidhja-e-intelektualeve-orthodhokse-te-kishes-orthodhokse-autoqefale-te-shqiperise\/\",\"name\":\"U krijua Lidhja e Intelektual\u00ebve Orthodhoks\u00eb t\u00eb Kish\u00ebs Orthodhokse Autoqefale t\u00eb Shqip\u00ebris\u00eb. (12 Tetor 2013) - Kisha Orthodh\u03bfkse Autoqefale e Shqip\u00ebris\u00eb\",\"isPartOf\":{\"@id\":\"https:\/\/orthodoxalbania.org\/2020\/#website\"},\"primaryImageOfPage\":{\"@id\":\"https:\/\/orthodoxalbania.org\/2020\/2013\/11\/05\/u-krijua-lidhja-e-intelektualeve-orthodhokse-te-kishes-orthodhokse-autoqefale-te-shqiperise\/#primaryimage\"},\"image\":{\"@id\":\"https:\/\/orthodoxalbania.org\/2020\/2013\/11\/05\/u-krijua-lidhja-e-intelektualeve-orthodhokse-te-kishes-orthodhokse-autoqefale-te-shqiperise\/#primaryimage\"},\"thumbnailUrl\":\"https:\/\/lh3.googleusercontent.com\/-IVSQ4BAvCWI\/UnjtYBciRRI\/AAAAAAAAG0I\/Y9oOGWkuKhA\/w702-h468-no\/DSC_0093.JPG\",\"datePublished\":\"2013-11-05T13:22:09+00:00\",\"dateModified\":\"2020-04-06T20:05:29+00:00\",\"breadcrumb\":{\"@id\":\"https:\/\/orthodoxalbania.org\/2020\/2013\/11\/05\/u-krijua-lidhja-e-intelektualeve-orthodhokse-te-kishes-orthodhokse-autoqefale-te-shqiperise\/#breadcrumb\"},\"inLanguage\":\"en-US\",\"potentialAction\":[{\"@type\":\"ReadAction\",\"target\":[\"https:\/\/orthodoxalbania.org\/2020\/2013\/11\/05\/u-krijua-lidhja-e-intelektualeve-orthodhokse-te-kishes-orthodhokse-autoqefale-te-shqiperise\/\"]}]},{\"@type\":\"ImageObject\",\"inLanguage\":\"en-US\",\"@id\":\"https:\/\/orthodoxalbania.org\/2020\/2013\/11\/05\/u-krijua-lidhja-e-intelektualeve-orthodhokse-te-kishes-orthodhokse-autoqefale-te-shqiperise\/#primaryimage\",\"url\":\"https:\/\/lh3.googleusercontent.com\/-IVSQ4BAvCWI\/UnjtYBciRRI\/AAAAAAAAG0I\/Y9oOGWkuKhA\/w702-h468-no\/DSC_0093.JPG\",\"contentUrl\":\"https:\/\/lh3.googleusercontent.com\/-IVSQ4BAvCWI\/UnjtYBciRRI\/AAAAAAAAG0I\/Y9oOGWkuKhA\/w702-h468-no\/DSC_0093.JPG\"},{\"@type\":\"BreadcrumbList\",\"@id\":\"https:\/\/orthodoxalbania.org\/2020\/2013\/11\/05\/u-krijua-lidhja-e-intelektualeve-orthodhokse-te-kishes-orthodhokse-autoqefale-te-shqiperise\/#breadcrumb\",\"itemListElement\":[{\"@type\":\"ListItem\",\"position\":1,\"name\":\"Home\",\"item\":\"https:\/\/orthodoxalbania.org\/2020\/\"},{\"@type\":\"ListItem\",\"position\":2,\"name\":\"U krijua Lidhja e Intelektual\u00ebve Orthodhoks\u00eb t\u00eb Kish\u00ebs Orthodhokse Autoqefale t\u00eb Shqip\u00ebris\u00eb. (12 Tetor 2013)\"}]},{\"@type\":\"WebSite\",\"@id\":\"https:\/\/orthodoxalbania.org\/2020\/#website\",\"url\":\"https:\/\/orthodoxalbania.org\/2020\/\",\"name\":\"Kisha Orthodh\u03bfkse Autoqefale e Shqip\u00ebris\u00eb\",\"description\":\"Fqja Zyrtare e Kish\u00ebs Orthodhokse Autoqefale e Shqip\u00ebris\u00eb me lajmet edhe informacionet zyrtare p\u00ebr struktur\u00ebn edhe veprimtarin e saj.\",\"publisher\":{\"@id\":\"https:\/\/orthodoxalbania.org\/2020\/#organization\"},\"potentialAction\":[{\"@type\":\"SearchAction\",\"target\":{\"@type\":\"EntryPoint\",\"urlTemplate\":\"https:\/\/orthodoxalbania.org\/2020\/?s={search_term_string}\"},\"query-input\":{\"@type\":\"PropertyValueSpecification\",\"valueRequired\":true,\"valueName\":\"search_term_string\"}}],\"inLanguage\":\"en-US\"},{\"@type\":\"Organization\",\"@id\":\"https:\/\/orthodoxalbania.org\/2020\/#organization\",\"name\":\"Kisha Orthodhokse Autoqefale e Shqip\u00ebris\u00eb\",\"url\":\"https:\/\/orthodoxalbania.org\/2020\/\",\"logo\":{\"@type\":\"ImageObject\",\"inLanguage\":\"en-US\",\"@id\":\"https:\/\/orthodoxalbania.org\/2020\/#\/schema\/logo\/image\/\",\"url\":\"https:\/\/orthodoxalbania.org\/2020\/wp-content\/uploads\/2020\/05\/albania.jpeg\",\"contentUrl\":\"https:\/\/orthodoxalbania.org\/2020\/wp-content\/uploads\/2020\/05\/albania.jpeg\",\"width\":540,\"height\":540,\"caption\":\"Kisha Orthodhokse Autoqefale e Shqip\u00ebris\u00eb\"},\"image\":{\"@id\":\"https:\/\/orthodoxalbania.org\/2020\/#\/schema\/logo\/image\/\"},\"sameAs\":[\"https:\/\/www.facebook.com\/koash1991\"]},{\"@type\":\"Person\",\"@id\":\"https:\/\/orthodoxalbania.org\/2020\/#\/schema\/person\/0c387634a7063ac612d7ed9ce71c7e86\",\"name\":\"Kisha Orthodhokse\",\"image\":{\"@type\":\"ImageObject\",\"inLanguage\":\"en-US\",\"@id\":\"https:\/\/secure.gravatar.com\/avatar\/596e7c417251e30f2fbb9c00e026fce61a695a00e51c889caded71c96cbbdde5?s=96&d=mm&r=g\",\"url\":\"https:\/\/secure.gravatar.com\/avatar\/596e7c417251e30f2fbb9c00e026fce61a695a00e51c889caded71c96cbbdde5?s=96&d=mm&r=g\",\"contentUrl\":\"https:\/\/secure.gravatar.com\/avatar\/596e7c417251e30f2fbb9c00e026fce61a695a00e51c889caded71c96cbbdde5?s=96&d=mm&r=g\",\"caption\":\"Kisha Orthodhokse\"}}]}<\/script>\n<!-- \/ Yoast SEO plugin. -->","yoast_head_json":{"title":"U krijua Lidhja e Intelektual\u00ebve Orthodhoks\u00eb t\u00eb Kish\u00ebs Orthodhokse Autoqefale t\u00eb Shqip\u00ebris\u00eb. (12 Tetor 2013) - Kisha Orthodh\u03bfkse Autoqefale e Shqip\u00ebris\u00eb","robots":{"index":"index","follow":"follow","max-snippet":"max-snippet:-1","max-image-preview":"max-image-preview:large","max-video-preview":"max-video-preview:-1"},"canonical":"https:\/\/orthodoxalbania.org\/2020\/2013\/11\/05\/u-krijua-lidhja-e-intelektualeve-orthodhokse-te-kishes-orthodhokse-autoqefale-te-shqiperise\/","og_locale":"en_US","og_type":"article","og_title":"U krijua Lidhja e Intelektual\u00ebve Orthodhoks\u00eb t\u00eb Kish\u00ebs Orthodhokse Autoqefale t\u00eb Shqip\u00ebris\u00eb. (12 Tetor 2013) - Kisha Orthodh\u03bfkse Autoqefale e Shqip\u00ebris\u00eb","og_description":"&nbsp;&nbsp;&nbsp; M\u00eb 12 tetor, u mbajt takimi i par\u00eb zyrtar i Lidhjes s\u00eb Intelektual\u00ebve Orthodhoks\u00eb t\u00eb Kish\u00ebs son\u00eb. N\u00eb t\u00eb mor\u00ebn pjes\u00eb intelektual\u00eb nga Kryepiskopata dhe p\u00ebrfaq\u00ebsues nga mitropolit\u00eb. Mori pjes\u00eb edhe Kryepiskopi Anastas, an\u00ebtar\u00eb t\u00eb Sinodit t\u00eb Shenjt\u00eb etj. Ai u zhvillua n\u00eb sall\u00ebn pran\u00eb kish\u00ebs \u201cUngjill\u00ebzimi i Hyjlind\u00ebses\u201d, n\u00eb Tiran\u00eb. &nbsp;&nbsp;&nbsp; Takimi u hap me lutje dhe m\u00eb pas foli Kryepiskopi Anastas, i","og_url":"https:\/\/orthodoxalbania.org\/2020\/2013\/11\/05\/u-krijua-lidhja-e-intelektualeve-orthodhokse-te-kishes-orthodhokse-autoqefale-te-shqiperise\/","og_site_name":"Kisha Orthodh\u03bfkse Autoqefale e Shqip\u00ebris\u00eb","article_publisher":"https:\/\/www.facebook.com\/koash1991","article_published_time":"2013-11-05T13:22:09+00:00","article_modified_time":"2020-04-06T20:05:29+00:00","og_image":[{"url":"https:\/\/lh3.googleusercontent.com\/-IVSQ4BAvCWI\/UnjtYBciRRI\/AAAAAAAAG0I\/Y9oOGWkuKhA\/w702-h468-no\/DSC_0093.JPG","type":"","width":"","height":""}],"author":"Kisha Orthodhokse","twitter_card":"summary_large_image","twitter_misc":{"Written by":"Kisha Orthodhokse","Est. reading time":"3 minutes"},"schema":{"@context":"https:\/\/schema.org","@graph":[{"@type":"Article","@id":"https:\/\/orthodoxalbania.org\/2020\/2013\/11\/05\/u-krijua-lidhja-e-intelektualeve-orthodhokse-te-kishes-orthodhokse-autoqefale-te-shqiperise\/#article","isPartOf":{"@id":"https:\/\/orthodoxalbania.org\/2020\/2013\/11\/05\/u-krijua-lidhja-e-intelektualeve-orthodhokse-te-kishes-orthodhokse-autoqefale-te-shqiperise\/"},"author":{"name":"Kisha Orthodhokse","@id":"https:\/\/orthodoxalbania.org\/2020\/#\/schema\/person\/0c387634a7063ac612d7ed9ce71c7e86"},"headline":"U krijua Lidhja e Intelektual\u00ebve Orthodhoks\u00eb t\u00eb Kish\u00ebs Orthodhokse Autoqefale t\u00eb Shqip\u00ebris\u00eb. (12 Tetor 2013)","datePublished":"2013-11-05T13:22:09+00:00","dateModified":"2020-04-06T20:05:29+00:00","mainEntityOfPage":{"@id":"https:\/\/orthodoxalbania.org\/2020\/2013\/11\/05\/u-krijua-lidhja-e-intelektualeve-orthodhokse-te-kishes-orthodhokse-autoqefale-te-shqiperise\/"},"wordCount":667,"commentCount":0,"publisher":{"@id":"https:\/\/orthodoxalbania.org\/2020\/#organization"},"image":{"@id":"https:\/\/orthodoxalbania.org\/2020\/2013\/11\/05\/u-krijua-lidhja-e-intelektualeve-orthodhokse-te-kishes-orthodhokse-autoqefale-te-shqiperise\/#primaryimage"},"thumbnailUrl":"https:\/\/lh3.googleusercontent.com\/-IVSQ4BAvCWI\/UnjtYBciRRI\/AAAAAAAAG0I\/Y9oOGWkuKhA\/w702-h468-no\/DSC_0093.JPG","keywords":["2013","Deklarata - Njoftime Zyrtare","Kryepiskopata Tiran\u00eb","Kryepiskopi Anastas","lajme","Lidhja e Intelektual\u00ebve Orthodhoks\u00eb"],"articleSection":["Lajme"],"inLanguage":"en-US"},{"@type":"WebPage","@id":"https:\/\/orthodoxalbania.org\/2020\/2013\/11\/05\/u-krijua-lidhja-e-intelektualeve-orthodhokse-te-kishes-orthodhokse-autoqefale-te-shqiperise\/","url":"https:\/\/orthodoxalbania.org\/2020\/2013\/11\/05\/u-krijua-lidhja-e-intelektualeve-orthodhokse-te-kishes-orthodhokse-autoqefale-te-shqiperise\/","name":"U krijua Lidhja e Intelektual\u00ebve Orthodhoks\u00eb t\u00eb Kish\u00ebs Orthodhokse Autoqefale t\u00eb Shqip\u00ebris\u00eb. (12 Tetor 2013) - Kisha Orthodh\u03bfkse Autoqefale e Shqip\u00ebris\u00eb","isPartOf":{"@id":"https:\/\/orthodoxalbania.org\/2020\/#website"},"primaryImageOfPage":{"@id":"https:\/\/orthodoxalbania.org\/2020\/2013\/11\/05\/u-krijua-lidhja-e-intelektualeve-orthodhokse-te-kishes-orthodhokse-autoqefale-te-shqiperise\/#primaryimage"},"image":{"@id":"https:\/\/orthodoxalbania.org\/2020\/2013\/11\/05\/u-krijua-lidhja-e-intelektualeve-orthodhokse-te-kishes-orthodhokse-autoqefale-te-shqiperise\/#primaryimage"},"thumbnailUrl":"https:\/\/lh3.googleusercontent.com\/-IVSQ4BAvCWI\/UnjtYBciRRI\/AAAAAAAAG0I\/Y9oOGWkuKhA\/w702-h468-no\/DSC_0093.JPG","datePublished":"2013-11-05T13:22:09+00:00","dateModified":"2020-04-06T20:05:29+00:00","breadcrumb":{"@id":"https:\/\/orthodoxalbania.org\/2020\/2013\/11\/05\/u-krijua-lidhja-e-intelektualeve-orthodhokse-te-kishes-orthodhokse-autoqefale-te-shqiperise\/#breadcrumb"},"inLanguage":"en-US","potentialAction":[{"@type":"ReadAction","target":["https:\/\/orthodoxalbania.org\/2020\/2013\/11\/05\/u-krijua-lidhja-e-intelektualeve-orthodhokse-te-kishes-orthodhokse-autoqefale-te-shqiperise\/"]}]},{"@type":"ImageObject","inLanguage":"en-US","@id":"https:\/\/orthodoxalbania.org\/2020\/2013\/11\/05\/u-krijua-lidhja-e-intelektualeve-orthodhokse-te-kishes-orthodhokse-autoqefale-te-shqiperise\/#primaryimage","url":"https:\/\/lh3.googleusercontent.com\/-IVSQ4BAvCWI\/UnjtYBciRRI\/AAAAAAAAG0I\/Y9oOGWkuKhA\/w702-h468-no\/DSC_0093.JPG","contentUrl":"https:\/\/lh3.googleusercontent.com\/-IVSQ4BAvCWI\/UnjtYBciRRI\/AAAAAAAAG0I\/Y9oOGWkuKhA\/w702-h468-no\/DSC_0093.JPG"},{"@type":"BreadcrumbList","@id":"https:\/\/orthodoxalbania.org\/2020\/2013\/11\/05\/u-krijua-lidhja-e-intelektualeve-orthodhokse-te-kishes-orthodhokse-autoqefale-te-shqiperise\/#breadcrumb","itemListElement":[{"@type":"ListItem","position":1,"name":"Home","item":"https:\/\/orthodoxalbania.org\/2020\/"},{"@type":"ListItem","position":2,"name":"U krijua Lidhja e Intelektual\u00ebve Orthodhoks\u00eb t\u00eb Kish\u00ebs Orthodhokse Autoqefale t\u00eb Shqip\u00ebris\u00eb. (12 Tetor 2013)"}]},{"@type":"WebSite","@id":"https:\/\/orthodoxalbania.org\/2020\/#website","url":"https:\/\/orthodoxalbania.org\/2020\/","name":"Kisha Orthodh\u03bfkse Autoqefale e Shqip\u00ebris\u00eb","description":"Fqja Zyrtare e Kish\u00ebs Orthodhokse Autoqefale e Shqip\u00ebris\u00eb me lajmet edhe informacionet zyrtare p\u00ebr struktur\u00ebn edhe veprimtarin e saj.","publisher":{"@id":"https:\/\/orthodoxalbania.org\/2020\/#organization"},"potentialAction":[{"@type":"SearchAction","target":{"@type":"EntryPoint","urlTemplate":"https:\/\/orthodoxalbania.org\/2020\/?s={search_term_string}"},"query-input":{"@type":"PropertyValueSpecification","valueRequired":true,"valueName":"search_term_string"}}],"inLanguage":"en-US"},{"@type":"Organization","@id":"https:\/\/orthodoxalbania.org\/2020\/#organization","name":"Kisha Orthodhokse Autoqefale e Shqip\u00ebris\u00eb","url":"https:\/\/orthodoxalbania.org\/2020\/","logo":{"@type":"ImageObject","inLanguage":"en-US","@id":"https:\/\/orthodoxalbania.org\/2020\/#\/schema\/logo\/image\/","url":"https:\/\/orthodoxalbania.org\/2020\/wp-content\/uploads\/2020\/05\/albania.jpeg","contentUrl":"https:\/\/orthodoxalbania.org\/2020\/wp-content\/uploads\/2020\/05\/albania.jpeg","width":540,"height":540,"caption":"Kisha Orthodhokse Autoqefale e Shqip\u00ebris\u00eb"},"image":{"@id":"https:\/\/orthodoxalbania.org\/2020\/#\/schema\/logo\/image\/"},"sameAs":["https:\/\/www.facebook.com\/koash1991"]},{"@type":"Person","@id":"https:\/\/orthodoxalbania.org\/2020\/#\/schema\/person\/0c387634a7063ac612d7ed9ce71c7e86","name":"Kisha Orthodhokse","image":{"@type":"ImageObject","inLanguage":"en-US","@id":"https:\/\/secure.gravatar.com\/avatar\/596e7c417251e30f2fbb9c00e026fce61a695a00e51c889caded71c96cbbdde5?s=96&d=mm&r=g","url":"https:\/\/secure.gravatar.com\/avatar\/596e7c417251e30f2fbb9c00e026fce61a695a00e51c889caded71c96cbbdde5?s=96&d=mm&r=g","contentUrl":"https:\/\/secure.gravatar.com\/avatar\/596e7c417251e30f2fbb9c00e026fce61a695a00e51c889caded71c96cbbdde5?s=96&d=mm&r=g","caption":"Kisha Orthodhokse"}}]}},"_links":{"self":[{"href":"https:\/\/orthodoxalbania.org\/2020\/wp-json\/wp\/v2\/posts\/1479","targetHints":{"allow":["GET"]}}],"collection":[{"href":"https:\/\/orthodoxalbania.org\/2020\/wp-json\/wp\/v2\/posts"}],"about":[{"href":"https:\/\/orthodoxalbania.org\/2020\/wp-json\/wp\/v2\/types\/post"}],"author":[{"embeddable":true,"href":"https:\/\/orthodoxalbania.org\/2020\/wp-json\/wp\/v2\/users\/1"}],"replies":[{"embeddable":true,"href":"https:\/\/orthodoxalbania.org\/2020\/wp-json\/wp\/v2\/comments?post=1479"}],"version-history":[{"count":1,"href":"https:\/\/orthodoxalbania.org\/2020\/wp-json\/wp\/v2\/posts\/1479\/revisions"}],"predecessor-version":[{"id":15161,"href":"https:\/\/orthodoxalbania.org\/2020\/wp-json\/wp\/v2\/posts\/1479\/revisions\/15161"}],"wp:attachment":[{"href":"https:\/\/orthodoxalbania.org\/2020\/wp-json\/wp\/v2\/media?parent=1479"}],"wp:term":[{"taxonomy":"category","embeddable":true,"href":"https:\/\/orthodoxalbania.org\/2020\/wp-json\/wp\/v2\/categories?post=1479"},{"taxonomy":"post_tag","embeddable":true,"href":"https:\/\/orthodoxalbania.org\/2020\/wp-json\/wp\/v2\/tags?post=1479"}],"curies":[{"name":"wp","href":"https:\/\/api.w.org\/{rel}","templated":true}]}}