{"id":1478,"date":"2013-03-21T10:03:45","date_gmt":"2013-03-21T10:03:45","guid":{"rendered":""},"modified":"2020-04-06T22:31:59","modified_gmt":"2020-04-06T20:31:59","slug":"u-kremtua-me-solemnitet-lindja-e-hyjlindeses-ne-manastirin-e-ardenices","status":"publish","type":"post","link":"https:\/\/orthodoxalbania.org\/2020\/2013\/03\/21\/u-kremtua-me-solemnitet-lindja-e-hyjlindeses-ne-manastirin-e-ardenices\/","title":{"rendered":"U kremtua me solemnitet Lindja e Hyjlind\u00ebses, n\u00eb Manastirin e Ardenic\u00ebs. (Shtator 2011)"},"content":{"rendered":"<div class=\"style10\" style=\"text-align: justify;\"><span style=\"color: #000000;\"><span style=\"font-family: tahoma,geneva,sans-serif;\"><span style=\"font-size: 12px;\"><img decoding=\"async\" class=\"lazyload HAa Eha\" style=\"height: 182px; width: 242px; border-width: 1px; border-style: solid; margin: 10px; float: left;\" alt=\"\" src=\"data:image\/gif;base64,R0lGODlhAQABAAAAACH5BAEKAAEALAAAAAABAAEAAAICTAEAOw==\" data-orig-src=\"https:\/\/lh5.googleusercontent.com\/-X0__X86Iw2I\/VAQ5HpUlUeI\/AAAAAAAACgc\/MyoqsXK-0cU\/w640-h480-no\/1.JPG\" \/>&nbsp; &nbsp; Kremtimi i festave m\u00eb kryesore t\u00eb vitit liturgjik nuk kishte se si t\u00eb fillonte ndryshe, ve\u00e7se me kremtimin e Lindjes s\u00eb t\u00eb T\u00ebr\u00ebshenjt\u00ebs, Hyjlind\u00ebses Mari n\u00eb 8 shtator. Lindja e saj p\u00ebrb\u00ebn nj\u00eb nga pik\u00ebnisjet e shp\u00ebtimit t\u00eb gjinis\u00eb njer\u00ebzore duke qen\u00eb k\u00ebshtu, nj\u00eb nga stacionet m\u00eb kryesore t\u00eb vitit liturgjikal.<\/span><\/span><\/span><\/div>\n<div class=\"style10\" style=\"text-align: justify;\"> <span style=\"color: #000000;\"><span style=\"font-family: tahoma,geneva,sans-serif;\"><span style=\"font-size: 12px;\">&nbsp;&nbsp; Madh\u00ebshtia e k\u00ebsaj feste, u nd\u00ebrthur dhe u nj\u00ebsua aq bukur me atmosfer\u00ebn kataniktike q\u00eb t\u00eb ofron vet\u00eb Manastiri i Hirsh\u00ebm i \u201cLindjes s\u00eb Hyjlind\u00ebses\u201d, n\u00eb Ardenic\u00eb t\u00eb&nbsp; Lushnj\u00ebs.<\/span><\/span><\/span><\/div>\n<div class=\"style10\" style=\"text-align: justify;\"> <span style=\"color: #000000;\"><span style=\"font-family: tahoma,geneva,sans-serif;\"><span style=\"font-size: 12px;\">&nbsp; &nbsp; Shpres\u00ebtar\u00eb nga zonat p\u00ebrreth manastirit si edhe nga qytete t\u00eb ndryshme t\u00eb Shqip\u00ebris\u00eb u mblodh\u00ebn p\u00ebr t\u00eb marr\u00eb pjes\u00eb n\u00eb agripnin\u00eb q\u00eb do t\u00eb kryhej me rastin e k\u00ebtij panairi t\u00eb ve\u00e7ant\u00eb. Agripnia e cila filloj rreth or\u00ebs 21 t\u00eb dat\u00ebs 7 shtator u kryesua nga Mitropoliti i Beratit, Vlor\u00ebs, Kanin\u00ebs dhe gjith\u00eb Myzeqes\u00eb, Imzot Ignati. Kremtimi filloi me sh\u00ebrbes\u00ebn e Pasdark\u00ebs s\u00eb Vog\u00ebl, p\u00ebr t\u00eb vazhduar m\u00eb pas me sh\u00ebrbesat e Mbr\u00ebm\u00ebsores si dhe t\u00eb M\u00ebngjesores. Sh\u00ebrbesat e lartp\u00ebrmendura, u kuror\u00ebzuan me Liturgjin\u00eb Hyjnore e cila u krye n\u00eb kish\u00ebn e dyt\u00eb t\u00eb Manastirit, dedikuar Trinis\u00eb s\u00eb Shenjt\u00eb.<\/span><\/span><\/span><\/div>\n<div class=\"style10\" style=\"text-align: justify;\"> <span style=\"color: #000000;\"><span style=\"font-family: tahoma,geneva,sans-serif;\"><span style=\"font-size: 12px;\">&nbsp; &nbsp; Me po t\u00eb nj\u00ebjt\u00ebn atmosfer\u00eb festive t\u00eb nes\u00ebrmen, n\u00eb kish\u00ebn qendrore t\u00eb Lindjes s\u00eb Hyjlind\u00ebses, u krye p\u00ebrs\u00ebri Liturgjia Hyjnore k\u00ebsaj radhe e drejtuar nga, Imzot Ignati. N\u00eb fund t\u00eb Liturgjis\u00eb s\u00eb Shenjt\u00eb u lexua predikimi i dit\u00ebs n\u00eb t\u00eb cil\u00ebn Hir\u00ebsia e Tij, Imzot Ignati theksonte:<\/span><\/span><\/span><\/div>\n<div class=\"style10\" style=\"text-align: justify;\"> <span style=\"color: #000000;\"><span style=\"font-family: tahoma,geneva,sans-serif;\"><span style=\"font-size: 12px;\"><img decoding=\"async\" class=\"lazyload HAa Eha\" style=\"height: 207px; width: 276px; border-width: 1px; border-style: solid; margin: 10px; float: right;\" alt=\"\" src=\"data:image\/gif;base64,R0lGODlhAQABAAAAACH5BAEKAAEALAAAAAABAAEAAAICTAEAOw==\" data-orig-src=\"https:\/\/lh4.googleusercontent.com\/-Ong05WoJD0c\/VAQ5HagTEiI\/AAAAAAAACgs\/__wwcs-6N24\/w640-h480-no\/2.JPG\" \/>&nbsp; &nbsp; \u201cAsnj\u00eb grua n\u00eb bot\u00eb nuk u denj\u00ebsua me nj\u00eb nder kaq t\u00eb madh sa e T\u00ebr\u00ebshenjta, Virgj\u00ebresha Mari, q\u00eb u b\u00eb n\u00ebna e Per\u00ebndis\u00eb n\u00eb tok\u00eb. Prandaj, brezat e besimtar\u00ebve, lum\u00ebrojn\u00eb t\u00eb T\u00ebr\u00ebshenjt\u00ebn Hyjlind\u00ebse, ashtu si edhe ajo e tha n\u00eb m\u00ebnyr\u00eb profetike: <em>\u201csepse ja, q\u00eb tani e tutje gjith\u00eb brezat do t\u00eb m\u00eb lum\u00ebrojn\u00eb\u201d (Luka 1, 48)<\/em>. Dhe shpirti i \u00e7do t\u00eb krishteri kthehet gjithmon\u00eb, me guximin dhe besimin e f\u00ebmij\u00ebs, tek e T\u00ebr\u00ebshenjta, sepse ajo \u00ebsht\u00eb n\u00ebna dhe n\u00eb personin e saj t\u00eb t\u00ebr\u00ebshenjt\u00eb \u00e7do besimtar shikon n\u00ebn\u00ebn e tij; at\u00eb q\u00eb i dha gji, q\u00eb e mbajti n\u00eb duart e saj, q\u00eb e mbrojti dhe e ngrohu n\u00eb prehrin e saj. T\u00eb T\u00ebr\u00ebshenjt\u00ebs, n\u00ebn\u00ebs Mari Virgj\u00ebresh\u00eb i p\u00ebrket \u00e7do mall dhe dashuri, \u00e7do nder dhe respekt, nga t\u00eb gjith\u00eb ne.<\/span><\/span><\/span><\/div>\n<div class=\"style10\" style=\"text-align: justify;\"> <span style=\"color: #000000;\"><span style=\"font-family: tahoma,geneva,sans-serif;\"><span style=\"font-size: 12px;\">&nbsp; &nbsp; Lindja e Hyjlind\u00ebses <em>\u201ci dha g\u00ebzim gjith\u00eb bot\u00ebs\u201d,<\/em> sepse nga ajo <em>\u201cdo t\u00eb lindte dielli i drejt\u00ebsis\u00eb\u201d<\/em>. Nga vler\u00ebsimi i r\u00ebnd\u00ebsis\u00eb, mbas lindjes s\u00eb Krishtit, vjen lindja e Hyjlind\u00ebses. Pa Hyjlind\u00ebsen, njer\u00ebzimi do t\u00eb p\u00ebrballej akoma me dallg\u00ebt, n\u00eb oqeanet e pasiguris\u00eb dhe t\u00eb kaosit. Hyjlind\u00ebsja ofroi qasht\u00ebrsin\u00eb e saj, p\u00ebrul\u00ebsin\u00eb e saj, bes\u00ebn e saj te Krishti dhe k\u00ebshtu erdhi Krishti n\u00eb tok\u00eb. Pa <img decoding=\"async\" class=\"lazyload HAa Eha\" style=\"height: 207px; width: 276px; border-width: 1px; border-style: solid; margin: 10px; float: left;\" alt=\"\" src=\"data:image\/gif;base64,R0lGODlhAQABAAAAACH5BAEKAAEALAAAAAABAAEAAAICTAEAOw==\" data-orig-src=\"https:\/\/lh5.googleusercontent.com\/-IVDQ2eNh0aA\/VAQ5HiKfJHI\/AAAAAAAACgQ\/8vZcc5mi1y8\/w640-h480-no\/3.JPG\" \/>k\u00ebto do t\u00eb ishte e pamundur t\u00eb trup\u00ebzohej Hyjnia. Nuk mundte t\u00eb lindte brenda egoizmit, pabesis\u00eb dhe pandershm\u00ebris\u00eb. Biri i Per\u00ebndis\u00eb, q\u00eb t\u00eb lindet, donte tempullin m\u00eb t\u00eb qasht\u00ebr dhe t\u00eb gjall\u00eb t\u00eb s\u00eb T\u00ebr\u00ebshenjt\u00ebs. E P\u00ebrmbishenjta Hyjlind\u00ebse \u00ebsht\u00eb fryt i lutjes t\u00eb Hyjprind\u00ebrve t\u00eb shenjt\u00eb, Joakimit dhe An\u00ebs, t\u00eb cil\u00ebt jan\u00eb t\u00eb denj\u00eb p\u00ebr t\u2019u lum\u00ebruar dhe kujtuar n\u00eb \u00e7do Sh\u00ebrbes\u00eb dhe Mesh\u00eb Hyjnore, t\u00eb cilat mbarojn\u00eb me nd\u00ebrmjetimet e <em>\u201cHyjprind\u00ebrve t\u00eb Shenjt\u00eb dhe t\u00eb Drejt\u00eb, Joakimit dhe An\u00ebs\u201d<\/em>. \u00cbsht\u00eb f\u00ebmij\u00eb i martes\u00ebs, q\u00eb t\u00eb bekoj\u00eb martes\u00ebn dhe familjen. Hyjlind\u00ebsja Mari \u00ebsht\u00eb f\u00ebmij\u00eb, q\u00eb t\u00eb mbroj\u00eb f\u00ebmij\u00ebt dhe t\u00eb rinjt\u00eb. \u00cbsht\u00eb e Virgj\u00ebr, q\u00eb t\u00eb p\u00ebrb\u00ebj\u00eb mburrjen e virgj\u00ebris\u00eb dhe murin mbrojt\u00ebs t\u00eb virgj\u00ebreshave. \u00cbsht\u00eb n\u00ebn\u00eb, q\u00eb t\u00eb mbuloj\u00eb me dhimbsuri gjith\u00eb bot\u00ebn.<\/span><\/span><\/span><\/div>\n<div class=\"style10\" style=\"text-align: justify;\"> <span style=\"color: #000000;\"><span style=\"font-family: tahoma,geneva,sans-serif;\"><span style=\"font-size: 12px;\">&nbsp; &nbsp; E P\u00ebrmbishenjt\u00eb Hyjlind\u00ebse! Ty t\u00eb kemi, n\u00eb tok\u00eb, mburoj\u00eb dhe p\u00ebrkrahje. Ty t\u00eb kemi n\u00eb qiell nd\u00ebrmjet\u00ebse dhe shpres\u00eb p\u00ebrkrah\u00eb fronit t\u00eb Jisuit dhe Per\u00ebndis\u00eb T\u00ebnd. Nd\u00ebrmjeto p\u00ebr bot\u00ebn t\u00ebnde! Nd\u00ebrmjeto p\u00ebr rinin\u00eb t\u00ebnde! Nd\u00ebrmjeto p\u00ebr f\u00ebmij\u00ebt! Nd\u00ebrmjeto p\u00ebr t\u00eb pik\u00eblluarit! Dhuroju durim dhe sh\u00ebrim t\u00eb s\u00ebmur\u00ebve! Ktheji t\u00eb mashtruarit dhe \u00e7liroi nga rrjetat e t\u00eb ligut. Nd\u00ebrmjeto p\u00ebr t\u00eb gjith\u00eb, o Hyjlind\u00ebse Virgj\u00ebresh\u00eb!\u201d<\/span><\/span><\/span><\/div>\n<div class=\"style10\" style=\"text-align: justify;\">&nbsp;<\/div>\n<div class=\"style10\" style=\"text-align: right;\"> <span style=\"color: #000000;\"><span style=\"font-family: tahoma,geneva,sans-serif;\"><span style=\"font-size: 12px;\"><strong>Joan Qako<\/strong><\/span><\/span><\/span><\/div>\n<div class=\"style10\" style=\"text-align: right;\">&nbsp;<\/div>\n<p><img decoding=\"async\" class=\"lazyload HAa Eha\" style=\"height: 243px; width: 324px; border-width: 1px; border-style: solid; margin: 10px auto;\" alt=\"\" src=\"data:image\/gif;base64,R0lGODlhAQABAAAAACH5BAEKAAEALAAAAAABAAEAAAICTAEAOw==\" data-orig-src=\"https:\/\/lh4.googleusercontent.com\/-I2t1d6QiTXE\/VAQ5IZfjGxI\/AAAAAAAACgg\/NYryzkP_8b8\/w640-h480-no\/4.JPG\" \/><img decoding=\"async\" class=\"lazyload HAa Eha\" style=\"height: 243px; width: 324px; border-width: 1px; border-style: solid; margin: 10px auto;\" alt=\"\" src=\"data:image\/gif;base64,R0lGODlhAQABAAAAACH5BAEKAAEALAAAAAABAAEAAAICTAEAOw==\" data-orig-src=\"https:\/\/lh6.googleusercontent.com\/-hz2yXU1LqcQ\/VAQ5I5FxrZI\/AAAAAAAACgk\/r30fcRxVkuY\/w640-h480-no\/5.JPG\" \/><\/p>\n<div class=\"style10\" style=\"text-align: right;\">&nbsp;<\/div>\n<div>\n<p>&nbsp;<\/p><\/div>\n","protected":false},"excerpt":{"rendered":"<p>&nbsp; &nbsp; Kremtimi i festave m\u00eb kryesore t\u00eb vitit liturgjik nuk kishte se si t\u00eb fillonte ndryshe, ve\u00e7se me kremtimin e Lindjes s\u00eb t\u00eb T\u00ebr\u00ebshenjt\u00ebs, Hyjlind\u00ebses Mari n\u00eb 8 shtator. Lindja e saj p\u00ebrb\u00ebn nj\u00eb nga pik\u00ebnisjet e shp\u00ebtimit t\u00eb gjinis\u00eb njer\u00ebzore duke qen\u00eb k\u00ebshtu, nj\u00eb nga stacionet m\u00eb kryesore t\u00eb vitit liturgjikal. &nbsp;&nbsp; Madh\u00ebshtia e k\u00ebsaj feste, u nd\u00ebrthur dhe u nj\u00ebsua aq bukur<\/p>\n","protected":false},"author":1,"featured_media":0,"comment_status":"open","ping_status":"open","sticky":false,"template":"","format":"standard","meta":{"_acf_changed":false,"pagelayer_contact_templates":[],"_pagelayer_content":"","inline_featured_image":false,"fifu_image_url":"","fifu_image_alt":"","footnotes":""},"categories":[108],"tags":[143,157,212,197],"class_list":["post-1478","post","type-post","status-publish","format-standard","hentry","category-lajme","tag-143","tag-kremtime","tag-lajme-d27","tag-berat"],"acf":[],"yoast_head":"<!-- This site is optimized with the Yoast SEO plugin v27.2 - https:\/\/yoast.com\/product\/yoast-seo-wordpress\/ -->\n<title>U kremtua me solemnitet Lindja e Hyjlind\u00ebses, n\u00eb Manastirin e Ardenic\u00ebs. (Shtator 2011) - Kisha Orthodh\u03bfkse Autoqefale e Shqip\u00ebris\u00eb<\/title>\n<meta name=\"robots\" content=\"index, follow, max-snippet:-1, max-image-preview:large, max-video-preview:-1\" \/>\n<link rel=\"canonical\" href=\"https:\/\/orthodoxalbania.org\/2020\/2013\/03\/21\/u-kremtua-me-solemnitet-lindja-e-hyjlindeses-ne-manastirin-e-ardenices\/\" \/>\n<meta property=\"og:locale\" content=\"en_US\" \/>\n<meta property=\"og:type\" content=\"article\" \/>\n<meta property=\"og:title\" content=\"U kremtua me solemnitet Lindja e Hyjlind\u00ebses, n\u00eb Manastirin e Ardenic\u00ebs. (Shtator 2011) - Kisha Orthodh\u03bfkse Autoqefale e Shqip\u00ebris\u00eb\" \/>\n<meta property=\"og:description\" content=\"&nbsp; &nbsp; Kremtimi i festave m\u00eb kryesore t\u00eb vitit liturgjik nuk kishte se si t\u00eb fillonte ndryshe, ve\u00e7se me kremtimin e Lindjes s\u00eb t\u00eb T\u00ebr\u00ebshenjt\u00ebs, Hyjlind\u00ebses Mari n\u00eb 8 shtator. Lindja e saj p\u00ebrb\u00ebn nj\u00eb nga pik\u00ebnisjet e shp\u00ebtimit t\u00eb gjinis\u00eb njer\u00ebzore duke qen\u00eb k\u00ebshtu, nj\u00eb nga stacionet m\u00eb kryesore t\u00eb vitit liturgjikal. &nbsp;&nbsp; Madh\u00ebshtia e k\u00ebsaj feste, u nd\u00ebrthur dhe u nj\u00ebsua aq bukur\" \/>\n<meta property=\"og:url\" content=\"https:\/\/orthodoxalbania.org\/2020\/2013\/03\/21\/u-kremtua-me-solemnitet-lindja-e-hyjlindeses-ne-manastirin-e-ardenices\/\" \/>\n<meta property=\"og:site_name\" content=\"Kisha Orthodh\u03bfkse Autoqefale e Shqip\u00ebris\u00eb\" \/>\n<meta property=\"article:publisher\" content=\"https:\/\/www.facebook.com\/koash1991\" \/>\n<meta property=\"article:published_time\" content=\"2013-03-21T10:03:45+00:00\" \/>\n<meta property=\"article:modified_time\" content=\"2020-04-06T20:31:59+00:00\" \/>\n<meta property=\"og:image\" content=\"https:\/\/lh5.googleusercontent.com\/-X0__X86Iw2I\/VAQ5HpUlUeI\/AAAAAAAACgc\/MyoqsXK-0cU\/w640-h480-no\/1.JPG\" \/>\n<meta name=\"author\" content=\"Kisha Orthodhokse\" \/>\n<meta name=\"twitter:card\" content=\"summary_large_image\" \/>\n<meta name=\"twitter:label1\" content=\"Written by\" \/>\n\t<meta name=\"twitter:data1\" content=\"Kisha Orthodhokse\" \/>\n\t<meta name=\"twitter:label2\" content=\"Est. reading time\" \/>\n\t<meta name=\"twitter:data2\" content=\"4 minutes\" \/>\n<script type=\"application\/ld+json\" class=\"yoast-schema-graph\">{\"@context\":\"https:\/\/schema.org\",\"@graph\":[{\"@type\":\"Article\",\"@id\":\"https:\/\/orthodoxalbania.org\/2020\/2013\/03\/21\/u-kremtua-me-solemnitet-lindja-e-hyjlindeses-ne-manastirin-e-ardenices\/#article\",\"isPartOf\":{\"@id\":\"https:\/\/orthodoxalbania.org\/2020\/2013\/03\/21\/u-kremtua-me-solemnitet-lindja-e-hyjlindeses-ne-manastirin-e-ardenices\/\"},\"author\":{\"name\":\"Kisha Orthodhokse\",\"@id\":\"https:\/\/orthodoxalbania.org\/2020\/#\/schema\/person\/0c387634a7063ac612d7ed9ce71c7e86\"},\"headline\":\"U kremtua me solemnitet Lindja e Hyjlind\u00ebses, n\u00eb Manastirin e Ardenic\u00ebs. (Shtator 2011)\",\"datePublished\":\"2013-03-21T10:03:45+00:00\",\"dateModified\":\"2020-04-06T20:31:59+00:00\",\"mainEntityOfPage\":{\"@id\":\"https:\/\/orthodoxalbania.org\/2020\/2013\/03\/21\/u-kremtua-me-solemnitet-lindja-e-hyjlindeses-ne-manastirin-e-ardenices\/\"},\"wordCount\":808,\"commentCount\":0,\"publisher\":{\"@id\":\"https:\/\/orthodoxalbania.org\/2020\/#organization\"},\"image\":{\"@id\":\"https:\/\/orthodoxalbania.org\/2020\/2013\/03\/21\/u-kremtua-me-solemnitet-lindja-e-hyjlindeses-ne-manastirin-e-ardenices\/#primaryimage\"},\"thumbnailUrl\":\"https:\/\/lh5.googleusercontent.com\/-X0__X86Iw2I\/VAQ5HpUlUeI\/AAAAAAAACgc\/MyoqsXK-0cU\/w640-h480-no\/1.JPG\",\"keywords\":[\"2011\",\"Kremtime\",\"lajme\",\"Mitropolia Berat\"],\"articleSection\":[\"Lajme\"],\"inLanguage\":\"en-US\"},{\"@type\":\"WebPage\",\"@id\":\"https:\/\/orthodoxalbania.org\/2020\/2013\/03\/21\/u-kremtua-me-solemnitet-lindja-e-hyjlindeses-ne-manastirin-e-ardenices\/\",\"url\":\"https:\/\/orthodoxalbania.org\/2020\/2013\/03\/21\/u-kremtua-me-solemnitet-lindja-e-hyjlindeses-ne-manastirin-e-ardenices\/\",\"name\":\"U kremtua me solemnitet Lindja e Hyjlind\u00ebses, n\u00eb Manastirin e Ardenic\u00ebs. (Shtator 2011) - Kisha Orthodh\u03bfkse Autoqefale e Shqip\u00ebris\u00eb\",\"isPartOf\":{\"@id\":\"https:\/\/orthodoxalbania.org\/2020\/#website\"},\"primaryImageOfPage\":{\"@id\":\"https:\/\/orthodoxalbania.org\/2020\/2013\/03\/21\/u-kremtua-me-solemnitet-lindja-e-hyjlindeses-ne-manastirin-e-ardenices\/#primaryimage\"},\"image\":{\"@id\":\"https:\/\/orthodoxalbania.org\/2020\/2013\/03\/21\/u-kremtua-me-solemnitet-lindja-e-hyjlindeses-ne-manastirin-e-ardenices\/#primaryimage\"},\"thumbnailUrl\":\"https:\/\/lh5.googleusercontent.com\/-X0__X86Iw2I\/VAQ5HpUlUeI\/AAAAAAAACgc\/MyoqsXK-0cU\/w640-h480-no\/1.JPG\",\"datePublished\":\"2013-03-21T10:03:45+00:00\",\"dateModified\":\"2020-04-06T20:31:59+00:00\",\"breadcrumb\":{\"@id\":\"https:\/\/orthodoxalbania.org\/2020\/2013\/03\/21\/u-kremtua-me-solemnitet-lindja-e-hyjlindeses-ne-manastirin-e-ardenices\/#breadcrumb\"},\"inLanguage\":\"en-US\",\"potentialAction\":[{\"@type\":\"ReadAction\",\"target\":[\"https:\/\/orthodoxalbania.org\/2020\/2013\/03\/21\/u-kremtua-me-solemnitet-lindja-e-hyjlindeses-ne-manastirin-e-ardenices\/\"]}]},{\"@type\":\"ImageObject\",\"inLanguage\":\"en-US\",\"@id\":\"https:\/\/orthodoxalbania.org\/2020\/2013\/03\/21\/u-kremtua-me-solemnitet-lindja-e-hyjlindeses-ne-manastirin-e-ardenices\/#primaryimage\",\"url\":\"https:\/\/lh5.googleusercontent.com\/-X0__X86Iw2I\/VAQ5HpUlUeI\/AAAAAAAACgc\/MyoqsXK-0cU\/w640-h480-no\/1.JPG\",\"contentUrl\":\"https:\/\/lh5.googleusercontent.com\/-X0__X86Iw2I\/VAQ5HpUlUeI\/AAAAAAAACgc\/MyoqsXK-0cU\/w640-h480-no\/1.JPG\"},{\"@type\":\"BreadcrumbList\",\"@id\":\"https:\/\/orthodoxalbania.org\/2020\/2013\/03\/21\/u-kremtua-me-solemnitet-lindja-e-hyjlindeses-ne-manastirin-e-ardenices\/#breadcrumb\",\"itemListElement\":[{\"@type\":\"ListItem\",\"position\":1,\"name\":\"Home\",\"item\":\"https:\/\/orthodoxalbania.org\/2020\/\"},{\"@type\":\"ListItem\",\"position\":2,\"name\":\"U kremtua me solemnitet Lindja e Hyjlind\u00ebses, n\u00eb Manastirin e Ardenic\u00ebs. (Shtator 2011)\"}]},{\"@type\":\"WebSite\",\"@id\":\"https:\/\/orthodoxalbania.org\/2020\/#website\",\"url\":\"https:\/\/orthodoxalbania.org\/2020\/\",\"name\":\"Kisha Orthodh\u03bfkse Autoqefale e Shqip\u00ebris\u00eb\",\"description\":\"Fqja Zyrtare e Kish\u00ebs Orthodhokse Autoqefale e Shqip\u00ebris\u00eb me lajmet edhe informacionet zyrtare p\u00ebr struktur\u00ebn edhe veprimtarin e saj.\",\"publisher\":{\"@id\":\"https:\/\/orthodoxalbania.org\/2020\/#organization\"},\"potentialAction\":[{\"@type\":\"SearchAction\",\"target\":{\"@type\":\"EntryPoint\",\"urlTemplate\":\"https:\/\/orthodoxalbania.org\/2020\/?s={search_term_string}\"},\"query-input\":{\"@type\":\"PropertyValueSpecification\",\"valueRequired\":true,\"valueName\":\"search_term_string\"}}],\"inLanguage\":\"en-US\"},{\"@type\":\"Organization\",\"@id\":\"https:\/\/orthodoxalbania.org\/2020\/#organization\",\"name\":\"Kisha Orthodhokse Autoqefale e Shqip\u00ebris\u00eb\",\"url\":\"https:\/\/orthodoxalbania.org\/2020\/\",\"logo\":{\"@type\":\"ImageObject\",\"inLanguage\":\"en-US\",\"@id\":\"https:\/\/orthodoxalbania.org\/2020\/#\/schema\/logo\/image\/\",\"url\":\"https:\/\/orthodoxalbania.org\/2020\/wp-content\/uploads\/2020\/05\/albania.jpeg\",\"contentUrl\":\"https:\/\/orthodoxalbania.org\/2020\/wp-content\/uploads\/2020\/05\/albania.jpeg\",\"width\":540,\"height\":540,\"caption\":\"Kisha Orthodhokse Autoqefale e Shqip\u00ebris\u00eb\"},\"image\":{\"@id\":\"https:\/\/orthodoxalbania.org\/2020\/#\/schema\/logo\/image\/\"},\"sameAs\":[\"https:\/\/www.facebook.com\/koash1991\"]},{\"@type\":\"Person\",\"@id\":\"https:\/\/orthodoxalbania.org\/2020\/#\/schema\/person\/0c387634a7063ac612d7ed9ce71c7e86\",\"name\":\"Kisha Orthodhokse\",\"image\":{\"@type\":\"ImageObject\",\"inLanguage\":\"en-US\",\"@id\":\"https:\/\/secure.gravatar.com\/avatar\/596e7c417251e30f2fbb9c00e026fce61a695a00e51c889caded71c96cbbdde5?s=96&d=mm&r=g\",\"url\":\"https:\/\/secure.gravatar.com\/avatar\/596e7c417251e30f2fbb9c00e026fce61a695a00e51c889caded71c96cbbdde5?s=96&d=mm&r=g\",\"contentUrl\":\"https:\/\/secure.gravatar.com\/avatar\/596e7c417251e30f2fbb9c00e026fce61a695a00e51c889caded71c96cbbdde5?s=96&d=mm&r=g\",\"caption\":\"Kisha Orthodhokse\"}}]}<\/script>\n<!-- \/ Yoast SEO plugin. -->","yoast_head_json":{"title":"U kremtua me solemnitet Lindja e Hyjlind\u00ebses, n\u00eb Manastirin e Ardenic\u00ebs. (Shtator 2011) - Kisha Orthodh\u03bfkse Autoqefale e Shqip\u00ebris\u00eb","robots":{"index":"index","follow":"follow","max-snippet":"max-snippet:-1","max-image-preview":"max-image-preview:large","max-video-preview":"max-video-preview:-1"},"canonical":"https:\/\/orthodoxalbania.org\/2020\/2013\/03\/21\/u-kremtua-me-solemnitet-lindja-e-hyjlindeses-ne-manastirin-e-ardenices\/","og_locale":"en_US","og_type":"article","og_title":"U kremtua me solemnitet Lindja e Hyjlind\u00ebses, n\u00eb Manastirin e Ardenic\u00ebs. (Shtator 2011) - Kisha Orthodh\u03bfkse Autoqefale e Shqip\u00ebris\u00eb","og_description":"&nbsp; &nbsp; Kremtimi i festave m\u00eb kryesore t\u00eb vitit liturgjik nuk kishte se si t\u00eb fillonte ndryshe, ve\u00e7se me kremtimin e Lindjes s\u00eb t\u00eb T\u00ebr\u00ebshenjt\u00ebs, Hyjlind\u00ebses Mari n\u00eb 8 shtator. Lindja e saj p\u00ebrb\u00ebn nj\u00eb nga pik\u00ebnisjet e shp\u00ebtimit t\u00eb gjinis\u00eb njer\u00ebzore duke qen\u00eb k\u00ebshtu, nj\u00eb nga stacionet m\u00eb kryesore t\u00eb vitit liturgjikal. &nbsp;&nbsp; Madh\u00ebshtia e k\u00ebsaj feste, u nd\u00ebrthur dhe u nj\u00ebsua aq bukur","og_url":"https:\/\/orthodoxalbania.org\/2020\/2013\/03\/21\/u-kremtua-me-solemnitet-lindja-e-hyjlindeses-ne-manastirin-e-ardenices\/","og_site_name":"Kisha Orthodh\u03bfkse Autoqefale e Shqip\u00ebris\u00eb","article_publisher":"https:\/\/www.facebook.com\/koash1991","article_published_time":"2013-03-21T10:03:45+00:00","article_modified_time":"2020-04-06T20:31:59+00:00","og_image":[{"url":"https:\/\/lh5.googleusercontent.com\/-X0__X86Iw2I\/VAQ5HpUlUeI\/AAAAAAAACgc\/MyoqsXK-0cU\/w640-h480-no\/1.JPG","type":"","width":"","height":""}],"author":"Kisha Orthodhokse","twitter_card":"summary_large_image","twitter_misc":{"Written by":"Kisha Orthodhokse","Est. reading time":"4 minutes"},"schema":{"@context":"https:\/\/schema.org","@graph":[{"@type":"Article","@id":"https:\/\/orthodoxalbania.org\/2020\/2013\/03\/21\/u-kremtua-me-solemnitet-lindja-e-hyjlindeses-ne-manastirin-e-ardenices\/#article","isPartOf":{"@id":"https:\/\/orthodoxalbania.org\/2020\/2013\/03\/21\/u-kremtua-me-solemnitet-lindja-e-hyjlindeses-ne-manastirin-e-ardenices\/"},"author":{"name":"Kisha Orthodhokse","@id":"https:\/\/orthodoxalbania.org\/2020\/#\/schema\/person\/0c387634a7063ac612d7ed9ce71c7e86"},"headline":"U kremtua me solemnitet Lindja e Hyjlind\u00ebses, n\u00eb Manastirin e Ardenic\u00ebs. (Shtator 2011)","datePublished":"2013-03-21T10:03:45+00:00","dateModified":"2020-04-06T20:31:59+00:00","mainEntityOfPage":{"@id":"https:\/\/orthodoxalbania.org\/2020\/2013\/03\/21\/u-kremtua-me-solemnitet-lindja-e-hyjlindeses-ne-manastirin-e-ardenices\/"},"wordCount":808,"commentCount":0,"publisher":{"@id":"https:\/\/orthodoxalbania.org\/2020\/#organization"},"image":{"@id":"https:\/\/orthodoxalbania.org\/2020\/2013\/03\/21\/u-kremtua-me-solemnitet-lindja-e-hyjlindeses-ne-manastirin-e-ardenices\/#primaryimage"},"thumbnailUrl":"https:\/\/lh5.googleusercontent.com\/-X0__X86Iw2I\/VAQ5HpUlUeI\/AAAAAAAACgc\/MyoqsXK-0cU\/w640-h480-no\/1.JPG","keywords":["2011","Kremtime","lajme","Mitropolia Berat"],"articleSection":["Lajme"],"inLanguage":"en-US"},{"@type":"WebPage","@id":"https:\/\/orthodoxalbania.org\/2020\/2013\/03\/21\/u-kremtua-me-solemnitet-lindja-e-hyjlindeses-ne-manastirin-e-ardenices\/","url":"https:\/\/orthodoxalbania.org\/2020\/2013\/03\/21\/u-kremtua-me-solemnitet-lindja-e-hyjlindeses-ne-manastirin-e-ardenices\/","name":"U kremtua me solemnitet Lindja e Hyjlind\u00ebses, n\u00eb Manastirin e Ardenic\u00ebs. (Shtator 2011) - Kisha Orthodh\u03bfkse Autoqefale e Shqip\u00ebris\u00eb","isPartOf":{"@id":"https:\/\/orthodoxalbania.org\/2020\/#website"},"primaryImageOfPage":{"@id":"https:\/\/orthodoxalbania.org\/2020\/2013\/03\/21\/u-kremtua-me-solemnitet-lindja-e-hyjlindeses-ne-manastirin-e-ardenices\/#primaryimage"},"image":{"@id":"https:\/\/orthodoxalbania.org\/2020\/2013\/03\/21\/u-kremtua-me-solemnitet-lindja-e-hyjlindeses-ne-manastirin-e-ardenices\/#primaryimage"},"thumbnailUrl":"https:\/\/lh5.googleusercontent.com\/-X0__X86Iw2I\/VAQ5HpUlUeI\/AAAAAAAACgc\/MyoqsXK-0cU\/w640-h480-no\/1.JPG","datePublished":"2013-03-21T10:03:45+00:00","dateModified":"2020-04-06T20:31:59+00:00","breadcrumb":{"@id":"https:\/\/orthodoxalbania.org\/2020\/2013\/03\/21\/u-kremtua-me-solemnitet-lindja-e-hyjlindeses-ne-manastirin-e-ardenices\/#breadcrumb"},"inLanguage":"en-US","potentialAction":[{"@type":"ReadAction","target":["https:\/\/orthodoxalbania.org\/2020\/2013\/03\/21\/u-kremtua-me-solemnitet-lindja-e-hyjlindeses-ne-manastirin-e-ardenices\/"]}]},{"@type":"ImageObject","inLanguage":"en-US","@id":"https:\/\/orthodoxalbania.org\/2020\/2013\/03\/21\/u-kremtua-me-solemnitet-lindja-e-hyjlindeses-ne-manastirin-e-ardenices\/#primaryimage","url":"https:\/\/lh5.googleusercontent.com\/-X0__X86Iw2I\/VAQ5HpUlUeI\/AAAAAAAACgc\/MyoqsXK-0cU\/w640-h480-no\/1.JPG","contentUrl":"https:\/\/lh5.googleusercontent.com\/-X0__X86Iw2I\/VAQ5HpUlUeI\/AAAAAAAACgc\/MyoqsXK-0cU\/w640-h480-no\/1.JPG"},{"@type":"BreadcrumbList","@id":"https:\/\/orthodoxalbania.org\/2020\/2013\/03\/21\/u-kremtua-me-solemnitet-lindja-e-hyjlindeses-ne-manastirin-e-ardenices\/#breadcrumb","itemListElement":[{"@type":"ListItem","position":1,"name":"Home","item":"https:\/\/orthodoxalbania.org\/2020\/"},{"@type":"ListItem","position":2,"name":"U kremtua me solemnitet Lindja e Hyjlind\u00ebses, n\u00eb Manastirin e Ardenic\u00ebs. (Shtator 2011)"}]},{"@type":"WebSite","@id":"https:\/\/orthodoxalbania.org\/2020\/#website","url":"https:\/\/orthodoxalbania.org\/2020\/","name":"Kisha Orthodh\u03bfkse Autoqefale e Shqip\u00ebris\u00eb","description":"Fqja Zyrtare e Kish\u00ebs Orthodhokse Autoqefale e Shqip\u00ebris\u00eb me lajmet edhe informacionet zyrtare p\u00ebr struktur\u00ebn edhe veprimtarin e saj.","publisher":{"@id":"https:\/\/orthodoxalbania.org\/2020\/#organization"},"potentialAction":[{"@type":"SearchAction","target":{"@type":"EntryPoint","urlTemplate":"https:\/\/orthodoxalbania.org\/2020\/?s={search_term_string}"},"query-input":{"@type":"PropertyValueSpecification","valueRequired":true,"valueName":"search_term_string"}}],"inLanguage":"en-US"},{"@type":"Organization","@id":"https:\/\/orthodoxalbania.org\/2020\/#organization","name":"Kisha Orthodhokse Autoqefale e Shqip\u00ebris\u00eb","url":"https:\/\/orthodoxalbania.org\/2020\/","logo":{"@type":"ImageObject","inLanguage":"en-US","@id":"https:\/\/orthodoxalbania.org\/2020\/#\/schema\/logo\/image\/","url":"https:\/\/orthodoxalbania.org\/2020\/wp-content\/uploads\/2020\/05\/albania.jpeg","contentUrl":"https:\/\/orthodoxalbania.org\/2020\/wp-content\/uploads\/2020\/05\/albania.jpeg","width":540,"height":540,"caption":"Kisha Orthodhokse Autoqefale e Shqip\u00ebris\u00eb"},"image":{"@id":"https:\/\/orthodoxalbania.org\/2020\/#\/schema\/logo\/image\/"},"sameAs":["https:\/\/www.facebook.com\/koash1991"]},{"@type":"Person","@id":"https:\/\/orthodoxalbania.org\/2020\/#\/schema\/person\/0c387634a7063ac612d7ed9ce71c7e86","name":"Kisha Orthodhokse","image":{"@type":"ImageObject","inLanguage":"en-US","@id":"https:\/\/secure.gravatar.com\/avatar\/596e7c417251e30f2fbb9c00e026fce61a695a00e51c889caded71c96cbbdde5?s=96&d=mm&r=g","url":"https:\/\/secure.gravatar.com\/avatar\/596e7c417251e30f2fbb9c00e026fce61a695a00e51c889caded71c96cbbdde5?s=96&d=mm&r=g","contentUrl":"https:\/\/secure.gravatar.com\/avatar\/596e7c417251e30f2fbb9c00e026fce61a695a00e51c889caded71c96cbbdde5?s=96&d=mm&r=g","caption":"Kisha Orthodhokse"}}]}},"_links":{"self":[{"href":"https:\/\/orthodoxalbania.org\/2020\/wp-json\/wp\/v2\/posts\/1478","targetHints":{"allow":["GET"]}}],"collection":[{"href":"https:\/\/orthodoxalbania.org\/2020\/wp-json\/wp\/v2\/posts"}],"about":[{"href":"https:\/\/orthodoxalbania.org\/2020\/wp-json\/wp\/v2\/types\/post"}],"author":[{"embeddable":true,"href":"https:\/\/orthodoxalbania.org\/2020\/wp-json\/wp\/v2\/users\/1"}],"replies":[{"embeddable":true,"href":"https:\/\/orthodoxalbania.org\/2020\/wp-json\/wp\/v2\/comments?post=1478"}],"version-history":[{"count":1,"href":"https:\/\/orthodoxalbania.org\/2020\/wp-json\/wp\/v2\/posts\/1478\/revisions"}],"predecessor-version":[{"id":15367,"href":"https:\/\/orthodoxalbania.org\/2020\/wp-json\/wp\/v2\/posts\/1478\/revisions\/15367"}],"wp:attachment":[{"href":"https:\/\/orthodoxalbania.org\/2020\/wp-json\/wp\/v2\/media?parent=1478"}],"wp:term":[{"taxonomy":"category","embeddable":true,"href":"https:\/\/orthodoxalbania.org\/2020\/wp-json\/wp\/v2\/categories?post=1478"},{"taxonomy":"post_tag","embeddable":true,"href":"https:\/\/orthodoxalbania.org\/2020\/wp-json\/wp\/v2\/tags?post=1478"}],"curies":[{"name":"wp","href":"https:\/\/api.w.org\/{rel}","templated":true}]}}