{"id":1477,"date":"2013-03-21T12:21:29","date_gmt":"2013-03-21T12:21:29","guid":{"rendered":""},"modified":"2020-04-06T22:05:58","modified_gmt":"2020-04-06T20:05:58","slug":"u-hap-per-here-te-pare-ne-shqiperi-shkolla-e-muzikes-bizantine","status":"publish","type":"post","link":"https:\/\/orthodoxalbania.org\/2020\/2013\/03\/21\/u-hap-per-here-te-pare-ne-shqiperi-shkolla-e-muzikes-bizantine\/","title":{"rendered":"U hap p\u00ebr her\u00eb t\u00eb par\u00eb n\u00eb Shqip\u00ebri Shkolla e Muzik\u00ebs Bizantine. (1 Tetor 2012)"},"content":{"rendered":"<div style=\"text-align: justify;\">\n\t<span style=\"color:#000000;\"><img class=\"lazyload\" decoding=\"async\" src=\"data:image\/gif;base64,R0lGODlhAQABAAAAACH5BAEKAAEALAAAAAABAAEAAAICTAEAOw==\" data-orig-src=\"https:\/\/lh5.googleusercontent.com\/-FezXpWg24f0\/UK9HUVMUmVI\/AAAAAAAABKQ\/GG4z0457wwc\/s640\/527509_420265378034655_1942970414_n.jpg\" style=\"width: 300px; height: 225px; border-width: 1px; border-style: solid; margin: 10px; float: left;\" \/>&nbsp;&nbsp;&nbsp;<span style=\"font-family: tahoma,geneva,sans-serif;\"><span style=\"font-size: 12px;\"> M\u00eb 1 tetor 2012, me bekimin e financimin e Kryepiskopit&nbsp; Anastas, u hap&nbsp; p\u00ebr her\u00eb t\u00eb par\u00eb pas shum\u00eb p\u00ebrpjekjesh dhe lutjesh shkolla e Muzik\u00ebs Bizantine n\u00eb kompleksin Thavor n\u00eb Tiran\u00eb. Pjes\u00eb e stafit t\u00eb shkoll\u00ebs \u00ebsht\u00eb Arkimandrit Justin Anthimiadhi, z.Theodhor&nbsp; Peci, nj\u00ebkoh\u00ebsisht edhe drejtor i shkoll\u00ebs, z.Stefan Zhupa&nbsp; dhe disa pedagog\u00eb t\u00eb tjer\u00eb t\u00eb muzik\u00ebs bizantine. N\u00eb k\u00ebt\u00eb hap t\u00eb ri t\u00eb arsimit Kishtar, Fortlumturia e Tij me nj\u00eb dashuri e p\u00ebrkujdesje t\u00eb ve\u00e7ant\u00eb, inaguroi k\u00ebt\u00eb shkoll\u00eb duke ju dh\u00ebn\u00eb mund\u00ebsin\u00eb t\u00eb gjith\u00ebve atyre q\u00eb kan\u00eb d\u00ebshir\u00ebn e vullnetin p\u00ebr nj\u00eb kualifikim m\u00eb t\u00eb gj\u00ebr\u00eb n\u00eb Muzik\u00ebn Bizantine. N\u00eb k\u00ebt\u00eb dit\u00eb t\u00eb vecant\u00eb Kryepiskopi Anastas kreu nje takim me t\u00eb gjith\u00eb student\u00ebt&nbsp; t\u00eb cil\u00ebt do t\u00eb jen\u00eb dhe brezi i par\u00eb i k\u00ebsaj shkolle. Nj\u00eb nga fjal\u00ebt m\u00eb t\u00eb bukura q\u00eb Kryepiskopi&nbsp; Anastas tha n\u00eb k\u00ebt\u00eb takim ishte q\u00eb: \u201c Kisha jep m\u00eb t\u00eb mir\u00ebn p\u00ebr ju, e ju duhet t\u00eb jepni m\u00eb t\u00eb mir\u00ebn.\u201d&nbsp; Pas takimit me student\u00ebt, Fortlumturia e Tij Imzot Anastasi kreu dhe sh\u00ebrbes\u00ebn e Ajazm\u00ebs p\u00ebr t\u00eb bekuar k\u00ebt\u00eb fillim t\u00eb ri. N\u00eb p\u00ebrfundim t\u00eb sh\u00ebrbes\u00ebs uroi&nbsp; t\u00eb gjith\u00eb student\u00ebt duke theksuar : \u201cLe t\u00eb Lavd\u00ebrojm\u00eb Per\u00ebndin\u00eb p\u00ebr k\u00ebt\u00eb hap t\u00eb ri q\u00eb na denj\u00ebsoi p\u00ebr fillimin e k\u00ebsaj shkolle p\u00ebr psalt\u00ebt e hirsh\u00ebm. \u00cbsht\u00eb dicka shum\u00eb e r\u00ebnd\u00ebsishme sepse Hieropsalt\u00ebt kan\u00eb nj\u00eb rol shum\u00eb q\u00ebndror brenda adhurimit ton\u00eb. T\u00eb gjith\u00eb t\u00eb b\u00ebni p\u00ebrpjekje sa keni mund\u00ebsi p\u00ebr t\u00eb patur rezultate sa m\u00eb t\u00eb mira, e p\u00ebr ve\u00e7 studimit t\u00eb kultivoni nj\u00eb mardh\u00ebnie harmonike midis jush.&nbsp; Zoti t\u00eb b\u00ebkoj\u00eb \u00e7do pun\u00eb e p\u00ebrpjekie q\u00eb b\u00ebhet.\u201d Me k\u00ebto fjal\u00eb t\u00eb Kryepiskopit ton\u00eb, e me bekimet e Per\u00ebndis\u00eb, i urojm\u00eb mbar\u00ebsi shkoll\u00ebs s\u00eb re!<\/span><\/span><\/span><\/div>\n<div style=\"text-align: justify;\">\n\t&nbsp;<\/div>\n<div style=\"text-align: right;\">\n\t<br \/>\n\t<span style=\"color:#000000;\"><span style=\"font-family: tahoma,geneva,sans-serif;\"><span style=\"font-size: 12px;\"><strong>Pergatiti: Kristi Xhaferi<\/strong><\/span><\/span><\/span><\/div>\n<div style=\"text-align: right;\">\n\t&nbsp;<\/div>\n<p>\n\t<span style=\"color:#000000;\"><img class=\"lazyload\" decoding=\"async\" src=\"data:image\/gif;base64,R0lGODlhAQABAAAAACH5BAEKAAEALAAAAAABAAEAAAICTAEAOw==\" data-orig-src=\"https:\/\/lh5.googleusercontent.com\/-2WPLLpsmRpk\/UK9HVdN0wJI\/AAAAAAAABKc\/9BqjEJBReH0\/s640\/560836_420265451367981_893020240_n.jpg\" style=\"width: 600px; height: 450px; border-width: 1px; border-style: solid; margin: 10px; float: left;\" \/><\/span><\/p>\n<p>\n\t<span style=\"color:#000000;\"><img class=\"lazyload\" decoding=\"async\" src=\"data:image\/gif;base64,R0lGODlhAQABAAAAACH5BAEKAAEALAAAAAABAAEAAAICTAEAOw==\" data-orig-src=\"https:\/\/lh5.googleusercontent.com\/-yj_qYjE4RXE\/UK9HU1Uuv6I\/AAAAAAAABKU\/MAu1cRPpzmU\/s640\/550772_420265354701324_357549764_n.jpg\" style=\"width: 600px; height: 450px; border-width: 1px; border-style: solid; margin: 10px; float: left;\" \/><\/span><\/p>\n<p>\n\t<span style=\"color:#000000;\"><img class=\"lazyload\" decoding=\"async\" src=\"data:image\/gif;base64,R0lGODlhAQABAAAAACH5BAEKAAEALAAAAAABAAEAAAICTAEAOw==\" data-orig-src=\"https:\/\/lh5.googleusercontent.com\/-8FZNs6of8S8\/UK9HRAzhmiI\/AAAAAAAABJg\/GbjzW1TvuYU\/s640\/282172_420265318034661_1405369660_n.jpg\" style=\"width: 600px; height: 450px; border-width: 1px; border-style: solid; margin: 10px; float: left;\" \/><\/span><\/p>\n<p>\n\t<span style=\"color:#000000;\"><img class=\"lazyload\" decoding=\"async\" src=\"data:image\/gif;base64,R0lGODlhAQABAAAAACH5BAEKAAEALAAAAAABAAEAAAICTAEAOw==\" data-orig-src=\"https:\/\/lh5.googleusercontent.com\/-h-SInektts0\/UK9HQc_8r0I\/AAAAAAAABJU\/YCvOxZDFolM\/s640\/264384_420265251368001_110728072_n.jpg\" style=\"width: 600px; height: 450px; border-width: 1px; border-style: solid; margin: 10px; float: left;\" \/><\/span><\/p>\n<p>\n\t<span style=\"color:#000000;\"><img class=\"lazyload\" decoding=\"async\" src=\"data:image\/gif;base64,R0lGODlhAQABAAAAACH5BAEKAAEALAAAAAABAAEAAAICTAEAOw==\" data-orig-src=\"https:\/\/lh4.googleusercontent.com\/-VSNBlTJTjxA\/UK9HUExg_SI\/AAAAAAAABKM\/0kn-FBYZiG4\/s640\/47476_420265408034652_1918903549_n.jpg\" style=\"width: 600px; height: 450px; border-width: 1px; border-style: solid; margin: 10px; float: left;\" \/><\/span><\/p>\n<p>\n\t&nbsp;<\/p>\n<p>\n\t&nbsp;<\/p>\n<p>\n\t&nbsp;<\/p>\n<p>\n\t&nbsp;<\/p>\n<p>\n\t&nbsp;<\/p>\n","protected":false},"excerpt":{"rendered":"<p>&nbsp;&nbsp;&nbsp; M\u00eb 1 tetor 2012, me bekimin e financimin e Kryepiskopit&nbsp; Anastas, u hap&nbsp; p\u00ebr her\u00eb t\u00eb par\u00eb pas shum\u00eb p\u00ebrpjekjesh dhe lutjesh shkolla e Muzik\u00ebs Bizantine n\u00eb kompleksin Thavor n\u00eb Tiran\u00eb. Pjes\u00eb e stafit t\u00eb shkoll\u00ebs \u00ebsht\u00eb Arkimandrit Justin Anthimiadhi, z.Theodhor&nbsp; Peci, nj\u00ebkoh\u00ebsisht edhe drejtor i shkoll\u00ebs, z.Stefan Zhupa&nbsp; dhe disa pedagog\u00eb t\u00eb tjer\u00eb t\u00eb muzik\u00ebs bizantine. N\u00eb k\u00ebt\u00eb hap t\u00eb ri t\u00eb arsimit<\/p>\n","protected":false},"author":1,"featured_media":0,"comment_status":"open","ping_status":"open","sticky":false,"template":"","format":"standard","meta":{"_acf_changed":false,"pagelayer_contact_templates":[],"_pagelayer_content":"","inline_featured_image":false,"fifu_image_url":"","fifu_image_alt":"","footnotes":""},"categories":[108],"tags":[142,196,201,212,170],"class_list":["post-1477","post","type-post","status-publish","format-standard","hentry","category-lajme","tag-142","tag-tirane","tag-kryepiskopi-anastas","tag-lajme-d27","tag-shkolla-e-muzikes-bizantine"],"acf":[],"yoast_head":"<!-- This site is optimized with the Yoast SEO plugin v27.2 - https:\/\/yoast.com\/product\/yoast-seo-wordpress\/ -->\n<title>U hap p\u00ebr her\u00eb t\u00eb par\u00eb n\u00eb Shqip\u00ebri Shkolla e Muzik\u00ebs Bizantine. (1 Tetor 2012) - Kisha Orthodh\u03bfkse Autoqefale e Shqip\u00ebris\u00eb<\/title>\n<meta name=\"robots\" content=\"index, follow, max-snippet:-1, max-image-preview:large, max-video-preview:-1\" \/>\n<link rel=\"canonical\" href=\"https:\/\/orthodoxalbania.org\/2020\/2013\/03\/21\/u-hap-per-here-te-pare-ne-shqiperi-shkolla-e-muzikes-bizantine\/\" \/>\n<meta property=\"og:locale\" content=\"en_US\" \/>\n<meta property=\"og:type\" content=\"article\" \/>\n<meta property=\"og:title\" content=\"U hap p\u00ebr her\u00eb t\u00eb par\u00eb n\u00eb Shqip\u00ebri Shkolla e Muzik\u00ebs Bizantine. (1 Tetor 2012) - Kisha Orthodh\u03bfkse Autoqefale e Shqip\u00ebris\u00eb\" \/>\n<meta property=\"og:description\" content=\"&nbsp;&nbsp;&nbsp; M\u00eb 1 tetor 2012, me bekimin e financimin e Kryepiskopit&nbsp; Anastas, u hap&nbsp; p\u00ebr her\u00eb t\u00eb par\u00eb pas shum\u00eb p\u00ebrpjekjesh dhe lutjesh shkolla e Muzik\u00ebs Bizantine n\u00eb kompleksin Thavor n\u00eb Tiran\u00eb. Pjes\u00eb e stafit t\u00eb shkoll\u00ebs \u00ebsht\u00eb Arkimandrit Justin Anthimiadhi, z.Theodhor&nbsp; Peci, nj\u00ebkoh\u00ebsisht edhe drejtor i shkoll\u00ebs, z.Stefan Zhupa&nbsp; dhe disa pedagog\u00eb t\u00eb tjer\u00eb t\u00eb muzik\u00ebs bizantine. N\u00eb k\u00ebt\u00eb hap t\u00eb ri t\u00eb arsimit\" \/>\n<meta property=\"og:url\" content=\"https:\/\/orthodoxalbania.org\/2020\/2013\/03\/21\/u-hap-per-here-te-pare-ne-shqiperi-shkolla-e-muzikes-bizantine\/\" \/>\n<meta property=\"og:site_name\" content=\"Kisha Orthodh\u03bfkse Autoqefale e Shqip\u00ebris\u00eb\" \/>\n<meta property=\"article:publisher\" content=\"https:\/\/www.facebook.com\/koash1991\" \/>\n<meta property=\"article:published_time\" content=\"2013-03-21T12:21:29+00:00\" \/>\n<meta property=\"article:modified_time\" content=\"2020-04-06T20:05:58+00:00\" \/>\n<meta property=\"og:image\" content=\"https:\/\/lh5.googleusercontent.com\/-FezXpWg24f0\/UK9HUVMUmVI\/AAAAAAAABKQ\/GG4z0457wwc\/s640\/527509_420265378034655_1942970414_n.jpg\" \/>\n<meta name=\"author\" content=\"Kisha Orthodhokse\" \/>\n<meta name=\"twitter:card\" content=\"summary_large_image\" \/>\n<meta name=\"twitter:label1\" content=\"Written by\" \/>\n\t<meta name=\"twitter:data1\" content=\"Kisha Orthodhokse\" \/>\n\t<meta name=\"twitter:label2\" content=\"Est. reading time\" \/>\n\t<meta name=\"twitter:data2\" content=\"2 minutes\" \/>\n<script type=\"application\/ld+json\" class=\"yoast-schema-graph\">{\"@context\":\"https:\/\/schema.org\",\"@graph\":[{\"@type\":\"Article\",\"@id\":\"https:\/\/orthodoxalbania.org\/2020\/2013\/03\/21\/u-hap-per-here-te-pare-ne-shqiperi-shkolla-e-muzikes-bizantine\/#article\",\"isPartOf\":{\"@id\":\"https:\/\/orthodoxalbania.org\/2020\/2013\/03\/21\/u-hap-per-here-te-pare-ne-shqiperi-shkolla-e-muzikes-bizantine\/\"},\"author\":{\"name\":\"Kisha Orthodhokse\",\"@id\":\"https:\/\/orthodoxalbania.org\/2020\/#\/schema\/person\/0c387634a7063ac612d7ed9ce71c7e86\"},\"headline\":\"U hap p\u00ebr her\u00eb t\u00eb par\u00eb n\u00eb Shqip\u00ebri Shkolla e Muzik\u00ebs Bizantine. (1 Tetor 2012)\",\"datePublished\":\"2013-03-21T12:21:29+00:00\",\"dateModified\":\"2020-04-06T20:05:58+00:00\",\"mainEntityOfPage\":{\"@id\":\"https:\/\/orthodoxalbania.org\/2020\/2013\/03\/21\/u-hap-per-here-te-pare-ne-shqiperi-shkolla-e-muzikes-bizantine\/\"},\"wordCount\":379,\"commentCount\":0,\"publisher\":{\"@id\":\"https:\/\/orthodoxalbania.org\/2020\/#organization\"},\"image\":{\"@id\":\"https:\/\/orthodoxalbania.org\/2020\/2013\/03\/21\/u-hap-per-here-te-pare-ne-shqiperi-shkolla-e-muzikes-bizantine\/#primaryimage\"},\"thumbnailUrl\":\"https:\/\/lh5.googleusercontent.com\/-FezXpWg24f0\/UK9HUVMUmVI\/AAAAAAAABKQ\/GG4z0457wwc\/s640\/527509_420265378034655_1942970414_n.jpg\",\"keywords\":[\"2012\",\"Kryepiskopata Tiran\u00eb\",\"Kryepiskopi Anastas\",\"lajme\",\"Shkolla e Muzik\u00ebs Bizantine\"],\"articleSection\":[\"Lajme\"],\"inLanguage\":\"en-US\"},{\"@type\":\"WebPage\",\"@id\":\"https:\/\/orthodoxalbania.org\/2020\/2013\/03\/21\/u-hap-per-here-te-pare-ne-shqiperi-shkolla-e-muzikes-bizantine\/\",\"url\":\"https:\/\/orthodoxalbania.org\/2020\/2013\/03\/21\/u-hap-per-here-te-pare-ne-shqiperi-shkolla-e-muzikes-bizantine\/\",\"name\":\"U hap p\u00ebr her\u00eb t\u00eb par\u00eb n\u00eb Shqip\u00ebri Shkolla e Muzik\u00ebs Bizantine. (1 Tetor 2012) - Kisha Orthodh\u03bfkse Autoqefale e Shqip\u00ebris\u00eb\",\"isPartOf\":{\"@id\":\"https:\/\/orthodoxalbania.org\/2020\/#website\"},\"primaryImageOfPage\":{\"@id\":\"https:\/\/orthodoxalbania.org\/2020\/2013\/03\/21\/u-hap-per-here-te-pare-ne-shqiperi-shkolla-e-muzikes-bizantine\/#primaryimage\"},\"image\":{\"@id\":\"https:\/\/orthodoxalbania.org\/2020\/2013\/03\/21\/u-hap-per-here-te-pare-ne-shqiperi-shkolla-e-muzikes-bizantine\/#primaryimage\"},\"thumbnailUrl\":\"https:\/\/lh5.googleusercontent.com\/-FezXpWg24f0\/UK9HUVMUmVI\/AAAAAAAABKQ\/GG4z0457wwc\/s640\/527509_420265378034655_1942970414_n.jpg\",\"datePublished\":\"2013-03-21T12:21:29+00:00\",\"dateModified\":\"2020-04-06T20:05:58+00:00\",\"breadcrumb\":{\"@id\":\"https:\/\/orthodoxalbania.org\/2020\/2013\/03\/21\/u-hap-per-here-te-pare-ne-shqiperi-shkolla-e-muzikes-bizantine\/#breadcrumb\"},\"inLanguage\":\"en-US\",\"potentialAction\":[{\"@type\":\"ReadAction\",\"target\":[\"https:\/\/orthodoxalbania.org\/2020\/2013\/03\/21\/u-hap-per-here-te-pare-ne-shqiperi-shkolla-e-muzikes-bizantine\/\"]}]},{\"@type\":\"ImageObject\",\"inLanguage\":\"en-US\",\"@id\":\"https:\/\/orthodoxalbania.org\/2020\/2013\/03\/21\/u-hap-per-here-te-pare-ne-shqiperi-shkolla-e-muzikes-bizantine\/#primaryimage\",\"url\":\"https:\/\/lh5.googleusercontent.com\/-FezXpWg24f0\/UK9HUVMUmVI\/AAAAAAAABKQ\/GG4z0457wwc\/s640\/527509_420265378034655_1942970414_n.jpg\",\"contentUrl\":\"https:\/\/lh5.googleusercontent.com\/-FezXpWg24f0\/UK9HUVMUmVI\/AAAAAAAABKQ\/GG4z0457wwc\/s640\/527509_420265378034655_1942970414_n.jpg\"},{\"@type\":\"BreadcrumbList\",\"@id\":\"https:\/\/orthodoxalbania.org\/2020\/2013\/03\/21\/u-hap-per-here-te-pare-ne-shqiperi-shkolla-e-muzikes-bizantine\/#breadcrumb\",\"itemListElement\":[{\"@type\":\"ListItem\",\"position\":1,\"name\":\"Home\",\"item\":\"https:\/\/orthodoxalbania.org\/2020\/\"},{\"@type\":\"ListItem\",\"position\":2,\"name\":\"U hap p\u00ebr her\u00eb t\u00eb par\u00eb n\u00eb Shqip\u00ebri Shkolla e Muzik\u00ebs Bizantine. (1 Tetor 2012)\"}]},{\"@type\":\"WebSite\",\"@id\":\"https:\/\/orthodoxalbania.org\/2020\/#website\",\"url\":\"https:\/\/orthodoxalbania.org\/2020\/\",\"name\":\"Kisha Orthodh\u03bfkse Autoqefale e Shqip\u00ebris\u00eb\",\"description\":\"Fqja Zyrtare e Kish\u00ebs Orthodhokse Autoqefale e Shqip\u00ebris\u00eb me lajmet edhe informacionet zyrtare p\u00ebr struktur\u00ebn edhe veprimtarin e saj.\",\"publisher\":{\"@id\":\"https:\/\/orthodoxalbania.org\/2020\/#organization\"},\"potentialAction\":[{\"@type\":\"SearchAction\",\"target\":{\"@type\":\"EntryPoint\",\"urlTemplate\":\"https:\/\/orthodoxalbania.org\/2020\/?s={search_term_string}\"},\"query-input\":{\"@type\":\"PropertyValueSpecification\",\"valueRequired\":true,\"valueName\":\"search_term_string\"}}],\"inLanguage\":\"en-US\"},{\"@type\":\"Organization\",\"@id\":\"https:\/\/orthodoxalbania.org\/2020\/#organization\",\"name\":\"Kisha Orthodhokse Autoqefale e Shqip\u00ebris\u00eb\",\"url\":\"https:\/\/orthodoxalbania.org\/2020\/\",\"logo\":{\"@type\":\"ImageObject\",\"inLanguage\":\"en-US\",\"@id\":\"https:\/\/orthodoxalbania.org\/2020\/#\/schema\/logo\/image\/\",\"url\":\"https:\/\/orthodoxalbania.org\/2020\/wp-content\/uploads\/2020\/05\/albania.jpeg\",\"contentUrl\":\"https:\/\/orthodoxalbania.org\/2020\/wp-content\/uploads\/2020\/05\/albania.jpeg\",\"width\":540,\"height\":540,\"caption\":\"Kisha Orthodhokse Autoqefale e Shqip\u00ebris\u00eb\"},\"image\":{\"@id\":\"https:\/\/orthodoxalbania.org\/2020\/#\/schema\/logo\/image\/\"},\"sameAs\":[\"https:\/\/www.facebook.com\/koash1991\"]},{\"@type\":\"Person\",\"@id\":\"https:\/\/orthodoxalbania.org\/2020\/#\/schema\/person\/0c387634a7063ac612d7ed9ce71c7e86\",\"name\":\"Kisha Orthodhokse\",\"image\":{\"@type\":\"ImageObject\",\"inLanguage\":\"en-US\",\"@id\":\"https:\/\/secure.gravatar.com\/avatar\/596e7c417251e30f2fbb9c00e026fce61a695a00e51c889caded71c96cbbdde5?s=96&d=mm&r=g\",\"url\":\"https:\/\/secure.gravatar.com\/avatar\/596e7c417251e30f2fbb9c00e026fce61a695a00e51c889caded71c96cbbdde5?s=96&d=mm&r=g\",\"contentUrl\":\"https:\/\/secure.gravatar.com\/avatar\/596e7c417251e30f2fbb9c00e026fce61a695a00e51c889caded71c96cbbdde5?s=96&d=mm&r=g\",\"caption\":\"Kisha Orthodhokse\"}}]}<\/script>\n<!-- \/ Yoast SEO plugin. -->","yoast_head_json":{"title":"U hap p\u00ebr her\u00eb t\u00eb par\u00eb n\u00eb Shqip\u00ebri Shkolla e Muzik\u00ebs Bizantine. (1 Tetor 2012) - Kisha Orthodh\u03bfkse Autoqefale e Shqip\u00ebris\u00eb","robots":{"index":"index","follow":"follow","max-snippet":"max-snippet:-1","max-image-preview":"max-image-preview:large","max-video-preview":"max-video-preview:-1"},"canonical":"https:\/\/orthodoxalbania.org\/2020\/2013\/03\/21\/u-hap-per-here-te-pare-ne-shqiperi-shkolla-e-muzikes-bizantine\/","og_locale":"en_US","og_type":"article","og_title":"U hap p\u00ebr her\u00eb t\u00eb par\u00eb n\u00eb Shqip\u00ebri Shkolla e Muzik\u00ebs Bizantine. (1 Tetor 2012) - Kisha Orthodh\u03bfkse Autoqefale e Shqip\u00ebris\u00eb","og_description":"&nbsp;&nbsp;&nbsp; M\u00eb 1 tetor 2012, me bekimin e financimin e Kryepiskopit&nbsp; Anastas, u hap&nbsp; p\u00ebr her\u00eb t\u00eb par\u00eb pas shum\u00eb p\u00ebrpjekjesh dhe lutjesh shkolla e Muzik\u00ebs Bizantine n\u00eb kompleksin Thavor n\u00eb Tiran\u00eb. Pjes\u00eb e stafit t\u00eb shkoll\u00ebs \u00ebsht\u00eb Arkimandrit Justin Anthimiadhi, z.Theodhor&nbsp; Peci, nj\u00ebkoh\u00ebsisht edhe drejtor i shkoll\u00ebs, z.Stefan Zhupa&nbsp; dhe disa pedagog\u00eb t\u00eb tjer\u00eb t\u00eb muzik\u00ebs bizantine. N\u00eb k\u00ebt\u00eb hap t\u00eb ri t\u00eb arsimit","og_url":"https:\/\/orthodoxalbania.org\/2020\/2013\/03\/21\/u-hap-per-here-te-pare-ne-shqiperi-shkolla-e-muzikes-bizantine\/","og_site_name":"Kisha Orthodh\u03bfkse Autoqefale e Shqip\u00ebris\u00eb","article_publisher":"https:\/\/www.facebook.com\/koash1991","article_published_time":"2013-03-21T12:21:29+00:00","article_modified_time":"2020-04-06T20:05:58+00:00","og_image":[{"url":"https:\/\/lh5.googleusercontent.com\/-FezXpWg24f0\/UK9HUVMUmVI\/AAAAAAAABKQ\/GG4z0457wwc\/s640\/527509_420265378034655_1942970414_n.jpg","type":"","width":"","height":""}],"author":"Kisha Orthodhokse","twitter_card":"summary_large_image","twitter_misc":{"Written by":"Kisha Orthodhokse","Est. reading time":"2 minutes"},"schema":{"@context":"https:\/\/schema.org","@graph":[{"@type":"Article","@id":"https:\/\/orthodoxalbania.org\/2020\/2013\/03\/21\/u-hap-per-here-te-pare-ne-shqiperi-shkolla-e-muzikes-bizantine\/#article","isPartOf":{"@id":"https:\/\/orthodoxalbania.org\/2020\/2013\/03\/21\/u-hap-per-here-te-pare-ne-shqiperi-shkolla-e-muzikes-bizantine\/"},"author":{"name":"Kisha Orthodhokse","@id":"https:\/\/orthodoxalbania.org\/2020\/#\/schema\/person\/0c387634a7063ac612d7ed9ce71c7e86"},"headline":"U hap p\u00ebr her\u00eb t\u00eb par\u00eb n\u00eb Shqip\u00ebri Shkolla e Muzik\u00ebs Bizantine. (1 Tetor 2012)","datePublished":"2013-03-21T12:21:29+00:00","dateModified":"2020-04-06T20:05:58+00:00","mainEntityOfPage":{"@id":"https:\/\/orthodoxalbania.org\/2020\/2013\/03\/21\/u-hap-per-here-te-pare-ne-shqiperi-shkolla-e-muzikes-bizantine\/"},"wordCount":379,"commentCount":0,"publisher":{"@id":"https:\/\/orthodoxalbania.org\/2020\/#organization"},"image":{"@id":"https:\/\/orthodoxalbania.org\/2020\/2013\/03\/21\/u-hap-per-here-te-pare-ne-shqiperi-shkolla-e-muzikes-bizantine\/#primaryimage"},"thumbnailUrl":"https:\/\/lh5.googleusercontent.com\/-FezXpWg24f0\/UK9HUVMUmVI\/AAAAAAAABKQ\/GG4z0457wwc\/s640\/527509_420265378034655_1942970414_n.jpg","keywords":["2012","Kryepiskopata Tiran\u00eb","Kryepiskopi Anastas","lajme","Shkolla e Muzik\u00ebs Bizantine"],"articleSection":["Lajme"],"inLanguage":"en-US"},{"@type":"WebPage","@id":"https:\/\/orthodoxalbania.org\/2020\/2013\/03\/21\/u-hap-per-here-te-pare-ne-shqiperi-shkolla-e-muzikes-bizantine\/","url":"https:\/\/orthodoxalbania.org\/2020\/2013\/03\/21\/u-hap-per-here-te-pare-ne-shqiperi-shkolla-e-muzikes-bizantine\/","name":"U hap p\u00ebr her\u00eb t\u00eb par\u00eb n\u00eb Shqip\u00ebri Shkolla e Muzik\u00ebs Bizantine. (1 Tetor 2012) - Kisha Orthodh\u03bfkse Autoqefale e Shqip\u00ebris\u00eb","isPartOf":{"@id":"https:\/\/orthodoxalbania.org\/2020\/#website"},"primaryImageOfPage":{"@id":"https:\/\/orthodoxalbania.org\/2020\/2013\/03\/21\/u-hap-per-here-te-pare-ne-shqiperi-shkolla-e-muzikes-bizantine\/#primaryimage"},"image":{"@id":"https:\/\/orthodoxalbania.org\/2020\/2013\/03\/21\/u-hap-per-here-te-pare-ne-shqiperi-shkolla-e-muzikes-bizantine\/#primaryimage"},"thumbnailUrl":"https:\/\/lh5.googleusercontent.com\/-FezXpWg24f0\/UK9HUVMUmVI\/AAAAAAAABKQ\/GG4z0457wwc\/s640\/527509_420265378034655_1942970414_n.jpg","datePublished":"2013-03-21T12:21:29+00:00","dateModified":"2020-04-06T20:05:58+00:00","breadcrumb":{"@id":"https:\/\/orthodoxalbania.org\/2020\/2013\/03\/21\/u-hap-per-here-te-pare-ne-shqiperi-shkolla-e-muzikes-bizantine\/#breadcrumb"},"inLanguage":"en-US","potentialAction":[{"@type":"ReadAction","target":["https:\/\/orthodoxalbania.org\/2020\/2013\/03\/21\/u-hap-per-here-te-pare-ne-shqiperi-shkolla-e-muzikes-bizantine\/"]}]},{"@type":"ImageObject","inLanguage":"en-US","@id":"https:\/\/orthodoxalbania.org\/2020\/2013\/03\/21\/u-hap-per-here-te-pare-ne-shqiperi-shkolla-e-muzikes-bizantine\/#primaryimage","url":"https:\/\/lh5.googleusercontent.com\/-FezXpWg24f0\/UK9HUVMUmVI\/AAAAAAAABKQ\/GG4z0457wwc\/s640\/527509_420265378034655_1942970414_n.jpg","contentUrl":"https:\/\/lh5.googleusercontent.com\/-FezXpWg24f0\/UK9HUVMUmVI\/AAAAAAAABKQ\/GG4z0457wwc\/s640\/527509_420265378034655_1942970414_n.jpg"},{"@type":"BreadcrumbList","@id":"https:\/\/orthodoxalbania.org\/2020\/2013\/03\/21\/u-hap-per-here-te-pare-ne-shqiperi-shkolla-e-muzikes-bizantine\/#breadcrumb","itemListElement":[{"@type":"ListItem","position":1,"name":"Home","item":"https:\/\/orthodoxalbania.org\/2020\/"},{"@type":"ListItem","position":2,"name":"U hap p\u00ebr her\u00eb t\u00eb par\u00eb n\u00eb Shqip\u00ebri Shkolla e Muzik\u00ebs Bizantine. (1 Tetor 2012)"}]},{"@type":"WebSite","@id":"https:\/\/orthodoxalbania.org\/2020\/#website","url":"https:\/\/orthodoxalbania.org\/2020\/","name":"Kisha Orthodh\u03bfkse Autoqefale e Shqip\u00ebris\u00eb","description":"Fqja Zyrtare e Kish\u00ebs Orthodhokse Autoqefale e Shqip\u00ebris\u00eb me lajmet edhe informacionet zyrtare p\u00ebr struktur\u00ebn edhe veprimtarin e saj.","publisher":{"@id":"https:\/\/orthodoxalbania.org\/2020\/#organization"},"potentialAction":[{"@type":"SearchAction","target":{"@type":"EntryPoint","urlTemplate":"https:\/\/orthodoxalbania.org\/2020\/?s={search_term_string}"},"query-input":{"@type":"PropertyValueSpecification","valueRequired":true,"valueName":"search_term_string"}}],"inLanguage":"en-US"},{"@type":"Organization","@id":"https:\/\/orthodoxalbania.org\/2020\/#organization","name":"Kisha Orthodhokse Autoqefale e Shqip\u00ebris\u00eb","url":"https:\/\/orthodoxalbania.org\/2020\/","logo":{"@type":"ImageObject","inLanguage":"en-US","@id":"https:\/\/orthodoxalbania.org\/2020\/#\/schema\/logo\/image\/","url":"https:\/\/orthodoxalbania.org\/2020\/wp-content\/uploads\/2020\/05\/albania.jpeg","contentUrl":"https:\/\/orthodoxalbania.org\/2020\/wp-content\/uploads\/2020\/05\/albania.jpeg","width":540,"height":540,"caption":"Kisha Orthodhokse Autoqefale e Shqip\u00ebris\u00eb"},"image":{"@id":"https:\/\/orthodoxalbania.org\/2020\/#\/schema\/logo\/image\/"},"sameAs":["https:\/\/www.facebook.com\/koash1991"]},{"@type":"Person","@id":"https:\/\/orthodoxalbania.org\/2020\/#\/schema\/person\/0c387634a7063ac612d7ed9ce71c7e86","name":"Kisha Orthodhokse","image":{"@type":"ImageObject","inLanguage":"en-US","@id":"https:\/\/secure.gravatar.com\/avatar\/596e7c417251e30f2fbb9c00e026fce61a695a00e51c889caded71c96cbbdde5?s=96&d=mm&r=g","url":"https:\/\/secure.gravatar.com\/avatar\/596e7c417251e30f2fbb9c00e026fce61a695a00e51c889caded71c96cbbdde5?s=96&d=mm&r=g","contentUrl":"https:\/\/secure.gravatar.com\/avatar\/596e7c417251e30f2fbb9c00e026fce61a695a00e51c889caded71c96cbbdde5?s=96&d=mm&r=g","caption":"Kisha Orthodhokse"}}]}},"_links":{"self":[{"href":"https:\/\/orthodoxalbania.org\/2020\/wp-json\/wp\/v2\/posts\/1477","targetHints":{"allow":["GET"]}}],"collection":[{"href":"https:\/\/orthodoxalbania.org\/2020\/wp-json\/wp\/v2\/posts"}],"about":[{"href":"https:\/\/orthodoxalbania.org\/2020\/wp-json\/wp\/v2\/types\/post"}],"author":[{"embeddable":true,"href":"https:\/\/orthodoxalbania.org\/2020\/wp-json\/wp\/v2\/users\/1"}],"replies":[{"embeddable":true,"href":"https:\/\/orthodoxalbania.org\/2020\/wp-json\/wp\/v2\/comments?post=1477"}],"version-history":[{"count":1,"href":"https:\/\/orthodoxalbania.org\/2020\/wp-json\/wp\/v2\/posts\/1477\/revisions"}],"predecessor-version":[{"id":15292,"href":"https:\/\/orthodoxalbania.org\/2020\/wp-json\/wp\/v2\/posts\/1477\/revisions\/15292"}],"wp:attachment":[{"href":"https:\/\/orthodoxalbania.org\/2020\/wp-json\/wp\/v2\/media?parent=1477"}],"wp:term":[{"taxonomy":"category","embeddable":true,"href":"https:\/\/orthodoxalbania.org\/2020\/wp-json\/wp\/v2\/categories?post=1477"},{"taxonomy":"post_tag","embeddable":true,"href":"https:\/\/orthodoxalbania.org\/2020\/wp-json\/wp\/v2\/tags?post=1477"}],"curies":[{"name":"wp","href":"https:\/\/api.w.org\/{rel}","templated":true}]}}