{"id":1476,"date":"2013-03-20T12:41:03","date_gmt":"2013-03-20T12:41:03","guid":{"rendered":""},"modified":"2020-04-06T22:32:27","modified_gmt":"2020-04-06T20:32:27","slug":"u-hap-ekspozita-doreshkrime-bizantine-dhe-pasbizantine-ne-shqiperi","status":"publish","type":"post","link":"https:\/\/orthodoxalbania.org\/2020\/2013\/03\/20\/u-hap-ekspozita-doreshkrime-bizantine-dhe-pasbizantine-ne-shqiperi\/","title":{"rendered":"U hap ekspozita &#8220;Dor\u00ebshkrime Bizantine dhe Pasbizantine n\u00eb Shqip\u00ebri&#8221;. (3 Maj 2010)"},"content":{"rendered":"<div>&nbsp;<\/div>\n<table style=\"width: 832px;\" border=\"0\">\n<tbody>\n<tr>\n<td style=\"width: 820px;\">\n<div class=\"style7\">\n<div style=\"text-align: justify;\"> <span style=\"color: #000000;\"><span style=\"font-family: tahoma,geneva,sans-serif;\"><span style=\"font-size: 12px;\"><img decoding=\"async\" class=\"lazyload HAa Eha\" style=\"border-width: 1px; border-style: solid; margin: 10px; float: left;\" alt=\"\" src=\"data:image\/svg+xml,%3Csvg%20xmlns%3D%27http%3A%2F%2Fwww.w3.org%2F2000%2Fsvg%27%20width%3D%27256%27%20height%3D%27152%27%20viewBox%3D%270%200%20256%20152%27%3E%3Crect%20width%3D%27256%27%20height%3D%27152%27%20fill-opacity%3D%220%22%2F%3E%3C%2Fsvg%3E\" data-orig-src=\"https:\/\/lh4.googleusercontent.com\/-eRLX0msmth4\/U_3SJkGXLHI\/AAAAAAAABdg\/Xxm4mKNQrQc\/w640-h359-no\/3maj2010%2C%2BEkspozita%2B023%2B(Small).jpg\" height=\"152\" width=\"256\" \/> &nbsp;&nbsp; N\u00eb dat\u00ebn 3 maj, u b\u00eb p\u00ebrurimi i ekspozit\u00ebs unikale &#8220;Dor\u00ebshkrime Bizantine dhe Pasbizantine n\u00eb Shqip\u00ebri&#8221;. Ajo u organizua nga Drejtoria e P\u00ebrgjithshme e Arkivave, Fondacioni Grek i Kultur\u00ebs, Fondacioni Kulturor i Bank\u00ebs Komb\u00ebtare t\u00eb Greqis\u00eb dhe nga Kisha Orthodhokse Autoqefale e Shqip\u00ebris\u00eb, n\u00ebn kujdesin e Kryeministrit, dr. Sali Berisha.<\/span><\/span><\/span><\/div>\n<div style=\"text-align: justify;\">&nbsp;<\/div>\n<div style=\"text-align: justify;\"><span style=\"color: #000000;\"><span style=\"font-family: tahoma,geneva,sans-serif;\"><span style=\"font-size: 12px;\">&nbsp;&nbsp; Mbik\u00ebqyrja shkencore e k\u00ebsaj veprimtarie u b\u00eb nga filologu e paleografi z. Agamemnon Celikas, p\u00ebrgjegj\u00ebs i Arkivit Historik dhe Paleografik t\u00eb Fondacionit Kulturor t\u00eb Bank\u00ebs Komb\u00ebtare t\u00eb Greqis\u00eb, p\u00ebr Arkivin nga paleografi Sokol \u00c7unga, nd\u00ebrsa p\u00ebrfaq\u00ebsuesit shkencor\u00eb t\u00eb Kish\u00ebs Orthodhokse Autoqefale t\u00eb Shqip\u00ebris\u00eb n\u00eb komisionin organizativ t\u00eb ekspozit\u00ebs ishin arkimandriti Justin Anthimiadhi dhe historiani\/paleografi <em>MA <\/em>Andrea R\u00ebmbeci.<\/span><\/span><\/span><\/div>\n<div style=\"text-align: justify;\">&nbsp;<\/div>\n<div style=\"text-align: justify;\"><span style=\"color: #000000;\"><span style=\"font-family: tahoma,geneva,sans-serif;\"><span style=\"font-size: 12px;\">&nbsp;&nbsp;&nbsp; Veprimtaria nisi paraditen e dat\u00ebs 3, me nj\u00eb konferenc\u00eb shtypi ku organizator\u00ebt shpjeguan r\u00ebnd\u00ebsin\u00eb e k\u00ebsaj ekspozite dhe m\u00ebnyr\u00ebn e organizmit t\u00eb saj. Kisha jon\u00eb u p\u00ebrfaq\u00ebsua n\u00eb t\u00eb nga Hir\u00ebsia e Tij, Episkopi i Kruj\u00ebs Andoni.<\/span><\/span><\/span><\/div>\n<div style=\"text-align: justify;\">&nbsp;<\/div>\n<div style=\"text-align: justify;\"><span style=\"color: #000000;\"><span style=\"font-family: tahoma,geneva,sans-serif;\"><span style=\"font-size: 12px;\">&nbsp;&nbsp; Pasditen e k\u00ebsaj dite, n\u00eb mjediset e Drejtoris\u00eb s\u00eb Arkivave u b\u00eb \u00e7elja zyrtare e veprimtaris\u00eb. T\u00eb pranish\u00ebm n\u00eb k\u00ebt\u00eb ekspozit\u00eb ishin Kryeministri Berisha, Kryetarja e Kuvendit, Jozefina Topalli, Hir\u00ebsia e Tij Andoni, ministra, ambasador\u00eb, historian\u00eb, intelektuale t\u00eb njohur, klerik\u00eb etj.<\/span><\/span><\/span><\/div>\n<div style=\"text-align: justify;\">&nbsp;<\/div>\n<div style=\"text-align: justify;\"><span style=\"color: #000000;\"><span style=\"font-family: tahoma,geneva,sans-serif;\"><span style=\"font-size: 12px;\">&nbsp;&nbsp;&nbsp; E para i p\u00ebrsh\u00ebndeti t\u00eb pranishmit drejtorja e Arkivit t\u00eb Shtetit, Nevila Nika, q\u00eb e cil\u00ebsoi k\u00ebt\u00eb ekspozit\u00eb si nj\u00eb pasaport\u00eb t\u00eb bukur t\u00eb Shqip\u00ebris\u00eb dhe shqiptar\u00ebve. Sipas saj, &#8220;n\u00eb k\u00ebt\u00eb ekspozit\u00eb jan\u00eb rr\u00ebnj\u00ebt tona dhe p\u00ebrmes k\u00ebtyre rr\u00ebnj\u00ebve ne shikojm\u00eb t\u00eb ardhmen ton\u00eb.&#8221;<\/span><\/span><\/span><\/div>\n<div style=\"text-align: justify;\">&nbsp;<\/div>\n<div style=\"text-align: justify;\"><span style=\"color: #000000;\"><span style=\"font-family: tahoma,geneva,sans-serif;\"><span style=\"font-size: 12px;\"><img decoding=\"async\" class=\"lazyload HAa Eha\" style=\"border-width: 1px; border-style: solid; margin: 10px; float: right;\" alt=\"\" src=\"data:image\/svg+xml,%3Csvg%20xmlns%3D%27http%3A%2F%2Fwww.w3.org%2F2000%2Fsvg%27%20width%3D%27325%27%20height%3D%27183%27%20viewBox%3D%270%200%20325%20183%27%3E%3Crect%20width%3D%27325%27%20height%3D%27183%27%20fill-opacity%3D%220%22%2F%3E%3C%2Fsvg%3E\" data-orig-src=\"https:\/\/lh6.googleusercontent.com\/-KuQg6olw69Q\/U_3SJvi1cBI\/AAAAAAAABdY\/9bkeeHZBvKI\/w640-h359-no\/3maj2010%2C%2BEkspozita%2B024%2B(Small).jpg\" height=\"183\" width=\"325\" \/><\/span><\/span><\/span><\/div>\n<div style=\"text-align: justify;\"><span style=\"color: #000000;\"><span style=\"font-family: tahoma,geneva,sans-serif;\"><span style=\"font-size: 12px;\">&nbsp;&nbsp;&nbsp; Pastaj, Hir\u00ebsia e Tij Andoni lexoi <\/span><\/span><\/span><span style=\"font-family: tahoma,geneva,sans-serif;\"><span style=\"font-size: 12px;\"><a href=\"..\/old\/index.php\/shq\/lajme\/488-pershendetje-ne-perurimin-e-ekspozites-doreshkrime-bizantine-dhe-pasbizantine-ne-shqiperi\"><span style=\"color: #000000;\"><strong>p\u00ebrsh\u00ebndetjen e Kryepiskopit Anastas<\/strong><\/span><\/a><\/span><\/span><span style=\"color: #000000;\"><span style=\"font-family: tahoma,geneva,sans-serif;\"><span style=\"font-size: 12px;\">, i cili nuk pati mund\u00ebsi t\u00eb merrte pjes\u00eb n\u00eb ceremoni. Nd\u00ebr t\u00eb tjera, Fortlumturia e tij theksonte se &#8220;Shqip\u00ebria ishte aktive dhe merrte pjes\u00eb n\u00eb krijimtarin\u00eb m\u00eb t\u00eb gjer\u00eb kulturore t\u00eb perandoris\u00eb bizantine dhe ruajtjes s\u00eb sendeve t\u00eb shenjta p\u00ebr qytet\u00ebrimin mbar\u00eb bot\u00ebror&#8221;&#8230; &#8220;Eksponent\u00ebt q\u00eb prezantohen kan\u00eb nj\u00eb n\u00ebn\u00eb q\u00eb i ka lindur dhe kjo \u00ebsht\u00eb Kisha, ato nuk u krijuan nga artist\u00eb indiferent\u00eb si\u00e7 ndodh n\u00eb epok\u00ebn ton\u00eb, por u krijuan p\u00ebr q\u00ebllime adhuruese duke u p\u00ebrdorur p\u00ebr jet\u00ebn fetare, dhe mb\u00ebshtetjen e popullit&#8221;. <\/span><\/span><span style=\"font-family: tahoma,geneva,sans-serif;\"><span style=\"font-size: 12px;\">(Fjala botohet e plot\u00eb m\u00eb lart) I pranish\u00ebm n\u00eb k\u00ebt\u00eb aktivitet, Kryeministri Berisha p\u00ebrsh\u00ebndeti t\u00eb pranishmit, duke theksuar se &#8220;K\u00ebto dokumenta faktojn\u00eb gjithashtu kontributin e shqiptar\u00ebve si komb p\u00ebr Krishterimin dhe qytet\u00ebrimin per\u00ebndimor\u201d, duke shtuar se, &#8220;Kodiku i Purpurt, kodiqet e tjera jan\u00eb nj\u00eb pasuri e madhe, madje nd\u00ebr m\u00eb t\u00eb m\u00ebdhat\u00eb q\u00eb nj\u00eb komb disponon nga koh\u00ebrat e m\u00ebparshme. Ato kan\u00eb dhe nj\u00eb gjuh\u00eb tjet\u00ebr, q\u00eb d\u00ebshmojn\u00eb sesi shqiptar\u00ebt, elita e tyre i ruajti dhe i p\u00ebrcolli ato brez pas brezi&#8221;.<\/span><\/span><\/span><\/div>\n<div>&nbsp;<\/div>\n<div style=\"text-align: justify;\"><span style=\"color: #000000;\"><span style=\"font-family: tahoma,geneva,sans-serif;\"><span style=\"font-size: 12px;\"><img decoding=\"async\" class=\"lazyload HAa Eha\" style=\"border-width: 1px; border-style: solid; margin: 10px; float: left;\" alt=\"\" src=\"data:image\/svg+xml,%3Csvg%20xmlns%3D%27http%3A%2F%2Fwww.w3.org%2F2000%2Fsvg%27%20width%3D%27290%27%20height%3D%27163%27%20viewBox%3D%270%200%20290%20163%27%3E%3Crect%20width%3D%27290%27%20height%3D%27163%27%20fill-opacity%3D%220%22%2F%3E%3C%2Fsvg%3E\" data-orig-src=\"https:\/\/lh6.googleusercontent.com\/-_DlrvdYgHjo\/U_3SJhx3ohI\/AAAAAAAABdk\/vJPTUSBP8zs\/w640-h359-no\/3maj2010%2C%2BEkspozita%2B032%2B(Small).jpg\" height=\"163\" width=\"290\" \/> &nbsp;&nbsp; N\u00eb vijim t\u00eb fjal\u00ebs s\u00eb tij, Kryeministri Berisha siguroi punonj\u00ebsit e Arkivit se, &#8220;qeveria shqiptare do t\u00eb b\u00ebj t\u00eb gjitha p\u00ebrpjekjet q\u00eb k\u00ebto vlera q\u00eb pasqyrojn\u00eb fondin kishtar, kulturor, shpirt\u00ebror t\u00eb kombit ton\u00eb, t\u00eb ruhen t\u00eb zhvillohen gjithnj\u00eb e m\u00eb shum\u00eb&#8221;.<\/span><\/span><\/span><\/div>\n<div style=\"text-align: justify;\">&nbsp;<\/div>\n<div style=\"text-align: justify;\"><span style=\"color: #000000;\"><span style=\"font-family: tahoma,geneva,sans-serif;\"><span style=\"font-size: 12px;\">&nbsp; M\u00eb pas, t\u00eb pranishmit vizituan ekspozit\u00ebn e cila do t\u00eb q\u00ebndroj\u00eb e hapur p\u00ebr t\u00eb gjith\u00eb ata q\u00eb duan ta vizitojn\u00eb deri n\u00eb 4 qershor.<\/span><\/span><\/span><\/div>\n<div style=\"text-align: justify;\">&nbsp;<\/div>\n<div style=\"text-align: justify;\"><span style=\"color: #000000;\"><span style=\"font-family: tahoma,geneva,sans-serif;\"><span style=\"font-size: 12px;\">&nbsp;&nbsp;&nbsp; N\u00eb t\u00eb u paraqit\u00ebn 44 kodik\u00eb, q\u00eb i p\u00ebrkasin periudh\u00ebs s\u00eb historike nga shek. VI deri n\u00eb shek. XVIII, ku spikatnin dhe dy kodik\u00ebt e njohur, Beratinus Purpureus 1 dhe Beratinus Purpureus 2, pjes\u00eb e Regjistrit t\u00eb Kujtes\u00ebs Bot\u00ebrore t\u00eb UNESKO-s, q\u00eb prej vitit 2005. P\u00ebr t\u00eb dh\u00ebn\u00eb nj\u00eb pamje m\u00eb t\u00eb plot\u00eb dor\u00ebshkrimeve n\u00eb k\u00ebt\u00eb ekspozit\u00eb u paraqit\u00ebn edhe 28 panele fotografike q\u00eb jepnin nj\u00eb informacion m\u00eb t\u00eb detajuar dhe m\u00eb t\u00eb zgjeruar t\u00eb brend\u00ebsis\u00eb s\u00eb kodik\u00ebve.<\/span><\/span><\/span><\/div>\n<div style=\"text-align: justify;\">&nbsp;<\/div>\n<div style=\"text-align: justify;\"><span style=\"color: #000000;\"><span style=\"font-family: tahoma,geneva,sans-serif;\"><span style=\"font-size: 12px;\"><img decoding=\"async\" class=\"lazyload HAa Eha\" style=\"border-width: 1px; border-style: solid; margin: 10px; float: right;\" alt=\"\" src=\"data:image\/svg+xml,%3Csvg%20xmlns%3D%27http%3A%2F%2Fwww.w3.org%2F2000%2Fsvg%27%20width%3D%27302%27%20height%3D%27185%27%20viewBox%3D%270%200%20302%20185%27%3E%3Crect%20width%3D%27302%27%20height%3D%27185%27%20fill-opacity%3D%220%22%2F%3E%3C%2Fsvg%3E\" data-orig-src=\"https:\/\/lh4.googleusercontent.com\/-qC_johXgZuY\/U_3SKLOjjxI\/AAAAAAAABdo\/js2bezjU2W4\/w640-h453-no\/May-4-13-32-552%2B(Small).JPG\" height=\"185\" width=\"302\" \/><\/span><\/span><\/span><\/div>\n<div style=\"text-align: justify;\"><span style=\"color: #000000;\"><span style=\"font-family: tahoma,geneva,sans-serif;\"><span style=\"font-size: 12px;\">&nbsp;&nbsp;&nbsp; Nj\u00eb ekspozite e k\u00ebsaj natyre organizohet p\u00ebr her\u00eb t\u00eb par\u00eb n\u00eb vendin ton\u00eb dhe ka p\u00ebr q\u00ebllim afrimin e publikut tek k\u00ebto thesare q\u00eb u krijuan nga Kisha Orthodhokse n\u00eb shekuj dhe q\u00eb klerik\u00ebt, besimtar\u00ebt i ruajt\u00ebm me p\u00ebrkushtim e vet\u00ebmohim. Ato, si t\u00eb gjitha kishat, ikonat dhe arkivat q\u00eb i mbijetuan persekutimit t\u00eb eg\u00ebr monist, u mor\u00ebn nga shteti, q\u00eb i ka ende n\u00eb zot\u00ebrim.<\/span><\/span><\/span><\/div>\n<div style=\"text-align: justify;\">&nbsp;<\/div>\n<div style=\"text-align: justify;\"><span style=\"color: #000000;\"><span style=\"font-family: tahoma,geneva,sans-serif;\"><span style=\"font-size: 12px;\">&nbsp;&nbsp;&nbsp; N\u00eb dat\u00ebn 4 maj, n\u00eb mjediset e Arkivit u zhvillua me k\u00ebt\u00eb rast edhe nj\u00eb simpozium shkencor.<\/span><\/span><\/span><\/div>\n<div style=\"text-align: right;\">&nbsp;<\/div>\n<div style=\"text-align: right;\"><span style=\"color: #000000;\"><span style=\"font-family: tahoma,geneva,sans-serif;\"><span style=\"font-size: 12px;\"><strong>Thoma Dhima<\/strong><\/span><\/span><\/span><\/div>\n<\/div>\n<\/td>\n<\/tr>\n<\/tbody>\n<\/table>\n","protected":false},"excerpt":{"rendered":"<p>&nbsp; &nbsp;&nbsp; N\u00eb dat\u00ebn 3 maj, u b\u00eb p\u00ebrurimi i ekspozit\u00ebs unikale &#8220;Dor\u00ebshkrime Bizantine dhe Pasbizantine n\u00eb Shqip\u00ebri&#8221;. Ajo u organizua nga Drejtoria e P\u00ebrgjithshme e Arkivave, Fondacioni Grek i Kultur\u00ebs, Fondacioni Kulturor i Bank\u00ebs Komb\u00ebtare t\u00eb Greqis\u00eb dhe nga Kisha Orthodhokse Autoqefale e Shqip\u00ebris\u00eb, n\u00ebn kujdesin e Kryeministrit, dr. Sali Berisha. &nbsp; &nbsp;&nbsp; Mbik\u00ebqyrja shkencore e k\u00ebsaj veprimtarie u b\u00eb nga filologu e paleografi<\/p>\n","protected":false},"author":1,"featured_media":0,"comment_status":"open","ping_status":"open","sticky":false,"template":"","format":"standard","meta":{"_acf_changed":false,"pagelayer_contact_templates":[],"_pagelayer_content":"","inline_featured_image":false,"fifu_image_url":"","fifu_image_alt":"","footnotes":""},"categories":[108],"tags":[144,196,212],"class_list":["post-1476","post","type-post","status-publish","format-standard","hentry","category-lajme","tag-144","tag-tirane","tag-lajme-d27"],"acf":[],"yoast_head":"<!-- This site is optimized with the Yoast SEO plugin v27.2 - https:\/\/yoast.com\/product\/yoast-seo-wordpress\/ -->\n<title>U hap ekspozita &quot;Dor\u00ebshkrime Bizantine dhe Pasbizantine n\u00eb Shqip\u00ebri&quot;. (3 Maj 2010) - Kisha Orthodh\u03bfkse Autoqefale e Shqip\u00ebris\u00eb<\/title>\n<meta name=\"robots\" content=\"index, follow, max-snippet:-1, max-image-preview:large, max-video-preview:-1\" \/>\n<link rel=\"canonical\" href=\"https:\/\/orthodoxalbania.org\/2020\/2013\/03\/20\/u-hap-ekspozita-doreshkrime-bizantine-dhe-pasbizantine-ne-shqiperi\/\" \/>\n<meta property=\"og:locale\" content=\"en_US\" \/>\n<meta property=\"og:type\" content=\"article\" \/>\n<meta property=\"og:title\" content=\"U hap ekspozita &quot;Dor\u00ebshkrime Bizantine dhe Pasbizantine n\u00eb Shqip\u00ebri&quot;. (3 Maj 2010) - Kisha Orthodh\u03bfkse Autoqefale e Shqip\u00ebris\u00eb\" \/>\n<meta property=\"og:description\" content=\"&nbsp; &nbsp;&nbsp; N\u00eb dat\u00ebn 3 maj, u b\u00eb p\u00ebrurimi i ekspozit\u00ebs unikale &#8220;Dor\u00ebshkrime Bizantine dhe Pasbizantine n\u00eb Shqip\u00ebri&#8221;. Ajo u organizua nga Drejtoria e P\u00ebrgjithshme e Arkivave, Fondacioni Grek i Kultur\u00ebs, Fondacioni Kulturor i Bank\u00ebs Komb\u00ebtare t\u00eb Greqis\u00eb dhe nga Kisha Orthodhokse Autoqefale e Shqip\u00ebris\u00eb, n\u00ebn kujdesin e Kryeministrit, dr. Sali Berisha. &nbsp; &nbsp;&nbsp; Mbik\u00ebqyrja shkencore e k\u00ebsaj veprimtarie u b\u00eb nga filologu e paleografi\" \/>\n<meta property=\"og:url\" content=\"https:\/\/orthodoxalbania.org\/2020\/2013\/03\/20\/u-hap-ekspozita-doreshkrime-bizantine-dhe-pasbizantine-ne-shqiperi\/\" \/>\n<meta property=\"og:site_name\" content=\"Kisha Orthodh\u03bfkse Autoqefale e Shqip\u00ebris\u00eb\" \/>\n<meta property=\"article:publisher\" content=\"https:\/\/www.facebook.com\/koash1991\" \/>\n<meta property=\"article:published_time\" content=\"2013-03-20T12:41:03+00:00\" \/>\n<meta property=\"article:modified_time\" content=\"2020-04-06T20:32:27+00:00\" \/>\n<meta property=\"og:image\" content=\"https:\/\/lh4.googleusercontent.com\/-eRLX0msmth4\/U_3SJkGXLHI\/AAAAAAAABdg\/Xxm4mKNQrQc\/w640-h359-no\/3maj2010%2C%2BEkspozita%2B023%2B(Small).jpg\" \/>\n<meta name=\"author\" content=\"Kisha Orthodhokse\" \/>\n<meta name=\"twitter:card\" content=\"summary_large_image\" \/>\n<meta name=\"twitter:label1\" content=\"Written by\" \/>\n\t<meta name=\"twitter:data1\" content=\"Kisha Orthodhokse\" \/>\n\t<meta name=\"twitter:label2\" content=\"Est. reading time\" \/>\n\t<meta name=\"twitter:data2\" content=\"4 minutes\" \/>\n<script type=\"application\/ld+json\" class=\"yoast-schema-graph\">{\"@context\":\"https:\/\/schema.org\",\"@graph\":[{\"@type\":\"Article\",\"@id\":\"https:\/\/orthodoxalbania.org\/2020\/2013\/03\/20\/u-hap-ekspozita-doreshkrime-bizantine-dhe-pasbizantine-ne-shqiperi\/#article\",\"isPartOf\":{\"@id\":\"https:\/\/orthodoxalbania.org\/2020\/2013\/03\/20\/u-hap-ekspozita-doreshkrime-bizantine-dhe-pasbizantine-ne-shqiperi\/\"},\"author\":{\"name\":\"Kisha Orthodhokse\",\"@id\":\"https:\/\/orthodoxalbania.org\/2020\/#\/schema\/person\/0c387634a7063ac612d7ed9ce71c7e86\"},\"headline\":\"U hap ekspozita &#8220;Dor\u00ebshkrime Bizantine dhe Pasbizantine n\u00eb Shqip\u00ebri&#8221;. (3 Maj 2010)\",\"datePublished\":\"2013-03-20T12:41:03+00:00\",\"dateModified\":\"2020-04-06T20:32:27+00:00\",\"mainEntityOfPage\":{\"@id\":\"https:\/\/orthodoxalbania.org\/2020\/2013\/03\/20\/u-hap-ekspozita-doreshkrime-bizantine-dhe-pasbizantine-ne-shqiperi\/\"},\"wordCount\":803,\"commentCount\":0,\"publisher\":{\"@id\":\"https:\/\/orthodoxalbania.org\/2020\/#organization\"},\"image\":{\"@id\":\"https:\/\/orthodoxalbania.org\/2020\/2013\/03\/20\/u-hap-ekspozita-doreshkrime-bizantine-dhe-pasbizantine-ne-shqiperi\/#primaryimage\"},\"thumbnailUrl\":\"https:\/\/lh4.googleusercontent.com\/-eRLX0msmth4\/U_3SJkGXLHI\/AAAAAAAABdg\/Xxm4mKNQrQc\/w640-h359-no\/3maj2010%2C%2BEkspozita%2B023%2B(Small).jpg\",\"keywords\":[\"2010\",\"Kryepiskopata Tiran\u00eb\",\"lajme\"],\"articleSection\":[\"Lajme\"],\"inLanguage\":\"en-US\"},{\"@type\":\"WebPage\",\"@id\":\"https:\/\/orthodoxalbania.org\/2020\/2013\/03\/20\/u-hap-ekspozita-doreshkrime-bizantine-dhe-pasbizantine-ne-shqiperi\/\",\"url\":\"https:\/\/orthodoxalbania.org\/2020\/2013\/03\/20\/u-hap-ekspozita-doreshkrime-bizantine-dhe-pasbizantine-ne-shqiperi\/\",\"name\":\"U hap ekspozita \\\"Dor\u00ebshkrime Bizantine dhe Pasbizantine n\u00eb Shqip\u00ebri\\\". (3 Maj 2010) - Kisha Orthodh\u03bfkse Autoqefale e Shqip\u00ebris\u00eb\",\"isPartOf\":{\"@id\":\"https:\/\/orthodoxalbania.org\/2020\/#website\"},\"primaryImageOfPage\":{\"@id\":\"https:\/\/orthodoxalbania.org\/2020\/2013\/03\/20\/u-hap-ekspozita-doreshkrime-bizantine-dhe-pasbizantine-ne-shqiperi\/#primaryimage\"},\"image\":{\"@id\":\"https:\/\/orthodoxalbania.org\/2020\/2013\/03\/20\/u-hap-ekspozita-doreshkrime-bizantine-dhe-pasbizantine-ne-shqiperi\/#primaryimage\"},\"thumbnailUrl\":\"https:\/\/lh4.googleusercontent.com\/-eRLX0msmth4\/U_3SJkGXLHI\/AAAAAAAABdg\/Xxm4mKNQrQc\/w640-h359-no\/3maj2010%2C%2BEkspozita%2B023%2B(Small).jpg\",\"datePublished\":\"2013-03-20T12:41:03+00:00\",\"dateModified\":\"2020-04-06T20:32:27+00:00\",\"breadcrumb\":{\"@id\":\"https:\/\/orthodoxalbania.org\/2020\/2013\/03\/20\/u-hap-ekspozita-doreshkrime-bizantine-dhe-pasbizantine-ne-shqiperi\/#breadcrumb\"},\"inLanguage\":\"en-US\",\"potentialAction\":[{\"@type\":\"ReadAction\",\"target\":[\"https:\/\/orthodoxalbania.org\/2020\/2013\/03\/20\/u-hap-ekspozita-doreshkrime-bizantine-dhe-pasbizantine-ne-shqiperi\/\"]}]},{\"@type\":\"ImageObject\",\"inLanguage\":\"en-US\",\"@id\":\"https:\/\/orthodoxalbania.org\/2020\/2013\/03\/20\/u-hap-ekspozita-doreshkrime-bizantine-dhe-pasbizantine-ne-shqiperi\/#primaryimage\",\"url\":\"https:\/\/lh4.googleusercontent.com\/-eRLX0msmth4\/U_3SJkGXLHI\/AAAAAAAABdg\/Xxm4mKNQrQc\/w640-h359-no\/3maj2010%2C%2BEkspozita%2B023%2B(Small).jpg\",\"contentUrl\":\"https:\/\/lh4.googleusercontent.com\/-eRLX0msmth4\/U_3SJkGXLHI\/AAAAAAAABdg\/Xxm4mKNQrQc\/w640-h359-no\/3maj2010%2C%2BEkspozita%2B023%2B(Small).jpg\"},{\"@type\":\"BreadcrumbList\",\"@id\":\"https:\/\/orthodoxalbania.org\/2020\/2013\/03\/20\/u-hap-ekspozita-doreshkrime-bizantine-dhe-pasbizantine-ne-shqiperi\/#breadcrumb\",\"itemListElement\":[{\"@type\":\"ListItem\",\"position\":1,\"name\":\"Home\",\"item\":\"https:\/\/orthodoxalbania.org\/2020\/\"},{\"@type\":\"ListItem\",\"position\":2,\"name\":\"U hap ekspozita &#8220;Dor\u00ebshkrime Bizantine dhe Pasbizantine n\u00eb Shqip\u00ebri&#8221;. (3 Maj 2010)\"}]},{\"@type\":\"WebSite\",\"@id\":\"https:\/\/orthodoxalbania.org\/2020\/#website\",\"url\":\"https:\/\/orthodoxalbania.org\/2020\/\",\"name\":\"Kisha Orthodh\u03bfkse Autoqefale e Shqip\u00ebris\u00eb\",\"description\":\"Fqja Zyrtare e Kish\u00ebs Orthodhokse Autoqefale e Shqip\u00ebris\u00eb me lajmet edhe informacionet zyrtare p\u00ebr struktur\u00ebn edhe veprimtarin e saj.\",\"publisher\":{\"@id\":\"https:\/\/orthodoxalbania.org\/2020\/#organization\"},\"potentialAction\":[{\"@type\":\"SearchAction\",\"target\":{\"@type\":\"EntryPoint\",\"urlTemplate\":\"https:\/\/orthodoxalbania.org\/2020\/?s={search_term_string}\"},\"query-input\":{\"@type\":\"PropertyValueSpecification\",\"valueRequired\":true,\"valueName\":\"search_term_string\"}}],\"inLanguage\":\"en-US\"},{\"@type\":\"Organization\",\"@id\":\"https:\/\/orthodoxalbania.org\/2020\/#organization\",\"name\":\"Kisha Orthodhokse Autoqefale e Shqip\u00ebris\u00eb\",\"url\":\"https:\/\/orthodoxalbania.org\/2020\/\",\"logo\":{\"@type\":\"ImageObject\",\"inLanguage\":\"en-US\",\"@id\":\"https:\/\/orthodoxalbania.org\/2020\/#\/schema\/logo\/image\/\",\"url\":\"https:\/\/orthodoxalbania.org\/2020\/wp-content\/uploads\/2020\/05\/albania.jpeg\",\"contentUrl\":\"https:\/\/orthodoxalbania.org\/2020\/wp-content\/uploads\/2020\/05\/albania.jpeg\",\"width\":540,\"height\":540,\"caption\":\"Kisha Orthodhokse Autoqefale e Shqip\u00ebris\u00eb\"},\"image\":{\"@id\":\"https:\/\/orthodoxalbania.org\/2020\/#\/schema\/logo\/image\/\"},\"sameAs\":[\"https:\/\/www.facebook.com\/koash1991\"]},{\"@type\":\"Person\",\"@id\":\"https:\/\/orthodoxalbania.org\/2020\/#\/schema\/person\/0c387634a7063ac612d7ed9ce71c7e86\",\"name\":\"Kisha Orthodhokse\",\"image\":{\"@type\":\"ImageObject\",\"inLanguage\":\"en-US\",\"@id\":\"https:\/\/secure.gravatar.com\/avatar\/596e7c417251e30f2fbb9c00e026fce61a695a00e51c889caded71c96cbbdde5?s=96&d=mm&r=g\",\"url\":\"https:\/\/secure.gravatar.com\/avatar\/596e7c417251e30f2fbb9c00e026fce61a695a00e51c889caded71c96cbbdde5?s=96&d=mm&r=g\",\"contentUrl\":\"https:\/\/secure.gravatar.com\/avatar\/596e7c417251e30f2fbb9c00e026fce61a695a00e51c889caded71c96cbbdde5?s=96&d=mm&r=g\",\"caption\":\"Kisha Orthodhokse\"}}]}<\/script>\n<!-- \/ Yoast SEO plugin. -->","yoast_head_json":{"title":"U hap ekspozita \"Dor\u00ebshkrime Bizantine dhe Pasbizantine n\u00eb Shqip\u00ebri\". (3 Maj 2010) - Kisha Orthodh\u03bfkse Autoqefale e Shqip\u00ebris\u00eb","robots":{"index":"index","follow":"follow","max-snippet":"max-snippet:-1","max-image-preview":"max-image-preview:large","max-video-preview":"max-video-preview:-1"},"canonical":"https:\/\/orthodoxalbania.org\/2020\/2013\/03\/20\/u-hap-ekspozita-doreshkrime-bizantine-dhe-pasbizantine-ne-shqiperi\/","og_locale":"en_US","og_type":"article","og_title":"U hap ekspozita \"Dor\u00ebshkrime Bizantine dhe Pasbizantine n\u00eb Shqip\u00ebri\". (3 Maj 2010) - Kisha Orthodh\u03bfkse Autoqefale e Shqip\u00ebris\u00eb","og_description":"&nbsp; &nbsp;&nbsp; N\u00eb dat\u00ebn 3 maj, u b\u00eb p\u00ebrurimi i ekspozit\u00ebs unikale &#8220;Dor\u00ebshkrime Bizantine dhe Pasbizantine n\u00eb Shqip\u00ebri&#8221;. Ajo u organizua nga Drejtoria e P\u00ebrgjithshme e Arkivave, Fondacioni Grek i Kultur\u00ebs, Fondacioni Kulturor i Bank\u00ebs Komb\u00ebtare t\u00eb Greqis\u00eb dhe nga Kisha Orthodhokse Autoqefale e Shqip\u00ebris\u00eb, n\u00ebn kujdesin e Kryeministrit, dr. Sali Berisha. &nbsp; &nbsp;&nbsp; Mbik\u00ebqyrja shkencore e k\u00ebsaj veprimtarie u b\u00eb nga filologu e paleografi","og_url":"https:\/\/orthodoxalbania.org\/2020\/2013\/03\/20\/u-hap-ekspozita-doreshkrime-bizantine-dhe-pasbizantine-ne-shqiperi\/","og_site_name":"Kisha Orthodh\u03bfkse Autoqefale e Shqip\u00ebris\u00eb","article_publisher":"https:\/\/www.facebook.com\/koash1991","article_published_time":"2013-03-20T12:41:03+00:00","article_modified_time":"2020-04-06T20:32:27+00:00","og_image":[{"url":"https:\/\/lh4.googleusercontent.com\/-eRLX0msmth4\/U_3SJkGXLHI\/AAAAAAAABdg\/Xxm4mKNQrQc\/w640-h359-no\/3maj2010%2C%2BEkspozita%2B023%2B(Small).jpg","type":"","width":"","height":""}],"author":"Kisha Orthodhokse","twitter_card":"summary_large_image","twitter_misc":{"Written by":"Kisha Orthodhokse","Est. reading time":"4 minutes"},"schema":{"@context":"https:\/\/schema.org","@graph":[{"@type":"Article","@id":"https:\/\/orthodoxalbania.org\/2020\/2013\/03\/20\/u-hap-ekspozita-doreshkrime-bizantine-dhe-pasbizantine-ne-shqiperi\/#article","isPartOf":{"@id":"https:\/\/orthodoxalbania.org\/2020\/2013\/03\/20\/u-hap-ekspozita-doreshkrime-bizantine-dhe-pasbizantine-ne-shqiperi\/"},"author":{"name":"Kisha Orthodhokse","@id":"https:\/\/orthodoxalbania.org\/2020\/#\/schema\/person\/0c387634a7063ac612d7ed9ce71c7e86"},"headline":"U hap ekspozita &#8220;Dor\u00ebshkrime Bizantine dhe Pasbizantine n\u00eb Shqip\u00ebri&#8221;. (3 Maj 2010)","datePublished":"2013-03-20T12:41:03+00:00","dateModified":"2020-04-06T20:32:27+00:00","mainEntityOfPage":{"@id":"https:\/\/orthodoxalbania.org\/2020\/2013\/03\/20\/u-hap-ekspozita-doreshkrime-bizantine-dhe-pasbizantine-ne-shqiperi\/"},"wordCount":803,"commentCount":0,"publisher":{"@id":"https:\/\/orthodoxalbania.org\/2020\/#organization"},"image":{"@id":"https:\/\/orthodoxalbania.org\/2020\/2013\/03\/20\/u-hap-ekspozita-doreshkrime-bizantine-dhe-pasbizantine-ne-shqiperi\/#primaryimage"},"thumbnailUrl":"https:\/\/lh4.googleusercontent.com\/-eRLX0msmth4\/U_3SJkGXLHI\/AAAAAAAABdg\/Xxm4mKNQrQc\/w640-h359-no\/3maj2010%2C%2BEkspozita%2B023%2B(Small).jpg","keywords":["2010","Kryepiskopata Tiran\u00eb","lajme"],"articleSection":["Lajme"],"inLanguage":"en-US"},{"@type":"WebPage","@id":"https:\/\/orthodoxalbania.org\/2020\/2013\/03\/20\/u-hap-ekspozita-doreshkrime-bizantine-dhe-pasbizantine-ne-shqiperi\/","url":"https:\/\/orthodoxalbania.org\/2020\/2013\/03\/20\/u-hap-ekspozita-doreshkrime-bizantine-dhe-pasbizantine-ne-shqiperi\/","name":"U hap ekspozita \"Dor\u00ebshkrime Bizantine dhe Pasbizantine n\u00eb Shqip\u00ebri\". (3 Maj 2010) - Kisha Orthodh\u03bfkse Autoqefale e Shqip\u00ebris\u00eb","isPartOf":{"@id":"https:\/\/orthodoxalbania.org\/2020\/#website"},"primaryImageOfPage":{"@id":"https:\/\/orthodoxalbania.org\/2020\/2013\/03\/20\/u-hap-ekspozita-doreshkrime-bizantine-dhe-pasbizantine-ne-shqiperi\/#primaryimage"},"image":{"@id":"https:\/\/orthodoxalbania.org\/2020\/2013\/03\/20\/u-hap-ekspozita-doreshkrime-bizantine-dhe-pasbizantine-ne-shqiperi\/#primaryimage"},"thumbnailUrl":"https:\/\/lh4.googleusercontent.com\/-eRLX0msmth4\/U_3SJkGXLHI\/AAAAAAAABdg\/Xxm4mKNQrQc\/w640-h359-no\/3maj2010%2C%2BEkspozita%2B023%2B(Small).jpg","datePublished":"2013-03-20T12:41:03+00:00","dateModified":"2020-04-06T20:32:27+00:00","breadcrumb":{"@id":"https:\/\/orthodoxalbania.org\/2020\/2013\/03\/20\/u-hap-ekspozita-doreshkrime-bizantine-dhe-pasbizantine-ne-shqiperi\/#breadcrumb"},"inLanguage":"en-US","potentialAction":[{"@type":"ReadAction","target":["https:\/\/orthodoxalbania.org\/2020\/2013\/03\/20\/u-hap-ekspozita-doreshkrime-bizantine-dhe-pasbizantine-ne-shqiperi\/"]}]},{"@type":"ImageObject","inLanguage":"en-US","@id":"https:\/\/orthodoxalbania.org\/2020\/2013\/03\/20\/u-hap-ekspozita-doreshkrime-bizantine-dhe-pasbizantine-ne-shqiperi\/#primaryimage","url":"https:\/\/lh4.googleusercontent.com\/-eRLX0msmth4\/U_3SJkGXLHI\/AAAAAAAABdg\/Xxm4mKNQrQc\/w640-h359-no\/3maj2010%2C%2BEkspozita%2B023%2B(Small).jpg","contentUrl":"https:\/\/lh4.googleusercontent.com\/-eRLX0msmth4\/U_3SJkGXLHI\/AAAAAAAABdg\/Xxm4mKNQrQc\/w640-h359-no\/3maj2010%2C%2BEkspozita%2B023%2B(Small).jpg"},{"@type":"BreadcrumbList","@id":"https:\/\/orthodoxalbania.org\/2020\/2013\/03\/20\/u-hap-ekspozita-doreshkrime-bizantine-dhe-pasbizantine-ne-shqiperi\/#breadcrumb","itemListElement":[{"@type":"ListItem","position":1,"name":"Home","item":"https:\/\/orthodoxalbania.org\/2020\/"},{"@type":"ListItem","position":2,"name":"U hap ekspozita &#8220;Dor\u00ebshkrime Bizantine dhe Pasbizantine n\u00eb Shqip\u00ebri&#8221;. (3 Maj 2010)"}]},{"@type":"WebSite","@id":"https:\/\/orthodoxalbania.org\/2020\/#website","url":"https:\/\/orthodoxalbania.org\/2020\/","name":"Kisha Orthodh\u03bfkse Autoqefale e Shqip\u00ebris\u00eb","description":"Fqja Zyrtare e Kish\u00ebs Orthodhokse Autoqefale e Shqip\u00ebris\u00eb me lajmet edhe informacionet zyrtare p\u00ebr struktur\u00ebn edhe veprimtarin e saj.","publisher":{"@id":"https:\/\/orthodoxalbania.org\/2020\/#organization"},"potentialAction":[{"@type":"SearchAction","target":{"@type":"EntryPoint","urlTemplate":"https:\/\/orthodoxalbania.org\/2020\/?s={search_term_string}"},"query-input":{"@type":"PropertyValueSpecification","valueRequired":true,"valueName":"search_term_string"}}],"inLanguage":"en-US"},{"@type":"Organization","@id":"https:\/\/orthodoxalbania.org\/2020\/#organization","name":"Kisha Orthodhokse Autoqefale e Shqip\u00ebris\u00eb","url":"https:\/\/orthodoxalbania.org\/2020\/","logo":{"@type":"ImageObject","inLanguage":"en-US","@id":"https:\/\/orthodoxalbania.org\/2020\/#\/schema\/logo\/image\/","url":"https:\/\/orthodoxalbania.org\/2020\/wp-content\/uploads\/2020\/05\/albania.jpeg","contentUrl":"https:\/\/orthodoxalbania.org\/2020\/wp-content\/uploads\/2020\/05\/albania.jpeg","width":540,"height":540,"caption":"Kisha Orthodhokse Autoqefale e Shqip\u00ebris\u00eb"},"image":{"@id":"https:\/\/orthodoxalbania.org\/2020\/#\/schema\/logo\/image\/"},"sameAs":["https:\/\/www.facebook.com\/koash1991"]},{"@type":"Person","@id":"https:\/\/orthodoxalbania.org\/2020\/#\/schema\/person\/0c387634a7063ac612d7ed9ce71c7e86","name":"Kisha Orthodhokse","image":{"@type":"ImageObject","inLanguage":"en-US","@id":"https:\/\/secure.gravatar.com\/avatar\/596e7c417251e30f2fbb9c00e026fce61a695a00e51c889caded71c96cbbdde5?s=96&d=mm&r=g","url":"https:\/\/secure.gravatar.com\/avatar\/596e7c417251e30f2fbb9c00e026fce61a695a00e51c889caded71c96cbbdde5?s=96&d=mm&r=g","contentUrl":"https:\/\/secure.gravatar.com\/avatar\/596e7c417251e30f2fbb9c00e026fce61a695a00e51c889caded71c96cbbdde5?s=96&d=mm&r=g","caption":"Kisha Orthodhokse"}}]}},"_links":{"self":[{"href":"https:\/\/orthodoxalbania.org\/2020\/wp-json\/wp\/v2\/posts\/1476","targetHints":{"allow":["GET"]}}],"collection":[{"href":"https:\/\/orthodoxalbania.org\/2020\/wp-json\/wp\/v2\/posts"}],"about":[{"href":"https:\/\/orthodoxalbania.org\/2020\/wp-json\/wp\/v2\/types\/post"}],"author":[{"embeddable":true,"href":"https:\/\/orthodoxalbania.org\/2020\/wp-json\/wp\/v2\/users\/1"}],"replies":[{"embeddable":true,"href":"https:\/\/orthodoxalbania.org\/2020\/wp-json\/wp\/v2\/comments?post=1476"}],"version-history":[{"count":1,"href":"https:\/\/orthodoxalbania.org\/2020\/wp-json\/wp\/v2\/posts\/1476\/revisions"}],"predecessor-version":[{"id":15507,"href":"https:\/\/orthodoxalbania.org\/2020\/wp-json\/wp\/v2\/posts\/1476\/revisions\/15507"}],"wp:attachment":[{"href":"https:\/\/orthodoxalbania.org\/2020\/wp-json\/wp\/v2\/media?parent=1476"}],"wp:term":[{"taxonomy":"category","embeddable":true,"href":"https:\/\/orthodoxalbania.org\/2020\/wp-json\/wp\/v2\/categories?post=1476"},{"taxonomy":"post_tag","embeddable":true,"href":"https:\/\/orthodoxalbania.org\/2020\/wp-json\/wp\/v2\/tags?post=1476"}],"curies":[{"name":"wp","href":"https:\/\/api.w.org\/{rel}","templated":true}]}}