{"id":1474,"date":"2013-03-21T10:27:49","date_gmt":"2013-03-21T10:27:49","guid":{"rendered":""},"modified":"2020-04-13T00:31:02","modified_gmt":"2020-04-12T22:31:02","slug":"two-new-bishops-in-the-orthodox-autocephalous-church-of-albania-january-2012","status":"publish","type":"post","link":"https:\/\/orthodoxalbania.org\/2020\/en\/2013\/03\/21\/two-new-bishops-in-the-orthodox-autocephalous-church-of-albania-january-2012\/","title":{"rendered":"Two New Bishops in the Orthodox Autocephalous Church of Albania. (January 2012)"},"content":{"rendered":"<div align=\"justify\" class=\"style7\">\n<div align=\"center\">\n\t\t<span style=\"color:#000000;\"><span style=\"font-family: tahoma,geneva,sans-serif;\"><span style=\"font-size: 12px;\"><img decoding=\"async\" class=\"lazyload HAa Eha\" src=\"data:image\/gif;base64,R0lGODlhAQABAAAAACH5BAEKAAEALAAAAAABAAEAAAICTAEAOw==\" data-orig-src=\"https:\/\/lh6.googleusercontent.com\/-w5UHc1sN4V8\/VARa5iZtlkI\/AAAAAAAACuc\/HG2xutrqpFg\/w681-h600-no\/IMG_1394_681x600.jpg\" style=\"height: 264px; width: 300px; border-width: 1px; border-style: solid; margin: 10px;\" \/><br \/>\n\t\t&nbsp;&nbsp;&nbsp;&nbsp;&nbsp;&nbsp;&nbsp;<\/span><\/span><\/span><\/div>\n<div>\n\t\t<span style=\"color:#000000;\"><span style=\"font-family: tahoma,geneva,sans-serif;\"><span style=\"font-size: 12px;\">&nbsp; <img decoding=\"async\" class=\"lazyload HAa Eha\" src=\"data:image\/gif;base64,R0lGODlhAQABAAAAACH5BAEKAAEALAAAAAABAAEAAAICTAEAOw==\" data-orig-src=\"https:\/\/lh3.googleusercontent.com\/-T5JuZqWIsfA\/VARa6vEBhJI\/AAAAAAAACuk\/u1-HvYGEMys\/w697-h600-no\/P1210147%2B-%2BCopy_697x600.JPG\" style=\"height: 204px; width: 237px; border-width: 1px; border-style: solid; margin: 10px; float: left;\" \/>&nbsp; Following the proposal of the Clergy-Laity Council, as defined in the new statute of our Church, on Thursday, January 19, 2012, in its meeting, the Holy Synod of the Orthodox Autocephalous Church of Albania elected two new bishops. With these two elevations the Holy Synod of the Autocephalous Orthodox Church of Albania is composed of eight members for the first time in its history.<\/span><\/span><\/span><\/div>\n<div>\n\t\t&nbsp;<\/div>\n<div>\n\t\t<span style=\"color:#000000;\"><span style=\"font-family: tahoma,geneva,sans-serif;\"><span style=\"font-size: 12px;\">&nbsp;&nbsp;&nbsp; The Holy Synod unanimously elected, in accordance with the Statute of the Orthodox Church of Albania (Articles 17, 18), as Bishop of the Episcopate of Amantia, Archimandrite Nathaneil and as Bishop of the Episcopate of Bylisi, Archimandrite Asti. They are official members with full rights of the Holy Synod <em>(Article 18 of the Statute:<\/em> <em>According to the needs<\/em><em> of the Church, it is possible for the Holy Synod to elected active, official bishops, with specific tasks. These Bishops are archpriests in active service and participate in the Holy Synod<\/em>). Thus, the new bishops will cover certain sectors of Church life: His Grace Nathaneil, &#8220;Supervision of Monastery Properties&#8221; and His Grace Asti, &#8220;Apostolic Diakonia&#8221; (Apostolic Service). <\/span><\/span><\/span><\/div>\n<div>\n\t\t&nbsp;<\/div>\n<div>\n\t\t<span style=\"color:#000000;\"><span style=\"font-family: tahoma,geneva,sans-serif;\"><span style=\"font-size: 12px;\"><img decoding=\"async\" class=\"lazyload HAa Eha\" src=\"data:image\/gif;base64,R0lGODlhAQABAAAAACH5BAEKAAEALAAAAAABAAEAAAICTAEAOw==\" data-orig-src=\"https:\/\/lh3.googleusercontent.com\/-VOXCZaXnA_s\/VARa5pKuO1I\/AAAAAAAACuQ\/MaluI-IPU4w\/w436-h600-no\/P1010102_436x600.JPG\" style=\"height: 296px; width: 215px; border-width: 1px; border-style: solid; margin: 10px; float: right;\" \/><\/span><\/span><\/span><\/div>\n<div>\n\t\t<span style=\"color:#000000;\"><span style=\"font-family: tahoma,geneva,sans-serif;\"><span style=\"font-size: 12px;\">&nbsp;&nbsp;&nbsp; On Saturday, January 21st, , Archbishop Anastasios, with the participation of the entire Holy Synod, conducted the Service of Elevation of a Bishop for Archimandrite Nathaneil in the church of the &#8220;Annunciation of the Theotokos&#8221; in Tirana.<\/span><\/span><\/span><\/div>\n<div>\n\t\t<br \/>\n\t\t<span style=\"color:#000000;\"><span style=\"font-family: tahoma,geneva,sans-serif;\"><span style=\"font-size: 12px;\">&nbsp; &nbsp; And on Sunday, January 22nd, Archbishop Anastasios, again with the participation of the entire Holy Synod, conducted the Service of Elevation of a Bishop for Archimandrite Asti, in the church of the &#8220;Annunciation of the Theotokos&#8221; in Tirana.<\/p>\n<p>\t\t&nbsp;&nbsp;&nbsp; Both of these Services were attended by many clergy from the Archdiocese of Tirana, from the Diocese of Gjirokastra and other dioceses, as well as family, numerous friends, associates and believers, students and teachers of Church schools, etc.., who congratulated from their hearts with &#8220;Axios \u2013 Worthy\u201d.<\/span><\/span><\/span><\/div>\n<div>\n\t\t&nbsp;<\/div>\n<div>\n\t\t<span style=\"color:#000000;\"><span style=\"font-family: tahoma,geneva,sans-serif;\"><span style=\"font-size: 12px;\"><strong>&nbsp;&nbsp;&nbsp; Biography<\/strong><br \/>\n\t\t<strong> &nbsp;&nbsp;&nbsp;&nbsp;&nbsp;&nbsp; <\/strong><br \/>\n\t\t<img decoding=\"async\" class=\"lazyload HAa Eha\" src=\"data:image\/gif;base64,R0lGODlhAQABAAAAACH5BAEKAAEALAAAAAABAAEAAAICTAEAOw==\" data-orig-src=\"https:\/\/lh6.googleusercontent.com\/-R-Tn9-j1DRs\/VARa5Z1twSI\/AAAAAAAACus\/lgo9Ds3z5oc\/w335-h467-no\/DSC03362_341x600.JPG\" style=\"height: 287px; width: 206px; border-width: 1px; border-style: solid; margin: 10px; float: left;\" \/>&nbsp;&nbsp;&nbsp; For the past 20 years His Grace Nathaneil Agjioriti, Bishop of Amantia, has worked and helped &nbsp;our Orthodox Church, in the Metropolitan of Gjirokastra. He was born in Trikalla, Greece, in 1957. From a very early age he devoted his life to God as a monk in the famous Monastery of Great Lavra (Athos), on the Holy Mountain. There he completed the Athonite Academy and after that the Theological School of Aristotle University, in Thessaloniki. He came to Albania to help after the atheist system collapsed, serving with dedication despite difficulties. Able to speak Albanian very well, he has preached the word of God, baptizing and performing the Holy Mysteries in remote villages, earning the deep respect of believers and of those who know him.<\/span><\/span><\/span><\/div>\n<div>\n\t\t&nbsp;<\/div>\n<div>\n\t\t<span style=\"color:#000000;\"><span style=\"font-family: tahoma,geneva,sans-serif;\"><span style=\"font-size: 12px;\"><img decoding=\"async\" class=\"lazyload HAa Eha\" height=\"245\" src=\"data:image\/svg+xml,%3Csvg%20xmlns%3D%27http%3A%2F%2Fwww.w3.org%2F2000%2Fsvg%27%20width%3D%27225%27%20height%3D%27245%27%20viewBox%3D%270%200%20225%20245%27%3E%3Crect%20width%3D%27225%27%20height%3D%27245%27%20fill-opacity%3D%220%22%2F%3E%3C%2Fsvg%3E\" data-orig-src=\"https:\/\/lh5.googleusercontent.com\/-IArdPOpDLCs\/VARa6dDSDrI\/AAAAAAAACug\/HzgElxcNzg0\/w536-h585-no\/P1010114_800x599.JPG\" style=\"border-width: 1px; border-style: solid; margin: 10px; float: right;\" width=\"225\" \/> &nbsp; &nbsp; Bishop of Bylisi, His Grace Asti Bakallbashi was born in Durr\u00ebs in 1974, in a hopeful Orthodox family, who had kept their faith even in the most difficult times. From the first moments of the rebuilding of the Church, he was baptized and began to contribute to the Orthodox youth. For 10 years he studied with a scholarship awarded by the Archdiocese first at the Theological Academy &#8220;Resurrection of Christ&#8221; in St. Vlash and then Theological School of Aristotle University, in Thessaloniki, where he is completing his postgraduate studies. After that he chose to be devoted fully to the Church and dedicated himself as an unmarried clergyman (as a deacon in 2003, as an&nbsp; &nbsp;archdeacon in 2006, and as a priest and archimandrite in 2009). He has offered 19 years of dedicated service wherever needed: as a catechist, a professor at the Theological Academy in St. Vlash, as collaborator in the Orthodox Student Center in Tirana, and in the administration of the media of the Church at the Archdiocese of Tirana.<\/span><\/span><\/span><\/div>\n<div style=\"text-align: right;\">\n<p>\n\t\t<span style=\"color:#000000;\"><span style=\"font-family: tahoma,geneva,sans-serif;\"><span style=\"font-size: 12px;\"><strong>Tiran\u00eb, January 23, 2012<\/strong><\/span><\/span><\/span><\/div>\n<\/div>\n","protected":false},"excerpt":{"rendered":"<p>&nbsp;&nbsp;&nbsp;&nbsp;&nbsp;&nbsp;&nbsp; &nbsp; &nbsp; Following the proposal of the Clergy-Laity Council, as defined in the new statute of our Church, on Thursday, January 19, 2012, in its meeting, the Holy Synod of the Orthodox Autocephalous Church of Albania elected two new bishops. With these two elevations the Holy Synod of the Autocephalous Orthodox Church of Albania is composed of eight members for the first time in<\/p>\n","protected":false},"author":7,"featured_media":0,"comment_status":"open","ping_status":"open","sticky":false,"template":"","format":"standard","meta":{"_acf_changed":false,"pagelayer_contact_templates":[],"_pagelayer_content":"","inline_featured_image":false,"fifu_image_url":"","fifu_image_alt":"","footnotes":""},"categories":[1455,311],"tags":[1137,1233],"class_list":["post-1474","post","type-post","status-publish","format-standard","hentry","category-news-en","category-news-d25","tag-2012-en","tag-declarations-official-announcements"],"acf":[],"yoast_head":"<!-- This site is optimized with the Yoast SEO plugin v27.2 - https:\/\/yoast.com\/product\/yoast-seo-wordpress\/ -->\n<title>Two New Bishops in the Orthodox Autocephalous Church of Albania. (January 2012) - Kisha Orthodh\u03bfkse Autoqefale e Shqip\u00ebris\u00eb<\/title>\n<meta name=\"robots\" content=\"index, follow, max-snippet:-1, max-image-preview:large, max-video-preview:-1\" \/>\n<link rel=\"canonical\" href=\"https:\/\/orthodoxalbania.org\/2020\/en\/2013\/03\/21\/two-new-bishops-in-the-orthodox-autocephalous-church-of-albania-january-2012\/\" \/>\n<meta property=\"og:locale\" content=\"en_US\" \/>\n<meta property=\"og:type\" content=\"article\" \/>\n<meta property=\"og:title\" content=\"Two New Bishops in the Orthodox Autocephalous Church of Albania. (January 2012) - Kisha Orthodh\u03bfkse Autoqefale e Shqip\u00ebris\u00eb\" \/>\n<meta property=\"og:description\" content=\"&nbsp;&nbsp;&nbsp;&nbsp;&nbsp;&nbsp;&nbsp; &nbsp; &nbsp; Following the proposal of the Clergy-Laity Council, as defined in the new statute of our Church, on Thursday, January 19, 2012, in its meeting, the Holy Synod of the Orthodox Autocephalous Church of Albania elected two new bishops. With these two elevations the Holy Synod of the Autocephalous Orthodox Church of Albania is composed of eight members for the first time in\" \/>\n<meta property=\"og:url\" content=\"https:\/\/orthodoxalbania.org\/2020\/en\/2013\/03\/21\/two-new-bishops-in-the-orthodox-autocephalous-church-of-albania-january-2012\/\" \/>\n<meta property=\"og:site_name\" content=\"Kisha Orthodh\u03bfkse Autoqefale e Shqip\u00ebris\u00eb\" \/>\n<meta property=\"article:publisher\" content=\"https:\/\/www.facebook.com\/koash1991\" \/>\n<meta property=\"article:published_time\" content=\"2013-03-21T10:27:49+00:00\" \/>\n<meta property=\"article:modified_time\" content=\"2020-04-12T22:31:02+00:00\" \/>\n<meta property=\"og:image\" content=\"https:\/\/lh6.googleusercontent.com\/-w5UHc1sN4V8\/VARa5iZtlkI\/AAAAAAAACuc\/HG2xutrqpFg\/w681-h600-no\/IMG_1394_681x600.jpg\" \/>\n<meta name=\"author\" content=\"Kisha Orthodhokse\" \/>\n<meta name=\"twitter:card\" content=\"summary_large_image\" \/>\n<meta name=\"twitter:label1\" content=\"Written by\" \/>\n\t<meta name=\"twitter:data1\" content=\"Kisha Orthodhokse\" \/>\n\t<meta name=\"twitter:label2\" content=\"Est. reading time\" \/>\n\t<meta name=\"twitter:data2\" content=\"3 minutes\" \/>\n<script type=\"application\/ld+json\" class=\"yoast-schema-graph\">{\"@context\":\"https:\/\/schema.org\",\"@graph\":[{\"@type\":\"Article\",\"@id\":\"https:\/\/orthodoxalbania.org\/2020\/en\/2013\/03\/21\/two-new-bishops-in-the-orthodox-autocephalous-church-of-albania-january-2012\/#article\",\"isPartOf\":{\"@id\":\"https:\/\/orthodoxalbania.org\/2020\/en\/2013\/03\/21\/two-new-bishops-in-the-orthodox-autocephalous-church-of-albania-january-2012\/\"},\"author\":{\"name\":\"Kisha Orthodhokse\",\"@id\":\"https:\/\/orthodoxalbania.org\/2020\/#\/schema\/person\/df745f942b70e045b3dc05a30211f0de\"},\"headline\":\"Two New Bishops in the Orthodox Autocephalous Church of Albania. (January 2012)\",\"datePublished\":\"2013-03-21T10:27:49+00:00\",\"dateModified\":\"2020-04-12T22:31:02+00:00\",\"mainEntityOfPage\":{\"@id\":\"https:\/\/orthodoxalbania.org\/2020\/en\/2013\/03\/21\/two-new-bishops-in-the-orthodox-autocephalous-church-of-albania-january-2012\/\"},\"wordCount\":638,\"commentCount\":0,\"publisher\":{\"@id\":\"https:\/\/orthodoxalbania.org\/2020\/#organization\"},\"image\":{\"@id\":\"https:\/\/orthodoxalbania.org\/2020\/en\/2013\/03\/21\/two-new-bishops-in-the-orthodox-autocephalous-church-of-albania-january-2012\/#primaryimage\"},\"thumbnailUrl\":\"https:\/\/lh6.googleusercontent.com\/-w5UHc1sN4V8\/VARa5iZtlkI\/AAAAAAAACuc\/HG2xutrqpFg\/w681-h600-no\/IMG_1394_681x600.jpg\",\"keywords\":[\"2012\",\"Declarations - Official Announcements\"],\"articleSection\":[\"News - \u0395\u039d\",\"News old page\"],\"inLanguage\":\"en-US\"},{\"@type\":\"WebPage\",\"@id\":\"https:\/\/orthodoxalbania.org\/2020\/en\/2013\/03\/21\/two-new-bishops-in-the-orthodox-autocephalous-church-of-albania-january-2012\/\",\"url\":\"https:\/\/orthodoxalbania.org\/2020\/en\/2013\/03\/21\/two-new-bishops-in-the-orthodox-autocephalous-church-of-albania-january-2012\/\",\"name\":\"Two New Bishops in the Orthodox Autocephalous Church of Albania. (January 2012) - Kisha Orthodh\u03bfkse Autoqefale e Shqip\u00ebris\u00eb\",\"isPartOf\":{\"@id\":\"https:\/\/orthodoxalbania.org\/2020\/#website\"},\"primaryImageOfPage\":{\"@id\":\"https:\/\/orthodoxalbania.org\/2020\/en\/2013\/03\/21\/two-new-bishops-in-the-orthodox-autocephalous-church-of-albania-january-2012\/#primaryimage\"},\"image\":{\"@id\":\"https:\/\/orthodoxalbania.org\/2020\/en\/2013\/03\/21\/two-new-bishops-in-the-orthodox-autocephalous-church-of-albania-january-2012\/#primaryimage\"},\"thumbnailUrl\":\"https:\/\/lh6.googleusercontent.com\/-w5UHc1sN4V8\/VARa5iZtlkI\/AAAAAAAACuc\/HG2xutrqpFg\/w681-h600-no\/IMG_1394_681x600.jpg\",\"datePublished\":\"2013-03-21T10:27:49+00:00\",\"dateModified\":\"2020-04-12T22:31:02+00:00\",\"breadcrumb\":{\"@id\":\"https:\/\/orthodoxalbania.org\/2020\/en\/2013\/03\/21\/two-new-bishops-in-the-orthodox-autocephalous-church-of-albania-january-2012\/#breadcrumb\"},\"inLanguage\":\"en-US\",\"potentialAction\":[{\"@type\":\"ReadAction\",\"target\":[\"https:\/\/orthodoxalbania.org\/2020\/en\/2013\/03\/21\/two-new-bishops-in-the-orthodox-autocephalous-church-of-albania-january-2012\/\"]}]},{\"@type\":\"ImageObject\",\"inLanguage\":\"en-US\",\"@id\":\"https:\/\/orthodoxalbania.org\/2020\/en\/2013\/03\/21\/two-new-bishops-in-the-orthodox-autocephalous-church-of-albania-january-2012\/#primaryimage\",\"url\":\"https:\/\/lh6.googleusercontent.com\/-w5UHc1sN4V8\/VARa5iZtlkI\/AAAAAAAACuc\/HG2xutrqpFg\/w681-h600-no\/IMG_1394_681x600.jpg\",\"contentUrl\":\"https:\/\/lh6.googleusercontent.com\/-w5UHc1sN4V8\/VARa5iZtlkI\/AAAAAAAACuc\/HG2xutrqpFg\/w681-h600-no\/IMG_1394_681x600.jpg\"},{\"@type\":\"BreadcrumbList\",\"@id\":\"https:\/\/orthodoxalbania.org\/2020\/en\/2013\/03\/21\/two-new-bishops-in-the-orthodox-autocephalous-church-of-albania-january-2012\/#breadcrumb\",\"itemListElement\":[{\"@type\":\"ListItem\",\"position\":1,\"name\":\"Home\",\"item\":\"https:\/\/orthodoxalbania.org\/2020\/\"},{\"@type\":\"ListItem\",\"position\":2,\"name\":\"Two New Bishops in the Orthodox Autocephalous Church of Albania. (January 2012)\"}]},{\"@type\":\"WebSite\",\"@id\":\"https:\/\/orthodoxalbania.org\/2020\/#website\",\"url\":\"https:\/\/orthodoxalbania.org\/2020\/\",\"name\":\"Kisha Orthodh\u03bfkse Autoqefale e Shqip\u00ebris\u00eb\",\"description\":\"Fqja Zyrtare e Kish\u00ebs Orthodhokse Autoqefale e Shqip\u00ebris\u00eb me lajmet edhe informacionet zyrtare p\u00ebr struktur\u00ebn edhe veprimtarin e saj.\",\"publisher\":{\"@id\":\"https:\/\/orthodoxalbania.org\/2020\/#organization\"},\"potentialAction\":[{\"@type\":\"SearchAction\",\"target\":{\"@type\":\"EntryPoint\",\"urlTemplate\":\"https:\/\/orthodoxalbania.org\/2020\/?s={search_term_string}\"},\"query-input\":{\"@type\":\"PropertyValueSpecification\",\"valueRequired\":true,\"valueName\":\"search_term_string\"}}],\"inLanguage\":\"en-US\"},{\"@type\":\"Organization\",\"@id\":\"https:\/\/orthodoxalbania.org\/2020\/#organization\",\"name\":\"Kisha Orthodhokse Autoqefale e Shqip\u00ebris\u00eb\",\"url\":\"https:\/\/orthodoxalbania.org\/2020\/\",\"logo\":{\"@type\":\"ImageObject\",\"inLanguage\":\"en-US\",\"@id\":\"https:\/\/orthodoxalbania.org\/2020\/#\/schema\/logo\/image\/\",\"url\":\"https:\/\/orthodoxalbania.org\/2020\/wp-content\/uploads\/2020\/05\/albania.jpeg\",\"contentUrl\":\"https:\/\/orthodoxalbania.org\/2020\/wp-content\/uploads\/2020\/05\/albania.jpeg\",\"width\":540,\"height\":540,\"caption\":\"Kisha Orthodhokse Autoqefale e Shqip\u00ebris\u00eb\"},\"image\":{\"@id\":\"https:\/\/orthodoxalbania.org\/2020\/#\/schema\/logo\/image\/\"},\"sameAs\":[\"https:\/\/www.facebook.com\/koash1991\"]},{\"@type\":\"Person\",\"@id\":\"https:\/\/orthodoxalbania.org\/2020\/#\/schema\/person\/df745f942b70e045b3dc05a30211f0de\",\"name\":\"Kisha Orthodhokse\",\"image\":{\"@type\":\"ImageObject\",\"inLanguage\":\"en-US\",\"@id\":\"https:\/\/secure.gravatar.com\/avatar\/2676eb8d97178435c9f691a7871595a1da6c33542dec218bce40885573150e28?s=96&d=mm&r=g\",\"url\":\"https:\/\/secure.gravatar.com\/avatar\/2676eb8d97178435c9f691a7871595a1da6c33542dec218bce40885573150e28?s=96&d=mm&r=g\",\"contentUrl\":\"https:\/\/secure.gravatar.com\/avatar\/2676eb8d97178435c9f691a7871595a1da6c33542dec218bce40885573150e28?s=96&d=mm&r=g\",\"caption\":\"Kisha Orthodhokse\"}}]}<\/script>\n<!-- \/ Yoast SEO plugin. -->","yoast_head_json":{"title":"Two New Bishops in the Orthodox Autocephalous Church of Albania. (January 2012) - Kisha Orthodh\u03bfkse Autoqefale e Shqip\u00ebris\u00eb","robots":{"index":"index","follow":"follow","max-snippet":"max-snippet:-1","max-image-preview":"max-image-preview:large","max-video-preview":"max-video-preview:-1"},"canonical":"https:\/\/orthodoxalbania.org\/2020\/en\/2013\/03\/21\/two-new-bishops-in-the-orthodox-autocephalous-church-of-albania-january-2012\/","og_locale":"en_US","og_type":"article","og_title":"Two New Bishops in the Orthodox Autocephalous Church of Albania. (January 2012) - Kisha Orthodh\u03bfkse Autoqefale e Shqip\u00ebris\u00eb","og_description":"&nbsp;&nbsp;&nbsp;&nbsp;&nbsp;&nbsp;&nbsp; &nbsp; &nbsp; Following the proposal of the Clergy-Laity Council, as defined in the new statute of our Church, on Thursday, January 19, 2012, in its meeting, the Holy Synod of the Orthodox Autocephalous Church of Albania elected two new bishops. With these two elevations the Holy Synod of the Autocephalous Orthodox Church of Albania is composed of eight members for the first time in","og_url":"https:\/\/orthodoxalbania.org\/2020\/en\/2013\/03\/21\/two-new-bishops-in-the-orthodox-autocephalous-church-of-albania-january-2012\/","og_site_name":"Kisha Orthodh\u03bfkse Autoqefale e Shqip\u00ebris\u00eb","article_publisher":"https:\/\/www.facebook.com\/koash1991","article_published_time":"2013-03-21T10:27:49+00:00","article_modified_time":"2020-04-12T22:31:02+00:00","og_image":[{"url":"https:\/\/lh6.googleusercontent.com\/-w5UHc1sN4V8\/VARa5iZtlkI\/AAAAAAAACuc\/HG2xutrqpFg\/w681-h600-no\/IMG_1394_681x600.jpg","type":"","width":"","height":""}],"author":"Kisha Orthodhokse","twitter_card":"summary_large_image","twitter_misc":{"Written by":"Kisha Orthodhokse","Est. reading time":"3 minutes"},"schema":{"@context":"https:\/\/schema.org","@graph":[{"@type":"Article","@id":"https:\/\/orthodoxalbania.org\/2020\/en\/2013\/03\/21\/two-new-bishops-in-the-orthodox-autocephalous-church-of-albania-january-2012\/#article","isPartOf":{"@id":"https:\/\/orthodoxalbania.org\/2020\/en\/2013\/03\/21\/two-new-bishops-in-the-orthodox-autocephalous-church-of-albania-january-2012\/"},"author":{"name":"Kisha Orthodhokse","@id":"https:\/\/orthodoxalbania.org\/2020\/#\/schema\/person\/df745f942b70e045b3dc05a30211f0de"},"headline":"Two New Bishops in the Orthodox Autocephalous Church of Albania. (January 2012)","datePublished":"2013-03-21T10:27:49+00:00","dateModified":"2020-04-12T22:31:02+00:00","mainEntityOfPage":{"@id":"https:\/\/orthodoxalbania.org\/2020\/en\/2013\/03\/21\/two-new-bishops-in-the-orthodox-autocephalous-church-of-albania-january-2012\/"},"wordCount":638,"commentCount":0,"publisher":{"@id":"https:\/\/orthodoxalbania.org\/2020\/#organization"},"image":{"@id":"https:\/\/orthodoxalbania.org\/2020\/en\/2013\/03\/21\/two-new-bishops-in-the-orthodox-autocephalous-church-of-albania-january-2012\/#primaryimage"},"thumbnailUrl":"https:\/\/lh6.googleusercontent.com\/-w5UHc1sN4V8\/VARa5iZtlkI\/AAAAAAAACuc\/HG2xutrqpFg\/w681-h600-no\/IMG_1394_681x600.jpg","keywords":["2012","Declarations - Official Announcements"],"articleSection":["News - \u0395\u039d","News old page"],"inLanguage":"en-US"},{"@type":"WebPage","@id":"https:\/\/orthodoxalbania.org\/2020\/en\/2013\/03\/21\/two-new-bishops-in-the-orthodox-autocephalous-church-of-albania-january-2012\/","url":"https:\/\/orthodoxalbania.org\/2020\/en\/2013\/03\/21\/two-new-bishops-in-the-orthodox-autocephalous-church-of-albania-january-2012\/","name":"Two New Bishops in the Orthodox Autocephalous Church of Albania. (January 2012) - Kisha Orthodh\u03bfkse Autoqefale e Shqip\u00ebris\u00eb","isPartOf":{"@id":"https:\/\/orthodoxalbania.org\/2020\/#website"},"primaryImageOfPage":{"@id":"https:\/\/orthodoxalbania.org\/2020\/en\/2013\/03\/21\/two-new-bishops-in-the-orthodox-autocephalous-church-of-albania-january-2012\/#primaryimage"},"image":{"@id":"https:\/\/orthodoxalbania.org\/2020\/en\/2013\/03\/21\/two-new-bishops-in-the-orthodox-autocephalous-church-of-albania-january-2012\/#primaryimage"},"thumbnailUrl":"https:\/\/lh6.googleusercontent.com\/-w5UHc1sN4V8\/VARa5iZtlkI\/AAAAAAAACuc\/HG2xutrqpFg\/w681-h600-no\/IMG_1394_681x600.jpg","datePublished":"2013-03-21T10:27:49+00:00","dateModified":"2020-04-12T22:31:02+00:00","breadcrumb":{"@id":"https:\/\/orthodoxalbania.org\/2020\/en\/2013\/03\/21\/two-new-bishops-in-the-orthodox-autocephalous-church-of-albania-january-2012\/#breadcrumb"},"inLanguage":"en-US","potentialAction":[{"@type":"ReadAction","target":["https:\/\/orthodoxalbania.org\/2020\/en\/2013\/03\/21\/two-new-bishops-in-the-orthodox-autocephalous-church-of-albania-january-2012\/"]}]},{"@type":"ImageObject","inLanguage":"en-US","@id":"https:\/\/orthodoxalbania.org\/2020\/en\/2013\/03\/21\/two-new-bishops-in-the-orthodox-autocephalous-church-of-albania-january-2012\/#primaryimage","url":"https:\/\/lh6.googleusercontent.com\/-w5UHc1sN4V8\/VARa5iZtlkI\/AAAAAAAACuc\/HG2xutrqpFg\/w681-h600-no\/IMG_1394_681x600.jpg","contentUrl":"https:\/\/lh6.googleusercontent.com\/-w5UHc1sN4V8\/VARa5iZtlkI\/AAAAAAAACuc\/HG2xutrqpFg\/w681-h600-no\/IMG_1394_681x600.jpg"},{"@type":"BreadcrumbList","@id":"https:\/\/orthodoxalbania.org\/2020\/en\/2013\/03\/21\/two-new-bishops-in-the-orthodox-autocephalous-church-of-albania-january-2012\/#breadcrumb","itemListElement":[{"@type":"ListItem","position":1,"name":"Home","item":"https:\/\/orthodoxalbania.org\/2020\/"},{"@type":"ListItem","position":2,"name":"Two New Bishops in the Orthodox Autocephalous Church of Albania. (January 2012)"}]},{"@type":"WebSite","@id":"https:\/\/orthodoxalbania.org\/2020\/#website","url":"https:\/\/orthodoxalbania.org\/2020\/","name":"Kisha Orthodh\u03bfkse Autoqefale e Shqip\u00ebris\u00eb","description":"Fqja Zyrtare e Kish\u00ebs Orthodhokse Autoqefale e Shqip\u00ebris\u00eb me lajmet edhe informacionet zyrtare p\u00ebr struktur\u00ebn edhe veprimtarin e saj.","publisher":{"@id":"https:\/\/orthodoxalbania.org\/2020\/#organization"},"potentialAction":[{"@type":"SearchAction","target":{"@type":"EntryPoint","urlTemplate":"https:\/\/orthodoxalbania.org\/2020\/?s={search_term_string}"},"query-input":{"@type":"PropertyValueSpecification","valueRequired":true,"valueName":"search_term_string"}}],"inLanguage":"en-US"},{"@type":"Organization","@id":"https:\/\/orthodoxalbania.org\/2020\/#organization","name":"Kisha Orthodhokse Autoqefale e Shqip\u00ebris\u00eb","url":"https:\/\/orthodoxalbania.org\/2020\/","logo":{"@type":"ImageObject","inLanguage":"en-US","@id":"https:\/\/orthodoxalbania.org\/2020\/#\/schema\/logo\/image\/","url":"https:\/\/orthodoxalbania.org\/2020\/wp-content\/uploads\/2020\/05\/albania.jpeg","contentUrl":"https:\/\/orthodoxalbania.org\/2020\/wp-content\/uploads\/2020\/05\/albania.jpeg","width":540,"height":540,"caption":"Kisha Orthodhokse Autoqefale e Shqip\u00ebris\u00eb"},"image":{"@id":"https:\/\/orthodoxalbania.org\/2020\/#\/schema\/logo\/image\/"},"sameAs":["https:\/\/www.facebook.com\/koash1991"]},{"@type":"Person","@id":"https:\/\/orthodoxalbania.org\/2020\/#\/schema\/person\/df745f942b70e045b3dc05a30211f0de","name":"Kisha Orthodhokse","image":{"@type":"ImageObject","inLanguage":"en-US","@id":"https:\/\/secure.gravatar.com\/avatar\/2676eb8d97178435c9f691a7871595a1da6c33542dec218bce40885573150e28?s=96&d=mm&r=g","url":"https:\/\/secure.gravatar.com\/avatar\/2676eb8d97178435c9f691a7871595a1da6c33542dec218bce40885573150e28?s=96&d=mm&r=g","contentUrl":"https:\/\/secure.gravatar.com\/avatar\/2676eb8d97178435c9f691a7871595a1da6c33542dec218bce40885573150e28?s=96&d=mm&r=g","caption":"Kisha Orthodhokse"}}]}},"_links":{"self":[{"href":"https:\/\/orthodoxalbania.org\/2020\/wp-json\/wp\/v2\/posts\/1474","targetHints":{"allow":["GET"]}}],"collection":[{"href":"https:\/\/orthodoxalbania.org\/2020\/wp-json\/wp\/v2\/posts"}],"about":[{"href":"https:\/\/orthodoxalbania.org\/2020\/wp-json\/wp\/v2\/types\/post"}],"author":[{"embeddable":true,"href":"https:\/\/orthodoxalbania.org\/2020\/wp-json\/wp\/v2\/users\/7"}],"replies":[{"embeddable":true,"href":"https:\/\/orthodoxalbania.org\/2020\/wp-json\/wp\/v2\/comments?post=1474"}],"version-history":[{"count":1,"href":"https:\/\/orthodoxalbania.org\/2020\/wp-json\/wp\/v2\/posts\/1474\/revisions"}],"predecessor-version":[{"id":17754,"href":"https:\/\/orthodoxalbania.org\/2020\/wp-json\/wp\/v2\/posts\/1474\/revisions\/17754"}],"wp:attachment":[{"href":"https:\/\/orthodoxalbania.org\/2020\/wp-json\/wp\/v2\/media?parent=1474"}],"wp:term":[{"taxonomy":"category","embeddable":true,"href":"https:\/\/orthodoxalbania.org\/2020\/wp-json\/wp\/v2\/categories?post=1474"},{"taxonomy":"post_tag","embeddable":true,"href":"https:\/\/orthodoxalbania.org\/2020\/wp-json\/wp\/v2\/tags?post=1474"}],"curies":[{"name":"wp","href":"https:\/\/api.w.org\/{rel}","templated":true}]}}