{"id":1473,"date":"2013-03-21T11:53:49","date_gmt":"2013-03-21T11:53:49","guid":{"rendered":""},"modified":"2020-04-06T22:06:06","modified_gmt":"2020-04-06T20:06:06","slug":"tryeza-qe-mbledh-dashuria-e-krishtere-vizite-e-kryepiskopit-anastas-ne-mensen-e-kishes-per-personat-me-ne-nevoje","status":"publish","type":"post","link":"https:\/\/orthodoxalbania.org\/2020\/2013\/03\/21\/tryeza-qe-mbledh-dashuria-e-krishtere-vizite-e-kryepiskopit-anastas-ne-mensen-e-kishes-per-personat-me-ne-nevoje\/","title":{"rendered":"Tryeza q\u00eb mbledh dashuria e krishter\u00eb Vizit\u00eb e Kryepiskopit Anastas n\u00eb mens\u00ebn e Kish\u00ebs p\u00ebr personat m\u00eb n\u00eb nevoj\u00eb. (Prill 2012)"},"content":{"rendered":"<p><span style=\"color: #000000;\"><img class=\"lazyload\" decoding=\"async\" style=\"border-width: 1px; border-style: solid; float: left; width: 300px; height: 225px; margin: 10px;\" alt=\"\" src=\"data:image\/gif;base64,R0lGODlhAQABAAAAACH5BAEKAAEALAAAAAABAAEAAAICTAEAOw==\" data-orig-src=\"https:\/\/lh6.googleusercontent.com\/-HVbKcNsDrFI\/T6zuU_qaNqI\/AAAAAAAAAAw\/bT7nsbNogJ8\/s720\/IMG_4186.JPG\" \/><\/span><\/p>\n<div style=\"text-align: justify;\"><span style=\"color: #000000;\"><span style=\"font-family: tahoma,geneva,sans-serif;\"><span style=\"font-size: 12px;\">&nbsp;&nbsp;&nbsp; Ka vite q\u00eb Kisha jon\u00eb organizon n\u00eb Tiran\u00eb dreken \u201cTryeza e dashuris\u00eb\u201d, n\u00eb ndihm\u00eb t\u00eb personave m\u00eb n\u00eb nevoj\u00eb. Ajo ofrohet dy her\u00eb n\u00eb jav\u00eb p\u00ebr m\u00eb shum\u00eb se 50 persona. T\u00eb mart\u00ebn, n\u00eb 8 maj, Kryepiskopi Anastas, i cili ka qen\u00eb mb\u00ebshtet\u00ebsi i vazhduesh\u00ebm i k\u00ebsaj veprimtarie, vizitoi k\u00ebt\u00eb mens\u00eb. Ai shoq\u00ebrohej nga episkopi i Bylisit, Asti.<\/span><\/span><\/span><\/div>\n<div style=\"text-align: justify;\">&nbsp;<\/div>\n<div style=\"text-align: justify;\"><span style=\"color: #000000;\"><span style=\"font-family: tahoma,geneva,sans-serif;\"><span style=\"font-size: 12px;\">&nbsp; &nbsp; Fortlumturia e Tij hyri n\u00eb mens\u00eb n\u00eb koh\u00ebn kur po b\u00ebheshin gati p\u00ebr t\u00eb drekuar dhe at\u00eb Ilia po psalte. Ai u prit me shum\u00eb g\u00ebzim dhe ngroht\u00ebsi nga t\u00eb pranishmit. Pasi bekoi tryez\u00ebn, Kryepiskopi h\u00ebngri drek\u00eb bashk\u00eb me ta.<\/span><\/span><\/span><\/div>\n<div style=\"text-align: justify;\">&nbsp;<\/div>\n<div style=\"text-align: justify;\"><span style=\"color: #000000;\"><span style=\"font-family: tahoma,geneva,sans-serif;\"><span style=\"font-size: 12px;\">&nbsp; &nbsp;N\u00eb bashk\u00ebbisedimin me t\u00eb pranishmit dhe grat\u00eb orthodhokse q\u00eb kontribuojn\u00eb vullnetarisht p\u00ebr t\u00eb kryer k\u00ebt\u00eb sh\u00ebrbim, Kryepiskopi Anastas nd\u00ebr t\u00eb tjera tha: \u201cKa shum\u00eb njer\u00ebz t\u00eb s\u00ebmur\u00eb dhe t\u00eb moshuar q\u00eb jetojn\u00eb t\u00eb vetmuar n\u00ebp\u00ebr sht\u00ebpit\u00eb e tyre. Ne dhe ju duhet t\u2019u q\u00ebndrojm\u00eb pran\u00eb, q\u00eb t\u00eb mos e ndiejn\u00eb vetmin\u00eb. T\u00eb moshuarve, t\u00eb s\u00ebmur\u00ebve dhe t\u00eb gjith\u00eb atyre q\u00eb nuk kan\u00eb mund\u00ebsi t\u00eb dalin, iu shk\u00eblqejn\u00eb syt\u00eb kur i vizitojn\u00eb. Le t\u2019u krijojm\u00eb mund\u00ebsi t\u00eb ndiejn\u00eb dor\u00ebn e shoq\u00ebris\u00eb. N\u00eb sistemin e m\u00ebparsh\u00ebm \u00e7do gj\u00eb pritej nga shteti. Tani duhet t\u00eb kemi vet\u00eb iniciativ\u00eb dhe t\u2019i japim dor\u00ebn nj\u00ebri-tjetrit. K\u00ebshtu, secili nga ne, duke vepruar n\u00eb k\u00ebt\u00eb m\u00ebnyr\u00eb, do t\u00eb ndiej\u00eb dor\u00ebn e shoq\u00ebris\u00eb\u201d.<\/span><\/span><\/span><\/div>\n<div style=\"text-align: justify;\">&nbsp;<\/div>\n<div style=\"text-align: justify;\"><span style=\"color: #000000;\"><span style=\"font-family: tahoma,geneva,sans-serif;\"><span style=\"font-size: 12px;\">&nbsp;&nbsp;&nbsp; At\u00eb Ilia Mazniku fal\u00ebnderoi Kryepiskopin p\u00ebr vizit\u00ebn dhe m\u00eb pas fjal\u00ebn e mor\u00ebn disa nga personat q\u00eb frekuentojn\u00eb mens\u00ebn p\u00ebr t\u00eb fal\u00ebnderuar. Z. Sali u shpreh i pari me k\u00ebto fjal\u00eb: \u201cN\u00eb emrin tim personal, dhe pse jo, dhe t\u00eb gjith\u00eb shok\u00ebve t\u00eb mi, fal\u00ebnderoj n\u00eb m\u00ebnyr\u00eb t\u00eb p\u00ebrzem\u00ebrt Hir\u00ebsi Anastasin, i cili ka \u00e7elur k\u00ebt\u00eb mens\u00eb, ku ushqehemi ne fukarenjt\u00eb, dhe do t\u00eb d\u00ebshiroja q\u00eb ta kishim p\u00ebrs\u00ebri pran\u00eb nesh. Jam shum\u00eb i emocionuar q\u00eb ai drekoi bashk\u00eb me ne\u201d.<\/span><\/span><\/span><\/div>\n<div style=\"text-align: justify;\">&nbsp;<\/div>\n<div style=\"text-align: justify;\"><span style=\"color: #000000;\"><span style=\"font-family: tahoma,geneva,sans-serif;\"><span style=\"font-size: 12px;\">&nbsp;&nbsp;&nbsp; Nj\u00eb i moshuar tjet\u00ebr u shpreh: \u201cShum\u00eb t\u00eb g\u00ebzuar jemi q\u00eb midis nesh vjen dhe ha drek\u00eb Kryepiskopi. Nj\u00eb personalitet q\u00eb na dhuron dhe b\u00ebn shum\u00eb p\u00ebr t\u00eb na larguar urin\u00eb e vetmin\u00eb. Faleminderit!\u201d.<\/span><\/span><\/span><\/div>\n<div style=\"text-align: justify;\">&nbsp;<\/div>\n<div style=\"text-align: justify;\"><span style=\"color: #000000;\"><span style=\"font-family: tahoma,geneva,sans-serif;\"><span style=\"font-size: 12px;\">&nbsp; &nbsp; Nj\u00eb nga grat\u00eb e pranishme fal\u00ebnderoi p\u00ebr gjith\u00e7ka, dhe shprehu edhe ajo d\u00ebshir\u00ebn p\u00ebr ta pasur p\u00ebrs\u00ebri Kryepiskopin mes tyre.<\/span><\/span><\/span><\/div>\n<div style=\"text-align: justify;\"><span style=\"color: #000000;\"><span style=\"font-family: tahoma,geneva,sans-serif;\"><span style=\"font-size: 12px;\"><\/span><\/span><\/span><\/div>\n<div style=\"text-align: justify;\"><span style=\"color: #000000;\"><span style=\"font-family: tahoma,geneva,sans-serif;\"><span style=\"font-size: 12px;\">&nbsp; &nbsp; Biseda u zhvillua e lirshme dhe mjaft e ngroht\u00eb.&nbsp;<\/span><\/span><\/span><\/div>\n<div style=\"text-align: justify;\">&nbsp;<\/div>\n<div style=\"text-align: justify;\"><span style=\"color: #000000;\"><span style=\"font-family: tahoma,geneva,sans-serif;\"><span style=\"font-size: 12px;\">&nbsp; &nbsp; N\u00eb fund, Fortlumturia e Tij, Anastasi, i dhuroi secilit librin \u201cTani t\u00eb gjitha u mbush\u00ebn me drit\u00eb\u201d dhe gazet\u00ebn \u201cNgjallja \u201c t\u00eb muajit prill 2012.<\/span><\/span><\/span><\/div>\n<div style=\"text-align: justify;\">&nbsp;<\/div>\n<div style=\"text-align: right;\">&nbsp;<span style=\"color: #000000;\"><span style=\"font-family: tahoma,geneva,sans-serif;\"><span style=\"font-size: 12px;\"><strong>Luljeta Pjetri<\/strong><\/span><\/span><\/span><\/div>\n","protected":false},"excerpt":{"rendered":"<p>&nbsp;&nbsp;&nbsp; Ka vite q\u00eb Kisha jon\u00eb organizon n\u00eb Tiran\u00eb dreken \u201cTryeza e dashuris\u00eb\u201d, n\u00eb ndihm\u00eb t\u00eb personave m\u00eb n\u00eb nevoj\u00eb. Ajo ofrohet dy her\u00eb n\u00eb jav\u00eb p\u00ebr m\u00eb shum\u00eb se 50 persona. T\u00eb mart\u00ebn, n\u00eb 8 maj, Kryepiskopi Anastas, i cili ka qen\u00eb mb\u00ebshtet\u00ebsi i vazhduesh\u00ebm i k\u00ebsaj veprimtarie, vizitoi k\u00ebt\u00eb mens\u00eb. Ai shoq\u00ebrohej nga episkopi i Bylisit, Asti. &nbsp; &nbsp; &nbsp; Fortlumturia e Tij<\/p>\n","protected":false},"author":1,"featured_media":0,"comment_status":"open","ping_status":"open","sticky":false,"template":"","format":"standard","meta":{"_acf_changed":false,"pagelayer_contact_templates":[],"_pagelayer_content":"","inline_featured_image":false,"fifu_image_url":"","fifu_image_alt":"","footnotes":""},"categories":[108],"tags":[142,633,196,201,212],"class_list":["post-1473","post","type-post","status-publish","format-standard","hentry","category-lajme","tag-142","tag-donacionendihma","tag-tirane","tag-kryepiskopi-anastas","tag-lajme-d27"],"acf":[],"yoast_head":"<!-- This site is optimized with the Yoast SEO plugin v27.2 - https:\/\/yoast.com\/product\/yoast-seo-wordpress\/ -->\n<title>Tryeza q\u00eb mbledh dashuria e krishter\u00eb Vizit\u00eb e Kryepiskopit Anastas n\u00eb mens\u00ebn e Kish\u00ebs p\u00ebr personat m\u00eb n\u00eb nevoj\u00eb. (Prill 2012) - Kisha Orthodh\u03bfkse Autoqefale e Shqip\u00ebris\u00eb<\/title>\n<meta name=\"robots\" content=\"index, follow, max-snippet:-1, max-image-preview:large, max-video-preview:-1\" \/>\n<link rel=\"canonical\" href=\"https:\/\/orthodoxalbania.org\/2020\/2013\/03\/21\/tryeza-qe-mbledh-dashuria-e-krishtere-vizite-e-kryepiskopit-anastas-ne-mensen-e-kishes-per-personat-me-ne-nevoje\/\" \/>\n<meta property=\"og:locale\" content=\"en_US\" \/>\n<meta property=\"og:type\" content=\"article\" \/>\n<meta property=\"og:title\" content=\"Tryeza q\u00eb mbledh dashuria e krishter\u00eb Vizit\u00eb e Kryepiskopit Anastas n\u00eb mens\u00ebn e Kish\u00ebs p\u00ebr personat m\u00eb n\u00eb nevoj\u00eb. (Prill 2012) - Kisha Orthodh\u03bfkse Autoqefale e Shqip\u00ebris\u00eb\" \/>\n<meta property=\"og:description\" content=\"&nbsp;&nbsp;&nbsp; Ka vite q\u00eb Kisha jon\u00eb organizon n\u00eb Tiran\u00eb dreken \u201cTryeza e dashuris\u00eb\u201d, n\u00eb ndihm\u00eb t\u00eb personave m\u00eb n\u00eb nevoj\u00eb. Ajo ofrohet dy her\u00eb n\u00eb jav\u00eb p\u00ebr m\u00eb shum\u00eb se 50 persona. T\u00eb mart\u00ebn, n\u00eb 8 maj, Kryepiskopi Anastas, i cili ka qen\u00eb mb\u00ebshtet\u00ebsi i vazhduesh\u00ebm i k\u00ebsaj veprimtarie, vizitoi k\u00ebt\u00eb mens\u00eb. Ai shoq\u00ebrohej nga episkopi i Bylisit, Asti. &nbsp; &nbsp; &nbsp; Fortlumturia e Tij\" \/>\n<meta property=\"og:url\" content=\"https:\/\/orthodoxalbania.org\/2020\/2013\/03\/21\/tryeza-qe-mbledh-dashuria-e-krishtere-vizite-e-kryepiskopit-anastas-ne-mensen-e-kishes-per-personat-me-ne-nevoje\/\" \/>\n<meta property=\"og:site_name\" content=\"Kisha Orthodh\u03bfkse Autoqefale e Shqip\u00ebris\u00eb\" \/>\n<meta property=\"article:publisher\" content=\"https:\/\/www.facebook.com\/koash1991\" \/>\n<meta property=\"article:published_time\" content=\"2013-03-21T11:53:49+00:00\" \/>\n<meta property=\"article:modified_time\" content=\"2020-04-06T20:06:06+00:00\" \/>\n<meta property=\"og:image\" content=\"https:\/\/lh6.googleusercontent.com\/-HVbKcNsDrFI\/T6zuU_qaNqI\/AAAAAAAAAAw\/bT7nsbNogJ8\/s720\/IMG_4186.JPG\" \/>\n<meta name=\"author\" content=\"Kisha Orthodhokse\" \/>\n<meta name=\"twitter:card\" content=\"summary_large_image\" \/>\n<meta name=\"twitter:label1\" content=\"Written by\" \/>\n\t<meta name=\"twitter:data1\" content=\"Kisha Orthodhokse\" \/>\n\t<meta name=\"twitter:label2\" content=\"Est. reading time\" \/>\n\t<meta name=\"twitter:data2\" content=\"2 minutes\" \/>\n<script type=\"application\/ld+json\" class=\"yoast-schema-graph\">{\"@context\":\"https:\/\/schema.org\",\"@graph\":[{\"@type\":\"Article\",\"@id\":\"https:\/\/orthodoxalbania.org\/2020\/2013\/03\/21\/tryeza-qe-mbledh-dashuria-e-krishtere-vizite-e-kryepiskopit-anastas-ne-mensen-e-kishes-per-personat-me-ne-nevoje\/#article\",\"isPartOf\":{\"@id\":\"https:\/\/orthodoxalbania.org\/2020\/2013\/03\/21\/tryeza-qe-mbledh-dashuria-e-krishtere-vizite-e-kryepiskopit-anastas-ne-mensen-e-kishes-per-personat-me-ne-nevoje\/\"},\"author\":{\"name\":\"Kisha Orthodhokse\",\"@id\":\"https:\/\/orthodoxalbania.org\/2020\/#\/schema\/person\/0c387634a7063ac612d7ed9ce71c7e86\"},\"headline\":\"Tryeza q\u00eb mbledh dashuria e krishter\u00eb Vizit\u00eb e Kryepiskopit Anastas n\u00eb mens\u00ebn e Kish\u00ebs p\u00ebr personat m\u00eb n\u00eb nevoj\u00eb. (Prill 2012)\",\"datePublished\":\"2013-03-21T11:53:49+00:00\",\"dateModified\":\"2020-04-06T20:06:06+00:00\",\"mainEntityOfPage\":{\"@id\":\"https:\/\/orthodoxalbania.org\/2020\/2013\/03\/21\/tryeza-qe-mbledh-dashuria-e-krishtere-vizite-e-kryepiskopit-anastas-ne-mensen-e-kishes-per-personat-me-ne-nevoje\/\"},\"wordCount\":509,\"commentCount\":0,\"publisher\":{\"@id\":\"https:\/\/orthodoxalbania.org\/2020\/#organization\"},\"image\":{\"@id\":\"https:\/\/orthodoxalbania.org\/2020\/2013\/03\/21\/tryeza-qe-mbledh-dashuria-e-krishtere-vizite-e-kryepiskopit-anastas-ne-mensen-e-kishes-per-personat-me-ne-nevoje\/#primaryimage\"},\"thumbnailUrl\":\"https:\/\/lh6.googleusercontent.com\/-HVbKcNsDrFI\/T6zuU_qaNqI\/AAAAAAAAAAw\/bT7nsbNogJ8\/s720\/IMG_4186.JPG\",\"keywords\":[\"2012\",\"DonacioneNdihma\",\"Kryepiskopata Tiran\u00eb\",\"Kryepiskopi Anastas\",\"lajme\"],\"articleSection\":[\"Lajme\"],\"inLanguage\":\"en-US\"},{\"@type\":\"WebPage\",\"@id\":\"https:\/\/orthodoxalbania.org\/2020\/2013\/03\/21\/tryeza-qe-mbledh-dashuria-e-krishtere-vizite-e-kryepiskopit-anastas-ne-mensen-e-kishes-per-personat-me-ne-nevoje\/\",\"url\":\"https:\/\/orthodoxalbania.org\/2020\/2013\/03\/21\/tryeza-qe-mbledh-dashuria-e-krishtere-vizite-e-kryepiskopit-anastas-ne-mensen-e-kishes-per-personat-me-ne-nevoje\/\",\"name\":\"Tryeza q\u00eb mbledh dashuria e krishter\u00eb Vizit\u00eb e Kryepiskopit Anastas n\u00eb mens\u00ebn e Kish\u00ebs p\u00ebr personat m\u00eb n\u00eb nevoj\u00eb. (Prill 2012) - Kisha Orthodh\u03bfkse Autoqefale e Shqip\u00ebris\u00eb\",\"isPartOf\":{\"@id\":\"https:\/\/orthodoxalbania.org\/2020\/#website\"},\"primaryImageOfPage\":{\"@id\":\"https:\/\/orthodoxalbania.org\/2020\/2013\/03\/21\/tryeza-qe-mbledh-dashuria-e-krishtere-vizite-e-kryepiskopit-anastas-ne-mensen-e-kishes-per-personat-me-ne-nevoje\/#primaryimage\"},\"image\":{\"@id\":\"https:\/\/orthodoxalbania.org\/2020\/2013\/03\/21\/tryeza-qe-mbledh-dashuria-e-krishtere-vizite-e-kryepiskopit-anastas-ne-mensen-e-kishes-per-personat-me-ne-nevoje\/#primaryimage\"},\"thumbnailUrl\":\"https:\/\/lh6.googleusercontent.com\/-HVbKcNsDrFI\/T6zuU_qaNqI\/AAAAAAAAAAw\/bT7nsbNogJ8\/s720\/IMG_4186.JPG\",\"datePublished\":\"2013-03-21T11:53:49+00:00\",\"dateModified\":\"2020-04-06T20:06:06+00:00\",\"breadcrumb\":{\"@id\":\"https:\/\/orthodoxalbania.org\/2020\/2013\/03\/21\/tryeza-qe-mbledh-dashuria-e-krishtere-vizite-e-kryepiskopit-anastas-ne-mensen-e-kishes-per-personat-me-ne-nevoje\/#breadcrumb\"},\"inLanguage\":\"en-US\",\"potentialAction\":[{\"@type\":\"ReadAction\",\"target\":[\"https:\/\/orthodoxalbania.org\/2020\/2013\/03\/21\/tryeza-qe-mbledh-dashuria-e-krishtere-vizite-e-kryepiskopit-anastas-ne-mensen-e-kishes-per-personat-me-ne-nevoje\/\"]}]},{\"@type\":\"ImageObject\",\"inLanguage\":\"en-US\",\"@id\":\"https:\/\/orthodoxalbania.org\/2020\/2013\/03\/21\/tryeza-qe-mbledh-dashuria-e-krishtere-vizite-e-kryepiskopit-anastas-ne-mensen-e-kishes-per-personat-me-ne-nevoje\/#primaryimage\",\"url\":\"https:\/\/lh6.googleusercontent.com\/-HVbKcNsDrFI\/T6zuU_qaNqI\/AAAAAAAAAAw\/bT7nsbNogJ8\/s720\/IMG_4186.JPG\",\"contentUrl\":\"https:\/\/lh6.googleusercontent.com\/-HVbKcNsDrFI\/T6zuU_qaNqI\/AAAAAAAAAAw\/bT7nsbNogJ8\/s720\/IMG_4186.JPG\"},{\"@type\":\"BreadcrumbList\",\"@id\":\"https:\/\/orthodoxalbania.org\/2020\/2013\/03\/21\/tryeza-qe-mbledh-dashuria-e-krishtere-vizite-e-kryepiskopit-anastas-ne-mensen-e-kishes-per-personat-me-ne-nevoje\/#breadcrumb\",\"itemListElement\":[{\"@type\":\"ListItem\",\"position\":1,\"name\":\"Home\",\"item\":\"https:\/\/orthodoxalbania.org\/2020\/\"},{\"@type\":\"ListItem\",\"position\":2,\"name\":\"Tryeza q\u00eb mbledh dashuria e krishter\u00eb Vizit\u00eb e Kryepiskopit Anastas n\u00eb mens\u00ebn e Kish\u00ebs p\u00ebr personat m\u00eb n\u00eb nevoj\u00eb. (Prill 2012)\"}]},{\"@type\":\"WebSite\",\"@id\":\"https:\/\/orthodoxalbania.org\/2020\/#website\",\"url\":\"https:\/\/orthodoxalbania.org\/2020\/\",\"name\":\"Kisha Orthodh\u03bfkse Autoqefale e Shqip\u00ebris\u00eb\",\"description\":\"Fqja Zyrtare e Kish\u00ebs Orthodhokse Autoqefale e Shqip\u00ebris\u00eb me lajmet edhe informacionet zyrtare p\u00ebr struktur\u00ebn edhe veprimtarin e saj.\",\"publisher\":{\"@id\":\"https:\/\/orthodoxalbania.org\/2020\/#organization\"},\"potentialAction\":[{\"@type\":\"SearchAction\",\"target\":{\"@type\":\"EntryPoint\",\"urlTemplate\":\"https:\/\/orthodoxalbania.org\/2020\/?s={search_term_string}\"},\"query-input\":{\"@type\":\"PropertyValueSpecification\",\"valueRequired\":true,\"valueName\":\"search_term_string\"}}],\"inLanguage\":\"en-US\"},{\"@type\":\"Organization\",\"@id\":\"https:\/\/orthodoxalbania.org\/2020\/#organization\",\"name\":\"Kisha Orthodhokse Autoqefale e Shqip\u00ebris\u00eb\",\"url\":\"https:\/\/orthodoxalbania.org\/2020\/\",\"logo\":{\"@type\":\"ImageObject\",\"inLanguage\":\"en-US\",\"@id\":\"https:\/\/orthodoxalbania.org\/2020\/#\/schema\/logo\/image\/\",\"url\":\"https:\/\/orthodoxalbania.org\/2020\/wp-content\/uploads\/2020\/05\/albania.jpeg\",\"contentUrl\":\"https:\/\/orthodoxalbania.org\/2020\/wp-content\/uploads\/2020\/05\/albania.jpeg\",\"width\":540,\"height\":540,\"caption\":\"Kisha Orthodhokse Autoqefale e Shqip\u00ebris\u00eb\"},\"image\":{\"@id\":\"https:\/\/orthodoxalbania.org\/2020\/#\/schema\/logo\/image\/\"},\"sameAs\":[\"https:\/\/www.facebook.com\/koash1991\"]},{\"@type\":\"Person\",\"@id\":\"https:\/\/orthodoxalbania.org\/2020\/#\/schema\/person\/0c387634a7063ac612d7ed9ce71c7e86\",\"name\":\"Kisha Orthodhokse\",\"image\":{\"@type\":\"ImageObject\",\"inLanguage\":\"en-US\",\"@id\":\"https:\/\/secure.gravatar.com\/avatar\/596e7c417251e30f2fbb9c00e026fce61a695a00e51c889caded71c96cbbdde5?s=96&d=mm&r=g\",\"url\":\"https:\/\/secure.gravatar.com\/avatar\/596e7c417251e30f2fbb9c00e026fce61a695a00e51c889caded71c96cbbdde5?s=96&d=mm&r=g\",\"contentUrl\":\"https:\/\/secure.gravatar.com\/avatar\/596e7c417251e30f2fbb9c00e026fce61a695a00e51c889caded71c96cbbdde5?s=96&d=mm&r=g\",\"caption\":\"Kisha Orthodhokse\"}}]}<\/script>\n<!-- \/ Yoast SEO plugin. -->","yoast_head_json":{"title":"Tryeza q\u00eb mbledh dashuria e krishter\u00eb Vizit\u00eb e Kryepiskopit Anastas n\u00eb mens\u00ebn e Kish\u00ebs p\u00ebr personat m\u00eb n\u00eb nevoj\u00eb. (Prill 2012) - Kisha Orthodh\u03bfkse Autoqefale e Shqip\u00ebris\u00eb","robots":{"index":"index","follow":"follow","max-snippet":"max-snippet:-1","max-image-preview":"max-image-preview:large","max-video-preview":"max-video-preview:-1"},"canonical":"https:\/\/orthodoxalbania.org\/2020\/2013\/03\/21\/tryeza-qe-mbledh-dashuria-e-krishtere-vizite-e-kryepiskopit-anastas-ne-mensen-e-kishes-per-personat-me-ne-nevoje\/","og_locale":"en_US","og_type":"article","og_title":"Tryeza q\u00eb mbledh dashuria e krishter\u00eb Vizit\u00eb e Kryepiskopit Anastas n\u00eb mens\u00ebn e Kish\u00ebs p\u00ebr personat m\u00eb n\u00eb nevoj\u00eb. (Prill 2012) - Kisha Orthodh\u03bfkse Autoqefale e Shqip\u00ebris\u00eb","og_description":"&nbsp;&nbsp;&nbsp; Ka vite q\u00eb Kisha jon\u00eb organizon n\u00eb Tiran\u00eb dreken \u201cTryeza e dashuris\u00eb\u201d, n\u00eb ndihm\u00eb t\u00eb personave m\u00eb n\u00eb nevoj\u00eb. Ajo ofrohet dy her\u00eb n\u00eb jav\u00eb p\u00ebr m\u00eb shum\u00eb se 50 persona. T\u00eb mart\u00ebn, n\u00eb 8 maj, Kryepiskopi Anastas, i cili ka qen\u00eb mb\u00ebshtet\u00ebsi i vazhduesh\u00ebm i k\u00ebsaj veprimtarie, vizitoi k\u00ebt\u00eb mens\u00eb. Ai shoq\u00ebrohej nga episkopi i Bylisit, Asti. &nbsp; &nbsp; &nbsp; Fortlumturia e Tij","og_url":"https:\/\/orthodoxalbania.org\/2020\/2013\/03\/21\/tryeza-qe-mbledh-dashuria-e-krishtere-vizite-e-kryepiskopit-anastas-ne-mensen-e-kishes-per-personat-me-ne-nevoje\/","og_site_name":"Kisha Orthodh\u03bfkse Autoqefale e Shqip\u00ebris\u00eb","article_publisher":"https:\/\/www.facebook.com\/koash1991","article_published_time":"2013-03-21T11:53:49+00:00","article_modified_time":"2020-04-06T20:06:06+00:00","og_image":[{"url":"https:\/\/lh6.googleusercontent.com\/-HVbKcNsDrFI\/T6zuU_qaNqI\/AAAAAAAAAAw\/bT7nsbNogJ8\/s720\/IMG_4186.JPG","type":"","width":"","height":""}],"author":"Kisha Orthodhokse","twitter_card":"summary_large_image","twitter_misc":{"Written by":"Kisha Orthodhokse","Est. reading time":"2 minutes"},"schema":{"@context":"https:\/\/schema.org","@graph":[{"@type":"Article","@id":"https:\/\/orthodoxalbania.org\/2020\/2013\/03\/21\/tryeza-qe-mbledh-dashuria-e-krishtere-vizite-e-kryepiskopit-anastas-ne-mensen-e-kishes-per-personat-me-ne-nevoje\/#article","isPartOf":{"@id":"https:\/\/orthodoxalbania.org\/2020\/2013\/03\/21\/tryeza-qe-mbledh-dashuria-e-krishtere-vizite-e-kryepiskopit-anastas-ne-mensen-e-kishes-per-personat-me-ne-nevoje\/"},"author":{"name":"Kisha Orthodhokse","@id":"https:\/\/orthodoxalbania.org\/2020\/#\/schema\/person\/0c387634a7063ac612d7ed9ce71c7e86"},"headline":"Tryeza q\u00eb mbledh dashuria e krishter\u00eb Vizit\u00eb e Kryepiskopit Anastas n\u00eb mens\u00ebn e Kish\u00ebs p\u00ebr personat m\u00eb n\u00eb nevoj\u00eb. (Prill 2012)","datePublished":"2013-03-21T11:53:49+00:00","dateModified":"2020-04-06T20:06:06+00:00","mainEntityOfPage":{"@id":"https:\/\/orthodoxalbania.org\/2020\/2013\/03\/21\/tryeza-qe-mbledh-dashuria-e-krishtere-vizite-e-kryepiskopit-anastas-ne-mensen-e-kishes-per-personat-me-ne-nevoje\/"},"wordCount":509,"commentCount":0,"publisher":{"@id":"https:\/\/orthodoxalbania.org\/2020\/#organization"},"image":{"@id":"https:\/\/orthodoxalbania.org\/2020\/2013\/03\/21\/tryeza-qe-mbledh-dashuria-e-krishtere-vizite-e-kryepiskopit-anastas-ne-mensen-e-kishes-per-personat-me-ne-nevoje\/#primaryimage"},"thumbnailUrl":"https:\/\/lh6.googleusercontent.com\/-HVbKcNsDrFI\/T6zuU_qaNqI\/AAAAAAAAAAw\/bT7nsbNogJ8\/s720\/IMG_4186.JPG","keywords":["2012","DonacioneNdihma","Kryepiskopata Tiran\u00eb","Kryepiskopi Anastas","lajme"],"articleSection":["Lajme"],"inLanguage":"en-US"},{"@type":"WebPage","@id":"https:\/\/orthodoxalbania.org\/2020\/2013\/03\/21\/tryeza-qe-mbledh-dashuria-e-krishtere-vizite-e-kryepiskopit-anastas-ne-mensen-e-kishes-per-personat-me-ne-nevoje\/","url":"https:\/\/orthodoxalbania.org\/2020\/2013\/03\/21\/tryeza-qe-mbledh-dashuria-e-krishtere-vizite-e-kryepiskopit-anastas-ne-mensen-e-kishes-per-personat-me-ne-nevoje\/","name":"Tryeza q\u00eb mbledh dashuria e krishter\u00eb Vizit\u00eb e Kryepiskopit Anastas n\u00eb mens\u00ebn e Kish\u00ebs p\u00ebr personat m\u00eb n\u00eb nevoj\u00eb. (Prill 2012) - Kisha Orthodh\u03bfkse Autoqefale e Shqip\u00ebris\u00eb","isPartOf":{"@id":"https:\/\/orthodoxalbania.org\/2020\/#website"},"primaryImageOfPage":{"@id":"https:\/\/orthodoxalbania.org\/2020\/2013\/03\/21\/tryeza-qe-mbledh-dashuria-e-krishtere-vizite-e-kryepiskopit-anastas-ne-mensen-e-kishes-per-personat-me-ne-nevoje\/#primaryimage"},"image":{"@id":"https:\/\/orthodoxalbania.org\/2020\/2013\/03\/21\/tryeza-qe-mbledh-dashuria-e-krishtere-vizite-e-kryepiskopit-anastas-ne-mensen-e-kishes-per-personat-me-ne-nevoje\/#primaryimage"},"thumbnailUrl":"https:\/\/lh6.googleusercontent.com\/-HVbKcNsDrFI\/T6zuU_qaNqI\/AAAAAAAAAAw\/bT7nsbNogJ8\/s720\/IMG_4186.JPG","datePublished":"2013-03-21T11:53:49+00:00","dateModified":"2020-04-06T20:06:06+00:00","breadcrumb":{"@id":"https:\/\/orthodoxalbania.org\/2020\/2013\/03\/21\/tryeza-qe-mbledh-dashuria-e-krishtere-vizite-e-kryepiskopit-anastas-ne-mensen-e-kishes-per-personat-me-ne-nevoje\/#breadcrumb"},"inLanguage":"en-US","potentialAction":[{"@type":"ReadAction","target":["https:\/\/orthodoxalbania.org\/2020\/2013\/03\/21\/tryeza-qe-mbledh-dashuria-e-krishtere-vizite-e-kryepiskopit-anastas-ne-mensen-e-kishes-per-personat-me-ne-nevoje\/"]}]},{"@type":"ImageObject","inLanguage":"en-US","@id":"https:\/\/orthodoxalbania.org\/2020\/2013\/03\/21\/tryeza-qe-mbledh-dashuria-e-krishtere-vizite-e-kryepiskopit-anastas-ne-mensen-e-kishes-per-personat-me-ne-nevoje\/#primaryimage","url":"https:\/\/lh6.googleusercontent.com\/-HVbKcNsDrFI\/T6zuU_qaNqI\/AAAAAAAAAAw\/bT7nsbNogJ8\/s720\/IMG_4186.JPG","contentUrl":"https:\/\/lh6.googleusercontent.com\/-HVbKcNsDrFI\/T6zuU_qaNqI\/AAAAAAAAAAw\/bT7nsbNogJ8\/s720\/IMG_4186.JPG"},{"@type":"BreadcrumbList","@id":"https:\/\/orthodoxalbania.org\/2020\/2013\/03\/21\/tryeza-qe-mbledh-dashuria-e-krishtere-vizite-e-kryepiskopit-anastas-ne-mensen-e-kishes-per-personat-me-ne-nevoje\/#breadcrumb","itemListElement":[{"@type":"ListItem","position":1,"name":"Home","item":"https:\/\/orthodoxalbania.org\/2020\/"},{"@type":"ListItem","position":2,"name":"Tryeza q\u00eb mbledh dashuria e krishter\u00eb Vizit\u00eb e Kryepiskopit Anastas n\u00eb mens\u00ebn e Kish\u00ebs p\u00ebr personat m\u00eb n\u00eb nevoj\u00eb. (Prill 2012)"}]},{"@type":"WebSite","@id":"https:\/\/orthodoxalbania.org\/2020\/#website","url":"https:\/\/orthodoxalbania.org\/2020\/","name":"Kisha Orthodh\u03bfkse Autoqefale e Shqip\u00ebris\u00eb","description":"Fqja Zyrtare e Kish\u00ebs Orthodhokse Autoqefale e Shqip\u00ebris\u00eb me lajmet edhe informacionet zyrtare p\u00ebr struktur\u00ebn edhe veprimtarin e saj.","publisher":{"@id":"https:\/\/orthodoxalbania.org\/2020\/#organization"},"potentialAction":[{"@type":"SearchAction","target":{"@type":"EntryPoint","urlTemplate":"https:\/\/orthodoxalbania.org\/2020\/?s={search_term_string}"},"query-input":{"@type":"PropertyValueSpecification","valueRequired":true,"valueName":"search_term_string"}}],"inLanguage":"en-US"},{"@type":"Organization","@id":"https:\/\/orthodoxalbania.org\/2020\/#organization","name":"Kisha Orthodhokse Autoqefale e Shqip\u00ebris\u00eb","url":"https:\/\/orthodoxalbania.org\/2020\/","logo":{"@type":"ImageObject","inLanguage":"en-US","@id":"https:\/\/orthodoxalbania.org\/2020\/#\/schema\/logo\/image\/","url":"https:\/\/orthodoxalbania.org\/2020\/wp-content\/uploads\/2020\/05\/albania.jpeg","contentUrl":"https:\/\/orthodoxalbania.org\/2020\/wp-content\/uploads\/2020\/05\/albania.jpeg","width":540,"height":540,"caption":"Kisha Orthodhokse Autoqefale e Shqip\u00ebris\u00eb"},"image":{"@id":"https:\/\/orthodoxalbania.org\/2020\/#\/schema\/logo\/image\/"},"sameAs":["https:\/\/www.facebook.com\/koash1991"]},{"@type":"Person","@id":"https:\/\/orthodoxalbania.org\/2020\/#\/schema\/person\/0c387634a7063ac612d7ed9ce71c7e86","name":"Kisha Orthodhokse","image":{"@type":"ImageObject","inLanguage":"en-US","@id":"https:\/\/secure.gravatar.com\/avatar\/596e7c417251e30f2fbb9c00e026fce61a695a00e51c889caded71c96cbbdde5?s=96&d=mm&r=g","url":"https:\/\/secure.gravatar.com\/avatar\/596e7c417251e30f2fbb9c00e026fce61a695a00e51c889caded71c96cbbdde5?s=96&d=mm&r=g","contentUrl":"https:\/\/secure.gravatar.com\/avatar\/596e7c417251e30f2fbb9c00e026fce61a695a00e51c889caded71c96cbbdde5?s=96&d=mm&r=g","caption":"Kisha Orthodhokse"}}]}},"_links":{"self":[{"href":"https:\/\/orthodoxalbania.org\/2020\/wp-json\/wp\/v2\/posts\/1473","targetHints":{"allow":["GET"]}}],"collection":[{"href":"https:\/\/orthodoxalbania.org\/2020\/wp-json\/wp\/v2\/posts"}],"about":[{"href":"https:\/\/orthodoxalbania.org\/2020\/wp-json\/wp\/v2\/types\/post"}],"author":[{"embeddable":true,"href":"https:\/\/orthodoxalbania.org\/2020\/wp-json\/wp\/v2\/users\/1"}],"replies":[{"embeddable":true,"href":"https:\/\/orthodoxalbania.org\/2020\/wp-json\/wp\/v2\/comments?post=1473"}],"version-history":[{"count":1,"href":"https:\/\/orthodoxalbania.org\/2020\/wp-json\/wp\/v2\/posts\/1473\/revisions"}],"predecessor-version":[{"id":15328,"href":"https:\/\/orthodoxalbania.org\/2020\/wp-json\/wp\/v2\/posts\/1473\/revisions\/15328"}],"wp:attachment":[{"href":"https:\/\/orthodoxalbania.org\/2020\/wp-json\/wp\/v2\/media?parent=1473"}],"wp:term":[{"taxonomy":"category","embeddable":true,"href":"https:\/\/orthodoxalbania.org\/2020\/wp-json\/wp\/v2\/categories?post=1473"},{"taxonomy":"post_tag","embeddable":true,"href":"https:\/\/orthodoxalbania.org\/2020\/wp-json\/wp\/v2\/tags?post=1473"}],"curies":[{"name":"wp","href":"https:\/\/api.w.org\/{rel}","templated":true}]}}