{"id":1471,"date":"2013-03-31T20:50:16","date_gmt":"2013-03-31T20:50:16","guid":{"rendered":""},"modified":"2020-04-06T22:05:47","modified_gmt":"2020-04-06T20:05:47","slug":"trashegimi-e-pambrojtur-interviste-per-dw-e-gentian-stratoberdha-pergjegjes-per-trashegimine-ne-kishen-orthodhokse-autoqefale-te-shqiperise","status":"publish","type":"post","link":"https:\/\/orthodoxalbania.org\/2020\/2013\/03\/31\/trashegimi-e-pambrojtur-interviste-per-dw-e-gentian-stratoberdha-pergjegjes-per-trashegimine-ne-kishen-orthodhokse-autoqefale-te-shqiperise\/","title":{"rendered":"Trash\u00ebgimi e pambrojtur &#8211; Intervist\u00eb p\u00ebr DW e Gentian Stratob\u00ebrdha, p\u00ebrgjegj\u00ebs p\u00ebr Trash\u00ebgimin\u00eb n\u00eb Kish\u00ebn Orthodhokse Autoqefale t\u00eb Shqip\u00ebris\u00eb. (Mars 2013)"},"content":{"rendered":"<p style=\"text-align: justify;\">\n\t<span style=\"color:#000000;\"><span style=\"font-family: tahoma,geneva,sans-serif;\"><span style=\"font-size: 12px;\"><img class=\"lazyload\" decoding=\"async\" src=\"data:image\/gif;base64,R0lGODlhAQABAAAAACH5BAEKAAEALAAAAAABAAEAAAICTAEAOw==\" data-orig-src=\"https:\/\/lh4.googleusercontent.com\/-p52J2L5u_h4\/UOwIgikBMII\/AAAAAAAABy4\/QvFLiqMvhPY\/s512\/2.jpg\" style=\"width: 200px; height: 200px; margin: 10px; float: left;\" \/><strong>DW: Zoti Stratob\u00ebrdha nj\u00eb s\u00ebr\u00eb grabitjesh kan\u00eb ndodhur koh\u00ebt e fundit n\u00eb kishat orthodhokse, t\u00eb cilat mbrohen si trash\u00ebgimi kulturore nga shteti. S\u00eb fundi n\u00eb janar u d\u00ebmtuan afresket e Onufrit dhe para nj\u00eb jave u grabit kisha e Gjith\u00eb Sh\u00ebnjtor\u00ebve n\u00eb Himar\u00eb. P\u00ebrse gjith\u00eb k\u00ebto vjedhje? Ku p\u00ebrfundojn\u00eb ikonat dhe ikonostaset e shumt\u00eb, q\u00eb merren nga k\u00ebto kisha?<\/strong><\/p>\n<p>\t<strong> Stratob\u00ebrdha: <\/strong>Ekziston, nj\u00eb treg i zi, i fsheht\u00eb, me klient\u00eb, me njer\u00ebz, t\u00eb cil\u00ebt merren me k\u00ebt\u00eb pun\u00eb n\u00eb m\u00ebnyr\u00eb jo t\u00eb rregullt, t\u00eb jasht\u00ebligjshme. Me siguri, duke par\u00eb situat\u00ebn, gjith\u00eb k\u00ebto vepra p\u00ebrfundojn\u00eb n\u00eb koleksionist\u00eb, t\u00eb \u00e7mendur, t\u00eb dedikuar ndaj k\u00ebtyre veprave, q\u00eb me \u00e7do kusht duhet t\u2019i ken\u00eb n\u00eb koleksionin e tyre. Nj\u00eb pjes\u00eb e mir\u00eb e koleksionist\u00ebve dikur m\u00eb mbrapa mund t\u2019i ken\u00eb edhe t\u00eb ekspozuara dhe ka ndodhur edhe n\u00eb Shqip\u00ebri q\u00eb ka pasur ekspozita nga koleksionist\u00eb privat\u00eb me ikona dhe me element\u00eb t\u00eb trashegimis\u00eb son\u00eb kulturore, t\u00eb cilave nuk u dihet adresa, nuk u dihet burimi nga kan\u00eb ardhur, si kan\u00eb ardhur, pse u gjend\u00ebn te ky koleksionist. Normalisht nuk mund t\u2018i faj\u00ebsojm\u00eb koleksionist\u00ebt, sepse ata marrin di\u00e7ka dor\u00eb pas dore. Regjistrimi i pasurive, q\u00eb qarkullojn\u00eb n\u00eb duar t\u00eb koleksionist\u00ebve, duhet t\u00eb b\u00ebhet n\u00eb m\u00ebnyr\u00eb t\u00eb rregullt dhe ligjore, duke pasur parasysh origjin\u00ebn nga ka ardhur, si ka ardhur deri k\u00ebtu, at\u00ebher\u00eb t\u00eb regjistrohet dhe t\u00eb quhet e rregullt, jo t\u00eb regjistrohet direkt pa marr\u00eb asnj\u00eb informacion, sepse i bie t\u00eb legalizojm\u00eb sende t\u00eb vjedhura nga monumente t\u00eb trashegimis\u00eb son\u00eb kulturore dhe t\u2018i legalizojm\u00eb ato n\u00eb duart e koleksionist\u00ebve, mjafton q\u00eb ata t\u00eb vijn\u00eb, t\u00eb nxjerrin nj\u00eb pashaport\u00eb dhe kaq. Besoj se tregu ekziston, nd\u00ebrsa tolerancat jan\u00eb t\u00eb medha dhe k\u00ebrkesat jan\u00eb t\u00eb m\u00ebdha dhe do t\u00eb kemi n\u00eb vazhdim\u00ebsi, si\u00e7 ka ndodhur gjith\u00eb k\u00ebto vite, ikonostase, ikona t\u00eb ndryshme, element\u00eb kishtar\u00eb, pjes\u00eb t\u00eb gdhendura t\u00eb interiereve t\u00eb kishave, q\u00eb kan\u00eb qen\u00eb, por nuk jan\u00eb m\u00eb.<\/p>\n<p>\t<strong>DW: Si mund t\u00eb ndalohet ky fenomen. A ka ndodhur q\u00eb dikush \u00ebsht\u00eb ndaluar nga policia duke vjedhur, apo trafikuar. A ka pasur d\u00ebnime t\u00eb k\u00ebtyre krimeve?<\/strong><\/p>\n<p>\t<strong>Stratob\u00ebrdha:<\/strong> Ka pasur nj\u00eb plog\u00ebshti t\u00eb organeve t\u00eb rendit dhe indiferenc\u00eb n\u00eb m\u00ebnyr\u00eb shum\u00eb t\u00eb theksuar. Duhet ditur q\u00eb n\u00eb kish\u00ebn e Valshit d\u00ebmtimi i afreskut t\u00ebOnufrit ndodhi dy her\u00eb, nj\u00eb her\u00eb \u00ebsht\u00eb vjedhur para vitit t\u00eb ri dhe nj\u00eb her\u00eb m\u00eb 4 janar. Pas denoncimit t\u00eb par\u00eb policia nuk nd\u00ebrmori kurrfar\u00eb veprimi. At\u00ebher\u00eb keqb\u00ebr\u00ebsit erdh\u00ebn edhe nj\u00eb her\u00eb brenda nj\u00eb jave. Kjo do t\u00eb thot\u00eb shum\u00eb. N\u00ebse brenda nj\u00eb jave vidhet nj\u00eb vep\u00ebr e till\u00eb unikale, e vetmja, q\u00eb konsiderohet e past\u00ebr dhe e njohur nga dora e Onufrit, at\u00ebher\u00eb kemi t\u00eb b\u00ebjm\u00eb me nj\u00eb sistem jofunksional, t\u00eb pavlefsh\u00ebm t\u00eb ruajtjes s\u00eb k\u00ebtyre vlerave. Shteti ligj\u00ebrisht duhet t\u2019i mbroj\u00eb. Ligji \u00ebsht\u00eb akoma n\u00eb fuqi, q\u00eb duhet t\u2019i mbroj\u00eb. Nuk ka nj\u00eb sistem mbrojtjeje, policia nuk angazhohet. Vjedh\u00ebsit nuk jan\u00eb kapur, k\u00ebshtu q\u00eb t\u00eb b\u00ebn t\u00eb mendosh, se n\u00eb momente t\u00eb caktuara segmete t\u00eb caktuara t\u00eb ken\u00eb bashk\u00ebpunim. Duke e par\u00eb k\u00ebt\u00eb moment t\u00eb indiferentizmit t\u00eb madh dhe jo rezultate n\u00eb kapjen, ose ndalimin e k\u00ebtij fenomeni, t\u00eb b\u00ebn q\u00eb t\u00eb mendosh se segmente t\u00eb caktuara t\u00eb policis\u00eb ose t\u00eb organeve, q\u00eb jan\u00eb p\u00ebrgjegj\u00ebse p\u00ebr ruajtjen e monumenteve, mund t\u00eb jen\u00eb bashk\u00ebpun\u00ebtor\u00eb me k\u00ebta njer\u00ebz t\u00eb krimit artistik, ose t\u00eb krimit ndaj artit t\u00eb trash\u00ebgimis\u00eb son\u00eb kulturore. Sepse ne nuk kemi raste, q\u00eb jan\u00eb kapur, jan\u00eb d\u00ebnuar, jan\u00eb gjetur, i jan\u00eb rikthyer monumentit, apo i jan\u00eb rikthyer zyrtarisht shtetit p\u00ebrs\u00ebri. Jan\u00eb gj\u00ebra, q\u00eb ngelin gjithmon\u00eb tentativ\u00eb.<\/p>\n<p>\t<strong>DW: Vjedhjet, q\u00eb njoftohen, ndodhin kryesisht n\u00eb objektet orthodhokse t\u00eb kultit, dhe jo n\u00eb objektet e kulteve te tjera fetare. Si shpjegohet kjo?<\/strong><\/p>\n<p>\t<strong>Stratob\u00ebrdha:<\/strong> Un\u00eb shoh nj\u00eb tendenc\u00eb neglizhence, p\u00ebrsa i p\u00ebrket ndodhive n\u00eb objektet e kultit orthodhoks. Edhe numri i objekteve \u00ebsht\u00eb shum\u00eb m\u00eb i madh. Jan\u00eb gati 170 monumente kulture t\u00eb kultit orthodhoks, duke pasur parasysh, q\u00eb t\u00eb kultit katolik dhe t\u00eb besimit mysliman jan\u00eb shum\u00eb m\u00eb pak. Esht\u00eb ndoshta edhe fakti se objektet e kultit orthodhoks, duke filluar nga shekulli i 10-t\u00eb, 11-t\u00eb dhe n\u00eb vazhdim\u00ebsi deri n\u00eb shekullin 18-t\u00eb, 19-t\u00eb, kan\u00eb interier\u00eb m\u00eb t\u00eb pasur. Afresket dhe ikonostaset n\u00eb objektet e kultit kishtar orthodhoks gjenden me shumic\u00eb, interieret e kishave orthodhokse jan\u00eb t\u00eb ngarkuara me ornamente t\u00eb dekoracionit dhe t\u00eb artit. Por nj\u00eb tendenc\u00eb indiference ndaj objekteve t\u00eb kultit orthodhoks vihet re, kryesisht nga organet e shtetit. Nuk mund t\u00eb them se \u00ebsht\u00eb nj\u00eb tendenc\u00eb drejtuar fes\u00eb, ose llojit t\u00eb fes\u00eb, q\u00eb p\u00ebrfaq\u00ebsojn\u00eb k\u00ebto objekte, por q\u00eb deri diku ndjehet re nj\u00eb indiferentiz\u00ebm.<\/p>\n<p>\t<strong>DW: A vihet re edhe nj\u00eb far\u00eb mosinteresimi, mosvler\u00ebsimi, mosnd\u00ebrgjegj\u00ebsimi i banor\u00ebve, q\u00eb jetojn\u00eb n\u00eb k\u00ebto zona, ndaj objekteve me vler\u00eb p\u00ebr historin\u00eb e kultur\u00ebn e vendit?<\/strong><\/p>\n<p>\t<strong>Stratob\u00ebrdha:<\/strong> Deri diku edhe shteti u mbrojt n\u00ebn nj\u00eb pyetje t\u00eb till\u00eb, por q\u00eb \u00ebsht\u00eb si puna e kok\u00ebs s\u00eb strucit, q\u00eb e fut diku n\u00eb nj\u00eb vrim\u00eb dhe kujton se gjith\u00eb trupi \u00ebsht\u00eb i fshehur pastaj. Nuk mendoj t\u00eb ket\u00eb t\u00eb b\u00ebj\u00eb me nd\u00ebrgjegj\u00ebsimin e popullit, populli \u00ebsht\u00eb besimtar, jo besimtar, apo i nj\u00eb besimi tjet\u00ebr. N\u00eb momentin q\u00eb k\u00ebto kisha ndodhen n\u00eb zona, ku ka dhe besimtar\u00eb orthodhoks\u00eb, nuk mendoj se kjo \u00ebsht\u00eb edhe n\u00eb natyr\u00ebn e besimit t\u00eb njer\u00ebzve, q\u00eb nj\u00eb besimtar i krishter\u00eb do t\u00eb d\u00ebmtonte kish\u00ebn. N\u00eb m\u00ebnyr\u00eb absolute nuk ndodh. Dhe kryesisht nga ngjarjet, nga t\u00eb dh\u00ebnat dhe historit\u00eb, q\u00eb kemi d\u00ebgjuar dhe q\u00eb na tregojn\u00eb vendasit, thon\u00eb se dikush, nj\u00eb grup t\u00eb rinjsh, ose burrash t\u00eb ardhur nga nj\u00eb fuoristrad\u00eb me targa t\u00eb huaja, q\u00eb s\u2019jan\u00eb t\u00eb zon\u00ebs, kan\u00eb ardhur k\u00ebtu, kan\u00eb d\u00ebmtuar. Nuk jan\u00eb vendas ata q\u00eb vijn\u00eb dhe i b\u00ebjn\u00eb jan\u00eb t\u00eb ardhur. Nuk b\u00ebhet fjal\u00eb, q\u00eb komuniteti t\u00eb nd\u00ebrgjegj\u00ebsohet p\u00ebr t\u00eb ruajtur monumentet e tyre. Por monumentet, kryesisht t\u00eb kultit orthodhoks, jan\u00eb n\u00eb zonat jasht\u00eb qytetit, ose jasht\u00eb fshatrave, ose n\u00eb zonat malore, ose zona t\u00eb v\u00ebshtira. N\u00eb \u00e7do vend t\u00eb bot\u00ebs, n\u00ebqoft\u00ebse monumentet nuk ruhen, ato detyrimisht dikush do t\u2019i shkat\u00ebrroj\u00eb, n\u00ebse jo masa e gj\u00ebr\u00eb e popullsis\u00eb, dikush qoft\u00eb i painformuar p\u00ebr vlerat e tyre, qoft\u00eb edhe p\u00ebr t\u2019i d\u00ebmtuar me q\u00ebllim t\u00eb caktuar, ose qoft\u00eb edhe p\u00ebr t\u2019i vjedhur. Nuk mendoj se duhet nd\u00ebrgjegj\u00ebsuar populli, q\u00eb t\u00eb shp\u00ebtojn\u00eb monumentet, nuk \u00ebsht\u00eb kjo rruga, q\u00eb duhet ndjekur. Nuk besoj q\u00eb t\u00eb jet\u00eb kjo, sepse thash\u00eb se besimtar\u00ebt e krishter\u00eb nuk e d\u00ebmtojn\u00eb kish\u00ebn, \u00ebsht\u00eb e pamundur, q\u00eb nj\u00eb besimtar i krishter\u00eb t\u00eb dhunoj\u00eb kish\u00ebn e besimit, ku ai beson. Ngjarjet kan\u00eb ndodhur gjithmon\u00eb nga njer\u00ebz, q\u00eb jan\u00eb t\u00eb ardhur, nuk jan\u00eb vendas, vijn\u00eb d\u00ebmtojn\u00eb, largohen edhe ikin. Dhe kjo \u00ebsht\u00eb ngjarje, q\u00eb ne e hasim gjithmon\u00eb nga tregimet e banor\u00ebve vendas.<\/p>\n<p>\t<strong>DW: A ka t\u00eb b\u00ebj\u00eb mosv\u00ebnia n\u00ebn mbrojtje t\u00eb vazhdueshme e objekteve t\u00eb trash\u00ebgimis\u00eb me munges\u00ebn e fondeve t\u00eb mjaftueshme?<\/strong><\/p>\n<p>\t<strong>Stratob\u00ebrdha:<\/strong> Ato nuk ruhen, nga q\u00eb nuk i kushtohet vemendja e duhur. Nuk b\u00ebhet fjal\u00eb t\u00eb thuhet trash\u00eb, ne nuk kishim lek\u00eb, prandaj nuk i ruajt\u00ebm. Nuk ka nj\u00eb sistem. Nuk themi se nuk funksionon sistemi, sepse nuk u paguan mir\u00eb rojet. Roje nuk ka aspak q\u00eb nga vitet 2005 2006, kur u hoq\u00ebn kujdestar\u00ebt e fundit. Ishin ca kujdestar\u00eb, q\u00eb nuk \u00ebsht\u00eb se ishin p\u00ebr t\u00eb ruajtur me arm\u00eb n\u00eb dor\u00eb monumentet, por t\u00eb pakt\u00ebn i shikonin nj\u00eb her\u00eb n\u00eb dit\u00eb. N\u00eb momentin, q\u00eb k\u00ebto u hoq\u00ebn n\u00eb vitet 2005 &#8211; 2006 monumentet mbet\u00ebn automatikisht pa mbrojtje. At\u00ebher\u00eb ata kishin s\u00eb paku nj\u00eb mbrojtje vizuale, nj\u00eb kqyrje t\u00eb thjesht\u00eb t\u00eb nj\u00eb personi, q\u00eb shkonte nj\u00eb her\u00eb n\u00eb dit\u00eb atje. Them se populli shqiptar nuk i meriton k\u00ebto monumente, p\u00ebrderisa nuk e vret nd\u00ebrgjegja, q\u00eb duhet t&#8217;i ruaj\u00eb dhe duhet t&#8217;i ket\u00eb dhe do t&#8217;i trash\u00ebgoj\u00eb, si\u00e7 erdh\u00ebn deri sot, dhe p\u00ebr brezat, q\u00eb do t\u00eb vijn\u00eb. K\u00ebshtu meq\u00eb nuk i dhimbsen, nuk ndodh as ruajtja, at\u00ebher\u00eb ne nuk do t&#8217;i kemi m\u00eb. Nuk \u00ebsht\u00eb \u00e7\u00ebshtje lek\u00ebsh, por neglizhenc\u00eb, \u00ebsht\u00eb nj\u00eb sistem i t\u00ebr\u00eb, q\u00eb nuk ekziston, pavar\u00ebsisht se ligji ekziston. Ligji i trash\u00ebgimis\u00eb kulturore thot\u00eb qart\u00eb. K\u00ebto jan\u00eb monumentet e shpallura nga shteti dhe t\u00eb mbrojtura nga shteti.<\/span><\/span><\/span><\/p>\n<p style=\"text-align: justify;\">\n\t<span style=\"color:#000000;\"><span style=\"font-family: tahoma,geneva,sans-serif;\"><span style=\"font-size: 12px;\"><strong>Afresku i d\u00ebmtuar i Onufrit n\u00eb kish\u00ebn Sh\u00ebn Premtes n\u00eb Vlash t\u00eb Elbasanit<br \/>\n\tDW. Mendoni se kjo pjes\u00eb e trash\u00ebgimis\u00eb kulturore, \u00ebsht\u00eb e rrezikuar?<\/strong><\/p>\n<p>\t<strong>Stratob\u00ebrdha:<\/strong> Ne humbasim identitetin. Nuk e di, kujt i intereson, q\u00eb objektet e kultit orthodhoks t\u00eb lihen n\u00eb m\u00ebshir\u00eb t\u00eb fatit dhe t\u00eb d\u00ebmtohen. Nd\u00ebrsa dikujt nuk i b\u00ebn p\u00ebrshtypje, sepse ndoshta nuk i ndjen, ose i ndjen shum\u00eb larg k\u00ebto objekte kulti t\u00eb besimit orthodhoks. Por un\u00eb mendoj, se nuk duhet par\u00eb n\u00eb k\u00ebndv\u00ebshtrimin, se k\u00ebto i p\u00ebrkasin nj\u00eb besimi dhe un\u00eb jam i nj\u00eb besimi tjet\u00ebr dhe nuk m\u00eb interesojn\u00eb, edhe n\u00ebse prishen. Ato jan\u00eb trash\u00ebgimi e kombit shqiptar, e popullit shqiptar dhe n\u00ebse nuk do t\u00eb ekzistojn\u00eb, zhduket nj\u00eb histori shum\u00eb e madhe prej gati 1500 vjet\u00ebsh, n\u00eb mos edhe m\u00eb tep\u00ebr. Kjo mund t\u00eb lidhet me shum\u00eb q\u00ebllime, ose me shum\u00eb interesa t\u00eb ndryshme, por edhe ndoshta me at\u00eb q\u00eb shqiptar\u00ebt dhe qeverit\u00eb, q\u00eb kan\u00eb drejtuar n\u00eb k\u00ebto vite, e shohin tendenc\u00ebn n\u00eb p\u00ebrfitimet e shpejta dhe interesat monetare financiare dhe nuk e shohin n\u00eb p\u00ebrfitimin dhe ngritjen e turizmit kulturor mbi trashegimin\u00eb kulturore, t\u00eb turizmit t\u00eb prezantimit t\u00eb identitetit t\u00eb popullit shqiptar me an\u00eb t\u00eb k\u00ebtyre monumenteve. K\u00ebto monumente po i humbasim dita dit\u00ebs. Kemi humbur nj\u00eb sasi t\u00eb madhe t\u00eb artit t\u00eb k\u00ebtyre monumenteve. P\u00ebrve\u00e7 vjedhjeve nuk po restaurohen m\u00eb. Kemi dhjetra kisha, dhjetra objekte, q\u00eb nuk ekzistojn\u00eb m\u00eb. Jan\u00eb n\u00eb lista, por nuk ekzistojn\u00eb fizikisht. Kjo po humb dhe pas ca vjet\u00ebsh ndoshta nuk do t\u00eb kemi m\u00eb t\u00eb tilla, si\u00e7 nuk kemi m\u00eb ikonostase n\u00eb fush\u00ebn e Myzeqes\u00eb. Atje jan\u00eb vjedhur t\u00eb pakt\u00ebn mbi 13, 14 kisha dhe n\u00eb to nuk ekzistojn\u00eb m\u00eb ikonostase, nuk ekziston m\u00eb asnj\u00eb element i brendsh\u00ebm i interierit kishtar, k\u00ebshtu q\u00eb n\u00eb nj\u00eb t\u00eb ardhme shum\u00eb t\u00eb af\u00ebrt ne nuk do t\u00eb kemi m\u00eb asgj\u00eb, nuk do t\u00eb kemi \u00e7far\u00eb t&#8217;u tregojm\u00eb t\u00eb tjer\u00ebve dhe as me \u00e7far\u00eb t\u00eb krenohemi. Ky destinacion duket se \u00ebsht\u00eb i qart\u00eb. Do na ngelen vet\u00ebm fortifikimet militare, vet\u00ebm kalat\u00eb, k\u00ebshtjellat, q\u00eb edhe ata po rr\u00ebnohen, se nuk kemi mund\u00ebsi t&#8217;i mbajm\u00eb. K\u00ebshtu q\u00eb trash\u00ebgimia kulturore \u00ebsht\u00eb n\u00eb nj\u00eb pik\u00ebpyetje shum\u00eb t\u00eb madhe dhe e ardhmja e saj vihet n\u00eb dyshim.<\/p>\n<p>\t<strong>DW: Instituti i Monumenteve t\u00eb Kultur\u00ebs po punon p\u00ebr vendosjen e kamerave dhe sistemeve t\u00eb alarmit n\u00eb kisha t\u00eb p\u00ebrzgjedhura. Sa mund ta zgjidhin problemin k\u00ebto masa?<\/strong><\/p>\n<p>\t<strong>Stratob\u00ebrdha:<\/strong> Kjo gj\u00eb nuk zgjidhet me kamera, sepse thash\u00eb kishat jan\u00eb kryesisht n\u00eb zona t\u00eb v\u00ebshtira dhe n\u00eb momentin, q\u00eb jan\u00eb n\u00eb zona t\u00eb v\u00ebshtira, sado q\u00eb kamera t\u00eb identifikoj\u00eb, keqber\u00ebsit mund t\u00eb vijn\u00eb edhe me maska, k\u00ebshtu q\u00eb ti mund t\u00eb shoh\u00ebsh vet\u00ebm ca maska, q\u00eb l\u00ebvizin, q\u00eb d\u00ebmtojn\u00eb dhe ti nuk i identifikon dot. Policia do dy or\u00eb t\u00eb vij\u00eb n\u00eb nj\u00eb monument. K\u00ebshtu q\u00eb n\u00eb ato dy or\u00eb ata mund t\u00eb largohen dhe t\u00eb mos ken\u00eb asnj\u00eb problem. Ruajtja e monumenteve b\u00ebhet nga njer\u00ebz me arm\u00eb, n\u00eb ato monumente, q\u00eb kan\u00eb vlera dhe q\u00eb mund t\u00eb jen\u00eb si target p\u00ebr d\u00ebmtimin, ose vjedhjen. Nuk \u00ebsht\u00eb nevoja t\u00eb ruash kalat\u00eb, se nuk ka kush t\u00eb vjedh\u00eb gur\u00ebt, se nuk i intereson. Por duhet b\u00ebr\u00eb nj\u00eb list\u00eb e mir\u00eb e monumenteve, q\u00eb kan\u00eb vlera dhe q\u00eb ia vlen t\u00eb ruhen dhe duhet t\u00eb ruhen 24 or\u00eb. Shteti shqiptar p\u00ebr ruajtjen e k\u00ebtyre monumenteve duhet t\u00eb ket\u00eb nj\u00eb sistem t\u00eb nj\u00eb ruajtjeje fizike me arm\u00eb, me roje, me polici private, me kontrata t\u00eb caktuara, t\u00eb detajuara p\u00ebr veprimet dhe mosveprimet dhe nj\u00ebkoh\u00ebsisht p\u00ebr nd\u00ebshkimet, n\u00ebse ndodhin gj\u00ebra t\u00eb tilla. Sistemi me kamera nuk funksionin n\u00eb kisha, q\u00eb jan\u00eb n\u00eb zona t\u00eb v\u00ebshtira, nuk ka elektricitet, dritat nd\u00ebrpriten, kamerat mund t\u00eb d\u00ebmtohen, mund t\u00eb k\u00ebputen, mund t\u00eb vidhen, \u00ebsht\u00eb nj\u00eb gj\u00eb falls, q\u00eb nuk funksionon.<\/p>\n<p>\t&nbsp;<\/span><\/span><\/span><\/p>\n","protected":false},"excerpt":{"rendered":"<p>DW: Zoti Stratob\u00ebrdha nj\u00eb s\u00ebr\u00eb grabitjesh kan\u00eb ndodhur koh\u00ebt e fundit n\u00eb kishat orthodhokse, t\u00eb cilat mbrohen si trash\u00ebgimi kulturore nga shteti. S\u00eb fundi n\u00eb janar u d\u00ebmtuan afresket e Onufrit dhe para nj\u00eb jave u grabit kisha e Gjith\u00eb Sh\u00ebnjtor\u00ebve n\u00eb Himar\u00eb. P\u00ebrse gjith\u00eb k\u00ebto vjedhje? Ku p\u00ebrfundojn\u00eb ikonat dhe ikonostaset e shumt\u00eb, q\u00eb merren nga k\u00ebto kisha? Stratob\u00ebrdha: Ekziston, nj\u00eb treg i zi,<\/p>\n","protected":false},"author":14,"featured_media":0,"comment_status":"open","ping_status":"open","sticky":false,"template":"","format":"standard","meta":{"_acf_changed":false,"pagelayer_contact_templates":[],"_pagelayer_content":"","inline_featured_image":false,"fifu_image_url":"","fifu_image_alt":"","footnotes":""},"categories":[108],"tags":[141,196,212],"class_list":["post-1471","post","type-post","status-publish","format-standard","hentry","category-lajme","tag-141","tag-tirane","tag-lajme-d27"],"acf":[],"yoast_head":"<!-- This site is optimized with the Yoast SEO plugin v27.2 - https:\/\/yoast.com\/product\/yoast-seo-wordpress\/ -->\n<title>Trash\u00ebgimi e pambrojtur - Intervist\u00eb p\u00ebr DW e Gentian Stratob\u00ebrdha, p\u00ebrgjegj\u00ebs p\u00ebr Trash\u00ebgimin\u00eb n\u00eb Kish\u00ebn Orthodhokse Autoqefale t\u00eb Shqip\u00ebris\u00eb. (Mars 2013) - Kisha Orthodh\u03bfkse Autoqefale e Shqip\u00ebris\u00eb<\/title>\n<meta name=\"robots\" content=\"index, follow, max-snippet:-1, max-image-preview:large, max-video-preview:-1\" \/>\n<link rel=\"canonical\" href=\"https:\/\/orthodoxalbania.org\/2020\/2013\/03\/31\/trashegimi-e-pambrojtur-interviste-per-dw-e-gentian-stratoberdha-pergjegjes-per-trashegimine-ne-kishen-orthodhokse-autoqefale-te-shqiperise\/\" \/>\n<meta property=\"og:locale\" content=\"en_US\" \/>\n<meta property=\"og:type\" content=\"article\" \/>\n<meta property=\"og:title\" content=\"Trash\u00ebgimi e pambrojtur - Intervist\u00eb p\u00ebr DW e Gentian Stratob\u00ebrdha, p\u00ebrgjegj\u00ebs p\u00ebr Trash\u00ebgimin\u00eb n\u00eb Kish\u00ebn Orthodhokse Autoqefale t\u00eb Shqip\u00ebris\u00eb. (Mars 2013) - Kisha Orthodh\u03bfkse Autoqefale e Shqip\u00ebris\u00eb\" \/>\n<meta property=\"og:description\" content=\"DW: Zoti Stratob\u00ebrdha nj\u00eb s\u00ebr\u00eb grabitjesh kan\u00eb ndodhur koh\u00ebt e fundit n\u00eb kishat orthodhokse, t\u00eb cilat mbrohen si trash\u00ebgimi kulturore nga shteti. S\u00eb fundi n\u00eb janar u d\u00ebmtuan afresket e Onufrit dhe para nj\u00eb jave u grabit kisha e Gjith\u00eb Sh\u00ebnjtor\u00ebve n\u00eb Himar\u00eb. P\u00ebrse gjith\u00eb k\u00ebto vjedhje? Ku p\u00ebrfundojn\u00eb ikonat dhe ikonostaset e shumt\u00eb, q\u00eb merren nga k\u00ebto kisha? Stratob\u00ebrdha: Ekziston, nj\u00eb treg i zi,\" \/>\n<meta property=\"og:url\" content=\"https:\/\/orthodoxalbania.org\/2020\/2013\/03\/31\/trashegimi-e-pambrojtur-interviste-per-dw-e-gentian-stratoberdha-pergjegjes-per-trashegimine-ne-kishen-orthodhokse-autoqefale-te-shqiperise\/\" \/>\n<meta property=\"og:site_name\" content=\"Kisha Orthodh\u03bfkse Autoqefale e Shqip\u00ebris\u00eb\" \/>\n<meta property=\"article:publisher\" content=\"https:\/\/www.facebook.com\/koash1991\" \/>\n<meta property=\"article:published_time\" content=\"2013-03-31T20:50:16+00:00\" \/>\n<meta property=\"article:modified_time\" content=\"2020-04-06T20:05:47+00:00\" \/>\n<meta property=\"og:image\" content=\"https:\/\/lh4.googleusercontent.com\/-p52J2L5u_h4\/UOwIgikBMII\/AAAAAAAABy4\/QvFLiqMvhPY\/s512\/2.jpg\" \/>\n<meta name=\"author\" content=\"neo_admin\" \/>\n<meta name=\"twitter:card\" content=\"summary_large_image\" \/>\n<meta name=\"twitter:label1\" content=\"Written by\" \/>\n\t<meta name=\"twitter:data1\" content=\"neo_admin\" \/>\n\t<meta name=\"twitter:label2\" content=\"Est. reading time\" \/>\n\t<meta name=\"twitter:data2\" content=\"11 minutes\" \/>\n<script type=\"application\/ld+json\" class=\"yoast-schema-graph\">{\"@context\":\"https:\/\/schema.org\",\"@graph\":[{\"@type\":\"Article\",\"@id\":\"https:\/\/orthodoxalbania.org\/2020\/2013\/03\/31\/trashegimi-e-pambrojtur-interviste-per-dw-e-gentian-stratoberdha-pergjegjes-per-trashegimine-ne-kishen-orthodhokse-autoqefale-te-shqiperise\/#article\",\"isPartOf\":{\"@id\":\"https:\/\/orthodoxalbania.org\/2020\/2013\/03\/31\/trashegimi-e-pambrojtur-interviste-per-dw-e-gentian-stratoberdha-pergjegjes-per-trashegimine-ne-kishen-orthodhokse-autoqefale-te-shqiperise\/\"},\"author\":{\"name\":\"neo_admin\",\"@id\":\"https:\/\/orthodoxalbania.org\/2020\/#\/schema\/person\/dd2bdc135b53c60d45b8bb329565cf6d\"},\"headline\":\"Trash\u00ebgimi e pambrojtur &#8211; Intervist\u00eb p\u00ebr DW e Gentian Stratob\u00ebrdha, p\u00ebrgjegj\u00ebs p\u00ebr Trash\u00ebgimin\u00eb n\u00eb Kish\u00ebn Orthodhokse Autoqefale t\u00eb Shqip\u00ebris\u00eb. (Mars 2013)\",\"datePublished\":\"2013-03-31T20:50:16+00:00\",\"dateModified\":\"2020-04-06T20:05:47+00:00\",\"mainEntityOfPage\":{\"@id\":\"https:\/\/orthodoxalbania.org\/2020\/2013\/03\/31\/trashegimi-e-pambrojtur-interviste-per-dw-e-gentian-stratoberdha-pergjegjes-per-trashegimine-ne-kishen-orthodhokse-autoqefale-te-shqiperise\/\"},\"wordCount\":2201,\"commentCount\":0,\"publisher\":{\"@id\":\"https:\/\/orthodoxalbania.org\/2020\/#organization\"},\"image\":{\"@id\":\"https:\/\/orthodoxalbania.org\/2020\/2013\/03\/31\/trashegimi-e-pambrojtur-interviste-per-dw-e-gentian-stratoberdha-pergjegjes-per-trashegimine-ne-kishen-orthodhokse-autoqefale-te-shqiperise\/#primaryimage\"},\"thumbnailUrl\":\"https:\/\/lh4.googleusercontent.com\/-p52J2L5u_h4\/UOwIgikBMII\/AAAAAAAABy4\/QvFLiqMvhPY\/s512\/2.jpg\",\"keywords\":[\"2013\",\"Kryepiskopata Tiran\u00eb\",\"lajme\"],\"articleSection\":[\"Lajme\"],\"inLanguage\":\"en-US\"},{\"@type\":\"WebPage\",\"@id\":\"https:\/\/orthodoxalbania.org\/2020\/2013\/03\/31\/trashegimi-e-pambrojtur-interviste-per-dw-e-gentian-stratoberdha-pergjegjes-per-trashegimine-ne-kishen-orthodhokse-autoqefale-te-shqiperise\/\",\"url\":\"https:\/\/orthodoxalbania.org\/2020\/2013\/03\/31\/trashegimi-e-pambrojtur-interviste-per-dw-e-gentian-stratoberdha-pergjegjes-per-trashegimine-ne-kishen-orthodhokse-autoqefale-te-shqiperise\/\",\"name\":\"Trash\u00ebgimi e pambrojtur - Intervist\u00eb p\u00ebr DW e Gentian Stratob\u00ebrdha, p\u00ebrgjegj\u00ebs p\u00ebr Trash\u00ebgimin\u00eb n\u00eb Kish\u00ebn Orthodhokse Autoqefale t\u00eb Shqip\u00ebris\u00eb. (Mars 2013) - Kisha Orthodh\u03bfkse Autoqefale e Shqip\u00ebris\u00eb\",\"isPartOf\":{\"@id\":\"https:\/\/orthodoxalbania.org\/2020\/#website\"},\"primaryImageOfPage\":{\"@id\":\"https:\/\/orthodoxalbania.org\/2020\/2013\/03\/31\/trashegimi-e-pambrojtur-interviste-per-dw-e-gentian-stratoberdha-pergjegjes-per-trashegimine-ne-kishen-orthodhokse-autoqefale-te-shqiperise\/#primaryimage\"},\"image\":{\"@id\":\"https:\/\/orthodoxalbania.org\/2020\/2013\/03\/31\/trashegimi-e-pambrojtur-interviste-per-dw-e-gentian-stratoberdha-pergjegjes-per-trashegimine-ne-kishen-orthodhokse-autoqefale-te-shqiperise\/#primaryimage\"},\"thumbnailUrl\":\"https:\/\/lh4.googleusercontent.com\/-p52J2L5u_h4\/UOwIgikBMII\/AAAAAAAABy4\/QvFLiqMvhPY\/s512\/2.jpg\",\"datePublished\":\"2013-03-31T20:50:16+00:00\",\"dateModified\":\"2020-04-06T20:05:47+00:00\",\"breadcrumb\":{\"@id\":\"https:\/\/orthodoxalbania.org\/2020\/2013\/03\/31\/trashegimi-e-pambrojtur-interviste-per-dw-e-gentian-stratoberdha-pergjegjes-per-trashegimine-ne-kishen-orthodhokse-autoqefale-te-shqiperise\/#breadcrumb\"},\"inLanguage\":\"en-US\",\"potentialAction\":[{\"@type\":\"ReadAction\",\"target\":[\"https:\/\/orthodoxalbania.org\/2020\/2013\/03\/31\/trashegimi-e-pambrojtur-interviste-per-dw-e-gentian-stratoberdha-pergjegjes-per-trashegimine-ne-kishen-orthodhokse-autoqefale-te-shqiperise\/\"]}]},{\"@type\":\"ImageObject\",\"inLanguage\":\"en-US\",\"@id\":\"https:\/\/orthodoxalbania.org\/2020\/2013\/03\/31\/trashegimi-e-pambrojtur-interviste-per-dw-e-gentian-stratoberdha-pergjegjes-per-trashegimine-ne-kishen-orthodhokse-autoqefale-te-shqiperise\/#primaryimage\",\"url\":\"https:\/\/lh4.googleusercontent.com\/-p52J2L5u_h4\/UOwIgikBMII\/AAAAAAAABy4\/QvFLiqMvhPY\/s512\/2.jpg\",\"contentUrl\":\"https:\/\/lh4.googleusercontent.com\/-p52J2L5u_h4\/UOwIgikBMII\/AAAAAAAABy4\/QvFLiqMvhPY\/s512\/2.jpg\"},{\"@type\":\"BreadcrumbList\",\"@id\":\"https:\/\/orthodoxalbania.org\/2020\/2013\/03\/31\/trashegimi-e-pambrojtur-interviste-per-dw-e-gentian-stratoberdha-pergjegjes-per-trashegimine-ne-kishen-orthodhokse-autoqefale-te-shqiperise\/#breadcrumb\",\"itemListElement\":[{\"@type\":\"ListItem\",\"position\":1,\"name\":\"Home\",\"item\":\"https:\/\/orthodoxalbania.org\/2020\/\"},{\"@type\":\"ListItem\",\"position\":2,\"name\":\"Trash\u00ebgimi e pambrojtur &#8211; Intervist\u00eb p\u00ebr DW e Gentian Stratob\u00ebrdha, p\u00ebrgjegj\u00ebs p\u00ebr Trash\u00ebgimin\u00eb n\u00eb Kish\u00ebn Orthodhokse Autoqefale t\u00eb Shqip\u00ebris\u00eb. (Mars 2013)\"}]},{\"@type\":\"WebSite\",\"@id\":\"https:\/\/orthodoxalbania.org\/2020\/#website\",\"url\":\"https:\/\/orthodoxalbania.org\/2020\/\",\"name\":\"Kisha Orthodh\u03bfkse Autoqefale e Shqip\u00ebris\u00eb\",\"description\":\"Fqja Zyrtare e Kish\u00ebs Orthodhokse Autoqefale e Shqip\u00ebris\u00eb me lajmet edhe informacionet zyrtare p\u00ebr struktur\u00ebn edhe veprimtarin e saj.\",\"publisher\":{\"@id\":\"https:\/\/orthodoxalbania.org\/2020\/#organization\"},\"potentialAction\":[{\"@type\":\"SearchAction\",\"target\":{\"@type\":\"EntryPoint\",\"urlTemplate\":\"https:\/\/orthodoxalbania.org\/2020\/?s={search_term_string}\"},\"query-input\":{\"@type\":\"PropertyValueSpecification\",\"valueRequired\":true,\"valueName\":\"search_term_string\"}}],\"inLanguage\":\"en-US\"},{\"@type\":\"Organization\",\"@id\":\"https:\/\/orthodoxalbania.org\/2020\/#organization\",\"name\":\"Kisha Orthodhokse Autoqefale e Shqip\u00ebris\u00eb\",\"url\":\"https:\/\/orthodoxalbania.org\/2020\/\",\"logo\":{\"@type\":\"ImageObject\",\"inLanguage\":\"en-US\",\"@id\":\"https:\/\/orthodoxalbania.org\/2020\/#\/schema\/logo\/image\/\",\"url\":\"https:\/\/orthodoxalbania.org\/2020\/wp-content\/uploads\/2020\/05\/albania.jpeg\",\"contentUrl\":\"https:\/\/orthodoxalbania.org\/2020\/wp-content\/uploads\/2020\/05\/albania.jpeg\",\"width\":540,\"height\":540,\"caption\":\"Kisha Orthodhokse Autoqefale e Shqip\u00ebris\u00eb\"},\"image\":{\"@id\":\"https:\/\/orthodoxalbania.org\/2020\/#\/schema\/logo\/image\/\"},\"sameAs\":[\"https:\/\/www.facebook.com\/koash1991\"]},{\"@type\":\"Person\",\"@id\":\"https:\/\/orthodoxalbania.org\/2020\/#\/schema\/person\/dd2bdc135b53c60d45b8bb329565cf6d\",\"name\":\"neo_admin\",\"image\":{\"@type\":\"ImageObject\",\"inLanguage\":\"en-US\",\"@id\":\"https:\/\/secure.gravatar.com\/avatar\/53e6cdc30765aade0129f85e5aeb50124b1d3f5bb9a70373be31e4eb328371e0?s=96&d=mm&r=g\",\"url\":\"https:\/\/secure.gravatar.com\/avatar\/53e6cdc30765aade0129f85e5aeb50124b1d3f5bb9a70373be31e4eb328371e0?s=96&d=mm&r=g\",\"contentUrl\":\"https:\/\/secure.gravatar.com\/avatar\/53e6cdc30765aade0129f85e5aeb50124b1d3f5bb9a70373be31e4eb328371e0?s=96&d=mm&r=g\",\"caption\":\"neo_admin\"}}]}<\/script>\n<!-- \/ Yoast SEO plugin. -->","yoast_head_json":{"title":"Trash\u00ebgimi e pambrojtur - Intervist\u00eb p\u00ebr DW e Gentian Stratob\u00ebrdha, p\u00ebrgjegj\u00ebs p\u00ebr Trash\u00ebgimin\u00eb n\u00eb Kish\u00ebn Orthodhokse Autoqefale t\u00eb Shqip\u00ebris\u00eb. (Mars 2013) - Kisha Orthodh\u03bfkse Autoqefale e Shqip\u00ebris\u00eb","robots":{"index":"index","follow":"follow","max-snippet":"max-snippet:-1","max-image-preview":"max-image-preview:large","max-video-preview":"max-video-preview:-1"},"canonical":"https:\/\/orthodoxalbania.org\/2020\/2013\/03\/31\/trashegimi-e-pambrojtur-interviste-per-dw-e-gentian-stratoberdha-pergjegjes-per-trashegimine-ne-kishen-orthodhokse-autoqefale-te-shqiperise\/","og_locale":"en_US","og_type":"article","og_title":"Trash\u00ebgimi e pambrojtur - Intervist\u00eb p\u00ebr DW e Gentian Stratob\u00ebrdha, p\u00ebrgjegj\u00ebs p\u00ebr Trash\u00ebgimin\u00eb n\u00eb Kish\u00ebn Orthodhokse Autoqefale t\u00eb Shqip\u00ebris\u00eb. (Mars 2013) - Kisha Orthodh\u03bfkse Autoqefale e Shqip\u00ebris\u00eb","og_description":"DW: Zoti Stratob\u00ebrdha nj\u00eb s\u00ebr\u00eb grabitjesh kan\u00eb ndodhur koh\u00ebt e fundit n\u00eb kishat orthodhokse, t\u00eb cilat mbrohen si trash\u00ebgimi kulturore nga shteti. S\u00eb fundi n\u00eb janar u d\u00ebmtuan afresket e Onufrit dhe para nj\u00eb jave u grabit kisha e Gjith\u00eb Sh\u00ebnjtor\u00ebve n\u00eb Himar\u00eb. P\u00ebrse gjith\u00eb k\u00ebto vjedhje? Ku p\u00ebrfundojn\u00eb ikonat dhe ikonostaset e shumt\u00eb, q\u00eb merren nga k\u00ebto kisha? Stratob\u00ebrdha: Ekziston, nj\u00eb treg i zi,","og_url":"https:\/\/orthodoxalbania.org\/2020\/2013\/03\/31\/trashegimi-e-pambrojtur-interviste-per-dw-e-gentian-stratoberdha-pergjegjes-per-trashegimine-ne-kishen-orthodhokse-autoqefale-te-shqiperise\/","og_site_name":"Kisha Orthodh\u03bfkse Autoqefale e Shqip\u00ebris\u00eb","article_publisher":"https:\/\/www.facebook.com\/koash1991","article_published_time":"2013-03-31T20:50:16+00:00","article_modified_time":"2020-04-06T20:05:47+00:00","og_image":[{"url":"https:\/\/lh4.googleusercontent.com\/-p52J2L5u_h4\/UOwIgikBMII\/AAAAAAAABy4\/QvFLiqMvhPY\/s512\/2.jpg","type":"","width":"","height":""}],"author":"neo_admin","twitter_card":"summary_large_image","twitter_misc":{"Written by":"neo_admin","Est. reading time":"11 minutes"},"schema":{"@context":"https:\/\/schema.org","@graph":[{"@type":"Article","@id":"https:\/\/orthodoxalbania.org\/2020\/2013\/03\/31\/trashegimi-e-pambrojtur-interviste-per-dw-e-gentian-stratoberdha-pergjegjes-per-trashegimine-ne-kishen-orthodhokse-autoqefale-te-shqiperise\/#article","isPartOf":{"@id":"https:\/\/orthodoxalbania.org\/2020\/2013\/03\/31\/trashegimi-e-pambrojtur-interviste-per-dw-e-gentian-stratoberdha-pergjegjes-per-trashegimine-ne-kishen-orthodhokse-autoqefale-te-shqiperise\/"},"author":{"name":"neo_admin","@id":"https:\/\/orthodoxalbania.org\/2020\/#\/schema\/person\/dd2bdc135b53c60d45b8bb329565cf6d"},"headline":"Trash\u00ebgimi e pambrojtur &#8211; Intervist\u00eb p\u00ebr DW e Gentian Stratob\u00ebrdha, p\u00ebrgjegj\u00ebs p\u00ebr Trash\u00ebgimin\u00eb n\u00eb Kish\u00ebn Orthodhokse Autoqefale t\u00eb Shqip\u00ebris\u00eb. (Mars 2013)","datePublished":"2013-03-31T20:50:16+00:00","dateModified":"2020-04-06T20:05:47+00:00","mainEntityOfPage":{"@id":"https:\/\/orthodoxalbania.org\/2020\/2013\/03\/31\/trashegimi-e-pambrojtur-interviste-per-dw-e-gentian-stratoberdha-pergjegjes-per-trashegimine-ne-kishen-orthodhokse-autoqefale-te-shqiperise\/"},"wordCount":2201,"commentCount":0,"publisher":{"@id":"https:\/\/orthodoxalbania.org\/2020\/#organization"},"image":{"@id":"https:\/\/orthodoxalbania.org\/2020\/2013\/03\/31\/trashegimi-e-pambrojtur-interviste-per-dw-e-gentian-stratoberdha-pergjegjes-per-trashegimine-ne-kishen-orthodhokse-autoqefale-te-shqiperise\/#primaryimage"},"thumbnailUrl":"https:\/\/lh4.googleusercontent.com\/-p52J2L5u_h4\/UOwIgikBMII\/AAAAAAAABy4\/QvFLiqMvhPY\/s512\/2.jpg","keywords":["2013","Kryepiskopata Tiran\u00eb","lajme"],"articleSection":["Lajme"],"inLanguage":"en-US"},{"@type":"WebPage","@id":"https:\/\/orthodoxalbania.org\/2020\/2013\/03\/31\/trashegimi-e-pambrojtur-interviste-per-dw-e-gentian-stratoberdha-pergjegjes-per-trashegimine-ne-kishen-orthodhokse-autoqefale-te-shqiperise\/","url":"https:\/\/orthodoxalbania.org\/2020\/2013\/03\/31\/trashegimi-e-pambrojtur-interviste-per-dw-e-gentian-stratoberdha-pergjegjes-per-trashegimine-ne-kishen-orthodhokse-autoqefale-te-shqiperise\/","name":"Trash\u00ebgimi e pambrojtur - Intervist\u00eb p\u00ebr DW e Gentian Stratob\u00ebrdha, p\u00ebrgjegj\u00ebs p\u00ebr Trash\u00ebgimin\u00eb n\u00eb Kish\u00ebn Orthodhokse Autoqefale t\u00eb Shqip\u00ebris\u00eb. (Mars 2013) - Kisha Orthodh\u03bfkse Autoqefale e Shqip\u00ebris\u00eb","isPartOf":{"@id":"https:\/\/orthodoxalbania.org\/2020\/#website"},"primaryImageOfPage":{"@id":"https:\/\/orthodoxalbania.org\/2020\/2013\/03\/31\/trashegimi-e-pambrojtur-interviste-per-dw-e-gentian-stratoberdha-pergjegjes-per-trashegimine-ne-kishen-orthodhokse-autoqefale-te-shqiperise\/#primaryimage"},"image":{"@id":"https:\/\/orthodoxalbania.org\/2020\/2013\/03\/31\/trashegimi-e-pambrojtur-interviste-per-dw-e-gentian-stratoberdha-pergjegjes-per-trashegimine-ne-kishen-orthodhokse-autoqefale-te-shqiperise\/#primaryimage"},"thumbnailUrl":"https:\/\/lh4.googleusercontent.com\/-p52J2L5u_h4\/UOwIgikBMII\/AAAAAAAABy4\/QvFLiqMvhPY\/s512\/2.jpg","datePublished":"2013-03-31T20:50:16+00:00","dateModified":"2020-04-06T20:05:47+00:00","breadcrumb":{"@id":"https:\/\/orthodoxalbania.org\/2020\/2013\/03\/31\/trashegimi-e-pambrojtur-interviste-per-dw-e-gentian-stratoberdha-pergjegjes-per-trashegimine-ne-kishen-orthodhokse-autoqefale-te-shqiperise\/#breadcrumb"},"inLanguage":"en-US","potentialAction":[{"@type":"ReadAction","target":["https:\/\/orthodoxalbania.org\/2020\/2013\/03\/31\/trashegimi-e-pambrojtur-interviste-per-dw-e-gentian-stratoberdha-pergjegjes-per-trashegimine-ne-kishen-orthodhokse-autoqefale-te-shqiperise\/"]}]},{"@type":"ImageObject","inLanguage":"en-US","@id":"https:\/\/orthodoxalbania.org\/2020\/2013\/03\/31\/trashegimi-e-pambrojtur-interviste-per-dw-e-gentian-stratoberdha-pergjegjes-per-trashegimine-ne-kishen-orthodhokse-autoqefale-te-shqiperise\/#primaryimage","url":"https:\/\/lh4.googleusercontent.com\/-p52J2L5u_h4\/UOwIgikBMII\/AAAAAAAABy4\/QvFLiqMvhPY\/s512\/2.jpg","contentUrl":"https:\/\/lh4.googleusercontent.com\/-p52J2L5u_h4\/UOwIgikBMII\/AAAAAAAABy4\/QvFLiqMvhPY\/s512\/2.jpg"},{"@type":"BreadcrumbList","@id":"https:\/\/orthodoxalbania.org\/2020\/2013\/03\/31\/trashegimi-e-pambrojtur-interviste-per-dw-e-gentian-stratoberdha-pergjegjes-per-trashegimine-ne-kishen-orthodhokse-autoqefale-te-shqiperise\/#breadcrumb","itemListElement":[{"@type":"ListItem","position":1,"name":"Home","item":"https:\/\/orthodoxalbania.org\/2020\/"},{"@type":"ListItem","position":2,"name":"Trash\u00ebgimi e pambrojtur &#8211; Intervist\u00eb p\u00ebr DW e Gentian Stratob\u00ebrdha, p\u00ebrgjegj\u00ebs p\u00ebr Trash\u00ebgimin\u00eb n\u00eb Kish\u00ebn Orthodhokse Autoqefale t\u00eb Shqip\u00ebris\u00eb. (Mars 2013)"}]},{"@type":"WebSite","@id":"https:\/\/orthodoxalbania.org\/2020\/#website","url":"https:\/\/orthodoxalbania.org\/2020\/","name":"Kisha Orthodh\u03bfkse Autoqefale e Shqip\u00ebris\u00eb","description":"Fqja Zyrtare e Kish\u00ebs Orthodhokse Autoqefale e Shqip\u00ebris\u00eb me lajmet edhe informacionet zyrtare p\u00ebr struktur\u00ebn edhe veprimtarin e saj.","publisher":{"@id":"https:\/\/orthodoxalbania.org\/2020\/#organization"},"potentialAction":[{"@type":"SearchAction","target":{"@type":"EntryPoint","urlTemplate":"https:\/\/orthodoxalbania.org\/2020\/?s={search_term_string}"},"query-input":{"@type":"PropertyValueSpecification","valueRequired":true,"valueName":"search_term_string"}}],"inLanguage":"en-US"},{"@type":"Organization","@id":"https:\/\/orthodoxalbania.org\/2020\/#organization","name":"Kisha Orthodhokse Autoqefale e Shqip\u00ebris\u00eb","url":"https:\/\/orthodoxalbania.org\/2020\/","logo":{"@type":"ImageObject","inLanguage":"en-US","@id":"https:\/\/orthodoxalbania.org\/2020\/#\/schema\/logo\/image\/","url":"https:\/\/orthodoxalbania.org\/2020\/wp-content\/uploads\/2020\/05\/albania.jpeg","contentUrl":"https:\/\/orthodoxalbania.org\/2020\/wp-content\/uploads\/2020\/05\/albania.jpeg","width":540,"height":540,"caption":"Kisha Orthodhokse Autoqefale e Shqip\u00ebris\u00eb"},"image":{"@id":"https:\/\/orthodoxalbania.org\/2020\/#\/schema\/logo\/image\/"},"sameAs":["https:\/\/www.facebook.com\/koash1991"]},{"@type":"Person","@id":"https:\/\/orthodoxalbania.org\/2020\/#\/schema\/person\/dd2bdc135b53c60d45b8bb329565cf6d","name":"neo_admin","image":{"@type":"ImageObject","inLanguage":"en-US","@id":"https:\/\/secure.gravatar.com\/avatar\/53e6cdc30765aade0129f85e5aeb50124b1d3f5bb9a70373be31e4eb328371e0?s=96&d=mm&r=g","url":"https:\/\/secure.gravatar.com\/avatar\/53e6cdc30765aade0129f85e5aeb50124b1d3f5bb9a70373be31e4eb328371e0?s=96&d=mm&r=g","contentUrl":"https:\/\/secure.gravatar.com\/avatar\/53e6cdc30765aade0129f85e5aeb50124b1d3f5bb9a70373be31e4eb328371e0?s=96&d=mm&r=g","caption":"neo_admin"}}]}},"_links":{"self":[{"href":"https:\/\/orthodoxalbania.org\/2020\/wp-json\/wp\/v2\/posts\/1471","targetHints":{"allow":["GET"]}}],"collection":[{"href":"https:\/\/orthodoxalbania.org\/2020\/wp-json\/wp\/v2\/posts"}],"about":[{"href":"https:\/\/orthodoxalbania.org\/2020\/wp-json\/wp\/v2\/types\/post"}],"author":[{"embeddable":true,"href":"https:\/\/orthodoxalbania.org\/2020\/wp-json\/wp\/v2\/users\/14"}],"replies":[{"embeddable":true,"href":"https:\/\/orthodoxalbania.org\/2020\/wp-json\/wp\/v2\/comments?post=1471"}],"version-history":[{"count":1,"href":"https:\/\/orthodoxalbania.org\/2020\/wp-json\/wp\/v2\/posts\/1471\/revisions"}],"predecessor-version":[{"id":15238,"href":"https:\/\/orthodoxalbania.org\/2020\/wp-json\/wp\/v2\/posts\/1471\/revisions\/15238"}],"wp:attachment":[{"href":"https:\/\/orthodoxalbania.org\/2020\/wp-json\/wp\/v2\/media?parent=1471"}],"wp:term":[{"taxonomy":"category","embeddable":true,"href":"https:\/\/orthodoxalbania.org\/2020\/wp-json\/wp\/v2\/categories?post=1471"},{"taxonomy":"post_tag","embeddable":true,"href":"https:\/\/orthodoxalbania.org\/2020\/wp-json\/wp\/v2\/tags?post=1471"}],"curies":[{"name":"wp","href":"https:\/\/api.w.org\/{rel}","templated":true}]}}