{"id":147,"date":"2008-02-26T00:00:00","date_gmt":"2008-02-26T00:00:00","guid":{"rendered":""},"modified":"2020-04-06T22:35:27","modified_gmt":"2020-04-06T20:35:27","slug":"nis-viti-i-ri-mesimor-2008-2009-ne-shkollat-9-vjecare-dhe-te-mesme-te-kishes-sone-2008","status":"publish","type":"post","link":"https:\/\/orthodoxalbania.org\/2020\/2008\/02\/26\/nis-viti-i-ri-mesimor-2008-2009-ne-shkollat-9-vjecare-dhe-te-mesme-te-kishes-sone-2008\/","title":{"rendered":"Nis viti i ri m\u00ebsimor 2008-2009 n\u00eb shkollat 9-vje\u00e7are dhe t\u00eb mesme t\u00eb Kish\u00ebs son\u00eb. (2008)"},"content":{"rendered":"<p><span style=\"color: #000000;\"><span style=\"font-family: tahoma,geneva,sans-serif;\"><span style=\"font-size: 12px;\">&nbsp;&nbsp;&nbsp; <span style=\"font-family: helvetica; font-size: 12pt;\">Nga viti n\u00eb vit, p\u00ebrvoja e fituar nga nx\u00ebn\u00ebsit dhe stafin pedagogjik n\u00eb shkollat e Kish\u00ebs son\u00eb kan\u00eb dh\u00ebn\u00eb rezultate pozitive n\u00eb drejtim t\u00eb mbar\u00ebvajtjes dhe realizimit t\u00eb objektivave.<\/span><\/span><\/span><\/span><\/p>\n<p><span style=\"font-family: helvetica; font-size: 12pt;\"><span style=\"color: #000000;\">&nbsp;<br \/> <img decoding=\"async\" class=\"lazyload HAa Eha\" style=\"border-width: 1px; border-style: solid; margin: 10px; float: right;\" alt=\"\" src=\"data:image\/svg+xml,%3Csvg%20xmlns%3D%27http%3A%2F%2Fwww.w3.org%2F2000%2Fsvg%27%20width%3D%27213%27%20height%3D%27161%27%20viewBox%3D%270%200%20213%20161%27%3E%3Crect%20width%3D%27213%27%20height%3D%27161%27%20fill-opacity%3D%220%22%2F%3E%3C%2Fsvg%3E\" data-orig-src=\"https:\/\/lh4.googleusercontent.com\/-SFDIS5PiV1o\/VJFpsdQLUaI\/AAAAAAAAIGs\/n-OEic7hN9A\/w400-h300-no\/pic6.jpg\" height=\"161\" width=\"213\" \/>&nbsp;&nbsp;&nbsp; \u201cNe po p\u00ebrpiqemi t\u00eb formojm\u00eb nx\u00ebn\u00ebsit n\u00eb aspektin shpirt\u00ebror, shkencor dhe fizik, duke iu krijuar atyre t\u00eb gjitha kushtet e nevojshme p\u00ebr k\u00ebt\u00eb vit t\u00eb ri shkollor\u201d- tregon n\u00eb dit\u00ebn e par\u00eb t\u00eb shkoll\u00ebs, z. Anastas Dodbiba, drejtor i <\/span><span style=\"color: #b22222;\"><strong>Liceut Kishtar, n\u00eb Sukth t\u00eb Durr\u00ebsit<\/strong><\/span><span style=\"color: #000000;\">. Kjo shkoll\u00eb ka hapur dyert n\u00eb vitin e dyt\u00eb t\u00eb funksionimit t\u00eb saj. Kushtet jan\u00eb p\u00ebrmir\u00ebsuar edhe m\u00eb shum\u00eb. Baza materiale dhe didaktike, konvikti, mensa&#8230; gjith\u00e7ka \u00ebsht\u00eb n\u00eb kushtet m\u00eb bashk\u00ebkohore. \u201cE gjith\u00eb kjo \u00ebsht\u00eb realizuar fal\u00eb kujdesit shpirt\u00ebror dhe fondeve t\u00eb siguruara nga Kryepiskopit Anastas, i cili na ka krijuar kushtet m\u00eb t\u00eb mira t\u00eb mundshme q\u00eb t\u00eb ecim p\u00ebrpara\u201d \u2013 thekson Dodbiba.<\/span><\/span><\/p>\n<p><span style=\"font-family: helvetica; font-size: 12pt;\"> <span style=\"color: #000000;\"><img decoding=\"async\" class=\"lazyload HAa Eha\" style=\"border-width: 1px; border-style: solid; margin: 10px; float: left;\" alt=\"\" src=\"data:image\/svg+xml,%3Csvg%20xmlns%3D%27http%3A%2F%2Fwww.w3.org%2F2000%2Fsvg%27%20width%3D%27266%27%20height%3D%27202%27%20viewBox%3D%270%200%20266%20202%27%3E%3Crect%20width%3D%27266%27%20height%3D%27202%27%20fill-opacity%3D%220%22%2F%3E%3C%2Fsvg%3E\" data-orig-src=\"https:\/\/lh6.googleusercontent.com\/-qyBbyxRWvCE\/VJFpr-9JMqI\/AAAAAAAAIGk\/O5aWm7s12IE\/w448-h313-no\/Kompleksi%2B2.JPG\" height=\"202\" width=\"266\" \/>&nbsp;&nbsp;&nbsp; Edhe n\u00eb <\/span><span style=\"color: #b22222;\"><strong>liceun tjet\u00ebr kishtar, \u201cKryqi i Nderuar\u201d,<\/strong> <strong>n\u00eb Gjirokast\u00ebr<\/strong><\/span><span style=\"color: #000000;\">, ka nisur normalisht procesi m\u00ebsimor. Ky \u00ebsht\u00eb viti i dhjet\u00eb i funksionimit t\u00eb k\u00ebsaj shkolle dhe arritjet jan\u00eb t\u00eb dukshme n\u00eb t\u00eb gjitha drejtimet. T\u00eb rinjt\u00eb q\u00eb mbarojn\u00eb k\u00ebt\u00eb shkoll\u00eb po ndjekin tani studimet e larta brenda dhe jasht\u00eb vendit. Tashm\u00eb shkolla vler\u00ebsohet p\u00ebr cil\u00ebsin\u00eb jo vet\u00ebm n\u00eb m\u00ebsimdh\u00ebnie, por edhe n\u00eb p\u00ebrparimin e nx\u00ebn\u00ebsve, duke u renditur nd\u00ebr shkollat m\u00eb t\u00eb mira n\u00eb rajonin jugor. &nbsp;Krahas l\u00ebnd\u00ebve baz\u00eb zhvillohen edhe disa l\u00ebnd\u00eb fetare, t\u00eb cilat p\u00ebrgatisin dhe forcojn\u00eb jet\u00ebn shpirt\u00ebrore t\u00eb liceist\u00ebve.<br \/> &nbsp;&nbsp;&nbsp;<br \/> <img decoding=\"async\" class=\"lazyload HAa Eha\" style=\"border-width: 1px; border-style: solid; margin: 10px; float: right;\" alt=\"\" src=\"data:image\/svg+xml,%3Csvg%20xmlns%3D%27http%3A%2F%2Fwww.w3.org%2F2000%2Fsvg%27%20width%3D%27318%27%20height%3D%27165%27%20viewBox%3D%270%200%20318%20165%27%3E%3Crect%20width%3D%27318%27%20height%3D%27165%27%20fill-opacity%3D%220%22%2F%3E%3C%2Fsvg%3E\" data-orig-src=\"https:\/\/lh5.googleusercontent.com\/-S_8gJcWzhkA\/VJFprhnDFeI\/AAAAAAAAIGw\/N6Av-MpzBeI\/w400-h207-no\/4%2B-%2BMesopotam.jpg\" height=\"165\" width=\"318\" \/>&nbsp;&nbsp; N\u00eb vitin e tret\u00eb t\u00eb saj \u00e7eli dyert edhe <\/span><span style=\"color: #b22222;\"><strong>shkolla profesionale \u201cApostull Pavli\u201d,<\/strong> <strong>n\u00eb Mesopotam t\u00eb Sarand\u00ebs<\/strong><\/span><span style=\"color: #000000;\">, ku studiojn\u00eb rreth 100 nx\u00ebn\u00ebs n\u00eb deg\u00ebt: Informatik\u00eb, instalime hidraulike, instalime elektrike dhe instalime frigoriferike. Drejtori i k\u00ebsaj shkolle z. Orfea Beci tha se pavar\u00ebsisht se k\u00ebt\u00eb vit mungoi viti i par\u00eb, p\u00ebr arsye t\u00eb sistemit t\u00eb ri arsimor 9-vje\u00e7ar, interesimi i nx\u00ebn\u00ebsve ka qen\u00eb shum\u00eb i lart\u00eb, sepse arsimi profesional n\u00eb Mitropolin\u00eb e Gjirokastr\u00ebs po njeh nga viti n\u00eb vit nj\u00eb p\u00ebrparim t\u00eb duksh\u00ebm.<\/span><\/span><\/p>\n<p><span style=\"font-family: helvetica; font-size: 12pt;\"> <span style=\"color: #000000;\"><img decoding=\"async\" class=\"lazyload HAa Eha\" style=\"border-width: 1px; border-style: solid; margin: 10px; float: left;\" alt=\"\" src=\"data:image\/svg+xml,%3Csvg%20xmlns%3D%27http%3A%2F%2Fwww.w3.org%2F2000%2Fsvg%27%20width%3D%27282%27%20height%3D%27214%27%20viewBox%3D%270%200%20282%20214%27%3E%3Crect%20width%3D%27282%27%20height%3D%27214%27%20fill-opacity%3D%220%22%2F%3E%3C%2Fsvg%3E\" data-orig-src=\"https:\/\/lh3.googleusercontent.com\/-3Hybi-tqo3Q\/VJFpsOPXQMI\/AAAAAAAAIG0\/fLDjHP4kxPc\/w443-h336-no\/Picture3.JPG\" height=\"214\" width=\"282\" \/>&nbsp;&nbsp;&nbsp; Edhe n\u00eb shkollat 9-vje\u00e7are t\u00eb Kish\u00ebs son\u00eb nisi me sukses viti i ri arsimor. <\/span><span style=\"color: #b22222;\"><strong>Shkolla shqiptaro-amerikane \u201cProtagonist\u00ebt\u201d, n\u00eb Tiran\u00eb<\/strong><\/span><span style=\"color: #000000;\">, &nbsp;p\u00ebr her\u00eb t\u00eb par\u00eb aplikoi sistemin e ri fillor 5-vje\u00e7ar. Risi p\u00ebr k\u00ebt\u00eb vit \u00ebsht\u00eb vendosja e e gjuh\u00ebs greke, si gjuh\u00eb e dyt\u00eb e huaj, nga klasa e tret\u00eb deri n\u00eb t\u00eb shtat\u00ebn. Procesi m\u00ebsimor sipas t\u00eb gjitha parametrave, nd\u00ebrsa sivjet u krijuan edhe dy klasa t\u00eb para. N\u00eb fillim t\u00eb vitit t\u00eb ardhsh\u00ebm, mjediset e k\u00ebsaj shkolle do t\u00eb zhvendosen n\u00eb godin\u00ebn e re dhe moderne, q\u00eb po nd\u00ebrtohet n\u00eb rrug\u00ebn e Kavaj\u00ebs.<br \/> <strong>&nbsp;<br \/> <img decoding=\"async\" class=\"lazyload HAa Eha\" style=\"border-width: 1px; border-style: solid; margin: 10px; float: right;\" alt=\"\" src=\"data:image\/svg+xml,%3Csvg%20xmlns%3D%27http%3A%2F%2Fwww.w3.org%2F2000%2Fsvg%27%20width%3D%27261%27%20height%3D%27196%27%20viewBox%3D%270%200%20261%20196%27%3E%3Crect%20width%3D%27261%27%20height%3D%27196%27%20fill-opacity%3D%220%22%2F%3E%3C%2Fsvg%3E\" data-orig-src=\"https:\/\/lh3.googleusercontent.com\/-2wKI3ORcjB0\/VJFprlcrdDI\/AAAAAAAAIG4\/YhQg8Y23vcg\/w365-h274-no\/Durres.jpg\" height=\"196\" width=\"261\" \/>&nbsp;&nbsp;&nbsp; <\/strong><\/span><span style=\"color: #b22222;\"><strong>Shkolla fillore 9-vje\u00e7are shqiptaro-greke \u201cFrym\u00eb dashurie\u201d, n\u00eb Durr\u00ebs<\/strong><\/span><span style=\"color: #000000;\"><strong>,<\/strong> e nisi dit\u00ebn e par\u00eb me 58 nx\u00ebn\u00ebsit e saj, n\u00eb nj\u00eb ambient shum\u00eb t\u00eb bukur. Kisha ka siguruar baz\u00ebn didaktike dhe m\u00ebsimore p\u00ebr t\u2019iu ardhur n\u00eb ndihm\u00eb nx\u00ebn\u00ebsve dhe stafit pedagogjik. Klasat jan\u00eb t\u00eb rregulluara mjaft mir\u00eb, nd\u00ebrsa nx\u00ebn\u00ebsit jan\u00eb t\u00eb pajisur me t\u00eb gjith\u00eb librat. Q\u00eb n\u00eb dit\u00ebn e par\u00eb t\u00eb m\u00ebsimit filloi realizimi i programin m\u00ebsimor.<\/p>\n<p> &nbsp;&nbsp;&nbsp; Organizimi shum\u00eb i mir\u00eb p\u00ebr fillimin e mbar\u00eb t\u00eb vitit t\u00eb ri shkollor n\u00eb shkollat e sistemit 9-vje\u00e7ar dhe t\u00eb mes\u00ebm, t\u00eb themeluara dhe t\u00eb mb\u00ebshtetura nga Kisha jon\u00eb, me bekimin dhe mund\u00ebsit\u00eb e krijuara nga Fortlumturia e tij, Kryepiskopi Anastas, tregon vler\u00ebsimin e madh q\u00eb i jepet formimit t\u00eb nj\u00eb brezi t\u00eb ri me dije, kultur\u00eb dhe p\u00ebrparim shpirt\u00ebror.<\/span><\/span><\/p>\n<p><span style=\"color: #000000; font-family: helvetica; font-size: 12pt;\"><strong>&nbsp;&nbsp;&nbsp;&nbsp;&nbsp;<br \/> &nbsp;&nbsp;&nbsp;&nbsp; <\/strong><\/span><\/p>\n<p><span style=\"font-family: helvetica; font-size: 12pt;\"><\/span><\/p>\n<p style=\"text-align: right;\"><span style=\"color: #000000; font-family: helvetica; font-size: 12pt;\"><strong>Isidor Koti<\/strong><\/span><\/p>\n<p>&nbsp;<\/p>\n","protected":false},"excerpt":{"rendered":"<p>&nbsp;&nbsp;&nbsp; Nga viti n\u00eb vit, p\u00ebrvoja e fituar nga nx\u00ebn\u00ebsit dhe stafin pedagogjik n\u00eb shkollat e Kish\u00ebs son\u00eb kan\u00eb dh\u00ebn\u00eb rezultate pozitive n\u00eb drejtim t\u00eb mbar\u00ebvajtjes dhe realizimit t\u00eb objektivave. &nbsp; &nbsp;&nbsp;&nbsp; \u201cNe po p\u00ebrpiqemi t\u00eb formojm\u00eb nx\u00ebn\u00ebsit n\u00eb aspektin shpirt\u00ebror, shkencor dhe fizik, duke iu krijuar atyre t\u00eb gjitha kushtet e nevojshme p\u00ebr k\u00ebt\u00eb vit t\u00eb ri shkollor\u201d- tregon n\u00eb dit\u00ebn e par\u00eb t\u00eb<\/p>\n","protected":false},"author":1,"featured_media":0,"comment_status":"open","ping_status":"open","sticky":false,"template":"","format":"standard","meta":{"_acf_changed":false,"pagelayer_contact_templates":[],"_pagelayer_content":"","inline_featured_image":false,"fifu_image_url":"","fifu_image_alt":"","footnotes":""},"categories":[108],"tags":[146,175,196,212],"class_list":["post-147","post","type-post","status-publish","format-standard","hentry","category-lajme","tag-146","tag-institucione-parashkollore-te-kishes-orthodhokse","tag-tirane","tag-lajme-d27"],"acf":[],"yoast_head":"<!-- This site is optimized with the Yoast SEO plugin v27.2 - https:\/\/yoast.com\/product\/yoast-seo-wordpress\/ -->\n<title>Nis viti i ri m\u00ebsimor 2008-2009 n\u00eb shkollat 9-vje\u00e7are dhe t\u00eb mesme t\u00eb Kish\u00ebs son\u00eb. (2008) - Kisha Orthodh\u03bfkse Autoqefale e Shqip\u00ebris\u00eb<\/title>\n<meta name=\"robots\" content=\"index, follow, max-snippet:-1, max-image-preview:large, max-video-preview:-1\" \/>\n<link rel=\"canonical\" href=\"https:\/\/orthodoxalbania.org\/2020\/2008\/02\/26\/nis-viti-i-ri-mesimor-2008-2009-ne-shkollat-9-vjecare-dhe-te-mesme-te-kishes-sone-2008\/\" \/>\n<meta property=\"og:locale\" content=\"en_US\" \/>\n<meta property=\"og:type\" content=\"article\" \/>\n<meta property=\"og:title\" content=\"Nis viti i ri m\u00ebsimor 2008-2009 n\u00eb shkollat 9-vje\u00e7are dhe t\u00eb mesme t\u00eb Kish\u00ebs son\u00eb. (2008) - Kisha Orthodh\u03bfkse Autoqefale e Shqip\u00ebris\u00eb\" \/>\n<meta property=\"og:description\" content=\"&nbsp;&nbsp;&nbsp; Nga viti n\u00eb vit, p\u00ebrvoja e fituar nga nx\u00ebn\u00ebsit dhe stafin pedagogjik n\u00eb shkollat e Kish\u00ebs son\u00eb kan\u00eb dh\u00ebn\u00eb rezultate pozitive n\u00eb drejtim t\u00eb mbar\u00ebvajtjes dhe realizimit t\u00eb objektivave. &nbsp; &nbsp;&nbsp;&nbsp; \u201cNe po p\u00ebrpiqemi t\u00eb formojm\u00eb nx\u00ebn\u00ebsit n\u00eb aspektin shpirt\u00ebror, shkencor dhe fizik, duke iu krijuar atyre t\u00eb gjitha kushtet e nevojshme p\u00ebr k\u00ebt\u00eb vit t\u00eb ri shkollor\u201d- tregon n\u00eb dit\u00ebn e par\u00eb t\u00eb\" \/>\n<meta property=\"og:url\" content=\"https:\/\/orthodoxalbania.org\/2020\/2008\/02\/26\/nis-viti-i-ri-mesimor-2008-2009-ne-shkollat-9-vjecare-dhe-te-mesme-te-kishes-sone-2008\/\" \/>\n<meta property=\"og:site_name\" content=\"Kisha Orthodh\u03bfkse Autoqefale e Shqip\u00ebris\u00eb\" \/>\n<meta property=\"article:publisher\" content=\"https:\/\/www.facebook.com\/koash1991\" \/>\n<meta property=\"article:published_time\" content=\"2008-02-26T00:00:00+00:00\" \/>\n<meta property=\"article:modified_time\" content=\"2020-04-06T20:35:27+00:00\" \/>\n<meta property=\"og:image\" content=\"https:\/\/lh4.googleusercontent.com\/-SFDIS5PiV1o\/VJFpsdQLUaI\/AAAAAAAAIGs\/n-OEic7hN9A\/w400-h300-no\/pic6.jpg\" \/>\n<meta name=\"author\" content=\"Kisha Orthodhokse\" \/>\n<meta name=\"twitter:card\" content=\"summary_large_image\" \/>\n<meta name=\"twitter:label1\" content=\"Written by\" \/>\n\t<meta name=\"twitter:data1\" content=\"Kisha Orthodhokse\" \/>\n\t<meta name=\"twitter:label2\" content=\"Est. reading time\" \/>\n\t<meta name=\"twitter:data2\" content=\"3 minutes\" \/>\n<script type=\"application\/ld+json\" class=\"yoast-schema-graph\">{\"@context\":\"https:\/\/schema.org\",\"@graph\":[{\"@type\":\"Article\",\"@id\":\"https:\/\/orthodoxalbania.org\/2020\/2008\/02\/26\/nis-viti-i-ri-mesimor-2008-2009-ne-shkollat-9-vjecare-dhe-te-mesme-te-kishes-sone-2008\/#article\",\"isPartOf\":{\"@id\":\"https:\/\/orthodoxalbania.org\/2020\/2008\/02\/26\/nis-viti-i-ri-mesimor-2008-2009-ne-shkollat-9-vjecare-dhe-te-mesme-te-kishes-sone-2008\/\"},\"author\":{\"name\":\"Kisha Orthodhokse\",\"@id\":\"https:\/\/orthodoxalbania.org\/2020\/#\/schema\/person\/0c387634a7063ac612d7ed9ce71c7e86\"},\"headline\":\"Nis viti i ri m\u00ebsimor 2008-2009 n\u00eb shkollat 9-vje\u00e7are dhe t\u00eb mesme t\u00eb Kish\u00ebs son\u00eb. (2008)\",\"datePublished\":\"2008-02-26T00:00:00+00:00\",\"dateModified\":\"2020-04-06T20:35:27+00:00\",\"mainEntityOfPage\":{\"@id\":\"https:\/\/orthodoxalbania.org\/2020\/2008\/02\/26\/nis-viti-i-ri-mesimor-2008-2009-ne-shkollat-9-vjecare-dhe-te-mesme-te-kishes-sone-2008\/\"},\"wordCount\":688,\"commentCount\":0,\"publisher\":{\"@id\":\"https:\/\/orthodoxalbania.org\/2020\/#organization\"},\"image\":{\"@id\":\"https:\/\/orthodoxalbania.org\/2020\/2008\/02\/26\/nis-viti-i-ri-mesimor-2008-2009-ne-shkollat-9-vjecare-dhe-te-mesme-te-kishes-sone-2008\/#primaryimage\"},\"thumbnailUrl\":\"https:\/\/lh4.googleusercontent.com\/-SFDIS5PiV1o\/VJFpsdQLUaI\/AAAAAAAAIGs\/n-OEic7hN9A\/w400-h300-no\/pic6.jpg\",\"keywords\":[\"2008\",\"Institucione Parashkollore t\u00eb Kish\u00ebs Orthodhokse\",\"Kryepiskopata Tiran\u00eb\",\"lajme\"],\"articleSection\":[\"Lajme\"],\"inLanguage\":\"en-US\"},{\"@type\":\"WebPage\",\"@id\":\"https:\/\/orthodoxalbania.org\/2020\/2008\/02\/26\/nis-viti-i-ri-mesimor-2008-2009-ne-shkollat-9-vjecare-dhe-te-mesme-te-kishes-sone-2008\/\",\"url\":\"https:\/\/orthodoxalbania.org\/2020\/2008\/02\/26\/nis-viti-i-ri-mesimor-2008-2009-ne-shkollat-9-vjecare-dhe-te-mesme-te-kishes-sone-2008\/\",\"name\":\"Nis viti i ri m\u00ebsimor 2008-2009 n\u00eb shkollat 9-vje\u00e7are dhe t\u00eb mesme t\u00eb Kish\u00ebs son\u00eb. (2008) - Kisha Orthodh\u03bfkse Autoqefale e Shqip\u00ebris\u00eb\",\"isPartOf\":{\"@id\":\"https:\/\/orthodoxalbania.org\/2020\/#website\"},\"primaryImageOfPage\":{\"@id\":\"https:\/\/orthodoxalbania.org\/2020\/2008\/02\/26\/nis-viti-i-ri-mesimor-2008-2009-ne-shkollat-9-vjecare-dhe-te-mesme-te-kishes-sone-2008\/#primaryimage\"},\"image\":{\"@id\":\"https:\/\/orthodoxalbania.org\/2020\/2008\/02\/26\/nis-viti-i-ri-mesimor-2008-2009-ne-shkollat-9-vjecare-dhe-te-mesme-te-kishes-sone-2008\/#primaryimage\"},\"thumbnailUrl\":\"https:\/\/lh4.googleusercontent.com\/-SFDIS5PiV1o\/VJFpsdQLUaI\/AAAAAAAAIGs\/n-OEic7hN9A\/w400-h300-no\/pic6.jpg\",\"datePublished\":\"2008-02-26T00:00:00+00:00\",\"dateModified\":\"2020-04-06T20:35:27+00:00\",\"breadcrumb\":{\"@id\":\"https:\/\/orthodoxalbania.org\/2020\/2008\/02\/26\/nis-viti-i-ri-mesimor-2008-2009-ne-shkollat-9-vjecare-dhe-te-mesme-te-kishes-sone-2008\/#breadcrumb\"},\"inLanguage\":\"en-US\",\"potentialAction\":[{\"@type\":\"ReadAction\",\"target\":[\"https:\/\/orthodoxalbania.org\/2020\/2008\/02\/26\/nis-viti-i-ri-mesimor-2008-2009-ne-shkollat-9-vjecare-dhe-te-mesme-te-kishes-sone-2008\/\"]}]},{\"@type\":\"ImageObject\",\"inLanguage\":\"en-US\",\"@id\":\"https:\/\/orthodoxalbania.org\/2020\/2008\/02\/26\/nis-viti-i-ri-mesimor-2008-2009-ne-shkollat-9-vjecare-dhe-te-mesme-te-kishes-sone-2008\/#primaryimage\",\"url\":\"https:\/\/lh4.googleusercontent.com\/-SFDIS5PiV1o\/VJFpsdQLUaI\/AAAAAAAAIGs\/n-OEic7hN9A\/w400-h300-no\/pic6.jpg\",\"contentUrl\":\"https:\/\/lh4.googleusercontent.com\/-SFDIS5PiV1o\/VJFpsdQLUaI\/AAAAAAAAIGs\/n-OEic7hN9A\/w400-h300-no\/pic6.jpg\"},{\"@type\":\"BreadcrumbList\",\"@id\":\"https:\/\/orthodoxalbania.org\/2020\/2008\/02\/26\/nis-viti-i-ri-mesimor-2008-2009-ne-shkollat-9-vjecare-dhe-te-mesme-te-kishes-sone-2008\/#breadcrumb\",\"itemListElement\":[{\"@type\":\"ListItem\",\"position\":1,\"name\":\"Home\",\"item\":\"https:\/\/orthodoxalbania.org\/2020\/\"},{\"@type\":\"ListItem\",\"position\":2,\"name\":\"Nis viti i ri m\u00ebsimor 2008-2009 n\u00eb shkollat 9-vje\u00e7are dhe t\u00eb mesme t\u00eb Kish\u00ebs son\u00eb. (2008)\"}]},{\"@type\":\"WebSite\",\"@id\":\"https:\/\/orthodoxalbania.org\/2020\/#website\",\"url\":\"https:\/\/orthodoxalbania.org\/2020\/\",\"name\":\"Kisha Orthodh\u03bfkse Autoqefale e Shqip\u00ebris\u00eb\",\"description\":\"Fqja Zyrtare e Kish\u00ebs Orthodhokse Autoqefale e Shqip\u00ebris\u00eb me lajmet edhe informacionet zyrtare p\u00ebr struktur\u00ebn edhe veprimtarin e saj.\",\"publisher\":{\"@id\":\"https:\/\/orthodoxalbania.org\/2020\/#organization\"},\"potentialAction\":[{\"@type\":\"SearchAction\",\"target\":{\"@type\":\"EntryPoint\",\"urlTemplate\":\"https:\/\/orthodoxalbania.org\/2020\/?s={search_term_string}\"},\"query-input\":{\"@type\":\"PropertyValueSpecification\",\"valueRequired\":true,\"valueName\":\"search_term_string\"}}],\"inLanguage\":\"en-US\"},{\"@type\":\"Organization\",\"@id\":\"https:\/\/orthodoxalbania.org\/2020\/#organization\",\"name\":\"Kisha Orthodhokse Autoqefale e Shqip\u00ebris\u00eb\",\"url\":\"https:\/\/orthodoxalbania.org\/2020\/\",\"logo\":{\"@type\":\"ImageObject\",\"inLanguage\":\"en-US\",\"@id\":\"https:\/\/orthodoxalbania.org\/2020\/#\/schema\/logo\/image\/\",\"url\":\"https:\/\/orthodoxalbania.org\/2020\/wp-content\/uploads\/2020\/05\/albania.jpeg\",\"contentUrl\":\"https:\/\/orthodoxalbania.org\/2020\/wp-content\/uploads\/2020\/05\/albania.jpeg\",\"width\":540,\"height\":540,\"caption\":\"Kisha Orthodhokse Autoqefale e Shqip\u00ebris\u00eb\"},\"image\":{\"@id\":\"https:\/\/orthodoxalbania.org\/2020\/#\/schema\/logo\/image\/\"},\"sameAs\":[\"https:\/\/www.facebook.com\/koash1991\"]},{\"@type\":\"Person\",\"@id\":\"https:\/\/orthodoxalbania.org\/2020\/#\/schema\/person\/0c387634a7063ac612d7ed9ce71c7e86\",\"name\":\"Kisha Orthodhokse\",\"image\":{\"@type\":\"ImageObject\",\"inLanguage\":\"en-US\",\"@id\":\"https:\/\/secure.gravatar.com\/avatar\/596e7c417251e30f2fbb9c00e026fce61a695a00e51c889caded71c96cbbdde5?s=96&d=mm&r=g\",\"url\":\"https:\/\/secure.gravatar.com\/avatar\/596e7c417251e30f2fbb9c00e026fce61a695a00e51c889caded71c96cbbdde5?s=96&d=mm&r=g\",\"contentUrl\":\"https:\/\/secure.gravatar.com\/avatar\/596e7c417251e30f2fbb9c00e026fce61a695a00e51c889caded71c96cbbdde5?s=96&d=mm&r=g\",\"caption\":\"Kisha Orthodhokse\"}}]}<\/script>\n<!-- \/ Yoast SEO plugin. -->","yoast_head_json":{"title":"Nis viti i ri m\u00ebsimor 2008-2009 n\u00eb shkollat 9-vje\u00e7are dhe t\u00eb mesme t\u00eb Kish\u00ebs son\u00eb. (2008) - Kisha Orthodh\u03bfkse Autoqefale e Shqip\u00ebris\u00eb","robots":{"index":"index","follow":"follow","max-snippet":"max-snippet:-1","max-image-preview":"max-image-preview:large","max-video-preview":"max-video-preview:-1"},"canonical":"https:\/\/orthodoxalbania.org\/2020\/2008\/02\/26\/nis-viti-i-ri-mesimor-2008-2009-ne-shkollat-9-vjecare-dhe-te-mesme-te-kishes-sone-2008\/","og_locale":"en_US","og_type":"article","og_title":"Nis viti i ri m\u00ebsimor 2008-2009 n\u00eb shkollat 9-vje\u00e7are dhe t\u00eb mesme t\u00eb Kish\u00ebs son\u00eb. (2008) - Kisha Orthodh\u03bfkse Autoqefale e Shqip\u00ebris\u00eb","og_description":"&nbsp;&nbsp;&nbsp; Nga viti n\u00eb vit, p\u00ebrvoja e fituar nga nx\u00ebn\u00ebsit dhe stafin pedagogjik n\u00eb shkollat e Kish\u00ebs son\u00eb kan\u00eb dh\u00ebn\u00eb rezultate pozitive n\u00eb drejtim t\u00eb mbar\u00ebvajtjes dhe realizimit t\u00eb objektivave. &nbsp; &nbsp;&nbsp;&nbsp; \u201cNe po p\u00ebrpiqemi t\u00eb formojm\u00eb nx\u00ebn\u00ebsit n\u00eb aspektin shpirt\u00ebror, shkencor dhe fizik, duke iu krijuar atyre t\u00eb gjitha kushtet e nevojshme p\u00ebr k\u00ebt\u00eb vit t\u00eb ri shkollor\u201d- tregon n\u00eb dit\u00ebn e par\u00eb t\u00eb","og_url":"https:\/\/orthodoxalbania.org\/2020\/2008\/02\/26\/nis-viti-i-ri-mesimor-2008-2009-ne-shkollat-9-vjecare-dhe-te-mesme-te-kishes-sone-2008\/","og_site_name":"Kisha Orthodh\u03bfkse Autoqefale e Shqip\u00ebris\u00eb","article_publisher":"https:\/\/www.facebook.com\/koash1991","article_published_time":"2008-02-26T00:00:00+00:00","article_modified_time":"2020-04-06T20:35:27+00:00","og_image":[{"url":"https:\/\/lh4.googleusercontent.com\/-SFDIS5PiV1o\/VJFpsdQLUaI\/AAAAAAAAIGs\/n-OEic7hN9A\/w400-h300-no\/pic6.jpg","type":"","width":"","height":""}],"author":"Kisha Orthodhokse","twitter_card":"summary_large_image","twitter_misc":{"Written by":"Kisha Orthodhokse","Est. reading time":"3 minutes"},"schema":{"@context":"https:\/\/schema.org","@graph":[{"@type":"Article","@id":"https:\/\/orthodoxalbania.org\/2020\/2008\/02\/26\/nis-viti-i-ri-mesimor-2008-2009-ne-shkollat-9-vjecare-dhe-te-mesme-te-kishes-sone-2008\/#article","isPartOf":{"@id":"https:\/\/orthodoxalbania.org\/2020\/2008\/02\/26\/nis-viti-i-ri-mesimor-2008-2009-ne-shkollat-9-vjecare-dhe-te-mesme-te-kishes-sone-2008\/"},"author":{"name":"Kisha Orthodhokse","@id":"https:\/\/orthodoxalbania.org\/2020\/#\/schema\/person\/0c387634a7063ac612d7ed9ce71c7e86"},"headline":"Nis viti i ri m\u00ebsimor 2008-2009 n\u00eb shkollat 9-vje\u00e7are dhe t\u00eb mesme t\u00eb Kish\u00ebs son\u00eb. (2008)","datePublished":"2008-02-26T00:00:00+00:00","dateModified":"2020-04-06T20:35:27+00:00","mainEntityOfPage":{"@id":"https:\/\/orthodoxalbania.org\/2020\/2008\/02\/26\/nis-viti-i-ri-mesimor-2008-2009-ne-shkollat-9-vjecare-dhe-te-mesme-te-kishes-sone-2008\/"},"wordCount":688,"commentCount":0,"publisher":{"@id":"https:\/\/orthodoxalbania.org\/2020\/#organization"},"image":{"@id":"https:\/\/orthodoxalbania.org\/2020\/2008\/02\/26\/nis-viti-i-ri-mesimor-2008-2009-ne-shkollat-9-vjecare-dhe-te-mesme-te-kishes-sone-2008\/#primaryimage"},"thumbnailUrl":"https:\/\/lh4.googleusercontent.com\/-SFDIS5PiV1o\/VJFpsdQLUaI\/AAAAAAAAIGs\/n-OEic7hN9A\/w400-h300-no\/pic6.jpg","keywords":["2008","Institucione Parashkollore t\u00eb Kish\u00ebs Orthodhokse","Kryepiskopata Tiran\u00eb","lajme"],"articleSection":["Lajme"],"inLanguage":"en-US"},{"@type":"WebPage","@id":"https:\/\/orthodoxalbania.org\/2020\/2008\/02\/26\/nis-viti-i-ri-mesimor-2008-2009-ne-shkollat-9-vjecare-dhe-te-mesme-te-kishes-sone-2008\/","url":"https:\/\/orthodoxalbania.org\/2020\/2008\/02\/26\/nis-viti-i-ri-mesimor-2008-2009-ne-shkollat-9-vjecare-dhe-te-mesme-te-kishes-sone-2008\/","name":"Nis viti i ri m\u00ebsimor 2008-2009 n\u00eb shkollat 9-vje\u00e7are dhe t\u00eb mesme t\u00eb Kish\u00ebs son\u00eb. (2008) - Kisha Orthodh\u03bfkse Autoqefale e Shqip\u00ebris\u00eb","isPartOf":{"@id":"https:\/\/orthodoxalbania.org\/2020\/#website"},"primaryImageOfPage":{"@id":"https:\/\/orthodoxalbania.org\/2020\/2008\/02\/26\/nis-viti-i-ri-mesimor-2008-2009-ne-shkollat-9-vjecare-dhe-te-mesme-te-kishes-sone-2008\/#primaryimage"},"image":{"@id":"https:\/\/orthodoxalbania.org\/2020\/2008\/02\/26\/nis-viti-i-ri-mesimor-2008-2009-ne-shkollat-9-vjecare-dhe-te-mesme-te-kishes-sone-2008\/#primaryimage"},"thumbnailUrl":"https:\/\/lh4.googleusercontent.com\/-SFDIS5PiV1o\/VJFpsdQLUaI\/AAAAAAAAIGs\/n-OEic7hN9A\/w400-h300-no\/pic6.jpg","datePublished":"2008-02-26T00:00:00+00:00","dateModified":"2020-04-06T20:35:27+00:00","breadcrumb":{"@id":"https:\/\/orthodoxalbania.org\/2020\/2008\/02\/26\/nis-viti-i-ri-mesimor-2008-2009-ne-shkollat-9-vjecare-dhe-te-mesme-te-kishes-sone-2008\/#breadcrumb"},"inLanguage":"en-US","potentialAction":[{"@type":"ReadAction","target":["https:\/\/orthodoxalbania.org\/2020\/2008\/02\/26\/nis-viti-i-ri-mesimor-2008-2009-ne-shkollat-9-vjecare-dhe-te-mesme-te-kishes-sone-2008\/"]}]},{"@type":"ImageObject","inLanguage":"en-US","@id":"https:\/\/orthodoxalbania.org\/2020\/2008\/02\/26\/nis-viti-i-ri-mesimor-2008-2009-ne-shkollat-9-vjecare-dhe-te-mesme-te-kishes-sone-2008\/#primaryimage","url":"https:\/\/lh4.googleusercontent.com\/-SFDIS5PiV1o\/VJFpsdQLUaI\/AAAAAAAAIGs\/n-OEic7hN9A\/w400-h300-no\/pic6.jpg","contentUrl":"https:\/\/lh4.googleusercontent.com\/-SFDIS5PiV1o\/VJFpsdQLUaI\/AAAAAAAAIGs\/n-OEic7hN9A\/w400-h300-no\/pic6.jpg"},{"@type":"BreadcrumbList","@id":"https:\/\/orthodoxalbania.org\/2020\/2008\/02\/26\/nis-viti-i-ri-mesimor-2008-2009-ne-shkollat-9-vjecare-dhe-te-mesme-te-kishes-sone-2008\/#breadcrumb","itemListElement":[{"@type":"ListItem","position":1,"name":"Home","item":"https:\/\/orthodoxalbania.org\/2020\/"},{"@type":"ListItem","position":2,"name":"Nis viti i ri m\u00ebsimor 2008-2009 n\u00eb shkollat 9-vje\u00e7are dhe t\u00eb mesme t\u00eb Kish\u00ebs son\u00eb. (2008)"}]},{"@type":"WebSite","@id":"https:\/\/orthodoxalbania.org\/2020\/#website","url":"https:\/\/orthodoxalbania.org\/2020\/","name":"Kisha Orthodh\u03bfkse Autoqefale e Shqip\u00ebris\u00eb","description":"Fqja Zyrtare e Kish\u00ebs Orthodhokse Autoqefale e Shqip\u00ebris\u00eb me lajmet edhe informacionet zyrtare p\u00ebr struktur\u00ebn edhe veprimtarin e saj.","publisher":{"@id":"https:\/\/orthodoxalbania.org\/2020\/#organization"},"potentialAction":[{"@type":"SearchAction","target":{"@type":"EntryPoint","urlTemplate":"https:\/\/orthodoxalbania.org\/2020\/?s={search_term_string}"},"query-input":{"@type":"PropertyValueSpecification","valueRequired":true,"valueName":"search_term_string"}}],"inLanguage":"en-US"},{"@type":"Organization","@id":"https:\/\/orthodoxalbania.org\/2020\/#organization","name":"Kisha Orthodhokse Autoqefale e Shqip\u00ebris\u00eb","url":"https:\/\/orthodoxalbania.org\/2020\/","logo":{"@type":"ImageObject","inLanguage":"en-US","@id":"https:\/\/orthodoxalbania.org\/2020\/#\/schema\/logo\/image\/","url":"https:\/\/orthodoxalbania.org\/2020\/wp-content\/uploads\/2020\/05\/albania.jpeg","contentUrl":"https:\/\/orthodoxalbania.org\/2020\/wp-content\/uploads\/2020\/05\/albania.jpeg","width":540,"height":540,"caption":"Kisha Orthodhokse Autoqefale e Shqip\u00ebris\u00eb"},"image":{"@id":"https:\/\/orthodoxalbania.org\/2020\/#\/schema\/logo\/image\/"},"sameAs":["https:\/\/www.facebook.com\/koash1991"]},{"@type":"Person","@id":"https:\/\/orthodoxalbania.org\/2020\/#\/schema\/person\/0c387634a7063ac612d7ed9ce71c7e86","name":"Kisha Orthodhokse","image":{"@type":"ImageObject","inLanguage":"en-US","@id":"https:\/\/secure.gravatar.com\/avatar\/596e7c417251e30f2fbb9c00e026fce61a695a00e51c889caded71c96cbbdde5?s=96&d=mm&r=g","url":"https:\/\/secure.gravatar.com\/avatar\/596e7c417251e30f2fbb9c00e026fce61a695a00e51c889caded71c96cbbdde5?s=96&d=mm&r=g","contentUrl":"https:\/\/secure.gravatar.com\/avatar\/596e7c417251e30f2fbb9c00e026fce61a695a00e51c889caded71c96cbbdde5?s=96&d=mm&r=g","caption":"Kisha Orthodhokse"}}]}},"_links":{"self":[{"href":"https:\/\/orthodoxalbania.org\/2020\/wp-json\/wp\/v2\/posts\/147","targetHints":{"allow":["GET"]}}],"collection":[{"href":"https:\/\/orthodoxalbania.org\/2020\/wp-json\/wp\/v2\/posts"}],"about":[{"href":"https:\/\/orthodoxalbania.org\/2020\/wp-json\/wp\/v2\/types\/post"}],"author":[{"embeddable":true,"href":"https:\/\/orthodoxalbania.org\/2020\/wp-json\/wp\/v2\/users\/1"}],"replies":[{"embeddable":true,"href":"https:\/\/orthodoxalbania.org\/2020\/wp-json\/wp\/v2\/comments?post=147"}],"version-history":[{"count":1,"href":"https:\/\/orthodoxalbania.org\/2020\/wp-json\/wp\/v2\/posts\/147\/revisions"}],"predecessor-version":[{"id":15686,"href":"https:\/\/orthodoxalbania.org\/2020\/wp-json\/wp\/v2\/posts\/147\/revisions\/15686"}],"wp:attachment":[{"href":"https:\/\/orthodoxalbania.org\/2020\/wp-json\/wp\/v2\/media?parent=147"}],"wp:term":[{"taxonomy":"category","embeddable":true,"href":"https:\/\/orthodoxalbania.org\/2020\/wp-json\/wp\/v2\/categories?post=147"},{"taxonomy":"post_tag","embeddable":true,"href":"https:\/\/orthodoxalbania.org\/2020\/wp-json\/wp\/v2\/tags?post=147"}],"curies":[{"name":"wp","href":"https:\/\/api.w.org\/{rel}","templated":true}]}}