{"id":1469,"date":"2015-02-17T10:15:58","date_gmt":"2015-02-17T10:15:58","guid":{"rendered":""},"modified":"2020-04-06T22:02:18","modified_gmt":"2020-04-06T20:02:18","slug":"trajnim-me-mesues-per-femijet-me-nevoja-te-vecanta","status":"publish","type":"post","link":"https:\/\/orthodoxalbania.org\/2020\/2015\/02\/17\/trajnim-me-mesues-per-femijet-me-nevoja-te-vecanta\/","title":{"rendered":"Trajnim me m\u00ebsues nga Kosova dhe Shqip\u00ebria"},"content":{"rendered":"<p style=\"text-align: center;\"><span style=\"color: #800000; font-size: 12pt; font-family: helvetica;\"><\/span><\/p>\n<p> <\/p>\n<p style=\"text-align: center;\"><span style=\"color: #800000; font-size: 12pt; font-family: helvetica;\"><strong>Si t\u00eb m\u00ebsojm\u00eb nx\u00ebn\u00ebsit me nevoja t\u00eb ve\u00e7anta<\/strong><\/span><\/p>\n<p style=\"text-align: center;\">&nbsp;<\/p>\n<p style=\"text-align: justify;\">&nbsp;<\/p>\n<p style=\"text-align: justify;\"><span style=\"color: #000000; font-size: 12pt; font-family: helvetica;\">&nbsp;&nbsp;&nbsp; Ka qen\u00eb kjo tema q\u00eb ka mbledhur 50 m\u00ebsues nga Kosova (28) dhe Shqip\u00ebria (22), n\u00eb trajnimin e organizuar nga Kisha Orthodhokse Autoqefale e Shqip\u00ebris\u00eb, n\u00eb datat 6-8 shkurt, n\u00eb qytetin e Durr\u00ebsit. M\u00ebsuesit erdh\u00ebn n\u00eb k\u00ebt\u00eb trajnim nga d\u00ebshira p\u00ebr t\u00eb ndihmuar, menaxhuar dhe kuptuar m\u00eb mir\u00eb ata nx\u00ebn\u00ebs q\u00eb kan\u00eb nevoja t\u00eb ve\u00e7anta. Gjat\u00eb trajnimit ata pat\u00ebn mund\u00ebsi t\u00eb njiheshin me autizmin, ADHD\u2013hiperaktivitetin, \u00e7rregullimin e humbjes s\u00eb v\u00ebmendjes, disleksin\u00eb, diskalkulin\u00eb dhe se si k\u00ebto sjellin v\u00ebshtir\u00ebsi n\u00eb t\u00eb m\u00ebsuar tek nx\u00ebn\u00ebsit q\u00eb jan\u00eb t\u00eb prekur.<\/span><\/p>\n<p style=\"text-align: justify;\"><span style=\"color: #000000; font-size: 12pt; font-family: helvetica;\">&nbsp;&nbsp;&nbsp; Trajnuesja, e cila ishte m\u00ebsuese e certifikuar e edukimit t\u00eb ve\u00e7ant\u00eb, znj. Maureen Thomson, u tregoi&nbsp; arsimtar\u00ebve se cilat ishin shkaqet, llojet dhe karakteristikat e k\u00ebtyre s\u00ebmundjeve dhe se si ato ndikojn\u00eb n\u00eb procesin e t\u00eb nx\u00ebnit. Ajo u tregoi teknika dhe metodologji q\u00eb m\u00ebsuesit duhet t\u00eb ndjekin n\u00eb klasat e tyre, p\u00ebr t\u00eb menaxhuar dhe ndihmuar k\u00ebt\u00eb kategori nx\u00ebn\u00ebsish, n\u00eb m\u00ebnyr\u00eb q\u00eb t\u2019i ndihmojn\u00eb dhe t\u2019i p\u00ebrgatitin ata jo vet\u00ebm p\u00ebr programin m\u00ebsimor, por edhe p\u00ebr jet\u00ebn.&nbsp;<\/span><span style=\"font-size: 12pt; font-family: helvetica;\"> <\/span><\/p>\n<p style=\"text-align: justify;\"><span style=\"color: #000000; font-size: 12pt; font-family: helvetica;\">&nbsp;&nbsp;&nbsp; Nj\u00ebri prej arsimtar\u00ebve u shpreh se: \u201cMendoj se \u00e7do gj\u00eb ishte e r\u00ebnd\u00ebsishme, por n\u00eb ve\u00e7anti njohurit\u00eb e marra p\u00ebr m\u00ebnyr\u00ebn e sjelljes ndaj k\u00ebtyre nx\u00ebn\u00ebsve dhe aft\u00ebsimi i tyre p\u00ebr jet\u00ebn\u201d. Nd\u00ebrsa m\u00ebsuesja Sabina Krasniqi e pyetur p\u00ebr t\u00eb nj\u00ebjt\u00ebn pyetje, shprehet: \u201cPjesa m\u00eb e mir\u00eb e trajnimit ishte demonstrimi me shembuj nga p\u00ebrvoja e trajnueses dhe se si ajo veproi me k\u00ebta nx\u00ebn\u00ebs. P\u00ebr mua ka qen\u00eb shum\u00eb e dobishme ndarja e p\u00ebrvoj\u00ebs s\u00eb saj personale me ne\u201d. I pyetur n\u00ebse i kan\u00eb sh\u00ebrbyer njohurit\u00eb e marra n\u00eb trajnim, nj\u00ebri prej arsimtar\u00ebve p\u00ebrgjigjet: \u201cKam pasur raste t\u00eb kem f\u00ebmij\u00eb me hiperaktivitet n\u00eb klas\u00ebn time dhe trajnimi m\u00eb ndihmoi, sepse m\u00eb m\u00ebsoi si t\u00eb punoj me nx\u00ebn\u00ebs t\u00eb till\u00eb\u201d.<\/span><span style=\"font-size: 12pt; font-family: helvetica;\"> <\/span><\/p>\n<p style=\"text-align: justify;\"><span style=\"color: #000000; font-size: 12pt; font-family: helvetica;\">&nbsp;&nbsp;&nbsp; Nj\u00eb trajnimi i till\u00eb, i organizuar nga Kisha jon\u00eb, ku ftohen edhe m\u00ebsues t\u00eb komun\u00ebs s\u00eb Malishev\u00ebs, n\u00eb Kosov\u00eb, \u00ebsht\u00eb b\u00ebr\u00eb tashm\u00eb nj\u00eb tradit\u00eb. M\u00ebsuesit q\u00eb ftohen jan\u00eb arsimtar\u00eb t\u00eb shkollave t\u00eb k\u00ebsaj zone, n\u00eb t\u00eb cilat Kisha jon\u00eb organizon kampingje verore p\u00ebr f\u00ebmij\u00eb. Ja si shprehet nj\u00ebri prej m\u00ebsuesve p\u00ebr to: \u201cK\u00ebto lloj trajnimesh duhen mbajtur n\u00ebp\u00ebr t\u00eb gjitha shkollat dhe me t\u00eb gjith\u00eb m\u00ebsimdh\u00ebn\u00ebsit, dhe n\u00ebse \u00ebsht\u00eb e mundur, t\u00eb mbahen m\u00eb shpesh\u201d.<\/span><span style=\"font-size: 12pt; font-family: helvetica;\"> <\/span><\/p>\n<p style=\"text-align: justify;\"><span style=\"color: #000000; font-size: 12pt; font-family: helvetica;\">&nbsp;&nbsp;&nbsp; Shpresohet q\u00eb veprimtari t\u00eb tilla do t\u00eb shtohen edhe m\u00eb shum\u00eb n\u00eb t\u00eb ardhmen, n\u00eb m\u00ebnyr\u00eb q\u00eb p\u00ebrmes rritjes s\u00eb kapacitetit t\u00eb arsimtar\u00ebve t\u00eb ndihmojm\u00eb f\u00ebmij\u00ebt t\u00eb arrijn\u00eb potencialin e tyre t\u00eb plot\u00eb njer\u00ebzor.<\/span><span style=\"font-size: 12pt; font-family: helvetica;\"> <\/span><\/p>\n<p style=\"text-align: justify;\">&nbsp;<\/p>\n<p style=\"text-align: justify;\"><span style=\"color: #000000; font-size: 12pt; font-family: helvetica;\">&nbsp;&nbsp;&nbsp; Dit\u00ebn e fundit t\u00eb seminarit pjes\u00ebmarr\u00ebsit vizituan amfiteatrin e Durr\u00ebsit, si dhe n\u00eb Manastirin e Ri t\u00eb Sh\u00ebn Vlashit.<\/span><\/p>\n<p style=\"text-align: justify;\">&nbsp;<\/p>\n<p style=\"text-align: justify;\">&nbsp;<\/p>\n<p style=\"text-align: justify;\">&nbsp;<\/p>\n<p style=\"text-align: right;\"><span style=\"color: #000000; font-size: 12pt; font-family: helvetica;\"><strong>Zyra Q\u00ebndrore e F\u00ebmij\u00ebve <\/strong><\/span><\/p>\n<p style=\"text-align: right;\">&nbsp;<\/p>\n<p style=\"text-align: center;\">&nbsp;<\/p>\n<p style=\"text-align: justify;\"><span style=\"color: #000000; font-size: 12pt; font-family: helvetica;\">&nbsp;&nbsp;&nbsp; <\/span><\/p>\n<p><span style=\"font-size: 12pt; font-family: helvetica;\"><img decoding=\"async\" class=\"lazyload HAa Eha\" style=\"border-width: 1px; border-style: solid; margin: 10px auto; display: block;\" alt=\"\" src=\"data:image\/gif;base64,R0lGODlhAQABAAAAACH5BAEKAAEALAAAAAABAAEAAAICTAEAOw==\" data-orig-src=\"https:\/\/lh6.googleusercontent.com\/--GNWpGTVEF4\/VOMT2PioH0I\/AAAAAAAALPU\/d6Zg_eiCaRs\/w958-h636-no\/_DSC6023%2B(2).jpg\" \/><\/span><\/p>\n<p><span style=\"font-size: 12pt; font-family: helvetica;\"><img decoding=\"async\" class=\"lazyload HAa Eha\" style=\"border-width: 1px; border-style: solid; margin: 10px auto; display: block;\" alt=\"\" src=\"data:image\/gif;base64,R0lGODlhAQABAAAAACH5BAEKAAEALAAAAAABAAEAAAICTAEAOw==\" data-orig-src=\"https:\/\/lh6.googleusercontent.com\/-TFUjg0wBans\/VOMT42pxyoI\/AAAAAAAALPc\/6NYGLvf7Cdg\/w958-h636-no\/_DSC6077%2B(2).jpg\" \/><\/span><\/p>\n<p><span style=\"font-size: 12pt; font-family: helvetica;\"><img decoding=\"async\" class=\"lazyload HAa Eha cke-resize\" style=\"border-width: 1px; border-style: solid; margin: 10px auto; display: block;\" alt=\"\" src=\"data:image\/gif;base64,R0lGODlhAQABAAAAACH5BAEKAAEALAAAAAABAAEAAAICTAEAOw==\" data-orig-src=\"https:\/\/lh4.googleusercontent.com\/-VLgEIFDjPAc\/VOMT0oB668I\/AAAAAAAALPM\/1o18Vvh26Wk\/w958-h719-no\/DSCN7548%2B(2).jpg\" \/><\/span><\/p>\n<p><span style=\"font-size: 12pt; font-family: helvetica;\"><img decoding=\"async\" class=\"lazyload HAa Eha\" style=\"border-width: 1px; border-style: solid; margin: 10px auto; display: block;\" alt=\"\" src=\"data:image\/gif;base64,R0lGODlhAQABAAAAACH5BAEKAAEALAAAAAABAAEAAAICTAEAOw==\" data-orig-src=\"https:\/\/lh6.googleusercontent.com\/-EDtEJ23AlXk\/VOMT0cA9jlI\/AAAAAAAALPI\/7gf8sKyT6qc\/w958-h719-no\/DSCN7571%2B(2).jpg\" \/><\/span><\/p>\n<p id=\"ckimgrsz\" style=\"left: 203px; top: 2049px;\">&nbsp;<\/p>\n<div class=\"preview\">&nbsp;<\/div>\n<p>&nbsp;<\/p>\n","protected":false},"excerpt":{"rendered":"<p>Si t\u00eb m\u00ebsojm\u00eb nx\u00ebn\u00ebsit me nevoja t\u00eb ve\u00e7anta &nbsp; &nbsp; &nbsp;&nbsp;&nbsp; Ka qen\u00eb kjo tema q\u00eb ka mbledhur 50 m\u00ebsues nga Kosova (28) dhe Shqip\u00ebria (22), n\u00eb trajnimin e organizuar nga Kisha Orthodhokse Autoqefale e Shqip\u00ebris\u00eb, n\u00eb datat 6-8 shkurt, n\u00eb qytetin e Durr\u00ebsit. M\u00ebsuesit erdh\u00ebn n\u00eb k\u00ebt\u00eb trajnim nga d\u00ebshira p\u00ebr t\u00eb ndihmuar, menaxhuar dhe kuptuar m\u00eb mir\u00eb ata nx\u00ebn\u00ebs q\u00eb kan\u00eb nevoja t\u00eb<\/p>\n","protected":false},"author":1,"featured_media":1470,"comment_status":"open","ping_status":"open","sticky":false,"template":"","format":"standard","meta":{"_acf_changed":false,"pagelayer_contact_templates":[],"_pagelayer_content":"","inline_featured_image":false,"fifu_image_url":"","fifu_image_alt":"","footnotes":""},"categories":[108],"tags":[139,154,196,212,164,156],"class_list":["post-1469","post","type-post","status-publish","format-standard","has-post-thumbnail","hentry","category-lajme","tag-139","tag-aktivitete","tag-tirane","tag-lajme-d27","tag-trajnime","tag-femijet"],"acf":[],"yoast_head":"<!-- This site is optimized with the Yoast SEO plugin v27.2 - https:\/\/yoast.com\/product\/yoast-seo-wordpress\/ -->\n<title>Trajnim me m\u00ebsues nga Kosova dhe Shqip\u00ebria - Kisha Orthodh\u03bfkse Autoqefale e Shqip\u00ebris\u00eb<\/title>\n<meta name=\"robots\" content=\"index, follow, max-snippet:-1, max-image-preview:large, max-video-preview:-1\" \/>\n<link rel=\"canonical\" href=\"https:\/\/orthodoxalbania.org\/2020\/2015\/02\/17\/trajnim-me-mesues-per-femijet-me-nevoja-te-vecanta\/\" \/>\n<meta property=\"og:locale\" content=\"en_US\" \/>\n<meta property=\"og:type\" content=\"article\" \/>\n<meta property=\"og:title\" content=\"Trajnim me m\u00ebsues nga Kosova dhe Shqip\u00ebria - Kisha Orthodh\u03bfkse Autoqefale e Shqip\u00ebris\u00eb\" \/>\n<meta property=\"og:description\" content=\"Si t\u00eb m\u00ebsojm\u00eb nx\u00ebn\u00ebsit me nevoja t\u00eb ve\u00e7anta &nbsp; &nbsp; &nbsp;&nbsp;&nbsp; Ka qen\u00eb kjo tema q\u00eb ka mbledhur 50 m\u00ebsues nga Kosova (28) dhe Shqip\u00ebria (22), n\u00eb trajnimin e organizuar nga Kisha Orthodhokse Autoqefale e Shqip\u00ebris\u00eb, n\u00eb datat 6-8 shkurt, n\u00eb qytetin e Durr\u00ebsit. M\u00ebsuesit erdh\u00ebn n\u00eb k\u00ebt\u00eb trajnim nga d\u00ebshira p\u00ebr t\u00eb ndihmuar, menaxhuar dhe kuptuar m\u00eb mir\u00eb ata nx\u00ebn\u00ebs q\u00eb kan\u00eb nevoja t\u00eb\" \/>\n<meta property=\"og:url\" content=\"https:\/\/orthodoxalbania.org\/2020\/2015\/02\/17\/trajnim-me-mesues-per-femijet-me-nevoja-te-vecanta\/\" \/>\n<meta property=\"og:site_name\" content=\"Kisha Orthodh\u03bfkse Autoqefale e Shqip\u00ebris\u00eb\" \/>\n<meta property=\"article:publisher\" content=\"https:\/\/www.facebook.com\/koash1991\" \/>\n<meta property=\"article:published_time\" content=\"2015-02-17T10:15:58+00:00\" \/>\n<meta property=\"article:modified_time\" content=\"2020-04-06T20:02:18+00:00\" \/>\n<meta property=\"og:image\" content=\"https:\/\/orthodoxalbania.org\/2020\/wp-content\/uploads\/2020\/04\/DSCN7548%2B-2-.jpg\" \/>\n\t<meta property=\"og:image:width\" content=\"150\" \/>\n\t<meta property=\"og:image:height\" content=\"150\" \/>\n\t<meta property=\"og:image:type\" content=\"image\/jpeg\" \/>\n<meta name=\"author\" content=\"Kisha Orthodhokse\" \/>\n<meta name=\"twitter:card\" content=\"summary_large_image\" \/>\n<meta name=\"twitter:label1\" content=\"Written by\" \/>\n\t<meta name=\"twitter:data1\" content=\"Kisha Orthodhokse\" \/>\n\t<meta name=\"twitter:label2\" content=\"Est. reading time\" \/>\n\t<meta name=\"twitter:data2\" content=\"3 minutes\" \/>\n<script type=\"application\/ld+json\" class=\"yoast-schema-graph\">{\"@context\":\"https:\/\/schema.org\",\"@graph\":[{\"@type\":\"Article\",\"@id\":\"https:\/\/orthodoxalbania.org\/2020\/2015\/02\/17\/trajnim-me-mesues-per-femijet-me-nevoja-te-vecanta\/#article\",\"isPartOf\":{\"@id\":\"https:\/\/orthodoxalbania.org\/2020\/2015\/02\/17\/trajnim-me-mesues-per-femijet-me-nevoja-te-vecanta\/\"},\"author\":{\"name\":\"Kisha Orthodhokse\",\"@id\":\"https:\/\/orthodoxalbania.org\/2020\/#\/schema\/person\/0c387634a7063ac612d7ed9ce71c7e86\"},\"headline\":\"Trajnim me m\u00ebsues nga Kosova dhe Shqip\u00ebria\",\"datePublished\":\"2015-02-17T10:15:58+00:00\",\"dateModified\":\"2020-04-06T20:02:18+00:00\",\"mainEntityOfPage\":{\"@id\":\"https:\/\/orthodoxalbania.org\/2020\/2015\/02\/17\/trajnim-me-mesues-per-femijet-me-nevoja-te-vecanta\/\"},\"wordCount\":579,\"commentCount\":0,\"publisher\":{\"@id\":\"https:\/\/orthodoxalbania.org\/2020\/#organization\"},\"image\":{\"@id\":\"https:\/\/orthodoxalbania.org\/2020\/2015\/02\/17\/trajnim-me-mesues-per-femijet-me-nevoja-te-vecanta\/#primaryimage\"},\"thumbnailUrl\":\"https:\/\/orthodoxalbania.org\/2020\/wp-content\/uploads\/2020\/04\/DSCN7548%2B-2-.jpg\",\"keywords\":[\"2015\",\"Aktivitete\",\"Kryepiskopata Tiran\u00eb\",\"lajme\",\"Trajnime\",\"Zyra e F\u00ebmij\u00ebve\"],\"articleSection\":[\"Lajme\"],\"inLanguage\":\"en-US\"},{\"@type\":\"WebPage\",\"@id\":\"https:\/\/orthodoxalbania.org\/2020\/2015\/02\/17\/trajnim-me-mesues-per-femijet-me-nevoja-te-vecanta\/\",\"url\":\"https:\/\/orthodoxalbania.org\/2020\/2015\/02\/17\/trajnim-me-mesues-per-femijet-me-nevoja-te-vecanta\/\",\"name\":\"Trajnim me m\u00ebsues nga Kosova dhe Shqip\u00ebria - Kisha Orthodh\u03bfkse Autoqefale e Shqip\u00ebris\u00eb\",\"isPartOf\":{\"@id\":\"https:\/\/orthodoxalbania.org\/2020\/#website\"},\"primaryImageOfPage\":{\"@id\":\"https:\/\/orthodoxalbania.org\/2020\/2015\/02\/17\/trajnim-me-mesues-per-femijet-me-nevoja-te-vecanta\/#primaryimage\"},\"image\":{\"@id\":\"https:\/\/orthodoxalbania.org\/2020\/2015\/02\/17\/trajnim-me-mesues-per-femijet-me-nevoja-te-vecanta\/#primaryimage\"},\"thumbnailUrl\":\"https:\/\/orthodoxalbania.org\/2020\/wp-content\/uploads\/2020\/04\/DSCN7548%2B-2-.jpg\",\"datePublished\":\"2015-02-17T10:15:58+00:00\",\"dateModified\":\"2020-04-06T20:02:18+00:00\",\"breadcrumb\":{\"@id\":\"https:\/\/orthodoxalbania.org\/2020\/2015\/02\/17\/trajnim-me-mesues-per-femijet-me-nevoja-te-vecanta\/#breadcrumb\"},\"inLanguage\":\"en-US\",\"potentialAction\":[{\"@type\":\"ReadAction\",\"target\":[\"https:\/\/orthodoxalbania.org\/2020\/2015\/02\/17\/trajnim-me-mesues-per-femijet-me-nevoja-te-vecanta\/\"]}]},{\"@type\":\"ImageObject\",\"inLanguage\":\"en-US\",\"@id\":\"https:\/\/orthodoxalbania.org\/2020\/2015\/02\/17\/trajnim-me-mesues-per-femijet-me-nevoja-te-vecanta\/#primaryimage\",\"url\":\"https:\/\/orthodoxalbania.org\/2020\/wp-content\/uploads\/2020\/04\/DSCN7548%2B-2-.jpg\",\"contentUrl\":\"https:\/\/orthodoxalbania.org\/2020\/wp-content\/uploads\/2020\/04\/DSCN7548%2B-2-.jpg\",\"width\":150,\"height\":150},{\"@type\":\"BreadcrumbList\",\"@id\":\"https:\/\/orthodoxalbania.org\/2020\/2015\/02\/17\/trajnim-me-mesues-per-femijet-me-nevoja-te-vecanta\/#breadcrumb\",\"itemListElement\":[{\"@type\":\"ListItem\",\"position\":1,\"name\":\"Home\",\"item\":\"https:\/\/orthodoxalbania.org\/2020\/\"},{\"@type\":\"ListItem\",\"position\":2,\"name\":\"Trajnim me m\u00ebsues nga Kosova dhe Shqip\u00ebria\"}]},{\"@type\":\"WebSite\",\"@id\":\"https:\/\/orthodoxalbania.org\/2020\/#website\",\"url\":\"https:\/\/orthodoxalbania.org\/2020\/\",\"name\":\"Kisha Orthodh\u03bfkse Autoqefale e Shqip\u00ebris\u00eb\",\"description\":\"Fqja Zyrtare e Kish\u00ebs Orthodhokse Autoqefale e Shqip\u00ebris\u00eb me lajmet edhe informacionet zyrtare p\u00ebr struktur\u00ebn edhe veprimtarin e saj.\",\"publisher\":{\"@id\":\"https:\/\/orthodoxalbania.org\/2020\/#organization\"},\"potentialAction\":[{\"@type\":\"SearchAction\",\"target\":{\"@type\":\"EntryPoint\",\"urlTemplate\":\"https:\/\/orthodoxalbania.org\/2020\/?s={search_term_string}\"},\"query-input\":{\"@type\":\"PropertyValueSpecification\",\"valueRequired\":true,\"valueName\":\"search_term_string\"}}],\"inLanguage\":\"en-US\"},{\"@type\":\"Organization\",\"@id\":\"https:\/\/orthodoxalbania.org\/2020\/#organization\",\"name\":\"Kisha Orthodhokse Autoqefale e Shqip\u00ebris\u00eb\",\"url\":\"https:\/\/orthodoxalbania.org\/2020\/\",\"logo\":{\"@type\":\"ImageObject\",\"inLanguage\":\"en-US\",\"@id\":\"https:\/\/orthodoxalbania.org\/2020\/#\/schema\/logo\/image\/\",\"url\":\"https:\/\/orthodoxalbania.org\/2020\/wp-content\/uploads\/2020\/05\/albania.jpeg\",\"contentUrl\":\"https:\/\/orthodoxalbania.org\/2020\/wp-content\/uploads\/2020\/05\/albania.jpeg\",\"width\":540,\"height\":540,\"caption\":\"Kisha Orthodhokse Autoqefale e Shqip\u00ebris\u00eb\"},\"image\":{\"@id\":\"https:\/\/orthodoxalbania.org\/2020\/#\/schema\/logo\/image\/\"},\"sameAs\":[\"https:\/\/www.facebook.com\/koash1991\"]},{\"@type\":\"Person\",\"@id\":\"https:\/\/orthodoxalbania.org\/2020\/#\/schema\/person\/0c387634a7063ac612d7ed9ce71c7e86\",\"name\":\"Kisha Orthodhokse\",\"image\":{\"@type\":\"ImageObject\",\"inLanguage\":\"en-US\",\"@id\":\"https:\/\/secure.gravatar.com\/avatar\/596e7c417251e30f2fbb9c00e026fce61a695a00e51c889caded71c96cbbdde5?s=96&d=mm&r=g\",\"url\":\"https:\/\/secure.gravatar.com\/avatar\/596e7c417251e30f2fbb9c00e026fce61a695a00e51c889caded71c96cbbdde5?s=96&d=mm&r=g\",\"contentUrl\":\"https:\/\/secure.gravatar.com\/avatar\/596e7c417251e30f2fbb9c00e026fce61a695a00e51c889caded71c96cbbdde5?s=96&d=mm&r=g\",\"caption\":\"Kisha Orthodhokse\"}}]}<\/script>\n<!-- \/ Yoast SEO plugin. -->","yoast_head_json":{"title":"Trajnim me m\u00ebsues nga Kosova dhe Shqip\u00ebria - Kisha Orthodh\u03bfkse Autoqefale e Shqip\u00ebris\u00eb","robots":{"index":"index","follow":"follow","max-snippet":"max-snippet:-1","max-image-preview":"max-image-preview:large","max-video-preview":"max-video-preview:-1"},"canonical":"https:\/\/orthodoxalbania.org\/2020\/2015\/02\/17\/trajnim-me-mesues-per-femijet-me-nevoja-te-vecanta\/","og_locale":"en_US","og_type":"article","og_title":"Trajnim me m\u00ebsues nga Kosova dhe Shqip\u00ebria - Kisha Orthodh\u03bfkse Autoqefale e Shqip\u00ebris\u00eb","og_description":"Si t\u00eb m\u00ebsojm\u00eb nx\u00ebn\u00ebsit me nevoja t\u00eb ve\u00e7anta &nbsp; &nbsp; &nbsp;&nbsp;&nbsp; Ka qen\u00eb kjo tema q\u00eb ka mbledhur 50 m\u00ebsues nga Kosova (28) dhe Shqip\u00ebria (22), n\u00eb trajnimin e organizuar nga Kisha Orthodhokse Autoqefale e Shqip\u00ebris\u00eb, n\u00eb datat 6-8 shkurt, n\u00eb qytetin e Durr\u00ebsit. M\u00ebsuesit erdh\u00ebn n\u00eb k\u00ebt\u00eb trajnim nga d\u00ebshira p\u00ebr t\u00eb ndihmuar, menaxhuar dhe kuptuar m\u00eb mir\u00eb ata nx\u00ebn\u00ebs q\u00eb kan\u00eb nevoja t\u00eb","og_url":"https:\/\/orthodoxalbania.org\/2020\/2015\/02\/17\/trajnim-me-mesues-per-femijet-me-nevoja-te-vecanta\/","og_site_name":"Kisha Orthodh\u03bfkse Autoqefale e Shqip\u00ebris\u00eb","article_publisher":"https:\/\/www.facebook.com\/koash1991","article_published_time":"2015-02-17T10:15:58+00:00","article_modified_time":"2020-04-06T20:02:18+00:00","og_image":[{"width":150,"height":150,"url":"https:\/\/orthodoxalbania.org\/2020\/wp-content\/uploads\/2020\/04\/DSCN7548%2B-2-.jpg","type":"image\/jpeg"}],"author":"Kisha Orthodhokse","twitter_card":"summary_large_image","twitter_misc":{"Written by":"Kisha Orthodhokse","Est. reading time":"3 minutes"},"schema":{"@context":"https:\/\/schema.org","@graph":[{"@type":"Article","@id":"https:\/\/orthodoxalbania.org\/2020\/2015\/02\/17\/trajnim-me-mesues-per-femijet-me-nevoja-te-vecanta\/#article","isPartOf":{"@id":"https:\/\/orthodoxalbania.org\/2020\/2015\/02\/17\/trajnim-me-mesues-per-femijet-me-nevoja-te-vecanta\/"},"author":{"name":"Kisha Orthodhokse","@id":"https:\/\/orthodoxalbania.org\/2020\/#\/schema\/person\/0c387634a7063ac612d7ed9ce71c7e86"},"headline":"Trajnim me m\u00ebsues nga Kosova dhe Shqip\u00ebria","datePublished":"2015-02-17T10:15:58+00:00","dateModified":"2020-04-06T20:02:18+00:00","mainEntityOfPage":{"@id":"https:\/\/orthodoxalbania.org\/2020\/2015\/02\/17\/trajnim-me-mesues-per-femijet-me-nevoja-te-vecanta\/"},"wordCount":579,"commentCount":0,"publisher":{"@id":"https:\/\/orthodoxalbania.org\/2020\/#organization"},"image":{"@id":"https:\/\/orthodoxalbania.org\/2020\/2015\/02\/17\/trajnim-me-mesues-per-femijet-me-nevoja-te-vecanta\/#primaryimage"},"thumbnailUrl":"https:\/\/orthodoxalbania.org\/2020\/wp-content\/uploads\/2020\/04\/DSCN7548%2B-2-.jpg","keywords":["2015","Aktivitete","Kryepiskopata Tiran\u00eb","lajme","Trajnime","Zyra e F\u00ebmij\u00ebve"],"articleSection":["Lajme"],"inLanguage":"en-US"},{"@type":"WebPage","@id":"https:\/\/orthodoxalbania.org\/2020\/2015\/02\/17\/trajnim-me-mesues-per-femijet-me-nevoja-te-vecanta\/","url":"https:\/\/orthodoxalbania.org\/2020\/2015\/02\/17\/trajnim-me-mesues-per-femijet-me-nevoja-te-vecanta\/","name":"Trajnim me m\u00ebsues nga Kosova dhe Shqip\u00ebria - Kisha Orthodh\u03bfkse Autoqefale e Shqip\u00ebris\u00eb","isPartOf":{"@id":"https:\/\/orthodoxalbania.org\/2020\/#website"},"primaryImageOfPage":{"@id":"https:\/\/orthodoxalbania.org\/2020\/2015\/02\/17\/trajnim-me-mesues-per-femijet-me-nevoja-te-vecanta\/#primaryimage"},"image":{"@id":"https:\/\/orthodoxalbania.org\/2020\/2015\/02\/17\/trajnim-me-mesues-per-femijet-me-nevoja-te-vecanta\/#primaryimage"},"thumbnailUrl":"https:\/\/orthodoxalbania.org\/2020\/wp-content\/uploads\/2020\/04\/DSCN7548%2B-2-.jpg","datePublished":"2015-02-17T10:15:58+00:00","dateModified":"2020-04-06T20:02:18+00:00","breadcrumb":{"@id":"https:\/\/orthodoxalbania.org\/2020\/2015\/02\/17\/trajnim-me-mesues-per-femijet-me-nevoja-te-vecanta\/#breadcrumb"},"inLanguage":"en-US","potentialAction":[{"@type":"ReadAction","target":["https:\/\/orthodoxalbania.org\/2020\/2015\/02\/17\/trajnim-me-mesues-per-femijet-me-nevoja-te-vecanta\/"]}]},{"@type":"ImageObject","inLanguage":"en-US","@id":"https:\/\/orthodoxalbania.org\/2020\/2015\/02\/17\/trajnim-me-mesues-per-femijet-me-nevoja-te-vecanta\/#primaryimage","url":"https:\/\/orthodoxalbania.org\/2020\/wp-content\/uploads\/2020\/04\/DSCN7548%2B-2-.jpg","contentUrl":"https:\/\/orthodoxalbania.org\/2020\/wp-content\/uploads\/2020\/04\/DSCN7548%2B-2-.jpg","width":150,"height":150},{"@type":"BreadcrumbList","@id":"https:\/\/orthodoxalbania.org\/2020\/2015\/02\/17\/trajnim-me-mesues-per-femijet-me-nevoja-te-vecanta\/#breadcrumb","itemListElement":[{"@type":"ListItem","position":1,"name":"Home","item":"https:\/\/orthodoxalbania.org\/2020\/"},{"@type":"ListItem","position":2,"name":"Trajnim me m\u00ebsues nga Kosova dhe Shqip\u00ebria"}]},{"@type":"WebSite","@id":"https:\/\/orthodoxalbania.org\/2020\/#website","url":"https:\/\/orthodoxalbania.org\/2020\/","name":"Kisha Orthodh\u03bfkse Autoqefale e Shqip\u00ebris\u00eb","description":"Fqja Zyrtare e Kish\u00ebs Orthodhokse Autoqefale e Shqip\u00ebris\u00eb me lajmet edhe informacionet zyrtare p\u00ebr struktur\u00ebn edhe veprimtarin e saj.","publisher":{"@id":"https:\/\/orthodoxalbania.org\/2020\/#organization"},"potentialAction":[{"@type":"SearchAction","target":{"@type":"EntryPoint","urlTemplate":"https:\/\/orthodoxalbania.org\/2020\/?s={search_term_string}"},"query-input":{"@type":"PropertyValueSpecification","valueRequired":true,"valueName":"search_term_string"}}],"inLanguage":"en-US"},{"@type":"Organization","@id":"https:\/\/orthodoxalbania.org\/2020\/#organization","name":"Kisha Orthodhokse Autoqefale e Shqip\u00ebris\u00eb","url":"https:\/\/orthodoxalbania.org\/2020\/","logo":{"@type":"ImageObject","inLanguage":"en-US","@id":"https:\/\/orthodoxalbania.org\/2020\/#\/schema\/logo\/image\/","url":"https:\/\/orthodoxalbania.org\/2020\/wp-content\/uploads\/2020\/05\/albania.jpeg","contentUrl":"https:\/\/orthodoxalbania.org\/2020\/wp-content\/uploads\/2020\/05\/albania.jpeg","width":540,"height":540,"caption":"Kisha Orthodhokse Autoqefale e Shqip\u00ebris\u00eb"},"image":{"@id":"https:\/\/orthodoxalbania.org\/2020\/#\/schema\/logo\/image\/"},"sameAs":["https:\/\/www.facebook.com\/koash1991"]},{"@type":"Person","@id":"https:\/\/orthodoxalbania.org\/2020\/#\/schema\/person\/0c387634a7063ac612d7ed9ce71c7e86","name":"Kisha Orthodhokse","image":{"@type":"ImageObject","inLanguage":"en-US","@id":"https:\/\/secure.gravatar.com\/avatar\/596e7c417251e30f2fbb9c00e026fce61a695a00e51c889caded71c96cbbdde5?s=96&d=mm&r=g","url":"https:\/\/secure.gravatar.com\/avatar\/596e7c417251e30f2fbb9c00e026fce61a695a00e51c889caded71c96cbbdde5?s=96&d=mm&r=g","contentUrl":"https:\/\/secure.gravatar.com\/avatar\/596e7c417251e30f2fbb9c00e026fce61a695a00e51c889caded71c96cbbdde5?s=96&d=mm&r=g","caption":"Kisha Orthodhokse"}}]}},"_links":{"self":[{"href":"https:\/\/orthodoxalbania.org\/2020\/wp-json\/wp\/v2\/posts\/1469","targetHints":{"allow":["GET"]}}],"collection":[{"href":"https:\/\/orthodoxalbania.org\/2020\/wp-json\/wp\/v2\/posts"}],"about":[{"href":"https:\/\/orthodoxalbania.org\/2020\/wp-json\/wp\/v2\/types\/post"}],"author":[{"embeddable":true,"href":"https:\/\/orthodoxalbania.org\/2020\/wp-json\/wp\/v2\/users\/1"}],"replies":[{"embeddable":true,"href":"https:\/\/orthodoxalbania.org\/2020\/wp-json\/wp\/v2\/comments?post=1469"}],"version-history":[{"count":1,"href":"https:\/\/orthodoxalbania.org\/2020\/wp-json\/wp\/v2\/posts\/1469\/revisions"}],"predecessor-version":[{"id":15030,"href":"https:\/\/orthodoxalbania.org\/2020\/wp-json\/wp\/v2\/posts\/1469\/revisions\/15030"}],"wp:featuredmedia":[{"embeddable":true,"href":"https:\/\/orthodoxalbania.org\/2020\/wp-json\/wp\/v2\/media\/1470"}],"wp:attachment":[{"href":"https:\/\/orthodoxalbania.org\/2020\/wp-json\/wp\/v2\/media?parent=1469"}],"wp:term":[{"taxonomy":"category","embeddable":true,"href":"https:\/\/orthodoxalbania.org\/2020\/wp-json\/wp\/v2\/categories?post=1469"},{"taxonomy":"post_tag","embeddable":true,"href":"https:\/\/orthodoxalbania.org\/2020\/wp-json\/wp\/v2\/tags?post=1469"}],"curies":[{"name":"wp","href":"https:\/\/api.w.org\/{rel}","templated":true}]}}