{"id":1468,"date":"2013-03-21T12:29:54","date_gmt":"2013-03-21T12:29:54","guid":{"rendered":""},"modified":"2020-04-06T22:05:55","modified_gmt":"2020-04-06T20:05:55","slug":"trajnim-i-vecante-me-mesuesit-kosovare-dhe-shqiptare-2012","status":"publish","type":"post","link":"https:\/\/orthodoxalbania.org\/2020\/2013\/03\/21\/trajnim-i-vecante-me-mesuesit-kosovare-dhe-shqiptare-2012\/","title":{"rendered":"Trajnim i Ve\u00e7ant\u00eb me M\u00ebsuesit Kosovar\u00eb dhe Shqiptar\u00eb. (2012)"},"content":{"rendered":"<div class=\"style7\">\n<div><span style=\"color: #000000;\"><span style=\"font-family: tahoma,geneva,sans-serif;\"><span style=\"font-size: 12px;\"><span class=\"style10\"><img decoding=\"async\" class=\"lazyload HAa Eha\" style=\"height: 200px; width: 300px; border-width: 1px; border-style: solid; margin: 10px; float: left;\" alt=\"\" src=\"data:image\/gif;base64,R0lGODlhAQABAAAAACH5BAEKAAEALAAAAAABAAEAAAICTAEAOw==\" data-orig-src=\"https:\/\/lh3.googleusercontent.com\/--09Xu68aH1Q\/VKJkufNPVXI\/AAAAAAAAJyQ\/Tu7Xv4GyqQQ\/w600-h399-no\/_DSC2254_600x399.JPG\" \/>&nbsp;&nbsp;&nbsp; <\/span>M\u00ebsues kosovar\u00eb dhe shqiptar\u00eb u mblodh\u00ebn s\u00eb bashku p\u00ebr t\u00eb ndar\u00eb eksperienc\u00ebn e tyre dhe p\u00ebr t\u00eb m\u00ebsuar m\u00eb tep\u00ebr mbi m\u00ebsimdh\u00ebnien e f\u00ebmij\u00ebve. Tashm\u00eb \u00ebsht\u00eb viti i kat\u00ebrt q\u00eb m\u00ebsues t\u00eb shkollave 9-t\u00eb vje\u00e7are t\u00eb Komun\u00ebs s\u00eb Malishev\u00ebs vijn\u00eb n\u00eb Shqip\u00ebri t\u00eb marrin pjes\u00eb n\u00eb nj\u00eb trajnim mbi m\u00ebsimdh\u00ebnien bashk\u00ebkohore t\u00eb f\u00ebmij\u00ebve. Ky trajnim zhvillohet me bekimin dhe mb\u00ebshtetjen e Kryepiskopit Anastas. K\u00ebta arsimtar\u00eb u japin m\u00ebsim f\u00ebmij\u00ebve t\u00eb shkollave 9-t\u00eb vje\u00e7are t\u00eb k\u00ebsaj komune, n\u00eb t\u00eb cil\u00ebn Kisha Orthodhokse Autoqefale e Shqip\u00ebris\u00eb \u00e7do ver\u00eb zhvillon kampe p\u00ebr f\u00ebmij\u00ebt. Trajnimi u organizua nga Zyra Qendrore e F\u00ebmij\u00ebve e Kish\u00ebs.<\/span><\/span><\/span><\/div>\n<div> <span style=\"color: #000000;\"><span style=\"font-family: tahoma,geneva,sans-serif;\"><span style=\"font-size: 12px;\"><span class=\"style10\"><img decoding=\"async\" class=\"lazyload HAa Eha\" style=\"height: 200px; width: 300px; border-width: 1px; border-style: solid; margin: 10px; float: right;\" alt=\"\" src=\"data:image\/gif;base64,R0lGODlhAQABAAAAACH5BAEKAAEALAAAAAABAAEAAAICTAEAOw==\" data-orig-src=\"https:\/\/lh3.googleusercontent.com\/-RN_fcp3Rs8w\/VKJkug9aJaI\/AAAAAAAAJyU\/LQWSKaVtnmI\/w600-h399-no\/_DSC2256_600x399.JPG\" \/>&nbsp; &nbsp; <\/span>K\u00ebt\u00eb vit trajnimi kishte si tem\u00eb \u201cHistoria dhe kultura e Shqip\u00ebris\u00eb dhe p\u00ebrdorimi i saj n\u00eb arsimin e p\u00ebrgjithsh\u00ebm\u201d. N\u00eb k\u00ebt\u00eb trajnim merrnin pjes\u00eb 25 persona nga t\u00eb cil\u00ebt 18 ishin m\u00ebsues nga Kososva dhe 7 nga Shqip\u00ebria. M\u00ebsuesit nga Shqip\u00ebria ishin pjes\u00eb e kampeve verore n\u00eb Kosov\u00eb p\u00ebrgjat\u00eb ver\u00ebs. Trajnimi u zhvillua n\u00eb form\u00ebn e nj\u00eb vizite n\u00eb vendet historike-kulturore t\u00eb Lushnjes, Beratit dhe Tiran\u00ebs. Trajnuesi ishte Z\u00ebvend\u00ebs-Rektori i Universitetit t\u00eb Nju Jorkut, Tiran\u00eb, Dr Kostantinos Giakoumis. Dit\u00ebn e par\u00eb ai foli mbi p\u00ebrdorimin e&nbsp;historis\u00eb dhe kultur\u00ebs n\u00eb arsimin e p\u00ebrgjithsh\u00ebm. T\u00eb nes\u00ebrmen pjes\u00ebmarr\u00ebsit vizituan muze dhe monumente n\u00eb Lushnje dhe Berat. N\u00eb muzun e Lushnjes shpjegimit u b\u00ebn\u00eb nga Joan \u00c7unga, p\u00ebrfaq\u00ebsues i&nbsp;Arkivit Qendror, i cili foli&nbsp;mbi Ekspozit\u00ebn e Kodik\u00ebve. Vizita u b\u00ebn\u00eb n\u00eb&nbsp;\u201cXhamin\u00eb e Bajezitit II\u201d, Muzeun Etnografik, kalan\u00eb e Beratit, Kish\u00ebn e Sh\u00ebn Nikoll\u00ebs, Muzeun Onufri etj. Shpjegimet p\u00ebrgjat\u00eb k\u00ebtyre vizitave u dhan\u00eb nga Dr. Kostantinos Giakoumis, nga ciceron\u00ebt etj. M\u00ebsuesit shkuan p\u00ebr vizit\u00eb edhe n\u00eb Arkivin e Shtetit. Gjat\u00eb k\u00ebtij trajnimi nuk mungonte edhe puna n\u00eb grup t\u00eb cil\u00ebn arsimtar\u00ebt e shfaq\u00ebn edhe para koleg\u00ebve t\u00eb tyre.<\/span><\/span><\/span><\/div>\n<div> <span style=\"color: #000000;\"><span style=\"font-family: tahoma,geneva,sans-serif;\"><span style=\"font-size: 12px;\"><span class=\"style10\">&nbsp; &nbsp; <\/span>Q\u00ebllimi i k\u00ebtij trajnimi ishte t\u00eb rriste t\u00eb kuptuarit e m\u00ebsuesve mbi organizimin e ekskursioneve. Ata kishin edhe nj\u00eb sesion t\u00eb ve\u00e7ant\u00eb q\u00eb t\u00eb paraqisnin para nj\u00ebri-tjetrit pun\u00ebn p\u00ebr sa u p\u00ebrket vizitave n\u00eb terren. I gjith\u00eb trajnimi ishte nj\u00eb model konkret i asaj se \u00e7far\u00eb m\u00ebsuesit duhet t\u00eb b\u00ebnin me nx\u00ebn\u00ebsit e tyre sa her\u00eb q\u00eb organizonin nj\u00eb ekskursion, n\u00eb m\u00ebnyr\u00eb t\u00eb till\u00eb q\u00eb ato t\u00eb mos ishin thjesht arg\u00ebtuese, por edhe edukative.<\/span><\/span><\/span><\/div>\n<div> <span style=\"color: #000000;\"><span style=\"font-family: tahoma,geneva,sans-serif;\"><span style=\"font-size: 12px;\"><span class=\"style10\">&nbsp; &nbsp; <\/span>Pjes\u00ebmarr\u00ebsit kaluan nj\u00eb fundjav\u00eb mjaft t\u00eb frytshme, duke m\u00ebsuar gj\u00ebra t\u00eb reja dhe t\u00eb r\u00ebnd\u00ebsishme p\u00ebr profesionin e tyre por edhe g\u00ebzuan me shoq\u00ebrin\u00eb e nj\u00ebri-tjetrit. Drejtori i nj\u00ebr\u00ebs prej shkollave 9-t\u00eb vje\u00e7are t\u00eb Komun\u00ebs s\u00eb Malishev\u00ebs, Izet Shala, shprehu fal\u00ebnderimet e tij t\u00eb p\u00ebrzem\u00ebrta p\u00ebr organizmin e k\u00ebtij trajnimi. Shum\u00eb fal\u00ebnderime u dhan\u00eb edhe nga m\u00ebsuesit e tjer\u00eb, t\u00eb cil\u00ebt merrnin pjes\u00eb n\u00eb nj\u00eb trajnim me tematik\u00eb t\u00eb till\u00eb p\u00ebr her\u00eb t\u00eb par\u00eb.<\/span><\/span><\/span><\/div>\n<div>&nbsp;<\/div>\n<div style=\"text-align: right;\"><span style=\"color: #000000;\"><span style=\"font-family: tahoma,geneva,sans-serif;\"><span style=\"font-size: 12px;\"><strong>Ana Meni<\/strong><\/span><\/span><\/span><\/div>\n<div style=\"text-align: right;\">&nbsp;<\/div>\n<div style=\"text-align: left;\">&nbsp;<\/p>\n<table>\n<tbody>\n<tr>\n<td><img decoding=\"async\" class=\"lazyload HAa Eha\" style=\"height: 266px; width: 400px; border-width: 1px; border-style: solid; margin: 10px;\" alt=\"\" src=\"data:image\/gif;base64,R0lGODlhAQABAAAAACH5BAEKAAEALAAAAAABAAEAAAICTAEAOw==\" data-orig-src=\"https:\/\/lh5.googleusercontent.com\/-Zizpq53LOS8\/VKJkuTqNspI\/AAAAAAAAJyY\/_uzRjJZmlWU\/w600-h399-no\/_DSC2257_600x399.JPG\" \/><\/td>\n<\/tr>\n<tr>\n<td><img decoding=\"async\" class=\"lazyload HAa Eha\" style=\"height: 266px; width: 400px; border-width: 1px; border-style: solid; margin: 10px;\" alt=\"\" src=\"data:image\/gif;base64,R0lGODlhAQABAAAAACH5BAEKAAEALAAAAAABAAEAAAICTAEAOw==\" data-orig-src=\"https:\/\/lh3.googleusercontent.com\/-PMUgnlnIJlo\/VKJku0CN7-I\/AAAAAAAAJx4\/iLTbVsTzMjw\/w600-h399-no\/_DSC2286_600x399.JPG\" \/><\/td>\n<\/tr>\n<tr>\n<td><img decoding=\"async\" class=\"lazyload HAa Eha\" style=\"height: 266px; width: 400px; border-width: 1px; border-style: solid; margin: 10px;\" alt=\"\" src=\"data:image\/gif;base64,R0lGODlhAQABAAAAACH5BAEKAAEALAAAAAABAAEAAAICTAEAOw==\" data-orig-src=\"https:\/\/lh3.googleusercontent.com\/-wlh5QSq4vzY\/VKJkvAc44lI\/AAAAAAAAJx8\/E6p_O1DyWvg\/w600-h399-no\/_DSC2418_600x399.JPG\" \/><\/td>\n<\/tr>\n<tr>\n<td><img decoding=\"async\" class=\"lazyload HAa Eha\" style=\"height: 266px; width: 400px; border-width: 1px; border-style: solid; margin: 10px;\" alt=\"\" src=\"data:image\/gif;base64,R0lGODlhAQABAAAAACH5BAEKAAEALAAAAAABAAEAAAICTAEAOw==\" data-orig-src=\"https:\/\/lh5.googleusercontent.com\/-EiMP2D5KM5w\/VKJkvXx90NI\/AAAAAAAAJyM\/oaNIxEaNrq8\/w600-h399-no\/_DSC2451_600x399.JPG\" \/><\/td>\n<\/tr>\n<tr>\n<td><img decoding=\"async\" class=\"lazyload HAa Eha\" style=\"height: 266px; width: 400px; border-width: 1px; border-style: solid; margin: 10px;\" alt=\"\" src=\"data:image\/gif;base64,R0lGODlhAQABAAAAACH5BAEKAAEALAAAAAABAAEAAAICTAEAOw==\" data-orig-src=\"https:\/\/lh5.googleusercontent.com\/-rqUzMb4_8lM\/VKJkvr_wdXI\/AAAAAAAAJyI\/JUDrEuBliUo\/w600-h399-no\/_DSC2452_600x399.JPG\" \/><\/td>\n<\/tr>\n<\/tbody>\n<\/table>\n<\/div>\n<div style=\"text-align: right;\">&nbsp;<\/div>\n<div>&nbsp;<\/div>\n<\/div>\n","protected":false},"excerpt":{"rendered":"<p>&nbsp;&nbsp;&nbsp; M\u00ebsues kosovar\u00eb dhe shqiptar\u00eb u mblodh\u00ebn s\u00eb bashku p\u00ebr t\u00eb ndar\u00eb eksperienc\u00ebn e tyre dhe p\u00ebr t\u00eb m\u00ebsuar m\u00eb tep\u00ebr mbi m\u00ebsimdh\u00ebnien e f\u00ebmij\u00ebve. Tashm\u00eb \u00ebsht\u00eb viti i kat\u00ebrt q\u00eb m\u00ebsues t\u00eb shkollave 9-t\u00eb vje\u00e7are t\u00eb Komun\u00ebs s\u00eb Malishev\u00ebs vijn\u00eb n\u00eb Shqip\u00ebri t\u00eb marrin pjes\u00eb n\u00eb nj\u00eb trajnim mbi m\u00ebsimdh\u00ebnien bashk\u00ebkohore t\u00eb f\u00ebmij\u00ebve. Ky trajnim zhvillohet me bekimin dhe mb\u00ebshtetjen e Kryepiskopit Anastas. K\u00ebta<\/p>\n","protected":false},"author":1,"featured_media":0,"comment_status":"open","ping_status":"open","sticky":false,"template":"","format":"standard","meta":{"_acf_changed":false,"pagelayer_contact_templates":[],"_pagelayer_content":"","inline_featured_image":false,"fifu_image_url":"","fifu_image_alt":"","footnotes":""},"categories":[108],"tags":[142,196,212,164,156],"class_list":["post-1468","post","type-post","status-publish","format-standard","hentry","category-lajme","tag-142","tag-tirane","tag-lajme-d27","tag-trajnime","tag-femijet"],"acf":[],"yoast_head":"<!-- This site is optimized with the Yoast SEO plugin v27.2 - https:\/\/yoast.com\/product\/yoast-seo-wordpress\/ -->\n<title>Trajnim i Ve\u00e7ant\u00eb me M\u00ebsuesit Kosovar\u00eb dhe Shqiptar\u00eb. (2012) - Kisha Orthodh\u03bfkse Autoqefale e Shqip\u00ebris\u00eb<\/title>\n<meta name=\"robots\" content=\"index, follow, max-snippet:-1, max-image-preview:large, max-video-preview:-1\" \/>\n<link rel=\"canonical\" href=\"https:\/\/orthodoxalbania.org\/2020\/2013\/03\/21\/trajnim-i-vecante-me-mesuesit-kosovare-dhe-shqiptare-2012\/\" \/>\n<meta property=\"og:locale\" content=\"en_US\" \/>\n<meta property=\"og:type\" content=\"article\" \/>\n<meta property=\"og:title\" content=\"Trajnim i Ve\u00e7ant\u00eb me M\u00ebsuesit Kosovar\u00eb dhe Shqiptar\u00eb. (2012) - Kisha Orthodh\u03bfkse Autoqefale e Shqip\u00ebris\u00eb\" \/>\n<meta property=\"og:description\" content=\"&nbsp;&nbsp;&nbsp; M\u00ebsues kosovar\u00eb dhe shqiptar\u00eb u mblodh\u00ebn s\u00eb bashku p\u00ebr t\u00eb ndar\u00eb eksperienc\u00ebn e tyre dhe p\u00ebr t\u00eb m\u00ebsuar m\u00eb tep\u00ebr mbi m\u00ebsimdh\u00ebnien e f\u00ebmij\u00ebve. Tashm\u00eb \u00ebsht\u00eb viti i kat\u00ebrt q\u00eb m\u00ebsues t\u00eb shkollave 9-t\u00eb vje\u00e7are t\u00eb Komun\u00ebs s\u00eb Malishev\u00ebs vijn\u00eb n\u00eb Shqip\u00ebri t\u00eb marrin pjes\u00eb n\u00eb nj\u00eb trajnim mbi m\u00ebsimdh\u00ebnien bashk\u00ebkohore t\u00eb f\u00ebmij\u00ebve. Ky trajnim zhvillohet me bekimin dhe mb\u00ebshtetjen e Kryepiskopit Anastas. K\u00ebta\" \/>\n<meta property=\"og:url\" content=\"https:\/\/orthodoxalbania.org\/2020\/2013\/03\/21\/trajnim-i-vecante-me-mesuesit-kosovare-dhe-shqiptare-2012\/\" \/>\n<meta property=\"og:site_name\" content=\"Kisha Orthodh\u03bfkse Autoqefale e Shqip\u00ebris\u00eb\" \/>\n<meta property=\"article:publisher\" content=\"https:\/\/www.facebook.com\/koash1991\" \/>\n<meta property=\"article:published_time\" content=\"2013-03-21T12:29:54+00:00\" \/>\n<meta property=\"article:modified_time\" content=\"2020-04-06T20:05:55+00:00\" \/>\n<meta property=\"og:image\" content=\"https:\/\/lh3.googleusercontent.com\/--09Xu68aH1Q\/VKJkufNPVXI\/AAAAAAAAJyQ\/Tu7Xv4GyqQQ\/w600-h399-no\/_DSC2254_600x399.JPG\" \/>\n<meta name=\"author\" content=\"Kisha Orthodhokse\" \/>\n<meta name=\"twitter:card\" content=\"summary_large_image\" \/>\n<meta name=\"twitter:label1\" content=\"Written by\" \/>\n\t<meta name=\"twitter:data1\" content=\"Kisha Orthodhokse\" \/>\n\t<meta name=\"twitter:label2\" content=\"Est. reading time\" \/>\n\t<meta name=\"twitter:data2\" content=\"3 minutes\" \/>\n<script type=\"application\/ld+json\" class=\"yoast-schema-graph\">{\"@context\":\"https:\/\/schema.org\",\"@graph\":[{\"@type\":\"Article\",\"@id\":\"https:\/\/orthodoxalbania.org\/2020\/2013\/03\/21\/trajnim-i-vecante-me-mesuesit-kosovare-dhe-shqiptare-2012\/#article\",\"isPartOf\":{\"@id\":\"https:\/\/orthodoxalbania.org\/2020\/2013\/03\/21\/trajnim-i-vecante-me-mesuesit-kosovare-dhe-shqiptare-2012\/\"},\"author\":{\"name\":\"Kisha Orthodhokse\",\"@id\":\"https:\/\/orthodoxalbania.org\/2020\/#\/schema\/person\/0c387634a7063ac612d7ed9ce71c7e86\"},\"headline\":\"Trajnim i Ve\u00e7ant\u00eb me M\u00ebsuesit Kosovar\u00eb dhe Shqiptar\u00eb. (2012)\",\"datePublished\":\"2013-03-21T12:29:54+00:00\",\"dateModified\":\"2020-04-06T20:05:55+00:00\",\"mainEntityOfPage\":{\"@id\":\"https:\/\/orthodoxalbania.org\/2020\/2013\/03\/21\/trajnim-i-vecante-me-mesuesit-kosovare-dhe-shqiptare-2012\/\"},\"wordCount\":580,\"commentCount\":0,\"publisher\":{\"@id\":\"https:\/\/orthodoxalbania.org\/2020\/#organization\"},\"image\":{\"@id\":\"https:\/\/orthodoxalbania.org\/2020\/2013\/03\/21\/trajnim-i-vecante-me-mesuesit-kosovare-dhe-shqiptare-2012\/#primaryimage\"},\"thumbnailUrl\":\"https:\/\/lh3.googleusercontent.com\/--09Xu68aH1Q\/VKJkufNPVXI\/AAAAAAAAJyQ\/Tu7Xv4GyqQQ\/w600-h399-no\/_DSC2254_600x399.JPG\",\"keywords\":[\"2012\",\"Kryepiskopata Tiran\u00eb\",\"lajme\",\"Trajnime\",\"Zyra e F\u00ebmij\u00ebve\"],\"articleSection\":[\"Lajme\"],\"inLanguage\":\"en-US\"},{\"@type\":\"WebPage\",\"@id\":\"https:\/\/orthodoxalbania.org\/2020\/2013\/03\/21\/trajnim-i-vecante-me-mesuesit-kosovare-dhe-shqiptare-2012\/\",\"url\":\"https:\/\/orthodoxalbania.org\/2020\/2013\/03\/21\/trajnim-i-vecante-me-mesuesit-kosovare-dhe-shqiptare-2012\/\",\"name\":\"Trajnim i Ve\u00e7ant\u00eb me M\u00ebsuesit Kosovar\u00eb dhe Shqiptar\u00eb. (2012) - Kisha Orthodh\u03bfkse Autoqefale e Shqip\u00ebris\u00eb\",\"isPartOf\":{\"@id\":\"https:\/\/orthodoxalbania.org\/2020\/#website\"},\"primaryImageOfPage\":{\"@id\":\"https:\/\/orthodoxalbania.org\/2020\/2013\/03\/21\/trajnim-i-vecante-me-mesuesit-kosovare-dhe-shqiptare-2012\/#primaryimage\"},\"image\":{\"@id\":\"https:\/\/orthodoxalbania.org\/2020\/2013\/03\/21\/trajnim-i-vecante-me-mesuesit-kosovare-dhe-shqiptare-2012\/#primaryimage\"},\"thumbnailUrl\":\"https:\/\/lh3.googleusercontent.com\/--09Xu68aH1Q\/VKJkufNPVXI\/AAAAAAAAJyQ\/Tu7Xv4GyqQQ\/w600-h399-no\/_DSC2254_600x399.JPG\",\"datePublished\":\"2013-03-21T12:29:54+00:00\",\"dateModified\":\"2020-04-06T20:05:55+00:00\",\"breadcrumb\":{\"@id\":\"https:\/\/orthodoxalbania.org\/2020\/2013\/03\/21\/trajnim-i-vecante-me-mesuesit-kosovare-dhe-shqiptare-2012\/#breadcrumb\"},\"inLanguage\":\"en-US\",\"potentialAction\":[{\"@type\":\"ReadAction\",\"target\":[\"https:\/\/orthodoxalbania.org\/2020\/2013\/03\/21\/trajnim-i-vecante-me-mesuesit-kosovare-dhe-shqiptare-2012\/\"]}]},{\"@type\":\"ImageObject\",\"inLanguage\":\"en-US\",\"@id\":\"https:\/\/orthodoxalbania.org\/2020\/2013\/03\/21\/trajnim-i-vecante-me-mesuesit-kosovare-dhe-shqiptare-2012\/#primaryimage\",\"url\":\"https:\/\/lh3.googleusercontent.com\/--09Xu68aH1Q\/VKJkufNPVXI\/AAAAAAAAJyQ\/Tu7Xv4GyqQQ\/w600-h399-no\/_DSC2254_600x399.JPG\",\"contentUrl\":\"https:\/\/lh3.googleusercontent.com\/--09Xu68aH1Q\/VKJkufNPVXI\/AAAAAAAAJyQ\/Tu7Xv4GyqQQ\/w600-h399-no\/_DSC2254_600x399.JPG\"},{\"@type\":\"BreadcrumbList\",\"@id\":\"https:\/\/orthodoxalbania.org\/2020\/2013\/03\/21\/trajnim-i-vecante-me-mesuesit-kosovare-dhe-shqiptare-2012\/#breadcrumb\",\"itemListElement\":[{\"@type\":\"ListItem\",\"position\":1,\"name\":\"Home\",\"item\":\"https:\/\/orthodoxalbania.org\/2020\/\"},{\"@type\":\"ListItem\",\"position\":2,\"name\":\"Trajnim i Ve\u00e7ant\u00eb me M\u00ebsuesit Kosovar\u00eb dhe Shqiptar\u00eb. (2012)\"}]},{\"@type\":\"WebSite\",\"@id\":\"https:\/\/orthodoxalbania.org\/2020\/#website\",\"url\":\"https:\/\/orthodoxalbania.org\/2020\/\",\"name\":\"Kisha Orthodh\u03bfkse Autoqefale e Shqip\u00ebris\u00eb\",\"description\":\"Fqja Zyrtare e Kish\u00ebs Orthodhokse Autoqefale e Shqip\u00ebris\u00eb me lajmet edhe informacionet zyrtare p\u00ebr struktur\u00ebn edhe veprimtarin e saj.\",\"publisher\":{\"@id\":\"https:\/\/orthodoxalbania.org\/2020\/#organization\"},\"potentialAction\":[{\"@type\":\"SearchAction\",\"target\":{\"@type\":\"EntryPoint\",\"urlTemplate\":\"https:\/\/orthodoxalbania.org\/2020\/?s={search_term_string}\"},\"query-input\":{\"@type\":\"PropertyValueSpecification\",\"valueRequired\":true,\"valueName\":\"search_term_string\"}}],\"inLanguage\":\"en-US\"},{\"@type\":\"Organization\",\"@id\":\"https:\/\/orthodoxalbania.org\/2020\/#organization\",\"name\":\"Kisha Orthodhokse Autoqefale e Shqip\u00ebris\u00eb\",\"url\":\"https:\/\/orthodoxalbania.org\/2020\/\",\"logo\":{\"@type\":\"ImageObject\",\"inLanguage\":\"en-US\",\"@id\":\"https:\/\/orthodoxalbania.org\/2020\/#\/schema\/logo\/image\/\",\"url\":\"https:\/\/orthodoxalbania.org\/2020\/wp-content\/uploads\/2020\/05\/albania.jpeg\",\"contentUrl\":\"https:\/\/orthodoxalbania.org\/2020\/wp-content\/uploads\/2020\/05\/albania.jpeg\",\"width\":540,\"height\":540,\"caption\":\"Kisha Orthodhokse Autoqefale e Shqip\u00ebris\u00eb\"},\"image\":{\"@id\":\"https:\/\/orthodoxalbania.org\/2020\/#\/schema\/logo\/image\/\"},\"sameAs\":[\"https:\/\/www.facebook.com\/koash1991\"]},{\"@type\":\"Person\",\"@id\":\"https:\/\/orthodoxalbania.org\/2020\/#\/schema\/person\/0c387634a7063ac612d7ed9ce71c7e86\",\"name\":\"Kisha Orthodhokse\",\"image\":{\"@type\":\"ImageObject\",\"inLanguage\":\"en-US\",\"@id\":\"https:\/\/secure.gravatar.com\/avatar\/596e7c417251e30f2fbb9c00e026fce61a695a00e51c889caded71c96cbbdde5?s=96&d=mm&r=g\",\"url\":\"https:\/\/secure.gravatar.com\/avatar\/596e7c417251e30f2fbb9c00e026fce61a695a00e51c889caded71c96cbbdde5?s=96&d=mm&r=g\",\"contentUrl\":\"https:\/\/secure.gravatar.com\/avatar\/596e7c417251e30f2fbb9c00e026fce61a695a00e51c889caded71c96cbbdde5?s=96&d=mm&r=g\",\"caption\":\"Kisha Orthodhokse\"}}]}<\/script>\n<!-- \/ Yoast SEO plugin. -->","yoast_head_json":{"title":"Trajnim i Ve\u00e7ant\u00eb me M\u00ebsuesit Kosovar\u00eb dhe Shqiptar\u00eb. (2012) - Kisha Orthodh\u03bfkse Autoqefale e Shqip\u00ebris\u00eb","robots":{"index":"index","follow":"follow","max-snippet":"max-snippet:-1","max-image-preview":"max-image-preview:large","max-video-preview":"max-video-preview:-1"},"canonical":"https:\/\/orthodoxalbania.org\/2020\/2013\/03\/21\/trajnim-i-vecante-me-mesuesit-kosovare-dhe-shqiptare-2012\/","og_locale":"en_US","og_type":"article","og_title":"Trajnim i Ve\u00e7ant\u00eb me M\u00ebsuesit Kosovar\u00eb dhe Shqiptar\u00eb. (2012) - Kisha Orthodh\u03bfkse Autoqefale e Shqip\u00ebris\u00eb","og_description":"&nbsp;&nbsp;&nbsp; M\u00ebsues kosovar\u00eb dhe shqiptar\u00eb u mblodh\u00ebn s\u00eb bashku p\u00ebr t\u00eb ndar\u00eb eksperienc\u00ebn e tyre dhe p\u00ebr t\u00eb m\u00ebsuar m\u00eb tep\u00ebr mbi m\u00ebsimdh\u00ebnien e f\u00ebmij\u00ebve. Tashm\u00eb \u00ebsht\u00eb viti i kat\u00ebrt q\u00eb m\u00ebsues t\u00eb shkollave 9-t\u00eb vje\u00e7are t\u00eb Komun\u00ebs s\u00eb Malishev\u00ebs vijn\u00eb n\u00eb Shqip\u00ebri t\u00eb marrin pjes\u00eb n\u00eb nj\u00eb trajnim mbi m\u00ebsimdh\u00ebnien bashk\u00ebkohore t\u00eb f\u00ebmij\u00ebve. Ky trajnim zhvillohet me bekimin dhe mb\u00ebshtetjen e Kryepiskopit Anastas. K\u00ebta","og_url":"https:\/\/orthodoxalbania.org\/2020\/2013\/03\/21\/trajnim-i-vecante-me-mesuesit-kosovare-dhe-shqiptare-2012\/","og_site_name":"Kisha Orthodh\u03bfkse Autoqefale e Shqip\u00ebris\u00eb","article_publisher":"https:\/\/www.facebook.com\/koash1991","article_published_time":"2013-03-21T12:29:54+00:00","article_modified_time":"2020-04-06T20:05:55+00:00","og_image":[{"url":"https:\/\/lh3.googleusercontent.com\/--09Xu68aH1Q\/VKJkufNPVXI\/AAAAAAAAJyQ\/Tu7Xv4GyqQQ\/w600-h399-no\/_DSC2254_600x399.JPG","type":"","width":"","height":""}],"author":"Kisha Orthodhokse","twitter_card":"summary_large_image","twitter_misc":{"Written by":"Kisha Orthodhokse","Est. reading time":"3 minutes"},"schema":{"@context":"https:\/\/schema.org","@graph":[{"@type":"Article","@id":"https:\/\/orthodoxalbania.org\/2020\/2013\/03\/21\/trajnim-i-vecante-me-mesuesit-kosovare-dhe-shqiptare-2012\/#article","isPartOf":{"@id":"https:\/\/orthodoxalbania.org\/2020\/2013\/03\/21\/trajnim-i-vecante-me-mesuesit-kosovare-dhe-shqiptare-2012\/"},"author":{"name":"Kisha Orthodhokse","@id":"https:\/\/orthodoxalbania.org\/2020\/#\/schema\/person\/0c387634a7063ac612d7ed9ce71c7e86"},"headline":"Trajnim i Ve\u00e7ant\u00eb me M\u00ebsuesit Kosovar\u00eb dhe Shqiptar\u00eb. (2012)","datePublished":"2013-03-21T12:29:54+00:00","dateModified":"2020-04-06T20:05:55+00:00","mainEntityOfPage":{"@id":"https:\/\/orthodoxalbania.org\/2020\/2013\/03\/21\/trajnim-i-vecante-me-mesuesit-kosovare-dhe-shqiptare-2012\/"},"wordCount":580,"commentCount":0,"publisher":{"@id":"https:\/\/orthodoxalbania.org\/2020\/#organization"},"image":{"@id":"https:\/\/orthodoxalbania.org\/2020\/2013\/03\/21\/trajnim-i-vecante-me-mesuesit-kosovare-dhe-shqiptare-2012\/#primaryimage"},"thumbnailUrl":"https:\/\/lh3.googleusercontent.com\/--09Xu68aH1Q\/VKJkufNPVXI\/AAAAAAAAJyQ\/Tu7Xv4GyqQQ\/w600-h399-no\/_DSC2254_600x399.JPG","keywords":["2012","Kryepiskopata Tiran\u00eb","lajme","Trajnime","Zyra e F\u00ebmij\u00ebve"],"articleSection":["Lajme"],"inLanguage":"en-US"},{"@type":"WebPage","@id":"https:\/\/orthodoxalbania.org\/2020\/2013\/03\/21\/trajnim-i-vecante-me-mesuesit-kosovare-dhe-shqiptare-2012\/","url":"https:\/\/orthodoxalbania.org\/2020\/2013\/03\/21\/trajnim-i-vecante-me-mesuesit-kosovare-dhe-shqiptare-2012\/","name":"Trajnim i Ve\u00e7ant\u00eb me M\u00ebsuesit Kosovar\u00eb dhe Shqiptar\u00eb. (2012) - Kisha Orthodh\u03bfkse Autoqefale e Shqip\u00ebris\u00eb","isPartOf":{"@id":"https:\/\/orthodoxalbania.org\/2020\/#website"},"primaryImageOfPage":{"@id":"https:\/\/orthodoxalbania.org\/2020\/2013\/03\/21\/trajnim-i-vecante-me-mesuesit-kosovare-dhe-shqiptare-2012\/#primaryimage"},"image":{"@id":"https:\/\/orthodoxalbania.org\/2020\/2013\/03\/21\/trajnim-i-vecante-me-mesuesit-kosovare-dhe-shqiptare-2012\/#primaryimage"},"thumbnailUrl":"https:\/\/lh3.googleusercontent.com\/--09Xu68aH1Q\/VKJkufNPVXI\/AAAAAAAAJyQ\/Tu7Xv4GyqQQ\/w600-h399-no\/_DSC2254_600x399.JPG","datePublished":"2013-03-21T12:29:54+00:00","dateModified":"2020-04-06T20:05:55+00:00","breadcrumb":{"@id":"https:\/\/orthodoxalbania.org\/2020\/2013\/03\/21\/trajnim-i-vecante-me-mesuesit-kosovare-dhe-shqiptare-2012\/#breadcrumb"},"inLanguage":"en-US","potentialAction":[{"@type":"ReadAction","target":["https:\/\/orthodoxalbania.org\/2020\/2013\/03\/21\/trajnim-i-vecante-me-mesuesit-kosovare-dhe-shqiptare-2012\/"]}]},{"@type":"ImageObject","inLanguage":"en-US","@id":"https:\/\/orthodoxalbania.org\/2020\/2013\/03\/21\/trajnim-i-vecante-me-mesuesit-kosovare-dhe-shqiptare-2012\/#primaryimage","url":"https:\/\/lh3.googleusercontent.com\/--09Xu68aH1Q\/VKJkufNPVXI\/AAAAAAAAJyQ\/Tu7Xv4GyqQQ\/w600-h399-no\/_DSC2254_600x399.JPG","contentUrl":"https:\/\/lh3.googleusercontent.com\/--09Xu68aH1Q\/VKJkufNPVXI\/AAAAAAAAJyQ\/Tu7Xv4GyqQQ\/w600-h399-no\/_DSC2254_600x399.JPG"},{"@type":"BreadcrumbList","@id":"https:\/\/orthodoxalbania.org\/2020\/2013\/03\/21\/trajnim-i-vecante-me-mesuesit-kosovare-dhe-shqiptare-2012\/#breadcrumb","itemListElement":[{"@type":"ListItem","position":1,"name":"Home","item":"https:\/\/orthodoxalbania.org\/2020\/"},{"@type":"ListItem","position":2,"name":"Trajnim i Ve\u00e7ant\u00eb me M\u00ebsuesit Kosovar\u00eb dhe Shqiptar\u00eb. (2012)"}]},{"@type":"WebSite","@id":"https:\/\/orthodoxalbania.org\/2020\/#website","url":"https:\/\/orthodoxalbania.org\/2020\/","name":"Kisha Orthodh\u03bfkse Autoqefale e Shqip\u00ebris\u00eb","description":"Fqja Zyrtare e Kish\u00ebs Orthodhokse Autoqefale e Shqip\u00ebris\u00eb me lajmet edhe informacionet zyrtare p\u00ebr struktur\u00ebn edhe veprimtarin e saj.","publisher":{"@id":"https:\/\/orthodoxalbania.org\/2020\/#organization"},"potentialAction":[{"@type":"SearchAction","target":{"@type":"EntryPoint","urlTemplate":"https:\/\/orthodoxalbania.org\/2020\/?s={search_term_string}"},"query-input":{"@type":"PropertyValueSpecification","valueRequired":true,"valueName":"search_term_string"}}],"inLanguage":"en-US"},{"@type":"Organization","@id":"https:\/\/orthodoxalbania.org\/2020\/#organization","name":"Kisha Orthodhokse Autoqefale e Shqip\u00ebris\u00eb","url":"https:\/\/orthodoxalbania.org\/2020\/","logo":{"@type":"ImageObject","inLanguage":"en-US","@id":"https:\/\/orthodoxalbania.org\/2020\/#\/schema\/logo\/image\/","url":"https:\/\/orthodoxalbania.org\/2020\/wp-content\/uploads\/2020\/05\/albania.jpeg","contentUrl":"https:\/\/orthodoxalbania.org\/2020\/wp-content\/uploads\/2020\/05\/albania.jpeg","width":540,"height":540,"caption":"Kisha Orthodhokse Autoqefale e Shqip\u00ebris\u00eb"},"image":{"@id":"https:\/\/orthodoxalbania.org\/2020\/#\/schema\/logo\/image\/"},"sameAs":["https:\/\/www.facebook.com\/koash1991"]},{"@type":"Person","@id":"https:\/\/orthodoxalbania.org\/2020\/#\/schema\/person\/0c387634a7063ac612d7ed9ce71c7e86","name":"Kisha Orthodhokse","image":{"@type":"ImageObject","inLanguage":"en-US","@id":"https:\/\/secure.gravatar.com\/avatar\/596e7c417251e30f2fbb9c00e026fce61a695a00e51c889caded71c96cbbdde5?s=96&d=mm&r=g","url":"https:\/\/secure.gravatar.com\/avatar\/596e7c417251e30f2fbb9c00e026fce61a695a00e51c889caded71c96cbbdde5?s=96&d=mm&r=g","contentUrl":"https:\/\/secure.gravatar.com\/avatar\/596e7c417251e30f2fbb9c00e026fce61a695a00e51c889caded71c96cbbdde5?s=96&d=mm&r=g","caption":"Kisha Orthodhokse"}}]}},"_links":{"self":[{"href":"https:\/\/orthodoxalbania.org\/2020\/wp-json\/wp\/v2\/posts\/1468","targetHints":{"allow":["GET"]}}],"collection":[{"href":"https:\/\/orthodoxalbania.org\/2020\/wp-json\/wp\/v2\/posts"}],"about":[{"href":"https:\/\/orthodoxalbania.org\/2020\/wp-json\/wp\/v2\/types\/post"}],"author":[{"embeddable":true,"href":"https:\/\/orthodoxalbania.org\/2020\/wp-json\/wp\/v2\/users\/1"}],"replies":[{"embeddable":true,"href":"https:\/\/orthodoxalbania.org\/2020\/wp-json\/wp\/v2\/comments?post=1468"}],"version-history":[{"count":1,"href":"https:\/\/orthodoxalbania.org\/2020\/wp-json\/wp\/v2\/posts\/1468\/revisions"}],"predecessor-version":[{"id":15279,"href":"https:\/\/orthodoxalbania.org\/2020\/wp-json\/wp\/v2\/posts\/1468\/revisions\/15279"}],"wp:attachment":[{"href":"https:\/\/orthodoxalbania.org\/2020\/wp-json\/wp\/v2\/media?parent=1468"}],"wp:term":[{"taxonomy":"category","embeddable":true,"href":"https:\/\/orthodoxalbania.org\/2020\/wp-json\/wp\/v2\/categories?post=1468"},{"taxonomy":"post_tag","embeddable":true,"href":"https:\/\/orthodoxalbania.org\/2020\/wp-json\/wp\/v2\/tags?post=1468"}],"curies":[{"name":"wp","href":"https:\/\/api.w.org\/{rel}","templated":true}]}}