{"id":1466,"date":"2015-02-17T10:15:58","date_gmt":"2015-02-17T10:15:58","guid":{"rendered":""},"modified":"2020-04-13T00:28:05","modified_gmt":"2020-04-12T22:28:05","slug":"training-with-teachers-from-kosovo-and-albania","status":"publish","type":"post","link":"https:\/\/orthodoxalbania.org\/2020\/en\/2015\/02\/17\/training-with-teachers-from-kosovo-and-albania\/","title":{"rendered":"Training with Teachers from Kosovo and Albania"},"content":{"rendered":"<p style=\"text-align: center;\"><span style=\"color: #b22222; font-size: 12pt; font-family: helvetica;\"><\/span><\/p>\n<p> <\/p>\n<p style=\"text-align: center;\"><span style=\"color: #b22222; font-size: 12pt; font-family: helvetica;\"><strong>How to teach students with special needs<\/strong><\/span><\/p>\n<p style=\"text-align: center;\">&nbsp;<\/p>\n<p style=\"text-align: justify;\"><span style=\"font-size: 12pt; font-family: helvetica;\"><\/span><\/p>\n<p style=\"text-align: justify;\"><span style=\"font-family: helvetica; font-size: 12pt;\"><span style=\"color: #000000;\">&nbsp;&nbsp;&nbsp; This was the theme that gathered 50 teachers from Kosovo (28) and Albania (22), in a training organized by the Orthodox Autocephalous Church of Albania, on February 6th to 8th, in the city of Durr\u00ebs. The teachers came to this training with the desire to help, to manage and understand better those students who have special needs. During the training they had the opportunity to become acquainted with autism, ADHD-hyperactivity, the disorder of the loss of the attention, dyslexia, dyscalculia and how these lead to difficulties in learning for the students who are affected.<\/span><\/span><\/p>\n<p style=\"text-align: justify;\"><span style=\"font-family: helvetica; font-size: 12pt;\"><span style=\"color: #000000;\">&nbsp;&nbsp;&nbsp; The trainer, who is a certified special education teacher, Ms. Maureen Thomson, told the teachers what were the causes, types and characteristics of these diseases and how they affect the learning process. The trainer demonstrated techniques and methodologies that the teachers should follow in their classrooms, to manage and assist these students in order to assist and prepare them, not only for the curriculum, but also for life.<\/span><\/span><\/p>\n<p style=\"text-align: justify;\"><span style=\"font-family: helvetica; font-size: 12pt;\"><span style=\"color: #000000;\">&nbsp;&nbsp;&nbsp; One of the teachers said: &#8220;I think everything was important, but especially the knowledge gained about the behavior that we must show to these students and their training for life&#8221;. While another teacher asked the same question, said: &#8220;The best part of the training was the examples of the experience of the trainer and how she acted with these students. For me it was very helpful sharing her personal experience with us&#8221;. Asked if the knowledge gained in this training has served to him, one of the teachers responded: &#8220;I have had cases of children with hyperactivity in my class, and the training helped me because I learned how to work with such students.&#8221;<\/span><\/span><\/p>\n<p style=\"text-align: justify;\"><span style=\"font-family: helvetica; font-size: 12pt;\"><span style=\"color: #000000;\">&nbsp;&nbsp;&nbsp; One such training, organized by our church, where the teachers from Malisheva of Kosovo were invited, has now become a tradition. Teachers who are invited are from the area in which our church organizes summer camps for children. Here&#8217;s what one teacher said for such activities: &#8220;These kinds of trainings must be held in all the schools and with all the teachers, and if possible to be held more often.&#8221;<\/span><\/span><\/p>\n<p style=\"text-align: justify;\"><span style=\"font-family: helvetica; font-size: 12pt;\"><span style=\"color: #000000;\">&nbsp;&nbsp;&nbsp; It is hoped that such activities would be increased even more in the future, so that by improving the capacity of teachers, it will help children reach their full human potential.<\/span><\/span><\/p>\n<p style=\"text-align: justify;\"><span style=\"font-family: helvetica; font-size: 12pt;\"><span style=\"color: #000000;\">&nbsp;&nbsp;&nbsp; On the last day of the training the participants visited the Durr\u00ebs amphitheater, as well as the New Monastery of St. Vlash.<\/span><\/span><\/p>\n<p style=\"text-align: justify;\">&nbsp;<\/p>\n<p style=\"text-align: justify;\"><span style=\"font-size: 12pt; font-family: helvetica;\"><\/span><\/p>\n<p style=\"text-align: justify;\"><span style=\"font-size: 12pt; font-family: helvetica;\"><\/span><\/p>\n<p style=\"text-align: right;\"><span style=\"font-family: helvetica; font-size: 12pt;\"><span style=\"color: #000000;\"><strong>The Central Children\u2019s Office<\/strong><\/span><\/span><\/p>\n<div style=\"text-align: right;\">&nbsp;<\/div>\n<div style=\"text-align: center;\">&nbsp;<\/div>\n<p style=\"text-align: center;\">&nbsp;<\/p>\n<div><img decoding=\"async\" class=\"lazyload HAa Eha\" style=\"border-width: 1px; border-style: solid; margin: 10px auto; display: block;\" alt=\"\" src=\"data:image\/gif;base64,R0lGODlhAQABAAAAACH5BAEKAAEALAAAAAABAAEAAAICTAEAOw==\" data-orig-src=\"https:\/\/lh6.googleusercontent.com\/--GNWpGTVEF4\/VOMT2PioH0I\/AAAAAAAALPU\/d6Zg_eiCaRs\/w958-h636-no\/_DSC6023%2B%282%29.jpg\" \/><\/div>\n<div><img decoding=\"async\" class=\"lazyload HAa Eha\" style=\"border-width: 1px; border-style: solid; margin: 10px auto; display: block;\" alt=\"\" src=\"data:image\/gif;base64,R0lGODlhAQABAAAAACH5BAEKAAEALAAAAAABAAEAAAICTAEAOw==\" data-orig-src=\"https:\/\/lh6.googleusercontent.com\/-TFUjg0wBans\/VOMT42pxyoI\/AAAAAAAALPc\/6NYGLvf7Cdg\/w958-h636-no\/_DSC6077%2B%282%29.jpg\" \/><\/div>\n<div><img decoding=\"async\" class=\"lazyload HAa Eha\" style=\"border-width: 1px; border-style: solid; margin: 10px auto; display: block;\" alt=\"\" src=\"data:image\/gif;base64,R0lGODlhAQABAAAAACH5BAEKAAEALAAAAAABAAEAAAICTAEAOw==\" data-orig-src=\"https:\/\/lh4.googleusercontent.com\/-VLgEIFDjPAc\/VOMT0oB668I\/AAAAAAAALPM\/1o18Vvh26Wk\/w958-h719-no\/DSCN7548%2B%282%29.jpg\" \/><\/div>\n<div><img decoding=\"async\" class=\"lazyload HAa Eha\" style=\"border-width: 1px; border-style: solid; margin: 10px auto; display: block;\" alt=\"\" src=\"data:image\/gif;base64,R0lGODlhAQABAAAAACH5BAEKAAEALAAAAAABAAEAAAICTAEAOw==\" data-orig-src=\"https:\/\/lh6.googleusercontent.com\/-EDtEJ23AlXk\/VOMT0cA9jlI\/AAAAAAAALPI\/7gf8sKyT6qc\/w958-h719-no\/DSCN7571%2B%282%29.jpg\" \/><\/div>\n","protected":false},"excerpt":{"rendered":"<p>How to teach students with special needs &nbsp; &nbsp;&nbsp;&nbsp; This was the theme that gathered 50 teachers from Kosovo (28) and Albania (22), in a training organized by the Orthodox Autocephalous Church of Albania, on February 6th to 8th, in the city of Durr\u00ebs. The teachers came to this training with the desire to help, to manage and understand better those students who have special<\/p>\n","protected":false},"author":7,"featured_media":1467,"comment_status":"open","ping_status":"open","sticky":false,"template":"","format":"standard","meta":{"_acf_changed":false,"pagelayer_contact_templates":[],"_pagelayer_content":"","inline_featured_image":false,"fifu_image_url":"","fifu_image_alt":"","footnotes":""},"categories":[1455,311],"tags":[1149,1185,1862],"class_list":["post-1466","post","type-post","status-publish","format-standard","has-post-thumbnail","hentry","category-news-en","category-news-d25","tag-2015-en","tag-events","tag-trajnime-en"],"acf":[],"yoast_head":"<!-- This site is optimized with the Yoast SEO plugin v27.2 - https:\/\/yoast.com\/product\/yoast-seo-wordpress\/ -->\n<title>Training with Teachers from Kosovo and Albania - Kisha Orthodh\u03bfkse Autoqefale e Shqip\u00ebris\u00eb<\/title>\n<meta name=\"robots\" content=\"index, follow, max-snippet:-1, max-image-preview:large, max-video-preview:-1\" \/>\n<link rel=\"canonical\" href=\"https:\/\/orthodoxalbania.org\/2020\/en\/2015\/02\/17\/training-with-teachers-from-kosovo-and-albania\/\" \/>\n<meta property=\"og:locale\" content=\"en_US\" \/>\n<meta property=\"og:type\" content=\"article\" \/>\n<meta property=\"og:title\" content=\"Training with Teachers from Kosovo and Albania - Kisha Orthodh\u03bfkse Autoqefale e Shqip\u00ebris\u00eb\" \/>\n<meta property=\"og:description\" content=\"How to teach students with special needs &nbsp; &nbsp;&nbsp;&nbsp; This was the theme that gathered 50 teachers from Kosovo (28) and Albania (22), in a training organized by the Orthodox Autocephalous Church of Albania, on February 6th to 8th, in the city of Durr\u00ebs. The teachers came to this training with the desire to help, to manage and understand better those students who have special\" \/>\n<meta property=\"og:url\" content=\"https:\/\/orthodoxalbania.org\/2020\/en\/2015\/02\/17\/training-with-teachers-from-kosovo-and-albania\/\" \/>\n<meta property=\"og:site_name\" content=\"Kisha Orthodh\u03bfkse Autoqefale e Shqip\u00ebris\u00eb\" \/>\n<meta property=\"article:publisher\" content=\"https:\/\/www.facebook.com\/koash1991\" \/>\n<meta property=\"article:published_time\" content=\"2015-02-17T10:15:58+00:00\" \/>\n<meta property=\"article:modified_time\" content=\"2020-04-12T22:28:05+00:00\" \/>\n<meta property=\"og:image\" content=\"https:\/\/orthodoxalbania.org\/2020\/wp-content\/uploads\/2020\/04\/DSCN7548--2-.jpg\" \/>\n\t<meta property=\"og:image:width\" content=\"150\" \/>\n\t<meta property=\"og:image:height\" content=\"150\" \/>\n\t<meta property=\"og:image:type\" content=\"image\/jpeg\" \/>\n<meta name=\"author\" content=\"Kisha Orthodhokse\" \/>\n<meta name=\"twitter:card\" content=\"summary_large_image\" \/>\n<meta name=\"twitter:label1\" content=\"Written by\" \/>\n\t<meta name=\"twitter:data1\" content=\"Kisha Orthodhokse\" \/>\n\t<meta name=\"twitter:label2\" content=\"Est. reading time\" \/>\n\t<meta name=\"twitter:data2\" content=\"2 minutes\" \/>\n<script type=\"application\/ld+json\" class=\"yoast-schema-graph\">{\"@context\":\"https:\/\/schema.org\",\"@graph\":[{\"@type\":\"Article\",\"@id\":\"https:\/\/orthodoxalbania.org\/2020\/en\/2015\/02\/17\/training-with-teachers-from-kosovo-and-albania\/#article\",\"isPartOf\":{\"@id\":\"https:\/\/orthodoxalbania.org\/2020\/en\/2015\/02\/17\/training-with-teachers-from-kosovo-and-albania\/\"},\"author\":{\"name\":\"Kisha Orthodhokse\",\"@id\":\"https:\/\/orthodoxalbania.org\/2020\/#\/schema\/person\/df745f942b70e045b3dc05a30211f0de\"},\"headline\":\"Training with Teachers from Kosovo and Albania\",\"datePublished\":\"2015-02-17T10:15:58+00:00\",\"dateModified\":\"2020-04-12T22:28:05+00:00\",\"mainEntityOfPage\":{\"@id\":\"https:\/\/orthodoxalbania.org\/2020\/en\/2015\/02\/17\/training-with-teachers-from-kosovo-and-albania\/\"},\"wordCount\":440,\"commentCount\":0,\"publisher\":{\"@id\":\"https:\/\/orthodoxalbania.org\/2020\/#organization\"},\"image\":{\"@id\":\"https:\/\/orthodoxalbania.org\/2020\/en\/2015\/02\/17\/training-with-teachers-from-kosovo-and-albania\/#primaryimage\"},\"thumbnailUrl\":\"https:\/\/orthodoxalbania.org\/2020\/wp-content\/uploads\/2020\/04\/DSCN7548--2-.jpg\",\"keywords\":[\"2015\",\"Events\",\"Trajnime\"],\"articleSection\":[\"News - \u0395\u039d\",\"News old page\"],\"inLanguage\":\"en-US\"},{\"@type\":\"WebPage\",\"@id\":\"https:\/\/orthodoxalbania.org\/2020\/en\/2015\/02\/17\/training-with-teachers-from-kosovo-and-albania\/\",\"url\":\"https:\/\/orthodoxalbania.org\/2020\/en\/2015\/02\/17\/training-with-teachers-from-kosovo-and-albania\/\",\"name\":\"Training with Teachers from Kosovo and Albania - Kisha Orthodh\u03bfkse Autoqefale e Shqip\u00ebris\u00eb\",\"isPartOf\":{\"@id\":\"https:\/\/orthodoxalbania.org\/2020\/#website\"},\"primaryImageOfPage\":{\"@id\":\"https:\/\/orthodoxalbania.org\/2020\/en\/2015\/02\/17\/training-with-teachers-from-kosovo-and-albania\/#primaryimage\"},\"image\":{\"@id\":\"https:\/\/orthodoxalbania.org\/2020\/en\/2015\/02\/17\/training-with-teachers-from-kosovo-and-albania\/#primaryimage\"},\"thumbnailUrl\":\"https:\/\/orthodoxalbania.org\/2020\/wp-content\/uploads\/2020\/04\/DSCN7548--2-.jpg\",\"datePublished\":\"2015-02-17T10:15:58+00:00\",\"dateModified\":\"2020-04-12T22:28:05+00:00\",\"breadcrumb\":{\"@id\":\"https:\/\/orthodoxalbania.org\/2020\/en\/2015\/02\/17\/training-with-teachers-from-kosovo-and-albania\/#breadcrumb\"},\"inLanguage\":\"en-US\",\"potentialAction\":[{\"@type\":\"ReadAction\",\"target\":[\"https:\/\/orthodoxalbania.org\/2020\/en\/2015\/02\/17\/training-with-teachers-from-kosovo-and-albania\/\"]}]},{\"@type\":\"ImageObject\",\"inLanguage\":\"en-US\",\"@id\":\"https:\/\/orthodoxalbania.org\/2020\/en\/2015\/02\/17\/training-with-teachers-from-kosovo-and-albania\/#primaryimage\",\"url\":\"https:\/\/orthodoxalbania.org\/2020\/wp-content\/uploads\/2020\/04\/DSCN7548--2-.jpg\",\"contentUrl\":\"https:\/\/orthodoxalbania.org\/2020\/wp-content\/uploads\/2020\/04\/DSCN7548--2-.jpg\",\"width\":150,\"height\":150},{\"@type\":\"BreadcrumbList\",\"@id\":\"https:\/\/orthodoxalbania.org\/2020\/en\/2015\/02\/17\/training-with-teachers-from-kosovo-and-albania\/#breadcrumb\",\"itemListElement\":[{\"@type\":\"ListItem\",\"position\":1,\"name\":\"Home\",\"item\":\"https:\/\/orthodoxalbania.org\/2020\/\"},{\"@type\":\"ListItem\",\"position\":2,\"name\":\"Training with Teachers from Kosovo and Albania\"}]},{\"@type\":\"WebSite\",\"@id\":\"https:\/\/orthodoxalbania.org\/2020\/#website\",\"url\":\"https:\/\/orthodoxalbania.org\/2020\/\",\"name\":\"Kisha Orthodh\u03bfkse Autoqefale e Shqip\u00ebris\u00eb\",\"description\":\"Fqja Zyrtare e Kish\u00ebs Orthodhokse Autoqefale e Shqip\u00ebris\u00eb me lajmet edhe informacionet zyrtare p\u00ebr struktur\u00ebn edhe veprimtarin e saj.\",\"publisher\":{\"@id\":\"https:\/\/orthodoxalbania.org\/2020\/#organization\"},\"potentialAction\":[{\"@type\":\"SearchAction\",\"target\":{\"@type\":\"EntryPoint\",\"urlTemplate\":\"https:\/\/orthodoxalbania.org\/2020\/?s={search_term_string}\"},\"query-input\":{\"@type\":\"PropertyValueSpecification\",\"valueRequired\":true,\"valueName\":\"search_term_string\"}}],\"inLanguage\":\"en-US\"},{\"@type\":\"Organization\",\"@id\":\"https:\/\/orthodoxalbania.org\/2020\/#organization\",\"name\":\"Kisha Orthodhokse Autoqefale e Shqip\u00ebris\u00eb\",\"url\":\"https:\/\/orthodoxalbania.org\/2020\/\",\"logo\":{\"@type\":\"ImageObject\",\"inLanguage\":\"en-US\",\"@id\":\"https:\/\/orthodoxalbania.org\/2020\/#\/schema\/logo\/image\/\",\"url\":\"https:\/\/orthodoxalbania.org\/2020\/wp-content\/uploads\/2020\/05\/albania.jpeg\",\"contentUrl\":\"https:\/\/orthodoxalbania.org\/2020\/wp-content\/uploads\/2020\/05\/albania.jpeg\",\"width\":540,\"height\":540,\"caption\":\"Kisha Orthodhokse Autoqefale e Shqip\u00ebris\u00eb\"},\"image\":{\"@id\":\"https:\/\/orthodoxalbania.org\/2020\/#\/schema\/logo\/image\/\"},\"sameAs\":[\"https:\/\/www.facebook.com\/koash1991\"]},{\"@type\":\"Person\",\"@id\":\"https:\/\/orthodoxalbania.org\/2020\/#\/schema\/person\/df745f942b70e045b3dc05a30211f0de\",\"name\":\"Kisha Orthodhokse\",\"image\":{\"@type\":\"ImageObject\",\"inLanguage\":\"en-US\",\"@id\":\"https:\/\/secure.gravatar.com\/avatar\/2676eb8d97178435c9f691a7871595a1da6c33542dec218bce40885573150e28?s=96&d=mm&r=g\",\"url\":\"https:\/\/secure.gravatar.com\/avatar\/2676eb8d97178435c9f691a7871595a1da6c33542dec218bce40885573150e28?s=96&d=mm&r=g\",\"contentUrl\":\"https:\/\/secure.gravatar.com\/avatar\/2676eb8d97178435c9f691a7871595a1da6c33542dec218bce40885573150e28?s=96&d=mm&r=g\",\"caption\":\"Kisha Orthodhokse\"}}]}<\/script>\n<!-- \/ Yoast SEO plugin. -->","yoast_head_json":{"title":"Training with Teachers from Kosovo and Albania - Kisha Orthodh\u03bfkse Autoqefale e Shqip\u00ebris\u00eb","robots":{"index":"index","follow":"follow","max-snippet":"max-snippet:-1","max-image-preview":"max-image-preview:large","max-video-preview":"max-video-preview:-1"},"canonical":"https:\/\/orthodoxalbania.org\/2020\/en\/2015\/02\/17\/training-with-teachers-from-kosovo-and-albania\/","og_locale":"en_US","og_type":"article","og_title":"Training with Teachers from Kosovo and Albania - Kisha Orthodh\u03bfkse Autoqefale e Shqip\u00ebris\u00eb","og_description":"How to teach students with special needs &nbsp; &nbsp;&nbsp;&nbsp; This was the theme that gathered 50 teachers from Kosovo (28) and Albania (22), in a training organized by the Orthodox Autocephalous Church of Albania, on February 6th to 8th, in the city of Durr\u00ebs. The teachers came to this training with the desire to help, to manage and understand better those students who have special","og_url":"https:\/\/orthodoxalbania.org\/2020\/en\/2015\/02\/17\/training-with-teachers-from-kosovo-and-albania\/","og_site_name":"Kisha Orthodh\u03bfkse Autoqefale e Shqip\u00ebris\u00eb","article_publisher":"https:\/\/www.facebook.com\/koash1991","article_published_time":"2015-02-17T10:15:58+00:00","article_modified_time":"2020-04-12T22:28:05+00:00","og_image":[{"width":150,"height":150,"url":"https:\/\/orthodoxalbania.org\/2020\/wp-content\/uploads\/2020\/04\/DSCN7548--2-.jpg","type":"image\/jpeg"}],"author":"Kisha Orthodhokse","twitter_card":"summary_large_image","twitter_misc":{"Written by":"Kisha Orthodhokse","Est. reading time":"2 minutes"},"schema":{"@context":"https:\/\/schema.org","@graph":[{"@type":"Article","@id":"https:\/\/orthodoxalbania.org\/2020\/en\/2015\/02\/17\/training-with-teachers-from-kosovo-and-albania\/#article","isPartOf":{"@id":"https:\/\/orthodoxalbania.org\/2020\/en\/2015\/02\/17\/training-with-teachers-from-kosovo-and-albania\/"},"author":{"name":"Kisha Orthodhokse","@id":"https:\/\/orthodoxalbania.org\/2020\/#\/schema\/person\/df745f942b70e045b3dc05a30211f0de"},"headline":"Training with Teachers from Kosovo and Albania","datePublished":"2015-02-17T10:15:58+00:00","dateModified":"2020-04-12T22:28:05+00:00","mainEntityOfPage":{"@id":"https:\/\/orthodoxalbania.org\/2020\/en\/2015\/02\/17\/training-with-teachers-from-kosovo-and-albania\/"},"wordCount":440,"commentCount":0,"publisher":{"@id":"https:\/\/orthodoxalbania.org\/2020\/#organization"},"image":{"@id":"https:\/\/orthodoxalbania.org\/2020\/en\/2015\/02\/17\/training-with-teachers-from-kosovo-and-albania\/#primaryimage"},"thumbnailUrl":"https:\/\/orthodoxalbania.org\/2020\/wp-content\/uploads\/2020\/04\/DSCN7548--2-.jpg","keywords":["2015","Events","Trajnime"],"articleSection":["News - \u0395\u039d","News old page"],"inLanguage":"en-US"},{"@type":"WebPage","@id":"https:\/\/orthodoxalbania.org\/2020\/en\/2015\/02\/17\/training-with-teachers-from-kosovo-and-albania\/","url":"https:\/\/orthodoxalbania.org\/2020\/en\/2015\/02\/17\/training-with-teachers-from-kosovo-and-albania\/","name":"Training with Teachers from Kosovo and Albania - Kisha Orthodh\u03bfkse Autoqefale e Shqip\u00ebris\u00eb","isPartOf":{"@id":"https:\/\/orthodoxalbania.org\/2020\/#website"},"primaryImageOfPage":{"@id":"https:\/\/orthodoxalbania.org\/2020\/en\/2015\/02\/17\/training-with-teachers-from-kosovo-and-albania\/#primaryimage"},"image":{"@id":"https:\/\/orthodoxalbania.org\/2020\/en\/2015\/02\/17\/training-with-teachers-from-kosovo-and-albania\/#primaryimage"},"thumbnailUrl":"https:\/\/orthodoxalbania.org\/2020\/wp-content\/uploads\/2020\/04\/DSCN7548--2-.jpg","datePublished":"2015-02-17T10:15:58+00:00","dateModified":"2020-04-12T22:28:05+00:00","breadcrumb":{"@id":"https:\/\/orthodoxalbania.org\/2020\/en\/2015\/02\/17\/training-with-teachers-from-kosovo-and-albania\/#breadcrumb"},"inLanguage":"en-US","potentialAction":[{"@type":"ReadAction","target":["https:\/\/orthodoxalbania.org\/2020\/en\/2015\/02\/17\/training-with-teachers-from-kosovo-and-albania\/"]}]},{"@type":"ImageObject","inLanguage":"en-US","@id":"https:\/\/orthodoxalbania.org\/2020\/en\/2015\/02\/17\/training-with-teachers-from-kosovo-and-albania\/#primaryimage","url":"https:\/\/orthodoxalbania.org\/2020\/wp-content\/uploads\/2020\/04\/DSCN7548--2-.jpg","contentUrl":"https:\/\/orthodoxalbania.org\/2020\/wp-content\/uploads\/2020\/04\/DSCN7548--2-.jpg","width":150,"height":150},{"@type":"BreadcrumbList","@id":"https:\/\/orthodoxalbania.org\/2020\/en\/2015\/02\/17\/training-with-teachers-from-kosovo-and-albania\/#breadcrumb","itemListElement":[{"@type":"ListItem","position":1,"name":"Home","item":"https:\/\/orthodoxalbania.org\/2020\/"},{"@type":"ListItem","position":2,"name":"Training with Teachers from Kosovo and Albania"}]},{"@type":"WebSite","@id":"https:\/\/orthodoxalbania.org\/2020\/#website","url":"https:\/\/orthodoxalbania.org\/2020\/","name":"Kisha Orthodh\u03bfkse Autoqefale e Shqip\u00ebris\u00eb","description":"Fqja Zyrtare e Kish\u00ebs Orthodhokse Autoqefale e Shqip\u00ebris\u00eb me lajmet edhe informacionet zyrtare p\u00ebr struktur\u00ebn edhe veprimtarin e saj.","publisher":{"@id":"https:\/\/orthodoxalbania.org\/2020\/#organization"},"potentialAction":[{"@type":"SearchAction","target":{"@type":"EntryPoint","urlTemplate":"https:\/\/orthodoxalbania.org\/2020\/?s={search_term_string}"},"query-input":{"@type":"PropertyValueSpecification","valueRequired":true,"valueName":"search_term_string"}}],"inLanguage":"en-US"},{"@type":"Organization","@id":"https:\/\/orthodoxalbania.org\/2020\/#organization","name":"Kisha Orthodhokse Autoqefale e Shqip\u00ebris\u00eb","url":"https:\/\/orthodoxalbania.org\/2020\/","logo":{"@type":"ImageObject","inLanguage":"en-US","@id":"https:\/\/orthodoxalbania.org\/2020\/#\/schema\/logo\/image\/","url":"https:\/\/orthodoxalbania.org\/2020\/wp-content\/uploads\/2020\/05\/albania.jpeg","contentUrl":"https:\/\/orthodoxalbania.org\/2020\/wp-content\/uploads\/2020\/05\/albania.jpeg","width":540,"height":540,"caption":"Kisha Orthodhokse Autoqefale e Shqip\u00ebris\u00eb"},"image":{"@id":"https:\/\/orthodoxalbania.org\/2020\/#\/schema\/logo\/image\/"},"sameAs":["https:\/\/www.facebook.com\/koash1991"]},{"@type":"Person","@id":"https:\/\/orthodoxalbania.org\/2020\/#\/schema\/person\/df745f942b70e045b3dc05a30211f0de","name":"Kisha Orthodhokse","image":{"@type":"ImageObject","inLanguage":"en-US","@id":"https:\/\/secure.gravatar.com\/avatar\/2676eb8d97178435c9f691a7871595a1da6c33542dec218bce40885573150e28?s=96&d=mm&r=g","url":"https:\/\/secure.gravatar.com\/avatar\/2676eb8d97178435c9f691a7871595a1da6c33542dec218bce40885573150e28?s=96&d=mm&r=g","contentUrl":"https:\/\/secure.gravatar.com\/avatar\/2676eb8d97178435c9f691a7871595a1da6c33542dec218bce40885573150e28?s=96&d=mm&r=g","caption":"Kisha Orthodhokse"}}]}},"_links":{"self":[{"href":"https:\/\/orthodoxalbania.org\/2020\/wp-json\/wp\/v2\/posts\/1466","targetHints":{"allow":["GET"]}}],"collection":[{"href":"https:\/\/orthodoxalbania.org\/2020\/wp-json\/wp\/v2\/posts"}],"about":[{"href":"https:\/\/orthodoxalbania.org\/2020\/wp-json\/wp\/v2\/types\/post"}],"author":[{"embeddable":true,"href":"https:\/\/orthodoxalbania.org\/2020\/wp-json\/wp\/v2\/users\/7"}],"replies":[{"embeddable":true,"href":"https:\/\/orthodoxalbania.org\/2020\/wp-json\/wp\/v2\/comments?post=1466"}],"version-history":[{"count":1,"href":"https:\/\/orthodoxalbania.org\/2020\/wp-json\/wp\/v2\/posts\/1466\/revisions"}],"predecessor-version":[{"id":17442,"href":"https:\/\/orthodoxalbania.org\/2020\/wp-json\/wp\/v2\/posts\/1466\/revisions\/17442"}],"wp:featuredmedia":[{"embeddable":true,"href":"https:\/\/orthodoxalbania.org\/2020\/wp-json\/wp\/v2\/media\/1467"}],"wp:attachment":[{"href":"https:\/\/orthodoxalbania.org\/2020\/wp-json\/wp\/v2\/media?parent=1466"}],"wp:term":[{"taxonomy":"category","embeddable":true,"href":"https:\/\/orthodoxalbania.org\/2020\/wp-json\/wp\/v2\/categories?post=1466"},{"taxonomy":"post_tag","embeddable":true,"href":"https:\/\/orthodoxalbania.org\/2020\/wp-json\/wp\/v2\/tags?post=1466"}],"curies":[{"name":"wp","href":"https:\/\/api.w.org\/{rel}","templated":true}]}}