{"id":1465,"date":"2013-03-21T09:07:21","date_gmt":"2013-03-21T09:07:21","guid":{"rendered":""},"modified":"2020-04-06T22:32:11","modified_gmt":"2020-04-06T20:32:11","slug":"tradite-e-vecante-e-ujit-te-bekuar-ne-mitropoline-e-korces","status":"publish","type":"post","link":"https:\/\/orthodoxalbania.org\/2020\/2013\/03\/21\/tradite-e-vecante-e-ujit-te-bekuar-ne-mitropoline-e-korces\/","title":{"rendered":"Tradit\u00eb e ve\u00e7ant\u00eb e Ujit t\u00eb Bekuar n\u00eb Mitropolin\u00eb e Kor\u00e7\u00ebs. (6 Janar 2011)"},"content":{"rendered":"<div style=\"text-align: justify;\">\n\t<span style=\"color:#000000;\"><span style=\"font-family: tahoma,geneva,sans-serif;\"><span style=\"font-size: 12px;\">&nbsp; &nbsp; Uji i bekuar u festua edhe n\u00eb Mitropolin\u00eb e Kor\u00e7\u00ebs me bukurin\u00eb dhe madh\u00ebshtin\u00eb e ceremonive q\u00eb shoq\u00ebrojn\u00eb k\u00ebt\u00eb dit\u00eb. Me qindra besimtar\u00eb mor\u00ebn pjes\u00eb m\u00eb 6 janar n\u00eb fest\u00ebn e Ujit t\u00eb bekuar. Sh\u00ebrbesa e M\u00ebngjesores filloi n\u00eb or\u00ebn 7:30, duke vazhduar me Liturgjin\u00eb Hyjnore dhe m\u00eb tej me Sh\u00ebrbes\u00ebn e Ujit t\u00eb bekuar. Sh\u00ebrbesat u kryesuan nga Mitropoliti i Kor\u00e7\u00ebs, Hir\u00ebsi Joani. Pas p\u00ebrfundimit t\u00eb sh\u00ebrbesave, sipas nj\u00eb tradite t\u00eb vjet\u00ebr t\u00eb k\u00ebsaj zone, u zhvillua ankandi i ikonave. \u00c7do besimtar, n\u00eb m\u00ebnyr\u00eb simbolike merr nj\u00eb ikon\u00eb p\u00ebr nj\u00eb periudh\u00eb 40 ditore dhe m\u00eb pas e rikthen at\u00eb n\u00eb kish\u00eb kundrejt nj\u00eb kontributi t\u00eb hollash.Hedhja e Kryqit n\u00eb uj\u00eb ishte nj\u00eb bekim p\u00ebr t\u00eb gjith\u00eb besimtar\u00ebt, disa prej t\u00eb cil\u00ebve sfiduan edhe uj\u00ebrat e ftohta p\u00ebr ta kapur at\u00eb. Pas k\u00ebsaj ceremonie, klerik\u00ebt e Kor\u00e7\u00ebs u shp\u00ebrndan\u00eb n\u00ebp\u00ebr fshatrat p\u00ebr t\u00eb kryer k\u00ebt\u00eb ceremoni edhe te banor\u00ebt e k\u00ebtyre zonave.<\/span><\/span><\/span><\/div>\n<div style=\"text-align: justify;\">\n\t<br \/>\n\t<span style=\"color:#000000;\"><span style=\"font-family: tahoma,geneva,sans-serif;\"><span style=\"font-size: 12px;\">&nbsp;&nbsp;&nbsp; Rreth or\u00ebs 12.00, n\u00eb Katedralen \u201cNgjallja e Krishtit\u201d mb\u00ebrriti Mitropoliti i Kor\u00e7\u00ebs, Imzot Joani. I gjith\u00eb populli orthodhoks, me ikona n\u00eb duar, kishte dal\u00eb n\u00eb breg t\u00eb liqenit. Imzot Joani hodhi ujin e bekuar n\u00eb liqen dhe sp\u00ebrkati me borzilok popullin. M\u00eb pas, ai hodhi kryqin nga lindja e liqenit dhe disa djem, pavar\u00ebsisht temperatur\u00ebs s\u00eb ul\u00ebt u kredh\u00ebn n\u00eb uj\u00eb p\u00ebr t\u00eb kapur kryqin. I riu 18 vje\u00e7ar, Nikolla Petrit Gjika, kapi kryqin dhe u pasi e puthi u drejtua p\u00ebr tek Mitropoliti p\u00ebr t\u00eb marr\u00eb bekimin, nd\u00ebrsa i gjith\u00eb populli k\u00ebndoi troparin: \u201cSa u pag\u00ebzuam me Krishtin, me Krishtin u vesh\u00ebm\u2026\u201d.&nbsp;<\/span><\/span><\/span><\/div>\n<div style=\"text-align: justify;\">\n\t<br \/>\n\t<span style=\"color:#000000;\"><span style=\"font-family: tahoma,geneva,sans-serif;\"><span style=\"font-size: 12px;\">&nbsp;&nbsp;&nbsp; Besimtar\u00ebt uruan nj\u00ebri-tjetrin p\u00ebr k\u00ebt\u00eb dit\u00eb kaq t\u00eb bekuar, q\u00eb Per\u00ebndia i ka falur popullit t\u00eb tij. Si bekim t\u00eb k\u00ebsaj dite besimtar\u00ebt mor\u00ebn me vete me shum\u00eb shpres\u00ebtari dhurat\u00ebn e ve\u00e7ant\u00eb t\u00eb k\u00ebsaj dite, ujin e bekuar p\u00ebr bekim n\u00eb familjet e tyre. <\/span><\/span><\/span><\/div>\n<div style=\"text-align: justify;\">\n\t&nbsp;<\/div>\n<div class=\"style10\" style=\"text-align: right;\">\n\t<span style=\"color:#000000;\"><span style=\"font-family: tahoma,geneva,sans-serif;\"><span style=\"font-size: 12px;\"><strong>At Ilia Kotnani, Vasil Jovan<\/strong><\/span><\/span><\/span><\/div>\n","protected":false},"excerpt":{"rendered":"<p>&nbsp; &nbsp; Uji i bekuar u festua edhe n\u00eb Mitropolin\u00eb e Kor\u00e7\u00ebs me bukurin\u00eb dhe madh\u00ebshtin\u00eb e ceremonive q\u00eb shoq\u00ebrojn\u00eb k\u00ebt\u00eb dit\u00eb. Me qindra besimtar\u00eb mor\u00ebn pjes\u00eb m\u00eb 6 janar n\u00eb fest\u00ebn e Ujit t\u00eb bekuar. Sh\u00ebrbesa e M\u00ebngjesores filloi n\u00eb or\u00ebn 7:30, duke vazhduar me Liturgjin\u00eb Hyjnore dhe m\u00eb tej me Sh\u00ebrbes\u00ebn e Ujit t\u00eb bekuar. Sh\u00ebrbesat u kryesuan nga Mitropoliti i Kor\u00e7\u00ebs, Hir\u00ebsi<\/p>\n","protected":false},"author":1,"featured_media":0,"comment_status":"open","ping_status":"open","sticky":false,"template":"","format":"standard","meta":{"_acf_changed":false,"pagelayer_contact_templates":[],"_pagelayer_content":"","inline_featured_image":false,"fifu_image_url":"","fifu_image_alt":"","footnotes":""},"categories":[108],"tags":[143,157,212,181,193],"class_list":["post-1465","post","type-post","status-publish","format-standard","hentry","category-lajme","tag-143","tag-kremtime","tag-lajme-d27","tag-korce","tag-uji-i-bekuar"],"acf":[],"yoast_head":"<!-- This site is optimized with the Yoast SEO plugin v27.2 - https:\/\/yoast.com\/product\/yoast-seo-wordpress\/ -->\n<title>Tradit\u00eb e ve\u00e7ant\u00eb e Ujit t\u00eb Bekuar n\u00eb Mitropolin\u00eb e Kor\u00e7\u00ebs. (6 Janar 2011) - Kisha Orthodh\u03bfkse Autoqefale e Shqip\u00ebris\u00eb<\/title>\n<meta name=\"robots\" content=\"index, follow, max-snippet:-1, max-image-preview:large, max-video-preview:-1\" \/>\n<link rel=\"canonical\" href=\"https:\/\/orthodoxalbania.org\/2020\/2013\/03\/21\/tradite-e-vecante-e-ujit-te-bekuar-ne-mitropoline-e-korces\/\" \/>\n<meta property=\"og:locale\" content=\"en_US\" \/>\n<meta property=\"og:type\" content=\"article\" \/>\n<meta property=\"og:title\" content=\"Tradit\u00eb e ve\u00e7ant\u00eb e Ujit t\u00eb Bekuar n\u00eb Mitropolin\u00eb e Kor\u00e7\u00ebs. (6 Janar 2011) - Kisha Orthodh\u03bfkse Autoqefale e Shqip\u00ebris\u00eb\" \/>\n<meta property=\"og:description\" content=\"&nbsp; &nbsp; Uji i bekuar u festua edhe n\u00eb Mitropolin\u00eb e Kor\u00e7\u00ebs me bukurin\u00eb dhe madh\u00ebshtin\u00eb e ceremonive q\u00eb shoq\u00ebrojn\u00eb k\u00ebt\u00eb dit\u00eb. Me qindra besimtar\u00eb mor\u00ebn pjes\u00eb m\u00eb 6 janar n\u00eb fest\u00ebn e Ujit t\u00eb bekuar. Sh\u00ebrbesa e M\u00ebngjesores filloi n\u00eb or\u00ebn 7:30, duke vazhduar me Liturgjin\u00eb Hyjnore dhe m\u00eb tej me Sh\u00ebrbes\u00ebn e Ujit t\u00eb bekuar. Sh\u00ebrbesat u kryesuan nga Mitropoliti i Kor\u00e7\u00ebs, Hir\u00ebsi\" \/>\n<meta property=\"og:url\" content=\"https:\/\/orthodoxalbania.org\/2020\/2013\/03\/21\/tradite-e-vecante-e-ujit-te-bekuar-ne-mitropoline-e-korces\/\" \/>\n<meta property=\"og:site_name\" content=\"Kisha Orthodh\u03bfkse Autoqefale e Shqip\u00ebris\u00eb\" \/>\n<meta property=\"article:publisher\" content=\"https:\/\/www.facebook.com\/koash1991\" \/>\n<meta property=\"article:published_time\" content=\"2013-03-21T09:07:21+00:00\" \/>\n<meta property=\"article:modified_time\" content=\"2020-04-06T20:32:11+00:00\" \/>\n<meta property=\"og:image\" content=\"https:\/\/orthodoxalbania.org\/2020\/wp-content\/uploads\/2021\/02\/LogoLastALb-200.png\" \/>\n\t<meta property=\"og:image:width\" content=\"200\" \/>\n\t<meta property=\"og:image:height\" content=\"172\" \/>\n\t<meta property=\"og:image:type\" content=\"image\/png\" \/>\n<meta name=\"author\" content=\"Kisha Orthodhokse\" \/>\n<meta name=\"twitter:card\" content=\"summary_large_image\" \/>\n<meta name=\"twitter:label1\" content=\"Written by\" \/>\n\t<meta name=\"twitter:data1\" content=\"Kisha Orthodhokse\" \/>\n\t<meta name=\"twitter:label2\" content=\"Est. reading time\" \/>\n\t<meta name=\"twitter:data2\" content=\"2 minutes\" \/>\n<script type=\"application\/ld+json\" class=\"yoast-schema-graph\">{\"@context\":\"https:\/\/schema.org\",\"@graph\":[{\"@type\":\"Article\",\"@id\":\"https:\/\/orthodoxalbania.org\/2020\/2013\/03\/21\/tradite-e-vecante-e-ujit-te-bekuar-ne-mitropoline-e-korces\/#article\",\"isPartOf\":{\"@id\":\"https:\/\/orthodoxalbania.org\/2020\/2013\/03\/21\/tradite-e-vecante-e-ujit-te-bekuar-ne-mitropoline-e-korces\/\"},\"author\":{\"name\":\"Kisha Orthodhokse\",\"@id\":\"https:\/\/orthodoxalbania.org\/2020\/#\/schema\/person\/0c387634a7063ac612d7ed9ce71c7e86\"},\"headline\":\"Tradit\u00eb e ve\u00e7ant\u00eb e Ujit t\u00eb Bekuar n\u00eb Mitropolin\u00eb e Kor\u00e7\u00ebs. (6 Janar 2011)\",\"datePublished\":\"2013-03-21T09:07:21+00:00\",\"dateModified\":\"2020-04-06T20:32:11+00:00\",\"mainEntityOfPage\":{\"@id\":\"https:\/\/orthodoxalbania.org\/2020\/2013\/03\/21\/tradite-e-vecante-e-ujit-te-bekuar-ne-mitropoline-e-korces\/\"},\"wordCount\":388,\"commentCount\":0,\"publisher\":{\"@id\":\"https:\/\/orthodoxalbania.org\/2020\/#organization\"},\"keywords\":[\"2011\",\"Kremtime\",\"lajme\",\"Mitropolia Kor\u00e7\u00eb\",\"Uji i Bekuar\"],\"articleSection\":[\"Lajme\"],\"inLanguage\":\"en-US\"},{\"@type\":\"WebPage\",\"@id\":\"https:\/\/orthodoxalbania.org\/2020\/2013\/03\/21\/tradite-e-vecante-e-ujit-te-bekuar-ne-mitropoline-e-korces\/\",\"url\":\"https:\/\/orthodoxalbania.org\/2020\/2013\/03\/21\/tradite-e-vecante-e-ujit-te-bekuar-ne-mitropoline-e-korces\/\",\"name\":\"Tradit\u00eb e ve\u00e7ant\u00eb e Ujit t\u00eb Bekuar n\u00eb Mitropolin\u00eb e Kor\u00e7\u00ebs. (6 Janar 2011) - Kisha Orthodh\u03bfkse Autoqefale e Shqip\u00ebris\u00eb\",\"isPartOf\":{\"@id\":\"https:\/\/orthodoxalbania.org\/2020\/#website\"},\"datePublished\":\"2013-03-21T09:07:21+00:00\",\"dateModified\":\"2020-04-06T20:32:11+00:00\",\"breadcrumb\":{\"@id\":\"https:\/\/orthodoxalbania.org\/2020\/2013\/03\/21\/tradite-e-vecante-e-ujit-te-bekuar-ne-mitropoline-e-korces\/#breadcrumb\"},\"inLanguage\":\"en-US\",\"potentialAction\":[{\"@type\":\"ReadAction\",\"target\":[\"https:\/\/orthodoxalbania.org\/2020\/2013\/03\/21\/tradite-e-vecante-e-ujit-te-bekuar-ne-mitropoline-e-korces\/\"]}]},{\"@type\":\"BreadcrumbList\",\"@id\":\"https:\/\/orthodoxalbania.org\/2020\/2013\/03\/21\/tradite-e-vecante-e-ujit-te-bekuar-ne-mitropoline-e-korces\/#breadcrumb\",\"itemListElement\":[{\"@type\":\"ListItem\",\"position\":1,\"name\":\"Home\",\"item\":\"https:\/\/orthodoxalbania.org\/2020\/\"},{\"@type\":\"ListItem\",\"position\":2,\"name\":\"Tradit\u00eb e ve\u00e7ant\u00eb e Ujit t\u00eb Bekuar n\u00eb Mitropolin\u00eb e Kor\u00e7\u00ebs. (6 Janar 2011)\"}]},{\"@type\":\"WebSite\",\"@id\":\"https:\/\/orthodoxalbania.org\/2020\/#website\",\"url\":\"https:\/\/orthodoxalbania.org\/2020\/\",\"name\":\"Kisha Orthodh\u03bfkse Autoqefale e Shqip\u00ebris\u00eb\",\"description\":\"Fqja Zyrtare e Kish\u00ebs Orthodhokse Autoqefale e Shqip\u00ebris\u00eb me lajmet edhe informacionet zyrtare p\u00ebr struktur\u00ebn edhe veprimtarin e saj.\",\"publisher\":{\"@id\":\"https:\/\/orthodoxalbania.org\/2020\/#organization\"},\"potentialAction\":[{\"@type\":\"SearchAction\",\"target\":{\"@type\":\"EntryPoint\",\"urlTemplate\":\"https:\/\/orthodoxalbania.org\/2020\/?s={search_term_string}\"},\"query-input\":{\"@type\":\"PropertyValueSpecification\",\"valueRequired\":true,\"valueName\":\"search_term_string\"}}],\"inLanguage\":\"en-US\"},{\"@type\":\"Organization\",\"@id\":\"https:\/\/orthodoxalbania.org\/2020\/#organization\",\"name\":\"Kisha Orthodhokse Autoqefale e Shqip\u00ebris\u00eb\",\"url\":\"https:\/\/orthodoxalbania.org\/2020\/\",\"logo\":{\"@type\":\"ImageObject\",\"inLanguage\":\"en-US\",\"@id\":\"https:\/\/orthodoxalbania.org\/2020\/#\/schema\/logo\/image\/\",\"url\":\"https:\/\/orthodoxalbania.org\/2020\/wp-content\/uploads\/2020\/05\/albania.jpeg\",\"contentUrl\":\"https:\/\/orthodoxalbania.org\/2020\/wp-content\/uploads\/2020\/05\/albania.jpeg\",\"width\":540,\"height\":540,\"caption\":\"Kisha Orthodhokse Autoqefale e Shqip\u00ebris\u00eb\"},\"image\":{\"@id\":\"https:\/\/orthodoxalbania.org\/2020\/#\/schema\/logo\/image\/\"},\"sameAs\":[\"https:\/\/www.facebook.com\/koash1991\"]},{\"@type\":\"Person\",\"@id\":\"https:\/\/orthodoxalbania.org\/2020\/#\/schema\/person\/0c387634a7063ac612d7ed9ce71c7e86\",\"name\":\"Kisha Orthodhokse\",\"image\":{\"@type\":\"ImageObject\",\"inLanguage\":\"en-US\",\"@id\":\"https:\/\/secure.gravatar.com\/avatar\/596e7c417251e30f2fbb9c00e026fce61a695a00e51c889caded71c96cbbdde5?s=96&d=mm&r=g\",\"url\":\"https:\/\/secure.gravatar.com\/avatar\/596e7c417251e30f2fbb9c00e026fce61a695a00e51c889caded71c96cbbdde5?s=96&d=mm&r=g\",\"contentUrl\":\"https:\/\/secure.gravatar.com\/avatar\/596e7c417251e30f2fbb9c00e026fce61a695a00e51c889caded71c96cbbdde5?s=96&d=mm&r=g\",\"caption\":\"Kisha Orthodhokse\"}}]}<\/script>\n<!-- \/ Yoast SEO plugin. -->","yoast_head_json":{"title":"Tradit\u00eb e ve\u00e7ant\u00eb e Ujit t\u00eb Bekuar n\u00eb Mitropolin\u00eb e Kor\u00e7\u00ebs. (6 Janar 2011) - Kisha Orthodh\u03bfkse Autoqefale e Shqip\u00ebris\u00eb","robots":{"index":"index","follow":"follow","max-snippet":"max-snippet:-1","max-image-preview":"max-image-preview:large","max-video-preview":"max-video-preview:-1"},"canonical":"https:\/\/orthodoxalbania.org\/2020\/2013\/03\/21\/tradite-e-vecante-e-ujit-te-bekuar-ne-mitropoline-e-korces\/","og_locale":"en_US","og_type":"article","og_title":"Tradit\u00eb e ve\u00e7ant\u00eb e Ujit t\u00eb Bekuar n\u00eb Mitropolin\u00eb e Kor\u00e7\u00ebs. (6 Janar 2011) - Kisha Orthodh\u03bfkse Autoqefale e Shqip\u00ebris\u00eb","og_description":"&nbsp; &nbsp; Uji i bekuar u festua edhe n\u00eb Mitropolin\u00eb e Kor\u00e7\u00ebs me bukurin\u00eb dhe madh\u00ebshtin\u00eb e ceremonive q\u00eb shoq\u00ebrojn\u00eb k\u00ebt\u00eb dit\u00eb. Me qindra besimtar\u00eb mor\u00ebn pjes\u00eb m\u00eb 6 janar n\u00eb fest\u00ebn e Ujit t\u00eb bekuar. Sh\u00ebrbesa e M\u00ebngjesores filloi n\u00eb or\u00ebn 7:30, duke vazhduar me Liturgjin\u00eb Hyjnore dhe m\u00eb tej me Sh\u00ebrbes\u00ebn e Ujit t\u00eb bekuar. Sh\u00ebrbesat u kryesuan nga Mitropoliti i Kor\u00e7\u00ebs, Hir\u00ebsi","og_url":"https:\/\/orthodoxalbania.org\/2020\/2013\/03\/21\/tradite-e-vecante-e-ujit-te-bekuar-ne-mitropoline-e-korces\/","og_site_name":"Kisha Orthodh\u03bfkse Autoqefale e Shqip\u00ebris\u00eb","article_publisher":"https:\/\/www.facebook.com\/koash1991","article_published_time":"2013-03-21T09:07:21+00:00","article_modified_time":"2020-04-06T20:32:11+00:00","og_image":[{"width":200,"height":172,"url":"https:\/\/orthodoxalbania.org\/2020\/wp-content\/uploads\/2021\/02\/LogoLastALb-200.png","type":"image\/png"}],"author":"Kisha Orthodhokse","twitter_card":"summary_large_image","twitter_misc":{"Written by":"Kisha Orthodhokse","Est. reading time":"2 minutes"},"schema":{"@context":"https:\/\/schema.org","@graph":[{"@type":"Article","@id":"https:\/\/orthodoxalbania.org\/2020\/2013\/03\/21\/tradite-e-vecante-e-ujit-te-bekuar-ne-mitropoline-e-korces\/#article","isPartOf":{"@id":"https:\/\/orthodoxalbania.org\/2020\/2013\/03\/21\/tradite-e-vecante-e-ujit-te-bekuar-ne-mitropoline-e-korces\/"},"author":{"name":"Kisha Orthodhokse","@id":"https:\/\/orthodoxalbania.org\/2020\/#\/schema\/person\/0c387634a7063ac612d7ed9ce71c7e86"},"headline":"Tradit\u00eb e ve\u00e7ant\u00eb e Ujit t\u00eb Bekuar n\u00eb Mitropolin\u00eb e Kor\u00e7\u00ebs. (6 Janar 2011)","datePublished":"2013-03-21T09:07:21+00:00","dateModified":"2020-04-06T20:32:11+00:00","mainEntityOfPage":{"@id":"https:\/\/orthodoxalbania.org\/2020\/2013\/03\/21\/tradite-e-vecante-e-ujit-te-bekuar-ne-mitropoline-e-korces\/"},"wordCount":388,"commentCount":0,"publisher":{"@id":"https:\/\/orthodoxalbania.org\/2020\/#organization"},"keywords":["2011","Kremtime","lajme","Mitropolia Kor\u00e7\u00eb","Uji i Bekuar"],"articleSection":["Lajme"],"inLanguage":"en-US"},{"@type":"WebPage","@id":"https:\/\/orthodoxalbania.org\/2020\/2013\/03\/21\/tradite-e-vecante-e-ujit-te-bekuar-ne-mitropoline-e-korces\/","url":"https:\/\/orthodoxalbania.org\/2020\/2013\/03\/21\/tradite-e-vecante-e-ujit-te-bekuar-ne-mitropoline-e-korces\/","name":"Tradit\u00eb e ve\u00e7ant\u00eb e Ujit t\u00eb Bekuar n\u00eb Mitropolin\u00eb e Kor\u00e7\u00ebs. (6 Janar 2011) - Kisha Orthodh\u03bfkse Autoqefale e Shqip\u00ebris\u00eb","isPartOf":{"@id":"https:\/\/orthodoxalbania.org\/2020\/#website"},"datePublished":"2013-03-21T09:07:21+00:00","dateModified":"2020-04-06T20:32:11+00:00","breadcrumb":{"@id":"https:\/\/orthodoxalbania.org\/2020\/2013\/03\/21\/tradite-e-vecante-e-ujit-te-bekuar-ne-mitropoline-e-korces\/#breadcrumb"},"inLanguage":"en-US","potentialAction":[{"@type":"ReadAction","target":["https:\/\/orthodoxalbania.org\/2020\/2013\/03\/21\/tradite-e-vecante-e-ujit-te-bekuar-ne-mitropoline-e-korces\/"]}]},{"@type":"BreadcrumbList","@id":"https:\/\/orthodoxalbania.org\/2020\/2013\/03\/21\/tradite-e-vecante-e-ujit-te-bekuar-ne-mitropoline-e-korces\/#breadcrumb","itemListElement":[{"@type":"ListItem","position":1,"name":"Home","item":"https:\/\/orthodoxalbania.org\/2020\/"},{"@type":"ListItem","position":2,"name":"Tradit\u00eb e ve\u00e7ant\u00eb e Ujit t\u00eb Bekuar n\u00eb Mitropolin\u00eb e Kor\u00e7\u00ebs. (6 Janar 2011)"}]},{"@type":"WebSite","@id":"https:\/\/orthodoxalbania.org\/2020\/#website","url":"https:\/\/orthodoxalbania.org\/2020\/","name":"Kisha Orthodh\u03bfkse Autoqefale e Shqip\u00ebris\u00eb","description":"Fqja Zyrtare e Kish\u00ebs Orthodhokse Autoqefale e Shqip\u00ebris\u00eb me lajmet edhe informacionet zyrtare p\u00ebr struktur\u00ebn edhe veprimtarin e saj.","publisher":{"@id":"https:\/\/orthodoxalbania.org\/2020\/#organization"},"potentialAction":[{"@type":"SearchAction","target":{"@type":"EntryPoint","urlTemplate":"https:\/\/orthodoxalbania.org\/2020\/?s={search_term_string}"},"query-input":{"@type":"PropertyValueSpecification","valueRequired":true,"valueName":"search_term_string"}}],"inLanguage":"en-US"},{"@type":"Organization","@id":"https:\/\/orthodoxalbania.org\/2020\/#organization","name":"Kisha Orthodhokse Autoqefale e Shqip\u00ebris\u00eb","url":"https:\/\/orthodoxalbania.org\/2020\/","logo":{"@type":"ImageObject","inLanguage":"en-US","@id":"https:\/\/orthodoxalbania.org\/2020\/#\/schema\/logo\/image\/","url":"https:\/\/orthodoxalbania.org\/2020\/wp-content\/uploads\/2020\/05\/albania.jpeg","contentUrl":"https:\/\/orthodoxalbania.org\/2020\/wp-content\/uploads\/2020\/05\/albania.jpeg","width":540,"height":540,"caption":"Kisha Orthodhokse Autoqefale e Shqip\u00ebris\u00eb"},"image":{"@id":"https:\/\/orthodoxalbania.org\/2020\/#\/schema\/logo\/image\/"},"sameAs":["https:\/\/www.facebook.com\/koash1991"]},{"@type":"Person","@id":"https:\/\/orthodoxalbania.org\/2020\/#\/schema\/person\/0c387634a7063ac612d7ed9ce71c7e86","name":"Kisha Orthodhokse","image":{"@type":"ImageObject","inLanguage":"en-US","@id":"https:\/\/secure.gravatar.com\/avatar\/596e7c417251e30f2fbb9c00e026fce61a695a00e51c889caded71c96cbbdde5?s=96&d=mm&r=g","url":"https:\/\/secure.gravatar.com\/avatar\/596e7c417251e30f2fbb9c00e026fce61a695a00e51c889caded71c96cbbdde5?s=96&d=mm&r=g","contentUrl":"https:\/\/secure.gravatar.com\/avatar\/596e7c417251e30f2fbb9c00e026fce61a695a00e51c889caded71c96cbbdde5?s=96&d=mm&r=g","caption":"Kisha Orthodhokse"}}]}},"_links":{"self":[{"href":"https:\/\/orthodoxalbania.org\/2020\/wp-json\/wp\/v2\/posts\/1465","targetHints":{"allow":["GET"]}}],"collection":[{"href":"https:\/\/orthodoxalbania.org\/2020\/wp-json\/wp\/v2\/posts"}],"about":[{"href":"https:\/\/orthodoxalbania.org\/2020\/wp-json\/wp\/v2\/types\/post"}],"author":[{"embeddable":true,"href":"https:\/\/orthodoxalbania.org\/2020\/wp-json\/wp\/v2\/users\/1"}],"replies":[{"embeddable":true,"href":"https:\/\/orthodoxalbania.org\/2020\/wp-json\/wp\/v2\/comments?post=1465"}],"version-history":[{"count":1,"href":"https:\/\/orthodoxalbania.org\/2020\/wp-json\/wp\/v2\/posts\/1465\/revisions"}],"predecessor-version":[{"id":15424,"href":"https:\/\/orthodoxalbania.org\/2020\/wp-json\/wp\/v2\/posts\/1465\/revisions\/15424"}],"wp:attachment":[{"href":"https:\/\/orthodoxalbania.org\/2020\/wp-json\/wp\/v2\/media?parent=1465"}],"wp:term":[{"taxonomy":"category","embeddable":true,"href":"https:\/\/orthodoxalbania.org\/2020\/wp-json\/wp\/v2\/categories?post=1465"},{"taxonomy":"post_tag","embeddable":true,"href":"https:\/\/orthodoxalbania.org\/2020\/wp-json\/wp\/v2\/tags?post=1465"}],"curies":[{"name":"wp","href":"https:\/\/api.w.org\/{rel}","templated":true}]}}