{"id":1463,"date":"2007-02-26T00:00:14","date_gmt":"2007-02-26T00:00:14","guid":{"rendered":""},"modified":"2020-04-13T00:31:27","modified_gmt":"2020-04-12T22:31:27","slug":"to-grow-in-christ-in-the-children-s-day-camps-organized-by-the-orthodox-church-august-2007","status":"publish","type":"post","link":"https:\/\/orthodoxalbania.org\/2020\/en\/2007\/02\/26\/to-grow-in-christ-in-the-children-s-day-camps-organized-by-the-orthodox-church-august-2007\/","title":{"rendered":"To grow in Christ in the children\u2019s day camps, organized by the Orthodox Church. (August 2007)"},"content":{"rendered":"<table id=\"AutoNumber1\" style=\"width: 726px; height: 2986px;\" border=\"0\">\n<tbody>\n<tr>\n<td>\n<div>&nbsp;<\/div>\n<\/td>\n<td>\n<div>&nbsp;<\/div>\n<table id=\"AutoNumber2\" border=\"0\">\n<tbody>\n<tr>\n<td>\n<div><span style=\"font-family: tahoma,geneva,sans-serif;\"><span style=\"font-size: 12px;\"><span style=\"color: #000000;\"><img decoding=\"async\" class=\"lazyload HAa Eha\" style=\"border-width: 1px; border-style: solid; margin: 10px auto; display: block;\" alt=\"\" src=\"data:image\/svg+xml,%3Csvg%20xmlns%3D%27http%3A%2F%2Fwww.w3.org%2F2000%2Fsvg%27%20width%3D%27308%27%20height%3D%27231%27%20viewBox%3D%270%200%20308%20231%27%3E%3Crect%20width%3D%27308%27%20height%3D%27231%27%20fill-opacity%3D%220%22%2F%3E%3C%2Fsvg%3E\" data-orig-src=\"https:\/\/lh4.googleusercontent.com\/-tuvj6WnRmLk\/VImBMER8S9I\/AAAAAAAAGcY\/HtMl_Imploc\/w400-h300-no\/pic1.jpg\" height=\"231\" width=\"308\" \/><\/span><\/span><\/span><\/div>\n<\/td>\n<td>\n<div><span style=\"font-family: tahoma,geneva,sans-serif;\"><span style=\"font-size: 12px;\"><span style=\"color: #000000;\">&nbsp;&nbsp;&nbsp;&nbsp;<\/span><\/span><\/span><\/div>\n<div style=\"text-align: justify;\"><span style=\"font-family: tahoma,geneva,sans-serif;\"><span style=\"font-size: 12px;\"><span style=\"color: #000000;\">&nbsp;&nbsp;&nbsp; With the blessing of his Beatitude Archbishop Anastasios again this year in many parishes of our Church children\u2019s day camps that lasted one week with the central theme <strong>\u201cTo grow in Christ\u201d<\/strong> were held.&nbsp;<\/span><\/span><\/span><\/div>\n<div>&nbsp;<\/div>\n<\/td>\n<\/tr>\n<tr>\n<td>\n<div style=\"text-align: justify;\"><span style=\"font-family: tahoma,geneva,sans-serif;\"><span style=\"font-size: 12px;\"><span style=\"color: #000000;\">&nbsp;&nbsp;&nbsp; They were organized at the end of August and the beginning of September, with a wide participation of the children, led by priests, catechists and many young volunteers. The program was held from 8:00 \u2013 12:00.<\/span><\/span><\/span><\/div>\n<\/td>\n<td>\n<div><span style=\"font-family: tahoma,geneva,sans-serif;\"><span style=\"font-size: 12px;\"><span style=\"color: #000000;\"><img decoding=\"async\" class=\"lazyload HAa Eha\" style=\"border-width: 1px; border-style: solid; margin: 10px auto; display: block;\" alt=\"\" src=\"data:image\/svg+xml,%3Csvg%20xmlns%3D%27http%3A%2F%2Fwww.w3.org%2F2000%2Fsvg%27%20width%3D%27310%27%20height%3D%27232%27%20viewBox%3D%270%200%20310%20232%27%3E%3Crect%20width%3D%27310%27%20height%3D%27232%27%20fill-opacity%3D%220%22%2F%3E%3C%2Fsvg%3E\" data-orig-src=\"https:\/\/lh6.googleusercontent.com\/-hAA_4Ab4rLs\/VImBMLIS7VI\/AAAAAAAAGdY\/jAKTlnzhXWE\/w400-h300-no\/pic2.jpg\" height=\"232\" width=\"310\" \/><\/span><\/span><\/span><\/div>\n<\/td>\n<\/tr>\n<tr>\n<td>\n<div><span style=\"font-family: tahoma,geneva,sans-serif;\"><span style=\"font-size: 12px;\"><span style=\"color: #000000;\"><img decoding=\"async\" class=\"lazyload HAa Eha\" style=\"border-width: 1px; border-style: solid; margin: 10px auto; display: block;\" alt=\"\" src=\"data:image\/svg+xml,%3Csvg%20xmlns%3D%27http%3A%2F%2Fwww.w3.org%2F2000%2Fsvg%27%20width%3D%27300%27%20height%3D%27225%27%20viewBox%3D%270%200%20300%20225%27%3E%3Crect%20width%3D%27300%27%20height%3D%27225%27%20fill-opacity%3D%220%22%2F%3E%3C%2Fsvg%3E\" data-orig-src=\"https:\/\/lh4.googleusercontent.com\/-PzY6D89vpE8\/VImBMgIWRHI\/AAAAAAAAGcg\/8PRZvyr8jcc\/w400-h300-no\/pic3.jpg\" height=\"225\" width=\"300\" \/><\/span><\/span><\/span><\/div>\n<\/td>\n<td>\n<div style=\"text-align: justify;\"><span style=\"font-family: tahoma,geneva,sans-serif;\"><span style=\"font-size: 12px;\"><span style=\"color: #000000;\">&nbsp;&nbsp;&nbsp; Each day the camp started with the Morning Prayer and continued with the spiritual talk, art and craft, songs and some cases it ended with lunch together.<\/span><\/span><\/span><\/div>\n<\/td>\n<\/tr>\n<tr>\n<td dir=\"ltr\">\n<div dir=\"ltr\" style=\"text-align: justify;\"><span style=\"font-family: tahoma,geneva,sans-serif;\"><span style=\"font-size: 12px;\"><span style=\"color: #000000;\">&nbsp;&nbsp;&nbsp; The children had some days with spiritual and physical refreshment, preparing for the new academic year. The spiritual sub-themes were: <strong>\u201cTo grow in faith<\/strong>; <strong>to grow in truth<\/strong>; <strong>to grow in love<\/strong>; <strong>to grow in thoughts<\/strong>, <strong>words and deeds\u201d<\/strong>. &nbsp;&nbsp;&nbsp;&nbsp;<\/span><\/span><\/span><\/div>\n<\/td>\n<td dir=\"ltr\">\n<div dir=\"ltr\"><span style=\"font-family: tahoma,geneva,sans-serif;\"><span style=\"font-size: 12px;\"><span style=\"color: #000000;\"><img decoding=\"async\" class=\"lazyload HAa Eha\" style=\"border-width: 1px; border-style: solid; margin: 10px auto; display: block;\" alt=\"\" src=\"data:image\/svg+xml,%3Csvg%20xmlns%3D%27http%3A%2F%2Fwww.w3.org%2F2000%2Fsvg%27%20width%3D%27300%27%20height%3D%27225%27%20viewBox%3D%270%200%20300%20225%27%3E%3Crect%20width%3D%27300%27%20height%3D%27225%27%20fill-opacity%3D%220%22%2F%3E%3C%2Fsvg%3E\" data-orig-src=\"https:\/\/lh3.googleusercontent.com\/-iHfsWrlcTLo\/VImBM46IseI\/AAAAAAAAGdI\/ZO9aJ9PA_5I\/w400-h300-no\/pic4.jpg\" height=\"225\" width=\"300\" \/><\/span><\/span><\/span><\/div>\n<\/td>\n<\/tr>\n<tr>\n<td dir=\"ltr\">\n<div><span style=\"font-family: tahoma,geneva,sans-serif;\"><span style=\"font-size: 12px;\"><span style=\"color: #000000;\"><img decoding=\"async\" class=\"lazyload HAa Eha\" style=\"border-width: 1px; border-style: solid; margin: 10px auto; display: block;\" alt=\"\" src=\"data:image\/svg+xml,%3Csvg%20xmlns%3D%27http%3A%2F%2Fwww.w3.org%2F2000%2Fsvg%27%20width%3D%27300%27%20height%3D%27225%27%20viewBox%3D%270%200%20300%20225%27%3E%3Crect%20width%3D%27300%27%20height%3D%27225%27%20fill-opacity%3D%220%22%2F%3E%3C%2Fsvg%3E\" data-orig-src=\"https:\/\/lh6.googleusercontent.com\/-mgFvlI7EvcU\/VImBNI2q-lI\/AAAAAAAAGdM\/MplEIt7CzIU\/w400-h300-no\/pic5.jpg\" height=\"225\" width=\"300\" \/><\/span><\/span><\/span><\/div>\n<\/td>\n<td dir=\"ltr\">\n<div><span style=\"font-family: tahoma,geneva,sans-serif;\"><span style=\"font-size: 12px;\"><span style=\"color: #000000;\">&nbsp;&nbsp;&nbsp; From 20 &#8211; 26 August, in Tirana was organized the day camp in two Kid\u2019s Clubs; in the morning at the facilities of the \u201cAnnunciation\u201d day care center and in the afternoon in the Church\u2019s facilities in \u201cQemal Stafa\u201d street. Dozens of children took part who attended with interest the program prepared form the coordinators of the Central Children\u2019s Office, which was also the organizer of this national activity.<\/span><\/span><\/span><\/div>\n<\/td>\n<\/tr>\n<tr>\n<td dir=\"ltr\">\n<div style=\"text-align: justify;\"><span style=\"font-family: tahoma,geneva,sans-serif;\"><span style=\"font-size: 12px;\"><span style=\"color: #000000;\">&nbsp;&nbsp;&nbsp; In Kavaja, the day camp was organized from August 27-th \u2013 September 2-nd, in the facilities of Saint Nicolas Church. According to their ages the children divided in three groups: \u201cLove, Faith and Truth\u201d. This camp offered the possibility, not just to grow in faith, but also recreation because it offered many games.<\/span><\/span><\/span><\/div>\n<\/td>\n<td dir=\"ltr\">\n<div><span style=\"font-family: tahoma,geneva,sans-serif;\"><span style=\"font-size: 12px;\"><span style=\"color: #000000;\"><img decoding=\"async\" class=\"lazyload HAa Eha\" style=\"border-width: 1px; border-style: solid; margin: 10px auto; display: block;\" alt=\"\" src=\"data:image\/svg+xml,%3Csvg%20xmlns%3D%27http%3A%2F%2Fwww.w3.org%2F2000%2Fsvg%27%20width%3D%27295%27%20height%3D%27221%27%20viewBox%3D%270%200%20295%20221%27%3E%3Crect%20width%3D%27295%27%20height%3D%27221%27%20fill-opacity%3D%220%22%2F%3E%3C%2Fsvg%3E\" data-orig-src=\"https:\/\/lh4.googleusercontent.com\/-vnK9DiRps9k\/VImBN0RFqtI\/AAAAAAAAGdE\/QIn7wifXCgI\/w400-h300-no\/pic6.jpg\" height=\"221\" width=\"295\" \/><\/span><\/span><\/span><\/div>\n<\/td>\n<\/tr>\n<tr>\n<td dir=\"ltr\">\n<div><span style=\"font-family: tahoma,geneva,sans-serif;\"><span style=\"font-size: 12px;\"><span style=\"color: #000000;\"><img decoding=\"async\" class=\"lazyload HAa Eha\" style=\"border-width: 1px; border-style: solid; margin: 10px auto; display: block;\" alt=\"\" src=\"data:image\/svg+xml,%3Csvg%20xmlns%3D%27http%3A%2F%2Fwww.w3.org%2F2000%2Fsvg%27%20width%3D%27300%27%20height%3D%27225%27%20viewBox%3D%270%200%20300%20225%27%3E%3Crect%20width%3D%27300%27%20height%3D%27225%27%20fill-opacity%3D%220%22%2F%3E%3C%2Fsvg%3E\" data-orig-src=\"https:\/\/lh4.googleusercontent.com\/-3aXGhc7s6II\/VImBOHXse1I\/AAAAAAAAGc4\/kP5WPlC120c\/w400-h300-no\/pic7.jpg\" height=\"225\" width=\"300\" \/><\/span><\/span><\/span><\/div>\n<\/td>\n<td dir=\"ltr\">\n<div style=\"text-align: justify;\"><span style=\"font-family: tahoma,geneva,sans-serif;\"><span style=\"font-size: 12px;\"><span style=\"color: #000000;\">&nbsp;&nbsp;&nbsp; In Shkoder more than 50 children took part in the activity which took place in this city and in the village of Vrake.<\/span><\/span><\/span><\/div>\n<div style=\"text-align: justify;\">&nbsp;<\/div>\n<div style=\"text-align: justify;\"><span style=\"font-family: tahoma,geneva,sans-serif;\"><span style=\"font-size: 12px;\"><span style=\"color: #000000;\">&nbsp;&nbsp;&nbsp; From 24 &#8211; 31 August the camp was held in the city of Gramsh with the participation of more than 100 participants. The camp took place at the \u201cTransfiguration of the Savor\u201d church. Local clergy, catechist of the Central Catechism Office, students of Theological Academyand young people volunteers from the village of Gjinarand the city of Gramshprovided the staff of the camp.<\/span><\/span><\/span><\/div>\n<\/td>\n<\/tr>\n<tr>\n<td dir=\"ltr\">\n<div><span style=\"font-family: tahoma,geneva,sans-serif;\"><span style=\"font-size: 12px;\"><span style=\"color: #000000;\">&nbsp;&nbsp;&nbsp;&nbsp;<\/span><\/span><\/span><\/div>\n<div style=\"text-align: justify;\"><span style=\"font-family: tahoma,geneva,sans-serif;\"><span style=\"font-size: 12px;\"><span style=\"color: #000000;\">&nbsp;&nbsp;&nbsp; The camp began with the morning service, with a commentary on the Gospel of the day and continued with learning songs, spiritual talks, various games, art and crafts, etc. The program also included excursion to various places in the city but the most impressive was the excursion to the Monastery of Saint Vlash. There the children were received by his grace Bishop Nikolla of Apollonia who welcomed them warmly.<\/span><\/span><\/span><\/div>\n<\/td>\n<td dir=\"ltr\">\n<div><span style=\"font-family: tahoma,geneva,sans-serif;\"><span style=\"font-size: 12px;\"><span style=\"color: #000000;\"><img decoding=\"async\" class=\"lazyload HAa Eha\" style=\"border-width: 1px; border-style: solid; margin: 10px auto; display: block;\" alt=\"\" src=\"data:image\/svg+xml,%3Csvg%20xmlns%3D%27http%3A%2F%2Fwww.w3.org%2F2000%2Fsvg%27%20width%3D%27302%27%20height%3D%27227%27%20viewBox%3D%270%200%20302%20227%27%3E%3Crect%20width%3D%27302%27%20height%3D%27227%27%20fill-opacity%3D%220%22%2F%3E%3C%2Fsvg%3E\" data-orig-src=\"https:\/\/lh3.googleusercontent.com\/-P79gxG-0_V8\/VImBOboWgBI\/AAAAAAAAGc8\/KMPElDc7sBI\/w400-h300-no\/pic8.jpg\" height=\"227\" width=\"302\" \/><\/span><\/span><\/span><\/div>\n<\/td>\n<\/tr>\n<tr>\n<td colspan=\"2\">\n<div style=\"text-align: justify;\"><span style=\"font-family: tahoma,geneva,sans-serif;\"><span style=\"font-size: 12px;\"><span style=\"color: #000000;\">&nbsp;&nbsp;&nbsp; From 13 &#8211; 22 August the activity was organized in the area of Gjinar. Around 120 children from the age of 7-14 took part. The theme of the camp was \u201cTo grow in Christ\u201d. The sub-themes were developed by catechists and students of the Theological Academy. Fr. Jani Ranxha assisted in the organization of the camp who also served various services. These children that live in a remote area showed how much they love God and expressed their gratitude to the Shepherd of our Church whom made this activity possible.<\/span><\/span><\/span><\/div>\n<\/td>\n<\/tr>\n<tr>\n<td>\n<div><span style=\"font-family: tahoma,geneva,sans-serif;\"><span style=\"font-size: 12px;\"><span style=\"color: #000000;\">&nbsp;&nbsp;&nbsp;&nbsp;<\/span><\/span><\/span><\/div>\n<div style=\"text-align: justify;\"><span style=\"font-family: tahoma,geneva,sans-serif;\"><span style=\"font-size: 12px;\"><span style=\"color: #000000;\">&nbsp;&nbsp;&nbsp; Seeing that in the rural areas is a serious lack of activities, the Central Children\u2019s Office of our Church organized a summer day camp in the areas of Melize-Shelcan where children of these villages participated. In addition to the interesting program, a march to the church of Saint Nicolaswas organizd and an excursion to the Monastery of Saint Vlash in Durres.<\/span><\/span><\/span><\/div>\n<div>&nbsp;<\/div>\n<\/td>\n<td>\n<div><span style=\"font-family: tahoma,geneva,sans-serif;\"><span style=\"font-size: 12px;\"><span style=\"color: #000000;\"><img decoding=\"async\" class=\"lazyload HAa Eha\" style=\"border-width: 1px; border-style: solid; margin: 10px auto; display: block;\" alt=\"\" src=\"data:image\/svg+xml,%3Csvg%20xmlns%3D%27http%3A%2F%2Fwww.w3.org%2F2000%2Fsvg%27%20width%3D%27306%27%20height%3D%27229%27%20viewBox%3D%270%200%20306%20229%27%3E%3Crect%20width%3D%27306%27%20height%3D%27229%27%20fill-opacity%3D%220%22%2F%3E%3C%2Fsvg%3E\" data-orig-src=\"https:\/\/lh5.googleusercontent.com\/-NoEMHPOxd1Q\/VImBOqTX0DI\/AAAAAAAAGdA\/TsWOEmbacxg\/w400-h300-no\/pic9.jpg\" height=\"229\" width=\"306\" \/><\/span><\/span><\/span><\/div>\n<\/td>\n<\/tr>\n<tr>\n<td>\n<div><span style=\"font-family: tahoma,geneva,sans-serif;\"><span style=\"font-size: 12px;\"><span style=\"color: #000000;\"><img decoding=\"async\" class=\"lazyload HAa Eha\" style=\"border-width: 1px; border-style: solid; margin: 10px auto; display: block;\" alt=\"\" src=\"data:image\/svg+xml,%3Csvg%20xmlns%3D%27http%3A%2F%2Fwww.w3.org%2F2000%2Fsvg%27%20width%3D%27302%27%20height%3D%27227%27%20viewBox%3D%270%200%20302%20227%27%3E%3Crect%20width%3D%27302%27%20height%3D%27227%27%20fill-opacity%3D%220%22%2F%3E%3C%2Fsvg%3E\" data-orig-src=\"https:\/\/lh5.googleusercontent.com\/-33deledvvyo\/VImBMHyhoqI\/AAAAAAAAGdQ\/IRHe9b_RdGk\/w400-h300-no\/pic10.jpg\" height=\"227\" width=\"302\" \/><\/span><\/span><\/span><\/div>\n<\/td>\n<td>\n<div style=\"text-align: justify;\"><span style=\"font-family: tahoma,geneva,sans-serif;\"><span style=\"font-size: 12px;\"><span style=\"color: #000000;\">&nbsp;&nbsp;&nbsp; N\u00eb kamp mor\u00ebn pjes\u00eb rreth 65 veta, nga t\u00eb cil\u00ebt ishin 45 f\u00ebmij\u00eb nga Shelcani dhe 20 nga M\u00ebliza. Nj\u00eb veprimtari e till\u00eb u realizua edhe n\u00eb fshatin Kuqan t\u00eb komun\u00ebs Shirgjan, ku n\u00eb t\u00eb mor\u00ebn pjes\u00eb 58 f\u00ebmij\u00eb t\u00eb mosh\u00ebs nga 7-14 vje\u00e7.65 children took part in the camp of which 45 were from Shelcan and 20 from Melize. The same activity took place in the village of Kuqanof the commune of Shirgjan in which participated 58 children between theeages of 7-14.<\/span><\/span><\/span><\/div>\n<\/td>\n<\/tr>\n<\/tbody>\n<\/table>\n<div style=\"text-align: justify;\"><span style=\"font-family: tahoma,geneva,sans-serif;\"><span style=\"font-size: 12px;\"><span style=\"color: #000000;\">&nbsp;&nbsp; These summer day camps were also held in the Metropolis of Berat at the end of August and the beginning of September in Poro of Vlora, Berat, Lushnje, Shen Pjeter, Bubullime, Krutje, Fier, Milof and Karavasta. In each camp between 40 &#8211; 60 children took part. Once again the local clergy, catechist and orthodox young people assisted. The children thanked God and the Archbishop for the great care that he takes for them.<\/span><\/span><\/span><\/div>\n<div style=\"text-align: justify;\">&nbsp;<\/div>\n<div style=\"text-align: justify;\"><span style=\"font-family: tahoma,geneva,sans-serif;\"><span style=\"font-size: 12px;\"><span style=\"color: #000000;\">&nbsp;&nbsp;&nbsp; From August 27-th \u2013 September 2-nd, in the church of the prophet Ilia in the city of Korca, the day camp was organized with the participation of approximately 100 children. The children had the opportunity to learn how to grow in their faith, to grow in the orthodox Christian spirit in a close spiritual relationship with the Church, God and the neighbor through daily spiritual talks. A special aspect of the camp was the hour for art and craft which the children looked forward with a great desire because it reinforced the daily spiritual message and it was also entertaining to the children. The program closed with a children\u2019s festival where 25-30 children competed with poems, skits, songs and comedies. The final day of the camp was September 2-nd where the children took part in the Divine Liturgy and some of them received the mystery of Holy Communion.<\/span><\/span><\/span><\/div>\n<div style=\"text-align: justify;\">&nbsp;<\/div>\n<div style=\"text-align: justify;\"><span style=\"font-family: tahoma,geneva,sans-serif;\"><span style=\"font-size: 12px;\"><span style=\"color: #000000;\">&nbsp;&nbsp; The day camp was organized for the first time this year in the city of Librazhd, where around 25 children took part. In the camp football matches and other games were organized and also an excursion in the Monastery of Saint Vlash in Durres.<\/span><\/span><\/span><\/div>\n<div style=\"text-align: justify;\">&nbsp;<\/div>\n<div style=\"text-align: justify;\"><span style=\"font-family: tahoma,geneva,sans-serif;\"><span style=\"font-size: 12px;\"><span style=\"color: #000000;\">&nbsp;&nbsp;&nbsp; All the children in the various parishes were very pleased by the day camps organized by our Church, taking the message of the camp <strong>\u201cTo grow in Christ\u201d<\/strong>. It is truly beautiful to work in the vineyard of the Lord but the joy that children give is always special.<\/span><\/span><\/span><br \/> &nbsp;<\/div>\n<div>&nbsp;<\/div>\n<div><span style=\"font-family: tahoma,geneva,sans-serif;\"><span style=\"font-size: 12px;\"><span style=\"color: #000000;\"><strong>&nbsp;&nbsp; Translated by: Gabriela Bezhani<\/strong><\/span><\/span><\/span><\/div>\n<div><span style=\"font-family: tahoma,geneva,sans-serif;\"><span style=\"font-size: 12px;\"><span style=\"color: #000000;\"><strong>&nbsp;&nbsp; Edited by: Nathan Hoppe<\/strong><\/span><\/span><\/span><\/div>\n<\/td>\n<\/tr>\n<\/tbody>\n<\/table>\n","protected":false},"excerpt":{"rendered":"<p>&nbsp; &nbsp; &nbsp;&nbsp;&nbsp;&nbsp; &nbsp;&nbsp;&nbsp; With the blessing of his Beatitude Archbishop Anastasios again this year in many parishes of our Church children\u2019s day camps that lasted one week with the central theme \u201cTo grow in Christ\u201d were held.&nbsp; &nbsp; &nbsp;&nbsp;&nbsp; They were organized at the end of August and the beginning of September, with a wide participation of the children, led by priests, catechists and<\/p>\n","protected":false},"author":7,"featured_media":0,"comment_status":"open","ping_status":"open","sticky":false,"template":"","format":"standard","meta":{"_acf_changed":false,"pagelayer_contact_templates":[],"_pagelayer_content":"","inline_featured_image":false,"fifu_image_url":"","fifu_image_alt":"","footnotes":""},"categories":[1455,311],"tags":[1117,1788],"class_list":["post-1463","post","type-post","status-publish","format-standard","hentry","category-news-en","category-news-d25","tag-2007-en","tag-kampe-verore-en"],"acf":[],"yoast_head":"<!-- This site is optimized with the Yoast SEO plugin v27.2 - https:\/\/yoast.com\/product\/yoast-seo-wordpress\/ -->\n<title>To grow in Christ in the children\u2019s day camps, organized by the Orthodox Church. (August 2007) - Kisha Orthodh\u03bfkse Autoqefale e Shqip\u00ebris\u00eb<\/title>\n<meta name=\"robots\" content=\"index, follow, max-snippet:-1, max-image-preview:large, max-video-preview:-1\" \/>\n<link rel=\"canonical\" href=\"https:\/\/orthodoxalbania.org\/2020\/en\/2007\/02\/26\/to-grow-in-christ-in-the-children-s-day-camps-organized-by-the-orthodox-church-august-2007\/\" \/>\n<meta property=\"og:locale\" content=\"en_US\" \/>\n<meta property=\"og:type\" content=\"article\" \/>\n<meta property=\"og:title\" content=\"To grow in Christ in the children\u2019s day camps, organized by the Orthodox Church. (August 2007) - Kisha Orthodh\u03bfkse Autoqefale e Shqip\u00ebris\u00eb\" \/>\n<meta property=\"og:description\" content=\"&nbsp; &nbsp; &nbsp;&nbsp;&nbsp;&nbsp; &nbsp;&nbsp;&nbsp; With the blessing of his Beatitude Archbishop Anastasios again this year in many parishes of our Church children\u2019s day camps that lasted one week with the central theme \u201cTo grow in Christ\u201d were held.&nbsp; &nbsp; &nbsp;&nbsp;&nbsp; They were organized at the end of August and the beginning of September, with a wide participation of the children, led by priests, catechists and\" \/>\n<meta property=\"og:url\" content=\"https:\/\/orthodoxalbania.org\/2020\/en\/2007\/02\/26\/to-grow-in-christ-in-the-children-s-day-camps-organized-by-the-orthodox-church-august-2007\/\" \/>\n<meta property=\"og:site_name\" content=\"Kisha Orthodh\u03bfkse Autoqefale e Shqip\u00ebris\u00eb\" \/>\n<meta property=\"article:publisher\" content=\"https:\/\/www.facebook.com\/koash1991\" \/>\n<meta property=\"article:published_time\" content=\"2007-02-26T00:00:14+00:00\" \/>\n<meta property=\"article:modified_time\" content=\"2020-04-12T22:31:27+00:00\" \/>\n<meta property=\"og:image\" content=\"https:\/\/lh4.googleusercontent.com\/-tuvj6WnRmLk\/VImBMER8S9I\/AAAAAAAAGcY\/HtMl_Imploc\/w400-h300-no\/pic1.jpg\" \/>\n<meta name=\"author\" content=\"Kisha Orthodhokse\" \/>\n<meta name=\"twitter:card\" content=\"summary_large_image\" \/>\n<meta name=\"twitter:label1\" content=\"Written by\" \/>\n\t<meta name=\"twitter:data1\" content=\"Kisha Orthodhokse\" \/>\n\t<meta name=\"twitter:label2\" content=\"Est. reading time\" \/>\n\t<meta name=\"twitter:data2\" content=\"5 minutes\" \/>\n<script type=\"application\/ld+json\" class=\"yoast-schema-graph\">{\"@context\":\"https:\/\/schema.org\",\"@graph\":[{\"@type\":\"Article\",\"@id\":\"https:\/\/orthodoxalbania.org\/2020\/en\/2007\/02\/26\/to-grow-in-christ-in-the-children-s-day-camps-organized-by-the-orthodox-church-august-2007\/#article\",\"isPartOf\":{\"@id\":\"https:\/\/orthodoxalbania.org\/2020\/en\/2007\/02\/26\/to-grow-in-christ-in-the-children-s-day-camps-organized-by-the-orthodox-church-august-2007\/\"},\"author\":{\"name\":\"Kisha Orthodhokse\",\"@id\":\"https:\/\/orthodoxalbania.org\/2020\/#\/schema\/person\/df745f942b70e045b3dc05a30211f0de\"},\"headline\":\"To grow in Christ in the children\u2019s day camps, organized by the Orthodox Church. (August 2007)\",\"datePublished\":\"2007-02-26T00:00:14+00:00\",\"dateModified\":\"2020-04-12T22:31:27+00:00\",\"mainEntityOfPage\":{\"@id\":\"https:\/\/orthodoxalbania.org\/2020\/en\/2007\/02\/26\/to-grow-in-christ-in-the-children-s-day-camps-organized-by-the-orthodox-church-august-2007\/\"},\"wordCount\":1050,\"commentCount\":0,\"publisher\":{\"@id\":\"https:\/\/orthodoxalbania.org\/2020\/#organization\"},\"image\":{\"@id\":\"https:\/\/orthodoxalbania.org\/2020\/en\/2007\/02\/26\/to-grow-in-christ-in-the-children-s-day-camps-organized-by-the-orthodox-church-august-2007\/#primaryimage\"},\"thumbnailUrl\":\"https:\/\/lh4.googleusercontent.com\/-tuvj6WnRmLk\/VImBMER8S9I\/AAAAAAAAGcY\/HtMl_Imploc\/w400-h300-no\/pic1.jpg\",\"keywords\":[\"2007\",\"Kampe verore\"],\"articleSection\":[\"News - \u0395\u039d\",\"News old page\"],\"inLanguage\":\"en-US\"},{\"@type\":\"WebPage\",\"@id\":\"https:\/\/orthodoxalbania.org\/2020\/en\/2007\/02\/26\/to-grow-in-christ-in-the-children-s-day-camps-organized-by-the-orthodox-church-august-2007\/\",\"url\":\"https:\/\/orthodoxalbania.org\/2020\/en\/2007\/02\/26\/to-grow-in-christ-in-the-children-s-day-camps-organized-by-the-orthodox-church-august-2007\/\",\"name\":\"To grow in Christ in the children\u2019s day camps, organized by the Orthodox Church. (August 2007) - Kisha Orthodh\u03bfkse Autoqefale e Shqip\u00ebris\u00eb\",\"isPartOf\":{\"@id\":\"https:\/\/orthodoxalbania.org\/2020\/#website\"},\"primaryImageOfPage\":{\"@id\":\"https:\/\/orthodoxalbania.org\/2020\/en\/2007\/02\/26\/to-grow-in-christ-in-the-children-s-day-camps-organized-by-the-orthodox-church-august-2007\/#primaryimage\"},\"image\":{\"@id\":\"https:\/\/orthodoxalbania.org\/2020\/en\/2007\/02\/26\/to-grow-in-christ-in-the-children-s-day-camps-organized-by-the-orthodox-church-august-2007\/#primaryimage\"},\"thumbnailUrl\":\"https:\/\/lh4.googleusercontent.com\/-tuvj6WnRmLk\/VImBMER8S9I\/AAAAAAAAGcY\/HtMl_Imploc\/w400-h300-no\/pic1.jpg\",\"datePublished\":\"2007-02-26T00:00:14+00:00\",\"dateModified\":\"2020-04-12T22:31:27+00:00\",\"breadcrumb\":{\"@id\":\"https:\/\/orthodoxalbania.org\/2020\/en\/2007\/02\/26\/to-grow-in-christ-in-the-children-s-day-camps-organized-by-the-orthodox-church-august-2007\/#breadcrumb\"},\"inLanguage\":\"en-US\",\"potentialAction\":[{\"@type\":\"ReadAction\",\"target\":[\"https:\/\/orthodoxalbania.org\/2020\/en\/2007\/02\/26\/to-grow-in-christ-in-the-children-s-day-camps-organized-by-the-orthodox-church-august-2007\/\"]}]},{\"@type\":\"ImageObject\",\"inLanguage\":\"en-US\",\"@id\":\"https:\/\/orthodoxalbania.org\/2020\/en\/2007\/02\/26\/to-grow-in-christ-in-the-children-s-day-camps-organized-by-the-orthodox-church-august-2007\/#primaryimage\",\"url\":\"https:\/\/lh4.googleusercontent.com\/-tuvj6WnRmLk\/VImBMER8S9I\/AAAAAAAAGcY\/HtMl_Imploc\/w400-h300-no\/pic1.jpg\",\"contentUrl\":\"https:\/\/lh4.googleusercontent.com\/-tuvj6WnRmLk\/VImBMER8S9I\/AAAAAAAAGcY\/HtMl_Imploc\/w400-h300-no\/pic1.jpg\"},{\"@type\":\"BreadcrumbList\",\"@id\":\"https:\/\/orthodoxalbania.org\/2020\/en\/2007\/02\/26\/to-grow-in-christ-in-the-children-s-day-camps-organized-by-the-orthodox-church-august-2007\/#breadcrumb\",\"itemListElement\":[{\"@type\":\"ListItem\",\"position\":1,\"name\":\"Home\",\"item\":\"https:\/\/orthodoxalbania.org\/2020\/\"},{\"@type\":\"ListItem\",\"position\":2,\"name\":\"To grow in Christ in the children\u2019s day camps, organized by the Orthodox Church. (August 2007)\"}]},{\"@type\":\"WebSite\",\"@id\":\"https:\/\/orthodoxalbania.org\/2020\/#website\",\"url\":\"https:\/\/orthodoxalbania.org\/2020\/\",\"name\":\"Kisha Orthodh\u03bfkse Autoqefale e Shqip\u00ebris\u00eb\",\"description\":\"Fqja Zyrtare e Kish\u00ebs Orthodhokse Autoqefale e Shqip\u00ebris\u00eb me lajmet edhe informacionet zyrtare p\u00ebr struktur\u00ebn edhe veprimtarin e saj.\",\"publisher\":{\"@id\":\"https:\/\/orthodoxalbania.org\/2020\/#organization\"},\"potentialAction\":[{\"@type\":\"SearchAction\",\"target\":{\"@type\":\"EntryPoint\",\"urlTemplate\":\"https:\/\/orthodoxalbania.org\/2020\/?s={search_term_string}\"},\"query-input\":{\"@type\":\"PropertyValueSpecification\",\"valueRequired\":true,\"valueName\":\"search_term_string\"}}],\"inLanguage\":\"en-US\"},{\"@type\":\"Organization\",\"@id\":\"https:\/\/orthodoxalbania.org\/2020\/#organization\",\"name\":\"Kisha Orthodhokse Autoqefale e Shqip\u00ebris\u00eb\",\"url\":\"https:\/\/orthodoxalbania.org\/2020\/\",\"logo\":{\"@type\":\"ImageObject\",\"inLanguage\":\"en-US\",\"@id\":\"https:\/\/orthodoxalbania.org\/2020\/#\/schema\/logo\/image\/\",\"url\":\"https:\/\/orthodoxalbania.org\/2020\/wp-content\/uploads\/2020\/05\/albania.jpeg\",\"contentUrl\":\"https:\/\/orthodoxalbania.org\/2020\/wp-content\/uploads\/2020\/05\/albania.jpeg\",\"width\":540,\"height\":540,\"caption\":\"Kisha Orthodhokse Autoqefale e Shqip\u00ebris\u00eb\"},\"image\":{\"@id\":\"https:\/\/orthodoxalbania.org\/2020\/#\/schema\/logo\/image\/\"},\"sameAs\":[\"https:\/\/www.facebook.com\/koash1991\"]},{\"@type\":\"Person\",\"@id\":\"https:\/\/orthodoxalbania.org\/2020\/#\/schema\/person\/df745f942b70e045b3dc05a30211f0de\",\"name\":\"Kisha Orthodhokse\",\"image\":{\"@type\":\"ImageObject\",\"inLanguage\":\"en-US\",\"@id\":\"https:\/\/secure.gravatar.com\/avatar\/2676eb8d97178435c9f691a7871595a1da6c33542dec218bce40885573150e28?s=96&d=mm&r=g\",\"url\":\"https:\/\/secure.gravatar.com\/avatar\/2676eb8d97178435c9f691a7871595a1da6c33542dec218bce40885573150e28?s=96&d=mm&r=g\",\"contentUrl\":\"https:\/\/secure.gravatar.com\/avatar\/2676eb8d97178435c9f691a7871595a1da6c33542dec218bce40885573150e28?s=96&d=mm&r=g\",\"caption\":\"Kisha Orthodhokse\"}}]}<\/script>\n<!-- \/ Yoast SEO plugin. -->","yoast_head_json":{"title":"To grow in Christ in the children\u2019s day camps, organized by the Orthodox Church. (August 2007) - Kisha Orthodh\u03bfkse Autoqefale e Shqip\u00ebris\u00eb","robots":{"index":"index","follow":"follow","max-snippet":"max-snippet:-1","max-image-preview":"max-image-preview:large","max-video-preview":"max-video-preview:-1"},"canonical":"https:\/\/orthodoxalbania.org\/2020\/en\/2007\/02\/26\/to-grow-in-christ-in-the-children-s-day-camps-organized-by-the-orthodox-church-august-2007\/","og_locale":"en_US","og_type":"article","og_title":"To grow in Christ in the children\u2019s day camps, organized by the Orthodox Church. (August 2007) - Kisha Orthodh\u03bfkse Autoqefale e Shqip\u00ebris\u00eb","og_description":"&nbsp; &nbsp; &nbsp;&nbsp;&nbsp;&nbsp; &nbsp;&nbsp;&nbsp; With the blessing of his Beatitude Archbishop Anastasios again this year in many parishes of our Church children\u2019s day camps that lasted one week with the central theme \u201cTo grow in Christ\u201d were held.&nbsp; &nbsp; &nbsp;&nbsp;&nbsp; They were organized at the end of August and the beginning of September, with a wide participation of the children, led by priests, catechists and","og_url":"https:\/\/orthodoxalbania.org\/2020\/en\/2007\/02\/26\/to-grow-in-christ-in-the-children-s-day-camps-organized-by-the-orthodox-church-august-2007\/","og_site_name":"Kisha Orthodh\u03bfkse Autoqefale e Shqip\u00ebris\u00eb","article_publisher":"https:\/\/www.facebook.com\/koash1991","article_published_time":"2007-02-26T00:00:14+00:00","article_modified_time":"2020-04-12T22:31:27+00:00","og_image":[{"url":"https:\/\/lh4.googleusercontent.com\/-tuvj6WnRmLk\/VImBMER8S9I\/AAAAAAAAGcY\/HtMl_Imploc\/w400-h300-no\/pic1.jpg","type":"","width":"","height":""}],"author":"Kisha Orthodhokse","twitter_card":"summary_large_image","twitter_misc":{"Written by":"Kisha Orthodhokse","Est. reading time":"5 minutes"},"schema":{"@context":"https:\/\/schema.org","@graph":[{"@type":"Article","@id":"https:\/\/orthodoxalbania.org\/2020\/en\/2007\/02\/26\/to-grow-in-christ-in-the-children-s-day-camps-organized-by-the-orthodox-church-august-2007\/#article","isPartOf":{"@id":"https:\/\/orthodoxalbania.org\/2020\/en\/2007\/02\/26\/to-grow-in-christ-in-the-children-s-day-camps-organized-by-the-orthodox-church-august-2007\/"},"author":{"name":"Kisha Orthodhokse","@id":"https:\/\/orthodoxalbania.org\/2020\/#\/schema\/person\/df745f942b70e045b3dc05a30211f0de"},"headline":"To grow in Christ in the children\u2019s day camps, organized by the Orthodox Church. (August 2007)","datePublished":"2007-02-26T00:00:14+00:00","dateModified":"2020-04-12T22:31:27+00:00","mainEntityOfPage":{"@id":"https:\/\/orthodoxalbania.org\/2020\/en\/2007\/02\/26\/to-grow-in-christ-in-the-children-s-day-camps-organized-by-the-orthodox-church-august-2007\/"},"wordCount":1050,"commentCount":0,"publisher":{"@id":"https:\/\/orthodoxalbania.org\/2020\/#organization"},"image":{"@id":"https:\/\/orthodoxalbania.org\/2020\/en\/2007\/02\/26\/to-grow-in-christ-in-the-children-s-day-camps-organized-by-the-orthodox-church-august-2007\/#primaryimage"},"thumbnailUrl":"https:\/\/lh4.googleusercontent.com\/-tuvj6WnRmLk\/VImBMER8S9I\/AAAAAAAAGcY\/HtMl_Imploc\/w400-h300-no\/pic1.jpg","keywords":["2007","Kampe verore"],"articleSection":["News - \u0395\u039d","News old page"],"inLanguage":"en-US"},{"@type":"WebPage","@id":"https:\/\/orthodoxalbania.org\/2020\/en\/2007\/02\/26\/to-grow-in-christ-in-the-children-s-day-camps-organized-by-the-orthodox-church-august-2007\/","url":"https:\/\/orthodoxalbania.org\/2020\/en\/2007\/02\/26\/to-grow-in-christ-in-the-children-s-day-camps-organized-by-the-orthodox-church-august-2007\/","name":"To grow in Christ in the children\u2019s day camps, organized by the Orthodox Church. (August 2007) - Kisha Orthodh\u03bfkse Autoqefale e Shqip\u00ebris\u00eb","isPartOf":{"@id":"https:\/\/orthodoxalbania.org\/2020\/#website"},"primaryImageOfPage":{"@id":"https:\/\/orthodoxalbania.org\/2020\/en\/2007\/02\/26\/to-grow-in-christ-in-the-children-s-day-camps-organized-by-the-orthodox-church-august-2007\/#primaryimage"},"image":{"@id":"https:\/\/orthodoxalbania.org\/2020\/en\/2007\/02\/26\/to-grow-in-christ-in-the-children-s-day-camps-organized-by-the-orthodox-church-august-2007\/#primaryimage"},"thumbnailUrl":"https:\/\/lh4.googleusercontent.com\/-tuvj6WnRmLk\/VImBMER8S9I\/AAAAAAAAGcY\/HtMl_Imploc\/w400-h300-no\/pic1.jpg","datePublished":"2007-02-26T00:00:14+00:00","dateModified":"2020-04-12T22:31:27+00:00","breadcrumb":{"@id":"https:\/\/orthodoxalbania.org\/2020\/en\/2007\/02\/26\/to-grow-in-christ-in-the-children-s-day-camps-organized-by-the-orthodox-church-august-2007\/#breadcrumb"},"inLanguage":"en-US","potentialAction":[{"@type":"ReadAction","target":["https:\/\/orthodoxalbania.org\/2020\/en\/2007\/02\/26\/to-grow-in-christ-in-the-children-s-day-camps-organized-by-the-orthodox-church-august-2007\/"]}]},{"@type":"ImageObject","inLanguage":"en-US","@id":"https:\/\/orthodoxalbania.org\/2020\/en\/2007\/02\/26\/to-grow-in-christ-in-the-children-s-day-camps-organized-by-the-orthodox-church-august-2007\/#primaryimage","url":"https:\/\/lh4.googleusercontent.com\/-tuvj6WnRmLk\/VImBMER8S9I\/AAAAAAAAGcY\/HtMl_Imploc\/w400-h300-no\/pic1.jpg","contentUrl":"https:\/\/lh4.googleusercontent.com\/-tuvj6WnRmLk\/VImBMER8S9I\/AAAAAAAAGcY\/HtMl_Imploc\/w400-h300-no\/pic1.jpg"},{"@type":"BreadcrumbList","@id":"https:\/\/orthodoxalbania.org\/2020\/en\/2007\/02\/26\/to-grow-in-christ-in-the-children-s-day-camps-organized-by-the-orthodox-church-august-2007\/#breadcrumb","itemListElement":[{"@type":"ListItem","position":1,"name":"Home","item":"https:\/\/orthodoxalbania.org\/2020\/"},{"@type":"ListItem","position":2,"name":"To grow in Christ in the children\u2019s day camps, organized by the Orthodox Church. (August 2007)"}]},{"@type":"WebSite","@id":"https:\/\/orthodoxalbania.org\/2020\/#website","url":"https:\/\/orthodoxalbania.org\/2020\/","name":"Kisha Orthodh\u03bfkse Autoqefale e Shqip\u00ebris\u00eb","description":"Fqja Zyrtare e Kish\u00ebs Orthodhokse Autoqefale e Shqip\u00ebris\u00eb me lajmet edhe informacionet zyrtare p\u00ebr struktur\u00ebn edhe veprimtarin e saj.","publisher":{"@id":"https:\/\/orthodoxalbania.org\/2020\/#organization"},"potentialAction":[{"@type":"SearchAction","target":{"@type":"EntryPoint","urlTemplate":"https:\/\/orthodoxalbania.org\/2020\/?s={search_term_string}"},"query-input":{"@type":"PropertyValueSpecification","valueRequired":true,"valueName":"search_term_string"}}],"inLanguage":"en-US"},{"@type":"Organization","@id":"https:\/\/orthodoxalbania.org\/2020\/#organization","name":"Kisha Orthodhokse Autoqefale e Shqip\u00ebris\u00eb","url":"https:\/\/orthodoxalbania.org\/2020\/","logo":{"@type":"ImageObject","inLanguage":"en-US","@id":"https:\/\/orthodoxalbania.org\/2020\/#\/schema\/logo\/image\/","url":"https:\/\/orthodoxalbania.org\/2020\/wp-content\/uploads\/2020\/05\/albania.jpeg","contentUrl":"https:\/\/orthodoxalbania.org\/2020\/wp-content\/uploads\/2020\/05\/albania.jpeg","width":540,"height":540,"caption":"Kisha Orthodhokse Autoqefale e Shqip\u00ebris\u00eb"},"image":{"@id":"https:\/\/orthodoxalbania.org\/2020\/#\/schema\/logo\/image\/"},"sameAs":["https:\/\/www.facebook.com\/koash1991"]},{"@type":"Person","@id":"https:\/\/orthodoxalbania.org\/2020\/#\/schema\/person\/df745f942b70e045b3dc05a30211f0de","name":"Kisha Orthodhokse","image":{"@type":"ImageObject","inLanguage":"en-US","@id":"https:\/\/secure.gravatar.com\/avatar\/2676eb8d97178435c9f691a7871595a1da6c33542dec218bce40885573150e28?s=96&d=mm&r=g","url":"https:\/\/secure.gravatar.com\/avatar\/2676eb8d97178435c9f691a7871595a1da6c33542dec218bce40885573150e28?s=96&d=mm&r=g","contentUrl":"https:\/\/secure.gravatar.com\/avatar\/2676eb8d97178435c9f691a7871595a1da6c33542dec218bce40885573150e28?s=96&d=mm&r=g","caption":"Kisha Orthodhokse"}}]}},"_links":{"self":[{"href":"https:\/\/orthodoxalbania.org\/2020\/wp-json\/wp\/v2\/posts\/1463","targetHints":{"allow":["GET"]}}],"collection":[{"href":"https:\/\/orthodoxalbania.org\/2020\/wp-json\/wp\/v2\/posts"}],"about":[{"href":"https:\/\/orthodoxalbania.org\/2020\/wp-json\/wp\/v2\/types\/post"}],"author":[{"embeddable":true,"href":"https:\/\/orthodoxalbania.org\/2020\/wp-json\/wp\/v2\/users\/7"}],"replies":[{"embeddable":true,"href":"https:\/\/orthodoxalbania.org\/2020\/wp-json\/wp\/v2\/comments?post=1463"}],"version-history":[{"count":1,"href":"https:\/\/orthodoxalbania.org\/2020\/wp-json\/wp\/v2\/posts\/1463\/revisions"}],"predecessor-version":[{"id":18049,"href":"https:\/\/orthodoxalbania.org\/2020\/wp-json\/wp\/v2\/posts\/1463\/revisions\/18049"}],"wp:attachment":[{"href":"https:\/\/orthodoxalbania.org\/2020\/wp-json\/wp\/v2\/media?parent=1463"}],"wp:term":[{"taxonomy":"category","embeddable":true,"href":"https:\/\/orthodoxalbania.org\/2020\/wp-json\/wp\/v2\/categories?post=1463"},{"taxonomy":"post_tag","embeddable":true,"href":"https:\/\/orthodoxalbania.org\/2020\/wp-json\/wp\/v2\/tags?post=1463"}],"curies":[{"name":"wp","href":"https:\/\/api.w.org\/{rel}","templated":true}]}}