{"id":1462,"date":"2013-03-20T13:09:13","date_gmt":"2013-03-20T13:09:13","guid":{"rendered":""},"modified":"2020-04-06T22:32:17","modified_gmt":"2020-04-06T20:32:17","slug":"tirane-prezantohet-ideja-per-nje-muze-dedikuar-bashkejeteses-fetare","status":"publish","type":"post","link":"https:\/\/orthodoxalbania.org\/2020\/2013\/03\/20\/tirane-prezantohet-ideja-per-nje-muze-dedikuar-bashkejeteses-fetare\/","title":{"rendered":"Tiran\u00eb, prezantohet ideja p\u00ebr nj\u00eb muze dedikuar bashk\u00ebjetes\u00ebs fetare. ( 17 N\u00ebntor 2010)"},"content":{"rendered":"<div style=\"text-align: justify;\">\n\t<span style=\"color:#000000;\"><span style=\"font-size: 12px;\"><span style=\"font-family: Arial;\"><img decoding=\"async\" class=\"lazyload HAa Eha\" src=\"data:image\/gif;base64,R0lGODlhAQABAAAAACH5BAEKAAEALAAAAAABAAEAAAICTAEAOw==\" data-orig-src=\"https:\/\/lh5.googleusercontent.com\/-yG8M3GZlRg0\/U_8Z5X0SGRI\/AAAAAAAABpo\/qXdrIg4EhBA\/w600-h337-no\/1_600x337.jpg\" style=\"height: 138px; width: 245px; border-width: 1px; border-style: solid; margin: 10px; float: left;\" \/><span style=\"font-family: tahoma,geneva,sans-serif;\"> &nbsp; &nbsp; Bashkia e Tiran\u00ebs b\u00ebri t\u00eb ditur iden\u00eb e saj p\u00ebr ngritjen e nj\u00eb muzeu t\u00eb ri, i cili do t\u00eb ket\u00eb n\u00eb fokus bashk\u00ebjetes\u00ebn fetare n\u00eb vendin ton\u00eb. Para kat\u00ebr p\u00ebrfaq\u00ebsuesve t\u00eb komuniteteve fetare, nj\u00eb grupi studiuesish, historian\u00ebsh dhe medias, Kryetari i Bashkis\u00eb s\u00eb Kryeqytetit, Edi Rama, foli p\u00ebr r\u00ebnd\u00ebsin\u00eb e nj\u00eb institucioni t\u00eb till\u00eb, si p\u00ebr besimtar\u00ebt ashtu edhe p\u00ebr qytetar\u00ebt, t\u00eb cil\u00ebt do t\u00eb mund t\u00eb njihen edhe me kalvarin e historis\u00eb s\u00eb fes\u00eb n\u00eb vend. <\/span><\/span><\/span><\/span><\/div>\n<div style=\"text-align: justify;\">\n\t&nbsp;<\/div>\n<div style=\"text-align: justify;\">\n\t<span style=\"color:#000000;\"><span style=\"font-size: 12px;\"><span style=\"font-family: tahoma,geneva,sans-serif;\">&nbsp;&nbsp;&nbsp; \u201cKy \u00ebsht\u00eb nj\u00eb projekt q\u00eb i duhet Tiran\u00ebs. Ky \u00ebsht\u00eb nj\u00eb muze q\u00eb i mungon Tiran\u00ebs. Si \u00e7do projekt i domosdosh\u00ebm, si \u00e7do objekt i munguar n\u00eb nj\u00eb realitet, na detyron p\u00ebr nj\u00eb qasje inteligjente dhe nj\u00eb q\u00ebndrim t\u00eb suksessh\u00ebm\u201d, deklaroi Rama. <\/span><\/span><\/span><\/div>\n<div style=\"text-align: justify;\">\n\t&nbsp;<\/div>\n<div style=\"text-align: justify;\">\n\t<span style=\"color:#000000;\"><span style=\"font-size: 12px;\"><span style=\"font-family: tahoma,geneva,sans-serif;\">&nbsp;&nbsp;&nbsp; P\u00ebrfaq\u00ebsuesi i Kish\u00ebs son\u00eb n\u00eb k\u00ebt\u00eb takim ishte Episkopi i Kruj\u00ebs, imzot Andoni, i cili&nbsp;theksoi se: \u201cKy do t\u00eb jet\u00eb nj\u00eb muze i gjall\u00eb,<img decoding=\"async\" class=\"lazyload HAa Eha\" src=\"data:image\/gif;base64,R0lGODlhAQABAAAAACH5BAEKAAEALAAAAAABAAEAAAICTAEAOw==\" data-orig-src=\"https:\/\/lh6.googleusercontent.com\/-ZipPDkDzOW0\/U_8Z5Y7tsXI\/AAAAAAAABps\/K4hV-9Pedr0\/w600-h337-no\/2_600x337.jpg\" style=\"height: 138px; width: 245px; border-width: 1px; border-style: solid; margin: 10px; float: right;\" \/> ndryshe nga ata t\u00eb zakonshmit q\u00eb jan\u00eb antik\u00eb. Ne do t\u00eb ofrojm\u00eb gjith\u00eb gatishm\u00ebrin\u00eb dhe burimet tona njer\u00ebzore. Ky muze do t\u00eb jet\u00eb shprehje e dialogut dhe harmonis\u00eb fetare, duke materializuar historin\u00eb dhe bashk\u00ebjetes\u00ebn\u201d.<\/span><\/span><\/span><\/div>\n<div style=\"text-align: justify;\">\n\t&nbsp;<\/div>\n<div style=\"text-align: justify;\">\n\t<span style=\"color:#000000;\"><span style=\"font-size: 12px;\"><span style=\"font-family: tahoma,geneva,sans-serif;\">&nbsp;&nbsp;&nbsp; Muzeu mendohet t\u00eb nd\u00ebrtohet pran\u00eb dy katedraleve dhe xhamis\u00eb s\u00eb re. P\u00ebr t\u00eb realizuar iden\u00eb do t\u00eb b\u00ebhet nj\u00eb konkurs nd\u00ebrkomb\u00ebtar. Bashkia e Tiran\u00ebs do t\u00eb ket\u00eb rolin e katalizatorit t\u00eb k\u00ebtij procesi, duke marr\u00eb p\u00ebrsip\u00ebr krijimin e mund\u00ebsis\u00eb q\u00eb njer\u00ebzit ta diskutojn\u00eb problemin me t\u00eb gjitha pal\u00ebt dhe q\u00eb t\u00eb gjith\u00eb t\u00eb thon\u00eb fjal\u00ebn e tyre p\u00ebr k\u00ebt\u00eb muze, i cili do t\u00eb jet\u00eb muzeu i t\u00eb gjith\u00ebve.<\/span><\/span><\/span><\/div>\n<div style=\"text-align: justify;\">\n\t&nbsp;<\/div>\n<div style=\"text-align: right;\">\n\t<span style=\"color:#000000;\"><span style=\"font-size: 12px;\"><span style=\"font-family: tahoma,geneva,sans-serif;\"><strong>Isidor Koti<\/strong><\/span><\/span><\/span><\/div>\n","protected":false},"excerpt":{"rendered":"<p>&nbsp; &nbsp; Bashkia e Tiran\u00ebs b\u00ebri t\u00eb ditur iden\u00eb e saj p\u00ebr ngritjen e nj\u00eb muzeu t\u00eb ri, i cili do t\u00eb ket\u00eb n\u00eb fokus bashk\u00ebjetes\u00ebn fetare n\u00eb vendin ton\u00eb. Para kat\u00ebr p\u00ebrfaq\u00ebsuesve t\u00eb komuniteteve fetare, nj\u00eb grupi studiuesish, historian\u00ebsh dhe medias, Kryetari i Bashkis\u00eb s\u00eb Kryeqytetit, Edi Rama, foli p\u00ebr r\u00ebnd\u00ebsin\u00eb e nj\u00eb institucioni t\u00eb till\u00eb, si p\u00ebr besimtar\u00ebt ashtu edhe p\u00ebr qytetar\u00ebt, t\u00eb<\/p>\n","protected":false},"author":1,"featured_media":0,"comment_status":"open","ping_status":"open","sticky":false,"template":"","format":"standard","meta":{"_acf_changed":false,"pagelayer_contact_templates":[],"_pagelayer_content":"","inline_featured_image":false,"fifu_image_url":"","fifu_image_alt":"","footnotes":""},"categories":[108],"tags":[144,196,212],"class_list":["post-1462","post","type-post","status-publish","format-standard","hentry","category-lajme","tag-144","tag-tirane","tag-lajme-d27"],"acf":[],"yoast_head":"<!-- This site is optimized with the Yoast SEO plugin v27.2 - https:\/\/yoast.com\/product\/yoast-seo-wordpress\/ -->\n<title>Tiran\u00eb, prezantohet ideja p\u00ebr nj\u00eb muze dedikuar bashk\u00ebjetes\u00ebs fetare. ( 17 N\u00ebntor 2010) - Kisha Orthodh\u03bfkse Autoqefale e Shqip\u00ebris\u00eb<\/title>\n<meta name=\"robots\" content=\"index, follow, max-snippet:-1, max-image-preview:large, max-video-preview:-1\" \/>\n<link rel=\"canonical\" href=\"https:\/\/orthodoxalbania.org\/2020\/2013\/03\/20\/tirane-prezantohet-ideja-per-nje-muze-dedikuar-bashkejeteses-fetare\/\" \/>\n<meta property=\"og:locale\" content=\"en_US\" \/>\n<meta property=\"og:type\" content=\"article\" \/>\n<meta property=\"og:title\" content=\"Tiran\u00eb, prezantohet ideja p\u00ebr nj\u00eb muze dedikuar bashk\u00ebjetes\u00ebs fetare. ( 17 N\u00ebntor 2010) - Kisha Orthodh\u03bfkse Autoqefale e Shqip\u00ebris\u00eb\" \/>\n<meta property=\"og:description\" content=\"&nbsp; &nbsp; Bashkia e Tiran\u00ebs b\u00ebri t\u00eb ditur iden\u00eb e saj p\u00ebr ngritjen e nj\u00eb muzeu t\u00eb ri, i cili do t\u00eb ket\u00eb n\u00eb fokus bashk\u00ebjetes\u00ebn fetare n\u00eb vendin ton\u00eb. Para kat\u00ebr p\u00ebrfaq\u00ebsuesve t\u00eb komuniteteve fetare, nj\u00eb grupi studiuesish, historian\u00ebsh dhe medias, Kryetari i Bashkis\u00eb s\u00eb Kryeqytetit, Edi Rama, foli p\u00ebr r\u00ebnd\u00ebsin\u00eb e nj\u00eb institucioni t\u00eb till\u00eb, si p\u00ebr besimtar\u00ebt ashtu edhe p\u00ebr qytetar\u00ebt, t\u00eb\" \/>\n<meta property=\"og:url\" content=\"https:\/\/orthodoxalbania.org\/2020\/2013\/03\/20\/tirane-prezantohet-ideja-per-nje-muze-dedikuar-bashkejeteses-fetare\/\" \/>\n<meta property=\"og:site_name\" content=\"Kisha Orthodh\u03bfkse Autoqefale e Shqip\u00ebris\u00eb\" \/>\n<meta property=\"article:publisher\" content=\"https:\/\/www.facebook.com\/koash1991\" \/>\n<meta property=\"article:published_time\" content=\"2013-03-20T13:09:13+00:00\" \/>\n<meta property=\"article:modified_time\" content=\"2020-04-06T20:32:17+00:00\" \/>\n<meta property=\"og:image\" content=\"https:\/\/lh5.googleusercontent.com\/-yG8M3GZlRg0\/U_8Z5X0SGRI\/AAAAAAAABpo\/qXdrIg4EhBA\/w600-h337-no\/1_600x337.jpg\" \/>\n<meta name=\"author\" content=\"Kisha Orthodhokse\" \/>\n<meta name=\"twitter:card\" content=\"summary_large_image\" \/>\n<meta name=\"twitter:label1\" content=\"Written by\" \/>\n\t<meta name=\"twitter:data1\" content=\"Kisha Orthodhokse\" \/>\n\t<meta name=\"twitter:label2\" content=\"Est. reading time\" \/>\n\t<meta name=\"twitter:data2\" content=\"2 minutes\" \/>\n<script type=\"application\/ld+json\" class=\"yoast-schema-graph\">{\"@context\":\"https:\/\/schema.org\",\"@graph\":[{\"@type\":\"Article\",\"@id\":\"https:\/\/orthodoxalbania.org\/2020\/2013\/03\/20\/tirane-prezantohet-ideja-per-nje-muze-dedikuar-bashkejeteses-fetare\/#article\",\"isPartOf\":{\"@id\":\"https:\/\/orthodoxalbania.org\/2020\/2013\/03\/20\/tirane-prezantohet-ideja-per-nje-muze-dedikuar-bashkejeteses-fetare\/\"},\"author\":{\"name\":\"Kisha Orthodhokse\",\"@id\":\"https:\/\/orthodoxalbania.org\/2020\/#\/schema\/person\/0c387634a7063ac612d7ed9ce71c7e86\"},\"headline\":\"Tiran\u00eb, prezantohet ideja p\u00ebr nj\u00eb muze dedikuar bashk\u00ebjetes\u00ebs fetare. ( 17 N\u00ebntor 2010)\",\"datePublished\":\"2013-03-20T13:09:13+00:00\",\"dateModified\":\"2020-04-06T20:32:17+00:00\",\"mainEntityOfPage\":{\"@id\":\"https:\/\/orthodoxalbania.org\/2020\/2013\/03\/20\/tirane-prezantohet-ideja-per-nje-muze-dedikuar-bashkejeteses-fetare\/\"},\"wordCount\":328,\"commentCount\":0,\"publisher\":{\"@id\":\"https:\/\/orthodoxalbania.org\/2020\/#organization\"},\"image\":{\"@id\":\"https:\/\/orthodoxalbania.org\/2020\/2013\/03\/20\/tirane-prezantohet-ideja-per-nje-muze-dedikuar-bashkejeteses-fetare\/#primaryimage\"},\"thumbnailUrl\":\"https:\/\/lh5.googleusercontent.com\/-yG8M3GZlRg0\/U_8Z5X0SGRI\/AAAAAAAABpo\/qXdrIg4EhBA\/w600-h337-no\/1_600x337.jpg\",\"keywords\":[\"2010\",\"Kryepiskopata Tiran\u00eb\",\"lajme\"],\"articleSection\":[\"Lajme\"],\"inLanguage\":\"en-US\"},{\"@type\":\"WebPage\",\"@id\":\"https:\/\/orthodoxalbania.org\/2020\/2013\/03\/20\/tirane-prezantohet-ideja-per-nje-muze-dedikuar-bashkejeteses-fetare\/\",\"url\":\"https:\/\/orthodoxalbania.org\/2020\/2013\/03\/20\/tirane-prezantohet-ideja-per-nje-muze-dedikuar-bashkejeteses-fetare\/\",\"name\":\"Tiran\u00eb, prezantohet ideja p\u00ebr nj\u00eb muze dedikuar bashk\u00ebjetes\u00ebs fetare. ( 17 N\u00ebntor 2010) - Kisha Orthodh\u03bfkse Autoqefale e Shqip\u00ebris\u00eb\",\"isPartOf\":{\"@id\":\"https:\/\/orthodoxalbania.org\/2020\/#website\"},\"primaryImageOfPage\":{\"@id\":\"https:\/\/orthodoxalbania.org\/2020\/2013\/03\/20\/tirane-prezantohet-ideja-per-nje-muze-dedikuar-bashkejeteses-fetare\/#primaryimage\"},\"image\":{\"@id\":\"https:\/\/orthodoxalbania.org\/2020\/2013\/03\/20\/tirane-prezantohet-ideja-per-nje-muze-dedikuar-bashkejeteses-fetare\/#primaryimage\"},\"thumbnailUrl\":\"https:\/\/lh5.googleusercontent.com\/-yG8M3GZlRg0\/U_8Z5X0SGRI\/AAAAAAAABpo\/qXdrIg4EhBA\/w600-h337-no\/1_600x337.jpg\",\"datePublished\":\"2013-03-20T13:09:13+00:00\",\"dateModified\":\"2020-04-06T20:32:17+00:00\",\"breadcrumb\":{\"@id\":\"https:\/\/orthodoxalbania.org\/2020\/2013\/03\/20\/tirane-prezantohet-ideja-per-nje-muze-dedikuar-bashkejeteses-fetare\/#breadcrumb\"},\"inLanguage\":\"en-US\",\"potentialAction\":[{\"@type\":\"ReadAction\",\"target\":[\"https:\/\/orthodoxalbania.org\/2020\/2013\/03\/20\/tirane-prezantohet-ideja-per-nje-muze-dedikuar-bashkejeteses-fetare\/\"]}]},{\"@type\":\"ImageObject\",\"inLanguage\":\"en-US\",\"@id\":\"https:\/\/orthodoxalbania.org\/2020\/2013\/03\/20\/tirane-prezantohet-ideja-per-nje-muze-dedikuar-bashkejeteses-fetare\/#primaryimage\",\"url\":\"https:\/\/lh5.googleusercontent.com\/-yG8M3GZlRg0\/U_8Z5X0SGRI\/AAAAAAAABpo\/qXdrIg4EhBA\/w600-h337-no\/1_600x337.jpg\",\"contentUrl\":\"https:\/\/lh5.googleusercontent.com\/-yG8M3GZlRg0\/U_8Z5X0SGRI\/AAAAAAAABpo\/qXdrIg4EhBA\/w600-h337-no\/1_600x337.jpg\"},{\"@type\":\"BreadcrumbList\",\"@id\":\"https:\/\/orthodoxalbania.org\/2020\/2013\/03\/20\/tirane-prezantohet-ideja-per-nje-muze-dedikuar-bashkejeteses-fetare\/#breadcrumb\",\"itemListElement\":[{\"@type\":\"ListItem\",\"position\":1,\"name\":\"Home\",\"item\":\"https:\/\/orthodoxalbania.org\/2020\/\"},{\"@type\":\"ListItem\",\"position\":2,\"name\":\"Tiran\u00eb, prezantohet ideja p\u00ebr nj\u00eb muze dedikuar bashk\u00ebjetes\u00ebs fetare. ( 17 N\u00ebntor 2010)\"}]},{\"@type\":\"WebSite\",\"@id\":\"https:\/\/orthodoxalbania.org\/2020\/#website\",\"url\":\"https:\/\/orthodoxalbania.org\/2020\/\",\"name\":\"Kisha Orthodh\u03bfkse Autoqefale e Shqip\u00ebris\u00eb\",\"description\":\"Fqja Zyrtare e Kish\u00ebs Orthodhokse Autoqefale e Shqip\u00ebris\u00eb me lajmet edhe informacionet zyrtare p\u00ebr struktur\u00ebn edhe veprimtarin e saj.\",\"publisher\":{\"@id\":\"https:\/\/orthodoxalbania.org\/2020\/#organization\"},\"potentialAction\":[{\"@type\":\"SearchAction\",\"target\":{\"@type\":\"EntryPoint\",\"urlTemplate\":\"https:\/\/orthodoxalbania.org\/2020\/?s={search_term_string}\"},\"query-input\":{\"@type\":\"PropertyValueSpecification\",\"valueRequired\":true,\"valueName\":\"search_term_string\"}}],\"inLanguage\":\"en-US\"},{\"@type\":\"Organization\",\"@id\":\"https:\/\/orthodoxalbania.org\/2020\/#organization\",\"name\":\"Kisha Orthodhokse Autoqefale e Shqip\u00ebris\u00eb\",\"url\":\"https:\/\/orthodoxalbania.org\/2020\/\",\"logo\":{\"@type\":\"ImageObject\",\"inLanguage\":\"en-US\",\"@id\":\"https:\/\/orthodoxalbania.org\/2020\/#\/schema\/logo\/image\/\",\"url\":\"https:\/\/orthodoxalbania.org\/2020\/wp-content\/uploads\/2020\/05\/albania.jpeg\",\"contentUrl\":\"https:\/\/orthodoxalbania.org\/2020\/wp-content\/uploads\/2020\/05\/albania.jpeg\",\"width\":540,\"height\":540,\"caption\":\"Kisha Orthodhokse Autoqefale e Shqip\u00ebris\u00eb\"},\"image\":{\"@id\":\"https:\/\/orthodoxalbania.org\/2020\/#\/schema\/logo\/image\/\"},\"sameAs\":[\"https:\/\/www.facebook.com\/koash1991\"]},{\"@type\":\"Person\",\"@id\":\"https:\/\/orthodoxalbania.org\/2020\/#\/schema\/person\/0c387634a7063ac612d7ed9ce71c7e86\",\"name\":\"Kisha Orthodhokse\",\"image\":{\"@type\":\"ImageObject\",\"inLanguage\":\"en-US\",\"@id\":\"https:\/\/secure.gravatar.com\/avatar\/596e7c417251e30f2fbb9c00e026fce61a695a00e51c889caded71c96cbbdde5?s=96&d=mm&r=g\",\"url\":\"https:\/\/secure.gravatar.com\/avatar\/596e7c417251e30f2fbb9c00e026fce61a695a00e51c889caded71c96cbbdde5?s=96&d=mm&r=g\",\"contentUrl\":\"https:\/\/secure.gravatar.com\/avatar\/596e7c417251e30f2fbb9c00e026fce61a695a00e51c889caded71c96cbbdde5?s=96&d=mm&r=g\",\"caption\":\"Kisha Orthodhokse\"}}]}<\/script>\n<!-- \/ Yoast SEO plugin. -->","yoast_head_json":{"title":"Tiran\u00eb, prezantohet ideja p\u00ebr nj\u00eb muze dedikuar bashk\u00ebjetes\u00ebs fetare. ( 17 N\u00ebntor 2010) - Kisha Orthodh\u03bfkse Autoqefale e Shqip\u00ebris\u00eb","robots":{"index":"index","follow":"follow","max-snippet":"max-snippet:-1","max-image-preview":"max-image-preview:large","max-video-preview":"max-video-preview:-1"},"canonical":"https:\/\/orthodoxalbania.org\/2020\/2013\/03\/20\/tirane-prezantohet-ideja-per-nje-muze-dedikuar-bashkejeteses-fetare\/","og_locale":"en_US","og_type":"article","og_title":"Tiran\u00eb, prezantohet ideja p\u00ebr nj\u00eb muze dedikuar bashk\u00ebjetes\u00ebs fetare. ( 17 N\u00ebntor 2010) - Kisha Orthodh\u03bfkse Autoqefale e Shqip\u00ebris\u00eb","og_description":"&nbsp; &nbsp; Bashkia e Tiran\u00ebs b\u00ebri t\u00eb ditur iden\u00eb e saj p\u00ebr ngritjen e nj\u00eb muzeu t\u00eb ri, i cili do t\u00eb ket\u00eb n\u00eb fokus bashk\u00ebjetes\u00ebn fetare n\u00eb vendin ton\u00eb. Para kat\u00ebr p\u00ebrfaq\u00ebsuesve t\u00eb komuniteteve fetare, nj\u00eb grupi studiuesish, historian\u00ebsh dhe medias, Kryetari i Bashkis\u00eb s\u00eb Kryeqytetit, Edi Rama, foli p\u00ebr r\u00ebnd\u00ebsin\u00eb e nj\u00eb institucioni t\u00eb till\u00eb, si p\u00ebr besimtar\u00ebt ashtu edhe p\u00ebr qytetar\u00ebt, t\u00eb","og_url":"https:\/\/orthodoxalbania.org\/2020\/2013\/03\/20\/tirane-prezantohet-ideja-per-nje-muze-dedikuar-bashkejeteses-fetare\/","og_site_name":"Kisha Orthodh\u03bfkse Autoqefale e Shqip\u00ebris\u00eb","article_publisher":"https:\/\/www.facebook.com\/koash1991","article_published_time":"2013-03-20T13:09:13+00:00","article_modified_time":"2020-04-06T20:32:17+00:00","og_image":[{"url":"https:\/\/lh5.googleusercontent.com\/-yG8M3GZlRg0\/U_8Z5X0SGRI\/AAAAAAAABpo\/qXdrIg4EhBA\/w600-h337-no\/1_600x337.jpg","type":"","width":"","height":""}],"author":"Kisha Orthodhokse","twitter_card":"summary_large_image","twitter_misc":{"Written by":"Kisha Orthodhokse","Est. reading time":"2 minutes"},"schema":{"@context":"https:\/\/schema.org","@graph":[{"@type":"Article","@id":"https:\/\/orthodoxalbania.org\/2020\/2013\/03\/20\/tirane-prezantohet-ideja-per-nje-muze-dedikuar-bashkejeteses-fetare\/#article","isPartOf":{"@id":"https:\/\/orthodoxalbania.org\/2020\/2013\/03\/20\/tirane-prezantohet-ideja-per-nje-muze-dedikuar-bashkejeteses-fetare\/"},"author":{"name":"Kisha Orthodhokse","@id":"https:\/\/orthodoxalbania.org\/2020\/#\/schema\/person\/0c387634a7063ac612d7ed9ce71c7e86"},"headline":"Tiran\u00eb, prezantohet ideja p\u00ebr nj\u00eb muze dedikuar bashk\u00ebjetes\u00ebs fetare. ( 17 N\u00ebntor 2010)","datePublished":"2013-03-20T13:09:13+00:00","dateModified":"2020-04-06T20:32:17+00:00","mainEntityOfPage":{"@id":"https:\/\/orthodoxalbania.org\/2020\/2013\/03\/20\/tirane-prezantohet-ideja-per-nje-muze-dedikuar-bashkejeteses-fetare\/"},"wordCount":328,"commentCount":0,"publisher":{"@id":"https:\/\/orthodoxalbania.org\/2020\/#organization"},"image":{"@id":"https:\/\/orthodoxalbania.org\/2020\/2013\/03\/20\/tirane-prezantohet-ideja-per-nje-muze-dedikuar-bashkejeteses-fetare\/#primaryimage"},"thumbnailUrl":"https:\/\/lh5.googleusercontent.com\/-yG8M3GZlRg0\/U_8Z5X0SGRI\/AAAAAAAABpo\/qXdrIg4EhBA\/w600-h337-no\/1_600x337.jpg","keywords":["2010","Kryepiskopata Tiran\u00eb","lajme"],"articleSection":["Lajme"],"inLanguage":"en-US"},{"@type":"WebPage","@id":"https:\/\/orthodoxalbania.org\/2020\/2013\/03\/20\/tirane-prezantohet-ideja-per-nje-muze-dedikuar-bashkejeteses-fetare\/","url":"https:\/\/orthodoxalbania.org\/2020\/2013\/03\/20\/tirane-prezantohet-ideja-per-nje-muze-dedikuar-bashkejeteses-fetare\/","name":"Tiran\u00eb, prezantohet ideja p\u00ebr nj\u00eb muze dedikuar bashk\u00ebjetes\u00ebs fetare. ( 17 N\u00ebntor 2010) - Kisha Orthodh\u03bfkse Autoqefale e Shqip\u00ebris\u00eb","isPartOf":{"@id":"https:\/\/orthodoxalbania.org\/2020\/#website"},"primaryImageOfPage":{"@id":"https:\/\/orthodoxalbania.org\/2020\/2013\/03\/20\/tirane-prezantohet-ideja-per-nje-muze-dedikuar-bashkejeteses-fetare\/#primaryimage"},"image":{"@id":"https:\/\/orthodoxalbania.org\/2020\/2013\/03\/20\/tirane-prezantohet-ideja-per-nje-muze-dedikuar-bashkejeteses-fetare\/#primaryimage"},"thumbnailUrl":"https:\/\/lh5.googleusercontent.com\/-yG8M3GZlRg0\/U_8Z5X0SGRI\/AAAAAAAABpo\/qXdrIg4EhBA\/w600-h337-no\/1_600x337.jpg","datePublished":"2013-03-20T13:09:13+00:00","dateModified":"2020-04-06T20:32:17+00:00","breadcrumb":{"@id":"https:\/\/orthodoxalbania.org\/2020\/2013\/03\/20\/tirane-prezantohet-ideja-per-nje-muze-dedikuar-bashkejeteses-fetare\/#breadcrumb"},"inLanguage":"en-US","potentialAction":[{"@type":"ReadAction","target":["https:\/\/orthodoxalbania.org\/2020\/2013\/03\/20\/tirane-prezantohet-ideja-per-nje-muze-dedikuar-bashkejeteses-fetare\/"]}]},{"@type":"ImageObject","inLanguage":"en-US","@id":"https:\/\/orthodoxalbania.org\/2020\/2013\/03\/20\/tirane-prezantohet-ideja-per-nje-muze-dedikuar-bashkejeteses-fetare\/#primaryimage","url":"https:\/\/lh5.googleusercontent.com\/-yG8M3GZlRg0\/U_8Z5X0SGRI\/AAAAAAAABpo\/qXdrIg4EhBA\/w600-h337-no\/1_600x337.jpg","contentUrl":"https:\/\/lh5.googleusercontent.com\/-yG8M3GZlRg0\/U_8Z5X0SGRI\/AAAAAAAABpo\/qXdrIg4EhBA\/w600-h337-no\/1_600x337.jpg"},{"@type":"BreadcrumbList","@id":"https:\/\/orthodoxalbania.org\/2020\/2013\/03\/20\/tirane-prezantohet-ideja-per-nje-muze-dedikuar-bashkejeteses-fetare\/#breadcrumb","itemListElement":[{"@type":"ListItem","position":1,"name":"Home","item":"https:\/\/orthodoxalbania.org\/2020\/"},{"@type":"ListItem","position":2,"name":"Tiran\u00eb, prezantohet ideja p\u00ebr nj\u00eb muze dedikuar bashk\u00ebjetes\u00ebs fetare. ( 17 N\u00ebntor 2010)"}]},{"@type":"WebSite","@id":"https:\/\/orthodoxalbania.org\/2020\/#website","url":"https:\/\/orthodoxalbania.org\/2020\/","name":"Kisha Orthodh\u03bfkse Autoqefale e Shqip\u00ebris\u00eb","description":"Fqja Zyrtare e Kish\u00ebs Orthodhokse Autoqefale e Shqip\u00ebris\u00eb me lajmet edhe informacionet zyrtare p\u00ebr struktur\u00ebn edhe veprimtarin e saj.","publisher":{"@id":"https:\/\/orthodoxalbania.org\/2020\/#organization"},"potentialAction":[{"@type":"SearchAction","target":{"@type":"EntryPoint","urlTemplate":"https:\/\/orthodoxalbania.org\/2020\/?s={search_term_string}"},"query-input":{"@type":"PropertyValueSpecification","valueRequired":true,"valueName":"search_term_string"}}],"inLanguage":"en-US"},{"@type":"Organization","@id":"https:\/\/orthodoxalbania.org\/2020\/#organization","name":"Kisha Orthodhokse Autoqefale e Shqip\u00ebris\u00eb","url":"https:\/\/orthodoxalbania.org\/2020\/","logo":{"@type":"ImageObject","inLanguage":"en-US","@id":"https:\/\/orthodoxalbania.org\/2020\/#\/schema\/logo\/image\/","url":"https:\/\/orthodoxalbania.org\/2020\/wp-content\/uploads\/2020\/05\/albania.jpeg","contentUrl":"https:\/\/orthodoxalbania.org\/2020\/wp-content\/uploads\/2020\/05\/albania.jpeg","width":540,"height":540,"caption":"Kisha Orthodhokse Autoqefale e Shqip\u00ebris\u00eb"},"image":{"@id":"https:\/\/orthodoxalbania.org\/2020\/#\/schema\/logo\/image\/"},"sameAs":["https:\/\/www.facebook.com\/koash1991"]},{"@type":"Person","@id":"https:\/\/orthodoxalbania.org\/2020\/#\/schema\/person\/0c387634a7063ac612d7ed9ce71c7e86","name":"Kisha Orthodhokse","image":{"@type":"ImageObject","inLanguage":"en-US","@id":"https:\/\/secure.gravatar.com\/avatar\/596e7c417251e30f2fbb9c00e026fce61a695a00e51c889caded71c96cbbdde5?s=96&d=mm&r=g","url":"https:\/\/secure.gravatar.com\/avatar\/596e7c417251e30f2fbb9c00e026fce61a695a00e51c889caded71c96cbbdde5?s=96&d=mm&r=g","contentUrl":"https:\/\/secure.gravatar.com\/avatar\/596e7c417251e30f2fbb9c00e026fce61a695a00e51c889caded71c96cbbdde5?s=96&d=mm&r=g","caption":"Kisha Orthodhokse"}}]}},"_links":{"self":[{"href":"https:\/\/orthodoxalbania.org\/2020\/wp-json\/wp\/v2\/posts\/1462","targetHints":{"allow":["GET"]}}],"collection":[{"href":"https:\/\/orthodoxalbania.org\/2020\/wp-json\/wp\/v2\/posts"}],"about":[{"href":"https:\/\/orthodoxalbania.org\/2020\/wp-json\/wp\/v2\/types\/post"}],"author":[{"embeddable":true,"href":"https:\/\/orthodoxalbania.org\/2020\/wp-json\/wp\/v2\/users\/1"}],"replies":[{"embeddable":true,"href":"https:\/\/orthodoxalbania.org\/2020\/wp-json\/wp\/v2\/comments?post=1462"}],"version-history":[{"count":1,"href":"https:\/\/orthodoxalbania.org\/2020\/wp-json\/wp\/v2\/posts\/1462\/revisions"}],"predecessor-version":[{"id":15452,"href":"https:\/\/orthodoxalbania.org\/2020\/wp-json\/wp\/v2\/posts\/1462\/revisions\/15452"}],"wp:attachment":[{"href":"https:\/\/orthodoxalbania.org\/2020\/wp-json\/wp\/v2\/media?parent=1462"}],"wp:term":[{"taxonomy":"category","embeddable":true,"href":"https:\/\/orthodoxalbania.org\/2020\/wp-json\/wp\/v2\/categories?post=1462"},{"taxonomy":"post_tag","embeddable":true,"href":"https:\/\/orthodoxalbania.org\/2020\/wp-json\/wp\/v2\/tags?post=1462"}],"curies":[{"name":"wp","href":"https:\/\/api.w.org\/{rel}","templated":true}]}}