{"id":1460,"date":"2013-03-21T12:31:38","date_gmt":"2013-03-21T12:31:38","guid":{"rendered":""},"modified":"2020-04-06T22:05:54","modified_gmt":"2020-04-06T20:05:54","slug":"tirane-liturgji-hyjnore-sinodike-me-rastin-e-festes-se-100-vjetorit-te-pavarsise","status":"publish","type":"post","link":"https:\/\/orthodoxalbania.org\/2020\/2013\/03\/21\/tirane-liturgji-hyjnore-sinodike-me-rastin-e-festes-se-100-vjetorit-te-pavarsise\/","title":{"rendered":"Tiran\u00eb, Liturgji Hyjnore Sinodike me rastin e fest\u00ebs s\u00eb 100-vjetorit t\u00eb Pavarsis\u00eb. (28 N\u00ebntor 2012)"},"content":{"rendered":"<div style=\"text-align: justify;\">\n\t<span style=\"color:#000000;\"><span style=\"font-size: 12px;\"><span style=\"font-family: tahoma,geneva,sans-serif;\"><img class=\"lazyload\" decoding=\"async\" alt=\"\" src=\"data:image\/gif;base64,R0lGODlhAQABAAAAACH5BAEKAAEALAAAAAABAAEAAAICTAEAOw==\" data-orig-src=\"https:\/\/lh3.googleusercontent.com\/-EaKNxiiDN1I\/ULcsFRi-GEI\/AAAAAAAABTo\/t33FXcNiDY0\/s600\/DSC_0030.JPG\" style=\"width: 200px; height: 133px; border-width: 1px; border-style: solid; margin: 10px; float: left;\" \/>&nbsp;&nbsp;&nbsp; Sipas tradit\u00ebs s\u00eb Kish\u00ebs Orthodhokse, p\u00ebr t\u00eb p\u00ebrkujtuar ngjarjen e bekuar t\u00eb \u00e7lirimit nga okupacioni 500-vje\u00e7ar dhe 100-vjetorin e Shpalljes s\u00eb Pavarsis\u00eb, sot, m\u00eb 28 N\u00ebntor, u krye n\u00eb Katedralen e Tiran\u00ebs \u201cNgjallja e Krishtit\u201d Liturgjia Hyjnore Arkihieratike festive. N\u00eb t\u00eb bashk\u00ebmeshuan Kryepiskopi i Tiran\u00ebs dhe i gjith\u00eb Shqip\u00ebris\u00eb Anastasi dhe an\u00ebtar\u00ebt e Sinodit t\u00eb Shenjt\u00eb.<\/span><\/span><\/span><\/div>\n<div style=\"text-align: justify;\">\n\t<br \/>\n\t<span style=\"color:#000000;\"><span style=\"font-size: 12px;\"><span style=\"font-family: tahoma,geneva,sans-serif;\">&nbsp;&nbsp;&nbsp; Duke iu drejtuar besimtar\u00ebve Kryepiskopi Anastas uroi p\u00ebr k\u00ebt\u00eb ngjarje t\u00eb bekuar historike t\u00eb popullit shqiptar. Ai p\u00ebrkujtoi edhe se gjat\u00eb shekullit t\u00eb kaluar p\u00ebr Kish\u00ebn pati nj\u00eb periudh\u00eb t\u00eb eg\u00ebr persekutimi, nd\u00ebrsa duke iu referuar sfidave t\u00eb s\u00eb ardhmes p\u00ebr popullin ton\u00eb p\u00ebrdori p\u00ebrmbledhjen e Apostullit t\u00eb dit\u00ebs. Se do t\u00eb na duhen m\u00eb shum\u00eb besim, shpres\u00eb dhe dashuri. Ai nxiti besimtar\u00ebt orthodhoks\u00eb, q\u00eb duke u dalluar n\u00eb k\u00ebto tri virtyte, t\u00eb vazhdojn\u00eb t\u00eb japin kontributin e tyre t\u00eb qen\u00ebsish\u00ebm dhe t\u00eb pandar\u00eb n\u00eb shoq\u00ebrin\u00eb shqiptare.<\/span><\/span><\/span><\/div>\n<div style=\"text-align: justify;\">\n\t<br \/>\n\t<span style=\"color:#000000;\"><span style=\"font-size: 12px;\"><span style=\"font-family: tahoma,geneva,sans-serif;\">&nbsp;&nbsp;&nbsp; N\u00eb fund u b\u00eb Dhoksologjia e Flamurit. M\u00eb pas, n\u00eb qendr\u00ebn kulturore t\u00eb Katedrales pati nj\u00eb koncert festiv me rastin e 100-vjetorit t\u00eb Pavarsis\u00eb me grupe t\u00eb qendrave arsimore dhe shpirt\u00ebrore t\u00eb Kish\u00ebs son\u00eb.<\/span><\/span><\/span><\/div>\n<p style=\"text-align: justify;\">\n\t&nbsp;<\/p>\n<p style=\"text-align: justify;\">\n\t<span style=\"color:#000000;\"><span style=\"font-size: 12px;\"><span style=\"font-family: tahoma,geneva,sans-serif;\"><img class=\"lazyload\" decoding=\"async\" alt=\"\" src=\"data:image\/gif;base64,R0lGODlhAQABAAAAACH5BAEKAAEALAAAAAABAAEAAAICTAEAOw==\" data-orig-src=\"https:\/\/lh4.googleusercontent.com\/-xToTXrLnyN0\/ULcsFaYPZKI\/AAAAAAAABTw\/aJhR7Hjksfw\/s600\/DSC_0041.JPG\" style=\"width: 600px; height: 400px; border-width: 1px; border-style: solid; margin: 10px; float: left;\" \/><\/span><\/span><\/span><\/p>\n<p style=\"text-align: justify;\">\n\t<span style=\"color:#000000;\"><span style=\"font-size: 12px;\"><span style=\"font-family: tahoma,geneva,sans-serif;\"><img class=\"lazyload\" decoding=\"async\" alt=\"\" src=\"data:image\/gif;base64,R0lGODlhAQABAAAAACH5BAEKAAEALAAAAAABAAEAAAICTAEAOw==\" data-orig-src=\"https:\/\/lh3.googleusercontent.com\/-EaKNxiiDN1I\/ULcsFRi-GEI\/AAAAAAAABTo\/t33FXcNiDY0\/s600\/DSC_0030.JPG\" style=\"width: 600px; height: 400px; border-width: 1px; border-style: solid; margin: 10px; float: left;\" \/><\/span><\/span><\/span><\/p>\n<p style=\"text-align: justify;\">\n\t<span style=\"color:#000000;\"><span style=\"font-size: 12px;\"><span style=\"font-family: tahoma,geneva,sans-serif;\"><img class=\"lazyload\" decoding=\"async\" alt=\"\" src=\"data:image\/gif;base64,R0lGODlhAQABAAAAACH5BAEKAAEALAAAAAABAAEAAAICTAEAOw==\" data-orig-src=\"https:\/\/lh5.googleusercontent.com\/-GK0r3zYdf1M\/ULcsGrIDf2I\/AAAAAAAABUI\/3-QTTm1K5d8\/s600\/DSC_0085.JPG\" style=\"width: 600px; height: 400px; border-width: 1px; border-style: solid; margin: 10px; float: left;\" \/><\/span><\/span><\/span><\/p>\n<p style=\"text-align: justify;\">\n\t<span style=\"color:#000000;\"><span style=\"font-size: 12px;\"><span style=\"font-family: tahoma,geneva,sans-serif;\"><img class=\"lazyload\" decoding=\"async\" alt=\"\" src=\"data:image\/gif;base64,R0lGODlhAQABAAAAACH5BAEKAAEALAAAAAABAAEAAAICTAEAOw==\" data-orig-src=\"https:\/\/lh3.googleusercontent.com\/-Syuin1DLiaE\/ULcsGZNCGeI\/AAAAAAAABT4\/EwdKFd_twD8\/s600\/DSC_0069.JPG\" style=\"width: 600px; height: 400px; border-width: 1px; border-style: solid; margin: 10px; float: left;\" \/><\/span><\/span><\/span><\/p>\n<p style=\"text-align: justify;\">\n\t<span style=\"color:#000000;\"><span style=\"font-size: 12px;\"><span style=\"font-family: tahoma,geneva,sans-serif;\"><img class=\"lazyload\" decoding=\"async\" alt=\"\" src=\"data:image\/gif;base64,R0lGODlhAQABAAAAACH5BAEKAAEALAAAAAABAAEAAAICTAEAOw==\" data-orig-src=\"https:\/\/lh5.googleusercontent.com\/-9SsNc90wUSw\/ULcsHmVfVYI\/AAAAAAAABUM\/rIIF47-CYk0\/s600\/DSC_0112.JPG\" style=\"width: 600px; height: 400px; border-width: 1px; border-style: solid; margin: 10px; float: left;\" \/><\/span><\/span><\/span><\/p>\n<p style=\"text-align: justify;\">\n\t<span style=\"color:#000000;\"><span style=\"font-size: 12px;\"><span style=\"font-family: tahoma,geneva,sans-serif;\"><img class=\"lazyload\" decoding=\"async\" alt=\"\" src=\"data:image\/gif;base64,R0lGODlhAQABAAAAACH5BAEKAAEALAAAAAABAAEAAAICTAEAOw==\" data-orig-src=\"https:\/\/lh4.googleusercontent.com\/-v-bxA81tCBg\/ULcsIAA0F2I\/AAAAAAAABUc\/ToS34pKkaSU\/s600\/DSC_0120.JPG\" style=\"width: 600px; height: 400px; border-width: 1px; border-style: solid; margin: 10px; float: left;\" \/><\/span><\/span><\/span><\/p>\n<p style=\"text-align: justify;\">\n\t<span style=\"color:#000000;\"><span style=\"font-size: 12px;\"><span style=\"font-family: tahoma,geneva,sans-serif;\"><img class=\"lazyload\" decoding=\"async\" alt=\"\" src=\"data:image\/gif;base64,R0lGODlhAQABAAAAACH5BAEKAAEALAAAAAABAAEAAAICTAEAOw==\" data-orig-src=\"https:\/\/lh5.googleusercontent.com\/-CibIdWR0cWA\/ULcsItj_x7I\/AAAAAAAABUY\/n7oIFmf5jzk\/s600\/DSC_0134.JPG\" style=\"width: 600px; height: 400px; border-width: 1px; border-style: solid; margin: 10px; float: left;\" \/><\/span><\/span><\/span><br \/>\n\t&nbsp;<\/p>\n","protected":false},"excerpt":{"rendered":"<p>&nbsp;&nbsp;&nbsp; Sipas tradit\u00ebs s\u00eb Kish\u00ebs Orthodhokse, p\u00ebr t\u00eb p\u00ebrkujtuar ngjarjen e bekuar t\u00eb \u00e7lirimit nga okupacioni 500-vje\u00e7ar dhe 100-vjetorin e Shpalljes s\u00eb Pavarsis\u00eb, sot, m\u00eb 28 N\u00ebntor, u krye n\u00eb Katedralen e Tiran\u00ebs \u201cNgjallja e Krishtit\u201d Liturgjia Hyjnore Arkihieratike festive. N\u00eb t\u00eb bashk\u00ebmeshuan Kryepiskopi i Tiran\u00ebs dhe i gjith\u00eb Shqip\u00ebris\u00eb Anastasi dhe an\u00ebtar\u00ebt e Sinodit t\u00eb Shenjt\u00eb. &nbsp;&nbsp;&nbsp; Duke iu drejtuar besimtar\u00ebve Kryepiskopi Anastas uroi<\/p>\n","protected":false},"author":1,"featured_media":0,"comment_status":"open","ping_status":"open","sticky":false,"template":"","format":"standard","meta":{"_acf_changed":false,"pagelayer_contact_templates":[],"_pagelayer_content":"","inline_featured_image":false,"fifu_image_url":"","fifu_image_alt":"","footnotes":""},"categories":[108],"tags":[142,154,157,196,201,212],"class_list":["post-1460","post","type-post","status-publish","format-standard","hentry","category-lajme","tag-142","tag-aktivitete","tag-kremtime","tag-tirane","tag-kryepiskopi-anastas","tag-lajme-d27"],"acf":[],"yoast_head":"<!-- This site is optimized with the Yoast SEO plugin v27.2 - https:\/\/yoast.com\/product\/yoast-seo-wordpress\/ -->\n<title>Tiran\u00eb, Liturgji Hyjnore Sinodike me rastin e fest\u00ebs s\u00eb 100-vjetorit t\u00eb Pavarsis\u00eb. (28 N\u00ebntor 2012) - Kisha Orthodh\u03bfkse Autoqefale e Shqip\u00ebris\u00eb<\/title>\n<meta name=\"robots\" content=\"index, follow, max-snippet:-1, max-image-preview:large, max-video-preview:-1\" \/>\n<link rel=\"canonical\" href=\"https:\/\/orthodoxalbania.org\/2020\/2013\/03\/21\/tirane-liturgji-hyjnore-sinodike-me-rastin-e-festes-se-100-vjetorit-te-pavarsise\/\" \/>\n<meta property=\"og:locale\" content=\"en_US\" \/>\n<meta property=\"og:type\" content=\"article\" \/>\n<meta property=\"og:title\" content=\"Tiran\u00eb, Liturgji Hyjnore Sinodike me rastin e fest\u00ebs s\u00eb 100-vjetorit t\u00eb Pavarsis\u00eb. (28 N\u00ebntor 2012) - Kisha Orthodh\u03bfkse Autoqefale e Shqip\u00ebris\u00eb\" \/>\n<meta property=\"og:description\" content=\"&nbsp;&nbsp;&nbsp; Sipas tradit\u00ebs s\u00eb Kish\u00ebs Orthodhokse, p\u00ebr t\u00eb p\u00ebrkujtuar ngjarjen e bekuar t\u00eb \u00e7lirimit nga okupacioni 500-vje\u00e7ar dhe 100-vjetorin e Shpalljes s\u00eb Pavarsis\u00eb, sot, m\u00eb 28 N\u00ebntor, u krye n\u00eb Katedralen e Tiran\u00ebs \u201cNgjallja e Krishtit\u201d Liturgjia Hyjnore Arkihieratike festive. N\u00eb t\u00eb bashk\u00ebmeshuan Kryepiskopi i Tiran\u00ebs dhe i gjith\u00eb Shqip\u00ebris\u00eb Anastasi dhe an\u00ebtar\u00ebt e Sinodit t\u00eb Shenjt\u00eb. &nbsp;&nbsp;&nbsp; Duke iu drejtuar besimtar\u00ebve Kryepiskopi Anastas uroi\" \/>\n<meta property=\"og:url\" content=\"https:\/\/orthodoxalbania.org\/2020\/2013\/03\/21\/tirane-liturgji-hyjnore-sinodike-me-rastin-e-festes-se-100-vjetorit-te-pavarsise\/\" \/>\n<meta property=\"og:site_name\" content=\"Kisha Orthodh\u03bfkse Autoqefale e Shqip\u00ebris\u00eb\" \/>\n<meta property=\"article:publisher\" content=\"https:\/\/www.facebook.com\/koash1991\" \/>\n<meta property=\"article:published_time\" content=\"2013-03-21T12:31:38+00:00\" \/>\n<meta property=\"article:modified_time\" content=\"2020-04-06T20:05:54+00:00\" \/>\n<meta property=\"og:image\" content=\"https:\/\/lh3.googleusercontent.com\/-EaKNxiiDN1I\/ULcsFRi-GEI\/AAAAAAAABTo\/t33FXcNiDY0\/s600\/DSC_0030.JPG\" \/>\n<meta name=\"author\" content=\"Kisha Orthodhokse\" \/>\n<meta name=\"twitter:card\" content=\"summary_large_image\" \/>\n<meta name=\"twitter:label1\" content=\"Written by\" \/>\n\t<meta name=\"twitter:data1\" content=\"Kisha Orthodhokse\" \/>\n\t<meta name=\"twitter:label2\" content=\"Est. reading time\" \/>\n\t<meta name=\"twitter:data2\" content=\"1 minute\" \/>\n<script type=\"application\/ld+json\" class=\"yoast-schema-graph\">{\"@context\":\"https:\/\/schema.org\",\"@graph\":[{\"@type\":\"Article\",\"@id\":\"https:\/\/orthodoxalbania.org\/2020\/2013\/03\/21\/tirane-liturgji-hyjnore-sinodike-me-rastin-e-festes-se-100-vjetorit-te-pavarsise\/#article\",\"isPartOf\":{\"@id\":\"https:\/\/orthodoxalbania.org\/2020\/2013\/03\/21\/tirane-liturgji-hyjnore-sinodike-me-rastin-e-festes-se-100-vjetorit-te-pavarsise\/\"},\"author\":{\"name\":\"Kisha Orthodhokse\",\"@id\":\"https:\/\/orthodoxalbania.org\/2020\/#\/schema\/person\/0c387634a7063ac612d7ed9ce71c7e86\"},\"headline\":\"Tiran\u00eb, Liturgji Hyjnore Sinodike me rastin e fest\u00ebs s\u00eb 100-vjetorit t\u00eb Pavarsis\u00eb. (28 N\u00ebntor 2012)\",\"datePublished\":\"2013-03-21T12:31:38+00:00\",\"dateModified\":\"2020-04-06T20:05:54+00:00\",\"mainEntityOfPage\":{\"@id\":\"https:\/\/orthodoxalbania.org\/2020\/2013\/03\/21\/tirane-liturgji-hyjnore-sinodike-me-rastin-e-festes-se-100-vjetorit-te-pavarsise\/\"},\"wordCount\":234,\"commentCount\":0,\"publisher\":{\"@id\":\"https:\/\/orthodoxalbania.org\/2020\/#organization\"},\"image\":{\"@id\":\"https:\/\/orthodoxalbania.org\/2020\/2013\/03\/21\/tirane-liturgji-hyjnore-sinodike-me-rastin-e-festes-se-100-vjetorit-te-pavarsise\/#primaryimage\"},\"thumbnailUrl\":\"https:\/\/lh3.googleusercontent.com\/-EaKNxiiDN1I\/ULcsFRi-GEI\/AAAAAAAABTo\/t33FXcNiDY0\/s600\/DSC_0030.JPG\",\"keywords\":[\"2012\",\"Aktivitete\",\"Kremtime\",\"Kryepiskopata Tiran\u00eb\",\"Kryepiskopi Anastas\",\"lajme\"],\"articleSection\":[\"Lajme\"],\"inLanguage\":\"en-US\"},{\"@type\":\"WebPage\",\"@id\":\"https:\/\/orthodoxalbania.org\/2020\/2013\/03\/21\/tirane-liturgji-hyjnore-sinodike-me-rastin-e-festes-se-100-vjetorit-te-pavarsise\/\",\"url\":\"https:\/\/orthodoxalbania.org\/2020\/2013\/03\/21\/tirane-liturgji-hyjnore-sinodike-me-rastin-e-festes-se-100-vjetorit-te-pavarsise\/\",\"name\":\"Tiran\u00eb, Liturgji Hyjnore Sinodike me rastin e fest\u00ebs s\u00eb 100-vjetorit t\u00eb Pavarsis\u00eb. (28 N\u00ebntor 2012) - Kisha Orthodh\u03bfkse Autoqefale e Shqip\u00ebris\u00eb\",\"isPartOf\":{\"@id\":\"https:\/\/orthodoxalbania.org\/2020\/#website\"},\"primaryImageOfPage\":{\"@id\":\"https:\/\/orthodoxalbania.org\/2020\/2013\/03\/21\/tirane-liturgji-hyjnore-sinodike-me-rastin-e-festes-se-100-vjetorit-te-pavarsise\/#primaryimage\"},\"image\":{\"@id\":\"https:\/\/orthodoxalbania.org\/2020\/2013\/03\/21\/tirane-liturgji-hyjnore-sinodike-me-rastin-e-festes-se-100-vjetorit-te-pavarsise\/#primaryimage\"},\"thumbnailUrl\":\"https:\/\/lh3.googleusercontent.com\/-EaKNxiiDN1I\/ULcsFRi-GEI\/AAAAAAAABTo\/t33FXcNiDY0\/s600\/DSC_0030.JPG\",\"datePublished\":\"2013-03-21T12:31:38+00:00\",\"dateModified\":\"2020-04-06T20:05:54+00:00\",\"breadcrumb\":{\"@id\":\"https:\/\/orthodoxalbania.org\/2020\/2013\/03\/21\/tirane-liturgji-hyjnore-sinodike-me-rastin-e-festes-se-100-vjetorit-te-pavarsise\/#breadcrumb\"},\"inLanguage\":\"en-US\",\"potentialAction\":[{\"@type\":\"ReadAction\",\"target\":[\"https:\/\/orthodoxalbania.org\/2020\/2013\/03\/21\/tirane-liturgji-hyjnore-sinodike-me-rastin-e-festes-se-100-vjetorit-te-pavarsise\/\"]}]},{\"@type\":\"ImageObject\",\"inLanguage\":\"en-US\",\"@id\":\"https:\/\/orthodoxalbania.org\/2020\/2013\/03\/21\/tirane-liturgji-hyjnore-sinodike-me-rastin-e-festes-se-100-vjetorit-te-pavarsise\/#primaryimage\",\"url\":\"https:\/\/lh3.googleusercontent.com\/-EaKNxiiDN1I\/ULcsFRi-GEI\/AAAAAAAABTo\/t33FXcNiDY0\/s600\/DSC_0030.JPG\",\"contentUrl\":\"https:\/\/lh3.googleusercontent.com\/-EaKNxiiDN1I\/ULcsFRi-GEI\/AAAAAAAABTo\/t33FXcNiDY0\/s600\/DSC_0030.JPG\"},{\"@type\":\"BreadcrumbList\",\"@id\":\"https:\/\/orthodoxalbania.org\/2020\/2013\/03\/21\/tirane-liturgji-hyjnore-sinodike-me-rastin-e-festes-se-100-vjetorit-te-pavarsise\/#breadcrumb\",\"itemListElement\":[{\"@type\":\"ListItem\",\"position\":1,\"name\":\"Home\",\"item\":\"https:\/\/orthodoxalbania.org\/2020\/\"},{\"@type\":\"ListItem\",\"position\":2,\"name\":\"Tiran\u00eb, Liturgji Hyjnore Sinodike me rastin e fest\u00ebs s\u00eb 100-vjetorit t\u00eb Pavarsis\u00eb. (28 N\u00ebntor 2012)\"}]},{\"@type\":\"WebSite\",\"@id\":\"https:\/\/orthodoxalbania.org\/2020\/#website\",\"url\":\"https:\/\/orthodoxalbania.org\/2020\/\",\"name\":\"Kisha Orthodh\u03bfkse Autoqefale e Shqip\u00ebris\u00eb\",\"description\":\"Fqja Zyrtare e Kish\u00ebs Orthodhokse Autoqefale e Shqip\u00ebris\u00eb me lajmet edhe informacionet zyrtare p\u00ebr struktur\u00ebn edhe veprimtarin e saj.\",\"publisher\":{\"@id\":\"https:\/\/orthodoxalbania.org\/2020\/#organization\"},\"potentialAction\":[{\"@type\":\"SearchAction\",\"target\":{\"@type\":\"EntryPoint\",\"urlTemplate\":\"https:\/\/orthodoxalbania.org\/2020\/?s={search_term_string}\"},\"query-input\":{\"@type\":\"PropertyValueSpecification\",\"valueRequired\":true,\"valueName\":\"search_term_string\"}}],\"inLanguage\":\"en-US\"},{\"@type\":\"Organization\",\"@id\":\"https:\/\/orthodoxalbania.org\/2020\/#organization\",\"name\":\"Kisha Orthodhokse Autoqefale e Shqip\u00ebris\u00eb\",\"url\":\"https:\/\/orthodoxalbania.org\/2020\/\",\"logo\":{\"@type\":\"ImageObject\",\"inLanguage\":\"en-US\",\"@id\":\"https:\/\/orthodoxalbania.org\/2020\/#\/schema\/logo\/image\/\",\"url\":\"https:\/\/orthodoxalbania.org\/2020\/wp-content\/uploads\/2020\/05\/albania.jpeg\",\"contentUrl\":\"https:\/\/orthodoxalbania.org\/2020\/wp-content\/uploads\/2020\/05\/albania.jpeg\",\"width\":540,\"height\":540,\"caption\":\"Kisha Orthodhokse Autoqefale e Shqip\u00ebris\u00eb\"},\"image\":{\"@id\":\"https:\/\/orthodoxalbania.org\/2020\/#\/schema\/logo\/image\/\"},\"sameAs\":[\"https:\/\/www.facebook.com\/koash1991\"]},{\"@type\":\"Person\",\"@id\":\"https:\/\/orthodoxalbania.org\/2020\/#\/schema\/person\/0c387634a7063ac612d7ed9ce71c7e86\",\"name\":\"Kisha Orthodhokse\",\"image\":{\"@type\":\"ImageObject\",\"inLanguage\":\"en-US\",\"@id\":\"https:\/\/secure.gravatar.com\/avatar\/596e7c417251e30f2fbb9c00e026fce61a695a00e51c889caded71c96cbbdde5?s=96&d=mm&r=g\",\"url\":\"https:\/\/secure.gravatar.com\/avatar\/596e7c417251e30f2fbb9c00e026fce61a695a00e51c889caded71c96cbbdde5?s=96&d=mm&r=g\",\"contentUrl\":\"https:\/\/secure.gravatar.com\/avatar\/596e7c417251e30f2fbb9c00e026fce61a695a00e51c889caded71c96cbbdde5?s=96&d=mm&r=g\",\"caption\":\"Kisha Orthodhokse\"}}]}<\/script>\n<!-- \/ Yoast SEO plugin. -->","yoast_head_json":{"title":"Tiran\u00eb, Liturgji Hyjnore Sinodike me rastin e fest\u00ebs s\u00eb 100-vjetorit t\u00eb Pavarsis\u00eb. (28 N\u00ebntor 2012) - Kisha Orthodh\u03bfkse Autoqefale e Shqip\u00ebris\u00eb","robots":{"index":"index","follow":"follow","max-snippet":"max-snippet:-1","max-image-preview":"max-image-preview:large","max-video-preview":"max-video-preview:-1"},"canonical":"https:\/\/orthodoxalbania.org\/2020\/2013\/03\/21\/tirane-liturgji-hyjnore-sinodike-me-rastin-e-festes-se-100-vjetorit-te-pavarsise\/","og_locale":"en_US","og_type":"article","og_title":"Tiran\u00eb, Liturgji Hyjnore Sinodike me rastin e fest\u00ebs s\u00eb 100-vjetorit t\u00eb Pavarsis\u00eb. (28 N\u00ebntor 2012) - Kisha Orthodh\u03bfkse Autoqefale e Shqip\u00ebris\u00eb","og_description":"&nbsp;&nbsp;&nbsp; Sipas tradit\u00ebs s\u00eb Kish\u00ebs Orthodhokse, p\u00ebr t\u00eb p\u00ebrkujtuar ngjarjen e bekuar t\u00eb \u00e7lirimit nga okupacioni 500-vje\u00e7ar dhe 100-vjetorin e Shpalljes s\u00eb Pavarsis\u00eb, sot, m\u00eb 28 N\u00ebntor, u krye n\u00eb Katedralen e Tiran\u00ebs \u201cNgjallja e Krishtit\u201d Liturgjia Hyjnore Arkihieratike festive. N\u00eb t\u00eb bashk\u00ebmeshuan Kryepiskopi i Tiran\u00ebs dhe i gjith\u00eb Shqip\u00ebris\u00eb Anastasi dhe an\u00ebtar\u00ebt e Sinodit t\u00eb Shenjt\u00eb. &nbsp;&nbsp;&nbsp; Duke iu drejtuar besimtar\u00ebve Kryepiskopi Anastas uroi","og_url":"https:\/\/orthodoxalbania.org\/2020\/2013\/03\/21\/tirane-liturgji-hyjnore-sinodike-me-rastin-e-festes-se-100-vjetorit-te-pavarsise\/","og_site_name":"Kisha Orthodh\u03bfkse Autoqefale e Shqip\u00ebris\u00eb","article_publisher":"https:\/\/www.facebook.com\/koash1991","article_published_time":"2013-03-21T12:31:38+00:00","article_modified_time":"2020-04-06T20:05:54+00:00","og_image":[{"url":"https:\/\/lh3.googleusercontent.com\/-EaKNxiiDN1I\/ULcsFRi-GEI\/AAAAAAAABTo\/t33FXcNiDY0\/s600\/DSC_0030.JPG","type":"","width":"","height":""}],"author":"Kisha Orthodhokse","twitter_card":"summary_large_image","twitter_misc":{"Written by":"Kisha Orthodhokse","Est. reading time":"1 minute"},"schema":{"@context":"https:\/\/schema.org","@graph":[{"@type":"Article","@id":"https:\/\/orthodoxalbania.org\/2020\/2013\/03\/21\/tirane-liturgji-hyjnore-sinodike-me-rastin-e-festes-se-100-vjetorit-te-pavarsise\/#article","isPartOf":{"@id":"https:\/\/orthodoxalbania.org\/2020\/2013\/03\/21\/tirane-liturgji-hyjnore-sinodike-me-rastin-e-festes-se-100-vjetorit-te-pavarsise\/"},"author":{"name":"Kisha Orthodhokse","@id":"https:\/\/orthodoxalbania.org\/2020\/#\/schema\/person\/0c387634a7063ac612d7ed9ce71c7e86"},"headline":"Tiran\u00eb, Liturgji Hyjnore Sinodike me rastin e fest\u00ebs s\u00eb 100-vjetorit t\u00eb Pavarsis\u00eb. (28 N\u00ebntor 2012)","datePublished":"2013-03-21T12:31:38+00:00","dateModified":"2020-04-06T20:05:54+00:00","mainEntityOfPage":{"@id":"https:\/\/orthodoxalbania.org\/2020\/2013\/03\/21\/tirane-liturgji-hyjnore-sinodike-me-rastin-e-festes-se-100-vjetorit-te-pavarsise\/"},"wordCount":234,"commentCount":0,"publisher":{"@id":"https:\/\/orthodoxalbania.org\/2020\/#organization"},"image":{"@id":"https:\/\/orthodoxalbania.org\/2020\/2013\/03\/21\/tirane-liturgji-hyjnore-sinodike-me-rastin-e-festes-se-100-vjetorit-te-pavarsise\/#primaryimage"},"thumbnailUrl":"https:\/\/lh3.googleusercontent.com\/-EaKNxiiDN1I\/ULcsFRi-GEI\/AAAAAAAABTo\/t33FXcNiDY0\/s600\/DSC_0030.JPG","keywords":["2012","Aktivitete","Kremtime","Kryepiskopata Tiran\u00eb","Kryepiskopi Anastas","lajme"],"articleSection":["Lajme"],"inLanguage":"en-US"},{"@type":"WebPage","@id":"https:\/\/orthodoxalbania.org\/2020\/2013\/03\/21\/tirane-liturgji-hyjnore-sinodike-me-rastin-e-festes-se-100-vjetorit-te-pavarsise\/","url":"https:\/\/orthodoxalbania.org\/2020\/2013\/03\/21\/tirane-liturgji-hyjnore-sinodike-me-rastin-e-festes-se-100-vjetorit-te-pavarsise\/","name":"Tiran\u00eb, Liturgji Hyjnore Sinodike me rastin e fest\u00ebs s\u00eb 100-vjetorit t\u00eb Pavarsis\u00eb. (28 N\u00ebntor 2012) - Kisha Orthodh\u03bfkse Autoqefale e Shqip\u00ebris\u00eb","isPartOf":{"@id":"https:\/\/orthodoxalbania.org\/2020\/#website"},"primaryImageOfPage":{"@id":"https:\/\/orthodoxalbania.org\/2020\/2013\/03\/21\/tirane-liturgji-hyjnore-sinodike-me-rastin-e-festes-se-100-vjetorit-te-pavarsise\/#primaryimage"},"image":{"@id":"https:\/\/orthodoxalbania.org\/2020\/2013\/03\/21\/tirane-liturgji-hyjnore-sinodike-me-rastin-e-festes-se-100-vjetorit-te-pavarsise\/#primaryimage"},"thumbnailUrl":"https:\/\/lh3.googleusercontent.com\/-EaKNxiiDN1I\/ULcsFRi-GEI\/AAAAAAAABTo\/t33FXcNiDY0\/s600\/DSC_0030.JPG","datePublished":"2013-03-21T12:31:38+00:00","dateModified":"2020-04-06T20:05:54+00:00","breadcrumb":{"@id":"https:\/\/orthodoxalbania.org\/2020\/2013\/03\/21\/tirane-liturgji-hyjnore-sinodike-me-rastin-e-festes-se-100-vjetorit-te-pavarsise\/#breadcrumb"},"inLanguage":"en-US","potentialAction":[{"@type":"ReadAction","target":["https:\/\/orthodoxalbania.org\/2020\/2013\/03\/21\/tirane-liturgji-hyjnore-sinodike-me-rastin-e-festes-se-100-vjetorit-te-pavarsise\/"]}]},{"@type":"ImageObject","inLanguage":"en-US","@id":"https:\/\/orthodoxalbania.org\/2020\/2013\/03\/21\/tirane-liturgji-hyjnore-sinodike-me-rastin-e-festes-se-100-vjetorit-te-pavarsise\/#primaryimage","url":"https:\/\/lh3.googleusercontent.com\/-EaKNxiiDN1I\/ULcsFRi-GEI\/AAAAAAAABTo\/t33FXcNiDY0\/s600\/DSC_0030.JPG","contentUrl":"https:\/\/lh3.googleusercontent.com\/-EaKNxiiDN1I\/ULcsFRi-GEI\/AAAAAAAABTo\/t33FXcNiDY0\/s600\/DSC_0030.JPG"},{"@type":"BreadcrumbList","@id":"https:\/\/orthodoxalbania.org\/2020\/2013\/03\/21\/tirane-liturgji-hyjnore-sinodike-me-rastin-e-festes-se-100-vjetorit-te-pavarsise\/#breadcrumb","itemListElement":[{"@type":"ListItem","position":1,"name":"Home","item":"https:\/\/orthodoxalbania.org\/2020\/"},{"@type":"ListItem","position":2,"name":"Tiran\u00eb, Liturgji Hyjnore Sinodike me rastin e fest\u00ebs s\u00eb 100-vjetorit t\u00eb Pavarsis\u00eb. (28 N\u00ebntor 2012)"}]},{"@type":"WebSite","@id":"https:\/\/orthodoxalbania.org\/2020\/#website","url":"https:\/\/orthodoxalbania.org\/2020\/","name":"Kisha Orthodh\u03bfkse Autoqefale e Shqip\u00ebris\u00eb","description":"Fqja Zyrtare e Kish\u00ebs Orthodhokse Autoqefale e Shqip\u00ebris\u00eb me lajmet edhe informacionet zyrtare p\u00ebr struktur\u00ebn edhe veprimtarin e saj.","publisher":{"@id":"https:\/\/orthodoxalbania.org\/2020\/#organization"},"potentialAction":[{"@type":"SearchAction","target":{"@type":"EntryPoint","urlTemplate":"https:\/\/orthodoxalbania.org\/2020\/?s={search_term_string}"},"query-input":{"@type":"PropertyValueSpecification","valueRequired":true,"valueName":"search_term_string"}}],"inLanguage":"en-US"},{"@type":"Organization","@id":"https:\/\/orthodoxalbania.org\/2020\/#organization","name":"Kisha Orthodhokse Autoqefale e Shqip\u00ebris\u00eb","url":"https:\/\/orthodoxalbania.org\/2020\/","logo":{"@type":"ImageObject","inLanguage":"en-US","@id":"https:\/\/orthodoxalbania.org\/2020\/#\/schema\/logo\/image\/","url":"https:\/\/orthodoxalbania.org\/2020\/wp-content\/uploads\/2020\/05\/albania.jpeg","contentUrl":"https:\/\/orthodoxalbania.org\/2020\/wp-content\/uploads\/2020\/05\/albania.jpeg","width":540,"height":540,"caption":"Kisha Orthodhokse Autoqefale e Shqip\u00ebris\u00eb"},"image":{"@id":"https:\/\/orthodoxalbania.org\/2020\/#\/schema\/logo\/image\/"},"sameAs":["https:\/\/www.facebook.com\/koash1991"]},{"@type":"Person","@id":"https:\/\/orthodoxalbania.org\/2020\/#\/schema\/person\/0c387634a7063ac612d7ed9ce71c7e86","name":"Kisha Orthodhokse","image":{"@type":"ImageObject","inLanguage":"en-US","@id":"https:\/\/secure.gravatar.com\/avatar\/596e7c417251e30f2fbb9c00e026fce61a695a00e51c889caded71c96cbbdde5?s=96&d=mm&r=g","url":"https:\/\/secure.gravatar.com\/avatar\/596e7c417251e30f2fbb9c00e026fce61a695a00e51c889caded71c96cbbdde5?s=96&d=mm&r=g","contentUrl":"https:\/\/secure.gravatar.com\/avatar\/596e7c417251e30f2fbb9c00e026fce61a695a00e51c889caded71c96cbbdde5?s=96&d=mm&r=g","caption":"Kisha Orthodhokse"}}]}},"_links":{"self":[{"href":"https:\/\/orthodoxalbania.org\/2020\/wp-json\/wp\/v2\/posts\/1460","targetHints":{"allow":["GET"]}}],"collection":[{"href":"https:\/\/orthodoxalbania.org\/2020\/wp-json\/wp\/v2\/posts"}],"about":[{"href":"https:\/\/orthodoxalbania.org\/2020\/wp-json\/wp\/v2\/types\/post"}],"author":[{"embeddable":true,"href":"https:\/\/orthodoxalbania.org\/2020\/wp-json\/wp\/v2\/users\/1"}],"replies":[{"embeddable":true,"href":"https:\/\/orthodoxalbania.org\/2020\/wp-json\/wp\/v2\/comments?post=1460"}],"version-history":[{"count":1,"href":"https:\/\/orthodoxalbania.org\/2020\/wp-json\/wp\/v2\/posts\/1460\/revisions"}],"predecessor-version":[{"id":15276,"href":"https:\/\/orthodoxalbania.org\/2020\/wp-json\/wp\/v2\/posts\/1460\/revisions\/15276"}],"wp:attachment":[{"href":"https:\/\/orthodoxalbania.org\/2020\/wp-json\/wp\/v2\/media?parent=1460"}],"wp:term":[{"taxonomy":"category","embeddable":true,"href":"https:\/\/orthodoxalbania.org\/2020\/wp-json\/wp\/v2\/categories?post=1460"},{"taxonomy":"post_tag","embeddable":true,"href":"https:\/\/orthodoxalbania.org\/2020\/wp-json\/wp\/v2\/tags?post=1460"}],"curies":[{"name":"wp","href":"https:\/\/api.w.org\/{rel}","templated":true}]}}