{"id":146,"date":"2008-02-26T00:00:00","date_gmt":"2008-02-26T00:00:00","guid":{"rendered":""},"modified":"2020-04-06T22:35:28","modified_gmt":"2020-04-06T20:35:28","slug":"fillimi-i-kreshmes-dhe-festat-kombetare-ne-akademine-teologjike-ngjallja-e-krishtit-shen-vlash-2008","status":"publish","type":"post","link":"https:\/\/orthodoxalbania.org\/2020\/2008\/02\/26\/fillimi-i-kreshmes-dhe-festat-kombetare-ne-akademine-teologjike-ngjallja-e-krishtit-shen-vlash-2008\/","title":{"rendered":"Fillimi i kreshm\u00ebs dhe festat komb\u00ebtare n\u00eb Akademin\u00eb Teologjike \u201cNgjallja e Krishtit\u201d, Sh\u00ebn Vlash. (2008)"},"content":{"rendered":"<table style=\"width: 858px; height: 1979px;\" border=\"0\">\n<tbody>\n<tr>\n<td style=\"text-align: center;\">\n<div><span style=\"color: #000000;\"><span style=\"font-family: tahoma,geneva,sans-serif;\"><span style=\"font-size: 12px;\"><img decoding=\"async\" class=\"lazyload HAa Eha\" style=\"margin: 10px auto; display: block; border: 1px solid;\" alt=\"\" src=\"data:image\/svg+xml,%3Csvg%20xmlns%3D%27http%3A%2F%2Fwww.w3.org%2F2000%2Fsvg%27%20width%3D%27363%27%20height%3D%27247%27%20viewBox%3D%270%200%20363%20247%27%3E%3Crect%20width%3D%27363%27%20height%3D%27247%27%20fill-opacity%3D%220%22%2F%3E%3C%2Fsvg%3E\" data-orig-src=\"https:\/\/lh3.googleusercontent.com\/-Th3ok7nYFnY\/VJFoJ5MrFMI\/AAAAAAAAIFo\/MPQeUPt36L0\/w448-h305-no\/1.JPG\" height=\"247\" width=\"363\" \/><\/span><\/span><\/span><\/div>\n<\/td>\n<td>\n<div style=\"text-align: justify;\"><span style=\"color: #000000;\"><span style=\"font-family: tahoma,geneva,sans-serif;\"><span style=\"font-size: 12px;\">&nbsp;&nbsp;<span style=\"font-family: helvetica; font-size: 12pt;\"> Akademia Teologjike \u201cNgjallja e Krishtit\u201d n\u00eb Sh\u00ebn Vlash organizoi dy festa gjat\u00eb muajit n\u00ebntor me rastin e fillimit t\u00eb kreshm\u00ebs s\u00eb Krishtlindjes si dhe festave komb\u00ebtare t\u00eb 28-29 N\u00ebntorit. Nj\u00eb fest\u00eb madh\u00ebshtore si Lindja e Shp\u00ebtimtarit ton\u00eb Jisu Krisht, sigurisht q\u00eb do paraprihet nga nj\u00eb koh\u00eb e g\u00ebzueshme kreshmimi.<\/span><\/span><\/span><\/span><\/div>\n<div style=\"text-align: justify;\"><span style=\"color: #000000; font-family: helvetica; font-size: 12pt;\"> &nbsp;&nbsp;&nbsp; N\u00eb k\u00ebt\u00eb dit\u00eb kaq t\u00eb r\u00ebnd\u00ebsishme, pik\u00ebrisht me rastin e fillimit t\u00eb kreshm\u00ebs, m\u00eb 14 n\u00ebntor, nderoi me pjes\u00ebmarrjen e tij dhe Mitropoliti i Beratit, Hir\u00ebsia e tij, imzot Ignati. Ai ishte i ftuari i nderit dhe referuesi p\u00ebr k\u00ebt\u00eb fest\u00eb.<\/span><\/div>\n<\/td>\n<\/tr>\n<tr>\n<td>\n<div style=\"text-align: justify;\"><span style=\"color: #000000;\"><span style=\"font-family: tahoma,geneva,sans-serif;\"><span style=\"font-size: 12px;\">&nbsp;&nbsp;<span style=\"font-family: helvetica; font-size: 12pt;\">&nbsp; N\u00eb fjal\u00ebn e tij, nd\u00ebr t\u00eb tjera, ai theksoi: \u201c<em>Kreshma \u00ebsht\u00eb thirrja p\u00ebr parap\u00ebrgatitjen p\u00ebr ardhjen e fest\u00ebs s\u00eb Krishtlindjeve. Edhe kjo kreshm\u00eb \u00ebsht\u00eb nj\u00eb periudh\u00eb shum\u00eb e r\u00ebnd\u00ebsishme pas Triodit p\u00ebr vet faktin e Mish\u00ebrimit t\u00eb Fjal\u00ebs. Mesia do ti pajtonte me Per\u00ebndin\u00eb, do t\u2019i shpaguante nga ligji dhe do t\u2019i b\u00ebnte bij t\u00eb Per\u00ebndis\u00eb<\/em>.\u201d M\u00eb tej ai n\u00ebnvizoi se kjo \u00ebsht\u00eb nj\u00eb fest\u00eb e paperceptueshme, por madh\u00ebshtore, t\u00eb gjith\u00eb u gjunj\u00ebzuan para Foshnj\u00ebs Hyjnore. Thell\u00ebsia e k\u00ebtij misteri \u00e7uditi bot\u00ebn, madje edhe rreshtat engj\u00ebllore. Erdhi si i p\u00ebrulur, lindi n\u00eb shpell\u00eb, njer\u00ebzit i b\u00ebn\u00eb nj\u00eb pritje t\u00eb varf\u00ebr, nuk i kushtuan r\u00ebnd\u00ebsi, por lavdia e Tij shk\u00eblqeu.<\/span><\/span><\/span><\/span><\/div>\n<\/td>\n<td style=\"text-align: center;\">\n<div style=\"text-align: justify;\"><span style=\"color: #000000;\"><span style=\"font-family: tahoma,geneva,sans-serif;\"><span style=\"font-size: 12px;\"><img decoding=\"async\" class=\"lazyload HAa Eha\" style=\"margin: 10px auto; display: block; border: 1px solid;\" alt=\"\" src=\"data:image\/svg+xml,%3Csvg%20xmlns%3D%27http%3A%2F%2Fwww.w3.org%2F2000%2Fsvg%27%20width%3D%27361%27%20height%3D%27247%27%20viewBox%3D%270%200%20361%20247%27%3E%3Crect%20width%3D%27361%27%20height%3D%27247%27%20fill-opacity%3D%220%22%2F%3E%3C%2Fsvg%3E\" data-orig-src=\"https:\/\/lh5.googleusercontent.com\/-7p7x-tH5jpk\/VJFoKAesEnI\/AAAAAAAAIGI\/rW70nlVPtzs\/w448-h307-no\/2.JPG\" height=\"247\" width=\"361\" \/><\/span><\/span><\/span><\/div>\n<\/td>\n<\/tr>\n<tr>\n<td style=\"text-align: center;\">\n<div><span style=\"color: #000000;\"><span style=\"font-family: tahoma,geneva,sans-serif;\"><span style=\"font-size: 12px;\"><img decoding=\"async\" class=\"lazyload HAa Eha\" style=\"margin: 10px auto; display: block; border: 1px solid;\" alt=\"\" src=\"data:image\/svg+xml,%3Csvg%20xmlns%3D%27http%3A%2F%2Fwww.w3.org%2F2000%2Fsvg%27%20width%3D%27370%27%20height%3D%27279%27%20viewBox%3D%270%200%20370%20279%27%3E%3Crect%20width%3D%27370%27%20height%3D%27279%27%20fill-opacity%3D%220%22%2F%3E%3C%2Fsvg%3E\" data-orig-src=\"https:\/\/lh5.googleusercontent.com\/-BD9pfszNjNQ\/VJFoKJR_API\/AAAAAAAAIGA\/eSMT8U44Sc0\/w445-h336-no\/3.JPG\" height=\"279\" width=\"370\" \/><\/span><\/span><\/span><\/div>\n<\/td>\n<td>\n<div style=\"text-align: justify;\"><span style=\"color: #000000;\"><span style=\"font-family: tahoma,geneva,sans-serif;\"><span style=\"font-size: 12px;\">&nbsp;<span style=\"font-family: helvetica; font-size: 12pt;\">&nbsp; Ai u njoh nga mag\u00ebt t\u00eb drejtuar nga ylli, t\u00eb cil\u00ebt i dhan\u00eb nderim si mbret, e admiruan mrekullin\u00eb e jasht\u00ebzakonshme. Kjo fest\u00eb \u00ebsht\u00eb \u00e7lirim prej m\u00ebkatit.<\/span><\/span><\/span><\/span><\/div>\n<div style=\"text-align: justify;\"><span style=\"color: #000000; font-family: helvetica; font-size: 12pt;\"> &nbsp; &nbsp; M\u00eb pas, duke uruar dhe inkurajuar t\u00eb pranishmit, Hir\u00ebsi Ignati p\u00ebrcolli nj\u00eb mesazh t\u00eb r\u00ebnd\u00ebsish\u00ebm: \u201c<em>Le t\u00eb lavd\u00ebrojm\u00eb Zotin dhe le ta presim me shpirt t\u00eb past\u00ebr, t\u2019u shmangemi vog\u00eblsirave t\u00eb kota dhe t\u00eb largohemi nga m\u00ebkati, sepse shp\u00ebrblimi yn\u00eb do t\u00eb jet\u00eb i madh. P\u00ebr ata q\u00eb presin k\u00ebt\u00eb shp\u00ebrblim, g\u00ebzimi nuk do t\u00eb jet\u00eb as i huaj dhe as nostalgji, por i v\u00ebrtet\u00eb<\/em>.\u201d<\/span><\/div>\n<\/td>\n<\/tr>\n<tr>\n<td>\n<div style=\"text-align: justify;\"><span style=\"color: #000000;\"><span style=\"font-family: tahoma,geneva,sans-serif;\"><span style=\"font-size: 12px;\">&nbsp;&nbsp;<span style=\"font-size: 12pt; font-family: helvetica;\">&nbsp; Gjithashtu pjes\u00eb e k\u00ebtij aktiviteti ishin dhe nx\u00ebn\u00ebsit e Shkoll\u00ebs s\u00eb Mesme Kishtare \u201cKryqi i Nderuar\u201d, Sukth si edhe f\u00ebmij\u00ebt e Sht\u00ebpis\u00eb s\u00eb f\u00ebmij\u00ebve \u201cSht\u00ebpia Orthodhokse e Shpres\u00ebs\u201d me nj\u00eb program t\u00eb k\u00ebndsh\u00ebm, t\u00eb p\u00ebrgatitur me shum\u00eb p\u00ebrkushtim, enkas p\u00ebr at\u00eb dit\u00eb.&nbsp;<\/span><\/span><\/span><\/span><\/div>\n<div style=\"text-align: justify;\"><span style=\"color: #000000; font-size: 12pt; font-family: helvetica;\">&nbsp;&nbsp;<br \/> &nbsp;&nbsp;&nbsp; Aktiviteti u mbyll me p\u00ebrl\u00ebshoren e Krishtlindjes, psalur nga kori i Akademis\u00eb dhe gjith\u00eb pjes\u00ebmarr\u00ebsit.<\/span><\/div>\n<\/td>\n<td style=\"text-align: center;\">\n<div><span style=\"color: #000000;\"><span style=\"font-family: tahoma,geneva,sans-serif;\"><span style=\"font-size: 12px;\"><img decoding=\"async\" class=\"lazyload HAa Eha\" style=\"margin: 10px auto; display: block; border: 1px solid;\" alt=\"\" src=\"data:image\/svg+xml,%3Csvg%20xmlns%3D%27http%3A%2F%2Fwww.w3.org%2F2000%2Fsvg%27%20width%3D%27355%27%20height%3D%27247%27%20viewBox%3D%270%200%20355%20247%27%3E%3Crect%20width%3D%27355%27%20height%3D%27247%27%20fill-opacity%3D%220%22%2F%3E%3C%2Fsvg%3E\" data-orig-src=\"https:\/\/lh6.googleusercontent.com\/-aL1qkoBFCBk\/VJFoKbdGklI\/AAAAAAAAIF0\/Ku2Pzk9e6Ak\/w448-h312-no\/4.JPG\" height=\"247\" width=\"355\" \/><\/span><\/span><\/span><\/div>\n<\/td>\n<\/tr>\n<tr>\n<td style=\"text-align: center;\">\n<div><span style=\"color: #000000;\"><span style=\"font-family: tahoma,geneva,sans-serif;\"><span style=\"font-size: 12px;\"><img decoding=\"async\" class=\"lazyload HAa Eha\" style=\"margin: 10px auto; display: block; border: 1px solid;\" alt=\"\" src=\"data:image\/svg+xml,%3Csvg%20xmlns%3D%27http%3A%2F%2Fwww.w3.org%2F2000%2Fsvg%27%20width%3D%27364%27%20height%3D%27255%27%20viewBox%3D%270%200%20364%20255%27%3E%3Crect%20width%3D%27364%27%20height%3D%27255%27%20fill-opacity%3D%220%22%2F%3E%3C%2Fsvg%3E\" data-orig-src=\"https:\/\/lh3.googleusercontent.com\/-ZLoS-cMWLGc\/VJFoK4ghDiI\/AAAAAAAAIF4\/8RIIFh-aElU\/w448-h314-no\/5.JPG\" height=\"255\" width=\"364\" \/><\/span><\/span><\/span><\/div>\n<\/td>\n<td>\n<div style=\"text-align: justify;\"><span style=\"color: #000000;\"><span style=\"font-family: tahoma,geneva,sans-serif;\"><span style=\"font-size: 12px;\"><strong>&nbsp;&nbsp;&nbsp;&nbsp;&nbsp;&nbsp;&nbsp;&nbsp;&nbsp;&nbsp;&nbsp;&nbsp;&nbsp;&nbsp;&nbsp;&nbsp;&nbsp;&nbsp;&nbsp;&nbsp;&nbsp;&nbsp;&nbsp;&nbsp;&nbsp;&nbsp;&nbsp;&nbsp;&nbsp;&nbsp;&nbsp;&nbsp;&nbsp;&nbsp;&nbsp;&nbsp;&nbsp;&nbsp;&nbsp;&nbsp;&nbsp;&nbsp;&nbsp;&nbsp;&nbsp;&nbsp;&nbsp;&nbsp;&nbsp; <span style=\"font-family: helvetica; font-size: 12pt;\">*&nbsp;&nbsp;&nbsp; *&nbsp;&nbsp;&nbsp; *<\/span><\/strong><\/span><\/span><\/span><\/div>\n<div style=\"text-align: justify;\"><span style=\"color: #000000; font-family: helvetica; font-size: 12pt;\"><br \/> &nbsp;&nbsp;&nbsp; Dit\u00ebn e enjte n\u00eb dat\u00eb 27 n\u00ebntor, u p\u00ebrgatit nj\u00eb takim i ve\u00e7ant\u00eb n\u00eb sall\u00ebn \u201cSion\u201d n\u00eb kuad\u00ebr t\u00eb festave komb\u00ebtare t\u00eb 28-29 n\u00ebntorit. Aktiviteti u hap me troparin \u201cP\u00ebrluftesh\u00ebs gjenerale\u201d, p\u00ebr t\u2019u pasuar me recitime, lexime dhe k\u00ebng\u00eb t\u00eb p\u00ebrgatitura enkas p\u00ebr k\u00ebt\u00eb fest\u00eb. Gjithashtu, k\u00ebtij aktiviteti iu bashk\u00ebngjit dhe programi i p\u00ebrgatitur nga nx\u00ebn\u00ebsit Shkoll\u00ebs s\u00eb Mesme Kishtare \u201cKryqi i Nderuar\u201d, Sukth si edhe programi i f\u00ebmij\u00ebve t\u00eb Sht\u00ebpis\u00eb s\u00eb f\u00ebmij\u00ebve \u201cSht\u00ebpia Orthodhokse e Shpres\u00ebs\u201d.<\/span><\/div>\n<\/td>\n<\/tr>\n<tr>\n<td>\n<div style=\"text-align: justify;\"><span style=\"color: #000000;\"><span style=\"font-family: tahoma,geneva,sans-serif;\"><span style=\"font-size: 12px;\">&nbsp;&nbsp;&nbsp; <span style=\"font-family: helvetica; font-size: 12pt;\">Referues n\u00eb k\u00ebt\u00eb ishte Episkopi i Kruj\u00ebs, Hir\u00ebsia e tij imzot Andoni. N\u00eb fjal\u00ebn e tij, ai n\u00ebnvizoi r\u00ebnd\u00ebsin\u00eb e dashuris\u00eb, nderimit dhe respektit p\u00ebr vendin dhe njer\u00ebzit si nj\u00eb t\u00eb drejt\u00eb q\u00eb Per\u00ebndia e ka dh\u00ebn\u00eb. \u201c<em>Njeriu duhet t\u00eb respektohet p\u00ebr at\u00eb q\u00eb ai \u00ebsht\u00eb, pra, imazh i Per\u00ebndis\u00eb<\/em>\u201d. Hir\u00ebsi Andoni theksoi r\u00ebnd\u00ebsin\u00eb e paqes, e cila <em>\u201c&#8230;jo vet\u00ebm duhet vler\u00ebsuar kur e ke, por edhe duhet k\u00ebrkuar kur t\u00eb mungon&#8230;<\/em>\u201d. Ai mbylli fjalimin e tij me mesazhin: <em>\u201c&#8230;dashuria p\u00ebr atdheun nuk \u00ebsht\u00eb nj\u00eb utopi, as nj\u00eb demagogji por nj\u00eb urdh\u00ebrim i Zotit.<\/em>\u201d<\/span><\/span><\/span><\/span><\/div>\n<div style=\"text-align: justify;\"><span style=\"font-family: helvetica; font-size: 12pt;\"><\/span><\/div>\n<div style=\"text-align: justify;\"><span style=\"color: #000000; font-family: helvetica; font-size: 12pt;\">&nbsp;&nbsp;&nbsp; Aktiviteti u mbyll me himnin komb\u00ebtar t\u00eb k\u00ebnduar nj\u00ebz\u00ebri nga t\u00eb gjith\u00eb t\u00eb pranishmit si dhe me fal\u00ebnderimet p\u00ebrkat\u00ebse p\u00ebr t\u00eb pranishmit.<\/span><\/div>\n<div style=\"text-align: justify;\">&nbsp;<\/div>\n<\/td>\n<td style=\"text-align: center;\">\n<div><span style=\"color: #000000;\"><span style=\"font-family: tahoma,geneva,sans-serif;\"><span style=\"font-size: 12px;\"><img decoding=\"async\" class=\"lazyload HAa Eha\" style=\"margin: 10px auto; display: block; border: 1px solid;\" alt=\"\" src=\"data:image\/svg+xml,%3Csvg%20xmlns%3D%27http%3A%2F%2Fwww.w3.org%2F2000%2Fsvg%27%20width%3D%27351%27%20height%3D%27249%27%20viewBox%3D%270%200%20351%20249%27%3E%3Crect%20width%3D%27351%27%20height%3D%27249%27%20fill-opacity%3D%220%22%2F%3E%3C%2Fsvg%3E\" data-orig-src=\"https:\/\/lh4.googleusercontent.com\/-DGWvpiS5n2E\/VJFoLCTvtAI\/AAAAAAAAIF8\/iDgY5Vt-so4\/w448-h318-no\/6.JPG\" height=\"249\" width=\"351\" \/><\/span><\/span><\/span><\/div>\n<\/td>\n<\/tr>\n<\/tbody>\n<\/table>\n<div><span style=\"color: #000000; font-family: helvetica; font-size: 12pt;\"><strong>Nestilda Dangaj<\/strong><\/span><\/div>\n","protected":false},"excerpt":{"rendered":"<p>&nbsp;&nbsp; Akademia Teologjike \u201cNgjallja e Krishtit\u201d n\u00eb Sh\u00ebn Vlash organizoi dy festa gjat\u00eb muajit n\u00ebntor me rastin e fillimit t\u00eb kreshm\u00ebs s\u00eb Krishtlindjes si dhe festave komb\u00ebtare t\u00eb 28-29 N\u00ebntorit. Nj\u00eb fest\u00eb madh\u00ebshtore si Lindja e Shp\u00ebtimtarit ton\u00eb Jisu Krisht, sigurisht q\u00eb do paraprihet nga nj\u00eb koh\u00eb e g\u00ebzueshme kreshmimi. &nbsp;&nbsp;&nbsp; N\u00eb k\u00ebt\u00eb dit\u00eb kaq t\u00eb r\u00ebnd\u00ebsishme, pik\u00ebrisht me rastin e fillimit t\u00eb kreshm\u00ebs, m\u00eb<\/p>\n","protected":false},"author":1,"featured_media":0,"comment_status":"open","ping_status":"open","sticky":false,"template":"","format":"standard","meta":{"_acf_changed":false,"pagelayer_contact_templates":[],"_pagelayer_content":"","inline_featured_image":false,"fifu_image_url":"","fifu_image_alt":"","footnotes":""},"categories":[108],"tags":[146,169,196,212],"class_list":["post-146","post","type-post","status-publish","format-standard","hentry","category-lajme","tag-146","tag-akademia-teologjike","tag-tirane","tag-lajme-d27"],"acf":[],"yoast_head":"<!-- This site is optimized with the Yoast SEO plugin v27.2 - https:\/\/yoast.com\/product\/yoast-seo-wordpress\/ -->\n<title>Fillimi i kreshm\u00ebs dhe festat komb\u00ebtare n\u00eb Akademin\u00eb Teologjike \u201cNgjallja e Krishtit\u201d, Sh\u00ebn Vlash. (2008) - Kisha Orthodh\u03bfkse Autoqefale e Shqip\u00ebris\u00eb<\/title>\n<meta name=\"robots\" content=\"index, follow, max-snippet:-1, max-image-preview:large, max-video-preview:-1\" \/>\n<link rel=\"canonical\" href=\"https:\/\/orthodoxalbania.org\/2020\/2008\/02\/26\/fillimi-i-kreshmes-dhe-festat-kombetare-ne-akademine-teologjike-ngjallja-e-krishtit-shen-vlash-2008\/\" \/>\n<meta property=\"og:locale\" content=\"en_US\" \/>\n<meta property=\"og:type\" content=\"article\" \/>\n<meta property=\"og:title\" content=\"Fillimi i kreshm\u00ebs dhe festat komb\u00ebtare n\u00eb Akademin\u00eb Teologjike \u201cNgjallja e Krishtit\u201d, Sh\u00ebn Vlash. (2008) - Kisha Orthodh\u03bfkse Autoqefale e Shqip\u00ebris\u00eb\" \/>\n<meta property=\"og:description\" content=\"&nbsp;&nbsp; Akademia Teologjike \u201cNgjallja e Krishtit\u201d n\u00eb Sh\u00ebn Vlash organizoi dy festa gjat\u00eb muajit n\u00ebntor me rastin e fillimit t\u00eb kreshm\u00ebs s\u00eb Krishtlindjes si dhe festave komb\u00ebtare t\u00eb 28-29 N\u00ebntorit. Nj\u00eb fest\u00eb madh\u00ebshtore si Lindja e Shp\u00ebtimtarit ton\u00eb Jisu Krisht, sigurisht q\u00eb do paraprihet nga nj\u00eb koh\u00eb e g\u00ebzueshme kreshmimi. &nbsp;&nbsp;&nbsp; N\u00eb k\u00ebt\u00eb dit\u00eb kaq t\u00eb r\u00ebnd\u00ebsishme, pik\u00ebrisht me rastin e fillimit t\u00eb kreshm\u00ebs, m\u00eb\" \/>\n<meta property=\"og:url\" content=\"https:\/\/orthodoxalbania.org\/2020\/2008\/02\/26\/fillimi-i-kreshmes-dhe-festat-kombetare-ne-akademine-teologjike-ngjallja-e-krishtit-shen-vlash-2008\/\" \/>\n<meta property=\"og:site_name\" content=\"Kisha Orthodh\u03bfkse Autoqefale e Shqip\u00ebris\u00eb\" \/>\n<meta property=\"article:publisher\" content=\"https:\/\/www.facebook.com\/koash1991\" \/>\n<meta property=\"article:published_time\" content=\"2008-02-26T00:00:00+00:00\" \/>\n<meta property=\"article:modified_time\" content=\"2020-04-06T20:35:28+00:00\" \/>\n<meta property=\"og:image\" content=\"https:\/\/lh3.googleusercontent.com\/-Th3ok7nYFnY\/VJFoJ5MrFMI\/AAAAAAAAIFo\/MPQeUPt36L0\/w448-h305-no\/1.JPG\" \/>\n<meta name=\"author\" content=\"Kisha Orthodhokse\" \/>\n<meta name=\"twitter:card\" content=\"summary_large_image\" \/>\n<meta name=\"twitter:label1\" content=\"Written by\" \/>\n\t<meta name=\"twitter:data1\" content=\"Kisha Orthodhokse\" \/>\n\t<meta name=\"twitter:label2\" content=\"Est. reading time\" \/>\n\t<meta name=\"twitter:data2\" content=\"4 minutes\" \/>\n<script type=\"application\/ld+json\" class=\"yoast-schema-graph\">{\"@context\":\"https:\/\/schema.org\",\"@graph\":[{\"@type\":\"Article\",\"@id\":\"https:\/\/orthodoxalbania.org\/2020\/2008\/02\/26\/fillimi-i-kreshmes-dhe-festat-kombetare-ne-akademine-teologjike-ngjallja-e-krishtit-shen-vlash-2008\/#article\",\"isPartOf\":{\"@id\":\"https:\/\/orthodoxalbania.org\/2020\/2008\/02\/26\/fillimi-i-kreshmes-dhe-festat-kombetare-ne-akademine-teologjike-ngjallja-e-krishtit-shen-vlash-2008\/\"},\"author\":{\"name\":\"Kisha Orthodhokse\",\"@id\":\"https:\/\/orthodoxalbania.org\/2020\/#\/schema\/person\/0c387634a7063ac612d7ed9ce71c7e86\"},\"headline\":\"Fillimi i kreshm\u00ebs dhe festat komb\u00ebtare n\u00eb Akademin\u00eb Teologjike \u201cNgjallja e Krishtit\u201d, Sh\u00ebn Vlash. (2008)\",\"datePublished\":\"2008-02-26T00:00:00+00:00\",\"dateModified\":\"2020-04-06T20:35:28+00:00\",\"mainEntityOfPage\":{\"@id\":\"https:\/\/orthodoxalbania.org\/2020\/2008\/02\/26\/fillimi-i-kreshmes-dhe-festat-kombetare-ne-akademine-teologjike-ngjallja-e-krishtit-shen-vlash-2008\/\"},\"wordCount\":791,\"commentCount\":0,\"publisher\":{\"@id\":\"https:\/\/orthodoxalbania.org\/2020\/#organization\"},\"image\":{\"@id\":\"https:\/\/orthodoxalbania.org\/2020\/2008\/02\/26\/fillimi-i-kreshmes-dhe-festat-kombetare-ne-akademine-teologjike-ngjallja-e-krishtit-shen-vlash-2008\/#primaryimage\"},\"thumbnailUrl\":\"https:\/\/lh3.googleusercontent.com\/-Th3ok7nYFnY\/VJFoJ5MrFMI\/AAAAAAAAIFo\/MPQeUPt36L0\/w448-h305-no\/1.JPG\",\"keywords\":[\"2008\",\"Akademia Teologjike\",\"Kryepiskopata Tiran\u00eb\",\"lajme\"],\"articleSection\":[\"Lajme\"],\"inLanguage\":\"en-US\"},{\"@type\":\"WebPage\",\"@id\":\"https:\/\/orthodoxalbania.org\/2020\/2008\/02\/26\/fillimi-i-kreshmes-dhe-festat-kombetare-ne-akademine-teologjike-ngjallja-e-krishtit-shen-vlash-2008\/\",\"url\":\"https:\/\/orthodoxalbania.org\/2020\/2008\/02\/26\/fillimi-i-kreshmes-dhe-festat-kombetare-ne-akademine-teologjike-ngjallja-e-krishtit-shen-vlash-2008\/\",\"name\":\"Fillimi i kreshm\u00ebs dhe festat komb\u00ebtare n\u00eb Akademin\u00eb Teologjike \u201cNgjallja e Krishtit\u201d, Sh\u00ebn Vlash. (2008) - Kisha Orthodh\u03bfkse Autoqefale e Shqip\u00ebris\u00eb\",\"isPartOf\":{\"@id\":\"https:\/\/orthodoxalbania.org\/2020\/#website\"},\"primaryImageOfPage\":{\"@id\":\"https:\/\/orthodoxalbania.org\/2020\/2008\/02\/26\/fillimi-i-kreshmes-dhe-festat-kombetare-ne-akademine-teologjike-ngjallja-e-krishtit-shen-vlash-2008\/#primaryimage\"},\"image\":{\"@id\":\"https:\/\/orthodoxalbania.org\/2020\/2008\/02\/26\/fillimi-i-kreshmes-dhe-festat-kombetare-ne-akademine-teologjike-ngjallja-e-krishtit-shen-vlash-2008\/#primaryimage\"},\"thumbnailUrl\":\"https:\/\/lh3.googleusercontent.com\/-Th3ok7nYFnY\/VJFoJ5MrFMI\/AAAAAAAAIFo\/MPQeUPt36L0\/w448-h305-no\/1.JPG\",\"datePublished\":\"2008-02-26T00:00:00+00:00\",\"dateModified\":\"2020-04-06T20:35:28+00:00\",\"breadcrumb\":{\"@id\":\"https:\/\/orthodoxalbania.org\/2020\/2008\/02\/26\/fillimi-i-kreshmes-dhe-festat-kombetare-ne-akademine-teologjike-ngjallja-e-krishtit-shen-vlash-2008\/#breadcrumb\"},\"inLanguage\":\"en-US\",\"potentialAction\":[{\"@type\":\"ReadAction\",\"target\":[\"https:\/\/orthodoxalbania.org\/2020\/2008\/02\/26\/fillimi-i-kreshmes-dhe-festat-kombetare-ne-akademine-teologjike-ngjallja-e-krishtit-shen-vlash-2008\/\"]}]},{\"@type\":\"ImageObject\",\"inLanguage\":\"en-US\",\"@id\":\"https:\/\/orthodoxalbania.org\/2020\/2008\/02\/26\/fillimi-i-kreshmes-dhe-festat-kombetare-ne-akademine-teologjike-ngjallja-e-krishtit-shen-vlash-2008\/#primaryimage\",\"url\":\"https:\/\/lh3.googleusercontent.com\/-Th3ok7nYFnY\/VJFoJ5MrFMI\/AAAAAAAAIFo\/MPQeUPt36L0\/w448-h305-no\/1.JPG\",\"contentUrl\":\"https:\/\/lh3.googleusercontent.com\/-Th3ok7nYFnY\/VJFoJ5MrFMI\/AAAAAAAAIFo\/MPQeUPt36L0\/w448-h305-no\/1.JPG\"},{\"@type\":\"BreadcrumbList\",\"@id\":\"https:\/\/orthodoxalbania.org\/2020\/2008\/02\/26\/fillimi-i-kreshmes-dhe-festat-kombetare-ne-akademine-teologjike-ngjallja-e-krishtit-shen-vlash-2008\/#breadcrumb\",\"itemListElement\":[{\"@type\":\"ListItem\",\"position\":1,\"name\":\"Home\",\"item\":\"https:\/\/orthodoxalbania.org\/2020\/\"},{\"@type\":\"ListItem\",\"position\":2,\"name\":\"Fillimi i kreshm\u00ebs dhe festat komb\u00ebtare n\u00eb Akademin\u00eb Teologjike \u201cNgjallja e Krishtit\u201d, Sh\u00ebn Vlash. (2008)\"}]},{\"@type\":\"WebSite\",\"@id\":\"https:\/\/orthodoxalbania.org\/2020\/#website\",\"url\":\"https:\/\/orthodoxalbania.org\/2020\/\",\"name\":\"Kisha Orthodh\u03bfkse Autoqefale e Shqip\u00ebris\u00eb\",\"description\":\"Fqja Zyrtare e Kish\u00ebs Orthodhokse Autoqefale e Shqip\u00ebris\u00eb me lajmet edhe informacionet zyrtare p\u00ebr struktur\u00ebn edhe veprimtarin e saj.\",\"publisher\":{\"@id\":\"https:\/\/orthodoxalbania.org\/2020\/#organization\"},\"potentialAction\":[{\"@type\":\"SearchAction\",\"target\":{\"@type\":\"EntryPoint\",\"urlTemplate\":\"https:\/\/orthodoxalbania.org\/2020\/?s={search_term_string}\"},\"query-input\":{\"@type\":\"PropertyValueSpecification\",\"valueRequired\":true,\"valueName\":\"search_term_string\"}}],\"inLanguage\":\"en-US\"},{\"@type\":\"Organization\",\"@id\":\"https:\/\/orthodoxalbania.org\/2020\/#organization\",\"name\":\"Kisha Orthodhokse Autoqefale e Shqip\u00ebris\u00eb\",\"url\":\"https:\/\/orthodoxalbania.org\/2020\/\",\"logo\":{\"@type\":\"ImageObject\",\"inLanguage\":\"en-US\",\"@id\":\"https:\/\/orthodoxalbania.org\/2020\/#\/schema\/logo\/image\/\",\"url\":\"https:\/\/orthodoxalbania.org\/2020\/wp-content\/uploads\/2020\/05\/albania.jpeg\",\"contentUrl\":\"https:\/\/orthodoxalbania.org\/2020\/wp-content\/uploads\/2020\/05\/albania.jpeg\",\"width\":540,\"height\":540,\"caption\":\"Kisha Orthodhokse Autoqefale e Shqip\u00ebris\u00eb\"},\"image\":{\"@id\":\"https:\/\/orthodoxalbania.org\/2020\/#\/schema\/logo\/image\/\"},\"sameAs\":[\"https:\/\/www.facebook.com\/koash1991\"]},{\"@type\":\"Person\",\"@id\":\"https:\/\/orthodoxalbania.org\/2020\/#\/schema\/person\/0c387634a7063ac612d7ed9ce71c7e86\",\"name\":\"Kisha Orthodhokse\",\"image\":{\"@type\":\"ImageObject\",\"inLanguage\":\"en-US\",\"@id\":\"https:\/\/secure.gravatar.com\/avatar\/596e7c417251e30f2fbb9c00e026fce61a695a00e51c889caded71c96cbbdde5?s=96&d=mm&r=g\",\"url\":\"https:\/\/secure.gravatar.com\/avatar\/596e7c417251e30f2fbb9c00e026fce61a695a00e51c889caded71c96cbbdde5?s=96&d=mm&r=g\",\"contentUrl\":\"https:\/\/secure.gravatar.com\/avatar\/596e7c417251e30f2fbb9c00e026fce61a695a00e51c889caded71c96cbbdde5?s=96&d=mm&r=g\",\"caption\":\"Kisha Orthodhokse\"}}]}<\/script>\n<!-- \/ Yoast SEO plugin. -->","yoast_head_json":{"title":"Fillimi i kreshm\u00ebs dhe festat komb\u00ebtare n\u00eb Akademin\u00eb Teologjike \u201cNgjallja e Krishtit\u201d, Sh\u00ebn Vlash. (2008) - Kisha Orthodh\u03bfkse Autoqefale e Shqip\u00ebris\u00eb","robots":{"index":"index","follow":"follow","max-snippet":"max-snippet:-1","max-image-preview":"max-image-preview:large","max-video-preview":"max-video-preview:-1"},"canonical":"https:\/\/orthodoxalbania.org\/2020\/2008\/02\/26\/fillimi-i-kreshmes-dhe-festat-kombetare-ne-akademine-teologjike-ngjallja-e-krishtit-shen-vlash-2008\/","og_locale":"en_US","og_type":"article","og_title":"Fillimi i kreshm\u00ebs dhe festat komb\u00ebtare n\u00eb Akademin\u00eb Teologjike \u201cNgjallja e Krishtit\u201d, Sh\u00ebn Vlash. (2008) - Kisha Orthodh\u03bfkse Autoqefale e Shqip\u00ebris\u00eb","og_description":"&nbsp;&nbsp; Akademia Teologjike \u201cNgjallja e Krishtit\u201d n\u00eb Sh\u00ebn Vlash organizoi dy festa gjat\u00eb muajit n\u00ebntor me rastin e fillimit t\u00eb kreshm\u00ebs s\u00eb Krishtlindjes si dhe festave komb\u00ebtare t\u00eb 28-29 N\u00ebntorit. Nj\u00eb fest\u00eb madh\u00ebshtore si Lindja e Shp\u00ebtimtarit ton\u00eb Jisu Krisht, sigurisht q\u00eb do paraprihet nga nj\u00eb koh\u00eb e g\u00ebzueshme kreshmimi. &nbsp;&nbsp;&nbsp; N\u00eb k\u00ebt\u00eb dit\u00eb kaq t\u00eb r\u00ebnd\u00ebsishme, pik\u00ebrisht me rastin e fillimit t\u00eb kreshm\u00ebs, m\u00eb","og_url":"https:\/\/orthodoxalbania.org\/2020\/2008\/02\/26\/fillimi-i-kreshmes-dhe-festat-kombetare-ne-akademine-teologjike-ngjallja-e-krishtit-shen-vlash-2008\/","og_site_name":"Kisha Orthodh\u03bfkse Autoqefale e Shqip\u00ebris\u00eb","article_publisher":"https:\/\/www.facebook.com\/koash1991","article_published_time":"2008-02-26T00:00:00+00:00","article_modified_time":"2020-04-06T20:35:28+00:00","og_image":[{"url":"https:\/\/lh3.googleusercontent.com\/-Th3ok7nYFnY\/VJFoJ5MrFMI\/AAAAAAAAIFo\/MPQeUPt36L0\/w448-h305-no\/1.JPG","type":"","width":"","height":""}],"author":"Kisha Orthodhokse","twitter_card":"summary_large_image","twitter_misc":{"Written by":"Kisha Orthodhokse","Est. reading time":"4 minutes"},"schema":{"@context":"https:\/\/schema.org","@graph":[{"@type":"Article","@id":"https:\/\/orthodoxalbania.org\/2020\/2008\/02\/26\/fillimi-i-kreshmes-dhe-festat-kombetare-ne-akademine-teologjike-ngjallja-e-krishtit-shen-vlash-2008\/#article","isPartOf":{"@id":"https:\/\/orthodoxalbania.org\/2020\/2008\/02\/26\/fillimi-i-kreshmes-dhe-festat-kombetare-ne-akademine-teologjike-ngjallja-e-krishtit-shen-vlash-2008\/"},"author":{"name":"Kisha Orthodhokse","@id":"https:\/\/orthodoxalbania.org\/2020\/#\/schema\/person\/0c387634a7063ac612d7ed9ce71c7e86"},"headline":"Fillimi i kreshm\u00ebs dhe festat komb\u00ebtare n\u00eb Akademin\u00eb Teologjike \u201cNgjallja e Krishtit\u201d, Sh\u00ebn Vlash. (2008)","datePublished":"2008-02-26T00:00:00+00:00","dateModified":"2020-04-06T20:35:28+00:00","mainEntityOfPage":{"@id":"https:\/\/orthodoxalbania.org\/2020\/2008\/02\/26\/fillimi-i-kreshmes-dhe-festat-kombetare-ne-akademine-teologjike-ngjallja-e-krishtit-shen-vlash-2008\/"},"wordCount":791,"commentCount":0,"publisher":{"@id":"https:\/\/orthodoxalbania.org\/2020\/#organization"},"image":{"@id":"https:\/\/orthodoxalbania.org\/2020\/2008\/02\/26\/fillimi-i-kreshmes-dhe-festat-kombetare-ne-akademine-teologjike-ngjallja-e-krishtit-shen-vlash-2008\/#primaryimage"},"thumbnailUrl":"https:\/\/lh3.googleusercontent.com\/-Th3ok7nYFnY\/VJFoJ5MrFMI\/AAAAAAAAIFo\/MPQeUPt36L0\/w448-h305-no\/1.JPG","keywords":["2008","Akademia Teologjike","Kryepiskopata Tiran\u00eb","lajme"],"articleSection":["Lajme"],"inLanguage":"en-US"},{"@type":"WebPage","@id":"https:\/\/orthodoxalbania.org\/2020\/2008\/02\/26\/fillimi-i-kreshmes-dhe-festat-kombetare-ne-akademine-teologjike-ngjallja-e-krishtit-shen-vlash-2008\/","url":"https:\/\/orthodoxalbania.org\/2020\/2008\/02\/26\/fillimi-i-kreshmes-dhe-festat-kombetare-ne-akademine-teologjike-ngjallja-e-krishtit-shen-vlash-2008\/","name":"Fillimi i kreshm\u00ebs dhe festat komb\u00ebtare n\u00eb Akademin\u00eb Teologjike \u201cNgjallja e Krishtit\u201d, Sh\u00ebn Vlash. (2008) - Kisha Orthodh\u03bfkse Autoqefale e Shqip\u00ebris\u00eb","isPartOf":{"@id":"https:\/\/orthodoxalbania.org\/2020\/#website"},"primaryImageOfPage":{"@id":"https:\/\/orthodoxalbania.org\/2020\/2008\/02\/26\/fillimi-i-kreshmes-dhe-festat-kombetare-ne-akademine-teologjike-ngjallja-e-krishtit-shen-vlash-2008\/#primaryimage"},"image":{"@id":"https:\/\/orthodoxalbania.org\/2020\/2008\/02\/26\/fillimi-i-kreshmes-dhe-festat-kombetare-ne-akademine-teologjike-ngjallja-e-krishtit-shen-vlash-2008\/#primaryimage"},"thumbnailUrl":"https:\/\/lh3.googleusercontent.com\/-Th3ok7nYFnY\/VJFoJ5MrFMI\/AAAAAAAAIFo\/MPQeUPt36L0\/w448-h305-no\/1.JPG","datePublished":"2008-02-26T00:00:00+00:00","dateModified":"2020-04-06T20:35:28+00:00","breadcrumb":{"@id":"https:\/\/orthodoxalbania.org\/2020\/2008\/02\/26\/fillimi-i-kreshmes-dhe-festat-kombetare-ne-akademine-teologjike-ngjallja-e-krishtit-shen-vlash-2008\/#breadcrumb"},"inLanguage":"en-US","potentialAction":[{"@type":"ReadAction","target":["https:\/\/orthodoxalbania.org\/2020\/2008\/02\/26\/fillimi-i-kreshmes-dhe-festat-kombetare-ne-akademine-teologjike-ngjallja-e-krishtit-shen-vlash-2008\/"]}]},{"@type":"ImageObject","inLanguage":"en-US","@id":"https:\/\/orthodoxalbania.org\/2020\/2008\/02\/26\/fillimi-i-kreshmes-dhe-festat-kombetare-ne-akademine-teologjike-ngjallja-e-krishtit-shen-vlash-2008\/#primaryimage","url":"https:\/\/lh3.googleusercontent.com\/-Th3ok7nYFnY\/VJFoJ5MrFMI\/AAAAAAAAIFo\/MPQeUPt36L0\/w448-h305-no\/1.JPG","contentUrl":"https:\/\/lh3.googleusercontent.com\/-Th3ok7nYFnY\/VJFoJ5MrFMI\/AAAAAAAAIFo\/MPQeUPt36L0\/w448-h305-no\/1.JPG"},{"@type":"BreadcrumbList","@id":"https:\/\/orthodoxalbania.org\/2020\/2008\/02\/26\/fillimi-i-kreshmes-dhe-festat-kombetare-ne-akademine-teologjike-ngjallja-e-krishtit-shen-vlash-2008\/#breadcrumb","itemListElement":[{"@type":"ListItem","position":1,"name":"Home","item":"https:\/\/orthodoxalbania.org\/2020\/"},{"@type":"ListItem","position":2,"name":"Fillimi i kreshm\u00ebs dhe festat komb\u00ebtare n\u00eb Akademin\u00eb Teologjike \u201cNgjallja e Krishtit\u201d, Sh\u00ebn Vlash. (2008)"}]},{"@type":"WebSite","@id":"https:\/\/orthodoxalbania.org\/2020\/#website","url":"https:\/\/orthodoxalbania.org\/2020\/","name":"Kisha Orthodh\u03bfkse Autoqefale e Shqip\u00ebris\u00eb","description":"Fqja Zyrtare e Kish\u00ebs Orthodhokse Autoqefale e Shqip\u00ebris\u00eb me lajmet edhe informacionet zyrtare p\u00ebr struktur\u00ebn edhe veprimtarin e saj.","publisher":{"@id":"https:\/\/orthodoxalbania.org\/2020\/#organization"},"potentialAction":[{"@type":"SearchAction","target":{"@type":"EntryPoint","urlTemplate":"https:\/\/orthodoxalbania.org\/2020\/?s={search_term_string}"},"query-input":{"@type":"PropertyValueSpecification","valueRequired":true,"valueName":"search_term_string"}}],"inLanguage":"en-US"},{"@type":"Organization","@id":"https:\/\/orthodoxalbania.org\/2020\/#organization","name":"Kisha Orthodhokse Autoqefale e Shqip\u00ebris\u00eb","url":"https:\/\/orthodoxalbania.org\/2020\/","logo":{"@type":"ImageObject","inLanguage":"en-US","@id":"https:\/\/orthodoxalbania.org\/2020\/#\/schema\/logo\/image\/","url":"https:\/\/orthodoxalbania.org\/2020\/wp-content\/uploads\/2020\/05\/albania.jpeg","contentUrl":"https:\/\/orthodoxalbania.org\/2020\/wp-content\/uploads\/2020\/05\/albania.jpeg","width":540,"height":540,"caption":"Kisha Orthodhokse Autoqefale e Shqip\u00ebris\u00eb"},"image":{"@id":"https:\/\/orthodoxalbania.org\/2020\/#\/schema\/logo\/image\/"},"sameAs":["https:\/\/www.facebook.com\/koash1991"]},{"@type":"Person","@id":"https:\/\/orthodoxalbania.org\/2020\/#\/schema\/person\/0c387634a7063ac612d7ed9ce71c7e86","name":"Kisha Orthodhokse","image":{"@type":"ImageObject","inLanguage":"en-US","@id":"https:\/\/secure.gravatar.com\/avatar\/596e7c417251e30f2fbb9c00e026fce61a695a00e51c889caded71c96cbbdde5?s=96&d=mm&r=g","url":"https:\/\/secure.gravatar.com\/avatar\/596e7c417251e30f2fbb9c00e026fce61a695a00e51c889caded71c96cbbdde5?s=96&d=mm&r=g","contentUrl":"https:\/\/secure.gravatar.com\/avatar\/596e7c417251e30f2fbb9c00e026fce61a695a00e51c889caded71c96cbbdde5?s=96&d=mm&r=g","caption":"Kisha Orthodhokse"}}]}},"_links":{"self":[{"href":"https:\/\/orthodoxalbania.org\/2020\/wp-json\/wp\/v2\/posts\/146","targetHints":{"allow":["GET"]}}],"collection":[{"href":"https:\/\/orthodoxalbania.org\/2020\/wp-json\/wp\/v2\/posts"}],"about":[{"href":"https:\/\/orthodoxalbania.org\/2020\/wp-json\/wp\/v2\/types\/post"}],"author":[{"embeddable":true,"href":"https:\/\/orthodoxalbania.org\/2020\/wp-json\/wp\/v2\/users\/1"}],"replies":[{"embeddable":true,"href":"https:\/\/orthodoxalbania.org\/2020\/wp-json\/wp\/v2\/comments?post=146"}],"version-history":[{"count":1,"href":"https:\/\/orthodoxalbania.org\/2020\/wp-json\/wp\/v2\/posts\/146\/revisions"}],"predecessor-version":[{"id":15689,"href":"https:\/\/orthodoxalbania.org\/2020\/wp-json\/wp\/v2\/posts\/146\/revisions\/15689"}],"wp:attachment":[{"href":"https:\/\/orthodoxalbania.org\/2020\/wp-json\/wp\/v2\/media?parent=146"}],"wp:term":[{"taxonomy":"category","embeddable":true,"href":"https:\/\/orthodoxalbania.org\/2020\/wp-json\/wp\/v2\/categories?post=146"},{"taxonomy":"post_tag","embeddable":true,"href":"https:\/\/orthodoxalbania.org\/2020\/wp-json\/wp\/v2\/tags?post=146"}],"curies":[{"name":"wp","href":"https:\/\/api.w.org\/{rel}","templated":true}]}}