{"id":1459,"date":"2013-03-21T12:42:30","date_gmt":"2013-03-21T12:42:30","guid":{"rendered":""},"modified":"2020-04-06T22:05:51","modified_gmt":"2020-04-06T20:05:51","slug":"tirane-festimi-i-theofanise-ujit-te-bekuar-ne-katedralen-e-re-ngjallja-e-krishtit","status":"publish","type":"post","link":"https:\/\/orthodoxalbania.org\/2020\/2013\/03\/21\/tirane-festimi-i-theofanise-ujit-te-bekuar-ne-katedralen-e-re-ngjallja-e-krishtit\/","title":{"rendered":"Tiran\u00eb, Festimi i Theofanis\u00eb &#8211; Ujit t\u00eb bekuar n\u00eb Katedralen e re \u201c Ngjallja e Krishtit\u201d. (6 Janar 2013)"},"content":{"rendered":"<div style=\"text-align: justify;\"><span style=\"color: #000000;\"><span style=\"font-family: tahoma,geneva,sans-serif;\"><span style=\"font-size: 12px;\">&nbsp;<span style=\"text-align: justify;\">&nbsp;&nbsp;<\/span><img class=\"lazyload\" decoding=\"async\" style=\"border-width: 1px; border-style: solid; margin: 10px; float: left; width: 200px; height: 133px;\" alt=\"\" src=\"data:image\/gif;base64,R0lGODlhAQABAAAAACH5BAEKAAEALAAAAAABAAEAAAICTAEAOw==\" data-orig-src=\"https:\/\/lh6.googleusercontent.com\/-1PaP9jBY2rA\/UOmwm1-pKpI\/AAAAAAAABww\/zc2L8b6uo_M\/s720\/1 tekst .jpg\" \/>&nbsp; Atmosfera festive e Theofanis\u00eb, Ujit t\u00eb Bekuar, n\u00eb Tiran\u00eb u ndje edhe m\u00eb e ve\u00e7ant\u00eb k\u00ebt\u00eb vit 2013, pasi u kremtua n\u00eb Katedralen e re \u201cNgjallja e Krishtit\u201d. Qindra besimtar\u00eb e mbush\u00ebn at\u00eb q\u00eb n\u00eb m\u00ebngjes, por si\u00e7 ndodh n\u00eb t\u00eb kremtet e m\u00ebdha, me kalimin e koh\u00ebs ata u b\u00ebn\u00eb mij\u00ebra. Por mjediset madh\u00ebshtore t\u00eb katedrales e p\u00ebrballuan pa problem.<\/span><\/span><\/span><\/div>\n<div style=\"text-align: justify;\"> <span style=\"color: #000000;\"><span style=\"font-family: tahoma,geneva,sans-serif;\"><span style=\"font-size: 12px;\">&nbsp; &nbsp; Liturgjia Hyjnore u krye nga Kryepiskopi Anastas, i ndihmuar nga Episkopi i Amantias Nathanaili dha ai i Bylisit, Asti dhe klerik\u00eb t\u00eb tjer\u00eb.Pas Liturgjis\u00eb Hyjnore u krye Sh\u00ebrbesa e Bekimit t\u00eb Ujit, para s\u00eb cil\u00ebs Fortlumturia e Tij Anastas iu drejtua besimtar\u00ebve p\u00ebr t\u2019iu shpjeguar se si do t\u00eb zhvillohej ajo n\u00eb katedralen e re dhe m\u00eb pas u foli shkurt mbi kuptimin e k\u00ebsaj dite t\u00eb madhe, kur e gjith\u00eb krijesa nderohet e rip\u00ebrt\u00ebrihet dhe bota merr drit\u00eb t\u00eb re.&nbsp;Sh\u00ebrbesa u krye brenda katedrales, p\u00ebr t\u2019u mbyllur jasht\u00eb saj, me bekimin e ujit dhe hedhjen e tij n\u00eb cisternat, nga t\u00eb cilat p\u00ebr gjat\u00eb gjith\u00eb dit\u00ebs mij\u00ebra e mij\u00ebra besimtar\u00eb mbush\u00ebn uj\u00eb p\u00ebr t\u00eb bekuar familjet dhe sht\u00ebpit\u00eb e tyre.&nbsp;<br \/> <\/span><\/span><\/span><\/div>\n<div style=\"text-align: justify;\">&nbsp;<\/div>\n<div style=\"text-align: justify;\">&nbsp;<\/div>\n<div style=\"text-align: right;\"><span style=\"color: #000000;\"><span style=\"font-family: tahoma,geneva,sans-serif;\"><span style=\"font-size: 12px;\"><em><strong>Thoma Dhima<\/strong><\/em><\/span><\/span><\/span><\/div>\n<div style=\"text-align: justify;\">&nbsp;<\/div>\n<div style=\"text-align: justify;\"><span style=\"color: #000000;\"><span style=\"font-family: tahoma,geneva,sans-serif;\"><span style=\"font-size: 12px;\"><img class=\"lazyload\" decoding=\"async\" style=\"border-width: 1px; border-style: solid; margin: 10px;\" alt=\"\" src=\"data:image\/gif;base64,R0lGODlhAQABAAAAACH5BAEKAAEALAAAAAABAAEAAAICTAEAOw==\" data-orig-src=\"https:\/\/lh5.googleusercontent.com\/-RDS2Ql_pzZM\/UOmpmvuxmvI\/AAAAAAAABvo\/AskHiqjLpBc\/s640\/3.JPG\" \/><\/span><\/span><\/span><\/div>\n<div style=\"text-align: justify;\"><span style=\"color: #000000;\"><span style=\"font-family: tahoma,geneva,sans-serif;\"><span style=\"font-size: 12px;\"><img class=\"lazyload\" decoding=\"async\" style=\"border-width: 1px; border-style: solid; margin: 10px;\" alt=\"\" src=\"data:image\/gif;base64,R0lGODlhAQABAAAAACH5BAEKAAEALAAAAAABAAEAAAICTAEAOw==\" data-orig-src=\"https:\/\/lh6.googleusercontent.com\/-yzRrbaFa8E8\/UOmpnHdwEHI\/AAAAAAAABvw\/g4S2p8O1snY\/s640\/4.JPG\" \/><\/span><\/span><\/span><\/div>\n<div style=\"text-align: justify;\"><span style=\"color: #000000;\"><span style=\"font-family: tahoma,geneva,sans-serif;\"><span style=\"font-size: 12px;\"><img class=\"lazyload\" decoding=\"async\" style=\"border-width: 1px; border-style: solid; width: 650px; height: 433px; margin: 10px;\" alt=\"\" src=\"data:image\/gif;base64,R0lGODlhAQABAAAAACH5BAEKAAEALAAAAAABAAEAAAICTAEAOw==\" data-orig-src=\"https:\/\/lh6.googleusercontent.com\/-1PaP9jBY2rA\/UOmwm1-pKpI\/AAAAAAAABww\/zc2L8b6uo_M\/s720\/1%20tekst%20.jpg\" \/><\/span><\/span><\/span><\/div>\n<div style=\"text-align: justify;\"><span style=\"color: #000000;\"><span style=\"font-family: tahoma,geneva,sans-serif;\"><span style=\"font-size: 12px;\"><img class=\"lazyload\" decoding=\"async\" style=\"border-width: 1px; border-style: solid; width: 650px; height: 433px; margin: 10px;\" alt=\"\" src=\"data:image\/gif;base64,R0lGODlhAQABAAAAACH5BAEKAAEALAAAAAABAAEAAAICTAEAOw==\" data-orig-src=\"https:\/\/lh6.googleusercontent.com\/-uii7DF82G4I\/UOmwnN1wtnI\/AAAAAAAABw4\/LEyNXZVtk-4\/s720\/6.2.jpg\" \/><\/span><\/span><\/span><\/div>\n<div style=\"text-align: justify;\"><span style=\"color: #000000;\"><span style=\"font-family: tahoma,geneva,sans-serif;\"><span style=\"font-size: 12px;\"><img class=\"lazyload\" decoding=\"async\" style=\"border-width: 1px; border-style: solid; width: 650px; height: 433px; margin: 10px;\" alt=\"\" src=\"data:image\/gif;base64,R0lGODlhAQABAAAAACH5BAEKAAEALAAAAAABAAEAAAICTAEAOw==\" data-orig-src=\"https:\/\/lh5.googleusercontent.com\/-pDZTDlLogvE\/UOmwm_t4SaI\/AAAAAAAABw0\/ChuXihw_gl8\/s720\/6.1.jpg\" \/><\/span><\/span><\/span><\/div>\n<div style=\"text-align: justify;\"><span style=\"color: #000000;\"><span style=\"font-family: tahoma,geneva,sans-serif;\"><span style=\"font-size: 12px;\"><img class=\"lazyload\" decoding=\"async\" style=\"border-width: 1px; border-style: solid; margin: 10px;\" alt=\"\" src=\"data:image\/gif;base64,R0lGODlhAQABAAAAACH5BAEKAAEALAAAAAABAAEAAAICTAEAOw==\" data-orig-src=\"https:\/\/lh6.googleusercontent.com\/-ZjFWpGg-xxY\/UOmpnRzbQFI\/AAAAAAAABv0\/UFHIYdlg0k4\/s640\/5.JPG\" \/><\/span><\/span><\/span><\/div>\n<div style=\"text-align: justify;\"><span style=\"color: #000000;\"><span style=\"font-family: tahoma,geneva,sans-serif;\"><span style=\"font-size: 12px;\"><img class=\"lazyload\" decoding=\"async\" style=\"border-width: 1px; border-style: solid; margin: 10px;\" alt=\"\" src=\"data:image\/gif;base64,R0lGODlhAQABAAAAACH5BAEKAAEALAAAAAABAAEAAAICTAEAOw==\" data-orig-src=\"https:\/\/lh3.googleusercontent.com\/-KBpiuQdveos\/UOmpnrZHVPI\/AAAAAAAABv4\/aPjeHpXtOOk\/s640\/6.JPG\" \/><\/span><\/span><\/span><\/div>\n<div style=\"text-align: justify;\"><span style=\"color: #000000;\"><span style=\"font-family: tahoma,geneva,sans-serif;\"><span style=\"font-size: 12px;\"><img class=\"lazyload\" decoding=\"async\" style=\"border-width: 1px; border-style: solid; margin: 10px;\" alt=\"\" src=\"data:image\/gif;base64,R0lGODlhAQABAAAAACH5BAEKAAEALAAAAAABAAEAAAICTAEAOw==\" data-orig-src=\"https:\/\/lh6.googleusercontent.com\/-MMzJMnkWvVU\/UOmpn9pFd3I\/AAAAAAAABwA\/c7N-xGqqKbw\/s640\/7.JPG\" \/><\/span><\/span><\/span><\/div>\n<div style=\"text-align: justify;\"><span style=\"color: #000000;\"><span style=\"font-family: tahoma,geneva,sans-serif;\"><span style=\"font-size: 12px;\"><img class=\"lazyload\" decoding=\"async\" style=\"border-width: 1px; border-style: solid; margin: 10px;\" alt=\"\" src=\"data:image\/gif;base64,R0lGODlhAQABAAAAACH5BAEKAAEALAAAAAABAAEAAAICTAEAOw==\" data-orig-src=\"https:\/\/lh6.googleusercontent.com\/-hiEC-WO4fYs\/UOmpoSZnd3I\/AAAAAAAABwQ\/_cMty7dA1Ks\/s640\/8.JPG\" \/><\/span><\/span><\/span><\/div>\n","protected":false},"excerpt":{"rendered":"<p>&nbsp;&nbsp;&nbsp;&nbsp; Atmosfera festive e Theofanis\u00eb, Ujit t\u00eb Bekuar, n\u00eb Tiran\u00eb u ndje edhe m\u00eb e ve\u00e7ant\u00eb k\u00ebt\u00eb vit 2013, pasi u kremtua n\u00eb Katedralen e re \u201cNgjallja e Krishtit\u201d. Qindra besimtar\u00eb e mbush\u00ebn at\u00eb q\u00eb n\u00eb m\u00ebngjes, por si\u00e7 ndodh n\u00eb t\u00eb kremtet e m\u00ebdha, me kalimin e koh\u00ebs ata u b\u00ebn\u00eb mij\u00ebra. Por mjediset madh\u00ebshtore t\u00eb katedrales e p\u00ebrballuan pa problem. &nbsp; &nbsp; Liturgjia<\/p>\n","protected":false},"author":1,"featured_media":0,"comment_status":"open","ping_status":"open","sticky":false,"template":"","format":"standard","meta":{"_acf_changed":false,"pagelayer_contact_templates":[],"_pagelayer_content":"","inline_featured_image":false,"fifu_image_url":"","fifu_image_alt":"","footnotes":""},"categories":[108],"tags":[141,184,196,201,212],"class_list":["post-1459","post","type-post","status-publish","format-standard","hentry","category-lajme","tag-141","tag-katedralja-ngjallja-e-krishtit-tirane","tag-tirane","tag-kryepiskopi-anastas","tag-lajme-d27"],"acf":[],"yoast_head":"<!-- This site is optimized with the Yoast SEO plugin v27.2 - https:\/\/yoast.com\/product\/yoast-seo-wordpress\/ -->\n<title>Tiran\u00eb, Festimi i Theofanis\u00eb - Ujit t\u00eb bekuar n\u00eb Katedralen e re \u201c Ngjallja e Krishtit\u201d. (6 Janar 2013) - Kisha Orthodh\u03bfkse Autoqefale e Shqip\u00ebris\u00eb<\/title>\n<meta name=\"robots\" content=\"index, follow, max-snippet:-1, max-image-preview:large, max-video-preview:-1\" \/>\n<link rel=\"canonical\" href=\"https:\/\/orthodoxalbania.org\/2020\/2013\/03\/21\/tirane-festimi-i-theofanise-ujit-te-bekuar-ne-katedralen-e-re-ngjallja-e-krishtit\/\" \/>\n<meta property=\"og:locale\" content=\"en_US\" \/>\n<meta property=\"og:type\" content=\"article\" \/>\n<meta property=\"og:title\" content=\"Tiran\u00eb, Festimi i Theofanis\u00eb - Ujit t\u00eb bekuar n\u00eb Katedralen e re \u201c Ngjallja e Krishtit\u201d. (6 Janar 2013) - Kisha Orthodh\u03bfkse Autoqefale e Shqip\u00ebris\u00eb\" \/>\n<meta property=\"og:description\" content=\"&nbsp;&nbsp;&nbsp;&nbsp; Atmosfera festive e Theofanis\u00eb, Ujit t\u00eb Bekuar, n\u00eb Tiran\u00eb u ndje edhe m\u00eb e ve\u00e7ant\u00eb k\u00ebt\u00eb vit 2013, pasi u kremtua n\u00eb Katedralen e re \u201cNgjallja e Krishtit\u201d. Qindra besimtar\u00eb e mbush\u00ebn at\u00eb q\u00eb n\u00eb m\u00ebngjes, por si\u00e7 ndodh n\u00eb t\u00eb kremtet e m\u00ebdha, me kalimin e koh\u00ebs ata u b\u00ebn\u00eb mij\u00ebra. Por mjediset madh\u00ebshtore t\u00eb katedrales e p\u00ebrballuan pa problem. &nbsp; &nbsp; Liturgjia\" \/>\n<meta property=\"og:url\" content=\"https:\/\/orthodoxalbania.org\/2020\/2013\/03\/21\/tirane-festimi-i-theofanise-ujit-te-bekuar-ne-katedralen-e-re-ngjallja-e-krishtit\/\" \/>\n<meta property=\"og:site_name\" content=\"Kisha Orthodh\u03bfkse Autoqefale e Shqip\u00ebris\u00eb\" \/>\n<meta property=\"article:publisher\" content=\"https:\/\/www.facebook.com\/koash1991\" \/>\n<meta property=\"article:published_time\" content=\"2013-03-21T12:42:30+00:00\" \/>\n<meta property=\"article:modified_time\" content=\"2020-04-06T20:05:51+00:00\" \/>\n<meta property=\"og:image\" content=\"https:\/\/lh6.googleusercontent.com\/-1PaP9jBY2rA\/UOmwm1-pKpI\/AAAAAAAABww\/zc2L8b6uo_M\/s720\/1%20tekst%20.jpg\" \/>\n<meta name=\"author\" content=\"Kisha Orthodhokse\" \/>\n<meta name=\"twitter:card\" content=\"summary_large_image\" \/>\n<meta name=\"twitter:label1\" content=\"Written by\" \/>\n\t<meta name=\"twitter:data1\" content=\"Kisha Orthodhokse\" \/>\n\t<meta name=\"twitter:label2\" content=\"Est. reading time\" \/>\n\t<meta name=\"twitter:data2\" content=\"1 minute\" \/>\n<script type=\"application\/ld+json\" class=\"yoast-schema-graph\">{\"@context\":\"https:\/\/schema.org\",\"@graph\":[{\"@type\":\"Article\",\"@id\":\"https:\/\/orthodoxalbania.org\/2020\/2013\/03\/21\/tirane-festimi-i-theofanise-ujit-te-bekuar-ne-katedralen-e-re-ngjallja-e-krishtit\/#article\",\"isPartOf\":{\"@id\":\"https:\/\/orthodoxalbania.org\/2020\/2013\/03\/21\/tirane-festimi-i-theofanise-ujit-te-bekuar-ne-katedralen-e-re-ngjallja-e-krishtit\/\"},\"author\":{\"name\":\"Kisha Orthodhokse\",\"@id\":\"https:\/\/orthodoxalbania.org\/2020\/#\/schema\/person\/0c387634a7063ac612d7ed9ce71c7e86\"},\"headline\":\"Tiran\u00eb, Festimi i Theofanis\u00eb &#8211; Ujit t\u00eb bekuar n\u00eb Katedralen e re \u201c Ngjallja e Krishtit\u201d. (6 Janar 2013)\",\"datePublished\":\"2013-03-21T12:42:30+00:00\",\"dateModified\":\"2020-04-06T20:05:51+00:00\",\"mainEntityOfPage\":{\"@id\":\"https:\/\/orthodoxalbania.org\/2020\/2013\/03\/21\/tirane-festimi-i-theofanise-ujit-te-bekuar-ne-katedralen-e-re-ngjallja-e-krishtit\/\"},\"wordCount\":240,\"commentCount\":0,\"publisher\":{\"@id\":\"https:\/\/orthodoxalbania.org\/2020\/#organization\"},\"image\":{\"@id\":\"https:\/\/orthodoxalbania.org\/2020\/2013\/03\/21\/tirane-festimi-i-theofanise-ujit-te-bekuar-ne-katedralen-e-re-ngjallja-e-krishtit\/#primaryimage\"},\"thumbnailUrl\":\"https:\/\/lh5.googleusercontent.com\/-RDS2Ql_pzZM\/UOmpmvuxmvI\/AAAAAAAABvo\/AskHiqjLpBc\/s640\/3.JPG\",\"keywords\":[\"2013\",\"Katedralja \u201cNgjallja e Krishtit\u201d Tiran\u00eb\",\"Kryepiskopata Tiran\u00eb\",\"Kryepiskopi Anastas\",\"lajme\"],\"articleSection\":[\"Lajme\"],\"inLanguage\":\"en-US\"},{\"@type\":\"WebPage\",\"@id\":\"https:\/\/orthodoxalbania.org\/2020\/2013\/03\/21\/tirane-festimi-i-theofanise-ujit-te-bekuar-ne-katedralen-e-re-ngjallja-e-krishtit\/\",\"url\":\"https:\/\/orthodoxalbania.org\/2020\/2013\/03\/21\/tirane-festimi-i-theofanise-ujit-te-bekuar-ne-katedralen-e-re-ngjallja-e-krishtit\/\",\"name\":\"Tiran\u00eb, Festimi i Theofanis\u00eb - Ujit t\u00eb bekuar n\u00eb Katedralen e re \u201c Ngjallja e Krishtit\u201d. (6 Janar 2013) - Kisha Orthodh\u03bfkse Autoqefale e Shqip\u00ebris\u00eb\",\"isPartOf\":{\"@id\":\"https:\/\/orthodoxalbania.org\/2020\/#website\"},\"primaryImageOfPage\":{\"@id\":\"https:\/\/orthodoxalbania.org\/2020\/2013\/03\/21\/tirane-festimi-i-theofanise-ujit-te-bekuar-ne-katedralen-e-re-ngjallja-e-krishtit\/#primaryimage\"},\"image\":{\"@id\":\"https:\/\/orthodoxalbania.org\/2020\/2013\/03\/21\/tirane-festimi-i-theofanise-ujit-te-bekuar-ne-katedralen-e-re-ngjallja-e-krishtit\/#primaryimage\"},\"thumbnailUrl\":\"https:\/\/lh5.googleusercontent.com\/-RDS2Ql_pzZM\/UOmpmvuxmvI\/AAAAAAAABvo\/AskHiqjLpBc\/s640\/3.JPG\",\"datePublished\":\"2013-03-21T12:42:30+00:00\",\"dateModified\":\"2020-04-06T20:05:51+00:00\",\"breadcrumb\":{\"@id\":\"https:\/\/orthodoxalbania.org\/2020\/2013\/03\/21\/tirane-festimi-i-theofanise-ujit-te-bekuar-ne-katedralen-e-re-ngjallja-e-krishtit\/#breadcrumb\"},\"inLanguage\":\"en-US\",\"potentialAction\":[{\"@type\":\"ReadAction\",\"target\":[\"https:\/\/orthodoxalbania.org\/2020\/2013\/03\/21\/tirane-festimi-i-theofanise-ujit-te-bekuar-ne-katedralen-e-re-ngjallja-e-krishtit\/\"]}]},{\"@type\":\"ImageObject\",\"inLanguage\":\"en-US\",\"@id\":\"https:\/\/orthodoxalbania.org\/2020\/2013\/03\/21\/tirane-festimi-i-theofanise-ujit-te-bekuar-ne-katedralen-e-re-ngjallja-e-krishtit\/#primaryimage\",\"url\":\"https:\/\/lh5.googleusercontent.com\/-RDS2Ql_pzZM\/UOmpmvuxmvI\/AAAAAAAABvo\/AskHiqjLpBc\/s640\/3.JPG\",\"contentUrl\":\"https:\/\/lh5.googleusercontent.com\/-RDS2Ql_pzZM\/UOmpmvuxmvI\/AAAAAAAABvo\/AskHiqjLpBc\/s640\/3.JPG\"},{\"@type\":\"BreadcrumbList\",\"@id\":\"https:\/\/orthodoxalbania.org\/2020\/2013\/03\/21\/tirane-festimi-i-theofanise-ujit-te-bekuar-ne-katedralen-e-re-ngjallja-e-krishtit\/#breadcrumb\",\"itemListElement\":[{\"@type\":\"ListItem\",\"position\":1,\"name\":\"Home\",\"item\":\"https:\/\/orthodoxalbania.org\/2020\/\"},{\"@type\":\"ListItem\",\"position\":2,\"name\":\"Tiran\u00eb, Festimi i Theofanis\u00eb &#8211; Ujit t\u00eb bekuar n\u00eb Katedralen e re \u201c Ngjallja e Krishtit\u201d. (6 Janar 2013)\"}]},{\"@type\":\"WebSite\",\"@id\":\"https:\/\/orthodoxalbania.org\/2020\/#website\",\"url\":\"https:\/\/orthodoxalbania.org\/2020\/\",\"name\":\"Kisha Orthodh\u03bfkse Autoqefale e Shqip\u00ebris\u00eb\",\"description\":\"Fqja Zyrtare e Kish\u00ebs Orthodhokse Autoqefale e Shqip\u00ebris\u00eb me lajmet edhe informacionet zyrtare p\u00ebr struktur\u00ebn edhe veprimtarin e saj.\",\"publisher\":{\"@id\":\"https:\/\/orthodoxalbania.org\/2020\/#organization\"},\"potentialAction\":[{\"@type\":\"SearchAction\",\"target\":{\"@type\":\"EntryPoint\",\"urlTemplate\":\"https:\/\/orthodoxalbania.org\/2020\/?s={search_term_string}\"},\"query-input\":{\"@type\":\"PropertyValueSpecification\",\"valueRequired\":true,\"valueName\":\"search_term_string\"}}],\"inLanguage\":\"en-US\"},{\"@type\":\"Organization\",\"@id\":\"https:\/\/orthodoxalbania.org\/2020\/#organization\",\"name\":\"Kisha Orthodhokse Autoqefale e Shqip\u00ebris\u00eb\",\"url\":\"https:\/\/orthodoxalbania.org\/2020\/\",\"logo\":{\"@type\":\"ImageObject\",\"inLanguage\":\"en-US\",\"@id\":\"https:\/\/orthodoxalbania.org\/2020\/#\/schema\/logo\/image\/\",\"url\":\"https:\/\/orthodoxalbania.org\/2020\/wp-content\/uploads\/2020\/05\/albania.jpeg\",\"contentUrl\":\"https:\/\/orthodoxalbania.org\/2020\/wp-content\/uploads\/2020\/05\/albania.jpeg\",\"width\":540,\"height\":540,\"caption\":\"Kisha Orthodhokse Autoqefale e Shqip\u00ebris\u00eb\"},\"image\":{\"@id\":\"https:\/\/orthodoxalbania.org\/2020\/#\/schema\/logo\/image\/\"},\"sameAs\":[\"https:\/\/www.facebook.com\/koash1991\"]},{\"@type\":\"Person\",\"@id\":\"https:\/\/orthodoxalbania.org\/2020\/#\/schema\/person\/0c387634a7063ac612d7ed9ce71c7e86\",\"name\":\"Kisha Orthodhokse\",\"image\":{\"@type\":\"ImageObject\",\"inLanguage\":\"en-US\",\"@id\":\"https:\/\/secure.gravatar.com\/avatar\/596e7c417251e30f2fbb9c00e026fce61a695a00e51c889caded71c96cbbdde5?s=96&d=mm&r=g\",\"url\":\"https:\/\/secure.gravatar.com\/avatar\/596e7c417251e30f2fbb9c00e026fce61a695a00e51c889caded71c96cbbdde5?s=96&d=mm&r=g\",\"contentUrl\":\"https:\/\/secure.gravatar.com\/avatar\/596e7c417251e30f2fbb9c00e026fce61a695a00e51c889caded71c96cbbdde5?s=96&d=mm&r=g\",\"caption\":\"Kisha Orthodhokse\"}}]}<\/script>\n<!-- \/ Yoast SEO plugin. -->","yoast_head_json":{"title":"Tiran\u00eb, Festimi i Theofanis\u00eb - Ujit t\u00eb bekuar n\u00eb Katedralen e re \u201c Ngjallja e Krishtit\u201d. (6 Janar 2013) - Kisha Orthodh\u03bfkse Autoqefale e Shqip\u00ebris\u00eb","robots":{"index":"index","follow":"follow","max-snippet":"max-snippet:-1","max-image-preview":"max-image-preview:large","max-video-preview":"max-video-preview:-1"},"canonical":"https:\/\/orthodoxalbania.org\/2020\/2013\/03\/21\/tirane-festimi-i-theofanise-ujit-te-bekuar-ne-katedralen-e-re-ngjallja-e-krishtit\/","og_locale":"en_US","og_type":"article","og_title":"Tiran\u00eb, Festimi i Theofanis\u00eb - Ujit t\u00eb bekuar n\u00eb Katedralen e re \u201c Ngjallja e Krishtit\u201d. (6 Janar 2013) - Kisha Orthodh\u03bfkse Autoqefale e Shqip\u00ebris\u00eb","og_description":"&nbsp;&nbsp;&nbsp;&nbsp; Atmosfera festive e Theofanis\u00eb, Ujit t\u00eb Bekuar, n\u00eb Tiran\u00eb u ndje edhe m\u00eb e ve\u00e7ant\u00eb k\u00ebt\u00eb vit 2013, pasi u kremtua n\u00eb Katedralen e re \u201cNgjallja e Krishtit\u201d. Qindra besimtar\u00eb e mbush\u00ebn at\u00eb q\u00eb n\u00eb m\u00ebngjes, por si\u00e7 ndodh n\u00eb t\u00eb kremtet e m\u00ebdha, me kalimin e koh\u00ebs ata u b\u00ebn\u00eb mij\u00ebra. Por mjediset madh\u00ebshtore t\u00eb katedrales e p\u00ebrballuan pa problem. &nbsp; &nbsp; Liturgjia","og_url":"https:\/\/orthodoxalbania.org\/2020\/2013\/03\/21\/tirane-festimi-i-theofanise-ujit-te-bekuar-ne-katedralen-e-re-ngjallja-e-krishtit\/","og_site_name":"Kisha Orthodh\u03bfkse Autoqefale e Shqip\u00ebris\u00eb","article_publisher":"https:\/\/www.facebook.com\/koash1991","article_published_time":"2013-03-21T12:42:30+00:00","article_modified_time":"2020-04-06T20:05:51+00:00","og_image":[{"url":"https:\/\/lh6.googleusercontent.com\/-1PaP9jBY2rA\/UOmwm1-pKpI\/AAAAAAAABww\/zc2L8b6uo_M\/s720\/1 tekst .jpg","type":"","width":"","height":""}],"author":"Kisha Orthodhokse","twitter_card":"summary_large_image","twitter_misc":{"Written by":"Kisha Orthodhokse","Est. reading time":"1 minute"},"schema":{"@context":"https:\/\/schema.org","@graph":[{"@type":"Article","@id":"https:\/\/orthodoxalbania.org\/2020\/2013\/03\/21\/tirane-festimi-i-theofanise-ujit-te-bekuar-ne-katedralen-e-re-ngjallja-e-krishtit\/#article","isPartOf":{"@id":"https:\/\/orthodoxalbania.org\/2020\/2013\/03\/21\/tirane-festimi-i-theofanise-ujit-te-bekuar-ne-katedralen-e-re-ngjallja-e-krishtit\/"},"author":{"name":"Kisha Orthodhokse","@id":"https:\/\/orthodoxalbania.org\/2020\/#\/schema\/person\/0c387634a7063ac612d7ed9ce71c7e86"},"headline":"Tiran\u00eb, Festimi i Theofanis\u00eb &#8211; Ujit t\u00eb bekuar n\u00eb Katedralen e re \u201c Ngjallja e Krishtit\u201d. (6 Janar 2013)","datePublished":"2013-03-21T12:42:30+00:00","dateModified":"2020-04-06T20:05:51+00:00","mainEntityOfPage":{"@id":"https:\/\/orthodoxalbania.org\/2020\/2013\/03\/21\/tirane-festimi-i-theofanise-ujit-te-bekuar-ne-katedralen-e-re-ngjallja-e-krishtit\/"},"wordCount":240,"commentCount":0,"publisher":{"@id":"https:\/\/orthodoxalbania.org\/2020\/#organization"},"image":{"@id":"https:\/\/orthodoxalbania.org\/2020\/2013\/03\/21\/tirane-festimi-i-theofanise-ujit-te-bekuar-ne-katedralen-e-re-ngjallja-e-krishtit\/#primaryimage"},"thumbnailUrl":"https:\/\/lh5.googleusercontent.com\/-RDS2Ql_pzZM\/UOmpmvuxmvI\/AAAAAAAABvo\/AskHiqjLpBc\/s640\/3.JPG","keywords":["2013","Katedralja \u201cNgjallja e Krishtit\u201d Tiran\u00eb","Kryepiskopata Tiran\u00eb","Kryepiskopi Anastas","lajme"],"articleSection":["Lajme"],"inLanguage":"en-US"},{"@type":"WebPage","@id":"https:\/\/orthodoxalbania.org\/2020\/2013\/03\/21\/tirane-festimi-i-theofanise-ujit-te-bekuar-ne-katedralen-e-re-ngjallja-e-krishtit\/","url":"https:\/\/orthodoxalbania.org\/2020\/2013\/03\/21\/tirane-festimi-i-theofanise-ujit-te-bekuar-ne-katedralen-e-re-ngjallja-e-krishtit\/","name":"Tiran\u00eb, Festimi i Theofanis\u00eb - Ujit t\u00eb bekuar n\u00eb Katedralen e re \u201c Ngjallja e Krishtit\u201d. (6 Janar 2013) - Kisha Orthodh\u03bfkse Autoqefale e Shqip\u00ebris\u00eb","isPartOf":{"@id":"https:\/\/orthodoxalbania.org\/2020\/#website"},"primaryImageOfPage":{"@id":"https:\/\/orthodoxalbania.org\/2020\/2013\/03\/21\/tirane-festimi-i-theofanise-ujit-te-bekuar-ne-katedralen-e-re-ngjallja-e-krishtit\/#primaryimage"},"image":{"@id":"https:\/\/orthodoxalbania.org\/2020\/2013\/03\/21\/tirane-festimi-i-theofanise-ujit-te-bekuar-ne-katedralen-e-re-ngjallja-e-krishtit\/#primaryimage"},"thumbnailUrl":"https:\/\/lh5.googleusercontent.com\/-RDS2Ql_pzZM\/UOmpmvuxmvI\/AAAAAAAABvo\/AskHiqjLpBc\/s640\/3.JPG","datePublished":"2013-03-21T12:42:30+00:00","dateModified":"2020-04-06T20:05:51+00:00","breadcrumb":{"@id":"https:\/\/orthodoxalbania.org\/2020\/2013\/03\/21\/tirane-festimi-i-theofanise-ujit-te-bekuar-ne-katedralen-e-re-ngjallja-e-krishtit\/#breadcrumb"},"inLanguage":"en-US","potentialAction":[{"@type":"ReadAction","target":["https:\/\/orthodoxalbania.org\/2020\/2013\/03\/21\/tirane-festimi-i-theofanise-ujit-te-bekuar-ne-katedralen-e-re-ngjallja-e-krishtit\/"]}]},{"@type":"ImageObject","inLanguage":"en-US","@id":"https:\/\/orthodoxalbania.org\/2020\/2013\/03\/21\/tirane-festimi-i-theofanise-ujit-te-bekuar-ne-katedralen-e-re-ngjallja-e-krishtit\/#primaryimage","url":"https:\/\/lh5.googleusercontent.com\/-RDS2Ql_pzZM\/UOmpmvuxmvI\/AAAAAAAABvo\/AskHiqjLpBc\/s640\/3.JPG","contentUrl":"https:\/\/lh5.googleusercontent.com\/-RDS2Ql_pzZM\/UOmpmvuxmvI\/AAAAAAAABvo\/AskHiqjLpBc\/s640\/3.JPG"},{"@type":"BreadcrumbList","@id":"https:\/\/orthodoxalbania.org\/2020\/2013\/03\/21\/tirane-festimi-i-theofanise-ujit-te-bekuar-ne-katedralen-e-re-ngjallja-e-krishtit\/#breadcrumb","itemListElement":[{"@type":"ListItem","position":1,"name":"Home","item":"https:\/\/orthodoxalbania.org\/2020\/"},{"@type":"ListItem","position":2,"name":"Tiran\u00eb, Festimi i Theofanis\u00eb &#8211; Ujit t\u00eb bekuar n\u00eb Katedralen e re \u201c Ngjallja e Krishtit\u201d. (6 Janar 2013)"}]},{"@type":"WebSite","@id":"https:\/\/orthodoxalbania.org\/2020\/#website","url":"https:\/\/orthodoxalbania.org\/2020\/","name":"Kisha Orthodh\u03bfkse Autoqefale e Shqip\u00ebris\u00eb","description":"Fqja Zyrtare e Kish\u00ebs Orthodhokse Autoqefale e Shqip\u00ebris\u00eb me lajmet edhe informacionet zyrtare p\u00ebr struktur\u00ebn edhe veprimtarin e saj.","publisher":{"@id":"https:\/\/orthodoxalbania.org\/2020\/#organization"},"potentialAction":[{"@type":"SearchAction","target":{"@type":"EntryPoint","urlTemplate":"https:\/\/orthodoxalbania.org\/2020\/?s={search_term_string}"},"query-input":{"@type":"PropertyValueSpecification","valueRequired":true,"valueName":"search_term_string"}}],"inLanguage":"en-US"},{"@type":"Organization","@id":"https:\/\/orthodoxalbania.org\/2020\/#organization","name":"Kisha Orthodhokse Autoqefale e Shqip\u00ebris\u00eb","url":"https:\/\/orthodoxalbania.org\/2020\/","logo":{"@type":"ImageObject","inLanguage":"en-US","@id":"https:\/\/orthodoxalbania.org\/2020\/#\/schema\/logo\/image\/","url":"https:\/\/orthodoxalbania.org\/2020\/wp-content\/uploads\/2020\/05\/albania.jpeg","contentUrl":"https:\/\/orthodoxalbania.org\/2020\/wp-content\/uploads\/2020\/05\/albania.jpeg","width":540,"height":540,"caption":"Kisha Orthodhokse Autoqefale e Shqip\u00ebris\u00eb"},"image":{"@id":"https:\/\/orthodoxalbania.org\/2020\/#\/schema\/logo\/image\/"},"sameAs":["https:\/\/www.facebook.com\/koash1991"]},{"@type":"Person","@id":"https:\/\/orthodoxalbania.org\/2020\/#\/schema\/person\/0c387634a7063ac612d7ed9ce71c7e86","name":"Kisha Orthodhokse","image":{"@type":"ImageObject","inLanguage":"en-US","@id":"https:\/\/secure.gravatar.com\/avatar\/596e7c417251e30f2fbb9c00e026fce61a695a00e51c889caded71c96cbbdde5?s=96&d=mm&r=g","url":"https:\/\/secure.gravatar.com\/avatar\/596e7c417251e30f2fbb9c00e026fce61a695a00e51c889caded71c96cbbdde5?s=96&d=mm&r=g","contentUrl":"https:\/\/secure.gravatar.com\/avatar\/596e7c417251e30f2fbb9c00e026fce61a695a00e51c889caded71c96cbbdde5?s=96&d=mm&r=g","caption":"Kisha Orthodhokse"}}]}},"_links":{"self":[{"href":"https:\/\/orthodoxalbania.org\/2020\/wp-json\/wp\/v2\/posts\/1459","targetHints":{"allow":["GET"]}}],"collection":[{"href":"https:\/\/orthodoxalbania.org\/2020\/wp-json\/wp\/v2\/posts"}],"about":[{"href":"https:\/\/orthodoxalbania.org\/2020\/wp-json\/wp\/v2\/types\/post"}],"author":[{"embeddable":true,"href":"https:\/\/orthodoxalbania.org\/2020\/wp-json\/wp\/v2\/users\/1"}],"replies":[{"embeddable":true,"href":"https:\/\/orthodoxalbania.org\/2020\/wp-json\/wp\/v2\/comments?post=1459"}],"version-history":[{"count":1,"href":"https:\/\/orthodoxalbania.org\/2020\/wp-json\/wp\/v2\/posts\/1459\/revisions"}],"predecessor-version":[{"id":15263,"href":"https:\/\/orthodoxalbania.org\/2020\/wp-json\/wp\/v2\/posts\/1459\/revisions\/15263"}],"wp:attachment":[{"href":"https:\/\/orthodoxalbania.org\/2020\/wp-json\/wp\/v2\/media?parent=1459"}],"wp:term":[{"taxonomy":"category","embeddable":true,"href":"https:\/\/orthodoxalbania.org\/2020\/wp-json\/wp\/v2\/categories?post=1459"},{"taxonomy":"post_tag","embeddable":true,"href":"https:\/\/orthodoxalbania.org\/2020\/wp-json\/wp\/v2\/tags?post=1459"}],"curies":[{"name":"wp","href":"https:\/\/api.w.org\/{rel}","templated":true}]}}