{"id":1457,"date":"2013-03-21T11:59:50","date_gmt":"2013-03-21T11:59:50","guid":{"rendered":""},"modified":"2020-04-06T22:06:03","modified_gmt":"2020-04-06T20:06:03","slug":"tirane-u-perurua-katedralja-e-re-orthodhokse-ngjallja-e-krishtit-qershor-2012","status":"publish","type":"post","link":"https:\/\/orthodoxalbania.org\/2020\/2013\/03\/21\/tirane-u-perurua-katedralja-e-re-orthodhokse-ngjallja-e-krishtit-qershor-2012\/","title":{"rendered":"Tiran\u00eb &#8211; U p\u00ebrurua Katedralja e Re Orthodhokse \u201cNgjallja e Krishtit\u201d (Qershor 2012)"},"content":{"rendered":"<div style=\"text-align: center;\">\n\t<span style=\"color:#b22222;\"><span style=\"font-family: tahoma,geneva,sans-serif;\"><span style=\"font-size: 12px;\"><strong><span style=\"font-size: 14px;\"><span style=\"color:#000000;\"><span style=\"font-family: tahoma,geneva,sans-serif;\"><span style=\"font-size: 12px;\"><strong><em><img decoding=\"async\" class=\"lazyload HAa Eha\" src=\"data:image\/gif;base64,R0lGODlhAQABAAAAACH5BAEKAAEALAAAAAABAAEAAAICTAEAOw==\" data-orig-src=\"https:\/\/lh6.googleusercontent.com\/-63EHFAbEyrA\/VMiRGSdsTvI\/AAAAAAAALF4\/Y6q01PubT9A\/w600-h399-no\/_DSC7811_600x399.JPG\" style=\"height: 200px; width: 300px; border-width: 1px; border-style: solid; margin: 10px; float: left;\" \/><\/em><\/strong><\/span><\/span><\/span>Liturgji Hyjnore madh\u00ebshtore<\/span><\/strong><\/span><\/span><\/span><\/div>\n<div style=\"text-align: center;\">\n\t&nbsp;<\/div>\n<div style=\"text-align: center;\">\n\t<span style=\"color:#b22222;\"><span style=\"font-family: tahoma,geneva,sans-serif;\"><span style=\"font-size: 12px;\"><strong><em>24 Qershori sh\u00ebnon 20-vjetorin e zgjedhjes s\u00eb Fortlumturis\u00eb s\u00eb Tij, Anastasit, Kryepiskop t\u00eb Tiran\u00ebs dhe t\u00eb gjith\u00eb Shqip\u00ebris\u00eb dhe t\u00eb Ringritjes Kanonike t\u00eb Kish\u00ebs Orthodhokse Autoqefale t\u00eb Shqip\u00ebris\u00eb<\/em><\/strong><\/span><\/span><\/span><\/div>\n<div style=\"text-align: center;\">\n\t&nbsp;<\/div>\n<div style=\"text-align: justify;\">\n\t&nbsp;<\/div>\n<div style=\"text-align: justify;\">\n\t<span style=\"color:#000000;\"><span style=\"font-family: tahoma,geneva,sans-serif;\"><span style=\"font-size: 12px;\">&nbsp;&nbsp;&nbsp; 24 Qershori u kthye n\u00eb nj\u00eb dit\u00eb tep\u00ebr t\u00eb ve\u00e7ant\u00eb. E kremtja e Lindjes s\u00eb Sh\u00ebn Joan Pro-dhromit sh\u00ebnon edhe p\u00ebrvjetorin e Ringritjes Kanonike t\u00eb Kish\u00ebs Orthodhokse Autoqefale t\u00eb Shqip\u00ebris\u00eb, q\u00eb nisi me zgjedhjen e Fortlumturis\u00eb s\u00eb Tij Anastasit, Kryepiskop t\u00eb Tiran\u00ebs dhe t\u00eb gjith\u00eb Shqip\u00ebris\u00eb. K\u00ebt\u00eb vit u mbush\u00ebn plot dy dekada nga kjo ngjarje historike jo vet\u00ebm p\u00ebr orthodhoks\u00ebt e Shqip\u00ebris\u00eb. Sigurisht u kremtua ashtu si\u00e7 i takonte, me finalizimin e nj\u00eb prej \u00ebndrrave m\u00eb t\u00eb m\u00ebdha t\u00eb Kryepiskopit Anastas, q\u00eb \u00ebsht\u00eb edhe nj\u00eb kuror\u00ebzim i jasht\u00ebzakonsh\u00ebm i vepr\u00ebs s\u00eb mrekullueshme 20-vje\u00e7are &#8211; rikthimin e Katedrales Orthodhokse n\u00eb qend\u00ebr t\u00eb Kryeqytetit.<\/span><\/span><\/span><\/div>\n<div style=\"text-align: justify;\">\n\t&nbsp;<\/div>\n<div style=\"text-align: justify;\">\n\t<span style=\"color:#000000;\"><span style=\"font-family: tahoma,geneva,sans-serif;\"><span style=\"font-size: 12px;\">&nbsp;&nbsp;&nbsp; Dita nisi me Sh\u00ebrbes\u00ebn e Thiraniksjes, Hapjes s\u00eb Dyerve t\u00eb Katedrales s\u00eb re \u201cNgjallja e Krishtit\u201d. Mij\u00ebra besimtar\u00eb u mblodh\u00ebn me p\u00ebrkushtim, por edhe me padurimin p\u00ebr t\u00eb par\u00eb k\u00ebt\u00eb vep\u00ebr madh\u00ebshtore, q\u00eb zbukuron e nderon kryeqytetin dhe gjith\u00eb vendin, t\u00eb cil\u00ebn Fortlumturia e Tij ua dhuronte n\u00eb k\u00ebt\u00eb p\u00ebrvjetor. Dhe hapja e dyerve t\u00eb mrekullueshme t\u00eb bronzit ishte sikur hapeshin dyert e qiellit, si\u00e7 do t\u00eb thoshte m\u00eb von\u00eb Imzot Nikoni, me shfaqjen e Pantokratorit madh\u00ebshtor, realizuar i gjithi n\u00eb mozaik.<\/span><\/span><\/span><\/div>\n<div style=\"text-align: justify;\">\n\t&nbsp;<\/div>\n<div style=\"text-align: justify;\">\n\t<span style=\"color:#000000;\"><span style=\"font-family: tahoma,geneva,sans-serif;\"><span style=\"font-size: 12px;\">&nbsp;&nbsp;&nbsp; N\u00eb Liturgjin\u00eb e par\u00eb Hyjnore, bashk\u00ebmeshuan Kryepiskopi i Tiran\u00ebs dhe i gjith\u00eb Shqip\u00ebris\u00eb Anastasi, p\u00ebrfaq\u00ebsuesit e Patriarkan\u00ebs Ekumenike, Kryepiskopi i Amerik\u00ebs, Hir\u00ebsia e Tij Dhimitri dhe Mitropoliti i Filadelfias Melitoni, Episkopi i Bostonit dhe i Arqidioqez\u00ebs Shqiptare Imzot Nikoni, an\u00ebtar\u00eb t\u00eb Sinodit, si dhe klerik\u00eb nga t\u00eb gjitha dioqezat.<\/span><\/span><\/span><\/div>\n<div style=\"text-align: justify;\">\n\t&nbsp;<\/div>\n<div style=\"text-align: justify;\">\n\t<span style=\"color:#000000;\"><span style=\"font-family: tahoma,geneva,sans-serif;\"><span style=\"font-size: 12px;\">&nbsp;&nbsp;&nbsp; N\u00eb Dhoksologjin\u00eb e kryer me k\u00ebt\u00eb rast, n\u00eb or\u00ebn 10.30, nderuan me pjes\u00ebmarrjen e tyre edhe Presidenti i Republik\u00ebs z. Bamir Topi, Kryetarja e Kuvendit znj. Jozefina Topalli, Ministrat Pollo, Bum\u00e7i e Ksera, Kryetari i PBDNJ z. Dule, p\u00ebrfaq\u00ebsues diplomatik\u00eb etj. Ishin t\u00eb pranish\u00ebm dhe p\u00ebrfaq\u00ebsuesit e komuniteteve t\u00eb tjera fetare.<\/span><\/span><\/span><\/div>\n<div style=\"text-align: justify;\">\n\t&nbsp;<\/div>\n<div style=\"text-align: justify;\">\n\t<span style=\"color:#000000;\"><span style=\"font-family: tahoma,geneva,sans-serif;\"><span style=\"font-size: 12px;\">&nbsp;&nbsp;&nbsp; Mbas Dhoksologjis\u00eb u mbajt\u00ebn edhe fjalimet e rastit. Hir\u00ebsia e Tij Melitoni lexoi p\u00ebrsh\u00ebndetjen e Patriarkut Ekumenik Vartholomeut I. Pastaj p\u00ebrsh\u00ebndet\u00ebn Kryepiskopi i Amerik\u00ebs Dhimitri dhe Episkopi i Bostonit Nikoni. N\u00eb em\u00ebr t\u00eb Sinodit t\u00eb Shenjt\u00eb p\u00ebrsh\u00ebndeti n\u00eb k\u00ebt\u00eb dit\u00eb t\u00eb sh\u00ebnuar Mitropoliti i Kor\u00e7\u00ebs, Hir\u00ebsia e Tij Joani, i cili foli p\u00ebr vepr\u00ebn e Kryepiskopit Anastas n\u00eb k\u00ebto dy dekada, duke u ndalur ve\u00e7an\u00ebrisht te ndjenja e mir\u00ebnjohjes s\u00eb thell\u00eb q\u00eb duhet t\u00eb tregoj\u00eb \u00e7dokush p\u00ebr \u00e7do gj\u00eb q\u00eb ai ka b\u00ebr\u00eb p\u00ebr orthodhoks\u00ebt dhe t\u00eb gjith\u00eb vendin ton\u00eb.<\/span><\/span><\/span><\/div>\n<div style=\"text-align: justify;\">\n\t&nbsp;<\/div>\n<div style=\"text-align: justify;\">\n\t<span style=\"color:#000000;\"><span style=\"font-family: tahoma,geneva,sans-serif;\"><span style=\"font-size: 12px;\">&nbsp;&nbsp;&nbsp; Pas Liturgjis\u00eb Hyjnore u zhvillua dreka e rastit n\u00eb Hotel \u201cRogner\u201d dhe n\u00eb or\u00ebn 18:00 pasdite pati nj\u00eb koncert n\u00eb sall\u00ebn e re shum\u00eb t\u00eb bukur t\u00eb kompleksit.<\/span><\/span><\/span><\/div>\n<div style=\"text-align: justify;\">\n\t&nbsp;<\/div>\n<div style=\"text-align: justify;\">\n\t&nbsp;<\/div>\n<div style=\"text-align: right;\">\n\t<span style=\"color:#000000;\"><span style=\"font-family: tahoma,geneva,sans-serif;\"><span style=\"font-size: 12px;\"><strong><em>Thoma Dhima<\/em><\/strong><\/span><\/span><\/span><\/div>\n<div style=\"text-align: right;\">\n\t&nbsp;<\/div>\n<div style=\"text-align: center;\">\n\t<img decoding=\"async\" class=\"lazyload HAa Eha\" src=\"data:image\/gif;base64,R0lGODlhAQABAAAAACH5BAEKAAEALAAAAAABAAEAAAICTAEAOw==\" data-orig-src=\"https:\/\/lh3.googleusercontent.com\/-sjSz6YsHFbM\/VMiRGTJdBPI\/AAAAAAAALFQ\/P-hyGYnN32o\/w600-h399-no\/_DSC7842_600x399.JPG\" style=\"border-width: 1px; border-style: solid; margin: 10px;\" \/><\/div>\n<div style=\"text-align: center;\">\n\t&nbsp;<\/div>\n<div style=\"text-align: center;\">\n\t<img decoding=\"async\" class=\"lazyload HAa Eha\" src=\"data:image\/gif;base64,R0lGODlhAQABAAAAACH5BAEKAAEALAAAAAABAAEAAAICTAEAOw==\" data-orig-src=\"https:\/\/lh6.googleusercontent.com\/-vf_HdDPcTNM\/VMiRGQjUxlI\/AAAAAAAALGA\/6183vwW_RQI\/w600-h399-no\/_DSC7846_600x399.JPG\" style=\"border-width: 1px; border-style: solid; margin: 10px;\" \/><\/div>\n<div style=\"text-align: center;\">\n\t&nbsp;<\/div>\n<div style=\"text-align: center;\">\n\t<img decoding=\"async\" class=\"lazyload HAa Eha\" src=\"data:image\/gif;base64,R0lGODlhAQABAAAAACH5BAEKAAEALAAAAAABAAEAAAICTAEAOw==\" data-orig-src=\"https:\/\/lh4.googleusercontent.com\/-vU6deJgYA_M\/VMiRG9do6yI\/AAAAAAAALGE\/n6x2KrO8_Gc\/w600-h399-no\/_DSC7860_600x399.JPG\" style=\"border-width: 1px; border-style: solid; margin: 10px;\" \/><\/div>\n<div style=\"text-align: center;\">\n\t&nbsp;<\/div>\n<div style=\"text-align: center;\">\n\t<img decoding=\"async\" class=\"lazyload HAa Eha\" src=\"data:image\/gif;base64,R0lGODlhAQABAAAAACH5BAEKAAEALAAAAAABAAEAAAICTAEAOw==\" data-orig-src=\"https:\/\/lh6.googleusercontent.com\/-OnYX0DdIe0g\/VMiRG52WwfI\/AAAAAAAALFc\/5Pn8TGMPXI8\/w600-h399-no\/_DSC7905_600x399.JPG\" style=\"border-width: 1px; border-style: solid; margin: 10px;\" \/><\/div>\n<div style=\"text-align: center;\">\n\t&nbsp;<\/div>\n<div style=\"text-align: center;\">\n\t<img decoding=\"async\" class=\"lazyload HAa Eha\" src=\"data:image\/gif;base64,R0lGODlhAQABAAAAACH5BAEKAAEALAAAAAABAAEAAAICTAEAOw==\" data-orig-src=\"https:\/\/lh6.googleusercontent.com\/-YlCzpcpr9X4\/VMiRHWQckhI\/AAAAAAAALF0\/vTOS_468yOI\/w600-h399-no\/_DSC7926_600x399.JPG\" style=\"border-width: 1px; border-style: solid; margin: 10px;\" \/><\/div>\n<div style=\"text-align: center;\">\n\t&nbsp;<\/div>\n<div style=\"text-align: center;\">\n\t<img decoding=\"async\" class=\"lazyload HAa Eha\" src=\"data:image\/gif;base64,R0lGODlhAQABAAAAACH5BAEKAAEALAAAAAABAAEAAAICTAEAOw==\" data-orig-src=\"https:\/\/lh6.googleusercontent.com\/-bXLlbioCpPw\/VMiRHaUYkHI\/AAAAAAAALFo\/Vhcx_6tIaPw\/w600-h399-no\/_DSC7988_600x399.JPG\" style=\"border-width: 1px; border-style: solid; margin: 10px;\" \/><\/div>\n<div style=\"text-align: center;\">\n\t&nbsp;<\/div>\n<div style=\"text-align: center;\">\n\t<img decoding=\"async\" class=\"lazyload HAa Eha\" src=\"data:image\/gif;base64,R0lGODlhAQABAAAAACH5BAEKAAEALAAAAAABAAEAAAICTAEAOw==\" data-orig-src=\"https:\/\/lh6.googleusercontent.com\/-V1U-DL4Svio\/VMiRHz2aKJI\/AAAAAAAALFs\/2a1Cnrlbv4w\/w600-h399-no\/_DSC8050_600x399.JPG\" style=\"border-width: 1px; border-style: solid; margin: 10px;\" \/><\/div>\n<div style=\"text-align: center;\">\n\t&nbsp;<\/div>\n<div style=\"text-align: center;\">\n\t<img decoding=\"async\" class=\"lazyload HAa Eha\" src=\"data:image\/gif;base64,R0lGODlhAQABAAAAACH5BAEKAAEALAAAAAABAAEAAAICTAEAOw==\" data-orig-src=\"https:\/\/lh3.googleusercontent.com\/-zOBZ5aSJ9Ms\/VMiRIDVGnRI\/AAAAAAAALFw\/Oot3noiYLlA\/w600-h399-no\/_DSC8174_600x399.JPG\" style=\"border-width: 1px; border-style: solid; margin: 10px;\" \/><\/div>\n","protected":false},"excerpt":{"rendered":"<p>Liturgji Hyjnore madh\u00ebshtore &nbsp; 24 Qershori sh\u00ebnon 20-vjetorin e zgjedhjes s\u00eb Fortlumturis\u00eb s\u00eb Tij, Anastasit, Kryepiskop t\u00eb Tiran\u00ebs dhe t\u00eb gjith\u00eb Shqip\u00ebris\u00eb dhe t\u00eb Ringritjes Kanonike t\u00eb Kish\u00ebs Orthodhokse Autoqefale t\u00eb Shqip\u00ebris\u00eb &nbsp; &nbsp; &nbsp;&nbsp;&nbsp; 24 Qershori u kthye n\u00eb nj\u00eb dit\u00eb tep\u00ebr t\u00eb ve\u00e7ant\u00eb. E kremtja e Lindjes s\u00eb Sh\u00ebn Joan Pro-dhromit sh\u00ebnon edhe p\u00ebrvjetorin e Ringritjes Kanonike t\u00eb Kish\u00ebs Orthodhokse Autoqefale t\u00eb Shqip\u00ebris\u00eb,<\/p>\n","protected":false},"author":1,"featured_media":0,"comment_status":"open","ping_status":"open","sticky":false,"template":"","format":"standard","meta":{"_acf_changed":false,"pagelayer_contact_templates":[],"_pagelayer_content":"","inline_featured_image":false,"fifu_image_url":"","fifu_image_alt":"","footnotes":""},"categories":[108],"tags":[142,153,196,201,212],"class_list":["post-1457","post","type-post","status-publish","format-standard","hentry","category-lajme","tag-142","tag-deklarata-njoftime-zyrtare-d75","tag-tirane","tag-kryepiskopi-anastas","tag-lajme-d27"],"acf":[],"yoast_head":"<!-- This site is optimized with the Yoast SEO plugin v27.2 - https:\/\/yoast.com\/product\/yoast-seo-wordpress\/ -->\n<title>Tiran\u00eb - U p\u00ebrurua Katedralja e Re Orthodhokse \u201cNgjallja e Krishtit\u201d (Qershor 2012) - Kisha Orthodh\u03bfkse Autoqefale e Shqip\u00ebris\u00eb<\/title>\n<meta name=\"robots\" content=\"index, follow, max-snippet:-1, max-image-preview:large, max-video-preview:-1\" \/>\n<link rel=\"canonical\" href=\"https:\/\/orthodoxalbania.org\/2020\/2013\/03\/21\/tirane-u-perurua-katedralja-e-re-orthodhokse-ngjallja-e-krishtit-qershor-2012\/\" \/>\n<meta property=\"og:locale\" content=\"en_US\" \/>\n<meta property=\"og:type\" content=\"article\" \/>\n<meta property=\"og:title\" content=\"Tiran\u00eb - U p\u00ebrurua Katedralja e Re Orthodhokse \u201cNgjallja e Krishtit\u201d (Qershor 2012) - Kisha Orthodh\u03bfkse Autoqefale e Shqip\u00ebris\u00eb\" \/>\n<meta property=\"og:description\" content=\"Liturgji Hyjnore madh\u00ebshtore &nbsp; 24 Qershori sh\u00ebnon 20-vjetorin e zgjedhjes s\u00eb Fortlumturis\u00eb s\u00eb Tij, Anastasit, Kryepiskop t\u00eb Tiran\u00ebs dhe t\u00eb gjith\u00eb Shqip\u00ebris\u00eb dhe t\u00eb Ringritjes Kanonike t\u00eb Kish\u00ebs Orthodhokse Autoqefale t\u00eb Shqip\u00ebris\u00eb &nbsp; &nbsp; &nbsp;&nbsp;&nbsp; 24 Qershori u kthye n\u00eb nj\u00eb dit\u00eb tep\u00ebr t\u00eb ve\u00e7ant\u00eb. E kremtja e Lindjes s\u00eb Sh\u00ebn Joan Pro-dhromit sh\u00ebnon edhe p\u00ebrvjetorin e Ringritjes Kanonike t\u00eb Kish\u00ebs Orthodhokse Autoqefale t\u00eb Shqip\u00ebris\u00eb,\" \/>\n<meta property=\"og:url\" content=\"https:\/\/orthodoxalbania.org\/2020\/2013\/03\/21\/tirane-u-perurua-katedralja-e-re-orthodhokse-ngjallja-e-krishtit-qershor-2012\/\" \/>\n<meta property=\"og:site_name\" content=\"Kisha Orthodh\u03bfkse Autoqefale e Shqip\u00ebris\u00eb\" \/>\n<meta property=\"article:publisher\" content=\"https:\/\/www.facebook.com\/koash1991\" \/>\n<meta property=\"article:published_time\" content=\"2013-03-21T11:59:50+00:00\" \/>\n<meta property=\"article:modified_time\" content=\"2020-04-06T20:06:03+00:00\" \/>\n<meta property=\"og:image\" content=\"https:\/\/lh6.googleusercontent.com\/-63EHFAbEyrA\/VMiRGSdsTvI\/AAAAAAAALF4\/Y6q01PubT9A\/w600-h399-no\/_DSC7811_600x399.JPG\" \/>\n<meta name=\"author\" content=\"Kisha Orthodhokse\" \/>\n<meta name=\"twitter:card\" content=\"summary_large_image\" \/>\n<meta name=\"twitter:label1\" content=\"Written by\" \/>\n\t<meta name=\"twitter:data1\" content=\"Kisha Orthodhokse\" \/>\n\t<meta name=\"twitter:label2\" content=\"Est. reading time\" \/>\n\t<meta name=\"twitter:data2\" content=\"3 minutes\" \/>\n<script type=\"application\/ld+json\" class=\"yoast-schema-graph\">{\"@context\":\"https:\/\/schema.org\",\"@graph\":[{\"@type\":\"Article\",\"@id\":\"https:\/\/orthodoxalbania.org\/2020\/2013\/03\/21\/tirane-u-perurua-katedralja-e-re-orthodhokse-ngjallja-e-krishtit-qershor-2012\/#article\",\"isPartOf\":{\"@id\":\"https:\/\/orthodoxalbania.org\/2020\/2013\/03\/21\/tirane-u-perurua-katedralja-e-re-orthodhokse-ngjallja-e-krishtit-qershor-2012\/\"},\"author\":{\"name\":\"Kisha Orthodhokse\",\"@id\":\"https:\/\/orthodoxalbania.org\/2020\/#\/schema\/person\/0c387634a7063ac612d7ed9ce71c7e86\"},\"headline\":\"Tiran\u00eb &#8211; U p\u00ebrurua Katedralja e Re Orthodhokse \u201cNgjallja e Krishtit\u201d (Qershor 2012)\",\"datePublished\":\"2013-03-21T11:59:50+00:00\",\"dateModified\":\"2020-04-06T20:06:03+00:00\",\"mainEntityOfPage\":{\"@id\":\"https:\/\/orthodoxalbania.org\/2020\/2013\/03\/21\/tirane-u-perurua-katedralja-e-re-orthodhokse-ngjallja-e-krishtit-qershor-2012\/\"},\"wordCount\":569,\"commentCount\":0,\"publisher\":{\"@id\":\"https:\/\/orthodoxalbania.org\/2020\/#organization\"},\"image\":{\"@id\":\"https:\/\/orthodoxalbania.org\/2020\/2013\/03\/21\/tirane-u-perurua-katedralja-e-re-orthodhokse-ngjallja-e-krishtit-qershor-2012\/#primaryimage\"},\"thumbnailUrl\":\"https:\/\/lh6.googleusercontent.com\/-63EHFAbEyrA\/VMiRGSdsTvI\/AAAAAAAALF4\/Y6q01PubT9A\/w600-h399-no\/_DSC7811_600x399.JPG\",\"keywords\":[\"2012\",\"Deklarata - Njoftime Zyrtare\",\"Kryepiskopata Tiran\u00eb\",\"Kryepiskopi Anastas\",\"lajme\"],\"articleSection\":[\"Lajme\"],\"inLanguage\":\"en-US\"},{\"@type\":\"WebPage\",\"@id\":\"https:\/\/orthodoxalbania.org\/2020\/2013\/03\/21\/tirane-u-perurua-katedralja-e-re-orthodhokse-ngjallja-e-krishtit-qershor-2012\/\",\"url\":\"https:\/\/orthodoxalbania.org\/2020\/2013\/03\/21\/tirane-u-perurua-katedralja-e-re-orthodhokse-ngjallja-e-krishtit-qershor-2012\/\",\"name\":\"Tiran\u00eb - U p\u00ebrurua Katedralja e Re Orthodhokse \u201cNgjallja e Krishtit\u201d (Qershor 2012) - Kisha Orthodh\u03bfkse Autoqefale e Shqip\u00ebris\u00eb\",\"isPartOf\":{\"@id\":\"https:\/\/orthodoxalbania.org\/2020\/#website\"},\"primaryImageOfPage\":{\"@id\":\"https:\/\/orthodoxalbania.org\/2020\/2013\/03\/21\/tirane-u-perurua-katedralja-e-re-orthodhokse-ngjallja-e-krishtit-qershor-2012\/#primaryimage\"},\"image\":{\"@id\":\"https:\/\/orthodoxalbania.org\/2020\/2013\/03\/21\/tirane-u-perurua-katedralja-e-re-orthodhokse-ngjallja-e-krishtit-qershor-2012\/#primaryimage\"},\"thumbnailUrl\":\"https:\/\/lh6.googleusercontent.com\/-63EHFAbEyrA\/VMiRGSdsTvI\/AAAAAAAALF4\/Y6q01PubT9A\/w600-h399-no\/_DSC7811_600x399.JPG\",\"datePublished\":\"2013-03-21T11:59:50+00:00\",\"dateModified\":\"2020-04-06T20:06:03+00:00\",\"breadcrumb\":{\"@id\":\"https:\/\/orthodoxalbania.org\/2020\/2013\/03\/21\/tirane-u-perurua-katedralja-e-re-orthodhokse-ngjallja-e-krishtit-qershor-2012\/#breadcrumb\"},\"inLanguage\":\"en-US\",\"potentialAction\":[{\"@type\":\"ReadAction\",\"target\":[\"https:\/\/orthodoxalbania.org\/2020\/2013\/03\/21\/tirane-u-perurua-katedralja-e-re-orthodhokse-ngjallja-e-krishtit-qershor-2012\/\"]}]},{\"@type\":\"ImageObject\",\"inLanguage\":\"en-US\",\"@id\":\"https:\/\/orthodoxalbania.org\/2020\/2013\/03\/21\/tirane-u-perurua-katedralja-e-re-orthodhokse-ngjallja-e-krishtit-qershor-2012\/#primaryimage\",\"url\":\"https:\/\/lh6.googleusercontent.com\/-63EHFAbEyrA\/VMiRGSdsTvI\/AAAAAAAALF4\/Y6q01PubT9A\/w600-h399-no\/_DSC7811_600x399.JPG\",\"contentUrl\":\"https:\/\/lh6.googleusercontent.com\/-63EHFAbEyrA\/VMiRGSdsTvI\/AAAAAAAALF4\/Y6q01PubT9A\/w600-h399-no\/_DSC7811_600x399.JPG\"},{\"@type\":\"BreadcrumbList\",\"@id\":\"https:\/\/orthodoxalbania.org\/2020\/2013\/03\/21\/tirane-u-perurua-katedralja-e-re-orthodhokse-ngjallja-e-krishtit-qershor-2012\/#breadcrumb\",\"itemListElement\":[{\"@type\":\"ListItem\",\"position\":1,\"name\":\"Home\",\"item\":\"https:\/\/orthodoxalbania.org\/2020\/\"},{\"@type\":\"ListItem\",\"position\":2,\"name\":\"Tiran\u00eb &#8211; U p\u00ebrurua Katedralja e Re Orthodhokse \u201cNgjallja e Krishtit\u201d (Qershor 2012)\"}]},{\"@type\":\"WebSite\",\"@id\":\"https:\/\/orthodoxalbania.org\/2020\/#website\",\"url\":\"https:\/\/orthodoxalbania.org\/2020\/\",\"name\":\"Kisha Orthodh\u03bfkse Autoqefale e Shqip\u00ebris\u00eb\",\"description\":\"Fqja Zyrtare e Kish\u00ebs Orthodhokse Autoqefale e Shqip\u00ebris\u00eb me lajmet edhe informacionet zyrtare p\u00ebr struktur\u00ebn edhe veprimtarin e saj.\",\"publisher\":{\"@id\":\"https:\/\/orthodoxalbania.org\/2020\/#organization\"},\"potentialAction\":[{\"@type\":\"SearchAction\",\"target\":{\"@type\":\"EntryPoint\",\"urlTemplate\":\"https:\/\/orthodoxalbania.org\/2020\/?s={search_term_string}\"},\"query-input\":{\"@type\":\"PropertyValueSpecification\",\"valueRequired\":true,\"valueName\":\"search_term_string\"}}],\"inLanguage\":\"en-US\"},{\"@type\":\"Organization\",\"@id\":\"https:\/\/orthodoxalbania.org\/2020\/#organization\",\"name\":\"Kisha Orthodhokse Autoqefale e Shqip\u00ebris\u00eb\",\"url\":\"https:\/\/orthodoxalbania.org\/2020\/\",\"logo\":{\"@type\":\"ImageObject\",\"inLanguage\":\"en-US\",\"@id\":\"https:\/\/orthodoxalbania.org\/2020\/#\/schema\/logo\/image\/\",\"url\":\"https:\/\/orthodoxalbania.org\/2020\/wp-content\/uploads\/2020\/05\/albania.jpeg\",\"contentUrl\":\"https:\/\/orthodoxalbania.org\/2020\/wp-content\/uploads\/2020\/05\/albania.jpeg\",\"width\":540,\"height\":540,\"caption\":\"Kisha Orthodhokse Autoqefale e Shqip\u00ebris\u00eb\"},\"image\":{\"@id\":\"https:\/\/orthodoxalbania.org\/2020\/#\/schema\/logo\/image\/\"},\"sameAs\":[\"https:\/\/www.facebook.com\/koash1991\"]},{\"@type\":\"Person\",\"@id\":\"https:\/\/orthodoxalbania.org\/2020\/#\/schema\/person\/0c387634a7063ac612d7ed9ce71c7e86\",\"name\":\"Kisha Orthodhokse\",\"image\":{\"@type\":\"ImageObject\",\"inLanguage\":\"en-US\",\"@id\":\"https:\/\/secure.gravatar.com\/avatar\/596e7c417251e30f2fbb9c00e026fce61a695a00e51c889caded71c96cbbdde5?s=96&d=mm&r=g\",\"url\":\"https:\/\/secure.gravatar.com\/avatar\/596e7c417251e30f2fbb9c00e026fce61a695a00e51c889caded71c96cbbdde5?s=96&d=mm&r=g\",\"contentUrl\":\"https:\/\/secure.gravatar.com\/avatar\/596e7c417251e30f2fbb9c00e026fce61a695a00e51c889caded71c96cbbdde5?s=96&d=mm&r=g\",\"caption\":\"Kisha Orthodhokse\"}}]}<\/script>\n<!-- \/ Yoast SEO plugin. -->","yoast_head_json":{"title":"Tiran\u00eb - U p\u00ebrurua Katedralja e Re Orthodhokse \u201cNgjallja e Krishtit\u201d (Qershor 2012) - Kisha Orthodh\u03bfkse Autoqefale e Shqip\u00ebris\u00eb","robots":{"index":"index","follow":"follow","max-snippet":"max-snippet:-1","max-image-preview":"max-image-preview:large","max-video-preview":"max-video-preview:-1"},"canonical":"https:\/\/orthodoxalbania.org\/2020\/2013\/03\/21\/tirane-u-perurua-katedralja-e-re-orthodhokse-ngjallja-e-krishtit-qershor-2012\/","og_locale":"en_US","og_type":"article","og_title":"Tiran\u00eb - U p\u00ebrurua Katedralja e Re Orthodhokse \u201cNgjallja e Krishtit\u201d (Qershor 2012) - Kisha Orthodh\u03bfkse Autoqefale e Shqip\u00ebris\u00eb","og_description":"Liturgji Hyjnore madh\u00ebshtore &nbsp; 24 Qershori sh\u00ebnon 20-vjetorin e zgjedhjes s\u00eb Fortlumturis\u00eb s\u00eb Tij, Anastasit, Kryepiskop t\u00eb Tiran\u00ebs dhe t\u00eb gjith\u00eb Shqip\u00ebris\u00eb dhe t\u00eb Ringritjes Kanonike t\u00eb Kish\u00ebs Orthodhokse Autoqefale t\u00eb Shqip\u00ebris\u00eb &nbsp; &nbsp; &nbsp;&nbsp;&nbsp; 24 Qershori u kthye n\u00eb nj\u00eb dit\u00eb tep\u00ebr t\u00eb ve\u00e7ant\u00eb. E kremtja e Lindjes s\u00eb Sh\u00ebn Joan Pro-dhromit sh\u00ebnon edhe p\u00ebrvjetorin e Ringritjes Kanonike t\u00eb Kish\u00ebs Orthodhokse Autoqefale t\u00eb Shqip\u00ebris\u00eb,","og_url":"https:\/\/orthodoxalbania.org\/2020\/2013\/03\/21\/tirane-u-perurua-katedralja-e-re-orthodhokse-ngjallja-e-krishtit-qershor-2012\/","og_site_name":"Kisha Orthodh\u03bfkse Autoqefale e Shqip\u00ebris\u00eb","article_publisher":"https:\/\/www.facebook.com\/koash1991","article_published_time":"2013-03-21T11:59:50+00:00","article_modified_time":"2020-04-06T20:06:03+00:00","og_image":[{"url":"https:\/\/lh6.googleusercontent.com\/-63EHFAbEyrA\/VMiRGSdsTvI\/AAAAAAAALF4\/Y6q01PubT9A\/w600-h399-no\/_DSC7811_600x399.JPG","type":"","width":"","height":""}],"author":"Kisha Orthodhokse","twitter_card":"summary_large_image","twitter_misc":{"Written by":"Kisha Orthodhokse","Est. reading time":"3 minutes"},"schema":{"@context":"https:\/\/schema.org","@graph":[{"@type":"Article","@id":"https:\/\/orthodoxalbania.org\/2020\/2013\/03\/21\/tirane-u-perurua-katedralja-e-re-orthodhokse-ngjallja-e-krishtit-qershor-2012\/#article","isPartOf":{"@id":"https:\/\/orthodoxalbania.org\/2020\/2013\/03\/21\/tirane-u-perurua-katedralja-e-re-orthodhokse-ngjallja-e-krishtit-qershor-2012\/"},"author":{"name":"Kisha Orthodhokse","@id":"https:\/\/orthodoxalbania.org\/2020\/#\/schema\/person\/0c387634a7063ac612d7ed9ce71c7e86"},"headline":"Tiran\u00eb &#8211; U p\u00ebrurua Katedralja e Re Orthodhokse \u201cNgjallja e Krishtit\u201d (Qershor 2012)","datePublished":"2013-03-21T11:59:50+00:00","dateModified":"2020-04-06T20:06:03+00:00","mainEntityOfPage":{"@id":"https:\/\/orthodoxalbania.org\/2020\/2013\/03\/21\/tirane-u-perurua-katedralja-e-re-orthodhokse-ngjallja-e-krishtit-qershor-2012\/"},"wordCount":569,"commentCount":0,"publisher":{"@id":"https:\/\/orthodoxalbania.org\/2020\/#organization"},"image":{"@id":"https:\/\/orthodoxalbania.org\/2020\/2013\/03\/21\/tirane-u-perurua-katedralja-e-re-orthodhokse-ngjallja-e-krishtit-qershor-2012\/#primaryimage"},"thumbnailUrl":"https:\/\/lh6.googleusercontent.com\/-63EHFAbEyrA\/VMiRGSdsTvI\/AAAAAAAALF4\/Y6q01PubT9A\/w600-h399-no\/_DSC7811_600x399.JPG","keywords":["2012","Deklarata - Njoftime Zyrtare","Kryepiskopata Tiran\u00eb","Kryepiskopi Anastas","lajme"],"articleSection":["Lajme"],"inLanguage":"en-US"},{"@type":"WebPage","@id":"https:\/\/orthodoxalbania.org\/2020\/2013\/03\/21\/tirane-u-perurua-katedralja-e-re-orthodhokse-ngjallja-e-krishtit-qershor-2012\/","url":"https:\/\/orthodoxalbania.org\/2020\/2013\/03\/21\/tirane-u-perurua-katedralja-e-re-orthodhokse-ngjallja-e-krishtit-qershor-2012\/","name":"Tiran\u00eb - U p\u00ebrurua Katedralja e Re Orthodhokse \u201cNgjallja e Krishtit\u201d (Qershor 2012) - Kisha Orthodh\u03bfkse Autoqefale e Shqip\u00ebris\u00eb","isPartOf":{"@id":"https:\/\/orthodoxalbania.org\/2020\/#website"},"primaryImageOfPage":{"@id":"https:\/\/orthodoxalbania.org\/2020\/2013\/03\/21\/tirane-u-perurua-katedralja-e-re-orthodhokse-ngjallja-e-krishtit-qershor-2012\/#primaryimage"},"image":{"@id":"https:\/\/orthodoxalbania.org\/2020\/2013\/03\/21\/tirane-u-perurua-katedralja-e-re-orthodhokse-ngjallja-e-krishtit-qershor-2012\/#primaryimage"},"thumbnailUrl":"https:\/\/lh6.googleusercontent.com\/-63EHFAbEyrA\/VMiRGSdsTvI\/AAAAAAAALF4\/Y6q01PubT9A\/w600-h399-no\/_DSC7811_600x399.JPG","datePublished":"2013-03-21T11:59:50+00:00","dateModified":"2020-04-06T20:06:03+00:00","breadcrumb":{"@id":"https:\/\/orthodoxalbania.org\/2020\/2013\/03\/21\/tirane-u-perurua-katedralja-e-re-orthodhokse-ngjallja-e-krishtit-qershor-2012\/#breadcrumb"},"inLanguage":"en-US","potentialAction":[{"@type":"ReadAction","target":["https:\/\/orthodoxalbania.org\/2020\/2013\/03\/21\/tirane-u-perurua-katedralja-e-re-orthodhokse-ngjallja-e-krishtit-qershor-2012\/"]}]},{"@type":"ImageObject","inLanguage":"en-US","@id":"https:\/\/orthodoxalbania.org\/2020\/2013\/03\/21\/tirane-u-perurua-katedralja-e-re-orthodhokse-ngjallja-e-krishtit-qershor-2012\/#primaryimage","url":"https:\/\/lh6.googleusercontent.com\/-63EHFAbEyrA\/VMiRGSdsTvI\/AAAAAAAALF4\/Y6q01PubT9A\/w600-h399-no\/_DSC7811_600x399.JPG","contentUrl":"https:\/\/lh6.googleusercontent.com\/-63EHFAbEyrA\/VMiRGSdsTvI\/AAAAAAAALF4\/Y6q01PubT9A\/w600-h399-no\/_DSC7811_600x399.JPG"},{"@type":"BreadcrumbList","@id":"https:\/\/orthodoxalbania.org\/2020\/2013\/03\/21\/tirane-u-perurua-katedralja-e-re-orthodhokse-ngjallja-e-krishtit-qershor-2012\/#breadcrumb","itemListElement":[{"@type":"ListItem","position":1,"name":"Home","item":"https:\/\/orthodoxalbania.org\/2020\/"},{"@type":"ListItem","position":2,"name":"Tiran\u00eb &#8211; U p\u00ebrurua Katedralja e Re Orthodhokse \u201cNgjallja e Krishtit\u201d (Qershor 2012)"}]},{"@type":"WebSite","@id":"https:\/\/orthodoxalbania.org\/2020\/#website","url":"https:\/\/orthodoxalbania.org\/2020\/","name":"Kisha Orthodh\u03bfkse Autoqefale e Shqip\u00ebris\u00eb","description":"Fqja Zyrtare e Kish\u00ebs Orthodhokse Autoqefale e Shqip\u00ebris\u00eb me lajmet edhe informacionet zyrtare p\u00ebr struktur\u00ebn edhe veprimtarin e saj.","publisher":{"@id":"https:\/\/orthodoxalbania.org\/2020\/#organization"},"potentialAction":[{"@type":"SearchAction","target":{"@type":"EntryPoint","urlTemplate":"https:\/\/orthodoxalbania.org\/2020\/?s={search_term_string}"},"query-input":{"@type":"PropertyValueSpecification","valueRequired":true,"valueName":"search_term_string"}}],"inLanguage":"en-US"},{"@type":"Organization","@id":"https:\/\/orthodoxalbania.org\/2020\/#organization","name":"Kisha Orthodhokse Autoqefale e Shqip\u00ebris\u00eb","url":"https:\/\/orthodoxalbania.org\/2020\/","logo":{"@type":"ImageObject","inLanguage":"en-US","@id":"https:\/\/orthodoxalbania.org\/2020\/#\/schema\/logo\/image\/","url":"https:\/\/orthodoxalbania.org\/2020\/wp-content\/uploads\/2020\/05\/albania.jpeg","contentUrl":"https:\/\/orthodoxalbania.org\/2020\/wp-content\/uploads\/2020\/05\/albania.jpeg","width":540,"height":540,"caption":"Kisha Orthodhokse Autoqefale e Shqip\u00ebris\u00eb"},"image":{"@id":"https:\/\/orthodoxalbania.org\/2020\/#\/schema\/logo\/image\/"},"sameAs":["https:\/\/www.facebook.com\/koash1991"]},{"@type":"Person","@id":"https:\/\/orthodoxalbania.org\/2020\/#\/schema\/person\/0c387634a7063ac612d7ed9ce71c7e86","name":"Kisha Orthodhokse","image":{"@type":"ImageObject","inLanguage":"en-US","@id":"https:\/\/secure.gravatar.com\/avatar\/596e7c417251e30f2fbb9c00e026fce61a695a00e51c889caded71c96cbbdde5?s=96&d=mm&r=g","url":"https:\/\/secure.gravatar.com\/avatar\/596e7c417251e30f2fbb9c00e026fce61a695a00e51c889caded71c96cbbdde5?s=96&d=mm&r=g","contentUrl":"https:\/\/secure.gravatar.com\/avatar\/596e7c417251e30f2fbb9c00e026fce61a695a00e51c889caded71c96cbbdde5?s=96&d=mm&r=g","caption":"Kisha Orthodhokse"}}]}},"_links":{"self":[{"href":"https:\/\/orthodoxalbania.org\/2020\/wp-json\/wp\/v2\/posts\/1457","targetHints":{"allow":["GET"]}}],"collection":[{"href":"https:\/\/orthodoxalbania.org\/2020\/wp-json\/wp\/v2\/posts"}],"about":[{"href":"https:\/\/orthodoxalbania.org\/2020\/wp-json\/wp\/v2\/types\/post"}],"author":[{"embeddable":true,"href":"https:\/\/orthodoxalbania.org\/2020\/wp-json\/wp\/v2\/users\/1"}],"replies":[{"embeddable":true,"href":"https:\/\/orthodoxalbania.org\/2020\/wp-json\/wp\/v2\/comments?post=1457"}],"version-history":[{"count":1,"href":"https:\/\/orthodoxalbania.org\/2020\/wp-json\/wp\/v2\/posts\/1457\/revisions"}],"predecessor-version":[{"id":15316,"href":"https:\/\/orthodoxalbania.org\/2020\/wp-json\/wp\/v2\/posts\/1457\/revisions\/15316"}],"wp:attachment":[{"href":"https:\/\/orthodoxalbania.org\/2020\/wp-json\/wp\/v2\/media?parent=1457"}],"wp:term":[{"taxonomy":"category","embeddable":true,"href":"https:\/\/orthodoxalbania.org\/2020\/wp-json\/wp\/v2\/categories?post=1457"},{"taxonomy":"post_tag","embeddable":true,"href":"https:\/\/orthodoxalbania.org\/2020\/wp-json\/wp\/v2\/tags?post=1457"}],"curies":[{"name":"wp","href":"https:\/\/api.w.org\/{rel}","templated":true}]}}