{"id":1456,"date":"2015-02-28T10:38:05","date_gmt":"2015-02-28T10:38:05","guid":{"rendered":""},"modified":"2020-04-06T22:02:18","modified_gmt":"2020-04-06T20:02:18","slug":"tirane-takim-i-lidhjes-se-intelektualeve-orthodhokse","status":"publish","type":"post","link":"https:\/\/orthodoxalbania.org\/2020\/2015\/02\/28\/tirane-takim-i-lidhjes-se-intelektualeve-orthodhokse\/","title":{"rendered":"Tiran\u00eb &#8211; Takim i Lidhjes s\u00eb Intelektual\u00ebve Orthodhoks\u00eb"},"content":{"rendered":"<p style=\"text-align: justify;\"><span style=\"color: #000000; font-size: 12pt; font-family: helvetica;\"><\/span><\/p>\n<p> <\/p>\n<p style=\"text-align: justify;\"><span style=\"color: #000000; font-size: 12pt; font-family: helvetica;\">&nbsp; &nbsp; T\u00eb enjten pasdite, 26 shkurt 2015, n\u00eb nj\u00eb nga mjediset e Kompleksit t\u00eb katedrales \u201cNgjallja e Krishtit\u201d, n\u00eb Tiran\u00eb, u zhvillua veprimtaria e radh\u00ebs e Lidhjes s\u00eb Intelektual\u00ebve Orthodhoks\u00eb.<\/span><\/p>\n<p style=\"text-align: justify;\"><span style=\"font-size: 12pt; font-family: helvetica;\"><\/span><span style=\"color: #000000; font-size: 12pt; font-family: helvetica;\">&nbsp;&nbsp;&nbsp; Veprimtaria u hap nga Sekretari i Lidhjes, prof. as. Pirro Prifti. Pastaj u vazhdua me nj\u00eb psalje nga m\u00ebsuesi i teologjis\u00eb, z. Thoma Shkira, i cili edhe foli p\u00ebr periudh\u00ebn e&nbsp; Triodhit.&nbsp;<\/span><\/p>\n<p style=\"text-align: justify;\"><span style=\"color: #000000; font-size: 12pt; font-family: helvetica;\"><\/span><span style=\"font-size: 12pt; font-family: helvetica;\"><\/span><span style=\"color: #000000; font-size: 12pt; font-family: helvetica;\">&nbsp;&nbsp;&nbsp; M\u00eb pas vazhdoi referimi i radh\u00ebs, q\u00eb u mbajt nga prof. dr. Ilia Telo, i cili foli p\u00ebr problemet e censusit t\u00eb popullsis\u00eb t\u00eb vitit&nbsp; 2011 dhe problemet dhe pasakt\u00ebsit\u00eb e dala n\u00eb regjistrimin e besimit. T\u00eb pranishm\u00ebve u foli duke marr\u00eb shkas nga tema edhe Kryepiskopi Anastas, q\u00eb ishte i pranish\u00ebm n\u00eb takim s\u00eb bashku me Hir\u00ebsi Nathanailin dhe Hir\u00ebsi Astin dhe m\u00eb pas u vazhdua me diskutime nga an\u00ebtar\u00ebt.<\/span><\/p>\n<div style=\"text-align: justify;\">&nbsp;<\/div>\n<div><img decoding=\"async\" class=\"lazyload HAa Eha\" style=\"border-width: 1px; border-style: solid; margin: 10px auto; display: block;\" alt=\"\" src=\"data:image\/gif;base64,R0lGODlhAQABAAAAACH5BAEKAAEALAAAAAABAAEAAAICTAEAOw==\" data-orig-src=\"https:\/\/lh5.googleusercontent.com\/-1QuojsUGYwY\/VPGZkBmZpeI\/AAAAAAAALTE\/pLzYxVXUMHE\/w640-h427-no\/DSC_0114.JPG\" \/><\/div>\n<div><img decoding=\"async\" class=\"lazyload HAa Eha\" style=\"border-width: 1px; border-style: solid; margin: 10px auto; display: block;\" alt=\"\" src=\"data:image\/gif;base64,R0lGODlhAQABAAAAACH5BAEKAAEALAAAAAABAAEAAAICTAEAOw==\" data-orig-src=\"https:\/\/lh3.googleusercontent.com\/-D9h6YmqD5SY\/VPGZkS0w4GI\/AAAAAAAALTY\/QlQp7BNmJus\/w427-h640-no\/DSC_0136.JPG\" \/><\/div>\n<div><img decoding=\"async\" class=\"lazyload HAa Eha cke-resize\" style=\"border-width: 1px; border-style: solid; margin: 10px auto; display: block;\" alt=\"\" src=\"data:image\/gif;base64,R0lGODlhAQABAAAAACH5BAEKAAEALAAAAAABAAEAAAICTAEAOw==\" data-orig-src=\"https:\/\/lh5.googleusercontent.com\/-vjsEK4-sMoY\/VPGZkYy8tII\/AAAAAAAALTM\/fp2eAkYW0nA\/w640-h427-no\/DSC_0141.JPG\" \/><\/div>\n<div><img decoding=\"async\" class=\"lazyload HAa Eha\" style=\"border-width: 1px; border-style: solid; margin: 10px auto; display: block;\" alt=\"\" src=\"data:image\/gif;base64,R0lGODlhAQABAAAAACH5BAEKAAEALAAAAAABAAEAAAICTAEAOw==\" data-orig-src=\"https:\/\/lh3.googleusercontent.com\/-3z85a_dOntw\/VPGZkmMtyWI\/AAAAAAAALTU\/zlckzfcZDrE\/w640-h427-no\/DSC_0179.JPG\" \/><\/div>\n<div id=\"ckimgrsz\" style=\"left: 362px; top: 1255px;\">\n<div class=\"preview\">&nbsp;<\/div>\n<\/div>\n","protected":false},"excerpt":{"rendered":"<p>&nbsp; &nbsp; T\u00eb enjten pasdite, 26 shkurt 2015, n\u00eb nj\u00eb nga mjediset e Kompleksit t\u00eb katedrales \u201cNgjallja e Krishtit\u201d, n\u00eb Tiran\u00eb, u zhvillua veprimtaria e radh\u00ebs e Lidhjes s\u00eb Intelektual\u00ebve Orthodhoks\u00eb. &nbsp;&nbsp;&nbsp; Veprimtaria u hap nga Sekretari i Lidhjes, prof. as. Pirro Prifti. Pastaj u vazhdua me nj\u00eb psalje nga m\u00ebsuesi i teologjis\u00eb, z. Thoma Shkira, i cili edhe foli p\u00ebr periudh\u00ebn e&nbsp; Triodhit.&nbsp; &nbsp;&nbsp;&nbsp;<\/p>\n","protected":false},"author":1,"featured_media":1454,"comment_status":"open","ping_status":"open","sticky":false,"template":"","format":"standard","meta":{"_acf_changed":false,"pagelayer_contact_templates":[],"_pagelayer_content":"","inline_featured_image":false,"fifu_image_url":"","fifu_image_alt":"","footnotes":""},"categories":[108],"tags":[139,154,606,161,184,196,212,160],"class_list":["post-1456","post","type-post","status-publish","format-standard","has-post-thumbnail","hentry","category-lajme","tag-139","tag-aktivitete","tag-census-artikuj","tag-gazeta-ngjallja","tag-katedralja-ngjallja-e-krishtit-tirane","tag-tirane","tag-lajme-d27","tag-lidhja-e-intelektualeve-orthodhokse"],"acf":[],"yoast_head":"<!-- This site is optimized with the Yoast SEO plugin v27.2 - https:\/\/yoast.com\/product\/yoast-seo-wordpress\/ -->\n<title>Tiran\u00eb - Takim i Lidhjes s\u00eb Intelektual\u00ebve Orthodhoks\u00eb - Kisha Orthodh\u03bfkse Autoqefale e Shqip\u00ebris\u00eb<\/title>\n<meta name=\"robots\" content=\"index, follow, max-snippet:-1, max-image-preview:large, max-video-preview:-1\" \/>\n<link rel=\"canonical\" href=\"https:\/\/orthodoxalbania.org\/2020\/2015\/02\/28\/tirane-takim-i-lidhjes-se-intelektualeve-orthodhokse\/\" \/>\n<meta property=\"og:locale\" content=\"en_US\" \/>\n<meta property=\"og:type\" content=\"article\" \/>\n<meta property=\"og:title\" content=\"Tiran\u00eb - Takim i Lidhjes s\u00eb Intelektual\u00ebve Orthodhoks\u00eb - Kisha Orthodh\u03bfkse Autoqefale e Shqip\u00ebris\u00eb\" \/>\n<meta property=\"og:description\" content=\"&nbsp; &nbsp; T\u00eb enjten pasdite, 26 shkurt 2015, n\u00eb nj\u00eb nga mjediset e Kompleksit t\u00eb katedrales \u201cNgjallja e Krishtit\u201d, n\u00eb Tiran\u00eb, u zhvillua veprimtaria e radh\u00ebs e Lidhjes s\u00eb Intelektual\u00ebve Orthodhoks\u00eb. &nbsp;&nbsp;&nbsp; Veprimtaria u hap nga Sekretari i Lidhjes, prof. as. Pirro Prifti. Pastaj u vazhdua me nj\u00eb psalje nga m\u00ebsuesi i teologjis\u00eb, z. Thoma Shkira, i cili edhe foli p\u00ebr periudh\u00ebn e&nbsp; Triodhit.&nbsp; &nbsp;&nbsp;&nbsp;\" \/>\n<meta property=\"og:url\" content=\"https:\/\/orthodoxalbania.org\/2020\/2015\/02\/28\/tirane-takim-i-lidhjes-se-intelektualeve-orthodhokse\/\" \/>\n<meta property=\"og:site_name\" content=\"Kisha Orthodh\u03bfkse Autoqefale e Shqip\u00ebris\u00eb\" \/>\n<meta property=\"article:publisher\" content=\"https:\/\/www.facebook.com\/koash1991\" \/>\n<meta property=\"article:published_time\" content=\"2015-02-28T10:38:05+00:00\" \/>\n<meta property=\"article:modified_time\" content=\"2020-04-06T20:02:18+00:00\" \/>\n<meta property=\"og:image\" content=\"https:\/\/orthodoxalbania.org\/2020\/wp-content\/uploads\/2020\/04\/DSC_0141.JPG\" \/>\n\t<meta property=\"og:image:width\" content=\"150\" \/>\n\t<meta property=\"og:image:height\" content=\"150\" \/>\n\t<meta property=\"og:image:type\" content=\"image\/jpeg\" \/>\n<meta name=\"author\" content=\"Kisha Orthodhokse\" \/>\n<meta name=\"twitter:card\" content=\"summary_large_image\" \/>\n<meta name=\"twitter:label1\" content=\"Written by\" \/>\n\t<meta name=\"twitter:data1\" content=\"Kisha Orthodhokse\" \/>\n\t<meta name=\"twitter:label2\" content=\"Est. reading time\" \/>\n\t<meta name=\"twitter:data2\" content=\"1 minute\" \/>\n<script type=\"application\/ld+json\" class=\"yoast-schema-graph\">{\"@context\":\"https:\/\/schema.org\",\"@graph\":[{\"@type\":\"Article\",\"@id\":\"https:\/\/orthodoxalbania.org\/2020\/2015\/02\/28\/tirane-takim-i-lidhjes-se-intelektualeve-orthodhokse\/#article\",\"isPartOf\":{\"@id\":\"https:\/\/orthodoxalbania.org\/2020\/2015\/02\/28\/tirane-takim-i-lidhjes-se-intelektualeve-orthodhokse\/\"},\"author\":{\"name\":\"Kisha Orthodhokse\",\"@id\":\"https:\/\/orthodoxalbania.org\/2020\/#\/schema\/person\/0c387634a7063ac612d7ed9ce71c7e86\"},\"headline\":\"Tiran\u00eb &#8211; Takim i Lidhjes s\u00eb Intelektual\u00ebve Orthodhoks\u00eb\",\"datePublished\":\"2015-02-28T10:38:05+00:00\",\"dateModified\":\"2020-04-06T20:02:18+00:00\",\"mainEntityOfPage\":{\"@id\":\"https:\/\/orthodoxalbania.org\/2020\/2015\/02\/28\/tirane-takim-i-lidhjes-se-intelektualeve-orthodhokse\/\"},\"wordCount\":165,\"commentCount\":0,\"publisher\":{\"@id\":\"https:\/\/orthodoxalbania.org\/2020\/#organization\"},\"image\":{\"@id\":\"https:\/\/orthodoxalbania.org\/2020\/2015\/02\/28\/tirane-takim-i-lidhjes-se-intelektualeve-orthodhokse\/#primaryimage\"},\"thumbnailUrl\":\"https:\/\/orthodoxalbania.org\/2020\/wp-content\/uploads\/2020\/04\/DSC_0141.JPG\",\"keywords\":[\"2015\",\"Aktivitete\",\"Census Artikuj\",\"Gazeta \\\"Ngjallja\\\"\",\"Katedralja \u201cNgjallja e Krishtit\u201d Tiran\u00eb\",\"Kryepiskopata Tiran\u00eb\",\"lajme\",\"Lidhja e Intelektual\u00ebve Orthodhoks\u00eb\"],\"articleSection\":[\"Lajme\"],\"inLanguage\":\"en-US\"},{\"@type\":\"WebPage\",\"@id\":\"https:\/\/orthodoxalbania.org\/2020\/2015\/02\/28\/tirane-takim-i-lidhjes-se-intelektualeve-orthodhokse\/\",\"url\":\"https:\/\/orthodoxalbania.org\/2020\/2015\/02\/28\/tirane-takim-i-lidhjes-se-intelektualeve-orthodhokse\/\",\"name\":\"Tiran\u00eb - Takim i Lidhjes s\u00eb Intelektual\u00ebve Orthodhoks\u00eb - Kisha Orthodh\u03bfkse Autoqefale e Shqip\u00ebris\u00eb\",\"isPartOf\":{\"@id\":\"https:\/\/orthodoxalbania.org\/2020\/#website\"},\"primaryImageOfPage\":{\"@id\":\"https:\/\/orthodoxalbania.org\/2020\/2015\/02\/28\/tirane-takim-i-lidhjes-se-intelektualeve-orthodhokse\/#primaryimage\"},\"image\":{\"@id\":\"https:\/\/orthodoxalbania.org\/2020\/2015\/02\/28\/tirane-takim-i-lidhjes-se-intelektualeve-orthodhokse\/#primaryimage\"},\"thumbnailUrl\":\"https:\/\/orthodoxalbania.org\/2020\/wp-content\/uploads\/2020\/04\/DSC_0141.JPG\",\"datePublished\":\"2015-02-28T10:38:05+00:00\",\"dateModified\":\"2020-04-06T20:02:18+00:00\",\"breadcrumb\":{\"@id\":\"https:\/\/orthodoxalbania.org\/2020\/2015\/02\/28\/tirane-takim-i-lidhjes-se-intelektualeve-orthodhokse\/#breadcrumb\"},\"inLanguage\":\"en-US\",\"potentialAction\":[{\"@type\":\"ReadAction\",\"target\":[\"https:\/\/orthodoxalbania.org\/2020\/2015\/02\/28\/tirane-takim-i-lidhjes-se-intelektualeve-orthodhokse\/\"]}]},{\"@type\":\"ImageObject\",\"inLanguage\":\"en-US\",\"@id\":\"https:\/\/orthodoxalbania.org\/2020\/2015\/02\/28\/tirane-takim-i-lidhjes-se-intelektualeve-orthodhokse\/#primaryimage\",\"url\":\"https:\/\/orthodoxalbania.org\/2020\/wp-content\/uploads\/2020\/04\/DSC_0141.JPG\",\"contentUrl\":\"https:\/\/orthodoxalbania.org\/2020\/wp-content\/uploads\/2020\/04\/DSC_0141.JPG\",\"width\":150,\"height\":150},{\"@type\":\"BreadcrumbList\",\"@id\":\"https:\/\/orthodoxalbania.org\/2020\/2015\/02\/28\/tirane-takim-i-lidhjes-se-intelektualeve-orthodhokse\/#breadcrumb\",\"itemListElement\":[{\"@type\":\"ListItem\",\"position\":1,\"name\":\"Home\",\"item\":\"https:\/\/orthodoxalbania.org\/2020\/\"},{\"@type\":\"ListItem\",\"position\":2,\"name\":\"Tiran\u00eb &#8211; Takim i Lidhjes s\u00eb Intelektual\u00ebve Orthodhoks\u00eb\"}]},{\"@type\":\"WebSite\",\"@id\":\"https:\/\/orthodoxalbania.org\/2020\/#website\",\"url\":\"https:\/\/orthodoxalbania.org\/2020\/\",\"name\":\"Kisha Orthodh\u03bfkse Autoqefale e Shqip\u00ebris\u00eb\",\"description\":\"Fqja Zyrtare e Kish\u00ebs Orthodhokse Autoqefale e Shqip\u00ebris\u00eb me lajmet edhe informacionet zyrtare p\u00ebr struktur\u00ebn edhe veprimtarin e saj.\",\"publisher\":{\"@id\":\"https:\/\/orthodoxalbania.org\/2020\/#organization\"},\"potentialAction\":[{\"@type\":\"SearchAction\",\"target\":{\"@type\":\"EntryPoint\",\"urlTemplate\":\"https:\/\/orthodoxalbania.org\/2020\/?s={search_term_string}\"},\"query-input\":{\"@type\":\"PropertyValueSpecification\",\"valueRequired\":true,\"valueName\":\"search_term_string\"}}],\"inLanguage\":\"en-US\"},{\"@type\":\"Organization\",\"@id\":\"https:\/\/orthodoxalbania.org\/2020\/#organization\",\"name\":\"Kisha Orthodhokse Autoqefale e Shqip\u00ebris\u00eb\",\"url\":\"https:\/\/orthodoxalbania.org\/2020\/\",\"logo\":{\"@type\":\"ImageObject\",\"inLanguage\":\"en-US\",\"@id\":\"https:\/\/orthodoxalbania.org\/2020\/#\/schema\/logo\/image\/\",\"url\":\"https:\/\/orthodoxalbania.org\/2020\/wp-content\/uploads\/2020\/05\/albania.jpeg\",\"contentUrl\":\"https:\/\/orthodoxalbania.org\/2020\/wp-content\/uploads\/2020\/05\/albania.jpeg\",\"width\":540,\"height\":540,\"caption\":\"Kisha Orthodhokse Autoqefale e Shqip\u00ebris\u00eb\"},\"image\":{\"@id\":\"https:\/\/orthodoxalbania.org\/2020\/#\/schema\/logo\/image\/\"},\"sameAs\":[\"https:\/\/www.facebook.com\/koash1991\"]},{\"@type\":\"Person\",\"@id\":\"https:\/\/orthodoxalbania.org\/2020\/#\/schema\/person\/0c387634a7063ac612d7ed9ce71c7e86\",\"name\":\"Kisha Orthodhokse\",\"image\":{\"@type\":\"ImageObject\",\"inLanguage\":\"en-US\",\"@id\":\"https:\/\/secure.gravatar.com\/avatar\/596e7c417251e30f2fbb9c00e026fce61a695a00e51c889caded71c96cbbdde5?s=96&d=mm&r=g\",\"url\":\"https:\/\/secure.gravatar.com\/avatar\/596e7c417251e30f2fbb9c00e026fce61a695a00e51c889caded71c96cbbdde5?s=96&d=mm&r=g\",\"contentUrl\":\"https:\/\/secure.gravatar.com\/avatar\/596e7c417251e30f2fbb9c00e026fce61a695a00e51c889caded71c96cbbdde5?s=96&d=mm&r=g\",\"caption\":\"Kisha Orthodhokse\"}}]}<\/script>\n<!-- \/ Yoast SEO plugin. -->","yoast_head_json":{"title":"Tiran\u00eb - Takim i Lidhjes s\u00eb Intelektual\u00ebve Orthodhoks\u00eb - Kisha Orthodh\u03bfkse Autoqefale e Shqip\u00ebris\u00eb","robots":{"index":"index","follow":"follow","max-snippet":"max-snippet:-1","max-image-preview":"max-image-preview:large","max-video-preview":"max-video-preview:-1"},"canonical":"https:\/\/orthodoxalbania.org\/2020\/2015\/02\/28\/tirane-takim-i-lidhjes-se-intelektualeve-orthodhokse\/","og_locale":"en_US","og_type":"article","og_title":"Tiran\u00eb - Takim i Lidhjes s\u00eb Intelektual\u00ebve Orthodhoks\u00eb - Kisha Orthodh\u03bfkse Autoqefale e Shqip\u00ebris\u00eb","og_description":"&nbsp; &nbsp; T\u00eb enjten pasdite, 26 shkurt 2015, n\u00eb nj\u00eb nga mjediset e Kompleksit t\u00eb katedrales \u201cNgjallja e Krishtit\u201d, n\u00eb Tiran\u00eb, u zhvillua veprimtaria e radh\u00ebs e Lidhjes s\u00eb Intelektual\u00ebve Orthodhoks\u00eb. &nbsp;&nbsp;&nbsp; Veprimtaria u hap nga Sekretari i Lidhjes, prof. as. Pirro Prifti. Pastaj u vazhdua me nj\u00eb psalje nga m\u00ebsuesi i teologjis\u00eb, z. Thoma Shkira, i cili edhe foli p\u00ebr periudh\u00ebn e&nbsp; Triodhit.&nbsp; &nbsp;&nbsp;&nbsp;","og_url":"https:\/\/orthodoxalbania.org\/2020\/2015\/02\/28\/tirane-takim-i-lidhjes-se-intelektualeve-orthodhokse\/","og_site_name":"Kisha Orthodh\u03bfkse Autoqefale e Shqip\u00ebris\u00eb","article_publisher":"https:\/\/www.facebook.com\/koash1991","article_published_time":"2015-02-28T10:38:05+00:00","article_modified_time":"2020-04-06T20:02:18+00:00","og_image":[{"width":150,"height":150,"url":"https:\/\/orthodoxalbania.org\/2020\/wp-content\/uploads\/2020\/04\/DSC_0141.JPG","type":"image\/jpeg"}],"author":"Kisha Orthodhokse","twitter_card":"summary_large_image","twitter_misc":{"Written by":"Kisha Orthodhokse","Est. reading time":"1 minute"},"schema":{"@context":"https:\/\/schema.org","@graph":[{"@type":"Article","@id":"https:\/\/orthodoxalbania.org\/2020\/2015\/02\/28\/tirane-takim-i-lidhjes-se-intelektualeve-orthodhokse\/#article","isPartOf":{"@id":"https:\/\/orthodoxalbania.org\/2020\/2015\/02\/28\/tirane-takim-i-lidhjes-se-intelektualeve-orthodhokse\/"},"author":{"name":"Kisha Orthodhokse","@id":"https:\/\/orthodoxalbania.org\/2020\/#\/schema\/person\/0c387634a7063ac612d7ed9ce71c7e86"},"headline":"Tiran\u00eb &#8211; Takim i Lidhjes s\u00eb Intelektual\u00ebve Orthodhoks\u00eb","datePublished":"2015-02-28T10:38:05+00:00","dateModified":"2020-04-06T20:02:18+00:00","mainEntityOfPage":{"@id":"https:\/\/orthodoxalbania.org\/2020\/2015\/02\/28\/tirane-takim-i-lidhjes-se-intelektualeve-orthodhokse\/"},"wordCount":165,"commentCount":0,"publisher":{"@id":"https:\/\/orthodoxalbania.org\/2020\/#organization"},"image":{"@id":"https:\/\/orthodoxalbania.org\/2020\/2015\/02\/28\/tirane-takim-i-lidhjes-se-intelektualeve-orthodhokse\/#primaryimage"},"thumbnailUrl":"https:\/\/orthodoxalbania.org\/2020\/wp-content\/uploads\/2020\/04\/DSC_0141.JPG","keywords":["2015","Aktivitete","Census Artikuj","Gazeta \"Ngjallja\"","Katedralja \u201cNgjallja e Krishtit\u201d Tiran\u00eb","Kryepiskopata Tiran\u00eb","lajme","Lidhja e Intelektual\u00ebve Orthodhoks\u00eb"],"articleSection":["Lajme"],"inLanguage":"en-US"},{"@type":"WebPage","@id":"https:\/\/orthodoxalbania.org\/2020\/2015\/02\/28\/tirane-takim-i-lidhjes-se-intelektualeve-orthodhokse\/","url":"https:\/\/orthodoxalbania.org\/2020\/2015\/02\/28\/tirane-takim-i-lidhjes-se-intelektualeve-orthodhokse\/","name":"Tiran\u00eb - Takim i Lidhjes s\u00eb Intelektual\u00ebve Orthodhoks\u00eb - Kisha Orthodh\u03bfkse Autoqefale e Shqip\u00ebris\u00eb","isPartOf":{"@id":"https:\/\/orthodoxalbania.org\/2020\/#website"},"primaryImageOfPage":{"@id":"https:\/\/orthodoxalbania.org\/2020\/2015\/02\/28\/tirane-takim-i-lidhjes-se-intelektualeve-orthodhokse\/#primaryimage"},"image":{"@id":"https:\/\/orthodoxalbania.org\/2020\/2015\/02\/28\/tirane-takim-i-lidhjes-se-intelektualeve-orthodhokse\/#primaryimage"},"thumbnailUrl":"https:\/\/orthodoxalbania.org\/2020\/wp-content\/uploads\/2020\/04\/DSC_0141.JPG","datePublished":"2015-02-28T10:38:05+00:00","dateModified":"2020-04-06T20:02:18+00:00","breadcrumb":{"@id":"https:\/\/orthodoxalbania.org\/2020\/2015\/02\/28\/tirane-takim-i-lidhjes-se-intelektualeve-orthodhokse\/#breadcrumb"},"inLanguage":"en-US","potentialAction":[{"@type":"ReadAction","target":["https:\/\/orthodoxalbania.org\/2020\/2015\/02\/28\/tirane-takim-i-lidhjes-se-intelektualeve-orthodhokse\/"]}]},{"@type":"ImageObject","inLanguage":"en-US","@id":"https:\/\/orthodoxalbania.org\/2020\/2015\/02\/28\/tirane-takim-i-lidhjes-se-intelektualeve-orthodhokse\/#primaryimage","url":"https:\/\/orthodoxalbania.org\/2020\/wp-content\/uploads\/2020\/04\/DSC_0141.JPG","contentUrl":"https:\/\/orthodoxalbania.org\/2020\/wp-content\/uploads\/2020\/04\/DSC_0141.JPG","width":150,"height":150},{"@type":"BreadcrumbList","@id":"https:\/\/orthodoxalbania.org\/2020\/2015\/02\/28\/tirane-takim-i-lidhjes-se-intelektualeve-orthodhokse\/#breadcrumb","itemListElement":[{"@type":"ListItem","position":1,"name":"Home","item":"https:\/\/orthodoxalbania.org\/2020\/"},{"@type":"ListItem","position":2,"name":"Tiran\u00eb &#8211; Takim i Lidhjes s\u00eb Intelektual\u00ebve Orthodhoks\u00eb"}]},{"@type":"WebSite","@id":"https:\/\/orthodoxalbania.org\/2020\/#website","url":"https:\/\/orthodoxalbania.org\/2020\/","name":"Kisha Orthodh\u03bfkse Autoqefale e Shqip\u00ebris\u00eb","description":"Fqja Zyrtare e Kish\u00ebs Orthodhokse Autoqefale e Shqip\u00ebris\u00eb me lajmet edhe informacionet zyrtare p\u00ebr struktur\u00ebn edhe veprimtarin e saj.","publisher":{"@id":"https:\/\/orthodoxalbania.org\/2020\/#organization"},"potentialAction":[{"@type":"SearchAction","target":{"@type":"EntryPoint","urlTemplate":"https:\/\/orthodoxalbania.org\/2020\/?s={search_term_string}"},"query-input":{"@type":"PropertyValueSpecification","valueRequired":true,"valueName":"search_term_string"}}],"inLanguage":"en-US"},{"@type":"Organization","@id":"https:\/\/orthodoxalbania.org\/2020\/#organization","name":"Kisha Orthodhokse Autoqefale e Shqip\u00ebris\u00eb","url":"https:\/\/orthodoxalbania.org\/2020\/","logo":{"@type":"ImageObject","inLanguage":"en-US","@id":"https:\/\/orthodoxalbania.org\/2020\/#\/schema\/logo\/image\/","url":"https:\/\/orthodoxalbania.org\/2020\/wp-content\/uploads\/2020\/05\/albania.jpeg","contentUrl":"https:\/\/orthodoxalbania.org\/2020\/wp-content\/uploads\/2020\/05\/albania.jpeg","width":540,"height":540,"caption":"Kisha Orthodhokse Autoqefale e Shqip\u00ebris\u00eb"},"image":{"@id":"https:\/\/orthodoxalbania.org\/2020\/#\/schema\/logo\/image\/"},"sameAs":["https:\/\/www.facebook.com\/koash1991"]},{"@type":"Person","@id":"https:\/\/orthodoxalbania.org\/2020\/#\/schema\/person\/0c387634a7063ac612d7ed9ce71c7e86","name":"Kisha Orthodhokse","image":{"@type":"ImageObject","inLanguage":"en-US","@id":"https:\/\/secure.gravatar.com\/avatar\/596e7c417251e30f2fbb9c00e026fce61a695a00e51c889caded71c96cbbdde5?s=96&d=mm&r=g","url":"https:\/\/secure.gravatar.com\/avatar\/596e7c417251e30f2fbb9c00e026fce61a695a00e51c889caded71c96cbbdde5?s=96&d=mm&r=g","contentUrl":"https:\/\/secure.gravatar.com\/avatar\/596e7c417251e30f2fbb9c00e026fce61a695a00e51c889caded71c96cbbdde5?s=96&d=mm&r=g","caption":"Kisha Orthodhokse"}}]}},"_links":{"self":[{"href":"https:\/\/orthodoxalbania.org\/2020\/wp-json\/wp\/v2\/posts\/1456","targetHints":{"allow":["GET"]}}],"collection":[{"href":"https:\/\/orthodoxalbania.org\/2020\/wp-json\/wp\/v2\/posts"}],"about":[{"href":"https:\/\/orthodoxalbania.org\/2020\/wp-json\/wp\/v2\/types\/post"}],"author":[{"embeddable":true,"href":"https:\/\/orthodoxalbania.org\/2020\/wp-json\/wp\/v2\/users\/1"}],"replies":[{"embeddable":true,"href":"https:\/\/orthodoxalbania.org\/2020\/wp-json\/wp\/v2\/comments?post=1456"}],"version-history":[{"count":1,"href":"https:\/\/orthodoxalbania.org\/2020\/wp-json\/wp\/v2\/posts\/1456\/revisions"}],"predecessor-version":[{"id":14241,"href":"https:\/\/orthodoxalbania.org\/2020\/wp-json\/wp\/v2\/posts\/1456\/revisions\/14241"}],"wp:featuredmedia":[{"embeddable":true,"href":"https:\/\/orthodoxalbania.org\/2020\/wp-json\/wp\/v2\/media\/1454"}],"wp:attachment":[{"href":"https:\/\/orthodoxalbania.org\/2020\/wp-json\/wp\/v2\/media?parent=1456"}],"wp:term":[{"taxonomy":"category","embeddable":true,"href":"https:\/\/orthodoxalbania.org\/2020\/wp-json\/wp\/v2\/categories?post=1456"},{"taxonomy":"post_tag","embeddable":true,"href":"https:\/\/orthodoxalbania.org\/2020\/wp-json\/wp\/v2\/tags?post=1456"}],"curies":[{"name":"wp","href":"https:\/\/api.w.org\/{rel}","templated":true}]}}