{"id":1455,"date":"2013-03-20T12:43:28","date_gmt":"2013-03-20T12:43:28","guid":{"rendered":""},"modified":"2020-04-06T22:32:27","modified_gmt":"2020-04-06T20:32:27","slug":"tirane-mbremje-me-muzike-bizantine","status":"publish","type":"post","link":"https:\/\/orthodoxalbania.org\/2020\/2013\/03\/20\/tirane-mbremje-me-muzike-bizantine\/","title":{"rendered":"Tiran\u00eb &#8211; Mbr\u00ebmje me muzik\u00eb bizantine. (7 Qershor 2010)"},"content":{"rendered":"<div>\n\t&nbsp;<\/div>\n<table border=\"0\">\n<tbody>\n<tr>\n<td>\n<div class=\"style7\">\n<div class=\"style8\" style=\"text-align: justify;\">\n\t\t\t\t\t\t<span style=\"color: #000000;\"><span style=\"font-family: tahoma,geneva,sans-serif;\"><span style=\"font-size: 12px;\"><img decoding=\"async\" alt=\"\" class=\"lazyload HAa Eha\" src=\"data:image\/gif;base64,R0lGODlhAQABAAAAACH5BAEKAAEALAAAAAABAAEAAAICTAEAOw==\" data-orig-src=\"https:\/\/lh5.googleusercontent.com\/-OOryGK2KrCA\/U_7RePc1J0I\/AAAAAAAABfE\/mFxXKjcGgOE\/w600-h400-no\/IMG_3831.JPG\" style=\"height: 293px; width: 439px; border-width: 1px; border-style: solid; margin: 10px; float: left;\" \/>&nbsp;&nbsp;&nbsp; <span class=\"style8\">Me rastin e mbylljes s\u00eb ekspozit\u00ebs \u201cDor\u00ebshkrime Bizantine dhe Pasbizantine n\u00eb Shqip\u00ebri\u201d, q\u00eb u hap n\u00eb mjediset e Drejtoris\u00eb s\u00eb P\u00ebrgjithshme t\u00eb Arkivave, n\u00eb dat\u00ebn 7 qershor u zhvillua vepri\u00ad\u00admtaria kulturore \u201cMbr\u00ebm\u00ebsore Bizantine. Ajo u mbajt n\u00eb sall\u00ebn e re t\u00eb ceremonive pran\u00eb kish\u00ebs Ungjill\u00ebzimi i Hyjlind\u00ebses, Tiran\u00eb.<\/span><\/span><\/span><\/span><\/div>\n<div class=\"style8\" style=\"text-align: justify;\">\n\t\t\t\t\t\t&nbsp;<\/div>\n<div class=\"style8\" style=\"text-align: justify;\">\n\t\t\t\t\t\t<span style=\"color: #000000;\"><span style=\"font-family: tahoma,geneva,sans-serif;\"><span style=\"font-size: 12px;\">&nbsp;&nbsp;&nbsp; Veprimtaria, ashtu si edhe ekspozita, u organizua nga Fondacioni Grek i Kultur\u00ebs n\u00eb Shqip\u00ebri, Drejtoria e P\u00ebrgjithshme e Arkivave t\u00eb Shqip\u00ebris\u00eb, Fondacioni Kulturor i Bank\u00ebs Komb\u00ebtare t\u00eb Greqis\u00eb dhe Kisha Orthodhokse Autoqefale e Shqip\u00ebris\u00eb.<\/span><\/span><\/span><\/div>\n<div class=\"style8\" style=\"text-align: justify;\">\n\t\t\t\t\t\t&nbsp;<\/div>\n<div class=\"style8\" style=\"text-align: justify;\">\n\t\t\t\t\t\t<span style=\"color: #000000;\"><span style=\"font-family: tahoma,geneva,sans-serif;\"><span style=\"font-size: 12px;\">&nbsp;&nbsp;&nbsp; N\u00eb veprimtari mor\u00ebn pjes\u00eb akademik\u00eb dhe intelektual\u00eb t\u00eb njohur nga Shqip\u00ebria dhe Greqia, diplomat\u00eb, klerik\u00eb, besimtar\u00eb orthodhoks\u00eb dhe qytetar\u00eb t\u00eb kryeqytetit t\u00eb interesuar p\u00ebr k\u00ebt\u00eb lloj muzike etj. Veprimtarin\u00eb e nderoi me pjes\u00ebmarrjen e tij edhe Fortlumturia e Tij Kryepiskopi i Tiran\u00ebs, Durr\u00ebsit dhe i gjith\u00eb Shqip\u00ebris\u00eb, Fortlumturia e Tij Anastasi, i shoq\u00ebruar nga dy episkop\u00ebt ndihm\u00ebs, Hir\u00ebsia e Tij Nikolla dhe Hir\u00ebsia e Tij Andoni. <img decoding=\"async\" alt=\"\" class=\"lazyload HAa Eha\" src=\"data:image\/gif;base64,R0lGODlhAQABAAAAACH5BAEKAAEALAAAAAABAAEAAAICTAEAOw==\" data-orig-src=\"https:\/\/lh3.googleusercontent.com\/-UVzXy557S1U\/U_7RdnY5-uI\/AAAAAAAABe4\/YLHQpljzbwc\/w600-h400-no\/IMG_3808.JPG\" style=\"height: 293px; width: 439px; border-width: 1px; border-style: solid; margin: 10px; float: right;\" \/><\/p>\n<p>\t\t\t\t\t\t&nbsp;&nbsp;&nbsp; Pas hapjes s\u00eb veprimtaris\u00eb, z. Harallamb Terziu, pedagog i muzik\u00ebs bizantine n\u00eb Akademin\u00eb Teologjike \u201cNgjallja e Krishtit\u201d, mbajti referatin \u201cHistoria e muzik\u00ebs bizantine p\u00ebrgjat\u00eb shekujve\u201d.<\/span><\/span><\/span><\/div>\n<div class=\"style8\" style=\"text-align: justify;\">\n\t\t\t\t\t\t&nbsp;<\/div>\n<div class=\"style8\" style=\"text-align: justify;\">\n\t\t\t\t\t\t<span style=\"color: #000000;\"><span style=\"font-family: tahoma,geneva,sans-serif;\"><span style=\"font-size: 12px;\">&nbsp;&nbsp;&nbsp; Pastaj, me nj\u00eb hyrje mbres\u00ebl\u00ebn\u00ebse, duke psalur, n\u00eb sken\u00eb zuri vend kori Kishtar Bizantin \u201cJoan Kukuzeli\u201d, i drejtuar nga Arqimandriti Justin, q\u00eb \u00ebsht\u00eb dhe themeluesi i tij. Kori psali disa pjes\u00eb himnesh q\u00eb gjenden n\u00eb kodik\u00ebt muzikor\u00eb t\u00eb ekspozuar.<\/span><\/span><\/span><\/div>\n<div class=\"style8\" style=\"text-align: justify;\">\n\t\t\t\t\t\t&nbsp;<\/div>\n<div class=\"style8\" style=\"text-align: justify;\">\n\t\t\t\t\t\t<span style=\"color: #000000;\"><span style=\"font-family: tahoma,geneva,sans-serif;\"><span style=\"font-size: 12px;\">&nbsp;&nbsp;&nbsp; Referatin e dyt\u00eb e mbajti Dhjak Spiro Kostoli, pedagog i historis\u00eb s\u00eb muzik\u00ebs bizantine n\u00eb Akademin\u00eb Teologjike, me tem\u00eb \u201cMuzika kishtare bizantine dhe kultivimi i saj n\u00eb Shqip\u00ebri\u201d.<\/span><\/span><\/span><\/div>\n<div class=\"style8\" style=\"text-align: justify;\">\n\t\t\t\t\t\t<br \/>\n\t\t\t\t\t\t&nbsp;<span style=\"color: #000000;\"><span style=\"font-family: tahoma,geneva,sans-serif;\"><span style=\"font-size: 12px;\">&nbsp;&nbsp; Pastaj kori \u201cJoan Kukuzeli vazhdoi me psalje e himneve nga kodik\u00ebt, si dhe u lexua nj\u00eb pasazh nga kodiku i Kor\u00e7\u00ebs nr. 93, shek. X.<\/span><\/span><\/span><\/div>\n<div style=\"text-align: justify;\">\n\t\t\t\t\t\t&nbsp;<\/div>\n<div class=\"style8\" style=\"text-align: right;\">\n\t\t\t\t\t\t&nbsp;<\/div>\n<div class=\"style8\" style=\"text-align: right;\">\n\t\t\t\t\t\t&nbsp;<\/div>\n<div class=\"style8\" style=\"text-align: right;\">\n\t\t\t\t\t\t<span style=\"color: #000000;\"><span style=\"font-family: tahoma,geneva,sans-serif;\"><span style=\"font-size: 12px;\"><strong>Thoma Dhima<\/strong><\/span><\/span><\/span><\/div>\n<div class=\"style8\" style=\"text-align: right;\">\n\t\t\t\t\t\t&nbsp;<\/div>\n<div class=\"style8\" style=\"text-align: right;\">\n\t\t\t\t\t\t&nbsp;<\/div>\n<div class=\"style8\" style=\"text-align: right;\">\n<table style=\"margin-right: auto; margin-left: auto; width: 712px; height: 257px;\">\n<tbody>\n<tr>\n<td>\n<div>\n\t\t\t\t\t\t\t\t\t\t\t<span style=\"color: #000000;\"><span style=\"font-family: tahoma,geneva,sans-serif;\"><span style=\"font-size: 12px;\"><span class=\"style8\"><img decoding=\"async\" alt=\"\" class=\"lazyload HAa Eha\" height=\"232\" src=\"data:image\/svg+xml,%3Csvg%20xmlns%3D%27http%3A%2F%2Fwww.w3.org%2F2000%2Fsvg%27%20width%3D%27348%27%20height%3D%27232%27%20viewBox%3D%270%200%20348%20232%27%3E%3Crect%20width%3D%27348%27%20height%3D%27232%27%20fill-opacity%3D%220%22%2F%3E%3C%2Fsvg%3E\" data-orig-src=\"https:\/\/lh6.googleusercontent.com\/-v5WYXq9vdLI\/U_7Rdd_Vj1I\/AAAAAAAABfA\/nDfMQoFnKhA\/w600-h400-no\/IMG_3798.JPG\" style=\"margin: 10px auto; display: block; border: 1px solid;\" width=\"348\" \/><\/span><\/span><\/span><\/span><\/div>\n<\/td>\n<td>\n<div>\n\t\t\t\t\t\t\t\t\t\t\t<span style=\"color: #000000;\"><span style=\"font-family: tahoma,geneva,sans-serif;\"><span style=\"font-size: 12px;\"><img decoding=\"async\" alt=\"\" class=\"lazyload HAa Eha\" height=\"231\" src=\"data:image\/svg+xml,%3Csvg%20xmlns%3D%27http%3A%2F%2Fwww.w3.org%2F2000%2Fsvg%27%20width%3D%27347%27%20height%3D%27231%27%20viewBox%3D%270%200%20347%20231%27%3E%3Crect%20width%3D%27347%27%20height%3D%27231%27%20fill-opacity%3D%220%22%2F%3E%3C%2Fsvg%3E\" data-orig-src=\"https:\/\/lh4.googleusercontent.com\/-cUzHKPd5zOw\/U_7RdVqDyJI\/AAAAAAAABe8\/VqDdgCAfiKs\/w600-h400-no\/IMG_3801.JPG\" style=\"margin: 10px auto; display: block; border: 1px solid;\" width=\"347\" \/><\/span><\/span><\/span><\/div>\n<\/td>\n<\/tr>\n<\/tbody>\n<\/table><\/div>\n<div class=\"style8\" style=\"text-align: right;\">\n\t\t\t\t\t\t&nbsp;<\/div>\n<div class=\"style8\" style=\"text-align: right;\">\n\t\t\t\t\t\t&nbsp;<\/div>\n<div class=\"style8\">\n\t\t\t\t\t\t&nbsp;<\/div>\n<div>\n\t\t\t\t\t\t&nbsp;<\/div>\n<\/p><\/div>\n<div>\n\t\t\t\t\t&nbsp;<\/div>\n<table border=\"0\">\n<tbody>\n<tr>\n<td>\n<div>\n\t\t\t\t\t\t\t\t\t<object data=\"http:\/\/www.youtube.com\/v\/MHlxc8jg4Oo?hl=en_US&amp;fs=1&amp;\" height=\"250\" width=\"350\"><param name=\"movie\" value=\"http:\/\/www.youtube.com\/v\/MHlxc8jg4Oo?hl=en_US&amp;fs=1&amp;\" \/><param name=\"allowFullScreen\" value=\"true\" \/><param name=\"allowscriptaccess\" value=\"always\" \/><\/object><\/div>\n<\/td>\n<td>\n<div>\n\t\t\t\t\t\t\t\t\t<object data=\"http:\/\/www.youtube.com\/v\/hE0BsQ0TurY?hl=en_US&amp;fs=1&amp;\" height=\"250\" width=\"350\"><param name=\"movie\" value=\"http:\/\/www.youtube.com\/v\/hE0BsQ0TurY?hl=en_US&amp;fs=1&amp;\" \/><param name=\"allowFullScreen\" value=\"true\" \/><param name=\"allowscriptaccess\" value=\"always\" \/><\/object><\/div>\n<\/td>\n<\/tr>\n<tr>\n<td>\n<div>\n\t\t\t\t\t\t\t\t\t<object data=\"http:\/\/www.youtube.com\/v\/fWVW2y7QNvQ?hl=en_US&amp;fs=1&amp;\" height=\"250\" width=\"350\"><param name=\"movie\" value=\"http:\/\/www.youtube.com\/v\/fWVW2y7QNvQ?hl=en_US&amp;fs=1&amp;\" \/><param name=\"allowFullScreen\" value=\"true\" \/><param name=\"allowscriptaccess\" value=\"always\" \/><\/object><\/div>\n<\/td>\n<td>\n<div>\n\t\t\t\t\t\t\t\t\t<object data=\"http:\/\/www.youtube.com\/v\/xZBbRH6uszc?hl=en_US&amp;fs=1&amp;\" height=\"250\" width=\"350\"><param name=\"movie\" value=\"http:\/\/www.youtube.com\/v\/xZBbRH6uszc?hl=en_US&amp;fs=1&amp;\" \/><param name=\"allowFullScreen\" value=\"true\" \/><param name=\"allowscriptaccess\" value=\"always\" \/><\/object><\/div>\n<\/td>\n<\/tr>\n<tr>\n<td>\n<div>\n\t\t\t\t\t\t\t\t\t<object data=\"http:\/\/www.youtube.com\/v\/5tKCH4CSro8?hl=en_US&amp;fs=1&amp;\" height=\"250\" width=\"350\"><param name=\"movie\" value=\"http:\/\/www.youtube.com\/v\/5tKCH4CSro8?hl=en_US&amp;fs=1&amp;\" \/><param name=\"allowFullScreen\" value=\"true\" \/><param name=\"allowscriptaccess\" value=\"always\" \/><\/object><\/div>\n<\/td>\n<td>\n<div>\n\t\t\t\t\t\t\t\t\t&nbsp;<\/div>\n<\/td>\n<\/tr>\n<\/tbody>\n<\/table>\n<div>\n\t\t\t\t\t&nbsp;<\/div>\n<\/td>\n<\/tr>\n<\/tbody>\n<\/table>\n","protected":false},"excerpt":{"rendered":"<p>&nbsp; &nbsp;&nbsp;&nbsp; Me rastin e mbylljes s\u00eb ekspozit\u00ebs \u201cDor\u00ebshkrime Bizantine dhe Pasbizantine n\u00eb Shqip\u00ebri\u201d, q\u00eb u hap n\u00eb mjediset e Drejtoris\u00eb s\u00eb P\u00ebrgjithshme t\u00eb Arkivave, n\u00eb dat\u00ebn 7 qershor u zhvillua vepri\u00ad\u00admtaria kulturore \u201cMbr\u00ebm\u00ebsore Bizantine. Ajo u mbajt n\u00eb sall\u00ebn e re t\u00eb ceremonive pran\u00eb kish\u00ebs Ungjill\u00ebzimi i Hyjlind\u00ebses, Tiran\u00eb. &nbsp; &nbsp;&nbsp;&nbsp; Veprimtaria, ashtu si edhe ekspozita, u organizua nga Fondacioni Grek i Kultur\u00ebs n\u00eb<\/p>\n","protected":false},"author":1,"featured_media":0,"comment_status":"open","ping_status":"open","sticky":false,"template":"","format":"standard","meta":{"_acf_changed":false,"pagelayer_contact_templates":[],"_pagelayer_content":"","inline_featured_image":false,"fifu_image_url":"","fifu_image_alt":"","footnotes":""},"categories":[108],"tags":[144,196,201,212,170],"class_list":["post-1455","post","type-post","status-publish","format-standard","hentry","category-lajme","tag-144","tag-tirane","tag-kryepiskopi-anastas","tag-lajme-d27","tag-shkolla-e-muzikes-bizantine"],"acf":[],"yoast_head":"<!-- This site is optimized with the Yoast SEO plugin v27.2 - https:\/\/yoast.com\/product\/yoast-seo-wordpress\/ -->\n<title>Tiran\u00eb - Mbr\u00ebmje me muzik\u00eb bizantine. (7 Qershor 2010) - Kisha Orthodh\u03bfkse Autoqefale e Shqip\u00ebris\u00eb<\/title>\n<meta name=\"robots\" content=\"index, follow, max-snippet:-1, max-image-preview:large, max-video-preview:-1\" \/>\n<link rel=\"canonical\" href=\"https:\/\/orthodoxalbania.org\/2020\/2013\/03\/20\/tirane-mbremje-me-muzike-bizantine\/\" \/>\n<meta property=\"og:locale\" content=\"en_US\" \/>\n<meta property=\"og:type\" content=\"article\" \/>\n<meta property=\"og:title\" content=\"Tiran\u00eb - Mbr\u00ebmje me muzik\u00eb bizantine. (7 Qershor 2010) - Kisha Orthodh\u03bfkse Autoqefale e Shqip\u00ebris\u00eb\" \/>\n<meta property=\"og:description\" content=\"&nbsp; &nbsp;&nbsp;&nbsp; Me rastin e mbylljes s\u00eb ekspozit\u00ebs \u201cDor\u00ebshkrime Bizantine dhe Pasbizantine n\u00eb Shqip\u00ebri\u201d, q\u00eb u hap n\u00eb mjediset e Drejtoris\u00eb s\u00eb P\u00ebrgjithshme t\u00eb Arkivave, n\u00eb dat\u00ebn 7 qershor u zhvillua vepri\u00ad\u00admtaria kulturore \u201cMbr\u00ebm\u00ebsore Bizantine. Ajo u mbajt n\u00eb sall\u00ebn e re t\u00eb ceremonive pran\u00eb kish\u00ebs Ungjill\u00ebzimi i Hyjlind\u00ebses, Tiran\u00eb. &nbsp; &nbsp;&nbsp;&nbsp; Veprimtaria, ashtu si edhe ekspozita, u organizua nga Fondacioni Grek i Kultur\u00ebs n\u00eb\" \/>\n<meta property=\"og:url\" content=\"https:\/\/orthodoxalbania.org\/2020\/2013\/03\/20\/tirane-mbremje-me-muzike-bizantine\/\" \/>\n<meta property=\"og:site_name\" content=\"Kisha Orthodh\u03bfkse Autoqefale e Shqip\u00ebris\u00eb\" \/>\n<meta property=\"article:publisher\" content=\"https:\/\/www.facebook.com\/koash1991\" \/>\n<meta property=\"article:published_time\" content=\"2013-03-20T12:43:28+00:00\" \/>\n<meta property=\"article:modified_time\" content=\"2020-04-06T20:32:27+00:00\" \/>\n<meta property=\"og:image\" content=\"https:\/\/lh5.googleusercontent.com\/-OOryGK2KrCA\/U_7RePc1J0I\/AAAAAAAABfE\/mFxXKjcGgOE\/w600-h400-no\/IMG_3831.JPG\" \/>\n<meta name=\"author\" content=\"Kisha Orthodhokse\" \/>\n<meta name=\"twitter:card\" content=\"summary_large_image\" \/>\n<meta name=\"twitter:label1\" content=\"Written by\" \/>\n\t<meta name=\"twitter:data1\" content=\"Kisha Orthodhokse\" \/>\n\t<meta name=\"twitter:label2\" content=\"Est. reading time\" \/>\n\t<meta name=\"twitter:data2\" content=\"2 minutes\" \/>\n<script type=\"application\/ld+json\" class=\"yoast-schema-graph\">{\"@context\":\"https:\/\/schema.org\",\"@graph\":[{\"@type\":\"Article\",\"@id\":\"https:\/\/orthodoxalbania.org\/2020\/2013\/03\/20\/tirane-mbremje-me-muzike-bizantine\/#article\",\"isPartOf\":{\"@id\":\"https:\/\/orthodoxalbania.org\/2020\/2013\/03\/20\/tirane-mbremje-me-muzike-bizantine\/\"},\"author\":{\"name\":\"Kisha Orthodhokse\",\"@id\":\"https:\/\/orthodoxalbania.org\/2020\/#\/schema\/person\/0c387634a7063ac612d7ed9ce71c7e86\"},\"headline\":\"Tiran\u00eb &#8211; Mbr\u00ebmje me muzik\u00eb bizantine. (7 Qershor 2010)\",\"datePublished\":\"2013-03-20T12:43:28+00:00\",\"dateModified\":\"2020-04-06T20:32:27+00:00\",\"mainEntityOfPage\":{\"@id\":\"https:\/\/orthodoxalbania.org\/2020\/2013\/03\/20\/tirane-mbremje-me-muzike-bizantine\/\"},\"wordCount\":354,\"commentCount\":0,\"publisher\":{\"@id\":\"https:\/\/orthodoxalbania.org\/2020\/#organization\"},\"image\":{\"@id\":\"https:\/\/orthodoxalbania.org\/2020\/2013\/03\/20\/tirane-mbremje-me-muzike-bizantine\/#primaryimage\"},\"thumbnailUrl\":\"https:\/\/lh5.googleusercontent.com\/-OOryGK2KrCA\/U_7RePc1J0I\/AAAAAAAABfE\/mFxXKjcGgOE\/w600-h400-no\/IMG_3831.JPG\",\"keywords\":[\"2010\",\"Kryepiskopata Tiran\u00eb\",\"Kryepiskopi Anastas\",\"lajme\",\"Shkolla e Muzik\u00ebs Bizantine\"],\"articleSection\":[\"Lajme\"],\"inLanguage\":\"en-US\"},{\"@type\":\"WebPage\",\"@id\":\"https:\/\/orthodoxalbania.org\/2020\/2013\/03\/20\/tirane-mbremje-me-muzike-bizantine\/\",\"url\":\"https:\/\/orthodoxalbania.org\/2020\/2013\/03\/20\/tirane-mbremje-me-muzike-bizantine\/\",\"name\":\"Tiran\u00eb - Mbr\u00ebmje me muzik\u00eb bizantine. (7 Qershor 2010) - Kisha Orthodh\u03bfkse Autoqefale e Shqip\u00ebris\u00eb\",\"isPartOf\":{\"@id\":\"https:\/\/orthodoxalbania.org\/2020\/#website\"},\"primaryImageOfPage\":{\"@id\":\"https:\/\/orthodoxalbania.org\/2020\/2013\/03\/20\/tirane-mbremje-me-muzike-bizantine\/#primaryimage\"},\"image\":{\"@id\":\"https:\/\/orthodoxalbania.org\/2020\/2013\/03\/20\/tirane-mbremje-me-muzike-bizantine\/#primaryimage\"},\"thumbnailUrl\":\"https:\/\/lh5.googleusercontent.com\/-OOryGK2KrCA\/U_7RePc1J0I\/AAAAAAAABfE\/mFxXKjcGgOE\/w600-h400-no\/IMG_3831.JPG\",\"datePublished\":\"2013-03-20T12:43:28+00:00\",\"dateModified\":\"2020-04-06T20:32:27+00:00\",\"breadcrumb\":{\"@id\":\"https:\/\/orthodoxalbania.org\/2020\/2013\/03\/20\/tirane-mbremje-me-muzike-bizantine\/#breadcrumb\"},\"inLanguage\":\"en-US\",\"potentialAction\":[{\"@type\":\"ReadAction\",\"target\":[\"https:\/\/orthodoxalbania.org\/2020\/2013\/03\/20\/tirane-mbremje-me-muzike-bizantine\/\"]}]},{\"@type\":\"ImageObject\",\"inLanguage\":\"en-US\",\"@id\":\"https:\/\/orthodoxalbania.org\/2020\/2013\/03\/20\/tirane-mbremje-me-muzike-bizantine\/#primaryimage\",\"url\":\"https:\/\/lh5.googleusercontent.com\/-OOryGK2KrCA\/U_7RePc1J0I\/AAAAAAAABfE\/mFxXKjcGgOE\/w600-h400-no\/IMG_3831.JPG\",\"contentUrl\":\"https:\/\/lh5.googleusercontent.com\/-OOryGK2KrCA\/U_7RePc1J0I\/AAAAAAAABfE\/mFxXKjcGgOE\/w600-h400-no\/IMG_3831.JPG\"},{\"@type\":\"BreadcrumbList\",\"@id\":\"https:\/\/orthodoxalbania.org\/2020\/2013\/03\/20\/tirane-mbremje-me-muzike-bizantine\/#breadcrumb\",\"itemListElement\":[{\"@type\":\"ListItem\",\"position\":1,\"name\":\"Home\",\"item\":\"https:\/\/orthodoxalbania.org\/2020\/\"},{\"@type\":\"ListItem\",\"position\":2,\"name\":\"Tiran\u00eb &#8211; Mbr\u00ebmje me muzik\u00eb bizantine. (7 Qershor 2010)\"}]},{\"@type\":\"WebSite\",\"@id\":\"https:\/\/orthodoxalbania.org\/2020\/#website\",\"url\":\"https:\/\/orthodoxalbania.org\/2020\/\",\"name\":\"Kisha Orthodh\u03bfkse Autoqefale e Shqip\u00ebris\u00eb\",\"description\":\"Fqja Zyrtare e Kish\u00ebs Orthodhokse Autoqefale e Shqip\u00ebris\u00eb me lajmet edhe informacionet zyrtare p\u00ebr struktur\u00ebn edhe veprimtarin e saj.\",\"publisher\":{\"@id\":\"https:\/\/orthodoxalbania.org\/2020\/#organization\"},\"potentialAction\":[{\"@type\":\"SearchAction\",\"target\":{\"@type\":\"EntryPoint\",\"urlTemplate\":\"https:\/\/orthodoxalbania.org\/2020\/?s={search_term_string}\"},\"query-input\":{\"@type\":\"PropertyValueSpecification\",\"valueRequired\":true,\"valueName\":\"search_term_string\"}}],\"inLanguage\":\"en-US\"},{\"@type\":\"Organization\",\"@id\":\"https:\/\/orthodoxalbania.org\/2020\/#organization\",\"name\":\"Kisha Orthodhokse Autoqefale e Shqip\u00ebris\u00eb\",\"url\":\"https:\/\/orthodoxalbania.org\/2020\/\",\"logo\":{\"@type\":\"ImageObject\",\"inLanguage\":\"en-US\",\"@id\":\"https:\/\/orthodoxalbania.org\/2020\/#\/schema\/logo\/image\/\",\"url\":\"https:\/\/orthodoxalbania.org\/2020\/wp-content\/uploads\/2020\/05\/albania.jpeg\",\"contentUrl\":\"https:\/\/orthodoxalbania.org\/2020\/wp-content\/uploads\/2020\/05\/albania.jpeg\",\"width\":540,\"height\":540,\"caption\":\"Kisha Orthodhokse Autoqefale e Shqip\u00ebris\u00eb\"},\"image\":{\"@id\":\"https:\/\/orthodoxalbania.org\/2020\/#\/schema\/logo\/image\/\"},\"sameAs\":[\"https:\/\/www.facebook.com\/koash1991\"]},{\"@type\":\"Person\",\"@id\":\"https:\/\/orthodoxalbania.org\/2020\/#\/schema\/person\/0c387634a7063ac612d7ed9ce71c7e86\",\"name\":\"Kisha Orthodhokse\",\"image\":{\"@type\":\"ImageObject\",\"inLanguage\":\"en-US\",\"@id\":\"https:\/\/secure.gravatar.com\/avatar\/596e7c417251e30f2fbb9c00e026fce61a695a00e51c889caded71c96cbbdde5?s=96&d=mm&r=g\",\"url\":\"https:\/\/secure.gravatar.com\/avatar\/596e7c417251e30f2fbb9c00e026fce61a695a00e51c889caded71c96cbbdde5?s=96&d=mm&r=g\",\"contentUrl\":\"https:\/\/secure.gravatar.com\/avatar\/596e7c417251e30f2fbb9c00e026fce61a695a00e51c889caded71c96cbbdde5?s=96&d=mm&r=g\",\"caption\":\"Kisha Orthodhokse\"}}]}<\/script>\n<!-- \/ Yoast SEO plugin. -->","yoast_head_json":{"title":"Tiran\u00eb - Mbr\u00ebmje me muzik\u00eb bizantine. (7 Qershor 2010) - Kisha Orthodh\u03bfkse Autoqefale e Shqip\u00ebris\u00eb","robots":{"index":"index","follow":"follow","max-snippet":"max-snippet:-1","max-image-preview":"max-image-preview:large","max-video-preview":"max-video-preview:-1"},"canonical":"https:\/\/orthodoxalbania.org\/2020\/2013\/03\/20\/tirane-mbremje-me-muzike-bizantine\/","og_locale":"en_US","og_type":"article","og_title":"Tiran\u00eb - Mbr\u00ebmje me muzik\u00eb bizantine. (7 Qershor 2010) - Kisha Orthodh\u03bfkse Autoqefale e Shqip\u00ebris\u00eb","og_description":"&nbsp; &nbsp;&nbsp;&nbsp; Me rastin e mbylljes s\u00eb ekspozit\u00ebs \u201cDor\u00ebshkrime Bizantine dhe Pasbizantine n\u00eb Shqip\u00ebri\u201d, q\u00eb u hap n\u00eb mjediset e Drejtoris\u00eb s\u00eb P\u00ebrgjithshme t\u00eb Arkivave, n\u00eb dat\u00ebn 7 qershor u zhvillua vepri\u00ad\u00admtaria kulturore \u201cMbr\u00ebm\u00ebsore Bizantine. Ajo u mbajt n\u00eb sall\u00ebn e re t\u00eb ceremonive pran\u00eb kish\u00ebs Ungjill\u00ebzimi i Hyjlind\u00ebses, Tiran\u00eb. &nbsp; &nbsp;&nbsp;&nbsp; Veprimtaria, ashtu si edhe ekspozita, u organizua nga Fondacioni Grek i Kultur\u00ebs n\u00eb","og_url":"https:\/\/orthodoxalbania.org\/2020\/2013\/03\/20\/tirane-mbremje-me-muzike-bizantine\/","og_site_name":"Kisha Orthodh\u03bfkse Autoqefale e Shqip\u00ebris\u00eb","article_publisher":"https:\/\/www.facebook.com\/koash1991","article_published_time":"2013-03-20T12:43:28+00:00","article_modified_time":"2020-04-06T20:32:27+00:00","og_image":[{"url":"https:\/\/lh5.googleusercontent.com\/-OOryGK2KrCA\/U_7RePc1J0I\/AAAAAAAABfE\/mFxXKjcGgOE\/w600-h400-no\/IMG_3831.JPG","type":"","width":"","height":""}],"author":"Kisha Orthodhokse","twitter_card":"summary_large_image","twitter_misc":{"Written by":"Kisha Orthodhokse","Est. reading time":"2 minutes"},"schema":{"@context":"https:\/\/schema.org","@graph":[{"@type":"Article","@id":"https:\/\/orthodoxalbania.org\/2020\/2013\/03\/20\/tirane-mbremje-me-muzike-bizantine\/#article","isPartOf":{"@id":"https:\/\/orthodoxalbania.org\/2020\/2013\/03\/20\/tirane-mbremje-me-muzike-bizantine\/"},"author":{"name":"Kisha Orthodhokse","@id":"https:\/\/orthodoxalbania.org\/2020\/#\/schema\/person\/0c387634a7063ac612d7ed9ce71c7e86"},"headline":"Tiran\u00eb &#8211; Mbr\u00ebmje me muzik\u00eb bizantine. (7 Qershor 2010)","datePublished":"2013-03-20T12:43:28+00:00","dateModified":"2020-04-06T20:32:27+00:00","mainEntityOfPage":{"@id":"https:\/\/orthodoxalbania.org\/2020\/2013\/03\/20\/tirane-mbremje-me-muzike-bizantine\/"},"wordCount":354,"commentCount":0,"publisher":{"@id":"https:\/\/orthodoxalbania.org\/2020\/#organization"},"image":{"@id":"https:\/\/orthodoxalbania.org\/2020\/2013\/03\/20\/tirane-mbremje-me-muzike-bizantine\/#primaryimage"},"thumbnailUrl":"https:\/\/lh5.googleusercontent.com\/-OOryGK2KrCA\/U_7RePc1J0I\/AAAAAAAABfE\/mFxXKjcGgOE\/w600-h400-no\/IMG_3831.JPG","keywords":["2010","Kryepiskopata Tiran\u00eb","Kryepiskopi Anastas","lajme","Shkolla e Muzik\u00ebs Bizantine"],"articleSection":["Lajme"],"inLanguage":"en-US"},{"@type":"WebPage","@id":"https:\/\/orthodoxalbania.org\/2020\/2013\/03\/20\/tirane-mbremje-me-muzike-bizantine\/","url":"https:\/\/orthodoxalbania.org\/2020\/2013\/03\/20\/tirane-mbremje-me-muzike-bizantine\/","name":"Tiran\u00eb - Mbr\u00ebmje me muzik\u00eb bizantine. (7 Qershor 2010) - Kisha Orthodh\u03bfkse Autoqefale e Shqip\u00ebris\u00eb","isPartOf":{"@id":"https:\/\/orthodoxalbania.org\/2020\/#website"},"primaryImageOfPage":{"@id":"https:\/\/orthodoxalbania.org\/2020\/2013\/03\/20\/tirane-mbremje-me-muzike-bizantine\/#primaryimage"},"image":{"@id":"https:\/\/orthodoxalbania.org\/2020\/2013\/03\/20\/tirane-mbremje-me-muzike-bizantine\/#primaryimage"},"thumbnailUrl":"https:\/\/lh5.googleusercontent.com\/-OOryGK2KrCA\/U_7RePc1J0I\/AAAAAAAABfE\/mFxXKjcGgOE\/w600-h400-no\/IMG_3831.JPG","datePublished":"2013-03-20T12:43:28+00:00","dateModified":"2020-04-06T20:32:27+00:00","breadcrumb":{"@id":"https:\/\/orthodoxalbania.org\/2020\/2013\/03\/20\/tirane-mbremje-me-muzike-bizantine\/#breadcrumb"},"inLanguage":"en-US","potentialAction":[{"@type":"ReadAction","target":["https:\/\/orthodoxalbania.org\/2020\/2013\/03\/20\/tirane-mbremje-me-muzike-bizantine\/"]}]},{"@type":"ImageObject","inLanguage":"en-US","@id":"https:\/\/orthodoxalbania.org\/2020\/2013\/03\/20\/tirane-mbremje-me-muzike-bizantine\/#primaryimage","url":"https:\/\/lh5.googleusercontent.com\/-OOryGK2KrCA\/U_7RePc1J0I\/AAAAAAAABfE\/mFxXKjcGgOE\/w600-h400-no\/IMG_3831.JPG","contentUrl":"https:\/\/lh5.googleusercontent.com\/-OOryGK2KrCA\/U_7RePc1J0I\/AAAAAAAABfE\/mFxXKjcGgOE\/w600-h400-no\/IMG_3831.JPG"},{"@type":"BreadcrumbList","@id":"https:\/\/orthodoxalbania.org\/2020\/2013\/03\/20\/tirane-mbremje-me-muzike-bizantine\/#breadcrumb","itemListElement":[{"@type":"ListItem","position":1,"name":"Home","item":"https:\/\/orthodoxalbania.org\/2020\/"},{"@type":"ListItem","position":2,"name":"Tiran\u00eb &#8211; Mbr\u00ebmje me muzik\u00eb bizantine. (7 Qershor 2010)"}]},{"@type":"WebSite","@id":"https:\/\/orthodoxalbania.org\/2020\/#website","url":"https:\/\/orthodoxalbania.org\/2020\/","name":"Kisha Orthodh\u03bfkse Autoqefale e Shqip\u00ebris\u00eb","description":"Fqja Zyrtare e Kish\u00ebs Orthodhokse Autoqefale e Shqip\u00ebris\u00eb me lajmet edhe informacionet zyrtare p\u00ebr struktur\u00ebn edhe veprimtarin e saj.","publisher":{"@id":"https:\/\/orthodoxalbania.org\/2020\/#organization"},"potentialAction":[{"@type":"SearchAction","target":{"@type":"EntryPoint","urlTemplate":"https:\/\/orthodoxalbania.org\/2020\/?s={search_term_string}"},"query-input":{"@type":"PropertyValueSpecification","valueRequired":true,"valueName":"search_term_string"}}],"inLanguage":"en-US"},{"@type":"Organization","@id":"https:\/\/orthodoxalbania.org\/2020\/#organization","name":"Kisha Orthodhokse Autoqefale e Shqip\u00ebris\u00eb","url":"https:\/\/orthodoxalbania.org\/2020\/","logo":{"@type":"ImageObject","inLanguage":"en-US","@id":"https:\/\/orthodoxalbania.org\/2020\/#\/schema\/logo\/image\/","url":"https:\/\/orthodoxalbania.org\/2020\/wp-content\/uploads\/2020\/05\/albania.jpeg","contentUrl":"https:\/\/orthodoxalbania.org\/2020\/wp-content\/uploads\/2020\/05\/albania.jpeg","width":540,"height":540,"caption":"Kisha Orthodhokse Autoqefale e Shqip\u00ebris\u00eb"},"image":{"@id":"https:\/\/orthodoxalbania.org\/2020\/#\/schema\/logo\/image\/"},"sameAs":["https:\/\/www.facebook.com\/koash1991"]},{"@type":"Person","@id":"https:\/\/orthodoxalbania.org\/2020\/#\/schema\/person\/0c387634a7063ac612d7ed9ce71c7e86","name":"Kisha Orthodhokse","image":{"@type":"ImageObject","inLanguage":"en-US","@id":"https:\/\/secure.gravatar.com\/avatar\/596e7c417251e30f2fbb9c00e026fce61a695a00e51c889caded71c96cbbdde5?s=96&d=mm&r=g","url":"https:\/\/secure.gravatar.com\/avatar\/596e7c417251e30f2fbb9c00e026fce61a695a00e51c889caded71c96cbbdde5?s=96&d=mm&r=g","contentUrl":"https:\/\/secure.gravatar.com\/avatar\/596e7c417251e30f2fbb9c00e026fce61a695a00e51c889caded71c96cbbdde5?s=96&d=mm&r=g","caption":"Kisha Orthodhokse"}}]}},"_links":{"self":[{"href":"https:\/\/orthodoxalbania.org\/2020\/wp-json\/wp\/v2\/posts\/1455","targetHints":{"allow":["GET"]}}],"collection":[{"href":"https:\/\/orthodoxalbania.org\/2020\/wp-json\/wp\/v2\/posts"}],"about":[{"href":"https:\/\/orthodoxalbania.org\/2020\/wp-json\/wp\/v2\/types\/post"}],"author":[{"embeddable":true,"href":"https:\/\/orthodoxalbania.org\/2020\/wp-json\/wp\/v2\/users\/1"}],"replies":[{"embeddable":true,"href":"https:\/\/orthodoxalbania.org\/2020\/wp-json\/wp\/v2\/comments?post=1455"}],"version-history":[{"count":1,"href":"https:\/\/orthodoxalbania.org\/2020\/wp-json\/wp\/v2\/posts\/1455\/revisions"}],"predecessor-version":[{"id":15503,"href":"https:\/\/orthodoxalbania.org\/2020\/wp-json\/wp\/v2\/posts\/1455\/revisions\/15503"}],"wp:attachment":[{"href":"https:\/\/orthodoxalbania.org\/2020\/wp-json\/wp\/v2\/media?parent=1455"}],"wp:term":[{"taxonomy":"category","embeddable":true,"href":"https:\/\/orthodoxalbania.org\/2020\/wp-json\/wp\/v2\/categories?post=1455"},{"taxonomy":"post_tag","embeddable":true,"href":"https:\/\/orthodoxalbania.org\/2020\/wp-json\/wp\/v2\/tags?post=1455"}],"curies":[{"name":"wp","href":"https:\/\/api.w.org\/{rel}","templated":true}]}}