{"id":1453,"date":"2015-02-28T10:38:05","date_gmt":"2015-02-28T10:38:05","guid":{"rendered":""},"modified":"2020-04-13T00:28:04","modified_gmt":"2020-04-12T22:28:04","slug":"tirana-meeting-of-the-fellowship-of-orthodox-intellectuals","status":"publish","type":"post","link":"https:\/\/orthodoxalbania.org\/2020\/en\/2015\/02\/28\/tirana-meeting-of-the-fellowship-of-orthodox-intellectuals\/","title":{"rendered":"Tirana &#8211; Meeting of the Fellowship of Orthodox Intellectuals"},"content":{"rendered":"<p style=\"text-align: justify;\"><span style=\"font-family: helvetica; font-size: 12pt;\"><span style=\"color: #000000;\">&nbsp;&nbsp;&nbsp; On Thursday afternoon, February 26, 2015, in one of the conference rooms of the &#8220;Resurrection of Christ&#8221; cathedral complex, in Tirana, the meeting of the Fellowship of Orthodox Intellectuals was held.<\/span><\/span><\/p>\n<p style=\"text-align: justify;\"><span style=\"font-family: helvetica; font-size: 12pt;\"><span style=\"color: #000000;\">&nbsp;&nbsp;&nbsp; This event was opened by the Secretary of the Fellowship, Prof. Ass. Pirro Prifti. Then a lecture was given by the theology teacher, Mr. Thoma Shkira, who spoke about the Period of the Triodion.&nbsp;<\/span><\/span><\/p>\n<p style=\"text-align: justify;\"><span style=\"font-family: helvetica; font-size: 12pt;\"><span style=\"color: #000000;\">&nbsp;&nbsp;&nbsp; The next event, which was offered by Prof. Dr. Ilia Telo, who spoke about the dilemma of the population census of 2011 and the resulting problems and inaccuracies regarding the recording of religions affiliation. Smarting from this topic, Archbishop Anastasios also spoke to the participants. He was present at this meeting along with Their Graces Nathanael and Asti. Then a discussion by the members proceeded.<\/span><\/span><\/p>\n<p style=\"text-align: justify;\">&nbsp;<\/p>\n<div style=\"text-align: justify;\">&nbsp;<\/div>\n<div style=\"text-align: center;\">\n<div style=\"text-align: justify;\">&nbsp;<\/div>\n<div><img decoding=\"async\" class=\"lazyload HAa Eha\" style=\"margin: 10px auto; display: block; border: 1px solid;\" alt=\"\" src=\"data:image\/gif;base64,R0lGODlhAQABAAAAACH5BAEKAAEALAAAAAABAAEAAAICTAEAOw==\" data-orig-src=\"https:\/\/lh5.googleusercontent.com\/-1QuojsUGYwY\/VPGZkBmZpeI\/AAAAAAAALTE\/pLzYxVXUMHE\/w640-h427-no\/DSC_0114.JPG\" \/><\/div>\n<div style=\"text-align: center;\"><img decoding=\"async\" class=\"lazyload HAa Eha\" style=\"margin: 10px auto; display: block; border: 1px solid;\" alt=\"\" src=\"data:image\/gif;base64,R0lGODlhAQABAAAAACH5BAEKAAEALAAAAAABAAEAAAICTAEAOw==\" data-orig-src=\"https:\/\/lh3.googleusercontent.com\/-D9h6YmqD5SY\/VPGZkS0w4GI\/AAAAAAAALTY\/QlQp7BNmJus\/w427-h640-no\/DSC_0136.JPG\" \/><\/div>\n<div style=\"text-align: center;\"><img decoding=\"async\" class=\"lazyload HAa Eha\" style=\"margin: 10px auto; display: block; border: 1px solid;\" alt=\"\" src=\"data:image\/gif;base64,R0lGODlhAQABAAAAACH5BAEKAAEALAAAAAABAAEAAAICTAEAOw==\" data-orig-src=\"https:\/\/lh5.googleusercontent.com\/-vjsEK4-sMoY\/VPGZkYy8tII\/AAAAAAAALTM\/fp2eAkYW0nA\/w640-h427-no\/DSC_0141.JPG\" \/><\/div>\n<div style=\"text-align: center;\"><img decoding=\"async\" class=\"lazyload HAa Eha\" style=\"margin: 10px auto; display: block; border: 1px solid;\" alt=\"\" src=\"data:image\/gif;base64,R0lGODlhAQABAAAAACH5BAEKAAEALAAAAAABAAEAAAICTAEAOw==\" data-orig-src=\"https:\/\/lh3.googleusercontent.com\/-3z85a_dOntw\/VPGZkmMtyWI\/AAAAAAAALTU\/zlckzfcZDrE\/w640-h427-no\/DSC_0179.JPG\" \/><\/div>\n<\/div>\n","protected":false},"excerpt":{"rendered":"<p>&nbsp;&nbsp;&nbsp; On Thursday afternoon, February 26, 2015, in one of the conference rooms of the &#8220;Resurrection of Christ&#8221; cathedral complex, in Tirana, the meeting of the Fellowship of Orthodox Intellectuals was held. &nbsp;&nbsp;&nbsp; This event was opened by the Secretary of the Fellowship, Prof. Ass. Pirro Prifti. Then a lecture was given by the theology teacher, Mr. Thoma Shkira, who spoke about the Period of<\/p>\n","protected":false},"author":7,"featured_media":1454,"comment_status":"open","ping_status":"open","sticky":false,"template":"","format":"standard","meta":{"_acf_changed":false,"pagelayer_contact_templates":[],"_pagelayer_content":"","inline_featured_image":false,"fifu_image_url":"","fifu_image_alt":"","footnotes":""},"categories":[1455,311],"tags":[1149,1185,1784,1856],"class_list":["post-1453","post","type-post","status-publish","format-standard","has-post-thumbnail","hentry","category-news-en","category-news-d25","tag-2015-en","tag-events","tag-katedralja-ngjallja-e-krishtit-tirane-en","tag-lidhja-e-intelektualeve-orthodhokse-en"],"acf":[],"yoast_head":"<!-- This site is optimized with the Yoast SEO plugin v27.2 - https:\/\/yoast.com\/product\/yoast-seo-wordpress\/ -->\n<title>Tirana - Meeting of the Fellowship of Orthodox Intellectuals - Kisha Orthodh\u03bfkse Autoqefale e Shqip\u00ebris\u00eb<\/title>\n<meta name=\"robots\" content=\"index, follow, max-snippet:-1, max-image-preview:large, max-video-preview:-1\" \/>\n<link rel=\"canonical\" href=\"https:\/\/orthodoxalbania.org\/2020\/en\/2015\/02\/28\/tirana-meeting-of-the-fellowship-of-orthodox-intellectuals\/\" \/>\n<meta property=\"og:locale\" content=\"en_US\" \/>\n<meta property=\"og:type\" content=\"article\" \/>\n<meta property=\"og:title\" content=\"Tirana - Meeting of the Fellowship of Orthodox Intellectuals - Kisha Orthodh\u03bfkse Autoqefale e Shqip\u00ebris\u00eb\" \/>\n<meta property=\"og:description\" content=\"&nbsp;&nbsp;&nbsp; On Thursday afternoon, February 26, 2015, in one of the conference rooms of the &#8220;Resurrection of Christ&#8221; cathedral complex, in Tirana, the meeting of the Fellowship of Orthodox Intellectuals was held. &nbsp;&nbsp;&nbsp; This event was opened by the Secretary of the Fellowship, Prof. Ass. Pirro Prifti. Then a lecture was given by the theology teacher, Mr. Thoma Shkira, who spoke about the Period of\" \/>\n<meta property=\"og:url\" content=\"https:\/\/orthodoxalbania.org\/2020\/en\/2015\/02\/28\/tirana-meeting-of-the-fellowship-of-orthodox-intellectuals\/\" \/>\n<meta property=\"og:site_name\" content=\"Kisha Orthodh\u03bfkse Autoqefale e Shqip\u00ebris\u00eb\" \/>\n<meta property=\"article:publisher\" content=\"https:\/\/www.facebook.com\/koash1991\" \/>\n<meta property=\"article:published_time\" content=\"2015-02-28T10:38:05+00:00\" \/>\n<meta property=\"article:modified_time\" content=\"2020-04-12T22:28:04+00:00\" \/>\n<meta property=\"og:image\" content=\"https:\/\/orthodoxalbania.org\/2020\/wp-content\/uploads\/2020\/04\/DSC_0141.JPG\" \/>\n\t<meta property=\"og:image:width\" content=\"150\" \/>\n\t<meta property=\"og:image:height\" content=\"150\" \/>\n\t<meta property=\"og:image:type\" content=\"image\/jpeg\" \/>\n<meta name=\"author\" content=\"Kisha Orthodhokse\" \/>\n<meta name=\"twitter:card\" content=\"summary_large_image\" \/>\n<meta name=\"twitter:label1\" content=\"Written by\" \/>\n\t<meta name=\"twitter:data1\" content=\"Kisha Orthodhokse\" \/>\n\t<meta name=\"twitter:label2\" content=\"Est. reading time\" \/>\n\t<meta name=\"twitter:data2\" content=\"1 minute\" \/>\n<script type=\"application\/ld+json\" class=\"yoast-schema-graph\">{\"@context\":\"https:\/\/schema.org\",\"@graph\":[{\"@type\":\"Article\",\"@id\":\"https:\/\/orthodoxalbania.org\/2020\/en\/2015\/02\/28\/tirana-meeting-of-the-fellowship-of-orthodox-intellectuals\/#article\",\"isPartOf\":{\"@id\":\"https:\/\/orthodoxalbania.org\/2020\/en\/2015\/02\/28\/tirana-meeting-of-the-fellowship-of-orthodox-intellectuals\/\"},\"author\":{\"name\":\"Kisha Orthodhokse\",\"@id\":\"https:\/\/orthodoxalbania.org\/2020\/#\/schema\/person\/df745f942b70e045b3dc05a30211f0de\"},\"headline\":\"Tirana &#8211; Meeting of the Fellowship of Orthodox Intellectuals\",\"datePublished\":\"2015-02-28T10:38:05+00:00\",\"dateModified\":\"2020-04-12T22:28:04+00:00\",\"mainEntityOfPage\":{\"@id\":\"https:\/\/orthodoxalbania.org\/2020\/en\/2015\/02\/28\/tirana-meeting-of-the-fellowship-of-orthodox-intellectuals\/\"},\"wordCount\":149,\"commentCount\":0,\"publisher\":{\"@id\":\"https:\/\/orthodoxalbania.org\/2020\/#organization\"},\"image\":{\"@id\":\"https:\/\/orthodoxalbania.org\/2020\/en\/2015\/02\/28\/tirana-meeting-of-the-fellowship-of-orthodox-intellectuals\/#primaryimage\"},\"thumbnailUrl\":\"https:\/\/orthodoxalbania.org\/2020\/wp-content\/uploads\/2020\/04\/DSC_0141.JPG\",\"keywords\":[\"2015\",\"Events\",\"Katedralja \u201cNgjallja e Krishtit\u201d Tiran\u00eb\",\"Lidhja e Intelektual\u00ebve Orthodhoks\u00eb\"],\"articleSection\":[\"News - \u0395\u039d\",\"News old page\"],\"inLanguage\":\"en-US\"},{\"@type\":\"WebPage\",\"@id\":\"https:\/\/orthodoxalbania.org\/2020\/en\/2015\/02\/28\/tirana-meeting-of-the-fellowship-of-orthodox-intellectuals\/\",\"url\":\"https:\/\/orthodoxalbania.org\/2020\/en\/2015\/02\/28\/tirana-meeting-of-the-fellowship-of-orthodox-intellectuals\/\",\"name\":\"Tirana - Meeting of the Fellowship of Orthodox Intellectuals - Kisha Orthodh\u03bfkse Autoqefale e Shqip\u00ebris\u00eb\",\"isPartOf\":{\"@id\":\"https:\/\/orthodoxalbania.org\/2020\/#website\"},\"primaryImageOfPage\":{\"@id\":\"https:\/\/orthodoxalbania.org\/2020\/en\/2015\/02\/28\/tirana-meeting-of-the-fellowship-of-orthodox-intellectuals\/#primaryimage\"},\"image\":{\"@id\":\"https:\/\/orthodoxalbania.org\/2020\/en\/2015\/02\/28\/tirana-meeting-of-the-fellowship-of-orthodox-intellectuals\/#primaryimage\"},\"thumbnailUrl\":\"https:\/\/orthodoxalbania.org\/2020\/wp-content\/uploads\/2020\/04\/DSC_0141.JPG\",\"datePublished\":\"2015-02-28T10:38:05+00:00\",\"dateModified\":\"2020-04-12T22:28:04+00:00\",\"breadcrumb\":{\"@id\":\"https:\/\/orthodoxalbania.org\/2020\/en\/2015\/02\/28\/tirana-meeting-of-the-fellowship-of-orthodox-intellectuals\/#breadcrumb\"},\"inLanguage\":\"en-US\",\"potentialAction\":[{\"@type\":\"ReadAction\",\"target\":[\"https:\/\/orthodoxalbania.org\/2020\/en\/2015\/02\/28\/tirana-meeting-of-the-fellowship-of-orthodox-intellectuals\/\"]}]},{\"@type\":\"ImageObject\",\"inLanguage\":\"en-US\",\"@id\":\"https:\/\/orthodoxalbania.org\/2020\/en\/2015\/02\/28\/tirana-meeting-of-the-fellowship-of-orthodox-intellectuals\/#primaryimage\",\"url\":\"https:\/\/orthodoxalbania.org\/2020\/wp-content\/uploads\/2020\/04\/DSC_0141.JPG\",\"contentUrl\":\"https:\/\/orthodoxalbania.org\/2020\/wp-content\/uploads\/2020\/04\/DSC_0141.JPG\",\"width\":150,\"height\":150},{\"@type\":\"BreadcrumbList\",\"@id\":\"https:\/\/orthodoxalbania.org\/2020\/en\/2015\/02\/28\/tirana-meeting-of-the-fellowship-of-orthodox-intellectuals\/#breadcrumb\",\"itemListElement\":[{\"@type\":\"ListItem\",\"position\":1,\"name\":\"Home\",\"item\":\"https:\/\/orthodoxalbania.org\/2020\/\"},{\"@type\":\"ListItem\",\"position\":2,\"name\":\"Tirana &#8211; Meeting of the Fellowship of Orthodox Intellectuals\"}]},{\"@type\":\"WebSite\",\"@id\":\"https:\/\/orthodoxalbania.org\/2020\/#website\",\"url\":\"https:\/\/orthodoxalbania.org\/2020\/\",\"name\":\"Kisha Orthodh\u03bfkse Autoqefale e Shqip\u00ebris\u00eb\",\"description\":\"Fqja Zyrtare e Kish\u00ebs Orthodhokse Autoqefale e Shqip\u00ebris\u00eb me lajmet edhe informacionet zyrtare p\u00ebr struktur\u00ebn edhe veprimtarin e saj.\",\"publisher\":{\"@id\":\"https:\/\/orthodoxalbania.org\/2020\/#organization\"},\"potentialAction\":[{\"@type\":\"SearchAction\",\"target\":{\"@type\":\"EntryPoint\",\"urlTemplate\":\"https:\/\/orthodoxalbania.org\/2020\/?s={search_term_string}\"},\"query-input\":{\"@type\":\"PropertyValueSpecification\",\"valueRequired\":true,\"valueName\":\"search_term_string\"}}],\"inLanguage\":\"en-US\"},{\"@type\":\"Organization\",\"@id\":\"https:\/\/orthodoxalbania.org\/2020\/#organization\",\"name\":\"Kisha Orthodhokse Autoqefale e Shqip\u00ebris\u00eb\",\"url\":\"https:\/\/orthodoxalbania.org\/2020\/\",\"logo\":{\"@type\":\"ImageObject\",\"inLanguage\":\"en-US\",\"@id\":\"https:\/\/orthodoxalbania.org\/2020\/#\/schema\/logo\/image\/\",\"url\":\"https:\/\/orthodoxalbania.org\/2020\/wp-content\/uploads\/2020\/05\/albania.jpeg\",\"contentUrl\":\"https:\/\/orthodoxalbania.org\/2020\/wp-content\/uploads\/2020\/05\/albania.jpeg\",\"width\":540,\"height\":540,\"caption\":\"Kisha Orthodhokse Autoqefale e Shqip\u00ebris\u00eb\"},\"image\":{\"@id\":\"https:\/\/orthodoxalbania.org\/2020\/#\/schema\/logo\/image\/\"},\"sameAs\":[\"https:\/\/www.facebook.com\/koash1991\"]},{\"@type\":\"Person\",\"@id\":\"https:\/\/orthodoxalbania.org\/2020\/#\/schema\/person\/df745f942b70e045b3dc05a30211f0de\",\"name\":\"Kisha Orthodhokse\",\"image\":{\"@type\":\"ImageObject\",\"inLanguage\":\"en-US\",\"@id\":\"https:\/\/secure.gravatar.com\/avatar\/2676eb8d97178435c9f691a7871595a1da6c33542dec218bce40885573150e28?s=96&d=mm&r=g\",\"url\":\"https:\/\/secure.gravatar.com\/avatar\/2676eb8d97178435c9f691a7871595a1da6c33542dec218bce40885573150e28?s=96&d=mm&r=g\",\"contentUrl\":\"https:\/\/secure.gravatar.com\/avatar\/2676eb8d97178435c9f691a7871595a1da6c33542dec218bce40885573150e28?s=96&d=mm&r=g\",\"caption\":\"Kisha Orthodhokse\"}}]}<\/script>\n<!-- \/ Yoast SEO plugin. -->","yoast_head_json":{"title":"Tirana - Meeting of the Fellowship of Orthodox Intellectuals - Kisha Orthodh\u03bfkse Autoqefale e Shqip\u00ebris\u00eb","robots":{"index":"index","follow":"follow","max-snippet":"max-snippet:-1","max-image-preview":"max-image-preview:large","max-video-preview":"max-video-preview:-1"},"canonical":"https:\/\/orthodoxalbania.org\/2020\/en\/2015\/02\/28\/tirana-meeting-of-the-fellowship-of-orthodox-intellectuals\/","og_locale":"en_US","og_type":"article","og_title":"Tirana - Meeting of the Fellowship of Orthodox Intellectuals - Kisha Orthodh\u03bfkse Autoqefale e Shqip\u00ebris\u00eb","og_description":"&nbsp;&nbsp;&nbsp; On Thursday afternoon, February 26, 2015, in one of the conference rooms of the &#8220;Resurrection of Christ&#8221; cathedral complex, in Tirana, the meeting of the Fellowship of Orthodox Intellectuals was held. &nbsp;&nbsp;&nbsp; This event was opened by the Secretary of the Fellowship, Prof. Ass. Pirro Prifti. Then a lecture was given by the theology teacher, Mr. Thoma Shkira, who spoke about the Period of","og_url":"https:\/\/orthodoxalbania.org\/2020\/en\/2015\/02\/28\/tirana-meeting-of-the-fellowship-of-orthodox-intellectuals\/","og_site_name":"Kisha Orthodh\u03bfkse Autoqefale e Shqip\u00ebris\u00eb","article_publisher":"https:\/\/www.facebook.com\/koash1991","article_published_time":"2015-02-28T10:38:05+00:00","article_modified_time":"2020-04-12T22:28:04+00:00","og_image":[{"width":150,"height":150,"url":"https:\/\/orthodoxalbania.org\/2020\/wp-content\/uploads\/2020\/04\/DSC_0141.JPG","type":"image\/jpeg"}],"author":"Kisha Orthodhokse","twitter_card":"summary_large_image","twitter_misc":{"Written by":"Kisha Orthodhokse","Est. reading time":"1 minute"},"schema":{"@context":"https:\/\/schema.org","@graph":[{"@type":"Article","@id":"https:\/\/orthodoxalbania.org\/2020\/en\/2015\/02\/28\/tirana-meeting-of-the-fellowship-of-orthodox-intellectuals\/#article","isPartOf":{"@id":"https:\/\/orthodoxalbania.org\/2020\/en\/2015\/02\/28\/tirana-meeting-of-the-fellowship-of-orthodox-intellectuals\/"},"author":{"name":"Kisha Orthodhokse","@id":"https:\/\/orthodoxalbania.org\/2020\/#\/schema\/person\/df745f942b70e045b3dc05a30211f0de"},"headline":"Tirana &#8211; Meeting of the Fellowship of Orthodox Intellectuals","datePublished":"2015-02-28T10:38:05+00:00","dateModified":"2020-04-12T22:28:04+00:00","mainEntityOfPage":{"@id":"https:\/\/orthodoxalbania.org\/2020\/en\/2015\/02\/28\/tirana-meeting-of-the-fellowship-of-orthodox-intellectuals\/"},"wordCount":149,"commentCount":0,"publisher":{"@id":"https:\/\/orthodoxalbania.org\/2020\/#organization"},"image":{"@id":"https:\/\/orthodoxalbania.org\/2020\/en\/2015\/02\/28\/tirana-meeting-of-the-fellowship-of-orthodox-intellectuals\/#primaryimage"},"thumbnailUrl":"https:\/\/orthodoxalbania.org\/2020\/wp-content\/uploads\/2020\/04\/DSC_0141.JPG","keywords":["2015","Events","Katedralja \u201cNgjallja e Krishtit\u201d Tiran\u00eb","Lidhja e Intelektual\u00ebve Orthodhoks\u00eb"],"articleSection":["News - \u0395\u039d","News old page"],"inLanguage":"en-US"},{"@type":"WebPage","@id":"https:\/\/orthodoxalbania.org\/2020\/en\/2015\/02\/28\/tirana-meeting-of-the-fellowship-of-orthodox-intellectuals\/","url":"https:\/\/orthodoxalbania.org\/2020\/en\/2015\/02\/28\/tirana-meeting-of-the-fellowship-of-orthodox-intellectuals\/","name":"Tirana - Meeting of the Fellowship of Orthodox Intellectuals - Kisha Orthodh\u03bfkse Autoqefale e Shqip\u00ebris\u00eb","isPartOf":{"@id":"https:\/\/orthodoxalbania.org\/2020\/#website"},"primaryImageOfPage":{"@id":"https:\/\/orthodoxalbania.org\/2020\/en\/2015\/02\/28\/tirana-meeting-of-the-fellowship-of-orthodox-intellectuals\/#primaryimage"},"image":{"@id":"https:\/\/orthodoxalbania.org\/2020\/en\/2015\/02\/28\/tirana-meeting-of-the-fellowship-of-orthodox-intellectuals\/#primaryimage"},"thumbnailUrl":"https:\/\/orthodoxalbania.org\/2020\/wp-content\/uploads\/2020\/04\/DSC_0141.JPG","datePublished":"2015-02-28T10:38:05+00:00","dateModified":"2020-04-12T22:28:04+00:00","breadcrumb":{"@id":"https:\/\/orthodoxalbania.org\/2020\/en\/2015\/02\/28\/tirana-meeting-of-the-fellowship-of-orthodox-intellectuals\/#breadcrumb"},"inLanguage":"en-US","potentialAction":[{"@type":"ReadAction","target":["https:\/\/orthodoxalbania.org\/2020\/en\/2015\/02\/28\/tirana-meeting-of-the-fellowship-of-orthodox-intellectuals\/"]}]},{"@type":"ImageObject","inLanguage":"en-US","@id":"https:\/\/orthodoxalbania.org\/2020\/en\/2015\/02\/28\/tirana-meeting-of-the-fellowship-of-orthodox-intellectuals\/#primaryimage","url":"https:\/\/orthodoxalbania.org\/2020\/wp-content\/uploads\/2020\/04\/DSC_0141.JPG","contentUrl":"https:\/\/orthodoxalbania.org\/2020\/wp-content\/uploads\/2020\/04\/DSC_0141.JPG","width":150,"height":150},{"@type":"BreadcrumbList","@id":"https:\/\/orthodoxalbania.org\/2020\/en\/2015\/02\/28\/tirana-meeting-of-the-fellowship-of-orthodox-intellectuals\/#breadcrumb","itemListElement":[{"@type":"ListItem","position":1,"name":"Home","item":"https:\/\/orthodoxalbania.org\/2020\/"},{"@type":"ListItem","position":2,"name":"Tirana &#8211; Meeting of the Fellowship of Orthodox Intellectuals"}]},{"@type":"WebSite","@id":"https:\/\/orthodoxalbania.org\/2020\/#website","url":"https:\/\/orthodoxalbania.org\/2020\/","name":"Kisha Orthodh\u03bfkse Autoqefale e Shqip\u00ebris\u00eb","description":"Fqja Zyrtare e Kish\u00ebs Orthodhokse Autoqefale e Shqip\u00ebris\u00eb me lajmet edhe informacionet zyrtare p\u00ebr struktur\u00ebn edhe veprimtarin e saj.","publisher":{"@id":"https:\/\/orthodoxalbania.org\/2020\/#organization"},"potentialAction":[{"@type":"SearchAction","target":{"@type":"EntryPoint","urlTemplate":"https:\/\/orthodoxalbania.org\/2020\/?s={search_term_string}"},"query-input":{"@type":"PropertyValueSpecification","valueRequired":true,"valueName":"search_term_string"}}],"inLanguage":"en-US"},{"@type":"Organization","@id":"https:\/\/orthodoxalbania.org\/2020\/#organization","name":"Kisha Orthodhokse Autoqefale e Shqip\u00ebris\u00eb","url":"https:\/\/orthodoxalbania.org\/2020\/","logo":{"@type":"ImageObject","inLanguage":"en-US","@id":"https:\/\/orthodoxalbania.org\/2020\/#\/schema\/logo\/image\/","url":"https:\/\/orthodoxalbania.org\/2020\/wp-content\/uploads\/2020\/05\/albania.jpeg","contentUrl":"https:\/\/orthodoxalbania.org\/2020\/wp-content\/uploads\/2020\/05\/albania.jpeg","width":540,"height":540,"caption":"Kisha Orthodhokse Autoqefale e Shqip\u00ebris\u00eb"},"image":{"@id":"https:\/\/orthodoxalbania.org\/2020\/#\/schema\/logo\/image\/"},"sameAs":["https:\/\/www.facebook.com\/koash1991"]},{"@type":"Person","@id":"https:\/\/orthodoxalbania.org\/2020\/#\/schema\/person\/df745f942b70e045b3dc05a30211f0de","name":"Kisha Orthodhokse","image":{"@type":"ImageObject","inLanguage":"en-US","@id":"https:\/\/secure.gravatar.com\/avatar\/2676eb8d97178435c9f691a7871595a1da6c33542dec218bce40885573150e28?s=96&d=mm&r=g","url":"https:\/\/secure.gravatar.com\/avatar\/2676eb8d97178435c9f691a7871595a1da6c33542dec218bce40885573150e28?s=96&d=mm&r=g","contentUrl":"https:\/\/secure.gravatar.com\/avatar\/2676eb8d97178435c9f691a7871595a1da6c33542dec218bce40885573150e28?s=96&d=mm&r=g","caption":"Kisha Orthodhokse"}}]}},"_links":{"self":[{"href":"https:\/\/orthodoxalbania.org\/2020\/wp-json\/wp\/v2\/posts\/1453","targetHints":{"allow":["GET"]}}],"collection":[{"href":"https:\/\/orthodoxalbania.org\/2020\/wp-json\/wp\/v2\/posts"}],"about":[{"href":"https:\/\/orthodoxalbania.org\/2020\/wp-json\/wp\/v2\/types\/post"}],"author":[{"embeddable":true,"href":"https:\/\/orthodoxalbania.org\/2020\/wp-json\/wp\/v2\/users\/7"}],"replies":[{"embeddable":true,"href":"https:\/\/orthodoxalbania.org\/2020\/wp-json\/wp\/v2\/comments?post=1453"}],"version-history":[{"count":1,"href":"https:\/\/orthodoxalbania.org\/2020\/wp-json\/wp\/v2\/posts\/1453\/revisions"}],"predecessor-version":[{"id":17438,"href":"https:\/\/orthodoxalbania.org\/2020\/wp-json\/wp\/v2\/posts\/1453\/revisions\/17438"}],"wp:featuredmedia":[{"embeddable":true,"href":"https:\/\/orthodoxalbania.org\/2020\/wp-json\/wp\/v2\/media\/1454"}],"wp:attachment":[{"href":"https:\/\/orthodoxalbania.org\/2020\/wp-json\/wp\/v2\/media?parent=1453"}],"wp:term":[{"taxonomy":"category","embeddable":true,"href":"https:\/\/orthodoxalbania.org\/2020\/wp-json\/wp\/v2\/categories?post=1453"},{"taxonomy":"post_tag","embeddable":true,"href":"https:\/\/orthodoxalbania.org\/2020\/wp-json\/wp\/v2\/tags?post=1453"}],"curies":[{"name":"wp","href":"https:\/\/api.w.org\/{rel}","templated":true}]}}